{"id":250083,"date":"2025-07-09T07:20:26","date_gmt":"2025-07-09T04:20:26","guid":{"rendered":"https:\/\/vof-news.eu\/las-consecuencias-de-la-deportacion-de-millones-de-inmigrantes-de-vox-vidas-partidas-y-dano-al-crecimiento-economico-y-a-las-pensiones\/"},"modified":"2025-07-09T07:20:53","modified_gmt":"2025-07-09T04:20:53","slug":"las-consecuencias-de-la-deportacion-de-millones-de-inmigrantes-de-vox-vidas-partidas-y-dano-al-crecimiento-economico-y-a-las-pensiones","status":"publish","type":"post","link":"https:\/\/vof-news.eu\/es\/las-consecuencias-de-la-deportacion-de-millones-de-inmigrantes-de-vox-vidas-partidas-y-dano-al-crecimiento-economico-y-a-las-pensiones\/","title":{"rendered":"Las consecuencias de la deportaci\u00f3n de millones de inmigrantes de Vox: vidas partidas y da\u00f1o al crecimiento econ\u00f3mico y a las pensiones"},"content":{"rendered":"<div>\n<p>\n        La migraci\u00f3n, el intercambio y la acogida de personas de distintos territorios son tres factores que sustentan el progreso de las sociedades a lo largo de la Historia. La reacci\u00f3n conservadora a esta realidad ha sido tambi\u00e9n una constante siglo tras siglo, incluso en situaciones en las que los desplazamientos se han debido o se deben a la huida de guerras, de la pobreza extrema o de desastres naturales. Un rechazo del que ning\u00fan estado moderno puede considerarse inmune, y que el partido ultra <a href=\"https:\/\/www.eldiario.es\/politica\/vox-justifica-plan-expulsar-millones-migrantes-queremos-seguir-espana_1_12447338.html\" rel=\"nofollow\">Vox est\u00e1 agitando ahora con el \u201cqueremos seguir siendo Espa\u00f1a\u201d<\/a> para justificar la petici\u00f3n de expulsi\u00f3n de extranjeros que viven y trabajan en nuestro pa\u00eds, a pesar de las evidencias de que el incremento de la llegada de inmigrantes de los \u00faltimos a\u00f1os tiene un efecto positivo y diferencial en el crecimiento econ\u00f3mico, en las pensiones y en el mercado de trabajo.\n    <\/p>\n<p>\n        Este martes, en el Congreso de los Diputados, la portavoz de Vox, Pepa Mill\u00e1n, exigi\u00f3 <a href=\"https:\/\/www.eldiario.es\/politica\/vox-justifica-plan-expulsar-millones-migrantes-queremos-seguir-espana_1_12447338.html\" rel=\"nofollow\">la \u201cinmediata expulsi\u00f3n de los migrantes ilegales en Espa\u00f1a\u201d<\/a>, as\u00ed como de los migrantes legales \u201cque hayan hecho del delito su forma de vida\u201d o que hayan demostrado lo que consideran sin m\u00e1s detalles \u201cuna incapacidad manifiesta de integraci\u00f3n\u201d. La amenaza de romper las vidas de quienes luchan cada d\u00eda por una vida pr\u00f3spera o por un futuro mejor choca adem\u00e1s con los argumentos que vienen dando todas las instituciones nacionales e internacionales, p\u00fablicas y privadas, cuando analizan la evoluci\u00f3n de nuestro pa\u00eds desde el shock de la pandemia.\n    <\/p>\n<p>\n        \u201cUno de los efectos positivos que han tenido los flujos migratorios [en Espa\u00f1a] es que aportan trabajadores con tasas de actividad muy altas, claramente por encima de otros pa\u00edses de nuestro entorno\u201d, destac\u00f3 hace apenas unos d\u00edas Jos\u00e9 Luis Escriv\u00e1, gobernador del Banco de Espa\u00f1a, en una conferencia titulada <a href=\"https:\/\/www.bde.es\/wbe\/es\/noticias-eventos\/actualidad-banco-espana\/gobernador-2025-conference-on-the-spanish-economy-el-papel-de-la-politica-migratoria-e-industrial-ante-los-retos-de-la-economia-espanola.html\" rel=\"nofollow\">&#8216;El papel de la pol\u00edtica migratoria e industrial ante los retos de la econom\u00eda espa\u00f1ola&#8217;<\/a>. Esa tasa de actividad \u2014es decir, los trabajadores extranjeros que tienen un empleo o que lo est\u00e1n buscando\u2014 alcanz\u00f3 el 78% en 2024 en nuestro pa\u00eds, frente al 74,4% de Alemania, al 70,7% de Francia o al 71,1% de Italia, seg\u00fan los datos de Eurostat recogidos por Jos\u00e9 Luis Escriv\u00e1.\n    <\/p>\n<p>\n        En Estados como el nuestro, \u201cque tienen una natalidad tan baja, en ausencia de este fen\u00f3meno migratorio tendr\u00edamos un problema muy agudo de envejecimiento de la poblaci\u00f3n\u201d, incidi\u00f3 el gobernador del regulador financiero.\n    <\/p>\n<p>\n        Las cifras y los estudios confrontan con contundencia con los bulos que pretenden asociar inmigraci\u00f3n y delincuencia. Por ejemplo, el centro de an\u00e1lisis Funcas (la fundaci\u00f3n de las cajas de ahorro) escogi\u00f3 <a href=\"https:\/\/www.funcas.es\/prensa\/la-inmigracion-aporta-el-84-del-crecimiento-de-la-poblacion-espanola-dato-del-ano-para-funcas\/\" rel=\"nofollow\">a finales de 2024<\/a> que \u201cla inmigraci\u00f3n aport\u00f3 el 84% del crecimiento de la poblaci\u00f3n espa\u00f1ola\u201d desde 2022 como \u201cel dato del a\u00f1o\u201d. Nuestro pa\u00eds roza los 50 millones de habitantes, con un aumento de 1,5 millones en los dos \u00faltimos a\u00f1os, de los que apenas 300.000 son nacionales, y 1,2 millones extranjeros, entre los que una mayor\u00eda se han incorporado al mercado laboral contribuyendo \u201ca ampliar la oferta [de trabajadores], aliviar la escasez de mano de obra e impulsar el crecimiento econ\u00f3mico\u201d, seg\u00fan recoge otro informe del Banco Central Europeo (BCE), <a href=\"https:\/\/www.ecb.europa.eu\/press\/blog\/date\/2025\/html\/ecb.blog20250508~897078ce87.en.html\" rel=\"nofollow\">dado a conocer en mayo<\/a>.\n    <\/p>\n<p>\n        Este estudio de la instituci\u00f3n monetaria descompone el avance del PIB (Producto Interior Bruto, la forma de medir la actividad) de una manera novedosa [como se puede observar en el gr\u00e1fico] que le permite afirmar que \u201cla contribuci\u00f3n de los inmigrantes al crecimiento del PIB es especialmente importante en Espa\u00f1a\u201d. La nuestra es la gran econom\u00eda de la zona del euro que m\u00e1s ha avanzado desde 2019 \u2014un 7,5% en total, tras superar el shock de la pandemia y pese a los golpes del volc\u00e1n de la Palma, la invasi\u00f3n rusa de Ucrania o la DANA\u2014 y donde el mercado laboral est\u00e1 estableciendo un r\u00e9cord tras otro de personas afiliadas a la Seguridad Social.\n    <\/p>\n<p>\n        A finales del mes pasado, <a href=\"https:\/\/www.eldiario.es\/economia\/guindos-bce-vivienda-cuello-botella-economia-espanola_1_12410253.html\" rel=\"nofollow\">en otra conferencia<\/a>, el vicepresidente del mismo BCE, Luis de Guindos, admiti\u00f3 que \u201cel modelo de avance del PIB de Espa\u00f1a tiene unos l\u00edmites\u201d. Pero el principal \u201ccuello de botella\u201d no es \u201cla importante creaci\u00f3n de hogares, sobre todo de inmigrantes\u201d, sino que tengan \u201c<a href=\"https:\/\/www.eldiario.es\/economia\/millon-medio-hogares-ahogados-alquiler-mapa-dice-vivir-calle-calle_1_12182949.html\" rel=\"nofollow\">problemas para acceder a una vivienda<\/a>\u201d, seg\u00fan el ex ministro de Econom\u00eda en los gobiernos del PP de Mariano Rajoy.\n    <\/p>\n<p>\n        Este aumento de la llegada de personas de otros territorios \u201cha sostenido el crecimiento de la econom\u00eda y la creaci\u00f3n de empleo, en especial en los sectores m\u00e1s afectados por la escasez de mano de obra [construcci\u00f3n y hosteler\u00eda]\u201d, coincide el equipo de expertos de Funcas.\n    <\/p>\n<p>\n        \u201cEspa\u00f1a est\u00e1 actualmente inmersa en una expansi\u00f3n econ\u00f3mica y demogr\u00e1fica de caracter\u00edsticas parecidas a la que hab\u00eda experimentado a principios del siglo. Ahora, igual que entonces, el crecimiento econ\u00f3mico est\u00e1 siendo empujado por una mayor demanda de mano de obra, antes que una mayor productividad [medida como la relaci\u00f3n entre PIB y empleo]. Igual ahora que entonces, esta expansi\u00f3n del mercado laboral ser\u00eda inviable sin la incorporaci\u00f3n de un elevado volumen de mano de obra inmigrante\u201d, concluye otro estudio de marzo de este 2025 del centro de an\u00e1lisis Fedea.\n    <\/p>\n<p>\n        El gobernador del Banco de Espa\u00f1a remarc\u00f3 una diferencia entre el actual ciclo de crecimiento econ\u00f3mico y de creaci\u00f3n de puestos de trabajo y el previo al estallido de la burbuja inmobiliaria. Con datos de 2022, de nuevo de Eurostat, un 70% de los extranjeros \u201creci\u00e9n llegados [a nuestro pa\u00eds] en edad de trabajar\u201d ten\u00eda un nivel educativo \u201cmedio y alto\u201d, frente al 55% de 2008. Adem\u00e1s, en promedio para Alemania, Francia e Italia esta misma ratio se queda actualmente en el 61%.\n    <\/p>\n<h2><strong>Adi\u00f3s a gran parte del personal de hosteler\u00eda, construcci\u00f3n y agricultura <\/strong><\/h2>\n<p>\n        La Espa\u00f1a de Vox, sin 7 u 8 millones de personas migrantes que hoy viven en nuestras ciudades y pueblos, ser\u00eda un duro golpe para algunos sectores econ\u00f3micos que se sustentan en una gran proporci\u00f3n de trabajadores de origen extranjero. Con datos de afiliaci\u00f3n a la Seguridad Social del cierre del a\u00f1o pasado, el sector que m\u00e1s personas extranjeras emplea es la hosteler\u00eda, con casi medio mill\u00f3n de trabajadores, que suponen el 27% de su fuerza laboral. Es decir, una de cada cuatro personas trabajadoras.\n    <\/p>\n<p>\n        Le sigue la construcci\u00f3n, con un 20% de su personal que viene del extranjero. Este sector es uno de los que m\u00e1s advirtiendo de la falta de mano de obra, con vacantes que las empresas aseguran que tienen dificultades para cubrir y para lo que los empresarios han pedido en reiteradas ocasiones facilitar la formaci\u00f3n y la llegada de personas extranjeras. Si se atiende a los \u00faltimos datos de la Encuesta de Poblaci\u00f3n Activa (EPA) del INE, que tambi\u00e9n incluye a las personas en situaci\u00f3n irregular trabajando \u2013y no solo a las que est\u00e1n dadas de en la Seguridad Social\u2013, la proporci\u00f3n de trabajadores extranjeros en la construcci\u00f3n es incluso mayor, de casi el 25%.\n    <\/p>\n<p>\n        En la agricultura, los trabajadores extranjeros alcanzan el 25.5%, seg\u00fan la EPA. M\u00e1s de uno de cada cuatro. Un sector en el que hay muchos casos de trabajo informal, de personas migrantes sin papeles, como <a href=\"https:\/\/www.eldiario.es\/economia\/dijo-iba-servicio-encontraron-muerto-suelo-investigan-tres-fallecimientos-trabajadores-calor_1_12414418.html\" rel=\"nofollow\">el temporero procedente de Pakist\u00e1n que falleci\u00f3 hace unas semanas en Fraga (Huesca)<\/a>. El experimento de deportaci\u00f3n masiva que propone Vox tiene un antecedente en directo en EEUU, donde el miedo a las expulsiones est\u00e1 vaciando los campos de cultivo de algunas zonas fronterizas del pa\u00eds, como <a href=\"https:\/\/www.nytimes.com\/2025\/06\/27\/us\/politics\/border-immigration-farms.html\" rel=\"nofollow\">recoge este reportaje de The New York Times<\/a>, ante el temor de los trabajadores a ser capturados por las autoridades.\n    <\/p>\n<p>\n        Frente a las expulsiones de Vox, multitud de voces, no solo de movimientos de migrantes, sino tambi\u00e9n sindical, del mundo empresarial y de organizaciones como C\u00e1ritas, <a href=\"https:\/\/www.eldiario.es\/economia\/regularizacion-extraordinaria-migrantes-aumentaria-recaudacion-fiscal-dara-oxigeno-pensiones_1_11651964.html\" rel=\"nofollow\">defienden una regularizaci\u00f3n masiva de migrantes<\/a>, como la que hubo a mediados de los 2000, para mejorar los derechos de miles de personas que ya est\u00e1n en nuestro pa\u00eds, gran parte de ellas trabajando en la informalidad para poder vivir, abocadas a peores condiciones laborales y en ocasiones a la explotaci\u00f3n. En <a href=\"https:\/\/bit.ly\/3BueF1N\" rel=\"nofollow\">un an\u00e1lisis publicado por el centro de estudios Fedea<\/a>, la investigadora Raquel Carrasco, de la Universidad Complutense de Madrid, recuerda varios hechos que desmienten los bulos y miedos que se suelen azuzar a prop\u00f3sito de la inclusi\u00f3n laboral de las personas migrantes. Por ejemplo, que \u201cla inmigraci\u00f3n no afecta significativamente las oportunidades de empleo y salarios de los trabajadores nativos en Espa\u00f1a. Estos resultados est\u00e1n en l\u00ednea con los obtenidos para otros pa\u00edses europeos\u201d.\n    <\/p>\n<h2><strong>Sin trabajadores para las pensiones de los &#8216;baby boomers&#8217;<\/strong><\/h2>\n<p>\n        La poblaci\u00f3n inmigrante tambi\u00e9n se ha situado como un colectivo fundamental para garantizar el futuro inmediato de las pensiones. El principal problema que atraviesa el sistema, desde la actualidad a las pr\u00f3ximas d\u00e9cadas, es afrontar el reto de la jubilaci\u00f3n de la generaci\u00f3n del &#8216;baby boom&#8217;. Como su nombre indica, fue una generaci\u00f3n muy numerosa que, en cambio, ha ido seguida de otras que lo fueron mucho menos, lo que enfrenta al sistema a un desequilibrio temporal entre el n\u00famero de pensionistas y el de los trabajadores en activo, que son los que pagan sus pensiones. En este contexto, la llegada de migrantes, su inmensa mayor\u00eda en edad de trabajar, se convierte en un sost\u00e9n fundamental para las pensiones p\u00fablicas y las finanzas p\u00fablicas, destaca la AIReF.\n    <\/p>\n<p>\n        \u201cLa migraci\u00f3n es el fen\u00f3meno demogr\u00e1fico que afecta de forma m\u00e1s r\u00e1pida y directa a la poblaci\u00f3n en edad de trabajar, que es un elemento clave en la evoluci\u00f3n del PIB\u201d, recuerda la Autoridad Fiscal en su <a href=\"https:\/\/www.airef.es\/es\/centro-documental\/opiniones\/segunda-opinion-sobre-la-sostenibilidad-de-las-administraciones-publicas-a-largo-plazo\/\" rel=\"nofollow\">\u00faltima Opini\u00f3n sobre la sostenibilidad de las administraciones p\u00fablicas a largo plazo<\/a>. Es decir, las medidas de impulso de la natalidad, dentro de los postulados de partidos como Vox (aunque por otros motivos), son mucho m\u00e1s lentas y ya llegan tarde para los primeros a\u00f1os de tensi\u00f3n por las jubilaciones de los &#8216;baby boomers&#8217;.\n    <\/p>\n<p>\n        Por tanto, que no llegue poblaci\u00f3n inmigrante \u2013no ya reducirla como propone ahora Vox\u2013 es un problema importante para las pensiones p\u00fablicas de nuestros mayores en las pr\u00f3ximas d\u00e9cadas. \u201cLos flujos migratorios m\u00e1s reducidos implican un aumento del gasto en pensiones en 2050 de una d\u00e9cima de PIB comparado con el escenario base, mientras que flujos migratorios m\u00e1s elevados reducen el gasto en la misma cuant\u00eda\u201d, destaca en su informe la AIReF.\n    <\/p>\n<p>\n        Los inmigrantes que lleguen a Espa\u00f1a luego generan derecho a una pensi\u00f3n fruto de su vida de trabajo, pero lo har\u00e1n \u201cuna vez que el proceso de envejecimiento de la poblaci\u00f3n nativa se ha estabilizado y, por lo tanto, la presi\u00f3n de incremento de los gastos asociados al envejecimiento se habr\u00e1 reducido\u201d, indica la instituci\u00f3n que lidera Cristina Herrero.\n    <\/p>\n<p>\n        El organismo advierte de que \u201cel impacto de los cambios en los flujos migratorios, al igual que en el caso de las variables macroecon\u00f3micas, no se limita al gasto en pensiones, sino que tambi\u00e9n afecta a otros gastos e ingresos, y a trav\u00e9s de ellos, al d\u00e9ficit y a la deuda acumulada\u201d, con la previsi\u00f3n de aumento de d\u00e9ficit y deuda en caso de una menor llegada de poblaci\u00f3n extranjera a nuestro pa\u00eds. La deuda y el d\u00e9ficit son conceptos que reivindica continuamente la ultraderecha para criticar al Gobierno y la inversi\u00f3n en ciertas partidas de gasto social, pero en este caso, ignoran el efecto adverso que supondr\u00eda su propia propuesta.\n    <\/p>\n<p>\n<a href=\"https:\/\/iseak.eu\/publicacion\/de-donde-proviene-el-sentimiento-antiinmigracion-en-espana-evidencia-de-una-encuesta-a-gran-escala\" rel=\"nofollow\">Un estudio de la Fundaci\u00f3n ISEAK del a\u00f1o pasado<\/a> advirti\u00f3 del peligro de la desinformaci\u00f3n y de los sesgos sobre la inmigraci\u00f3n. La investigaci\u00f3n reflej\u00f3 c\u00f3mo la poblaci\u00f3n espa\u00f1ola tiende a sobreestimar las cifras de inmigraci\u00f3n y los efectos negativos que cree asociados a esta sobre el mercado laboral y el Estado del bienestar, entre otras cuestiones. Por ejemplo, la poblaci\u00f3n nativa piensa que la poblaci\u00f3n inmigrante alcanza el 27,8% de la poblaci\u00f3n total, lo que dista bastante del dato real: un 16%. Entre los espa\u00f1oles, destacan los ciudadanos con ideolog\u00eda de derecha como los que m\u00e1s sobreestiman, err\u00f3neamente, datos como el paro entre los inmigrantes (41% percibido con respecto al dato real de 16%) y \u201cla incorrecta percepci\u00f3n de la proporci\u00f3n de personas inmigrantes que reciben ayudas sociales \u2014perciben que esta alcanza el 55% mientras que solo es del 11%\u201d, destaca el estudio de Odra Quesada, David Martinez de Lafuente y la catedr\u00e1tica Sara de la Rica.\n    <\/p>\n<h2><strong>Mejorar la integraci\u00f3n <\/strong><\/h2>\n<p>\n        Frente a las peticiones de expulsi\u00f3n, en su conferencia, el gobernador del Banco de Espa\u00f1a, Jos\u00e9 Luis Escriv\u00e1, propuso \u201cevaluar las pol\u00edticas recientes e impulsar una gobernanza adecuada para mejorar la integraci\u00f3n y emparejamiento laboral de los migrantes\u201d. Entre las pol\u00edticas a evaluar, se\u00f1al\u00f3 dos incluidas en el nuevo reglamento de extranjer\u00eda, como la \u201creducci\u00f3n del plazo para solicitar la residencia en Espa\u00f1a\u201d, y \u201cla ampliaci\u00f3n del tiempo que pueden trabajar los estudiantes extranjeros\u201d.\n    <\/p>\n<p>\n        Por otra parte, advierte de que est\u00e1 pendiente \u201creducir tiempos de espera para la adquisici\u00f3n de la nacionalidad\u201d, y defendi\u00f3 que hay que \u201cfomentar una estrategia migratoria adaptada a nuevas formas de trabajo\u201d, con la colaboraci\u00f3n de las distintas Administraciones P\u00fablicas.\n    <\/p>\n<\/div>\n","protected":false},"excerpt":{"rendered":"<p>La migraci\u00f3n, el intercambio y la acogida de personas de distintos territorios son tres factores que sustentan el progreso de las sociedades a lo largo de la Historia. La reacci\u00f3n conservadora a esta realidad ha sido tambi\u00e9n una constante siglo tras siglo, incluso en situaciones en las que los desplazamientos se han debido o se<\/p>\n","protected":false},"author":1,"featured_media":250084,"comment_status":"open","ping_status":"open","sticky":false,"template":"","format":"standard","meta":{"footnotes":""},"categories":[61],"tags":[],"class_list":["post-250083","post","type-post","status-publish","format-standard","has-post-thumbnail","hentry","category-business-es"],"acf":[],"yoast_head":"<!-- This site is optimized with the Yoast SEO plugin v22.9 - https:\/\/yoast.com\/wordpress\/plugins\/seo\/ -->\n<title>Las consecuencias de la deportaci\u00f3n de millones de inmigrantes de Vox: vidas partidas y da\u00f1o al crecimiento econ\u00f3mico y a las pensiones - vof-news.eu<\/title>\n<meta name=\"description\" content=\"La migraci\u00f3n, el intercambio y la acogida de personas de distintos territorios son tres factores que sustentan el progreso de las sociedades a lo largo de la Historia. La reacci\u00f3n conservadora a esta realidad ha sido tambi\u00e9n una constante siglo tras siglo, incluso en situaciones en las que los desplazamientos se han debido o se deben a la huida de guerras, de la pobreza extrema o de desastres naturales. Un rechazo del que ning\u00fan estado moderno puede considerarse inmune, y que el partido ultra Vox est\u00e1 agitando ahora con el \u201cqueremos seguir siendo Espa\u00f1a\u201d para justificar la petici\u00f3n de expulsi\u00f3n de extranjeros que viven y trabajan en nuestro pa\u00eds, a pesar de las evidencias de que el incremento de la llegada de inmigrantes de los \u00faltimos a\u00f1os tiene un efecto positivo y diferencial en el crecimiento econ\u00f3mico, en las pensiones y en el mercado de trabajo.\" \/>\n<meta name=\"robots\" content=\"noindex, follow, max-snippet:-1, max-image-preview:large, max-video-preview:-1\" \/>\n<meta property=\"og:locale\" content=\"es_ES\" \/>\n<meta property=\"og:type\" content=\"article\" \/>\n<meta property=\"og:title\" content=\"Las consecuencias de la deportaci\u00f3n de millones de inmigrantes de Vox: vidas partidas y da\u00f1o al crecimiento econ\u00f3mico y a las pensiones - vof-news.eu\" \/>\n<meta property=\"og:description\" content=\"La migraci\u00f3n, el intercambio y la acogida de personas de distintos territorios son tres factores que sustentan el progreso de las sociedades a lo largo de la Historia. La reacci\u00f3n conservadora a esta realidad ha sido tambi\u00e9n una constante siglo tras siglo, incluso en situaciones en las que los desplazamientos se han debido o se deben a la huida de guerras, de la pobreza extrema o de desastres naturales. Un rechazo del que ning\u00fan estado moderno puede considerarse inmune, y que el partido ultra Vox est\u00e1 agitando ahora con el \u201cqueremos seguir siendo Espa\u00f1a\u201d para justificar la petici\u00f3n de expulsi\u00f3n de extranjeros que viven y trabajan en nuestro pa\u00eds, a pesar de las evidencias de que el incremento de la llegada de inmigrantes de los \u00faltimos a\u00f1os tiene un efecto positivo y diferencial en el crecimiento econ\u00f3mico, en las pensiones y en el mercado de trabajo.\" \/>\n<meta property=\"og:url\" content=\"https:\/\/vof-news.eu\/es\/las-consecuencias-de-la-deportacion-de-millones-de-inmigrantes-de-vox-vidas-partidas-y-dano-al-crecimiento-economico-y-a-las-pensiones\/\" \/>\n<meta property=\"og:site_name\" content=\"vof-news.eu\" \/>\n<meta property=\"article:published_time\" content=\"2025-07-09T04:20:26+00:00\" \/>\n<meta property=\"article:modified_time\" content=\"2025-07-09T04:20:53+00:00\" \/>\n<meta property=\"og:image\" content=\"https:\/\/vof-news.eu\/wp-content\/uploads\/2025\/07\/f58e5611-7746-4a49-99ba-83ed9f6ad3e4_16-9-discover-aspect-ratio_default_0.jpg\" \/>\n\t<meta property=\"og:image:width\" content=\"1200\" \/>\n\t<meta property=\"og:image:height\" content=\"675\" \/>\n\t<meta property=\"og:image:type\" content=\"image\/jpeg\" \/>\n<meta name=\"author\" content=\"Author\" \/>\n<meta name=\"twitter:card\" content=\"summary_large_image\" \/>\n<meta name=\"twitter:label1\" content=\"Escrito por\" \/>\n\t<meta name=\"twitter:data1\" content=\"Author\" \/>\n\t<meta name=\"twitter:label2\" content=\"Tiempo de lectura\" \/>\n\t<meta name=\"twitter:data2\" content=\"12 minutos\" \/>\n<script type=\"application\/ld+json\" class=\"yoast-schema-graph\">{\"@context\":\"https:\/\/schema.org\",\"@graph\":[{\"@type\":\"WebPage\",\"@id\":\"https:\/\/vof-news.eu\/es\/las-consecuencias-de-la-deportacion-de-millones-de-inmigrantes-de-vox-vidas-partidas-y-dano-al-crecimiento-economico-y-a-las-pensiones\/\",\"url\":\"https:\/\/vof-news.eu\/es\/las-consecuencias-de-la-deportacion-de-millones-de-inmigrantes-de-vox-vidas-partidas-y-dano-al-crecimiento-economico-y-a-las-pensiones\/\",\"name\":\"Las consecuencias de la deportaci\u00f3n de millones de inmigrantes de Vox: vidas partidas y da\u00f1o al crecimiento econ\u00f3mico y a las pensiones - vof-news.eu\",\"isPartOf\":{\"@id\":\"https:\/\/vof-news.eu\/es\/#website\"},\"primaryImageOfPage\":{\"@id\":\"https:\/\/vof-news.eu\/es\/las-consecuencias-de-la-deportacion-de-millones-de-inmigrantes-de-vox-vidas-partidas-y-dano-al-crecimiento-economico-y-a-las-pensiones\/#primaryimage\"},\"image\":{\"@id\":\"https:\/\/vof-news.eu\/es\/las-consecuencias-de-la-deportacion-de-millones-de-inmigrantes-de-vox-vidas-partidas-y-dano-al-crecimiento-economico-y-a-las-pensiones\/#primaryimage\"},\"thumbnailUrl\":\"https:\/\/vof-news.eu\/wp-content\/uploads\/2025\/07\/f58e5611-7746-4a49-99ba-83ed9f6ad3e4_16-9-discover-aspect-ratio_default_0.jpg\",\"datePublished\":\"2025-07-09T04:20:26+00:00\",\"dateModified\":\"2025-07-09T04:20:53+00:00\",\"author\":{\"@id\":\"https:\/\/vof-news.eu\/es\/#\/schema\/person\/f6a2a4309f0561835797fd8c19b333ed\"},\"description\":\"La migraci\u00f3n, el intercambio y la acogida de personas de distintos territorios son tres factores que sustentan el progreso de las sociedades a lo largo de la Historia. La reacci\u00f3n conservadora a esta realidad ha sido tambi\u00e9n una constante siglo tras siglo, incluso en situaciones en las que los desplazamientos se han debido o se deben a la huida de guerras, de la pobreza extrema o de desastres naturales. Un rechazo del que ning\u00fan estado moderno puede considerarse inmune, y que el partido ultra Vox est\u00e1 agitando ahora con el \u201cqueremos seguir siendo Espa\u00f1a\u201d para justificar la petici\u00f3n de expulsi\u00f3n de extranjeros que viven y trabajan en nuestro pa\u00eds, a pesar de las evidencias de que el incremento de la llegada de inmigrantes de los \u00faltimos a\u00f1os tiene un efecto positivo y diferencial en el crecimiento econ\u00f3mico, en las pensiones y en el mercado de trabajo.\",\"breadcrumb\":{\"@id\":\"https:\/\/vof-news.eu\/es\/las-consecuencias-de-la-deportacion-de-millones-de-inmigrantes-de-vox-vidas-partidas-y-dano-al-crecimiento-economico-y-a-las-pensiones\/#breadcrumb\"},\"inLanguage\":\"es\",\"potentialAction\":[{\"@type\":\"ReadAction\",\"target\":[\"https:\/\/vof-news.eu\/es\/las-consecuencias-de-la-deportacion-de-millones-de-inmigrantes-de-vox-vidas-partidas-y-dano-al-crecimiento-economico-y-a-las-pensiones\/\"]}]},{\"@type\":\"ImageObject\",\"inLanguage\":\"es\",\"@id\":\"https:\/\/vof-news.eu\/es\/las-consecuencias-de-la-deportacion-de-millones-de-inmigrantes-de-vox-vidas-partidas-y-dano-al-crecimiento-economico-y-a-las-pensiones\/#primaryimage\",\"url\":\"https:\/\/vof-news.eu\/wp-content\/uploads\/2025\/07\/f58e5611-7746-4a49-99ba-83ed9f6ad3e4_16-9-discover-aspect-ratio_default_0.jpg\",\"contentUrl\":\"https:\/\/vof-news.eu\/wp-content\/uploads\/2025\/07\/f58e5611-7746-4a49-99ba-83ed9f6ad3e4_16-9-discover-aspect-ratio_default_0.jpg\",\"width\":1200,\"height\":675},{\"@type\":\"BreadcrumbList\",\"@id\":\"https:\/\/vof-news.eu\/es\/las-consecuencias-de-la-deportacion-de-millones-de-inmigrantes-de-vox-vidas-partidas-y-dano-al-crecimiento-economico-y-a-las-pensiones\/#breadcrumb\",\"itemListElement\":[{\"@type\":\"ListItem\",\"position\":1,\"name\":\"Home\",\"item\":\"https:\/\/vof-news.eu\/es\/\"},{\"@type\":\"ListItem\",\"position\":2,\"name\":\"Las consecuencias de la deportaci\u00f3n de millones de inmigrantes de Vox: vidas partidas y da\u00f1o al crecimiento econ\u00f3mico y a las pensiones\"}]},{\"@type\":\"WebSite\",\"@id\":\"https:\/\/vof-news.eu\/es\/#website\",\"url\":\"https:\/\/vof-news.eu\/es\/\",\"name\":\"vof-news.eu\",\"description\":\"\",\"potentialAction\":[{\"@type\":\"SearchAction\",\"target\":{\"@type\":\"EntryPoint\",\"urlTemplate\":\"https:\/\/vof-news.eu\/es\/?s={search_term_string}\"},\"query-input\":\"required name=search_term_string\"}],\"inLanguage\":\"es\"},{\"@type\":\"Person\",\"@id\":\"https:\/\/vof-news.eu\/es\/#\/schema\/person\/f6a2a4309f0561835797fd8c19b333ed\",\"name\":\"Author\",\"image\":{\"@type\":\"ImageObject\",\"inLanguage\":\"es\",\"@id\":\"https:\/\/vof-news.eu\/es\/#\/schema\/person\/image\/\",\"url\":\"https:\/\/secure.gravatar.com\/avatar\/b67e614b1b25b3e9c0c239efdd2fde5ab015b5affd6f1c3c85911ca4b384e790?s=96&d=mm&r=g\",\"contentUrl\":\"https:\/\/secure.gravatar.com\/avatar\/b67e614b1b25b3e9c0c239efdd2fde5ab015b5affd6f1c3c85911ca4b384e790?s=96&d=mm&r=g\",\"caption\":\"Author\"},\"sameAs\":[\"http:\/\/vof-news.eu\"],\"url\":\"https:\/\/vof-news.eu\/es\/author\/zwt6qxnjulxbnyg\/\"}]}<\/script>\n<!-- \/ Yoast SEO plugin. -->","yoast_head_json":{"title":"Las consecuencias de la deportaci\u00f3n de millones de inmigrantes de Vox: vidas partidas y da\u00f1o al crecimiento econ\u00f3mico y a las pensiones - vof-news.eu","description":"La migraci\u00f3n, el intercambio y la acogida de personas de distintos territorios son tres factores que sustentan el progreso de las sociedades a lo largo de la Historia. La reacci\u00f3n conservadora a esta realidad ha sido tambi\u00e9n una constante siglo tras siglo, incluso en situaciones en las que los desplazamientos se han debido o se deben a la huida de guerras, de la pobreza extrema o de desastres naturales. Un rechazo del que ning\u00fan estado moderno puede considerarse inmune, y que el partido ultra Vox est\u00e1 agitando ahora con el \u201cqueremos seguir siendo Espa\u00f1a\u201d para justificar la petici\u00f3n de expulsi\u00f3n de extranjeros que viven y trabajan en nuestro pa\u00eds, a pesar de las evidencias de que el incremento de la llegada de inmigrantes de los \u00faltimos a\u00f1os tiene un efecto positivo y diferencial en el crecimiento econ\u00f3mico, en las pensiones y en el mercado de trabajo.","robots":{"index":"noindex","follow":"follow","max-snippet":"max-snippet:-1","max-image-preview":"max-image-preview:large","max-video-preview":"max-video-preview:-1"},"og_locale":"es_ES","og_type":"article","og_title":"Las consecuencias de la deportaci\u00f3n de millones de inmigrantes de Vox: vidas partidas y da\u00f1o al crecimiento econ\u00f3mico y a las pensiones - vof-news.eu","og_description":"La migraci\u00f3n, el intercambio y la acogida de personas de distintos territorios son tres factores que sustentan el progreso de las sociedades a lo largo de la Historia. La reacci\u00f3n conservadora a esta realidad ha sido tambi\u00e9n una constante siglo tras siglo, incluso en situaciones en las que los desplazamientos se han debido o se deben a la huida de guerras, de la pobreza extrema o de desastres naturales. Un rechazo del que ning\u00fan estado moderno puede considerarse inmune, y que el partido ultra Vox est\u00e1 agitando ahora con el \u201cqueremos seguir siendo Espa\u00f1a\u201d para justificar la petici\u00f3n de expulsi\u00f3n de extranjeros que viven y trabajan en nuestro pa\u00eds, a pesar de las evidencias de que el incremento de la llegada de inmigrantes de los \u00faltimos a\u00f1os tiene un efecto positivo y diferencial en el crecimiento econ\u00f3mico, en las pensiones y en el mercado de trabajo.","og_url":"https:\/\/vof-news.eu\/es\/las-consecuencias-de-la-deportacion-de-millones-de-inmigrantes-de-vox-vidas-partidas-y-dano-al-crecimiento-economico-y-a-las-pensiones\/","og_site_name":"vof-news.eu","article_published_time":"2025-07-09T04:20:26+00:00","article_modified_time":"2025-07-09T04:20:53+00:00","og_image":[{"width":1200,"height":675,"url":"https:\/\/vof-news.eu\/wp-content\/uploads\/2025\/07\/f58e5611-7746-4a49-99ba-83ed9f6ad3e4_16-9-discover-aspect-ratio_default_0.jpg","type":"image\/jpeg"}],"author":"Author","twitter_card":"summary_large_image","twitter_misc":{"Escrito por":"Author","Tiempo de lectura":"12 minutos"},"schema":{"@context":"https:\/\/schema.org","@graph":[{"@type":"WebPage","@id":"https:\/\/vof-news.eu\/es\/las-consecuencias-de-la-deportacion-de-millones-de-inmigrantes-de-vox-vidas-partidas-y-dano-al-crecimiento-economico-y-a-las-pensiones\/","url":"https:\/\/vof-news.eu\/es\/las-consecuencias-de-la-deportacion-de-millones-de-inmigrantes-de-vox-vidas-partidas-y-dano-al-crecimiento-economico-y-a-las-pensiones\/","name":"Las consecuencias de la deportaci\u00f3n de millones de inmigrantes de Vox: vidas partidas y da\u00f1o al crecimiento econ\u00f3mico y a las pensiones - vof-news.eu","isPartOf":{"@id":"https:\/\/vof-news.eu\/es\/#website"},"primaryImageOfPage":{"@id":"https:\/\/vof-news.eu\/es\/las-consecuencias-de-la-deportacion-de-millones-de-inmigrantes-de-vox-vidas-partidas-y-dano-al-crecimiento-economico-y-a-las-pensiones\/#primaryimage"},"image":{"@id":"https:\/\/vof-news.eu\/es\/las-consecuencias-de-la-deportacion-de-millones-de-inmigrantes-de-vox-vidas-partidas-y-dano-al-crecimiento-economico-y-a-las-pensiones\/#primaryimage"},"thumbnailUrl":"https:\/\/vof-news.eu\/wp-content\/uploads\/2025\/07\/f58e5611-7746-4a49-99ba-83ed9f6ad3e4_16-9-discover-aspect-ratio_default_0.jpg","datePublished":"2025-07-09T04:20:26+00:00","dateModified":"2025-07-09T04:20:53+00:00","author":{"@id":"https:\/\/vof-news.eu\/es\/#\/schema\/person\/f6a2a4309f0561835797fd8c19b333ed"},"description":"La migraci\u00f3n, el intercambio y la acogida de personas de distintos territorios son tres factores que sustentan el progreso de las sociedades a lo largo de la Historia. La reacci\u00f3n conservadora a esta realidad ha sido tambi\u00e9n una constante siglo tras siglo, incluso en situaciones en las que los desplazamientos se han debido o se deben a la huida de guerras, de la pobreza extrema o de desastres naturales. Un rechazo del que ning\u00fan estado moderno puede considerarse inmune, y que el partido ultra Vox est\u00e1 agitando ahora con el \u201cqueremos seguir siendo Espa\u00f1a\u201d para justificar la petici\u00f3n de expulsi\u00f3n de extranjeros que viven y trabajan en nuestro pa\u00eds, a pesar de las evidencias de que el incremento de la llegada de inmigrantes de los \u00faltimos a\u00f1os tiene un efecto positivo y diferencial en el crecimiento econ\u00f3mico, en las pensiones y en el mercado de trabajo.","breadcrumb":{"@id":"https:\/\/vof-news.eu\/es\/las-consecuencias-de-la-deportacion-de-millones-de-inmigrantes-de-vox-vidas-partidas-y-dano-al-crecimiento-economico-y-a-las-pensiones\/#breadcrumb"},"inLanguage":"es","potentialAction":[{"@type":"ReadAction","target":["https:\/\/vof-news.eu\/es\/las-consecuencias-de-la-deportacion-de-millones-de-inmigrantes-de-vox-vidas-partidas-y-dano-al-crecimiento-economico-y-a-las-pensiones\/"]}]},{"@type":"ImageObject","inLanguage":"es","@id":"https:\/\/vof-news.eu\/es\/las-consecuencias-de-la-deportacion-de-millones-de-inmigrantes-de-vox-vidas-partidas-y-dano-al-crecimiento-economico-y-a-las-pensiones\/#primaryimage","url":"https:\/\/vof-news.eu\/wp-content\/uploads\/2025\/07\/f58e5611-7746-4a49-99ba-83ed9f6ad3e4_16-9-discover-aspect-ratio_default_0.jpg","contentUrl":"https:\/\/vof-news.eu\/wp-content\/uploads\/2025\/07\/f58e5611-7746-4a49-99ba-83ed9f6ad3e4_16-9-discover-aspect-ratio_default_0.jpg","width":1200,"height":675},{"@type":"BreadcrumbList","@id":"https:\/\/vof-news.eu\/es\/las-consecuencias-de-la-deportacion-de-millones-de-inmigrantes-de-vox-vidas-partidas-y-dano-al-crecimiento-economico-y-a-las-pensiones\/#breadcrumb","itemListElement":[{"@type":"ListItem","position":1,"name":"Home","item":"https:\/\/vof-news.eu\/es\/"},{"@type":"ListItem","position":2,"name":"Las consecuencias de la deportaci\u00f3n de millones de inmigrantes de Vox: vidas partidas y da\u00f1o al crecimiento econ\u00f3mico y a las pensiones"}]},{"@type":"WebSite","@id":"https:\/\/vof-news.eu\/es\/#website","url":"https:\/\/vof-news.eu\/es\/","name":"vof-news.eu","description":"","potentialAction":[{"@type":"SearchAction","target":{"@type":"EntryPoint","urlTemplate":"https:\/\/vof-news.eu\/es\/?s={search_term_string}"},"query-input":"required name=search_term_string"}],"inLanguage":"es"},{"@type":"Person","@id":"https:\/\/vof-news.eu\/es\/#\/schema\/person\/f6a2a4309f0561835797fd8c19b333ed","name":"Author","image":{"@type":"ImageObject","inLanguage":"es","@id":"https:\/\/vof-news.eu\/es\/#\/schema\/person\/image\/","url":"https:\/\/secure.gravatar.com\/avatar\/b67e614b1b25b3e9c0c239efdd2fde5ab015b5affd6f1c3c85911ca4b384e790?s=96&d=mm&r=g","contentUrl":"https:\/\/secure.gravatar.com\/avatar\/b67e614b1b25b3e9c0c239efdd2fde5ab015b5affd6f1c3c85911ca4b384e790?s=96&d=mm&r=g","caption":"Author"},"sameAs":["http:\/\/vof-news.eu"],"url":"https:\/\/vof-news.eu\/es\/author\/zwt6qxnjulxbnyg\/"}]}},"yoast_meta":{"yoast_wpseo_title":"","yoast_wpseo_metadesc":"","yoast_wpseo_canonical":""},"_links":{"self":[{"href":"https:\/\/vof-news.eu\/es\/wp-json\/wp\/v2\/posts\/250083","targetHints":{"allow":["GET"]}}],"collection":[{"href":"https:\/\/vof-news.eu\/es\/wp-json\/wp\/v2\/posts"}],"about":[{"href":"https:\/\/vof-news.eu\/es\/wp-json\/wp\/v2\/types\/post"}],"author":[{"embeddable":true,"href":"https:\/\/vof-news.eu\/es\/wp-json\/wp\/v2\/users\/1"}],"replies":[{"embeddable":true,"href":"https:\/\/vof-news.eu\/es\/wp-json\/wp\/v2\/comments?post=250083"}],"version-history":[{"count":1,"href":"https:\/\/vof-news.eu\/es\/wp-json\/wp\/v2\/posts\/250083\/revisions"}],"predecessor-version":[{"id":250091,"href":"https:\/\/vof-news.eu\/es\/wp-json\/wp\/v2\/posts\/250083\/revisions\/250091"}],"wp:featuredmedia":[{"embeddable":true,"href":"https:\/\/vof-news.eu\/es\/wp-json\/wp\/v2\/media\/250084"}],"wp:attachment":[{"href":"https:\/\/vof-news.eu\/es\/wp-json\/wp\/v2\/media?parent=250083"}],"wp:term":[{"taxonomy":"category","embeddable":true,"href":"https:\/\/vof-news.eu\/es\/wp-json\/wp\/v2\/categories?post=250083"},{"taxonomy":"post_tag","embeddable":true,"href":"https:\/\/vof-news.eu\/es\/wp-json\/wp\/v2\/tags?post=250083"}],"curies":[{"name":"wp","href":"https:\/\/api.w.org\/{rel}","templated":true}]}}