{"id":249961,"date":"2025-07-08T23:20:24","date_gmt":"2025-07-08T20:20:24","guid":{"rendered":"https:\/\/vof-news.eu\/pogacar-y-la-antologia-de-sus-10-hazanas-mas-memorables-granizo-sterrato-adoquines-y-fugas-de-100-kilometros\/"},"modified":"2025-07-08T23:21:22","modified_gmt":"2025-07-08T20:21:22","slug":"pogacar-y-la-antologia-de-sus-10-hazanas-mas-memorables-granizo-sterrato-adoquines-y-fugas-de-100-kilometros","status":"publish","type":"post","link":"https:\/\/vof-news.eu\/es\/pogacar-y-la-antologia-de-sus-10-hazanas-mas-memorables-granizo-sterrato-adoquines-y-fugas-de-100-kilometros\/","title":{"rendered":"Pogacar y la antolog\u00eda de sus 10 haza\u00f1as m\u00e1s memorables: granizo, &#8216;sterrato&#8217;, adoquines y fugas de 100 kil\u00f3metros"},"content":{"rendered":"<div>\n<p>El pr\u00edncipe adorna su espl\u00e9ndido palmar\u00e9s con una cifra redonda en la cita m\u00e1s emblem\u00e1tica. <strong>Tadej Pogacar<\/strong>, como no pod\u00eda ser de otra forma, sum\u00f3 su victoria 100 en su querido Tour. Con 26 a\u00f1os ya superado a <strong>Miguel Indurain<\/strong> y <strong>Fausto Coppi<\/strong> y persigue a <strong>Jacques Anquetil<\/strong> (123) o <strong>Alejandro Valverde<\/strong> (133). Lejos quedan, entre otros, <strong>Bernard Hinault<\/strong> (146) y <strong>Eddy Merckx<\/strong> (279). \u00abLlegar a 100 en el Tour es algo incre\u00edble\u00bb, dijo al t\u00e9rmino de la etapa del martes. En su corta historia ya ha rubricado triunfos antol\u00f3gicos, como tres ediciones del Tour de Francia, un Giro de Italia, tres Lieja-Basto\u00f1a-Lieja, dos Tour de Flandes o cuatro Giros de Lombard\u00eda. Este es un dec\u00e1logo de un espect\u00e1culo sublime.<\/p>\n<h2>Vuelta al Algarve. 21\/02\/2019. Victoria 1\u00aa<\/h2>\n<p>El debutante se present\u00f3 en sociedad con ese desparpajo que a\u00fan conserva. En una etapa con final en el puerto de Foia se situ\u00f3 a la estela de <strong>Poels, Enric Mas, Van Baarle y Geoghegan Hart<\/strong> y a falta de 300 metros les sorprendi\u00f3 con un explosivo sprint en rampa. Marca de la casa. P\u00fablico y rivales quedaron asombrados por el chico fichado por <strong>Matxin<\/strong>, ganador del Tour del Porvenir. El ne\u00f3fito se enfund\u00f3 el <i>maillot<\/i> de l\u00edder y mantuvo esa privilegiada posici\u00f3n hasta el final de la ronda. \u00abEs mi primera victoria en un equipo World Tour y eso supone que, hasta ahora, es el mejor d\u00eda de mi vida\u00bb, dijo Pogacar en aquella inolvidable fecha en la que comenz\u00f3 todo.<\/p>\n<h2>Vuelta a Espa\u00f1a. 01\/09\/2019. Victoria 6\u00aa<\/h2>\n<p>El esloveno se estren\u00f3 en la ronda espa\u00f1ola imponi\u00e9ndose en la etapa m\u00e1s dantesca de este siglo. El trayecto entre Andorra y el alto de Els Cortals d&#8217;Encamp estuvo azotado por una brutal granizada. En el <i>sterrato<\/i> del \u00faltimo puerto, los corredores se retorc\u00edan y entre todos sobresal\u00eda la figura del ni\u00f1o prodigio, que super\u00f3 en la cima a <strong>Nairo Quintana<\/strong> por 23 segundos y a <strong>Primoz Roglic<\/strong> por 48. \u00bbHemos tenido unas condiciones extremas, el fr\u00edo ha sido terrible\u00bb, exclam\u00f3 el colombiano. \u00bbPogacar no es una apuesta, sino una certeza. Es un campe\u00f3n\u00bb, avisaba Matxin. En esa edici\u00f3n, Pogacar tambi\u00e9n gan\u00f3 en Los Machucos y la Plataforma de Gredos. Fue tercero en la general.<\/p>\n<h2>Tour. 19\/09\/2020. Victoria 16\u00aa<\/h2>\n<p>Cronoescalada antol\u00f3gica entre Lure y <strong>La Planches des belles Filles<\/strong>, 36,2 kil\u00f3metros para encumbrar al chaval como el segundo vencedor m\u00e1s joven de la historia del Tour de Francia: 21 a\u00f1os, 11 meses y 30 d\u00edas. Una ascensi\u00f3n en la que fue aclamado por unos espectadores alucinados. Su gloriosa imagen contrastaba con el sufrimiento extremo de Roglic: finaliz\u00f3 descompuesto, salivando, con el casco ladeado. La imagen de la derrota en el Tour de la pandemia.<\/p>\n<h2>Lieja-Basto\u00f1a-Lieja. 25\/04\/2021. Victoria 23\u00aa<\/h2>\n<p>Su primer <i>Monumento<\/i> lo rubric\u00f3 tras sorprender a los favoritos <strong>Valverde<\/strong> y <strong>Alaphilippe<\/strong> y a los combativos <strong>Gaudu<\/strong> y <strong>Woods<\/strong>. En el \u00faltimo tramo de la prueba neutraliz\u00f3 las ofensivas del espa\u00f1ol, que buscaba su quinto t\u00edtulo en <i>La<\/i><i>Decana<\/i>. \u00bbGanar aqu\u00ed es un sue\u00f1o. No soy qui\u00e9n para decir si soy el rey del ciclismo\u00bb, brome\u00f3 Pogacar.<\/p>\n<h2>Strade Bianche. 05\/03\/2022. Victoria 34\u00aa<\/h2>\n<p>Triunfo de autor en la cl\u00e1sica del <i>sterrato<\/i>, con una fuga de 50 kil\u00f3metros nacida en la colima de Sante Marie. Su ataque rompi\u00f3 a un pelot\u00f3n incapaz de organizarse para la neutralizaci\u00f3n. El esloveno se present\u00f3 en la plaza del Campo de Siena con 37 segundos de ventaja sobre Valverde.<\/p>\n<h2>Tour de Flandes. 02\/04\/2023. Victoria 56\u00aa<\/h2>\n<p>El primer gran \u00e9xito que atentaba contra la l\u00f3gica. La cl\u00e1sica belga de muros y adoquines est\u00e1 destinada para el lucimiento de robustos rodadores, no para corredores livianos. El esloveno ejecut\u00f3 una demoledora estrategia de desgaste para eliminar a <strong>Van der Poel, Pedersen y Van Aert<\/strong> con tres ataques: el primero a 55 km de meta, en la subida al Viejo Kwaremont; el segundo a 44 km, en Paterberg, y el tercero, en un descenso a falta de 18 km. Lleg\u00f3 a la meta de Oudenaarde con 17 segundos de renta sobre Van der Poel.<\/p>\n<h2>Giro de Italia. 25\/05\/2024. Victoria 76\u00aa<\/h2>\n<p>Toda la majestuosidad de <i>Pogi <\/i>qued\u00f3 reflejada en la segunda ascensi\u00f3n al <strong>Monte Grappa<\/strong>, en la pen\u00faltima jornada de su \u00fanico Giro de Italia. El esloveno, como ya hizo en muchas ocasiones, adelant\u00f3 que ir\u00eda a por la victoria porque esa cima se encuentra cerca de su pa\u00eds. Se march\u00f3 a falta de 36 kil\u00f3metros. Mientras otros se asfixiaban en la subida, \u00e9l ten\u00eda tiempo para regalar un bid\u00f3n a un ni\u00f1o y recriminar a un espectador por empujarle. Escal\u00f3 plet\u00f3rico y se present\u00f3 en la meta con dos minutos de ventaja sobre <strong>Valentin Paret-Peintre<\/strong>. Sexta victoria de etapa en una carrera que domin\u00f3 de manera insultante: fue l\u00edder desde la segunda jornada y super\u00f3 al segundo de la general, <strong>Daniel Felipe Mart\u00ednez<\/strong>, en cerca de 10 minutos.<\/p>\n<h2>Mundial de ruta. 29\/092024. Victoria 86\u00aa<\/h2>\n<p>La cuadratura de c\u00edrculo. La culminaci\u00f3n de las escapadas \u00e9picas. En el campeonato de Z\u00farich se fug\u00f3 a falta de \u00a1\u00a1\u00a1100 kil\u00f3metros!!! ante la estupefacci\u00f3n de sus rivales. La gran locura. Salt\u00f3 en la cuarta de las siete subidas al muro de Witikon y durante m\u00e1s de dos horas mantuvo un pulso fren\u00e9tico con el pelot\u00f3n, con poco m\u00e1s de un minuto de ventaja. El final fue ag\u00f3nico, pero cuando comenz\u00f3 a menguar su ventaja y parec\u00eda que iba a ser neutralizado, exhibi\u00f3 una enorme capacidad de sufrimiento. Apret\u00f3 las manos en el manillar, aceler\u00f3 y se present\u00f3 en la meta con 34 segundos de ventaja sobre <strong>O&#8217;Connor<\/strong>. Mas fue octavo. Triple corona para Pogacar: Giro, Tour y Mundial en el mismo a\u00f1o, algo que s\u00f3lo hab\u00edan logrado <strong>Merckx <\/strong>y <strong>Roche<\/strong>.<\/p>\n<h2>Giro de Lombard\u00eda. 12\/10\/2024. Victoria 88\u00aa<\/h2>\n<p>Un soberbio ataque a 48,5 km de meta, en la subida a Colma di Sormano, proporcion\u00f3 a <i>Pogi<\/i> la cuarta edici\u00f3n consecutiva de la ronda italiana, igualando el r\u00e9cord de Coppi. Lleg\u00f3 a la meta con 3.16 de ventaja sobre <strong>Evenepoel,<\/strong> la mayor diferencia entre el primero y segundo clasificado desde 1971, cuando Merckx gan\u00f3 a <strong>Bitossi<\/strong> por 3.31.<\/p>\n<h2>Crit\u00e9rium Dauphin\u00e9. 14\/06\/2025. Victoria 98\u00aa<\/h2>\n<p><i>Show<\/i> inolvidable en la etapa reina de la ronda francesa, con ascensiones a Madeleine y <strong>Croix-de-Fer<\/strong> y final en <strong>Valmeinier 1800<\/strong>. Una excursi\u00f3n con cerca de 5.000 metros de desnivel. En la \u00faltima subida, sin levantarse del sill\u00edn y a falta de 12 kil\u00f3metros para la meta, noque\u00f3 a <strong>Vingegaard <\/strong>y dej\u00f3 finiquitada la general de la carrera francesa, una de las pocas citas de una semana que faltaba en su rico palmar\u00e9s.<\/p>\n<hr\/>\n<\/div>\n","protected":false},"excerpt":{"rendered":"<p>El pr\u00edncipe adorna su espl\u00e9ndido palmar\u00e9s con una cifra redonda en la cita m\u00e1s emblem\u00e1tica. Tadej Pogacar, como no pod\u00eda ser de otra forma, sum\u00f3 su victoria 100 en su querido Tour. Con 26 a\u00f1os ya superado a Miguel Indurain y Fausto Coppi y persigue a Jacques Anquetil (123) o Alejandro Valverde (133). Lejos quedan,<\/p>\n","protected":false},"author":1,"featured_media":249962,"comment_status":"open","ping_status":"open","sticky":false,"template":"","format":"standard","meta":{"footnotes":""},"categories":[76],"tags":[],"class_list":["post-249961","post","type-post","status-publish","format-standard","has-post-thumbnail","hentry","category-sport-es"],"acf":[],"yoast_head":"<!-- This site is optimized with the Yoast SEO plugin v22.9 - https:\/\/yoast.com\/wordpress\/plugins\/seo\/ -->\n<title>Pogacar y la antolog\u00eda de sus 10 haza\u00f1as m\u00e1s memorables: granizo, &#039;sterrato&#039;, adoquines y fugas de 100 kil\u00f3metros - vof-news.eu<\/title>\n<meta name=\"description\" content=\"El pr\u00edncipe adorna su espl\u00e9ndido palmar\u00e9s con una cifra redonda en la cita m\u00e1s emblem\u00e1tica. Tadej Pogacar, como no pod\u00eda ser de otra forma, sum\u00f3 su victoria 100 en su querido Tour. Con 26 a\u00f1os ya superado a Miguel Indurain y Fausto Coppi y persigue a Jacques Anquetil (123) o Alejandro Valverde (133). Lejos quedan, entre otros, Bernard Hinault (146) y Eddy Merckx (279). \u00abLlegar a 100 en el Tour es algo incre\u00edble\u00bb, dijo al t\u00e9rmino de la etapa del martes. En su corta historia ya ha rubricado triunfos antol\u00f3gicos, como tres ediciones del Tour de Francia, un Giro de Italia, tres Lieja-Basto\u00f1a-Lieja, dos Tour de Flandes o cuatro Giros de Lombard\u00eda. Este es un dec\u00e1logo de un espect\u00e1culo sublime.Vuelta al Algarve. 21\/02\/2019. Victoria 1\u00aaEl debutante se present\u00f3 en sociedad con ese desparpajo que a\u00fan conserva. En una etapa con final en el puerto de Foia se situ\u00f3 a la estela de Poels, Enric Mas, Van Baarle y Geoghegan Hart y a falta de 300 metros les sorprendi\u00f3 con un explosivo sprint en rampa. Marca de la casa. P\u00fablico y rivales quedaron asombrados por el chico fichado por Matxin, ganador del Tour del Porvenir. El ne\u00f3fito se enfund\u00f3 el maillot de l\u00edder y mantuvo esa privilegiada posici\u00f3n hasta el final de la ronda. &quot;Es mi primera victoria en un equipo World Tour y eso supone que, hasta ahora, es el mejor d\u00eda de mi vida&quot;, dijo Pogacar en aquella inolvidable fecha en la que comenz\u00f3 todo.Vuelta a Espa\u00f1a. 01\/09\/2019. Victoria 6\u00aaEl esloveno se estren\u00f3 en la ronda espa\u00f1ola imponi\u00e9ndose en la etapa m\u00e1s dantesca de este siglo. El trayecto entre Andorra y el alto de Els Cortals d&#039;Encamp estuvo azotado por una brutal granizada. En el sterrato del \u00faltimo puerto, los corredores se retorc\u00edan y entre todos sobresal\u00eda la figura del ni\u00f1o prodigio, que super\u00f3 en la cima a Nairo Quintana por 23 segundos y a Primoz Roglic por 48. &#039;&#039;Hemos tenido unas condiciones extremas, el fr\u00edo ha sido terrible&#039;&#039;, exclam\u00f3 el colombiano. &#039;&#039;Pogacar no es una apuesta, sino una certeza. Es un campe\u00f3n&#039;&#039;, avisaba Matxin. En esa edici\u00f3n, Pogacar tambi\u00e9n gan\u00f3 en Los Machucos y la Plataforma de Gredos. Fue tercero en la general.Tour. 19\/09\/2020. Victoria 16\u00aaCronoescalada antol\u00f3gica entre Lure y La Planches des belles Filles, 36,2 kil\u00f3metros para encumbrar al chaval como el segundo vencedor m\u00e1s joven de la historia del Tour de Francia: 21 a\u00f1os, 11 meses y 30 d\u00edas. Una ascensi\u00f3n en la que fue aclamado por unos espectadores alucinados. Su gloriosa imagen contrastaba con el sufrimiento extremo de Roglic: finaliz\u00f3 descompuesto, salivando, con el casco ladeado. La imagen de la derrota en el Tour de la pandemia.Lieja-Basto\u00f1a-Lieja. 25\/04\/2021. Victoria 23\u00aaSu primer Monumento lo rubric\u00f3 tras sorprender a los favoritos Valverde y Alaphilippe y a los combativos Gaudu y Woods. En el \u00faltimo tramo de la prueba neutraliz\u00f3 las ofensivas del espa\u00f1ol, que buscaba su quinto t\u00edtulo en LaDecana. &#039;&#039;Ganar aqu\u00ed es un sue\u00f1o. No soy qui\u00e9n para decir si soy el rey del ciclismo&#039;&#039;, brome\u00f3 Pogacar.Strade Bianche. 05\/03\/2022. Victoria 34\u00aaTriunfo de autor en la cl\u00e1sica del sterrato, con una fuga de 50 kil\u00f3metros nacida en la colima de Sante Marie. Su ataque rompi\u00f3 a un pelot\u00f3n incapaz de organizarse para la neutralizaci\u00f3n. El esloveno se present\u00f3 en la plaza del Campo de Siena con 37 segundos de ventaja sobre Valverde.Tour de Flandes. 02\/04\/2023. Victoria 56\u00aaEl primer gran \u00e9xito que atentaba contra la l\u00f3gica. La cl\u00e1sica belga de muros y adoquines est\u00e1 destinada para el lucimiento de robustos rodadores, no para corredores livianos. El esloveno ejecut\u00f3 una demoledora estrategia de desgaste para eliminar a Van der Poel, Pedersen y Van Aert con tres ataques: el primero a 55 km de meta, en la subida al Viejo Kwaremont; el segundo a 44 km, en Paterberg, y el tercero, en un descenso a falta de 18 km. Lleg\u00f3 a la meta de Oudenaarde con 17 segundos de renta sobre Van der Poel.Giro de Italia. 25\/05\/2024. Victoria 76\u00aaToda la majestuosidad de Pogi qued\u00f3 reflejada en la segunda ascensi\u00f3n al Monte Grappa, en la pen\u00faltima jornada de su \u00fanico Giro de Italia. El esloveno, como ya hizo en muchas ocasiones, adelant\u00f3 que ir\u00eda a por la victoria porque esa cima se encuentra cerca de su pa\u00eds. Se march\u00f3 a falta de 36 kil\u00f3metros. Mientras otros se asfixiaban en la subida, \u00e9l ten\u00eda tiempo para regalar un bid\u00f3n a un ni\u00f1o y recriminar a un espectador por empujarle. Escal\u00f3 plet\u00f3rico y se present\u00f3 en la meta con dos minutos de ventaja sobre Valentin Paret-Peintre. Sexta victoria de etapa en una carrera que domin\u00f3 de manera insultante: fue l\u00edder desde la segunda jornada y super\u00f3 al segundo de la general, Daniel Felipe Mart\u00ednez, en cerca de 10 minutos.Mundial de ruta. 29\/092024. Victoria 86\u00aaLa cuadratura de c\u00edrculo. La culminaci\u00f3n de las escapadas \u00e9picas. En el campeonato de Z\u00farich se fug\u00f3 a falta de \u00a1\u00a1\u00a1100 kil\u00f3metros!!! ante la estupefacci\u00f3n de sus rivales. La gran locura. Salt\u00f3 en la cuarta de las siete subidas al muro de Witikon y durante m\u00e1s de dos horas mantuvo un pulso fren\u00e9tico con el pelot\u00f3n, con poco m\u00e1s de un minuto de ventaja. El final fue ag\u00f3nico, pero cuando comenz\u00f3 a menguar su ventaja y parec\u00eda que iba a ser neutralizado, exhibi\u00f3 una enorme capacidad de sufrimiento. Apret\u00f3 las manos en el manillar, aceler\u00f3 y se present\u00f3 en la meta con 34 segundos de ventaja sobre O&#039;Connor. Mas fue octavo. Triple corona para Pogacar: Giro, Tour y Mundial en el mismo a\u00f1o, algo que s\u00f3lo hab\u00edan logrado Merckx y Roche.Giro de Lombard\u00eda. 12\/10\/2024. Victoria 88\u00aaUn soberbio ataque a 48,5 km de meta, en la subida a Colma di Sormano, proporcion\u00f3 a Pogi la cuarta edici\u00f3n consecutiva de la ronda italiana, igualando el r\u00e9cord de Coppi. Lleg\u00f3 a la meta con 3.16 de ventaja sobre Evenepoel, la mayor diferencia entre el primero y segundo clasificado desde 1971, cuando Merckx gan\u00f3 a Bitossi por 3.31.Crit\u00e9rium Dauphin\u00e9. 14\/06\/2025. Victoria 98\u00aaShow inolvidable en la etapa reina de la ronda francesa, con ascensiones a Madeleine y Croix-de-Fer y final en Valmeinier 1800. Una excursi\u00f3n con cerca de 5.000 metros de desnivel. En la \u00faltima subida, sin levantarse del sill\u00edn y a falta de 12 kil\u00f3metros para la meta, noque\u00f3 a Vingegaard y dej\u00f3 finiquitada la general de la carrera francesa, una de las pocas citas de una semana que faltaba en su rico palmar\u00e9s.\" \/>\n<meta name=\"robots\" content=\"noindex, follow, max-snippet:-1, max-image-preview:large, max-video-preview:-1\" \/>\n<meta property=\"og:locale\" content=\"es_ES\" \/>\n<meta property=\"og:type\" content=\"article\" \/>\n<meta property=\"og:title\" content=\"Pogacar y la antolog\u00eda de sus 10 haza\u00f1as m\u00e1s memorables: granizo, &#039;sterrato&#039;, adoquines y fugas de 100 kil\u00f3metros - vof-news.eu\" \/>\n<meta property=\"og:description\" content=\"El pr\u00edncipe adorna su espl\u00e9ndido palmar\u00e9s con una cifra redonda en la cita m\u00e1s emblem\u00e1tica. Tadej Pogacar, como no pod\u00eda ser de otra forma, sum\u00f3 su victoria 100 en su querido Tour. Con 26 a\u00f1os ya superado a Miguel Indurain y Fausto Coppi y persigue a Jacques Anquetil (123) o Alejandro Valverde (133). Lejos quedan, entre otros, Bernard Hinault (146) y Eddy Merckx (279). \u00abLlegar a 100 en el Tour es algo incre\u00edble\u00bb, dijo al t\u00e9rmino de la etapa del martes. En su corta historia ya ha rubricado triunfos antol\u00f3gicos, como tres ediciones del Tour de Francia, un Giro de Italia, tres Lieja-Basto\u00f1a-Lieja, dos Tour de Flandes o cuatro Giros de Lombard\u00eda. Este es un dec\u00e1logo de un espect\u00e1culo sublime.Vuelta al Algarve. 21\/02\/2019. Victoria 1\u00aaEl debutante se present\u00f3 en sociedad con ese desparpajo que a\u00fan conserva. En una etapa con final en el puerto de Foia se situ\u00f3 a la estela de Poels, Enric Mas, Van Baarle y Geoghegan Hart y a falta de 300 metros les sorprendi\u00f3 con un explosivo sprint en rampa. Marca de la casa. P\u00fablico y rivales quedaron asombrados por el chico fichado por Matxin, ganador del Tour del Porvenir. El ne\u00f3fito se enfund\u00f3 el maillot de l\u00edder y mantuvo esa privilegiada posici\u00f3n hasta el final de la ronda. &quot;Es mi primera victoria en un equipo World Tour y eso supone que, hasta ahora, es el mejor d\u00eda de mi vida&quot;, dijo Pogacar en aquella inolvidable fecha en la que comenz\u00f3 todo.Vuelta a Espa\u00f1a. 01\/09\/2019. Victoria 6\u00aaEl esloveno se estren\u00f3 en la ronda espa\u00f1ola imponi\u00e9ndose en la etapa m\u00e1s dantesca de este siglo. El trayecto entre Andorra y el alto de Els Cortals d&#039;Encamp estuvo azotado por una brutal granizada. En el sterrato del \u00faltimo puerto, los corredores se retorc\u00edan y entre todos sobresal\u00eda la figura del ni\u00f1o prodigio, que super\u00f3 en la cima a Nairo Quintana por 23 segundos y a Primoz Roglic por 48. &#039;&#039;Hemos tenido unas condiciones extremas, el fr\u00edo ha sido terrible&#039;&#039;, exclam\u00f3 el colombiano. &#039;&#039;Pogacar no es una apuesta, sino una certeza. Es un campe\u00f3n&#039;&#039;, avisaba Matxin. En esa edici\u00f3n, Pogacar tambi\u00e9n gan\u00f3 en Los Machucos y la Plataforma de Gredos. Fue tercero en la general.Tour. 19\/09\/2020. Victoria 16\u00aaCronoescalada antol\u00f3gica entre Lure y La Planches des belles Filles, 36,2 kil\u00f3metros para encumbrar al chaval como el segundo vencedor m\u00e1s joven de la historia del Tour de Francia: 21 a\u00f1os, 11 meses y 30 d\u00edas. Una ascensi\u00f3n en la que fue aclamado por unos espectadores alucinados. Su gloriosa imagen contrastaba con el sufrimiento extremo de Roglic: finaliz\u00f3 descompuesto, salivando, con el casco ladeado. La imagen de la derrota en el Tour de la pandemia.Lieja-Basto\u00f1a-Lieja. 25\/04\/2021. Victoria 23\u00aaSu primer Monumento lo rubric\u00f3 tras sorprender a los favoritos Valverde y Alaphilippe y a los combativos Gaudu y Woods. En el \u00faltimo tramo de la prueba neutraliz\u00f3 las ofensivas del espa\u00f1ol, que buscaba su quinto t\u00edtulo en LaDecana. &#039;&#039;Ganar aqu\u00ed es un sue\u00f1o. No soy qui\u00e9n para decir si soy el rey del ciclismo&#039;&#039;, brome\u00f3 Pogacar.Strade Bianche. 05\/03\/2022. Victoria 34\u00aaTriunfo de autor en la cl\u00e1sica del sterrato, con una fuga de 50 kil\u00f3metros nacida en la colima de Sante Marie. Su ataque rompi\u00f3 a un pelot\u00f3n incapaz de organizarse para la neutralizaci\u00f3n. El esloveno se present\u00f3 en la plaza del Campo de Siena con 37 segundos de ventaja sobre Valverde.Tour de Flandes. 02\/04\/2023. Victoria 56\u00aaEl primer gran \u00e9xito que atentaba contra la l\u00f3gica. La cl\u00e1sica belga de muros y adoquines est\u00e1 destinada para el lucimiento de robustos rodadores, no para corredores livianos. El esloveno ejecut\u00f3 una demoledora estrategia de desgaste para eliminar a Van der Poel, Pedersen y Van Aert con tres ataques: el primero a 55 km de meta, en la subida al Viejo Kwaremont; el segundo a 44 km, en Paterberg, y el tercero, en un descenso a falta de 18 km. Lleg\u00f3 a la meta de Oudenaarde con 17 segundos de renta sobre Van der Poel.Giro de Italia. 25\/05\/2024. Victoria 76\u00aaToda la majestuosidad de Pogi qued\u00f3 reflejada en la segunda ascensi\u00f3n al Monte Grappa, en la pen\u00faltima jornada de su \u00fanico Giro de Italia. El esloveno, como ya hizo en muchas ocasiones, adelant\u00f3 que ir\u00eda a por la victoria porque esa cima se encuentra cerca de su pa\u00eds. Se march\u00f3 a falta de 36 kil\u00f3metros. Mientras otros se asfixiaban en la subida, \u00e9l ten\u00eda tiempo para regalar un bid\u00f3n a un ni\u00f1o y recriminar a un espectador por empujarle. Escal\u00f3 plet\u00f3rico y se present\u00f3 en la meta con dos minutos de ventaja sobre Valentin Paret-Peintre. Sexta victoria de etapa en una carrera que domin\u00f3 de manera insultante: fue l\u00edder desde la segunda jornada y super\u00f3 al segundo de la general, Daniel Felipe Mart\u00ednez, en cerca de 10 minutos.Mundial de ruta. 29\/092024. Victoria 86\u00aaLa cuadratura de c\u00edrculo. La culminaci\u00f3n de las escapadas \u00e9picas. En el campeonato de Z\u00farich se fug\u00f3 a falta de \u00a1\u00a1\u00a1100 kil\u00f3metros!!! ante la estupefacci\u00f3n de sus rivales. La gran locura. Salt\u00f3 en la cuarta de las siete subidas al muro de Witikon y durante m\u00e1s de dos horas mantuvo un pulso fren\u00e9tico con el pelot\u00f3n, con poco m\u00e1s de un minuto de ventaja. El final fue ag\u00f3nico, pero cuando comenz\u00f3 a menguar su ventaja y parec\u00eda que iba a ser neutralizado, exhibi\u00f3 una enorme capacidad de sufrimiento. Apret\u00f3 las manos en el manillar, aceler\u00f3 y se present\u00f3 en la meta con 34 segundos de ventaja sobre O&#039;Connor. Mas fue octavo. Triple corona para Pogacar: Giro, Tour y Mundial en el mismo a\u00f1o, algo que s\u00f3lo hab\u00edan logrado Merckx y Roche.Giro de Lombard\u00eda. 12\/10\/2024. Victoria 88\u00aaUn soberbio ataque a 48,5 km de meta, en la subida a Colma di Sormano, proporcion\u00f3 a Pogi la cuarta edici\u00f3n consecutiva de la ronda italiana, igualando el r\u00e9cord de Coppi. Lleg\u00f3 a la meta con 3.16 de ventaja sobre Evenepoel, la mayor diferencia entre el primero y segundo clasificado desde 1971, cuando Merckx gan\u00f3 a Bitossi por 3.31.Crit\u00e9rium Dauphin\u00e9. 14\/06\/2025. Victoria 98\u00aaShow inolvidable en la etapa reina de la ronda francesa, con ascensiones a Madeleine y Croix-de-Fer y final en Valmeinier 1800. Una excursi\u00f3n con cerca de 5.000 metros de desnivel. En la \u00faltima subida, sin levantarse del sill\u00edn y a falta de 12 kil\u00f3metros para la meta, noque\u00f3 a Vingegaard y dej\u00f3 finiquitada la general de la carrera francesa, una de las pocas citas de una semana que faltaba en su rico palmar\u00e9s.\" \/>\n<meta property=\"og:url\" content=\"https:\/\/vof-news.eu\/es\/pogacar-y-la-antologia-de-sus-10-hazanas-mas-memorables-granizo-sterrato-adoquines-y-fugas-de-100-kilometros\/\" \/>\n<meta property=\"og:site_name\" content=\"vof-news.eu\" \/>\n<meta property=\"article:published_time\" content=\"2025-07-08T20:20:24+00:00\" \/>\n<meta property=\"article:modified_time\" content=\"2025-07-08T20:21:22+00:00\" \/>\n<meta property=\"og:image\" content=\"https:\/\/vof-news.eu\/wp-content\/uploads\/2025\/07\/17519982622859.jpg\" \/>\n\t<meta property=\"og:image:width\" content=\"1366\" \/>\n\t<meta property=\"og:image:height\" content=\"910\" \/>\n\t<meta property=\"og:image:type\" content=\"image\/jpeg\" \/>\n<meta name=\"author\" content=\"Author\" \/>\n<meta name=\"twitter:card\" content=\"summary_large_image\" \/>\n<meta name=\"twitter:label1\" content=\"Escrito por\" \/>\n\t<meta name=\"twitter:data1\" content=\"Author\" \/>\n\t<meta name=\"twitter:label2\" content=\"Tiempo de lectura\" \/>\n\t<meta name=\"twitter:data2\" content=\"6 minutos\" \/>\n<script type=\"application\/ld+json\" class=\"yoast-schema-graph\">{\"@context\":\"https:\/\/schema.org\",\"@graph\":[{\"@type\":\"WebPage\",\"@id\":\"https:\/\/vof-news.eu\/es\/pogacar-y-la-antologia-de-sus-10-hazanas-mas-memorables-granizo-sterrato-adoquines-y-fugas-de-100-kilometros\/\",\"url\":\"https:\/\/vof-news.eu\/es\/pogacar-y-la-antologia-de-sus-10-hazanas-mas-memorables-granizo-sterrato-adoquines-y-fugas-de-100-kilometros\/\",\"name\":\"Pogacar y la antolog\u00eda de sus 10 haza\u00f1as m\u00e1s memorables: granizo, 'sterrato', adoquines y fugas de 100 kil\u00f3metros - vof-news.eu\",\"isPartOf\":{\"@id\":\"https:\/\/vof-news.eu\/es\/#website\"},\"primaryImageOfPage\":{\"@id\":\"https:\/\/vof-news.eu\/es\/pogacar-y-la-antologia-de-sus-10-hazanas-mas-memorables-granizo-sterrato-adoquines-y-fugas-de-100-kilometros\/#primaryimage\"},\"image\":{\"@id\":\"https:\/\/vof-news.eu\/es\/pogacar-y-la-antologia-de-sus-10-hazanas-mas-memorables-granizo-sterrato-adoquines-y-fugas-de-100-kilometros\/#primaryimage\"},\"thumbnailUrl\":\"https:\/\/vof-news.eu\/wp-content\/uploads\/2025\/07\/17519982622859.jpg\",\"datePublished\":\"2025-07-08T20:20:24+00:00\",\"dateModified\":\"2025-07-08T20:21:22+00:00\",\"author\":{\"@id\":\"https:\/\/vof-news.eu\/es\/#\/schema\/person\/f6a2a4309f0561835797fd8c19b333ed\"},\"description\":\"El pr\u00edncipe adorna su espl\u00e9ndido palmar\u00e9s con una cifra redonda en la cita m\u00e1s emblem\u00e1tica. Tadej Pogacar, como no pod\u00eda ser de otra forma, sum\u00f3 su victoria 100 en su querido Tour. Con 26 a\u00f1os ya superado a Miguel Indurain y Fausto Coppi y persigue a Jacques Anquetil (123) o Alejandro Valverde (133). Lejos quedan, entre otros, Bernard Hinault (146) y Eddy Merckx (279). \u00abLlegar a 100 en el Tour es algo incre\u00edble\u00bb, dijo al t\u00e9rmino de la etapa del martes. En su corta historia ya ha rubricado triunfos antol\u00f3gicos, como tres ediciones del Tour de Francia, un Giro de Italia, tres Lieja-Basto\u00f1a-Lieja, dos Tour de Flandes o cuatro Giros de Lombard\u00eda. Este es un dec\u00e1logo de un espect\u00e1culo sublime.Vuelta al Algarve. 21\/02\/2019. Victoria 1\u00aaEl debutante se present\u00f3 en sociedad con ese desparpajo que a\u00fan conserva. En una etapa con final en el puerto de Foia se situ\u00f3 a la estela de Poels, Enric Mas, Van Baarle y Geoghegan Hart y a falta de 300 metros les sorprendi\u00f3 con un explosivo sprint en rampa. Marca de la casa. P\u00fablico y rivales quedaron asombrados por el chico fichado por Matxin, ganador del Tour del Porvenir. El ne\u00f3fito se enfund\u00f3 el maillot de l\u00edder y mantuvo esa privilegiada posici\u00f3n hasta el final de la ronda. \\\"Es mi primera victoria en un equipo World Tour y eso supone que, hasta ahora, es el mejor d\u00eda de mi vida\\\", dijo Pogacar en aquella inolvidable fecha en la que comenz\u00f3 todo.Vuelta a Espa\u00f1a. 01\/09\/2019. Victoria 6\u00aaEl esloveno se estren\u00f3 en la ronda espa\u00f1ola imponi\u00e9ndose en la etapa m\u00e1s dantesca de este siglo. El trayecto entre Andorra y el alto de Els Cortals d'Encamp estuvo azotado por una brutal granizada. En el sterrato del \u00faltimo puerto, los corredores se retorc\u00edan y entre todos sobresal\u00eda la figura del ni\u00f1o prodigio, que super\u00f3 en la cima a Nairo Quintana por 23 segundos y a Primoz Roglic por 48. ''Hemos tenido unas condiciones extremas, el fr\u00edo ha sido terrible'', exclam\u00f3 el colombiano. ''Pogacar no es una apuesta, sino una certeza. Es un campe\u00f3n'', avisaba Matxin. En esa edici\u00f3n, Pogacar tambi\u00e9n gan\u00f3 en Los Machucos y la Plataforma de Gredos. Fue tercero en la general.Tour. 19\/09\/2020. Victoria 16\u00aaCronoescalada antol\u00f3gica entre Lure y La Planches des belles Filles, 36,2 kil\u00f3metros para encumbrar al chaval como el segundo vencedor m\u00e1s joven de la historia del Tour de Francia: 21 a\u00f1os, 11 meses y 30 d\u00edas. Una ascensi\u00f3n en la que fue aclamado por unos espectadores alucinados. Su gloriosa imagen contrastaba con el sufrimiento extremo de Roglic: finaliz\u00f3 descompuesto, salivando, con el casco ladeado. La imagen de la derrota en el Tour de la pandemia.Lieja-Basto\u00f1a-Lieja. 25\/04\/2021. Victoria 23\u00aaSu primer Monumento lo rubric\u00f3 tras sorprender a los favoritos Valverde y Alaphilippe y a los combativos Gaudu y Woods. En el \u00faltimo tramo de la prueba neutraliz\u00f3 las ofensivas del espa\u00f1ol, que buscaba su quinto t\u00edtulo en LaDecana. ''Ganar aqu\u00ed es un sue\u00f1o. No soy qui\u00e9n para decir si soy el rey del ciclismo'', brome\u00f3 Pogacar.Strade Bianche. 05\/03\/2022. Victoria 34\u00aaTriunfo de autor en la cl\u00e1sica del sterrato, con una fuga de 50 kil\u00f3metros nacida en la colima de Sante Marie. Su ataque rompi\u00f3 a un pelot\u00f3n incapaz de organizarse para la neutralizaci\u00f3n. El esloveno se present\u00f3 en la plaza del Campo de Siena con 37 segundos de ventaja sobre Valverde.Tour de Flandes. 02\/04\/2023. Victoria 56\u00aaEl primer gran \u00e9xito que atentaba contra la l\u00f3gica. La cl\u00e1sica belga de muros y adoquines est\u00e1 destinada para el lucimiento de robustos rodadores, no para corredores livianos. El esloveno ejecut\u00f3 una demoledora estrategia de desgaste para eliminar a Van der Poel, Pedersen y Van Aert con tres ataques: el primero a 55 km de meta, en la subida al Viejo Kwaremont; el segundo a 44 km, en Paterberg, y el tercero, en un descenso a falta de 18 km. Lleg\u00f3 a la meta de Oudenaarde con 17 segundos de renta sobre Van der Poel.Giro de Italia. 25\/05\/2024. Victoria 76\u00aaToda la majestuosidad de Pogi qued\u00f3 reflejada en la segunda ascensi\u00f3n al Monte Grappa, en la pen\u00faltima jornada de su \u00fanico Giro de Italia. El esloveno, como ya hizo en muchas ocasiones, adelant\u00f3 que ir\u00eda a por la victoria porque esa cima se encuentra cerca de su pa\u00eds. Se march\u00f3 a falta de 36 kil\u00f3metros. Mientras otros se asfixiaban en la subida, \u00e9l ten\u00eda tiempo para regalar un bid\u00f3n a un ni\u00f1o y recriminar a un espectador por empujarle. Escal\u00f3 plet\u00f3rico y se present\u00f3 en la meta con dos minutos de ventaja sobre Valentin Paret-Peintre. Sexta victoria de etapa en una carrera que domin\u00f3 de manera insultante: fue l\u00edder desde la segunda jornada y super\u00f3 al segundo de la general, Daniel Felipe Mart\u00ednez, en cerca de 10 minutos.Mundial de ruta. 29\/092024. Victoria 86\u00aaLa cuadratura de c\u00edrculo. La culminaci\u00f3n de las escapadas \u00e9picas. En el campeonato de Z\u00farich se fug\u00f3 a falta de \u00a1\u00a1\u00a1100 kil\u00f3metros!!! ante la estupefacci\u00f3n de sus rivales. La gran locura. Salt\u00f3 en la cuarta de las siete subidas al muro de Witikon y durante m\u00e1s de dos horas mantuvo un pulso fren\u00e9tico con el pelot\u00f3n, con poco m\u00e1s de un minuto de ventaja. El final fue ag\u00f3nico, pero cuando comenz\u00f3 a menguar su ventaja y parec\u00eda que iba a ser neutralizado, exhibi\u00f3 una enorme capacidad de sufrimiento. Apret\u00f3 las manos en el manillar, aceler\u00f3 y se present\u00f3 en la meta con 34 segundos de ventaja sobre O'Connor. Mas fue octavo. Triple corona para Pogacar: Giro, Tour y Mundial en el mismo a\u00f1o, algo que s\u00f3lo hab\u00edan logrado Merckx y Roche.Giro de Lombard\u00eda. 12\/10\/2024. Victoria 88\u00aaUn soberbio ataque a 48,5 km de meta, en la subida a Colma di Sormano, proporcion\u00f3 a Pogi la cuarta edici\u00f3n consecutiva de la ronda italiana, igualando el r\u00e9cord de Coppi. Lleg\u00f3 a la meta con 3.16 de ventaja sobre Evenepoel, la mayor diferencia entre el primero y segundo clasificado desde 1971, cuando Merckx gan\u00f3 a Bitossi por 3.31.Crit\u00e9rium Dauphin\u00e9. 14\/06\/2025. Victoria 98\u00aaShow inolvidable en la etapa reina de la ronda francesa, con ascensiones a Madeleine y Croix-de-Fer y final en Valmeinier 1800. Una excursi\u00f3n con cerca de 5.000 metros de desnivel. En la \u00faltima subida, sin levantarse del sill\u00edn y a falta de 12 kil\u00f3metros para la meta, noque\u00f3 a Vingegaard y dej\u00f3 finiquitada la general de la carrera francesa, una de las pocas citas de una semana que faltaba en su rico palmar\u00e9s.\",\"breadcrumb\":{\"@id\":\"https:\/\/vof-news.eu\/es\/pogacar-y-la-antologia-de-sus-10-hazanas-mas-memorables-granizo-sterrato-adoquines-y-fugas-de-100-kilometros\/#breadcrumb\"},\"inLanguage\":\"es\",\"potentialAction\":[{\"@type\":\"ReadAction\",\"target\":[\"https:\/\/vof-news.eu\/es\/pogacar-y-la-antologia-de-sus-10-hazanas-mas-memorables-granizo-sterrato-adoquines-y-fugas-de-100-kilometros\/\"]}]},{\"@type\":\"ImageObject\",\"inLanguage\":\"es\",\"@id\":\"https:\/\/vof-news.eu\/es\/pogacar-y-la-antologia-de-sus-10-hazanas-mas-memorables-granizo-sterrato-adoquines-y-fugas-de-100-kilometros\/#primaryimage\",\"url\":\"https:\/\/vof-news.eu\/wp-content\/uploads\/2025\/07\/17519982622859.jpg\",\"contentUrl\":\"https:\/\/vof-news.eu\/wp-content\/uploads\/2025\/07\/17519982622859.jpg\",\"width\":1366,\"height\":910},{\"@type\":\"BreadcrumbList\",\"@id\":\"https:\/\/vof-news.eu\/es\/pogacar-y-la-antologia-de-sus-10-hazanas-mas-memorables-granizo-sterrato-adoquines-y-fugas-de-100-kilometros\/#breadcrumb\",\"itemListElement\":[{\"@type\":\"ListItem\",\"position\":1,\"name\":\"Home\",\"item\":\"https:\/\/vof-news.eu\/es\/\"},{\"@type\":\"ListItem\",\"position\":2,\"name\":\"Pogacar y la antolog\u00eda de sus 10 haza\u00f1as m\u00e1s memorables: granizo, &#8216;sterrato&#8217;, adoquines y fugas de 100 kil\u00f3metros\"}]},{\"@type\":\"WebSite\",\"@id\":\"https:\/\/vof-news.eu\/es\/#website\",\"url\":\"https:\/\/vof-news.eu\/es\/\",\"name\":\"vof-news.eu\",\"description\":\"\",\"potentialAction\":[{\"@type\":\"SearchAction\",\"target\":{\"@type\":\"EntryPoint\",\"urlTemplate\":\"https:\/\/vof-news.eu\/es\/?s={search_term_string}\"},\"query-input\":\"required name=search_term_string\"}],\"inLanguage\":\"es\"},{\"@type\":\"Person\",\"@id\":\"https:\/\/vof-news.eu\/es\/#\/schema\/person\/f6a2a4309f0561835797fd8c19b333ed\",\"name\":\"Author\",\"image\":{\"@type\":\"ImageObject\",\"inLanguage\":\"es\",\"@id\":\"https:\/\/vof-news.eu\/es\/#\/schema\/person\/image\/\",\"url\":\"https:\/\/secure.gravatar.com\/avatar\/b67e614b1b25b3e9c0c239efdd2fde5ab015b5affd6f1c3c85911ca4b384e790?s=96&d=mm&r=g\",\"contentUrl\":\"https:\/\/secure.gravatar.com\/avatar\/b67e614b1b25b3e9c0c239efdd2fde5ab015b5affd6f1c3c85911ca4b384e790?s=96&d=mm&r=g\",\"caption\":\"Author\"},\"sameAs\":[\"http:\/\/vof-news.eu\"],\"url\":\"https:\/\/vof-news.eu\/es\/author\/zwt6qxnjulxbnyg\/\"}]}<\/script>\n<!-- \/ Yoast SEO plugin. -->","yoast_head_json":{"title":"Pogacar y la antolog\u00eda de sus 10 haza\u00f1as m\u00e1s memorables: granizo, 'sterrato', adoquines y fugas de 100 kil\u00f3metros - vof-news.eu","description":"El pr\u00edncipe adorna su espl\u00e9ndido palmar\u00e9s con una cifra redonda en la cita m\u00e1s emblem\u00e1tica. Tadej Pogacar, como no pod\u00eda ser de otra forma, sum\u00f3 su victoria 100 en su querido Tour. Con 26 a\u00f1os ya superado a Miguel Indurain y Fausto Coppi y persigue a Jacques Anquetil (123) o Alejandro Valverde (133). Lejos quedan, entre otros, Bernard Hinault (146) y Eddy Merckx (279). \u00abLlegar a 100 en el Tour es algo incre\u00edble\u00bb, dijo al t\u00e9rmino de la etapa del martes. En su corta historia ya ha rubricado triunfos antol\u00f3gicos, como tres ediciones del Tour de Francia, un Giro de Italia, tres Lieja-Basto\u00f1a-Lieja, dos Tour de Flandes o cuatro Giros de Lombard\u00eda. Este es un dec\u00e1logo de un espect\u00e1culo sublime.Vuelta al Algarve. 21\/02\/2019. Victoria 1\u00aaEl debutante se present\u00f3 en sociedad con ese desparpajo que a\u00fan conserva. En una etapa con final en el puerto de Foia se situ\u00f3 a la estela de Poels, Enric Mas, Van Baarle y Geoghegan Hart y a falta de 300 metros les sorprendi\u00f3 con un explosivo sprint en rampa. Marca de la casa. P\u00fablico y rivales quedaron asombrados por el chico fichado por Matxin, ganador del Tour del Porvenir. El ne\u00f3fito se enfund\u00f3 el maillot de l\u00edder y mantuvo esa privilegiada posici\u00f3n hasta el final de la ronda. \"Es mi primera victoria en un equipo World Tour y eso supone que, hasta ahora, es el mejor d\u00eda de mi vida\", dijo Pogacar en aquella inolvidable fecha en la que comenz\u00f3 todo.Vuelta a Espa\u00f1a. 01\/09\/2019. Victoria 6\u00aaEl esloveno se estren\u00f3 en la ronda espa\u00f1ola imponi\u00e9ndose en la etapa m\u00e1s dantesca de este siglo. El trayecto entre Andorra y el alto de Els Cortals d'Encamp estuvo azotado por una brutal granizada. En el sterrato del \u00faltimo puerto, los corredores se retorc\u00edan y entre todos sobresal\u00eda la figura del ni\u00f1o prodigio, que super\u00f3 en la cima a Nairo Quintana por 23 segundos y a Primoz Roglic por 48. ''Hemos tenido unas condiciones extremas, el fr\u00edo ha sido terrible'', exclam\u00f3 el colombiano. ''Pogacar no es una apuesta, sino una certeza. Es un campe\u00f3n'', avisaba Matxin. En esa edici\u00f3n, Pogacar tambi\u00e9n gan\u00f3 en Los Machucos y la Plataforma de Gredos. Fue tercero en la general.Tour. 19\/09\/2020. Victoria 16\u00aaCronoescalada antol\u00f3gica entre Lure y La Planches des belles Filles, 36,2 kil\u00f3metros para encumbrar al chaval como el segundo vencedor m\u00e1s joven de la historia del Tour de Francia: 21 a\u00f1os, 11 meses y 30 d\u00edas. Una ascensi\u00f3n en la que fue aclamado por unos espectadores alucinados. Su gloriosa imagen contrastaba con el sufrimiento extremo de Roglic: finaliz\u00f3 descompuesto, salivando, con el casco ladeado. La imagen de la derrota en el Tour de la pandemia.Lieja-Basto\u00f1a-Lieja. 25\/04\/2021. Victoria 23\u00aaSu primer Monumento lo rubric\u00f3 tras sorprender a los favoritos Valverde y Alaphilippe y a los combativos Gaudu y Woods. En el \u00faltimo tramo de la prueba neutraliz\u00f3 las ofensivas del espa\u00f1ol, que buscaba su quinto t\u00edtulo en LaDecana. ''Ganar aqu\u00ed es un sue\u00f1o. No soy qui\u00e9n para decir si soy el rey del ciclismo'', brome\u00f3 Pogacar.Strade Bianche. 05\/03\/2022. Victoria 34\u00aaTriunfo de autor en la cl\u00e1sica del sterrato, con una fuga de 50 kil\u00f3metros nacida en la colima de Sante Marie. Su ataque rompi\u00f3 a un pelot\u00f3n incapaz de organizarse para la neutralizaci\u00f3n. El esloveno se present\u00f3 en la plaza del Campo de Siena con 37 segundos de ventaja sobre Valverde.Tour de Flandes. 02\/04\/2023. Victoria 56\u00aaEl primer gran \u00e9xito que atentaba contra la l\u00f3gica. La cl\u00e1sica belga de muros y adoquines est\u00e1 destinada para el lucimiento de robustos rodadores, no para corredores livianos. El esloveno ejecut\u00f3 una demoledora estrategia de desgaste para eliminar a Van der Poel, Pedersen y Van Aert con tres ataques: el primero a 55 km de meta, en la subida al Viejo Kwaremont; el segundo a 44 km, en Paterberg, y el tercero, en un descenso a falta de 18 km. Lleg\u00f3 a la meta de Oudenaarde con 17 segundos de renta sobre Van der Poel.Giro de Italia. 25\/05\/2024. Victoria 76\u00aaToda la majestuosidad de Pogi qued\u00f3 reflejada en la segunda ascensi\u00f3n al Monte Grappa, en la pen\u00faltima jornada de su \u00fanico Giro de Italia. El esloveno, como ya hizo en muchas ocasiones, adelant\u00f3 que ir\u00eda a por la victoria porque esa cima se encuentra cerca de su pa\u00eds. Se march\u00f3 a falta de 36 kil\u00f3metros. Mientras otros se asfixiaban en la subida, \u00e9l ten\u00eda tiempo para regalar un bid\u00f3n a un ni\u00f1o y recriminar a un espectador por empujarle. Escal\u00f3 plet\u00f3rico y se present\u00f3 en la meta con dos minutos de ventaja sobre Valentin Paret-Peintre. Sexta victoria de etapa en una carrera que domin\u00f3 de manera insultante: fue l\u00edder desde la segunda jornada y super\u00f3 al segundo de la general, Daniel Felipe Mart\u00ednez, en cerca de 10 minutos.Mundial de ruta. 29\/092024. Victoria 86\u00aaLa cuadratura de c\u00edrculo. La culminaci\u00f3n de las escapadas \u00e9picas. En el campeonato de Z\u00farich se fug\u00f3 a falta de \u00a1\u00a1\u00a1100 kil\u00f3metros!!! ante la estupefacci\u00f3n de sus rivales. La gran locura. Salt\u00f3 en la cuarta de las siete subidas al muro de Witikon y durante m\u00e1s de dos horas mantuvo un pulso fren\u00e9tico con el pelot\u00f3n, con poco m\u00e1s de un minuto de ventaja. El final fue ag\u00f3nico, pero cuando comenz\u00f3 a menguar su ventaja y parec\u00eda que iba a ser neutralizado, exhibi\u00f3 una enorme capacidad de sufrimiento. Apret\u00f3 las manos en el manillar, aceler\u00f3 y se present\u00f3 en la meta con 34 segundos de ventaja sobre O'Connor. Mas fue octavo. Triple corona para Pogacar: Giro, Tour y Mundial en el mismo a\u00f1o, algo que s\u00f3lo hab\u00edan logrado Merckx y Roche.Giro de Lombard\u00eda. 12\/10\/2024. Victoria 88\u00aaUn soberbio ataque a 48,5 km de meta, en la subida a Colma di Sormano, proporcion\u00f3 a Pogi la cuarta edici\u00f3n consecutiva de la ronda italiana, igualando el r\u00e9cord de Coppi. Lleg\u00f3 a la meta con 3.16 de ventaja sobre Evenepoel, la mayor diferencia entre el primero y segundo clasificado desde 1971, cuando Merckx gan\u00f3 a Bitossi por 3.31.Crit\u00e9rium Dauphin\u00e9. 14\/06\/2025. Victoria 98\u00aaShow inolvidable en la etapa reina de la ronda francesa, con ascensiones a Madeleine y Croix-de-Fer y final en Valmeinier 1800. Una excursi\u00f3n con cerca de 5.000 metros de desnivel. En la \u00faltima subida, sin levantarse del sill\u00edn y a falta de 12 kil\u00f3metros para la meta, noque\u00f3 a Vingegaard y dej\u00f3 finiquitada la general de la carrera francesa, una de las pocas citas de una semana que faltaba en su rico palmar\u00e9s.","robots":{"index":"noindex","follow":"follow","max-snippet":"max-snippet:-1","max-image-preview":"max-image-preview:large","max-video-preview":"max-video-preview:-1"},"og_locale":"es_ES","og_type":"article","og_title":"Pogacar y la antolog\u00eda de sus 10 haza\u00f1as m\u00e1s memorables: granizo, 'sterrato', adoquines y fugas de 100 kil\u00f3metros - vof-news.eu","og_description":"El pr\u00edncipe adorna su espl\u00e9ndido palmar\u00e9s con una cifra redonda en la cita m\u00e1s emblem\u00e1tica. Tadej Pogacar, como no pod\u00eda ser de otra forma, sum\u00f3 su victoria 100 en su querido Tour. Con 26 a\u00f1os ya superado a Miguel Indurain y Fausto Coppi y persigue a Jacques Anquetil (123) o Alejandro Valverde (133). Lejos quedan, entre otros, Bernard Hinault (146) y Eddy Merckx (279). \u00abLlegar a 100 en el Tour es algo incre\u00edble\u00bb, dijo al t\u00e9rmino de la etapa del martes. En su corta historia ya ha rubricado triunfos antol\u00f3gicos, como tres ediciones del Tour de Francia, un Giro de Italia, tres Lieja-Basto\u00f1a-Lieja, dos Tour de Flandes o cuatro Giros de Lombard\u00eda. Este es un dec\u00e1logo de un espect\u00e1culo sublime.Vuelta al Algarve. 21\/02\/2019. Victoria 1\u00aaEl debutante se present\u00f3 en sociedad con ese desparpajo que a\u00fan conserva. En una etapa con final en el puerto de Foia se situ\u00f3 a la estela de Poels, Enric Mas, Van Baarle y Geoghegan Hart y a falta de 300 metros les sorprendi\u00f3 con un explosivo sprint en rampa. Marca de la casa. P\u00fablico y rivales quedaron asombrados por el chico fichado por Matxin, ganador del Tour del Porvenir. El ne\u00f3fito se enfund\u00f3 el maillot de l\u00edder y mantuvo esa privilegiada posici\u00f3n hasta el final de la ronda. \"Es mi primera victoria en un equipo World Tour y eso supone que, hasta ahora, es el mejor d\u00eda de mi vida\", dijo Pogacar en aquella inolvidable fecha en la que comenz\u00f3 todo.Vuelta a Espa\u00f1a. 01\/09\/2019. Victoria 6\u00aaEl esloveno se estren\u00f3 en la ronda espa\u00f1ola imponi\u00e9ndose en la etapa m\u00e1s dantesca de este siglo. El trayecto entre Andorra y el alto de Els Cortals d'Encamp estuvo azotado por una brutal granizada. En el sterrato del \u00faltimo puerto, los corredores se retorc\u00edan y entre todos sobresal\u00eda la figura del ni\u00f1o prodigio, que super\u00f3 en la cima a Nairo Quintana por 23 segundos y a Primoz Roglic por 48. ''Hemos tenido unas condiciones extremas, el fr\u00edo ha sido terrible'', exclam\u00f3 el colombiano. ''Pogacar no es una apuesta, sino una certeza. Es un campe\u00f3n'', avisaba Matxin. En esa edici\u00f3n, Pogacar tambi\u00e9n gan\u00f3 en Los Machucos y la Plataforma de Gredos. Fue tercero en la general.Tour. 19\/09\/2020. Victoria 16\u00aaCronoescalada antol\u00f3gica entre Lure y La Planches des belles Filles, 36,2 kil\u00f3metros para encumbrar al chaval como el segundo vencedor m\u00e1s joven de la historia del Tour de Francia: 21 a\u00f1os, 11 meses y 30 d\u00edas. Una ascensi\u00f3n en la que fue aclamado por unos espectadores alucinados. Su gloriosa imagen contrastaba con el sufrimiento extremo de Roglic: finaliz\u00f3 descompuesto, salivando, con el casco ladeado. La imagen de la derrota en el Tour de la pandemia.Lieja-Basto\u00f1a-Lieja. 25\/04\/2021. Victoria 23\u00aaSu primer Monumento lo rubric\u00f3 tras sorprender a los favoritos Valverde y Alaphilippe y a los combativos Gaudu y Woods. En el \u00faltimo tramo de la prueba neutraliz\u00f3 las ofensivas del espa\u00f1ol, que buscaba su quinto t\u00edtulo en LaDecana. ''Ganar aqu\u00ed es un sue\u00f1o. No soy qui\u00e9n para decir si soy el rey del ciclismo'', brome\u00f3 Pogacar.Strade Bianche. 05\/03\/2022. Victoria 34\u00aaTriunfo de autor en la cl\u00e1sica del sterrato, con una fuga de 50 kil\u00f3metros nacida en la colima de Sante Marie. Su ataque rompi\u00f3 a un pelot\u00f3n incapaz de organizarse para la neutralizaci\u00f3n. El esloveno se present\u00f3 en la plaza del Campo de Siena con 37 segundos de ventaja sobre Valverde.Tour de Flandes. 02\/04\/2023. Victoria 56\u00aaEl primer gran \u00e9xito que atentaba contra la l\u00f3gica. La cl\u00e1sica belga de muros y adoquines est\u00e1 destinada para el lucimiento de robustos rodadores, no para corredores livianos. El esloveno ejecut\u00f3 una demoledora estrategia de desgaste para eliminar a Van der Poel, Pedersen y Van Aert con tres ataques: el primero a 55 km de meta, en la subida al Viejo Kwaremont; el segundo a 44 km, en Paterberg, y el tercero, en un descenso a falta de 18 km. Lleg\u00f3 a la meta de Oudenaarde con 17 segundos de renta sobre Van der Poel.Giro de Italia. 25\/05\/2024. Victoria 76\u00aaToda la majestuosidad de Pogi qued\u00f3 reflejada en la segunda ascensi\u00f3n al Monte Grappa, en la pen\u00faltima jornada de su \u00fanico Giro de Italia. El esloveno, como ya hizo en muchas ocasiones, adelant\u00f3 que ir\u00eda a por la victoria porque esa cima se encuentra cerca de su pa\u00eds. Se march\u00f3 a falta de 36 kil\u00f3metros. Mientras otros se asfixiaban en la subida, \u00e9l ten\u00eda tiempo para regalar un bid\u00f3n a un ni\u00f1o y recriminar a un espectador por empujarle. Escal\u00f3 plet\u00f3rico y se present\u00f3 en la meta con dos minutos de ventaja sobre Valentin Paret-Peintre. Sexta victoria de etapa en una carrera que domin\u00f3 de manera insultante: fue l\u00edder desde la segunda jornada y super\u00f3 al segundo de la general, Daniel Felipe Mart\u00ednez, en cerca de 10 minutos.Mundial de ruta. 29\/092024. Victoria 86\u00aaLa cuadratura de c\u00edrculo. La culminaci\u00f3n de las escapadas \u00e9picas. En el campeonato de Z\u00farich se fug\u00f3 a falta de \u00a1\u00a1\u00a1100 kil\u00f3metros!!! ante la estupefacci\u00f3n de sus rivales. La gran locura. Salt\u00f3 en la cuarta de las siete subidas al muro de Witikon y durante m\u00e1s de dos horas mantuvo un pulso fren\u00e9tico con el pelot\u00f3n, con poco m\u00e1s de un minuto de ventaja. El final fue ag\u00f3nico, pero cuando comenz\u00f3 a menguar su ventaja y parec\u00eda que iba a ser neutralizado, exhibi\u00f3 una enorme capacidad de sufrimiento. Apret\u00f3 las manos en el manillar, aceler\u00f3 y se present\u00f3 en la meta con 34 segundos de ventaja sobre O'Connor. Mas fue octavo. Triple corona para Pogacar: Giro, Tour y Mundial en el mismo a\u00f1o, algo que s\u00f3lo hab\u00edan logrado Merckx y Roche.Giro de Lombard\u00eda. 12\/10\/2024. Victoria 88\u00aaUn soberbio ataque a 48,5 km de meta, en la subida a Colma di Sormano, proporcion\u00f3 a Pogi la cuarta edici\u00f3n consecutiva de la ronda italiana, igualando el r\u00e9cord de Coppi. Lleg\u00f3 a la meta con 3.16 de ventaja sobre Evenepoel, la mayor diferencia entre el primero y segundo clasificado desde 1971, cuando Merckx gan\u00f3 a Bitossi por 3.31.Crit\u00e9rium Dauphin\u00e9. 14\/06\/2025. Victoria 98\u00aaShow inolvidable en la etapa reina de la ronda francesa, con ascensiones a Madeleine y Croix-de-Fer y final en Valmeinier 1800. Una excursi\u00f3n con cerca de 5.000 metros de desnivel. En la \u00faltima subida, sin levantarse del sill\u00edn y a falta de 12 kil\u00f3metros para la meta, noque\u00f3 a Vingegaard y dej\u00f3 finiquitada la general de la carrera francesa, una de las pocas citas de una semana que faltaba en su rico palmar\u00e9s.","og_url":"https:\/\/vof-news.eu\/es\/pogacar-y-la-antologia-de-sus-10-hazanas-mas-memorables-granizo-sterrato-adoquines-y-fugas-de-100-kilometros\/","og_site_name":"vof-news.eu","article_published_time":"2025-07-08T20:20:24+00:00","article_modified_time":"2025-07-08T20:21:22+00:00","og_image":[{"width":1366,"height":910,"url":"https:\/\/vof-news.eu\/wp-content\/uploads\/2025\/07\/17519982622859.jpg","type":"image\/jpeg"}],"author":"Author","twitter_card":"summary_large_image","twitter_misc":{"Escrito por":"Author","Tiempo de lectura":"6 minutos"},"schema":{"@context":"https:\/\/schema.org","@graph":[{"@type":"WebPage","@id":"https:\/\/vof-news.eu\/es\/pogacar-y-la-antologia-de-sus-10-hazanas-mas-memorables-granizo-sterrato-adoquines-y-fugas-de-100-kilometros\/","url":"https:\/\/vof-news.eu\/es\/pogacar-y-la-antologia-de-sus-10-hazanas-mas-memorables-granizo-sterrato-adoquines-y-fugas-de-100-kilometros\/","name":"Pogacar y la antolog\u00eda de sus 10 haza\u00f1as m\u00e1s memorables: granizo, 'sterrato', adoquines y fugas de 100 kil\u00f3metros - vof-news.eu","isPartOf":{"@id":"https:\/\/vof-news.eu\/es\/#website"},"primaryImageOfPage":{"@id":"https:\/\/vof-news.eu\/es\/pogacar-y-la-antologia-de-sus-10-hazanas-mas-memorables-granizo-sterrato-adoquines-y-fugas-de-100-kilometros\/#primaryimage"},"image":{"@id":"https:\/\/vof-news.eu\/es\/pogacar-y-la-antologia-de-sus-10-hazanas-mas-memorables-granizo-sterrato-adoquines-y-fugas-de-100-kilometros\/#primaryimage"},"thumbnailUrl":"https:\/\/vof-news.eu\/wp-content\/uploads\/2025\/07\/17519982622859.jpg","datePublished":"2025-07-08T20:20:24+00:00","dateModified":"2025-07-08T20:21:22+00:00","author":{"@id":"https:\/\/vof-news.eu\/es\/#\/schema\/person\/f6a2a4309f0561835797fd8c19b333ed"},"description":"El pr\u00edncipe adorna su espl\u00e9ndido palmar\u00e9s con una cifra redonda en la cita m\u00e1s emblem\u00e1tica. Tadej Pogacar, como no pod\u00eda ser de otra forma, sum\u00f3 su victoria 100 en su querido Tour. Con 26 a\u00f1os ya superado a Miguel Indurain y Fausto Coppi y persigue a Jacques Anquetil (123) o Alejandro Valverde (133). Lejos quedan, entre otros, Bernard Hinault (146) y Eddy Merckx (279). \u00abLlegar a 100 en el Tour es algo incre\u00edble\u00bb, dijo al t\u00e9rmino de la etapa del martes. En su corta historia ya ha rubricado triunfos antol\u00f3gicos, como tres ediciones del Tour de Francia, un Giro de Italia, tres Lieja-Basto\u00f1a-Lieja, dos Tour de Flandes o cuatro Giros de Lombard\u00eda. Este es un dec\u00e1logo de un espect\u00e1culo sublime.Vuelta al Algarve. 21\/02\/2019. Victoria 1\u00aaEl debutante se present\u00f3 en sociedad con ese desparpajo que a\u00fan conserva. En una etapa con final en el puerto de Foia se situ\u00f3 a la estela de Poels, Enric Mas, Van Baarle y Geoghegan Hart y a falta de 300 metros les sorprendi\u00f3 con un explosivo sprint en rampa. Marca de la casa. P\u00fablico y rivales quedaron asombrados por el chico fichado por Matxin, ganador del Tour del Porvenir. El ne\u00f3fito se enfund\u00f3 el maillot de l\u00edder y mantuvo esa privilegiada posici\u00f3n hasta el final de la ronda. \"Es mi primera victoria en un equipo World Tour y eso supone que, hasta ahora, es el mejor d\u00eda de mi vida\", dijo Pogacar en aquella inolvidable fecha en la que comenz\u00f3 todo.Vuelta a Espa\u00f1a. 01\/09\/2019. Victoria 6\u00aaEl esloveno se estren\u00f3 en la ronda espa\u00f1ola imponi\u00e9ndose en la etapa m\u00e1s dantesca de este siglo. El trayecto entre Andorra y el alto de Els Cortals d'Encamp estuvo azotado por una brutal granizada. En el sterrato del \u00faltimo puerto, los corredores se retorc\u00edan y entre todos sobresal\u00eda la figura del ni\u00f1o prodigio, que super\u00f3 en la cima a Nairo Quintana por 23 segundos y a Primoz Roglic por 48. ''Hemos tenido unas condiciones extremas, el fr\u00edo ha sido terrible'', exclam\u00f3 el colombiano. ''Pogacar no es una apuesta, sino una certeza. Es un campe\u00f3n'', avisaba Matxin. En esa edici\u00f3n, Pogacar tambi\u00e9n gan\u00f3 en Los Machucos y la Plataforma de Gredos. Fue tercero en la general.Tour. 19\/09\/2020. Victoria 16\u00aaCronoescalada antol\u00f3gica entre Lure y La Planches des belles Filles, 36,2 kil\u00f3metros para encumbrar al chaval como el segundo vencedor m\u00e1s joven de la historia del Tour de Francia: 21 a\u00f1os, 11 meses y 30 d\u00edas. Una ascensi\u00f3n en la que fue aclamado por unos espectadores alucinados. Su gloriosa imagen contrastaba con el sufrimiento extremo de Roglic: finaliz\u00f3 descompuesto, salivando, con el casco ladeado. La imagen de la derrota en el Tour de la pandemia.Lieja-Basto\u00f1a-Lieja. 25\/04\/2021. Victoria 23\u00aaSu primer Monumento lo rubric\u00f3 tras sorprender a los favoritos Valverde y Alaphilippe y a los combativos Gaudu y Woods. En el \u00faltimo tramo de la prueba neutraliz\u00f3 las ofensivas del espa\u00f1ol, que buscaba su quinto t\u00edtulo en LaDecana. ''Ganar aqu\u00ed es un sue\u00f1o. No soy qui\u00e9n para decir si soy el rey del ciclismo'', brome\u00f3 Pogacar.Strade Bianche. 05\/03\/2022. Victoria 34\u00aaTriunfo de autor en la cl\u00e1sica del sterrato, con una fuga de 50 kil\u00f3metros nacida en la colima de Sante Marie. Su ataque rompi\u00f3 a un pelot\u00f3n incapaz de organizarse para la neutralizaci\u00f3n. El esloveno se present\u00f3 en la plaza del Campo de Siena con 37 segundos de ventaja sobre Valverde.Tour de Flandes. 02\/04\/2023. Victoria 56\u00aaEl primer gran \u00e9xito que atentaba contra la l\u00f3gica. La cl\u00e1sica belga de muros y adoquines est\u00e1 destinada para el lucimiento de robustos rodadores, no para corredores livianos. El esloveno ejecut\u00f3 una demoledora estrategia de desgaste para eliminar a Van der Poel, Pedersen y Van Aert con tres ataques: el primero a 55 km de meta, en la subida al Viejo Kwaremont; el segundo a 44 km, en Paterberg, y el tercero, en un descenso a falta de 18 km. Lleg\u00f3 a la meta de Oudenaarde con 17 segundos de renta sobre Van der Poel.Giro de Italia. 25\/05\/2024. Victoria 76\u00aaToda la majestuosidad de Pogi qued\u00f3 reflejada en la segunda ascensi\u00f3n al Monte Grappa, en la pen\u00faltima jornada de su \u00fanico Giro de Italia. El esloveno, como ya hizo en muchas ocasiones, adelant\u00f3 que ir\u00eda a por la victoria porque esa cima se encuentra cerca de su pa\u00eds. Se march\u00f3 a falta de 36 kil\u00f3metros. Mientras otros se asfixiaban en la subida, \u00e9l ten\u00eda tiempo para regalar un bid\u00f3n a un ni\u00f1o y recriminar a un espectador por empujarle. Escal\u00f3 plet\u00f3rico y se present\u00f3 en la meta con dos minutos de ventaja sobre Valentin Paret-Peintre. Sexta victoria de etapa en una carrera que domin\u00f3 de manera insultante: fue l\u00edder desde la segunda jornada y super\u00f3 al segundo de la general, Daniel Felipe Mart\u00ednez, en cerca de 10 minutos.Mundial de ruta. 29\/092024. Victoria 86\u00aaLa cuadratura de c\u00edrculo. La culminaci\u00f3n de las escapadas \u00e9picas. En el campeonato de Z\u00farich se fug\u00f3 a falta de \u00a1\u00a1\u00a1100 kil\u00f3metros!!! ante la estupefacci\u00f3n de sus rivales. La gran locura. Salt\u00f3 en la cuarta de las siete subidas al muro de Witikon y durante m\u00e1s de dos horas mantuvo un pulso fren\u00e9tico con el pelot\u00f3n, con poco m\u00e1s de un minuto de ventaja. El final fue ag\u00f3nico, pero cuando comenz\u00f3 a menguar su ventaja y parec\u00eda que iba a ser neutralizado, exhibi\u00f3 una enorme capacidad de sufrimiento. Apret\u00f3 las manos en el manillar, aceler\u00f3 y se present\u00f3 en la meta con 34 segundos de ventaja sobre O'Connor. Mas fue octavo. Triple corona para Pogacar: Giro, Tour y Mundial en el mismo a\u00f1o, algo que s\u00f3lo hab\u00edan logrado Merckx y Roche.Giro de Lombard\u00eda. 12\/10\/2024. Victoria 88\u00aaUn soberbio ataque a 48,5 km de meta, en la subida a Colma di Sormano, proporcion\u00f3 a Pogi la cuarta edici\u00f3n consecutiva de la ronda italiana, igualando el r\u00e9cord de Coppi. Lleg\u00f3 a la meta con 3.16 de ventaja sobre Evenepoel, la mayor diferencia entre el primero y segundo clasificado desde 1971, cuando Merckx gan\u00f3 a Bitossi por 3.31.Crit\u00e9rium Dauphin\u00e9. 14\/06\/2025. Victoria 98\u00aaShow inolvidable en la etapa reina de la ronda francesa, con ascensiones a Madeleine y Croix-de-Fer y final en Valmeinier 1800. Una excursi\u00f3n con cerca de 5.000 metros de desnivel. En la \u00faltima subida, sin levantarse del sill\u00edn y a falta de 12 kil\u00f3metros para la meta, noque\u00f3 a Vingegaard y dej\u00f3 finiquitada la general de la carrera francesa, una de las pocas citas de una semana que faltaba en su rico palmar\u00e9s.","breadcrumb":{"@id":"https:\/\/vof-news.eu\/es\/pogacar-y-la-antologia-de-sus-10-hazanas-mas-memorables-granizo-sterrato-adoquines-y-fugas-de-100-kilometros\/#breadcrumb"},"inLanguage":"es","potentialAction":[{"@type":"ReadAction","target":["https:\/\/vof-news.eu\/es\/pogacar-y-la-antologia-de-sus-10-hazanas-mas-memorables-granizo-sterrato-adoquines-y-fugas-de-100-kilometros\/"]}]},{"@type":"ImageObject","inLanguage":"es","@id":"https:\/\/vof-news.eu\/es\/pogacar-y-la-antologia-de-sus-10-hazanas-mas-memorables-granizo-sterrato-adoquines-y-fugas-de-100-kilometros\/#primaryimage","url":"https:\/\/vof-news.eu\/wp-content\/uploads\/2025\/07\/17519982622859.jpg","contentUrl":"https:\/\/vof-news.eu\/wp-content\/uploads\/2025\/07\/17519982622859.jpg","width":1366,"height":910},{"@type":"BreadcrumbList","@id":"https:\/\/vof-news.eu\/es\/pogacar-y-la-antologia-de-sus-10-hazanas-mas-memorables-granizo-sterrato-adoquines-y-fugas-de-100-kilometros\/#breadcrumb","itemListElement":[{"@type":"ListItem","position":1,"name":"Home","item":"https:\/\/vof-news.eu\/es\/"},{"@type":"ListItem","position":2,"name":"Pogacar y la antolog\u00eda de sus 10 haza\u00f1as m\u00e1s memorables: granizo, &#8216;sterrato&#8217;, adoquines y fugas de 100 kil\u00f3metros"}]},{"@type":"WebSite","@id":"https:\/\/vof-news.eu\/es\/#website","url":"https:\/\/vof-news.eu\/es\/","name":"vof-news.eu","description":"","potentialAction":[{"@type":"SearchAction","target":{"@type":"EntryPoint","urlTemplate":"https:\/\/vof-news.eu\/es\/?s={search_term_string}"},"query-input":"required name=search_term_string"}],"inLanguage":"es"},{"@type":"Person","@id":"https:\/\/vof-news.eu\/es\/#\/schema\/person\/f6a2a4309f0561835797fd8c19b333ed","name":"Author","image":{"@type":"ImageObject","inLanguage":"es","@id":"https:\/\/vof-news.eu\/es\/#\/schema\/person\/image\/","url":"https:\/\/secure.gravatar.com\/avatar\/b67e614b1b25b3e9c0c239efdd2fde5ab015b5affd6f1c3c85911ca4b384e790?s=96&d=mm&r=g","contentUrl":"https:\/\/secure.gravatar.com\/avatar\/b67e614b1b25b3e9c0c239efdd2fde5ab015b5affd6f1c3c85911ca4b384e790?s=96&d=mm&r=g","caption":"Author"},"sameAs":["http:\/\/vof-news.eu"],"url":"https:\/\/vof-news.eu\/es\/author\/zwt6qxnjulxbnyg\/"}]}},"yoast_meta":{"yoast_wpseo_title":"","yoast_wpseo_metadesc":"","yoast_wpseo_canonical":""},"_links":{"self":[{"href":"https:\/\/vof-news.eu\/es\/wp-json\/wp\/v2\/posts\/249961","targetHints":{"allow":["GET"]}}],"collection":[{"href":"https:\/\/vof-news.eu\/es\/wp-json\/wp\/v2\/posts"}],"about":[{"href":"https:\/\/vof-news.eu\/es\/wp-json\/wp\/v2\/types\/post"}],"author":[{"embeddable":true,"href":"https:\/\/vof-news.eu\/es\/wp-json\/wp\/v2\/users\/1"}],"replies":[{"embeddable":true,"href":"https:\/\/vof-news.eu\/es\/wp-json\/wp\/v2\/comments?post=249961"}],"version-history":[{"count":1,"href":"https:\/\/vof-news.eu\/es\/wp-json\/wp\/v2\/posts\/249961\/revisions"}],"predecessor-version":[{"id":249968,"href":"https:\/\/vof-news.eu\/es\/wp-json\/wp\/v2\/posts\/249961\/revisions\/249968"}],"wp:featuredmedia":[{"embeddable":true,"href":"https:\/\/vof-news.eu\/es\/wp-json\/wp\/v2\/media\/249962"}],"wp:attachment":[{"href":"https:\/\/vof-news.eu\/es\/wp-json\/wp\/v2\/media?parent=249961"}],"wp:term":[{"taxonomy":"category","embeddable":true,"href":"https:\/\/vof-news.eu\/es\/wp-json\/wp\/v2\/categories?post=249961"},{"taxonomy":"post_tag","embeddable":true,"href":"https:\/\/vof-news.eu\/es\/wp-json\/wp\/v2\/tags?post=249961"}],"curies":[{"name":"wp","href":"https:\/\/api.w.org\/{rel}","templated":true}]}}