{"id":249741,"date":"2025-07-08T19:18:26","date_gmt":"2025-07-08T16:18:26","guid":{"rendered":"https:\/\/vof-news.eu\/el-consejero-delegado-de-ryanair-sigue-con-la-polemica-sobre-el-equipaje-de-mano-quiero-que-los-pasajeros-vuelen-sin-maletas\/"},"modified":"2025-07-08T19:18:41","modified_gmt":"2025-07-08T16:18:41","slug":"el-consejero-delegado-de-ryanair-sigue-con-la-polemica-sobre-el-equipaje-de-mano-quiero-que-los-pasajeros-vuelen-sin-maletas","status":"publish","type":"post","link":"https:\/\/vof-news.eu\/es\/el-consejero-delegado-de-ryanair-sigue-con-la-polemica-sobre-el-equipaje-de-mano-quiero-que-los-pasajeros-vuelen-sin-maletas\/","title":{"rendered":"El consejero delegado de Ryanair sigue con la pol\u00e9mica sobre el equipaje de mano: \u201cQuiero que los pasajeros vuelen sin maletas\u201d"},"content":{"rendered":"<div>\n<p>\n        El consejero delegado del grupo Ryanair, Michael O&#8217;Leary, ha se\u00f1alado este martes que la intenci\u00f3n de la compa\u00f1\u00eda no es enriquecerse con el cobro de las maletas y que su objetivo es conseguir que los pasajeros vuelen con el menor equipaje posible, seg\u00fan recoge Europa Press.\n    <\/p>\n<p>\n        \u201cNo quiero ning\u00fan dinero de las maletas. Prefiero que los pasajeros vuelen sin maletas\u201d, ha resaltado durante un encuentro con periodistas en la sede de la aerol\u00ednea en Dubl\u00edn (Irlanda), alegando que, con menos maletas, el coste de operar un vuelo es m\u00e1s bajo, lo que se traduce en billetes m\u00e1s baratos.\n    <\/p>\n<p>\n        Ryanair se ha visto envuelta en una pol\u00e9mica durante el \u00faltimo a\u00f1o, despu\u00e9s de que el Ministerio de Consumo le impusiera una multa de 107 millones de euros por supuestas pr\u00e1cticas \u201cabusivas\u201d, entre ellas el cobro por equipaje de cabina.\n    <\/p>\n<p>\n        \u201cAl final, si miras el hecho de que en el a\u00f1o pasado cargamos a 60 millones de pasajeros en Espa\u00f1a, tenemos un gran apoyo en Espa\u00f1a\u201d, ha se\u00f1alado el directivo, afirmando a su vez que no tiene ninguna duda de que resultar\u00e1n \u201cganadores\u201d a largo plazo en la batalla por la cuesti\u00f3n.\n    <\/p>\n<p>\n        En su defensa, ha indicado que transportar maletas de cabina \u201ccuesta dinero\u201d. \u201cTenemos personas empleadas para poner las maletas en el avi\u00f3n, el avi\u00f3n pesa m\u00e1s y consume m\u00e1s combustible\u201d, ha recalcado para justificar el cobro por este servicio.\n    <\/p>\n<p>\n        Por eso, considera que el cobro por este servicio \u201cextra\u201d, que \u201cno busca m\u00e1s que la eficiencia operativa\u201d, es necesario para seguir manteniendo su pol\u00edtica de tarifas bajas.\n    <\/p>\n<\/div>\n","protected":false},"excerpt":{"rendered":"<p>El consejero delegado del grupo Ryanair, Michael O&#8217;Leary, ha se\u00f1alado este martes que la intenci\u00f3n de la compa\u00f1\u00eda no es enriquecerse con el cobro de las maletas y que su objetivo es conseguir que los pasajeros vuelen con el menor equipaje posible, seg\u00fan recoge Europa Press. \u201cNo quiero ning\u00fan dinero de las maletas. Prefiero que<\/p>\n","protected":false},"author":1,"featured_media":249742,"comment_status":"open","ping_status":"open","sticky":false,"template":"","format":"standard","meta":{"footnotes":""},"categories":[61],"tags":[],"class_list":["post-249741","post","type-post","status-publish","format-standard","has-post-thumbnail","hentry","category-business-es"],"acf":[],"yoast_head":"<!-- This site is optimized with the Yoast SEO plugin v22.9 - https:\/\/yoast.com\/wordpress\/plugins\/seo\/ -->\n<title>El consejero delegado de Ryanair sigue con la pol\u00e9mica sobre el equipaje de mano: \u201cQuiero que los pasajeros vuelen sin maletas\u201d - vof-news.eu<\/title>\n<meta name=\"description\" content=\"El consejero delegado del grupo Ryanair, Michael O&#039;Leary, ha se\u00f1alado este martes que la intenci\u00f3n de la compa\u00f1\u00eda no es enriquecerse con el cobro de las maletas y que su objetivo es conseguir que los pasajeros vuelen con el menor equipaje posible, seg\u00fan recoge Europa Press.\" \/>\n<meta name=\"robots\" content=\"noindex, follow, max-snippet:-1, max-image-preview:large, max-video-preview:-1\" \/>\n<meta property=\"og:locale\" content=\"es_ES\" \/>\n<meta property=\"og:type\" content=\"article\" \/>\n<meta property=\"og:title\" content=\"El consejero delegado de Ryanair sigue con la pol\u00e9mica sobre el equipaje de mano: \u201cQuiero que los pasajeros vuelen sin maletas\u201d - vof-news.eu\" \/>\n<meta property=\"og:description\" content=\"El consejero delegado del grupo Ryanair, Michael O&#039;Leary, ha se\u00f1alado este martes que la intenci\u00f3n de la compa\u00f1\u00eda no es enriquecerse con el cobro de las maletas y que su objetivo es conseguir que los pasajeros vuelen con el menor equipaje posible, seg\u00fan recoge Europa Press.\" \/>\n<meta property=\"og:url\" content=\"https:\/\/vof-news.eu\/es\/el-consejero-delegado-de-ryanair-sigue-con-la-polemica-sobre-el-equipaje-de-mano-quiero-que-los-pasajeros-vuelen-sin-maletas\/\" \/>\n<meta property=\"og:site_name\" content=\"vof-news.eu\" \/>\n<meta property=\"article:published_time\" content=\"2025-07-08T16:18:26+00:00\" \/>\n<meta property=\"article:modified_time\" content=\"2025-07-08T16:18:41+00:00\" \/>\n<meta property=\"og:image\" content=\"https:\/\/vof-news.eu\/wp-content\/uploads\/2025\/07\/569153f9-90d3-4fe9-bc98-2871f59f6367_16-9-discover-aspect-ratio_default_0.jpg\" \/>\n\t<meta property=\"og:image:width\" content=\"1200\" \/>\n\t<meta property=\"og:image:height\" content=\"675\" \/>\n\t<meta property=\"og:image:type\" content=\"image\/jpeg\" \/>\n<meta name=\"author\" content=\"Author\" \/>\n<meta name=\"twitter:card\" content=\"summary_large_image\" \/>\n<meta name=\"twitter:label1\" content=\"Escrito por\" \/>\n\t<meta name=\"twitter:data1\" content=\"Author\" \/>\n\t<meta name=\"twitter:label2\" content=\"Tiempo de lectura\" \/>\n\t<meta name=\"twitter:data2\" content=\"1 minuto\" \/>\n<script type=\"application\/ld+json\" class=\"yoast-schema-graph\">{\"@context\":\"https:\/\/schema.org\",\"@graph\":[{\"@type\":\"WebPage\",\"@id\":\"https:\/\/vof-news.eu\/es\/el-consejero-delegado-de-ryanair-sigue-con-la-polemica-sobre-el-equipaje-de-mano-quiero-que-los-pasajeros-vuelen-sin-maletas\/\",\"url\":\"https:\/\/vof-news.eu\/es\/el-consejero-delegado-de-ryanair-sigue-con-la-polemica-sobre-el-equipaje-de-mano-quiero-que-los-pasajeros-vuelen-sin-maletas\/\",\"name\":\"El consejero delegado de Ryanair sigue con la pol\u00e9mica sobre el equipaje de mano: \u201cQuiero que los pasajeros vuelen sin maletas\u201d - vof-news.eu\",\"isPartOf\":{\"@id\":\"https:\/\/vof-news.eu\/es\/#website\"},\"primaryImageOfPage\":{\"@id\":\"https:\/\/vof-news.eu\/es\/el-consejero-delegado-de-ryanair-sigue-con-la-polemica-sobre-el-equipaje-de-mano-quiero-que-los-pasajeros-vuelen-sin-maletas\/#primaryimage\"},\"image\":{\"@id\":\"https:\/\/vof-news.eu\/es\/el-consejero-delegado-de-ryanair-sigue-con-la-polemica-sobre-el-equipaje-de-mano-quiero-que-los-pasajeros-vuelen-sin-maletas\/#primaryimage\"},\"thumbnailUrl\":\"https:\/\/vof-news.eu\/wp-content\/uploads\/2025\/07\/569153f9-90d3-4fe9-bc98-2871f59f6367_16-9-discover-aspect-ratio_default_0.jpg\",\"datePublished\":\"2025-07-08T16:18:26+00:00\",\"dateModified\":\"2025-07-08T16:18:41+00:00\",\"author\":{\"@id\":\"https:\/\/vof-news.eu\/es\/#\/schema\/person\/f6a2a4309f0561835797fd8c19b333ed\"},\"description\":\"El consejero delegado del grupo Ryanair, Michael O'Leary, ha se\u00f1alado este martes que la intenci\u00f3n de la compa\u00f1\u00eda no es enriquecerse con el cobro de las maletas y que su objetivo es conseguir que los pasajeros vuelen con el menor equipaje posible, seg\u00fan recoge Europa Press.\",\"breadcrumb\":{\"@id\":\"https:\/\/vof-news.eu\/es\/el-consejero-delegado-de-ryanair-sigue-con-la-polemica-sobre-el-equipaje-de-mano-quiero-que-los-pasajeros-vuelen-sin-maletas\/#breadcrumb\"},\"inLanguage\":\"es\",\"potentialAction\":[{\"@type\":\"ReadAction\",\"target\":[\"https:\/\/vof-news.eu\/es\/el-consejero-delegado-de-ryanair-sigue-con-la-polemica-sobre-el-equipaje-de-mano-quiero-que-los-pasajeros-vuelen-sin-maletas\/\"]}]},{\"@type\":\"ImageObject\",\"inLanguage\":\"es\",\"@id\":\"https:\/\/vof-news.eu\/es\/el-consejero-delegado-de-ryanair-sigue-con-la-polemica-sobre-el-equipaje-de-mano-quiero-que-los-pasajeros-vuelen-sin-maletas\/#primaryimage\",\"url\":\"https:\/\/vof-news.eu\/wp-content\/uploads\/2025\/07\/569153f9-90d3-4fe9-bc98-2871f59f6367_16-9-discover-aspect-ratio_default_0.jpg\",\"contentUrl\":\"https:\/\/vof-news.eu\/wp-content\/uploads\/2025\/07\/569153f9-90d3-4fe9-bc98-2871f59f6367_16-9-discover-aspect-ratio_default_0.jpg\",\"width\":1200,\"height\":675},{\"@type\":\"BreadcrumbList\",\"@id\":\"https:\/\/vof-news.eu\/es\/el-consejero-delegado-de-ryanair-sigue-con-la-polemica-sobre-el-equipaje-de-mano-quiero-que-los-pasajeros-vuelen-sin-maletas\/#breadcrumb\",\"itemListElement\":[{\"@type\":\"ListItem\",\"position\":1,\"name\":\"Home\",\"item\":\"https:\/\/vof-news.eu\/es\/\"},{\"@type\":\"ListItem\",\"position\":2,\"name\":\"El consejero delegado de Ryanair sigue con la pol\u00e9mica sobre el equipaje de mano: \u201cQuiero que los pasajeros vuelen sin maletas\u201d\"}]},{\"@type\":\"WebSite\",\"@id\":\"https:\/\/vof-news.eu\/es\/#website\",\"url\":\"https:\/\/vof-news.eu\/es\/\",\"name\":\"vof-news.eu\",\"description\":\"\",\"potentialAction\":[{\"@type\":\"SearchAction\",\"target\":{\"@type\":\"EntryPoint\",\"urlTemplate\":\"https:\/\/vof-news.eu\/es\/?s={search_term_string}\"},\"query-input\":\"required name=search_term_string\"}],\"inLanguage\":\"es\"},{\"@type\":\"Person\",\"@id\":\"https:\/\/vof-news.eu\/es\/#\/schema\/person\/f6a2a4309f0561835797fd8c19b333ed\",\"name\":\"Author\",\"image\":{\"@type\":\"ImageObject\",\"inLanguage\":\"es\",\"@id\":\"https:\/\/vof-news.eu\/es\/#\/schema\/person\/image\/\",\"url\":\"https:\/\/secure.gravatar.com\/avatar\/b67e614b1b25b3e9c0c239efdd2fde5ab015b5affd6f1c3c85911ca4b384e790?s=96&d=mm&r=g\",\"contentUrl\":\"https:\/\/secure.gravatar.com\/avatar\/b67e614b1b25b3e9c0c239efdd2fde5ab015b5affd6f1c3c85911ca4b384e790?s=96&d=mm&r=g\",\"caption\":\"Author\"},\"sameAs\":[\"http:\/\/vof-news.eu\"],\"url\":\"https:\/\/vof-news.eu\/es\/author\/zwt6qxnjulxbnyg\/\"}]}<\/script>\n<!-- \/ Yoast SEO plugin. -->","yoast_head_json":{"title":"El consejero delegado de Ryanair sigue con la pol\u00e9mica sobre el equipaje de mano: \u201cQuiero que los pasajeros vuelen sin maletas\u201d - vof-news.eu","description":"El consejero delegado del grupo Ryanair, Michael O'Leary, ha se\u00f1alado este martes que la intenci\u00f3n de la compa\u00f1\u00eda no es enriquecerse con el cobro de las maletas y que su objetivo es conseguir que los pasajeros vuelen con el menor equipaje posible, seg\u00fan recoge Europa Press.","robots":{"index":"noindex","follow":"follow","max-snippet":"max-snippet:-1","max-image-preview":"max-image-preview:large","max-video-preview":"max-video-preview:-1"},"og_locale":"es_ES","og_type":"article","og_title":"El consejero delegado de Ryanair sigue con la pol\u00e9mica sobre el equipaje de mano: \u201cQuiero que los pasajeros vuelen sin maletas\u201d - vof-news.eu","og_description":"El consejero delegado del grupo Ryanair, Michael O'Leary, ha se\u00f1alado este martes que la intenci\u00f3n de la compa\u00f1\u00eda no es enriquecerse con el cobro de las maletas y que su objetivo es conseguir que los pasajeros vuelen con el menor equipaje posible, seg\u00fan recoge Europa Press.","og_url":"https:\/\/vof-news.eu\/es\/el-consejero-delegado-de-ryanair-sigue-con-la-polemica-sobre-el-equipaje-de-mano-quiero-que-los-pasajeros-vuelen-sin-maletas\/","og_site_name":"vof-news.eu","article_published_time":"2025-07-08T16:18:26+00:00","article_modified_time":"2025-07-08T16:18:41+00:00","og_image":[{"width":1200,"height":675,"url":"https:\/\/vof-news.eu\/wp-content\/uploads\/2025\/07\/569153f9-90d3-4fe9-bc98-2871f59f6367_16-9-discover-aspect-ratio_default_0.jpg","type":"image\/jpeg"}],"author":"Author","twitter_card":"summary_large_image","twitter_misc":{"Escrito por":"Author","Tiempo de lectura":"1 minuto"},"schema":{"@context":"https:\/\/schema.org","@graph":[{"@type":"WebPage","@id":"https:\/\/vof-news.eu\/es\/el-consejero-delegado-de-ryanair-sigue-con-la-polemica-sobre-el-equipaje-de-mano-quiero-que-los-pasajeros-vuelen-sin-maletas\/","url":"https:\/\/vof-news.eu\/es\/el-consejero-delegado-de-ryanair-sigue-con-la-polemica-sobre-el-equipaje-de-mano-quiero-que-los-pasajeros-vuelen-sin-maletas\/","name":"El consejero delegado de Ryanair sigue con la pol\u00e9mica sobre el equipaje de mano: \u201cQuiero que los pasajeros vuelen sin maletas\u201d - vof-news.eu","isPartOf":{"@id":"https:\/\/vof-news.eu\/es\/#website"},"primaryImageOfPage":{"@id":"https:\/\/vof-news.eu\/es\/el-consejero-delegado-de-ryanair-sigue-con-la-polemica-sobre-el-equipaje-de-mano-quiero-que-los-pasajeros-vuelen-sin-maletas\/#primaryimage"},"image":{"@id":"https:\/\/vof-news.eu\/es\/el-consejero-delegado-de-ryanair-sigue-con-la-polemica-sobre-el-equipaje-de-mano-quiero-que-los-pasajeros-vuelen-sin-maletas\/#primaryimage"},"thumbnailUrl":"https:\/\/vof-news.eu\/wp-content\/uploads\/2025\/07\/569153f9-90d3-4fe9-bc98-2871f59f6367_16-9-discover-aspect-ratio_default_0.jpg","datePublished":"2025-07-08T16:18:26+00:00","dateModified":"2025-07-08T16:18:41+00:00","author":{"@id":"https:\/\/vof-news.eu\/es\/#\/schema\/person\/f6a2a4309f0561835797fd8c19b333ed"},"description":"El consejero delegado del grupo Ryanair, Michael O'Leary, ha se\u00f1alado este martes que la intenci\u00f3n de la compa\u00f1\u00eda no es enriquecerse con el cobro de las maletas y que su objetivo es conseguir que los pasajeros vuelen con el menor equipaje posible, seg\u00fan recoge Europa Press.","breadcrumb":{"@id":"https:\/\/vof-news.eu\/es\/el-consejero-delegado-de-ryanair-sigue-con-la-polemica-sobre-el-equipaje-de-mano-quiero-que-los-pasajeros-vuelen-sin-maletas\/#breadcrumb"},"inLanguage":"es","potentialAction":[{"@type":"ReadAction","target":["https:\/\/vof-news.eu\/es\/el-consejero-delegado-de-ryanair-sigue-con-la-polemica-sobre-el-equipaje-de-mano-quiero-que-los-pasajeros-vuelen-sin-maletas\/"]}]},{"@type":"ImageObject","inLanguage":"es","@id":"https:\/\/vof-news.eu\/es\/el-consejero-delegado-de-ryanair-sigue-con-la-polemica-sobre-el-equipaje-de-mano-quiero-que-los-pasajeros-vuelen-sin-maletas\/#primaryimage","url":"https:\/\/vof-news.eu\/wp-content\/uploads\/2025\/07\/569153f9-90d3-4fe9-bc98-2871f59f6367_16-9-discover-aspect-ratio_default_0.jpg","contentUrl":"https:\/\/vof-news.eu\/wp-content\/uploads\/2025\/07\/569153f9-90d3-4fe9-bc98-2871f59f6367_16-9-discover-aspect-ratio_default_0.jpg","width":1200,"height":675},{"@type":"BreadcrumbList","@id":"https:\/\/vof-news.eu\/es\/el-consejero-delegado-de-ryanair-sigue-con-la-polemica-sobre-el-equipaje-de-mano-quiero-que-los-pasajeros-vuelen-sin-maletas\/#breadcrumb","itemListElement":[{"@type":"ListItem","position":1,"name":"Home","item":"https:\/\/vof-news.eu\/es\/"},{"@type":"ListItem","position":2,"name":"El consejero delegado de Ryanair sigue con la pol\u00e9mica sobre el equipaje de mano: \u201cQuiero que los pasajeros vuelen sin maletas\u201d"}]},{"@type":"WebSite","@id":"https:\/\/vof-news.eu\/es\/#website","url":"https:\/\/vof-news.eu\/es\/","name":"vof-news.eu","description":"","potentialAction":[{"@type":"SearchAction","target":{"@type":"EntryPoint","urlTemplate":"https:\/\/vof-news.eu\/es\/?s={search_term_string}"},"query-input":"required name=search_term_string"}],"inLanguage":"es"},{"@type":"Person","@id":"https:\/\/vof-news.eu\/es\/#\/schema\/person\/f6a2a4309f0561835797fd8c19b333ed","name":"Author","image":{"@type":"ImageObject","inLanguage":"es","@id":"https:\/\/vof-news.eu\/es\/#\/schema\/person\/image\/","url":"https:\/\/secure.gravatar.com\/avatar\/b67e614b1b25b3e9c0c239efdd2fde5ab015b5affd6f1c3c85911ca4b384e790?s=96&d=mm&r=g","contentUrl":"https:\/\/secure.gravatar.com\/avatar\/b67e614b1b25b3e9c0c239efdd2fde5ab015b5affd6f1c3c85911ca4b384e790?s=96&d=mm&r=g","caption":"Author"},"sameAs":["http:\/\/vof-news.eu"],"url":"https:\/\/vof-news.eu\/es\/author\/zwt6qxnjulxbnyg\/"}]}},"yoast_meta":{"yoast_wpseo_title":"","yoast_wpseo_metadesc":"","yoast_wpseo_canonical":""},"_links":{"self":[{"href":"https:\/\/vof-news.eu\/es\/wp-json\/wp\/v2\/posts\/249741","targetHints":{"allow":["GET"]}}],"collection":[{"href":"https:\/\/vof-news.eu\/es\/wp-json\/wp\/v2\/posts"}],"about":[{"href":"https:\/\/vof-news.eu\/es\/wp-json\/wp\/v2\/types\/post"}],"author":[{"embeddable":true,"href":"https:\/\/vof-news.eu\/es\/wp-json\/wp\/v2\/users\/1"}],"replies":[{"embeddable":true,"href":"https:\/\/vof-news.eu\/es\/wp-json\/wp\/v2\/comments?post=249741"}],"version-history":[{"count":1,"href":"https:\/\/vof-news.eu\/es\/wp-json\/wp\/v2\/posts\/249741\/revisions"}],"predecessor-version":[{"id":249748,"href":"https:\/\/vof-news.eu\/es\/wp-json\/wp\/v2\/posts\/249741\/revisions\/249748"}],"wp:featuredmedia":[{"embeddable":true,"href":"https:\/\/vof-news.eu\/es\/wp-json\/wp\/v2\/media\/249742"}],"wp:attachment":[{"href":"https:\/\/vof-news.eu\/es\/wp-json\/wp\/v2\/media?parent=249741"}],"wp:term":[{"taxonomy":"category","embeddable":true,"href":"https:\/\/vof-news.eu\/es\/wp-json\/wp\/v2\/categories?post=249741"},{"taxonomy":"post_tag","embeddable":true,"href":"https:\/\/vof-news.eu\/es\/wp-json\/wp\/v2\/tags?post=249741"}],"curies":[{"name":"wp","href":"https:\/\/api.w.org\/{rel}","templated":true}]}}