{"id":249629,"date":"2025-07-08T17:19:19","date_gmt":"2025-07-08T14:19:19","guid":{"rendered":"https:\/\/vof-news.eu\/el-plan-de-derechos-culturales-de-urtasun-tras-ano-y-medio-de-trabajo-ayudas-a-sindicatos-mas-memoria-historica-y-un-cambio-improbable-en-la-ley-de-contratos\/"},"modified":"2025-07-08T17:19:47","modified_gmt":"2025-07-08T14:19:47","slug":"el-plan-de-derechos-culturales-de-urtasun-tras-ano-y-medio-de-trabajo-ayudas-a-sindicatos-mas-memoria-historica-y-un-cambio-improbable-en-la-ley-de-contratos","status":"publish","type":"post","link":"https:\/\/vof-news.eu\/es\/el-plan-de-derechos-culturales-de-urtasun-tras-ano-y-medio-de-trabajo-ayudas-a-sindicatos-mas-memoria-historica-y-un-cambio-improbable-en-la-ley-de-contratos\/","title":{"rendered":"El Plan de Derechos Culturales de Urtasun tras a\u00f1o y medio de trabajo: ayudas a sindicatos, m\u00e1s memoria hist\u00f3rica y un cambio improbable en la Ley de Contratos"},"content":{"rendered":"<div>\n<p>En enero de 2024, el ministro de Cultura, Ernest Urtasun, anunciaba en el Congreso de los Diputados la creaci\u00f3n de la Direcci\u00f3n de Derechos Culturales, <a href=\"https:\/\/www.elmundo.es\/cultura\/2024\/02\/21\/65d5d8e221efa00a138b45bd.html\" rel=\"nofollow\">dirigida por Jazm\u00edn Beirak<\/a> desde febrero de ese a\u00f1o, para poner en marcha un<strong> Plan de Derechos Culturales<\/strong>. Un a\u00f1o y medio despu\u00e9s, ese plan se ha convertido en una realidad. Al menos, sobre el papel. Porque el horizonte que se fija desde el Ministerio es que sus 146 medidas est\u00e9n plenamente en funcionamiento en el a\u00f1o 2030, m\u00e1s all\u00e1 del final de la actual legislatura en la que deber\u00edan estar funcionando unas 100.<\/p>\n<p><strong>En el acuerdo de Gobierno de PSOE y Sumar ya se recog\u00eda el compromiso de impulsar una Ley de Derechos Culturales <\/strong>que, ante la debilidad parlamentaria del Ejecutivo, no se ha planteado. De ah\u00ed que el Ministerio de Cultura haya puesto en marcha un plan, cuyas medidas en su mayor\u00eda no requieren de la aprobaci\u00f3n del Congreso. Un plan que traslada muchos de los postulados pol\u00edticos de Sumar al \u00e1mbito de la cultura: un aumento de subvenciones y descuentos a colectivos vulnerables, asociaciones y sindicatos culturales, proyectos de especial impacto social; la aplicaci\u00f3n de medidas de g\u00e9nero en las pol\u00edticas p\u00fablicas; la profundizaci\u00f3n en las pol\u00edticas de Memoria Democr\u00e1tica&#8230;<\/p>\n<p>El Plan de Derechos Culturales, seg\u00fan ha desgranado Jazmin Beirak en un encuentro con la prensa previo a su presentaci\u00f3n, <strong>cuenta con un Presupuesto de 79 millones de euros, de los cuales 46 son nuevas inversiones<\/strong> pese a que los Presupuestos Generales del Estado llevan dos a\u00f1os prorrogados. \u00abEl 80% de ese presupuesto ya est\u00e1 recogido en 2025\u00bb, ha afirmado la directora general sobre un plan del que en los \u00faltimos meses ya se han ido presentando algunas de sus medidas: el Plan de Igualdad, el programa de cine-escuela.<\/p>\n<p>Entre las nuevas medidas, el plan de derechos culturales recoge u<strong>n aumento en los descuentos de los equipamientos culturales dependientes del Ministerio<\/strong> (los 16 museos estatales, los teatros que dependen del INAEM, la Biblioteca Nacional&#8230;) para incluir a personas con una discapacidad del 25%, familias monoparentales y monomarentales y a personas con especial vulnerabilidad. \u00abLa idea es que act\u00fae con efectos contagio y que se puedan adherir otras administraciones\u00bb, ha afirmado Beirak, que tambi\u00e9n ha detallado que habr\u00e1 un plan de acceso a la cultura para mujeres en c\u00e1rceles y un proyecto piloto para dotar de cat\u00e1logos de exhibici\u00f3n de cine a municios rurales.<\/p>\n<p>Tambi\u00e9n se incluye en la nueva estrategia una ayuda de <strong>4,4 millones de euros para proyectos con especial impacto social,<\/strong> es decir, aquellos que exceden el \u00e1mbito mismo de la cultura y se sit\u00faan en cuestiones sociales, y <strong>otra de un mill\u00f3n de euros, cuyo per\u00edodo de solicitudes se cerr\u00f3 el pasado mes de junio, para asociaciones y sindicatos culturales<\/strong>. Aprovechando la celebraci\u00f3n de los 600 a\u00f1os de implantaci\u00f3n del pueblo gitano en Espa\u00f1a, el plan de derechos culturales tambi\u00e9n incluye que el cal\u00f3 y el roman\u00ed se integren en el registro de lenguas minoritarias de la UE.<\/p>\n<p>Entre los postulados pol\u00edticos que defiende Sumar, que tambi\u00e9n est\u00e1n recogidos en el plan, se incluyen medidas en el \u00e1mbito de la Memoria Democr\u00e1tica como la devoluci\u00f3n de bienes incautados durante la Guerra Civil, la puesta en marcha de un archivo hist\u00f3ricos sobre movimientos sociales, el reconocimiento de figuras y movimientos art\u00edsticos represaliadas durante el franquismo; el Plan de Igualdad, presentado el pasado mes de diciembre, en el que se recog\u00edan la aplicaci\u00f3n de cl\u00e1usulas de g\u00e9nero, la modificaci\u00f3n de los temarios de la oposiciones para incluir perspectiva de g\u00e9nero o cursos en esta materia para los empleados del ministerio; <strong>el desarrollo del Estatuto del Artista, cuyo horizonte temporal han fijado ya en el Ministerio de Cultura para el a\u00f1o 2030<\/strong>, y el reto clim\u00e1tico a trav\u00e9s de los postulados de la Agenda 2030 o con planes de sostenibilidad tantos para los edificios como para el patrimonio.<\/p>\n<p>Sin embargo, el marco legislativo, uno de los principales aspectos del plan, se le complica al Ministerio. La Ley de Derechos Culturales, recogida en el acuerdo de Gobierno, no se llevar\u00e1 a cabo esta legislatura. Y, en caso de que haya alternancia en Moncloa, lo m\u00e1s posible es que nunca se materialice. Seg\u00fan ha se\u00f1alado la directora general de Derechos Culturales, Cultura pretende tener cerrado a lo largo de 2026 todos los tr\u00e1mites previos a la tramitaci\u00f3n. <strong>Siendo 2027 la fecha m\u00e1xima para convocar elecciones, esa tramitaci\u00f3n quedar\u00eda en el aire a una futura legislatura.<\/strong><\/p>\n<p>Y lo mismo sucede con otro de los aspectos esenciales de la estrategia. El departamento que dirige Ernest Urtasun pretende hacer una reforma de la Ley de Contratos P\u00fablicos para que se adapte espec\u00edficamente a los sectores culturales. \u00abEs una de las reivindicaciones que nos han trasladado desde el sector, la dificultad para acceder a algunos de esos contratos\u00bb, ha apuntado Jazm\u00edn Beirak. <strong>Los plazos que se fijan es tambi\u00e9n el a\u00f1o 2026, contando que los apoyos parlamentarios, escasos en esta legislatura, se puedan sacar adelante<\/strong>.<\/p>\n<p>El Plan de Derechos Culturales, el primero que se aprueba en un pa\u00eds europeo, ha contado con la participaci\u00f3n de 300 asociaciones y expertos del mundo de la cultura. Sin embargo, el apoyo de las comunidades aut\u00f3nomas han sido bastante limitado. Solo hay seis administraciones regionales que han trasladado propuestas en firme, m\u00e1s all\u00e1 de las conversaciones de la conferencia sectorial de Cultura. <strong>Estas han sido Pa\u00eds Vasco, Catalu\u00f1a, Asturias, Arag\u00f3n, Murcia y Canarias.<\/strong> Las tres primeras con gobiernos de partidos de izquierda o socios de investidura y las otras tres del PP.<\/p>\n<p>Durante la presentaci\u00f3n, que se ha celebrado en el Museo Reina Sof\u00eda, Urtasun ha afirmado que este es un plan para \u00abdefender con u\u00f1as y dientes la diversidad\u00bb de nuestro pa\u00eds, \u00abcombatir las barreras\u00bb para poder acceder a la cultura y tambi\u00e9n \u00abla precariedad laboral\u00bb. \u00ab<strong>Este es un plan de acci\u00f3n, un plan para dotar a nuestro pa\u00eds de unos derechos culturales<\/strong>\u00ab, ha incidido el ministro, en contraposici\u00f3n a aquellos movimientos que \u00abcuestionan los principios fundamentales de la Ilustraci\u00f3n y la democracia\u00bb. <\/p>\n<hr\/>\n<\/div>\n","protected":false},"excerpt":{"rendered":"<p>En enero de 2024, el ministro de Cultura, Ernest Urtasun, anunciaba en el Congreso de los Diputados la creaci\u00f3n de la Direcci\u00f3n de Derechos Culturales, dirigida por Jazm\u00edn Beirak desde febrero de ese a\u00f1o, para poner en marcha un Plan de Derechos Culturales. Un a\u00f1o y medio despu\u00e9s, ese plan se ha convertido en una<\/p>\n","protected":false},"author":1,"featured_media":249630,"comment_status":"open","ping_status":"open","sticky":false,"template":"","format":"standard","meta":{"footnotes":""},"categories":[66],"tags":[],"class_list":["post-249629","post","type-post","status-publish","format-standard","has-post-thumbnail","hentry","category-culture-es"],"acf":[],"yoast_head":"<!-- This site is optimized with the Yoast SEO plugin v22.9 - https:\/\/yoast.com\/wordpress\/plugins\/seo\/ -->\n<title>El Plan de Derechos Culturales de Urtasun tras a\u00f1o y medio de trabajo: ayudas a sindicatos, m\u00e1s memoria hist\u00f3rica y un cambio improbable en la Ley de Contratos - vof-news.eu<\/title>\n<meta name=\"description\" content=\"En enero de 2024, el ministro de Cultura, Ernest Urtasun, anunciaba en el Congreso de los Diputados la creaci\u00f3n de la Direcci\u00f3n de Derechos Culturales, dirigida por Jazm\u00edn Beirak desde febrero de ese a\u00f1o, para poner en marcha un Plan de Derechos Culturales. Un a\u00f1o y medio despu\u00e9s, ese plan se ha convertido en una realidad. Al menos, sobre el papel. Porque el horizonte que se fija desde el Ministerio es que sus 146 medidas est\u00e9n plenamente en funcionamiento en el a\u00f1o 2030, m\u00e1s all\u00e1 del final de la actual legislatura en la que deber\u00edan estar funcionando unas 100.En el acuerdo de Gobierno de PSOE y Sumar ya se recog\u00eda el compromiso de impulsar una Ley de Derechos Culturales que, ante la debilidad parlamentaria del Ejecutivo, no se ha planteado. De ah\u00ed que el Ministerio de Cultura haya puesto en marcha un plan, cuyas medidas en su mayor\u00eda no requieren de la aprobaci\u00f3n del Congreso. Un plan que traslada muchos de los postulados pol\u00edticos de Sumar al \u00e1mbito de la cultura: un aumento de subvenciones y descuentos a colectivos vulnerables, asociaciones y sindicatos culturales, proyectos de especial impacto social; la aplicaci\u00f3n de medidas de g\u00e9nero en las pol\u00edticas p\u00fablicas; la profundizaci\u00f3n en las pol\u00edticas de Memoria Democr\u00e1tica...El Plan de Derechos Culturales, seg\u00fan ha desgranado Jazmin Beirak en un encuentro con la prensa previo a su presentaci\u00f3n, cuenta con un Presupuesto de 79 millones de euros, de los cuales 46 son nuevas inversiones pese a que los Presupuestos Generales del Estado llevan dos a\u00f1os prorrogados. &quot;El 80% de ese presupuesto ya est\u00e1 recogido en 2025&quot;, ha afirmado la directora general sobre un plan del que en los \u00faltimos meses ya se han ido presentando algunas de sus medidas: el Plan de Igualdad, el programa de cine-escuela.Entre las nuevas medidas, el plan de derechos culturales recoge un aumento en los descuentos de los equipamientos culturales dependientes del Ministerio (los 16 museos estatales, los teatros que dependen del INAEM, la Biblioteca Nacional...) para incluir a personas con una discapacidad del 25%, familias monoparentales y monomarentales y a personas con especial vulnerabilidad. &quot;La idea es que act\u00fae con efectos contagio y que se puedan adherir otras administraciones&quot;, ha afirmado Beirak, que tambi\u00e9n ha detallado que habr\u00e1 un plan de acceso a la cultura para mujeres en c\u00e1rceles y un proyecto piloto para dotar de cat\u00e1logos de exhibici\u00f3n de cine a municios rurales.Tambi\u00e9n se incluye en la nueva estrategia una ayuda de 4,4 millones de euros para proyectos con especial impacto social, es decir, aquellos que exceden el \u00e1mbito mismo de la cultura y se sit\u00faan en cuestiones sociales, y otra de un mill\u00f3n de euros, cuyo per\u00edodo de solicitudes se cerr\u00f3 el pasado mes de junio, para asociaciones y sindicatos culturales. Aprovechando la celebraci\u00f3n de los 600 a\u00f1os de implantaci\u00f3n del pueblo gitano en Espa\u00f1a, el plan de derechos culturales tambi\u00e9n incluye que el cal\u00f3 y el roman\u00ed se integren en el registro de lenguas minoritarias de la UE.Entre los postulados pol\u00edticos que defiende Sumar, que tambi\u00e9n est\u00e1n recogidos en el plan, se incluyen medidas en el \u00e1mbito de la Memoria Democr\u00e1tica como la devoluci\u00f3n de bienes incautados durante la Guerra Civil, la puesta en marcha de un archivo hist\u00f3ricos sobre movimientos sociales, el reconocimiento de figuras y movimientos art\u00edsticos represaliadas durante el franquismo; el Plan de Igualdad, presentado el pasado mes de diciembre, en el que se recog\u00edan la aplicaci\u00f3n de cl\u00e1usulas de g\u00e9nero, la modificaci\u00f3n de los temarios de la oposiciones para incluir perspectiva de g\u00e9nero o cursos en esta materia para los empleados del ministerio; el desarrollo del Estatuto del Artista, cuyo horizonte temporal han fijado ya en el Ministerio de Cultura para el a\u00f1o 2030, y el reto clim\u00e1tico a trav\u00e9s de los postulados de la Agenda 2030 o con planes de sostenibilidad tantos para los edificios como para el patrimonio.Sin embargo, el marco legislativo, uno de los principales aspectos del plan, se le complica al Ministerio. La Ley de Derechos Culturales, recogida en el acuerdo de Gobierno, no se llevar\u00e1 a cabo esta legislatura. Y, en caso de que haya alternancia en Moncloa, lo m\u00e1s posible es que nunca se materialice. Seg\u00fan ha se\u00f1alado la directora general de Derechos Culturales, Cultura pretende tener cerrado a lo largo de 2026 todos los tr\u00e1mites previos a la tramitaci\u00f3n. Siendo 2027 la fecha m\u00e1xima para convocar elecciones, esa tramitaci\u00f3n quedar\u00eda en el aire a una futura legislatura.Y lo mismo sucede con otro de los aspectos esenciales de la estrategia. El departamento que dirige Ernest Urtasun pretende hacer una reforma de la Ley de Contratos P\u00fablicos para que se adapte espec\u00edficamente a los sectores culturales. &quot;Es una de las reivindicaciones que nos han trasladado desde el sector, la dificultad para acceder a algunos de esos contratos&quot;, ha apuntado Jazm\u00edn Beirak. Los plazos que se fijan es tambi\u00e9n el a\u00f1o 2026, contando que los apoyos parlamentarios, escasos en esta legislatura, se puedan sacar adelante.El Plan de Derechos Culturales, el primero que se aprueba en un pa\u00eds europeo, ha contado con la participaci\u00f3n de 300 asociaciones y expertos del mundo de la cultura. Sin embargo, el apoyo de las comunidades aut\u00f3nomas han sido bastante limitado. Solo hay seis administraciones regionales que han trasladado propuestas en firme, m\u00e1s all\u00e1 de las conversaciones de la conferencia sectorial de Cultura. Estas han sido Pa\u00eds Vasco, Catalu\u00f1a, Asturias, Arag\u00f3n, Murcia y Canarias. Las tres primeras con gobiernos de partidos de izquierda o socios de investidura y las otras tres del PP.Durante la presentaci\u00f3n, que se ha celebrado en el Museo Reina Sof\u00eda, Urtasun ha afirmado que este es un plan para &quot;defender con u\u00f1as y dientes la diversidad&quot; de nuestro pa\u00eds, &quot;combatir las barreras&quot; para poder acceder a la cultura y tambi\u00e9n &quot;la precariedad laboral&quot;. &quot;Este es un plan de acci\u00f3n, un plan para dotar a nuestro pa\u00eds de unos derechos culturales&quot;, ha incidido el ministro, en contraposici\u00f3n a aquellos movimientos que &quot;cuestionan los principios fundamentales de la Ilustraci\u00f3n y la democracia&quot;.\" \/>\n<meta name=\"robots\" content=\"noindex, follow, max-snippet:-1, max-image-preview:large, max-video-preview:-1\" \/>\n<meta property=\"og:locale\" content=\"es_ES\" \/>\n<meta property=\"og:type\" content=\"article\" \/>\n<meta property=\"og:title\" content=\"El Plan de Derechos Culturales de Urtasun tras a\u00f1o y medio de trabajo: ayudas a sindicatos, m\u00e1s memoria hist\u00f3rica y un cambio improbable en la Ley de Contratos - vof-news.eu\" \/>\n<meta property=\"og:description\" content=\"En enero de 2024, el ministro de Cultura, Ernest Urtasun, anunciaba en el Congreso de los Diputados la creaci\u00f3n de la Direcci\u00f3n de Derechos Culturales, dirigida por Jazm\u00edn Beirak desde febrero de ese a\u00f1o, para poner en marcha un Plan de Derechos Culturales. Un a\u00f1o y medio despu\u00e9s, ese plan se ha convertido en una realidad. Al menos, sobre el papel. Porque el horizonte que se fija desde el Ministerio es que sus 146 medidas est\u00e9n plenamente en funcionamiento en el a\u00f1o 2030, m\u00e1s all\u00e1 del final de la actual legislatura en la que deber\u00edan estar funcionando unas 100.En el acuerdo de Gobierno de PSOE y Sumar ya se recog\u00eda el compromiso de impulsar una Ley de Derechos Culturales que, ante la debilidad parlamentaria del Ejecutivo, no se ha planteado. De ah\u00ed que el Ministerio de Cultura haya puesto en marcha un plan, cuyas medidas en su mayor\u00eda no requieren de la aprobaci\u00f3n del Congreso. Un plan que traslada muchos de los postulados pol\u00edticos de Sumar al \u00e1mbito de la cultura: un aumento de subvenciones y descuentos a colectivos vulnerables, asociaciones y sindicatos culturales, proyectos de especial impacto social; la aplicaci\u00f3n de medidas de g\u00e9nero en las pol\u00edticas p\u00fablicas; la profundizaci\u00f3n en las pol\u00edticas de Memoria Democr\u00e1tica...El Plan de Derechos Culturales, seg\u00fan ha desgranado Jazmin Beirak en un encuentro con la prensa previo a su presentaci\u00f3n, cuenta con un Presupuesto de 79 millones de euros, de los cuales 46 son nuevas inversiones pese a que los Presupuestos Generales del Estado llevan dos a\u00f1os prorrogados. &quot;El 80% de ese presupuesto ya est\u00e1 recogido en 2025&quot;, ha afirmado la directora general sobre un plan del que en los \u00faltimos meses ya se han ido presentando algunas de sus medidas: el Plan de Igualdad, el programa de cine-escuela.Entre las nuevas medidas, el plan de derechos culturales recoge un aumento en los descuentos de los equipamientos culturales dependientes del Ministerio (los 16 museos estatales, los teatros que dependen del INAEM, la Biblioteca Nacional...) para incluir a personas con una discapacidad del 25%, familias monoparentales y monomarentales y a personas con especial vulnerabilidad. &quot;La idea es que act\u00fae con efectos contagio y que se puedan adherir otras administraciones&quot;, ha afirmado Beirak, que tambi\u00e9n ha detallado que habr\u00e1 un plan de acceso a la cultura para mujeres en c\u00e1rceles y un proyecto piloto para dotar de cat\u00e1logos de exhibici\u00f3n de cine a municios rurales.Tambi\u00e9n se incluye en la nueva estrategia una ayuda de 4,4 millones de euros para proyectos con especial impacto social, es decir, aquellos que exceden el \u00e1mbito mismo de la cultura y se sit\u00faan en cuestiones sociales, y otra de un mill\u00f3n de euros, cuyo per\u00edodo de solicitudes se cerr\u00f3 el pasado mes de junio, para asociaciones y sindicatos culturales. Aprovechando la celebraci\u00f3n de los 600 a\u00f1os de implantaci\u00f3n del pueblo gitano en Espa\u00f1a, el plan de derechos culturales tambi\u00e9n incluye que el cal\u00f3 y el roman\u00ed se integren en el registro de lenguas minoritarias de la UE.Entre los postulados pol\u00edticos que defiende Sumar, que tambi\u00e9n est\u00e1n recogidos en el plan, se incluyen medidas en el \u00e1mbito de la Memoria Democr\u00e1tica como la devoluci\u00f3n de bienes incautados durante la Guerra Civil, la puesta en marcha de un archivo hist\u00f3ricos sobre movimientos sociales, el reconocimiento de figuras y movimientos art\u00edsticos represaliadas durante el franquismo; el Plan de Igualdad, presentado el pasado mes de diciembre, en el que se recog\u00edan la aplicaci\u00f3n de cl\u00e1usulas de g\u00e9nero, la modificaci\u00f3n de los temarios de la oposiciones para incluir perspectiva de g\u00e9nero o cursos en esta materia para los empleados del ministerio; el desarrollo del Estatuto del Artista, cuyo horizonte temporal han fijado ya en el Ministerio de Cultura para el a\u00f1o 2030, y el reto clim\u00e1tico a trav\u00e9s de los postulados de la Agenda 2030 o con planes de sostenibilidad tantos para los edificios como para el patrimonio.Sin embargo, el marco legislativo, uno de los principales aspectos del plan, se le complica al Ministerio. La Ley de Derechos Culturales, recogida en el acuerdo de Gobierno, no se llevar\u00e1 a cabo esta legislatura. Y, en caso de que haya alternancia en Moncloa, lo m\u00e1s posible es que nunca se materialice. Seg\u00fan ha se\u00f1alado la directora general de Derechos Culturales, Cultura pretende tener cerrado a lo largo de 2026 todos los tr\u00e1mites previos a la tramitaci\u00f3n. Siendo 2027 la fecha m\u00e1xima para convocar elecciones, esa tramitaci\u00f3n quedar\u00eda en el aire a una futura legislatura.Y lo mismo sucede con otro de los aspectos esenciales de la estrategia. El departamento que dirige Ernest Urtasun pretende hacer una reforma de la Ley de Contratos P\u00fablicos para que se adapte espec\u00edficamente a los sectores culturales. &quot;Es una de las reivindicaciones que nos han trasladado desde el sector, la dificultad para acceder a algunos de esos contratos&quot;, ha apuntado Jazm\u00edn Beirak. Los plazos que se fijan es tambi\u00e9n el a\u00f1o 2026, contando que los apoyos parlamentarios, escasos en esta legislatura, se puedan sacar adelante.El Plan de Derechos Culturales, el primero que se aprueba en un pa\u00eds europeo, ha contado con la participaci\u00f3n de 300 asociaciones y expertos del mundo de la cultura. Sin embargo, el apoyo de las comunidades aut\u00f3nomas han sido bastante limitado. Solo hay seis administraciones regionales que han trasladado propuestas en firme, m\u00e1s all\u00e1 de las conversaciones de la conferencia sectorial de Cultura. Estas han sido Pa\u00eds Vasco, Catalu\u00f1a, Asturias, Arag\u00f3n, Murcia y Canarias. Las tres primeras con gobiernos de partidos de izquierda o socios de investidura y las otras tres del PP.Durante la presentaci\u00f3n, que se ha celebrado en el Museo Reina Sof\u00eda, Urtasun ha afirmado que este es un plan para &quot;defender con u\u00f1as y dientes la diversidad&quot; de nuestro pa\u00eds, &quot;combatir las barreras&quot; para poder acceder a la cultura y tambi\u00e9n &quot;la precariedad laboral&quot;. &quot;Este es un plan de acci\u00f3n, un plan para dotar a nuestro pa\u00eds de unos derechos culturales&quot;, ha incidido el ministro, en contraposici\u00f3n a aquellos movimientos que &quot;cuestionan los principios fundamentales de la Ilustraci\u00f3n y la democracia&quot;.\" \/>\n<meta property=\"og:url\" content=\"https:\/\/vof-news.eu\/es\/el-plan-de-derechos-culturales-de-urtasun-tras-ano-y-medio-de-trabajo-ayudas-a-sindicatos-mas-memoria-historica-y-un-cambio-improbable-en-la-ley-de-contratos\/\" \/>\n<meta property=\"og:site_name\" content=\"vof-news.eu\" \/>\n<meta property=\"article:published_time\" content=\"2025-07-08T14:19:19+00:00\" \/>\n<meta property=\"article:modified_time\" content=\"2025-07-08T14:19:47+00:00\" \/>\n<meta property=\"og:image\" content=\"https:\/\/vof-news.eu\/wp-content\/uploads\/2025\/07\/17519781219008.jpg\" \/>\n\t<meta property=\"og:image:width\" content=\"1366\" \/>\n\t<meta property=\"og:image:height\" content=\"910\" \/>\n\t<meta property=\"og:image:type\" content=\"image\/jpeg\" \/>\n<meta name=\"author\" content=\"Author\" \/>\n<meta name=\"twitter:card\" content=\"summary_large_image\" \/>\n<meta name=\"twitter:label1\" content=\"Escrito por\" \/>\n\t<meta name=\"twitter:data1\" content=\"Author\" \/>\n\t<meta name=\"twitter:label2\" content=\"Tiempo de lectura\" \/>\n\t<meta name=\"twitter:data2\" content=\"5 minutos\" \/>\n<script type=\"application\/ld+json\" class=\"yoast-schema-graph\">{\"@context\":\"https:\/\/schema.org\",\"@graph\":[{\"@type\":\"WebPage\",\"@id\":\"https:\/\/vof-news.eu\/es\/el-plan-de-derechos-culturales-de-urtasun-tras-ano-y-medio-de-trabajo-ayudas-a-sindicatos-mas-memoria-historica-y-un-cambio-improbable-en-la-ley-de-contratos\/\",\"url\":\"https:\/\/vof-news.eu\/es\/el-plan-de-derechos-culturales-de-urtasun-tras-ano-y-medio-de-trabajo-ayudas-a-sindicatos-mas-memoria-historica-y-un-cambio-improbable-en-la-ley-de-contratos\/\",\"name\":\"El Plan de Derechos Culturales de Urtasun tras a\u00f1o y medio de trabajo: ayudas a sindicatos, m\u00e1s memoria hist\u00f3rica y un cambio improbable en la Ley de Contratos - vof-news.eu\",\"isPartOf\":{\"@id\":\"https:\/\/vof-news.eu\/es\/#website\"},\"primaryImageOfPage\":{\"@id\":\"https:\/\/vof-news.eu\/es\/el-plan-de-derechos-culturales-de-urtasun-tras-ano-y-medio-de-trabajo-ayudas-a-sindicatos-mas-memoria-historica-y-un-cambio-improbable-en-la-ley-de-contratos\/#primaryimage\"},\"image\":{\"@id\":\"https:\/\/vof-news.eu\/es\/el-plan-de-derechos-culturales-de-urtasun-tras-ano-y-medio-de-trabajo-ayudas-a-sindicatos-mas-memoria-historica-y-un-cambio-improbable-en-la-ley-de-contratos\/#primaryimage\"},\"thumbnailUrl\":\"https:\/\/vof-news.eu\/wp-content\/uploads\/2025\/07\/17519781219008.jpg\",\"datePublished\":\"2025-07-08T14:19:19+00:00\",\"dateModified\":\"2025-07-08T14:19:47+00:00\",\"author\":{\"@id\":\"https:\/\/vof-news.eu\/es\/#\/schema\/person\/f6a2a4309f0561835797fd8c19b333ed\"},\"description\":\"En enero de 2024, el ministro de Cultura, Ernest Urtasun, anunciaba en el Congreso de los Diputados la creaci\u00f3n de la Direcci\u00f3n de Derechos Culturales, dirigida por Jazm\u00edn Beirak desde febrero de ese a\u00f1o, para poner en marcha un Plan de Derechos Culturales. Un a\u00f1o y medio despu\u00e9s, ese plan se ha convertido en una realidad. Al menos, sobre el papel. Porque el horizonte que se fija desde el Ministerio es que sus 146 medidas est\u00e9n plenamente en funcionamiento en el a\u00f1o 2030, m\u00e1s all\u00e1 del final de la actual legislatura en la que deber\u00edan estar funcionando unas 100.En el acuerdo de Gobierno de PSOE y Sumar ya se recog\u00eda el compromiso de impulsar una Ley de Derechos Culturales que, ante la debilidad parlamentaria del Ejecutivo, no se ha planteado. De ah\u00ed que el Ministerio de Cultura haya puesto en marcha un plan, cuyas medidas en su mayor\u00eda no requieren de la aprobaci\u00f3n del Congreso. Un plan que traslada muchos de los postulados pol\u00edticos de Sumar al \u00e1mbito de la cultura: un aumento de subvenciones y descuentos a colectivos vulnerables, asociaciones y sindicatos culturales, proyectos de especial impacto social; la aplicaci\u00f3n de medidas de g\u00e9nero en las pol\u00edticas p\u00fablicas; la profundizaci\u00f3n en las pol\u00edticas de Memoria Democr\u00e1tica...El Plan de Derechos Culturales, seg\u00fan ha desgranado Jazmin Beirak en un encuentro con la prensa previo a su presentaci\u00f3n, cuenta con un Presupuesto de 79 millones de euros, de los cuales 46 son nuevas inversiones pese a que los Presupuestos Generales del Estado llevan dos a\u00f1os prorrogados. \\\"El 80% de ese presupuesto ya est\u00e1 recogido en 2025\\\", ha afirmado la directora general sobre un plan del que en los \u00faltimos meses ya se han ido presentando algunas de sus medidas: el Plan de Igualdad, el programa de cine-escuela.Entre las nuevas medidas, el plan de derechos culturales recoge un aumento en los descuentos de los equipamientos culturales dependientes del Ministerio (los 16 museos estatales, los teatros que dependen del INAEM, la Biblioteca Nacional...) para incluir a personas con una discapacidad del 25%, familias monoparentales y monomarentales y a personas con especial vulnerabilidad. \\\"La idea es que act\u00fae con efectos contagio y que se puedan adherir otras administraciones\\\", ha afirmado Beirak, que tambi\u00e9n ha detallado que habr\u00e1 un plan de acceso a la cultura para mujeres en c\u00e1rceles y un proyecto piloto para dotar de cat\u00e1logos de exhibici\u00f3n de cine a municios rurales.Tambi\u00e9n se incluye en la nueva estrategia una ayuda de 4,4 millones de euros para proyectos con especial impacto social, es decir, aquellos que exceden el \u00e1mbito mismo de la cultura y se sit\u00faan en cuestiones sociales, y otra de un mill\u00f3n de euros, cuyo per\u00edodo de solicitudes se cerr\u00f3 el pasado mes de junio, para asociaciones y sindicatos culturales. Aprovechando la celebraci\u00f3n de los 600 a\u00f1os de implantaci\u00f3n del pueblo gitano en Espa\u00f1a, el plan de derechos culturales tambi\u00e9n incluye que el cal\u00f3 y el roman\u00ed se integren en el registro de lenguas minoritarias de la UE.Entre los postulados pol\u00edticos que defiende Sumar, que tambi\u00e9n est\u00e1n recogidos en el plan, se incluyen medidas en el \u00e1mbito de la Memoria Democr\u00e1tica como la devoluci\u00f3n de bienes incautados durante la Guerra Civil, la puesta en marcha de un archivo hist\u00f3ricos sobre movimientos sociales, el reconocimiento de figuras y movimientos art\u00edsticos represaliadas durante el franquismo; el Plan de Igualdad, presentado el pasado mes de diciembre, en el que se recog\u00edan la aplicaci\u00f3n de cl\u00e1usulas de g\u00e9nero, la modificaci\u00f3n de los temarios de la oposiciones para incluir perspectiva de g\u00e9nero o cursos en esta materia para los empleados del ministerio; el desarrollo del Estatuto del Artista, cuyo horizonte temporal han fijado ya en el Ministerio de Cultura para el a\u00f1o 2030, y el reto clim\u00e1tico a trav\u00e9s de los postulados de la Agenda 2030 o con planes de sostenibilidad tantos para los edificios como para el patrimonio.Sin embargo, el marco legislativo, uno de los principales aspectos del plan, se le complica al Ministerio. La Ley de Derechos Culturales, recogida en el acuerdo de Gobierno, no se llevar\u00e1 a cabo esta legislatura. Y, en caso de que haya alternancia en Moncloa, lo m\u00e1s posible es que nunca se materialice. Seg\u00fan ha se\u00f1alado la directora general de Derechos Culturales, Cultura pretende tener cerrado a lo largo de 2026 todos los tr\u00e1mites previos a la tramitaci\u00f3n. Siendo 2027 la fecha m\u00e1xima para convocar elecciones, esa tramitaci\u00f3n quedar\u00eda en el aire a una futura legislatura.Y lo mismo sucede con otro de los aspectos esenciales de la estrategia. El departamento que dirige Ernest Urtasun pretende hacer una reforma de la Ley de Contratos P\u00fablicos para que se adapte espec\u00edficamente a los sectores culturales. \\\"Es una de las reivindicaciones que nos han trasladado desde el sector, la dificultad para acceder a algunos de esos contratos\\\", ha apuntado Jazm\u00edn Beirak. Los plazos que se fijan es tambi\u00e9n el a\u00f1o 2026, contando que los apoyos parlamentarios, escasos en esta legislatura, se puedan sacar adelante.El Plan de Derechos Culturales, el primero que se aprueba en un pa\u00eds europeo, ha contado con la participaci\u00f3n de 300 asociaciones y expertos del mundo de la cultura. Sin embargo, el apoyo de las comunidades aut\u00f3nomas han sido bastante limitado. Solo hay seis administraciones regionales que han trasladado propuestas en firme, m\u00e1s all\u00e1 de las conversaciones de la conferencia sectorial de Cultura. Estas han sido Pa\u00eds Vasco, Catalu\u00f1a, Asturias, Arag\u00f3n, Murcia y Canarias. Las tres primeras con gobiernos de partidos de izquierda o socios de investidura y las otras tres del PP.Durante la presentaci\u00f3n, que se ha celebrado en el Museo Reina Sof\u00eda, Urtasun ha afirmado que este es un plan para \\\"defender con u\u00f1as y dientes la diversidad\\\" de nuestro pa\u00eds, \\\"combatir las barreras\\\" para poder acceder a la cultura y tambi\u00e9n \\\"la precariedad laboral\\\". \\\"Este es un plan de acci\u00f3n, un plan para dotar a nuestro pa\u00eds de unos derechos culturales\\\", ha incidido el ministro, en contraposici\u00f3n a aquellos movimientos que \\\"cuestionan los principios fundamentales de la Ilustraci\u00f3n y la democracia\\\".\",\"breadcrumb\":{\"@id\":\"https:\/\/vof-news.eu\/es\/el-plan-de-derechos-culturales-de-urtasun-tras-ano-y-medio-de-trabajo-ayudas-a-sindicatos-mas-memoria-historica-y-un-cambio-improbable-en-la-ley-de-contratos\/#breadcrumb\"},\"inLanguage\":\"es\",\"potentialAction\":[{\"@type\":\"ReadAction\",\"target\":[\"https:\/\/vof-news.eu\/es\/el-plan-de-derechos-culturales-de-urtasun-tras-ano-y-medio-de-trabajo-ayudas-a-sindicatos-mas-memoria-historica-y-un-cambio-improbable-en-la-ley-de-contratos\/\"]}]},{\"@type\":\"ImageObject\",\"inLanguage\":\"es\",\"@id\":\"https:\/\/vof-news.eu\/es\/el-plan-de-derechos-culturales-de-urtasun-tras-ano-y-medio-de-trabajo-ayudas-a-sindicatos-mas-memoria-historica-y-un-cambio-improbable-en-la-ley-de-contratos\/#primaryimage\",\"url\":\"https:\/\/vof-news.eu\/wp-content\/uploads\/2025\/07\/17519781219008.jpg\",\"contentUrl\":\"https:\/\/vof-news.eu\/wp-content\/uploads\/2025\/07\/17519781219008.jpg\",\"width\":1366,\"height\":910},{\"@type\":\"BreadcrumbList\",\"@id\":\"https:\/\/vof-news.eu\/es\/el-plan-de-derechos-culturales-de-urtasun-tras-ano-y-medio-de-trabajo-ayudas-a-sindicatos-mas-memoria-historica-y-un-cambio-improbable-en-la-ley-de-contratos\/#breadcrumb\",\"itemListElement\":[{\"@type\":\"ListItem\",\"position\":1,\"name\":\"Home\",\"item\":\"https:\/\/vof-news.eu\/es\/\"},{\"@type\":\"ListItem\",\"position\":2,\"name\":\"El Plan de Derechos Culturales de Urtasun tras a\u00f1o y medio de trabajo: ayudas a sindicatos, m\u00e1s memoria hist\u00f3rica y un cambio improbable en la Ley de Contratos\"}]},{\"@type\":\"WebSite\",\"@id\":\"https:\/\/vof-news.eu\/es\/#website\",\"url\":\"https:\/\/vof-news.eu\/es\/\",\"name\":\"vof-news.eu\",\"description\":\"\",\"potentialAction\":[{\"@type\":\"SearchAction\",\"target\":{\"@type\":\"EntryPoint\",\"urlTemplate\":\"https:\/\/vof-news.eu\/es\/?s={search_term_string}\"},\"query-input\":\"required name=search_term_string\"}],\"inLanguage\":\"es\"},{\"@type\":\"Person\",\"@id\":\"https:\/\/vof-news.eu\/es\/#\/schema\/person\/f6a2a4309f0561835797fd8c19b333ed\",\"name\":\"Author\",\"image\":{\"@type\":\"ImageObject\",\"inLanguage\":\"es\",\"@id\":\"https:\/\/vof-news.eu\/es\/#\/schema\/person\/image\/\",\"url\":\"https:\/\/secure.gravatar.com\/avatar\/b67e614b1b25b3e9c0c239efdd2fde5ab015b5affd6f1c3c85911ca4b384e790?s=96&d=mm&r=g\",\"contentUrl\":\"https:\/\/secure.gravatar.com\/avatar\/b67e614b1b25b3e9c0c239efdd2fde5ab015b5affd6f1c3c85911ca4b384e790?s=96&d=mm&r=g\",\"caption\":\"Author\"},\"sameAs\":[\"http:\/\/vof-news.eu\"],\"url\":\"https:\/\/vof-news.eu\/es\/author\/zwt6qxnjulxbnyg\/\"}]}<\/script>\n<!-- \/ Yoast SEO plugin. -->","yoast_head_json":{"title":"El Plan de Derechos Culturales de Urtasun tras a\u00f1o y medio de trabajo: ayudas a sindicatos, m\u00e1s memoria hist\u00f3rica y un cambio improbable en la Ley de Contratos - vof-news.eu","description":"En enero de 2024, el ministro de Cultura, Ernest Urtasun, anunciaba en el Congreso de los Diputados la creaci\u00f3n de la Direcci\u00f3n de Derechos Culturales, dirigida por Jazm\u00edn Beirak desde febrero de ese a\u00f1o, para poner en marcha un Plan de Derechos Culturales. Un a\u00f1o y medio despu\u00e9s, ese plan se ha convertido en una realidad. Al menos, sobre el papel. Porque el horizonte que se fija desde el Ministerio es que sus 146 medidas est\u00e9n plenamente en funcionamiento en el a\u00f1o 2030, m\u00e1s all\u00e1 del final de la actual legislatura en la que deber\u00edan estar funcionando unas 100.En el acuerdo de Gobierno de PSOE y Sumar ya se recog\u00eda el compromiso de impulsar una Ley de Derechos Culturales que, ante la debilidad parlamentaria del Ejecutivo, no se ha planteado. De ah\u00ed que el Ministerio de Cultura haya puesto en marcha un plan, cuyas medidas en su mayor\u00eda no requieren de la aprobaci\u00f3n del Congreso. Un plan que traslada muchos de los postulados pol\u00edticos de Sumar al \u00e1mbito de la cultura: un aumento de subvenciones y descuentos a colectivos vulnerables, asociaciones y sindicatos culturales, proyectos de especial impacto social; la aplicaci\u00f3n de medidas de g\u00e9nero en las pol\u00edticas p\u00fablicas; la profundizaci\u00f3n en las pol\u00edticas de Memoria Democr\u00e1tica...El Plan de Derechos Culturales, seg\u00fan ha desgranado Jazmin Beirak en un encuentro con la prensa previo a su presentaci\u00f3n, cuenta con un Presupuesto de 79 millones de euros, de los cuales 46 son nuevas inversiones pese a que los Presupuestos Generales del Estado llevan dos a\u00f1os prorrogados. \"El 80% de ese presupuesto ya est\u00e1 recogido en 2025\", ha afirmado la directora general sobre un plan del que en los \u00faltimos meses ya se han ido presentando algunas de sus medidas: el Plan de Igualdad, el programa de cine-escuela.Entre las nuevas medidas, el plan de derechos culturales recoge un aumento en los descuentos de los equipamientos culturales dependientes del Ministerio (los 16 museos estatales, los teatros que dependen del INAEM, la Biblioteca Nacional...) para incluir a personas con una discapacidad del 25%, familias monoparentales y monomarentales y a personas con especial vulnerabilidad. \"La idea es que act\u00fae con efectos contagio y que se puedan adherir otras administraciones\", ha afirmado Beirak, que tambi\u00e9n ha detallado que habr\u00e1 un plan de acceso a la cultura para mujeres en c\u00e1rceles y un proyecto piloto para dotar de cat\u00e1logos de exhibici\u00f3n de cine a municios rurales.Tambi\u00e9n se incluye en la nueva estrategia una ayuda de 4,4 millones de euros para proyectos con especial impacto social, es decir, aquellos que exceden el \u00e1mbito mismo de la cultura y se sit\u00faan en cuestiones sociales, y otra de un mill\u00f3n de euros, cuyo per\u00edodo de solicitudes se cerr\u00f3 el pasado mes de junio, para asociaciones y sindicatos culturales. Aprovechando la celebraci\u00f3n de los 600 a\u00f1os de implantaci\u00f3n del pueblo gitano en Espa\u00f1a, el plan de derechos culturales tambi\u00e9n incluye que el cal\u00f3 y el roman\u00ed se integren en el registro de lenguas minoritarias de la UE.Entre los postulados pol\u00edticos que defiende Sumar, que tambi\u00e9n est\u00e1n recogidos en el plan, se incluyen medidas en el \u00e1mbito de la Memoria Democr\u00e1tica como la devoluci\u00f3n de bienes incautados durante la Guerra Civil, la puesta en marcha de un archivo hist\u00f3ricos sobre movimientos sociales, el reconocimiento de figuras y movimientos art\u00edsticos represaliadas durante el franquismo; el Plan de Igualdad, presentado el pasado mes de diciembre, en el que se recog\u00edan la aplicaci\u00f3n de cl\u00e1usulas de g\u00e9nero, la modificaci\u00f3n de los temarios de la oposiciones para incluir perspectiva de g\u00e9nero o cursos en esta materia para los empleados del ministerio; el desarrollo del Estatuto del Artista, cuyo horizonte temporal han fijado ya en el Ministerio de Cultura para el a\u00f1o 2030, y el reto clim\u00e1tico a trav\u00e9s de los postulados de la Agenda 2030 o con planes de sostenibilidad tantos para los edificios como para el patrimonio.Sin embargo, el marco legislativo, uno de los principales aspectos del plan, se le complica al Ministerio. La Ley de Derechos Culturales, recogida en el acuerdo de Gobierno, no se llevar\u00e1 a cabo esta legislatura. Y, en caso de que haya alternancia en Moncloa, lo m\u00e1s posible es que nunca se materialice. Seg\u00fan ha se\u00f1alado la directora general de Derechos Culturales, Cultura pretende tener cerrado a lo largo de 2026 todos los tr\u00e1mites previos a la tramitaci\u00f3n. Siendo 2027 la fecha m\u00e1xima para convocar elecciones, esa tramitaci\u00f3n quedar\u00eda en el aire a una futura legislatura.Y lo mismo sucede con otro de los aspectos esenciales de la estrategia. El departamento que dirige Ernest Urtasun pretende hacer una reforma de la Ley de Contratos P\u00fablicos para que se adapte espec\u00edficamente a los sectores culturales. \"Es una de las reivindicaciones que nos han trasladado desde el sector, la dificultad para acceder a algunos de esos contratos\", ha apuntado Jazm\u00edn Beirak. Los plazos que se fijan es tambi\u00e9n el a\u00f1o 2026, contando que los apoyos parlamentarios, escasos en esta legislatura, se puedan sacar adelante.El Plan de Derechos Culturales, el primero que se aprueba en un pa\u00eds europeo, ha contado con la participaci\u00f3n de 300 asociaciones y expertos del mundo de la cultura. Sin embargo, el apoyo de las comunidades aut\u00f3nomas han sido bastante limitado. Solo hay seis administraciones regionales que han trasladado propuestas en firme, m\u00e1s all\u00e1 de las conversaciones de la conferencia sectorial de Cultura. Estas han sido Pa\u00eds Vasco, Catalu\u00f1a, Asturias, Arag\u00f3n, Murcia y Canarias. Las tres primeras con gobiernos de partidos de izquierda o socios de investidura y las otras tres del PP.Durante la presentaci\u00f3n, que se ha celebrado en el Museo Reina Sof\u00eda, Urtasun ha afirmado que este es un plan para \"defender con u\u00f1as y dientes la diversidad\" de nuestro pa\u00eds, \"combatir las barreras\" para poder acceder a la cultura y tambi\u00e9n \"la precariedad laboral\". \"Este es un plan de acci\u00f3n, un plan para dotar a nuestro pa\u00eds de unos derechos culturales\", ha incidido el ministro, en contraposici\u00f3n a aquellos movimientos que \"cuestionan los principios fundamentales de la Ilustraci\u00f3n y la democracia\".","robots":{"index":"noindex","follow":"follow","max-snippet":"max-snippet:-1","max-image-preview":"max-image-preview:large","max-video-preview":"max-video-preview:-1"},"og_locale":"es_ES","og_type":"article","og_title":"El Plan de Derechos Culturales de Urtasun tras a\u00f1o y medio de trabajo: ayudas a sindicatos, m\u00e1s memoria hist\u00f3rica y un cambio improbable en la Ley de Contratos - vof-news.eu","og_description":"En enero de 2024, el ministro de Cultura, Ernest Urtasun, anunciaba en el Congreso de los Diputados la creaci\u00f3n de la Direcci\u00f3n de Derechos Culturales, dirigida por Jazm\u00edn Beirak desde febrero de ese a\u00f1o, para poner en marcha un Plan de Derechos Culturales. Un a\u00f1o y medio despu\u00e9s, ese plan se ha convertido en una realidad. Al menos, sobre el papel. Porque el horizonte que se fija desde el Ministerio es que sus 146 medidas est\u00e9n plenamente en funcionamiento en el a\u00f1o 2030, m\u00e1s all\u00e1 del final de la actual legislatura en la que deber\u00edan estar funcionando unas 100.En el acuerdo de Gobierno de PSOE y Sumar ya se recog\u00eda el compromiso de impulsar una Ley de Derechos Culturales que, ante la debilidad parlamentaria del Ejecutivo, no se ha planteado. De ah\u00ed que el Ministerio de Cultura haya puesto en marcha un plan, cuyas medidas en su mayor\u00eda no requieren de la aprobaci\u00f3n del Congreso. Un plan que traslada muchos de los postulados pol\u00edticos de Sumar al \u00e1mbito de la cultura: un aumento de subvenciones y descuentos a colectivos vulnerables, asociaciones y sindicatos culturales, proyectos de especial impacto social; la aplicaci\u00f3n de medidas de g\u00e9nero en las pol\u00edticas p\u00fablicas; la profundizaci\u00f3n en las pol\u00edticas de Memoria Democr\u00e1tica...El Plan de Derechos Culturales, seg\u00fan ha desgranado Jazmin Beirak en un encuentro con la prensa previo a su presentaci\u00f3n, cuenta con un Presupuesto de 79 millones de euros, de los cuales 46 son nuevas inversiones pese a que los Presupuestos Generales del Estado llevan dos a\u00f1os prorrogados. \"El 80% de ese presupuesto ya est\u00e1 recogido en 2025\", ha afirmado la directora general sobre un plan del que en los \u00faltimos meses ya se han ido presentando algunas de sus medidas: el Plan de Igualdad, el programa de cine-escuela.Entre las nuevas medidas, el plan de derechos culturales recoge un aumento en los descuentos de los equipamientos culturales dependientes del Ministerio (los 16 museos estatales, los teatros que dependen del INAEM, la Biblioteca Nacional...) para incluir a personas con una discapacidad del 25%, familias monoparentales y monomarentales y a personas con especial vulnerabilidad. \"La idea es que act\u00fae con efectos contagio y que se puedan adherir otras administraciones\", ha afirmado Beirak, que tambi\u00e9n ha detallado que habr\u00e1 un plan de acceso a la cultura para mujeres en c\u00e1rceles y un proyecto piloto para dotar de cat\u00e1logos de exhibici\u00f3n de cine a municios rurales.Tambi\u00e9n se incluye en la nueva estrategia una ayuda de 4,4 millones de euros para proyectos con especial impacto social, es decir, aquellos que exceden el \u00e1mbito mismo de la cultura y se sit\u00faan en cuestiones sociales, y otra de un mill\u00f3n de euros, cuyo per\u00edodo de solicitudes se cerr\u00f3 el pasado mes de junio, para asociaciones y sindicatos culturales. Aprovechando la celebraci\u00f3n de los 600 a\u00f1os de implantaci\u00f3n del pueblo gitano en Espa\u00f1a, el plan de derechos culturales tambi\u00e9n incluye que el cal\u00f3 y el roman\u00ed se integren en el registro de lenguas minoritarias de la UE.Entre los postulados pol\u00edticos que defiende Sumar, que tambi\u00e9n est\u00e1n recogidos en el plan, se incluyen medidas en el \u00e1mbito de la Memoria Democr\u00e1tica como la devoluci\u00f3n de bienes incautados durante la Guerra Civil, la puesta en marcha de un archivo hist\u00f3ricos sobre movimientos sociales, el reconocimiento de figuras y movimientos art\u00edsticos represaliadas durante el franquismo; el Plan de Igualdad, presentado el pasado mes de diciembre, en el que se recog\u00edan la aplicaci\u00f3n de cl\u00e1usulas de g\u00e9nero, la modificaci\u00f3n de los temarios de la oposiciones para incluir perspectiva de g\u00e9nero o cursos en esta materia para los empleados del ministerio; el desarrollo del Estatuto del Artista, cuyo horizonte temporal han fijado ya en el Ministerio de Cultura para el a\u00f1o 2030, y el reto clim\u00e1tico a trav\u00e9s de los postulados de la Agenda 2030 o con planes de sostenibilidad tantos para los edificios como para el patrimonio.Sin embargo, el marco legislativo, uno de los principales aspectos del plan, se le complica al Ministerio. La Ley de Derechos Culturales, recogida en el acuerdo de Gobierno, no se llevar\u00e1 a cabo esta legislatura. Y, en caso de que haya alternancia en Moncloa, lo m\u00e1s posible es que nunca se materialice. Seg\u00fan ha se\u00f1alado la directora general de Derechos Culturales, Cultura pretende tener cerrado a lo largo de 2026 todos los tr\u00e1mites previos a la tramitaci\u00f3n. Siendo 2027 la fecha m\u00e1xima para convocar elecciones, esa tramitaci\u00f3n quedar\u00eda en el aire a una futura legislatura.Y lo mismo sucede con otro de los aspectos esenciales de la estrategia. El departamento que dirige Ernest Urtasun pretende hacer una reforma de la Ley de Contratos P\u00fablicos para que se adapte espec\u00edficamente a los sectores culturales. \"Es una de las reivindicaciones que nos han trasladado desde el sector, la dificultad para acceder a algunos de esos contratos\", ha apuntado Jazm\u00edn Beirak. Los plazos que se fijan es tambi\u00e9n el a\u00f1o 2026, contando que los apoyos parlamentarios, escasos en esta legislatura, se puedan sacar adelante.El Plan de Derechos Culturales, el primero que se aprueba en un pa\u00eds europeo, ha contado con la participaci\u00f3n de 300 asociaciones y expertos del mundo de la cultura. Sin embargo, el apoyo de las comunidades aut\u00f3nomas han sido bastante limitado. Solo hay seis administraciones regionales que han trasladado propuestas en firme, m\u00e1s all\u00e1 de las conversaciones de la conferencia sectorial de Cultura. Estas han sido Pa\u00eds Vasco, Catalu\u00f1a, Asturias, Arag\u00f3n, Murcia y Canarias. Las tres primeras con gobiernos de partidos de izquierda o socios de investidura y las otras tres del PP.Durante la presentaci\u00f3n, que se ha celebrado en el Museo Reina Sof\u00eda, Urtasun ha afirmado que este es un plan para \"defender con u\u00f1as y dientes la diversidad\" de nuestro pa\u00eds, \"combatir las barreras\" para poder acceder a la cultura y tambi\u00e9n \"la precariedad laboral\". \"Este es un plan de acci\u00f3n, un plan para dotar a nuestro pa\u00eds de unos derechos culturales\", ha incidido el ministro, en contraposici\u00f3n a aquellos movimientos que \"cuestionan los principios fundamentales de la Ilustraci\u00f3n y la democracia\".","og_url":"https:\/\/vof-news.eu\/es\/el-plan-de-derechos-culturales-de-urtasun-tras-ano-y-medio-de-trabajo-ayudas-a-sindicatos-mas-memoria-historica-y-un-cambio-improbable-en-la-ley-de-contratos\/","og_site_name":"vof-news.eu","article_published_time":"2025-07-08T14:19:19+00:00","article_modified_time":"2025-07-08T14:19:47+00:00","og_image":[{"width":1366,"height":910,"url":"https:\/\/vof-news.eu\/wp-content\/uploads\/2025\/07\/17519781219008.jpg","type":"image\/jpeg"}],"author":"Author","twitter_card":"summary_large_image","twitter_misc":{"Escrito por":"Author","Tiempo de lectura":"5 minutos"},"schema":{"@context":"https:\/\/schema.org","@graph":[{"@type":"WebPage","@id":"https:\/\/vof-news.eu\/es\/el-plan-de-derechos-culturales-de-urtasun-tras-ano-y-medio-de-trabajo-ayudas-a-sindicatos-mas-memoria-historica-y-un-cambio-improbable-en-la-ley-de-contratos\/","url":"https:\/\/vof-news.eu\/es\/el-plan-de-derechos-culturales-de-urtasun-tras-ano-y-medio-de-trabajo-ayudas-a-sindicatos-mas-memoria-historica-y-un-cambio-improbable-en-la-ley-de-contratos\/","name":"El Plan de Derechos Culturales de Urtasun tras a\u00f1o y medio de trabajo: ayudas a sindicatos, m\u00e1s memoria hist\u00f3rica y un cambio improbable en la Ley de Contratos - vof-news.eu","isPartOf":{"@id":"https:\/\/vof-news.eu\/es\/#website"},"primaryImageOfPage":{"@id":"https:\/\/vof-news.eu\/es\/el-plan-de-derechos-culturales-de-urtasun-tras-ano-y-medio-de-trabajo-ayudas-a-sindicatos-mas-memoria-historica-y-un-cambio-improbable-en-la-ley-de-contratos\/#primaryimage"},"image":{"@id":"https:\/\/vof-news.eu\/es\/el-plan-de-derechos-culturales-de-urtasun-tras-ano-y-medio-de-trabajo-ayudas-a-sindicatos-mas-memoria-historica-y-un-cambio-improbable-en-la-ley-de-contratos\/#primaryimage"},"thumbnailUrl":"https:\/\/vof-news.eu\/wp-content\/uploads\/2025\/07\/17519781219008.jpg","datePublished":"2025-07-08T14:19:19+00:00","dateModified":"2025-07-08T14:19:47+00:00","author":{"@id":"https:\/\/vof-news.eu\/es\/#\/schema\/person\/f6a2a4309f0561835797fd8c19b333ed"},"description":"En enero de 2024, el ministro de Cultura, Ernest Urtasun, anunciaba en el Congreso de los Diputados la creaci\u00f3n de la Direcci\u00f3n de Derechos Culturales, dirigida por Jazm\u00edn Beirak desde febrero de ese a\u00f1o, para poner en marcha un Plan de Derechos Culturales. Un a\u00f1o y medio despu\u00e9s, ese plan se ha convertido en una realidad. Al menos, sobre el papel. Porque el horizonte que se fija desde el Ministerio es que sus 146 medidas est\u00e9n plenamente en funcionamiento en el a\u00f1o 2030, m\u00e1s all\u00e1 del final de la actual legislatura en la que deber\u00edan estar funcionando unas 100.En el acuerdo de Gobierno de PSOE y Sumar ya se recog\u00eda el compromiso de impulsar una Ley de Derechos Culturales que, ante la debilidad parlamentaria del Ejecutivo, no se ha planteado. De ah\u00ed que el Ministerio de Cultura haya puesto en marcha un plan, cuyas medidas en su mayor\u00eda no requieren de la aprobaci\u00f3n del Congreso. Un plan que traslada muchos de los postulados pol\u00edticos de Sumar al \u00e1mbito de la cultura: un aumento de subvenciones y descuentos a colectivos vulnerables, asociaciones y sindicatos culturales, proyectos de especial impacto social; la aplicaci\u00f3n de medidas de g\u00e9nero en las pol\u00edticas p\u00fablicas; la profundizaci\u00f3n en las pol\u00edticas de Memoria Democr\u00e1tica...El Plan de Derechos Culturales, seg\u00fan ha desgranado Jazmin Beirak en un encuentro con la prensa previo a su presentaci\u00f3n, cuenta con un Presupuesto de 79 millones de euros, de los cuales 46 son nuevas inversiones pese a que los Presupuestos Generales del Estado llevan dos a\u00f1os prorrogados. \"El 80% de ese presupuesto ya est\u00e1 recogido en 2025\", ha afirmado la directora general sobre un plan del que en los \u00faltimos meses ya se han ido presentando algunas de sus medidas: el Plan de Igualdad, el programa de cine-escuela.Entre las nuevas medidas, el plan de derechos culturales recoge un aumento en los descuentos de los equipamientos culturales dependientes del Ministerio (los 16 museos estatales, los teatros que dependen del INAEM, la Biblioteca Nacional...) para incluir a personas con una discapacidad del 25%, familias monoparentales y monomarentales y a personas con especial vulnerabilidad. \"La idea es que act\u00fae con efectos contagio y que se puedan adherir otras administraciones\", ha afirmado Beirak, que tambi\u00e9n ha detallado que habr\u00e1 un plan de acceso a la cultura para mujeres en c\u00e1rceles y un proyecto piloto para dotar de cat\u00e1logos de exhibici\u00f3n de cine a municios rurales.Tambi\u00e9n se incluye en la nueva estrategia una ayuda de 4,4 millones de euros para proyectos con especial impacto social, es decir, aquellos que exceden el \u00e1mbito mismo de la cultura y se sit\u00faan en cuestiones sociales, y otra de un mill\u00f3n de euros, cuyo per\u00edodo de solicitudes se cerr\u00f3 el pasado mes de junio, para asociaciones y sindicatos culturales. Aprovechando la celebraci\u00f3n de los 600 a\u00f1os de implantaci\u00f3n del pueblo gitano en Espa\u00f1a, el plan de derechos culturales tambi\u00e9n incluye que el cal\u00f3 y el roman\u00ed se integren en el registro de lenguas minoritarias de la UE.Entre los postulados pol\u00edticos que defiende Sumar, que tambi\u00e9n est\u00e1n recogidos en el plan, se incluyen medidas en el \u00e1mbito de la Memoria Democr\u00e1tica como la devoluci\u00f3n de bienes incautados durante la Guerra Civil, la puesta en marcha de un archivo hist\u00f3ricos sobre movimientos sociales, el reconocimiento de figuras y movimientos art\u00edsticos represaliadas durante el franquismo; el Plan de Igualdad, presentado el pasado mes de diciembre, en el que se recog\u00edan la aplicaci\u00f3n de cl\u00e1usulas de g\u00e9nero, la modificaci\u00f3n de los temarios de la oposiciones para incluir perspectiva de g\u00e9nero o cursos en esta materia para los empleados del ministerio; el desarrollo del Estatuto del Artista, cuyo horizonte temporal han fijado ya en el Ministerio de Cultura para el a\u00f1o 2030, y el reto clim\u00e1tico a trav\u00e9s de los postulados de la Agenda 2030 o con planes de sostenibilidad tantos para los edificios como para el patrimonio.Sin embargo, el marco legislativo, uno de los principales aspectos del plan, se le complica al Ministerio. La Ley de Derechos Culturales, recogida en el acuerdo de Gobierno, no se llevar\u00e1 a cabo esta legislatura. Y, en caso de que haya alternancia en Moncloa, lo m\u00e1s posible es que nunca se materialice. Seg\u00fan ha se\u00f1alado la directora general de Derechos Culturales, Cultura pretende tener cerrado a lo largo de 2026 todos los tr\u00e1mites previos a la tramitaci\u00f3n. Siendo 2027 la fecha m\u00e1xima para convocar elecciones, esa tramitaci\u00f3n quedar\u00eda en el aire a una futura legislatura.Y lo mismo sucede con otro de los aspectos esenciales de la estrategia. El departamento que dirige Ernest Urtasun pretende hacer una reforma de la Ley de Contratos P\u00fablicos para que se adapte espec\u00edficamente a los sectores culturales. \"Es una de las reivindicaciones que nos han trasladado desde el sector, la dificultad para acceder a algunos de esos contratos\", ha apuntado Jazm\u00edn Beirak. Los plazos que se fijan es tambi\u00e9n el a\u00f1o 2026, contando que los apoyos parlamentarios, escasos en esta legislatura, se puedan sacar adelante.El Plan de Derechos Culturales, el primero que se aprueba en un pa\u00eds europeo, ha contado con la participaci\u00f3n de 300 asociaciones y expertos del mundo de la cultura. Sin embargo, el apoyo de las comunidades aut\u00f3nomas han sido bastante limitado. Solo hay seis administraciones regionales que han trasladado propuestas en firme, m\u00e1s all\u00e1 de las conversaciones de la conferencia sectorial de Cultura. Estas han sido Pa\u00eds Vasco, Catalu\u00f1a, Asturias, Arag\u00f3n, Murcia y Canarias. Las tres primeras con gobiernos de partidos de izquierda o socios de investidura y las otras tres del PP.Durante la presentaci\u00f3n, que se ha celebrado en el Museo Reina Sof\u00eda, Urtasun ha afirmado que este es un plan para \"defender con u\u00f1as y dientes la diversidad\" de nuestro pa\u00eds, \"combatir las barreras\" para poder acceder a la cultura y tambi\u00e9n \"la precariedad laboral\". \"Este es un plan de acci\u00f3n, un plan para dotar a nuestro pa\u00eds de unos derechos culturales\", ha incidido el ministro, en contraposici\u00f3n a aquellos movimientos que \"cuestionan los principios fundamentales de la Ilustraci\u00f3n y la democracia\".","breadcrumb":{"@id":"https:\/\/vof-news.eu\/es\/el-plan-de-derechos-culturales-de-urtasun-tras-ano-y-medio-de-trabajo-ayudas-a-sindicatos-mas-memoria-historica-y-un-cambio-improbable-en-la-ley-de-contratos\/#breadcrumb"},"inLanguage":"es","potentialAction":[{"@type":"ReadAction","target":["https:\/\/vof-news.eu\/es\/el-plan-de-derechos-culturales-de-urtasun-tras-ano-y-medio-de-trabajo-ayudas-a-sindicatos-mas-memoria-historica-y-un-cambio-improbable-en-la-ley-de-contratos\/"]}]},{"@type":"ImageObject","inLanguage":"es","@id":"https:\/\/vof-news.eu\/es\/el-plan-de-derechos-culturales-de-urtasun-tras-ano-y-medio-de-trabajo-ayudas-a-sindicatos-mas-memoria-historica-y-un-cambio-improbable-en-la-ley-de-contratos\/#primaryimage","url":"https:\/\/vof-news.eu\/wp-content\/uploads\/2025\/07\/17519781219008.jpg","contentUrl":"https:\/\/vof-news.eu\/wp-content\/uploads\/2025\/07\/17519781219008.jpg","width":1366,"height":910},{"@type":"BreadcrumbList","@id":"https:\/\/vof-news.eu\/es\/el-plan-de-derechos-culturales-de-urtasun-tras-ano-y-medio-de-trabajo-ayudas-a-sindicatos-mas-memoria-historica-y-un-cambio-improbable-en-la-ley-de-contratos\/#breadcrumb","itemListElement":[{"@type":"ListItem","position":1,"name":"Home","item":"https:\/\/vof-news.eu\/es\/"},{"@type":"ListItem","position":2,"name":"El Plan de Derechos Culturales de Urtasun tras a\u00f1o y medio de trabajo: ayudas a sindicatos, m\u00e1s memoria hist\u00f3rica y un cambio improbable en la Ley de Contratos"}]},{"@type":"WebSite","@id":"https:\/\/vof-news.eu\/es\/#website","url":"https:\/\/vof-news.eu\/es\/","name":"vof-news.eu","description":"","potentialAction":[{"@type":"SearchAction","target":{"@type":"EntryPoint","urlTemplate":"https:\/\/vof-news.eu\/es\/?s={search_term_string}"},"query-input":"required name=search_term_string"}],"inLanguage":"es"},{"@type":"Person","@id":"https:\/\/vof-news.eu\/es\/#\/schema\/person\/f6a2a4309f0561835797fd8c19b333ed","name":"Author","image":{"@type":"ImageObject","inLanguage":"es","@id":"https:\/\/vof-news.eu\/es\/#\/schema\/person\/image\/","url":"https:\/\/secure.gravatar.com\/avatar\/b67e614b1b25b3e9c0c239efdd2fde5ab015b5affd6f1c3c85911ca4b384e790?s=96&d=mm&r=g","contentUrl":"https:\/\/secure.gravatar.com\/avatar\/b67e614b1b25b3e9c0c239efdd2fde5ab015b5affd6f1c3c85911ca4b384e790?s=96&d=mm&r=g","caption":"Author"},"sameAs":["http:\/\/vof-news.eu"],"url":"https:\/\/vof-news.eu\/es\/author\/zwt6qxnjulxbnyg\/"}]}},"yoast_meta":{"yoast_wpseo_title":"","yoast_wpseo_metadesc":"","yoast_wpseo_canonical":""},"_links":{"self":[{"href":"https:\/\/vof-news.eu\/es\/wp-json\/wp\/v2\/posts\/249629","targetHints":{"allow":["GET"]}}],"collection":[{"href":"https:\/\/vof-news.eu\/es\/wp-json\/wp\/v2\/posts"}],"about":[{"href":"https:\/\/vof-news.eu\/es\/wp-json\/wp\/v2\/types\/post"}],"author":[{"embeddable":true,"href":"https:\/\/vof-news.eu\/es\/wp-json\/wp\/v2\/users\/1"}],"replies":[{"embeddable":true,"href":"https:\/\/vof-news.eu\/es\/wp-json\/wp\/v2\/comments?post=249629"}],"version-history":[{"count":1,"href":"https:\/\/vof-news.eu\/es\/wp-json\/wp\/v2\/posts\/249629\/revisions"}],"predecessor-version":[{"id":249636,"href":"https:\/\/vof-news.eu\/es\/wp-json\/wp\/v2\/posts\/249629\/revisions\/249636"}],"wp:featuredmedia":[{"embeddable":true,"href":"https:\/\/vof-news.eu\/es\/wp-json\/wp\/v2\/media\/249630"}],"wp:attachment":[{"href":"https:\/\/vof-news.eu\/es\/wp-json\/wp\/v2\/media?parent=249629"}],"wp:term":[{"taxonomy":"category","embeddable":true,"href":"https:\/\/vof-news.eu\/es\/wp-json\/wp\/v2\/categories?post=249629"},{"taxonomy":"post_tag","embeddable":true,"href":"https:\/\/vof-news.eu\/es\/wp-json\/wp\/v2\/tags?post=249629"}],"curies":[{"name":"wp","href":"https:\/\/api.w.org\/{rel}","templated":true}]}}