{"id":249621,"date":"2025-07-08T17:17:47","date_gmt":"2025-07-08T14:17:47","guid":{"rendered":"https:\/\/vof-news.eu\/la-seguridad-social-cita-el-14-de-julio-a-los-colectivos-de-autonomos-para-negociar-sus-cuotas-desde-2026-a-2028\/"},"modified":"2025-07-08T17:18:28","modified_gmt":"2025-07-08T14:18:28","slug":"la-seguridad-social-cita-el-14-de-julio-a-los-colectivos-de-autonomos-para-negociar-sus-cuotas-desde-2026-a-2028","status":"publish","type":"post","link":"https:\/\/vof-news.eu\/es\/la-seguridad-social-cita-el-14-de-julio-a-los-colectivos-de-autonomos-para-negociar-sus-cuotas-desde-2026-a-2028\/","title":{"rendered":"La Seguridad Social cita el 14 de julio a los colectivos de aut\u00f3nomos para negociar sus cuotas desde 2026 a 2028"},"content":{"rendered":"<div>\n<p>\n        Ya hay fecha para empezar a negociar las cuotas de los aut\u00f3nomos a partir de 2026. El secretario de Estado de la Seguridad Social, Borja Su\u00e1rez, ha anunciado este martes que ha convocado el pr\u00f3ximo 14 de julio la mesa de di\u00e1logo social con los sindicatos, patronales y colectivos de aut\u00f3nomos para establecer la cuota de los aut\u00f3nomos a partir del a\u00f1o que viene, seg\u00fan <a href=\"https:\/\/www.eldiario.es\/economia\/guia-nuevo-sistema-cuotas-autonomos-comienza-2023_1_9816677.html\" rel=\"nofollow\">el nuevo sistema de ingresos reales<\/a> que se inici\u00f3 en 2023 y con el que se pactaron con los colectivos de aut\u00f3nomos varios tramos de ingresos y <a href=\"https:\/\/www.eldiario.es\/economia\/seran-cuotas-autonomos-2025_1_11936205.html\" rel=\"nofollow\">cotizaci\u00f3n hasta este a\u00f1o<\/a>.\n    <\/p>\n<p>\n        El Ministerio de la Seguridad Social ha recordado que el nuevo modelo de cotizaci\u00f3n por ingresos reales preve\u00eda una implantaci\u00f3n gradual seg\u00fan la cual, cada tres a\u00f1os, en el seno del di\u00e1logo social, se debe determinar el calendario de aplicaci\u00f3n de este sistema \u201ccon un nuevo despliegue de la escala de tramos de ingresos y bases de cotizaci\u00f3n que, en esta ocasi\u00f3n, estar\u00e1n vigentes entre 2026 y 2028\u201d.\n    <\/p>\n<p>\n        Borja Su\u00e1rez ha confiado en que los agentes sociales y los principales colectivos de aut\u00f3nomos vuelvan a alcanzar un consenso, como ocurri\u00f3 en 2022. Adem\u00e1s de los nuevos tramos, el secretario de Estado ha afirmado que de manera adicional tambi\u00e9n se abordar\u00e1 \u201cintroducir todas las mejoras\u201d y \u201ccorregir todos los problemas\u201d que se hayan podido detectar hasta ahora en el nuevo sistema de cuotas.\n    <\/p>\n<p>\n        Una vez realizada <a href=\"https:\/\/www.eldiario.es\/economia\/primera-regularizacion-cuotas-autonomos-24-trabajadores-pago-27_1_12045414.html\" rel=\"nofollow\">la primera regularizaci\u00f3n a posteriori de las cuotas, la correspondiente a 2023<\/a>, el Ministerio ha destacado que en general el procedimiento se ha culminado sin grandes incidencias. Sin embargo, s\u00ed se han detectado algunas deficiencias, como la penalizaci\u00f3n de la regularizaci\u00f3n a aut\u00f3nomos de baja m\u00e9dica, por paternidad y maternidad, <a href=\"https:\/\/www.eldiario.es\/economia\/regularizacion-cuotas-seguridad-social-penaliza-autonomos-baja-paternidad-maternidad_1_12297878.html\" rel=\"nofollow\">que desvel\u00f3 elDiario.es<\/a>, y que los colectivos de aut\u00f3nomos, sindicatos y patronal han pedido que se corrija. <a href=\"https:\/\/www.eldiario.es\/economia\/seguridad-social-busca-solucion-penalizacion-paternidad-bajas-regularizacion-autonomos_1_12344619.html\" rel=\"nofollow\">El propio Ministerio apunt\u00f3 a los interlocutores sociales que estaba buscando una soluci\u00f3n<\/a>.\n    <\/p>\n<h2>La patronal ATA dice que no se reunir\u00e1 <\/h2>\n<p>\n        De los principales colectivos de aut\u00f3nomos, ATA (en la patronal CEOE), UPTA (vinculado a UGT) y UATAE (pr\u00f3ximo a CCOO), la asociaci\u00f3n que defiende los intereses patronales, liderada por Lorenzo Amor, vicepresidente tambi\u00e9n de CEOE, ha afirmado que no acudir\u00e1 a ninguna reuni\u00f3n para definir la nueva senda de cuotas de los aut\u00f3nomos hasta que no se solucionen las incidencias detectadas en la regularizaci\u00f3n de 2023.\n    <\/p>\n<p>\n        Aunque el secretario de Estado ha afirmado que se abordar\u00e1n ambas cuestiones, ATA ha difundido en sus redes sociales que \u201cATA no va a acudir a esa reuni\u00f3n mientras no se solucionen los errores que ha habido y que est\u00e1n vigentes en estos momentos en cuanto a la regularizaci\u00f3n de cotizaciones sociales del a\u00f1o 2023\u201d.\n    <\/p>\n<p>\n        En cambio, otros colectivos de aut\u00f3nomos como UATAE, han urgido a abordar ambas cuestiones. Tanto la soluci\u00f3n a las incidencias detectadas como las nuevas cuotas a partir del pr\u00f3ximo a\u00f1o, debido al escaso margen de tiempo para la negociaci\u00f3n, entrados ya en el segundo semestre del a\u00f1o.\n    <\/p>\n<p>\n        La cotizaci\u00f3n de los aut\u00f3nomos seg\u00fan sus rendimientos netos est\u00e1n acercando poco a poco sus contribuciones a sus ganancias, cuando antes la gran mayor\u00eda del colectivo cotizaba por la m\u00ednima posible. En este sentido, hay aut\u00f3nomos que est\u00e1n cotizando m\u00e1s, debido a sus mayores rendimientos, pero eso les da derecho luego a mayores pensiones y otras prestaciones de la Seguridad Social.\n    <\/p>\n<\/div>\n","protected":false},"excerpt":{"rendered":"<p>Ya hay fecha para empezar a negociar las cuotas de los aut\u00f3nomos a partir de 2026. El secretario de Estado de la Seguridad Social, Borja Su\u00e1rez, ha anunciado este martes que ha convocado el pr\u00f3ximo 14 de julio la mesa de di\u00e1logo social con los sindicatos, patronales y colectivos de aut\u00f3nomos para establecer la cuota<\/p>\n","protected":false},"author":1,"featured_media":249622,"comment_status":"open","ping_status":"open","sticky":false,"template":"","format":"standard","meta":{"footnotes":""},"categories":[61],"tags":[],"class_list":["post-249621","post","type-post","status-publish","format-standard","has-post-thumbnail","hentry","category-business-es"],"acf":[],"yoast_head":"<!-- This site is optimized with the Yoast SEO plugin v22.9 - https:\/\/yoast.com\/wordpress\/plugins\/seo\/ -->\n<title>La Seguridad Social cita el 14 de julio a los colectivos de aut\u00f3nomos para negociar sus cuotas desde 2026 a 2028 - vof-news.eu<\/title>\n<meta name=\"description\" content=\"Ya hay fecha para empezar a negociar las cuotas de los aut\u00f3nomos a partir de 2026. El secretario de Estado de la Seguridad Social, Borja Su\u00e1rez, ha anunciado este martes que ha convocado el pr\u00f3ximo 14 de julio la mesa de di\u00e1logo social con los sindicatos, patronales y colectivos de aut\u00f3nomos para establecer la cuota de los aut\u00f3nomos a partir del a\u00f1o que viene, seg\u00fan el nuevo sistema de ingresos reales que se inici\u00f3 en 2023 y con el que se pactaron con los colectivos de aut\u00f3nomos varios tramos de ingresos y cotizaci\u00f3n hasta este a\u00f1o.\" \/>\n<meta name=\"robots\" content=\"noindex, follow, max-snippet:-1, max-image-preview:large, max-video-preview:-1\" \/>\n<meta property=\"og:locale\" content=\"es_ES\" \/>\n<meta property=\"og:type\" content=\"article\" \/>\n<meta property=\"og:title\" content=\"La Seguridad Social cita el 14 de julio a los colectivos de aut\u00f3nomos para negociar sus cuotas desde 2026 a 2028 - vof-news.eu\" \/>\n<meta property=\"og:description\" content=\"Ya hay fecha para empezar a negociar las cuotas de los aut\u00f3nomos a partir de 2026. El secretario de Estado de la Seguridad Social, Borja Su\u00e1rez, ha anunciado este martes que ha convocado el pr\u00f3ximo 14 de julio la mesa de di\u00e1logo social con los sindicatos, patronales y colectivos de aut\u00f3nomos para establecer la cuota de los aut\u00f3nomos a partir del a\u00f1o que viene, seg\u00fan el nuevo sistema de ingresos reales que se inici\u00f3 en 2023 y con el que se pactaron con los colectivos de aut\u00f3nomos varios tramos de ingresos y cotizaci\u00f3n hasta este a\u00f1o.\" \/>\n<meta property=\"og:url\" content=\"https:\/\/vof-news.eu\/es\/la-seguridad-social-cita-el-14-de-julio-a-los-colectivos-de-autonomos-para-negociar-sus-cuotas-desde-2026-a-2028\/\" \/>\n<meta property=\"og:site_name\" content=\"vof-news.eu\" \/>\n<meta property=\"article:published_time\" content=\"2025-07-08T14:17:47+00:00\" \/>\n<meta property=\"article:modified_time\" content=\"2025-07-08T14:18:28+00:00\" \/>\n<meta property=\"og:image\" content=\"https:\/\/vof-news.eu\/wp-content\/uploads\/2025\/07\/8501c0d6-9013-46f0-9770-517cb5c8da11_16-9-discover-aspect-ratio_default_0.jpg\" \/>\n\t<meta property=\"og:image:width\" content=\"1200\" \/>\n\t<meta property=\"og:image:height\" content=\"675\" \/>\n\t<meta property=\"og:image:type\" content=\"image\/jpeg\" \/>\n<meta name=\"author\" content=\"Author\" \/>\n<meta name=\"twitter:card\" content=\"summary_large_image\" \/>\n<meta name=\"twitter:label1\" content=\"Escrito por\" \/>\n\t<meta name=\"twitter:data1\" content=\"Author\" \/>\n\t<meta name=\"twitter:label2\" content=\"Tiempo de lectura\" \/>\n\t<meta name=\"twitter:data2\" content=\"3 minutos\" \/>\n<script type=\"application\/ld+json\" class=\"yoast-schema-graph\">{\"@context\":\"https:\/\/schema.org\",\"@graph\":[{\"@type\":\"WebPage\",\"@id\":\"https:\/\/vof-news.eu\/es\/la-seguridad-social-cita-el-14-de-julio-a-los-colectivos-de-autonomos-para-negociar-sus-cuotas-desde-2026-a-2028\/\",\"url\":\"https:\/\/vof-news.eu\/es\/la-seguridad-social-cita-el-14-de-julio-a-los-colectivos-de-autonomos-para-negociar-sus-cuotas-desde-2026-a-2028\/\",\"name\":\"La Seguridad Social cita el 14 de julio a los colectivos de aut\u00f3nomos para negociar sus cuotas desde 2026 a 2028 - vof-news.eu\",\"isPartOf\":{\"@id\":\"https:\/\/vof-news.eu\/es\/#website\"},\"primaryImageOfPage\":{\"@id\":\"https:\/\/vof-news.eu\/es\/la-seguridad-social-cita-el-14-de-julio-a-los-colectivos-de-autonomos-para-negociar-sus-cuotas-desde-2026-a-2028\/#primaryimage\"},\"image\":{\"@id\":\"https:\/\/vof-news.eu\/es\/la-seguridad-social-cita-el-14-de-julio-a-los-colectivos-de-autonomos-para-negociar-sus-cuotas-desde-2026-a-2028\/#primaryimage\"},\"thumbnailUrl\":\"https:\/\/vof-news.eu\/wp-content\/uploads\/2025\/07\/8501c0d6-9013-46f0-9770-517cb5c8da11_16-9-discover-aspect-ratio_default_0.jpg\",\"datePublished\":\"2025-07-08T14:17:47+00:00\",\"dateModified\":\"2025-07-08T14:18:28+00:00\",\"author\":{\"@id\":\"https:\/\/vof-news.eu\/es\/#\/schema\/person\/f6a2a4309f0561835797fd8c19b333ed\"},\"description\":\"Ya hay fecha para empezar a negociar las cuotas de los aut\u00f3nomos a partir de 2026. El secretario de Estado de la Seguridad Social, Borja Su\u00e1rez, ha anunciado este martes que ha convocado el pr\u00f3ximo 14 de julio la mesa de di\u00e1logo social con los sindicatos, patronales y colectivos de aut\u00f3nomos para establecer la cuota de los aut\u00f3nomos a partir del a\u00f1o que viene, seg\u00fan el nuevo sistema de ingresos reales que se inici\u00f3 en 2023 y con el que se pactaron con los colectivos de aut\u00f3nomos varios tramos de ingresos y cotizaci\u00f3n hasta este a\u00f1o.\",\"breadcrumb\":{\"@id\":\"https:\/\/vof-news.eu\/es\/la-seguridad-social-cita-el-14-de-julio-a-los-colectivos-de-autonomos-para-negociar-sus-cuotas-desde-2026-a-2028\/#breadcrumb\"},\"inLanguage\":\"es\",\"potentialAction\":[{\"@type\":\"ReadAction\",\"target\":[\"https:\/\/vof-news.eu\/es\/la-seguridad-social-cita-el-14-de-julio-a-los-colectivos-de-autonomos-para-negociar-sus-cuotas-desde-2026-a-2028\/\"]}]},{\"@type\":\"ImageObject\",\"inLanguage\":\"es\",\"@id\":\"https:\/\/vof-news.eu\/es\/la-seguridad-social-cita-el-14-de-julio-a-los-colectivos-de-autonomos-para-negociar-sus-cuotas-desde-2026-a-2028\/#primaryimage\",\"url\":\"https:\/\/vof-news.eu\/wp-content\/uploads\/2025\/07\/8501c0d6-9013-46f0-9770-517cb5c8da11_16-9-discover-aspect-ratio_default_0.jpg\",\"contentUrl\":\"https:\/\/vof-news.eu\/wp-content\/uploads\/2025\/07\/8501c0d6-9013-46f0-9770-517cb5c8da11_16-9-discover-aspect-ratio_default_0.jpg\",\"width\":1200,\"height\":675},{\"@type\":\"BreadcrumbList\",\"@id\":\"https:\/\/vof-news.eu\/es\/la-seguridad-social-cita-el-14-de-julio-a-los-colectivos-de-autonomos-para-negociar-sus-cuotas-desde-2026-a-2028\/#breadcrumb\",\"itemListElement\":[{\"@type\":\"ListItem\",\"position\":1,\"name\":\"Home\",\"item\":\"https:\/\/vof-news.eu\/es\/\"},{\"@type\":\"ListItem\",\"position\":2,\"name\":\"La Seguridad Social cita el 14 de julio a los colectivos de aut\u00f3nomos para negociar sus cuotas desde 2026 a 2028\"}]},{\"@type\":\"WebSite\",\"@id\":\"https:\/\/vof-news.eu\/es\/#website\",\"url\":\"https:\/\/vof-news.eu\/es\/\",\"name\":\"vof-news.eu\",\"description\":\"\",\"potentialAction\":[{\"@type\":\"SearchAction\",\"target\":{\"@type\":\"EntryPoint\",\"urlTemplate\":\"https:\/\/vof-news.eu\/es\/?s={search_term_string}\"},\"query-input\":\"required name=search_term_string\"}],\"inLanguage\":\"es\"},{\"@type\":\"Person\",\"@id\":\"https:\/\/vof-news.eu\/es\/#\/schema\/person\/f6a2a4309f0561835797fd8c19b333ed\",\"name\":\"Author\",\"image\":{\"@type\":\"ImageObject\",\"inLanguage\":\"es\",\"@id\":\"https:\/\/vof-news.eu\/es\/#\/schema\/person\/image\/\",\"url\":\"https:\/\/secure.gravatar.com\/avatar\/b67e614b1b25b3e9c0c239efdd2fde5ab015b5affd6f1c3c85911ca4b384e790?s=96&d=mm&r=g\",\"contentUrl\":\"https:\/\/secure.gravatar.com\/avatar\/b67e614b1b25b3e9c0c239efdd2fde5ab015b5affd6f1c3c85911ca4b384e790?s=96&d=mm&r=g\",\"caption\":\"Author\"},\"sameAs\":[\"http:\/\/vof-news.eu\"],\"url\":\"https:\/\/vof-news.eu\/es\/author\/zwt6qxnjulxbnyg\/\"}]}<\/script>\n<!-- \/ Yoast SEO plugin. -->","yoast_head_json":{"title":"La Seguridad Social cita el 14 de julio a los colectivos de aut\u00f3nomos para negociar sus cuotas desde 2026 a 2028 - vof-news.eu","description":"Ya hay fecha para empezar a negociar las cuotas de los aut\u00f3nomos a partir de 2026. El secretario de Estado de la Seguridad Social, Borja Su\u00e1rez, ha anunciado este martes que ha convocado el pr\u00f3ximo 14 de julio la mesa de di\u00e1logo social con los sindicatos, patronales y colectivos de aut\u00f3nomos para establecer la cuota de los aut\u00f3nomos a partir del a\u00f1o que viene, seg\u00fan el nuevo sistema de ingresos reales que se inici\u00f3 en 2023 y con el que se pactaron con los colectivos de aut\u00f3nomos varios tramos de ingresos y cotizaci\u00f3n hasta este a\u00f1o.","robots":{"index":"noindex","follow":"follow","max-snippet":"max-snippet:-1","max-image-preview":"max-image-preview:large","max-video-preview":"max-video-preview:-1"},"og_locale":"es_ES","og_type":"article","og_title":"La Seguridad Social cita el 14 de julio a los colectivos de aut\u00f3nomos para negociar sus cuotas desde 2026 a 2028 - vof-news.eu","og_description":"Ya hay fecha para empezar a negociar las cuotas de los aut\u00f3nomos a partir de 2026. El secretario de Estado de la Seguridad Social, Borja Su\u00e1rez, ha anunciado este martes que ha convocado el pr\u00f3ximo 14 de julio la mesa de di\u00e1logo social con los sindicatos, patronales y colectivos de aut\u00f3nomos para establecer la cuota de los aut\u00f3nomos a partir del a\u00f1o que viene, seg\u00fan el nuevo sistema de ingresos reales que se inici\u00f3 en 2023 y con el que se pactaron con los colectivos de aut\u00f3nomos varios tramos de ingresos y cotizaci\u00f3n hasta este a\u00f1o.","og_url":"https:\/\/vof-news.eu\/es\/la-seguridad-social-cita-el-14-de-julio-a-los-colectivos-de-autonomos-para-negociar-sus-cuotas-desde-2026-a-2028\/","og_site_name":"vof-news.eu","article_published_time":"2025-07-08T14:17:47+00:00","article_modified_time":"2025-07-08T14:18:28+00:00","og_image":[{"width":1200,"height":675,"url":"https:\/\/vof-news.eu\/wp-content\/uploads\/2025\/07\/8501c0d6-9013-46f0-9770-517cb5c8da11_16-9-discover-aspect-ratio_default_0.jpg","type":"image\/jpeg"}],"author":"Author","twitter_card":"summary_large_image","twitter_misc":{"Escrito por":"Author","Tiempo de lectura":"3 minutos"},"schema":{"@context":"https:\/\/schema.org","@graph":[{"@type":"WebPage","@id":"https:\/\/vof-news.eu\/es\/la-seguridad-social-cita-el-14-de-julio-a-los-colectivos-de-autonomos-para-negociar-sus-cuotas-desde-2026-a-2028\/","url":"https:\/\/vof-news.eu\/es\/la-seguridad-social-cita-el-14-de-julio-a-los-colectivos-de-autonomos-para-negociar-sus-cuotas-desde-2026-a-2028\/","name":"La Seguridad Social cita el 14 de julio a los colectivos de aut\u00f3nomos para negociar sus cuotas desde 2026 a 2028 - vof-news.eu","isPartOf":{"@id":"https:\/\/vof-news.eu\/es\/#website"},"primaryImageOfPage":{"@id":"https:\/\/vof-news.eu\/es\/la-seguridad-social-cita-el-14-de-julio-a-los-colectivos-de-autonomos-para-negociar-sus-cuotas-desde-2026-a-2028\/#primaryimage"},"image":{"@id":"https:\/\/vof-news.eu\/es\/la-seguridad-social-cita-el-14-de-julio-a-los-colectivos-de-autonomos-para-negociar-sus-cuotas-desde-2026-a-2028\/#primaryimage"},"thumbnailUrl":"https:\/\/vof-news.eu\/wp-content\/uploads\/2025\/07\/8501c0d6-9013-46f0-9770-517cb5c8da11_16-9-discover-aspect-ratio_default_0.jpg","datePublished":"2025-07-08T14:17:47+00:00","dateModified":"2025-07-08T14:18:28+00:00","author":{"@id":"https:\/\/vof-news.eu\/es\/#\/schema\/person\/f6a2a4309f0561835797fd8c19b333ed"},"description":"Ya hay fecha para empezar a negociar las cuotas de los aut\u00f3nomos a partir de 2026. El secretario de Estado de la Seguridad Social, Borja Su\u00e1rez, ha anunciado este martes que ha convocado el pr\u00f3ximo 14 de julio la mesa de di\u00e1logo social con los sindicatos, patronales y colectivos de aut\u00f3nomos para establecer la cuota de los aut\u00f3nomos a partir del a\u00f1o que viene, seg\u00fan el nuevo sistema de ingresos reales que se inici\u00f3 en 2023 y con el que se pactaron con los colectivos de aut\u00f3nomos varios tramos de ingresos y cotizaci\u00f3n hasta este a\u00f1o.","breadcrumb":{"@id":"https:\/\/vof-news.eu\/es\/la-seguridad-social-cita-el-14-de-julio-a-los-colectivos-de-autonomos-para-negociar-sus-cuotas-desde-2026-a-2028\/#breadcrumb"},"inLanguage":"es","potentialAction":[{"@type":"ReadAction","target":["https:\/\/vof-news.eu\/es\/la-seguridad-social-cita-el-14-de-julio-a-los-colectivos-de-autonomos-para-negociar-sus-cuotas-desde-2026-a-2028\/"]}]},{"@type":"ImageObject","inLanguage":"es","@id":"https:\/\/vof-news.eu\/es\/la-seguridad-social-cita-el-14-de-julio-a-los-colectivos-de-autonomos-para-negociar-sus-cuotas-desde-2026-a-2028\/#primaryimage","url":"https:\/\/vof-news.eu\/wp-content\/uploads\/2025\/07\/8501c0d6-9013-46f0-9770-517cb5c8da11_16-9-discover-aspect-ratio_default_0.jpg","contentUrl":"https:\/\/vof-news.eu\/wp-content\/uploads\/2025\/07\/8501c0d6-9013-46f0-9770-517cb5c8da11_16-9-discover-aspect-ratio_default_0.jpg","width":1200,"height":675},{"@type":"BreadcrumbList","@id":"https:\/\/vof-news.eu\/es\/la-seguridad-social-cita-el-14-de-julio-a-los-colectivos-de-autonomos-para-negociar-sus-cuotas-desde-2026-a-2028\/#breadcrumb","itemListElement":[{"@type":"ListItem","position":1,"name":"Home","item":"https:\/\/vof-news.eu\/es\/"},{"@type":"ListItem","position":2,"name":"La Seguridad Social cita el 14 de julio a los colectivos de aut\u00f3nomos para negociar sus cuotas desde 2026 a 2028"}]},{"@type":"WebSite","@id":"https:\/\/vof-news.eu\/es\/#website","url":"https:\/\/vof-news.eu\/es\/","name":"vof-news.eu","description":"","potentialAction":[{"@type":"SearchAction","target":{"@type":"EntryPoint","urlTemplate":"https:\/\/vof-news.eu\/es\/?s={search_term_string}"},"query-input":"required name=search_term_string"}],"inLanguage":"es"},{"@type":"Person","@id":"https:\/\/vof-news.eu\/es\/#\/schema\/person\/f6a2a4309f0561835797fd8c19b333ed","name":"Author","image":{"@type":"ImageObject","inLanguage":"es","@id":"https:\/\/vof-news.eu\/es\/#\/schema\/person\/image\/","url":"https:\/\/secure.gravatar.com\/avatar\/b67e614b1b25b3e9c0c239efdd2fde5ab015b5affd6f1c3c85911ca4b384e790?s=96&d=mm&r=g","contentUrl":"https:\/\/secure.gravatar.com\/avatar\/b67e614b1b25b3e9c0c239efdd2fde5ab015b5affd6f1c3c85911ca4b384e790?s=96&d=mm&r=g","caption":"Author"},"sameAs":["http:\/\/vof-news.eu"],"url":"https:\/\/vof-news.eu\/es\/author\/zwt6qxnjulxbnyg\/"}]}},"yoast_meta":{"yoast_wpseo_title":"","yoast_wpseo_metadesc":"","yoast_wpseo_canonical":""},"_links":{"self":[{"href":"https:\/\/vof-news.eu\/es\/wp-json\/wp\/v2\/posts\/249621","targetHints":{"allow":["GET"]}}],"collection":[{"href":"https:\/\/vof-news.eu\/es\/wp-json\/wp\/v2\/posts"}],"about":[{"href":"https:\/\/vof-news.eu\/es\/wp-json\/wp\/v2\/types\/post"}],"author":[{"embeddable":true,"href":"https:\/\/vof-news.eu\/es\/wp-json\/wp\/v2\/users\/1"}],"replies":[{"embeddable":true,"href":"https:\/\/vof-news.eu\/es\/wp-json\/wp\/v2\/comments?post=249621"}],"version-history":[{"count":1,"href":"https:\/\/vof-news.eu\/es\/wp-json\/wp\/v2\/posts\/249621\/revisions"}],"predecessor-version":[{"id":249628,"href":"https:\/\/vof-news.eu\/es\/wp-json\/wp\/v2\/posts\/249621\/revisions\/249628"}],"wp:featuredmedia":[{"embeddable":true,"href":"https:\/\/vof-news.eu\/es\/wp-json\/wp\/v2\/media\/249622"}],"wp:attachment":[{"href":"https:\/\/vof-news.eu\/es\/wp-json\/wp\/v2\/media?parent=249621"}],"wp:term":[{"taxonomy":"category","embeddable":true,"href":"https:\/\/vof-news.eu\/es\/wp-json\/wp\/v2\/categories?post=249621"},{"taxonomy":"post_tag","embeddable":true,"href":"https:\/\/vof-news.eu\/es\/wp-json\/wp\/v2\/tags?post=249621"}],"curies":[{"name":"wp","href":"https:\/\/api.w.org\/{rel}","templated":true}]}}