{"id":249391,"date":"2025-07-08T11:18:12","date_gmt":"2025-07-08T08:18:12","guid":{"rendered":"https:\/\/vof-news.eu\/el-gobierno-destina-750-millones-de-urgencia-a-reforzar-la-red-tras-el-apagon-y-facilitar-el-despliegue-renovable\/"},"modified":"2025-07-08T11:18:36","modified_gmt":"2025-07-08T08:18:36","slug":"el-gobierno-destina-750-millones-de-urgencia-a-reforzar-la-red-tras-el-apagon-y-facilitar-el-despliegue-renovable","status":"publish","type":"post","link":"https:\/\/vof-news.eu\/es\/el-gobierno-destina-750-millones-de-urgencia-a-reforzar-la-red-tras-el-apagon-y-facilitar-el-despliegue-renovable\/","title":{"rendered":"El Gobierno destina 750 millones de urgencia a reforzar la red tras el apag\u00f3n y facilitar el despliegue renovable"},"content":{"rendered":"<div>\n<p>\n        El Consejo de Ministros va a aprobar este martes 750 millones de euros en inversiones urgentes que se incorporan a la actual planificaci\u00f3n de las redes de transporte de energ\u00eda el\u00e9ctrica \u201cpara aumentar la resiliencia de la red\u201d y facilitar el despliegue de renovables tras el hist\u00f3rico apag\u00f3n del pasado 28 de abril.\n    <\/p>\n<p>\n        Se trata de la segunda modificaci\u00f3n puntual de la vigente planificaci\u00f3n de las redes (2021-2026), que data de marzo de 2022, tras la que se aprob\u00f3 en abril de 2024. El listado de 65 actuaciones urgentes (instalaci\u00f3n de compensadores s\u00edncronos, reactancias, dotaci\u00f3n de rel\u00e9s\u2026) suma un importe global de 749,8 millones, seg\u00fan el borrador del acuerdo al que ha tenido acceso elDiario.es.\n    <\/p>\n<p>\n        El texto del acuerdo, firmado por la vicepresidenta tercera y ministra para la Transici\u00f3n Ecol\u00f3gica y el Reto Demogr\u00e1fico, Sara Aagesen, indica que las principales necesidades que buscan cubrirse con este acuerdo son, por este orden, el \u201cincremento de la seguridad del suministro mediante el refuerzo de la red de transporte\u201d, el desarrollo de conexiones con los sistemas no peninsulares y entre islas, el desarrollo de interconexiones internacionales, la \u201cmejora de la integraci\u00f3n de la red, en particular de la energ\u00edas renovables\u201d, la alimentaci\u00f3n de nuevos ejes de la red de AVE; y el \u201capoyo a la red de distribuci\u00f3n y a la nueva demanda de grandes consumidores, principalmente industriales\u201d.\n    <\/p>\n<p>\n        Seg\u00fan Transici\u00f3n Ecol\u00f3gica, este conjunto de actuaciones, \u201cdestinadas a incorporar herramientas adicionales a las redes que faciliten el control de tensi\u00f3n, la estabilidad ante oscilaciones y en general, el refuerzo del sistema el\u00e9ctrico, tanto en la pen\u00ednsula como en los territorios no peninsularesCanarias y Baleares\u201d, \u201cfacilitar\u00e1 la progresiva integraci\u00f3n de renovables y el almacenamiento\u201d para cumplir con los objetivos del Plan Nacional Integrado de Energ\u00eda y Clima (PNIEC), que contempla un 81% de electricidad renovable para 2030, \u201cy rebajar la factura de los consumidores\u201d. Tambi\u00e9n se incluyen nuevas posiciones para permitir la conexi\u00f3n de generaci\u00f3n de emergencia en Canarias.\n    <\/p>\n<p>\n        El acuerdo se dicta, entre otras disposiciones, al amparo del Real Decreto-Ley aprobado el pasado 24 de junio, tras el informe de la comisi\u00f3n de expertos del Gobierno sobre el apag\u00f3n. El dictamen detect\u00f3 fallos en la planificaci\u00f3n de la potencia de reserva por parte del operador del sistema, Red El\u00e9ctrica, el disparo indebido de instalaciones de generaci\u00f3n renovable y <a href=\"https:\/\/www.eldiario.es\/economia\/informe-apagon-detecta-centrales-no-estaban-regulando-tension-desconexion-indebida-instalaciones_1_12391582.html\" rel=\"nofollow\">un mal funcionamiento de la generaci\u00f3n convencional que deb\u00eda controlar tensi\u00f3n<\/a> ante las oscilaciones an\u00f3malas que, como adelant\u00f3 elDiario.es, tuvieron su origen <a href=\"https:\/\/www.eldiario.es\/economia\/central-fotovoltaica-origen-apagon-megaplanta-nunez-balboa-iberdrola_1_12395979.html\" rel=\"nofollow\">en la megaplanta N\u00fa\u00f1ez de Balboa de Iberdrola en Extremadura<\/a>.\n    <\/p>\n<p>\n        Ese decreto, que est\u00e1 pendiente de convalidaci\u00f3n en el Congreso de los Diputados en un momento de gran debilidad parlamentaria del Gobierno tras el esc\u00e1ndalo de corrupci\u00f3n del anterior secretario de Organizaci\u00f3n del PSOE, Santos Cerd\u00e1n, prev\u00e9 en su art\u00edculo 6 \u201cque el Consejo de Ministros aprobar\u00e1 un listado de actuaciones espec\u00edficas para el control de tensi\u00f3n, la estabilidad ante oscilaciones y el refuerzo de la resiliencia del sistema el\u00e9ctrico, que se incorporan en el Plan de Desarrollo de la Red\u201d, indica el acuerdo que se va a aprobar este martes.\n    <\/p>\n<p>\n        Las actuaciones incluyen la instalaci\u00f3n de compensadores s\u00edncronos por primera vez en la Pen\u00ednsula, as\u00ed como la incorporaci\u00f3n de nuevas unidades en las islas. Estos dispositivos proporcionan control din\u00e1mico de la tensi\u00f3n desde la red de transporte y, dado el car\u00e1cter m\u00e1s local del control de tensi\u00f3n, se distribuyen geogr\u00e1ficamente de forma que permitan reforzar este control en las distintas zonas del sistema, complementando a los equipos y sistemas con los que ya cuenta el sistema para esa funci\u00f3n.\n    <\/p>\n<p>\n        As\u00ed, ocho de esos compensadores s\u00edncronos se localizan distribuidas en distintas zonas de la pen\u00ednsula, otros dos en los sistemas el\u00e9ctricos canarios (La Palma y Lanzarote, complementando los ya previstos en Gran Canaria y Tenerife), mientras que el ya previsto en Mallorca se adelanta con esta modificaci\u00f3n.\n    <\/p>\n<p>\n        Adem\u00e1s, estos compensadores aportan inercia al sistema y permiten incrementar la capacidad disponible en la red para nueva generaci\u00f3n renovable, en particular en los sistemas no peninsulares.\n    <\/p>\n<p>\n        Cerca del 40% de la inversi\u00f3n aprobada (casi 290 millones) se concentra en Andaluc\u00eda y Extremadura, las dos comunidades aut\u00f3nomas en las que se inici\u00f3 ese hist\u00f3rico cero peninsular, ambas con fuerte penetraci\u00f3n renovable. Tambi\u00e9n se destinan 97,2 millones a ambos archipi\u00e9lagos.\n    <\/p>\n<p>\n        Por regiones, a Andaluc\u00eda se destinan 147,3 millones y a Extremadura, 142,2 millones. Destacan tambi\u00e9n Castilla-La Mancha (73,6 millones), Asturias (72,7 millones), Comunitat Valenciana (71,3 millones), Galicia (71,1 millones), Canarias (58,4), Catalunya (48,7 millones) y Baleares (38,8 millones). A Arag\u00f3n, Comunidad de Madrid y Castilla y Le\u00f3n se destinan otros 19,6 millones.\n    <\/p>\n<p>\n        Como explica Transici\u00f3n Ecol\u00f3gica, se trata de una modificaci\u00f3n excepcional al amparo del Real Decreto-ley 7\/2025, de 24 de junio. Es la primera vez que se aprueban modificaciones puntuales que se centran exclusivamente en reforzar la operaci\u00f3n y control de la red. El Ejecutivo tiene pendiente sacar a consulta la pr\u00f3xima Planificaci\u00f3n 2025-2030.\n    <\/p>\n<p>\n        En la modificaci\u00f3n se incluyen tambi\u00e9n un Sistema de Transmisi\u00f3n de Corriente Alterna Flexible (FACTS, por sus siglas en ingl\u00e9s) que contribuye a amortiguar oscilaciones en el sistema, as\u00ed como la renovaci\u00f3n e instalaci\u00f3n de nuevas reactancias que permiten mejorar el control de tensi\u00f3n de forma distribuida por todo el sistema.\n    <\/p>\n<p>\n        \u201cDado el car\u00e1cter urgente\u201d de las actuaciones aprobadas, el listado de inversiones no se ha sometido a audiencia de las Comunidades Aut\u00f3nomas ni al informe de la Comisi\u00f3n Nacional de los Mercados y la Competencia (CNMC). Aunque las actuaciones se van a acometer \u201cen su mayor parte\u201d sobre suelo ya transformado por subestaciones ya existentes, se flexibilizan algunos requisitos ambientales.\n    <\/p>\n<p>\n        Con este listado de actuaciones urgentes Transici\u00f3n Ecol\u00f3gica busca  tambi\u00e9n reducir la necesidad de que Red El\u00e9ctrica aplique restricciones t\u00e9cnicas a la hora de gestionar el sistema el\u00e9ctrico, con un ahorro estimado de unos 200 millones de euros anuales. Es el modo de operaci\u00f3n reforzada en el que est\u00e1 funcionando el sistema desde el apag\u00f3n, tirando m\u00e1s del gas.\n    <\/p>\n<p>\n        Fuentes del ministerio explican que las actuaciones aprobadas reducen la necesidad de conectar centrales de generaci\u00f3n que no hayan resultado casadas en el mercado en el mecanismo denominado restricciones t\u00e9cnicas. Este mecanismo supone el arranque de centrales a su \u201cm\u00ednimo t\u00e9cnico\u201d en momentos en que no es necesaria su energ\u00eda sino otro elemento como puede ser el control de tensi\u00f3n. Esto desplaza otras fuentes de generaci\u00f3n m\u00e1s baratas que s\u00ed hubieran casado en el mercado, adem\u00e1s de un sobrecoste para los consumidores.\n    <\/p>\n<p>\n        \u201cEstos nuevos equipos, al aportar capacidades de control de tensi\u00f3n directamente desde la red, reducir\u00e1n la necesidad de este tipo de mecanismos, generando un ahorro econ\u00f3mico, as\u00ed como facilitando la integraci\u00f3n de generaci\u00f3n renovable al no tener que programar la energ\u00eda procedente de estas centrales operando al m\u00ednimo t\u00e9cnico\u201d, explica el ministerio.\n    <\/p>\n<p>\n        Con esta nueva modificaci\u00f3n puntual de la planificaci\u00f3n, que se suma a las 73 actuaciones aprobadas en abril de 2024 (con una inversi\u00f3n entonces de 489 millones), la inversi\u00f3n total de la planificaci\u00f3n hasta 2026 se incrementa hasta los 8.203 millones.\n    <\/p>\n<p>\n        Estas inversiones urgentes llegan tras el decreto del Gobierno con las lecciones aprendidas tras el apag\u00f3n y la aprobaci\u00f3n, por parte de la CNMC, del <a href=\"https:\/\/www.eldiario.es\/economia\/competencia-anuncia-nuevo-servicio-control-tension-informes-gobierno-ree-apagon_1_12398366.html\" rel=\"nofollow\">nuevo servicio de control de tensi\u00f3n<\/a>, que el denominado &#8216;s\u00faperregulador&#8217; llevaba analizando desde 2021 para actualizar <a href=\"https:\/\/www.eldiario.es\/economia\/competencia-planteo-cambiar-norma-obsoleta-controlar-tension-electrica-no-aprobado_1_12320093.html\" rel=\"nofollow\">una norma obsoleta que tiene 25 a\u00f1os<\/a>, cuando las renovables eran testimoniales en el mix el\u00e9ctrico espa\u00f1ol. Competencia anunci\u00f3 la puesta al d\u00eda de ese servicio despu\u00e9s de que el Gobierno y Red El\u00e9ctrica publicaran sus informes sobre el apag\u00f3n, que recomendaban ponerlo en marcha de forma inmediata. La CNMC tambi\u00e9n publicar\u00e1 su propio informe sobre el cero energ\u00e9tico, sin perjuicio de las sanciones que en su caso correspondan.\n    <\/p>\n<\/div>\n","protected":false},"excerpt":{"rendered":"<p>El Consejo de Ministros va a aprobar este martes 750 millones de euros en inversiones urgentes que se incorporan a la actual planificaci\u00f3n de las redes de transporte de energ\u00eda el\u00e9ctrica \u201cpara aumentar la resiliencia de la red\u201d y facilitar el despliegue de renovables tras el hist\u00f3rico apag\u00f3n del pasado 28 de abril. Se trata<\/p>\n","protected":false},"author":1,"featured_media":249392,"comment_status":"open","ping_status":"open","sticky":false,"template":"","format":"standard","meta":{"footnotes":""},"categories":[61],"tags":[],"class_list":["post-249391","post","type-post","status-publish","format-standard","has-post-thumbnail","hentry","category-business-es"],"acf":[],"yoast_head":"<!-- This site is optimized with the Yoast SEO plugin v22.9 - https:\/\/yoast.com\/wordpress\/plugins\/seo\/ -->\n<title>El Gobierno destina 750 millones de urgencia a reforzar la red tras el apag\u00f3n y facilitar el despliegue renovable - vof-news.eu<\/title>\n<meta name=\"description\" content=\"El Consejo de Ministros va a aprobar este martes 750 millones de euros en inversiones urgentes que se incorporan a la actual planificaci\u00f3n de las redes de transporte de energ\u00eda el\u00e9ctrica \u201cpara aumentar la resiliencia de la red\u201d y facilitar el despliegue de renovables tras el hist\u00f3rico apag\u00f3n del pasado 28 de abril.\" \/>\n<meta name=\"robots\" content=\"noindex, follow, max-snippet:-1, max-image-preview:large, max-video-preview:-1\" \/>\n<meta property=\"og:locale\" content=\"es_ES\" \/>\n<meta property=\"og:type\" content=\"article\" \/>\n<meta property=\"og:title\" content=\"El Gobierno destina 750 millones de urgencia a reforzar la red tras el apag\u00f3n y facilitar el despliegue renovable - vof-news.eu\" \/>\n<meta property=\"og:description\" content=\"El Consejo de Ministros va a aprobar este martes 750 millones de euros en inversiones urgentes que se incorporan a la actual planificaci\u00f3n de las redes de transporte de energ\u00eda el\u00e9ctrica \u201cpara aumentar la resiliencia de la red\u201d y facilitar el despliegue de renovables tras el hist\u00f3rico apag\u00f3n del pasado 28 de abril.\" \/>\n<meta property=\"og:url\" content=\"https:\/\/vof-news.eu\/es\/el-gobierno-destina-750-millones-de-urgencia-a-reforzar-la-red-tras-el-apagon-y-facilitar-el-despliegue-renovable\/\" \/>\n<meta property=\"og:site_name\" content=\"vof-news.eu\" \/>\n<meta property=\"article:published_time\" content=\"2025-07-08T08:18:12+00:00\" \/>\n<meta property=\"article:modified_time\" content=\"2025-07-08T08:18:36+00:00\" \/>\n<meta property=\"og:image\" content=\"https:\/\/vof-news.eu\/wp-content\/uploads\/2025\/07\/60eb919e-fa36-4906-a6d0-f204d94ea4b3_16-9-discover-aspect-ratio_default_0.jpg\" \/>\n\t<meta property=\"og:image:width\" content=\"1200\" \/>\n\t<meta property=\"og:image:height\" content=\"675\" \/>\n\t<meta property=\"og:image:type\" content=\"image\/jpeg\" \/>\n<meta name=\"author\" content=\"Author\" \/>\n<meta name=\"twitter:card\" content=\"summary_large_image\" \/>\n<meta name=\"twitter:label1\" content=\"Escrito por\" \/>\n\t<meta name=\"twitter:data1\" content=\"Author\" \/>\n\t<meta name=\"twitter:label2\" content=\"Tiempo de lectura\" \/>\n\t<meta name=\"twitter:data2\" content=\"7 minutos\" \/>\n<script type=\"application\/ld+json\" class=\"yoast-schema-graph\">{\"@context\":\"https:\/\/schema.org\",\"@graph\":[{\"@type\":\"WebPage\",\"@id\":\"https:\/\/vof-news.eu\/es\/el-gobierno-destina-750-millones-de-urgencia-a-reforzar-la-red-tras-el-apagon-y-facilitar-el-despliegue-renovable\/\",\"url\":\"https:\/\/vof-news.eu\/es\/el-gobierno-destina-750-millones-de-urgencia-a-reforzar-la-red-tras-el-apagon-y-facilitar-el-despliegue-renovable\/\",\"name\":\"El Gobierno destina 750 millones de urgencia a reforzar la red tras el apag\u00f3n y facilitar el despliegue renovable - vof-news.eu\",\"isPartOf\":{\"@id\":\"https:\/\/vof-news.eu\/es\/#website\"},\"primaryImageOfPage\":{\"@id\":\"https:\/\/vof-news.eu\/es\/el-gobierno-destina-750-millones-de-urgencia-a-reforzar-la-red-tras-el-apagon-y-facilitar-el-despliegue-renovable\/#primaryimage\"},\"image\":{\"@id\":\"https:\/\/vof-news.eu\/es\/el-gobierno-destina-750-millones-de-urgencia-a-reforzar-la-red-tras-el-apagon-y-facilitar-el-despliegue-renovable\/#primaryimage\"},\"thumbnailUrl\":\"https:\/\/vof-news.eu\/wp-content\/uploads\/2025\/07\/60eb919e-fa36-4906-a6d0-f204d94ea4b3_16-9-discover-aspect-ratio_default_0.jpg\",\"datePublished\":\"2025-07-08T08:18:12+00:00\",\"dateModified\":\"2025-07-08T08:18:36+00:00\",\"author\":{\"@id\":\"https:\/\/vof-news.eu\/es\/#\/schema\/person\/f6a2a4309f0561835797fd8c19b333ed\"},\"description\":\"El Consejo de Ministros va a aprobar este martes 750 millones de euros en inversiones urgentes que se incorporan a la actual planificaci\u00f3n de las redes de transporte de energ\u00eda el\u00e9ctrica \u201cpara aumentar la resiliencia de la red\u201d y facilitar el despliegue de renovables tras el hist\u00f3rico apag\u00f3n del pasado 28 de abril.\",\"breadcrumb\":{\"@id\":\"https:\/\/vof-news.eu\/es\/el-gobierno-destina-750-millones-de-urgencia-a-reforzar-la-red-tras-el-apagon-y-facilitar-el-despliegue-renovable\/#breadcrumb\"},\"inLanguage\":\"es\",\"potentialAction\":[{\"@type\":\"ReadAction\",\"target\":[\"https:\/\/vof-news.eu\/es\/el-gobierno-destina-750-millones-de-urgencia-a-reforzar-la-red-tras-el-apagon-y-facilitar-el-despliegue-renovable\/\"]}]},{\"@type\":\"ImageObject\",\"inLanguage\":\"es\",\"@id\":\"https:\/\/vof-news.eu\/es\/el-gobierno-destina-750-millones-de-urgencia-a-reforzar-la-red-tras-el-apagon-y-facilitar-el-despliegue-renovable\/#primaryimage\",\"url\":\"https:\/\/vof-news.eu\/wp-content\/uploads\/2025\/07\/60eb919e-fa36-4906-a6d0-f204d94ea4b3_16-9-discover-aspect-ratio_default_0.jpg\",\"contentUrl\":\"https:\/\/vof-news.eu\/wp-content\/uploads\/2025\/07\/60eb919e-fa36-4906-a6d0-f204d94ea4b3_16-9-discover-aspect-ratio_default_0.jpg\",\"width\":1200,\"height\":675},{\"@type\":\"BreadcrumbList\",\"@id\":\"https:\/\/vof-news.eu\/es\/el-gobierno-destina-750-millones-de-urgencia-a-reforzar-la-red-tras-el-apagon-y-facilitar-el-despliegue-renovable\/#breadcrumb\",\"itemListElement\":[{\"@type\":\"ListItem\",\"position\":1,\"name\":\"Home\",\"item\":\"https:\/\/vof-news.eu\/es\/\"},{\"@type\":\"ListItem\",\"position\":2,\"name\":\"El Gobierno destina 750 millones de urgencia a reforzar la red tras el apag\u00f3n y facilitar el despliegue renovable\"}]},{\"@type\":\"WebSite\",\"@id\":\"https:\/\/vof-news.eu\/es\/#website\",\"url\":\"https:\/\/vof-news.eu\/es\/\",\"name\":\"vof-news.eu\",\"description\":\"\",\"potentialAction\":[{\"@type\":\"SearchAction\",\"target\":{\"@type\":\"EntryPoint\",\"urlTemplate\":\"https:\/\/vof-news.eu\/es\/?s={search_term_string}\"},\"query-input\":\"required name=search_term_string\"}],\"inLanguage\":\"es\"},{\"@type\":\"Person\",\"@id\":\"https:\/\/vof-news.eu\/es\/#\/schema\/person\/f6a2a4309f0561835797fd8c19b333ed\",\"name\":\"Author\",\"image\":{\"@type\":\"ImageObject\",\"inLanguage\":\"es\",\"@id\":\"https:\/\/vof-news.eu\/es\/#\/schema\/person\/image\/\",\"url\":\"https:\/\/secure.gravatar.com\/avatar\/b67e614b1b25b3e9c0c239efdd2fde5ab015b5affd6f1c3c85911ca4b384e790?s=96&d=mm&r=g\",\"contentUrl\":\"https:\/\/secure.gravatar.com\/avatar\/b67e614b1b25b3e9c0c239efdd2fde5ab015b5affd6f1c3c85911ca4b384e790?s=96&d=mm&r=g\",\"caption\":\"Author\"},\"sameAs\":[\"http:\/\/vof-news.eu\"],\"url\":\"https:\/\/vof-news.eu\/es\/author\/zwt6qxnjulxbnyg\/\"}]}<\/script>\n<!-- \/ Yoast SEO plugin. -->","yoast_head_json":{"title":"El Gobierno destina 750 millones de urgencia a reforzar la red tras el apag\u00f3n y facilitar el despliegue renovable - vof-news.eu","description":"El Consejo de Ministros va a aprobar este martes 750 millones de euros en inversiones urgentes que se incorporan a la actual planificaci\u00f3n de las redes de transporte de energ\u00eda el\u00e9ctrica \u201cpara aumentar la resiliencia de la red\u201d y facilitar el despliegue de renovables tras el hist\u00f3rico apag\u00f3n del pasado 28 de abril.","robots":{"index":"noindex","follow":"follow","max-snippet":"max-snippet:-1","max-image-preview":"max-image-preview:large","max-video-preview":"max-video-preview:-1"},"og_locale":"es_ES","og_type":"article","og_title":"El Gobierno destina 750 millones de urgencia a reforzar la red tras el apag\u00f3n y facilitar el despliegue renovable - vof-news.eu","og_description":"El Consejo de Ministros va a aprobar este martes 750 millones de euros en inversiones urgentes que se incorporan a la actual planificaci\u00f3n de las redes de transporte de energ\u00eda el\u00e9ctrica \u201cpara aumentar la resiliencia de la red\u201d y facilitar el despliegue de renovables tras el hist\u00f3rico apag\u00f3n del pasado 28 de abril.","og_url":"https:\/\/vof-news.eu\/es\/el-gobierno-destina-750-millones-de-urgencia-a-reforzar-la-red-tras-el-apagon-y-facilitar-el-despliegue-renovable\/","og_site_name":"vof-news.eu","article_published_time":"2025-07-08T08:18:12+00:00","article_modified_time":"2025-07-08T08:18:36+00:00","og_image":[{"width":1200,"height":675,"url":"https:\/\/vof-news.eu\/wp-content\/uploads\/2025\/07\/60eb919e-fa36-4906-a6d0-f204d94ea4b3_16-9-discover-aspect-ratio_default_0.jpg","type":"image\/jpeg"}],"author":"Author","twitter_card":"summary_large_image","twitter_misc":{"Escrito por":"Author","Tiempo de lectura":"7 minutos"},"schema":{"@context":"https:\/\/schema.org","@graph":[{"@type":"WebPage","@id":"https:\/\/vof-news.eu\/es\/el-gobierno-destina-750-millones-de-urgencia-a-reforzar-la-red-tras-el-apagon-y-facilitar-el-despliegue-renovable\/","url":"https:\/\/vof-news.eu\/es\/el-gobierno-destina-750-millones-de-urgencia-a-reforzar-la-red-tras-el-apagon-y-facilitar-el-despliegue-renovable\/","name":"El Gobierno destina 750 millones de urgencia a reforzar la red tras el apag\u00f3n y facilitar el despliegue renovable - vof-news.eu","isPartOf":{"@id":"https:\/\/vof-news.eu\/es\/#website"},"primaryImageOfPage":{"@id":"https:\/\/vof-news.eu\/es\/el-gobierno-destina-750-millones-de-urgencia-a-reforzar-la-red-tras-el-apagon-y-facilitar-el-despliegue-renovable\/#primaryimage"},"image":{"@id":"https:\/\/vof-news.eu\/es\/el-gobierno-destina-750-millones-de-urgencia-a-reforzar-la-red-tras-el-apagon-y-facilitar-el-despliegue-renovable\/#primaryimage"},"thumbnailUrl":"https:\/\/vof-news.eu\/wp-content\/uploads\/2025\/07\/60eb919e-fa36-4906-a6d0-f204d94ea4b3_16-9-discover-aspect-ratio_default_0.jpg","datePublished":"2025-07-08T08:18:12+00:00","dateModified":"2025-07-08T08:18:36+00:00","author":{"@id":"https:\/\/vof-news.eu\/es\/#\/schema\/person\/f6a2a4309f0561835797fd8c19b333ed"},"description":"El Consejo de Ministros va a aprobar este martes 750 millones de euros en inversiones urgentes que se incorporan a la actual planificaci\u00f3n de las redes de transporte de energ\u00eda el\u00e9ctrica \u201cpara aumentar la resiliencia de la red\u201d y facilitar el despliegue de renovables tras el hist\u00f3rico apag\u00f3n del pasado 28 de abril.","breadcrumb":{"@id":"https:\/\/vof-news.eu\/es\/el-gobierno-destina-750-millones-de-urgencia-a-reforzar-la-red-tras-el-apagon-y-facilitar-el-despliegue-renovable\/#breadcrumb"},"inLanguage":"es","potentialAction":[{"@type":"ReadAction","target":["https:\/\/vof-news.eu\/es\/el-gobierno-destina-750-millones-de-urgencia-a-reforzar-la-red-tras-el-apagon-y-facilitar-el-despliegue-renovable\/"]}]},{"@type":"ImageObject","inLanguage":"es","@id":"https:\/\/vof-news.eu\/es\/el-gobierno-destina-750-millones-de-urgencia-a-reforzar-la-red-tras-el-apagon-y-facilitar-el-despliegue-renovable\/#primaryimage","url":"https:\/\/vof-news.eu\/wp-content\/uploads\/2025\/07\/60eb919e-fa36-4906-a6d0-f204d94ea4b3_16-9-discover-aspect-ratio_default_0.jpg","contentUrl":"https:\/\/vof-news.eu\/wp-content\/uploads\/2025\/07\/60eb919e-fa36-4906-a6d0-f204d94ea4b3_16-9-discover-aspect-ratio_default_0.jpg","width":1200,"height":675},{"@type":"BreadcrumbList","@id":"https:\/\/vof-news.eu\/es\/el-gobierno-destina-750-millones-de-urgencia-a-reforzar-la-red-tras-el-apagon-y-facilitar-el-despliegue-renovable\/#breadcrumb","itemListElement":[{"@type":"ListItem","position":1,"name":"Home","item":"https:\/\/vof-news.eu\/es\/"},{"@type":"ListItem","position":2,"name":"El Gobierno destina 750 millones de urgencia a reforzar la red tras el apag\u00f3n y facilitar el despliegue renovable"}]},{"@type":"WebSite","@id":"https:\/\/vof-news.eu\/es\/#website","url":"https:\/\/vof-news.eu\/es\/","name":"vof-news.eu","description":"","potentialAction":[{"@type":"SearchAction","target":{"@type":"EntryPoint","urlTemplate":"https:\/\/vof-news.eu\/es\/?s={search_term_string}"},"query-input":"required name=search_term_string"}],"inLanguage":"es"},{"@type":"Person","@id":"https:\/\/vof-news.eu\/es\/#\/schema\/person\/f6a2a4309f0561835797fd8c19b333ed","name":"Author","image":{"@type":"ImageObject","inLanguage":"es","@id":"https:\/\/vof-news.eu\/es\/#\/schema\/person\/image\/","url":"https:\/\/secure.gravatar.com\/avatar\/b67e614b1b25b3e9c0c239efdd2fde5ab015b5affd6f1c3c85911ca4b384e790?s=96&d=mm&r=g","contentUrl":"https:\/\/secure.gravatar.com\/avatar\/b67e614b1b25b3e9c0c239efdd2fde5ab015b5affd6f1c3c85911ca4b384e790?s=96&d=mm&r=g","caption":"Author"},"sameAs":["http:\/\/vof-news.eu"],"url":"https:\/\/vof-news.eu\/es\/author\/zwt6qxnjulxbnyg\/"}]}},"yoast_meta":{"yoast_wpseo_title":"","yoast_wpseo_metadesc":"","yoast_wpseo_canonical":""},"_links":{"self":[{"href":"https:\/\/vof-news.eu\/es\/wp-json\/wp\/v2\/posts\/249391","targetHints":{"allow":["GET"]}}],"collection":[{"href":"https:\/\/vof-news.eu\/es\/wp-json\/wp\/v2\/posts"}],"about":[{"href":"https:\/\/vof-news.eu\/es\/wp-json\/wp\/v2\/types\/post"}],"author":[{"embeddable":true,"href":"https:\/\/vof-news.eu\/es\/wp-json\/wp\/v2\/users\/1"}],"replies":[{"embeddable":true,"href":"https:\/\/vof-news.eu\/es\/wp-json\/wp\/v2\/comments?post=249391"}],"version-history":[{"count":1,"href":"https:\/\/vof-news.eu\/es\/wp-json\/wp\/v2\/posts\/249391\/revisions"}],"predecessor-version":[{"id":249398,"href":"https:\/\/vof-news.eu\/es\/wp-json\/wp\/v2\/posts\/249391\/revisions\/249398"}],"wp:featuredmedia":[{"embeddable":true,"href":"https:\/\/vof-news.eu\/es\/wp-json\/wp\/v2\/media\/249392"}],"wp:attachment":[{"href":"https:\/\/vof-news.eu\/es\/wp-json\/wp\/v2\/media?parent=249391"}],"wp:term":[{"taxonomy":"category","embeddable":true,"href":"https:\/\/vof-news.eu\/es\/wp-json\/wp\/v2\/categories?post=249391"},{"taxonomy":"post_tag","embeddable":true,"href":"https:\/\/vof-news.eu\/es\/wp-json\/wp\/v2\/tags?post=249391"}],"curies":[{"name":"wp","href":"https:\/\/api.w.org\/{rel}","templated":true}]}}