{"id":249158,"date":"2025-07-07T23:22:28","date_gmt":"2025-07-07T20:22:28","guid":{"rendered":"https:\/\/vof-news.eu\/trump-sella-su-enesima-pausa-en-los-aranceles-y-los-retrasa-al-1-de-agosto-japon-y-corea-del-sur-gravados-con-un-25\/"},"modified":"2025-07-07T23:22:44","modified_gmt":"2025-07-07T20:22:44","slug":"trump-sella-su-enesima-pausa-en-los-aranceles-y-los-retrasa-al-1-de-agosto-japon-y-corea-del-sur-gravados-con-un-25","status":"publish","type":"post","link":"https:\/\/vof-news.eu\/es\/trump-sella-su-enesima-pausa-en-los-aranceles-y-los-retrasa-al-1-de-agosto-japon-y-corea-del-sur-gravados-con-un-25\/","title":{"rendered":"Trump sella su en\u00e9sima pausa en los aranceles y los retrasa al 1 de agosto: Jap\u00f3n y Corea del Sur, gravados con un 25%"},"content":{"rendered":"<div>\n<p>Ahora ser\u00e1 el 1 de agosto. <b>Donald Trump<\/b> ha ado<a href=\"https:\/\/www.huffingtonpost.es\/global\/donald-trump-paraliza-todos-aranceles-90-dias-salvo-china-eleva-125.html\" rel=\"nofollow\">ptado la <b>en\u00e9sima pausa en sus aranceles<\/b> al mundo<\/a> y los retrasar\u00e1 varias semanas. Al filo de que <b>expirara el plazo del 9 de julio<\/b> con el que <b>amenazaba a la Uni\u00f3n Europea y otros receptores<\/b>, la Casa Blanca ha confirmado que el nuevo plazo para la firma de acuerdos comerciales <b>ser\u00e1 el 1 de agosto<\/b>.<\/p>\n<p>La pausa de cuatro semanas se suma a la de 90 d\u00edas adoptada poco despu\u00e9s de <a href=\"https:\/\/www.huffingtonpost.es\/global\/donald-trump-aranceles-mundiales-dia-liberacion-34china-20-ue-10-reino-unido.html\" rel=\"nofollow\">anunciar sus aranceles al mundo \u2014en el llamado &#8216;<b>D\u00eda de la Liberaci\u00f3n<\/b>\u2014 <\/a>en abril. Entonces, los porcentajes oscilaban <b>entre el 10% universal y un 50% <\/b>reservado a los casos m\u00e1s gravosos a ojos del magnate. El plazo dado entonces expiraba este mi\u00e9rcoles 9 de julio.<\/p>\n<p>Esta nueva fecha, ha defendido la portavoz de la Casa Blanca, Karoline Leavitt, es una &#8216;muestra&#8217; de que la Administraci\u00f3n republicana est\u00e1 \u00abhaciendo lo mejor para los trabajadores estadounidenses y <b>quiere los mejores acuerdos posibles<\/b>\u00ab.<\/p>\n<p>Antes de firmar la orden oficial del 1 de agosto, el presidente de EEUU ha ido anunciando en las \u00faltimas horas varios acuerdos comerciales con pa\u00edses, especialmente asi\u00e1ticos. Fruto de las negociaciones, Trump impondr\u00e1 un gravamen del <b>25% a las exportaciones de Jap\u00f3n y Corea del Sur<\/b>, pa\u00edses bajo la <b>amenaza de sufrir un 25% extra<\/b> si ambos responden con m\u00e1s dureza a Washington.<\/p>\n<p>\u00abLamentablemente, <b>nuestra relaci\u00f3n ha estado lejos de ser rec\u00edproca<\/b>. A partir del 1 de agosto de 2025, cobraremos a Jap\u00f3n un arancel de solo el 25% sobre todos y cada uno de los productos japoneses enviados a Estados Unidos, sin incluir los aranceles sectoriales\u00bb, ha explicado la carta remitida al Gobierno nip\u00f3n y compartida por Trump a trav\u00e9s de Truth Social.<\/p>\n<p>\u00abPor favor, comprenda que <b>el 25% es mucho menos de lo que se necesita para eliminar el d\u00e9ficit comercial<\/b> que tenemos con su pa\u00eds\u00bb, ha a\u00f1adido la misiva, id\u00e9ntica para Jap\u00f3n y Corea, excepto por el destinatario y por el nombre de los receptores.<\/p>\n<\/div>\n","protected":false},"excerpt":{"rendered":"<p>Ahora ser\u00e1 el 1 de agosto. Donald Trump ha adoptado la en\u00e9sima pausa en sus aranceles al mundo y los retrasar\u00e1 varias semanas. Al filo de que expirara el plazo del 9 de julio con el que amenazaba a la Uni\u00f3n Europea y otros receptores, la Casa Blanca ha confirmado que el nuevo plazo para<\/p>\n","protected":false},"author":1,"featured_media":249159,"comment_status":"open","ping_status":"open","sticky":false,"template":"","format":"standard","meta":{"footnotes":""},"categories":[56],"tags":[],"class_list":["post-249158","post","type-post","status-publish","format-standard","has-post-thumbnail","hentry","category-main-news-es"],"acf":[],"yoast_head":"<!-- This site is optimized with the Yoast SEO plugin v22.9 - https:\/\/yoast.com\/wordpress\/plugins\/seo\/ -->\n<title>Trump sella su en\u00e9sima pausa en los aranceles y los retrasa al 1 de agosto: Jap\u00f3n y Corea del Sur, gravados con un 25% - vof-news.eu<\/title>\n<meta name=\"description\" content=\"Ahora ser\u00e1 el 1 de agosto. Donald Trump ha adoptado la en\u00e9sima pausa en sus aranceles al mundo y los retrasar\u00e1 varias semanas. Al filo de que expirara el plazo del 9 de julio con el que amenazaba a la Uni\u00f3n Europea y otros receptores, la Casa Blanca ha confirmado que el nuevo plazo para la firma de acuerdos comerciales ser\u00e1 el 1 de agosto.La pausa de cuatro semanas se suma a la de 90 d\u00edas adoptada poco despu\u00e9s de anunciar sus aranceles al mundo \u2014en el llamado &#039;D\u00eda de la Liberaci\u00f3n\u2014 en abril. Entonces, los porcentajes oscilaban entre el 10% universal y un 50% reservado a los casos m\u00e1s gravosos a ojos del magnate. El plazo dado entonces expiraba este mi\u00e9rcoles 9 de julio.Esta nueva fecha, ha defendido la portavoz de la Casa Blanca, Karoline Leavitt, es una &#039;muestra&#039; de que la Administraci\u00f3n republicana est\u00e1 &quot;haciendo lo mejor para los trabajadores estadounidenses y quiere los mejores acuerdos posibles&quot;.Antes de firmar la orden oficial del 1 de agosto, el presidente de EEUU ha ido anunciando en las \u00faltimas horas varios acuerdos comerciales con pa\u00edses, especialmente asi\u00e1ticos. Fruto de las negociaciones, Trump impondr\u00e1 un gravamen del 25% a las exportaciones de Jap\u00f3n y Corea del Sur, pa\u00edses bajo la amenaza de sufrir un 25% extra si ambos responden con m\u00e1s dureza a Washington.&quot;Lamentablemente, nuestra relaci\u00f3n ha estado lejos de ser rec\u00edproca. A partir del 1 de agosto de 2025, cobraremos a Jap\u00f3n un arancel de solo el 25% sobre todos y cada uno de los productos japoneses enviados a Estados Unidos, sin incluir los aranceles sectoriales&quot;, ha explicado la carta remitida al Gobierno nip\u00f3n y compartida por Trump a trav\u00e9s de Truth Social.\" \/>\n<meta name=\"robots\" content=\"noindex, follow, max-snippet:-1, max-image-preview:large, max-video-preview:-1\" \/>\n<meta property=\"og:locale\" content=\"es_ES\" \/>\n<meta property=\"og:type\" content=\"article\" \/>\n<meta property=\"og:title\" content=\"Trump sella su en\u00e9sima pausa en los aranceles y los retrasa al 1 de agosto: Jap\u00f3n y Corea del Sur, gravados con un 25% - vof-news.eu\" \/>\n<meta property=\"og:description\" content=\"Ahora ser\u00e1 el 1 de agosto. Donald Trump ha adoptado la en\u00e9sima pausa en sus aranceles al mundo y los retrasar\u00e1 varias semanas. Al filo de que expirara el plazo del 9 de julio con el que amenazaba a la Uni\u00f3n Europea y otros receptores, la Casa Blanca ha confirmado que el nuevo plazo para la firma de acuerdos comerciales ser\u00e1 el 1 de agosto.La pausa de cuatro semanas se suma a la de 90 d\u00edas adoptada poco despu\u00e9s de anunciar sus aranceles al mundo \u2014en el llamado &#039;D\u00eda de la Liberaci\u00f3n\u2014 en abril. Entonces, los porcentajes oscilaban entre el 10% universal y un 50% reservado a los casos m\u00e1s gravosos a ojos del magnate. El plazo dado entonces expiraba este mi\u00e9rcoles 9 de julio.Esta nueva fecha, ha defendido la portavoz de la Casa Blanca, Karoline Leavitt, es una &#039;muestra&#039; de que la Administraci\u00f3n republicana est\u00e1 &quot;haciendo lo mejor para los trabajadores estadounidenses y quiere los mejores acuerdos posibles&quot;.Antes de firmar la orden oficial del 1 de agosto, el presidente de EEUU ha ido anunciando en las \u00faltimas horas varios acuerdos comerciales con pa\u00edses, especialmente asi\u00e1ticos. Fruto de las negociaciones, Trump impondr\u00e1 un gravamen del 25% a las exportaciones de Jap\u00f3n y Corea del Sur, pa\u00edses bajo la amenaza de sufrir un 25% extra si ambos responden con m\u00e1s dureza a Washington.&quot;Lamentablemente, nuestra relaci\u00f3n ha estado lejos de ser rec\u00edproca. A partir del 1 de agosto de 2025, cobraremos a Jap\u00f3n un arancel de solo el 25% sobre todos y cada uno de los productos japoneses enviados a Estados Unidos, sin incluir los aranceles sectoriales&quot;, ha explicado la carta remitida al Gobierno nip\u00f3n y compartida por Trump a trav\u00e9s de Truth Social.\" \/>\n<meta property=\"og:url\" content=\"https:\/\/vof-news.eu\/es\/trump-sella-su-enesima-pausa-en-los-aranceles-y-los-retrasa-al-1-de-agosto-japon-y-corea-del-sur-gravados-con-un-25\/\" \/>\n<meta property=\"og:site_name\" content=\"vof-news.eu\" \/>\n<meta property=\"article:published_time\" content=\"2025-07-07T20:22:28+00:00\" \/>\n<meta property=\"article:modified_time\" content=\"2025-07-07T20:22:44+00:00\" \/>\n<meta property=\"og:image\" content=\"https:\/\/vof-news.eu\/wp-content\/uploads\/2025\/07\/donald-trump-sujeta-el-cartel-de-los-aranceles-que-presento-el-dia-de-la-liberacion.jpeg\" \/>\n\t<meta property=\"og:image:width\" content=\"1200\" \/>\n\t<meta property=\"og:image:height\" content=\"720\" \/>\n\t<meta property=\"og:image:type\" content=\"image\/jpeg\" \/>\n<meta name=\"author\" content=\"Author\" \/>\n<meta name=\"twitter:card\" content=\"summary_large_image\" \/>\n<meta name=\"twitter:label1\" content=\"Escrito por\" \/>\n\t<meta name=\"twitter:data1\" content=\"Author\" \/>\n\t<meta name=\"twitter:label2\" content=\"Tiempo de lectura\" \/>\n\t<meta name=\"twitter:data2\" content=\"2 minutos\" \/>\n<script type=\"application\/ld+json\" class=\"yoast-schema-graph\">{\"@context\":\"https:\/\/schema.org\",\"@graph\":[{\"@type\":\"WebPage\",\"@id\":\"https:\/\/vof-news.eu\/es\/trump-sella-su-enesima-pausa-en-los-aranceles-y-los-retrasa-al-1-de-agosto-japon-y-corea-del-sur-gravados-con-un-25\/\",\"url\":\"https:\/\/vof-news.eu\/es\/trump-sella-su-enesima-pausa-en-los-aranceles-y-los-retrasa-al-1-de-agosto-japon-y-corea-del-sur-gravados-con-un-25\/\",\"name\":\"Trump sella su en\u00e9sima pausa en los aranceles y los retrasa al 1 de agosto: Jap\u00f3n y Corea del Sur, gravados con un 25% - vof-news.eu\",\"isPartOf\":{\"@id\":\"https:\/\/vof-news.eu\/es\/#website\"},\"primaryImageOfPage\":{\"@id\":\"https:\/\/vof-news.eu\/es\/trump-sella-su-enesima-pausa-en-los-aranceles-y-los-retrasa-al-1-de-agosto-japon-y-corea-del-sur-gravados-con-un-25\/#primaryimage\"},\"image\":{\"@id\":\"https:\/\/vof-news.eu\/es\/trump-sella-su-enesima-pausa-en-los-aranceles-y-los-retrasa-al-1-de-agosto-japon-y-corea-del-sur-gravados-con-un-25\/#primaryimage\"},\"thumbnailUrl\":\"https:\/\/vof-news.eu\/wp-content\/uploads\/2025\/07\/donald-trump-sujeta-el-cartel-de-los-aranceles-que-presento-el-dia-de-la-liberacion.jpeg\",\"datePublished\":\"2025-07-07T20:22:28+00:00\",\"dateModified\":\"2025-07-07T20:22:44+00:00\",\"author\":{\"@id\":\"https:\/\/vof-news.eu\/es\/#\/schema\/person\/f6a2a4309f0561835797fd8c19b333ed\"},\"description\":\"Ahora ser\u00e1 el 1 de agosto. Donald Trump ha adoptado la en\u00e9sima pausa en sus aranceles al mundo y los retrasar\u00e1 varias semanas. Al filo de que expirara el plazo del 9 de julio con el que amenazaba a la Uni\u00f3n Europea y otros receptores, la Casa Blanca ha confirmado que el nuevo plazo para la firma de acuerdos comerciales ser\u00e1 el 1 de agosto.La pausa de cuatro semanas se suma a la de 90 d\u00edas adoptada poco despu\u00e9s de anunciar sus aranceles al mundo \u2014en el llamado 'D\u00eda de la Liberaci\u00f3n\u2014 en abril. Entonces, los porcentajes oscilaban entre el 10% universal y un 50% reservado a los casos m\u00e1s gravosos a ojos del magnate. El plazo dado entonces expiraba este mi\u00e9rcoles 9 de julio.Esta nueva fecha, ha defendido la portavoz de la Casa Blanca, Karoline Leavitt, es una 'muestra' de que la Administraci\u00f3n republicana est\u00e1 \\\"haciendo lo mejor para los trabajadores estadounidenses y quiere los mejores acuerdos posibles\\\".Antes de firmar la orden oficial del 1 de agosto, el presidente de EEUU ha ido anunciando en las \u00faltimas horas varios acuerdos comerciales con pa\u00edses, especialmente asi\u00e1ticos. Fruto de las negociaciones, Trump impondr\u00e1 un gravamen del 25% a las exportaciones de Jap\u00f3n y Corea del Sur, pa\u00edses bajo la amenaza de sufrir un 25% extra si ambos responden con m\u00e1s dureza a Washington.\\\"Lamentablemente, nuestra relaci\u00f3n ha estado lejos de ser rec\u00edproca. A partir del 1 de agosto de 2025, cobraremos a Jap\u00f3n un arancel de solo el 25% sobre todos y cada uno de los productos japoneses enviados a Estados Unidos, sin incluir los aranceles sectoriales\\\", ha explicado la carta remitida al Gobierno nip\u00f3n y compartida por Trump a trav\u00e9s de Truth Social.\",\"breadcrumb\":{\"@id\":\"https:\/\/vof-news.eu\/es\/trump-sella-su-enesima-pausa-en-los-aranceles-y-los-retrasa-al-1-de-agosto-japon-y-corea-del-sur-gravados-con-un-25\/#breadcrumb\"},\"inLanguage\":\"es\",\"potentialAction\":[{\"@type\":\"ReadAction\",\"target\":[\"https:\/\/vof-news.eu\/es\/trump-sella-su-enesima-pausa-en-los-aranceles-y-los-retrasa-al-1-de-agosto-japon-y-corea-del-sur-gravados-con-un-25\/\"]}]},{\"@type\":\"ImageObject\",\"inLanguage\":\"es\",\"@id\":\"https:\/\/vof-news.eu\/es\/trump-sella-su-enesima-pausa-en-los-aranceles-y-los-retrasa-al-1-de-agosto-japon-y-corea-del-sur-gravados-con-un-25\/#primaryimage\",\"url\":\"https:\/\/vof-news.eu\/wp-content\/uploads\/2025\/07\/donald-trump-sujeta-el-cartel-de-los-aranceles-que-presento-el-dia-de-la-liberacion.jpeg\",\"contentUrl\":\"https:\/\/vof-news.eu\/wp-content\/uploads\/2025\/07\/donald-trump-sujeta-el-cartel-de-los-aranceles-que-presento-el-dia-de-la-liberacion.jpeg\",\"width\":1200,\"height\":720},{\"@type\":\"BreadcrumbList\",\"@id\":\"https:\/\/vof-news.eu\/es\/trump-sella-su-enesima-pausa-en-los-aranceles-y-los-retrasa-al-1-de-agosto-japon-y-corea-del-sur-gravados-con-un-25\/#breadcrumb\",\"itemListElement\":[{\"@type\":\"ListItem\",\"position\":1,\"name\":\"Home\",\"item\":\"https:\/\/vof-news.eu\/es\/\"},{\"@type\":\"ListItem\",\"position\":2,\"name\":\"Trump sella su en\u00e9sima pausa en los aranceles y los retrasa al 1 de agosto: Jap\u00f3n y Corea del Sur, gravados con un 25%\"}]},{\"@type\":\"WebSite\",\"@id\":\"https:\/\/vof-news.eu\/es\/#website\",\"url\":\"https:\/\/vof-news.eu\/es\/\",\"name\":\"vof-news.eu\",\"description\":\"\",\"potentialAction\":[{\"@type\":\"SearchAction\",\"target\":{\"@type\":\"EntryPoint\",\"urlTemplate\":\"https:\/\/vof-news.eu\/es\/?s={search_term_string}\"},\"query-input\":\"required name=search_term_string\"}],\"inLanguage\":\"es\"},{\"@type\":\"Person\",\"@id\":\"https:\/\/vof-news.eu\/es\/#\/schema\/person\/f6a2a4309f0561835797fd8c19b333ed\",\"name\":\"Author\",\"image\":{\"@type\":\"ImageObject\",\"inLanguage\":\"es\",\"@id\":\"https:\/\/vof-news.eu\/es\/#\/schema\/person\/image\/\",\"url\":\"https:\/\/secure.gravatar.com\/avatar\/b67e614b1b25b3e9c0c239efdd2fde5ab015b5affd6f1c3c85911ca4b384e790?s=96&d=mm&r=g\",\"contentUrl\":\"https:\/\/secure.gravatar.com\/avatar\/b67e614b1b25b3e9c0c239efdd2fde5ab015b5affd6f1c3c85911ca4b384e790?s=96&d=mm&r=g\",\"caption\":\"Author\"},\"sameAs\":[\"http:\/\/vof-news.eu\"],\"url\":\"https:\/\/vof-news.eu\/es\/author\/zwt6qxnjulxbnyg\/\"}]}<\/script>\n<!-- \/ Yoast SEO plugin. -->","yoast_head_json":{"title":"Trump sella su en\u00e9sima pausa en los aranceles y los retrasa al 1 de agosto: Jap\u00f3n y Corea del Sur, gravados con un 25% - vof-news.eu","description":"Ahora ser\u00e1 el 1 de agosto. Donald Trump ha adoptado la en\u00e9sima pausa en sus aranceles al mundo y los retrasar\u00e1 varias semanas. Al filo de que expirara el plazo del 9 de julio con el que amenazaba a la Uni\u00f3n Europea y otros receptores, la Casa Blanca ha confirmado que el nuevo plazo para la firma de acuerdos comerciales ser\u00e1 el 1 de agosto.La pausa de cuatro semanas se suma a la de 90 d\u00edas adoptada poco despu\u00e9s de anunciar sus aranceles al mundo \u2014en el llamado 'D\u00eda de la Liberaci\u00f3n\u2014 en abril. Entonces, los porcentajes oscilaban entre el 10% universal y un 50% reservado a los casos m\u00e1s gravosos a ojos del magnate. El plazo dado entonces expiraba este mi\u00e9rcoles 9 de julio.Esta nueva fecha, ha defendido la portavoz de la Casa Blanca, Karoline Leavitt, es una 'muestra' de que la Administraci\u00f3n republicana est\u00e1 \"haciendo lo mejor para los trabajadores estadounidenses y quiere los mejores acuerdos posibles\".Antes de firmar la orden oficial del 1 de agosto, el presidente de EEUU ha ido anunciando en las \u00faltimas horas varios acuerdos comerciales con pa\u00edses, especialmente asi\u00e1ticos. Fruto de las negociaciones, Trump impondr\u00e1 un gravamen del 25% a las exportaciones de Jap\u00f3n y Corea del Sur, pa\u00edses bajo la amenaza de sufrir un 25% extra si ambos responden con m\u00e1s dureza a Washington.\"Lamentablemente, nuestra relaci\u00f3n ha estado lejos de ser rec\u00edproca. A partir del 1 de agosto de 2025, cobraremos a Jap\u00f3n un arancel de solo el 25% sobre todos y cada uno de los productos japoneses enviados a Estados Unidos, sin incluir los aranceles sectoriales\", ha explicado la carta remitida al Gobierno nip\u00f3n y compartida por Trump a trav\u00e9s de Truth Social.","robots":{"index":"noindex","follow":"follow","max-snippet":"max-snippet:-1","max-image-preview":"max-image-preview:large","max-video-preview":"max-video-preview:-1"},"og_locale":"es_ES","og_type":"article","og_title":"Trump sella su en\u00e9sima pausa en los aranceles y los retrasa al 1 de agosto: Jap\u00f3n y Corea del Sur, gravados con un 25% - vof-news.eu","og_description":"Ahora ser\u00e1 el 1 de agosto. Donald Trump ha adoptado la en\u00e9sima pausa en sus aranceles al mundo y los retrasar\u00e1 varias semanas. Al filo de que expirara el plazo del 9 de julio con el que amenazaba a la Uni\u00f3n Europea y otros receptores, la Casa Blanca ha confirmado que el nuevo plazo para la firma de acuerdos comerciales ser\u00e1 el 1 de agosto.La pausa de cuatro semanas se suma a la de 90 d\u00edas adoptada poco despu\u00e9s de anunciar sus aranceles al mundo \u2014en el llamado 'D\u00eda de la Liberaci\u00f3n\u2014 en abril. Entonces, los porcentajes oscilaban entre el 10% universal y un 50% reservado a los casos m\u00e1s gravosos a ojos del magnate. El plazo dado entonces expiraba este mi\u00e9rcoles 9 de julio.Esta nueva fecha, ha defendido la portavoz de la Casa Blanca, Karoline Leavitt, es una 'muestra' de que la Administraci\u00f3n republicana est\u00e1 \"haciendo lo mejor para los trabajadores estadounidenses y quiere los mejores acuerdos posibles\".Antes de firmar la orden oficial del 1 de agosto, el presidente de EEUU ha ido anunciando en las \u00faltimas horas varios acuerdos comerciales con pa\u00edses, especialmente asi\u00e1ticos. Fruto de las negociaciones, Trump impondr\u00e1 un gravamen del 25% a las exportaciones de Jap\u00f3n y Corea del Sur, pa\u00edses bajo la amenaza de sufrir un 25% extra si ambos responden con m\u00e1s dureza a Washington.\"Lamentablemente, nuestra relaci\u00f3n ha estado lejos de ser rec\u00edproca. A partir del 1 de agosto de 2025, cobraremos a Jap\u00f3n un arancel de solo el 25% sobre todos y cada uno de los productos japoneses enviados a Estados Unidos, sin incluir los aranceles sectoriales\", ha explicado la carta remitida al Gobierno nip\u00f3n y compartida por Trump a trav\u00e9s de Truth Social.","og_url":"https:\/\/vof-news.eu\/es\/trump-sella-su-enesima-pausa-en-los-aranceles-y-los-retrasa-al-1-de-agosto-japon-y-corea-del-sur-gravados-con-un-25\/","og_site_name":"vof-news.eu","article_published_time":"2025-07-07T20:22:28+00:00","article_modified_time":"2025-07-07T20:22:44+00:00","og_image":[{"width":1200,"height":720,"url":"https:\/\/vof-news.eu\/wp-content\/uploads\/2025\/07\/donald-trump-sujeta-el-cartel-de-los-aranceles-que-presento-el-dia-de-la-liberacion.jpeg","type":"image\/jpeg"}],"author":"Author","twitter_card":"summary_large_image","twitter_misc":{"Escrito por":"Author","Tiempo de lectura":"2 minutos"},"schema":{"@context":"https:\/\/schema.org","@graph":[{"@type":"WebPage","@id":"https:\/\/vof-news.eu\/es\/trump-sella-su-enesima-pausa-en-los-aranceles-y-los-retrasa-al-1-de-agosto-japon-y-corea-del-sur-gravados-con-un-25\/","url":"https:\/\/vof-news.eu\/es\/trump-sella-su-enesima-pausa-en-los-aranceles-y-los-retrasa-al-1-de-agosto-japon-y-corea-del-sur-gravados-con-un-25\/","name":"Trump sella su en\u00e9sima pausa en los aranceles y los retrasa al 1 de agosto: Jap\u00f3n y Corea del Sur, gravados con un 25% - vof-news.eu","isPartOf":{"@id":"https:\/\/vof-news.eu\/es\/#website"},"primaryImageOfPage":{"@id":"https:\/\/vof-news.eu\/es\/trump-sella-su-enesima-pausa-en-los-aranceles-y-los-retrasa-al-1-de-agosto-japon-y-corea-del-sur-gravados-con-un-25\/#primaryimage"},"image":{"@id":"https:\/\/vof-news.eu\/es\/trump-sella-su-enesima-pausa-en-los-aranceles-y-los-retrasa-al-1-de-agosto-japon-y-corea-del-sur-gravados-con-un-25\/#primaryimage"},"thumbnailUrl":"https:\/\/vof-news.eu\/wp-content\/uploads\/2025\/07\/donald-trump-sujeta-el-cartel-de-los-aranceles-que-presento-el-dia-de-la-liberacion.jpeg","datePublished":"2025-07-07T20:22:28+00:00","dateModified":"2025-07-07T20:22:44+00:00","author":{"@id":"https:\/\/vof-news.eu\/es\/#\/schema\/person\/f6a2a4309f0561835797fd8c19b333ed"},"description":"Ahora ser\u00e1 el 1 de agosto. Donald Trump ha adoptado la en\u00e9sima pausa en sus aranceles al mundo y los retrasar\u00e1 varias semanas. Al filo de que expirara el plazo del 9 de julio con el que amenazaba a la Uni\u00f3n Europea y otros receptores, la Casa Blanca ha confirmado que el nuevo plazo para la firma de acuerdos comerciales ser\u00e1 el 1 de agosto.La pausa de cuatro semanas se suma a la de 90 d\u00edas adoptada poco despu\u00e9s de anunciar sus aranceles al mundo \u2014en el llamado 'D\u00eda de la Liberaci\u00f3n\u2014 en abril. Entonces, los porcentajes oscilaban entre el 10% universal y un 50% reservado a los casos m\u00e1s gravosos a ojos del magnate. El plazo dado entonces expiraba este mi\u00e9rcoles 9 de julio.Esta nueva fecha, ha defendido la portavoz de la Casa Blanca, Karoline Leavitt, es una 'muestra' de que la Administraci\u00f3n republicana est\u00e1 \"haciendo lo mejor para los trabajadores estadounidenses y quiere los mejores acuerdos posibles\".Antes de firmar la orden oficial del 1 de agosto, el presidente de EEUU ha ido anunciando en las \u00faltimas horas varios acuerdos comerciales con pa\u00edses, especialmente asi\u00e1ticos. Fruto de las negociaciones, Trump impondr\u00e1 un gravamen del 25% a las exportaciones de Jap\u00f3n y Corea del Sur, pa\u00edses bajo la amenaza de sufrir un 25% extra si ambos responden con m\u00e1s dureza a Washington.\"Lamentablemente, nuestra relaci\u00f3n ha estado lejos de ser rec\u00edproca. A partir del 1 de agosto de 2025, cobraremos a Jap\u00f3n un arancel de solo el 25% sobre todos y cada uno de los productos japoneses enviados a Estados Unidos, sin incluir los aranceles sectoriales\", ha explicado la carta remitida al Gobierno nip\u00f3n y compartida por Trump a trav\u00e9s de Truth Social.","breadcrumb":{"@id":"https:\/\/vof-news.eu\/es\/trump-sella-su-enesima-pausa-en-los-aranceles-y-los-retrasa-al-1-de-agosto-japon-y-corea-del-sur-gravados-con-un-25\/#breadcrumb"},"inLanguage":"es","potentialAction":[{"@type":"ReadAction","target":["https:\/\/vof-news.eu\/es\/trump-sella-su-enesima-pausa-en-los-aranceles-y-los-retrasa-al-1-de-agosto-japon-y-corea-del-sur-gravados-con-un-25\/"]}]},{"@type":"ImageObject","inLanguage":"es","@id":"https:\/\/vof-news.eu\/es\/trump-sella-su-enesima-pausa-en-los-aranceles-y-los-retrasa-al-1-de-agosto-japon-y-corea-del-sur-gravados-con-un-25\/#primaryimage","url":"https:\/\/vof-news.eu\/wp-content\/uploads\/2025\/07\/donald-trump-sujeta-el-cartel-de-los-aranceles-que-presento-el-dia-de-la-liberacion.jpeg","contentUrl":"https:\/\/vof-news.eu\/wp-content\/uploads\/2025\/07\/donald-trump-sujeta-el-cartel-de-los-aranceles-que-presento-el-dia-de-la-liberacion.jpeg","width":1200,"height":720},{"@type":"BreadcrumbList","@id":"https:\/\/vof-news.eu\/es\/trump-sella-su-enesima-pausa-en-los-aranceles-y-los-retrasa-al-1-de-agosto-japon-y-corea-del-sur-gravados-con-un-25\/#breadcrumb","itemListElement":[{"@type":"ListItem","position":1,"name":"Home","item":"https:\/\/vof-news.eu\/es\/"},{"@type":"ListItem","position":2,"name":"Trump sella su en\u00e9sima pausa en los aranceles y los retrasa al 1 de agosto: Jap\u00f3n y Corea del Sur, gravados con un 25%"}]},{"@type":"WebSite","@id":"https:\/\/vof-news.eu\/es\/#website","url":"https:\/\/vof-news.eu\/es\/","name":"vof-news.eu","description":"","potentialAction":[{"@type":"SearchAction","target":{"@type":"EntryPoint","urlTemplate":"https:\/\/vof-news.eu\/es\/?s={search_term_string}"},"query-input":"required name=search_term_string"}],"inLanguage":"es"},{"@type":"Person","@id":"https:\/\/vof-news.eu\/es\/#\/schema\/person\/f6a2a4309f0561835797fd8c19b333ed","name":"Author","image":{"@type":"ImageObject","inLanguage":"es","@id":"https:\/\/vof-news.eu\/es\/#\/schema\/person\/image\/","url":"https:\/\/secure.gravatar.com\/avatar\/b67e614b1b25b3e9c0c239efdd2fde5ab015b5affd6f1c3c85911ca4b384e790?s=96&d=mm&r=g","contentUrl":"https:\/\/secure.gravatar.com\/avatar\/b67e614b1b25b3e9c0c239efdd2fde5ab015b5affd6f1c3c85911ca4b384e790?s=96&d=mm&r=g","caption":"Author"},"sameAs":["http:\/\/vof-news.eu"],"url":"https:\/\/vof-news.eu\/es\/author\/zwt6qxnjulxbnyg\/"}]}},"yoast_meta":{"yoast_wpseo_title":"","yoast_wpseo_metadesc":"","yoast_wpseo_canonical":""},"_links":{"self":[{"href":"https:\/\/vof-news.eu\/es\/wp-json\/wp\/v2\/posts\/249158","targetHints":{"allow":["GET"]}}],"collection":[{"href":"https:\/\/vof-news.eu\/es\/wp-json\/wp\/v2\/posts"}],"about":[{"href":"https:\/\/vof-news.eu\/es\/wp-json\/wp\/v2\/types\/post"}],"author":[{"embeddable":true,"href":"https:\/\/vof-news.eu\/es\/wp-json\/wp\/v2\/users\/1"}],"replies":[{"embeddable":true,"href":"https:\/\/vof-news.eu\/es\/wp-json\/wp\/v2\/comments?post=249158"}],"version-history":[{"count":1,"href":"https:\/\/vof-news.eu\/es\/wp-json\/wp\/v2\/posts\/249158\/revisions"}],"predecessor-version":[{"id":249165,"href":"https:\/\/vof-news.eu\/es\/wp-json\/wp\/v2\/posts\/249158\/revisions\/249165"}],"wp:featuredmedia":[{"embeddable":true,"href":"https:\/\/vof-news.eu\/es\/wp-json\/wp\/v2\/media\/249159"}],"wp:attachment":[{"href":"https:\/\/vof-news.eu\/es\/wp-json\/wp\/v2\/media?parent=249158"}],"wp:term":[{"taxonomy":"category","embeddable":true,"href":"https:\/\/vof-news.eu\/es\/wp-json\/wp\/v2\/categories?post=249158"},{"taxonomy":"post_tag","embeddable":true,"href":"https:\/\/vof-news.eu\/es\/wp-json\/wp\/v2\/tags?post=249158"}],"curies":[{"name":"wp","href":"https:\/\/api.w.org\/{rel}","templated":true}]}}