{"id":249006,"date":"2025-07-07T21:17:56","date_gmt":"2025-07-07T18:17:56","guid":{"rendered":"https:\/\/vof-news.eu\/trump-alarga-el-plazo-de-negociacion-de-los-aranceles-hasta-el-1-de-agosto-mientras-impone-un-25-a-japon-y-corea-del-sur\/"},"modified":"2025-07-07T21:18:24","modified_gmt":"2025-07-07T18:18:24","slug":"trump-alarga-el-plazo-de-negociacion-de-los-aranceles-hasta-el-1-de-agosto-mientras-impone-un-25-a-japon-y-corea-del-sur","status":"publish","type":"post","link":"https:\/\/vof-news.eu\/es\/trump-alarga-el-plazo-de-negociacion-de-los-aranceles-hasta-el-1-de-agosto-mientras-impone-un-25-a-japon-y-corea-del-sur\/","title":{"rendered":"Trump alarga el plazo de negociaci\u00f3n de los aranceles hasta el 1 de agosto mientras impone un 25% a Jap\u00f3n y Corea del Sur"},"content":{"rendered":"<div>\n<p>\n        Ya hay nuevos aranceles. O anuncio de aranceles, que con Donald Trump puede pasar que haya renegociaciones o postergaciones. De hecho, una hora despu\u00e9s de anunciar los grav\u00e1menes a Corea del Sur y Jap\u00f3n, la Casa Blanca comunicaba que el plazo de negociaci\u00f3n, que venc\u00eda el 9 de julio, era alargado hasta el 1 de agosto.\n    <\/p>\n<p>\n        \u201cEl presidente firmar\u00e1 hoy [por este lunes] un decreto que retrasa la fecha l\u00edmite del 9 de julio al 1 de agosto\u201d, ha anunciado la portavoz de la Casa Blanca, Karoline Leavitt: \u201cPor lo tanto, estas nuevas tasas se aplicar\u00e1n el pr\u00f3ximo mes, o se llegar\u00e1n a acuerdos. Hemos visto muchos avances positivos en la direcci\u00f3n correcta, pero la administraci\u00f3n, el presidente y su equipo quieren lograr los mejores acuerdos para el pueblo y los trabajadores estadounidenses\u201d. Y ha a\u00f1adido: \u201cEl presidente quiere garantizar que sean los mejores acuerdos posibles. Literalmente, est\u00e1 observando el mapa y cada pa\u00eds del planeta, y viendo d\u00f3nde est\u00e1n estafando al pueblo estadounidense, d\u00f3nde han vaciado nuestra base industrial, d\u00f3nde nuestros empleos se han ido a otros pa\u00edses debido a sus pol\u00edticas arancelarias\u201d.\n    <\/p>\n<p>\n        En su carta enviada al primer ministro japon\u00e9s, Oshiba Shigeru, el presidente de EEUU escribe \u201cNuestra relaci\u00f3n comercial no ha sido, desafortunadamente, rec\u00edproca. A partir del 1 de agosto, cargaremos a Jap\u00f3n un arancel de solo el 25% sobre cualquier producto japon\u00e9s enviado a Estados Unidos al margen de los aranceles sectoriales [como el 50% al acero]\u201d.\n    <\/p>\n<p>\n        \u201cAquellos bienes que intenten sortear los aranceles, ser\u00e1n gravados con una tasa adicional\u201d, afirma Trump: \u201cPor favor, entiende que la cifra del 25% es inferior a lo necesario para eliminar la disparidad comercial que tenemos con su pa\u00eds\u201d, argumenta Trump.\n    <\/p>\n<p>\n        Seg\u00fan una f\u00f3rmula inventada por la Administraci\u00f3n estadounidense, EEUU ten\u00eda un d\u00e9ficit del 46% con Jap\u00f3n y de un 50% con Corea.\n    <\/p>\n<p>\n        En comparaci\u00f3n con aquella tabla mostrada el 2 de abril, Corea se queda como est\u00e1 \u201325%\u2013 y a Jap\u00f3n le carga un punto m\u00e1s \u2013pasa del 24% al 25%\u2013.\n    <\/p>\n<p>\n        Ambas cartas, publicadas en Truth Social, enviadas a los jefes de gobierno de Corea y Jap\u00f3n, son calcadas.\n    <\/p>\n<p>\n        Estos aranceles que se est\u00e1n comunicando este lunes, emanan del 2 de abril pasado, cuando Trump anunci\u00f3 aranceles generalizados para todo el planeta.Iban a entrar en vigor el 9 de abril, pero al final la Administraci\u00f3n estadounidense se dio hasta el 9 de julio para buscar acuerdos comerciales, como los sellados con Reino Unido y Vietnam, por ejemplo. Un plazo que se ha vuelto a posponer hasta el 1 de agosto, fecha en la que, seg\u00fan ha explicado la Administraci\u00f3n Trump, los aranceles entrar\u00e1n en vigor.\n    <\/p>\n<p>\n        \u201cLas cartas y\/o acuerdos arancelarios de EEUU con diversos pa\u00edses del mundo se enviar\u00e1n a partir de las 12:00 pm (hora del este) del lunes 7 de julio\u201d, anunci\u00f3 el presidente de EEUU este domingo por la noche en Truth Social.\n    <\/p>\n<p>\n        Trump tambi\u00e9n ha anunciado que \u201ccualquier pa\u00eds que se alinee con las pol\u00edticas antiamericanas de los BRICS [Brasil, Rusia, India, China y Sur\u00e1frica] deber\u00e1 pagar un arancel adicional del 10%. No habr\u00e1 excepciones\u201d.\n    <\/p>\n<p>\n        \u201cEnviaremos cartas el lunes relacionadas con los acuerdos comerciales\u201d, ha dicho Trump a los periodistas despu\u00e9s de pasar el fin de semana jugando al golf en New Jersey: \u201cPodr\u00edan ser 12, quiz\u00e1s 15. Se enviar\u00e1n el lunes, y un par el martes y el mi\u00e9rcoles. Tambi\u00e9n hemos cerrado acuerdos, as\u00ed que podemos tener una combinaci\u00f3n de cartas y de algunos acuerdos\u201d.\n    <\/p>\n<p>\n        Y ha a\u00f1adido: \u201cCreo que la mayor\u00eda de los pa\u00edses estar\u00e1n listos para el 9 de julio, ya sea mediante una carta o un acuerdo\u201d.\n    <\/p>\n<h2><strong>Negociaci\u00f3n europea<\/strong><\/h2>\n<p>\n        La UE ve\u00eda este fin de semana m\u00e1s cerca un principio de acuerdo con Donald Trump que evite que se desate una guerra comercial de consecuencias nefastas para la econom\u00eda de los dos bloques, <a href=\"https:\/\/www.eldiario.es\/economia\/ue-ve-progreso-principio-acuerdo-trump-evitar-guerra-comercial_1_12440254.html\" rel=\"nofollow\">informa Irene Castro<\/a>. Las negociaciones se intensificaron esta semana con un viaje del comisario de Comercio, Maros Sefcovic, y t\u00e9cnicos comunitarios a Washington ante la cercan\u00eda de la fecha l\u00edmite del 9 de julio que se dieron el presidente de EEUU y la de la Comisi\u00f3n Europea, Ursula von der Leyen. En esos \u00faltimos contactos, lo que sostienen en Bruselas es que se ha producido \u201cprogreso hacia un principio de acuerdo\u201d.\n    <\/p>\n<p>\n        Sefcovic inform\u00f3 el viernes a los embajadores ante la UE de los 27 de la base de ese acuerdo que se est\u00e1 negociando y que, en todo caso, no ser\u00e1 exhaustivo y detallado, como reconoci\u00f3 este jueves Von der Leyen, sino que ser\u00e1 un entendimiento de m\u00ednimos, como el que alcanz\u00f3 Reino Unido hace unas semanas. De hecho, la UE asume que una parte de los aranceles que ya ha activado Trump permanecer\u00e1n, como el 10% universal que tambi\u00e9n acept\u00f3 el Gobierno de Keir Starmer.\n    <\/p>\n<p>\n        No obstante, en Bruselas tampoco echan las campanas al vuelo y aseguran que, al mismo tiempo que se avanza en las negociaciones, se est\u00e1n preparando \u201cpara la posibilidad de que no haya un acuerdo satisfactorio\u201d. En ese caso, la UE tendr\u00eda que imponer contramedidas en respuesta a los aranceles a cerca del 50% de los productos europeos que impuso Trump y que, en parte, est\u00e1n suspendidos.\n    <\/p>\n<\/div>\n","protected":false},"excerpt":{"rendered":"<p>Ya hay nuevos aranceles. O anuncio de aranceles, que con Donald Trump puede pasar que haya renegociaciones o postergaciones. De hecho, una hora despu\u00e9s de anunciar los grav\u00e1menes a Corea del Sur y Jap\u00f3n, la Casa Blanca comunicaba que el plazo de negociaci\u00f3n, que venc\u00eda el 9 de julio, era alargado hasta el 1 de<\/p>\n","protected":false},"author":1,"featured_media":249007,"comment_status":"open","ping_status":"open","sticky":false,"template":"","format":"standard","meta":{"footnotes":""},"categories":[61],"tags":[],"class_list":["post-249006","post","type-post","status-publish","format-standard","has-post-thumbnail","hentry","category-business-es"],"acf":[],"yoast_head":"<!-- This site is optimized with the Yoast SEO plugin v22.9 - https:\/\/yoast.com\/wordpress\/plugins\/seo\/ -->\n<title>Trump alarga el plazo de negociaci\u00f3n de los aranceles hasta el 1 de agosto mientras impone un 25% a Jap\u00f3n y Corea del Sur - vof-news.eu<\/title>\n<meta name=\"description\" content=\"Ya hay nuevos aranceles. O anuncio de aranceles, que con Donald Trump puede pasar que haya renegociaciones o postergaciones. De hecho, una hora despu\u00e9s de anunciar los grav\u00e1menes a Corea del Sur y Jap\u00f3n, la Casa Blanca comunicaba que el plazo de negociaci\u00f3n, que venc\u00eda el 9 de julio, era alargado hasta el 1 de agosto.\" \/>\n<meta name=\"robots\" content=\"noindex, follow, max-snippet:-1, max-image-preview:large, max-video-preview:-1\" \/>\n<meta property=\"og:locale\" content=\"es_ES\" \/>\n<meta property=\"og:type\" content=\"article\" \/>\n<meta property=\"og:title\" content=\"Trump alarga el plazo de negociaci\u00f3n de los aranceles hasta el 1 de agosto mientras impone un 25% a Jap\u00f3n y Corea del Sur - vof-news.eu\" \/>\n<meta property=\"og:description\" content=\"Ya hay nuevos aranceles. O anuncio de aranceles, que con Donald Trump puede pasar que haya renegociaciones o postergaciones. De hecho, una hora despu\u00e9s de anunciar los grav\u00e1menes a Corea del Sur y Jap\u00f3n, la Casa Blanca comunicaba que el plazo de negociaci\u00f3n, que venc\u00eda el 9 de julio, era alargado hasta el 1 de agosto.\" \/>\n<meta property=\"og:url\" content=\"https:\/\/vof-news.eu\/es\/trump-alarga-el-plazo-de-negociacion-de-los-aranceles-hasta-el-1-de-agosto-mientras-impone-un-25-a-japon-y-corea-del-sur\/\" \/>\n<meta property=\"og:site_name\" content=\"vof-news.eu\" \/>\n<meta property=\"article:published_time\" content=\"2025-07-07T18:17:56+00:00\" \/>\n<meta property=\"article:modified_time\" content=\"2025-07-07T18:18:24+00:00\" \/>\n<meta property=\"og:image\" content=\"https:\/\/vof-news.eu\/wp-content\/uploads\/2025\/07\/5934b70a-d721-4e0f-a98d-07f1335fe996_16-9-discover-aspect-ratio_default_1118867.jpg\" \/>\n\t<meta property=\"og:image:width\" content=\"1200\" \/>\n\t<meta property=\"og:image:height\" content=\"675\" \/>\n\t<meta property=\"og:image:type\" content=\"image\/jpeg\" \/>\n<meta name=\"author\" content=\"Author\" \/>\n<meta name=\"twitter:card\" content=\"summary_large_image\" \/>\n<meta name=\"twitter:label1\" content=\"Escrito por\" \/>\n\t<meta name=\"twitter:data1\" content=\"Author\" \/>\n\t<meta name=\"twitter:label2\" content=\"Tiempo de lectura\" \/>\n\t<meta name=\"twitter:data2\" content=\"5 minutos\" \/>\n<script type=\"application\/ld+json\" class=\"yoast-schema-graph\">{\"@context\":\"https:\/\/schema.org\",\"@graph\":[{\"@type\":\"WebPage\",\"@id\":\"https:\/\/vof-news.eu\/es\/trump-alarga-el-plazo-de-negociacion-de-los-aranceles-hasta-el-1-de-agosto-mientras-impone-un-25-a-japon-y-corea-del-sur\/\",\"url\":\"https:\/\/vof-news.eu\/es\/trump-alarga-el-plazo-de-negociacion-de-los-aranceles-hasta-el-1-de-agosto-mientras-impone-un-25-a-japon-y-corea-del-sur\/\",\"name\":\"Trump alarga el plazo de negociaci\u00f3n de los aranceles hasta el 1 de agosto mientras impone un 25% a Jap\u00f3n y Corea del Sur - vof-news.eu\",\"isPartOf\":{\"@id\":\"https:\/\/vof-news.eu\/es\/#website\"},\"primaryImageOfPage\":{\"@id\":\"https:\/\/vof-news.eu\/es\/trump-alarga-el-plazo-de-negociacion-de-los-aranceles-hasta-el-1-de-agosto-mientras-impone-un-25-a-japon-y-corea-del-sur\/#primaryimage\"},\"image\":{\"@id\":\"https:\/\/vof-news.eu\/es\/trump-alarga-el-plazo-de-negociacion-de-los-aranceles-hasta-el-1-de-agosto-mientras-impone-un-25-a-japon-y-corea-del-sur\/#primaryimage\"},\"thumbnailUrl\":\"https:\/\/vof-news.eu\/wp-content\/uploads\/2025\/07\/5934b70a-d721-4e0f-a98d-07f1335fe996_16-9-discover-aspect-ratio_default_1118867.jpg\",\"datePublished\":\"2025-07-07T18:17:56+00:00\",\"dateModified\":\"2025-07-07T18:18:24+00:00\",\"author\":{\"@id\":\"https:\/\/vof-news.eu\/es\/#\/schema\/person\/f6a2a4309f0561835797fd8c19b333ed\"},\"description\":\"Ya hay nuevos aranceles. O anuncio de aranceles, que con Donald Trump puede pasar que haya renegociaciones o postergaciones. De hecho, una hora despu\u00e9s de anunciar los grav\u00e1menes a Corea del Sur y Jap\u00f3n, la Casa Blanca comunicaba que el plazo de negociaci\u00f3n, que venc\u00eda el 9 de julio, era alargado hasta el 1 de agosto.\",\"breadcrumb\":{\"@id\":\"https:\/\/vof-news.eu\/es\/trump-alarga-el-plazo-de-negociacion-de-los-aranceles-hasta-el-1-de-agosto-mientras-impone-un-25-a-japon-y-corea-del-sur\/#breadcrumb\"},\"inLanguage\":\"es\",\"potentialAction\":[{\"@type\":\"ReadAction\",\"target\":[\"https:\/\/vof-news.eu\/es\/trump-alarga-el-plazo-de-negociacion-de-los-aranceles-hasta-el-1-de-agosto-mientras-impone-un-25-a-japon-y-corea-del-sur\/\"]}]},{\"@type\":\"ImageObject\",\"inLanguage\":\"es\",\"@id\":\"https:\/\/vof-news.eu\/es\/trump-alarga-el-plazo-de-negociacion-de-los-aranceles-hasta-el-1-de-agosto-mientras-impone-un-25-a-japon-y-corea-del-sur\/#primaryimage\",\"url\":\"https:\/\/vof-news.eu\/wp-content\/uploads\/2025\/07\/5934b70a-d721-4e0f-a98d-07f1335fe996_16-9-discover-aspect-ratio_default_1118867.jpg\",\"contentUrl\":\"https:\/\/vof-news.eu\/wp-content\/uploads\/2025\/07\/5934b70a-d721-4e0f-a98d-07f1335fe996_16-9-discover-aspect-ratio_default_1118867.jpg\",\"width\":1200,\"height\":675},{\"@type\":\"BreadcrumbList\",\"@id\":\"https:\/\/vof-news.eu\/es\/trump-alarga-el-plazo-de-negociacion-de-los-aranceles-hasta-el-1-de-agosto-mientras-impone-un-25-a-japon-y-corea-del-sur\/#breadcrumb\",\"itemListElement\":[{\"@type\":\"ListItem\",\"position\":1,\"name\":\"Home\",\"item\":\"https:\/\/vof-news.eu\/es\/\"},{\"@type\":\"ListItem\",\"position\":2,\"name\":\"Trump alarga el plazo de negociaci\u00f3n de los aranceles hasta el 1 de agosto mientras impone un 25% a Jap\u00f3n y Corea del Sur\"}]},{\"@type\":\"WebSite\",\"@id\":\"https:\/\/vof-news.eu\/es\/#website\",\"url\":\"https:\/\/vof-news.eu\/es\/\",\"name\":\"vof-news.eu\",\"description\":\"\",\"potentialAction\":[{\"@type\":\"SearchAction\",\"target\":{\"@type\":\"EntryPoint\",\"urlTemplate\":\"https:\/\/vof-news.eu\/es\/?s={search_term_string}\"},\"query-input\":\"required name=search_term_string\"}],\"inLanguage\":\"es\"},{\"@type\":\"Person\",\"@id\":\"https:\/\/vof-news.eu\/es\/#\/schema\/person\/f6a2a4309f0561835797fd8c19b333ed\",\"name\":\"Author\",\"image\":{\"@type\":\"ImageObject\",\"inLanguage\":\"es\",\"@id\":\"https:\/\/vof-news.eu\/es\/#\/schema\/person\/image\/\",\"url\":\"https:\/\/secure.gravatar.com\/avatar\/b67e614b1b25b3e9c0c239efdd2fde5ab015b5affd6f1c3c85911ca4b384e790?s=96&d=mm&r=g\",\"contentUrl\":\"https:\/\/secure.gravatar.com\/avatar\/b67e614b1b25b3e9c0c239efdd2fde5ab015b5affd6f1c3c85911ca4b384e790?s=96&d=mm&r=g\",\"caption\":\"Author\"},\"sameAs\":[\"http:\/\/vof-news.eu\"],\"url\":\"https:\/\/vof-news.eu\/es\/author\/zwt6qxnjulxbnyg\/\"}]}<\/script>\n<!-- \/ Yoast SEO plugin. -->","yoast_head_json":{"title":"Trump alarga el plazo de negociaci\u00f3n de los aranceles hasta el 1 de agosto mientras impone un 25% a Jap\u00f3n y Corea del Sur - vof-news.eu","description":"Ya hay nuevos aranceles. O anuncio de aranceles, que con Donald Trump puede pasar que haya renegociaciones o postergaciones. De hecho, una hora despu\u00e9s de anunciar los grav\u00e1menes a Corea del Sur y Jap\u00f3n, la Casa Blanca comunicaba que el plazo de negociaci\u00f3n, que venc\u00eda el 9 de julio, era alargado hasta el 1 de agosto.","robots":{"index":"noindex","follow":"follow","max-snippet":"max-snippet:-1","max-image-preview":"max-image-preview:large","max-video-preview":"max-video-preview:-1"},"og_locale":"es_ES","og_type":"article","og_title":"Trump alarga el plazo de negociaci\u00f3n de los aranceles hasta el 1 de agosto mientras impone un 25% a Jap\u00f3n y Corea del Sur - vof-news.eu","og_description":"Ya hay nuevos aranceles. O anuncio de aranceles, que con Donald Trump puede pasar que haya renegociaciones o postergaciones. De hecho, una hora despu\u00e9s de anunciar los grav\u00e1menes a Corea del Sur y Jap\u00f3n, la Casa Blanca comunicaba que el plazo de negociaci\u00f3n, que venc\u00eda el 9 de julio, era alargado hasta el 1 de agosto.","og_url":"https:\/\/vof-news.eu\/es\/trump-alarga-el-plazo-de-negociacion-de-los-aranceles-hasta-el-1-de-agosto-mientras-impone-un-25-a-japon-y-corea-del-sur\/","og_site_name":"vof-news.eu","article_published_time":"2025-07-07T18:17:56+00:00","article_modified_time":"2025-07-07T18:18:24+00:00","og_image":[{"width":1200,"height":675,"url":"https:\/\/vof-news.eu\/wp-content\/uploads\/2025\/07\/5934b70a-d721-4e0f-a98d-07f1335fe996_16-9-discover-aspect-ratio_default_1118867.jpg","type":"image\/jpeg"}],"author":"Author","twitter_card":"summary_large_image","twitter_misc":{"Escrito por":"Author","Tiempo de lectura":"5 minutos"},"schema":{"@context":"https:\/\/schema.org","@graph":[{"@type":"WebPage","@id":"https:\/\/vof-news.eu\/es\/trump-alarga-el-plazo-de-negociacion-de-los-aranceles-hasta-el-1-de-agosto-mientras-impone-un-25-a-japon-y-corea-del-sur\/","url":"https:\/\/vof-news.eu\/es\/trump-alarga-el-plazo-de-negociacion-de-los-aranceles-hasta-el-1-de-agosto-mientras-impone-un-25-a-japon-y-corea-del-sur\/","name":"Trump alarga el plazo de negociaci\u00f3n de los aranceles hasta el 1 de agosto mientras impone un 25% a Jap\u00f3n y Corea del Sur - vof-news.eu","isPartOf":{"@id":"https:\/\/vof-news.eu\/es\/#website"},"primaryImageOfPage":{"@id":"https:\/\/vof-news.eu\/es\/trump-alarga-el-plazo-de-negociacion-de-los-aranceles-hasta-el-1-de-agosto-mientras-impone-un-25-a-japon-y-corea-del-sur\/#primaryimage"},"image":{"@id":"https:\/\/vof-news.eu\/es\/trump-alarga-el-plazo-de-negociacion-de-los-aranceles-hasta-el-1-de-agosto-mientras-impone-un-25-a-japon-y-corea-del-sur\/#primaryimage"},"thumbnailUrl":"https:\/\/vof-news.eu\/wp-content\/uploads\/2025\/07\/5934b70a-d721-4e0f-a98d-07f1335fe996_16-9-discover-aspect-ratio_default_1118867.jpg","datePublished":"2025-07-07T18:17:56+00:00","dateModified":"2025-07-07T18:18:24+00:00","author":{"@id":"https:\/\/vof-news.eu\/es\/#\/schema\/person\/f6a2a4309f0561835797fd8c19b333ed"},"description":"Ya hay nuevos aranceles. O anuncio de aranceles, que con Donald Trump puede pasar que haya renegociaciones o postergaciones. De hecho, una hora despu\u00e9s de anunciar los grav\u00e1menes a Corea del Sur y Jap\u00f3n, la Casa Blanca comunicaba que el plazo de negociaci\u00f3n, que venc\u00eda el 9 de julio, era alargado hasta el 1 de agosto.","breadcrumb":{"@id":"https:\/\/vof-news.eu\/es\/trump-alarga-el-plazo-de-negociacion-de-los-aranceles-hasta-el-1-de-agosto-mientras-impone-un-25-a-japon-y-corea-del-sur\/#breadcrumb"},"inLanguage":"es","potentialAction":[{"@type":"ReadAction","target":["https:\/\/vof-news.eu\/es\/trump-alarga-el-plazo-de-negociacion-de-los-aranceles-hasta-el-1-de-agosto-mientras-impone-un-25-a-japon-y-corea-del-sur\/"]}]},{"@type":"ImageObject","inLanguage":"es","@id":"https:\/\/vof-news.eu\/es\/trump-alarga-el-plazo-de-negociacion-de-los-aranceles-hasta-el-1-de-agosto-mientras-impone-un-25-a-japon-y-corea-del-sur\/#primaryimage","url":"https:\/\/vof-news.eu\/wp-content\/uploads\/2025\/07\/5934b70a-d721-4e0f-a98d-07f1335fe996_16-9-discover-aspect-ratio_default_1118867.jpg","contentUrl":"https:\/\/vof-news.eu\/wp-content\/uploads\/2025\/07\/5934b70a-d721-4e0f-a98d-07f1335fe996_16-9-discover-aspect-ratio_default_1118867.jpg","width":1200,"height":675},{"@type":"BreadcrumbList","@id":"https:\/\/vof-news.eu\/es\/trump-alarga-el-plazo-de-negociacion-de-los-aranceles-hasta-el-1-de-agosto-mientras-impone-un-25-a-japon-y-corea-del-sur\/#breadcrumb","itemListElement":[{"@type":"ListItem","position":1,"name":"Home","item":"https:\/\/vof-news.eu\/es\/"},{"@type":"ListItem","position":2,"name":"Trump alarga el plazo de negociaci\u00f3n de los aranceles hasta el 1 de agosto mientras impone un 25% a Jap\u00f3n y Corea del Sur"}]},{"@type":"WebSite","@id":"https:\/\/vof-news.eu\/es\/#website","url":"https:\/\/vof-news.eu\/es\/","name":"vof-news.eu","description":"","potentialAction":[{"@type":"SearchAction","target":{"@type":"EntryPoint","urlTemplate":"https:\/\/vof-news.eu\/es\/?s={search_term_string}"},"query-input":"required name=search_term_string"}],"inLanguage":"es"},{"@type":"Person","@id":"https:\/\/vof-news.eu\/es\/#\/schema\/person\/f6a2a4309f0561835797fd8c19b333ed","name":"Author","image":{"@type":"ImageObject","inLanguage":"es","@id":"https:\/\/vof-news.eu\/es\/#\/schema\/person\/image\/","url":"https:\/\/secure.gravatar.com\/avatar\/b67e614b1b25b3e9c0c239efdd2fde5ab015b5affd6f1c3c85911ca4b384e790?s=96&d=mm&r=g","contentUrl":"https:\/\/secure.gravatar.com\/avatar\/b67e614b1b25b3e9c0c239efdd2fde5ab015b5affd6f1c3c85911ca4b384e790?s=96&d=mm&r=g","caption":"Author"},"sameAs":["http:\/\/vof-news.eu"],"url":"https:\/\/vof-news.eu\/es\/author\/zwt6qxnjulxbnyg\/"}]}},"yoast_meta":{"yoast_wpseo_title":"","yoast_wpseo_metadesc":"","yoast_wpseo_canonical":""},"_links":{"self":[{"href":"https:\/\/vof-news.eu\/es\/wp-json\/wp\/v2\/posts\/249006","targetHints":{"allow":["GET"]}}],"collection":[{"href":"https:\/\/vof-news.eu\/es\/wp-json\/wp\/v2\/posts"}],"about":[{"href":"https:\/\/vof-news.eu\/es\/wp-json\/wp\/v2\/types\/post"}],"author":[{"embeddable":true,"href":"https:\/\/vof-news.eu\/es\/wp-json\/wp\/v2\/users\/1"}],"replies":[{"embeddable":true,"href":"https:\/\/vof-news.eu\/es\/wp-json\/wp\/v2\/comments?post=249006"}],"version-history":[{"count":1,"href":"https:\/\/vof-news.eu\/es\/wp-json\/wp\/v2\/posts\/249006\/revisions"}],"predecessor-version":[{"id":249013,"href":"https:\/\/vof-news.eu\/es\/wp-json\/wp\/v2\/posts\/249006\/revisions\/249013"}],"wp:featuredmedia":[{"embeddable":true,"href":"https:\/\/vof-news.eu\/es\/wp-json\/wp\/v2\/media\/249007"}],"wp:attachment":[{"href":"https:\/\/vof-news.eu\/es\/wp-json\/wp\/v2\/media?parent=249006"}],"wp:term":[{"taxonomy":"category","embeddable":true,"href":"https:\/\/vof-news.eu\/es\/wp-json\/wp\/v2\/categories?post=249006"},{"taxonomy":"post_tag","embeddable":true,"href":"https:\/\/vof-news.eu\/es\/wp-json\/wp\/v2\/tags?post=249006"}],"curies":[{"name":"wp","href":"https:\/\/api.w.org\/{rel}","templated":true}]}}