{"id":248900,"date":"2025-07-07T19:17:22","date_gmt":"2025-07-07T16:17:22","guid":{"rendered":"https:\/\/vof-news.eu\/bruselas-suspendera-626-millones-de-euros-de-los-fondos-de-recuperacion-de-espana-por-castigar-a-los-interinos\/"},"modified":"2025-07-07T19:17:38","modified_gmt":"2025-07-07T16:17:38","slug":"bruselas-suspendera-626-millones-de-euros-de-los-fondos-de-recuperacion-de-espana-por-castigar-a-los-interinos","status":"publish","type":"post","link":"https:\/\/vof-news.eu\/es\/bruselas-suspendera-626-millones-de-euros-de-los-fondos-de-recuperacion-de-espana-por-castigar-a-los-interinos\/","title":{"rendered":"Bruselas suspender\u00e1 626 millones de euros de los fondos de recuperaci\u00f3n de Espa\u00f1a por castigar a los interinos"},"content":{"rendered":"<div>\n<p>\n        La Comisi\u00f3n Europea suspender\u00e1 el desembolso de 626 millones de euros en futuros pagos de los fondos de recuperaci\u00f3n por el castigo a los interinos. La decisi\u00f3n se ha comunicado al mismo tiempo que la del desembolso parcial del quinto pago en el que Bruselas retiene 900 millones de euros por incumplir dos reformas: el impuesto al di\u00e9sel y la digitalizaci\u00f3n de las entidades locales.\n    <\/p>\n<p>\n        En el caso de los interinos, la Comisi\u00f3n Europea dio por cumplido el compromiso en el a\u00f1o 2021, pero las sentencias posteriores del Tribunal de Justicia de la UE  en contra de la pol\u00edtica de Espa\u00f1a respecto a los interinos han llevado al gobierno comunitario a darlo por incumplido. As\u00ed, en futuros pagos se descontar\u00e1n esos 626 millones de euros, salvo que se solvente la situaci\u00f3n respecto a los interinos antes.\n    <\/p>\n<p>\n        \u201cEl Gobierno est\u00e1 trabajando en la adaptaci\u00f3n del cumplimiento del hito 144 a la sentencia del Tribunal de Justicia sobre temporalidad en el empleo p\u00fablico\u201d, se\u00f1alan fuentes del Ministerio de Funci\u00f3n P\u00fablica sobre las medidas que le exige la Comisi\u00f3n Europea, cuyos cambios se est\u00e1n tramitando en el proyecto de ley org\u00e1nica de reforma de las carreras judicial y fiscal y a trav\u00e9s de enmienda a la Ley de Funci\u00f3n P\u00fablica de la Administraci\u00f3n del Estado.\n    <\/p>\n<p>\n        En paralelo a esa decisi\u00f3n, la Comisi\u00f3n Europea ha dado luz verde al quinto pago de los fondos de recuperaci\u00f3n. Como ocurri\u00f3 el pasado a\u00f1o con el cuarto desembolso, ser\u00e1 parcial por el incumplimiento, en este caso, de dos reformas. Una de ellas tiene que ver con la fiscalidad verde ante el fracaso de sacar adelante el impuesto al di\u00e9sel. El otro inconveniente que encuentra Bruselas tiene que ver con las inversiones en la digitalizaci\u00f3n de las entidades regionales y locales con las que Espa\u00f1a se compromet\u00eda un acceso m\u00e1s f\u00e1cil de los ciudadanos a los servicios de la Administraci\u00f3n. Espa\u00f1a tendr\u00e1 ahora \u201ctiempo adicional\u201d para que pueda cumplir los hitos y recibir ese dinero retenido.\n    <\/p>\n<p>\n        Espa\u00f1a recibir\u00e1 22.926 millones de euros (6.991 millones corresponden a transferencias directas y 15.935 millones a pr\u00e9stamos). La evaluaci\u00f3n negativa de esos dos hitos supone, por tanto, una retenci\u00f3n de unos mil millones de euros de los 23.900 millones inicialmente previstos. Adem\u00e1s, la Comisi\u00f3n Europea desembolsa los 137 millones que fueron congelados en el cuarto pago por el programa para la transformaci\u00f3n digital de las pymes, que entonces no estaba completado.\n    <\/p>\n<p>\n        Con este nuevo desembolso, Espa\u00f1a habr\u00e1 recibido ya cerca de 55.000 millones de euros en transferencias, lo que representa el 70% del total previsto, seg\u00fan los c\u00e1lculos de la Comisi\u00f3n Europea. Y por primera vez se han desembolsado pr\u00e9stamos (por un valor de 15.935 millones), m\u00e1s all\u00e1 de la prefinanciaci\u00f3n inicial.\n    <\/p>\n<p>\n        Bruselas est\u00e1 apremiando a los estados miembros a llevar a cabo las reformas previstas en los planes de recuperaci\u00f3n de la pandemia, ya que el plazo para recibir los fondos termina en agosto de 2026 y hay ingentes cantidades de dinero a\u00fan sin desembolsar.\n    <\/p>\n<p>\n        De hecho, la Comisi\u00f3n Europea ha flexibilizado las condiciones de los planes de recuperaci\u00f3n porque s\u00f3lo se ha desembolsado el 35%. Los pa\u00edses de la UE s\u00f3lo han invertido 232.000 de los 648.000 millones previstos.\n    <\/p>\n<\/div>\n","protected":false},"excerpt":{"rendered":"<p>La Comisi\u00f3n Europea suspender\u00e1 el desembolso de 626 millones de euros en futuros pagos de los fondos de recuperaci\u00f3n por el castigo a los interinos. La decisi\u00f3n se ha comunicado al mismo tiempo que la del desembolso parcial del quinto pago en el que Bruselas retiene 900 millones de euros por incumplir dos reformas: el<\/p>\n","protected":false},"author":1,"featured_media":248901,"comment_status":"open","ping_status":"open","sticky":false,"template":"","format":"standard","meta":{"footnotes":""},"categories":[61],"tags":[],"class_list":["post-248900","post","type-post","status-publish","format-standard","has-post-thumbnail","hentry","category-business-es"],"acf":[],"yoast_head":"<!-- This site is optimized with the Yoast SEO plugin v22.9 - https:\/\/yoast.com\/wordpress\/plugins\/seo\/ -->\n<title>Bruselas suspender\u00e1 626 millones de euros de los fondos de recuperaci\u00f3n de Espa\u00f1a por castigar a los interinos - vof-news.eu<\/title>\n<meta name=\"description\" content=\"La Comisi\u00f3n Europea suspender\u00e1 el desembolso de 626 millones de euros en futuros pagos de los fondos de recuperaci\u00f3n por el castigo a los interinos. La decisi\u00f3n se ha comunicado al mismo tiempo que la del desembolso parcial del quinto pago en el que Bruselas retiene 900 millones de euros por incumplir dos reformas: el impuesto al di\u00e9sel y la digitalizaci\u00f3n de las entidades locales.\" \/>\n<meta name=\"robots\" content=\"noindex, follow, max-snippet:-1, max-image-preview:large, max-video-preview:-1\" \/>\n<meta property=\"og:locale\" content=\"es_ES\" \/>\n<meta property=\"og:type\" content=\"article\" \/>\n<meta property=\"og:title\" content=\"Bruselas suspender\u00e1 626 millones de euros de los fondos de recuperaci\u00f3n de Espa\u00f1a por castigar a los interinos - vof-news.eu\" \/>\n<meta property=\"og:description\" content=\"La Comisi\u00f3n Europea suspender\u00e1 el desembolso de 626 millones de euros en futuros pagos de los fondos de recuperaci\u00f3n por el castigo a los interinos. La decisi\u00f3n se ha comunicado al mismo tiempo que la del desembolso parcial del quinto pago en el que Bruselas retiene 900 millones de euros por incumplir dos reformas: el impuesto al di\u00e9sel y la digitalizaci\u00f3n de las entidades locales.\" \/>\n<meta property=\"og:url\" content=\"https:\/\/vof-news.eu\/es\/bruselas-suspendera-626-millones-de-euros-de-los-fondos-de-recuperacion-de-espana-por-castigar-a-los-interinos\/\" \/>\n<meta property=\"og:site_name\" content=\"vof-news.eu\" \/>\n<meta property=\"article:published_time\" content=\"2025-07-07T16:17:22+00:00\" \/>\n<meta property=\"article:modified_time\" content=\"2025-07-07T16:17:38+00:00\" \/>\n<meta property=\"og:image\" content=\"https:\/\/vof-news.eu\/wp-content\/uploads\/2025\/07\/c77c4dc0-4913-4df5-805b-ce286f86508b_16-9-discover-aspect-ratio_default_0.jpg\" \/>\n\t<meta property=\"og:image:width\" content=\"1200\" \/>\n\t<meta property=\"og:image:height\" content=\"675\" \/>\n\t<meta property=\"og:image:type\" content=\"image\/jpeg\" \/>\n<meta name=\"author\" content=\"Author\" \/>\n<meta name=\"twitter:card\" content=\"summary_large_image\" \/>\n<meta name=\"twitter:label1\" content=\"Escrito por\" \/>\n\t<meta name=\"twitter:data1\" content=\"Author\" \/>\n\t<meta name=\"twitter:label2\" content=\"Tiempo de lectura\" \/>\n\t<meta name=\"twitter:data2\" content=\"3 minutos\" \/>\n<script type=\"application\/ld+json\" class=\"yoast-schema-graph\">{\"@context\":\"https:\/\/schema.org\",\"@graph\":[{\"@type\":\"WebPage\",\"@id\":\"https:\/\/vof-news.eu\/es\/bruselas-suspendera-626-millones-de-euros-de-los-fondos-de-recuperacion-de-espana-por-castigar-a-los-interinos\/\",\"url\":\"https:\/\/vof-news.eu\/es\/bruselas-suspendera-626-millones-de-euros-de-los-fondos-de-recuperacion-de-espana-por-castigar-a-los-interinos\/\",\"name\":\"Bruselas suspender\u00e1 626 millones de euros de los fondos de recuperaci\u00f3n de Espa\u00f1a por castigar a los interinos - vof-news.eu\",\"isPartOf\":{\"@id\":\"https:\/\/vof-news.eu\/es\/#website\"},\"primaryImageOfPage\":{\"@id\":\"https:\/\/vof-news.eu\/es\/bruselas-suspendera-626-millones-de-euros-de-los-fondos-de-recuperacion-de-espana-por-castigar-a-los-interinos\/#primaryimage\"},\"image\":{\"@id\":\"https:\/\/vof-news.eu\/es\/bruselas-suspendera-626-millones-de-euros-de-los-fondos-de-recuperacion-de-espana-por-castigar-a-los-interinos\/#primaryimage\"},\"thumbnailUrl\":\"https:\/\/vof-news.eu\/wp-content\/uploads\/2025\/07\/c77c4dc0-4913-4df5-805b-ce286f86508b_16-9-discover-aspect-ratio_default_0.jpg\",\"datePublished\":\"2025-07-07T16:17:22+00:00\",\"dateModified\":\"2025-07-07T16:17:38+00:00\",\"author\":{\"@id\":\"https:\/\/vof-news.eu\/es\/#\/schema\/person\/f6a2a4309f0561835797fd8c19b333ed\"},\"description\":\"La Comisi\u00f3n Europea suspender\u00e1 el desembolso de 626 millones de euros en futuros pagos de los fondos de recuperaci\u00f3n por el castigo a los interinos. La decisi\u00f3n se ha comunicado al mismo tiempo que la del desembolso parcial del quinto pago en el que Bruselas retiene 900 millones de euros por incumplir dos reformas: el impuesto al di\u00e9sel y la digitalizaci\u00f3n de las entidades locales.\",\"breadcrumb\":{\"@id\":\"https:\/\/vof-news.eu\/es\/bruselas-suspendera-626-millones-de-euros-de-los-fondos-de-recuperacion-de-espana-por-castigar-a-los-interinos\/#breadcrumb\"},\"inLanguage\":\"es\",\"potentialAction\":[{\"@type\":\"ReadAction\",\"target\":[\"https:\/\/vof-news.eu\/es\/bruselas-suspendera-626-millones-de-euros-de-los-fondos-de-recuperacion-de-espana-por-castigar-a-los-interinos\/\"]}]},{\"@type\":\"ImageObject\",\"inLanguage\":\"es\",\"@id\":\"https:\/\/vof-news.eu\/es\/bruselas-suspendera-626-millones-de-euros-de-los-fondos-de-recuperacion-de-espana-por-castigar-a-los-interinos\/#primaryimage\",\"url\":\"https:\/\/vof-news.eu\/wp-content\/uploads\/2025\/07\/c77c4dc0-4913-4df5-805b-ce286f86508b_16-9-discover-aspect-ratio_default_0.jpg\",\"contentUrl\":\"https:\/\/vof-news.eu\/wp-content\/uploads\/2025\/07\/c77c4dc0-4913-4df5-805b-ce286f86508b_16-9-discover-aspect-ratio_default_0.jpg\",\"width\":1200,\"height\":675},{\"@type\":\"BreadcrumbList\",\"@id\":\"https:\/\/vof-news.eu\/es\/bruselas-suspendera-626-millones-de-euros-de-los-fondos-de-recuperacion-de-espana-por-castigar-a-los-interinos\/#breadcrumb\",\"itemListElement\":[{\"@type\":\"ListItem\",\"position\":1,\"name\":\"Home\",\"item\":\"https:\/\/vof-news.eu\/es\/\"},{\"@type\":\"ListItem\",\"position\":2,\"name\":\"Bruselas suspender\u00e1 626 millones de euros de los fondos de recuperaci\u00f3n de Espa\u00f1a por castigar a los interinos\"}]},{\"@type\":\"WebSite\",\"@id\":\"https:\/\/vof-news.eu\/es\/#website\",\"url\":\"https:\/\/vof-news.eu\/es\/\",\"name\":\"vof-news.eu\",\"description\":\"\",\"potentialAction\":[{\"@type\":\"SearchAction\",\"target\":{\"@type\":\"EntryPoint\",\"urlTemplate\":\"https:\/\/vof-news.eu\/es\/?s={search_term_string}\"},\"query-input\":\"required name=search_term_string\"}],\"inLanguage\":\"es\"},{\"@type\":\"Person\",\"@id\":\"https:\/\/vof-news.eu\/es\/#\/schema\/person\/f6a2a4309f0561835797fd8c19b333ed\",\"name\":\"Author\",\"image\":{\"@type\":\"ImageObject\",\"inLanguage\":\"es\",\"@id\":\"https:\/\/vof-news.eu\/es\/#\/schema\/person\/image\/\",\"url\":\"https:\/\/secure.gravatar.com\/avatar\/b67e614b1b25b3e9c0c239efdd2fde5ab015b5affd6f1c3c85911ca4b384e790?s=96&d=mm&r=g\",\"contentUrl\":\"https:\/\/secure.gravatar.com\/avatar\/b67e614b1b25b3e9c0c239efdd2fde5ab015b5affd6f1c3c85911ca4b384e790?s=96&d=mm&r=g\",\"caption\":\"Author\"},\"sameAs\":[\"http:\/\/vof-news.eu\"],\"url\":\"https:\/\/vof-news.eu\/es\/author\/zwt6qxnjulxbnyg\/\"}]}<\/script>\n<!-- \/ Yoast SEO plugin. -->","yoast_head_json":{"title":"Bruselas suspender\u00e1 626 millones de euros de los fondos de recuperaci\u00f3n de Espa\u00f1a por castigar a los interinos - vof-news.eu","description":"La Comisi\u00f3n Europea suspender\u00e1 el desembolso de 626 millones de euros en futuros pagos de los fondos de recuperaci\u00f3n por el castigo a los interinos. La decisi\u00f3n se ha comunicado al mismo tiempo que la del desembolso parcial del quinto pago en el que Bruselas retiene 900 millones de euros por incumplir dos reformas: el impuesto al di\u00e9sel y la digitalizaci\u00f3n de las entidades locales.","robots":{"index":"noindex","follow":"follow","max-snippet":"max-snippet:-1","max-image-preview":"max-image-preview:large","max-video-preview":"max-video-preview:-1"},"og_locale":"es_ES","og_type":"article","og_title":"Bruselas suspender\u00e1 626 millones de euros de los fondos de recuperaci\u00f3n de Espa\u00f1a por castigar a los interinos - vof-news.eu","og_description":"La Comisi\u00f3n Europea suspender\u00e1 el desembolso de 626 millones de euros en futuros pagos de los fondos de recuperaci\u00f3n por el castigo a los interinos. La decisi\u00f3n se ha comunicado al mismo tiempo que la del desembolso parcial del quinto pago en el que Bruselas retiene 900 millones de euros por incumplir dos reformas: el impuesto al di\u00e9sel y la digitalizaci\u00f3n de las entidades locales.","og_url":"https:\/\/vof-news.eu\/es\/bruselas-suspendera-626-millones-de-euros-de-los-fondos-de-recuperacion-de-espana-por-castigar-a-los-interinos\/","og_site_name":"vof-news.eu","article_published_time":"2025-07-07T16:17:22+00:00","article_modified_time":"2025-07-07T16:17:38+00:00","og_image":[{"width":1200,"height":675,"url":"https:\/\/vof-news.eu\/wp-content\/uploads\/2025\/07\/c77c4dc0-4913-4df5-805b-ce286f86508b_16-9-discover-aspect-ratio_default_0.jpg","type":"image\/jpeg"}],"author":"Author","twitter_card":"summary_large_image","twitter_misc":{"Escrito por":"Author","Tiempo de lectura":"3 minutos"},"schema":{"@context":"https:\/\/schema.org","@graph":[{"@type":"WebPage","@id":"https:\/\/vof-news.eu\/es\/bruselas-suspendera-626-millones-de-euros-de-los-fondos-de-recuperacion-de-espana-por-castigar-a-los-interinos\/","url":"https:\/\/vof-news.eu\/es\/bruselas-suspendera-626-millones-de-euros-de-los-fondos-de-recuperacion-de-espana-por-castigar-a-los-interinos\/","name":"Bruselas suspender\u00e1 626 millones de euros de los fondos de recuperaci\u00f3n de Espa\u00f1a por castigar a los interinos - vof-news.eu","isPartOf":{"@id":"https:\/\/vof-news.eu\/es\/#website"},"primaryImageOfPage":{"@id":"https:\/\/vof-news.eu\/es\/bruselas-suspendera-626-millones-de-euros-de-los-fondos-de-recuperacion-de-espana-por-castigar-a-los-interinos\/#primaryimage"},"image":{"@id":"https:\/\/vof-news.eu\/es\/bruselas-suspendera-626-millones-de-euros-de-los-fondos-de-recuperacion-de-espana-por-castigar-a-los-interinos\/#primaryimage"},"thumbnailUrl":"https:\/\/vof-news.eu\/wp-content\/uploads\/2025\/07\/c77c4dc0-4913-4df5-805b-ce286f86508b_16-9-discover-aspect-ratio_default_0.jpg","datePublished":"2025-07-07T16:17:22+00:00","dateModified":"2025-07-07T16:17:38+00:00","author":{"@id":"https:\/\/vof-news.eu\/es\/#\/schema\/person\/f6a2a4309f0561835797fd8c19b333ed"},"description":"La Comisi\u00f3n Europea suspender\u00e1 el desembolso de 626 millones de euros en futuros pagos de los fondos de recuperaci\u00f3n por el castigo a los interinos. La decisi\u00f3n se ha comunicado al mismo tiempo que la del desembolso parcial del quinto pago en el que Bruselas retiene 900 millones de euros por incumplir dos reformas: el impuesto al di\u00e9sel y la digitalizaci\u00f3n de las entidades locales.","breadcrumb":{"@id":"https:\/\/vof-news.eu\/es\/bruselas-suspendera-626-millones-de-euros-de-los-fondos-de-recuperacion-de-espana-por-castigar-a-los-interinos\/#breadcrumb"},"inLanguage":"es","potentialAction":[{"@type":"ReadAction","target":["https:\/\/vof-news.eu\/es\/bruselas-suspendera-626-millones-de-euros-de-los-fondos-de-recuperacion-de-espana-por-castigar-a-los-interinos\/"]}]},{"@type":"ImageObject","inLanguage":"es","@id":"https:\/\/vof-news.eu\/es\/bruselas-suspendera-626-millones-de-euros-de-los-fondos-de-recuperacion-de-espana-por-castigar-a-los-interinos\/#primaryimage","url":"https:\/\/vof-news.eu\/wp-content\/uploads\/2025\/07\/c77c4dc0-4913-4df5-805b-ce286f86508b_16-9-discover-aspect-ratio_default_0.jpg","contentUrl":"https:\/\/vof-news.eu\/wp-content\/uploads\/2025\/07\/c77c4dc0-4913-4df5-805b-ce286f86508b_16-9-discover-aspect-ratio_default_0.jpg","width":1200,"height":675},{"@type":"BreadcrumbList","@id":"https:\/\/vof-news.eu\/es\/bruselas-suspendera-626-millones-de-euros-de-los-fondos-de-recuperacion-de-espana-por-castigar-a-los-interinos\/#breadcrumb","itemListElement":[{"@type":"ListItem","position":1,"name":"Home","item":"https:\/\/vof-news.eu\/es\/"},{"@type":"ListItem","position":2,"name":"Bruselas suspender\u00e1 626 millones de euros de los fondos de recuperaci\u00f3n de Espa\u00f1a por castigar a los interinos"}]},{"@type":"WebSite","@id":"https:\/\/vof-news.eu\/es\/#website","url":"https:\/\/vof-news.eu\/es\/","name":"vof-news.eu","description":"","potentialAction":[{"@type":"SearchAction","target":{"@type":"EntryPoint","urlTemplate":"https:\/\/vof-news.eu\/es\/?s={search_term_string}"},"query-input":"required name=search_term_string"}],"inLanguage":"es"},{"@type":"Person","@id":"https:\/\/vof-news.eu\/es\/#\/schema\/person\/f6a2a4309f0561835797fd8c19b333ed","name":"Author","image":{"@type":"ImageObject","inLanguage":"es","@id":"https:\/\/vof-news.eu\/es\/#\/schema\/person\/image\/","url":"https:\/\/secure.gravatar.com\/avatar\/b67e614b1b25b3e9c0c239efdd2fde5ab015b5affd6f1c3c85911ca4b384e790?s=96&d=mm&r=g","contentUrl":"https:\/\/secure.gravatar.com\/avatar\/b67e614b1b25b3e9c0c239efdd2fde5ab015b5affd6f1c3c85911ca4b384e790?s=96&d=mm&r=g","caption":"Author"},"sameAs":["http:\/\/vof-news.eu"],"url":"https:\/\/vof-news.eu\/es\/author\/zwt6qxnjulxbnyg\/"}]}},"yoast_meta":{"yoast_wpseo_title":"","yoast_wpseo_metadesc":"","yoast_wpseo_canonical":""},"_links":{"self":[{"href":"https:\/\/vof-news.eu\/es\/wp-json\/wp\/v2\/posts\/248900","targetHints":{"allow":["GET"]}}],"collection":[{"href":"https:\/\/vof-news.eu\/es\/wp-json\/wp\/v2\/posts"}],"about":[{"href":"https:\/\/vof-news.eu\/es\/wp-json\/wp\/v2\/types\/post"}],"author":[{"embeddable":true,"href":"https:\/\/vof-news.eu\/es\/wp-json\/wp\/v2\/users\/1"}],"replies":[{"embeddable":true,"href":"https:\/\/vof-news.eu\/es\/wp-json\/wp\/v2\/comments?post=248900"}],"version-history":[{"count":1,"href":"https:\/\/vof-news.eu\/es\/wp-json\/wp\/v2\/posts\/248900\/revisions"}],"predecessor-version":[{"id":248907,"href":"https:\/\/vof-news.eu\/es\/wp-json\/wp\/v2\/posts\/248900\/revisions\/248907"}],"wp:featuredmedia":[{"embeddable":true,"href":"https:\/\/vof-news.eu\/es\/wp-json\/wp\/v2\/media\/248901"}],"wp:attachment":[{"href":"https:\/\/vof-news.eu\/es\/wp-json\/wp\/v2\/media?parent=248900"}],"wp:term":[{"taxonomy":"category","embeddable":true,"href":"https:\/\/vof-news.eu\/es\/wp-json\/wp\/v2\/categories?post=248900"},{"taxonomy":"post_tag","embeddable":true,"href":"https:\/\/vof-news.eu\/es\/wp-json\/wp\/v2\/tags?post=248900"}],"curies":[{"name":"wp","href":"https:\/\/api.w.org\/{rel}","templated":true}]}}