{"id":248830,"date":"2025-07-07T17:18:37","date_gmt":"2025-07-07T14:18:37","guid":{"rendered":"https:\/\/vof-news.eu\/el-ministro-carlos-cuerpo-da-un-paso-atras-y-retira-su-candidatura-a-la-presidencia-del-eurogrupo\/"},"modified":"2025-07-07T17:18:53","modified_gmt":"2025-07-07T14:18:53","slug":"el-ministro-carlos-cuerpo-da-un-paso-atras-y-retira-su-candidatura-a-la-presidencia-del-eurogrupo","status":"publish","type":"post","link":"https:\/\/vof-news.eu\/es\/el-ministro-carlos-cuerpo-da-un-paso-atras-y-retira-su-candidatura-a-la-presidencia-del-eurogrupo\/","title":{"rendered":"El ministro Carlos Cuerpo da un paso atr\u00e1s y retira su candidatura a la presidencia del Eurogrupo"},"content":{"rendered":"<div>\n<p>\n        El ministro de Econom\u00eda, Carlos Cuerpo, da un paso atr\u00e1s y retira su candidatura para la presidencia del Eurogrupo al constatar que no cuenta con los apoyos necesarios para que salga adelante. La decisi\u00f3n se ha comunicado media hora antes de que los ministros de Econom\u00eda se re\u00fanan en Bruselas con la elecci\u00f3n del presidente del organismo como uno de los asuntos del orden del d\u00eda. Tambi\u00e9n el ministro socialista lituano,  Rimantas \u0160ad\u017eius, se ha apartado dejando v\u00eda libre a un tercer mandato del irland\u00e9s Paschal Donohoe.\n    <\/p>\n<p>\n        \u201cDespu\u00e9s de d\u00edas intensos recabando numerosos apoyos entre Ministros de Finanzas del Eurogrupo, y tras contactos recientes en las \u00faltimas horas, se ha constatado que el apoyo al ministro Cuerpo no alcanza la mayor\u00eda necesaria para garantizar el \u00e9xito de la candidatura\u201d, se\u00f1alan fuentes del Ministerio de Econom\u00eda sobre el proceso, en el que necesitaba once votos de sus hom\u00f3logos de la zona euro para ganar.\n    <\/p>\n<p>\n        A su llegada a Bruselas, el ministro ha reconocido que era una \u201ccarrera dif\u00edcil\u201d, pero ha asegurado que no se arrepiente de haberlo intentado: \u201cEstas cosas hay que aceptarlas con deportividad\u201d. As\u00ed, ha asegurado que hab\u00eda cosechado un apoyo \u201ctransversal\u201d, de pa\u00edses de distintas ideolog\u00edas y con equilibrio geogr\u00e1fico. \u201cMe llevo muy buenos argumentos, input y apoyos\u201d, ha dicho Cuerpo, que ha negado que su candidatura le haya servido para darse a conocer de cara al futuro: \u201cMi actual rol es de suficiente relevancia como para estar pensando en siguientes pasos\u201d.\n    <\/p>\n<p>\n        Tambi\u00e9n ha negado que el fracaso a la hora de lograr los apoyos sea un golpe para un Gobierno de Pedro S\u00e1nchez en horas bajas. \u201cLo contrario\u201d, ha respondido antes de asegurar que el Ejecutivo mantiene \u201ccapacidad de mover\u201d al resto de pa\u00edses europeos y \u201ctener liderazgo\u201d en la UE.\n    <\/p>\n<p>\n        \u201cEn el contexto actual, de grandes retos para la zona euro, es necesario promover la unidad y evitar la fragmentaci\u00f3n en el seno del Eurogrupo, \u00f3rgano clave para la toma de decisiones econ\u00f3micas en la uni\u00f3n\u201d, agregan en el ministerio sobre el procedimiento al que Cuerpo se present\u00f3 precisamente con el argumento de dar un \u201cimpulso\u201d al Eurogrupo. En el Ejecutivo espa\u00f1ol son cr\u00edticos con la actual situaci\u00f3n del organismo, que atraviesa una par\u00e1lisis desde hace a\u00f1os.\n    <\/p>\n<p>\n        De hecho, las seis principales econom\u00edas de la eurozona, entre ellas Alemania, Francia, Italia y Espa\u00f1a, firmaron recientemente un  -documento informal en la jerga comunitaria- en el que abogaban por la necesidad de reforzar el organismo.\n    <\/p>\n<p>\n        \u201cEl proceso de elecci\u00f3n ha sido positivo y se ha transmitido un mensaje generalizado acerca de la necesidad de reforzar el impacto y la eficacia del Eurogrupo\u201d, recalcan en el ministerio.\n    <\/p>\n<p>\n        Para la elecci\u00f3n del presidente del Eurogrupo, los aspirantes necesitan el apoyo de once de sus hom\u00f3logos. En contra del espa\u00f1ol han pesado, adem\u00e1s de una mayor\u00eda de gobiernos conservadores, la debilidad del Gobierno en este momento y la presencia ya de espa\u00f1oles en puestos destacados de la UE, como la vicepresidenta primera, Teresa Ribera, o Nadia Calvi\u00f1o en el Banco Europeo de Inversiones.\n    <\/p>\n<p>\n        La presidencia del Eurogrupo es un puesto que se le resiste a Espa\u00f1a desde hace a\u00f1os. Luis de Guindos se retir\u00f3 tambi\u00e9n de la carrera y, en 2020, Donohoe se impuso a Calvi\u00f1o en la votaci\u00f3n.\n    <\/p>\n<p>\n        El PP de Alberto N\u00fa\u00f1ez Feij\u00f3o ha aprovechado la renuncia de Cuerpo para atacar a S\u00e1nchez. \u201cDespu\u00e9s de re\u00edrse de todos los pa\u00edses europeos miembros de la OTAN, el Gobierno de Espa\u00f1a pensaba que podr\u00eda colocar a Carlos Cuerpo en un puesto de responsabilidad en el \u00e1mbito de la UE\u201d, se\u00f1alan desde G\u00e9nova: \u201cPedro S\u00e1nchez, adem\u00e1s de otras muchas cosas, es un iluso. Es evidente que hace el rid\u00edculo solo por el hecho de haberse planteado que uno de los suyos pudiera ser elegido para esta designaci\u00f3n\u201d.\n    <\/p>\n<\/div>\n","protected":false},"excerpt":{"rendered":"<p>El ministro de Econom\u00eda, Carlos Cuerpo, da un paso atr\u00e1s y retira su candidatura para la presidencia del Eurogrupo al constatar que no cuenta con los apoyos necesarios para que salga adelante. La decisi\u00f3n se ha comunicado media hora antes de que los ministros de Econom\u00eda se re\u00fanan en Bruselas con la elecci\u00f3n del presidente<\/p>\n","protected":false},"author":1,"featured_media":248831,"comment_status":"open","ping_status":"open","sticky":false,"template":"","format":"standard","meta":{"footnotes":""},"categories":[61],"tags":[],"class_list":["post-248830","post","type-post","status-publish","format-standard","has-post-thumbnail","hentry","category-business-es"],"acf":[],"yoast_head":"<!-- This site is optimized with the Yoast SEO plugin v22.9 - https:\/\/yoast.com\/wordpress\/plugins\/seo\/ -->\n<title>El ministro Carlos Cuerpo da un paso atr\u00e1s y retira su candidatura a la presidencia del Eurogrupo - vof-news.eu<\/title>\n<meta name=\"description\" content=\"El ministro de Econom\u00eda, Carlos Cuerpo, da un paso atr\u00e1s y retira su candidatura para la presidencia del Eurogrupo al constatar que no cuenta con los apoyos necesarios para que salga adelante. La decisi\u00f3n se ha comunicado media hora antes de que los ministros de Econom\u00eda se re\u00fanan en Bruselas con la elecci\u00f3n del presidente del organismo como uno de los asuntos del orden del d\u00eda. Tambi\u00e9n el ministro socialista lituano, Rimantas \u0160ad\u017eius, se ha apartado dejando v\u00eda libre a un tercer mandato del irland\u00e9s Paschal Donohoe.\" \/>\n<meta name=\"robots\" content=\"noindex, follow, max-snippet:-1, max-image-preview:large, max-video-preview:-1\" \/>\n<meta property=\"og:locale\" content=\"es_ES\" \/>\n<meta property=\"og:type\" content=\"article\" \/>\n<meta property=\"og:title\" content=\"El ministro Carlos Cuerpo da un paso atr\u00e1s y retira su candidatura a la presidencia del Eurogrupo - vof-news.eu\" \/>\n<meta property=\"og:description\" content=\"El ministro de Econom\u00eda, Carlos Cuerpo, da un paso atr\u00e1s y retira su candidatura para la presidencia del Eurogrupo al constatar que no cuenta con los apoyos necesarios para que salga adelante. La decisi\u00f3n se ha comunicado media hora antes de que los ministros de Econom\u00eda se re\u00fanan en Bruselas con la elecci\u00f3n del presidente del organismo como uno de los asuntos del orden del d\u00eda. Tambi\u00e9n el ministro socialista lituano, Rimantas \u0160ad\u017eius, se ha apartado dejando v\u00eda libre a un tercer mandato del irland\u00e9s Paschal Donohoe.\" \/>\n<meta property=\"og:url\" content=\"https:\/\/vof-news.eu\/es\/el-ministro-carlos-cuerpo-da-un-paso-atras-y-retira-su-candidatura-a-la-presidencia-del-eurogrupo\/\" \/>\n<meta property=\"og:site_name\" content=\"vof-news.eu\" \/>\n<meta property=\"article:published_time\" content=\"2025-07-07T14:18:37+00:00\" \/>\n<meta property=\"article:modified_time\" content=\"2025-07-07T14:18:53+00:00\" \/>\n<meta property=\"og:image\" content=\"https:\/\/vof-news.eu\/wp-content\/uploads\/2025\/07\/5c00a26d-803a-4d92-a3bb-81f394c98789_16-9-discover-aspect-ratio_default_0.jpg\" \/>\n\t<meta property=\"og:image:width\" content=\"1200\" \/>\n\t<meta property=\"og:image:height\" content=\"675\" \/>\n\t<meta property=\"og:image:type\" content=\"image\/jpeg\" \/>\n<meta name=\"author\" content=\"Author\" \/>\n<meta name=\"twitter:card\" content=\"summary_large_image\" \/>\n<meta name=\"twitter:label1\" content=\"Escrito por\" \/>\n\t<meta name=\"twitter:data1\" content=\"Author\" \/>\n\t<meta name=\"twitter:label2\" content=\"Tiempo de lectura\" \/>\n\t<meta name=\"twitter:data2\" content=\"3 minutos\" \/>\n<script type=\"application\/ld+json\" class=\"yoast-schema-graph\">{\"@context\":\"https:\/\/schema.org\",\"@graph\":[{\"@type\":\"WebPage\",\"@id\":\"https:\/\/vof-news.eu\/es\/el-ministro-carlos-cuerpo-da-un-paso-atras-y-retira-su-candidatura-a-la-presidencia-del-eurogrupo\/\",\"url\":\"https:\/\/vof-news.eu\/es\/el-ministro-carlos-cuerpo-da-un-paso-atras-y-retira-su-candidatura-a-la-presidencia-del-eurogrupo\/\",\"name\":\"El ministro Carlos Cuerpo da un paso atr\u00e1s y retira su candidatura a la presidencia del Eurogrupo - vof-news.eu\",\"isPartOf\":{\"@id\":\"https:\/\/vof-news.eu\/es\/#website\"},\"primaryImageOfPage\":{\"@id\":\"https:\/\/vof-news.eu\/es\/el-ministro-carlos-cuerpo-da-un-paso-atras-y-retira-su-candidatura-a-la-presidencia-del-eurogrupo\/#primaryimage\"},\"image\":{\"@id\":\"https:\/\/vof-news.eu\/es\/el-ministro-carlos-cuerpo-da-un-paso-atras-y-retira-su-candidatura-a-la-presidencia-del-eurogrupo\/#primaryimage\"},\"thumbnailUrl\":\"https:\/\/vof-news.eu\/wp-content\/uploads\/2025\/07\/5c00a26d-803a-4d92-a3bb-81f394c98789_16-9-discover-aspect-ratio_default_0.jpg\",\"datePublished\":\"2025-07-07T14:18:37+00:00\",\"dateModified\":\"2025-07-07T14:18:53+00:00\",\"author\":{\"@id\":\"https:\/\/vof-news.eu\/es\/#\/schema\/person\/f6a2a4309f0561835797fd8c19b333ed\"},\"description\":\"El ministro de Econom\u00eda, Carlos Cuerpo, da un paso atr\u00e1s y retira su candidatura para la presidencia del Eurogrupo al constatar que no cuenta con los apoyos necesarios para que salga adelante. La decisi\u00f3n se ha comunicado media hora antes de que los ministros de Econom\u00eda se re\u00fanan en Bruselas con la elecci\u00f3n del presidente del organismo como uno de los asuntos del orden del d\u00eda. Tambi\u00e9n el ministro socialista lituano, Rimantas \u0160ad\u017eius, se ha apartado dejando v\u00eda libre a un tercer mandato del irland\u00e9s Paschal Donohoe.\",\"breadcrumb\":{\"@id\":\"https:\/\/vof-news.eu\/es\/el-ministro-carlos-cuerpo-da-un-paso-atras-y-retira-su-candidatura-a-la-presidencia-del-eurogrupo\/#breadcrumb\"},\"inLanguage\":\"es\",\"potentialAction\":[{\"@type\":\"ReadAction\",\"target\":[\"https:\/\/vof-news.eu\/es\/el-ministro-carlos-cuerpo-da-un-paso-atras-y-retira-su-candidatura-a-la-presidencia-del-eurogrupo\/\"]}]},{\"@type\":\"ImageObject\",\"inLanguage\":\"es\",\"@id\":\"https:\/\/vof-news.eu\/es\/el-ministro-carlos-cuerpo-da-un-paso-atras-y-retira-su-candidatura-a-la-presidencia-del-eurogrupo\/#primaryimage\",\"url\":\"https:\/\/vof-news.eu\/wp-content\/uploads\/2025\/07\/5c00a26d-803a-4d92-a3bb-81f394c98789_16-9-discover-aspect-ratio_default_0.jpg\",\"contentUrl\":\"https:\/\/vof-news.eu\/wp-content\/uploads\/2025\/07\/5c00a26d-803a-4d92-a3bb-81f394c98789_16-9-discover-aspect-ratio_default_0.jpg\",\"width\":1200,\"height\":675},{\"@type\":\"BreadcrumbList\",\"@id\":\"https:\/\/vof-news.eu\/es\/el-ministro-carlos-cuerpo-da-un-paso-atras-y-retira-su-candidatura-a-la-presidencia-del-eurogrupo\/#breadcrumb\",\"itemListElement\":[{\"@type\":\"ListItem\",\"position\":1,\"name\":\"Home\",\"item\":\"https:\/\/vof-news.eu\/es\/\"},{\"@type\":\"ListItem\",\"position\":2,\"name\":\"El ministro Carlos Cuerpo da un paso atr\u00e1s y retira su candidatura a la presidencia del Eurogrupo\"}]},{\"@type\":\"WebSite\",\"@id\":\"https:\/\/vof-news.eu\/es\/#website\",\"url\":\"https:\/\/vof-news.eu\/es\/\",\"name\":\"vof-news.eu\",\"description\":\"\",\"potentialAction\":[{\"@type\":\"SearchAction\",\"target\":{\"@type\":\"EntryPoint\",\"urlTemplate\":\"https:\/\/vof-news.eu\/es\/?s={search_term_string}\"},\"query-input\":\"required name=search_term_string\"}],\"inLanguage\":\"es\"},{\"@type\":\"Person\",\"@id\":\"https:\/\/vof-news.eu\/es\/#\/schema\/person\/f6a2a4309f0561835797fd8c19b333ed\",\"name\":\"Author\",\"image\":{\"@type\":\"ImageObject\",\"inLanguage\":\"es\",\"@id\":\"https:\/\/vof-news.eu\/es\/#\/schema\/person\/image\/\",\"url\":\"https:\/\/secure.gravatar.com\/avatar\/b67e614b1b25b3e9c0c239efdd2fde5ab015b5affd6f1c3c85911ca4b384e790?s=96&d=mm&r=g\",\"contentUrl\":\"https:\/\/secure.gravatar.com\/avatar\/b67e614b1b25b3e9c0c239efdd2fde5ab015b5affd6f1c3c85911ca4b384e790?s=96&d=mm&r=g\",\"caption\":\"Author\"},\"sameAs\":[\"http:\/\/vof-news.eu\"],\"url\":\"https:\/\/vof-news.eu\/es\/author\/zwt6qxnjulxbnyg\/\"}]}<\/script>\n<!-- \/ Yoast SEO plugin. -->","yoast_head_json":{"title":"El ministro Carlos Cuerpo da un paso atr\u00e1s y retira su candidatura a la presidencia del Eurogrupo - vof-news.eu","description":"El ministro de Econom\u00eda, Carlos Cuerpo, da un paso atr\u00e1s y retira su candidatura para la presidencia del Eurogrupo al constatar que no cuenta con los apoyos necesarios para que salga adelante. La decisi\u00f3n se ha comunicado media hora antes de que los ministros de Econom\u00eda se re\u00fanan en Bruselas con la elecci\u00f3n del presidente del organismo como uno de los asuntos del orden del d\u00eda. Tambi\u00e9n el ministro socialista lituano, Rimantas \u0160ad\u017eius, se ha apartado dejando v\u00eda libre a un tercer mandato del irland\u00e9s Paschal Donohoe.","robots":{"index":"noindex","follow":"follow","max-snippet":"max-snippet:-1","max-image-preview":"max-image-preview:large","max-video-preview":"max-video-preview:-1"},"og_locale":"es_ES","og_type":"article","og_title":"El ministro Carlos Cuerpo da un paso atr\u00e1s y retira su candidatura a la presidencia del Eurogrupo - vof-news.eu","og_description":"El ministro de Econom\u00eda, Carlos Cuerpo, da un paso atr\u00e1s y retira su candidatura para la presidencia del Eurogrupo al constatar que no cuenta con los apoyos necesarios para que salga adelante. La decisi\u00f3n se ha comunicado media hora antes de que los ministros de Econom\u00eda se re\u00fanan en Bruselas con la elecci\u00f3n del presidente del organismo como uno de los asuntos del orden del d\u00eda. Tambi\u00e9n el ministro socialista lituano, Rimantas \u0160ad\u017eius, se ha apartado dejando v\u00eda libre a un tercer mandato del irland\u00e9s Paschal Donohoe.","og_url":"https:\/\/vof-news.eu\/es\/el-ministro-carlos-cuerpo-da-un-paso-atras-y-retira-su-candidatura-a-la-presidencia-del-eurogrupo\/","og_site_name":"vof-news.eu","article_published_time":"2025-07-07T14:18:37+00:00","article_modified_time":"2025-07-07T14:18:53+00:00","og_image":[{"width":1200,"height":675,"url":"https:\/\/vof-news.eu\/wp-content\/uploads\/2025\/07\/5c00a26d-803a-4d92-a3bb-81f394c98789_16-9-discover-aspect-ratio_default_0.jpg","type":"image\/jpeg"}],"author":"Author","twitter_card":"summary_large_image","twitter_misc":{"Escrito por":"Author","Tiempo de lectura":"3 minutos"},"schema":{"@context":"https:\/\/schema.org","@graph":[{"@type":"WebPage","@id":"https:\/\/vof-news.eu\/es\/el-ministro-carlos-cuerpo-da-un-paso-atras-y-retira-su-candidatura-a-la-presidencia-del-eurogrupo\/","url":"https:\/\/vof-news.eu\/es\/el-ministro-carlos-cuerpo-da-un-paso-atras-y-retira-su-candidatura-a-la-presidencia-del-eurogrupo\/","name":"El ministro Carlos Cuerpo da un paso atr\u00e1s y retira su candidatura a la presidencia del Eurogrupo - vof-news.eu","isPartOf":{"@id":"https:\/\/vof-news.eu\/es\/#website"},"primaryImageOfPage":{"@id":"https:\/\/vof-news.eu\/es\/el-ministro-carlos-cuerpo-da-un-paso-atras-y-retira-su-candidatura-a-la-presidencia-del-eurogrupo\/#primaryimage"},"image":{"@id":"https:\/\/vof-news.eu\/es\/el-ministro-carlos-cuerpo-da-un-paso-atras-y-retira-su-candidatura-a-la-presidencia-del-eurogrupo\/#primaryimage"},"thumbnailUrl":"https:\/\/vof-news.eu\/wp-content\/uploads\/2025\/07\/5c00a26d-803a-4d92-a3bb-81f394c98789_16-9-discover-aspect-ratio_default_0.jpg","datePublished":"2025-07-07T14:18:37+00:00","dateModified":"2025-07-07T14:18:53+00:00","author":{"@id":"https:\/\/vof-news.eu\/es\/#\/schema\/person\/f6a2a4309f0561835797fd8c19b333ed"},"description":"El ministro de Econom\u00eda, Carlos Cuerpo, da un paso atr\u00e1s y retira su candidatura para la presidencia del Eurogrupo al constatar que no cuenta con los apoyos necesarios para que salga adelante. La decisi\u00f3n se ha comunicado media hora antes de que los ministros de Econom\u00eda se re\u00fanan en Bruselas con la elecci\u00f3n del presidente del organismo como uno de los asuntos del orden del d\u00eda. Tambi\u00e9n el ministro socialista lituano, Rimantas \u0160ad\u017eius, se ha apartado dejando v\u00eda libre a un tercer mandato del irland\u00e9s Paschal Donohoe.","breadcrumb":{"@id":"https:\/\/vof-news.eu\/es\/el-ministro-carlos-cuerpo-da-un-paso-atras-y-retira-su-candidatura-a-la-presidencia-del-eurogrupo\/#breadcrumb"},"inLanguage":"es","potentialAction":[{"@type":"ReadAction","target":["https:\/\/vof-news.eu\/es\/el-ministro-carlos-cuerpo-da-un-paso-atras-y-retira-su-candidatura-a-la-presidencia-del-eurogrupo\/"]}]},{"@type":"ImageObject","inLanguage":"es","@id":"https:\/\/vof-news.eu\/es\/el-ministro-carlos-cuerpo-da-un-paso-atras-y-retira-su-candidatura-a-la-presidencia-del-eurogrupo\/#primaryimage","url":"https:\/\/vof-news.eu\/wp-content\/uploads\/2025\/07\/5c00a26d-803a-4d92-a3bb-81f394c98789_16-9-discover-aspect-ratio_default_0.jpg","contentUrl":"https:\/\/vof-news.eu\/wp-content\/uploads\/2025\/07\/5c00a26d-803a-4d92-a3bb-81f394c98789_16-9-discover-aspect-ratio_default_0.jpg","width":1200,"height":675},{"@type":"BreadcrumbList","@id":"https:\/\/vof-news.eu\/es\/el-ministro-carlos-cuerpo-da-un-paso-atras-y-retira-su-candidatura-a-la-presidencia-del-eurogrupo\/#breadcrumb","itemListElement":[{"@type":"ListItem","position":1,"name":"Home","item":"https:\/\/vof-news.eu\/es\/"},{"@type":"ListItem","position":2,"name":"El ministro Carlos Cuerpo da un paso atr\u00e1s y retira su candidatura a la presidencia del Eurogrupo"}]},{"@type":"WebSite","@id":"https:\/\/vof-news.eu\/es\/#website","url":"https:\/\/vof-news.eu\/es\/","name":"vof-news.eu","description":"","potentialAction":[{"@type":"SearchAction","target":{"@type":"EntryPoint","urlTemplate":"https:\/\/vof-news.eu\/es\/?s={search_term_string}"},"query-input":"required name=search_term_string"}],"inLanguage":"es"},{"@type":"Person","@id":"https:\/\/vof-news.eu\/es\/#\/schema\/person\/f6a2a4309f0561835797fd8c19b333ed","name":"Author","image":{"@type":"ImageObject","inLanguage":"es","@id":"https:\/\/vof-news.eu\/es\/#\/schema\/person\/image\/","url":"https:\/\/secure.gravatar.com\/avatar\/b67e614b1b25b3e9c0c239efdd2fde5ab015b5affd6f1c3c85911ca4b384e790?s=96&d=mm&r=g","contentUrl":"https:\/\/secure.gravatar.com\/avatar\/b67e614b1b25b3e9c0c239efdd2fde5ab015b5affd6f1c3c85911ca4b384e790?s=96&d=mm&r=g","caption":"Author"},"sameAs":["http:\/\/vof-news.eu"],"url":"https:\/\/vof-news.eu\/es\/author\/zwt6qxnjulxbnyg\/"}]}},"yoast_meta":{"yoast_wpseo_title":"","yoast_wpseo_metadesc":"","yoast_wpseo_canonical":""},"_links":{"self":[{"href":"https:\/\/vof-news.eu\/es\/wp-json\/wp\/v2\/posts\/248830","targetHints":{"allow":["GET"]}}],"collection":[{"href":"https:\/\/vof-news.eu\/es\/wp-json\/wp\/v2\/posts"}],"about":[{"href":"https:\/\/vof-news.eu\/es\/wp-json\/wp\/v2\/types\/post"}],"author":[{"embeddable":true,"href":"https:\/\/vof-news.eu\/es\/wp-json\/wp\/v2\/users\/1"}],"replies":[{"embeddable":true,"href":"https:\/\/vof-news.eu\/es\/wp-json\/wp\/v2\/comments?post=248830"}],"version-history":[{"count":1,"href":"https:\/\/vof-news.eu\/es\/wp-json\/wp\/v2\/posts\/248830\/revisions"}],"predecessor-version":[{"id":248837,"href":"https:\/\/vof-news.eu\/es\/wp-json\/wp\/v2\/posts\/248830\/revisions\/248837"}],"wp:featuredmedia":[{"embeddable":true,"href":"https:\/\/vof-news.eu\/es\/wp-json\/wp\/v2\/media\/248831"}],"wp:attachment":[{"href":"https:\/\/vof-news.eu\/es\/wp-json\/wp\/v2\/media?parent=248830"}],"wp:term":[{"taxonomy":"category","embeddable":true,"href":"https:\/\/vof-news.eu\/es\/wp-json\/wp\/v2\/categories?post=248830"},{"taxonomy":"post_tag","embeddable":true,"href":"https:\/\/vof-news.eu\/es\/wp-json\/wp\/v2\/tags?post=248830"}],"curies":[{"name":"wp","href":"https:\/\/api.w.org\/{rel}","templated":true}]}}