{"id":248626,"date":"2025-07-07T11:17:14","date_gmt":"2025-07-07T08:17:14","guid":{"rendered":"https:\/\/vof-news.eu\/el-gobierno-dice-que-actuo-en-cuanto-conocio-las-denuncias-contra-paco-salazar-pero-pide-no-prejuzgar-y-esperar-a-las-investigaciones\/"},"modified":"2025-07-07T11:17:40","modified_gmt":"2025-07-07T08:17:40","slug":"el-gobierno-dice-que-actuo-en-cuanto-conocio-las-denuncias-contra-paco-salazar-pero-pide-no-prejuzgar-y-esperar-a-las-investigaciones","status":"publish","type":"post","link":"https:\/\/vof-news.eu\/es\/el-gobierno-dice-que-actuo-en-cuanto-conocio-las-denuncias-contra-paco-salazar-pero-pide-no-prejuzgar-y-esperar-a-las-investigaciones\/","title":{"rendered":"El Gobierno dice que actu\u00f3 en cuanto conoci\u00f3 las denuncias contra Paco Salazar pero pide no prejuzgar y esperar a las investigaciones"},"content":{"rendered":"<div>\n<p>\n        \u201cTuvimos noticias en la madrugada del s\u00e1bado y tomamos medidas en la ma\u00f1ana del s\u00e1bado\u201d, ha dicho el ministro de Justicia, F\u00e9lix Bola\u00f1os, sobre las denuncias por comportamientos \u201c<a href=\"https:\/\/www.eldiario.es\/politica\/mujeres-psoe-acusan-paco-salazar-comportamientos-inadecuados-jefe_1_12440558.html\" rel=\"nofollow\">inadecuados<\/a>\u201d que algunas mujeres califican de abuso sexual contra Paco Salazar, a quien el presidente del Gobierno, Pedro S\u00e1nchez, hab\u00eda elegido como nuevo secretario de Organizaci\u00f3n adjunto para la nueva etapa del PSOE. Un cargo que tras las informaciones publicadas por<a href=\"https:\/\/www.eldiario.es\/politica\/mujeres-psoe-acusan-paco-salazar-comportamientos-inadecuados-jefe_1_12440558.html\" rel=\"nofollow\"> elDiario.es<\/a> no lleg\u00f3 a asumir.\n    <\/p>\n<p>\n        En un desayuno informativo organizado por El Ateneo, el ministro ha mostrado la preocupaci\u00f3n de su partido ante las denuncias conocidas pero ha pedido al mismo tiempo no prejuzgar y esperar a las investigaciones que tanto el partido como el Gobierno han puesto en marcha para conocer en profundidad el caso.\n    <\/p>\n<p>\n        \u201cNo tenemos que perturbar las investigaciones, hemos conocido unos indicios que no ten\u00edamos y mostramos nuestra preocupaci\u00f3n porque esos hechos se hayan producido. No prejuzguemos, no sabemos qu\u00e9 va a poder salir de esas investigaciones en marcha. Enorme preocupaci\u00f3n del PSOE cuando hay comoprtamientos de este tipo\u201d, ha dicho Bola\u00f1os, que ha precisado que las denuncias no se hicieron a trav\u00e9s de los canales abiertos por el partido o La Moncloa sino a trav\u00e9s de los medios de comunicaci\u00f3n. \u201cCuando hemos tenido el m\u00ednimo indicio hemos puesto en marcha las investigaciones\u201d, ha defendido.\n    <\/p>\n<p>\n        Bola\u00f1os ha reconocido que hasta el s\u00e1bado seg\u00fan los estatutos del partido los protocolos no permit\u00edan denuncias an\u00f3nimas. Preguntado por esta cuesti\u00f3n, ha afirmado que el PSOE ya ten\u00eda previsto ampliar esta cuesti\u00f3n para que se puedan presentar este tipo de denuncias. \u201cLo que tenemos que plantearnos es por qu\u00e9 hay mujeres que sufren comportamientos de acoso que no se atreven a denunciar, en qu\u00e9 podemos hacer espacios seguros para que las mujeres puedan denunciar\u201d, ha dicho.\n    <\/p>\n<p>\n        Muchas de las mujeres que denunciaron se han quejado estos d\u00edas en contacto con elDiario.es de que el PSOE no activara la pesta\u00f1a de denuncia an\u00f3nima hasta la noche del pasado s\u00e1bado. Esas mujeres aseguran que precisamente no pas\u00f3 por su cabeza durante mucho tiempo denunciar por los canales oficiales del partido precisamente por esa imposibilidad de hacerlo de forma an\u00f3nima.\n    <\/p>\n<p>\n        Salazar, al que S\u00e1nchez iba a designar el s\u00e1bado adjunto a la secretaria de Organizaci\u00f3n del PSOE, decidi\u00f3 renunciar voluntariamente al nombramiento y dejar todos sus cargos tanto en el PSOE como en la Moncloa. Su rechazo a asumir esas nuevas responsabilidades se produjo despu\u00e9s de que varias mujeres del PSOE acusaran Salazar de \u201ccomportamientos inadecuados\u201d cuando era su jefe, tal y como <a href=\"https:\/\/www.eldiario.es\/politica\/mujeres-psoe-acusan-paco-salazar-comportamientos-inadecuados-jefe_1_12440558.html\" rel=\"nofollow\">desvel\u00f3 anoche elDiario.es<\/a>.\n    <\/p>\n<p>\n        La direcci\u00f3n socialista emiti\u00f3 un comunicado tras conocer las denuncias en el el que se\u00f1alaba que Salazar hab\u00eda solicitado al PSOE \u201cla apertura de unas diligencias previas de informaci\u00f3n sobre las noticias conocidas\u201d, y de la misma forma hab\u00eda pedido ser apartado de sus funciones actuales en la Comisi\u00f3n Ejecutiva Federal\u201c.\n    <\/p>\n<p>\n        El PSOE explic\u00f3 que \u201ciniciar\u00e1 estas diligencias de inmediato, a pesar de que no constan en el PSOE denuncias al respecto en ninguno de los canales habilitados\u201d. \u201cNo conoc\u00edamos las denuncias de las que hemos tenido conocimiento esta madrugada a trav\u00e9s de elDiario.es\u201d,  especificaron fuentes de la ejecutiva, que tambi\u00e9n explicaron que en el Comit\u00e9 Federal se va reforzar\u00eda el comit\u00e9 de garant\u00edas y los estatutos del partido.\n    <\/p>\n<p>\n        Bola\u00f1os ha querido adem\u00e1s se\u00f1alar las diferencias entre la gesti\u00f3n que ha hecho con este caso su partido y la del PP con las denuncias que recibe. En concreto, con el exconselleiro de la Xunta de Galicia <a href=\"https:\/\/www.eldiario.es\/galicia\/formas-xunta-pp-apoyan-exconselleiro-investigado-agresion-sexual-no-victima_1_12359101.html\" rel=\"nofollow\">Alfonso Villares<\/a>, que dimiti\u00f3 tras recibir una denuncia contra \u00e9l por agresi\u00f3n sexual y se fue de su cargo despedido entre aplausos de los suyos.\n    <\/p>\n<p>\n        \u201cSi uno se va al principal partido de la oposici\u00f3n, tres meses despu\u00e9s de conocer un caso contra el exconselleiro de la Xunta, se va entre aplausos. Es bueno que la ciudadan\u00eda conozca c\u00f3mo actuamos unos y otros. Quiero el modelo que act\u00faa en horas con contundencia pero expeditivo. No quiero el caso del PP que despu\u00e9s deconocer el caso de irregularidades de B\u00e1rcenas, le pagan millones en abogados o el caso del consejero de la Xunta\u201d, ha insitido.\n    <\/p>\n<\/div>\n","protected":false},"excerpt":{"rendered":"<p>\u201cTuvimos noticias en la madrugada del s\u00e1bado y tomamos medidas en la ma\u00f1ana del s\u00e1bado\u201d, ha dicho el ministro de Justicia, F\u00e9lix Bola\u00f1os, sobre las denuncias por comportamientos \u201cinadecuados\u201d que algunas mujeres califican de abuso sexual contra Paco Salazar, a quien el presidente del Gobierno, Pedro S\u00e1nchez, hab\u00eda elegido como nuevo secretario de Organizaci\u00f3n adjunto<\/p>\n","protected":false},"author":1,"featured_media":248627,"comment_status":"open","ping_status":"open","sticky":false,"template":"","format":"standard","meta":{"footnotes":""},"categories":[71],"tags":[],"class_list":["post-248626","post","type-post","status-publish","format-standard","has-post-thumbnail","hentry","category-politics-es"],"acf":[],"yoast_head":"<!-- This site is optimized with the Yoast SEO plugin v22.9 - https:\/\/yoast.com\/wordpress\/plugins\/seo\/ -->\n<title>El Gobierno dice que actu\u00f3 en cuanto conoci\u00f3 las denuncias contra Paco Salazar pero pide no prejuzgar y esperar a las investigaciones - vof-news.eu<\/title>\n<meta name=\"description\" content=\"\u201cTuvimos noticias en la madrugada del s\u00e1bado y tomamos medidas en la ma\u00f1ana del s\u00e1bado\u201d, ha dicho el ministro de Justicia, F\u00e9lix Bola\u00f1os, sobre las denuncias por comportamientos \u201cinadecuados\u201d que algunas mujeres califican de abuso sexual contra Paco Salazar, a quien el presidente del Gobierno, Pedro S\u00e1nchez, hab\u00eda elegido como nuevo secretario de Organizaci\u00f3n adjunto para la nueva etapa del PSOE. Un cargo que tras las informaciones publicadas por elDiario.es no lleg\u00f3 a asumir.\" \/>\n<meta name=\"robots\" content=\"noindex, follow, max-snippet:-1, max-image-preview:large, max-video-preview:-1\" \/>\n<meta property=\"og:locale\" content=\"es_ES\" \/>\n<meta property=\"og:type\" content=\"article\" \/>\n<meta property=\"og:title\" content=\"El Gobierno dice que actu\u00f3 en cuanto conoci\u00f3 las denuncias contra Paco Salazar pero pide no prejuzgar y esperar a las investigaciones - vof-news.eu\" \/>\n<meta property=\"og:description\" content=\"\u201cTuvimos noticias en la madrugada del s\u00e1bado y tomamos medidas en la ma\u00f1ana del s\u00e1bado\u201d, ha dicho el ministro de Justicia, F\u00e9lix Bola\u00f1os, sobre las denuncias por comportamientos \u201cinadecuados\u201d que algunas mujeres califican de abuso sexual contra Paco Salazar, a quien el presidente del Gobierno, Pedro S\u00e1nchez, hab\u00eda elegido como nuevo secretario de Organizaci\u00f3n adjunto para la nueva etapa del PSOE. Un cargo que tras las informaciones publicadas por elDiario.es no lleg\u00f3 a asumir.\" \/>\n<meta property=\"og:url\" content=\"https:\/\/vof-news.eu\/es\/el-gobierno-dice-que-actuo-en-cuanto-conocio-las-denuncias-contra-paco-salazar-pero-pide-no-prejuzgar-y-esperar-a-las-investigaciones\/\" \/>\n<meta property=\"og:site_name\" content=\"vof-news.eu\" \/>\n<meta property=\"article:published_time\" content=\"2025-07-07T08:17:14+00:00\" \/>\n<meta property=\"article:modified_time\" content=\"2025-07-07T08:17:40+00:00\" \/>\n<meta property=\"og:image\" content=\"https:\/\/vof-news.eu\/wp-content\/uploads\/2025\/07\/5997ad6b-faaf-46c1-aeb4-3aaf6728c941_16-9-discover-aspect-ratio_default_0.jpg\" \/>\n\t<meta property=\"og:image:width\" content=\"1200\" \/>\n\t<meta property=\"og:image:height\" content=\"675\" \/>\n\t<meta property=\"og:image:type\" content=\"image\/jpeg\" \/>\n<meta name=\"author\" content=\"Author\" \/>\n<meta name=\"twitter:card\" content=\"summary_large_image\" \/>\n<meta name=\"twitter:label1\" content=\"Escrito por\" \/>\n\t<meta name=\"twitter:data1\" content=\"Author\" \/>\n\t<meta name=\"twitter:label2\" content=\"Tiempo de lectura\" \/>\n\t<meta name=\"twitter:data2\" content=\"4 minutos\" \/>\n<script type=\"application\/ld+json\" class=\"yoast-schema-graph\">{\"@context\":\"https:\/\/schema.org\",\"@graph\":[{\"@type\":\"WebPage\",\"@id\":\"https:\/\/vof-news.eu\/es\/el-gobierno-dice-que-actuo-en-cuanto-conocio-las-denuncias-contra-paco-salazar-pero-pide-no-prejuzgar-y-esperar-a-las-investigaciones\/\",\"url\":\"https:\/\/vof-news.eu\/es\/el-gobierno-dice-que-actuo-en-cuanto-conocio-las-denuncias-contra-paco-salazar-pero-pide-no-prejuzgar-y-esperar-a-las-investigaciones\/\",\"name\":\"El Gobierno dice que actu\u00f3 en cuanto conoci\u00f3 las denuncias contra Paco Salazar pero pide no prejuzgar y esperar a las investigaciones - vof-news.eu\",\"isPartOf\":{\"@id\":\"https:\/\/vof-news.eu\/es\/#website\"},\"primaryImageOfPage\":{\"@id\":\"https:\/\/vof-news.eu\/es\/el-gobierno-dice-que-actuo-en-cuanto-conocio-las-denuncias-contra-paco-salazar-pero-pide-no-prejuzgar-y-esperar-a-las-investigaciones\/#primaryimage\"},\"image\":{\"@id\":\"https:\/\/vof-news.eu\/es\/el-gobierno-dice-que-actuo-en-cuanto-conocio-las-denuncias-contra-paco-salazar-pero-pide-no-prejuzgar-y-esperar-a-las-investigaciones\/#primaryimage\"},\"thumbnailUrl\":\"https:\/\/vof-news.eu\/wp-content\/uploads\/2025\/07\/5997ad6b-faaf-46c1-aeb4-3aaf6728c941_16-9-discover-aspect-ratio_default_0.jpg\",\"datePublished\":\"2025-07-07T08:17:14+00:00\",\"dateModified\":\"2025-07-07T08:17:40+00:00\",\"author\":{\"@id\":\"https:\/\/vof-news.eu\/es\/#\/schema\/person\/f6a2a4309f0561835797fd8c19b333ed\"},\"description\":\"\u201cTuvimos noticias en la madrugada del s\u00e1bado y tomamos medidas en la ma\u00f1ana del s\u00e1bado\u201d, ha dicho el ministro de Justicia, F\u00e9lix Bola\u00f1os, sobre las denuncias por comportamientos \u201cinadecuados\u201d que algunas mujeres califican de abuso sexual contra Paco Salazar, a quien el presidente del Gobierno, Pedro S\u00e1nchez, hab\u00eda elegido como nuevo secretario de Organizaci\u00f3n adjunto para la nueva etapa del PSOE. Un cargo que tras las informaciones publicadas por elDiario.es no lleg\u00f3 a asumir.\",\"breadcrumb\":{\"@id\":\"https:\/\/vof-news.eu\/es\/el-gobierno-dice-que-actuo-en-cuanto-conocio-las-denuncias-contra-paco-salazar-pero-pide-no-prejuzgar-y-esperar-a-las-investigaciones\/#breadcrumb\"},\"inLanguage\":\"es\",\"potentialAction\":[{\"@type\":\"ReadAction\",\"target\":[\"https:\/\/vof-news.eu\/es\/el-gobierno-dice-que-actuo-en-cuanto-conocio-las-denuncias-contra-paco-salazar-pero-pide-no-prejuzgar-y-esperar-a-las-investigaciones\/\"]}]},{\"@type\":\"ImageObject\",\"inLanguage\":\"es\",\"@id\":\"https:\/\/vof-news.eu\/es\/el-gobierno-dice-que-actuo-en-cuanto-conocio-las-denuncias-contra-paco-salazar-pero-pide-no-prejuzgar-y-esperar-a-las-investigaciones\/#primaryimage\",\"url\":\"https:\/\/vof-news.eu\/wp-content\/uploads\/2025\/07\/5997ad6b-faaf-46c1-aeb4-3aaf6728c941_16-9-discover-aspect-ratio_default_0.jpg\",\"contentUrl\":\"https:\/\/vof-news.eu\/wp-content\/uploads\/2025\/07\/5997ad6b-faaf-46c1-aeb4-3aaf6728c941_16-9-discover-aspect-ratio_default_0.jpg\",\"width\":1200,\"height\":675},{\"@type\":\"BreadcrumbList\",\"@id\":\"https:\/\/vof-news.eu\/es\/el-gobierno-dice-que-actuo-en-cuanto-conocio-las-denuncias-contra-paco-salazar-pero-pide-no-prejuzgar-y-esperar-a-las-investigaciones\/#breadcrumb\",\"itemListElement\":[{\"@type\":\"ListItem\",\"position\":1,\"name\":\"Home\",\"item\":\"https:\/\/vof-news.eu\/es\/\"},{\"@type\":\"ListItem\",\"position\":2,\"name\":\"El Gobierno dice que actu\u00f3 en cuanto conoci\u00f3 las denuncias contra Paco Salazar pero pide no prejuzgar y esperar a las investigaciones\"}]},{\"@type\":\"WebSite\",\"@id\":\"https:\/\/vof-news.eu\/es\/#website\",\"url\":\"https:\/\/vof-news.eu\/es\/\",\"name\":\"vof-news.eu\",\"description\":\"\",\"potentialAction\":[{\"@type\":\"SearchAction\",\"target\":{\"@type\":\"EntryPoint\",\"urlTemplate\":\"https:\/\/vof-news.eu\/es\/?s={search_term_string}\"},\"query-input\":\"required name=search_term_string\"}],\"inLanguage\":\"es\"},{\"@type\":\"Person\",\"@id\":\"https:\/\/vof-news.eu\/es\/#\/schema\/person\/f6a2a4309f0561835797fd8c19b333ed\",\"name\":\"Author\",\"image\":{\"@type\":\"ImageObject\",\"inLanguage\":\"es\",\"@id\":\"https:\/\/vof-news.eu\/es\/#\/schema\/person\/image\/\",\"url\":\"https:\/\/secure.gravatar.com\/avatar\/b67e614b1b25b3e9c0c239efdd2fde5ab015b5affd6f1c3c85911ca4b384e790?s=96&d=mm&r=g\",\"contentUrl\":\"https:\/\/secure.gravatar.com\/avatar\/b67e614b1b25b3e9c0c239efdd2fde5ab015b5affd6f1c3c85911ca4b384e790?s=96&d=mm&r=g\",\"caption\":\"Author\"},\"sameAs\":[\"http:\/\/vof-news.eu\"],\"url\":\"https:\/\/vof-news.eu\/es\/author\/zwt6qxnjulxbnyg\/\"}]}<\/script>\n<!-- \/ Yoast SEO plugin. -->","yoast_head_json":{"title":"El Gobierno dice que actu\u00f3 en cuanto conoci\u00f3 las denuncias contra Paco Salazar pero pide no prejuzgar y esperar a las investigaciones - vof-news.eu","description":"\u201cTuvimos noticias en la madrugada del s\u00e1bado y tomamos medidas en la ma\u00f1ana del s\u00e1bado\u201d, ha dicho el ministro de Justicia, F\u00e9lix Bola\u00f1os, sobre las denuncias por comportamientos \u201cinadecuados\u201d que algunas mujeres califican de abuso sexual contra Paco Salazar, a quien el presidente del Gobierno, Pedro S\u00e1nchez, hab\u00eda elegido como nuevo secretario de Organizaci\u00f3n adjunto para la nueva etapa del PSOE. Un cargo que tras las informaciones publicadas por elDiario.es no lleg\u00f3 a asumir.","robots":{"index":"noindex","follow":"follow","max-snippet":"max-snippet:-1","max-image-preview":"max-image-preview:large","max-video-preview":"max-video-preview:-1"},"og_locale":"es_ES","og_type":"article","og_title":"El Gobierno dice que actu\u00f3 en cuanto conoci\u00f3 las denuncias contra Paco Salazar pero pide no prejuzgar y esperar a las investigaciones - vof-news.eu","og_description":"\u201cTuvimos noticias en la madrugada del s\u00e1bado y tomamos medidas en la ma\u00f1ana del s\u00e1bado\u201d, ha dicho el ministro de Justicia, F\u00e9lix Bola\u00f1os, sobre las denuncias por comportamientos \u201cinadecuados\u201d que algunas mujeres califican de abuso sexual contra Paco Salazar, a quien el presidente del Gobierno, Pedro S\u00e1nchez, hab\u00eda elegido como nuevo secretario de Organizaci\u00f3n adjunto para la nueva etapa del PSOE. Un cargo que tras las informaciones publicadas por elDiario.es no lleg\u00f3 a asumir.","og_url":"https:\/\/vof-news.eu\/es\/el-gobierno-dice-que-actuo-en-cuanto-conocio-las-denuncias-contra-paco-salazar-pero-pide-no-prejuzgar-y-esperar-a-las-investigaciones\/","og_site_name":"vof-news.eu","article_published_time":"2025-07-07T08:17:14+00:00","article_modified_time":"2025-07-07T08:17:40+00:00","og_image":[{"width":1200,"height":675,"url":"https:\/\/vof-news.eu\/wp-content\/uploads\/2025\/07\/5997ad6b-faaf-46c1-aeb4-3aaf6728c941_16-9-discover-aspect-ratio_default_0.jpg","type":"image\/jpeg"}],"author":"Author","twitter_card":"summary_large_image","twitter_misc":{"Escrito por":"Author","Tiempo de lectura":"4 minutos"},"schema":{"@context":"https:\/\/schema.org","@graph":[{"@type":"WebPage","@id":"https:\/\/vof-news.eu\/es\/el-gobierno-dice-que-actuo-en-cuanto-conocio-las-denuncias-contra-paco-salazar-pero-pide-no-prejuzgar-y-esperar-a-las-investigaciones\/","url":"https:\/\/vof-news.eu\/es\/el-gobierno-dice-que-actuo-en-cuanto-conocio-las-denuncias-contra-paco-salazar-pero-pide-no-prejuzgar-y-esperar-a-las-investigaciones\/","name":"El Gobierno dice que actu\u00f3 en cuanto conoci\u00f3 las denuncias contra Paco Salazar pero pide no prejuzgar y esperar a las investigaciones - vof-news.eu","isPartOf":{"@id":"https:\/\/vof-news.eu\/es\/#website"},"primaryImageOfPage":{"@id":"https:\/\/vof-news.eu\/es\/el-gobierno-dice-que-actuo-en-cuanto-conocio-las-denuncias-contra-paco-salazar-pero-pide-no-prejuzgar-y-esperar-a-las-investigaciones\/#primaryimage"},"image":{"@id":"https:\/\/vof-news.eu\/es\/el-gobierno-dice-que-actuo-en-cuanto-conocio-las-denuncias-contra-paco-salazar-pero-pide-no-prejuzgar-y-esperar-a-las-investigaciones\/#primaryimage"},"thumbnailUrl":"https:\/\/vof-news.eu\/wp-content\/uploads\/2025\/07\/5997ad6b-faaf-46c1-aeb4-3aaf6728c941_16-9-discover-aspect-ratio_default_0.jpg","datePublished":"2025-07-07T08:17:14+00:00","dateModified":"2025-07-07T08:17:40+00:00","author":{"@id":"https:\/\/vof-news.eu\/es\/#\/schema\/person\/f6a2a4309f0561835797fd8c19b333ed"},"description":"\u201cTuvimos noticias en la madrugada del s\u00e1bado y tomamos medidas en la ma\u00f1ana del s\u00e1bado\u201d, ha dicho el ministro de Justicia, F\u00e9lix Bola\u00f1os, sobre las denuncias por comportamientos \u201cinadecuados\u201d que algunas mujeres califican de abuso sexual contra Paco Salazar, a quien el presidente del Gobierno, Pedro S\u00e1nchez, hab\u00eda elegido como nuevo secretario de Organizaci\u00f3n adjunto para la nueva etapa del PSOE. Un cargo que tras las informaciones publicadas por elDiario.es no lleg\u00f3 a asumir.","breadcrumb":{"@id":"https:\/\/vof-news.eu\/es\/el-gobierno-dice-que-actuo-en-cuanto-conocio-las-denuncias-contra-paco-salazar-pero-pide-no-prejuzgar-y-esperar-a-las-investigaciones\/#breadcrumb"},"inLanguage":"es","potentialAction":[{"@type":"ReadAction","target":["https:\/\/vof-news.eu\/es\/el-gobierno-dice-que-actuo-en-cuanto-conocio-las-denuncias-contra-paco-salazar-pero-pide-no-prejuzgar-y-esperar-a-las-investigaciones\/"]}]},{"@type":"ImageObject","inLanguage":"es","@id":"https:\/\/vof-news.eu\/es\/el-gobierno-dice-que-actuo-en-cuanto-conocio-las-denuncias-contra-paco-salazar-pero-pide-no-prejuzgar-y-esperar-a-las-investigaciones\/#primaryimage","url":"https:\/\/vof-news.eu\/wp-content\/uploads\/2025\/07\/5997ad6b-faaf-46c1-aeb4-3aaf6728c941_16-9-discover-aspect-ratio_default_0.jpg","contentUrl":"https:\/\/vof-news.eu\/wp-content\/uploads\/2025\/07\/5997ad6b-faaf-46c1-aeb4-3aaf6728c941_16-9-discover-aspect-ratio_default_0.jpg","width":1200,"height":675},{"@type":"BreadcrumbList","@id":"https:\/\/vof-news.eu\/es\/el-gobierno-dice-que-actuo-en-cuanto-conocio-las-denuncias-contra-paco-salazar-pero-pide-no-prejuzgar-y-esperar-a-las-investigaciones\/#breadcrumb","itemListElement":[{"@type":"ListItem","position":1,"name":"Home","item":"https:\/\/vof-news.eu\/es\/"},{"@type":"ListItem","position":2,"name":"El Gobierno dice que actu\u00f3 en cuanto conoci\u00f3 las denuncias contra Paco Salazar pero pide no prejuzgar y esperar a las investigaciones"}]},{"@type":"WebSite","@id":"https:\/\/vof-news.eu\/es\/#website","url":"https:\/\/vof-news.eu\/es\/","name":"vof-news.eu","description":"","potentialAction":[{"@type":"SearchAction","target":{"@type":"EntryPoint","urlTemplate":"https:\/\/vof-news.eu\/es\/?s={search_term_string}"},"query-input":"required name=search_term_string"}],"inLanguage":"es"},{"@type":"Person","@id":"https:\/\/vof-news.eu\/es\/#\/schema\/person\/f6a2a4309f0561835797fd8c19b333ed","name":"Author","image":{"@type":"ImageObject","inLanguage":"es","@id":"https:\/\/vof-news.eu\/es\/#\/schema\/person\/image\/","url":"https:\/\/secure.gravatar.com\/avatar\/b67e614b1b25b3e9c0c239efdd2fde5ab015b5affd6f1c3c85911ca4b384e790?s=96&d=mm&r=g","contentUrl":"https:\/\/secure.gravatar.com\/avatar\/b67e614b1b25b3e9c0c239efdd2fde5ab015b5affd6f1c3c85911ca4b384e790?s=96&d=mm&r=g","caption":"Author"},"sameAs":["http:\/\/vof-news.eu"],"url":"https:\/\/vof-news.eu\/es\/author\/zwt6qxnjulxbnyg\/"}]}},"yoast_meta":{"yoast_wpseo_title":"","yoast_wpseo_metadesc":"","yoast_wpseo_canonical":""},"_links":{"self":[{"href":"https:\/\/vof-news.eu\/es\/wp-json\/wp\/v2\/posts\/248626","targetHints":{"allow":["GET"]}}],"collection":[{"href":"https:\/\/vof-news.eu\/es\/wp-json\/wp\/v2\/posts"}],"about":[{"href":"https:\/\/vof-news.eu\/es\/wp-json\/wp\/v2\/types\/post"}],"author":[{"embeddable":true,"href":"https:\/\/vof-news.eu\/es\/wp-json\/wp\/v2\/users\/1"}],"replies":[{"embeddable":true,"href":"https:\/\/vof-news.eu\/es\/wp-json\/wp\/v2\/comments?post=248626"}],"version-history":[{"count":1,"href":"https:\/\/vof-news.eu\/es\/wp-json\/wp\/v2\/posts\/248626\/revisions"}],"predecessor-version":[{"id":248633,"href":"https:\/\/vof-news.eu\/es\/wp-json\/wp\/v2\/posts\/248626\/revisions\/248633"}],"wp:featuredmedia":[{"embeddable":true,"href":"https:\/\/vof-news.eu\/es\/wp-json\/wp\/v2\/media\/248627"}],"wp:attachment":[{"href":"https:\/\/vof-news.eu\/es\/wp-json\/wp\/v2\/media?parent=248626"}],"wp:term":[{"taxonomy":"category","embeddable":true,"href":"https:\/\/vof-news.eu\/es\/wp-json\/wp\/v2\/categories?post=248626"},{"taxonomy":"post_tag","embeddable":true,"href":"https:\/\/vof-news.eu\/es\/wp-json\/wp\/v2\/tags?post=248626"}],"curies":[{"name":"wp","href":"https:\/\/api.w.org\/{rel}","templated":true}]}}