{"id":248590,"date":"2025-07-07T09:17:19","date_gmt":"2025-07-07T06:17:19","guid":{"rendered":"https:\/\/vof-news.eu\/trump-dice-que-este-lunes-empezara-a-anunciar-aranceles-para-el-resto-del-mundo-que-entraran-en-vigor-el-1-de-agosto\/"},"modified":"2025-07-07T09:17:44","modified_gmt":"2025-07-07T06:17:44","slug":"trump-dice-que-este-lunes-empezara-a-anunciar-aranceles-para-el-resto-del-mundo-que-entraran-en-vigor-el-1-de-agosto","status":"publish","type":"post","link":"https:\/\/vof-news.eu\/es\/trump-dice-que-este-lunes-empezara-a-anunciar-aranceles-para-el-resto-del-mundo-que-entraran-en-vigor-el-1-de-agosto\/","title":{"rendered":"Trump dice que este lunes empezar\u00e1 a anunciar aranceles para el resto del mundo, que entrar\u00e1n en vigor el 1 de agosto"},"content":{"rendered":"<div>\n<p>\n        Este lunes empezar\u00e1n a salir las cartas de la Casa Blanca. \u201cLas cartas y\/o acuerdos arancelarios de EEUU con diversos pa\u00edses del mundo se enviar\u00e1n a partir de las 12:00 pm (hora del este) del lunes 7 de julio\u201d, ha anunciado el presidente de EEUU este domingo por la noche en Truth Social.\n    <\/p>\n<p>\n        Los aranceles aprobados en el c\u00e9lebre d\u00eda de la liberaci\u00f3n del 2 de abril, que a\u00fan est\u00e1n pendientes de resoluci\u00f3n judicial, ten\u00edan de margen para su negociaci\u00f3n hasta el 9 de julio. Y ese plazo concluye el pr\u00f3ximo mi\u00e9rcoles, pero a partir de este lunes, seg\u00fan ha dicho Donald Trump, empezar\u00e1n a comunicarse las condiciones aplicadas para el resto del mundo, m\u00e1s all\u00e1 de algunos acuerdos comunicados ya, como son el caso de Reino Unido y Vietnam, por ejemplo.\n    <\/p>\n<p>\n        Trump tambi\u00e9n ha anunciado que \u201ccualquier pa\u00eds que se alinee con las pol\u00edticas antiamericanas de los BRICS [Brasil, Rusia, India, China y Sur\u00e1frica] deber\u00e1 pagar un arancel adicional del 10%. No habr\u00e1 excepciones\u201d.\n    <\/p>\n<p>\n        \u201cEnviaremos cartas el lunes relacionadas con los acuerdos comerciales\u201d, ha dicho Trump a los periodistas despu\u00e9s de pasar el fin de semana jugando al golf en New Jersey: \u201cPodr\u00edan ser 12, quiz\u00e1s 15. Se enviar\u00e1n el lunes, y un par el martes y el mi\u00e9rcoles. Tambi\u00e9n hemos cerrado acuerdos, as\u00ed que podemos tener una combinaci\u00f3n de cartas y de algunos acuerdos\u201d.\n    <\/p>\n<p>\n        Y ha aladidio: \u201cCreo que la mayor\u00eda de los pa\u00edses estar\u00e1n listos para el 9 de julio, ya sea mediante una carta o un acuerdo\u201d.\n    <\/p>\n<p>\n        \u201cPero entran en vigor el 1 de agosto\u201d, ha aclarado el secretario de Comercio, Howard Lutnick: \u201cLos aranceles entran en vigor el 1 de agosto, pero el presidente est\u00e1 fijando las tasas y los acuerdos ahora mismo\u201d.\n    <\/p>\n<h2>Relativo optimismo europeo<\/h2>\n<p>\n        La UE ve\u00eda este fin de semana m\u00e1s cerca un principio de acuerdo con Donald Trump que evite que se desate una guerra comercial de consecuencias nefastas para la econom\u00eda de los dos bloques, <a href=\"https:\/\/www.eldiario.es\/economia\/ue-ve-progreso-principio-acuerdo-trump-evitar-guerra-comercial_1_12440254.html\" rel=\"nofollow\">informa Irene Castro<\/a>. Las negociaciones se intensificaron esta semana con un viaje del comisario de Comercio, Maros Sefcovic, y t\u00e9cnicos comunitarios a Washington ante la cercan\u00eda de la fecha l\u00edmite del 9 de julio que se dieron el presidente de EEUU y la de la Comisi\u00f3n Europea, Ursula von der Leyen. En esos \u00faltimos contactos, lo que sostienen en Bruselas es que se ha producido \u201cprogreso hacia un principio de acuerdo\u201d.\n    <\/p>\n<p>\n        Sefcovic inform\u00f3 el viernes a los embajadores ante la UE de los 27 de la base de ese acuerdo que se est\u00e1 negociando y que, en todo caso, no ser\u00e1 exhaustivo y detallado, como reconoci\u00f3 este jueves Von der Leyen, sino que ser\u00e1 un entendimiento de m\u00ednimos, como el que alcanz\u00f3 Reino Unido hace unas semanas. De hecho, la UE asume que una parte de los aranceles que ya ha activado Trump permanecer\u00e1n, como el 10% universal que tambi\u00e9n acept\u00f3 el Gobierno de Keir Starmer.\n    <\/p>\n<p>\n        No obstante, en Bruselas tampoco echan las campanas al vuelo y aseguran que, al mismo tiempo que se avanza en las negociaciones, se est\u00e1n preparando \u201cpara la posibilidad de que no haya un acuerdo satisfactorio\u201d. En ese caso, la UE tendr\u00eda que imponer contramedidas en respuesta a los aranceles a cerca del 50% de los productos europeos que impuso Trump y que, en parte, est\u00e1n suspendidos.\n    <\/p>\n<\/div>\n","protected":false},"excerpt":{"rendered":"<p>Este lunes empezar\u00e1n a salir las cartas de la Casa Blanca. \u201cLas cartas y\/o acuerdos arancelarios de EEUU con diversos pa\u00edses del mundo se enviar\u00e1n a partir de las 12:00 pm (hora del este) del lunes 7 de julio\u201d, ha anunciado el presidente de EEUU este domingo por la noche en Truth Social. Los aranceles<\/p>\n","protected":false},"author":1,"featured_media":248591,"comment_status":"open","ping_status":"open","sticky":false,"template":"","format":"standard","meta":{"footnotes":""},"categories":[61],"tags":[],"class_list":["post-248590","post","type-post","status-publish","format-standard","has-post-thumbnail","hentry","category-business-es"],"acf":[],"yoast_head":"<!-- This site is optimized with the Yoast SEO plugin v22.9 - https:\/\/yoast.com\/wordpress\/plugins\/seo\/ -->\n<title>Trump dice que este lunes empezar\u00e1 a anunciar aranceles para el resto del mundo, que entrar\u00e1n en vigor el 1 de agosto - vof-news.eu<\/title>\n<meta name=\"description\" content=\"Este lunes empezar\u00e1n a salir las cartas de la Casa Blanca. \u201cLas cartas y\/o acuerdos arancelarios de EEUU con diversos pa\u00edses del mundo se enviar\u00e1n a partir de las 12:00 pm (hora del este) del lunes 7 de julio\u201d, ha anunciado el presidente de EEUU este domingo por la noche en Truth Social.\" \/>\n<meta name=\"robots\" content=\"noindex, follow, max-snippet:-1, max-image-preview:large, max-video-preview:-1\" \/>\n<meta property=\"og:locale\" content=\"es_ES\" \/>\n<meta property=\"og:type\" content=\"article\" \/>\n<meta property=\"og:title\" content=\"Trump dice que este lunes empezar\u00e1 a anunciar aranceles para el resto del mundo, que entrar\u00e1n en vigor el 1 de agosto - vof-news.eu\" \/>\n<meta property=\"og:description\" content=\"Este lunes empezar\u00e1n a salir las cartas de la Casa Blanca. \u201cLas cartas y\/o acuerdos arancelarios de EEUU con diversos pa\u00edses del mundo se enviar\u00e1n a partir de las 12:00 pm (hora del este) del lunes 7 de julio\u201d, ha anunciado el presidente de EEUU este domingo por la noche en Truth Social.\" \/>\n<meta property=\"og:url\" content=\"https:\/\/vof-news.eu\/es\/trump-dice-que-este-lunes-empezara-a-anunciar-aranceles-para-el-resto-del-mundo-que-entraran-en-vigor-el-1-de-agosto\/\" \/>\n<meta property=\"og:site_name\" content=\"vof-news.eu\" \/>\n<meta property=\"article:published_time\" content=\"2025-07-07T06:17:19+00:00\" \/>\n<meta property=\"article:modified_time\" content=\"2025-07-07T06:17:44+00:00\" \/>\n<meta property=\"og:image\" content=\"https:\/\/vof-news.eu\/wp-content\/uploads\/2025\/07\/578c825e-75c2-4c72-9b84-5a322ce2c234_16-9-discover-aspect-ratio_default_1121199.jpg\" \/>\n\t<meta property=\"og:image:width\" content=\"1200\" \/>\n\t<meta property=\"og:image:height\" content=\"675\" \/>\n\t<meta property=\"og:image:type\" content=\"image\/jpeg\" \/>\n<meta name=\"author\" content=\"Author\" \/>\n<meta name=\"twitter:card\" content=\"summary_large_image\" \/>\n<meta name=\"twitter:label1\" content=\"Escrito por\" \/>\n\t<meta name=\"twitter:data1\" content=\"Author\" \/>\n\t<meta name=\"twitter:label2\" content=\"Tiempo de lectura\" \/>\n\t<meta name=\"twitter:data2\" content=\"3 minutos\" \/>\n<script type=\"application\/ld+json\" class=\"yoast-schema-graph\">{\"@context\":\"https:\/\/schema.org\",\"@graph\":[{\"@type\":\"WebPage\",\"@id\":\"https:\/\/vof-news.eu\/es\/trump-dice-que-este-lunes-empezara-a-anunciar-aranceles-para-el-resto-del-mundo-que-entraran-en-vigor-el-1-de-agosto\/\",\"url\":\"https:\/\/vof-news.eu\/es\/trump-dice-que-este-lunes-empezara-a-anunciar-aranceles-para-el-resto-del-mundo-que-entraran-en-vigor-el-1-de-agosto\/\",\"name\":\"Trump dice que este lunes empezar\u00e1 a anunciar aranceles para el resto del mundo, que entrar\u00e1n en vigor el 1 de agosto - vof-news.eu\",\"isPartOf\":{\"@id\":\"https:\/\/vof-news.eu\/es\/#website\"},\"primaryImageOfPage\":{\"@id\":\"https:\/\/vof-news.eu\/es\/trump-dice-que-este-lunes-empezara-a-anunciar-aranceles-para-el-resto-del-mundo-que-entraran-en-vigor-el-1-de-agosto\/#primaryimage\"},\"image\":{\"@id\":\"https:\/\/vof-news.eu\/es\/trump-dice-que-este-lunes-empezara-a-anunciar-aranceles-para-el-resto-del-mundo-que-entraran-en-vigor-el-1-de-agosto\/#primaryimage\"},\"thumbnailUrl\":\"https:\/\/vof-news.eu\/wp-content\/uploads\/2025\/07\/578c825e-75c2-4c72-9b84-5a322ce2c234_16-9-discover-aspect-ratio_default_1121199.jpg\",\"datePublished\":\"2025-07-07T06:17:19+00:00\",\"dateModified\":\"2025-07-07T06:17:44+00:00\",\"author\":{\"@id\":\"https:\/\/vof-news.eu\/es\/#\/schema\/person\/f6a2a4309f0561835797fd8c19b333ed\"},\"description\":\"Este lunes empezar\u00e1n a salir las cartas de la Casa Blanca. \u201cLas cartas y\/o acuerdos arancelarios de EEUU con diversos pa\u00edses del mundo se enviar\u00e1n a partir de las 12:00 pm (hora del este) del lunes 7 de julio\u201d, ha anunciado el presidente de EEUU este domingo por la noche en Truth Social.\",\"breadcrumb\":{\"@id\":\"https:\/\/vof-news.eu\/es\/trump-dice-que-este-lunes-empezara-a-anunciar-aranceles-para-el-resto-del-mundo-que-entraran-en-vigor-el-1-de-agosto\/#breadcrumb\"},\"inLanguage\":\"es\",\"potentialAction\":[{\"@type\":\"ReadAction\",\"target\":[\"https:\/\/vof-news.eu\/es\/trump-dice-que-este-lunes-empezara-a-anunciar-aranceles-para-el-resto-del-mundo-que-entraran-en-vigor-el-1-de-agosto\/\"]}]},{\"@type\":\"ImageObject\",\"inLanguage\":\"es\",\"@id\":\"https:\/\/vof-news.eu\/es\/trump-dice-que-este-lunes-empezara-a-anunciar-aranceles-para-el-resto-del-mundo-que-entraran-en-vigor-el-1-de-agosto\/#primaryimage\",\"url\":\"https:\/\/vof-news.eu\/wp-content\/uploads\/2025\/07\/578c825e-75c2-4c72-9b84-5a322ce2c234_16-9-discover-aspect-ratio_default_1121199.jpg\",\"contentUrl\":\"https:\/\/vof-news.eu\/wp-content\/uploads\/2025\/07\/578c825e-75c2-4c72-9b84-5a322ce2c234_16-9-discover-aspect-ratio_default_1121199.jpg\",\"width\":1200,\"height\":675},{\"@type\":\"BreadcrumbList\",\"@id\":\"https:\/\/vof-news.eu\/es\/trump-dice-que-este-lunes-empezara-a-anunciar-aranceles-para-el-resto-del-mundo-que-entraran-en-vigor-el-1-de-agosto\/#breadcrumb\",\"itemListElement\":[{\"@type\":\"ListItem\",\"position\":1,\"name\":\"Home\",\"item\":\"https:\/\/vof-news.eu\/es\/\"},{\"@type\":\"ListItem\",\"position\":2,\"name\":\"Trump dice que este lunes empezar\u00e1 a anunciar aranceles para el resto del mundo, que entrar\u00e1n en vigor el 1 de agosto\"}]},{\"@type\":\"WebSite\",\"@id\":\"https:\/\/vof-news.eu\/es\/#website\",\"url\":\"https:\/\/vof-news.eu\/es\/\",\"name\":\"vof-news.eu\",\"description\":\"\",\"potentialAction\":[{\"@type\":\"SearchAction\",\"target\":{\"@type\":\"EntryPoint\",\"urlTemplate\":\"https:\/\/vof-news.eu\/es\/?s={search_term_string}\"},\"query-input\":\"required name=search_term_string\"}],\"inLanguage\":\"es\"},{\"@type\":\"Person\",\"@id\":\"https:\/\/vof-news.eu\/es\/#\/schema\/person\/f6a2a4309f0561835797fd8c19b333ed\",\"name\":\"Author\",\"image\":{\"@type\":\"ImageObject\",\"inLanguage\":\"es\",\"@id\":\"https:\/\/vof-news.eu\/es\/#\/schema\/person\/image\/\",\"url\":\"https:\/\/secure.gravatar.com\/avatar\/b67e614b1b25b3e9c0c239efdd2fde5ab015b5affd6f1c3c85911ca4b384e790?s=96&d=mm&r=g\",\"contentUrl\":\"https:\/\/secure.gravatar.com\/avatar\/b67e614b1b25b3e9c0c239efdd2fde5ab015b5affd6f1c3c85911ca4b384e790?s=96&d=mm&r=g\",\"caption\":\"Author\"},\"sameAs\":[\"http:\/\/vof-news.eu\"],\"url\":\"https:\/\/vof-news.eu\/es\/author\/zwt6qxnjulxbnyg\/\"}]}<\/script>\n<!-- \/ Yoast SEO plugin. -->","yoast_head_json":{"title":"Trump dice que este lunes empezar\u00e1 a anunciar aranceles para el resto del mundo, que entrar\u00e1n en vigor el 1 de agosto - vof-news.eu","description":"Este lunes empezar\u00e1n a salir las cartas de la Casa Blanca. \u201cLas cartas y\/o acuerdos arancelarios de EEUU con diversos pa\u00edses del mundo se enviar\u00e1n a partir de las 12:00 pm (hora del este) del lunes 7 de julio\u201d, ha anunciado el presidente de EEUU este domingo por la noche en Truth Social.","robots":{"index":"noindex","follow":"follow","max-snippet":"max-snippet:-1","max-image-preview":"max-image-preview:large","max-video-preview":"max-video-preview:-1"},"og_locale":"es_ES","og_type":"article","og_title":"Trump dice que este lunes empezar\u00e1 a anunciar aranceles para el resto del mundo, que entrar\u00e1n en vigor el 1 de agosto - vof-news.eu","og_description":"Este lunes empezar\u00e1n a salir las cartas de la Casa Blanca. \u201cLas cartas y\/o acuerdos arancelarios de EEUU con diversos pa\u00edses del mundo se enviar\u00e1n a partir de las 12:00 pm (hora del este) del lunes 7 de julio\u201d, ha anunciado el presidente de EEUU este domingo por la noche en Truth Social.","og_url":"https:\/\/vof-news.eu\/es\/trump-dice-que-este-lunes-empezara-a-anunciar-aranceles-para-el-resto-del-mundo-que-entraran-en-vigor-el-1-de-agosto\/","og_site_name":"vof-news.eu","article_published_time":"2025-07-07T06:17:19+00:00","article_modified_time":"2025-07-07T06:17:44+00:00","og_image":[{"width":1200,"height":675,"url":"https:\/\/vof-news.eu\/wp-content\/uploads\/2025\/07\/578c825e-75c2-4c72-9b84-5a322ce2c234_16-9-discover-aspect-ratio_default_1121199.jpg","type":"image\/jpeg"}],"author":"Author","twitter_card":"summary_large_image","twitter_misc":{"Escrito por":"Author","Tiempo de lectura":"3 minutos"},"schema":{"@context":"https:\/\/schema.org","@graph":[{"@type":"WebPage","@id":"https:\/\/vof-news.eu\/es\/trump-dice-que-este-lunes-empezara-a-anunciar-aranceles-para-el-resto-del-mundo-que-entraran-en-vigor-el-1-de-agosto\/","url":"https:\/\/vof-news.eu\/es\/trump-dice-que-este-lunes-empezara-a-anunciar-aranceles-para-el-resto-del-mundo-que-entraran-en-vigor-el-1-de-agosto\/","name":"Trump dice que este lunes empezar\u00e1 a anunciar aranceles para el resto del mundo, que entrar\u00e1n en vigor el 1 de agosto - vof-news.eu","isPartOf":{"@id":"https:\/\/vof-news.eu\/es\/#website"},"primaryImageOfPage":{"@id":"https:\/\/vof-news.eu\/es\/trump-dice-que-este-lunes-empezara-a-anunciar-aranceles-para-el-resto-del-mundo-que-entraran-en-vigor-el-1-de-agosto\/#primaryimage"},"image":{"@id":"https:\/\/vof-news.eu\/es\/trump-dice-que-este-lunes-empezara-a-anunciar-aranceles-para-el-resto-del-mundo-que-entraran-en-vigor-el-1-de-agosto\/#primaryimage"},"thumbnailUrl":"https:\/\/vof-news.eu\/wp-content\/uploads\/2025\/07\/578c825e-75c2-4c72-9b84-5a322ce2c234_16-9-discover-aspect-ratio_default_1121199.jpg","datePublished":"2025-07-07T06:17:19+00:00","dateModified":"2025-07-07T06:17:44+00:00","author":{"@id":"https:\/\/vof-news.eu\/es\/#\/schema\/person\/f6a2a4309f0561835797fd8c19b333ed"},"description":"Este lunes empezar\u00e1n a salir las cartas de la Casa Blanca. \u201cLas cartas y\/o acuerdos arancelarios de EEUU con diversos pa\u00edses del mundo se enviar\u00e1n a partir de las 12:00 pm (hora del este) del lunes 7 de julio\u201d, ha anunciado el presidente de EEUU este domingo por la noche en Truth Social.","breadcrumb":{"@id":"https:\/\/vof-news.eu\/es\/trump-dice-que-este-lunes-empezara-a-anunciar-aranceles-para-el-resto-del-mundo-que-entraran-en-vigor-el-1-de-agosto\/#breadcrumb"},"inLanguage":"es","potentialAction":[{"@type":"ReadAction","target":["https:\/\/vof-news.eu\/es\/trump-dice-que-este-lunes-empezara-a-anunciar-aranceles-para-el-resto-del-mundo-que-entraran-en-vigor-el-1-de-agosto\/"]}]},{"@type":"ImageObject","inLanguage":"es","@id":"https:\/\/vof-news.eu\/es\/trump-dice-que-este-lunes-empezara-a-anunciar-aranceles-para-el-resto-del-mundo-que-entraran-en-vigor-el-1-de-agosto\/#primaryimage","url":"https:\/\/vof-news.eu\/wp-content\/uploads\/2025\/07\/578c825e-75c2-4c72-9b84-5a322ce2c234_16-9-discover-aspect-ratio_default_1121199.jpg","contentUrl":"https:\/\/vof-news.eu\/wp-content\/uploads\/2025\/07\/578c825e-75c2-4c72-9b84-5a322ce2c234_16-9-discover-aspect-ratio_default_1121199.jpg","width":1200,"height":675},{"@type":"BreadcrumbList","@id":"https:\/\/vof-news.eu\/es\/trump-dice-que-este-lunes-empezara-a-anunciar-aranceles-para-el-resto-del-mundo-que-entraran-en-vigor-el-1-de-agosto\/#breadcrumb","itemListElement":[{"@type":"ListItem","position":1,"name":"Home","item":"https:\/\/vof-news.eu\/es\/"},{"@type":"ListItem","position":2,"name":"Trump dice que este lunes empezar\u00e1 a anunciar aranceles para el resto del mundo, que entrar\u00e1n en vigor el 1 de agosto"}]},{"@type":"WebSite","@id":"https:\/\/vof-news.eu\/es\/#website","url":"https:\/\/vof-news.eu\/es\/","name":"vof-news.eu","description":"","potentialAction":[{"@type":"SearchAction","target":{"@type":"EntryPoint","urlTemplate":"https:\/\/vof-news.eu\/es\/?s={search_term_string}"},"query-input":"required name=search_term_string"}],"inLanguage":"es"},{"@type":"Person","@id":"https:\/\/vof-news.eu\/es\/#\/schema\/person\/f6a2a4309f0561835797fd8c19b333ed","name":"Author","image":{"@type":"ImageObject","inLanguage":"es","@id":"https:\/\/vof-news.eu\/es\/#\/schema\/person\/image\/","url":"https:\/\/secure.gravatar.com\/avatar\/b67e614b1b25b3e9c0c239efdd2fde5ab015b5affd6f1c3c85911ca4b384e790?s=96&d=mm&r=g","contentUrl":"https:\/\/secure.gravatar.com\/avatar\/b67e614b1b25b3e9c0c239efdd2fde5ab015b5affd6f1c3c85911ca4b384e790?s=96&d=mm&r=g","caption":"Author"},"sameAs":["http:\/\/vof-news.eu"],"url":"https:\/\/vof-news.eu\/es\/author\/zwt6qxnjulxbnyg\/"}]}},"yoast_meta":{"yoast_wpseo_title":"","yoast_wpseo_metadesc":"","yoast_wpseo_canonical":""},"_links":{"self":[{"href":"https:\/\/vof-news.eu\/es\/wp-json\/wp\/v2\/posts\/248590","targetHints":{"allow":["GET"]}}],"collection":[{"href":"https:\/\/vof-news.eu\/es\/wp-json\/wp\/v2\/posts"}],"about":[{"href":"https:\/\/vof-news.eu\/es\/wp-json\/wp\/v2\/types\/post"}],"author":[{"embeddable":true,"href":"https:\/\/vof-news.eu\/es\/wp-json\/wp\/v2\/users\/1"}],"replies":[{"embeddable":true,"href":"https:\/\/vof-news.eu\/es\/wp-json\/wp\/v2\/comments?post=248590"}],"version-history":[{"count":1,"href":"https:\/\/vof-news.eu\/es\/wp-json\/wp\/v2\/posts\/248590\/revisions"}],"predecessor-version":[{"id":248597,"href":"https:\/\/vof-news.eu\/es\/wp-json\/wp\/v2\/posts\/248590\/revisions\/248597"}],"wp:featuredmedia":[{"embeddable":true,"href":"https:\/\/vof-news.eu\/es\/wp-json\/wp\/v2\/media\/248591"}],"wp:attachment":[{"href":"https:\/\/vof-news.eu\/es\/wp-json\/wp\/v2\/media?parent=248590"}],"wp:term":[{"taxonomy":"category","embeddable":true,"href":"https:\/\/vof-news.eu\/es\/wp-json\/wp\/v2\/categories?post=248590"},{"taxonomy":"post_tag","embeddable":true,"href":"https:\/\/vof-news.eu\/es\/wp-json\/wp\/v2\/tags?post=248590"}],"curies":[{"name":"wp","href":"https:\/\/api.w.org\/{rel}","templated":true}]}}