{"id":248546,"date":"2025-07-07T07:19:46","date_gmt":"2025-07-07T04:19:46","guid":{"rendered":"https:\/\/vof-news.eu\/la-aritmetica-se-atraganta-para-el-ministro-carlos-cuerpo-en-su-dificil-carrera-por-la-presidencia-del-eurogrupo\/"},"modified":"2025-07-07T07:20:06","modified_gmt":"2025-07-07T04:20:06","slug":"la-aritmetica-se-atraganta-para-el-ministro-carlos-cuerpo-en-su-dificil-carrera-por-la-presidencia-del-eurogrupo","status":"publish","type":"post","link":"https:\/\/vof-news.eu\/es\/la-aritmetica-se-atraganta-para-el-ministro-carlos-cuerpo-en-su-dificil-carrera-por-la-presidencia-del-eurogrupo\/","title":{"rendered":"La aritm\u00e9tica se atraganta para el ministro Carlos Cuerpo en su dif\u00edcil carrera por la presidencia del Eurogrupo"},"content":{"rendered":"<div>\n<p>\n        Carlos Cuerpo llega este lunes a Bruselas sin casi probabilidades de ser elegido presidente del Eurogrupo, pero el ministro de Econom\u00eda decidi\u00f3 dar un paso al frente y postularse para liderar ese organismo, que en los \u00faltimos a\u00f1os ha perdido fuelle, y que se encarga de orientar la pol\u00edtica econ\u00f3mica de la zona euro. El actual presidente, Paschal Donohoe, parte como favorito al contar con el respaldo de sus correligionarios de la familia popular europea, que tiene un enorme peso en los gobiernos de la UE. El camino de Cuerpo se ha empinado a\u00fan m\u00e1s ante la rivalidad del ministro lituano, Rimantas \u0160ad\u017eius, tambi\u00e9n socialista, y con la inestabilidad del Gobierno de Pedro S\u00e1nchez, que no es ning\u00fan secreto para el resto de pa\u00edses europeos.\n    <\/p>\n<p>\n        El viento sopla en favor del irland\u00e9s, que aspira a repetir un tercer mandato, seg\u00fan reconocen todas las fuentes consultadas. Donohoe se impuso a la entonces vicepresidenta econ\u00f3mica, Nadia Calvi\u00f1o, en 2020. En una primera votaci\u00f3n, se qued\u00f3 con nueve de los once votos que necesitaba y, en la segunda, con la retirada del aspirante luxemburgu\u00e9s, cay\u00f3 frente al irland\u00e9s. En esta ocasi\u00f3n, s\u00f3lo con los gobiernos de derechas que hay en la mesa del Eurogrupo Donohoe superar\u00eda los once votos que se necesitan para ser elegido presidente del organismo.\n    <\/p>\n<p>\n        En total, la derecha o la ultraderecha lideran los gobiernos de trece de los veinte pa\u00edses de la zona euro. Otros dos (Francia y Estonia) est\u00e1n en manos de los liberales. Aunque algunos de esos pa\u00edses no est\u00e9n capitaneados por la familia popular, no se percibe mucho apetito de gobiernos como el de Pa\u00edses Bajos de impulsar a Espa\u00f1a, que tiene una posici\u00f3n antag\u00f3nica en materia econ\u00f3mica. El Gobierno de Pedro S\u00e1nchez, por ejemplo, defiende con vehemencia la emisi\u00f3n de deuda conjunta para enfrentar desaf\u00edos de la UE, como el gasto militar, y choca de lleno con los \u2018frugales\u2019 y partidarios de la ortodoxia fiscal. Holanda, Malta, Luxemburgo y Chipre estuvieron con Donohoe hace cinco a\u00f1os, y en ese caso, tampoco oper\u00f3 la norma de la sinton\u00eda ideol\u00f3gica, ya que el Gobierno malt\u00e9s era (y es) socialista.\n    <\/p>\n<p>\n        Cuerpo, por tanto, tampoco tiene ventaja con muchos de los pa\u00edses del sur, que tradicionalmente podr\u00edan haberse alineado con Espa\u00f1a. Nadie espera que la ultraderechista italiana Giorgia Meloni haga un \u2018favor\u2019 al Ejecutivo de Pedro S\u00e1nchez. Tampoco parece que Grecia se vaya a posicionar con Cuerpo frente a su colega irland\u00e9s, con el que comparten filiaci\u00f3n pol\u00edtica.\n    <\/p>\n<p>\n        Tampoco est\u00e1 garantizado que los gobiernos liderados por la derecha act\u00faen como un bloque gran\u00edtico, porque tambi\u00e9n entra en juego el componente geogr\u00e1fico. Por ejemplo, Portugal hist\u00f3ricamente se alinea con Espa\u00f1a. Y hay gobiernos de coalici\u00f3n, como el alem\u00e1n o el chipriota, cuyas carteras de econom\u00eda recaen en socialdem\u00f3cratas. Dar el apoyo a Cuerpo podr\u00eda ser, por tanto, una decisi\u00f3n colegiada del Gobierno, del primer ministro o del ministro de Econom\u00eda. Ah\u00ed tendr\u00eda un cierto margen, pero no es determinante para inclinar la balanza a su favor.\n    <\/p>\n<p>\n        En ese sentido, la rivalidad con otro ministro socialista, el lituano Rimantas \u0160ad\u017eius, tambi\u00e9n le resta opciones, porque los pocos socialistas en la mesa pueden dividirse. De hecho, los socialdem\u00f3cratas tienen muy limitada la campa\u00f1a precisamente por esa competici\u00f3n interna. No obstante, \u0160ad\u017eius puede arrancar votos del este de Europa en detrimento, fundamentalmente, de Donohoe.\n    <\/p>\n<p>\n        Una fuente diplom\u00e1tica apunta otros dos factores de debilidad para Cuerpo: las recetas de Espa\u00f1a para los grandes desaf\u00edos econ\u00f3micos de la UE, que chocan en gran parte con la deriva de derechizaci\u00f3n del continente, respecto al gasto militar, la deuda com\u00fan para financiarlo, etc., as\u00ed como la inestabilidad del Gobierno de S\u00e1nchez, que a nadie le resulta ajena. La presidencia del Eurogrupo tiene un mandato de dos a\u00f1os y medio y la tiene que ostentar el ministro de Econom\u00eda en un momento en el que Espa\u00f1a se encamina a su tercera pr\u00f3rroga presupuestaria y los socios de coalici\u00f3n han dado una suerte de ultim\u00e1tum.\n    <\/p>\n<p>\n        Otro de los puntos d\u00e9biles es que Espa\u00f1a ya tiene una importante representaci\u00f3n en puestos europeos con la vicepresidenta de la Comisi\u00f3n Teresa Ribera; Nadia Calvi\u00f1o al frente del Banco Europeo de Inversiones, y Luis de Guindos como vicepresidente del BCE. De hecho, estos \u00faltimos pugnaron sin \u00e9xito en su momento por presidir el Eurogrupo. Algunas fuentes ven en el movimiento de Cuerpo un intento por posicionarse en la UE de cara al futuro.\n    <\/p>\n<p>\n        En su equipo aseguran que ninguno de estos factores tiene que ver con la candidatura: ni los puestos que ya tiene Espa\u00f1a, ni los equilibrios geogr\u00e1ficos, ni las afinidades ideol\u00f3gicas. \u201cEn los contactos nos centramos en el Eurogrupo y su programa\u201d, aseguran en el Ministerio de Econom\u00eda. \u201cHa llegado el momento de pasar del debate a la acci\u00f3n\u201d, dice Cuerpo en su carta de motivaci\u00f3n, para intentar convencer a los pa\u00edses cr\u00edticos con el inmovilismo del actual presidente.\n    <\/p>\n<p>\n        \u201cAgradezco el apoyo que estoy recibiendo de los colegas\u201d, dijo Donohoe a su llegada a la reuni\u00f3n del Eurogrupo en Luxemburgo en junio. Por su parte, en el equipo de Cuerpo aseguran que su candidatura ha tenido \u201cuna buena acogida que invita al optimismo\u201d. Este lunes los 20 ministros de Econom\u00eda de la zona euro escribir\u00e1n el nombre de su preferido en un papel y los servicios del Consejo de la UE contar\u00e1n cu\u00e1ntos ha recibido cada uno y se lo comunicar\u00e1n individualmente. Fuentes del ministerio apuntan a la posibilidad de que el candidato que tenga menos apoyos retire su candidatura, como ocurri\u00f3 en 2020 con el luxemburgu\u00e9s, y que la pelea quede entre dos. La votaci\u00f3n se repite hasta que uno de los aspirantes logre la mayor\u00eda simple de los votos.\n    <\/p>\n<\/div>\n","protected":false},"excerpt":{"rendered":"<p>Carlos Cuerpo llega este lunes a Bruselas sin casi probabilidades de ser elegido presidente del Eurogrupo, pero el ministro de Econom\u00eda decidi\u00f3 dar un paso al frente y postularse para liderar ese organismo, que en los \u00faltimos a\u00f1os ha perdido fuelle, y que se encarga de orientar la pol\u00edtica econ\u00f3mica de la zona euro. El<\/p>\n","protected":false},"author":1,"featured_media":248547,"comment_status":"open","ping_status":"open","sticky":false,"template":"","format":"standard","meta":{"footnotes":""},"categories":[61],"tags":[],"class_list":["post-248546","post","type-post","status-publish","format-standard","has-post-thumbnail","hentry","category-business-es"],"acf":[],"yoast_head":"<!-- This site is optimized with the Yoast SEO plugin v22.9 - https:\/\/yoast.com\/wordpress\/plugins\/seo\/ -->\n<title>La aritm\u00e9tica se atraganta para el ministro Carlos Cuerpo en su dif\u00edcil carrera por la presidencia del Eurogrupo - vof-news.eu<\/title>\n<meta name=\"description\" content=\"Carlos Cuerpo llega este lunes a Bruselas sin casi probabilidades de ser elegido presidente del Eurogrupo, pero el ministro de Econom\u00eda decidi\u00f3 dar un paso al frente y postularse para liderar ese organismo, que en los \u00faltimos a\u00f1os ha perdido fuelle, y que se encarga de orientar la pol\u00edtica econ\u00f3mica de la zona euro. El actual presidente, Paschal Donohoe, parte como favorito al contar con el respaldo de sus correligionarios de la familia popular europea, que tiene un enorme peso en los gobiernos de la UE. El camino de Cuerpo se ha empinado a\u00fan m\u00e1s ante la rivalidad del ministro lituano, Rimantas \u0160ad\u017eius, tambi\u00e9n socialista, y con la inestabilidad del Gobierno de Pedro S\u00e1nchez, que no es ning\u00fan secreto para el resto de pa\u00edses europeos.\" \/>\n<meta name=\"robots\" content=\"noindex, follow, max-snippet:-1, max-image-preview:large, max-video-preview:-1\" \/>\n<meta property=\"og:locale\" content=\"es_ES\" \/>\n<meta property=\"og:type\" content=\"article\" \/>\n<meta property=\"og:title\" content=\"La aritm\u00e9tica se atraganta para el ministro Carlos Cuerpo en su dif\u00edcil carrera por la presidencia del Eurogrupo - vof-news.eu\" \/>\n<meta property=\"og:description\" content=\"Carlos Cuerpo llega este lunes a Bruselas sin casi probabilidades de ser elegido presidente del Eurogrupo, pero el ministro de Econom\u00eda decidi\u00f3 dar un paso al frente y postularse para liderar ese organismo, que en los \u00faltimos a\u00f1os ha perdido fuelle, y que se encarga de orientar la pol\u00edtica econ\u00f3mica de la zona euro. El actual presidente, Paschal Donohoe, parte como favorito al contar con el respaldo de sus correligionarios de la familia popular europea, que tiene un enorme peso en los gobiernos de la UE. El camino de Cuerpo se ha empinado a\u00fan m\u00e1s ante la rivalidad del ministro lituano, Rimantas \u0160ad\u017eius, tambi\u00e9n socialista, y con la inestabilidad del Gobierno de Pedro S\u00e1nchez, que no es ning\u00fan secreto para el resto de pa\u00edses europeos.\" \/>\n<meta property=\"og:url\" content=\"https:\/\/vof-news.eu\/es\/la-aritmetica-se-atraganta-para-el-ministro-carlos-cuerpo-en-su-dificil-carrera-por-la-presidencia-del-eurogrupo\/\" \/>\n<meta property=\"og:site_name\" content=\"vof-news.eu\" \/>\n<meta property=\"article:published_time\" content=\"2025-07-07T04:19:46+00:00\" \/>\n<meta property=\"article:modified_time\" content=\"2025-07-07T04:20:06+00:00\" \/>\n<meta property=\"og:image\" content=\"https:\/\/vof-news.eu\/wp-content\/uploads\/2025\/07\/89749bbf-ef77-47f6-9eab-3dd4c0d1f01b_16-9-discover-aspect-ratio_default_0.jpg\" \/>\n\t<meta property=\"og:image:width\" content=\"1200\" \/>\n\t<meta property=\"og:image:height\" content=\"675\" \/>\n\t<meta property=\"og:image:type\" content=\"image\/jpeg\" \/>\n<meta name=\"author\" content=\"Author\" \/>\n<meta name=\"twitter:card\" content=\"summary_large_image\" \/>\n<meta name=\"twitter:label1\" content=\"Escrito por\" \/>\n\t<meta name=\"twitter:data1\" content=\"Author\" \/>\n\t<meta name=\"twitter:label2\" content=\"Tiempo de lectura\" \/>\n\t<meta name=\"twitter:data2\" content=\"5 minutos\" \/>\n<script type=\"application\/ld+json\" class=\"yoast-schema-graph\">{\"@context\":\"https:\/\/schema.org\",\"@graph\":[{\"@type\":\"WebPage\",\"@id\":\"https:\/\/vof-news.eu\/es\/la-aritmetica-se-atraganta-para-el-ministro-carlos-cuerpo-en-su-dificil-carrera-por-la-presidencia-del-eurogrupo\/\",\"url\":\"https:\/\/vof-news.eu\/es\/la-aritmetica-se-atraganta-para-el-ministro-carlos-cuerpo-en-su-dificil-carrera-por-la-presidencia-del-eurogrupo\/\",\"name\":\"La aritm\u00e9tica se atraganta para el ministro Carlos Cuerpo en su dif\u00edcil carrera por la presidencia del Eurogrupo - vof-news.eu\",\"isPartOf\":{\"@id\":\"https:\/\/vof-news.eu\/es\/#website\"},\"primaryImageOfPage\":{\"@id\":\"https:\/\/vof-news.eu\/es\/la-aritmetica-se-atraganta-para-el-ministro-carlos-cuerpo-en-su-dificil-carrera-por-la-presidencia-del-eurogrupo\/#primaryimage\"},\"image\":{\"@id\":\"https:\/\/vof-news.eu\/es\/la-aritmetica-se-atraganta-para-el-ministro-carlos-cuerpo-en-su-dificil-carrera-por-la-presidencia-del-eurogrupo\/#primaryimage\"},\"thumbnailUrl\":\"https:\/\/vof-news.eu\/wp-content\/uploads\/2025\/07\/89749bbf-ef77-47f6-9eab-3dd4c0d1f01b_16-9-discover-aspect-ratio_default_0.jpg\",\"datePublished\":\"2025-07-07T04:19:46+00:00\",\"dateModified\":\"2025-07-07T04:20:06+00:00\",\"author\":{\"@id\":\"https:\/\/vof-news.eu\/es\/#\/schema\/person\/f6a2a4309f0561835797fd8c19b333ed\"},\"description\":\"Carlos Cuerpo llega este lunes a Bruselas sin casi probabilidades de ser elegido presidente del Eurogrupo, pero el ministro de Econom\u00eda decidi\u00f3 dar un paso al frente y postularse para liderar ese organismo, que en los \u00faltimos a\u00f1os ha perdido fuelle, y que se encarga de orientar la pol\u00edtica econ\u00f3mica de la zona euro. El actual presidente, Paschal Donohoe, parte como favorito al contar con el respaldo de sus correligionarios de la familia popular europea, que tiene un enorme peso en los gobiernos de la UE. El camino de Cuerpo se ha empinado a\u00fan m\u00e1s ante la rivalidad del ministro lituano, Rimantas \u0160ad\u017eius, tambi\u00e9n socialista, y con la inestabilidad del Gobierno de Pedro S\u00e1nchez, que no es ning\u00fan secreto para el resto de pa\u00edses europeos.\",\"breadcrumb\":{\"@id\":\"https:\/\/vof-news.eu\/es\/la-aritmetica-se-atraganta-para-el-ministro-carlos-cuerpo-en-su-dificil-carrera-por-la-presidencia-del-eurogrupo\/#breadcrumb\"},\"inLanguage\":\"es\",\"potentialAction\":[{\"@type\":\"ReadAction\",\"target\":[\"https:\/\/vof-news.eu\/es\/la-aritmetica-se-atraganta-para-el-ministro-carlos-cuerpo-en-su-dificil-carrera-por-la-presidencia-del-eurogrupo\/\"]}]},{\"@type\":\"ImageObject\",\"inLanguage\":\"es\",\"@id\":\"https:\/\/vof-news.eu\/es\/la-aritmetica-se-atraganta-para-el-ministro-carlos-cuerpo-en-su-dificil-carrera-por-la-presidencia-del-eurogrupo\/#primaryimage\",\"url\":\"https:\/\/vof-news.eu\/wp-content\/uploads\/2025\/07\/89749bbf-ef77-47f6-9eab-3dd4c0d1f01b_16-9-discover-aspect-ratio_default_0.jpg\",\"contentUrl\":\"https:\/\/vof-news.eu\/wp-content\/uploads\/2025\/07\/89749bbf-ef77-47f6-9eab-3dd4c0d1f01b_16-9-discover-aspect-ratio_default_0.jpg\",\"width\":1200,\"height\":675},{\"@type\":\"BreadcrumbList\",\"@id\":\"https:\/\/vof-news.eu\/es\/la-aritmetica-se-atraganta-para-el-ministro-carlos-cuerpo-en-su-dificil-carrera-por-la-presidencia-del-eurogrupo\/#breadcrumb\",\"itemListElement\":[{\"@type\":\"ListItem\",\"position\":1,\"name\":\"Home\",\"item\":\"https:\/\/vof-news.eu\/es\/\"},{\"@type\":\"ListItem\",\"position\":2,\"name\":\"La aritm\u00e9tica se atraganta para el ministro Carlos Cuerpo en su dif\u00edcil carrera por la presidencia del Eurogrupo\"}]},{\"@type\":\"WebSite\",\"@id\":\"https:\/\/vof-news.eu\/es\/#website\",\"url\":\"https:\/\/vof-news.eu\/es\/\",\"name\":\"vof-news.eu\",\"description\":\"\",\"potentialAction\":[{\"@type\":\"SearchAction\",\"target\":{\"@type\":\"EntryPoint\",\"urlTemplate\":\"https:\/\/vof-news.eu\/es\/?s={search_term_string}\"},\"query-input\":\"required name=search_term_string\"}],\"inLanguage\":\"es\"},{\"@type\":\"Person\",\"@id\":\"https:\/\/vof-news.eu\/es\/#\/schema\/person\/f6a2a4309f0561835797fd8c19b333ed\",\"name\":\"Author\",\"image\":{\"@type\":\"ImageObject\",\"inLanguage\":\"es\",\"@id\":\"https:\/\/vof-news.eu\/es\/#\/schema\/person\/image\/\",\"url\":\"https:\/\/secure.gravatar.com\/avatar\/b67e614b1b25b3e9c0c239efdd2fde5ab015b5affd6f1c3c85911ca4b384e790?s=96&d=mm&r=g\",\"contentUrl\":\"https:\/\/secure.gravatar.com\/avatar\/b67e614b1b25b3e9c0c239efdd2fde5ab015b5affd6f1c3c85911ca4b384e790?s=96&d=mm&r=g\",\"caption\":\"Author\"},\"sameAs\":[\"http:\/\/vof-news.eu\"],\"url\":\"https:\/\/vof-news.eu\/es\/author\/zwt6qxnjulxbnyg\/\"}]}<\/script>\n<!-- \/ Yoast SEO plugin. -->","yoast_head_json":{"title":"La aritm\u00e9tica se atraganta para el ministro Carlos Cuerpo en su dif\u00edcil carrera por la presidencia del Eurogrupo - vof-news.eu","description":"Carlos Cuerpo llega este lunes a Bruselas sin casi probabilidades de ser elegido presidente del Eurogrupo, pero el ministro de Econom\u00eda decidi\u00f3 dar un paso al frente y postularse para liderar ese organismo, que en los \u00faltimos a\u00f1os ha perdido fuelle, y que se encarga de orientar la pol\u00edtica econ\u00f3mica de la zona euro. El actual presidente, Paschal Donohoe, parte como favorito al contar con el respaldo de sus correligionarios de la familia popular europea, que tiene un enorme peso en los gobiernos de la UE. El camino de Cuerpo se ha empinado a\u00fan m\u00e1s ante la rivalidad del ministro lituano, Rimantas \u0160ad\u017eius, tambi\u00e9n socialista, y con la inestabilidad del Gobierno de Pedro S\u00e1nchez, que no es ning\u00fan secreto para el resto de pa\u00edses europeos.","robots":{"index":"noindex","follow":"follow","max-snippet":"max-snippet:-1","max-image-preview":"max-image-preview:large","max-video-preview":"max-video-preview:-1"},"og_locale":"es_ES","og_type":"article","og_title":"La aritm\u00e9tica se atraganta para el ministro Carlos Cuerpo en su dif\u00edcil carrera por la presidencia del Eurogrupo - vof-news.eu","og_description":"Carlos Cuerpo llega este lunes a Bruselas sin casi probabilidades de ser elegido presidente del Eurogrupo, pero el ministro de Econom\u00eda decidi\u00f3 dar un paso al frente y postularse para liderar ese organismo, que en los \u00faltimos a\u00f1os ha perdido fuelle, y que se encarga de orientar la pol\u00edtica econ\u00f3mica de la zona euro. El actual presidente, Paschal Donohoe, parte como favorito al contar con el respaldo de sus correligionarios de la familia popular europea, que tiene un enorme peso en los gobiernos de la UE. El camino de Cuerpo se ha empinado a\u00fan m\u00e1s ante la rivalidad del ministro lituano, Rimantas \u0160ad\u017eius, tambi\u00e9n socialista, y con la inestabilidad del Gobierno de Pedro S\u00e1nchez, que no es ning\u00fan secreto para el resto de pa\u00edses europeos.","og_url":"https:\/\/vof-news.eu\/es\/la-aritmetica-se-atraganta-para-el-ministro-carlos-cuerpo-en-su-dificil-carrera-por-la-presidencia-del-eurogrupo\/","og_site_name":"vof-news.eu","article_published_time":"2025-07-07T04:19:46+00:00","article_modified_time":"2025-07-07T04:20:06+00:00","og_image":[{"width":1200,"height":675,"url":"https:\/\/vof-news.eu\/wp-content\/uploads\/2025\/07\/89749bbf-ef77-47f6-9eab-3dd4c0d1f01b_16-9-discover-aspect-ratio_default_0.jpg","type":"image\/jpeg"}],"author":"Author","twitter_card":"summary_large_image","twitter_misc":{"Escrito por":"Author","Tiempo de lectura":"5 minutos"},"schema":{"@context":"https:\/\/schema.org","@graph":[{"@type":"WebPage","@id":"https:\/\/vof-news.eu\/es\/la-aritmetica-se-atraganta-para-el-ministro-carlos-cuerpo-en-su-dificil-carrera-por-la-presidencia-del-eurogrupo\/","url":"https:\/\/vof-news.eu\/es\/la-aritmetica-se-atraganta-para-el-ministro-carlos-cuerpo-en-su-dificil-carrera-por-la-presidencia-del-eurogrupo\/","name":"La aritm\u00e9tica se atraganta para el ministro Carlos Cuerpo en su dif\u00edcil carrera por la presidencia del Eurogrupo - vof-news.eu","isPartOf":{"@id":"https:\/\/vof-news.eu\/es\/#website"},"primaryImageOfPage":{"@id":"https:\/\/vof-news.eu\/es\/la-aritmetica-se-atraganta-para-el-ministro-carlos-cuerpo-en-su-dificil-carrera-por-la-presidencia-del-eurogrupo\/#primaryimage"},"image":{"@id":"https:\/\/vof-news.eu\/es\/la-aritmetica-se-atraganta-para-el-ministro-carlos-cuerpo-en-su-dificil-carrera-por-la-presidencia-del-eurogrupo\/#primaryimage"},"thumbnailUrl":"https:\/\/vof-news.eu\/wp-content\/uploads\/2025\/07\/89749bbf-ef77-47f6-9eab-3dd4c0d1f01b_16-9-discover-aspect-ratio_default_0.jpg","datePublished":"2025-07-07T04:19:46+00:00","dateModified":"2025-07-07T04:20:06+00:00","author":{"@id":"https:\/\/vof-news.eu\/es\/#\/schema\/person\/f6a2a4309f0561835797fd8c19b333ed"},"description":"Carlos Cuerpo llega este lunes a Bruselas sin casi probabilidades de ser elegido presidente del Eurogrupo, pero el ministro de Econom\u00eda decidi\u00f3 dar un paso al frente y postularse para liderar ese organismo, que en los \u00faltimos a\u00f1os ha perdido fuelle, y que se encarga de orientar la pol\u00edtica econ\u00f3mica de la zona euro. El actual presidente, Paschal Donohoe, parte como favorito al contar con el respaldo de sus correligionarios de la familia popular europea, que tiene un enorme peso en los gobiernos de la UE. El camino de Cuerpo se ha empinado a\u00fan m\u00e1s ante la rivalidad del ministro lituano, Rimantas \u0160ad\u017eius, tambi\u00e9n socialista, y con la inestabilidad del Gobierno de Pedro S\u00e1nchez, que no es ning\u00fan secreto para el resto de pa\u00edses europeos.","breadcrumb":{"@id":"https:\/\/vof-news.eu\/es\/la-aritmetica-se-atraganta-para-el-ministro-carlos-cuerpo-en-su-dificil-carrera-por-la-presidencia-del-eurogrupo\/#breadcrumb"},"inLanguage":"es","potentialAction":[{"@type":"ReadAction","target":["https:\/\/vof-news.eu\/es\/la-aritmetica-se-atraganta-para-el-ministro-carlos-cuerpo-en-su-dificil-carrera-por-la-presidencia-del-eurogrupo\/"]}]},{"@type":"ImageObject","inLanguage":"es","@id":"https:\/\/vof-news.eu\/es\/la-aritmetica-se-atraganta-para-el-ministro-carlos-cuerpo-en-su-dificil-carrera-por-la-presidencia-del-eurogrupo\/#primaryimage","url":"https:\/\/vof-news.eu\/wp-content\/uploads\/2025\/07\/89749bbf-ef77-47f6-9eab-3dd4c0d1f01b_16-9-discover-aspect-ratio_default_0.jpg","contentUrl":"https:\/\/vof-news.eu\/wp-content\/uploads\/2025\/07\/89749bbf-ef77-47f6-9eab-3dd4c0d1f01b_16-9-discover-aspect-ratio_default_0.jpg","width":1200,"height":675},{"@type":"BreadcrumbList","@id":"https:\/\/vof-news.eu\/es\/la-aritmetica-se-atraganta-para-el-ministro-carlos-cuerpo-en-su-dificil-carrera-por-la-presidencia-del-eurogrupo\/#breadcrumb","itemListElement":[{"@type":"ListItem","position":1,"name":"Home","item":"https:\/\/vof-news.eu\/es\/"},{"@type":"ListItem","position":2,"name":"La aritm\u00e9tica se atraganta para el ministro Carlos Cuerpo en su dif\u00edcil carrera por la presidencia del Eurogrupo"}]},{"@type":"WebSite","@id":"https:\/\/vof-news.eu\/es\/#website","url":"https:\/\/vof-news.eu\/es\/","name":"vof-news.eu","description":"","potentialAction":[{"@type":"SearchAction","target":{"@type":"EntryPoint","urlTemplate":"https:\/\/vof-news.eu\/es\/?s={search_term_string}"},"query-input":"required name=search_term_string"}],"inLanguage":"es"},{"@type":"Person","@id":"https:\/\/vof-news.eu\/es\/#\/schema\/person\/f6a2a4309f0561835797fd8c19b333ed","name":"Author","image":{"@type":"ImageObject","inLanguage":"es","@id":"https:\/\/vof-news.eu\/es\/#\/schema\/person\/image\/","url":"https:\/\/secure.gravatar.com\/avatar\/b67e614b1b25b3e9c0c239efdd2fde5ab015b5affd6f1c3c85911ca4b384e790?s=96&d=mm&r=g","contentUrl":"https:\/\/secure.gravatar.com\/avatar\/b67e614b1b25b3e9c0c239efdd2fde5ab015b5affd6f1c3c85911ca4b384e790?s=96&d=mm&r=g","caption":"Author"},"sameAs":["http:\/\/vof-news.eu"],"url":"https:\/\/vof-news.eu\/es\/author\/zwt6qxnjulxbnyg\/"}]}},"yoast_meta":{"yoast_wpseo_title":"","yoast_wpseo_metadesc":"","yoast_wpseo_canonical":""},"_links":{"self":[{"href":"https:\/\/vof-news.eu\/es\/wp-json\/wp\/v2\/posts\/248546","targetHints":{"allow":["GET"]}}],"collection":[{"href":"https:\/\/vof-news.eu\/es\/wp-json\/wp\/v2\/posts"}],"about":[{"href":"https:\/\/vof-news.eu\/es\/wp-json\/wp\/v2\/types\/post"}],"author":[{"embeddable":true,"href":"https:\/\/vof-news.eu\/es\/wp-json\/wp\/v2\/users\/1"}],"replies":[{"embeddable":true,"href":"https:\/\/vof-news.eu\/es\/wp-json\/wp\/v2\/comments?post=248546"}],"version-history":[{"count":1,"href":"https:\/\/vof-news.eu\/es\/wp-json\/wp\/v2\/posts\/248546\/revisions"}],"predecessor-version":[{"id":248553,"href":"https:\/\/vof-news.eu\/es\/wp-json\/wp\/v2\/posts\/248546\/revisions\/248553"}],"wp:featuredmedia":[{"embeddable":true,"href":"https:\/\/vof-news.eu\/es\/wp-json\/wp\/v2\/media\/248547"}],"wp:attachment":[{"href":"https:\/\/vof-news.eu\/es\/wp-json\/wp\/v2\/media?parent=248546"}],"wp:term":[{"taxonomy":"category","embeddable":true,"href":"https:\/\/vof-news.eu\/es\/wp-json\/wp\/v2\/categories?post=248546"},{"taxonomy":"post_tag","embeddable":true,"href":"https:\/\/vof-news.eu\/es\/wp-json\/wp\/v2\/tags?post=248546"}],"curies":[{"name":"wp","href":"https:\/\/api.w.org\/{rel}","templated":true}]}}