{"id":248538,"date":"2025-07-07T07:18:51","date_gmt":"2025-07-07T04:18:51","guid":{"rendered":"https:\/\/vof-news.eu\/francia-rebaja-a-85-195-euros-diarios-la-multa-que-cobra-a-espana-por-guardar-sus-residuos-nucleares\/"},"modified":"2025-07-07T07:19:19","modified_gmt":"2025-07-07T04:19:19","slug":"francia-rebaja-a-85-195-euros-diarios-la-multa-que-cobra-a-espana-por-guardar-sus-residuos-nucleares","status":"publish","type":"post","link":"https:\/\/vof-news.eu\/es\/francia-rebaja-a-85-195-euros-diarios-la-multa-que-cobra-a-espana-por-guardar-sus-residuos-nucleares\/","title":{"rendered":"Francia rebaja a 85.195 euros diarios la multa que cobra a Espa\u00f1a por guardar sus residuos nucleares"},"content":{"rendered":"<div>\n<p>\n        Francia ha rebajado por primera vez la multa diaria que cobra a Espa\u00f1a por custodiar los residuos radiactivos procedentes de la central nuclear de Vandell\u00f2s I (Tarragona), clausurada en 1989 tras un incendio.\n    <\/p>\n<p>\n        La rebaja est\u00e1 recogida en las cuentas anuales que acaba de publicar la empresa estatal Enresa, encargada de gestionar los residuos radiactivos y el desmantelamiento de las centrales nucleares.\n    <\/p>\n<p>\n        En esas cuentas, Enresa explica que el 19 de diciembre de 2024 firm\u00f3 una tercera \u201cadenda\u201d al protocolo rubricado hace casi 25 a\u00f1os, en mayo de 2001, con lo que hoy es la empresa p\u00fablica francesa Orano (antes conocida como Areva) para el retorno a Espa\u00f1a de esos residuos.\n    <\/p>\n<p>\n        Enresa no hab\u00eda informado hasta ahora de ese nuevo acuerdo firmado a finales de 2024, que implica \u201cun importe fijo\u201d para las penalizaciones en este ejercicio y el pr\u00f3ximo por no haber repatriado todav\u00eda ese material radiactivo a Espa\u00f1a. La multa a partir de este a\u00f1o ser\u00e1 \u201cde 85.195\u20ac diarios hasta el 31 de diciembre de 2026. Adem\u00e1s, establece un calendario para la devoluci\u00f3n de las cantidades abonadas hasta ese momento\u201d, explica Enresa en sus cuentas.\n    <\/p>\n<p>\n        Esa reducci\u00f3n de la multa se pact\u00f3 el d\u00eda en que se nombr\u00f3 presidenta de la sociedad estatal a Olga Garc\u00eda, ex consejera extreme\u00f1a de Transici\u00f3n Ecol\u00f3gica, tras la jubilaci\u00f3n de su antecesor, Jos\u00e9 Luis Navarro.\n    <\/p>\n<p>\n        Esos 85.195 euros diarios suponen un 2,1% menos respecto a la penalizaci\u00f3n cobrada en 2024 por Orano. Esta cifra no hab\u00eda dejado de crecer desde que en julio de 2017 entr\u00f3 en vigor el acuerdo vigente hasta ahora. El pasado ejercicio, la multa fue de 87.040,46 euros diarios, un 2,2% m\u00e1s que en 2023.\n    <\/p>\n<p>\n        Entre julio de 2017 y 2024 estas penalizaciones aumentaron un 19,1%. En l\u00ednea con la inflaci\u00f3n acumulada en Francia entre ese mes y diciembre de 2024 y por debajo de la subida de precios registrada en Espa\u00f1a en ese periodo, del 23,3%, seg\u00fan datos del Instituto Nacional de Estad\u00edstica (INE).\n    <\/p>\n<p>\n        Esta multa diaria funciona como una fianza. Cuando se devuelva el material radiactivo (la fecha prevista actualmente es 2028), Enresa recuperar\u00e1 la mayor parte del dinero pagado hasta entonces. El pasado 3 de abril, el Ministerio para la Transici\u00f3n Ecol\u00f3gica dio un paso clave para la vuelta de esos residuos, al cerrar una consulta p\u00fablica sobre el proyecto de construcci\u00f3n del Almac\u00e9n Temporal (AT) de Vandell\u00f3s I.\n    <\/p>\n<p>\n        Esa instalaci\u00f3n, cuyas obras est\u00e1 previsto que se liciten en 2026, deber\u00eda estar operativa en 2027. Su coste \u201cse conocer\u00e1 cuando se haya desarrollado la ingenier\u00eda de detalle del proyecto, en la que se trabajar\u00e1 m\u00e1s adelante\u201d, seg\u00fan inform\u00f3 en febrero el departamento de Sara Aagesen.\n    <\/p>\n<p>\n        El AT se encargar\u00e1 de almacenar durante d\u00e9cadas ese material radiactivo y los desechos procedentes de la fase m\u00e1s delicada del desmantelamiento de la central de Vandell\u00f3s I. Esta \u00faltima fase prev\u00e9 iniciarse a partir de 2030, tras m\u00e1s de tres d\u00e9cadas con el caj\u00f3n del reactor en fase de latencia, confinado bajo un enorme sarc\u00f3fago de hormig\u00f3n frente al Mediterr\u00e1neo que Enresa revisa peri\u00f3dicamente para asegurarse de que no hay fugas radiactivas.\n    <\/p>\n<p>\n        Los trabajos de desmantelamiento del caj\u00f3n del reactor se prolongar\u00e1n durante unos 15 a\u00f1os. A esos tres lustros se sumar\u00e1 un periodo de vigilancia de diez a\u00f1os. Con ello, como pronto, el emplazamiento de Vandell\u00f3s I no quedar\u00e1 liberado hasta 2055, transcurridos 66 a\u00f1os desde el cierre del reactor. No obstante, todav\u00eda quedar\u00e1 all\u00ed ese almac\u00e9n \u201ctemporal\u201d cuya construcci\u00f3n ha empezado a tramitarse este mismo a\u00f1o. Posteriormente los deschos se trasladar\u00e1n al Almac\u00e9n Geol\u00f3gico Profundo (AGP) cuya puesta en marcha est\u00e1 prevista en 2073.\n    <\/p>\n<h2>M\u00e1s de 330 millones<\/h2>\n<p>\n        Si los residuos que custodia Orano retornasen en 2028, para entonces las penalizaciones acumuladas desde 2017 habr\u00e1n superado holgadamente los 330 millones. Francia devolver\u00e1 esa suma a Enresa junto con esa basura radiactiva, descontando el coste de almacenarla desde octubre de 2015. El regreso se ha ido retrasando con los a\u00f1os. Hasta 2020, cuando el Gobierno de Pedro S\u00e1nchez todav\u00eda no hab\u00eda descartado oficialmente el proyecto del almac\u00e9n temporal centralizado (ATC) de residuos de media y baja actividad, Enresa todav\u00eda estimaba que volver\u00edan en 2023.\n    <\/p>\n<p>\n        La francesa Orano custodia esos residuos en c\u00e1psulas de acero inoxidable estandarizadas. Ocupan un volumen total de unos 13 metros c\u00fabicos, equivalente a un cubo de unos 2,35 metros de lado. El origen de esa basura t\u00f3xica est\u00e1 en la precipitada clausura de esa central tarraconense tras un incendio y la inundaci\u00f3n posterior de Vandell\u00f3s I, en el accidente nuclear m\u00e1s grave hasta la fecha en Espa\u00f1a. El cierre fue la consecuencia de las costosas medidas correctoras que exigi\u00f3 el Consejo de Seguridad Nuclear (CSN) tras las irregularidades detectadas en la central, construida en plena dictadura franquista (se inaugur\u00f3 en 1967), una \u00e9poca que un estudio reciente ha calificado como <a href=\"https:\/\/www.eldiario.es\/economia\/despegue-nuclear-franco-captura-espanol-parte-oligopolio-electrico-bancario_1_12324971.html\" rel=\"nofollow\">ejemplo de libro de \u201ccaptura regulatoria\u201d<\/a> del Estado por parte de el\u00e9ctricas y bancos.\n    <\/p>\n<p>\n        Desde el cierre de Vandell\u00f3s I, Espa\u00f1a ha tenido que abonar a Francia m\u00e1s de 760 millones por la custodia de ese material radiactivo. Tras la clausura, se firm\u00f3 un primer acuerdo con Cogema (a la postre Areva, hoy Orano) para la custodia y reprocesamiento del combustible (uranio enriquecido) a cambio de unos 250 millones que pagaron los consumidores de electricidad mediante un recargo en el recibo de la luz del 0,7%.\n    <\/p>\n<p>\n        Entonces se dio de plazo hasta el 31 de diciembre de 2010 para devolver los residuos. Pero lleg\u00f3 esa fecha y entonces, como ahora, no hab\u00eda donde guardarlos. Se fij\u00f3 una penalizaci\u00f3n de unos 65.000 euros diarios hasta que en octubre de 2012 se suscribi\u00f3 una adenda al convenio original. A cambio de retrasar la devoluci\u00f3n hasta junio de 2017 y recuperar las penalizaciones diarias devengadas hasta entonces, Enresa se comprometi\u00f3 a abonar 213 millones m\u00e1s, que inclu\u00edan el encargo a Areva de cuatro contenedores para el transporte y almacenamiento de los residuos.\n    <\/p>\n<p>\n        En 2017 ese plazo tambi\u00e9n se incumpli\u00f3. Se fij\u00f3 una nueva penalizaci\u00f3n que se ha ido revisando al alza hasta ahora, cuando va a reducirse ligeramente por primera vez. Desde 2017 la bola de nieve de las multas acumuladas ha ido creciendo hasta situarse a cierre de 2024 en 219,2 millones.\n    <\/p>\n<p>\n        La custodia de esos recipientes, que llevan a\u00f1os construidos, tampoco es gratis. En diciembre de 2018 se formaliz\u00f3 un contrato con Orano para el almacenamiento temporal de los contenedores vac\u00edos y el equipamiento auxiliar en el emplazamiento de La Hague hasta su carga. Su coste acumulado ascend\u00eda a 2,75 millones a cierre de 2024.\n    <\/p>\n<p>\n        Inicialmente, esos residuos deb\u00edan guardarse en el ATC, un mandato del Congreso de los Diputados del a\u00f1o 2004. El Gobierno del popular Mariano Rajoy intent\u00f3 ubicar esa instalaci\u00f3n en Villar de Ca\u00f1as (Cuenca). Este proyecto, que amenazaba con incurrir en sobrecostes multimillonarios por las dudas sobre la idoneidad de los terrenos elegidos, fue retras\u00e1ndose y fue descartado definitivamente a finales de 2022 por el Ejecutivo de S\u00e1nchez por la falta de consenso social para ponerlo en marcha.\n    <\/p>\n<p>\n        Las el\u00e9ctricas, a trav\u00e9s del lobby nuclear, recurrieron esa decisi\u00f3n <a href=\"https:\/\/www.eldiario.es\/economia\/nucleares-recurren-abandono-cementerio-villar-canas-nuevo-plan-residuos-radiactivos_1_10963228.html\" rel=\"nofollow\">en febrero de 2024<\/a> junto al Plan de Residuos Radiactivos que el Gobierno aprob\u00f3 en diciembre de 2023 para actualizar el anterior, caducado desde 2010. El plan contempla construir en lugar del ATC siete almacenes en los emplazamientos de las centrales, como paso intermedio para enterrar los residuos en el AGP, cuya ubicaci\u00f3n habr\u00e1 que decidir en el futuro.\n    <\/p>\n<p>\n        Ese nuevo plan tambi\u00e9n implica una fuerte subida (del 30%) de la tasa con la que los reactores financian Enresa, ante el temor de que el coste del desmantelamiento de las nucleares y el tratamiento de los residuos sea mucho mayor al esperado. Las el\u00e9ctricas que presionan para revertir el cierre de la central nuclear de Almaraz, previsto para 2027, exigen que se rebaje la tasa. El Ejecutivo <a href=\"https:\/\/www.eldiario.es\/economia\/gobierno-dice-iberdrola-endesa-plantean-alargar-nucleares-margen-naturgy_1_12381574.html\" rel=\"nofollow\">se niega porque ser\u00eda a costa del consumidor<\/a>.\n    <\/p>\n<\/div>\n","protected":false},"excerpt":{"rendered":"<p>Francia ha rebajado por primera vez la multa diaria que cobra a Espa\u00f1a por custodiar los residuos radiactivos procedentes de la central nuclear de Vandell\u00f2s I (Tarragona), clausurada en 1989 tras un incendio. La rebaja est\u00e1 recogida en las cuentas anuales que acaba de publicar la empresa estatal Enresa, encargada de gestionar los residuos radiactivos<\/p>\n","protected":false},"author":1,"featured_media":248539,"comment_status":"open","ping_status":"open","sticky":false,"template":"","format":"standard","meta":{"footnotes":""},"categories":[61],"tags":[],"class_list":["post-248538","post","type-post","status-publish","format-standard","has-post-thumbnail","hentry","category-business-es"],"acf":[],"yoast_head":"<!-- This site is optimized with the Yoast SEO plugin v22.9 - https:\/\/yoast.com\/wordpress\/plugins\/seo\/ -->\n<title>Francia rebaja a 85.195 euros diarios la multa que cobra a Espa\u00f1a por guardar sus residuos nucleares - vof-news.eu<\/title>\n<meta name=\"description\" content=\"Francia ha rebajado por primera vez la multa diaria que cobra a Espa\u00f1a por custodiar los residuos radiactivos procedentes de la central nuclear de Vandell\u00f2s I (Tarragona), clausurada en 1989 tras un incendio.\" \/>\n<meta name=\"robots\" content=\"noindex, follow, max-snippet:-1, max-image-preview:large, max-video-preview:-1\" \/>\n<meta property=\"og:locale\" content=\"es_ES\" \/>\n<meta property=\"og:type\" content=\"article\" \/>\n<meta property=\"og:title\" content=\"Francia rebaja a 85.195 euros diarios la multa que cobra a Espa\u00f1a por guardar sus residuos nucleares - vof-news.eu\" \/>\n<meta property=\"og:description\" content=\"Francia ha rebajado por primera vez la multa diaria que cobra a Espa\u00f1a por custodiar los residuos radiactivos procedentes de la central nuclear de Vandell\u00f2s I (Tarragona), clausurada en 1989 tras un incendio.\" \/>\n<meta property=\"og:url\" content=\"https:\/\/vof-news.eu\/es\/francia-rebaja-a-85-195-euros-diarios-la-multa-que-cobra-a-espana-por-guardar-sus-residuos-nucleares\/\" \/>\n<meta property=\"og:site_name\" content=\"vof-news.eu\" \/>\n<meta property=\"article:published_time\" content=\"2025-07-07T04:18:51+00:00\" \/>\n<meta property=\"article:modified_time\" content=\"2025-07-07T04:19:19+00:00\" \/>\n<meta property=\"og:image\" content=\"https:\/\/vof-news.eu\/wp-content\/uploads\/2025\/07\/2e0a35be-c2fb-421f-8e00-71c7af31eee4_16-9-discover-aspect-ratio_default_0.jpg\" \/>\n\t<meta property=\"og:image:width\" content=\"1200\" \/>\n\t<meta property=\"og:image:height\" content=\"675\" \/>\n\t<meta property=\"og:image:type\" content=\"image\/jpeg\" \/>\n<meta name=\"author\" content=\"Author\" \/>\n<meta name=\"twitter:card\" content=\"summary_large_image\" \/>\n<meta name=\"twitter:label1\" content=\"Escrito por\" \/>\n\t<meta name=\"twitter:data1\" content=\"Author\" \/>\n\t<meta name=\"twitter:label2\" content=\"Tiempo de lectura\" \/>\n\t<meta name=\"twitter:data2\" content=\"7 minutos\" \/>\n<script type=\"application\/ld+json\" class=\"yoast-schema-graph\">{\"@context\":\"https:\/\/schema.org\",\"@graph\":[{\"@type\":\"WebPage\",\"@id\":\"https:\/\/vof-news.eu\/es\/francia-rebaja-a-85-195-euros-diarios-la-multa-que-cobra-a-espana-por-guardar-sus-residuos-nucleares\/\",\"url\":\"https:\/\/vof-news.eu\/es\/francia-rebaja-a-85-195-euros-diarios-la-multa-que-cobra-a-espana-por-guardar-sus-residuos-nucleares\/\",\"name\":\"Francia rebaja a 85.195 euros diarios la multa que cobra a Espa\u00f1a por guardar sus residuos nucleares - vof-news.eu\",\"isPartOf\":{\"@id\":\"https:\/\/vof-news.eu\/es\/#website\"},\"primaryImageOfPage\":{\"@id\":\"https:\/\/vof-news.eu\/es\/francia-rebaja-a-85-195-euros-diarios-la-multa-que-cobra-a-espana-por-guardar-sus-residuos-nucleares\/#primaryimage\"},\"image\":{\"@id\":\"https:\/\/vof-news.eu\/es\/francia-rebaja-a-85-195-euros-diarios-la-multa-que-cobra-a-espana-por-guardar-sus-residuos-nucleares\/#primaryimage\"},\"thumbnailUrl\":\"https:\/\/vof-news.eu\/wp-content\/uploads\/2025\/07\/2e0a35be-c2fb-421f-8e00-71c7af31eee4_16-9-discover-aspect-ratio_default_0.jpg\",\"datePublished\":\"2025-07-07T04:18:51+00:00\",\"dateModified\":\"2025-07-07T04:19:19+00:00\",\"author\":{\"@id\":\"https:\/\/vof-news.eu\/es\/#\/schema\/person\/f6a2a4309f0561835797fd8c19b333ed\"},\"description\":\"Francia ha rebajado por primera vez la multa diaria que cobra a Espa\u00f1a por custodiar los residuos radiactivos procedentes de la central nuclear de Vandell\u00f2s I (Tarragona), clausurada en 1989 tras un incendio.\",\"breadcrumb\":{\"@id\":\"https:\/\/vof-news.eu\/es\/francia-rebaja-a-85-195-euros-diarios-la-multa-que-cobra-a-espana-por-guardar-sus-residuos-nucleares\/#breadcrumb\"},\"inLanguage\":\"es\",\"potentialAction\":[{\"@type\":\"ReadAction\",\"target\":[\"https:\/\/vof-news.eu\/es\/francia-rebaja-a-85-195-euros-diarios-la-multa-que-cobra-a-espana-por-guardar-sus-residuos-nucleares\/\"]}]},{\"@type\":\"ImageObject\",\"inLanguage\":\"es\",\"@id\":\"https:\/\/vof-news.eu\/es\/francia-rebaja-a-85-195-euros-diarios-la-multa-que-cobra-a-espana-por-guardar-sus-residuos-nucleares\/#primaryimage\",\"url\":\"https:\/\/vof-news.eu\/wp-content\/uploads\/2025\/07\/2e0a35be-c2fb-421f-8e00-71c7af31eee4_16-9-discover-aspect-ratio_default_0.jpg\",\"contentUrl\":\"https:\/\/vof-news.eu\/wp-content\/uploads\/2025\/07\/2e0a35be-c2fb-421f-8e00-71c7af31eee4_16-9-discover-aspect-ratio_default_0.jpg\",\"width\":1200,\"height\":675},{\"@type\":\"BreadcrumbList\",\"@id\":\"https:\/\/vof-news.eu\/es\/francia-rebaja-a-85-195-euros-diarios-la-multa-que-cobra-a-espana-por-guardar-sus-residuos-nucleares\/#breadcrumb\",\"itemListElement\":[{\"@type\":\"ListItem\",\"position\":1,\"name\":\"Home\",\"item\":\"https:\/\/vof-news.eu\/es\/\"},{\"@type\":\"ListItem\",\"position\":2,\"name\":\"Francia rebaja a 85.195 euros diarios la multa que cobra a Espa\u00f1a por guardar sus residuos nucleares\"}]},{\"@type\":\"WebSite\",\"@id\":\"https:\/\/vof-news.eu\/es\/#website\",\"url\":\"https:\/\/vof-news.eu\/es\/\",\"name\":\"vof-news.eu\",\"description\":\"\",\"potentialAction\":[{\"@type\":\"SearchAction\",\"target\":{\"@type\":\"EntryPoint\",\"urlTemplate\":\"https:\/\/vof-news.eu\/es\/?s={search_term_string}\"},\"query-input\":\"required name=search_term_string\"}],\"inLanguage\":\"es\"},{\"@type\":\"Person\",\"@id\":\"https:\/\/vof-news.eu\/es\/#\/schema\/person\/f6a2a4309f0561835797fd8c19b333ed\",\"name\":\"Author\",\"image\":{\"@type\":\"ImageObject\",\"inLanguage\":\"es\",\"@id\":\"https:\/\/vof-news.eu\/es\/#\/schema\/person\/image\/\",\"url\":\"https:\/\/secure.gravatar.com\/avatar\/b67e614b1b25b3e9c0c239efdd2fde5ab015b5affd6f1c3c85911ca4b384e790?s=96&d=mm&r=g\",\"contentUrl\":\"https:\/\/secure.gravatar.com\/avatar\/b67e614b1b25b3e9c0c239efdd2fde5ab015b5affd6f1c3c85911ca4b384e790?s=96&d=mm&r=g\",\"caption\":\"Author\"},\"sameAs\":[\"http:\/\/vof-news.eu\"],\"url\":\"https:\/\/vof-news.eu\/es\/author\/zwt6qxnjulxbnyg\/\"}]}<\/script>\n<!-- \/ Yoast SEO plugin. -->","yoast_head_json":{"title":"Francia rebaja a 85.195 euros diarios la multa que cobra a Espa\u00f1a por guardar sus residuos nucleares - vof-news.eu","description":"Francia ha rebajado por primera vez la multa diaria que cobra a Espa\u00f1a por custodiar los residuos radiactivos procedentes de la central nuclear de Vandell\u00f2s I (Tarragona), clausurada en 1989 tras un incendio.","robots":{"index":"noindex","follow":"follow","max-snippet":"max-snippet:-1","max-image-preview":"max-image-preview:large","max-video-preview":"max-video-preview:-1"},"og_locale":"es_ES","og_type":"article","og_title":"Francia rebaja a 85.195 euros diarios la multa que cobra a Espa\u00f1a por guardar sus residuos nucleares - vof-news.eu","og_description":"Francia ha rebajado por primera vez la multa diaria que cobra a Espa\u00f1a por custodiar los residuos radiactivos procedentes de la central nuclear de Vandell\u00f2s I (Tarragona), clausurada en 1989 tras un incendio.","og_url":"https:\/\/vof-news.eu\/es\/francia-rebaja-a-85-195-euros-diarios-la-multa-que-cobra-a-espana-por-guardar-sus-residuos-nucleares\/","og_site_name":"vof-news.eu","article_published_time":"2025-07-07T04:18:51+00:00","article_modified_time":"2025-07-07T04:19:19+00:00","og_image":[{"width":1200,"height":675,"url":"https:\/\/vof-news.eu\/wp-content\/uploads\/2025\/07\/2e0a35be-c2fb-421f-8e00-71c7af31eee4_16-9-discover-aspect-ratio_default_0.jpg","type":"image\/jpeg"}],"author":"Author","twitter_card":"summary_large_image","twitter_misc":{"Escrito por":"Author","Tiempo de lectura":"7 minutos"},"schema":{"@context":"https:\/\/schema.org","@graph":[{"@type":"WebPage","@id":"https:\/\/vof-news.eu\/es\/francia-rebaja-a-85-195-euros-diarios-la-multa-que-cobra-a-espana-por-guardar-sus-residuos-nucleares\/","url":"https:\/\/vof-news.eu\/es\/francia-rebaja-a-85-195-euros-diarios-la-multa-que-cobra-a-espana-por-guardar-sus-residuos-nucleares\/","name":"Francia rebaja a 85.195 euros diarios la multa que cobra a Espa\u00f1a por guardar sus residuos nucleares - vof-news.eu","isPartOf":{"@id":"https:\/\/vof-news.eu\/es\/#website"},"primaryImageOfPage":{"@id":"https:\/\/vof-news.eu\/es\/francia-rebaja-a-85-195-euros-diarios-la-multa-que-cobra-a-espana-por-guardar-sus-residuos-nucleares\/#primaryimage"},"image":{"@id":"https:\/\/vof-news.eu\/es\/francia-rebaja-a-85-195-euros-diarios-la-multa-que-cobra-a-espana-por-guardar-sus-residuos-nucleares\/#primaryimage"},"thumbnailUrl":"https:\/\/vof-news.eu\/wp-content\/uploads\/2025\/07\/2e0a35be-c2fb-421f-8e00-71c7af31eee4_16-9-discover-aspect-ratio_default_0.jpg","datePublished":"2025-07-07T04:18:51+00:00","dateModified":"2025-07-07T04:19:19+00:00","author":{"@id":"https:\/\/vof-news.eu\/es\/#\/schema\/person\/f6a2a4309f0561835797fd8c19b333ed"},"description":"Francia ha rebajado por primera vez la multa diaria que cobra a Espa\u00f1a por custodiar los residuos radiactivos procedentes de la central nuclear de Vandell\u00f2s I (Tarragona), clausurada en 1989 tras un incendio.","breadcrumb":{"@id":"https:\/\/vof-news.eu\/es\/francia-rebaja-a-85-195-euros-diarios-la-multa-que-cobra-a-espana-por-guardar-sus-residuos-nucleares\/#breadcrumb"},"inLanguage":"es","potentialAction":[{"@type":"ReadAction","target":["https:\/\/vof-news.eu\/es\/francia-rebaja-a-85-195-euros-diarios-la-multa-que-cobra-a-espana-por-guardar-sus-residuos-nucleares\/"]}]},{"@type":"ImageObject","inLanguage":"es","@id":"https:\/\/vof-news.eu\/es\/francia-rebaja-a-85-195-euros-diarios-la-multa-que-cobra-a-espana-por-guardar-sus-residuos-nucleares\/#primaryimage","url":"https:\/\/vof-news.eu\/wp-content\/uploads\/2025\/07\/2e0a35be-c2fb-421f-8e00-71c7af31eee4_16-9-discover-aspect-ratio_default_0.jpg","contentUrl":"https:\/\/vof-news.eu\/wp-content\/uploads\/2025\/07\/2e0a35be-c2fb-421f-8e00-71c7af31eee4_16-9-discover-aspect-ratio_default_0.jpg","width":1200,"height":675},{"@type":"BreadcrumbList","@id":"https:\/\/vof-news.eu\/es\/francia-rebaja-a-85-195-euros-diarios-la-multa-que-cobra-a-espana-por-guardar-sus-residuos-nucleares\/#breadcrumb","itemListElement":[{"@type":"ListItem","position":1,"name":"Home","item":"https:\/\/vof-news.eu\/es\/"},{"@type":"ListItem","position":2,"name":"Francia rebaja a 85.195 euros diarios la multa que cobra a Espa\u00f1a por guardar sus residuos nucleares"}]},{"@type":"WebSite","@id":"https:\/\/vof-news.eu\/es\/#website","url":"https:\/\/vof-news.eu\/es\/","name":"vof-news.eu","description":"","potentialAction":[{"@type":"SearchAction","target":{"@type":"EntryPoint","urlTemplate":"https:\/\/vof-news.eu\/es\/?s={search_term_string}"},"query-input":"required name=search_term_string"}],"inLanguage":"es"},{"@type":"Person","@id":"https:\/\/vof-news.eu\/es\/#\/schema\/person\/f6a2a4309f0561835797fd8c19b333ed","name":"Author","image":{"@type":"ImageObject","inLanguage":"es","@id":"https:\/\/vof-news.eu\/es\/#\/schema\/person\/image\/","url":"https:\/\/secure.gravatar.com\/avatar\/b67e614b1b25b3e9c0c239efdd2fde5ab015b5affd6f1c3c85911ca4b384e790?s=96&d=mm&r=g","contentUrl":"https:\/\/secure.gravatar.com\/avatar\/b67e614b1b25b3e9c0c239efdd2fde5ab015b5affd6f1c3c85911ca4b384e790?s=96&d=mm&r=g","caption":"Author"},"sameAs":["http:\/\/vof-news.eu"],"url":"https:\/\/vof-news.eu\/es\/author\/zwt6qxnjulxbnyg\/"}]}},"yoast_meta":{"yoast_wpseo_title":"","yoast_wpseo_metadesc":"","yoast_wpseo_canonical":""},"_links":{"self":[{"href":"https:\/\/vof-news.eu\/es\/wp-json\/wp\/v2\/posts\/248538","targetHints":{"allow":["GET"]}}],"collection":[{"href":"https:\/\/vof-news.eu\/es\/wp-json\/wp\/v2\/posts"}],"about":[{"href":"https:\/\/vof-news.eu\/es\/wp-json\/wp\/v2\/types\/post"}],"author":[{"embeddable":true,"href":"https:\/\/vof-news.eu\/es\/wp-json\/wp\/v2\/users\/1"}],"replies":[{"embeddable":true,"href":"https:\/\/vof-news.eu\/es\/wp-json\/wp\/v2\/comments?post=248538"}],"version-history":[{"count":1,"href":"https:\/\/vof-news.eu\/es\/wp-json\/wp\/v2\/posts\/248538\/revisions"}],"predecessor-version":[{"id":248545,"href":"https:\/\/vof-news.eu\/es\/wp-json\/wp\/v2\/posts\/248538\/revisions\/248545"}],"wp:featuredmedia":[{"embeddable":true,"href":"https:\/\/vof-news.eu\/es\/wp-json\/wp\/v2\/media\/248539"}],"wp:attachment":[{"href":"https:\/\/vof-news.eu\/es\/wp-json\/wp\/v2\/media?parent=248538"}],"wp:term":[{"taxonomy":"category","embeddable":true,"href":"https:\/\/vof-news.eu\/es\/wp-json\/wp\/v2\/categories?post=248538"},{"taxonomy":"post_tag","embeddable":true,"href":"https:\/\/vof-news.eu\/es\/wp-json\/wp\/v2\/tags?post=248538"}],"curies":[{"name":"wp","href":"https:\/\/api.w.org\/{rel}","templated":true}]}}