{"id":248522,"date":"2025-07-07T07:17:10","date_gmt":"2025-07-07T04:17:10","guid":{"rendered":"https:\/\/vof-news.eu\/ayuso-intenta-aplacar-las-protestas-sociales-con-varias-modificaciones-legales\/"},"modified":"2025-07-07T07:17:30","modified_gmt":"2025-07-07T04:17:30","slug":"ayuso-intenta-aplacar-las-protestas-sociales-con-varias-modificaciones-legales","status":"publish","type":"post","link":"https:\/\/vof-news.eu\/es\/ayuso-intenta-aplacar-las-protestas-sociales-con-varias-modificaciones-legales\/","title":{"rendered":"Ayuso intenta aplacar las protestas sociales con varias modificaciones legales"},"content":{"rendered":"<div>\n<p>\n        Ya sea como disposici\u00f3n adicional en un convenio, o como r\u00e9gimen sancionador ante las protestas dentro de las universidades en una ley. La idea de castigar la movilizaci\u00f3n social por parte de la Comunidad de Madrid ha quedado patente en los \u00faltimos d\u00edas. El Ejecutivo presidido por Isabel D\u00edaz Ayuso ha intentado limitar la acci\u00f3n sindical de los bomberos de la regi\u00f3n, aunque la movilizaci\u00f3n consigui\u00f3 aplacar la proposici\u00f3n. Ahora es la comunidad universitaria la que se revuelve contra las elevadas penas que propone el Gobierno madrile\u00f1o. Colgar una pancarta en una facultad puede suponer 15.000 euros de multa.\n    <\/p>\n<p>\n        A ojos del delegado sindical de CCOO en Bomberos Comunidad de Madrid, Jorge Escribano, lo alarmante no es solo la inclusi\u00f3n de cl\u00e1usulas que restringen el derecho a la protesta, sino la forma en la que la Administraci\u00f3n ha intentado que se aprueben. En su caso concreto de negociaci\u00f3n del convenio, \u201cexist\u00eda un preacuerdo ya firmado entre las partes. De repente, el viernes a \u00faltima hora de la ma\u00f1ana proponen otro con esta disposici\u00f3n adicional, y nos dicen que el lunes tiene que ser la firma. Lo hacen de tal forma que si no est\u00e1s muy atento, a lo mejor no te das cuenta de lo que pretenden\u201d, defiende.\n    <\/p>\n<p>\n        Se trataba de la disposici\u00f3n adicional tercera, denominada \u201ccl\u00e1usula de garant\u00eda\u201d. \u201cLas organizaciones sindicales que suscriben el presente acuerdo se comprometen a no promover durante toda su vigencia (&#8230;) huelgas, concentraciones, manifestaciones, campa\u00f1as o cualquier otra medida de conflicto colectivo que tenga como finalidad la modificaci\u00f3n de lo acordado\u201d, rezaba.\n    <\/p>\n<p>\n        Escribano recuerda que no es la primera vez que la Comunidad de Madrid intenta realizar este movimiento. \u201cEn el acuerdo sectorial de Servicios ya quisieron introducir este apartado con la finalidad de amedrentarnos, as\u00ed que sab\u00edamos nuestra posici\u00f3n. Era una l\u00ednea roja para todos los sindicatos\u201d, afirma. Y as\u00ed sucedi\u00f3: CSIF, CSIT, CCOO y UGT decidieron hacer frente a este intento de devaluar la acci\u00f3n sindical, tal y como el sindicalista lo define, realizando las protestas que pretend\u00edan acallar.\n    <\/p>\n<p>\n        \u201cNos concentramos durante la firma del convenio, que al final se modific\u00f3, a las puertas de la Consejer\u00eda de Hacienda. Tambi\u00e9n quemamos pal\u00e9s y maderas en el \u00faltimo piso de las torres de cada parque de bomberos, lo que dio una imagen de unidad en la acci\u00f3n sindical, y los compa\u00f1eros forestales se negaron a hacer sus guardias extraordinarias\u201d, desarrolla el sindicalista de CCOO.\n    <\/p>\n<h2><strong>Advertencia a otros gremios<\/strong><\/h2>\n<p>\n        El delegado sindical de UGT Bomberos Comunidad de Madrid, V\u00edctor Monedero, afirma: \u201cLlevan tiempo intentando reducir nuestro derecho a manifestarnos\u201d. Desde su punto de vista, esto supone un intento de \u201climitar que salgamos a la calle y luchemos por nuestros derechos\u201d. \u201cEs una realidad que quieren limitar el derecho sindical\u201d, a\u00f1ade. Se congratula de que la presi\u00f3n y la movilizaci\u00f3n hayan conseguido echar para atr\u00e1s la disposici\u00f3n, pero s\u00ed resalta que en 12 a\u00f1os como delegado nunca hab\u00eda visto este tipo de movimientos por parte de la Administraci\u00f3n, y \u201cson muy peligrosos\u201d, enfatiza.\n    <\/p>\n<p>\n        Monedero advierte a otros gremios que esta parece ser la t\u00f3nica general marcada por la Comunidad de Madrid. \u201cEn dos negociaciones que hemos tenido, dos ocasiones que lo han intentado. Que tengan mucho ojo, porque encima juegan con que es verano, empieza a haber poca gente en estas fechas, y su forma de actuar da que pensar\u201d, indica.\n    <\/p>\n<h2><strong>Revuelta ante las multas en la universidad<\/strong><\/h2>\n<p>\n        Si hace unos d\u00edas el Ejecutivo liderado por Isabel D\u00edaz Ayuso intentaba limitar la acci\u00f3n sindical de los bomberos de la regi\u00f3n, mucho m\u00e1s severo es el reglamento sancionador introducido en el borrador que todav\u00eda se debate de la pr\u00f3xima Ley de Universidades ante cualquier tipo de protestas en los campus. Las infracciones se dividen entre leves, graves y muy graves. Colocar una pancarta sin autorizaci\u00f3n, por ejemplo, supondr\u00eda incurrir en la primera de ellas, castigada con multas de hasta 15.000 euros.\n    <\/p>\n<p>\n        El documento que todav\u00eda se debate tambi\u00e9n establece como infracciones graves acciones como ocupar cualquier lugar del campus o que se impida el acceso a los mismos, al igual que \u201cpermitir que las manifestaciones o acciones no autorizadas o comunicadas impidan el libre y pac\u00edfico ejercicio de las manifestaciones o actividades que s\u00ed han sido debidamente autorizadas o comunicadas dentro del campus\u201d, cuyas multas ascender\u00edan a los 100.000 euros. Las muy graves est\u00e1n penadas con hasta un mill\u00f3n de euros, entre las que se encuentran acciones como \u201cel inicio, ejercicio o cese de una actividad de educaci\u00f3n superior sin contar con autorizaci\u00f3n\u201d, as\u00ed como el incumplimiento de la Constituci\u00f3n.\n    <\/p>\n<h2><strong>Acallar las futuras protestas<\/strong><\/h2>\n<p>\n        A pesar de que el borrador todav\u00eda se debate, profesorado y estudiantado universitario ya han mostrado su m\u00e1s profundo rechazo a este r\u00e9gimen sancionador. Amelia Sanz, integrante de la Plataforma en Defensa de la Universidad P\u00fablica en la Universidad Carlos III de Madrid (UC3M), sostiene que \u201cesto confirma la tendencia y el avance hacia la represi\u00f3n del movimiento estudiantil y la criminalizaci\u00f3n de la protesta\u201d.\n    <\/p>\n<p>\n        Esta Plataforma ha llevado a cabo en los \u00faltimos meses algunas protestas que ahora estar\u00edan penadas con miles de euros, tales como colgar pancartas de las facultades y ocupar una de ellas por la noche previamente a una jornada de huelga. Sin embargo, Sanz recalca que la futura Ley, cuyo borrador no ha sido consensuado con la comunidad educativa, tambi\u00e9n es lesiva para con la calidad universitaria debido a la infrafinanciaci\u00f3n que sufrir\u00edan las universidades p\u00fablicas.\n    <\/p>\n<p>\n        Este hecho entronca directamente con el aumento de la represi\u00f3n, recalca la miembro de la UC3M: \u201cLa ley empeora las condiciones laborales del profesorado, lo que redunda en el estudiantado. Aumentar la represi\u00f3n es una forma de armarse frente a las protestas que puedan llegar, todo est\u00e1 relacionado\u201d, sostiene. Por el momento, la Plataforma aspira a incorporar m\u00e1s sectores y capas de la comunidad educativa para \u201chacer frente de manera organizada a su pretensi\u00f3n de expulsar a la clase obrera de la universidad y que tampoco se pueda protestar por ello\u201d, en palabras de Sanz.\n    <\/p>\n<h2><strong>La deriva \u201ctrumpista\u201d de Ayuso<\/strong><\/h2>\n<p>\n        El secretario del sector de Ense\u00f1anza de UGT Servicios P\u00fablicos en la Comunidad de Madrid, Javier Becerra, apunta que \u201cquieren unos campus adoctrinados, en los que no exista la posibilidad de tener un pensamiento ideol\u00f3gico contrario al que defiende el actual Gobierno regional\u201d. Este sindicalista defiende la universidad como \u201cun foro cr\u00edtico, con diversidad de opiniones\u201d, que se acabar\u00eda si el r\u00e9gimen sancionador que se debate saliese adelante.\n    <\/p>\n<p>\n        Becerra se\u00f1ala que \u201cbajo el paradigma de hacer m\u00e1s libres las universidades, lo que van a conseguir es limitar la libertad\u201d. Adem\u00e1s, admite que no se esperaban un r\u00e9gimen sancionador tan duro. \u201cApuntan a donde realmente le duele a la gente, a su bolsillo\u201d, a\u00f1ade.\n    <\/p>\n<p>\n        Por otro lado, recuerda c\u00f3mo la universidad ha sido hist\u00f3ricamente el epicentro de muchas luchas sociales que han conseguido la posterior apertura de la sociedad hacia esas ideas que bull\u00edan en las aulas y los campus. Lo ejemplifica con el sistema de becas, que \u201cse consigui\u00f3 con protestas\u201d, al igual que la total libertad de c\u00e1tedra. Y va m\u00e1s all\u00e1. \u201cLos campamentos en la Universidad Complutense (UCM) por Palestina han puesto de relieve que en el mundo se est\u00e1 cometiendo un genocidio y la sociedad tiene ah\u00ed un punto de referencia en el que mostrar su conciencia\u201d, ilustra.\n    <\/p>\n<p>\n        Francisca G\u00f3mez, responsable de Pol\u00edticas Sociales y Diversidad por parte de CCOO en la Comunidad, tilda de \u201cderiva trumpista de Ayuso\u201d el \u201chostigamiento que hace a la universidad p\u00fablica\u201d. Opina que unas sanciones tan severas eran esperables. \u201cEncima las dirigen a una poblaci\u00f3n estudiante, que ni siquiera es en muchos casos trabajadora, que tiene poco dinero\u201d, incide. \u201cEl Gobierno quiere amordazar a la comunidad educativa, por eso pretenden regularizar un sistema opresor tan duro que impida las movilizaciones\u201d, expresa.\n    <\/p>\n<p>\n        Esta sindicalista argumenta que el r\u00e9gimen sancionador atenta contra derechos fundamentales, por lo que desde CCOO y otros sindicatos tambi\u00e9n valoran la posibilidad de intentar frenar la Ley desde los tribunales. \u201cVan a consolidar la infrafinanciaci\u00f3n que ya sufren las universidades, y adem\u00e1s quieren imponer castigos totalmente desproporcionados para aquellos que luchen por revertirlo\u201d, resume su postura.\n    <\/p>\n<h2><strong>Contra la \u201cmordaza universitaria\u201d<\/strong><\/h2>\n<p>\n        Gabriel Moya, portavoz del Sindicato de Estudiantes en Madrid y portavoz del colectivo en la UCM, subraya que tambi\u00e9n se esperaban sanciones tan elevadas. \u201cSaben que se enfrentar\u00e1n a un periodo de movilizaciones fuertes contra su pol\u00edtica de destrucci\u00f3n de los servicios p\u00fablicos, as\u00ed que se intentan blindar contra todos aquellos que la haremos frente\u201d, abunda.\n    <\/p>\n<p>\n        Desde esta organizaci\u00f3n se refieren a la Ley como una \u201cmordaza universitaria\u201d, ya que entienden que \u201cla posibilidad de que te multen con tal cantidad de dinero supone prohibir la protesta en la universidad, arrinconarnos y asustarnos, intentar que dejemos de expresarnos pol\u00edticamente\u201d. Moya es claro ante lo que har\u00e1 el Sindicato de Estudiantes frente a ello: \u201cNo nos achantaremos. Bajo ning\u00fan concepto vamos a dejar de manifestarnos en los campus. Colgaremos muchas m\u00e1s pancartas y saldremos a la calle mucho m\u00e1s que antes\u201d.\n    <\/p>\n<p>\n        El Sindicato de Estudiantes, por su parte, describe como \u201cgrandes c\u00f3mplices\u201d a los rectores de las universidades p\u00fablicas madrile\u00f1as. \u201cLes vemos dispuestos a irse de viaje a Miami para hacer una foto con Ayuso y blanquear su imagen ante la destrucci\u00f3n de la universidad p\u00fablica y el aumento de la represi\u00f3n\u201d, denuncia Moya.\n    <\/p>\n<h2><strong>Negociaci\u00f3n con los rectores<\/strong><\/h2>\n<p>\n        La presidenta regional asegur\u00f3 que debatir\u00e1 la futura Ley de Universidades con los rectores, quienes en un primer momento se han mostrado en contra del castigo tan duro que recibir\u00edan las protestas en los campus. Desde la UCM aseguran a \u201cel r\u00e9gimen sancionador propuesto es, sin duda, uno de los puntos que se est\u00e1 examinando con especial atenci\u00f3n\u201d.\n    <\/p>\n<p>\n        Esta instituci\u00f3n acad\u00e9mica afirma que \u201cdefendemos que la universidad debe seguir siendo un espacio de di\u00e1logo, pensamiento cr\u00edtico y libertad de expresi\u00f3n\u201d, y que actualmente est\u00e1n \u201cen conversaciones con la Comunidad de Madrid para expresar nuestras preocupaciones y plantear propuestas, en un clima de di\u00e1logo que esperamos permita ajustar el texto final de la ley de forma consensuada y respetuosa con los principios fundamentales de la instituci\u00f3n universitaria\u201d.\n    <\/p>\n<\/div>\n","protected":false},"excerpt":{"rendered":"<p>Ya sea como disposici\u00f3n adicional en un convenio, o como r\u00e9gimen sancionador ante las protestas dentro de las universidades en una ley. La idea de castigar la movilizaci\u00f3n social por parte de la Comunidad de Madrid ha quedado patente en los \u00faltimos d\u00edas. El Ejecutivo presidido por Isabel D\u00edaz Ayuso ha intentado limitar la acci\u00f3n<\/p>\n","protected":false},"author":1,"featured_media":248523,"comment_status":"open","ping_status":"open","sticky":false,"template":"","format":"standard","meta":{"footnotes":""},"categories":[71],"tags":[],"class_list":["post-248522","post","type-post","status-publish","format-standard","has-post-thumbnail","hentry","category-politics-es"],"acf":[],"yoast_head":"<!-- This site is optimized with the Yoast SEO plugin v22.9 - https:\/\/yoast.com\/wordpress\/plugins\/seo\/ -->\n<title>Ayuso intenta aplacar las protestas sociales con varias modificaciones legales - vof-news.eu<\/title>\n<meta name=\"description\" content=\"Ya sea como disposici\u00f3n adicional en un convenio, o como r\u00e9gimen sancionador ante las protestas dentro de las universidades en una ley. La idea de castigar la movilizaci\u00f3n social por parte de la Comunidad de Madrid ha quedado patente en los \u00faltimos d\u00edas. El Ejecutivo presidido por Isabel D\u00edaz Ayuso ha intentado limitar la acci\u00f3n sindical de los bomberos de la regi\u00f3n, aunque la movilizaci\u00f3n consigui\u00f3 aplacar la proposici\u00f3n. Ahora es la comunidad universitaria la que se revuelve contra las elevadas penas que propone el Gobierno madrile\u00f1o. Colgar una pancarta en una facultad puede suponer 15.000 euros de multa.\" \/>\n<meta name=\"robots\" content=\"noindex, follow, max-snippet:-1, max-image-preview:large, max-video-preview:-1\" \/>\n<meta property=\"og:locale\" content=\"es_ES\" \/>\n<meta property=\"og:type\" content=\"article\" \/>\n<meta property=\"og:title\" content=\"Ayuso intenta aplacar las protestas sociales con varias modificaciones legales - vof-news.eu\" \/>\n<meta property=\"og:description\" content=\"Ya sea como disposici\u00f3n adicional en un convenio, o como r\u00e9gimen sancionador ante las protestas dentro de las universidades en una ley. La idea de castigar la movilizaci\u00f3n social por parte de la Comunidad de Madrid ha quedado patente en los \u00faltimos d\u00edas. El Ejecutivo presidido por Isabel D\u00edaz Ayuso ha intentado limitar la acci\u00f3n sindical de los bomberos de la regi\u00f3n, aunque la movilizaci\u00f3n consigui\u00f3 aplacar la proposici\u00f3n. Ahora es la comunidad universitaria la que se revuelve contra las elevadas penas que propone el Gobierno madrile\u00f1o. Colgar una pancarta en una facultad puede suponer 15.000 euros de multa.\" \/>\n<meta property=\"og:url\" content=\"https:\/\/vof-news.eu\/es\/ayuso-intenta-aplacar-las-protestas-sociales-con-varias-modificaciones-legales\/\" \/>\n<meta property=\"og:site_name\" content=\"vof-news.eu\" \/>\n<meta property=\"article:published_time\" content=\"2025-07-07T04:17:10+00:00\" \/>\n<meta property=\"article:modified_time\" content=\"2025-07-07T04:17:30+00:00\" \/>\n<meta property=\"og:image\" content=\"https:\/\/vof-news.eu\/wp-content\/uploads\/2025\/07\/715182ef-3a44-4ac9-8f5d-788abc69a7ae_16-9-discover-aspect-ratio_default_0.jpg\" \/>\n\t<meta property=\"og:image:width\" content=\"1200\" \/>\n\t<meta property=\"og:image:height\" content=\"675\" \/>\n\t<meta property=\"og:image:type\" content=\"image\/jpeg\" \/>\n<meta name=\"author\" content=\"Author\" \/>\n<meta name=\"twitter:card\" content=\"summary_large_image\" \/>\n<meta name=\"twitter:label1\" content=\"Escrito por\" \/>\n\t<meta name=\"twitter:data1\" content=\"Author\" \/>\n\t<meta name=\"twitter:label2\" content=\"Tiempo de lectura\" \/>\n\t<meta name=\"twitter:data2\" content=\"9 minutos\" \/>\n<script type=\"application\/ld+json\" class=\"yoast-schema-graph\">{\"@context\":\"https:\/\/schema.org\",\"@graph\":[{\"@type\":\"WebPage\",\"@id\":\"https:\/\/vof-news.eu\/es\/ayuso-intenta-aplacar-las-protestas-sociales-con-varias-modificaciones-legales\/\",\"url\":\"https:\/\/vof-news.eu\/es\/ayuso-intenta-aplacar-las-protestas-sociales-con-varias-modificaciones-legales\/\",\"name\":\"Ayuso intenta aplacar las protestas sociales con varias modificaciones legales - vof-news.eu\",\"isPartOf\":{\"@id\":\"https:\/\/vof-news.eu\/es\/#website\"},\"primaryImageOfPage\":{\"@id\":\"https:\/\/vof-news.eu\/es\/ayuso-intenta-aplacar-las-protestas-sociales-con-varias-modificaciones-legales\/#primaryimage\"},\"image\":{\"@id\":\"https:\/\/vof-news.eu\/es\/ayuso-intenta-aplacar-las-protestas-sociales-con-varias-modificaciones-legales\/#primaryimage\"},\"thumbnailUrl\":\"https:\/\/vof-news.eu\/wp-content\/uploads\/2025\/07\/715182ef-3a44-4ac9-8f5d-788abc69a7ae_16-9-discover-aspect-ratio_default_0.jpg\",\"datePublished\":\"2025-07-07T04:17:10+00:00\",\"dateModified\":\"2025-07-07T04:17:30+00:00\",\"author\":{\"@id\":\"https:\/\/vof-news.eu\/es\/#\/schema\/person\/f6a2a4309f0561835797fd8c19b333ed\"},\"description\":\"Ya sea como disposici\u00f3n adicional en un convenio, o como r\u00e9gimen sancionador ante las protestas dentro de las universidades en una ley. La idea de castigar la movilizaci\u00f3n social por parte de la Comunidad de Madrid ha quedado patente en los \u00faltimos d\u00edas. El Ejecutivo presidido por Isabel D\u00edaz Ayuso ha intentado limitar la acci\u00f3n sindical de los bomberos de la regi\u00f3n, aunque la movilizaci\u00f3n consigui\u00f3 aplacar la proposici\u00f3n. Ahora es la comunidad universitaria la que se revuelve contra las elevadas penas que propone el Gobierno madrile\u00f1o. Colgar una pancarta en una facultad puede suponer 15.000 euros de multa.\",\"breadcrumb\":{\"@id\":\"https:\/\/vof-news.eu\/es\/ayuso-intenta-aplacar-las-protestas-sociales-con-varias-modificaciones-legales\/#breadcrumb\"},\"inLanguage\":\"es\",\"potentialAction\":[{\"@type\":\"ReadAction\",\"target\":[\"https:\/\/vof-news.eu\/es\/ayuso-intenta-aplacar-las-protestas-sociales-con-varias-modificaciones-legales\/\"]}]},{\"@type\":\"ImageObject\",\"inLanguage\":\"es\",\"@id\":\"https:\/\/vof-news.eu\/es\/ayuso-intenta-aplacar-las-protestas-sociales-con-varias-modificaciones-legales\/#primaryimage\",\"url\":\"https:\/\/vof-news.eu\/wp-content\/uploads\/2025\/07\/715182ef-3a44-4ac9-8f5d-788abc69a7ae_16-9-discover-aspect-ratio_default_0.jpg\",\"contentUrl\":\"https:\/\/vof-news.eu\/wp-content\/uploads\/2025\/07\/715182ef-3a44-4ac9-8f5d-788abc69a7ae_16-9-discover-aspect-ratio_default_0.jpg\",\"width\":1200,\"height\":675},{\"@type\":\"BreadcrumbList\",\"@id\":\"https:\/\/vof-news.eu\/es\/ayuso-intenta-aplacar-las-protestas-sociales-con-varias-modificaciones-legales\/#breadcrumb\",\"itemListElement\":[{\"@type\":\"ListItem\",\"position\":1,\"name\":\"Home\",\"item\":\"https:\/\/vof-news.eu\/es\/\"},{\"@type\":\"ListItem\",\"position\":2,\"name\":\"Ayuso intenta aplacar las protestas sociales con varias modificaciones legales\"}]},{\"@type\":\"WebSite\",\"@id\":\"https:\/\/vof-news.eu\/es\/#website\",\"url\":\"https:\/\/vof-news.eu\/es\/\",\"name\":\"vof-news.eu\",\"description\":\"\",\"potentialAction\":[{\"@type\":\"SearchAction\",\"target\":{\"@type\":\"EntryPoint\",\"urlTemplate\":\"https:\/\/vof-news.eu\/es\/?s={search_term_string}\"},\"query-input\":\"required name=search_term_string\"}],\"inLanguage\":\"es\"},{\"@type\":\"Person\",\"@id\":\"https:\/\/vof-news.eu\/es\/#\/schema\/person\/f6a2a4309f0561835797fd8c19b333ed\",\"name\":\"Author\",\"image\":{\"@type\":\"ImageObject\",\"inLanguage\":\"es\",\"@id\":\"https:\/\/vof-news.eu\/es\/#\/schema\/person\/image\/\",\"url\":\"https:\/\/secure.gravatar.com\/avatar\/b67e614b1b25b3e9c0c239efdd2fde5ab015b5affd6f1c3c85911ca4b384e790?s=96&d=mm&r=g\",\"contentUrl\":\"https:\/\/secure.gravatar.com\/avatar\/b67e614b1b25b3e9c0c239efdd2fde5ab015b5affd6f1c3c85911ca4b384e790?s=96&d=mm&r=g\",\"caption\":\"Author\"},\"sameAs\":[\"http:\/\/vof-news.eu\"],\"url\":\"https:\/\/vof-news.eu\/es\/author\/zwt6qxnjulxbnyg\/\"}]}<\/script>\n<!-- \/ Yoast SEO plugin. -->","yoast_head_json":{"title":"Ayuso intenta aplacar las protestas sociales con varias modificaciones legales - vof-news.eu","description":"Ya sea como disposici\u00f3n adicional en un convenio, o como r\u00e9gimen sancionador ante las protestas dentro de las universidades en una ley. La idea de castigar la movilizaci\u00f3n social por parte de la Comunidad de Madrid ha quedado patente en los \u00faltimos d\u00edas. El Ejecutivo presidido por Isabel D\u00edaz Ayuso ha intentado limitar la acci\u00f3n sindical de los bomberos de la regi\u00f3n, aunque la movilizaci\u00f3n consigui\u00f3 aplacar la proposici\u00f3n. Ahora es la comunidad universitaria la que se revuelve contra las elevadas penas que propone el Gobierno madrile\u00f1o. Colgar una pancarta en una facultad puede suponer 15.000 euros de multa.","robots":{"index":"noindex","follow":"follow","max-snippet":"max-snippet:-1","max-image-preview":"max-image-preview:large","max-video-preview":"max-video-preview:-1"},"og_locale":"es_ES","og_type":"article","og_title":"Ayuso intenta aplacar las protestas sociales con varias modificaciones legales - vof-news.eu","og_description":"Ya sea como disposici\u00f3n adicional en un convenio, o como r\u00e9gimen sancionador ante las protestas dentro de las universidades en una ley. La idea de castigar la movilizaci\u00f3n social por parte de la Comunidad de Madrid ha quedado patente en los \u00faltimos d\u00edas. El Ejecutivo presidido por Isabel D\u00edaz Ayuso ha intentado limitar la acci\u00f3n sindical de los bomberos de la regi\u00f3n, aunque la movilizaci\u00f3n consigui\u00f3 aplacar la proposici\u00f3n. Ahora es la comunidad universitaria la que se revuelve contra las elevadas penas que propone el Gobierno madrile\u00f1o. Colgar una pancarta en una facultad puede suponer 15.000 euros de multa.","og_url":"https:\/\/vof-news.eu\/es\/ayuso-intenta-aplacar-las-protestas-sociales-con-varias-modificaciones-legales\/","og_site_name":"vof-news.eu","article_published_time":"2025-07-07T04:17:10+00:00","article_modified_time":"2025-07-07T04:17:30+00:00","og_image":[{"width":1200,"height":675,"url":"https:\/\/vof-news.eu\/wp-content\/uploads\/2025\/07\/715182ef-3a44-4ac9-8f5d-788abc69a7ae_16-9-discover-aspect-ratio_default_0.jpg","type":"image\/jpeg"}],"author":"Author","twitter_card":"summary_large_image","twitter_misc":{"Escrito por":"Author","Tiempo de lectura":"9 minutos"},"schema":{"@context":"https:\/\/schema.org","@graph":[{"@type":"WebPage","@id":"https:\/\/vof-news.eu\/es\/ayuso-intenta-aplacar-las-protestas-sociales-con-varias-modificaciones-legales\/","url":"https:\/\/vof-news.eu\/es\/ayuso-intenta-aplacar-las-protestas-sociales-con-varias-modificaciones-legales\/","name":"Ayuso intenta aplacar las protestas sociales con varias modificaciones legales - vof-news.eu","isPartOf":{"@id":"https:\/\/vof-news.eu\/es\/#website"},"primaryImageOfPage":{"@id":"https:\/\/vof-news.eu\/es\/ayuso-intenta-aplacar-las-protestas-sociales-con-varias-modificaciones-legales\/#primaryimage"},"image":{"@id":"https:\/\/vof-news.eu\/es\/ayuso-intenta-aplacar-las-protestas-sociales-con-varias-modificaciones-legales\/#primaryimage"},"thumbnailUrl":"https:\/\/vof-news.eu\/wp-content\/uploads\/2025\/07\/715182ef-3a44-4ac9-8f5d-788abc69a7ae_16-9-discover-aspect-ratio_default_0.jpg","datePublished":"2025-07-07T04:17:10+00:00","dateModified":"2025-07-07T04:17:30+00:00","author":{"@id":"https:\/\/vof-news.eu\/es\/#\/schema\/person\/f6a2a4309f0561835797fd8c19b333ed"},"description":"Ya sea como disposici\u00f3n adicional en un convenio, o como r\u00e9gimen sancionador ante las protestas dentro de las universidades en una ley. La idea de castigar la movilizaci\u00f3n social por parte de la Comunidad de Madrid ha quedado patente en los \u00faltimos d\u00edas. El Ejecutivo presidido por Isabel D\u00edaz Ayuso ha intentado limitar la acci\u00f3n sindical de los bomberos de la regi\u00f3n, aunque la movilizaci\u00f3n consigui\u00f3 aplacar la proposici\u00f3n. Ahora es la comunidad universitaria la que se revuelve contra las elevadas penas que propone el Gobierno madrile\u00f1o. Colgar una pancarta en una facultad puede suponer 15.000 euros de multa.","breadcrumb":{"@id":"https:\/\/vof-news.eu\/es\/ayuso-intenta-aplacar-las-protestas-sociales-con-varias-modificaciones-legales\/#breadcrumb"},"inLanguage":"es","potentialAction":[{"@type":"ReadAction","target":["https:\/\/vof-news.eu\/es\/ayuso-intenta-aplacar-las-protestas-sociales-con-varias-modificaciones-legales\/"]}]},{"@type":"ImageObject","inLanguage":"es","@id":"https:\/\/vof-news.eu\/es\/ayuso-intenta-aplacar-las-protestas-sociales-con-varias-modificaciones-legales\/#primaryimage","url":"https:\/\/vof-news.eu\/wp-content\/uploads\/2025\/07\/715182ef-3a44-4ac9-8f5d-788abc69a7ae_16-9-discover-aspect-ratio_default_0.jpg","contentUrl":"https:\/\/vof-news.eu\/wp-content\/uploads\/2025\/07\/715182ef-3a44-4ac9-8f5d-788abc69a7ae_16-9-discover-aspect-ratio_default_0.jpg","width":1200,"height":675},{"@type":"BreadcrumbList","@id":"https:\/\/vof-news.eu\/es\/ayuso-intenta-aplacar-las-protestas-sociales-con-varias-modificaciones-legales\/#breadcrumb","itemListElement":[{"@type":"ListItem","position":1,"name":"Home","item":"https:\/\/vof-news.eu\/es\/"},{"@type":"ListItem","position":2,"name":"Ayuso intenta aplacar las protestas sociales con varias modificaciones legales"}]},{"@type":"WebSite","@id":"https:\/\/vof-news.eu\/es\/#website","url":"https:\/\/vof-news.eu\/es\/","name":"vof-news.eu","description":"","potentialAction":[{"@type":"SearchAction","target":{"@type":"EntryPoint","urlTemplate":"https:\/\/vof-news.eu\/es\/?s={search_term_string}"},"query-input":"required name=search_term_string"}],"inLanguage":"es"},{"@type":"Person","@id":"https:\/\/vof-news.eu\/es\/#\/schema\/person\/f6a2a4309f0561835797fd8c19b333ed","name":"Author","image":{"@type":"ImageObject","inLanguage":"es","@id":"https:\/\/vof-news.eu\/es\/#\/schema\/person\/image\/","url":"https:\/\/secure.gravatar.com\/avatar\/b67e614b1b25b3e9c0c239efdd2fde5ab015b5affd6f1c3c85911ca4b384e790?s=96&d=mm&r=g","contentUrl":"https:\/\/secure.gravatar.com\/avatar\/b67e614b1b25b3e9c0c239efdd2fde5ab015b5affd6f1c3c85911ca4b384e790?s=96&d=mm&r=g","caption":"Author"},"sameAs":["http:\/\/vof-news.eu"],"url":"https:\/\/vof-news.eu\/es\/author\/zwt6qxnjulxbnyg\/"}]}},"yoast_meta":{"yoast_wpseo_title":"","yoast_wpseo_metadesc":"","yoast_wpseo_canonical":""},"_links":{"self":[{"href":"https:\/\/vof-news.eu\/es\/wp-json\/wp\/v2\/posts\/248522","targetHints":{"allow":["GET"]}}],"collection":[{"href":"https:\/\/vof-news.eu\/es\/wp-json\/wp\/v2\/posts"}],"about":[{"href":"https:\/\/vof-news.eu\/es\/wp-json\/wp\/v2\/types\/post"}],"author":[{"embeddable":true,"href":"https:\/\/vof-news.eu\/es\/wp-json\/wp\/v2\/users\/1"}],"replies":[{"embeddable":true,"href":"https:\/\/vof-news.eu\/es\/wp-json\/wp\/v2\/comments?post=248522"}],"version-history":[{"count":1,"href":"https:\/\/vof-news.eu\/es\/wp-json\/wp\/v2\/posts\/248522\/revisions"}],"predecessor-version":[{"id":248529,"href":"https:\/\/vof-news.eu\/es\/wp-json\/wp\/v2\/posts\/248522\/revisions\/248529"}],"wp:featuredmedia":[{"embeddable":true,"href":"https:\/\/vof-news.eu\/es\/wp-json\/wp\/v2\/media\/248523"}],"wp:attachment":[{"href":"https:\/\/vof-news.eu\/es\/wp-json\/wp\/v2\/media?parent=248522"}],"wp:term":[{"taxonomy":"category","embeddable":true,"href":"https:\/\/vof-news.eu\/es\/wp-json\/wp\/v2\/categories?post=248522"},{"taxonomy":"post_tag","embeddable":true,"href":"https:\/\/vof-news.eu\/es\/wp-json\/wp\/v2\/tags?post=248522"}],"curies":[{"name":"wp","href":"https:\/\/api.w.org\/{rel}","templated":true}]}}