{"id":248475,"date":"2025-07-06T23:21:36","date_gmt":"2025-07-06T20:21:36","guid":{"rendered":"https:\/\/vof-news.eu\/un-cliente-detiene-a-un-ladron-en-lidl-y-el-supermercado-condena-la-accion-las-redes-locas\/"},"modified":"2025-07-06T23:21:58","modified_gmt":"2025-07-06T20:21:58","slug":"un-cliente-detiene-a-un-ladron-en-lidl-y-el-supermercado-condena-la-accion-las-redes-locas","status":"publish","type":"post","link":"https:\/\/vof-news.eu\/es\/un-cliente-detiene-a-un-ladron-en-lidl-y-el-supermercado-condena-la-accion-las-redes-locas\/","title":{"rendered":"Un cliente detiene a un ladr\u00f3n en Lidl y el supermercado condena la acci\u00f3n: las redes, locas"},"content":{"rendered":"<div>\n<p>Un cliente que estaba haciendo sus compras en un supermercado de la cadena Lidl en Helsinki, capital de Finlandia, detuvo a un presunto ladr\u00f3n el pasado martes por la noche. El uso de la fuerza por parte de esta persona, sin embargo, ha\u00a0provocado un acalorado debate en las redes sociales, seg\u00fan ha publicado el medio\u00a0<i><a href=\"https:\/\/www.iltalehti.fi\/kotimaa\/a\/5daebcb7-42bb-42f0-874b-0cd44de24a0f\" rel=\"nofollow\">Iltalehti<\/a><\/i>.\u00a0<\/p>\n<p>La cadena de supermercados conden\u00f3 la detenci\u00f3n del cliente que impidi\u00f3 la fuga. El director regional, Akseli M\u00e4kisalo, declar\u00f3 previamente al medio finland\u00e9s que Lidl no puede aceptar las acciones del cliente en esta situaci\u00f3n. Seg\u00fan \u00e9l, no es responsabilidad de los clientes detener a los ladrones.<\/p>\n<p>Mientras, Lasse Manninen, comisario de investigaci\u00f3n criminal del Departamento de Polic\u00eda de Helsinki, coment\u00f3 que los ciudadanos tienen derecho a detener a una persona sospechosa de un delito, pero inst\u00f3 a la cautela y a dejar en principio la detenci\u00f3n en manos de las autoridades.<\/p>\n<p>\u00abPor supuesto, no se debe abusar de los medios de fuerza y siempre se deben evitar las lesiones. En tal situaci\u00f3n, siempre se plantea la posibilidad de una indemnizaci\u00f3n\u00bb, afirm\u00f3 Manninen.<\/p>\n<p>En las redes sociales muchos han criticado la postura de Lidl. \u00abPor eso, si ves un robo en Lidl, no intervengas de ninguna manera, ya que Lidl respeta la capacidad de los ladrones para robar\u00bb, escribi\u00f3 un usuario de X. \u00abTambi\u00e9n aqu\u00ed se percibe el sello de la modernidad: mientras que antes quien deten\u00eda a un ladr\u00f3n recib\u00eda un pastel y un caf\u00e9, ahora Lidl se apresura a decir que la detenci\u00f3n no se ajusta a sus valores\u00bb, anadi\u00f3 otro.\u00a0<\/p>\n<p>Sin embargo, varios usuarios tambi\u00e9n se\u00f1alaron las consecuencias y la responsabilidad derivada del uso de la fuerza. \u00abS\u00ed, pero \u00bfy si hubiera resultado herido en esa situaci\u00f3n? \u00bfQui\u00e9n ser\u00eda el responsable?\u00bb, expres\u00f3 uno. \u00abNo defiendo el carterismo, pero las acciones del arrestador en este caso tambi\u00e9n son indefendibles. El hombre arroj\u00f3 al carterista al suelo con gran fuerza. Fue pura suerte que el cr\u00e1neo no cayera al suelo, lo que podr\u00eda haberle costado la vida\u00bb, apunt\u00f3 otro.\u00a0<\/p>\n<\/div>\n","protected":false},"excerpt":{"rendered":"<p>Un cliente que estaba haciendo sus compras en un supermercado de la cadena Lidl en Helsinki, capital de Finlandia, detuvo a un presunto ladr\u00f3n el pasado martes por la noche. El uso de la fuerza por parte de esta persona, sin embargo, ha\u00a0provocado un acalorado debate en las redes sociales, seg\u00fan ha publicado el medio\u00a0Iltalehti.\u00a0<\/p>\n","protected":false},"author":1,"featured_media":248476,"comment_status":"open","ping_status":"open","sticky":false,"template":"","format":"standard","meta":{"footnotes":""},"categories":[56],"tags":[],"class_list":["post-248475","post","type-post","status-publish","format-standard","has-post-thumbnail","hentry","category-main-news-es"],"acf":[],"yoast_head":"<!-- This site is optimized with the Yoast SEO plugin v22.9 - https:\/\/yoast.com\/wordpress\/plugins\/seo\/ -->\n<title>Un cliente detiene a un ladr\u00f3n en Lidl y el supermercado condena la acci\u00f3n: las redes, locas - vof-news.eu<\/title>\n<meta name=\"description\" content=\"Un cliente que estaba haciendo sus compras en un supermercado de la cadena Lidl en Helsinki, capital de Finlandia, detuvo a un presunto ladr\u00f3n el pasado martes por la noche. El uso de la fuerza por parte de esta persona, sin embargo, ha\u00a0provocado un acalorado debate en las redes sociales, seg\u00fan ha publicado el medio\u00a0Iltalehti.\u00a0La cadena de supermercados conden\u00f3 la detenci\u00f3n del cliente que impidi\u00f3 la fuga. El director regional, Akseli M\u00e4kisalo, declar\u00f3 previamente al medio finland\u00e9s que Lidl no puede aceptar las acciones del cliente en esta situaci\u00f3n. Seg\u00fan \u00e9l, no es responsabilidad de los clientes detener a los ladrones.Mientras, Lasse Manninen, comisario de investigaci\u00f3n criminal del Departamento de Polic\u00eda de Helsinki, coment\u00f3 que los ciudadanos tienen derecho a detener a una persona sospechosa de un delito, pero inst\u00f3 a la cautela y a dejar en principio la detenci\u00f3n en manos de las autoridades.&quot;Por supuesto, no se debe abusar de los medios de fuerza y siempre se deben evitar las lesiones. En tal situaci\u00f3n, siempre se plantea la posibilidad de una indemnizaci\u00f3n&quot;, afirm\u00f3 Manninen.En las redes sociales muchos han criticado la postura de Lidl. &quot;Por eso, si ves un robo en Lidl, no intervengas de ninguna manera, ya que Lidl respeta la capacidad de los ladrones para robar&quot;, escribi\u00f3 un usuario de X. &quot;Tambi\u00e9n aqu\u00ed se percibe el sello de la modernidad: mientras que antes quien deten\u00eda a un ladr\u00f3n recib\u00eda un pastel y un caf\u00e9, ahora Lidl se apresura a decir que la detenci\u00f3n no se ajusta a sus valores&quot;, anadi\u00f3 otro.\u00a0\" \/>\n<meta name=\"robots\" content=\"noindex, follow, max-snippet:-1, max-image-preview:large, max-video-preview:-1\" \/>\n<meta property=\"og:locale\" content=\"es_ES\" \/>\n<meta property=\"og:type\" content=\"article\" \/>\n<meta property=\"og:title\" content=\"Un cliente detiene a un ladr\u00f3n en Lidl y el supermercado condena la acci\u00f3n: las redes, locas - vof-news.eu\" \/>\n<meta property=\"og:description\" content=\"Un cliente que estaba haciendo sus compras en un supermercado de la cadena Lidl en Helsinki, capital de Finlandia, detuvo a un presunto ladr\u00f3n el pasado martes por la noche. El uso de la fuerza por parte de esta persona, sin embargo, ha\u00a0provocado un acalorado debate en las redes sociales, seg\u00fan ha publicado el medio\u00a0Iltalehti.\u00a0La cadena de supermercados conden\u00f3 la detenci\u00f3n del cliente que impidi\u00f3 la fuga. El director regional, Akseli M\u00e4kisalo, declar\u00f3 previamente al medio finland\u00e9s que Lidl no puede aceptar las acciones del cliente en esta situaci\u00f3n. Seg\u00fan \u00e9l, no es responsabilidad de los clientes detener a los ladrones.Mientras, Lasse Manninen, comisario de investigaci\u00f3n criminal del Departamento de Polic\u00eda de Helsinki, coment\u00f3 que los ciudadanos tienen derecho a detener a una persona sospechosa de un delito, pero inst\u00f3 a la cautela y a dejar en principio la detenci\u00f3n en manos de las autoridades.&quot;Por supuesto, no se debe abusar de los medios de fuerza y siempre se deben evitar las lesiones. En tal situaci\u00f3n, siempre se plantea la posibilidad de una indemnizaci\u00f3n&quot;, afirm\u00f3 Manninen.En las redes sociales muchos han criticado la postura de Lidl. &quot;Por eso, si ves un robo en Lidl, no intervengas de ninguna manera, ya que Lidl respeta la capacidad de los ladrones para robar&quot;, escribi\u00f3 un usuario de X. &quot;Tambi\u00e9n aqu\u00ed se percibe el sello de la modernidad: mientras que antes quien deten\u00eda a un ladr\u00f3n recib\u00eda un pastel y un caf\u00e9, ahora Lidl se apresura a decir que la detenci\u00f3n no se ajusta a sus valores&quot;, anadi\u00f3 otro.\u00a0\" \/>\n<meta property=\"og:url\" content=\"https:\/\/vof-news.eu\/es\/un-cliente-detiene-a-un-ladron-en-lidl-y-el-supermercado-condena-la-accion-las-redes-locas\/\" \/>\n<meta property=\"og:site_name\" content=\"vof-news.eu\" \/>\n<meta property=\"article:published_time\" content=\"2025-07-06T20:21:36+00:00\" \/>\n<meta property=\"article:modified_time\" content=\"2025-07-06T20:21:58+00:00\" \/>\n<meta property=\"og:image\" content=\"https:\/\/vof-news.eu\/wp-content\/uploads\/2025\/07\/un-supermercado-de-lidl-9805.jpeg\" \/>\n\t<meta property=\"og:image:width\" content=\"1200\" \/>\n\t<meta property=\"og:image:height\" content=\"720\" \/>\n\t<meta property=\"og:image:type\" content=\"image\/jpeg\" \/>\n<meta name=\"author\" content=\"Author\" \/>\n<meta name=\"twitter:card\" content=\"summary_large_image\" \/>\n<meta name=\"twitter:label1\" content=\"Escrito por\" \/>\n\t<meta name=\"twitter:data1\" content=\"Author\" \/>\n\t<meta name=\"twitter:label2\" content=\"Tiempo de lectura\" \/>\n\t<meta name=\"twitter:data2\" content=\"2 minutos\" \/>\n<script type=\"application\/ld+json\" class=\"yoast-schema-graph\">{\"@context\":\"https:\/\/schema.org\",\"@graph\":[{\"@type\":\"WebPage\",\"@id\":\"https:\/\/vof-news.eu\/es\/un-cliente-detiene-a-un-ladron-en-lidl-y-el-supermercado-condena-la-accion-las-redes-locas\/\",\"url\":\"https:\/\/vof-news.eu\/es\/un-cliente-detiene-a-un-ladron-en-lidl-y-el-supermercado-condena-la-accion-las-redes-locas\/\",\"name\":\"Un cliente detiene a un ladr\u00f3n en Lidl y el supermercado condena la acci\u00f3n: las redes, locas - vof-news.eu\",\"isPartOf\":{\"@id\":\"https:\/\/vof-news.eu\/es\/#website\"},\"primaryImageOfPage\":{\"@id\":\"https:\/\/vof-news.eu\/es\/un-cliente-detiene-a-un-ladron-en-lidl-y-el-supermercado-condena-la-accion-las-redes-locas\/#primaryimage\"},\"image\":{\"@id\":\"https:\/\/vof-news.eu\/es\/un-cliente-detiene-a-un-ladron-en-lidl-y-el-supermercado-condena-la-accion-las-redes-locas\/#primaryimage\"},\"thumbnailUrl\":\"https:\/\/vof-news.eu\/wp-content\/uploads\/2025\/07\/un-supermercado-de-lidl-9805.jpeg\",\"datePublished\":\"2025-07-06T20:21:36+00:00\",\"dateModified\":\"2025-07-06T20:21:58+00:00\",\"author\":{\"@id\":\"https:\/\/vof-news.eu\/es\/#\/schema\/person\/f6a2a4309f0561835797fd8c19b333ed\"},\"description\":\"Un cliente que estaba haciendo sus compras en un supermercado de la cadena Lidl en Helsinki, capital de Finlandia, detuvo a un presunto ladr\u00f3n el pasado martes por la noche. El uso de la fuerza por parte de esta persona, sin embargo, ha\u00a0provocado un acalorado debate en las redes sociales, seg\u00fan ha publicado el medio\u00a0Iltalehti.\u00a0La cadena de supermercados conden\u00f3 la detenci\u00f3n del cliente que impidi\u00f3 la fuga. El director regional, Akseli M\u00e4kisalo, declar\u00f3 previamente al medio finland\u00e9s que Lidl no puede aceptar las acciones del cliente en esta situaci\u00f3n. Seg\u00fan \u00e9l, no es responsabilidad de los clientes detener a los ladrones.Mientras, Lasse Manninen, comisario de investigaci\u00f3n criminal del Departamento de Polic\u00eda de Helsinki, coment\u00f3 que los ciudadanos tienen derecho a detener a una persona sospechosa de un delito, pero inst\u00f3 a la cautela y a dejar en principio la detenci\u00f3n en manos de las autoridades.\\\"Por supuesto, no se debe abusar de los medios de fuerza y siempre se deben evitar las lesiones. En tal situaci\u00f3n, siempre se plantea la posibilidad de una indemnizaci\u00f3n\\\", afirm\u00f3 Manninen.En las redes sociales muchos han criticado la postura de Lidl. \\\"Por eso, si ves un robo en Lidl, no intervengas de ninguna manera, ya que Lidl respeta la capacidad de los ladrones para robar\\\", escribi\u00f3 un usuario de X. \\\"Tambi\u00e9n aqu\u00ed se percibe el sello de la modernidad: mientras que antes quien deten\u00eda a un ladr\u00f3n recib\u00eda un pastel y un caf\u00e9, ahora Lidl se apresura a decir que la detenci\u00f3n no se ajusta a sus valores\\\", anadi\u00f3 otro.\u00a0\",\"breadcrumb\":{\"@id\":\"https:\/\/vof-news.eu\/es\/un-cliente-detiene-a-un-ladron-en-lidl-y-el-supermercado-condena-la-accion-las-redes-locas\/#breadcrumb\"},\"inLanguage\":\"es\",\"potentialAction\":[{\"@type\":\"ReadAction\",\"target\":[\"https:\/\/vof-news.eu\/es\/un-cliente-detiene-a-un-ladron-en-lidl-y-el-supermercado-condena-la-accion-las-redes-locas\/\"]}]},{\"@type\":\"ImageObject\",\"inLanguage\":\"es\",\"@id\":\"https:\/\/vof-news.eu\/es\/un-cliente-detiene-a-un-ladron-en-lidl-y-el-supermercado-condena-la-accion-las-redes-locas\/#primaryimage\",\"url\":\"https:\/\/vof-news.eu\/wp-content\/uploads\/2025\/07\/un-supermercado-de-lidl-9805.jpeg\",\"contentUrl\":\"https:\/\/vof-news.eu\/wp-content\/uploads\/2025\/07\/un-supermercado-de-lidl-9805.jpeg\",\"width\":1200,\"height\":720},{\"@type\":\"BreadcrumbList\",\"@id\":\"https:\/\/vof-news.eu\/es\/un-cliente-detiene-a-un-ladron-en-lidl-y-el-supermercado-condena-la-accion-las-redes-locas\/#breadcrumb\",\"itemListElement\":[{\"@type\":\"ListItem\",\"position\":1,\"name\":\"Home\",\"item\":\"https:\/\/vof-news.eu\/es\/\"},{\"@type\":\"ListItem\",\"position\":2,\"name\":\"Un cliente detiene a un ladr\u00f3n en Lidl y el supermercado condena la acci\u00f3n: las redes, locas\"}]},{\"@type\":\"WebSite\",\"@id\":\"https:\/\/vof-news.eu\/es\/#website\",\"url\":\"https:\/\/vof-news.eu\/es\/\",\"name\":\"vof-news.eu\",\"description\":\"\",\"potentialAction\":[{\"@type\":\"SearchAction\",\"target\":{\"@type\":\"EntryPoint\",\"urlTemplate\":\"https:\/\/vof-news.eu\/es\/?s={search_term_string}\"},\"query-input\":\"required name=search_term_string\"}],\"inLanguage\":\"es\"},{\"@type\":\"Person\",\"@id\":\"https:\/\/vof-news.eu\/es\/#\/schema\/person\/f6a2a4309f0561835797fd8c19b333ed\",\"name\":\"Author\",\"image\":{\"@type\":\"ImageObject\",\"inLanguage\":\"es\",\"@id\":\"https:\/\/vof-news.eu\/es\/#\/schema\/person\/image\/\",\"url\":\"https:\/\/secure.gravatar.com\/avatar\/b67e614b1b25b3e9c0c239efdd2fde5ab015b5affd6f1c3c85911ca4b384e790?s=96&d=mm&r=g\",\"contentUrl\":\"https:\/\/secure.gravatar.com\/avatar\/b67e614b1b25b3e9c0c239efdd2fde5ab015b5affd6f1c3c85911ca4b384e790?s=96&d=mm&r=g\",\"caption\":\"Author\"},\"sameAs\":[\"http:\/\/vof-news.eu\"],\"url\":\"https:\/\/vof-news.eu\/es\/author\/zwt6qxnjulxbnyg\/\"}]}<\/script>\n<!-- \/ Yoast SEO plugin. -->","yoast_head_json":{"title":"Un cliente detiene a un ladr\u00f3n en Lidl y el supermercado condena la acci\u00f3n: las redes, locas - vof-news.eu","description":"Un cliente que estaba haciendo sus compras en un supermercado de la cadena Lidl en Helsinki, capital de Finlandia, detuvo a un presunto ladr\u00f3n el pasado martes por la noche. El uso de la fuerza por parte de esta persona, sin embargo, ha\u00a0provocado un acalorado debate en las redes sociales, seg\u00fan ha publicado el medio\u00a0Iltalehti.\u00a0La cadena de supermercados conden\u00f3 la detenci\u00f3n del cliente que impidi\u00f3 la fuga. El director regional, Akseli M\u00e4kisalo, declar\u00f3 previamente al medio finland\u00e9s que Lidl no puede aceptar las acciones del cliente en esta situaci\u00f3n. Seg\u00fan \u00e9l, no es responsabilidad de los clientes detener a los ladrones.Mientras, Lasse Manninen, comisario de investigaci\u00f3n criminal del Departamento de Polic\u00eda de Helsinki, coment\u00f3 que los ciudadanos tienen derecho a detener a una persona sospechosa de un delito, pero inst\u00f3 a la cautela y a dejar en principio la detenci\u00f3n en manos de las autoridades.\"Por supuesto, no se debe abusar de los medios de fuerza y siempre se deben evitar las lesiones. En tal situaci\u00f3n, siempre se plantea la posibilidad de una indemnizaci\u00f3n\", afirm\u00f3 Manninen.En las redes sociales muchos han criticado la postura de Lidl. \"Por eso, si ves un robo en Lidl, no intervengas de ninguna manera, ya que Lidl respeta la capacidad de los ladrones para robar\", escribi\u00f3 un usuario de X. \"Tambi\u00e9n aqu\u00ed se percibe el sello de la modernidad: mientras que antes quien deten\u00eda a un ladr\u00f3n recib\u00eda un pastel y un caf\u00e9, ahora Lidl se apresura a decir que la detenci\u00f3n no se ajusta a sus valores\", anadi\u00f3 otro.\u00a0","robots":{"index":"noindex","follow":"follow","max-snippet":"max-snippet:-1","max-image-preview":"max-image-preview:large","max-video-preview":"max-video-preview:-1"},"og_locale":"es_ES","og_type":"article","og_title":"Un cliente detiene a un ladr\u00f3n en Lidl y el supermercado condena la acci\u00f3n: las redes, locas - vof-news.eu","og_description":"Un cliente que estaba haciendo sus compras en un supermercado de la cadena Lidl en Helsinki, capital de Finlandia, detuvo a un presunto ladr\u00f3n el pasado martes por la noche. El uso de la fuerza por parte de esta persona, sin embargo, ha\u00a0provocado un acalorado debate en las redes sociales, seg\u00fan ha publicado el medio\u00a0Iltalehti.\u00a0La cadena de supermercados conden\u00f3 la detenci\u00f3n del cliente que impidi\u00f3 la fuga. El director regional, Akseli M\u00e4kisalo, declar\u00f3 previamente al medio finland\u00e9s que Lidl no puede aceptar las acciones del cliente en esta situaci\u00f3n. Seg\u00fan \u00e9l, no es responsabilidad de los clientes detener a los ladrones.Mientras, Lasse Manninen, comisario de investigaci\u00f3n criminal del Departamento de Polic\u00eda de Helsinki, coment\u00f3 que los ciudadanos tienen derecho a detener a una persona sospechosa de un delito, pero inst\u00f3 a la cautela y a dejar en principio la detenci\u00f3n en manos de las autoridades.\"Por supuesto, no se debe abusar de los medios de fuerza y siempre se deben evitar las lesiones. En tal situaci\u00f3n, siempre se plantea la posibilidad de una indemnizaci\u00f3n\", afirm\u00f3 Manninen.En las redes sociales muchos han criticado la postura de Lidl. \"Por eso, si ves un robo en Lidl, no intervengas de ninguna manera, ya que Lidl respeta la capacidad de los ladrones para robar\", escribi\u00f3 un usuario de X. \"Tambi\u00e9n aqu\u00ed se percibe el sello de la modernidad: mientras que antes quien deten\u00eda a un ladr\u00f3n recib\u00eda un pastel y un caf\u00e9, ahora Lidl se apresura a decir que la detenci\u00f3n no se ajusta a sus valores\", anadi\u00f3 otro.\u00a0","og_url":"https:\/\/vof-news.eu\/es\/un-cliente-detiene-a-un-ladron-en-lidl-y-el-supermercado-condena-la-accion-las-redes-locas\/","og_site_name":"vof-news.eu","article_published_time":"2025-07-06T20:21:36+00:00","article_modified_time":"2025-07-06T20:21:58+00:00","og_image":[{"width":1200,"height":720,"url":"https:\/\/vof-news.eu\/wp-content\/uploads\/2025\/07\/un-supermercado-de-lidl-9805.jpeg","type":"image\/jpeg"}],"author":"Author","twitter_card":"summary_large_image","twitter_misc":{"Escrito por":"Author","Tiempo de lectura":"2 minutos"},"schema":{"@context":"https:\/\/schema.org","@graph":[{"@type":"WebPage","@id":"https:\/\/vof-news.eu\/es\/un-cliente-detiene-a-un-ladron-en-lidl-y-el-supermercado-condena-la-accion-las-redes-locas\/","url":"https:\/\/vof-news.eu\/es\/un-cliente-detiene-a-un-ladron-en-lidl-y-el-supermercado-condena-la-accion-las-redes-locas\/","name":"Un cliente detiene a un ladr\u00f3n en Lidl y el supermercado condena la acci\u00f3n: las redes, locas - vof-news.eu","isPartOf":{"@id":"https:\/\/vof-news.eu\/es\/#website"},"primaryImageOfPage":{"@id":"https:\/\/vof-news.eu\/es\/un-cliente-detiene-a-un-ladron-en-lidl-y-el-supermercado-condena-la-accion-las-redes-locas\/#primaryimage"},"image":{"@id":"https:\/\/vof-news.eu\/es\/un-cliente-detiene-a-un-ladron-en-lidl-y-el-supermercado-condena-la-accion-las-redes-locas\/#primaryimage"},"thumbnailUrl":"https:\/\/vof-news.eu\/wp-content\/uploads\/2025\/07\/un-supermercado-de-lidl-9805.jpeg","datePublished":"2025-07-06T20:21:36+00:00","dateModified":"2025-07-06T20:21:58+00:00","author":{"@id":"https:\/\/vof-news.eu\/es\/#\/schema\/person\/f6a2a4309f0561835797fd8c19b333ed"},"description":"Un cliente que estaba haciendo sus compras en un supermercado de la cadena Lidl en Helsinki, capital de Finlandia, detuvo a un presunto ladr\u00f3n el pasado martes por la noche. El uso de la fuerza por parte de esta persona, sin embargo, ha\u00a0provocado un acalorado debate en las redes sociales, seg\u00fan ha publicado el medio\u00a0Iltalehti.\u00a0La cadena de supermercados conden\u00f3 la detenci\u00f3n del cliente que impidi\u00f3 la fuga. El director regional, Akseli M\u00e4kisalo, declar\u00f3 previamente al medio finland\u00e9s que Lidl no puede aceptar las acciones del cliente en esta situaci\u00f3n. Seg\u00fan \u00e9l, no es responsabilidad de los clientes detener a los ladrones.Mientras, Lasse Manninen, comisario de investigaci\u00f3n criminal del Departamento de Polic\u00eda de Helsinki, coment\u00f3 que los ciudadanos tienen derecho a detener a una persona sospechosa de un delito, pero inst\u00f3 a la cautela y a dejar en principio la detenci\u00f3n en manos de las autoridades.\"Por supuesto, no se debe abusar de los medios de fuerza y siempre se deben evitar las lesiones. En tal situaci\u00f3n, siempre se plantea la posibilidad de una indemnizaci\u00f3n\", afirm\u00f3 Manninen.En las redes sociales muchos han criticado la postura de Lidl. \"Por eso, si ves un robo en Lidl, no intervengas de ninguna manera, ya que Lidl respeta la capacidad de los ladrones para robar\", escribi\u00f3 un usuario de X. \"Tambi\u00e9n aqu\u00ed se percibe el sello de la modernidad: mientras que antes quien deten\u00eda a un ladr\u00f3n recib\u00eda un pastel y un caf\u00e9, ahora Lidl se apresura a decir que la detenci\u00f3n no se ajusta a sus valores\", anadi\u00f3 otro.\u00a0","breadcrumb":{"@id":"https:\/\/vof-news.eu\/es\/un-cliente-detiene-a-un-ladron-en-lidl-y-el-supermercado-condena-la-accion-las-redes-locas\/#breadcrumb"},"inLanguage":"es","potentialAction":[{"@type":"ReadAction","target":["https:\/\/vof-news.eu\/es\/un-cliente-detiene-a-un-ladron-en-lidl-y-el-supermercado-condena-la-accion-las-redes-locas\/"]}]},{"@type":"ImageObject","inLanguage":"es","@id":"https:\/\/vof-news.eu\/es\/un-cliente-detiene-a-un-ladron-en-lidl-y-el-supermercado-condena-la-accion-las-redes-locas\/#primaryimage","url":"https:\/\/vof-news.eu\/wp-content\/uploads\/2025\/07\/un-supermercado-de-lidl-9805.jpeg","contentUrl":"https:\/\/vof-news.eu\/wp-content\/uploads\/2025\/07\/un-supermercado-de-lidl-9805.jpeg","width":1200,"height":720},{"@type":"BreadcrumbList","@id":"https:\/\/vof-news.eu\/es\/un-cliente-detiene-a-un-ladron-en-lidl-y-el-supermercado-condena-la-accion-las-redes-locas\/#breadcrumb","itemListElement":[{"@type":"ListItem","position":1,"name":"Home","item":"https:\/\/vof-news.eu\/es\/"},{"@type":"ListItem","position":2,"name":"Un cliente detiene a un ladr\u00f3n en Lidl y el supermercado condena la acci\u00f3n: las redes, locas"}]},{"@type":"WebSite","@id":"https:\/\/vof-news.eu\/es\/#website","url":"https:\/\/vof-news.eu\/es\/","name":"vof-news.eu","description":"","potentialAction":[{"@type":"SearchAction","target":{"@type":"EntryPoint","urlTemplate":"https:\/\/vof-news.eu\/es\/?s={search_term_string}"},"query-input":"required name=search_term_string"}],"inLanguage":"es"},{"@type":"Person","@id":"https:\/\/vof-news.eu\/es\/#\/schema\/person\/f6a2a4309f0561835797fd8c19b333ed","name":"Author","image":{"@type":"ImageObject","inLanguage":"es","@id":"https:\/\/vof-news.eu\/es\/#\/schema\/person\/image\/","url":"https:\/\/secure.gravatar.com\/avatar\/b67e614b1b25b3e9c0c239efdd2fde5ab015b5affd6f1c3c85911ca4b384e790?s=96&d=mm&r=g","contentUrl":"https:\/\/secure.gravatar.com\/avatar\/b67e614b1b25b3e9c0c239efdd2fde5ab015b5affd6f1c3c85911ca4b384e790?s=96&d=mm&r=g","caption":"Author"},"sameAs":["http:\/\/vof-news.eu"],"url":"https:\/\/vof-news.eu\/es\/author\/zwt6qxnjulxbnyg\/"}]}},"yoast_meta":{"yoast_wpseo_title":"","yoast_wpseo_metadesc":"","yoast_wpseo_canonical":""},"_links":{"self":[{"href":"https:\/\/vof-news.eu\/es\/wp-json\/wp\/v2\/posts\/248475","targetHints":{"allow":["GET"]}}],"collection":[{"href":"https:\/\/vof-news.eu\/es\/wp-json\/wp\/v2\/posts"}],"about":[{"href":"https:\/\/vof-news.eu\/es\/wp-json\/wp\/v2\/types\/post"}],"author":[{"embeddable":true,"href":"https:\/\/vof-news.eu\/es\/wp-json\/wp\/v2\/users\/1"}],"replies":[{"embeddable":true,"href":"https:\/\/vof-news.eu\/es\/wp-json\/wp\/v2\/comments?post=248475"}],"version-history":[{"count":1,"href":"https:\/\/vof-news.eu\/es\/wp-json\/wp\/v2\/posts\/248475\/revisions"}],"predecessor-version":[{"id":248482,"href":"https:\/\/vof-news.eu\/es\/wp-json\/wp\/v2\/posts\/248475\/revisions\/248482"}],"wp:featuredmedia":[{"embeddable":true,"href":"https:\/\/vof-news.eu\/es\/wp-json\/wp\/v2\/media\/248476"}],"wp:attachment":[{"href":"https:\/\/vof-news.eu\/es\/wp-json\/wp\/v2\/media?parent=248475"}],"wp:term":[{"taxonomy":"category","embeddable":true,"href":"https:\/\/vof-news.eu\/es\/wp-json\/wp\/v2\/categories?post=248475"},{"taxonomy":"post_tag","embeddable":true,"href":"https:\/\/vof-news.eu\/es\/wp-json\/wp\/v2\/tags?post=248475"}],"curies":[{"name":"wp","href":"https:\/\/api.w.org\/{rel}","templated":true}]}}