{"id":248451,"date":"2025-07-06T23:19:04","date_gmt":"2025-07-06T20:19:04","guid":{"rendered":"https:\/\/vof-news.eu\/la-peor-racha-para-carlos-sainz-en-siete-anos-empieza-a-ser-muy-cansino\/"},"modified":"2025-07-06T23:19:19","modified_gmt":"2025-07-06T20:19:19","slug":"la-peor-racha-para-carlos-sainz-en-siete-anos-empieza-a-ser-muy-cansino","status":"publish","type":"post","link":"https:\/\/vof-news.eu\/es\/la-peor-racha-para-carlos-sainz-en-siete-anos-empieza-a-ser-muy-cansino\/","title":{"rendered":"La peor racha para Carlos Sainz en siete a\u00f1os: \u00abEmpieza a ser muy cansino\u00bb"},"content":{"rendered":"<div>\n<p>El Mundial 2025 marcha cada vez m\u00e1s torcido para <strong>Carlos Sainz<\/strong>, que contin\u00faa perdiendo oportunidades para remontar el vuelo con Williams. Silverstone, escenario en 2022 de su formidable victoria con Ferrari, tampoco result\u00f3 esta vez propicio. \u00abSeguimos teniendo mala suerte y seguimos sin mejorar el coche\u00bb, concluy\u00f3 el madrile\u00f1o, duod\u00e9cimo en la meta al volante del FW47. <\/p>\n<p>Una semana despu\u00e9s de su abandono en Austria por culpa de los frenos, Sainz protagoniz\u00f3 otro desafortunado episodio cuando luchaba por la s\u00e9ptima posici\u00f3n frente a <strong>Charles Leclerc<\/strong>. \u00abHa sufrido un trompo y se ha ido fuera, pero yo estaba a su izquierda y me ha destrozado el suelo y el aler\u00f3n delantero. Ah\u00ed termin\u00f3 mi carrera\u00bb, revel\u00f3 el madrile\u00f1o sobre el incidente en Stowe, la curva 15.<\/p>\n<p>Se trata de la peor racha para Sainz desde 2018, cuando pilotaba para Renault al lado de <strong>Nico Hulkenberg<\/strong>, gran protagonista del domingo en Silverstone. A mitad de aquel Mundial, entre el GP de Austria y el GP de B\u00e9lgica, \u00fanicamente sum\u00f3 con un noveno puesto en el GP de Hungr\u00eda. Hoy, tras las cinco \u00faltimas citas, s\u00f3lo ha ara\u00f1ado un punto en M\u00f3naco y Canad\u00e1. Adem\u00e1s, el duelo particular frente a <strong>Alex Albon<\/strong> tampoco le deja en buen lugar, ya que el balance resulta tan desfavorable los s\u00e1bados (5-7) como en carrera (3-8).<\/p>\n<h2>\u00abs\u00e9 que vendr\u00e1n d\u00edas mejores\u00bb<\/h2>\n<p>\u00abEmpieza a ser muy cansino y desesperante que nos pasen tantas cosas\u00bb, lament\u00f3 Carlos, que hasta el citado episodio con su ex compa\u00f1ero hab\u00eda evitado cualquier problema, con una buena gesti\u00f3n de los neum\u00e1ticos y un aceptable ritmo. Mucho mejor, desde luego, que lo ofrecido por Leclerc, que calific\u00f3 su actuaci\u00f3n como \u00abuna de las peores carreras de mi vida\u00bb.<\/p>\n<p>Los da\u00f1os causados por el monesgasco hicieron perder a Sainz cualquier opci\u00f3n frente a <strong>Oliver Bearman<\/strong> (Haas) y <strong>George Russell<\/strong> (Mercedes). \u00abParece ser la historia de mi temporada hasta ahora. Es muy molesto que diferentes problemas nos sigan afectando cada fin de semana. Estoy conduciendo bien y s\u00e9 que vendr\u00e1n d\u00edas mejores, pero es frustrante en este momento\u00bb, concluy\u00f3.<\/p>\n<p>Cualquier esperanza, a partir de ahora, se deposita en Spa y Hungaroring, los dos \u00faltimos grandes premios antes de las vacaciones. \u00abNos encontramos en una situaci\u00f3n complicada porque los rivales han mejorado y est\u00e1n empezando a sumar muchos puntos\u00bb, se\u00f1al\u00f3 en relaci\u00f3n al sorprendente podio de Hulkenberg. <\/p>\n<p>Desde luego, trabajo no va a faltar durante las pr\u00f3ximas semanas en la f\u00e1brica de Grove. Ni presi\u00f3n para los ingenieros desplazados a B\u00e9lgica y Hungr\u00eda. En cualquier caso, <strong>James Vowles<\/strong>, <strong>team principal<\/strong> de Williams opta por mantener la calma durante estas \u00abdos semanas de reseteo\u00bb. <\/p>\n<p>\u00abSe notaba que el coche lo hab\u00edamos configurado m\u00e1s para una carrera en seco. No tuvimos suerte. Aston Martin nos adelant\u00f3 y nos quedamos atr\u00e1s, pero al final Alex volaba y pudo remontar, lo que demuestra el cambio en nuestro rendimiento. Tampoco acertamos con la segunda estrategia con los intermedios, lo que nos cost\u00f3 muchos segundos\u00bb, analiz\u00f3 el brit\u00e1nico.<\/p>\n<hr\/>\n<\/div>\n","protected":false},"excerpt":{"rendered":"<p>El Mundial 2025 marcha cada vez m\u00e1s torcido para Carlos Sainz, que contin\u00faa perdiendo oportunidades para remontar el vuelo con Williams. Silverstone, escenario en 2022 de su formidable victoria con Ferrari, tampoco result\u00f3 esta vez propicio. \u00abSeguimos teniendo mala suerte y seguimos sin mejorar el coche\u00bb, concluy\u00f3 el madrile\u00f1o, duod\u00e9cimo en la meta al volante<\/p>\n","protected":false},"author":1,"featured_media":248452,"comment_status":"open","ping_status":"open","sticky":false,"template":"","format":"standard","meta":{"footnotes":""},"categories":[76],"tags":[],"class_list":["post-248451","post","type-post","status-publish","format-standard","has-post-thumbnail","hentry","category-sport-es"],"acf":[],"yoast_head":"<!-- This site is optimized with the Yoast SEO plugin v22.9 - https:\/\/yoast.com\/wordpress\/plugins\/seo\/ -->\n<title>La peor racha para Carlos Sainz en siete a\u00f1os: &quot;Empieza a ser muy cansino&quot; - vof-news.eu<\/title>\n<meta name=\"description\" content=\"El Mundial 2025 marcha cada vez m\u00e1s torcido para Carlos Sainz, que contin\u00faa perdiendo oportunidades para remontar el vuelo con Williams. Silverstone, escenario en 2022 de su formidable victoria con Ferrari, tampoco result\u00f3 esta vez propicio. &quot;Seguimos teniendo mala suerte y seguimos sin mejorar el coche&quot;, concluy\u00f3 el madrile\u00f1o, duod\u00e9cimo en la meta al volante del FW47. Una semana despu\u00e9s de su abandono en Austria por culpa de los frenos, Sainz protagoniz\u00f3 otro desafortunado episodio cuando luchaba por la s\u00e9ptima posici\u00f3n frente a Charles Leclerc. &quot;Ha sufrido un trompo y se ha ido fuera, pero yo estaba a su izquierda y me ha destrozado el suelo y el aler\u00f3n delantero. Ah\u00ed termin\u00f3 mi carrera&quot;, revel\u00f3 el madrile\u00f1o sobre el incidente en Stowe, la curva 15.Se trata de la peor racha para Sainz desde 2018, cuando pilotaba para Renault al lado de Nico Hulkenberg, gran protagonista del domingo en Silverstone. A mitad de aquel Mundial, entre el GP de Austria y el GP de B\u00e9lgica, \u00fanicamente sum\u00f3 con un noveno puesto en el GP de Hungr\u00eda. Hoy, tras las cinco \u00faltimas citas, s\u00f3lo ha ara\u00f1ado un punto en M\u00f3naco y Canad\u00e1. Adem\u00e1s, el duelo particular frente a Alex Albon tampoco le deja en buen lugar, ya que el balance resulta tan desfavorable los s\u00e1bados (5-7) como en carrera (3-8).&quot;s\u00e9 que vendr\u00e1n d\u00edas mejores&quot;&quot;Empieza a ser muy cansino y desesperante que nos pasen tantas cosas&quot;, lament\u00f3 Carlos, que hasta el citado episodio con su ex compa\u00f1ero hab\u00eda evitado cualquier problema, con una buena gesti\u00f3n de los neum\u00e1ticos y un aceptable ritmo. Mucho mejor, desde luego, que lo ofrecido por Leclerc, que calific\u00f3 su actuaci\u00f3n como &quot;una de las peores carreras de mi vida&quot;.Los da\u00f1os causados por el monesgasco hicieron perder a Sainz cualquier opci\u00f3n frente a Oliver Bearman (Haas) y George Russell (Mercedes). &quot;Parece ser la historia de mi temporada hasta ahora. Es muy molesto que diferentes problemas nos sigan afectando cada fin de semana. Estoy conduciendo bien y s\u00e9 que vendr\u00e1n d\u00edas mejores, pero es frustrante en este momento&quot;, concluy\u00f3.Cualquier esperanza, a partir de ahora, se deposita en Spa y Hungaroring, los dos \u00faltimos grandes premios antes de las vacaciones. &quot;Nos encontramos en una situaci\u00f3n complicada porque los rivales han mejorado y est\u00e1n empezando a sumar muchos puntos&quot;, se\u00f1al\u00f3 en relaci\u00f3n al sorprendente podio de Hulkenberg. Desde luego, trabajo no va a faltar durante las pr\u00f3ximas semanas en la f\u00e1brica de Grove. Ni presi\u00f3n para los ingenieros desplazados a B\u00e9lgica y Hungr\u00eda. En cualquier caso, James Vowles, team principal de Williams opta por mantener la calma durante estas &quot;dos semanas de reseteo&quot;. &quot;Se notaba que el coche lo hab\u00edamos configurado m\u00e1s para una carrera en seco. No tuvimos suerte. Aston Martin nos adelant\u00f3 y nos quedamos atr\u00e1s, pero al final Alex volaba y pudo remontar, lo que demuestra el cambio en nuestro rendimiento. Tampoco acertamos con la segunda estrategia con los intermedios, lo que nos cost\u00f3 muchos segundos&quot;, analiz\u00f3 el brit\u00e1nico.\" \/>\n<meta name=\"robots\" content=\"noindex, follow, max-snippet:-1, max-image-preview:large, max-video-preview:-1\" \/>\n<meta property=\"og:locale\" content=\"es_ES\" \/>\n<meta property=\"og:type\" content=\"article\" \/>\n<meta property=\"og:title\" content=\"La peor racha para Carlos Sainz en siete a\u00f1os: &quot;Empieza a ser muy cansino&quot; - vof-news.eu\" \/>\n<meta property=\"og:description\" content=\"El Mundial 2025 marcha cada vez m\u00e1s torcido para Carlos Sainz, que contin\u00faa perdiendo oportunidades para remontar el vuelo con Williams. Silverstone, escenario en 2022 de su formidable victoria con Ferrari, tampoco result\u00f3 esta vez propicio. &quot;Seguimos teniendo mala suerte y seguimos sin mejorar el coche&quot;, concluy\u00f3 el madrile\u00f1o, duod\u00e9cimo en la meta al volante del FW47. Una semana despu\u00e9s de su abandono en Austria por culpa de los frenos, Sainz protagoniz\u00f3 otro desafortunado episodio cuando luchaba por la s\u00e9ptima posici\u00f3n frente a Charles Leclerc. &quot;Ha sufrido un trompo y se ha ido fuera, pero yo estaba a su izquierda y me ha destrozado el suelo y el aler\u00f3n delantero. Ah\u00ed termin\u00f3 mi carrera&quot;, revel\u00f3 el madrile\u00f1o sobre el incidente en Stowe, la curva 15.Se trata de la peor racha para Sainz desde 2018, cuando pilotaba para Renault al lado de Nico Hulkenberg, gran protagonista del domingo en Silverstone. A mitad de aquel Mundial, entre el GP de Austria y el GP de B\u00e9lgica, \u00fanicamente sum\u00f3 con un noveno puesto en el GP de Hungr\u00eda. Hoy, tras las cinco \u00faltimas citas, s\u00f3lo ha ara\u00f1ado un punto en M\u00f3naco y Canad\u00e1. Adem\u00e1s, el duelo particular frente a Alex Albon tampoco le deja en buen lugar, ya que el balance resulta tan desfavorable los s\u00e1bados (5-7) como en carrera (3-8).&quot;s\u00e9 que vendr\u00e1n d\u00edas mejores&quot;&quot;Empieza a ser muy cansino y desesperante que nos pasen tantas cosas&quot;, lament\u00f3 Carlos, que hasta el citado episodio con su ex compa\u00f1ero hab\u00eda evitado cualquier problema, con una buena gesti\u00f3n de los neum\u00e1ticos y un aceptable ritmo. Mucho mejor, desde luego, que lo ofrecido por Leclerc, que calific\u00f3 su actuaci\u00f3n como &quot;una de las peores carreras de mi vida&quot;.Los da\u00f1os causados por el monesgasco hicieron perder a Sainz cualquier opci\u00f3n frente a Oliver Bearman (Haas) y George Russell (Mercedes). &quot;Parece ser la historia de mi temporada hasta ahora. Es muy molesto que diferentes problemas nos sigan afectando cada fin de semana. Estoy conduciendo bien y s\u00e9 que vendr\u00e1n d\u00edas mejores, pero es frustrante en este momento&quot;, concluy\u00f3.Cualquier esperanza, a partir de ahora, se deposita en Spa y Hungaroring, los dos \u00faltimos grandes premios antes de las vacaciones. &quot;Nos encontramos en una situaci\u00f3n complicada porque los rivales han mejorado y est\u00e1n empezando a sumar muchos puntos&quot;, se\u00f1al\u00f3 en relaci\u00f3n al sorprendente podio de Hulkenberg. Desde luego, trabajo no va a faltar durante las pr\u00f3ximas semanas en la f\u00e1brica de Grove. Ni presi\u00f3n para los ingenieros desplazados a B\u00e9lgica y Hungr\u00eda. En cualquier caso, James Vowles, team principal de Williams opta por mantener la calma durante estas &quot;dos semanas de reseteo&quot;. &quot;Se notaba que el coche lo hab\u00edamos configurado m\u00e1s para una carrera en seco. No tuvimos suerte. Aston Martin nos adelant\u00f3 y nos quedamos atr\u00e1s, pero al final Alex volaba y pudo remontar, lo que demuestra el cambio en nuestro rendimiento. Tampoco acertamos con la segunda estrategia con los intermedios, lo que nos cost\u00f3 muchos segundos&quot;, analiz\u00f3 el brit\u00e1nico.\" \/>\n<meta property=\"og:url\" content=\"https:\/\/vof-news.eu\/es\/la-peor-racha-para-carlos-sainz-en-siete-anos-empieza-a-ser-muy-cansino\/\" \/>\n<meta property=\"og:site_name\" content=\"vof-news.eu\" \/>\n<meta property=\"article:published_time\" content=\"2025-07-06T20:19:04+00:00\" \/>\n<meta property=\"article:modified_time\" content=\"2025-07-06T20:19:19+00:00\" \/>\n<meta property=\"og:image\" content=\"https:\/\/vof-news.eu\/wp-content\/uploads\/2025\/07\/17518274382929.jpg\" \/>\n\t<meta property=\"og:image:width\" content=\"1366\" \/>\n\t<meta property=\"og:image:height\" content=\"911\" \/>\n\t<meta property=\"og:image:type\" content=\"image\/jpeg\" \/>\n<meta name=\"author\" content=\"Author\" \/>\n<meta name=\"twitter:card\" content=\"summary_large_image\" \/>\n<meta name=\"twitter:label1\" content=\"Escrito por\" \/>\n\t<meta name=\"twitter:data1\" content=\"Author\" \/>\n\t<meta name=\"twitter:label2\" content=\"Tiempo de lectura\" \/>\n\t<meta name=\"twitter:data2\" content=\"3 minutos\" \/>\n<script type=\"application\/ld+json\" class=\"yoast-schema-graph\">{\"@context\":\"https:\/\/schema.org\",\"@graph\":[{\"@type\":\"WebPage\",\"@id\":\"https:\/\/vof-news.eu\/es\/la-peor-racha-para-carlos-sainz-en-siete-anos-empieza-a-ser-muy-cansino\/\",\"url\":\"https:\/\/vof-news.eu\/es\/la-peor-racha-para-carlos-sainz-en-siete-anos-empieza-a-ser-muy-cansino\/\",\"name\":\"La peor racha para Carlos Sainz en siete a\u00f1os: \\\"Empieza a ser muy cansino\\\" - vof-news.eu\",\"isPartOf\":{\"@id\":\"https:\/\/vof-news.eu\/es\/#website\"},\"primaryImageOfPage\":{\"@id\":\"https:\/\/vof-news.eu\/es\/la-peor-racha-para-carlos-sainz-en-siete-anos-empieza-a-ser-muy-cansino\/#primaryimage\"},\"image\":{\"@id\":\"https:\/\/vof-news.eu\/es\/la-peor-racha-para-carlos-sainz-en-siete-anos-empieza-a-ser-muy-cansino\/#primaryimage\"},\"thumbnailUrl\":\"https:\/\/vof-news.eu\/wp-content\/uploads\/2025\/07\/17518274382929.jpg\",\"datePublished\":\"2025-07-06T20:19:04+00:00\",\"dateModified\":\"2025-07-06T20:19:19+00:00\",\"author\":{\"@id\":\"https:\/\/vof-news.eu\/es\/#\/schema\/person\/f6a2a4309f0561835797fd8c19b333ed\"},\"description\":\"El Mundial 2025 marcha cada vez m\u00e1s torcido para Carlos Sainz, que contin\u00faa perdiendo oportunidades para remontar el vuelo con Williams. Silverstone, escenario en 2022 de su formidable victoria con Ferrari, tampoco result\u00f3 esta vez propicio. \\\"Seguimos teniendo mala suerte y seguimos sin mejorar el coche\\\", concluy\u00f3 el madrile\u00f1o, duod\u00e9cimo en la meta al volante del FW47. Una semana despu\u00e9s de su abandono en Austria por culpa de los frenos, Sainz protagoniz\u00f3 otro desafortunado episodio cuando luchaba por la s\u00e9ptima posici\u00f3n frente a Charles Leclerc. \\\"Ha sufrido un trompo y se ha ido fuera, pero yo estaba a su izquierda y me ha destrozado el suelo y el aler\u00f3n delantero. Ah\u00ed termin\u00f3 mi carrera\\\", revel\u00f3 el madrile\u00f1o sobre el incidente en Stowe, la curva 15.Se trata de la peor racha para Sainz desde 2018, cuando pilotaba para Renault al lado de Nico Hulkenberg, gran protagonista del domingo en Silverstone. A mitad de aquel Mundial, entre el GP de Austria y el GP de B\u00e9lgica, \u00fanicamente sum\u00f3 con un noveno puesto en el GP de Hungr\u00eda. Hoy, tras las cinco \u00faltimas citas, s\u00f3lo ha ara\u00f1ado un punto en M\u00f3naco y Canad\u00e1. Adem\u00e1s, el duelo particular frente a Alex Albon tampoco le deja en buen lugar, ya que el balance resulta tan desfavorable los s\u00e1bados (5-7) como en carrera (3-8).\\\"s\u00e9 que vendr\u00e1n d\u00edas mejores\\\"\\\"Empieza a ser muy cansino y desesperante que nos pasen tantas cosas\\\", lament\u00f3 Carlos, que hasta el citado episodio con su ex compa\u00f1ero hab\u00eda evitado cualquier problema, con una buena gesti\u00f3n de los neum\u00e1ticos y un aceptable ritmo. Mucho mejor, desde luego, que lo ofrecido por Leclerc, que calific\u00f3 su actuaci\u00f3n como \\\"una de las peores carreras de mi vida\\\".Los da\u00f1os causados por el monesgasco hicieron perder a Sainz cualquier opci\u00f3n frente a Oliver Bearman (Haas) y George Russell (Mercedes). \\\"Parece ser la historia de mi temporada hasta ahora. Es muy molesto que diferentes problemas nos sigan afectando cada fin de semana. Estoy conduciendo bien y s\u00e9 que vendr\u00e1n d\u00edas mejores, pero es frustrante en este momento\\\", concluy\u00f3.Cualquier esperanza, a partir de ahora, se deposita en Spa y Hungaroring, los dos \u00faltimos grandes premios antes de las vacaciones. \\\"Nos encontramos en una situaci\u00f3n complicada porque los rivales han mejorado y est\u00e1n empezando a sumar muchos puntos\\\", se\u00f1al\u00f3 en relaci\u00f3n al sorprendente podio de Hulkenberg. Desde luego, trabajo no va a faltar durante las pr\u00f3ximas semanas en la f\u00e1brica de Grove. Ni presi\u00f3n para los ingenieros desplazados a B\u00e9lgica y Hungr\u00eda. En cualquier caso, James Vowles, team principal de Williams opta por mantener la calma durante estas \\\"dos semanas de reseteo\\\". \\\"Se notaba que el coche lo hab\u00edamos configurado m\u00e1s para una carrera en seco. No tuvimos suerte. Aston Martin nos adelant\u00f3 y nos quedamos atr\u00e1s, pero al final Alex volaba y pudo remontar, lo que demuestra el cambio en nuestro rendimiento. Tampoco acertamos con la segunda estrategia con los intermedios, lo que nos cost\u00f3 muchos segundos\\\", analiz\u00f3 el brit\u00e1nico.\",\"breadcrumb\":{\"@id\":\"https:\/\/vof-news.eu\/es\/la-peor-racha-para-carlos-sainz-en-siete-anos-empieza-a-ser-muy-cansino\/#breadcrumb\"},\"inLanguage\":\"es\",\"potentialAction\":[{\"@type\":\"ReadAction\",\"target\":[\"https:\/\/vof-news.eu\/es\/la-peor-racha-para-carlos-sainz-en-siete-anos-empieza-a-ser-muy-cansino\/\"]}]},{\"@type\":\"ImageObject\",\"inLanguage\":\"es\",\"@id\":\"https:\/\/vof-news.eu\/es\/la-peor-racha-para-carlos-sainz-en-siete-anos-empieza-a-ser-muy-cansino\/#primaryimage\",\"url\":\"https:\/\/vof-news.eu\/wp-content\/uploads\/2025\/07\/17518274382929.jpg\",\"contentUrl\":\"https:\/\/vof-news.eu\/wp-content\/uploads\/2025\/07\/17518274382929.jpg\",\"width\":1366,\"height\":911},{\"@type\":\"BreadcrumbList\",\"@id\":\"https:\/\/vof-news.eu\/es\/la-peor-racha-para-carlos-sainz-en-siete-anos-empieza-a-ser-muy-cansino\/#breadcrumb\",\"itemListElement\":[{\"@type\":\"ListItem\",\"position\":1,\"name\":\"Home\",\"item\":\"https:\/\/vof-news.eu\/es\/\"},{\"@type\":\"ListItem\",\"position\":2,\"name\":\"La peor racha para Carlos Sainz en siete a\u00f1os: &#8220;Empieza a ser muy cansino&#8221;\"}]},{\"@type\":\"WebSite\",\"@id\":\"https:\/\/vof-news.eu\/es\/#website\",\"url\":\"https:\/\/vof-news.eu\/es\/\",\"name\":\"vof-news.eu\",\"description\":\"\",\"potentialAction\":[{\"@type\":\"SearchAction\",\"target\":{\"@type\":\"EntryPoint\",\"urlTemplate\":\"https:\/\/vof-news.eu\/es\/?s={search_term_string}\"},\"query-input\":\"required name=search_term_string\"}],\"inLanguage\":\"es\"},{\"@type\":\"Person\",\"@id\":\"https:\/\/vof-news.eu\/es\/#\/schema\/person\/f6a2a4309f0561835797fd8c19b333ed\",\"name\":\"Author\",\"image\":{\"@type\":\"ImageObject\",\"inLanguage\":\"es\",\"@id\":\"https:\/\/vof-news.eu\/es\/#\/schema\/person\/image\/\",\"url\":\"https:\/\/secure.gravatar.com\/avatar\/b67e614b1b25b3e9c0c239efdd2fde5ab015b5affd6f1c3c85911ca4b384e790?s=96&d=mm&r=g\",\"contentUrl\":\"https:\/\/secure.gravatar.com\/avatar\/b67e614b1b25b3e9c0c239efdd2fde5ab015b5affd6f1c3c85911ca4b384e790?s=96&d=mm&r=g\",\"caption\":\"Author\"},\"sameAs\":[\"http:\/\/vof-news.eu\"],\"url\":\"https:\/\/vof-news.eu\/es\/author\/zwt6qxnjulxbnyg\/\"}]}<\/script>\n<!-- \/ Yoast SEO plugin. -->","yoast_head_json":{"title":"La peor racha para Carlos Sainz en siete a\u00f1os: \"Empieza a ser muy cansino\" - vof-news.eu","description":"El Mundial 2025 marcha cada vez m\u00e1s torcido para Carlos Sainz, que contin\u00faa perdiendo oportunidades para remontar el vuelo con Williams. Silverstone, escenario en 2022 de su formidable victoria con Ferrari, tampoco result\u00f3 esta vez propicio. \"Seguimos teniendo mala suerte y seguimos sin mejorar el coche\", concluy\u00f3 el madrile\u00f1o, duod\u00e9cimo en la meta al volante del FW47. Una semana despu\u00e9s de su abandono en Austria por culpa de los frenos, Sainz protagoniz\u00f3 otro desafortunado episodio cuando luchaba por la s\u00e9ptima posici\u00f3n frente a Charles Leclerc. \"Ha sufrido un trompo y se ha ido fuera, pero yo estaba a su izquierda y me ha destrozado el suelo y el aler\u00f3n delantero. Ah\u00ed termin\u00f3 mi carrera\", revel\u00f3 el madrile\u00f1o sobre el incidente en Stowe, la curva 15.Se trata de la peor racha para Sainz desde 2018, cuando pilotaba para Renault al lado de Nico Hulkenberg, gran protagonista del domingo en Silverstone. A mitad de aquel Mundial, entre el GP de Austria y el GP de B\u00e9lgica, \u00fanicamente sum\u00f3 con un noveno puesto en el GP de Hungr\u00eda. Hoy, tras las cinco \u00faltimas citas, s\u00f3lo ha ara\u00f1ado un punto en M\u00f3naco y Canad\u00e1. Adem\u00e1s, el duelo particular frente a Alex Albon tampoco le deja en buen lugar, ya que el balance resulta tan desfavorable los s\u00e1bados (5-7) como en carrera (3-8).\"s\u00e9 que vendr\u00e1n d\u00edas mejores\"\"Empieza a ser muy cansino y desesperante que nos pasen tantas cosas\", lament\u00f3 Carlos, que hasta el citado episodio con su ex compa\u00f1ero hab\u00eda evitado cualquier problema, con una buena gesti\u00f3n de los neum\u00e1ticos y un aceptable ritmo. Mucho mejor, desde luego, que lo ofrecido por Leclerc, que calific\u00f3 su actuaci\u00f3n como \"una de las peores carreras de mi vida\".Los da\u00f1os causados por el monesgasco hicieron perder a Sainz cualquier opci\u00f3n frente a Oliver Bearman (Haas) y George Russell (Mercedes). \"Parece ser la historia de mi temporada hasta ahora. Es muy molesto que diferentes problemas nos sigan afectando cada fin de semana. Estoy conduciendo bien y s\u00e9 que vendr\u00e1n d\u00edas mejores, pero es frustrante en este momento\", concluy\u00f3.Cualquier esperanza, a partir de ahora, se deposita en Spa y Hungaroring, los dos \u00faltimos grandes premios antes de las vacaciones. \"Nos encontramos en una situaci\u00f3n complicada porque los rivales han mejorado y est\u00e1n empezando a sumar muchos puntos\", se\u00f1al\u00f3 en relaci\u00f3n al sorprendente podio de Hulkenberg. Desde luego, trabajo no va a faltar durante las pr\u00f3ximas semanas en la f\u00e1brica de Grove. Ni presi\u00f3n para los ingenieros desplazados a B\u00e9lgica y Hungr\u00eda. En cualquier caso, James Vowles, team principal de Williams opta por mantener la calma durante estas \"dos semanas de reseteo\". \"Se notaba que el coche lo hab\u00edamos configurado m\u00e1s para una carrera en seco. No tuvimos suerte. Aston Martin nos adelant\u00f3 y nos quedamos atr\u00e1s, pero al final Alex volaba y pudo remontar, lo que demuestra el cambio en nuestro rendimiento. Tampoco acertamos con la segunda estrategia con los intermedios, lo que nos cost\u00f3 muchos segundos\", analiz\u00f3 el brit\u00e1nico.","robots":{"index":"noindex","follow":"follow","max-snippet":"max-snippet:-1","max-image-preview":"max-image-preview:large","max-video-preview":"max-video-preview:-1"},"og_locale":"es_ES","og_type":"article","og_title":"La peor racha para Carlos Sainz en siete a\u00f1os: \"Empieza a ser muy cansino\" - vof-news.eu","og_description":"El Mundial 2025 marcha cada vez m\u00e1s torcido para Carlos Sainz, que contin\u00faa perdiendo oportunidades para remontar el vuelo con Williams. Silverstone, escenario en 2022 de su formidable victoria con Ferrari, tampoco result\u00f3 esta vez propicio. \"Seguimos teniendo mala suerte y seguimos sin mejorar el coche\", concluy\u00f3 el madrile\u00f1o, duod\u00e9cimo en la meta al volante del FW47. Una semana despu\u00e9s de su abandono en Austria por culpa de los frenos, Sainz protagoniz\u00f3 otro desafortunado episodio cuando luchaba por la s\u00e9ptima posici\u00f3n frente a Charles Leclerc. \"Ha sufrido un trompo y se ha ido fuera, pero yo estaba a su izquierda y me ha destrozado el suelo y el aler\u00f3n delantero. Ah\u00ed termin\u00f3 mi carrera\", revel\u00f3 el madrile\u00f1o sobre el incidente en Stowe, la curva 15.Se trata de la peor racha para Sainz desde 2018, cuando pilotaba para Renault al lado de Nico Hulkenberg, gran protagonista del domingo en Silverstone. A mitad de aquel Mundial, entre el GP de Austria y el GP de B\u00e9lgica, \u00fanicamente sum\u00f3 con un noveno puesto en el GP de Hungr\u00eda. Hoy, tras las cinco \u00faltimas citas, s\u00f3lo ha ara\u00f1ado un punto en M\u00f3naco y Canad\u00e1. Adem\u00e1s, el duelo particular frente a Alex Albon tampoco le deja en buen lugar, ya que el balance resulta tan desfavorable los s\u00e1bados (5-7) como en carrera (3-8).\"s\u00e9 que vendr\u00e1n d\u00edas mejores\"\"Empieza a ser muy cansino y desesperante que nos pasen tantas cosas\", lament\u00f3 Carlos, que hasta el citado episodio con su ex compa\u00f1ero hab\u00eda evitado cualquier problema, con una buena gesti\u00f3n de los neum\u00e1ticos y un aceptable ritmo. Mucho mejor, desde luego, que lo ofrecido por Leclerc, que calific\u00f3 su actuaci\u00f3n como \"una de las peores carreras de mi vida\".Los da\u00f1os causados por el monesgasco hicieron perder a Sainz cualquier opci\u00f3n frente a Oliver Bearman (Haas) y George Russell (Mercedes). \"Parece ser la historia de mi temporada hasta ahora. Es muy molesto que diferentes problemas nos sigan afectando cada fin de semana. Estoy conduciendo bien y s\u00e9 que vendr\u00e1n d\u00edas mejores, pero es frustrante en este momento\", concluy\u00f3.Cualquier esperanza, a partir de ahora, se deposita en Spa y Hungaroring, los dos \u00faltimos grandes premios antes de las vacaciones. \"Nos encontramos en una situaci\u00f3n complicada porque los rivales han mejorado y est\u00e1n empezando a sumar muchos puntos\", se\u00f1al\u00f3 en relaci\u00f3n al sorprendente podio de Hulkenberg. Desde luego, trabajo no va a faltar durante las pr\u00f3ximas semanas en la f\u00e1brica de Grove. Ni presi\u00f3n para los ingenieros desplazados a B\u00e9lgica y Hungr\u00eda. En cualquier caso, James Vowles, team principal de Williams opta por mantener la calma durante estas \"dos semanas de reseteo\". \"Se notaba que el coche lo hab\u00edamos configurado m\u00e1s para una carrera en seco. No tuvimos suerte. Aston Martin nos adelant\u00f3 y nos quedamos atr\u00e1s, pero al final Alex volaba y pudo remontar, lo que demuestra el cambio en nuestro rendimiento. Tampoco acertamos con la segunda estrategia con los intermedios, lo que nos cost\u00f3 muchos segundos\", analiz\u00f3 el brit\u00e1nico.","og_url":"https:\/\/vof-news.eu\/es\/la-peor-racha-para-carlos-sainz-en-siete-anos-empieza-a-ser-muy-cansino\/","og_site_name":"vof-news.eu","article_published_time":"2025-07-06T20:19:04+00:00","article_modified_time":"2025-07-06T20:19:19+00:00","og_image":[{"width":1366,"height":911,"url":"https:\/\/vof-news.eu\/wp-content\/uploads\/2025\/07\/17518274382929.jpg","type":"image\/jpeg"}],"author":"Author","twitter_card":"summary_large_image","twitter_misc":{"Escrito por":"Author","Tiempo de lectura":"3 minutos"},"schema":{"@context":"https:\/\/schema.org","@graph":[{"@type":"WebPage","@id":"https:\/\/vof-news.eu\/es\/la-peor-racha-para-carlos-sainz-en-siete-anos-empieza-a-ser-muy-cansino\/","url":"https:\/\/vof-news.eu\/es\/la-peor-racha-para-carlos-sainz-en-siete-anos-empieza-a-ser-muy-cansino\/","name":"La peor racha para Carlos Sainz en siete a\u00f1os: \"Empieza a ser muy cansino\" - vof-news.eu","isPartOf":{"@id":"https:\/\/vof-news.eu\/es\/#website"},"primaryImageOfPage":{"@id":"https:\/\/vof-news.eu\/es\/la-peor-racha-para-carlos-sainz-en-siete-anos-empieza-a-ser-muy-cansino\/#primaryimage"},"image":{"@id":"https:\/\/vof-news.eu\/es\/la-peor-racha-para-carlos-sainz-en-siete-anos-empieza-a-ser-muy-cansino\/#primaryimage"},"thumbnailUrl":"https:\/\/vof-news.eu\/wp-content\/uploads\/2025\/07\/17518274382929.jpg","datePublished":"2025-07-06T20:19:04+00:00","dateModified":"2025-07-06T20:19:19+00:00","author":{"@id":"https:\/\/vof-news.eu\/es\/#\/schema\/person\/f6a2a4309f0561835797fd8c19b333ed"},"description":"El Mundial 2025 marcha cada vez m\u00e1s torcido para Carlos Sainz, que contin\u00faa perdiendo oportunidades para remontar el vuelo con Williams. Silverstone, escenario en 2022 de su formidable victoria con Ferrari, tampoco result\u00f3 esta vez propicio. \"Seguimos teniendo mala suerte y seguimos sin mejorar el coche\", concluy\u00f3 el madrile\u00f1o, duod\u00e9cimo en la meta al volante del FW47. Una semana despu\u00e9s de su abandono en Austria por culpa de los frenos, Sainz protagoniz\u00f3 otro desafortunado episodio cuando luchaba por la s\u00e9ptima posici\u00f3n frente a Charles Leclerc. \"Ha sufrido un trompo y se ha ido fuera, pero yo estaba a su izquierda y me ha destrozado el suelo y el aler\u00f3n delantero. Ah\u00ed termin\u00f3 mi carrera\", revel\u00f3 el madrile\u00f1o sobre el incidente en Stowe, la curva 15.Se trata de la peor racha para Sainz desde 2018, cuando pilotaba para Renault al lado de Nico Hulkenberg, gran protagonista del domingo en Silverstone. A mitad de aquel Mundial, entre el GP de Austria y el GP de B\u00e9lgica, \u00fanicamente sum\u00f3 con un noveno puesto en el GP de Hungr\u00eda. Hoy, tras las cinco \u00faltimas citas, s\u00f3lo ha ara\u00f1ado un punto en M\u00f3naco y Canad\u00e1. Adem\u00e1s, el duelo particular frente a Alex Albon tampoco le deja en buen lugar, ya que el balance resulta tan desfavorable los s\u00e1bados (5-7) como en carrera (3-8).\"s\u00e9 que vendr\u00e1n d\u00edas mejores\"\"Empieza a ser muy cansino y desesperante que nos pasen tantas cosas\", lament\u00f3 Carlos, que hasta el citado episodio con su ex compa\u00f1ero hab\u00eda evitado cualquier problema, con una buena gesti\u00f3n de los neum\u00e1ticos y un aceptable ritmo. Mucho mejor, desde luego, que lo ofrecido por Leclerc, que calific\u00f3 su actuaci\u00f3n como \"una de las peores carreras de mi vida\".Los da\u00f1os causados por el monesgasco hicieron perder a Sainz cualquier opci\u00f3n frente a Oliver Bearman (Haas) y George Russell (Mercedes). \"Parece ser la historia de mi temporada hasta ahora. Es muy molesto que diferentes problemas nos sigan afectando cada fin de semana. Estoy conduciendo bien y s\u00e9 que vendr\u00e1n d\u00edas mejores, pero es frustrante en este momento\", concluy\u00f3.Cualquier esperanza, a partir de ahora, se deposita en Spa y Hungaroring, los dos \u00faltimos grandes premios antes de las vacaciones. \"Nos encontramos en una situaci\u00f3n complicada porque los rivales han mejorado y est\u00e1n empezando a sumar muchos puntos\", se\u00f1al\u00f3 en relaci\u00f3n al sorprendente podio de Hulkenberg. Desde luego, trabajo no va a faltar durante las pr\u00f3ximas semanas en la f\u00e1brica de Grove. Ni presi\u00f3n para los ingenieros desplazados a B\u00e9lgica y Hungr\u00eda. En cualquier caso, James Vowles, team principal de Williams opta por mantener la calma durante estas \"dos semanas de reseteo\". \"Se notaba que el coche lo hab\u00edamos configurado m\u00e1s para una carrera en seco. No tuvimos suerte. Aston Martin nos adelant\u00f3 y nos quedamos atr\u00e1s, pero al final Alex volaba y pudo remontar, lo que demuestra el cambio en nuestro rendimiento. Tampoco acertamos con la segunda estrategia con los intermedios, lo que nos cost\u00f3 muchos segundos\", analiz\u00f3 el brit\u00e1nico.","breadcrumb":{"@id":"https:\/\/vof-news.eu\/es\/la-peor-racha-para-carlos-sainz-en-siete-anos-empieza-a-ser-muy-cansino\/#breadcrumb"},"inLanguage":"es","potentialAction":[{"@type":"ReadAction","target":["https:\/\/vof-news.eu\/es\/la-peor-racha-para-carlos-sainz-en-siete-anos-empieza-a-ser-muy-cansino\/"]}]},{"@type":"ImageObject","inLanguage":"es","@id":"https:\/\/vof-news.eu\/es\/la-peor-racha-para-carlos-sainz-en-siete-anos-empieza-a-ser-muy-cansino\/#primaryimage","url":"https:\/\/vof-news.eu\/wp-content\/uploads\/2025\/07\/17518274382929.jpg","contentUrl":"https:\/\/vof-news.eu\/wp-content\/uploads\/2025\/07\/17518274382929.jpg","width":1366,"height":911},{"@type":"BreadcrumbList","@id":"https:\/\/vof-news.eu\/es\/la-peor-racha-para-carlos-sainz-en-siete-anos-empieza-a-ser-muy-cansino\/#breadcrumb","itemListElement":[{"@type":"ListItem","position":1,"name":"Home","item":"https:\/\/vof-news.eu\/es\/"},{"@type":"ListItem","position":2,"name":"La peor racha para Carlos Sainz en siete a\u00f1os: &#8220;Empieza a ser muy cansino&#8221;"}]},{"@type":"WebSite","@id":"https:\/\/vof-news.eu\/es\/#website","url":"https:\/\/vof-news.eu\/es\/","name":"vof-news.eu","description":"","potentialAction":[{"@type":"SearchAction","target":{"@type":"EntryPoint","urlTemplate":"https:\/\/vof-news.eu\/es\/?s={search_term_string}"},"query-input":"required name=search_term_string"}],"inLanguage":"es"},{"@type":"Person","@id":"https:\/\/vof-news.eu\/es\/#\/schema\/person\/f6a2a4309f0561835797fd8c19b333ed","name":"Author","image":{"@type":"ImageObject","inLanguage":"es","@id":"https:\/\/vof-news.eu\/es\/#\/schema\/person\/image\/","url":"https:\/\/secure.gravatar.com\/avatar\/b67e614b1b25b3e9c0c239efdd2fde5ab015b5affd6f1c3c85911ca4b384e790?s=96&d=mm&r=g","contentUrl":"https:\/\/secure.gravatar.com\/avatar\/b67e614b1b25b3e9c0c239efdd2fde5ab015b5affd6f1c3c85911ca4b384e790?s=96&d=mm&r=g","caption":"Author"},"sameAs":["http:\/\/vof-news.eu"],"url":"https:\/\/vof-news.eu\/es\/author\/zwt6qxnjulxbnyg\/"}]}},"yoast_meta":{"yoast_wpseo_title":"","yoast_wpseo_metadesc":"","yoast_wpseo_canonical":""},"_links":{"self":[{"href":"https:\/\/vof-news.eu\/es\/wp-json\/wp\/v2\/posts\/248451","targetHints":{"allow":["GET"]}}],"collection":[{"href":"https:\/\/vof-news.eu\/es\/wp-json\/wp\/v2\/posts"}],"about":[{"href":"https:\/\/vof-news.eu\/es\/wp-json\/wp\/v2\/types\/post"}],"author":[{"embeddable":true,"href":"https:\/\/vof-news.eu\/es\/wp-json\/wp\/v2\/users\/1"}],"replies":[{"embeddable":true,"href":"https:\/\/vof-news.eu\/es\/wp-json\/wp\/v2\/comments?post=248451"}],"version-history":[{"count":1,"href":"https:\/\/vof-news.eu\/es\/wp-json\/wp\/v2\/posts\/248451\/revisions"}],"predecessor-version":[{"id":248458,"href":"https:\/\/vof-news.eu\/es\/wp-json\/wp\/v2\/posts\/248451\/revisions\/248458"}],"wp:featuredmedia":[{"embeddable":true,"href":"https:\/\/vof-news.eu\/es\/wp-json\/wp\/v2\/media\/248452"}],"wp:attachment":[{"href":"https:\/\/vof-news.eu\/es\/wp-json\/wp\/v2\/media?parent=248451"}],"wp:term":[{"taxonomy":"category","embeddable":true,"href":"https:\/\/vof-news.eu\/es\/wp-json\/wp\/v2\/categories?post=248451"},{"taxonomy":"post_tag","embeddable":true,"href":"https:\/\/vof-news.eu\/es\/wp-json\/wp\/v2\/tags?post=248451"}],"curies":[{"name":"wp","href":"https:\/\/api.w.org\/{rel}","templated":true}]}}