{"id":248385,"date":"2025-07-06T21:17:11","date_gmt":"2025-07-06T18:17:11","guid":{"rendered":"https:\/\/vof-news.eu\/abascal-asegura-que-no-les-preocupa-que-feijoo-copie-su-discurso-contra-la-inmigracion-es-una-victoria\/"},"modified":"2025-07-06T21:17:38","modified_gmt":"2025-07-06T18:17:38","slug":"abascal-asegura-que-no-les-preocupa-que-feijoo-copie-su-discurso-contra-la-inmigracion-es-una-victoria","status":"publish","type":"post","link":"https:\/\/vof-news.eu\/es\/abascal-asegura-que-no-les-preocupa-que-feijoo-copie-su-discurso-contra-la-inmigracion-es-una-victoria\/","title":{"rendered":"Abascal asegura que no les preocupa que Feij\u00f3o copie su discurso contra la inmigraci\u00f3n: \u201cEs una victoria\u201d"},"content":{"rendered":"<div>\n<p>\n        El l\u00edder de Vox, Santiago Abascal ha asegurado que no les preocupa que Alberto N\u00fa\u00f1ez Feij\u00f3o copie su discurso contra la inmigraci\u00f3n. Es m\u00e1s, no solo no les preocupa, sino que lo consideran una \u201cvictoria\u201d de sus \u201cposiciones pol\u00edticas\u201d. Con esas palabras se ha pronunciado el pol\u00edtico de extrema derecha este domingo en la localidad madrile\u00f1a de Alcal\u00e1 de Henares. \u201cNo nos preocupa que se hable de las cosas de las que habla Vox porque son las cosas que importan a la gente\u201d, ha a\u00f1adido.\n    <\/p>\n<p>\n        \u201cNo nos preocupa que haya quienes intenten copiar nuestro discurso, creemos que es una victoria de nuestras posiciones pol\u00edticas\u201d, ha dicho Abascal a la prensa durante su visita a Alcal\u00e1 despu\u00e9s de que el juez haya acordado la prisi\u00f3n provisional comunicada y sin fianza del detenido como presunto responsable de la agresi\u00f3n sexual de una joven en esta localidad madrile\u00f1a el pasado <a href=\"https:\/\/www.eldiario.es\/politica\/ultima-hora-actualidad-politica-directo_6_12437683_1114710.html\" rel=\"nofollow\">28 de junio<\/a>.\n    <\/p>\n<p>\n        \u201cLo que queremos es alertar a los espa\u00f1oles\u201d, ha continuado, \u201cde que algunos solo dicen esto antes de las elecciones y luego lo traicionan\u201d, en referencia a las pol\u00edticas contra las personas inmigrantes. Seg\u00fan ha considerado el l\u00edder de extrema derecha, las pol\u00edticas en materia de migraci\u00f3n del PP \u201cson compartidas con el PSOE y pactadas con Europa\u201d. \u201cNosotros no queremos regularizar a nadie\u201d, ha seguido.\n    <\/p>\n<p>\n        No es la primera vez que Abascal habla de las similitudes de su discurso con el del l\u00edder del PP. \u201cNo se puede hablar como Vox y actuar como el PSOE\u201d, dijo el <a href=\"https:\/\/www.eldiario.es\/politica\/abascal-avisa-feijoo-no-hablar-vox-actuar-psoe_1_12347687.html\" rel=\"nofollow\">pasado mes de junio<\/a>.\n    <\/p>\n<p>\n        Sobre un posible pacto con los de Feij\u00f3o, Abascal ha dicho que el d\u00eda que vean \u201cal PP cambiar las pol\u00edticas habr\u00e1 posibilidad de encuentro\u201d, mientras que este mismo domingo, en la clausura de su congreso, <a href=\"https:\/\/www.eldiario.es\/politica\/feijoo-clausura-congreso-reeleccion-frente-pp-no-cordon-sanitario-vox_1_12442889.html\" rel=\"nofollow\">Feij\u00f3o ha asegurado<\/a> que van a terminar con el \u201cmuro\u201d a Vox y que no le van a imponer \u201cning\u00fan cord\u00f3n sanitario\u201d.\n    <\/p>\n<p>\n        Durante su discurso en ese mismo evento, el l\u00edder de los populares ha cargado contra el Gobierno y Pedro S\u00e1nchez por \u201ctrocear el Estado, la caja com\u00fan, la acci\u00f3n exterior, la pol\u00edtica migratoria\u201d. Tambi\u00e9n ha hablado de las personas migrantes y, a continuaci\u00f3n, de seguridad, y ha dicho que va a \u201creducir la inmigraci\u00f3n ilegal\u201d, algo que le \u201cparece razonable\u201d, seg\u00fan ha explicado. Informa <strong>Aitor Riveiro<\/strong>.\n    <\/p>\n<\/div>\n","protected":false},"excerpt":{"rendered":"<p>El l\u00edder de Vox, Santiago Abascal ha asegurado que no les preocupa que Alberto N\u00fa\u00f1ez Feij\u00f3o copie su discurso contra la inmigraci\u00f3n. Es m\u00e1s, no solo no les preocupa, sino que lo consideran una \u201cvictoria\u201d de sus \u201cposiciones pol\u00edticas\u201d. Con esas palabras se ha pronunciado el pol\u00edtico de extrema derecha este domingo en la localidad<\/p>\n","protected":false},"author":1,"featured_media":248386,"comment_status":"open","ping_status":"open","sticky":false,"template":"","format":"standard","meta":{"footnotes":""},"categories":[71],"tags":[],"class_list":["post-248385","post","type-post","status-publish","format-standard","has-post-thumbnail","hentry","category-politics-es"],"acf":[],"yoast_head":"<!-- This site is optimized with the Yoast SEO plugin v22.9 - https:\/\/yoast.com\/wordpress\/plugins\/seo\/ -->\n<title>Abascal asegura que no les preocupa que Feij\u00f3o copie su discurso contra la inmigraci\u00f3n: \u201cEs una victoria\u201d - vof-news.eu<\/title>\n<meta name=\"description\" content=\"El l\u00edder de Vox, Santiago Abascal ha asegurado que no les preocupa que Alberto N\u00fa\u00f1ez Feij\u00f3o copie su discurso contra la inmigraci\u00f3n. Es m\u00e1s, no solo no les preocupa, sino que lo consideran una \u201cvictoria\u201d de sus \u201cposiciones pol\u00edticas\u201d. Con esas palabras se ha pronunciado el pol\u00edtico de extrema derecha este domingo en la localidad madrile\u00f1a de Alcal\u00e1 de Henares. \u201cNo nos preocupa que se hable de las cosas de las que habla Vox porque son las cosas que importan a la gente\u201d, ha a\u00f1adido.\" \/>\n<meta name=\"robots\" content=\"noindex, follow, max-snippet:-1, max-image-preview:large, max-video-preview:-1\" \/>\n<meta property=\"og:locale\" content=\"es_ES\" \/>\n<meta property=\"og:type\" content=\"article\" \/>\n<meta property=\"og:title\" content=\"Abascal asegura que no les preocupa que Feij\u00f3o copie su discurso contra la inmigraci\u00f3n: \u201cEs una victoria\u201d - vof-news.eu\" \/>\n<meta property=\"og:description\" content=\"El l\u00edder de Vox, Santiago Abascal ha asegurado que no les preocupa que Alberto N\u00fa\u00f1ez Feij\u00f3o copie su discurso contra la inmigraci\u00f3n. Es m\u00e1s, no solo no les preocupa, sino que lo consideran una \u201cvictoria\u201d de sus \u201cposiciones pol\u00edticas\u201d. Con esas palabras se ha pronunciado el pol\u00edtico de extrema derecha este domingo en la localidad madrile\u00f1a de Alcal\u00e1 de Henares. \u201cNo nos preocupa que se hable de las cosas de las que habla Vox porque son las cosas que importan a la gente\u201d, ha a\u00f1adido.\" \/>\n<meta property=\"og:url\" content=\"https:\/\/vof-news.eu\/es\/abascal-asegura-que-no-les-preocupa-que-feijoo-copie-su-discurso-contra-la-inmigracion-es-una-victoria\/\" \/>\n<meta property=\"og:site_name\" content=\"vof-news.eu\" \/>\n<meta property=\"article:published_time\" content=\"2025-07-06T18:17:11+00:00\" \/>\n<meta property=\"article:modified_time\" content=\"2025-07-06T18:17:38+00:00\" \/>\n<meta property=\"og:image\" content=\"https:\/\/vof-news.eu\/wp-content\/uploads\/2025\/07\/7f6c5080-e5e1-4024-8e7e-268ad5d124d3_16-9-discover-aspect-ratio_default_1121195.jpg\" \/>\n\t<meta property=\"og:image:width\" content=\"1200\" \/>\n\t<meta property=\"og:image:height\" content=\"674\" \/>\n\t<meta property=\"og:image:type\" content=\"image\/jpeg\" \/>\n<meta name=\"author\" content=\"Author\" \/>\n<meta name=\"twitter:card\" content=\"summary_large_image\" \/>\n<meta name=\"twitter:label1\" content=\"Escrito por\" \/>\n\t<meta name=\"twitter:data1\" content=\"Author\" \/>\n\t<meta name=\"twitter:label2\" content=\"Tiempo de lectura\" \/>\n\t<meta name=\"twitter:data2\" content=\"2 minutos\" \/>\n<script type=\"application\/ld+json\" class=\"yoast-schema-graph\">{\"@context\":\"https:\/\/schema.org\",\"@graph\":[{\"@type\":\"WebPage\",\"@id\":\"https:\/\/vof-news.eu\/es\/abascal-asegura-que-no-les-preocupa-que-feijoo-copie-su-discurso-contra-la-inmigracion-es-una-victoria\/\",\"url\":\"https:\/\/vof-news.eu\/es\/abascal-asegura-que-no-les-preocupa-que-feijoo-copie-su-discurso-contra-la-inmigracion-es-una-victoria\/\",\"name\":\"Abascal asegura que no les preocupa que Feij\u00f3o copie su discurso contra la inmigraci\u00f3n: \u201cEs una victoria\u201d - vof-news.eu\",\"isPartOf\":{\"@id\":\"https:\/\/vof-news.eu\/es\/#website\"},\"primaryImageOfPage\":{\"@id\":\"https:\/\/vof-news.eu\/es\/abascal-asegura-que-no-les-preocupa-que-feijoo-copie-su-discurso-contra-la-inmigracion-es-una-victoria\/#primaryimage\"},\"image\":{\"@id\":\"https:\/\/vof-news.eu\/es\/abascal-asegura-que-no-les-preocupa-que-feijoo-copie-su-discurso-contra-la-inmigracion-es-una-victoria\/#primaryimage\"},\"thumbnailUrl\":\"https:\/\/vof-news.eu\/wp-content\/uploads\/2025\/07\/7f6c5080-e5e1-4024-8e7e-268ad5d124d3_16-9-discover-aspect-ratio_default_1121195.jpg\",\"datePublished\":\"2025-07-06T18:17:11+00:00\",\"dateModified\":\"2025-07-06T18:17:38+00:00\",\"author\":{\"@id\":\"https:\/\/vof-news.eu\/es\/#\/schema\/person\/f6a2a4309f0561835797fd8c19b333ed\"},\"description\":\"El l\u00edder de Vox, Santiago Abascal ha asegurado que no les preocupa que Alberto N\u00fa\u00f1ez Feij\u00f3o copie su discurso contra la inmigraci\u00f3n. Es m\u00e1s, no solo no les preocupa, sino que lo consideran una \u201cvictoria\u201d de sus \u201cposiciones pol\u00edticas\u201d. Con esas palabras se ha pronunciado el pol\u00edtico de extrema derecha este domingo en la localidad madrile\u00f1a de Alcal\u00e1 de Henares. \u201cNo nos preocupa que se hable de las cosas de las que habla Vox porque son las cosas que importan a la gente\u201d, ha a\u00f1adido.\",\"breadcrumb\":{\"@id\":\"https:\/\/vof-news.eu\/es\/abascal-asegura-que-no-les-preocupa-que-feijoo-copie-su-discurso-contra-la-inmigracion-es-una-victoria\/#breadcrumb\"},\"inLanguage\":\"es\",\"potentialAction\":[{\"@type\":\"ReadAction\",\"target\":[\"https:\/\/vof-news.eu\/es\/abascal-asegura-que-no-les-preocupa-que-feijoo-copie-su-discurso-contra-la-inmigracion-es-una-victoria\/\"]}]},{\"@type\":\"ImageObject\",\"inLanguage\":\"es\",\"@id\":\"https:\/\/vof-news.eu\/es\/abascal-asegura-que-no-les-preocupa-que-feijoo-copie-su-discurso-contra-la-inmigracion-es-una-victoria\/#primaryimage\",\"url\":\"https:\/\/vof-news.eu\/wp-content\/uploads\/2025\/07\/7f6c5080-e5e1-4024-8e7e-268ad5d124d3_16-9-discover-aspect-ratio_default_1121195.jpg\",\"contentUrl\":\"https:\/\/vof-news.eu\/wp-content\/uploads\/2025\/07\/7f6c5080-e5e1-4024-8e7e-268ad5d124d3_16-9-discover-aspect-ratio_default_1121195.jpg\",\"width\":1200,\"height\":674},{\"@type\":\"BreadcrumbList\",\"@id\":\"https:\/\/vof-news.eu\/es\/abascal-asegura-que-no-les-preocupa-que-feijoo-copie-su-discurso-contra-la-inmigracion-es-una-victoria\/#breadcrumb\",\"itemListElement\":[{\"@type\":\"ListItem\",\"position\":1,\"name\":\"Home\",\"item\":\"https:\/\/vof-news.eu\/es\/\"},{\"@type\":\"ListItem\",\"position\":2,\"name\":\"Abascal asegura que no les preocupa que Feij\u00f3o copie su discurso contra la inmigraci\u00f3n: \u201cEs una victoria\u201d\"}]},{\"@type\":\"WebSite\",\"@id\":\"https:\/\/vof-news.eu\/es\/#website\",\"url\":\"https:\/\/vof-news.eu\/es\/\",\"name\":\"vof-news.eu\",\"description\":\"\",\"potentialAction\":[{\"@type\":\"SearchAction\",\"target\":{\"@type\":\"EntryPoint\",\"urlTemplate\":\"https:\/\/vof-news.eu\/es\/?s={search_term_string}\"},\"query-input\":\"required name=search_term_string\"}],\"inLanguage\":\"es\"},{\"@type\":\"Person\",\"@id\":\"https:\/\/vof-news.eu\/es\/#\/schema\/person\/f6a2a4309f0561835797fd8c19b333ed\",\"name\":\"Author\",\"image\":{\"@type\":\"ImageObject\",\"inLanguage\":\"es\",\"@id\":\"https:\/\/vof-news.eu\/es\/#\/schema\/person\/image\/\",\"url\":\"https:\/\/secure.gravatar.com\/avatar\/b67e614b1b25b3e9c0c239efdd2fde5ab015b5affd6f1c3c85911ca4b384e790?s=96&d=mm&r=g\",\"contentUrl\":\"https:\/\/secure.gravatar.com\/avatar\/b67e614b1b25b3e9c0c239efdd2fde5ab015b5affd6f1c3c85911ca4b384e790?s=96&d=mm&r=g\",\"caption\":\"Author\"},\"sameAs\":[\"http:\/\/vof-news.eu\"],\"url\":\"https:\/\/vof-news.eu\/es\/author\/zwt6qxnjulxbnyg\/\"}]}<\/script>\n<!-- \/ Yoast SEO plugin. -->","yoast_head_json":{"title":"Abascal asegura que no les preocupa que Feij\u00f3o copie su discurso contra la inmigraci\u00f3n: \u201cEs una victoria\u201d - vof-news.eu","description":"El l\u00edder de Vox, Santiago Abascal ha asegurado que no les preocupa que Alberto N\u00fa\u00f1ez Feij\u00f3o copie su discurso contra la inmigraci\u00f3n. Es m\u00e1s, no solo no les preocupa, sino que lo consideran una \u201cvictoria\u201d de sus \u201cposiciones pol\u00edticas\u201d. Con esas palabras se ha pronunciado el pol\u00edtico de extrema derecha este domingo en la localidad madrile\u00f1a de Alcal\u00e1 de Henares. \u201cNo nos preocupa que se hable de las cosas de las que habla Vox porque son las cosas que importan a la gente\u201d, ha a\u00f1adido.","robots":{"index":"noindex","follow":"follow","max-snippet":"max-snippet:-1","max-image-preview":"max-image-preview:large","max-video-preview":"max-video-preview:-1"},"og_locale":"es_ES","og_type":"article","og_title":"Abascal asegura que no les preocupa que Feij\u00f3o copie su discurso contra la inmigraci\u00f3n: \u201cEs una victoria\u201d - vof-news.eu","og_description":"El l\u00edder de Vox, Santiago Abascal ha asegurado que no les preocupa que Alberto N\u00fa\u00f1ez Feij\u00f3o copie su discurso contra la inmigraci\u00f3n. Es m\u00e1s, no solo no les preocupa, sino que lo consideran una \u201cvictoria\u201d de sus \u201cposiciones pol\u00edticas\u201d. Con esas palabras se ha pronunciado el pol\u00edtico de extrema derecha este domingo en la localidad madrile\u00f1a de Alcal\u00e1 de Henares. \u201cNo nos preocupa que se hable de las cosas de las que habla Vox porque son las cosas que importan a la gente\u201d, ha a\u00f1adido.","og_url":"https:\/\/vof-news.eu\/es\/abascal-asegura-que-no-les-preocupa-que-feijoo-copie-su-discurso-contra-la-inmigracion-es-una-victoria\/","og_site_name":"vof-news.eu","article_published_time":"2025-07-06T18:17:11+00:00","article_modified_time":"2025-07-06T18:17:38+00:00","og_image":[{"width":1200,"height":674,"url":"https:\/\/vof-news.eu\/wp-content\/uploads\/2025\/07\/7f6c5080-e5e1-4024-8e7e-268ad5d124d3_16-9-discover-aspect-ratio_default_1121195.jpg","type":"image\/jpeg"}],"author":"Author","twitter_card":"summary_large_image","twitter_misc":{"Escrito por":"Author","Tiempo de lectura":"2 minutos"},"schema":{"@context":"https:\/\/schema.org","@graph":[{"@type":"WebPage","@id":"https:\/\/vof-news.eu\/es\/abascal-asegura-que-no-les-preocupa-que-feijoo-copie-su-discurso-contra-la-inmigracion-es-una-victoria\/","url":"https:\/\/vof-news.eu\/es\/abascal-asegura-que-no-les-preocupa-que-feijoo-copie-su-discurso-contra-la-inmigracion-es-una-victoria\/","name":"Abascal asegura que no les preocupa que Feij\u00f3o copie su discurso contra la inmigraci\u00f3n: \u201cEs una victoria\u201d - vof-news.eu","isPartOf":{"@id":"https:\/\/vof-news.eu\/es\/#website"},"primaryImageOfPage":{"@id":"https:\/\/vof-news.eu\/es\/abascal-asegura-que-no-les-preocupa-que-feijoo-copie-su-discurso-contra-la-inmigracion-es-una-victoria\/#primaryimage"},"image":{"@id":"https:\/\/vof-news.eu\/es\/abascal-asegura-que-no-les-preocupa-que-feijoo-copie-su-discurso-contra-la-inmigracion-es-una-victoria\/#primaryimage"},"thumbnailUrl":"https:\/\/vof-news.eu\/wp-content\/uploads\/2025\/07\/7f6c5080-e5e1-4024-8e7e-268ad5d124d3_16-9-discover-aspect-ratio_default_1121195.jpg","datePublished":"2025-07-06T18:17:11+00:00","dateModified":"2025-07-06T18:17:38+00:00","author":{"@id":"https:\/\/vof-news.eu\/es\/#\/schema\/person\/f6a2a4309f0561835797fd8c19b333ed"},"description":"El l\u00edder de Vox, Santiago Abascal ha asegurado que no les preocupa que Alberto N\u00fa\u00f1ez Feij\u00f3o copie su discurso contra la inmigraci\u00f3n. Es m\u00e1s, no solo no les preocupa, sino que lo consideran una \u201cvictoria\u201d de sus \u201cposiciones pol\u00edticas\u201d. Con esas palabras se ha pronunciado el pol\u00edtico de extrema derecha este domingo en la localidad madrile\u00f1a de Alcal\u00e1 de Henares. \u201cNo nos preocupa que se hable de las cosas de las que habla Vox porque son las cosas que importan a la gente\u201d, ha a\u00f1adido.","breadcrumb":{"@id":"https:\/\/vof-news.eu\/es\/abascal-asegura-que-no-les-preocupa-que-feijoo-copie-su-discurso-contra-la-inmigracion-es-una-victoria\/#breadcrumb"},"inLanguage":"es","potentialAction":[{"@type":"ReadAction","target":["https:\/\/vof-news.eu\/es\/abascal-asegura-que-no-les-preocupa-que-feijoo-copie-su-discurso-contra-la-inmigracion-es-una-victoria\/"]}]},{"@type":"ImageObject","inLanguage":"es","@id":"https:\/\/vof-news.eu\/es\/abascal-asegura-que-no-les-preocupa-que-feijoo-copie-su-discurso-contra-la-inmigracion-es-una-victoria\/#primaryimage","url":"https:\/\/vof-news.eu\/wp-content\/uploads\/2025\/07\/7f6c5080-e5e1-4024-8e7e-268ad5d124d3_16-9-discover-aspect-ratio_default_1121195.jpg","contentUrl":"https:\/\/vof-news.eu\/wp-content\/uploads\/2025\/07\/7f6c5080-e5e1-4024-8e7e-268ad5d124d3_16-9-discover-aspect-ratio_default_1121195.jpg","width":1200,"height":674},{"@type":"BreadcrumbList","@id":"https:\/\/vof-news.eu\/es\/abascal-asegura-que-no-les-preocupa-que-feijoo-copie-su-discurso-contra-la-inmigracion-es-una-victoria\/#breadcrumb","itemListElement":[{"@type":"ListItem","position":1,"name":"Home","item":"https:\/\/vof-news.eu\/es\/"},{"@type":"ListItem","position":2,"name":"Abascal asegura que no les preocupa que Feij\u00f3o copie su discurso contra la inmigraci\u00f3n: \u201cEs una victoria\u201d"}]},{"@type":"WebSite","@id":"https:\/\/vof-news.eu\/es\/#website","url":"https:\/\/vof-news.eu\/es\/","name":"vof-news.eu","description":"","potentialAction":[{"@type":"SearchAction","target":{"@type":"EntryPoint","urlTemplate":"https:\/\/vof-news.eu\/es\/?s={search_term_string}"},"query-input":"required name=search_term_string"}],"inLanguage":"es"},{"@type":"Person","@id":"https:\/\/vof-news.eu\/es\/#\/schema\/person\/f6a2a4309f0561835797fd8c19b333ed","name":"Author","image":{"@type":"ImageObject","inLanguage":"es","@id":"https:\/\/vof-news.eu\/es\/#\/schema\/person\/image\/","url":"https:\/\/secure.gravatar.com\/avatar\/b67e614b1b25b3e9c0c239efdd2fde5ab015b5affd6f1c3c85911ca4b384e790?s=96&d=mm&r=g","contentUrl":"https:\/\/secure.gravatar.com\/avatar\/b67e614b1b25b3e9c0c239efdd2fde5ab015b5affd6f1c3c85911ca4b384e790?s=96&d=mm&r=g","caption":"Author"},"sameAs":["http:\/\/vof-news.eu"],"url":"https:\/\/vof-news.eu\/es\/author\/zwt6qxnjulxbnyg\/"}]}},"yoast_meta":{"yoast_wpseo_title":"","yoast_wpseo_metadesc":"","yoast_wpseo_canonical":""},"_links":{"self":[{"href":"https:\/\/vof-news.eu\/es\/wp-json\/wp\/v2\/posts\/248385","targetHints":{"allow":["GET"]}}],"collection":[{"href":"https:\/\/vof-news.eu\/es\/wp-json\/wp\/v2\/posts"}],"about":[{"href":"https:\/\/vof-news.eu\/es\/wp-json\/wp\/v2\/types\/post"}],"author":[{"embeddable":true,"href":"https:\/\/vof-news.eu\/es\/wp-json\/wp\/v2\/users\/1"}],"replies":[{"embeddable":true,"href":"https:\/\/vof-news.eu\/es\/wp-json\/wp\/v2\/comments?post=248385"}],"version-history":[{"count":1,"href":"https:\/\/vof-news.eu\/es\/wp-json\/wp\/v2\/posts\/248385\/revisions"}],"predecessor-version":[{"id":248392,"href":"https:\/\/vof-news.eu\/es\/wp-json\/wp\/v2\/posts\/248385\/revisions\/248392"}],"wp:featuredmedia":[{"embeddable":true,"href":"https:\/\/vof-news.eu\/es\/wp-json\/wp\/v2\/media\/248386"}],"wp:attachment":[{"href":"https:\/\/vof-news.eu\/es\/wp-json\/wp\/v2\/media?parent=248385"}],"wp:term":[{"taxonomy":"category","embeddable":true,"href":"https:\/\/vof-news.eu\/es\/wp-json\/wp\/v2\/categories?post=248385"},{"taxonomy":"post_tag","embeddable":true,"href":"https:\/\/vof-news.eu\/es\/wp-json\/wp\/v2\/tags?post=248385"}],"curies":[{"name":"wp","href":"https:\/\/api.w.org\/{rel}","templated":true}]}}