{"id":248273,"date":"2025-07-06T17:17:08","date_gmt":"2025-07-06T14:17:08","guid":{"rendered":"https:\/\/vof-news.eu\/feijoo-clausura-el-congreso-de-su-reeleccion-al-frente-del-pp-no-vamos-a-hacer-un-cordon-sanitario-a-vox\/"},"modified":"2025-07-06T17:17:40","modified_gmt":"2025-07-06T14:17:40","slug":"feijoo-clausura-el-congreso-de-su-reeleccion-al-frente-del-pp-no-vamos-a-hacer-un-cordon-sanitario-a-vox","status":"publish","type":"post","link":"https:\/\/vof-news.eu\/es\/feijoo-clausura-el-congreso-de-su-reeleccion-al-frente-del-pp-no-vamos-a-hacer-un-cordon-sanitario-a-vox\/","title":{"rendered":"Feij\u00f3o clausura el congreso de su reelecci\u00f3n al frente del PP: \u201cNo vamos a hacer un cord\u00f3n sanitario a Vox\u201d"},"content":{"rendered":"<div>\n<p>\n        \u201cNo vamos a hacer un cord\u00f3n sanitario a Vox. Es la tercera fuerza del pa\u00eds, sus votantes merecen respeto y no estoy dispuesto a arrinconarles\u201d. As\u00ed ha presentado el reelegido l\u00edder del PP, Alberto N\u00fa\u00f1ez Feij\u00f3o, sus credenciales para intentar ser presidente del Gobierno tras las pr\u00f3ximas elecciones, sean estas cuando sean. En el discurso de clausura del XXI Congreso Nacional del PP, Feij\u00f3o ha dicho tambi\u00e9n estar dispuesto a negociar con los independentistas, a los que ha ofrecido \u201cclaridad y vigilancia\u201d y pactos \u201cdentro de la ley y la Constituci\u00f3n\u201d. \u201cO S\u00e1nchez o yo\u201d, ha afirmado ante un partido entregado.\n    <\/p>\n<p>\n        Feij\u00f3o fue reelegido ayer con el 99,24% de los votos. Este domingo ha cerrado el c\u00f3nclave con un discurso en el que ha presumido de fuerza org\u00e1nica. \u201cAqu\u00ed est\u00e1 todo el PP. Todos juntos, todos los que hemos construido el partido\u201d, ha dicho en el arranque. Pero el congreso nacional ha tenido una ausencia notable: la de Pablo Casado. Su predecesor, orillado por quienes una vez lo auparon, no tiene asiento en ning\u00fan acto del partido desde que os\u00f3 poner en duda la honorabilidad de Isabel D\u00edaz Ayuso.\n    <\/p>\n<p>\n        \u201cEl equipo me ha pedido por favor que no improvise\u201d, ha bromeado desde el escenario, flanqueado por grandes banderas de Espa\u00f1a y de la UE. Pero en el PP nadie quer\u00eda que un patinazo del l\u00edder pudiera ensombrecer un congreso a su mayor gloria, manso, en el que nadie ha planteado ninguna batalla interna real.\n    <\/p>\n<p>\n        Todo el partido contiene el aliento ante unas encuestas contra las que el l\u00edder ha alertado al final: \u201cNo va a ser un paseo por el campo. Si algo sacamos en claro en 2023 es que frente a un adversario que solo conoce la ley de su propia ambici\u00f3n y desesperaci\u00f3n no cabe el descuido ni el exceso de confianza. No nos confiemos con la sonrisa de las encuestas. La \u00fanica sonrisa que vale es la de las urnas\u201d.\n    <\/p>\n<p>\n        Durante 45 minutos, Feij\u00f3o ha desgranado un discurso en el que ha optado por no centrarse en los problemas del PSOE, sino en su futurible proyecto de Gobierno. Con todo, los escribas del l\u00edder del PP han hecho un remedo del hist\u00f3rico \u201cyo acuso\u201d de \u00c9mile Zola, quien denunci\u00f3 de esa forma el llamado &#8216;affaire Dreyfus&#8217;, una acusaci\u00f3n injusta contra un militar franc\u00e9s en el siglo XIX. Zola se\u00f1al\u00f3 las falsedades judiciales que se lanzaron contra el capit\u00e1n, atacado por fuerzas econ\u00f3micas, pol\u00edticas y medi\u00e1ticas reaccionarias.\n    <\/p>\n<p>\n         \u201cYo acuso al presidente del Gobierno de intentar quebrar deliberadamente la convivencia entre los espa\u00f1oles. Le acuso de bloquear la concertaci\u00f3n pol\u00edtica para aprovecharse del enfrentamiento entre espa\u00f1oles. De dejar la centralidad y someterse a las minor\u00edas. De olvidar que Espa\u00f1a es una naci\u00f3n. De retorcer la Constituci\u00f3n y violentar en su provecho el principio de legalidad que a todos nos obliga\u201d.\n    <\/p>\n<p>\n        \u201cLe acuso de trocear el Estado, las fronteras, la caja com\u00fan, la acci\u00f3n exterior, la pol\u00edtica migratoria. De colonizar las instituciones para expandir su poder. Y de promover la desigualdad entre ciudadanos. Los n\u00fameros no mienten: la Espa\u00f1a de 2025 es m\u00e1s desigual que la de 2018. Es verdad\u201d. Un dato que no es cierto: <a href=\"https:\/\/www.eldiario.es\/economia\/pobreza-cae-minimos-2008-pese-agujero-vivienda_1_12052542.html\" rel=\"nofollow\">El riesgo de pobreza ha bajado del 20% por primera vez desde 2008<\/a>.\n    <\/p>\n<p>\n        Feij\u00f3o ha asumido \u201ctres compromisos concretos\u201d. Primero, \u201cun plan de regeneraci\u00f3n democr\u00e1tica que garantice contrapesos al poder, instituciones sin servidumbres pol\u00edticas y con dirigentes neutrales\u201d. Segundo, \u201cconvocar elecciones\u201d si presenta presupuestos y no se los aprueban. Tercero: \u201cNunca separar\u00e9 a los espa\u00f1oles con el dedo desde el Palacio de la Moncloa\u201d.\n    <\/p>\n<p>\n        Poco despu\u00e9s asegur\u00f3 que, si gobierna, no va a reunirse con EH Bildu, partido a quien impondr\u00e1 un \u201ccord\u00f3n sanitario\u201d mientras \u201cno pidan perd\u00f3n\u201d por los cr\u00edmenes de ETA ni ayuden \u201ca resolver los asesinatos pendientes\u201d.\n    <\/p>\n<h2>Pactar con Vox&#8230; y con Junts<\/h2>\n<p>\n        \u201cSolo hay dos opciones\u201d tras las pr\u00f3ximas elecciones, ha sostenido. \u201cO S\u00e1nchez o yo, no hay m\u00e1s\u201d. \u201cY yo quiero un Gobierno en solitario\u201d, ha a\u00f1adido, para decir que buscar\u00e1 \u201calianzas en el Congreso\u201d.\n    <\/p>\n<p>\n        Con Bildu no, pero con quien s\u00ed pactar\u00e1 Feij\u00f3o para llegar al poder es con Vox. No es una novedad, ya que en 2023 los de Santiago Abascal fueron los \u00fanicos que apoyaron su investidura, adem\u00e1s de UPN y Coalici\u00f3n Canaria. Pero el l\u00edder del PP ha querido remarcar esta idea con varias declaraciones concretas.\n    <\/p>\n<p>\n        Seg\u00fan ha dicho, la \u201cprimera frase\u201d del hipot\u00e9tico discurso de investidura que pronuncie tras las pr\u00f3ximas elecciones \u201cser\u00e1 para declarar que el muro entre espa\u00f1oles ya no existe\u201d. \u201cSe acab\u00f3 la pesadilla\u201d, ha a\u00f1adido. La referencia al \u201cmuro\u201d no es nueva. La lleva usando desde 2023 para citar, erroneamente, a Pedro S\u00e1nchez, quien dijo que  \u201cel \u00fanico muro eficaz contra las pol\u00edticas de la ultraderecha en comunidades y ayuntamientos ha sido el Gobierno de Espa\u00f1a\u201d.\n    <\/p>\n<p>\n        Por si quedaban dudas, Feij\u00f3o ha remachado: \u201cNo vamos a hacer un cord\u00f3n sanitario a Vox. Es la tercera fuerza del pa\u00eds, sus votantes merecen respeto y no estoy dispuesto a arrinconarles\u201d.\n    <\/p>\n<p>\n        El l\u00edder del PP ha advertido de que puede darse la misma circunstancia que tras el 23J. \u201c\u00bfQu\u00e9 pasa si faltan votos?\u201d, se ha preguntado. \u201cLo que ya pas\u00f3 hace unos a\u00f1os\u201d, ha dicho. \u201cNo voy a dar lo que no quiero ni puedo. No voy a firmar nada que vaya en contra de lo que hemos aprobado aqu\u00ed. Nada es nada. Lo siento\u201d, ha afirmado.\n    <\/p>\n<p>\n        Pero Feij\u00f3o s\u00ed ha abierto la puerta a pactar con los independentistas, incluido Junts. A estas fuerzas les ha ofrecido \u201cclaridad y vigilancia\u201d. \u201cNo me dedico a enga\u00f1ar a nadie, tampoco a ellos\u201d, ha afirmado. \u201cFuera de la ley y de la Constituci\u00f3n, nada de nada\u201d, ha sostenido, para a\u00f1adir que no va \u201ca consentir m\u00e1s desaf\u00edos al pa\u00eds\u201d.\n    <\/p>\n<p>\n        Ayer mismo, el alcalde de Badalona y presidente del congreso del PP, Xavier Garc\u00eda Albiol, tambi\u00e9n defendi\u00f3 los pactos con los independentistas. \u201cNo veo problema en llegar a un acuerdo con Junts para una moci\u00f3n de censura\u201d, dijo en declaraciones a los medios. El uso de la palabra \u201cclaridad\u201d no es balad\u00ed. La norma que rige un refer\u00e9ndum de independencia en Canad\u00e1 se llama precisamente \u201cley de claridad\u201d y permiti\u00f3 reconducir los problemas con Quebec. En 2023, Feij\u00f3o se plante\u00f3 el indulto a Carles Puigdemont como parte de un acuerdo para su investidura.\n    <\/p>\n<p>\n        Feij\u00f3o tambi\u00e9n ha dicho que se abrir\u00e1 a pactar con el PSOE. Eso s\u00ed, sin Pedro S\u00e1nchez al frente. \u201cCon este PSOE es imposible pactar, con el sanchismo no se puede acordar. Lo s\u00e9 por experiencia\u201d, ha dicho. Una afirmaci\u00f3n falsa, ya que Feij\u00f3o y S\u00e1nchez han pactado desde la renovaci\u00f3n del CGPJ y el Tribunal Constitucional a leyes o incluso una reforma constitucional. \u201cEso no significa renunciar a los consensos en los asuntos que lo requieren\u201d, ha afirmado. \u201cLa Presidencia del Gobierno exige grandeza y la voy a tener\u201d, ha dicho.\n    <\/p>\n<h2>Dureza con los migrantes, inconcreci\u00f3n en defensa<\/h2>\n<p>\n        Feij\u00f3o tambi\u00e9n ha esbozado levemente algunas de las acciones que pondr\u00e1 en marcha si llega al Gobierno. El l\u00edder del PP ha recuperado su ya cl\u00e1sico \u201cplan de regeneraci\u00f3n democr\u00e1tica e institucional\u201d y se ha comprometido a aprobar el Plan de Vivienda del PP en el primer Consejo de Ministros, que consiste b\u00e1sicamente en liberalizar suelo, reducir controles y bajar impuestos.\n    <\/p>\n<p>\n        Una idea que ha hecho extensible a todos los ciudadanos. \u201cBamos a bajar los impuestos\u201d, ha dicho de forma gen\u00e9rica, sin concretar. Adem\u00e1s ha dicho que va a \u201cincrementar los m\u00e9dicos de familia\u201d, pese a reconocer que es una competencia auton\u00f3mica y, aprobar un Pacto Nacional del Agua.\n    <\/p>\n<p>\n        Pero el mayor aplauso se lo ha llevado al hablar de las personas migrantes y, a continuaci\u00f3n, de seguridad. Una relaci\u00f3n que hoy no ha explicitado, a diferencia de lo que hizo en campa\u00f1a, aunque s\u00ed ha trazado una l\u00ednea que une ambos fen\u00f3menos.\n    <\/p>\n<p>\n        Feij\u00f3o ha dicho que va a \u201creducir la inmigraci\u00f3n ilegal\u201d, algo que, ha sostenido, \u201cparece razonable\u201d. \u201c\u00bfC\u00f3mo no va a ser razonable reducir lo ilegal?\u201d, se ha cuestionado, para a\u00f1adir que no va a \u201csimplificar un problema complejo\u201d. El l\u00edder del PP s\u00ed ha reconocido que Espa\u00f1a \u201cnecesita\u201d a las personas migrantes. \u201cQuien viene a trabajar, sin problemas\u201d.\n    <\/p>\n<p>\n        \u201cHay que reforzar la seguridad\u201d, ha a\u00f1adido a continuaci\u00f3n, \u201cpara caminar tranquilos, tranquilas, por las calles de Espa\u00f1a\u201d. Y \u201cseguridad para aquellos que velan por ella\u201d. Es decir, para las fuerzas y cuerpos de seguridad del Estado. \u201cMerecen recursos, reconocimiento y autoridad. Y la tendr\u00e1n\u201d, ha sostenido.\n    <\/p>\n<p>\n        Menos claro ha sido en pol\u00edtica de Defensa y, en concreto, sobre el gasto militar. Feij\u00f3o ha intentado no comprometerse a cumplir el 5% del PIB en defensa que exige la OTAN y EE UU, aunque ha dado pistas de que <a href=\"https:\/\/www.eldiario.es\/politica\/ultima-hora-actualidad-politica-directo_6_12415555_1114649.html\" rel=\"nofollow\">s\u00ed est\u00e1 dispuesto a cumplirlo<\/a>.\n    <\/p>\n<p>\n        Ante el PP, no ha querido decirlo, pero se ha excusado en que no tiene la informaci\u00f3n. \u201cMe gustar\u00eda deciros hasta la \u00faltima cifra de esta cuesti\u00f3n\u201d, ha asegurado. \u201cPero en tres a\u00f1os, por primera vez en la democracia espa\u00f1ola, el Gobierno no ha hablado con el principal partido de Espa\u00f1a, ni de pol\u00edtica de defensa ni de pol\u00edtica exterior\u201d.\n    <\/p>\n<p>\n        Eso s\u00ed, ha afirmado: \u201cSi firmo un papel, lo cumplo\u201d. Una referencia a la reciente cumbre de la OTAN en la que S\u00e1nchez se neg\u00f3 a asumir ese 5%. En el PP han dicho, a la vez, que Espa\u00f1a s\u00ed se comprometi\u00f3 y que el pa\u00eds se qued\u00f3 aislado de sus aliados. Fue, de hecho, lo que expres\u00f3 este s\u00e1bado el jefe del PP Europeo, el alem\u00e1n Manfred Weber, quien arremeti\u00f3 contra S\u00e1nchez por desmarcarse\n    <\/p>\n<p>\n        Finalmente, Feij\u00f3o ha anunciado \u201cuna Ley de Lenguas para que todos los ni\u00f1os espa\u00f1oles puedan ser educados en espa\u00f1ol\u201d.\n    <\/p>\n<h2>Ayuso: \u201cVamos a estar en todo momento a tu lado\u201d (y \u201cvigilantes\u201d)<\/h2>\n<p>\n        Antes de Feij\u00f3o, ha intervenido Isabel D\u00edaz Ayuso como anfitriona del congreso. La presidenta madrile\u00f1a s\u00ed ha dedicado la m\u00e1s de media hora que ha estado en el escenario para arremeter con todo contra Pedro S\u00e1nchez, como suele.\n    <\/p>\n<p>\n        La dirigente ha verbalizado la unidad que el PP ha teatralizado durante todo el fin de semana: \u201cVamos a estar en todo momento a tu lado\u201d. \u201cQu\u00e9 valent\u00eda hay que tener para ponerse al frente de este morlaco en este momento\u201d, ha asegurado. \u201cPor eso te vamos a acompa\u00f1ar\u201d, ha sostenido. Eso s\u00ed, le ha advertido: \u201cY vamos a estar vigilantes\u201d.\n    <\/p>\n<p>\n        \u201cMiles de personas nos hemos reunido este fin de semana para decir a los espa\u00f1oles que esta terrible situaci\u00f3n que estamos viviendo llega a su fin, que somos una de las naciones sin las que el mundo no se entender\u00eda y que <a href=\"https:\/\/www.eldiario.es\/politica\/metamorfosis-madrilena-feijoo_1_12421305.html\" rel=\"nofollow\">un madrile\u00f1o de Galicia<\/a>, con este enorme equipo detr\u00e1s, va a devolver Espa\u00f1a a los espa\u00f1oles, como sucedi\u00f3 en la Transici\u00f3n\u201d.\n    <\/p>\n<\/div>\n","protected":false},"excerpt":{"rendered":"<p>\u201cNo vamos a hacer un cord\u00f3n sanitario a Vox. Es la tercera fuerza del pa\u00eds, sus votantes merecen respeto y no estoy dispuesto a arrinconarles\u201d. As\u00ed ha presentado el reelegido l\u00edder del PP, Alberto N\u00fa\u00f1ez Feij\u00f3o, sus credenciales para intentar ser presidente del Gobierno tras las pr\u00f3ximas elecciones, sean estas cuando sean. En el discurso<\/p>\n","protected":false},"author":1,"featured_media":248274,"comment_status":"open","ping_status":"open","sticky":false,"template":"","format":"standard","meta":{"footnotes":""},"categories":[71],"tags":[],"class_list":["post-248273","post","type-post","status-publish","format-standard","has-post-thumbnail","hentry","category-politics-es"],"acf":[],"yoast_head":"<!-- This site is optimized with the Yoast SEO plugin v22.9 - https:\/\/yoast.com\/wordpress\/plugins\/seo\/ -->\n<title>Feij\u00f3o clausura el congreso de su reelecci\u00f3n al frente del PP: \u201cNo vamos a hacer un cord\u00f3n sanitario a Vox\u201d - vof-news.eu<\/title>\n<meta name=\"description\" content=\"\u201cNo vamos a hacer un cord\u00f3n sanitario a Vox. Es la tercera fuerza del pa\u00eds, sus votantes merecen respeto y no estoy dispuesto a arrinconarles\u201d. As\u00ed ha presentado el reelegido l\u00edder del PP, Alberto N\u00fa\u00f1ez Feij\u00f3o, sus credenciales para intentar ser presidente del Gobierno tras las pr\u00f3ximas elecciones, sean estas cuando sean. En el discurso de clausura del XXI Congreso Nacional del PP, Feij\u00f3o ha dicho tambi\u00e9n estar dispuesto a negociar con los independentistas, a los que ha ofrecido \u201cclaridad y vigilancia\u201d y pactos \u201cdentro de la ley y la Constituci\u00f3n\u201d. \u201cO S\u00e1nchez o yo\u201d, ha afirmado ante un partido entregado.\" \/>\n<meta name=\"robots\" content=\"noindex, follow, max-snippet:-1, max-image-preview:large, max-video-preview:-1\" \/>\n<meta property=\"og:locale\" content=\"es_ES\" \/>\n<meta property=\"og:type\" content=\"article\" \/>\n<meta property=\"og:title\" content=\"Feij\u00f3o clausura el congreso de su reelecci\u00f3n al frente del PP: \u201cNo vamos a hacer un cord\u00f3n sanitario a Vox\u201d - vof-news.eu\" \/>\n<meta property=\"og:description\" content=\"\u201cNo vamos a hacer un cord\u00f3n sanitario a Vox. Es la tercera fuerza del pa\u00eds, sus votantes merecen respeto y no estoy dispuesto a arrinconarles\u201d. As\u00ed ha presentado el reelegido l\u00edder del PP, Alberto N\u00fa\u00f1ez Feij\u00f3o, sus credenciales para intentar ser presidente del Gobierno tras las pr\u00f3ximas elecciones, sean estas cuando sean. En el discurso de clausura del XXI Congreso Nacional del PP, Feij\u00f3o ha dicho tambi\u00e9n estar dispuesto a negociar con los independentistas, a los que ha ofrecido \u201cclaridad y vigilancia\u201d y pactos \u201cdentro de la ley y la Constituci\u00f3n\u201d. \u201cO S\u00e1nchez o yo\u201d, ha afirmado ante un partido entregado.\" \/>\n<meta property=\"og:url\" content=\"https:\/\/vof-news.eu\/es\/feijoo-clausura-el-congreso-de-su-reeleccion-al-frente-del-pp-no-vamos-a-hacer-un-cordon-sanitario-a-vox\/\" \/>\n<meta property=\"og:site_name\" content=\"vof-news.eu\" \/>\n<meta property=\"article:published_time\" content=\"2025-07-06T14:17:08+00:00\" \/>\n<meta property=\"article:modified_time\" content=\"2025-07-06T14:17:40+00:00\" \/>\n<meta property=\"og:image\" content=\"https:\/\/vof-news.eu\/wp-content\/uploads\/2025\/07\/e5f6a667-4793-49f0-a18c-bbae00ef1d9f_16-9-discover-aspect-ratio_default_1121194.jpg\" \/>\n\t<meta property=\"og:image:width\" content=\"1200\" \/>\n\t<meta property=\"og:image:height\" content=\"675\" \/>\n\t<meta property=\"og:image:type\" content=\"image\/jpeg\" \/>\n<meta name=\"author\" content=\"Author\" \/>\n<meta name=\"twitter:card\" content=\"summary_large_image\" \/>\n<meta name=\"twitter:label1\" content=\"Escrito por\" \/>\n\t<meta name=\"twitter:data1\" content=\"Author\" \/>\n\t<meta name=\"twitter:label2\" content=\"Tiempo de lectura\" \/>\n\t<meta name=\"twitter:data2\" content=\"10 minutos\" \/>\n<script type=\"application\/ld+json\" class=\"yoast-schema-graph\">{\"@context\":\"https:\/\/schema.org\",\"@graph\":[{\"@type\":\"WebPage\",\"@id\":\"https:\/\/vof-news.eu\/es\/feijoo-clausura-el-congreso-de-su-reeleccion-al-frente-del-pp-no-vamos-a-hacer-un-cordon-sanitario-a-vox\/\",\"url\":\"https:\/\/vof-news.eu\/es\/feijoo-clausura-el-congreso-de-su-reeleccion-al-frente-del-pp-no-vamos-a-hacer-un-cordon-sanitario-a-vox\/\",\"name\":\"Feij\u00f3o clausura el congreso de su reelecci\u00f3n al frente del PP: \u201cNo vamos a hacer un cord\u00f3n sanitario a Vox\u201d - vof-news.eu\",\"isPartOf\":{\"@id\":\"https:\/\/vof-news.eu\/es\/#website\"},\"primaryImageOfPage\":{\"@id\":\"https:\/\/vof-news.eu\/es\/feijoo-clausura-el-congreso-de-su-reeleccion-al-frente-del-pp-no-vamos-a-hacer-un-cordon-sanitario-a-vox\/#primaryimage\"},\"image\":{\"@id\":\"https:\/\/vof-news.eu\/es\/feijoo-clausura-el-congreso-de-su-reeleccion-al-frente-del-pp-no-vamos-a-hacer-un-cordon-sanitario-a-vox\/#primaryimage\"},\"thumbnailUrl\":\"https:\/\/vof-news.eu\/wp-content\/uploads\/2025\/07\/e5f6a667-4793-49f0-a18c-bbae00ef1d9f_16-9-discover-aspect-ratio_default_1121194.jpg\",\"datePublished\":\"2025-07-06T14:17:08+00:00\",\"dateModified\":\"2025-07-06T14:17:40+00:00\",\"author\":{\"@id\":\"https:\/\/vof-news.eu\/es\/#\/schema\/person\/f6a2a4309f0561835797fd8c19b333ed\"},\"description\":\"\u201cNo vamos a hacer un cord\u00f3n sanitario a Vox. Es la tercera fuerza del pa\u00eds, sus votantes merecen respeto y no estoy dispuesto a arrinconarles\u201d. As\u00ed ha presentado el reelegido l\u00edder del PP, Alberto N\u00fa\u00f1ez Feij\u00f3o, sus credenciales para intentar ser presidente del Gobierno tras las pr\u00f3ximas elecciones, sean estas cuando sean. En el discurso de clausura del XXI Congreso Nacional del PP, Feij\u00f3o ha dicho tambi\u00e9n estar dispuesto a negociar con los independentistas, a los que ha ofrecido \u201cclaridad y vigilancia\u201d y pactos \u201cdentro de la ley y la Constituci\u00f3n\u201d. \u201cO S\u00e1nchez o yo\u201d, ha afirmado ante un partido entregado.\",\"breadcrumb\":{\"@id\":\"https:\/\/vof-news.eu\/es\/feijoo-clausura-el-congreso-de-su-reeleccion-al-frente-del-pp-no-vamos-a-hacer-un-cordon-sanitario-a-vox\/#breadcrumb\"},\"inLanguage\":\"es\",\"potentialAction\":[{\"@type\":\"ReadAction\",\"target\":[\"https:\/\/vof-news.eu\/es\/feijoo-clausura-el-congreso-de-su-reeleccion-al-frente-del-pp-no-vamos-a-hacer-un-cordon-sanitario-a-vox\/\"]}]},{\"@type\":\"ImageObject\",\"inLanguage\":\"es\",\"@id\":\"https:\/\/vof-news.eu\/es\/feijoo-clausura-el-congreso-de-su-reeleccion-al-frente-del-pp-no-vamos-a-hacer-un-cordon-sanitario-a-vox\/#primaryimage\",\"url\":\"https:\/\/vof-news.eu\/wp-content\/uploads\/2025\/07\/e5f6a667-4793-49f0-a18c-bbae00ef1d9f_16-9-discover-aspect-ratio_default_1121194.jpg\",\"contentUrl\":\"https:\/\/vof-news.eu\/wp-content\/uploads\/2025\/07\/e5f6a667-4793-49f0-a18c-bbae00ef1d9f_16-9-discover-aspect-ratio_default_1121194.jpg\",\"width\":1200,\"height\":675},{\"@type\":\"BreadcrumbList\",\"@id\":\"https:\/\/vof-news.eu\/es\/feijoo-clausura-el-congreso-de-su-reeleccion-al-frente-del-pp-no-vamos-a-hacer-un-cordon-sanitario-a-vox\/#breadcrumb\",\"itemListElement\":[{\"@type\":\"ListItem\",\"position\":1,\"name\":\"Home\",\"item\":\"https:\/\/vof-news.eu\/es\/\"},{\"@type\":\"ListItem\",\"position\":2,\"name\":\"Feij\u00f3o clausura el congreso de su reelecci\u00f3n al frente del PP: \u201cNo vamos a hacer un cord\u00f3n sanitario a Vox\u201d\"}]},{\"@type\":\"WebSite\",\"@id\":\"https:\/\/vof-news.eu\/es\/#website\",\"url\":\"https:\/\/vof-news.eu\/es\/\",\"name\":\"vof-news.eu\",\"description\":\"\",\"potentialAction\":[{\"@type\":\"SearchAction\",\"target\":{\"@type\":\"EntryPoint\",\"urlTemplate\":\"https:\/\/vof-news.eu\/es\/?s={search_term_string}\"},\"query-input\":\"required name=search_term_string\"}],\"inLanguage\":\"es\"},{\"@type\":\"Person\",\"@id\":\"https:\/\/vof-news.eu\/es\/#\/schema\/person\/f6a2a4309f0561835797fd8c19b333ed\",\"name\":\"Author\",\"image\":{\"@type\":\"ImageObject\",\"inLanguage\":\"es\",\"@id\":\"https:\/\/vof-news.eu\/es\/#\/schema\/person\/image\/\",\"url\":\"https:\/\/secure.gravatar.com\/avatar\/b67e614b1b25b3e9c0c239efdd2fde5ab015b5affd6f1c3c85911ca4b384e790?s=96&d=mm&r=g\",\"contentUrl\":\"https:\/\/secure.gravatar.com\/avatar\/b67e614b1b25b3e9c0c239efdd2fde5ab015b5affd6f1c3c85911ca4b384e790?s=96&d=mm&r=g\",\"caption\":\"Author\"},\"sameAs\":[\"http:\/\/vof-news.eu\"],\"url\":\"https:\/\/vof-news.eu\/es\/author\/zwt6qxnjulxbnyg\/\"}]}<\/script>\n<!-- \/ Yoast SEO plugin. -->","yoast_head_json":{"title":"Feij\u00f3o clausura el congreso de su reelecci\u00f3n al frente del PP: \u201cNo vamos a hacer un cord\u00f3n sanitario a Vox\u201d - vof-news.eu","description":"\u201cNo vamos a hacer un cord\u00f3n sanitario a Vox. Es la tercera fuerza del pa\u00eds, sus votantes merecen respeto y no estoy dispuesto a arrinconarles\u201d. As\u00ed ha presentado el reelegido l\u00edder del PP, Alberto N\u00fa\u00f1ez Feij\u00f3o, sus credenciales para intentar ser presidente del Gobierno tras las pr\u00f3ximas elecciones, sean estas cuando sean. En el discurso de clausura del XXI Congreso Nacional del PP, Feij\u00f3o ha dicho tambi\u00e9n estar dispuesto a negociar con los independentistas, a los que ha ofrecido \u201cclaridad y vigilancia\u201d y pactos \u201cdentro de la ley y la Constituci\u00f3n\u201d. \u201cO S\u00e1nchez o yo\u201d, ha afirmado ante un partido entregado.","robots":{"index":"noindex","follow":"follow","max-snippet":"max-snippet:-1","max-image-preview":"max-image-preview:large","max-video-preview":"max-video-preview:-1"},"og_locale":"es_ES","og_type":"article","og_title":"Feij\u00f3o clausura el congreso de su reelecci\u00f3n al frente del PP: \u201cNo vamos a hacer un cord\u00f3n sanitario a Vox\u201d - vof-news.eu","og_description":"\u201cNo vamos a hacer un cord\u00f3n sanitario a Vox. Es la tercera fuerza del pa\u00eds, sus votantes merecen respeto y no estoy dispuesto a arrinconarles\u201d. As\u00ed ha presentado el reelegido l\u00edder del PP, Alberto N\u00fa\u00f1ez Feij\u00f3o, sus credenciales para intentar ser presidente del Gobierno tras las pr\u00f3ximas elecciones, sean estas cuando sean. En el discurso de clausura del XXI Congreso Nacional del PP, Feij\u00f3o ha dicho tambi\u00e9n estar dispuesto a negociar con los independentistas, a los que ha ofrecido \u201cclaridad y vigilancia\u201d y pactos \u201cdentro de la ley y la Constituci\u00f3n\u201d. \u201cO S\u00e1nchez o yo\u201d, ha afirmado ante un partido entregado.","og_url":"https:\/\/vof-news.eu\/es\/feijoo-clausura-el-congreso-de-su-reeleccion-al-frente-del-pp-no-vamos-a-hacer-un-cordon-sanitario-a-vox\/","og_site_name":"vof-news.eu","article_published_time":"2025-07-06T14:17:08+00:00","article_modified_time":"2025-07-06T14:17:40+00:00","og_image":[{"width":1200,"height":675,"url":"https:\/\/vof-news.eu\/wp-content\/uploads\/2025\/07\/e5f6a667-4793-49f0-a18c-bbae00ef1d9f_16-9-discover-aspect-ratio_default_1121194.jpg","type":"image\/jpeg"}],"author":"Author","twitter_card":"summary_large_image","twitter_misc":{"Escrito por":"Author","Tiempo de lectura":"10 minutos"},"schema":{"@context":"https:\/\/schema.org","@graph":[{"@type":"WebPage","@id":"https:\/\/vof-news.eu\/es\/feijoo-clausura-el-congreso-de-su-reeleccion-al-frente-del-pp-no-vamos-a-hacer-un-cordon-sanitario-a-vox\/","url":"https:\/\/vof-news.eu\/es\/feijoo-clausura-el-congreso-de-su-reeleccion-al-frente-del-pp-no-vamos-a-hacer-un-cordon-sanitario-a-vox\/","name":"Feij\u00f3o clausura el congreso de su reelecci\u00f3n al frente del PP: \u201cNo vamos a hacer un cord\u00f3n sanitario a Vox\u201d - vof-news.eu","isPartOf":{"@id":"https:\/\/vof-news.eu\/es\/#website"},"primaryImageOfPage":{"@id":"https:\/\/vof-news.eu\/es\/feijoo-clausura-el-congreso-de-su-reeleccion-al-frente-del-pp-no-vamos-a-hacer-un-cordon-sanitario-a-vox\/#primaryimage"},"image":{"@id":"https:\/\/vof-news.eu\/es\/feijoo-clausura-el-congreso-de-su-reeleccion-al-frente-del-pp-no-vamos-a-hacer-un-cordon-sanitario-a-vox\/#primaryimage"},"thumbnailUrl":"https:\/\/vof-news.eu\/wp-content\/uploads\/2025\/07\/e5f6a667-4793-49f0-a18c-bbae00ef1d9f_16-9-discover-aspect-ratio_default_1121194.jpg","datePublished":"2025-07-06T14:17:08+00:00","dateModified":"2025-07-06T14:17:40+00:00","author":{"@id":"https:\/\/vof-news.eu\/es\/#\/schema\/person\/f6a2a4309f0561835797fd8c19b333ed"},"description":"\u201cNo vamos a hacer un cord\u00f3n sanitario a Vox. Es la tercera fuerza del pa\u00eds, sus votantes merecen respeto y no estoy dispuesto a arrinconarles\u201d. As\u00ed ha presentado el reelegido l\u00edder del PP, Alberto N\u00fa\u00f1ez Feij\u00f3o, sus credenciales para intentar ser presidente del Gobierno tras las pr\u00f3ximas elecciones, sean estas cuando sean. En el discurso de clausura del XXI Congreso Nacional del PP, Feij\u00f3o ha dicho tambi\u00e9n estar dispuesto a negociar con los independentistas, a los que ha ofrecido \u201cclaridad y vigilancia\u201d y pactos \u201cdentro de la ley y la Constituci\u00f3n\u201d. \u201cO S\u00e1nchez o yo\u201d, ha afirmado ante un partido entregado.","breadcrumb":{"@id":"https:\/\/vof-news.eu\/es\/feijoo-clausura-el-congreso-de-su-reeleccion-al-frente-del-pp-no-vamos-a-hacer-un-cordon-sanitario-a-vox\/#breadcrumb"},"inLanguage":"es","potentialAction":[{"@type":"ReadAction","target":["https:\/\/vof-news.eu\/es\/feijoo-clausura-el-congreso-de-su-reeleccion-al-frente-del-pp-no-vamos-a-hacer-un-cordon-sanitario-a-vox\/"]}]},{"@type":"ImageObject","inLanguage":"es","@id":"https:\/\/vof-news.eu\/es\/feijoo-clausura-el-congreso-de-su-reeleccion-al-frente-del-pp-no-vamos-a-hacer-un-cordon-sanitario-a-vox\/#primaryimage","url":"https:\/\/vof-news.eu\/wp-content\/uploads\/2025\/07\/e5f6a667-4793-49f0-a18c-bbae00ef1d9f_16-9-discover-aspect-ratio_default_1121194.jpg","contentUrl":"https:\/\/vof-news.eu\/wp-content\/uploads\/2025\/07\/e5f6a667-4793-49f0-a18c-bbae00ef1d9f_16-9-discover-aspect-ratio_default_1121194.jpg","width":1200,"height":675},{"@type":"BreadcrumbList","@id":"https:\/\/vof-news.eu\/es\/feijoo-clausura-el-congreso-de-su-reeleccion-al-frente-del-pp-no-vamos-a-hacer-un-cordon-sanitario-a-vox\/#breadcrumb","itemListElement":[{"@type":"ListItem","position":1,"name":"Home","item":"https:\/\/vof-news.eu\/es\/"},{"@type":"ListItem","position":2,"name":"Feij\u00f3o clausura el congreso de su reelecci\u00f3n al frente del PP: \u201cNo vamos a hacer un cord\u00f3n sanitario a Vox\u201d"}]},{"@type":"WebSite","@id":"https:\/\/vof-news.eu\/es\/#website","url":"https:\/\/vof-news.eu\/es\/","name":"vof-news.eu","description":"","potentialAction":[{"@type":"SearchAction","target":{"@type":"EntryPoint","urlTemplate":"https:\/\/vof-news.eu\/es\/?s={search_term_string}"},"query-input":"required name=search_term_string"}],"inLanguage":"es"},{"@type":"Person","@id":"https:\/\/vof-news.eu\/es\/#\/schema\/person\/f6a2a4309f0561835797fd8c19b333ed","name":"Author","image":{"@type":"ImageObject","inLanguage":"es","@id":"https:\/\/vof-news.eu\/es\/#\/schema\/person\/image\/","url":"https:\/\/secure.gravatar.com\/avatar\/b67e614b1b25b3e9c0c239efdd2fde5ab015b5affd6f1c3c85911ca4b384e790?s=96&d=mm&r=g","contentUrl":"https:\/\/secure.gravatar.com\/avatar\/b67e614b1b25b3e9c0c239efdd2fde5ab015b5affd6f1c3c85911ca4b384e790?s=96&d=mm&r=g","caption":"Author"},"sameAs":["http:\/\/vof-news.eu"],"url":"https:\/\/vof-news.eu\/es\/author\/zwt6qxnjulxbnyg\/"}]}},"yoast_meta":{"yoast_wpseo_title":"","yoast_wpseo_metadesc":"","yoast_wpseo_canonical":""},"_links":{"self":[{"href":"https:\/\/vof-news.eu\/es\/wp-json\/wp\/v2\/posts\/248273","targetHints":{"allow":["GET"]}}],"collection":[{"href":"https:\/\/vof-news.eu\/es\/wp-json\/wp\/v2\/posts"}],"about":[{"href":"https:\/\/vof-news.eu\/es\/wp-json\/wp\/v2\/types\/post"}],"author":[{"embeddable":true,"href":"https:\/\/vof-news.eu\/es\/wp-json\/wp\/v2\/users\/1"}],"replies":[{"embeddable":true,"href":"https:\/\/vof-news.eu\/es\/wp-json\/wp\/v2\/comments?post=248273"}],"version-history":[{"count":1,"href":"https:\/\/vof-news.eu\/es\/wp-json\/wp\/v2\/posts\/248273\/revisions"}],"predecessor-version":[{"id":248280,"href":"https:\/\/vof-news.eu\/es\/wp-json\/wp\/v2\/posts\/248273\/revisions\/248280"}],"wp:featuredmedia":[{"embeddable":true,"href":"https:\/\/vof-news.eu\/es\/wp-json\/wp\/v2\/media\/248274"}],"wp:attachment":[{"href":"https:\/\/vof-news.eu\/es\/wp-json\/wp\/v2\/media?parent=248273"}],"wp:term":[{"taxonomy":"category","embeddable":true,"href":"https:\/\/vof-news.eu\/es\/wp-json\/wp\/v2\/categories?post=248273"},{"taxonomy":"post_tag","embeddable":true,"href":"https:\/\/vof-news.eu\/es\/wp-json\/wp\/v2\/tags?post=248273"}],"curies":[{"name":"wp","href":"https:\/\/api.w.org\/{rel}","templated":true}]}}