{"id":248233,"date":"2025-07-06T15:21:15","date_gmt":"2025-07-06T12:21:15","guid":{"rendered":"https:\/\/vof-news.eu\/el-ayatola-jamenei-reaparece-por-primera-vez-desde-el-ataque-de-israel-y-eeuu\/"},"modified":"2025-07-06T15:21:44","modified_gmt":"2025-07-06T12:21:44","slug":"el-ayatola-jamenei-reaparece-por-primera-vez-desde-el-ataque-de-israel-y-eeuu","status":"publish","type":"post","link":"https:\/\/vof-news.eu\/es\/el-ayatola-jamenei-reaparece-por-primera-vez-desde-el-ataque-de-israel-y-eeuu\/","title":{"rendered":"El ayatol\u00e1 Jamenei reaparece por primera vez desde el ataque de Israel y EEUU"},"content":{"rendered":"<div>\n<p>El l\u00edder supremo iran\u00ed, <b>el ayatol\u00e1 Al\u00ed Jamenei,<\/b> ha aparecido en p\u00fablico en la que supone la primera participaci\u00f3n del dirigente iran\u00ed en un acto p\u00fablico desde el inicio de la ofensiva israel\u00ed y estadounidense sobre Ir\u00e1n que comenz\u00f3 el 13 y termin\u00f3 el 24 de junio.<\/p>\n<p>Jamenei, de 86 a\u00f1os de edad, ha participado en una ceremonia de duelo en la Huseiniya Im\u00e1n Jomeini en la noche de Ashura, entre el 4 y 5 de junio, seg\u00fan recoge la televisi\u00f3n p\u00fablica iran\u00ed, <i>IRIB<\/i>.<\/p>\n<p>Durante el acto, el orador, Hoyatoleslam Masud Al\u00ed,<b> ha destacado la \u00abperseverancia y resistencia\u00bb de Ir\u00e1n <\/b>frente a la \u00abopresi\u00f3n\u00bb y ha puesto en valor el liderazgo de Ir\u00e1n en el \u00abeje de la resistencia\u00bb.\u00a0<\/p>\n<p>En contraste, <b>el \u00absionismo global\u00bb es el \u00abeje del frente de la falsedad\u00bb. <\/b>\u00abSiguiendo las ense\u00f1anzas de la Ashura la naci\u00f3n iran\u00ed jam\u00e1s se rendir\u00e1 frente al frente de la falsedad\u00bb, informa la agencia de noticias iran\u00ed Mizan.<\/p>\n<p>Israel hab\u00eda especulado durante <b>el ataque a Ir\u00e1n con la posibilidad de bombardear el lugar donde se ocultaba Jamenei<\/b>, seg\u00fan fuentes citadas por la prensa israel\u00ed, que asegura que Estados Unidos impidi\u00f3 la muerte del l\u00edder de la Rep\u00fablica Isl\u00e1mica.<\/p>\n<\/div>\n","protected":false},"excerpt":{"rendered":"<p>El l\u00edder supremo iran\u00ed, el ayatol\u00e1 Al\u00ed Jamenei, ha aparecido en p\u00fablico en la que supone la primera participaci\u00f3n del dirigente iran\u00ed en un acto p\u00fablico desde el inicio de la ofensiva israel\u00ed y estadounidense sobre Ir\u00e1n que comenz\u00f3 el 13 y termin\u00f3 el 24 de junio. Jamenei, de 86 a\u00f1os de edad, ha participado<\/p>\n","protected":false},"author":1,"featured_media":248234,"comment_status":"open","ping_status":"open","sticky":false,"template":"","format":"standard","meta":{"footnotes":""},"categories":[56],"tags":[],"class_list":["post-248233","post","type-post","status-publish","format-standard","has-post-thumbnail","hentry","category-main-news-es"],"acf":[],"yoast_head":"<!-- This site is optimized with the Yoast SEO plugin v22.9 - https:\/\/yoast.com\/wordpress\/plugins\/seo\/ -->\n<title>El ayatol\u00e1 Jamenei reaparece por primera vez desde el ataque de Israel y EEUU - vof-news.eu<\/title>\n<meta name=\"description\" content=\"El l\u00edder supremo iran\u00ed, el ayatol\u00e1 Al\u00ed Jamenei, ha aparecido en p\u00fablico en la que supone la primera participaci\u00f3n del dirigente iran\u00ed en un acto p\u00fablico desde el inicio de la ofensiva israel\u00ed y estadounidense sobre Ir\u00e1n que comenz\u00f3 el 13 y termin\u00f3 el 24 de junio.Jamenei, de 86 a\u00f1os de edad, ha participado en una ceremonia de duelo en la Huseiniya Im\u00e1n Jomeini en la noche de Ashura, entre el 4 y 5 de junio, seg\u00fan recoge la televisi\u00f3n p\u00fablica iran\u00ed, IRIB.Durante el acto, el orador, Hoyatoleslam Masud Al\u00ed, ha destacado la &quot;perseverancia y resistencia&quot; de Ir\u00e1n frente a la &quot;opresi\u00f3n&quot; y ha puesto en valor el liderazgo de Ir\u00e1n en el &quot;eje de la resistencia&quot;.\u00a0En contraste, el &quot;sionismo global&quot; es el &quot;eje del frente de la falsedad&quot;. &quot;Siguiendo las ense\u00f1anzas de la Ashura la naci\u00f3n iran\u00ed jam\u00e1s se rendir\u00e1 frente al frente de la falsedad&quot;, informa la agencia de noticias iran\u00ed Mizan.\" \/>\n<meta name=\"robots\" content=\"noindex, follow, max-snippet:-1, max-image-preview:large, max-video-preview:-1\" \/>\n<meta property=\"og:locale\" content=\"es_ES\" \/>\n<meta property=\"og:type\" content=\"article\" \/>\n<meta property=\"og:title\" content=\"El ayatol\u00e1 Jamenei reaparece por primera vez desde el ataque de Israel y EEUU - vof-news.eu\" \/>\n<meta property=\"og:description\" content=\"El l\u00edder supremo iran\u00ed, el ayatol\u00e1 Al\u00ed Jamenei, ha aparecido en p\u00fablico en la que supone la primera participaci\u00f3n del dirigente iran\u00ed en un acto p\u00fablico desde el inicio de la ofensiva israel\u00ed y estadounidense sobre Ir\u00e1n que comenz\u00f3 el 13 y termin\u00f3 el 24 de junio.Jamenei, de 86 a\u00f1os de edad, ha participado en una ceremonia de duelo en la Huseiniya Im\u00e1n Jomeini en la noche de Ashura, entre el 4 y 5 de junio, seg\u00fan recoge la televisi\u00f3n p\u00fablica iran\u00ed, IRIB.Durante el acto, el orador, Hoyatoleslam Masud Al\u00ed, ha destacado la &quot;perseverancia y resistencia&quot; de Ir\u00e1n frente a la &quot;opresi\u00f3n&quot; y ha puesto en valor el liderazgo de Ir\u00e1n en el &quot;eje de la resistencia&quot;.\u00a0En contraste, el &quot;sionismo global&quot; es el &quot;eje del frente de la falsedad&quot;. &quot;Siguiendo las ense\u00f1anzas de la Ashura la naci\u00f3n iran\u00ed jam\u00e1s se rendir\u00e1 frente al frente de la falsedad&quot;, informa la agencia de noticias iran\u00ed Mizan.\" \/>\n<meta property=\"og:url\" content=\"https:\/\/vof-news.eu\/es\/el-ayatola-jamenei-reaparece-por-primera-vez-desde-el-ataque-de-israel-y-eeuu\/\" \/>\n<meta property=\"og:site_name\" content=\"vof-news.eu\" \/>\n<meta property=\"article:published_time\" content=\"2025-07-06T12:21:15+00:00\" \/>\n<meta property=\"article:modified_time\" content=\"2025-07-06T12:21:44+00:00\" \/>\n<meta property=\"og:image\" content=\"https:\/\/vof-news.eu\/wp-content\/uploads\/2025\/07\/ayatola-jamenei-durante-su-reaparicion.jpeg\" \/>\n\t<meta property=\"og:image:width\" content=\"1200\" \/>\n\t<meta property=\"og:image:height\" content=\"720\" \/>\n\t<meta property=\"og:image:type\" content=\"image\/jpeg\" \/>\n<meta name=\"author\" content=\"Author\" \/>\n<meta name=\"twitter:card\" content=\"summary_large_image\" \/>\n<meta name=\"twitter:label1\" content=\"Escrito por\" \/>\n\t<meta name=\"twitter:data1\" content=\"Author\" \/>\n\t<meta name=\"twitter:label2\" content=\"Tiempo de lectura\" \/>\n\t<meta name=\"twitter:data2\" content=\"1 minuto\" \/>\n<script type=\"application\/ld+json\" class=\"yoast-schema-graph\">{\"@context\":\"https:\/\/schema.org\",\"@graph\":[{\"@type\":\"WebPage\",\"@id\":\"https:\/\/vof-news.eu\/es\/el-ayatola-jamenei-reaparece-por-primera-vez-desde-el-ataque-de-israel-y-eeuu\/\",\"url\":\"https:\/\/vof-news.eu\/es\/el-ayatola-jamenei-reaparece-por-primera-vez-desde-el-ataque-de-israel-y-eeuu\/\",\"name\":\"El ayatol\u00e1 Jamenei reaparece por primera vez desde el ataque de Israel y EEUU - vof-news.eu\",\"isPartOf\":{\"@id\":\"https:\/\/vof-news.eu\/es\/#website\"},\"primaryImageOfPage\":{\"@id\":\"https:\/\/vof-news.eu\/es\/el-ayatola-jamenei-reaparece-por-primera-vez-desde-el-ataque-de-israel-y-eeuu\/#primaryimage\"},\"image\":{\"@id\":\"https:\/\/vof-news.eu\/es\/el-ayatola-jamenei-reaparece-por-primera-vez-desde-el-ataque-de-israel-y-eeuu\/#primaryimage\"},\"thumbnailUrl\":\"https:\/\/vof-news.eu\/wp-content\/uploads\/2025\/07\/ayatola-jamenei-durante-su-reaparicion.jpeg\",\"datePublished\":\"2025-07-06T12:21:15+00:00\",\"dateModified\":\"2025-07-06T12:21:44+00:00\",\"author\":{\"@id\":\"https:\/\/vof-news.eu\/es\/#\/schema\/person\/f6a2a4309f0561835797fd8c19b333ed\"},\"description\":\"El l\u00edder supremo iran\u00ed, el ayatol\u00e1 Al\u00ed Jamenei, ha aparecido en p\u00fablico en la que supone la primera participaci\u00f3n del dirigente iran\u00ed en un acto p\u00fablico desde el inicio de la ofensiva israel\u00ed y estadounidense sobre Ir\u00e1n que comenz\u00f3 el 13 y termin\u00f3 el 24 de junio.Jamenei, de 86 a\u00f1os de edad, ha participado en una ceremonia de duelo en la Huseiniya Im\u00e1n Jomeini en la noche de Ashura, entre el 4 y 5 de junio, seg\u00fan recoge la televisi\u00f3n p\u00fablica iran\u00ed, IRIB.Durante el acto, el orador, Hoyatoleslam Masud Al\u00ed, ha destacado la \\\"perseverancia y resistencia\\\" de Ir\u00e1n frente a la \\\"opresi\u00f3n\\\" y ha puesto en valor el liderazgo de Ir\u00e1n en el \\\"eje de la resistencia\\\".\u00a0En contraste, el \\\"sionismo global\\\" es el \\\"eje del frente de la falsedad\\\". \\\"Siguiendo las ense\u00f1anzas de la Ashura la naci\u00f3n iran\u00ed jam\u00e1s se rendir\u00e1 frente al frente de la falsedad\\\", informa la agencia de noticias iran\u00ed Mizan.\",\"breadcrumb\":{\"@id\":\"https:\/\/vof-news.eu\/es\/el-ayatola-jamenei-reaparece-por-primera-vez-desde-el-ataque-de-israel-y-eeuu\/#breadcrumb\"},\"inLanguage\":\"es\",\"potentialAction\":[{\"@type\":\"ReadAction\",\"target\":[\"https:\/\/vof-news.eu\/es\/el-ayatola-jamenei-reaparece-por-primera-vez-desde-el-ataque-de-israel-y-eeuu\/\"]}]},{\"@type\":\"ImageObject\",\"inLanguage\":\"es\",\"@id\":\"https:\/\/vof-news.eu\/es\/el-ayatola-jamenei-reaparece-por-primera-vez-desde-el-ataque-de-israel-y-eeuu\/#primaryimage\",\"url\":\"https:\/\/vof-news.eu\/wp-content\/uploads\/2025\/07\/ayatola-jamenei-durante-su-reaparicion.jpeg\",\"contentUrl\":\"https:\/\/vof-news.eu\/wp-content\/uploads\/2025\/07\/ayatola-jamenei-durante-su-reaparicion.jpeg\",\"width\":1200,\"height\":720},{\"@type\":\"BreadcrumbList\",\"@id\":\"https:\/\/vof-news.eu\/es\/el-ayatola-jamenei-reaparece-por-primera-vez-desde-el-ataque-de-israel-y-eeuu\/#breadcrumb\",\"itemListElement\":[{\"@type\":\"ListItem\",\"position\":1,\"name\":\"Home\",\"item\":\"https:\/\/vof-news.eu\/es\/\"},{\"@type\":\"ListItem\",\"position\":2,\"name\":\"El ayatol\u00e1 Jamenei reaparece por primera vez desde el ataque de Israel y EEUU\"}]},{\"@type\":\"WebSite\",\"@id\":\"https:\/\/vof-news.eu\/es\/#website\",\"url\":\"https:\/\/vof-news.eu\/es\/\",\"name\":\"vof-news.eu\",\"description\":\"\",\"potentialAction\":[{\"@type\":\"SearchAction\",\"target\":{\"@type\":\"EntryPoint\",\"urlTemplate\":\"https:\/\/vof-news.eu\/es\/?s={search_term_string}\"},\"query-input\":\"required name=search_term_string\"}],\"inLanguage\":\"es\"},{\"@type\":\"Person\",\"@id\":\"https:\/\/vof-news.eu\/es\/#\/schema\/person\/f6a2a4309f0561835797fd8c19b333ed\",\"name\":\"Author\",\"image\":{\"@type\":\"ImageObject\",\"inLanguage\":\"es\",\"@id\":\"https:\/\/vof-news.eu\/es\/#\/schema\/person\/image\/\",\"url\":\"https:\/\/secure.gravatar.com\/avatar\/b67e614b1b25b3e9c0c239efdd2fde5ab015b5affd6f1c3c85911ca4b384e790?s=96&d=mm&r=g\",\"contentUrl\":\"https:\/\/secure.gravatar.com\/avatar\/b67e614b1b25b3e9c0c239efdd2fde5ab015b5affd6f1c3c85911ca4b384e790?s=96&d=mm&r=g\",\"caption\":\"Author\"},\"sameAs\":[\"http:\/\/vof-news.eu\"],\"url\":\"https:\/\/vof-news.eu\/es\/author\/zwt6qxnjulxbnyg\/\"}]}<\/script>\n<!-- \/ Yoast SEO plugin. -->","yoast_head_json":{"title":"El ayatol\u00e1 Jamenei reaparece por primera vez desde el ataque de Israel y EEUU - vof-news.eu","description":"El l\u00edder supremo iran\u00ed, el ayatol\u00e1 Al\u00ed Jamenei, ha aparecido en p\u00fablico en la que supone la primera participaci\u00f3n del dirigente iran\u00ed en un acto p\u00fablico desde el inicio de la ofensiva israel\u00ed y estadounidense sobre Ir\u00e1n que comenz\u00f3 el 13 y termin\u00f3 el 24 de junio.Jamenei, de 86 a\u00f1os de edad, ha participado en una ceremonia de duelo en la Huseiniya Im\u00e1n Jomeini en la noche de Ashura, entre el 4 y 5 de junio, seg\u00fan recoge la televisi\u00f3n p\u00fablica iran\u00ed, IRIB.Durante el acto, el orador, Hoyatoleslam Masud Al\u00ed, ha destacado la \"perseverancia y resistencia\" de Ir\u00e1n frente a la \"opresi\u00f3n\" y ha puesto en valor el liderazgo de Ir\u00e1n en el \"eje de la resistencia\".\u00a0En contraste, el \"sionismo global\" es el \"eje del frente de la falsedad\". \"Siguiendo las ense\u00f1anzas de la Ashura la naci\u00f3n iran\u00ed jam\u00e1s se rendir\u00e1 frente al frente de la falsedad\", informa la agencia de noticias iran\u00ed Mizan.","robots":{"index":"noindex","follow":"follow","max-snippet":"max-snippet:-1","max-image-preview":"max-image-preview:large","max-video-preview":"max-video-preview:-1"},"og_locale":"es_ES","og_type":"article","og_title":"El ayatol\u00e1 Jamenei reaparece por primera vez desde el ataque de Israel y EEUU - vof-news.eu","og_description":"El l\u00edder supremo iran\u00ed, el ayatol\u00e1 Al\u00ed Jamenei, ha aparecido en p\u00fablico en la que supone la primera participaci\u00f3n del dirigente iran\u00ed en un acto p\u00fablico desde el inicio de la ofensiva israel\u00ed y estadounidense sobre Ir\u00e1n que comenz\u00f3 el 13 y termin\u00f3 el 24 de junio.Jamenei, de 86 a\u00f1os de edad, ha participado en una ceremonia de duelo en la Huseiniya Im\u00e1n Jomeini en la noche de Ashura, entre el 4 y 5 de junio, seg\u00fan recoge la televisi\u00f3n p\u00fablica iran\u00ed, IRIB.Durante el acto, el orador, Hoyatoleslam Masud Al\u00ed, ha destacado la \"perseverancia y resistencia\" de Ir\u00e1n frente a la \"opresi\u00f3n\" y ha puesto en valor el liderazgo de Ir\u00e1n en el \"eje de la resistencia\".\u00a0En contraste, el \"sionismo global\" es el \"eje del frente de la falsedad\". \"Siguiendo las ense\u00f1anzas de la Ashura la naci\u00f3n iran\u00ed jam\u00e1s se rendir\u00e1 frente al frente de la falsedad\", informa la agencia de noticias iran\u00ed Mizan.","og_url":"https:\/\/vof-news.eu\/es\/el-ayatola-jamenei-reaparece-por-primera-vez-desde-el-ataque-de-israel-y-eeuu\/","og_site_name":"vof-news.eu","article_published_time":"2025-07-06T12:21:15+00:00","article_modified_time":"2025-07-06T12:21:44+00:00","og_image":[{"width":1200,"height":720,"url":"https:\/\/vof-news.eu\/wp-content\/uploads\/2025\/07\/ayatola-jamenei-durante-su-reaparicion.jpeg","type":"image\/jpeg"}],"author":"Author","twitter_card":"summary_large_image","twitter_misc":{"Escrito por":"Author","Tiempo de lectura":"1 minuto"},"schema":{"@context":"https:\/\/schema.org","@graph":[{"@type":"WebPage","@id":"https:\/\/vof-news.eu\/es\/el-ayatola-jamenei-reaparece-por-primera-vez-desde-el-ataque-de-israel-y-eeuu\/","url":"https:\/\/vof-news.eu\/es\/el-ayatola-jamenei-reaparece-por-primera-vez-desde-el-ataque-de-israel-y-eeuu\/","name":"El ayatol\u00e1 Jamenei reaparece por primera vez desde el ataque de Israel y EEUU - vof-news.eu","isPartOf":{"@id":"https:\/\/vof-news.eu\/es\/#website"},"primaryImageOfPage":{"@id":"https:\/\/vof-news.eu\/es\/el-ayatola-jamenei-reaparece-por-primera-vez-desde-el-ataque-de-israel-y-eeuu\/#primaryimage"},"image":{"@id":"https:\/\/vof-news.eu\/es\/el-ayatola-jamenei-reaparece-por-primera-vez-desde-el-ataque-de-israel-y-eeuu\/#primaryimage"},"thumbnailUrl":"https:\/\/vof-news.eu\/wp-content\/uploads\/2025\/07\/ayatola-jamenei-durante-su-reaparicion.jpeg","datePublished":"2025-07-06T12:21:15+00:00","dateModified":"2025-07-06T12:21:44+00:00","author":{"@id":"https:\/\/vof-news.eu\/es\/#\/schema\/person\/f6a2a4309f0561835797fd8c19b333ed"},"description":"El l\u00edder supremo iran\u00ed, el ayatol\u00e1 Al\u00ed Jamenei, ha aparecido en p\u00fablico en la que supone la primera participaci\u00f3n del dirigente iran\u00ed en un acto p\u00fablico desde el inicio de la ofensiva israel\u00ed y estadounidense sobre Ir\u00e1n que comenz\u00f3 el 13 y termin\u00f3 el 24 de junio.Jamenei, de 86 a\u00f1os de edad, ha participado en una ceremonia de duelo en la Huseiniya Im\u00e1n Jomeini en la noche de Ashura, entre el 4 y 5 de junio, seg\u00fan recoge la televisi\u00f3n p\u00fablica iran\u00ed, IRIB.Durante el acto, el orador, Hoyatoleslam Masud Al\u00ed, ha destacado la \"perseverancia y resistencia\" de Ir\u00e1n frente a la \"opresi\u00f3n\" y ha puesto en valor el liderazgo de Ir\u00e1n en el \"eje de la resistencia\".\u00a0En contraste, el \"sionismo global\" es el \"eje del frente de la falsedad\". \"Siguiendo las ense\u00f1anzas de la Ashura la naci\u00f3n iran\u00ed jam\u00e1s se rendir\u00e1 frente al frente de la falsedad\", informa la agencia de noticias iran\u00ed Mizan.","breadcrumb":{"@id":"https:\/\/vof-news.eu\/es\/el-ayatola-jamenei-reaparece-por-primera-vez-desde-el-ataque-de-israel-y-eeuu\/#breadcrumb"},"inLanguage":"es","potentialAction":[{"@type":"ReadAction","target":["https:\/\/vof-news.eu\/es\/el-ayatola-jamenei-reaparece-por-primera-vez-desde-el-ataque-de-israel-y-eeuu\/"]}]},{"@type":"ImageObject","inLanguage":"es","@id":"https:\/\/vof-news.eu\/es\/el-ayatola-jamenei-reaparece-por-primera-vez-desde-el-ataque-de-israel-y-eeuu\/#primaryimage","url":"https:\/\/vof-news.eu\/wp-content\/uploads\/2025\/07\/ayatola-jamenei-durante-su-reaparicion.jpeg","contentUrl":"https:\/\/vof-news.eu\/wp-content\/uploads\/2025\/07\/ayatola-jamenei-durante-su-reaparicion.jpeg","width":1200,"height":720},{"@type":"BreadcrumbList","@id":"https:\/\/vof-news.eu\/es\/el-ayatola-jamenei-reaparece-por-primera-vez-desde-el-ataque-de-israel-y-eeuu\/#breadcrumb","itemListElement":[{"@type":"ListItem","position":1,"name":"Home","item":"https:\/\/vof-news.eu\/es\/"},{"@type":"ListItem","position":2,"name":"El ayatol\u00e1 Jamenei reaparece por primera vez desde el ataque de Israel y EEUU"}]},{"@type":"WebSite","@id":"https:\/\/vof-news.eu\/es\/#website","url":"https:\/\/vof-news.eu\/es\/","name":"vof-news.eu","description":"","potentialAction":[{"@type":"SearchAction","target":{"@type":"EntryPoint","urlTemplate":"https:\/\/vof-news.eu\/es\/?s={search_term_string}"},"query-input":"required name=search_term_string"}],"inLanguage":"es"},{"@type":"Person","@id":"https:\/\/vof-news.eu\/es\/#\/schema\/person\/f6a2a4309f0561835797fd8c19b333ed","name":"Author","image":{"@type":"ImageObject","inLanguage":"es","@id":"https:\/\/vof-news.eu\/es\/#\/schema\/person\/image\/","url":"https:\/\/secure.gravatar.com\/avatar\/b67e614b1b25b3e9c0c239efdd2fde5ab015b5affd6f1c3c85911ca4b384e790?s=96&d=mm&r=g","contentUrl":"https:\/\/secure.gravatar.com\/avatar\/b67e614b1b25b3e9c0c239efdd2fde5ab015b5affd6f1c3c85911ca4b384e790?s=96&d=mm&r=g","caption":"Author"},"sameAs":["http:\/\/vof-news.eu"],"url":"https:\/\/vof-news.eu\/es\/author\/zwt6qxnjulxbnyg\/"}]}},"yoast_meta":{"yoast_wpseo_title":"","yoast_wpseo_metadesc":"","yoast_wpseo_canonical":""},"_links":{"self":[{"href":"https:\/\/vof-news.eu\/es\/wp-json\/wp\/v2\/posts\/248233","targetHints":{"allow":["GET"]}}],"collection":[{"href":"https:\/\/vof-news.eu\/es\/wp-json\/wp\/v2\/posts"}],"about":[{"href":"https:\/\/vof-news.eu\/es\/wp-json\/wp\/v2\/types\/post"}],"author":[{"embeddable":true,"href":"https:\/\/vof-news.eu\/es\/wp-json\/wp\/v2\/users\/1"}],"replies":[{"embeddable":true,"href":"https:\/\/vof-news.eu\/es\/wp-json\/wp\/v2\/comments?post=248233"}],"version-history":[{"count":1,"href":"https:\/\/vof-news.eu\/es\/wp-json\/wp\/v2\/posts\/248233\/revisions"}],"predecessor-version":[{"id":248240,"href":"https:\/\/vof-news.eu\/es\/wp-json\/wp\/v2\/posts\/248233\/revisions\/248240"}],"wp:featuredmedia":[{"embeddable":true,"href":"https:\/\/vof-news.eu\/es\/wp-json\/wp\/v2\/media\/248234"}],"wp:attachment":[{"href":"https:\/\/vof-news.eu\/es\/wp-json\/wp\/v2\/media?parent=248233"}],"wp:term":[{"taxonomy":"category","embeddable":true,"href":"https:\/\/vof-news.eu\/es\/wp-json\/wp\/v2\/categories?post=248233"},{"taxonomy":"post_tag","embeddable":true,"href":"https:\/\/vof-news.eu\/es\/wp-json\/wp\/v2\/tags?post=248233"}],"curies":[{"name":"wp","href":"https:\/\/api.w.org\/{rel}","templated":true}]}}