{"id":248052,"date":"2025-07-06T09:21:08","date_gmt":"2025-07-06T06:21:08","guid":{"rendered":"https:\/\/vof-news.eu\/claves-de-la-mocion-a-la-comision-un-intento-ultra-sin-visos-de-prosperar-pero-que-dana-a-von-der-leyen\/"},"modified":"2025-07-06T09:21:37","modified_gmt":"2025-07-06T06:21:37","slug":"claves-de-la-mocion-a-la-comision-un-intento-ultra-sin-visos-de-prosperar-pero-que-dana-a-von-der-leyen","status":"publish","type":"post","link":"https:\/\/vof-news.eu\/es\/claves-de-la-mocion-a-la-comision-un-intento-ultra-sin-visos-de-prosperar-pero-que-dana-a-von-der-leyen\/","title":{"rendered":"Claves de la moci\u00f3n a la Comisi\u00f3n: un intento ultra sin visos de prosperar pero que da\u00f1a a Von der Leyen"},"content":{"rendered":"<div>\n<p>El Parlamento Europeo (PE) debatir\u00e1 este lunes y votar\u00e1 el jueves pr\u00f3ximo una\u00a0moci\u00f3n de censura contra la Comisi\u00f3n Europea (CE) que preside\u00a0<a href=\"https:\/\/www.huffingtonpost.es\/global\/von-der-leyen-rostro-europa.html\" rel=\"nofollow\">Ursula von der Leyen<\/a>. La iniciativa no tiene visos de prosperar pero, de hacerlo, forzar\u00eda a la dimisi\u00f3n en bloque de todo el Ejecutivo comunitario y a la elecci\u00f3n, de nuevo y pa\u00eds a pa\u00eds, de los comisarios correspondientes, que <a href=\"https:\/\/www.huffingtonpost.es\/global\/asi-equipo-completo-comisarios-europeos-propuesto-von-der-leyen.html\" rel=\"nofollow\">apenas llegaron al cargo en diciembre pasado<\/a>. La clave est\u00e1 en el voto de los dos tercios del total de sufragios emitidos en el hemiciclo (361), que se necesitan para sacarla adelante.\u00a0<\/p>\n<p>La gravedad de las posibles consecuencias y el da\u00f1o que hace el proceso a la imagen de la pol\u00edtica alemana contrastan con el origen minoritario de la propuesta, planteada por un\u00a0eurodiputado ultraderechista, populista y antiEuropa,\u00a0Gheorghe Piperea, del partido Alianza para la Uni\u00f3n de los Rumanos (AUR). B\u00e1sicamente, quiere desgastar la imagen de Von der Leyen y, de paso, de las instituciones comunitarias (de las que cobra). Adem\u00e1s, ayuda as\u00ed al l\u00edder de su formaci\u00f3n,\u00a0<a href=\"https:\/\/www.huffingtonpost.es\/global\/si-triple-alivio-electoral-ue-pese-ultra-golpe-izquierda.html\" rel=\"nofollow\">George Simion<\/a>, que perdi\u00f3 las elecciones en mayo, cuando era el favorito. El candidato proUE Nicu\u0219or Dan gan\u00f3 la segunda vuelta de los comicios.<\/p>\n<p>La moci\u00f3n comenz\u00f3 siendo respaldada por 74 eurodiputados pero se ha quedado en el m\u00ednimo posible de 72 (un 10 % de los 720 eurodiputados), despu\u00e9s de que dos retiraran su firma esta semana. Ahora queda por delante el debate en s\u00ed, el lunes a \u00faltima hora de la tarde, los tres d\u00edas de incertidumbre y la votaci\u00f3n al fin, el jueves, a mediod\u00eda.\u00a0<\/p>\n<h3>Las razones<\/h3>\n<p>La moci\u00f3n impulsada por Piperea critica, sobre todo, la falta de transparencia de la presidenta de la Comisi\u00f3n con <a href=\"https:\/\/www.huffingtonpost.es\/global\/la-justicia-europeafalla-von-der-leyen-ocultar-mensajes-texto-ceo-pfizer.html\" rel=\"nofollow\">los mensajes de Whatsapp que intercambi\u00f3 con el director ejecutivo de Pfizer, Albert Boula<\/a>, durante la pandemia y la negociaci\u00f3n con esta farmac\u00e9utica para la compra de vacunas contra el coronavirus.<\/p>\n<p>El caso se remonta a 2023, cuando el diario norteamericano <i><a href=\"https:\/\/www.nytimes.com\/2024\/11\/15\/world\/europe\/new-york-times-european-commission-covid-vaccine-lawsuit.html\" rel=\"nofollow\">The New York Times<\/a><\/i> denunci\u00f3 ante la Justicia europea la negativa de Bruselas a revelar el contenido de esos mensajes.\u00a0La existencia de los mismos fue revelada por el propio Bourla en una entrevista a este medio en 2021, pero los servicios comunitarios, que inicialmente no admitieron que existieran, indicaron despu\u00e9s que su contenido no era relevante y fueron borrados,\u00a0 por lo que no era posible compartirlos. El <i>Times<\/i> los pidi\u00f3 repetidamente para informar de ellos a la ciudadan\u00eda, sin resultado.\u00a0<\/p>\n<p>La Comisi\u00f3n fue cambiando de discurso y eso, hoy, genera lagunas: aleg\u00f3 inicialmente que los mensajes no calificaban como \u00abdocumentos\u00bb, seg\u00fan su normativa interna, debido a su car\u00e1cter ef\u00edmero, por lo que no ten\u00eda por qu\u00e9 guardarlos, pero mantuvo la ambig\u00fcedad sobre su existencia y, al mismo tiempo, negaba su importancia. Esto gener\u00f3 sospechas de que simplemente no los busc\u00f3 realmente, a pesar de las reglas que se aplican a las Administraciones de la UE respecto a las obligaciones de transparencia.<\/p>\n<p>Bruselas cerr\u00f3 en mayo de ese a\u00f1o el primer acuerdo con<a href=\"https:\/\/www.huffingtonpost.es\/entry\/la-comision-europea-firma-el-acuerdo-con-pfizer-para-adquirir-hasta-1800-millones-de-vacunas_es_60a62a91e4b0a256830ef423.html\" rel=\"nofollow\"> BioNTech y Pfizer<\/a> para contar con 900 millones de vacunas contra el coronavirus para toda la UE, en el periodo 2021-2023, y una opci\u00f3n de compra para otra partida equivalente, por lo que la operaci\u00f3n pod\u00eda llegar a la compra de hasta 1.800 millones de dosis.\u00a0Se trata del contrato m\u00e1s grande que la UE ha firmado jam\u00e1s, seg\u00fan el Tribunal de Cuentas Europeo.<\/p>\n<p>Ya en 2022, la Defensora del Pueblo de la UE inst\u00f3 sin \u00e9xito al Ejecutivo comunitario a informar de los mensajes entre Von der Leyen y Bourla, en aras de las reglas de transparencia que se aplican a la Comisi\u00f3n, y advirti\u00f3 de que cuando se trata del derecho de acceso p\u00fablico a documentos de la UE \u00abes el contenido lo que importa y no el soporte o la forma\u00bb, descartando as\u00ed que el simple hecho de ser mensajes de texto determinara que fueran irrelevantes.<\/p>\n<p>Saltamos a ya a mayo de este a\u00f1o, cuando el Tribunal General de la Uni\u00f3n Europea <a href=\"https:\/\/www.huffingtonpost.es\/global\/la-justicia-europeafalla-von-der-leyen-ocultar-mensajes-texto-ceo-pfizer.html\" rel=\"nofollow\">anul\u00f3 la decisi\u00f3n de la Comisi\u00f3n Europea de denegar el acceso a los mensajes<\/a>. Reclama \u00abexplicaciones cre\u00edbles\u00bb, dice que la CE \u00abno cumpli\u00f3\u00bb con su obligaci\u00f3n de explicar bien qu\u00e9 pas\u00f3 con ese contenido, si hab\u00eda sido una destrucci\u00f3n\u00a0voluntaria o autom\u00e1tica, o si el tel\u00e9fono m\u00f3vil de la presidenta hab\u00eda sido sustituido en ese intervalo de tiempo, quiz\u00e1.\u00a0<\/p>\n<p>Mientras se espera a ver en qu\u00e9 queda esta llamada al orden, es innegable que se trata de un rev\u00e9s pol\u00edtico importante para la exministra de Defensa germana. La Comisi\u00f3n, que tiene dos meses para apelar, probablemente tendr\u00e1 que reconsiderar las solicitudes de acceso, realizar b\u00fasquedas adecuadas y presentar nuevos argumentos legales sobre esa informaci\u00f3n. Y puede que el proceso obligue a la reforma de ciertas pr\u00e1cticas administrativas internas.<\/p>\n<h3>Momento de debilidad<\/h3>\n<p>Las intenciones del europarlamentario\u00a0Piperea est\u00e1n claras y, por eso, ni siquiera La Izquierda, el grupo que m\u00e1s cr\u00edtico ha sido con el llamado <i>Pfizergate<\/i>, ha apoyado la moci\u00f3n. Saben que es una maniobra publicitaria y eur\u00f3foba para meter el palo en las ruedas de Bruselas.\u00a0<\/p>\n<p>El ultra rumano niega la mayor e insiste en que su motivaci\u00f3n es \u00fanicamente aportar transparencia a la \u00abburocracia de Bruselas\u00bb. \u00abSer\u00e1 sensacional ver c\u00f3mo Ursula von der Leyen justifica las acusaciones en la moci\u00f3n, especialmente porque el Tribunal de Justicia de la Uni\u00f3n Europea orden\u00f3 recientemente a la Comisi\u00f3n que publicara los detalles de sus negociaciones sobre los contratos con Pfizer\u00bb, dijo.\u00a0<\/p>\n<p>Este teatro no resta para que exista incomodidad ante lo que se va a vivir esta semana: ya es bastante duro que un tribunal saque los colores a la CE como para que tambi\u00e9n tenga que arrostrar todo un debate en pleno en el Parlamento comunitario, cuando las cosas no est\u00e1n especialmente bien entre Von der Leyen y el hemiciclo.\u00a0<\/p>\n<p>\u00abLa relaci\u00f3n entre el Parlamento Europeo y la Comisi\u00f3n Von der Leyen no pasa por su mejor momento, lastrada despu\u00e9s de que Bruselas haya excluido a los eurodiputados de la negociaci\u00f3n del fondo europeo de 150.000 millones de euros para financiar compras conjuntas en defensa o suspendido las negociaciones sobre la futura ley europea contra el ecopostureo\u00bb, explica EFE.<\/p>\n<p>Pero es mucho lo que se necesitar\u00eda para que la moci\u00f3n saliera, por mucho que uno de cada cuatro esca\u00f1os sean hoy de partidos de extrema derecha. Ni siquiera los grupos en los que se aglutinan han votado de forma pareja ante esta iniciativa. <i><a href=\"https:\/\/www.euractiv.com\/section\/politics\/news\/exclusive-melonis-eu-allies-split-on-bid-to-bring-down-von-der-leyen\/\" rel=\"nofollow\">Euractiv<\/a><\/i> se ha hecho con la lista de quienes votaron a favor del proceso y ha expuesto, por ejemplo, que no han ido a una en el grupo de Conservadores y Reformistas (ECR, liderado conjuntamente por Hermanos de Italia de Giorgia Meloni y el partido Ley y Justicia de Polonia), en el que 31 diputados de 79 que tienen han ido contra Von der Leyen. Interesante, porque la italiana es quien lleva las riendas y estamos hablando de dispararse al pie, directamente.\u00a0<\/p>\n<p>La lista completa de firmantes incluye legisladores de ECR, el Partido Popular Europeo (PPE, al que pertenece la propia presidenta de la CE), Patriotas por Europa (en el que est\u00e1 el espa\u00f1ol Vox), el grupo de extrema derecha Europa de las Naciones Soberanas y un pu\u00f1ado de miembros de la Euroc\u00e1mara no afiliados. A la hora de la votaci\u00f3n, ahora se est\u00e1 estudiando c\u00f3mo proceder.\u00a0<\/p>\n<p>Los grupos de centro (populares, socialdem\u00f3cratas y liberales) renovaron su apoyo a Von der Leyen y a su equipo de comisarios hace menos de un a\u00f1o y han dejado claro ya que estar\u00e1n con ella. Tampoco es probable que Los Verdes vayan a ponerse en contra y tampoco en La Izquierda. \u00abNo colaboramos con los grupos de extrema derecha que \u00faltimamente han apoyado de facto la agenda de von der Leyen y luego fingen estar enfadados con ella\u00bb, <a href=\"https:\/\/www.politico.eu\/article\/von-der-leyen-will-survive-no-confidence-vote-but-not-painless-pfizer-pandemic\/\" rel=\"nofollow\">dicen a <i>POLITICO<\/i><\/a>.<\/p>\n<p>La respuesta, el jueves.\u00a0<\/p>\n<\/div>\n","protected":false},"excerpt":{"rendered":"<p>El Parlamento Europeo (PE) debatir\u00e1 este lunes y votar\u00e1 el jueves pr\u00f3ximo una\u00a0moci\u00f3n de censura contra la Comisi\u00f3n Europea (CE) que preside\u00a0Ursula von der Leyen. La iniciativa no tiene visos de prosperar pero, de hacerlo, forzar\u00eda a la dimisi\u00f3n en bloque de todo el Ejecutivo comunitario y a la elecci\u00f3n, de nuevo y pa\u00eds a<\/p>\n","protected":false},"author":1,"featured_media":248053,"comment_status":"open","ping_status":"open","sticky":false,"template":"","format":"standard","meta":{"footnotes":""},"categories":[56],"tags":[],"class_list":["post-248052","post","type-post","status-publish","format-standard","has-post-thumbnail","hentry","category-main-news-es"],"acf":[],"yoast_head":"<!-- This site is optimized with the Yoast SEO plugin v22.9 - https:\/\/yoast.com\/wordpress\/plugins\/seo\/ -->\n<title>Claves de la moci\u00f3n a la Comisi\u00f3n: un intento ultra sin visos de prosperar pero que da\u00f1a a Von der Leyen - vof-news.eu<\/title>\n<meta name=\"description\" content=\"El Parlamento Europeo (PE) debatir\u00e1 este lunes y votar\u00e1 el jueves pr\u00f3ximo una\u00a0moci\u00f3n de censura contra la Comisi\u00f3n Europea (CE) que preside\u00a0Ursula von der Leyen. La iniciativa no tiene visos de prosperar pero, de hacerlo, forzar\u00eda a la dimisi\u00f3n en bloque de todo el Ejecutivo comunitario y a la elecci\u00f3n, de nuevo y pa\u00eds a pa\u00eds, de los comisarios correspondientes, que apenas llegaron al cargo en diciembre pasado. La clave est\u00e1 en el voto de los dos tercios del total de sufragios emitidos en el hemiciclo (361), que se necesitan para sacarla adelante.\u00a0La gravedad de las posibles consecuencias y el da\u00f1o que hace el proceso a la imagen de la pol\u00edtica alemana contrastan con el origen minoritario de la propuesta, planteada por un\u00a0eurodiputado ultraderechista, populista y antiEuropa,\u00a0Gheorghe Piperea, del partido Alianza para la Uni\u00f3n de los Rumanos (AUR). B\u00e1sicamente, quiere desgastar la imagen de Von der Leyen y, de paso, de las instituciones comunitarias (de las que cobra). Adem\u00e1s, ayuda as\u00ed al l\u00edder de su formaci\u00f3n,\u00a0George Simion, que perdi\u00f3 las elecciones en mayo, cuando era el favorito. El candidato proUE Nicu\u0219or Dan gan\u00f3 la segunda vuelta de los comicios.La moci\u00f3n comenz\u00f3 siendo respaldada por 74 eurodiputados pero se ha quedado en el m\u00ednimo posible de 72 (un 10 % de los 720 eurodiputados), despu\u00e9s de que dos retiraran su firma esta semana. Ahora queda por delante el debate en s\u00ed, el lunes a \u00faltima hora de la tarde, los tres d\u00edas de incertidumbre y la votaci\u00f3n al fin, el jueves, a mediod\u00eda.\u00a0Las razonesLa moci\u00f3n impulsada por Piperea critica, sobre todo, la falta de transparencia de la presidenta de la Comisi\u00f3n con los mensajes de Whatsapp que intercambi\u00f3 con el director ejecutivo de Pfizer, Albert Boula, durante la pandemia y la negociaci\u00f3n con esta farmac\u00e9utica para la compra de vacunas contra el coronavirus.El caso se remonta a 2023, cuando el diario norteamericano The New York Times denunci\u00f3 ante la Justicia europea la negativa de Bruselas a revelar el contenido de esos mensajes.\u00a0La existencia de los mismos fue revelada por el propio Bourla en una entrevista a este medio en 2021, pero los servicios comunitarios, que inicialmente no admitieron que existieran, indicaron despu\u00e9s que su contenido no era relevante y fueron borrados,\u00a0 por lo que no era posible compartirlos. El Times los pidi\u00f3 repetidamente para informar de ellos a la ciudadan\u00eda, sin resultado.\u00a0\" \/>\n<meta name=\"robots\" content=\"noindex, follow, max-snippet:-1, max-image-preview:large, max-video-preview:-1\" \/>\n<meta property=\"og:locale\" content=\"es_ES\" \/>\n<meta property=\"og:type\" content=\"article\" \/>\n<meta property=\"og:title\" content=\"Claves de la moci\u00f3n a la Comisi\u00f3n: un intento ultra sin visos de prosperar pero que da\u00f1a a Von der Leyen - vof-news.eu\" \/>\n<meta property=\"og:description\" content=\"El Parlamento Europeo (PE) debatir\u00e1 este lunes y votar\u00e1 el jueves pr\u00f3ximo una\u00a0moci\u00f3n de censura contra la Comisi\u00f3n Europea (CE) que preside\u00a0Ursula von der Leyen. La iniciativa no tiene visos de prosperar pero, de hacerlo, forzar\u00eda a la dimisi\u00f3n en bloque de todo el Ejecutivo comunitario y a la elecci\u00f3n, de nuevo y pa\u00eds a pa\u00eds, de los comisarios correspondientes, que apenas llegaron al cargo en diciembre pasado. La clave est\u00e1 en el voto de los dos tercios del total de sufragios emitidos en el hemiciclo (361), que se necesitan para sacarla adelante.\u00a0La gravedad de las posibles consecuencias y el da\u00f1o que hace el proceso a la imagen de la pol\u00edtica alemana contrastan con el origen minoritario de la propuesta, planteada por un\u00a0eurodiputado ultraderechista, populista y antiEuropa,\u00a0Gheorghe Piperea, del partido Alianza para la Uni\u00f3n de los Rumanos (AUR). B\u00e1sicamente, quiere desgastar la imagen de Von der Leyen y, de paso, de las instituciones comunitarias (de las que cobra). Adem\u00e1s, ayuda as\u00ed al l\u00edder de su formaci\u00f3n,\u00a0George Simion, que perdi\u00f3 las elecciones en mayo, cuando era el favorito. El candidato proUE Nicu\u0219or Dan gan\u00f3 la segunda vuelta de los comicios.La moci\u00f3n comenz\u00f3 siendo respaldada por 74 eurodiputados pero se ha quedado en el m\u00ednimo posible de 72 (un 10 % de los 720 eurodiputados), despu\u00e9s de que dos retiraran su firma esta semana. Ahora queda por delante el debate en s\u00ed, el lunes a \u00faltima hora de la tarde, los tres d\u00edas de incertidumbre y la votaci\u00f3n al fin, el jueves, a mediod\u00eda.\u00a0Las razonesLa moci\u00f3n impulsada por Piperea critica, sobre todo, la falta de transparencia de la presidenta de la Comisi\u00f3n con los mensajes de Whatsapp que intercambi\u00f3 con el director ejecutivo de Pfizer, Albert Boula, durante la pandemia y la negociaci\u00f3n con esta farmac\u00e9utica para la compra de vacunas contra el coronavirus.El caso se remonta a 2023, cuando el diario norteamericano The New York Times denunci\u00f3 ante la Justicia europea la negativa de Bruselas a revelar el contenido de esos mensajes.\u00a0La existencia de los mismos fue revelada por el propio Bourla en una entrevista a este medio en 2021, pero los servicios comunitarios, que inicialmente no admitieron que existieran, indicaron despu\u00e9s que su contenido no era relevante y fueron borrados,\u00a0 por lo que no era posible compartirlos. El Times los pidi\u00f3 repetidamente para informar de ellos a la ciudadan\u00eda, sin resultado.\u00a0\" \/>\n<meta property=\"og:url\" content=\"https:\/\/vof-news.eu\/es\/claves-de-la-mocion-a-la-comision-un-intento-ultra-sin-visos-de-prosperar-pero-que-dana-a-von-der-leyen\/\" \/>\n<meta property=\"og:site_name\" content=\"vof-news.eu\" \/>\n<meta property=\"article:published_time\" content=\"2025-07-06T06:21:08+00:00\" \/>\n<meta property=\"article:modified_time\" content=\"2025-07-06T06:21:37+00:00\" \/>\n<meta property=\"og:image\" content=\"https:\/\/vof-news.eu\/wp-content\/uploads\/2025\/07\/la-presidenta-de-la-comision-europea-ursula-von-der-leyen-durante-una-conferencia-de-prensa-conjunta-con-el-primer-ministro-canadiense-mark-carney-el-23-de-junio-de-2025-en-bruselas.jpeg\" \/>\n\t<meta property=\"og:image:width\" content=\"1200\" \/>\n\t<meta property=\"og:image:height\" content=\"720\" \/>\n\t<meta property=\"og:image:type\" content=\"image\/jpeg\" \/>\n<meta name=\"author\" content=\"Author\" \/>\n<meta name=\"twitter:card\" content=\"summary_large_image\" \/>\n<meta name=\"twitter:label1\" content=\"Escrito por\" \/>\n\t<meta name=\"twitter:data1\" content=\"Author\" \/>\n\t<meta name=\"twitter:label2\" content=\"Tiempo de lectura\" \/>\n\t<meta name=\"twitter:data2\" content=\"7 minutos\" \/>\n<script type=\"application\/ld+json\" class=\"yoast-schema-graph\">{\"@context\":\"https:\/\/schema.org\",\"@graph\":[{\"@type\":\"WebPage\",\"@id\":\"https:\/\/vof-news.eu\/es\/claves-de-la-mocion-a-la-comision-un-intento-ultra-sin-visos-de-prosperar-pero-que-dana-a-von-der-leyen\/\",\"url\":\"https:\/\/vof-news.eu\/es\/claves-de-la-mocion-a-la-comision-un-intento-ultra-sin-visos-de-prosperar-pero-que-dana-a-von-der-leyen\/\",\"name\":\"Claves de la moci\u00f3n a la Comisi\u00f3n: un intento ultra sin visos de prosperar pero que da\u00f1a a Von der Leyen - vof-news.eu\",\"isPartOf\":{\"@id\":\"https:\/\/vof-news.eu\/es\/#website\"},\"primaryImageOfPage\":{\"@id\":\"https:\/\/vof-news.eu\/es\/claves-de-la-mocion-a-la-comision-un-intento-ultra-sin-visos-de-prosperar-pero-que-dana-a-von-der-leyen\/#primaryimage\"},\"image\":{\"@id\":\"https:\/\/vof-news.eu\/es\/claves-de-la-mocion-a-la-comision-un-intento-ultra-sin-visos-de-prosperar-pero-que-dana-a-von-der-leyen\/#primaryimage\"},\"thumbnailUrl\":\"https:\/\/vof-news.eu\/wp-content\/uploads\/2025\/07\/la-presidenta-de-la-comision-europea-ursula-von-der-leyen-durante-una-conferencia-de-prensa-conjunta-con-el-primer-ministro-canadiense-mark-carney-el-23-de-junio-de-2025-en-bruselas.jpeg\",\"datePublished\":\"2025-07-06T06:21:08+00:00\",\"dateModified\":\"2025-07-06T06:21:37+00:00\",\"author\":{\"@id\":\"https:\/\/vof-news.eu\/es\/#\/schema\/person\/f6a2a4309f0561835797fd8c19b333ed\"},\"description\":\"El Parlamento Europeo (PE) debatir\u00e1 este lunes y votar\u00e1 el jueves pr\u00f3ximo una\u00a0moci\u00f3n de censura contra la Comisi\u00f3n Europea (CE) que preside\u00a0Ursula von der Leyen. La iniciativa no tiene visos de prosperar pero, de hacerlo, forzar\u00eda a la dimisi\u00f3n en bloque de todo el Ejecutivo comunitario y a la elecci\u00f3n, de nuevo y pa\u00eds a pa\u00eds, de los comisarios correspondientes, que apenas llegaron al cargo en diciembre pasado. La clave est\u00e1 en el voto de los dos tercios del total de sufragios emitidos en el hemiciclo (361), que se necesitan para sacarla adelante.\u00a0La gravedad de las posibles consecuencias y el da\u00f1o que hace el proceso a la imagen de la pol\u00edtica alemana contrastan con el origen minoritario de la propuesta, planteada por un\u00a0eurodiputado ultraderechista, populista y antiEuropa,\u00a0Gheorghe Piperea, del partido Alianza para la Uni\u00f3n de los Rumanos (AUR). B\u00e1sicamente, quiere desgastar la imagen de Von der Leyen y, de paso, de las instituciones comunitarias (de las que cobra). Adem\u00e1s, ayuda as\u00ed al l\u00edder de su formaci\u00f3n,\u00a0George Simion, que perdi\u00f3 las elecciones en mayo, cuando era el favorito. El candidato proUE Nicu\u0219or Dan gan\u00f3 la segunda vuelta de los comicios.La moci\u00f3n comenz\u00f3 siendo respaldada por 74 eurodiputados pero se ha quedado en el m\u00ednimo posible de 72 (un 10 % de los 720 eurodiputados), despu\u00e9s de que dos retiraran su firma esta semana. Ahora queda por delante el debate en s\u00ed, el lunes a \u00faltima hora de la tarde, los tres d\u00edas de incertidumbre y la votaci\u00f3n al fin, el jueves, a mediod\u00eda.\u00a0Las razonesLa moci\u00f3n impulsada por Piperea critica, sobre todo, la falta de transparencia de la presidenta de la Comisi\u00f3n con los mensajes de Whatsapp que intercambi\u00f3 con el director ejecutivo de Pfizer, Albert Boula, durante la pandemia y la negociaci\u00f3n con esta farmac\u00e9utica para la compra de vacunas contra el coronavirus.El caso se remonta a 2023, cuando el diario norteamericano The New York Times denunci\u00f3 ante la Justicia europea la negativa de Bruselas a revelar el contenido de esos mensajes.\u00a0La existencia de los mismos fue revelada por el propio Bourla en una entrevista a este medio en 2021, pero los servicios comunitarios, que inicialmente no admitieron que existieran, indicaron despu\u00e9s que su contenido no era relevante y fueron borrados,\u00a0 por lo que no era posible compartirlos. El Times los pidi\u00f3 repetidamente para informar de ellos a la ciudadan\u00eda, sin resultado.\u00a0\",\"breadcrumb\":{\"@id\":\"https:\/\/vof-news.eu\/es\/claves-de-la-mocion-a-la-comision-un-intento-ultra-sin-visos-de-prosperar-pero-que-dana-a-von-der-leyen\/#breadcrumb\"},\"inLanguage\":\"es\",\"potentialAction\":[{\"@type\":\"ReadAction\",\"target\":[\"https:\/\/vof-news.eu\/es\/claves-de-la-mocion-a-la-comision-un-intento-ultra-sin-visos-de-prosperar-pero-que-dana-a-von-der-leyen\/\"]}]},{\"@type\":\"ImageObject\",\"inLanguage\":\"es\",\"@id\":\"https:\/\/vof-news.eu\/es\/claves-de-la-mocion-a-la-comision-un-intento-ultra-sin-visos-de-prosperar-pero-que-dana-a-von-der-leyen\/#primaryimage\",\"url\":\"https:\/\/vof-news.eu\/wp-content\/uploads\/2025\/07\/la-presidenta-de-la-comision-europea-ursula-von-der-leyen-durante-una-conferencia-de-prensa-conjunta-con-el-primer-ministro-canadiense-mark-carney-el-23-de-junio-de-2025-en-bruselas.jpeg\",\"contentUrl\":\"https:\/\/vof-news.eu\/wp-content\/uploads\/2025\/07\/la-presidenta-de-la-comision-europea-ursula-von-der-leyen-durante-una-conferencia-de-prensa-conjunta-con-el-primer-ministro-canadiense-mark-carney-el-23-de-junio-de-2025-en-bruselas.jpeg\",\"width\":1200,\"height\":720},{\"@type\":\"BreadcrumbList\",\"@id\":\"https:\/\/vof-news.eu\/es\/claves-de-la-mocion-a-la-comision-un-intento-ultra-sin-visos-de-prosperar-pero-que-dana-a-von-der-leyen\/#breadcrumb\",\"itemListElement\":[{\"@type\":\"ListItem\",\"position\":1,\"name\":\"Home\",\"item\":\"https:\/\/vof-news.eu\/es\/\"},{\"@type\":\"ListItem\",\"position\":2,\"name\":\"Claves de la moci\u00f3n a la Comisi\u00f3n: un intento ultra sin visos de prosperar pero que da\u00f1a a Von der Leyen\"}]},{\"@type\":\"WebSite\",\"@id\":\"https:\/\/vof-news.eu\/es\/#website\",\"url\":\"https:\/\/vof-news.eu\/es\/\",\"name\":\"vof-news.eu\",\"description\":\"\",\"potentialAction\":[{\"@type\":\"SearchAction\",\"target\":{\"@type\":\"EntryPoint\",\"urlTemplate\":\"https:\/\/vof-news.eu\/es\/?s={search_term_string}\"},\"query-input\":\"required name=search_term_string\"}],\"inLanguage\":\"es\"},{\"@type\":\"Person\",\"@id\":\"https:\/\/vof-news.eu\/es\/#\/schema\/person\/f6a2a4309f0561835797fd8c19b333ed\",\"name\":\"Author\",\"image\":{\"@type\":\"ImageObject\",\"inLanguage\":\"es\",\"@id\":\"https:\/\/vof-news.eu\/es\/#\/schema\/person\/image\/\",\"url\":\"https:\/\/secure.gravatar.com\/avatar\/b67e614b1b25b3e9c0c239efdd2fde5ab015b5affd6f1c3c85911ca4b384e790?s=96&d=mm&r=g\",\"contentUrl\":\"https:\/\/secure.gravatar.com\/avatar\/b67e614b1b25b3e9c0c239efdd2fde5ab015b5affd6f1c3c85911ca4b384e790?s=96&d=mm&r=g\",\"caption\":\"Author\"},\"sameAs\":[\"http:\/\/vof-news.eu\"],\"url\":\"https:\/\/vof-news.eu\/es\/author\/zwt6qxnjulxbnyg\/\"}]}<\/script>\n<!-- \/ Yoast SEO plugin. -->","yoast_head_json":{"title":"Claves de la moci\u00f3n a la Comisi\u00f3n: un intento ultra sin visos de prosperar pero que da\u00f1a a Von der Leyen - vof-news.eu","description":"El Parlamento Europeo (PE) debatir\u00e1 este lunes y votar\u00e1 el jueves pr\u00f3ximo una\u00a0moci\u00f3n de censura contra la Comisi\u00f3n Europea (CE) que preside\u00a0Ursula von der Leyen. La iniciativa no tiene visos de prosperar pero, de hacerlo, forzar\u00eda a la dimisi\u00f3n en bloque de todo el Ejecutivo comunitario y a la elecci\u00f3n, de nuevo y pa\u00eds a pa\u00eds, de los comisarios correspondientes, que apenas llegaron al cargo en diciembre pasado. La clave est\u00e1 en el voto de los dos tercios del total de sufragios emitidos en el hemiciclo (361), que se necesitan para sacarla adelante.\u00a0La gravedad de las posibles consecuencias y el da\u00f1o que hace el proceso a la imagen de la pol\u00edtica alemana contrastan con el origen minoritario de la propuesta, planteada por un\u00a0eurodiputado ultraderechista, populista y antiEuropa,\u00a0Gheorghe Piperea, del partido Alianza para la Uni\u00f3n de los Rumanos (AUR). B\u00e1sicamente, quiere desgastar la imagen de Von der Leyen y, de paso, de las instituciones comunitarias (de las que cobra). Adem\u00e1s, ayuda as\u00ed al l\u00edder de su formaci\u00f3n,\u00a0George Simion, que perdi\u00f3 las elecciones en mayo, cuando era el favorito. El candidato proUE Nicu\u0219or Dan gan\u00f3 la segunda vuelta de los comicios.La moci\u00f3n comenz\u00f3 siendo respaldada por 74 eurodiputados pero se ha quedado en el m\u00ednimo posible de 72 (un 10 % de los 720 eurodiputados), despu\u00e9s de que dos retiraran su firma esta semana. Ahora queda por delante el debate en s\u00ed, el lunes a \u00faltima hora de la tarde, los tres d\u00edas de incertidumbre y la votaci\u00f3n al fin, el jueves, a mediod\u00eda.\u00a0Las razonesLa moci\u00f3n impulsada por Piperea critica, sobre todo, la falta de transparencia de la presidenta de la Comisi\u00f3n con los mensajes de Whatsapp que intercambi\u00f3 con el director ejecutivo de Pfizer, Albert Boula, durante la pandemia y la negociaci\u00f3n con esta farmac\u00e9utica para la compra de vacunas contra el coronavirus.El caso se remonta a 2023, cuando el diario norteamericano The New York Times denunci\u00f3 ante la Justicia europea la negativa de Bruselas a revelar el contenido de esos mensajes.\u00a0La existencia de los mismos fue revelada por el propio Bourla en una entrevista a este medio en 2021, pero los servicios comunitarios, que inicialmente no admitieron que existieran, indicaron despu\u00e9s que su contenido no era relevante y fueron borrados,\u00a0 por lo que no era posible compartirlos. El Times los pidi\u00f3 repetidamente para informar de ellos a la ciudadan\u00eda, sin resultado.\u00a0","robots":{"index":"noindex","follow":"follow","max-snippet":"max-snippet:-1","max-image-preview":"max-image-preview:large","max-video-preview":"max-video-preview:-1"},"og_locale":"es_ES","og_type":"article","og_title":"Claves de la moci\u00f3n a la Comisi\u00f3n: un intento ultra sin visos de prosperar pero que da\u00f1a a Von der Leyen - vof-news.eu","og_description":"El Parlamento Europeo (PE) debatir\u00e1 este lunes y votar\u00e1 el jueves pr\u00f3ximo una\u00a0moci\u00f3n de censura contra la Comisi\u00f3n Europea (CE) que preside\u00a0Ursula von der Leyen. La iniciativa no tiene visos de prosperar pero, de hacerlo, forzar\u00eda a la dimisi\u00f3n en bloque de todo el Ejecutivo comunitario y a la elecci\u00f3n, de nuevo y pa\u00eds a pa\u00eds, de los comisarios correspondientes, que apenas llegaron al cargo en diciembre pasado. La clave est\u00e1 en el voto de los dos tercios del total de sufragios emitidos en el hemiciclo (361), que se necesitan para sacarla adelante.\u00a0La gravedad de las posibles consecuencias y el da\u00f1o que hace el proceso a la imagen de la pol\u00edtica alemana contrastan con el origen minoritario de la propuesta, planteada por un\u00a0eurodiputado ultraderechista, populista y antiEuropa,\u00a0Gheorghe Piperea, del partido Alianza para la Uni\u00f3n de los Rumanos (AUR). B\u00e1sicamente, quiere desgastar la imagen de Von der Leyen y, de paso, de las instituciones comunitarias (de las que cobra). Adem\u00e1s, ayuda as\u00ed al l\u00edder de su formaci\u00f3n,\u00a0George Simion, que perdi\u00f3 las elecciones en mayo, cuando era el favorito. El candidato proUE Nicu\u0219or Dan gan\u00f3 la segunda vuelta de los comicios.La moci\u00f3n comenz\u00f3 siendo respaldada por 74 eurodiputados pero se ha quedado en el m\u00ednimo posible de 72 (un 10 % de los 720 eurodiputados), despu\u00e9s de que dos retiraran su firma esta semana. Ahora queda por delante el debate en s\u00ed, el lunes a \u00faltima hora de la tarde, los tres d\u00edas de incertidumbre y la votaci\u00f3n al fin, el jueves, a mediod\u00eda.\u00a0Las razonesLa moci\u00f3n impulsada por Piperea critica, sobre todo, la falta de transparencia de la presidenta de la Comisi\u00f3n con los mensajes de Whatsapp que intercambi\u00f3 con el director ejecutivo de Pfizer, Albert Boula, durante la pandemia y la negociaci\u00f3n con esta farmac\u00e9utica para la compra de vacunas contra el coronavirus.El caso se remonta a 2023, cuando el diario norteamericano The New York Times denunci\u00f3 ante la Justicia europea la negativa de Bruselas a revelar el contenido de esos mensajes.\u00a0La existencia de los mismos fue revelada por el propio Bourla en una entrevista a este medio en 2021, pero los servicios comunitarios, que inicialmente no admitieron que existieran, indicaron despu\u00e9s que su contenido no era relevante y fueron borrados,\u00a0 por lo que no era posible compartirlos. El Times los pidi\u00f3 repetidamente para informar de ellos a la ciudadan\u00eda, sin resultado.\u00a0","og_url":"https:\/\/vof-news.eu\/es\/claves-de-la-mocion-a-la-comision-un-intento-ultra-sin-visos-de-prosperar-pero-que-dana-a-von-der-leyen\/","og_site_name":"vof-news.eu","article_published_time":"2025-07-06T06:21:08+00:00","article_modified_time":"2025-07-06T06:21:37+00:00","og_image":[{"width":1200,"height":720,"url":"https:\/\/vof-news.eu\/wp-content\/uploads\/2025\/07\/la-presidenta-de-la-comision-europea-ursula-von-der-leyen-durante-una-conferencia-de-prensa-conjunta-con-el-primer-ministro-canadiense-mark-carney-el-23-de-junio-de-2025-en-bruselas.jpeg","type":"image\/jpeg"}],"author":"Author","twitter_card":"summary_large_image","twitter_misc":{"Escrito por":"Author","Tiempo de lectura":"7 minutos"},"schema":{"@context":"https:\/\/schema.org","@graph":[{"@type":"WebPage","@id":"https:\/\/vof-news.eu\/es\/claves-de-la-mocion-a-la-comision-un-intento-ultra-sin-visos-de-prosperar-pero-que-dana-a-von-der-leyen\/","url":"https:\/\/vof-news.eu\/es\/claves-de-la-mocion-a-la-comision-un-intento-ultra-sin-visos-de-prosperar-pero-que-dana-a-von-der-leyen\/","name":"Claves de la moci\u00f3n a la Comisi\u00f3n: un intento ultra sin visos de prosperar pero que da\u00f1a a Von der Leyen - vof-news.eu","isPartOf":{"@id":"https:\/\/vof-news.eu\/es\/#website"},"primaryImageOfPage":{"@id":"https:\/\/vof-news.eu\/es\/claves-de-la-mocion-a-la-comision-un-intento-ultra-sin-visos-de-prosperar-pero-que-dana-a-von-der-leyen\/#primaryimage"},"image":{"@id":"https:\/\/vof-news.eu\/es\/claves-de-la-mocion-a-la-comision-un-intento-ultra-sin-visos-de-prosperar-pero-que-dana-a-von-der-leyen\/#primaryimage"},"thumbnailUrl":"https:\/\/vof-news.eu\/wp-content\/uploads\/2025\/07\/la-presidenta-de-la-comision-europea-ursula-von-der-leyen-durante-una-conferencia-de-prensa-conjunta-con-el-primer-ministro-canadiense-mark-carney-el-23-de-junio-de-2025-en-bruselas.jpeg","datePublished":"2025-07-06T06:21:08+00:00","dateModified":"2025-07-06T06:21:37+00:00","author":{"@id":"https:\/\/vof-news.eu\/es\/#\/schema\/person\/f6a2a4309f0561835797fd8c19b333ed"},"description":"El Parlamento Europeo (PE) debatir\u00e1 este lunes y votar\u00e1 el jueves pr\u00f3ximo una\u00a0moci\u00f3n de censura contra la Comisi\u00f3n Europea (CE) que preside\u00a0Ursula von der Leyen. La iniciativa no tiene visos de prosperar pero, de hacerlo, forzar\u00eda a la dimisi\u00f3n en bloque de todo el Ejecutivo comunitario y a la elecci\u00f3n, de nuevo y pa\u00eds a pa\u00eds, de los comisarios correspondientes, que apenas llegaron al cargo en diciembre pasado. La clave est\u00e1 en el voto de los dos tercios del total de sufragios emitidos en el hemiciclo (361), que se necesitan para sacarla adelante.\u00a0La gravedad de las posibles consecuencias y el da\u00f1o que hace el proceso a la imagen de la pol\u00edtica alemana contrastan con el origen minoritario de la propuesta, planteada por un\u00a0eurodiputado ultraderechista, populista y antiEuropa,\u00a0Gheorghe Piperea, del partido Alianza para la Uni\u00f3n de los Rumanos (AUR). B\u00e1sicamente, quiere desgastar la imagen de Von der Leyen y, de paso, de las instituciones comunitarias (de las que cobra). Adem\u00e1s, ayuda as\u00ed al l\u00edder de su formaci\u00f3n,\u00a0George Simion, que perdi\u00f3 las elecciones en mayo, cuando era el favorito. El candidato proUE Nicu\u0219or Dan gan\u00f3 la segunda vuelta de los comicios.La moci\u00f3n comenz\u00f3 siendo respaldada por 74 eurodiputados pero se ha quedado en el m\u00ednimo posible de 72 (un 10 % de los 720 eurodiputados), despu\u00e9s de que dos retiraran su firma esta semana. Ahora queda por delante el debate en s\u00ed, el lunes a \u00faltima hora de la tarde, los tres d\u00edas de incertidumbre y la votaci\u00f3n al fin, el jueves, a mediod\u00eda.\u00a0Las razonesLa moci\u00f3n impulsada por Piperea critica, sobre todo, la falta de transparencia de la presidenta de la Comisi\u00f3n con los mensajes de Whatsapp que intercambi\u00f3 con el director ejecutivo de Pfizer, Albert Boula, durante la pandemia y la negociaci\u00f3n con esta farmac\u00e9utica para la compra de vacunas contra el coronavirus.El caso se remonta a 2023, cuando el diario norteamericano The New York Times denunci\u00f3 ante la Justicia europea la negativa de Bruselas a revelar el contenido de esos mensajes.\u00a0La existencia de los mismos fue revelada por el propio Bourla en una entrevista a este medio en 2021, pero los servicios comunitarios, que inicialmente no admitieron que existieran, indicaron despu\u00e9s que su contenido no era relevante y fueron borrados,\u00a0 por lo que no era posible compartirlos. El Times los pidi\u00f3 repetidamente para informar de ellos a la ciudadan\u00eda, sin resultado.\u00a0","breadcrumb":{"@id":"https:\/\/vof-news.eu\/es\/claves-de-la-mocion-a-la-comision-un-intento-ultra-sin-visos-de-prosperar-pero-que-dana-a-von-der-leyen\/#breadcrumb"},"inLanguage":"es","potentialAction":[{"@type":"ReadAction","target":["https:\/\/vof-news.eu\/es\/claves-de-la-mocion-a-la-comision-un-intento-ultra-sin-visos-de-prosperar-pero-que-dana-a-von-der-leyen\/"]}]},{"@type":"ImageObject","inLanguage":"es","@id":"https:\/\/vof-news.eu\/es\/claves-de-la-mocion-a-la-comision-un-intento-ultra-sin-visos-de-prosperar-pero-que-dana-a-von-der-leyen\/#primaryimage","url":"https:\/\/vof-news.eu\/wp-content\/uploads\/2025\/07\/la-presidenta-de-la-comision-europea-ursula-von-der-leyen-durante-una-conferencia-de-prensa-conjunta-con-el-primer-ministro-canadiense-mark-carney-el-23-de-junio-de-2025-en-bruselas.jpeg","contentUrl":"https:\/\/vof-news.eu\/wp-content\/uploads\/2025\/07\/la-presidenta-de-la-comision-europea-ursula-von-der-leyen-durante-una-conferencia-de-prensa-conjunta-con-el-primer-ministro-canadiense-mark-carney-el-23-de-junio-de-2025-en-bruselas.jpeg","width":1200,"height":720},{"@type":"BreadcrumbList","@id":"https:\/\/vof-news.eu\/es\/claves-de-la-mocion-a-la-comision-un-intento-ultra-sin-visos-de-prosperar-pero-que-dana-a-von-der-leyen\/#breadcrumb","itemListElement":[{"@type":"ListItem","position":1,"name":"Home","item":"https:\/\/vof-news.eu\/es\/"},{"@type":"ListItem","position":2,"name":"Claves de la moci\u00f3n a la Comisi\u00f3n: un intento ultra sin visos de prosperar pero que da\u00f1a a Von der Leyen"}]},{"@type":"WebSite","@id":"https:\/\/vof-news.eu\/es\/#website","url":"https:\/\/vof-news.eu\/es\/","name":"vof-news.eu","description":"","potentialAction":[{"@type":"SearchAction","target":{"@type":"EntryPoint","urlTemplate":"https:\/\/vof-news.eu\/es\/?s={search_term_string}"},"query-input":"required name=search_term_string"}],"inLanguage":"es"},{"@type":"Person","@id":"https:\/\/vof-news.eu\/es\/#\/schema\/person\/f6a2a4309f0561835797fd8c19b333ed","name":"Author","image":{"@type":"ImageObject","inLanguage":"es","@id":"https:\/\/vof-news.eu\/es\/#\/schema\/person\/image\/","url":"https:\/\/secure.gravatar.com\/avatar\/b67e614b1b25b3e9c0c239efdd2fde5ab015b5affd6f1c3c85911ca4b384e790?s=96&d=mm&r=g","contentUrl":"https:\/\/secure.gravatar.com\/avatar\/b67e614b1b25b3e9c0c239efdd2fde5ab015b5affd6f1c3c85911ca4b384e790?s=96&d=mm&r=g","caption":"Author"},"sameAs":["http:\/\/vof-news.eu"],"url":"https:\/\/vof-news.eu\/es\/author\/zwt6qxnjulxbnyg\/"}]}},"yoast_meta":{"yoast_wpseo_title":"","yoast_wpseo_metadesc":"","yoast_wpseo_canonical":""},"_links":{"self":[{"href":"https:\/\/vof-news.eu\/es\/wp-json\/wp\/v2\/posts\/248052","targetHints":{"allow":["GET"]}}],"collection":[{"href":"https:\/\/vof-news.eu\/es\/wp-json\/wp\/v2\/posts"}],"about":[{"href":"https:\/\/vof-news.eu\/es\/wp-json\/wp\/v2\/types\/post"}],"author":[{"embeddable":true,"href":"https:\/\/vof-news.eu\/es\/wp-json\/wp\/v2\/users\/1"}],"replies":[{"embeddable":true,"href":"https:\/\/vof-news.eu\/es\/wp-json\/wp\/v2\/comments?post=248052"}],"version-history":[{"count":1,"href":"https:\/\/vof-news.eu\/es\/wp-json\/wp\/v2\/posts\/248052\/revisions"}],"predecessor-version":[{"id":248059,"href":"https:\/\/vof-news.eu\/es\/wp-json\/wp\/v2\/posts\/248052\/revisions\/248059"}],"wp:featuredmedia":[{"embeddable":true,"href":"https:\/\/vof-news.eu\/es\/wp-json\/wp\/v2\/media\/248053"}],"wp:attachment":[{"href":"https:\/\/vof-news.eu\/es\/wp-json\/wp\/v2\/media?parent=248052"}],"wp:term":[{"taxonomy":"category","embeddable":true,"href":"https:\/\/vof-news.eu\/es\/wp-json\/wp\/v2\/categories?post=248052"},{"taxonomy":"post_tag","embeddable":true,"href":"https:\/\/vof-news.eu\/es\/wp-json\/wp\/v2\/tags?post=248052"}],"curies":[{"name":"wp","href":"https:\/\/api.w.org\/{rel}","templated":true}]}}