{"id":247990,"date":"2025-07-06T07:20:24","date_gmt":"2025-07-06T04:20:24","guid":{"rendered":"https:\/\/vof-news.eu\/baharau-hellen-o-yahya-y-la-dificultad-extra-para-encontrar-alquiler-ni-con-el-aval-de-mi-empresa-me-daban-habitacion\/"},"modified":"2025-07-06T07:20:56","modified_gmt":"2025-07-06T04:20:56","slug":"baharau-hellen-o-yahya-y-la-dificultad-extra-para-encontrar-alquiler-ni-con-el-aval-de-mi-empresa-me-daban-habitacion","status":"publish","type":"post","link":"https:\/\/vof-news.eu\/es\/baharau-hellen-o-yahya-y-la-dificultad-extra-para-encontrar-alquiler-ni-con-el-aval-de-mi-empresa-me-daban-habitacion\/","title":{"rendered":"Baharau, Hellen o Yahya y la dificultad extra para encontrar alquiler: \u201cNi con el aval de mi empresa me daban habitaci\u00f3n\u201d"},"content":{"rendered":"<div>\n<p>\n        En una de las visitas que Baharau concert\u00f3 para ver un piso que quer\u00eda alquilar, la primera pregunta a la que tuvo que responder fue si era realmente \u00e9l quien hab\u00eda hablado por tel\u00e9fono con la inmobiliaria. \u201cDespu\u00e9s de escucharte en perfecto castellano, cuanto te ven en persona se quedan en estado de shock\u201d, explica este hombre de 32, que ha atravesado una odisea para encontrar una habitaci\u00f3n en Madrid, donde vino a trabajar desde Barcelona. \u201cSab\u00eda que el tema de la vivienda estaba complicado a nivel general, pero cuando le a\u00f1ades temas raciales se complica todav\u00eda m\u00e1s\u201d, lamenta.\n    <\/p>\n<p>\n        Los problemas para acceder a una vivienda que enfrentan las personas migrantes o racializadas son conocidos. En marzo, Provivienda public\u00f3 una investigaci\u00f3n que conclu\u00eda que el <a href=\"https:\/\/www.eldiario.es\/economia\/99-inmobiliarias-discriminan-extranjeros-whatsapp-iba-oir-acento-empezo-poner-peros_1_12162726.html\" rel=\"nofollow\">99% de las inmobiliarias<\/a> aceptan cl\u00e1usulas racistas, despu\u00e9s de realizar un centenar de llamadas a agencias en Madrid y Barcelona, haci\u00e9ndose pasar por propietarios que quer\u00edan poner un inmueble en alquiler. Al contrario, cuando se hac\u00edan pasar por inquilinos, recib\u00edan una negativa en la mitad de los casos en los que lo hac\u00edan con acento extranjero.\n    <\/p>\n<p>\n        En Madrid, el 67% de los inquilinos son de origen espa\u00f1ol, frente al 7,6% que provienen del resto de la Uni\u00f3n Europea y el 25,4% de otros pa\u00edses, que son quienes enfrentan mayores problemas. En Barcelona, la relaci\u00f3n del 64,5%, el 9,1% y el 26,4%, respectivamente. Por grupos, en todo el Estado, el 14% de los hogares de origen espa\u00f1ol viven de alquiler, frente al 70% de la poblaci\u00f3n migrante, que es inquilina. Este mi\u00e9rcoles, el <a href=\"https:\/\/idrabcn.com\/es\/publicacion\/prejuicio\/\" rel=\"nofollow\">Instituto de Investigaci\u00f3n Urbana de Barcelona<\/a> (IDRA) ha publicado un informe en el que va m\u00e1s all\u00e1 de esos problemas de acceso, para analizar c\u00f3mo viven esas personas. \u201cApenas pueden permitirse vivir solos; uno de cada tres no tiene otra opci\u00f3n que irse a una habitaci\u00f3n y la mitad de quienes acceden un alquiler tienen viviendas con deficiencias graves, pagando lo mismo que los espa\u00f1oles\u201d, explica el coautor del trabajo, Pablo P\u00e9rez Ruiz.\n    <\/p>\n<p>\n        Helen tiene 24 a\u00f1os y lleg\u00f3 a Madrid en 2020. Ven\u00eda a estudiar a una universidad privada, costeada por sus padres. Encontr\u00f3 un piso en febrero de 2021, en el barrio de Goya, en el distrito de Salamanca, uno de los m\u00e1s caros de la ciudad, por 700 euros. \u201cEra un piso diminuto, pero estaba sola y c\u00f3moda\u201d, explica. Le pidieron un mes de fianza, el de entrada, el de agencia y un avalista porque no ten\u00eda contrato laboral. Le pareci\u00f3 razonable y acept\u00f3. El pasado mes de diciembre tuvo que abandonar esa casa y se vio avocada a una jungla inmobiliaria.\n    <\/p>\n<p>\n        El caso de Helen pone nombre y rostro a algunas de las estad\u00edsticas que recoge el informe de IDRA. Por ejemplo, que una vez que encuentran piso, los inquilinos extranjeros tienen m\u00e1s deficiencias en la vivienda o que sus caseros eluden sus responsabilidades a la hora de hacer frente a reparaciones en el hogar. Tras una b\u00fasqueda desesperada, en la que se encontr\u00f3 desde intentos de fraude hasta portazos y negativas de vivista, acab\u00f3 dando con un piso en su rango de precios, unos 1.400 euros, que compartir\u00eda con su hermano cuando aterrizase en Espa\u00f1a. \u201cEstaba desesperada y como era el \u00fanico que no me pon\u00eda pegas, acept\u00e9\u201d, cuenta.\n    <\/p>\n<p>\n        A los pocos d\u00edas de entrar en la vivienda comenz\u00f3 a detectar humedades, plagas de hormigas, gusanos en la ducha y chinches en el colch\u00f3n. \u201cLa mitad de los inquilinos migrantes han tenido alg\u00fan tipo de abuso, como negarse a hacer reparaciones, no renovaciones del contrato o subidas de precio\u201d, explica P\u00e9rez Ruiz. Hellen lo confirma: \u201cNo pod\u00eda dormir, tuve par\u00e1sitos y cuando mandaba fotos al casero me dec\u00eda que me ayudaba a limpiar, pero era un tema de inhabitabilidad\u201d. La joven se vio forzada a abandonar la vivienda unas semanas despu\u00e9s de haber firmado un contrato con condiciones leoninas para la propiedad. 1.000 euros por perder un juego de llaves, 400 euros de limpieza a la salida, asumir los costes legales del arrendador en caso de disputa legal.\n    <\/p>\n<p>\n        \u201cEl racismo inmobiliario afecta a todas las personas. Est\u00e1 muy unido a la clase social, pero tambi\u00e9n a los prejuicios, que llevan a asumir que una persona, por ser migrante o racializada, no va a pagar, as\u00ed que se suelen pedir m\u00e1s n\u00f3minas, m\u00e1s avales&#8230;\u201d, explica la portavoz del Sindicato de Inquilinas de Madrid, Assiatou Diallo.\n    <\/p>\n<p>\n        Hay otra vulneraci\u00f3n de derechos a tener en cuenta, que es la falta de contratos. \u201cLo que se detecta, sobre todo en los barrios m\u00e1s c\u00e9ntricos es el hacinamiento en pisos, un fen\u00f3meno que sufren m\u00e1s las personas migrantes y el alquiler de habitaciones sin contrato, que hace que est\u00e9n en una situaci\u00f3n de mayor vulnerabilidad, que les puedan echar m\u00e1s r\u00e1pido o que no tengan acceso al padr\u00f3n, un requisito b\u00e1sico para acceder a regularizar su situaci\u00f3n administrativa\u201d, expone Diallo. Como muestra el siguiente gr\u00e1fico, los acuerdos sin r\u00fabrica pr\u00e1cticamente se duplican en el caso de las personas extranjeras, tanto en Madrid como en Barcelona, mientras los temporales tambi\u00e9n son notablemente superiores.\n    <\/p>\n<p>\n        Precisamente, esa presuposici\u00f3n de pobreza o de vulnerabilidad lleva tambi\u00e9n a tener que pagar m\u00e1s por lo mismo o por lo que nadie quiere. Yahya y su familia tuvieron que buscar piso en 2022. En un momento dado, agendaron una visita y, ante la urgencia extrema por abandonar el domicilio en el que estaban, el joven opto por adelantar el papeleo y justificar ingresos familiares por encima de los 4.000 euros al mes antes de personarse en el lugar. \u201cDos horas despu\u00e9s me dijeron que ten\u00edan otro dosier y que cancelaban la visita\u201d, explica. \u00c9l lo atribuy\u00f3 entonces a su nombre \u00e1rabe, pero lo confirm\u00f3 poco despu\u00e9s. Una compa\u00f1era llam\u00f3 a los pocos minutos y pudo ir a ver la vivienda. \u00c9l la acompa\u00f1\u00f3. \u201cLa trabajadora nos dijo que no era cosa de la inmobiliaria, que el propietario no quer\u00eda gente extranjera\u201d, cuenta.\n    <\/p>\n<p>\n        Yahya grab\u00f3 esa conversaci\u00f3n y denunci\u00f3 los hechos, primero ante el Gobierno vasco y despu\u00e9s ante la justicia. En ning\u00fan caso vieron discriminaci\u00f3n. \u201cSOS Racismo tiene un programa y hemos hecho campa\u00f1as animando a denunciar, pero es dif\u00edcil. La gente no sabe, tiene dificultades con el idioma y, en mi caso, tampoco he conseguido nada. La gente descarta denunciar porque lo \u00fanico que necesita es un piso\u201d, lamenta.\n    <\/p>\n<p>\n        Finalmente, Yahya identific\u00f3 un patr\u00f3n. \u201cTe alquilan si el precio de esa vivienda est\u00e1 alto y a nadie le interesa\u201d, explica. En el caso de su familia, tambi\u00e9n han tenido muebles viejos y algunas negativas para reparar o cambiar electrodom\u00e9sticos obsoletos o en mal estado. \u201cEst\u00e1s pagando 900 euros, pero el piso no est\u00e1 al 100%\u201d, cuenta.\n    <\/p>\n<p>\n        Los precios m\u00e1s altos \u2014o similares por viviendas en peores condiciones\u2014 suponen tambi\u00e9n una brecha en el dinero disponible tras pagar el alquiler y los suministros. Seg\u00fan el informe de IDRA, la diferencia ronda los 200 euros. \u201cLas dificultades de la poblaci\u00f3n extranjera para llegar a fin de mes pueden tambi\u00e9n explicar que, ante dificultades financieras, esta tenga un mayor porcentaje de realquiler de habitaciones que la espa\u00f1ola, adem\u00e1s de evitar a familiares y conocidos el desgastante y discriminatorio proceso de selecci\u00f3n para entrar en una vivienda a trav\u00e9s del mercado formal\u201d, se\u00f1ala el trabajo.\n    <\/p>\n<p>\n        C\u00f3mo de desgastante es ese proceso lo sabe bien Baharau, que incluso con el aval de su empresa, un conocid\u00edsimo club deportivo, se las deseo para encontrar alojamiento. \u201cSi no con el compromiso de quien te paga te dan la opci\u00f3n de tener una habitaci\u00f3n, \u00bfa qu\u00e9 punto tienes que llegar?\u201d, se pregunta. Tuvo que vivir unos meses en casa de un amigo, hasta que consigui\u00f3 una habitaci\u00f3n a trav\u00e9s de un compa\u00f1ero. \u201cLo acept\u00e9 a pesar de que el precio era muy elevado: 650 euros por una habitaci\u00f3n superpeque\u00f1a, en la que no entraba luz natural y con una cama en la que ten\u00eda que dormir con las piernas encogidas\u201d, explica. A los pocos meses se pudo mudar a un piso mejor en Vallecas.\n    <\/p>\n<p>\n        Fueron tres mudanzas en un periodo breve de tiempo. Como Hellen, que tuvo que acarretar sus pertenencias dos veces en un trimestre. De hecho, estos cambios de domicilio son m\u00e1s habituales entre las personas de origen extranjero. Como muestra el siguiente gr\u00e1fico, una de cada cuatro de estas personas ha realizado tres o m\u00e1s mudanzas en los \u00faltimos cinco a\u00f1os, que es la duraci\u00f3n m\u00e1s habitual de un contrato.\n    <\/p>\n<p>\n        Para combatir la discriminaci\u00f3n inmobiliaria, el <a href=\"https:\/\/www.inquilinato.org\/consulta-la-guia-contra-el-racismo-inmobiliario\/\" rel=\"nofollow\">Sindicato de Inquilinas<\/a> ha presentado recientemente una gu\u00eda con indicaciones b\u00e1sicas para recabar pruebas en caso de que se vulnere la ley integral de trato y la no discriminaci\u00f3n que, lamentan, \u201cno se est\u00e1 cumpliendo\u201d, y para evitar abusos o situaciones de vulnerabilidad. \u201cQueremos dar respuesta al racismo inmobiliario que, \u00fanico al institucional con la Ley de Extranjer\u00eda, dificulta la vida de las personas migrantes y racializadas\u201d, explica Diallo, que pone como ejemplo otros esfuerzos colectivos, como los sindicatos de manteros o las trabajadoras de los cuidados. \u201cVamos a luchar porque las personas no tengamos esta dificultad extra para acceder a la vivienda\u201d, reivindica.\n    <\/p>\n<p>\n        Esa lucha colectiva trata de explotar la m\u00e1xima de que la uni\u00f3n hace la fuerza. Aunque, en ocasiones, en la b\u00fasqueda desesperada por una vivienda digna y asequible, parece que sirve ponerle zancadillas al que empieza la carrera un poco m\u00e1s atr\u00e1s. Yahya permanece en un grupo de Facebook, al que ingres\u00f3 cuando buscaba piso. De vez en cuando a\u00fan hay usuarios que se venden en el tabl\u00f3n para conseguir un alquiler con un mensaje: \u201cSoy de aqu\u00ed\u201d.\n    <\/p>\n<\/div>\n","protected":false},"excerpt":{"rendered":"<p>En una de las visitas que Baharau concert\u00f3 para ver un piso que quer\u00eda alquilar, la primera pregunta a la que tuvo que responder fue si era realmente \u00e9l quien hab\u00eda hablado por tel\u00e9fono con la inmobiliaria. \u201cDespu\u00e9s de escucharte en perfecto castellano, cuanto te ven en persona se quedan en estado de shock\u201d, explica<\/p>\n","protected":false},"author":1,"featured_media":247991,"comment_status":"open","ping_status":"open","sticky":false,"template":"","format":"standard","meta":{"footnotes":""},"categories":[61],"tags":[],"class_list":["post-247990","post","type-post","status-publish","format-standard","has-post-thumbnail","hentry","category-business-es"],"acf":[],"yoast_head":"<!-- This site is optimized with the Yoast SEO plugin v22.9 - https:\/\/yoast.com\/wordpress\/plugins\/seo\/ -->\n<title>Baharau, Hellen o Yahya y la dificultad extra para encontrar alquiler: \u201cNi con el aval de mi empresa me daban habitaci\u00f3n\u201d - vof-news.eu<\/title>\n<meta name=\"description\" content=\"En una de las visitas que Baharau concert\u00f3 para ver un piso que quer\u00eda alquilar, la primera pregunta a la que tuvo que responder fue si era realmente \u00e9l quien hab\u00eda hablado por tel\u00e9fono con la inmobiliaria. \u201cDespu\u00e9s de escucharte en perfecto castellano, cuanto te ven en persona se quedan en estado de shock\u201d, explica este hombre de 32, que ha atravesado una odisea para encontrar una habitaci\u00f3n en Madrid, donde vino a trabajar desde Barcelona. \u201cSab\u00eda que el tema de la vivienda estaba complicado a nivel general, pero cuando le a\u00f1ades temas raciales se complica todav\u00eda m\u00e1s\u201d, lamenta.\" \/>\n<meta name=\"robots\" content=\"noindex, follow, max-snippet:-1, max-image-preview:large, max-video-preview:-1\" \/>\n<meta property=\"og:locale\" content=\"es_ES\" \/>\n<meta property=\"og:type\" content=\"article\" \/>\n<meta property=\"og:title\" content=\"Baharau, Hellen o Yahya y la dificultad extra para encontrar alquiler: \u201cNi con el aval de mi empresa me daban habitaci\u00f3n\u201d - vof-news.eu\" \/>\n<meta property=\"og:description\" content=\"En una de las visitas que Baharau concert\u00f3 para ver un piso que quer\u00eda alquilar, la primera pregunta a la que tuvo que responder fue si era realmente \u00e9l quien hab\u00eda hablado por tel\u00e9fono con la inmobiliaria. \u201cDespu\u00e9s de escucharte en perfecto castellano, cuanto te ven en persona se quedan en estado de shock\u201d, explica este hombre de 32, que ha atravesado una odisea para encontrar una habitaci\u00f3n en Madrid, donde vino a trabajar desde Barcelona. \u201cSab\u00eda que el tema de la vivienda estaba complicado a nivel general, pero cuando le a\u00f1ades temas raciales se complica todav\u00eda m\u00e1s\u201d, lamenta.\" \/>\n<meta property=\"og:url\" content=\"https:\/\/vof-news.eu\/es\/baharau-hellen-o-yahya-y-la-dificultad-extra-para-encontrar-alquiler-ni-con-el-aval-de-mi-empresa-me-daban-habitacion\/\" \/>\n<meta property=\"og:site_name\" content=\"vof-news.eu\" \/>\n<meta property=\"article:published_time\" content=\"2025-07-06T04:20:24+00:00\" \/>\n<meta property=\"article:modified_time\" content=\"2025-07-06T04:20:56+00:00\" \/>\n<meta property=\"og:image\" content=\"https:\/\/vof-news.eu\/wp-content\/uploads\/2025\/07\/ce0c2c18-d630-4e18-ac45-110a89f44b71_16-9-discover-aspect-ratio_default_0.jpg\" \/>\n\t<meta property=\"og:image:width\" content=\"1200\" \/>\n\t<meta property=\"og:image:height\" content=\"675\" \/>\n\t<meta property=\"og:image:type\" content=\"image\/jpeg\" \/>\n<meta name=\"author\" content=\"Author\" \/>\n<meta name=\"twitter:card\" content=\"summary_large_image\" \/>\n<meta name=\"twitter:label1\" content=\"Escrito por\" \/>\n\t<meta name=\"twitter:data1\" content=\"Author\" \/>\n\t<meta name=\"twitter:label2\" content=\"Tiempo de lectura\" \/>\n\t<meta name=\"twitter:data2\" content=\"8 minutos\" \/>\n<script type=\"application\/ld+json\" class=\"yoast-schema-graph\">{\"@context\":\"https:\/\/schema.org\",\"@graph\":[{\"@type\":\"WebPage\",\"@id\":\"https:\/\/vof-news.eu\/es\/baharau-hellen-o-yahya-y-la-dificultad-extra-para-encontrar-alquiler-ni-con-el-aval-de-mi-empresa-me-daban-habitacion\/\",\"url\":\"https:\/\/vof-news.eu\/es\/baharau-hellen-o-yahya-y-la-dificultad-extra-para-encontrar-alquiler-ni-con-el-aval-de-mi-empresa-me-daban-habitacion\/\",\"name\":\"Baharau, Hellen o Yahya y la dificultad extra para encontrar alquiler: \u201cNi con el aval de mi empresa me daban habitaci\u00f3n\u201d - vof-news.eu\",\"isPartOf\":{\"@id\":\"https:\/\/vof-news.eu\/es\/#website\"},\"primaryImageOfPage\":{\"@id\":\"https:\/\/vof-news.eu\/es\/baharau-hellen-o-yahya-y-la-dificultad-extra-para-encontrar-alquiler-ni-con-el-aval-de-mi-empresa-me-daban-habitacion\/#primaryimage\"},\"image\":{\"@id\":\"https:\/\/vof-news.eu\/es\/baharau-hellen-o-yahya-y-la-dificultad-extra-para-encontrar-alquiler-ni-con-el-aval-de-mi-empresa-me-daban-habitacion\/#primaryimage\"},\"thumbnailUrl\":\"https:\/\/vof-news.eu\/wp-content\/uploads\/2025\/07\/ce0c2c18-d630-4e18-ac45-110a89f44b71_16-9-discover-aspect-ratio_default_0.jpg\",\"datePublished\":\"2025-07-06T04:20:24+00:00\",\"dateModified\":\"2025-07-06T04:20:56+00:00\",\"author\":{\"@id\":\"https:\/\/vof-news.eu\/es\/#\/schema\/person\/f6a2a4309f0561835797fd8c19b333ed\"},\"description\":\"En una de las visitas que Baharau concert\u00f3 para ver un piso que quer\u00eda alquilar, la primera pregunta a la que tuvo que responder fue si era realmente \u00e9l quien hab\u00eda hablado por tel\u00e9fono con la inmobiliaria. \u201cDespu\u00e9s de escucharte en perfecto castellano, cuanto te ven en persona se quedan en estado de shock\u201d, explica este hombre de 32, que ha atravesado una odisea para encontrar una habitaci\u00f3n en Madrid, donde vino a trabajar desde Barcelona. \u201cSab\u00eda que el tema de la vivienda estaba complicado a nivel general, pero cuando le a\u00f1ades temas raciales se complica todav\u00eda m\u00e1s\u201d, lamenta.\",\"breadcrumb\":{\"@id\":\"https:\/\/vof-news.eu\/es\/baharau-hellen-o-yahya-y-la-dificultad-extra-para-encontrar-alquiler-ni-con-el-aval-de-mi-empresa-me-daban-habitacion\/#breadcrumb\"},\"inLanguage\":\"es\",\"potentialAction\":[{\"@type\":\"ReadAction\",\"target\":[\"https:\/\/vof-news.eu\/es\/baharau-hellen-o-yahya-y-la-dificultad-extra-para-encontrar-alquiler-ni-con-el-aval-de-mi-empresa-me-daban-habitacion\/\"]}]},{\"@type\":\"ImageObject\",\"inLanguage\":\"es\",\"@id\":\"https:\/\/vof-news.eu\/es\/baharau-hellen-o-yahya-y-la-dificultad-extra-para-encontrar-alquiler-ni-con-el-aval-de-mi-empresa-me-daban-habitacion\/#primaryimage\",\"url\":\"https:\/\/vof-news.eu\/wp-content\/uploads\/2025\/07\/ce0c2c18-d630-4e18-ac45-110a89f44b71_16-9-discover-aspect-ratio_default_0.jpg\",\"contentUrl\":\"https:\/\/vof-news.eu\/wp-content\/uploads\/2025\/07\/ce0c2c18-d630-4e18-ac45-110a89f44b71_16-9-discover-aspect-ratio_default_0.jpg\",\"width\":1200,\"height\":675},{\"@type\":\"BreadcrumbList\",\"@id\":\"https:\/\/vof-news.eu\/es\/baharau-hellen-o-yahya-y-la-dificultad-extra-para-encontrar-alquiler-ni-con-el-aval-de-mi-empresa-me-daban-habitacion\/#breadcrumb\",\"itemListElement\":[{\"@type\":\"ListItem\",\"position\":1,\"name\":\"Home\",\"item\":\"https:\/\/vof-news.eu\/es\/\"},{\"@type\":\"ListItem\",\"position\":2,\"name\":\"Baharau, Hellen o Yahya y la dificultad extra para encontrar alquiler: \u201cNi con el aval de mi empresa me daban habitaci\u00f3n\u201d\"}]},{\"@type\":\"WebSite\",\"@id\":\"https:\/\/vof-news.eu\/es\/#website\",\"url\":\"https:\/\/vof-news.eu\/es\/\",\"name\":\"vof-news.eu\",\"description\":\"\",\"potentialAction\":[{\"@type\":\"SearchAction\",\"target\":{\"@type\":\"EntryPoint\",\"urlTemplate\":\"https:\/\/vof-news.eu\/es\/?s={search_term_string}\"},\"query-input\":\"required name=search_term_string\"}],\"inLanguage\":\"es\"},{\"@type\":\"Person\",\"@id\":\"https:\/\/vof-news.eu\/es\/#\/schema\/person\/f6a2a4309f0561835797fd8c19b333ed\",\"name\":\"Author\",\"image\":{\"@type\":\"ImageObject\",\"inLanguage\":\"es\",\"@id\":\"https:\/\/vof-news.eu\/es\/#\/schema\/person\/image\/\",\"url\":\"https:\/\/secure.gravatar.com\/avatar\/b67e614b1b25b3e9c0c239efdd2fde5ab015b5affd6f1c3c85911ca4b384e790?s=96&d=mm&r=g\",\"contentUrl\":\"https:\/\/secure.gravatar.com\/avatar\/b67e614b1b25b3e9c0c239efdd2fde5ab015b5affd6f1c3c85911ca4b384e790?s=96&d=mm&r=g\",\"caption\":\"Author\"},\"sameAs\":[\"http:\/\/vof-news.eu\"],\"url\":\"https:\/\/vof-news.eu\/es\/author\/zwt6qxnjulxbnyg\/\"}]}<\/script>\n<!-- \/ Yoast SEO plugin. -->","yoast_head_json":{"title":"Baharau, Hellen o Yahya y la dificultad extra para encontrar alquiler: \u201cNi con el aval de mi empresa me daban habitaci\u00f3n\u201d - vof-news.eu","description":"En una de las visitas que Baharau concert\u00f3 para ver un piso que quer\u00eda alquilar, la primera pregunta a la que tuvo que responder fue si era realmente \u00e9l quien hab\u00eda hablado por tel\u00e9fono con la inmobiliaria. \u201cDespu\u00e9s de escucharte en perfecto castellano, cuanto te ven en persona se quedan en estado de shock\u201d, explica este hombre de 32, que ha atravesado una odisea para encontrar una habitaci\u00f3n en Madrid, donde vino a trabajar desde Barcelona. \u201cSab\u00eda que el tema de la vivienda estaba complicado a nivel general, pero cuando le a\u00f1ades temas raciales se complica todav\u00eda m\u00e1s\u201d, lamenta.","robots":{"index":"noindex","follow":"follow","max-snippet":"max-snippet:-1","max-image-preview":"max-image-preview:large","max-video-preview":"max-video-preview:-1"},"og_locale":"es_ES","og_type":"article","og_title":"Baharau, Hellen o Yahya y la dificultad extra para encontrar alquiler: \u201cNi con el aval de mi empresa me daban habitaci\u00f3n\u201d - vof-news.eu","og_description":"En una de las visitas que Baharau concert\u00f3 para ver un piso que quer\u00eda alquilar, la primera pregunta a la que tuvo que responder fue si era realmente \u00e9l quien hab\u00eda hablado por tel\u00e9fono con la inmobiliaria. \u201cDespu\u00e9s de escucharte en perfecto castellano, cuanto te ven en persona se quedan en estado de shock\u201d, explica este hombre de 32, que ha atravesado una odisea para encontrar una habitaci\u00f3n en Madrid, donde vino a trabajar desde Barcelona. \u201cSab\u00eda que el tema de la vivienda estaba complicado a nivel general, pero cuando le a\u00f1ades temas raciales se complica todav\u00eda m\u00e1s\u201d, lamenta.","og_url":"https:\/\/vof-news.eu\/es\/baharau-hellen-o-yahya-y-la-dificultad-extra-para-encontrar-alquiler-ni-con-el-aval-de-mi-empresa-me-daban-habitacion\/","og_site_name":"vof-news.eu","article_published_time":"2025-07-06T04:20:24+00:00","article_modified_time":"2025-07-06T04:20:56+00:00","og_image":[{"width":1200,"height":675,"url":"https:\/\/vof-news.eu\/wp-content\/uploads\/2025\/07\/ce0c2c18-d630-4e18-ac45-110a89f44b71_16-9-discover-aspect-ratio_default_0.jpg","type":"image\/jpeg"}],"author":"Author","twitter_card":"summary_large_image","twitter_misc":{"Escrito por":"Author","Tiempo de lectura":"8 minutos"},"schema":{"@context":"https:\/\/schema.org","@graph":[{"@type":"WebPage","@id":"https:\/\/vof-news.eu\/es\/baharau-hellen-o-yahya-y-la-dificultad-extra-para-encontrar-alquiler-ni-con-el-aval-de-mi-empresa-me-daban-habitacion\/","url":"https:\/\/vof-news.eu\/es\/baharau-hellen-o-yahya-y-la-dificultad-extra-para-encontrar-alquiler-ni-con-el-aval-de-mi-empresa-me-daban-habitacion\/","name":"Baharau, Hellen o Yahya y la dificultad extra para encontrar alquiler: \u201cNi con el aval de mi empresa me daban habitaci\u00f3n\u201d - vof-news.eu","isPartOf":{"@id":"https:\/\/vof-news.eu\/es\/#website"},"primaryImageOfPage":{"@id":"https:\/\/vof-news.eu\/es\/baharau-hellen-o-yahya-y-la-dificultad-extra-para-encontrar-alquiler-ni-con-el-aval-de-mi-empresa-me-daban-habitacion\/#primaryimage"},"image":{"@id":"https:\/\/vof-news.eu\/es\/baharau-hellen-o-yahya-y-la-dificultad-extra-para-encontrar-alquiler-ni-con-el-aval-de-mi-empresa-me-daban-habitacion\/#primaryimage"},"thumbnailUrl":"https:\/\/vof-news.eu\/wp-content\/uploads\/2025\/07\/ce0c2c18-d630-4e18-ac45-110a89f44b71_16-9-discover-aspect-ratio_default_0.jpg","datePublished":"2025-07-06T04:20:24+00:00","dateModified":"2025-07-06T04:20:56+00:00","author":{"@id":"https:\/\/vof-news.eu\/es\/#\/schema\/person\/f6a2a4309f0561835797fd8c19b333ed"},"description":"En una de las visitas que Baharau concert\u00f3 para ver un piso que quer\u00eda alquilar, la primera pregunta a la que tuvo que responder fue si era realmente \u00e9l quien hab\u00eda hablado por tel\u00e9fono con la inmobiliaria. \u201cDespu\u00e9s de escucharte en perfecto castellano, cuanto te ven en persona se quedan en estado de shock\u201d, explica este hombre de 32, que ha atravesado una odisea para encontrar una habitaci\u00f3n en Madrid, donde vino a trabajar desde Barcelona. \u201cSab\u00eda que el tema de la vivienda estaba complicado a nivel general, pero cuando le a\u00f1ades temas raciales se complica todav\u00eda m\u00e1s\u201d, lamenta.","breadcrumb":{"@id":"https:\/\/vof-news.eu\/es\/baharau-hellen-o-yahya-y-la-dificultad-extra-para-encontrar-alquiler-ni-con-el-aval-de-mi-empresa-me-daban-habitacion\/#breadcrumb"},"inLanguage":"es","potentialAction":[{"@type":"ReadAction","target":["https:\/\/vof-news.eu\/es\/baharau-hellen-o-yahya-y-la-dificultad-extra-para-encontrar-alquiler-ni-con-el-aval-de-mi-empresa-me-daban-habitacion\/"]}]},{"@type":"ImageObject","inLanguage":"es","@id":"https:\/\/vof-news.eu\/es\/baharau-hellen-o-yahya-y-la-dificultad-extra-para-encontrar-alquiler-ni-con-el-aval-de-mi-empresa-me-daban-habitacion\/#primaryimage","url":"https:\/\/vof-news.eu\/wp-content\/uploads\/2025\/07\/ce0c2c18-d630-4e18-ac45-110a89f44b71_16-9-discover-aspect-ratio_default_0.jpg","contentUrl":"https:\/\/vof-news.eu\/wp-content\/uploads\/2025\/07\/ce0c2c18-d630-4e18-ac45-110a89f44b71_16-9-discover-aspect-ratio_default_0.jpg","width":1200,"height":675},{"@type":"BreadcrumbList","@id":"https:\/\/vof-news.eu\/es\/baharau-hellen-o-yahya-y-la-dificultad-extra-para-encontrar-alquiler-ni-con-el-aval-de-mi-empresa-me-daban-habitacion\/#breadcrumb","itemListElement":[{"@type":"ListItem","position":1,"name":"Home","item":"https:\/\/vof-news.eu\/es\/"},{"@type":"ListItem","position":2,"name":"Baharau, Hellen o Yahya y la dificultad extra para encontrar alquiler: \u201cNi con el aval de mi empresa me daban habitaci\u00f3n\u201d"}]},{"@type":"WebSite","@id":"https:\/\/vof-news.eu\/es\/#website","url":"https:\/\/vof-news.eu\/es\/","name":"vof-news.eu","description":"","potentialAction":[{"@type":"SearchAction","target":{"@type":"EntryPoint","urlTemplate":"https:\/\/vof-news.eu\/es\/?s={search_term_string}"},"query-input":"required name=search_term_string"}],"inLanguage":"es"},{"@type":"Person","@id":"https:\/\/vof-news.eu\/es\/#\/schema\/person\/f6a2a4309f0561835797fd8c19b333ed","name":"Author","image":{"@type":"ImageObject","inLanguage":"es","@id":"https:\/\/vof-news.eu\/es\/#\/schema\/person\/image\/","url":"https:\/\/secure.gravatar.com\/avatar\/b67e614b1b25b3e9c0c239efdd2fde5ab015b5affd6f1c3c85911ca4b384e790?s=96&d=mm&r=g","contentUrl":"https:\/\/secure.gravatar.com\/avatar\/b67e614b1b25b3e9c0c239efdd2fde5ab015b5affd6f1c3c85911ca4b384e790?s=96&d=mm&r=g","caption":"Author"},"sameAs":["http:\/\/vof-news.eu"],"url":"https:\/\/vof-news.eu\/es\/author\/zwt6qxnjulxbnyg\/"}]}},"yoast_meta":{"yoast_wpseo_title":"","yoast_wpseo_metadesc":"","yoast_wpseo_canonical":""},"_links":{"self":[{"href":"https:\/\/vof-news.eu\/es\/wp-json\/wp\/v2\/posts\/247990","targetHints":{"allow":["GET"]}}],"collection":[{"href":"https:\/\/vof-news.eu\/es\/wp-json\/wp\/v2\/posts"}],"about":[{"href":"https:\/\/vof-news.eu\/es\/wp-json\/wp\/v2\/types\/post"}],"author":[{"embeddable":true,"href":"https:\/\/vof-news.eu\/es\/wp-json\/wp\/v2\/users\/1"}],"replies":[{"embeddable":true,"href":"https:\/\/vof-news.eu\/es\/wp-json\/wp\/v2\/comments?post=247990"}],"version-history":[{"count":1,"href":"https:\/\/vof-news.eu\/es\/wp-json\/wp\/v2\/posts\/247990\/revisions"}],"predecessor-version":[{"id":247997,"href":"https:\/\/vof-news.eu\/es\/wp-json\/wp\/v2\/posts\/247990\/revisions\/247997"}],"wp:featuredmedia":[{"embeddable":true,"href":"https:\/\/vof-news.eu\/es\/wp-json\/wp\/v2\/media\/247991"}],"wp:attachment":[{"href":"https:\/\/vof-news.eu\/es\/wp-json\/wp\/v2\/media?parent=247990"}],"wp:term":[{"taxonomy":"category","embeddable":true,"href":"https:\/\/vof-news.eu\/es\/wp-json\/wp\/v2\/categories?post=247990"},{"taxonomy":"post_tag","embeddable":true,"href":"https:\/\/vof-news.eu\/es\/wp-json\/wp\/v2\/tags?post=247990"}],"curies":[{"name":"wp","href":"https:\/\/api.w.org\/{rel}","templated":true}]}}