{"id":247982,"date":"2025-07-06T07:19:33","date_gmt":"2025-07-06T04:19:33","guid":{"rendered":"https:\/\/vof-news.eu\/alemania-sepulta-su-austeridad-y-se-hipoteca-para-rearmarse-y-rescatar-a-su-industria-de-las-cenizas\/"},"modified":"2025-07-06T07:19:52","modified_gmt":"2025-07-06T04:19:52","slug":"alemania-sepulta-su-austeridad-y-se-hipoteca-para-rearmarse-y-rescatar-a-su-industria-de-las-cenizas","status":"publish","type":"post","link":"https:\/\/vof-news.eu\/es\/alemania-sepulta-su-austeridad-y-se-hipoteca-para-rearmarse-y-rescatar-a-su-industria-de-las-cenizas\/","title":{"rendered":"Alemania sepulta su austeridad y se hipoteca para rearmarse y rescatar a su industria de las cenizas"},"content":{"rendered":"<div>\n<p>\n        No hay vuelta atr\u00e1s. Alemania acaba de renegar de su ADN de austeridad financiera, concebido durante la hiperinflaci\u00f3n del periodo de entreguerras, consolidado a lo largo de una Guerra Fr\u00eda bajo el principio rector de la desmilitarizaci\u00f3n, sin un Ej\u00e9rcito operativo, por estricto deseo tanto de sus aliados como por sus enemigos exteriores y que impuso por su estatus de econom\u00eda m\u00e1s poderosa de la UE, a sus socios comunitarios durante la larga y tortuosa traves\u00eda de la crisis de la deuda. Surgida a ra\u00edz del colapso crediticio de 2008 y que se agudiz\u00f3, con rescates financieros a Grecia -de extrema urgencia- a Portugal, Irlanda y Espa\u00f1a entre 2011 y 2012, con el euro sobre la mesa de operaciones, y que estuvo a punto de tener que lanzar otro salvavidas a Italia.\n    <\/p>\n<p>\n        Los ajustes de la ex canciller Angela Merkel, larvados junto a contribuyentes netos de la UE como Pa\u00edses Bajos, y que granjearon las cr\u00edticas jocosas de diarios como  contra los PIGS de la Europa meridional, incapaces -dijeron a coro todos ellos entonces- de poner en orden sus cuentas p\u00fablicas, parecen ahora un vestigio de un pasado remoto. Un, como se lleg\u00f3 a calificar en las sociedades rescatadas -dicen las malas lenguas- por el dinero del norte europeo.\n    <\/p>\n<p>\n        Porque Berl\u00edn ha pasado p\u00e1gina en su historia econ\u00f3mica reciente. A finales de junio, el ministro de Finanzas de la renovada Gran Coalici\u00f3n de democristianos (CDU\/CSU) y socialdem\u00f3cratas del SPD, Lars Klingbeil, reconoci\u00f3 que el plan para sacar a Alemania de la par\u00e1lisis econ\u00f3mica que la asola desde hace un trienio ser\u00e1 a cargo de deuda futura. O, dicho de otro modo: el medio bill\u00f3n de euros que requerir\u00e1 devolver el esplendor perdido a la otrora musculada industria germana, rearmar al pa\u00eds con un cheque equivalente al 5% de un PIB que roza los 5 billones de d\u00f3lares por obra y gracia del nuevo acuerdo de la OTAN -y al que se ha comprometido sin rodeos el canciller Friedrich Merz, un convencido atlantista- y activar un ambicioso programa de infraestructuras con el que hormonar la productividad y la competitividad alemanas.\n    <\/p>\n<p>\n        De alguna forma a\u00fan indescifrable, la maniobra de Klingbeil, vicecanciller y nuevo l\u00edder del SPD, ha puesto en liza la reputaci\u00f3n del tercer PIB global. Los analistas parecen decantarse por prever un escenario audaz para Alemania, por interpretar que era el momento para que Berl\u00edn reniegue de ese exceso de rigor presupuestario y cors\u00e9s financieros. Incluso algunos hablan de que ser\u00eda un primer paso para que finalmente claudique y se abra al lanzamiento de eurobonos como v\u00eda para avalar los grandes proyectos geoestrat\u00e9gicos que reclaman Mario Draghi y Enrico Letta, los ex primeros ministros italianos que se han encargado de perfilar la hoja de ruta que debe llevar a la UE a rivalizar con EEUU y China en los mercados internacionales.\n    <\/p>\n<p>\n        Otros, los m\u00e1s liberales, hablan de la tentaci\u00f3n de que el Gobierno germano entre en una org\u00eda de endeudamiento desmesurado y enfatizan los riesgos asociados a una agenda propensa a los gestos desmesurados a cuenta de futuros ingresos. De no mediar un rechazo imprevisto, el plan expansivo de Klingbeil elevar\u00e1 la inversi\u00f3n federal en dos tercios hasta finales de 2026, anticipar\u00e1 a 2029 las aportaciones alemanas a las arcas de la OTAN, 6 a\u00f1os antes de la fecha tope marcada por la Alianza Atl\u00e1ntica antes de impulsar su factura militar al 5%, y activar\u00e1 un pr\u00e9stamo todav\u00eda de mayor calado -unos 850.000 millones de euros- para abordar el dr\u00e1stico incremento del gasto fiscal alem\u00e1n.\n    <\/p>\n<h2>Alemania se situar\u00eda fuera de la convergencia europea<\/h2>\n<p>\n        Hasta el Bundesbank alerta de que este horizonte empujar\u00eda al d\u00e9ficit a un agujero superior al 3% del PIB y catapultar\u00eda la deuda por encima del 60% del PIB. Es decir, la ortodoxia germana, el brazo crediticio del euro, se saltar\u00eda los dos grandes criterios de convergencia por primera vez al mismo tiempo.\n    <\/p>\n<p>\n        La cifra no deja de ser simb\u00f3lica. Es similar al coste de los fondos Next Generation que lanzaron la reconstrucci\u00f3n europea tras la Gran Pandemia, la cantidad que esboz\u00f3 Draghi para cubrir las necesidades anuales de una reconversi\u00f3n industrial en el mercado interior y el desembolso que requerir\u00eda, seg\u00fan los analistas de , crear un ej\u00e9rcito europeo.\n    <\/p>\n<p>\n habla de tres virajes que han hecho posible este viaje de Alemania fuera de sus confines presupuestarios. El primero, la obsesiva convicci\u00f3n de Merz de que hay que militarizar la Bundeswehr porque Rusia estar\u00e1 en disposici\u00f3n de poder atacar territorio OTAN en 2029. El segundo, la reciente modificaci\u00f3n constitucional que exime a los gastos de Defensa de su r\u00edgido \u201cfreno de la deuda\u201d y la artima\u00f1a, nunca antes vista, de que el programa de infraestructuras que debe modernizar los cauces energ\u00e9ticos, digitales y de transporte de Alemania debe financiarse con dotaci\u00f3n extrapresupuestaria y con cargo al servicio de pagos. Finalmente, el hecho de que, tras d\u00e9cadas de austeridad, Berl\u00edn est\u00e1 en condici\u00f3n de absorber mayor dosis de endeudamiento al presentar un registro a\u00fan inferior al 60% del PIB. Aunque lo haya rozado a finales de 2024.\n    <\/p>\n<p>\n        Todo ello ha incitado a la Gran Coalici\u00f3n de Merz a configurar una agenda reformista alternativa a la que, a buen seguro, hubieran dise\u00f1ado cualquier de sus antecesores, pero que defiende sus asesores econ\u00f3micos, que predicen el despegue, leve, de la econom\u00eda en 2026, por el est\u00edmulo del gasto y las inversiones p\u00fablicas. Palabra del Consejo de Expertos que siempre ha aconsejado a los cancilleres y que augura que el enfermo econ\u00f3mico europeo a\u00fan emitir\u00e1 un encefalograma plano este a\u00f1o. O, en el mejor de los casos, un repunte de 4 d\u00e9cimas, precisa Monika Schnitzer, su presidenta.\n    <\/p>\n<p>\n        El jefe del Bundesbank, Joachim Nagel, no descarta, incluso, otra recesi\u00f3n, como en 2023 y 2024, por la escalada arancelaria de la Administraci\u00f3n Trump, que apunta a sectores neur\u00e1lgicos como el de automoci\u00f3n, y a los pedidos exteriores de manufacturas .\n    <\/p>\n<p>\n        Ni el consejo asesor ni la autoridad monetaria han cuestionado la austeridad. Solo recomiendan a Berl\u00edn que administren adecuadamente los fondos. Tambi\u00e9n en los c\u00edrculos de poder alemanes han cambiado de mentalidad. Pese a que entre los riesgos de esta nueva estrategia emerge una prohibici\u00f3n expresa al freno de la deuda. Porque el escape constitucional solo ampara partidas concretas vinculadas al rearme y proyectos espec\u00edficos del programa de infraestructuras. El rigor sigue existiendo para la mayor parte de las cuentas federales que crear\u00e1n un d\u00e9ficit de 144.000 millones de euros entre 2027 y 2029. Un desequilibrio que Klingbeil y Robin Winkler, economista jefe de Deutsche Bank, conf\u00edan en que pueda suplirse con un mayor dinamismo.\n    <\/p>\n<p>\n        Eso s\u00ed, parece que a cambio de instaurar una agenda reformista que ponga en forma un mercado laboral con cada vez m\u00e1s poblaci\u00f3n pasiva por el envejecimiento social o un modelo impositivo que deja poco margen a reducir la presi\u00f3n tributaria.\n    <\/p>\n<h2>Berl\u00edn necesita una agresiva agenda de reformas<\/h2>\n<p>\n        Otros autores inciden en que la militarizaci\u00f3n alemana a\u00f1adir\u00e1 vigor al PIB. Adem\u00e1s -aseguran- se produce en un contexto de calma estrat\u00e9gica si se tiene en cuenta que varios vecinos como Dinamarca o Suecia, pero tambi\u00e9n Polonia o los b\u00e1lticos -entre otros- han elevado sus cheques entre el 3% y el 5% este a\u00f1o o que firmas armament\u00edsticas como KNDS o Thales, dos de las que se han beneficiado del boom burs\u00e1til de este sector en las bolsas europeas, \u201cest\u00e1n interesadas en producir y desarrollar material b\u00e9lico, en especial misiles de largo alcance, en Ucrania\u201d, alerta Jacob Funk Kirkegaard, analista del Instituto Bruegel. A bajo coste y en condiciones de fuego real matiza.\n    <\/p>\n<p>\n        Sander Tordoir, economista jefe del Center for European Reform (CER), critica \u201cla amenaza en estado latente de un gobierno federal que debe transformar la industria y la econom\u00eda con unos enormes despliegues de inversi\u00f3n en Defensa e infraestructuras\u201d. Puede que Alemania -matiza- haya elegido un l\u00edder, pero su patr\u00f3n de crecimiento se sigue enfrentando al desastre y Merz ha tenido siempre un comportamiento \u201cdemasiado impulsivo\u201d. Tordoir se declara moderadamente optimista, aun as\u00ed. \u201cSi la mayor parte del dinero, la inversi\u00f3n y la financiaci\u00f3n se destina al sector industrial, a transformar las redes energ\u00e9ticas y de transporte y a digitalizar su econom\u00eda\u201d. Sobre todo, porque el ataque arancelario de Trump contra Europa tendr\u00e1 en Alemania su peor campo de batalla.\n    <\/p>\n<p>\n        Armin Steinbach, desde Bruegel, llama la atenci\u00f3n sobre otro efecto colateral. Sin cambios en el orden fiscal europeo, ni las reformas ni la estrategia alemanas tendr\u00e1n \u00e9xito. \u201cNecesita un mayor margen presupuestario\u201d, otro periodo largo de flexibilidad del Pacto de Estabilidad, que permita a Berl\u00edn conceder a los  espacios de gasto para atender el estado de bienestar m\u00e1s all\u00e1 del 0,35% del PIB que establece la Carta Magna alemana. \u201cA\u00fan persiste el conflicto normativo entre Bruselas y Berl\u00edn\u201d, aclara. Pero tambi\u00e9n con otros socios, que deber\u00e1n hacer magia para cuadrar sus cuentas sin desatender sus facturas de rearme, en medio de la peor guerra comercial en m\u00e1s de medio siglo y unos mercados de capital en estado de volatilidad permanente.\n    <\/p>\n<p>\n        La ca\u00edda del viejo modelo poco competitivo y apenas productivo tambi\u00e9n exige movimientos en el entramado europeo. Despu\u00e9s del  que ha elevado el rango tecnol\u00f3gico, de transici\u00f3n energ\u00e9tica y de modernizaci\u00f3n industrial del gigante asi\u00e1tico, capaz, adem\u00e1s, de lidiar y moldear las cadenas de valor o los cauces log\u00edsticos y mar\u00edtimos hasta desesperar a Trump que ha apelado hasta a BlackRock para desafiar la extensa gesti\u00f3n del tr\u00e1nsito mercante chino en los cuatro continentes. Todos, excepto Ocean\u00eda.\n    <\/p>\n<p>\n        \u201cEsta mentalidad es la que ha dejado miope a Alemania\u201d, admiten en Bruegel, que sigue dolida por haber perdido el t\u00edtulo de  o campe\u00f3n mundial de las exportaciones por su ceguera con la austeridad y con la decadencia de su industria. \u201cEl modelo germano nunca se ha enfrentado a tanta presi\u00f3n\u201d, precisa su investigador Jeromin Zettelmeyer.\n    <\/p>\n<p>\n        Sin duda le servir\u00e1 de gran ayuda a Merz la reciente petici\u00f3n del Comit\u00e9 de Industria T+1 de la UE a las entidades financieras para que faciliten cr\u00e9ditos destinados a la automatizaci\u00f3n, la IA y la digitalizaci\u00f3n que eliminen los procesos anal\u00f3gicos que generan cuellos de botella industriales en el mercado interior y se reduzcan las trabas burocr\u00e1ticas en la Uni\u00f3n.\n    <\/p>\n<\/div>\n","protected":false},"excerpt":{"rendered":"<p>No hay vuelta atr\u00e1s. Alemania acaba de renegar de su ADN de austeridad financiera, concebido durante la hiperinflaci\u00f3n del periodo de entreguerras, consolidado a lo largo de una Guerra Fr\u00eda bajo el principio rector de la desmilitarizaci\u00f3n, sin un Ej\u00e9rcito operativo, por estricto deseo tanto de sus aliados como por sus enemigos exteriores y que<\/p>\n","protected":false},"author":1,"featured_media":247983,"comment_status":"open","ping_status":"open","sticky":false,"template":"","format":"standard","meta":{"footnotes":""},"categories":[61],"tags":[],"class_list":["post-247982","post","type-post","status-publish","format-standard","has-post-thumbnail","hentry","category-business-es"],"acf":[],"yoast_head":"<!-- This site is optimized with the Yoast SEO plugin v22.9 - https:\/\/yoast.com\/wordpress\/plugins\/seo\/ -->\n<title>Alemania sepulta su austeridad y se hipoteca para rearmarse y rescatar a su industria de las cenizas - vof-news.eu<\/title>\n<meta name=\"description\" content=\"No hay vuelta atr\u00e1s. Alemania acaba de renegar de su ADN de austeridad financiera, concebido durante la hiperinflaci\u00f3n del periodo de entreguerras, consolidado a lo largo de una Guerra Fr\u00eda bajo el principio rector de la desmilitarizaci\u00f3n, sin un Ej\u00e9rcito operativo, por estricto deseo tanto de sus aliados como por sus enemigos exteriores y que impuso por su estatus de econom\u00eda m\u00e1s poderosa de la UE, a sus socios comunitarios durante la larga y tortuosa traves\u00eda de la crisis de la deuda. Surgida a ra\u00edz del colapso crediticio de 2008 y que se agudiz\u00f3, con rescates financieros a Grecia -de extrema urgencia- a Portugal, Irlanda y Espa\u00f1a entre 2011 y 2012, con el euro sobre la mesa de operaciones, y que estuvo a punto de tener que lanzar otro salvavidas a Italia.\" \/>\n<meta name=\"robots\" content=\"noindex, follow, max-snippet:-1, max-image-preview:large, max-video-preview:-1\" \/>\n<meta property=\"og:locale\" content=\"es_ES\" \/>\n<meta property=\"og:type\" content=\"article\" \/>\n<meta property=\"og:title\" content=\"Alemania sepulta su austeridad y se hipoteca para rearmarse y rescatar a su industria de las cenizas - vof-news.eu\" \/>\n<meta property=\"og:description\" content=\"No hay vuelta atr\u00e1s. Alemania acaba de renegar de su ADN de austeridad financiera, concebido durante la hiperinflaci\u00f3n del periodo de entreguerras, consolidado a lo largo de una Guerra Fr\u00eda bajo el principio rector de la desmilitarizaci\u00f3n, sin un Ej\u00e9rcito operativo, por estricto deseo tanto de sus aliados como por sus enemigos exteriores y que impuso por su estatus de econom\u00eda m\u00e1s poderosa de la UE, a sus socios comunitarios durante la larga y tortuosa traves\u00eda de la crisis de la deuda. Surgida a ra\u00edz del colapso crediticio de 2008 y que se agudiz\u00f3, con rescates financieros a Grecia -de extrema urgencia- a Portugal, Irlanda y Espa\u00f1a entre 2011 y 2012, con el euro sobre la mesa de operaciones, y que estuvo a punto de tener que lanzar otro salvavidas a Italia.\" \/>\n<meta property=\"og:url\" content=\"https:\/\/vof-news.eu\/es\/alemania-sepulta-su-austeridad-y-se-hipoteca-para-rearmarse-y-rescatar-a-su-industria-de-las-cenizas\/\" \/>\n<meta property=\"og:site_name\" content=\"vof-news.eu\" \/>\n<meta property=\"article:published_time\" content=\"2025-07-06T04:19:33+00:00\" \/>\n<meta property=\"article:modified_time\" content=\"2025-07-06T04:19:52+00:00\" \/>\n<meta property=\"og:image\" content=\"https:\/\/vof-news.eu\/wp-content\/uploads\/2025\/07\/582e099f-c22c-4ce6-92f8-5e986b959a4d_16-9-discover-aspect-ratio_default_0.jpg\" \/>\n\t<meta property=\"og:image:width\" content=\"1200\" \/>\n\t<meta property=\"og:image:height\" content=\"675\" \/>\n\t<meta property=\"og:image:type\" content=\"image\/jpeg\" \/>\n<meta name=\"author\" content=\"Author\" \/>\n<meta name=\"twitter:card\" content=\"summary_large_image\" \/>\n<meta name=\"twitter:label1\" content=\"Escrito por\" \/>\n\t<meta name=\"twitter:data1\" content=\"Author\" \/>\n\t<meta name=\"twitter:label2\" content=\"Tiempo de lectura\" \/>\n\t<meta name=\"twitter:data2\" content=\"9 minutos\" \/>\n<script type=\"application\/ld+json\" class=\"yoast-schema-graph\">{\"@context\":\"https:\/\/schema.org\",\"@graph\":[{\"@type\":\"WebPage\",\"@id\":\"https:\/\/vof-news.eu\/es\/alemania-sepulta-su-austeridad-y-se-hipoteca-para-rearmarse-y-rescatar-a-su-industria-de-las-cenizas\/\",\"url\":\"https:\/\/vof-news.eu\/es\/alemania-sepulta-su-austeridad-y-se-hipoteca-para-rearmarse-y-rescatar-a-su-industria-de-las-cenizas\/\",\"name\":\"Alemania sepulta su austeridad y se hipoteca para rearmarse y rescatar a su industria de las cenizas - vof-news.eu\",\"isPartOf\":{\"@id\":\"https:\/\/vof-news.eu\/es\/#website\"},\"primaryImageOfPage\":{\"@id\":\"https:\/\/vof-news.eu\/es\/alemania-sepulta-su-austeridad-y-se-hipoteca-para-rearmarse-y-rescatar-a-su-industria-de-las-cenizas\/#primaryimage\"},\"image\":{\"@id\":\"https:\/\/vof-news.eu\/es\/alemania-sepulta-su-austeridad-y-se-hipoteca-para-rearmarse-y-rescatar-a-su-industria-de-las-cenizas\/#primaryimage\"},\"thumbnailUrl\":\"https:\/\/vof-news.eu\/wp-content\/uploads\/2025\/07\/582e099f-c22c-4ce6-92f8-5e986b959a4d_16-9-discover-aspect-ratio_default_0.jpg\",\"datePublished\":\"2025-07-06T04:19:33+00:00\",\"dateModified\":\"2025-07-06T04:19:52+00:00\",\"author\":{\"@id\":\"https:\/\/vof-news.eu\/es\/#\/schema\/person\/f6a2a4309f0561835797fd8c19b333ed\"},\"description\":\"No hay vuelta atr\u00e1s. Alemania acaba de renegar de su ADN de austeridad financiera, concebido durante la hiperinflaci\u00f3n del periodo de entreguerras, consolidado a lo largo de una Guerra Fr\u00eda bajo el principio rector de la desmilitarizaci\u00f3n, sin un Ej\u00e9rcito operativo, por estricto deseo tanto de sus aliados como por sus enemigos exteriores y que impuso por su estatus de econom\u00eda m\u00e1s poderosa de la UE, a sus socios comunitarios durante la larga y tortuosa traves\u00eda de la crisis de la deuda. Surgida a ra\u00edz del colapso crediticio de 2008 y que se agudiz\u00f3, con rescates financieros a Grecia -de extrema urgencia- a Portugal, Irlanda y Espa\u00f1a entre 2011 y 2012, con el euro sobre la mesa de operaciones, y que estuvo a punto de tener que lanzar otro salvavidas a Italia.\",\"breadcrumb\":{\"@id\":\"https:\/\/vof-news.eu\/es\/alemania-sepulta-su-austeridad-y-se-hipoteca-para-rearmarse-y-rescatar-a-su-industria-de-las-cenizas\/#breadcrumb\"},\"inLanguage\":\"es\",\"potentialAction\":[{\"@type\":\"ReadAction\",\"target\":[\"https:\/\/vof-news.eu\/es\/alemania-sepulta-su-austeridad-y-se-hipoteca-para-rearmarse-y-rescatar-a-su-industria-de-las-cenizas\/\"]}]},{\"@type\":\"ImageObject\",\"inLanguage\":\"es\",\"@id\":\"https:\/\/vof-news.eu\/es\/alemania-sepulta-su-austeridad-y-se-hipoteca-para-rearmarse-y-rescatar-a-su-industria-de-las-cenizas\/#primaryimage\",\"url\":\"https:\/\/vof-news.eu\/wp-content\/uploads\/2025\/07\/582e099f-c22c-4ce6-92f8-5e986b959a4d_16-9-discover-aspect-ratio_default_0.jpg\",\"contentUrl\":\"https:\/\/vof-news.eu\/wp-content\/uploads\/2025\/07\/582e099f-c22c-4ce6-92f8-5e986b959a4d_16-9-discover-aspect-ratio_default_0.jpg\",\"width\":1200,\"height\":675},{\"@type\":\"BreadcrumbList\",\"@id\":\"https:\/\/vof-news.eu\/es\/alemania-sepulta-su-austeridad-y-se-hipoteca-para-rearmarse-y-rescatar-a-su-industria-de-las-cenizas\/#breadcrumb\",\"itemListElement\":[{\"@type\":\"ListItem\",\"position\":1,\"name\":\"Home\",\"item\":\"https:\/\/vof-news.eu\/es\/\"},{\"@type\":\"ListItem\",\"position\":2,\"name\":\"Alemania sepulta su austeridad y se hipoteca para rearmarse y rescatar a su industria de las cenizas\"}]},{\"@type\":\"WebSite\",\"@id\":\"https:\/\/vof-news.eu\/es\/#website\",\"url\":\"https:\/\/vof-news.eu\/es\/\",\"name\":\"vof-news.eu\",\"description\":\"\",\"potentialAction\":[{\"@type\":\"SearchAction\",\"target\":{\"@type\":\"EntryPoint\",\"urlTemplate\":\"https:\/\/vof-news.eu\/es\/?s={search_term_string}\"},\"query-input\":\"required name=search_term_string\"}],\"inLanguage\":\"es\"},{\"@type\":\"Person\",\"@id\":\"https:\/\/vof-news.eu\/es\/#\/schema\/person\/f6a2a4309f0561835797fd8c19b333ed\",\"name\":\"Author\",\"image\":{\"@type\":\"ImageObject\",\"inLanguage\":\"es\",\"@id\":\"https:\/\/vof-news.eu\/es\/#\/schema\/person\/image\/\",\"url\":\"https:\/\/secure.gravatar.com\/avatar\/b67e614b1b25b3e9c0c239efdd2fde5ab015b5affd6f1c3c85911ca4b384e790?s=96&d=mm&r=g\",\"contentUrl\":\"https:\/\/secure.gravatar.com\/avatar\/b67e614b1b25b3e9c0c239efdd2fde5ab015b5affd6f1c3c85911ca4b384e790?s=96&d=mm&r=g\",\"caption\":\"Author\"},\"sameAs\":[\"http:\/\/vof-news.eu\"],\"url\":\"https:\/\/vof-news.eu\/es\/author\/zwt6qxnjulxbnyg\/\"}]}<\/script>\n<!-- \/ Yoast SEO plugin. -->","yoast_head_json":{"title":"Alemania sepulta su austeridad y se hipoteca para rearmarse y rescatar a su industria de las cenizas - vof-news.eu","description":"No hay vuelta atr\u00e1s. Alemania acaba de renegar de su ADN de austeridad financiera, concebido durante la hiperinflaci\u00f3n del periodo de entreguerras, consolidado a lo largo de una Guerra Fr\u00eda bajo el principio rector de la desmilitarizaci\u00f3n, sin un Ej\u00e9rcito operativo, por estricto deseo tanto de sus aliados como por sus enemigos exteriores y que impuso por su estatus de econom\u00eda m\u00e1s poderosa de la UE, a sus socios comunitarios durante la larga y tortuosa traves\u00eda de la crisis de la deuda. Surgida a ra\u00edz del colapso crediticio de 2008 y que se agudiz\u00f3, con rescates financieros a Grecia -de extrema urgencia- a Portugal, Irlanda y Espa\u00f1a entre 2011 y 2012, con el euro sobre la mesa de operaciones, y que estuvo a punto de tener que lanzar otro salvavidas a Italia.","robots":{"index":"noindex","follow":"follow","max-snippet":"max-snippet:-1","max-image-preview":"max-image-preview:large","max-video-preview":"max-video-preview:-1"},"og_locale":"es_ES","og_type":"article","og_title":"Alemania sepulta su austeridad y se hipoteca para rearmarse y rescatar a su industria de las cenizas - vof-news.eu","og_description":"No hay vuelta atr\u00e1s. Alemania acaba de renegar de su ADN de austeridad financiera, concebido durante la hiperinflaci\u00f3n del periodo de entreguerras, consolidado a lo largo de una Guerra Fr\u00eda bajo el principio rector de la desmilitarizaci\u00f3n, sin un Ej\u00e9rcito operativo, por estricto deseo tanto de sus aliados como por sus enemigos exteriores y que impuso por su estatus de econom\u00eda m\u00e1s poderosa de la UE, a sus socios comunitarios durante la larga y tortuosa traves\u00eda de la crisis de la deuda. Surgida a ra\u00edz del colapso crediticio de 2008 y que se agudiz\u00f3, con rescates financieros a Grecia -de extrema urgencia- a Portugal, Irlanda y Espa\u00f1a entre 2011 y 2012, con el euro sobre la mesa de operaciones, y que estuvo a punto de tener que lanzar otro salvavidas a Italia.","og_url":"https:\/\/vof-news.eu\/es\/alemania-sepulta-su-austeridad-y-se-hipoteca-para-rearmarse-y-rescatar-a-su-industria-de-las-cenizas\/","og_site_name":"vof-news.eu","article_published_time":"2025-07-06T04:19:33+00:00","article_modified_time":"2025-07-06T04:19:52+00:00","og_image":[{"width":1200,"height":675,"url":"https:\/\/vof-news.eu\/wp-content\/uploads\/2025\/07\/582e099f-c22c-4ce6-92f8-5e986b959a4d_16-9-discover-aspect-ratio_default_0.jpg","type":"image\/jpeg"}],"author":"Author","twitter_card":"summary_large_image","twitter_misc":{"Escrito por":"Author","Tiempo de lectura":"9 minutos"},"schema":{"@context":"https:\/\/schema.org","@graph":[{"@type":"WebPage","@id":"https:\/\/vof-news.eu\/es\/alemania-sepulta-su-austeridad-y-se-hipoteca-para-rearmarse-y-rescatar-a-su-industria-de-las-cenizas\/","url":"https:\/\/vof-news.eu\/es\/alemania-sepulta-su-austeridad-y-se-hipoteca-para-rearmarse-y-rescatar-a-su-industria-de-las-cenizas\/","name":"Alemania sepulta su austeridad y se hipoteca para rearmarse y rescatar a su industria de las cenizas - vof-news.eu","isPartOf":{"@id":"https:\/\/vof-news.eu\/es\/#website"},"primaryImageOfPage":{"@id":"https:\/\/vof-news.eu\/es\/alemania-sepulta-su-austeridad-y-se-hipoteca-para-rearmarse-y-rescatar-a-su-industria-de-las-cenizas\/#primaryimage"},"image":{"@id":"https:\/\/vof-news.eu\/es\/alemania-sepulta-su-austeridad-y-se-hipoteca-para-rearmarse-y-rescatar-a-su-industria-de-las-cenizas\/#primaryimage"},"thumbnailUrl":"https:\/\/vof-news.eu\/wp-content\/uploads\/2025\/07\/582e099f-c22c-4ce6-92f8-5e986b959a4d_16-9-discover-aspect-ratio_default_0.jpg","datePublished":"2025-07-06T04:19:33+00:00","dateModified":"2025-07-06T04:19:52+00:00","author":{"@id":"https:\/\/vof-news.eu\/es\/#\/schema\/person\/f6a2a4309f0561835797fd8c19b333ed"},"description":"No hay vuelta atr\u00e1s. Alemania acaba de renegar de su ADN de austeridad financiera, concebido durante la hiperinflaci\u00f3n del periodo de entreguerras, consolidado a lo largo de una Guerra Fr\u00eda bajo el principio rector de la desmilitarizaci\u00f3n, sin un Ej\u00e9rcito operativo, por estricto deseo tanto de sus aliados como por sus enemigos exteriores y que impuso por su estatus de econom\u00eda m\u00e1s poderosa de la UE, a sus socios comunitarios durante la larga y tortuosa traves\u00eda de la crisis de la deuda. Surgida a ra\u00edz del colapso crediticio de 2008 y que se agudiz\u00f3, con rescates financieros a Grecia -de extrema urgencia- a Portugal, Irlanda y Espa\u00f1a entre 2011 y 2012, con el euro sobre la mesa de operaciones, y que estuvo a punto de tener que lanzar otro salvavidas a Italia.","breadcrumb":{"@id":"https:\/\/vof-news.eu\/es\/alemania-sepulta-su-austeridad-y-se-hipoteca-para-rearmarse-y-rescatar-a-su-industria-de-las-cenizas\/#breadcrumb"},"inLanguage":"es","potentialAction":[{"@type":"ReadAction","target":["https:\/\/vof-news.eu\/es\/alemania-sepulta-su-austeridad-y-se-hipoteca-para-rearmarse-y-rescatar-a-su-industria-de-las-cenizas\/"]}]},{"@type":"ImageObject","inLanguage":"es","@id":"https:\/\/vof-news.eu\/es\/alemania-sepulta-su-austeridad-y-se-hipoteca-para-rearmarse-y-rescatar-a-su-industria-de-las-cenizas\/#primaryimage","url":"https:\/\/vof-news.eu\/wp-content\/uploads\/2025\/07\/582e099f-c22c-4ce6-92f8-5e986b959a4d_16-9-discover-aspect-ratio_default_0.jpg","contentUrl":"https:\/\/vof-news.eu\/wp-content\/uploads\/2025\/07\/582e099f-c22c-4ce6-92f8-5e986b959a4d_16-9-discover-aspect-ratio_default_0.jpg","width":1200,"height":675},{"@type":"BreadcrumbList","@id":"https:\/\/vof-news.eu\/es\/alemania-sepulta-su-austeridad-y-se-hipoteca-para-rearmarse-y-rescatar-a-su-industria-de-las-cenizas\/#breadcrumb","itemListElement":[{"@type":"ListItem","position":1,"name":"Home","item":"https:\/\/vof-news.eu\/es\/"},{"@type":"ListItem","position":2,"name":"Alemania sepulta su austeridad y se hipoteca para rearmarse y rescatar a su industria de las cenizas"}]},{"@type":"WebSite","@id":"https:\/\/vof-news.eu\/es\/#website","url":"https:\/\/vof-news.eu\/es\/","name":"vof-news.eu","description":"","potentialAction":[{"@type":"SearchAction","target":{"@type":"EntryPoint","urlTemplate":"https:\/\/vof-news.eu\/es\/?s={search_term_string}"},"query-input":"required name=search_term_string"}],"inLanguage":"es"},{"@type":"Person","@id":"https:\/\/vof-news.eu\/es\/#\/schema\/person\/f6a2a4309f0561835797fd8c19b333ed","name":"Author","image":{"@type":"ImageObject","inLanguage":"es","@id":"https:\/\/vof-news.eu\/es\/#\/schema\/person\/image\/","url":"https:\/\/secure.gravatar.com\/avatar\/b67e614b1b25b3e9c0c239efdd2fde5ab015b5affd6f1c3c85911ca4b384e790?s=96&d=mm&r=g","contentUrl":"https:\/\/secure.gravatar.com\/avatar\/b67e614b1b25b3e9c0c239efdd2fde5ab015b5affd6f1c3c85911ca4b384e790?s=96&d=mm&r=g","caption":"Author"},"sameAs":["http:\/\/vof-news.eu"],"url":"https:\/\/vof-news.eu\/es\/author\/zwt6qxnjulxbnyg\/"}]}},"yoast_meta":{"yoast_wpseo_title":"","yoast_wpseo_metadesc":"","yoast_wpseo_canonical":""},"_links":{"self":[{"href":"https:\/\/vof-news.eu\/es\/wp-json\/wp\/v2\/posts\/247982","targetHints":{"allow":["GET"]}}],"collection":[{"href":"https:\/\/vof-news.eu\/es\/wp-json\/wp\/v2\/posts"}],"about":[{"href":"https:\/\/vof-news.eu\/es\/wp-json\/wp\/v2\/types\/post"}],"author":[{"embeddable":true,"href":"https:\/\/vof-news.eu\/es\/wp-json\/wp\/v2\/users\/1"}],"replies":[{"embeddable":true,"href":"https:\/\/vof-news.eu\/es\/wp-json\/wp\/v2\/comments?post=247982"}],"version-history":[{"count":1,"href":"https:\/\/vof-news.eu\/es\/wp-json\/wp\/v2\/posts\/247982\/revisions"}],"predecessor-version":[{"id":247989,"href":"https:\/\/vof-news.eu\/es\/wp-json\/wp\/v2\/posts\/247982\/revisions\/247989"}],"wp:featuredmedia":[{"embeddable":true,"href":"https:\/\/vof-news.eu\/es\/wp-json\/wp\/v2\/media\/247983"}],"wp:attachment":[{"href":"https:\/\/vof-news.eu\/es\/wp-json\/wp\/v2\/media?parent=247982"}],"wp:term":[{"taxonomy":"category","embeddable":true,"href":"https:\/\/vof-news.eu\/es\/wp-json\/wp\/v2\/categories?post=247982"},{"taxonomy":"post_tag","embeddable":true,"href":"https:\/\/vof-news.eu\/es\/wp-json\/wp\/v2\/tags?post=247982"}],"curies":[{"name":"wp","href":"https:\/\/api.w.org\/{rel}","templated":true}]}}