{"id":247974,"date":"2025-07-06T07:18:23","date_gmt":"2025-07-06T04:18:23","guid":{"rendered":"https:\/\/vof-news.eu\/paco-salazar-el-ultimo-sanchista-que-dejo-en-shock-al-presidente\/"},"modified":"2025-07-06T07:18:51","modified_gmt":"2025-07-06T04:18:51","slug":"paco-salazar-el-ultimo-sanchista-que-dejo-en-shock-al-presidente","status":"publish","type":"post","link":"https:\/\/vof-news.eu\/es\/paco-salazar-el-ultimo-sanchista-que-dejo-en-shock-al-presidente\/","title":{"rendered":"Paco Salazar, el \u00faltimo sanchista que dej\u00f3 en &#8216;shock&#8217; al presidente"},"content":{"rendered":"<div>\n<p>\n        Una vez m\u00e1s, en &#8216;shock&#8217;. As\u00ed describen en Moncloa la reacci\u00f3n de Pedro S\u00e1nchez tras conocer <a href=\"https:\/\/www.eldiario.es\/politica\/mujeres-psoe-acusan-paco-salazar-comportamientos-inadecuados-jefe_1_12440558.html\" rel=\"nofollow\">las acusaciones de comportamientos inapropiados por parte de varias mujeres del PSOE <\/a>respecto a Paco Salazar, que este s\u00e1bado renunci\u00f3 a su puesto en la direcci\u00f3n socialista y a su cargo en el Gobierno tras la informaci\u00f3n desvelada por elDiario.es. Una de sus subordinadas le atribuye directamente pr\u00e1cticas de \u201cacoso\u201d y \u201cabuso de poder\u201d cuando era su superior en Moncloa que no lleg\u00f3 a denunciar ni en los tribunales ni en los canales internos del partido por miedo a represalias.\n    <\/p>\n<p>\n        El presidente experimenta el mismo &#8216;shock&#8217;, seg\u00fan su equipo, que cuando cayeron por presunta corrupci\u00f3n Jos\u00e9 Luis \u00c1balos, primero, y Santos Cerd\u00e1n, despu\u00e9s. Porque Salazar no solo formaba parte de ese mismo equipo fundacional del &#8216;sanchismo&#8217; en las primarias de 2017, sino que hasta ahora era el \u00faltimo de los hombres de confianza que le quedaban al l\u00edder del PSOE que hubiesen vivido de cerca su trayectoria desde el regreso a la secretar\u00eda general.\n    <\/p>\n<p>\n        Tanto confiaba en \u00e9l, de hecho, que adem\u00e1s de tenerlo a su lado en la Moncloa, le hab\u00eda encomendado reconstruir org\u00e1nicamente el partido como adjunto a la Secretar\u00eda de Organizaci\u00f3n tras el estallar el esc\u00e1ndalo de Santos Cerd\u00e1n en una elecci\u00f3n que, en realidad, sigue una extra\u00f1a l\u00ednea de toma de decisiones. Porque para recuperar al partido del mazazo que supuso la implicaci\u00f3n de Jos\u00e9 Luis \u00c1balos en el denominado &#8216;caso Koldo&#8217; eligi\u00f3 como sustituto a Cerd\u00e1n, que era entonces n\u00famero 2 de \u00c1balos. Y ahora, con Cerd\u00e1n en la c\u00e1rcel, hab\u00eda situado como persona de confianza en una Secretar\u00eda de Organizaci\u00f3n coral a Paco Salazar, el tercer integrante de aquel grupo de &#8216;sanchistas&#8217; originarios que se convirtieron en tan amigos que incluso en el caso de Salazar y Cerd\u00e1n llegaron a compartir piso durante un tiempo en Madrid.\n    <\/p>\n<p>\n        Nacido en Montellano (Sevilla) en 1968 y licenciado en Ciencias Pol\u00edticas por la UNED en 2017, Salazar ha hecho un poco de todo en pol\u00edtica durante sus 30 a\u00f1os de militancia en el PSOE. Ha sido alcalde de su pueblo, diputado en Cortes durante dos legislaturas y, desde 2017, ante todo hombre de confianza de Pedro S\u00e1nchez. Cuando el viento soplaba en contra, \u00e9l fue uno de los dirigentes socialistas que acompa\u00f1aron al hoy presidente en las primarias de aquel a\u00f1o frente al aparato de todo el partido. Desde aquel ejercicio de resistencia frente a los poderes f\u00e1cticos del PSOE, Salazar ha estado siempre cerca del presidente, formando parte de su n\u00facleo duro. Miembro de la direcci\u00f3n nacional del PSOE como responsable de An\u00e1lisis Electoral, ocupaba tambi\u00e9n un puesto destacado en Moncloa como secretario general de Coordinaci\u00f3n Institucional, un alto cargo adscrito al gabinete de Presidencia del Gobierno. Que S\u00e1nchez le confiara puestos tan relevantes en Moncloa y Ferraz da buena muestra de hasta qu\u00e9 punto se fragu\u00f3 la confianza durante todos estos a\u00f1os.\n    <\/p>\n<p>\n        Mientras en la esfera p\u00fablica se manten\u00eda en un segundo plano, en las estructuras del partido ejerc\u00eda un poder que seg\u00fan explica una de las mujeres que trabaj\u00f3 a su cargo permiti\u00f3 que ese runr\u00fan sobre sus comportamientos con sus subordinadas, generalmente j\u00f3venes, no saltara de los despachos a la opini\u00f3n p\u00fablica.\n    <\/p>\n<p>\n        Seg\u00fan todas las fuentes consultadas que han conocido su trayectoria durante estos \u00faltimos a\u00f1os, Salazar ha sido hasta este s\u00e1bado una de las personas con mayor poder f\u00e1ctico en el seno del Partido Socialista, con un control territorial de las federaciones, apuntan esas mismas fuentes, incluso mayor que el de los secretarios de organizaci\u00f3n que han ido desfilando por Ferraz y que, a menudo, recurr\u00edan a \u00e9l para resolver el d\u00eda a d\u00eda del partido, al igual que muchos ministros que necesitaban de argumentarios para salir al paso de la actualidad diaria.\n    <\/p>\n<p>\n        Solo fue separado del presidente del Gobierno tras la abrupta salida de la Moncloa de Iv\u00e1n Redondo, el medi\u00e1tico exjefe de gabinete, que situ\u00f3 a Salazar como su mano derecha. Entonces, S\u00e1nchez lo mand\u00f3 a uno de esos destierros pol\u00edticos que permite estar en el gobierno, la presidencia del madrile\u00f1o hip\u00f3dromo de La Zarzuela, una sociedad p\u00fablica con cuya actividad no se le conoc\u00eda relaci\u00f3n.  Fuentes del PSOE aseguran que ni siquiera desde ese destino dej\u00f3 de \u201ccompartir papeles\u201d con el l\u00edder socialista para asesorarlo. Hubo entonces quien pens\u00f3 que aquel distanciamiento se debi\u00f3, precisamente, a que ya eran \u201cvox populi\u201d los comportamientos de Salazar con las mujeres. No fue as\u00ed: apenas un a\u00f1o despu\u00e9s S\u00e1nchez lo recuper\u00f3 para su gabinete de nuevo.\n    <\/p>\n<p>\n        Quienes lo conocen de cerca se\u00f1alan, principalmente, dos cosas sobre su trayectoria. La primera, su habilidad innata para desarrollar estrategias electorales y su olfato pol\u00edtico. La segunda, que sus formas siempre fueron \u201cbruscas\u201d y que su fama de importunar a las mujeres lo acompa\u00f1\u00f3 en todos sus puestos pol\u00edticos. La informaci\u00f3n desvelada por elDiario.es este s\u00e1bado, de hecho, apenas caus\u00f3 sorpresa entre la inmensa mayor\u00eda de cuadros socialistas y federaciones territoriales. En la direcci\u00f3n de Ferraz y en la propia Moncloa niegan haber tenido sospecha alguna, y mucho menos denuncias.\n    <\/p>\n<p>\n        Colaboradores cercanos aluden a un lenguaje sexualizado impropio de los entornos laborales y en sus equipos varias mujeres j\u00f3venes se alertaban entre ellas sobre la incomodidad de quedarse a solas con el jefe, que a veces propon\u00eda reuniones en su casa, generalmente en cenas, fuera del horario laboral.\n    <\/p>\n<p>\n        Este s\u00e1bado, elDiario.es public\u00f3 la experiencia de dos mujeres que trabajaron bajo las \u00f3rdenes de Salazar y que denuncian \u201ccomportamientos inadecuados\u201d. Comentarios obscenos sobre la vestimenta y el cuerpo, mensajes intempestivos con invitaciones para cenar a solas fuera del horario laboral o incluso ofrecimientos de quedarse a dormir en casa, algo que una empleada de Moncloa describe como \u201cacoso sexual y abuso de poder\u201d. Otra joven voluntaria del PSOE y familia de un veterano dirigente lo se\u00f1al\u00f3 tambi\u00e9n por actitudes \u201cbabosas\u201d. La explicaci\u00f3n oficial es que ha sido<a href=\"https:\/\/www.eldiario.es\/politica\/salazar-renuncia-voluntariamente-formar-parte-direccion-psoe-acusaciones-mujeres_1_12440879.html\" rel=\"nofollow\"> el propio Salazar el que se ha apartado voluntariamente <\/a>del cometido que iba a tener en el nuevo PSOE y de su empleo en Moncloa y que ha pedido abrir una investigaci\u00f3n interna. Los relatos de las mujeres que ha desvelado elDiario.es hablan de que fue el miedo a las represalias y el inmenso poder de Salazar, puertas adentro, lo que les impidi\u00f3 denunciar sus actitudes.\n    <\/p>\n<\/div>\n","protected":false},"excerpt":{"rendered":"<p>Una vez m\u00e1s, en &#8216;shock&#8217;. As\u00ed describen en Moncloa la reacci\u00f3n de Pedro S\u00e1nchez tras conocer las acusaciones de comportamientos inapropiados por parte de varias mujeres del PSOE respecto a Paco Salazar, que este s\u00e1bado renunci\u00f3 a su puesto en la direcci\u00f3n socialista y a su cargo en el Gobierno tras la informaci\u00f3n desvelada por<\/p>\n","protected":false},"author":1,"featured_media":247975,"comment_status":"open","ping_status":"open","sticky":false,"template":"","format":"standard","meta":{"footnotes":""},"categories":[71],"tags":[],"class_list":["post-247974","post","type-post","status-publish","format-standard","has-post-thumbnail","hentry","category-politics-es"],"acf":[],"yoast_head":"<!-- This site is optimized with the Yoast SEO plugin v22.9 - https:\/\/yoast.com\/wordpress\/plugins\/seo\/ -->\n<title>Paco Salazar, el \u00faltimo sanchista que dej\u00f3 en &#039;shock&#039; al presidente - vof-news.eu<\/title>\n<meta name=\"description\" content=\"Una vez m\u00e1s, en &#039;shock&#039;. As\u00ed describen en Moncloa la reacci\u00f3n de Pedro S\u00e1nchez tras conocer las acusaciones de comportamientos inapropiados por parte de varias mujeres del PSOE respecto a Paco Salazar, que este s\u00e1bado renunci\u00f3 a su puesto en la direcci\u00f3n socialista y a su cargo en el Gobierno tras la informaci\u00f3n desvelada por elDiario.es. Una de sus subordinadas le atribuye directamente pr\u00e1cticas de \u201cacoso\u201d y \u201cabuso de poder\u201d cuando era su superior en Moncloa que no lleg\u00f3 a denunciar ni en los tribunales ni en los canales internos del partido por miedo a represalias.\" \/>\n<meta name=\"robots\" content=\"noindex, follow, max-snippet:-1, max-image-preview:large, max-video-preview:-1\" \/>\n<meta property=\"og:locale\" content=\"es_ES\" \/>\n<meta property=\"og:type\" content=\"article\" \/>\n<meta property=\"og:title\" content=\"Paco Salazar, el \u00faltimo sanchista que dej\u00f3 en &#039;shock&#039; al presidente - vof-news.eu\" \/>\n<meta property=\"og:description\" content=\"Una vez m\u00e1s, en &#039;shock&#039;. As\u00ed describen en Moncloa la reacci\u00f3n de Pedro S\u00e1nchez tras conocer las acusaciones de comportamientos inapropiados por parte de varias mujeres del PSOE respecto a Paco Salazar, que este s\u00e1bado renunci\u00f3 a su puesto en la direcci\u00f3n socialista y a su cargo en el Gobierno tras la informaci\u00f3n desvelada por elDiario.es. Una de sus subordinadas le atribuye directamente pr\u00e1cticas de \u201cacoso\u201d y \u201cabuso de poder\u201d cuando era su superior en Moncloa que no lleg\u00f3 a denunciar ni en los tribunales ni en los canales internos del partido por miedo a represalias.\" \/>\n<meta property=\"og:url\" content=\"https:\/\/vof-news.eu\/es\/paco-salazar-el-ultimo-sanchista-que-dejo-en-shock-al-presidente\/\" \/>\n<meta property=\"og:site_name\" content=\"vof-news.eu\" \/>\n<meta property=\"article:published_time\" content=\"2025-07-06T04:18:23+00:00\" \/>\n<meta property=\"article:modified_time\" content=\"2025-07-06T04:18:51+00:00\" \/>\n<meta property=\"og:image\" content=\"https:\/\/vof-news.eu\/wp-content\/uploads\/2025\/07\/c90626f5-8531-4f26-9a3a-77bf20a96d42_16-9-discover-aspect-ratio_default_0.jpg\" \/>\n\t<meta property=\"og:image:width\" content=\"1200\" \/>\n\t<meta property=\"og:image:height\" content=\"675\" \/>\n\t<meta property=\"og:image:type\" content=\"image\/jpeg\" \/>\n<meta name=\"author\" content=\"Author\" \/>\n<meta name=\"twitter:card\" content=\"summary_large_image\" \/>\n<meta name=\"twitter:label1\" content=\"Escrito por\" \/>\n\t<meta name=\"twitter:data1\" content=\"Author\" \/>\n\t<meta name=\"twitter:label2\" content=\"Tiempo de lectura\" \/>\n\t<meta name=\"twitter:data2\" content=\"6 minutos\" \/>\n<script type=\"application\/ld+json\" class=\"yoast-schema-graph\">{\"@context\":\"https:\/\/schema.org\",\"@graph\":[{\"@type\":\"WebPage\",\"@id\":\"https:\/\/vof-news.eu\/es\/paco-salazar-el-ultimo-sanchista-que-dejo-en-shock-al-presidente\/\",\"url\":\"https:\/\/vof-news.eu\/es\/paco-salazar-el-ultimo-sanchista-que-dejo-en-shock-al-presidente\/\",\"name\":\"Paco Salazar, el \u00faltimo sanchista que dej\u00f3 en 'shock' al presidente - vof-news.eu\",\"isPartOf\":{\"@id\":\"https:\/\/vof-news.eu\/es\/#website\"},\"primaryImageOfPage\":{\"@id\":\"https:\/\/vof-news.eu\/es\/paco-salazar-el-ultimo-sanchista-que-dejo-en-shock-al-presidente\/#primaryimage\"},\"image\":{\"@id\":\"https:\/\/vof-news.eu\/es\/paco-salazar-el-ultimo-sanchista-que-dejo-en-shock-al-presidente\/#primaryimage\"},\"thumbnailUrl\":\"https:\/\/vof-news.eu\/wp-content\/uploads\/2025\/07\/c90626f5-8531-4f26-9a3a-77bf20a96d42_16-9-discover-aspect-ratio_default_0.jpg\",\"datePublished\":\"2025-07-06T04:18:23+00:00\",\"dateModified\":\"2025-07-06T04:18:51+00:00\",\"author\":{\"@id\":\"https:\/\/vof-news.eu\/es\/#\/schema\/person\/f6a2a4309f0561835797fd8c19b333ed\"},\"description\":\"Una vez m\u00e1s, en 'shock'. As\u00ed describen en Moncloa la reacci\u00f3n de Pedro S\u00e1nchez tras conocer las acusaciones de comportamientos inapropiados por parte de varias mujeres del PSOE respecto a Paco Salazar, que este s\u00e1bado renunci\u00f3 a su puesto en la direcci\u00f3n socialista y a su cargo en el Gobierno tras la informaci\u00f3n desvelada por elDiario.es. Una de sus subordinadas le atribuye directamente pr\u00e1cticas de \u201cacoso\u201d y \u201cabuso de poder\u201d cuando era su superior en Moncloa que no lleg\u00f3 a denunciar ni en los tribunales ni en los canales internos del partido por miedo a represalias.\",\"breadcrumb\":{\"@id\":\"https:\/\/vof-news.eu\/es\/paco-salazar-el-ultimo-sanchista-que-dejo-en-shock-al-presidente\/#breadcrumb\"},\"inLanguage\":\"es\",\"potentialAction\":[{\"@type\":\"ReadAction\",\"target\":[\"https:\/\/vof-news.eu\/es\/paco-salazar-el-ultimo-sanchista-que-dejo-en-shock-al-presidente\/\"]}]},{\"@type\":\"ImageObject\",\"inLanguage\":\"es\",\"@id\":\"https:\/\/vof-news.eu\/es\/paco-salazar-el-ultimo-sanchista-que-dejo-en-shock-al-presidente\/#primaryimage\",\"url\":\"https:\/\/vof-news.eu\/wp-content\/uploads\/2025\/07\/c90626f5-8531-4f26-9a3a-77bf20a96d42_16-9-discover-aspect-ratio_default_0.jpg\",\"contentUrl\":\"https:\/\/vof-news.eu\/wp-content\/uploads\/2025\/07\/c90626f5-8531-4f26-9a3a-77bf20a96d42_16-9-discover-aspect-ratio_default_0.jpg\",\"width\":1200,\"height\":675},{\"@type\":\"BreadcrumbList\",\"@id\":\"https:\/\/vof-news.eu\/es\/paco-salazar-el-ultimo-sanchista-que-dejo-en-shock-al-presidente\/#breadcrumb\",\"itemListElement\":[{\"@type\":\"ListItem\",\"position\":1,\"name\":\"Home\",\"item\":\"https:\/\/vof-news.eu\/es\/\"},{\"@type\":\"ListItem\",\"position\":2,\"name\":\"Paco Salazar, el \u00faltimo sanchista que dej\u00f3 en &#8216;shock&#8217; al presidente\"}]},{\"@type\":\"WebSite\",\"@id\":\"https:\/\/vof-news.eu\/es\/#website\",\"url\":\"https:\/\/vof-news.eu\/es\/\",\"name\":\"vof-news.eu\",\"description\":\"\",\"potentialAction\":[{\"@type\":\"SearchAction\",\"target\":{\"@type\":\"EntryPoint\",\"urlTemplate\":\"https:\/\/vof-news.eu\/es\/?s={search_term_string}\"},\"query-input\":\"required name=search_term_string\"}],\"inLanguage\":\"es\"},{\"@type\":\"Person\",\"@id\":\"https:\/\/vof-news.eu\/es\/#\/schema\/person\/f6a2a4309f0561835797fd8c19b333ed\",\"name\":\"Author\",\"image\":{\"@type\":\"ImageObject\",\"inLanguage\":\"es\",\"@id\":\"https:\/\/vof-news.eu\/es\/#\/schema\/person\/image\/\",\"url\":\"https:\/\/secure.gravatar.com\/avatar\/b67e614b1b25b3e9c0c239efdd2fde5ab015b5affd6f1c3c85911ca4b384e790?s=96&d=mm&r=g\",\"contentUrl\":\"https:\/\/secure.gravatar.com\/avatar\/b67e614b1b25b3e9c0c239efdd2fde5ab015b5affd6f1c3c85911ca4b384e790?s=96&d=mm&r=g\",\"caption\":\"Author\"},\"sameAs\":[\"http:\/\/vof-news.eu\"],\"url\":\"https:\/\/vof-news.eu\/es\/author\/zwt6qxnjulxbnyg\/\"}]}<\/script>\n<!-- \/ Yoast SEO plugin. -->","yoast_head_json":{"title":"Paco Salazar, el \u00faltimo sanchista que dej\u00f3 en 'shock' al presidente - vof-news.eu","description":"Una vez m\u00e1s, en 'shock'. As\u00ed describen en Moncloa la reacci\u00f3n de Pedro S\u00e1nchez tras conocer las acusaciones de comportamientos inapropiados por parte de varias mujeres del PSOE respecto a Paco Salazar, que este s\u00e1bado renunci\u00f3 a su puesto en la direcci\u00f3n socialista y a su cargo en el Gobierno tras la informaci\u00f3n desvelada por elDiario.es. Una de sus subordinadas le atribuye directamente pr\u00e1cticas de \u201cacoso\u201d y \u201cabuso de poder\u201d cuando era su superior en Moncloa que no lleg\u00f3 a denunciar ni en los tribunales ni en los canales internos del partido por miedo a represalias.","robots":{"index":"noindex","follow":"follow","max-snippet":"max-snippet:-1","max-image-preview":"max-image-preview:large","max-video-preview":"max-video-preview:-1"},"og_locale":"es_ES","og_type":"article","og_title":"Paco Salazar, el \u00faltimo sanchista que dej\u00f3 en 'shock' al presidente - vof-news.eu","og_description":"Una vez m\u00e1s, en 'shock'. As\u00ed describen en Moncloa la reacci\u00f3n de Pedro S\u00e1nchez tras conocer las acusaciones de comportamientos inapropiados por parte de varias mujeres del PSOE respecto a Paco Salazar, que este s\u00e1bado renunci\u00f3 a su puesto en la direcci\u00f3n socialista y a su cargo en el Gobierno tras la informaci\u00f3n desvelada por elDiario.es. Una de sus subordinadas le atribuye directamente pr\u00e1cticas de \u201cacoso\u201d y \u201cabuso de poder\u201d cuando era su superior en Moncloa que no lleg\u00f3 a denunciar ni en los tribunales ni en los canales internos del partido por miedo a represalias.","og_url":"https:\/\/vof-news.eu\/es\/paco-salazar-el-ultimo-sanchista-que-dejo-en-shock-al-presidente\/","og_site_name":"vof-news.eu","article_published_time":"2025-07-06T04:18:23+00:00","article_modified_time":"2025-07-06T04:18:51+00:00","og_image":[{"width":1200,"height":675,"url":"https:\/\/vof-news.eu\/wp-content\/uploads\/2025\/07\/c90626f5-8531-4f26-9a3a-77bf20a96d42_16-9-discover-aspect-ratio_default_0.jpg","type":"image\/jpeg"}],"author":"Author","twitter_card":"summary_large_image","twitter_misc":{"Escrito por":"Author","Tiempo de lectura":"6 minutos"},"schema":{"@context":"https:\/\/schema.org","@graph":[{"@type":"WebPage","@id":"https:\/\/vof-news.eu\/es\/paco-salazar-el-ultimo-sanchista-que-dejo-en-shock-al-presidente\/","url":"https:\/\/vof-news.eu\/es\/paco-salazar-el-ultimo-sanchista-que-dejo-en-shock-al-presidente\/","name":"Paco Salazar, el \u00faltimo sanchista que dej\u00f3 en 'shock' al presidente - vof-news.eu","isPartOf":{"@id":"https:\/\/vof-news.eu\/es\/#website"},"primaryImageOfPage":{"@id":"https:\/\/vof-news.eu\/es\/paco-salazar-el-ultimo-sanchista-que-dejo-en-shock-al-presidente\/#primaryimage"},"image":{"@id":"https:\/\/vof-news.eu\/es\/paco-salazar-el-ultimo-sanchista-que-dejo-en-shock-al-presidente\/#primaryimage"},"thumbnailUrl":"https:\/\/vof-news.eu\/wp-content\/uploads\/2025\/07\/c90626f5-8531-4f26-9a3a-77bf20a96d42_16-9-discover-aspect-ratio_default_0.jpg","datePublished":"2025-07-06T04:18:23+00:00","dateModified":"2025-07-06T04:18:51+00:00","author":{"@id":"https:\/\/vof-news.eu\/es\/#\/schema\/person\/f6a2a4309f0561835797fd8c19b333ed"},"description":"Una vez m\u00e1s, en 'shock'. As\u00ed describen en Moncloa la reacci\u00f3n de Pedro S\u00e1nchez tras conocer las acusaciones de comportamientos inapropiados por parte de varias mujeres del PSOE respecto a Paco Salazar, que este s\u00e1bado renunci\u00f3 a su puesto en la direcci\u00f3n socialista y a su cargo en el Gobierno tras la informaci\u00f3n desvelada por elDiario.es. Una de sus subordinadas le atribuye directamente pr\u00e1cticas de \u201cacoso\u201d y \u201cabuso de poder\u201d cuando era su superior en Moncloa que no lleg\u00f3 a denunciar ni en los tribunales ni en los canales internos del partido por miedo a represalias.","breadcrumb":{"@id":"https:\/\/vof-news.eu\/es\/paco-salazar-el-ultimo-sanchista-que-dejo-en-shock-al-presidente\/#breadcrumb"},"inLanguage":"es","potentialAction":[{"@type":"ReadAction","target":["https:\/\/vof-news.eu\/es\/paco-salazar-el-ultimo-sanchista-que-dejo-en-shock-al-presidente\/"]}]},{"@type":"ImageObject","inLanguage":"es","@id":"https:\/\/vof-news.eu\/es\/paco-salazar-el-ultimo-sanchista-que-dejo-en-shock-al-presidente\/#primaryimage","url":"https:\/\/vof-news.eu\/wp-content\/uploads\/2025\/07\/c90626f5-8531-4f26-9a3a-77bf20a96d42_16-9-discover-aspect-ratio_default_0.jpg","contentUrl":"https:\/\/vof-news.eu\/wp-content\/uploads\/2025\/07\/c90626f5-8531-4f26-9a3a-77bf20a96d42_16-9-discover-aspect-ratio_default_0.jpg","width":1200,"height":675},{"@type":"BreadcrumbList","@id":"https:\/\/vof-news.eu\/es\/paco-salazar-el-ultimo-sanchista-que-dejo-en-shock-al-presidente\/#breadcrumb","itemListElement":[{"@type":"ListItem","position":1,"name":"Home","item":"https:\/\/vof-news.eu\/es\/"},{"@type":"ListItem","position":2,"name":"Paco Salazar, el \u00faltimo sanchista que dej\u00f3 en &#8216;shock&#8217; al presidente"}]},{"@type":"WebSite","@id":"https:\/\/vof-news.eu\/es\/#website","url":"https:\/\/vof-news.eu\/es\/","name":"vof-news.eu","description":"","potentialAction":[{"@type":"SearchAction","target":{"@type":"EntryPoint","urlTemplate":"https:\/\/vof-news.eu\/es\/?s={search_term_string}"},"query-input":"required name=search_term_string"}],"inLanguage":"es"},{"@type":"Person","@id":"https:\/\/vof-news.eu\/es\/#\/schema\/person\/f6a2a4309f0561835797fd8c19b333ed","name":"Author","image":{"@type":"ImageObject","inLanguage":"es","@id":"https:\/\/vof-news.eu\/es\/#\/schema\/person\/image\/","url":"https:\/\/secure.gravatar.com\/avatar\/b67e614b1b25b3e9c0c239efdd2fde5ab015b5affd6f1c3c85911ca4b384e790?s=96&d=mm&r=g","contentUrl":"https:\/\/secure.gravatar.com\/avatar\/b67e614b1b25b3e9c0c239efdd2fde5ab015b5affd6f1c3c85911ca4b384e790?s=96&d=mm&r=g","caption":"Author"},"sameAs":["http:\/\/vof-news.eu"],"url":"https:\/\/vof-news.eu\/es\/author\/zwt6qxnjulxbnyg\/"}]}},"yoast_meta":{"yoast_wpseo_title":"","yoast_wpseo_metadesc":"","yoast_wpseo_canonical":""},"_links":{"self":[{"href":"https:\/\/vof-news.eu\/es\/wp-json\/wp\/v2\/posts\/247974","targetHints":{"allow":["GET"]}}],"collection":[{"href":"https:\/\/vof-news.eu\/es\/wp-json\/wp\/v2\/posts"}],"about":[{"href":"https:\/\/vof-news.eu\/es\/wp-json\/wp\/v2\/types\/post"}],"author":[{"embeddable":true,"href":"https:\/\/vof-news.eu\/es\/wp-json\/wp\/v2\/users\/1"}],"replies":[{"embeddable":true,"href":"https:\/\/vof-news.eu\/es\/wp-json\/wp\/v2\/comments?post=247974"}],"version-history":[{"count":1,"href":"https:\/\/vof-news.eu\/es\/wp-json\/wp\/v2\/posts\/247974\/revisions"}],"predecessor-version":[{"id":247981,"href":"https:\/\/vof-news.eu\/es\/wp-json\/wp\/v2\/posts\/247974\/revisions\/247981"}],"wp:featuredmedia":[{"embeddable":true,"href":"https:\/\/vof-news.eu\/es\/wp-json\/wp\/v2\/media\/247975"}],"wp:attachment":[{"href":"https:\/\/vof-news.eu\/es\/wp-json\/wp\/v2\/media?parent=247974"}],"wp:term":[{"taxonomy":"category","embeddable":true,"href":"https:\/\/vof-news.eu\/es\/wp-json\/wp\/v2\/categories?post=247974"},{"taxonomy":"post_tag","embeddable":true,"href":"https:\/\/vof-news.eu\/es\/wp-json\/wp\/v2\/tags?post=247974"}],"curies":[{"name":"wp","href":"https:\/\/api.w.org\/{rel}","templated":true}]}}