{"id":247887,"date":"2025-07-05T23:17:13","date_gmt":"2025-07-05T20:17:13","guid":{"rendered":"https:\/\/vof-news.eu\/el-pp-encumbra-a-feijoo-con-el-9924-de-los-votos-en-un-congreso-manso-por-la-urgencia-de-echar-a-sanchez\/"},"modified":"2025-07-05T23:17:52","modified_gmt":"2025-07-05T20:17:52","slug":"el-pp-encumbra-a-feijoo-con-el-9924-de-los-votos-en-un-congreso-manso-por-la-urgencia-de-echar-a-sanchez","status":"publish","type":"post","link":"https:\/\/vof-news.eu\/es\/el-pp-encumbra-a-feijoo-con-el-9924-de-los-votos-en-un-congreso-manso-por-la-urgencia-de-echar-a-sanchez\/","title":{"rendered":"El PP encumbra a Feij\u00f3o con el 99,24% de los votos en un congreso manso por la urgencia de echar a S\u00e1nchez"},"content":{"rendered":"<div>\n<p>\n        \u201cEn pol\u00edtica, o das un codazo al de al lado, o das un pu\u00f1etazo al de enfrente\u201d. Con esta elocuente frase explicaba el viernes un presidente auton\u00f3mico del PP la tranquilidad con la que se ha desarrollado el proceso del XXI Congreso Nacional que ha dado a Alberto N\u00fa\u00f1ez Feij\u00f3o su segunda (y \u00faltima) oportunidad para su asalto final a la Moncloa. Sin rivales, sin enmiendas a la ponencia pol\u00edtica y sin batalla por las primarias que Isabel D\u00edaz Ayuso prometi\u00f3 para luego recular, el c\u00f3nclave que se preve\u00eda relajado ha resultado manso.\n    <\/p>\n<p>\n        Alberto N\u00fa\u00f1ez Feij\u00f3o ha sido elegido este s\u00e1bado por aclamaci\u00f3n como presidente del Partido Popular para un segundo mandato. 99,24% de votos a favor de los 2.799 compromisarios que han votado. 21 han votado en blanco y se han registrado 18 votos nulos. 465 no han participado. Una imagen de serenidad impostada, vitaminada, para contrastar con el estado de agitaci\u00f3n m\u00e1xima que cunde en el PSOE y en el Gobierno.\n    <\/p>\n<p>\n        La coincidencia no ha sido casual. Fue Pedro S\u00e1nchez quien plante\u00f3 celebrar ambos eventos el mismo d\u00eda. Incluso en la misma ciudad. Como dijo uno de los principales hombres de Feij\u00f3o en conversaci\u00f3n con los periodistas en un receso, son los socialistas los que \u201chan decidido hacer el rid\u00edculo\u201d.\n    <\/p>\n<p>\n        \u201cNo hay m\u00e1s que comparar lo que ha pasado esta ma\u00f1anita en la calle Ferraz con lo que est\u00e1 pasando aqu\u00ed\u201d, ha arrancado este s\u00e1bado Feij\u00f3o el discurso de presentaci\u00f3n de su candidatura. Un texto que su equipo ha retocado a lo largo del d\u00eda a medida que surg\u00edan las noticias en la sede federal del PSOE. Especialmente la <a href=\"https:\/\/www.eldiario.es\/politica\/mujeres-psoe-acusan-paco-salazar-comportamientos-inadecuados-jefe_1_12440558.html\" rel=\"nofollow\">exclusiva de elDiario.es<\/a> sobre el comportamiento \u201cinapropiado\u201d de Paco Salazar y que le ha costado <a href=\"https:\/\/www.eldiario.es\/politica\/salazar-renuncia-voluntariamente-formar-parte-direccion-psoe-acusaciones-mujeres_1_12440879.html\" rel=\"nofollow\">su puesto org\u00e1nico y en el Gobierno<\/a>.\n    <\/p>\n<p>\n        Feij\u00f3o ha aprovechado as\u00ed la gasolina del \u2018antisanchismo\u2019 para imponer su voluntad al PP.  Era lo que se buscaba, y lo que le han concedido los barones a su jefe de filas, conscientes de la importancia de lograr el poder cuando Pedro S\u00e1nchez convoque a las urnas, ocurra cuando ocurra.\n    <\/p>\n<p>\n        Es la \u00faltima oportunidad para Feij\u00f3o, pero tambi\u00e9n para el partido. Tienen todo a su favor, incluidas las autozancadillas que se pone la izquierda. Pero el recuerdo de lo ocurrido en 2023 impide al PP abordar con calma el inminente ciclo electoral.\n    <\/p>\n<p>\n        \u201cSeguro que vamos a llegar. Voy a llegar y vamos a llegar\u201d, ha dicho en una largu\u00edsima intervenci\u00f3n en la que ha reclamado a los suyos \u201clibertad\u201d para definir el proyecto con el que llegar\u00e1 a la Moncloa. \u201cSi no conseguimos el cambio, <a href=\"https:\/\/www.eldiario.es\/politica\/feijoo-pide-reeleccion-pp-si-no-cambio-hemos-fracasado_1_12441870.html\" rel=\"nofollow\">habremos fracasado<\/a>\u201d, ha zanjado.\n    <\/p>\n<p>\n        En el PP saben que si Feij\u00f3o falla otra vez no solo ser\u00e1 su \u00faltima oportunidad. Otro fiasco como el de 2023 puede suponer la implosi\u00f3n del partido. Por eso le han dado plenos poderes. Y \u00e9l lo ha aprovechado para hacer un PP a su medida, tanto en lo org\u00e1nico como en lo ideol\u00f3gico. El congreso extraordinario que se ha parecido m\u00e1s a una convenci\u00f3n pol\u00edtica ha terminado con el acaparamiento de todo el poder por parte del l\u00edder.\n    <\/p>\n<p>\n        Solo dos barones amenazaron con dar cierta batalla. Isabel D\u00edaz Ayuso prometi\u00f3 hacer todo lo posible para que se mantuviera la m\u00e1xima de \u201cun militante, un voto\u201d. Pero cuando lleg\u00f3 el momento de presentar la enmienda, negociarla y defenderla, se fue de viaje a Miami y Nueva York.\n    <\/p>\n<p>\n        La presidenta madrile\u00f1a ha renunciado a influir en el sistema electoral interno del PP y ha mantenido un perfil baj\u00edsimo desde que constat\u00f3 que no iba a sacar adelante su idea. El sistema mixto que, llegado el caso dar\u00e1 todo el poder al aparato del partido cuenta con el respaldo mayoritario de los dem\u00e1s l\u00edderes auton\u00f3micos. Caso cerrado.\n    <\/p>\n<p>\n        Ayuso ha pasado inadvertida durante las dos primeras jornadas del c\u00f3nclave, aunque tiene a su favor que cerrar\u00e1 el evento este domingo. Solo compartir\u00e1 escenario con Feij\u00f3o.\n    <\/p>\n<h2>Reparto de cromos<\/h2>\n<p>\n        Tambi\u00e9n Alejandro Fern\u00e1ndez intent\u00f3 imponer su visi\u00f3n de las relaciones del PP con Junts y plante\u00f3 una prohibici\u00f3n expresa a pactar con el partido de Carles Puigdemont. No hubo opci\u00f3n tampoco. De hecho, en la ponencia pol\u00edtica, aprobada por asentimiento, el PP deja escrito por primera vez en su ideario la idea de que el ciudadano puede elegir en qu\u00e9 idioma dirigirse a la administraci\u00f3n p\u00fablica en las comunidades aut\u00f3nomas con lengua cooficial. Algo que figura en la ley, pero no estaba en los documentos del PP.\n    <\/p>\n<p>\n        Eso s\u00ed, Feij\u00f3o no quiere que se repita lo ocurrido en la \u00faltima conferencia de presidentes. El PP ha retirado el concepto de \u201cbiling\u00fcismo cordial\u201d, abanderado hist\u00f3ricamente por el l\u00edder, para introducir \u201cel derecho constitucional de recibir ense\u00f1anza en espa\u00f1ol en todas las etapas del sistema educativo y en toda la naci\u00f3n, desde el respeto a las lenguas cooficiales de cada una de las comunidades y en cumplimiento de las sentencias judiciales\u201d.\n    <\/p>\n<p>\n        El PP s\u00ed mantiene la idea de prohibir el uso de lenguas cooficiales en el Congreso, tal y como se ha establecido en esta legislatura, y a\u00f1ade a este veto \u201clos \u00f3rganos de m\u00e1ximo nivel pol\u00edtico de cooperaci\u00f3n entre el Gobierno nacional y las Comunidades Aut\u00f3nomas\u201d. Es decir, las conferencias de presidentes. En la \u00faltima, Ayuso se llev\u00f3 todo el protagonismo al levantarse e irse de la reuni\u00f3n cuando Imanol Pradales habl\u00f3 en euskera. <a href=\"https:\/\/www.eldiario.es\/politica\/ayuso-abandona-conferencia-presidentes-idiomas-oficiales-distintos-espanol_1_12362124.html\" rel=\"nofollow\">No entr\u00f3 hasta que Salvador Illa termin\u00f3 su alocuci\u00f3n en catal\u00e1n<\/a>.\n    <\/p>\n<p>\n        La ponencia ha corrido a cargo de Alma Azcurra, eurodiputada, ayusista y \u2018n\u00famero dos. de la fundaci\u00f3n Reformismo 21. Una dura criada desde joven en Faes, la factor\u00eda de Jos\u00e9 Mar\u00eda Aznar. Feij\u00f3o ha puesto en sus manos la redacci\u00f3n del programa electoral del PP y se sentar\u00e1 en un Comit\u00e9 de Direcci\u00f3n donde no hay cuotas auton\u00f3micas. Si en 2022 el PP se \u2018baroniz\u00f3\u2019, en ese XXI Congreso Nacional Feij\u00f3o ha intentado desandar ese camino para intentar recentralizar el partido.\n    <\/p>\n<p>\n        Para ello contar\u00e1 con uno de sus m\u00e1s fieles colaboradores. Su mano derecha durante a\u00f1os en Galicia, en quien m\u00e1s conf\u00eda para ejecutar sus \u00f3rdenes: Miguel Tellado. El nuevo secretario general recibi\u00f3 este s\u00e1bado la orden directa de llevarle a Moncloa: \u201cAznar me dijo, \u2018no es general, es coronel\u2019. Para ser general secretario hay que ganar y gobernar, Miguel\u201d. Una referencia a Francisco \u00c1lvarez Cascos, el \u2018n\u00famero dos\u2019 de Aznar en 1996.\n    <\/p>\n<p>\n        Tellado estar\u00e1 acompa\u00f1ado de otros \u201cduros\u201d. La portavoz parlamentaria, <a href=\"https:\/\/www.eldiario.es\/politica\/ester-munoz-alumna-aventajada-tellado-lucha-final-sanchez_1_12437293.html\" rel=\"nofollow\">Ester Mu\u00f1oz<\/a>. Y una incorporaci\u00f3n simb\u00f3lica: Cayetana \u00c1lvarez de Toledo ser\u00e1 miembro del Comit\u00e9 Ejecutivo Nacional como parte de la cuota directa de Feij\u00f3o, sin votaci\u00f3n. Una elecci\u00f3n personal del presidente que ha recibido una de las mayores ovaciones del d\u00eda en el plenario.\n    <\/p>\n<p>\n        Como si supiera lo que su jefe de filas iba a decir, unos minutos antes que \u00e9l, Tellado ya hizo su promesa: \u201cNo te vamos a fallar. Nos faltaron cuatro esca\u00f1os para hacerte presidente. No se va a repetir\u201d. El dirigente gallego tiene una \u00fanica misi\u00f3n: llevar a Feij\u00f3o a la Moncloa. Y se va a dejar la piel, y lo que haga falta, para lograrlo.\n    <\/p>\n<h2>Maz\u00f3n, redimido<\/h2>\n<p>\n        Durante el s\u00e1bado han sido continuas las referencias a lo que ocurr\u00eda, a la vez, en la madrile\u00f1a calle de Ferraz. \u201cEn el PP respetamos a las mujeres, eso hoy no lo pueden decir en el PSOE\u201d, dijo Tellado. \u201cNo aceptamos lecciones de feminismo, ni una sola nunca m\u00e1s\u201d, a\u00f1adi\u00f3, mientras arengaba a las huestes reunidas en el pabell\u00f3n 10 de Ifema glosando a las mujeres que el PP llev\u00f3 a primera fila de la pol\u00edtica, de Esperanza Aguirre a Loyola de Palacio, pasando por Rita Barber\u00e1.\n    <\/p>\n<p>\n        Feij\u00f3o ha hecho p\u00fablico adem\u00e1s el listado de integrantes del Comit\u00e9 Ejecutivo, \u00f3rgano intermedio que aglutina a la direcci\u00f3n nacional y a los barones auton\u00f3micos. Una lista relevante porque cualquier secretario general que quiera designar Feij\u00f3o ahora o en el futuro debe ser miembro de este \u00f3rgano, que re\u00fane una vez al mes a la direcci\u00f3n nacional con los barones auton\u00f3micos.\n    <\/p>\n<p>\n        Por eso en la lista del XXI Congreso Nacional entra Miguel Tellado, pr\u00f3ximo secretario general. Pero Feij\u00f3o ha introducido a otros miembros de su direcci\u00f3n, como Ester Mu\u00f1oz (la nueva portavoz) El\u00edas Bendodo, Juan Bravo, Cuca Gamarra y Carmen F\u00fanez. A diferencia de 2022, la lista proporcionada por el PP no incluye referencias territoriales: no se indica de qu\u00e9 comunidad aut\u00f3noma  es cada uno.\n    <\/p>\n<p>\n        Feij\u00f3o ha hecho cambios sustanciales en 2025 sobre la lista de 35 que present\u00f3 en 2022. Entran el secretario general del PPCV y mano derecha de Carlos Maz\u00f3n, Juanfran P\u00e9rez Llorca, el portavoz en el Ayuntamiento de Barcelona, Daniel Sirera, o Sergio Sayas, el exdiputado tr\u00e1nsfuga de UPN que maniobr\u00f3 para tumbar la reforma laboral. Tambi\u00e9n el actual consejero de Presidencia andaluz, Antonio Sanz, o la vicepresidenta de Castilla y Le\u00f3n, Isabel Blanco.\n    <\/p>\n<p>\n        Tambi\u00e9n hay salidas notables de la lista, como el senador Jos\u00e9 Manuel Baltar, condenado por conducir a m\u00e1s de 200 kil\u00f3metros por hora, el exministro Jos\u00e9 Manuel Garc\u00eda-Margallo o la expresidenta del Congreso Ana Pastor. Tambi\u00e9n el presidente gallego, Alfonso Rueda.\n    <\/p>\n<p>\n        Maz\u00f3n ha sido uno de los protagonistas del congreso tan solo con haber llegado vivo pol\u00edticamente a \u00e9l. El presidente valenciano <a href=\"https:\/\/www.eldiario.es\/comunitat-valenciana\/bano-masas-mazon-congreso-pp-apoyo-tellado-numerosa-delegacion-valenciana_1_12441407.html\" rel=\"nofollow\">se ha dado un ba\u00f1o de masas<\/a>.\n    <\/p>\n<\/div>\n","protected":false},"excerpt":{"rendered":"<p>\u201cEn pol\u00edtica, o das un codazo al de al lado, o das un pu\u00f1etazo al de enfrente\u201d. Con esta elocuente frase explicaba el viernes un presidente auton\u00f3mico del PP la tranquilidad con la que se ha desarrollado el proceso del XXI Congreso Nacional que ha dado a Alberto N\u00fa\u00f1ez Feij\u00f3o su segunda (y \u00faltima) oportunidad<\/p>\n","protected":false},"author":1,"featured_media":247888,"comment_status":"open","ping_status":"open","sticky":false,"template":"","format":"standard","meta":{"footnotes":""},"categories":[71],"tags":[],"class_list":["post-247887","post","type-post","status-publish","format-standard","has-post-thumbnail","hentry","category-politics-es"],"acf":[],"yoast_head":"<!-- This site is optimized with the Yoast SEO plugin v22.9 - https:\/\/yoast.com\/wordpress\/plugins\/seo\/ -->\n<title>El PP encumbra a Feij\u00f3o con el 99,24% de los votos en un congreso manso por la urgencia de echar a S\u00e1nchez - vof-news.eu<\/title>\n<meta name=\"description\" content=\"\u201cEn pol\u00edtica, o das un codazo al de al lado, o das un pu\u00f1etazo al de enfrente\u201d. Con esta elocuente frase explicaba el viernes un presidente auton\u00f3mico del PP la tranquilidad con la que se ha desarrollado el proceso del XXI Congreso Nacional que ha dado a Alberto N\u00fa\u00f1ez Feij\u00f3o su segunda (y \u00faltima) oportunidad para su asalto final a la Moncloa. Sin rivales, sin enmiendas a la ponencia pol\u00edtica y sin batalla por las primarias que Isabel D\u00edaz Ayuso prometi\u00f3 para luego recular, el c\u00f3nclave que se preve\u00eda relajado ha resultado manso.\" \/>\n<meta name=\"robots\" content=\"noindex, follow, max-snippet:-1, max-image-preview:large, max-video-preview:-1\" \/>\n<meta property=\"og:locale\" content=\"es_ES\" \/>\n<meta property=\"og:type\" content=\"article\" \/>\n<meta property=\"og:title\" content=\"El PP encumbra a Feij\u00f3o con el 99,24% de los votos en un congreso manso por la urgencia de echar a S\u00e1nchez - vof-news.eu\" \/>\n<meta property=\"og:description\" content=\"\u201cEn pol\u00edtica, o das un codazo al de al lado, o das un pu\u00f1etazo al de enfrente\u201d. Con esta elocuente frase explicaba el viernes un presidente auton\u00f3mico del PP la tranquilidad con la que se ha desarrollado el proceso del XXI Congreso Nacional que ha dado a Alberto N\u00fa\u00f1ez Feij\u00f3o su segunda (y \u00faltima) oportunidad para su asalto final a la Moncloa. Sin rivales, sin enmiendas a la ponencia pol\u00edtica y sin batalla por las primarias que Isabel D\u00edaz Ayuso prometi\u00f3 para luego recular, el c\u00f3nclave que se preve\u00eda relajado ha resultado manso.\" \/>\n<meta property=\"og:url\" content=\"https:\/\/vof-news.eu\/es\/el-pp-encumbra-a-feijoo-con-el-9924-de-los-votos-en-un-congreso-manso-por-la-urgencia-de-echar-a-sanchez\/\" \/>\n<meta property=\"og:site_name\" content=\"vof-news.eu\" \/>\n<meta property=\"article:published_time\" content=\"2025-07-05T20:17:13+00:00\" \/>\n<meta property=\"article:modified_time\" content=\"2025-07-05T20:17:52+00:00\" \/>\n<meta property=\"og:image\" content=\"https:\/\/vof-news.eu\/wp-content\/uploads\/2025\/07\/595641d0-274b-42f7-8452-4aa89cb29d98_16-9-discover-aspect-ratio_default_0.jpg\" \/>\n\t<meta property=\"og:image:width\" content=\"1200\" \/>\n\t<meta property=\"og:image:height\" content=\"675\" \/>\n\t<meta property=\"og:image:type\" content=\"image\/jpeg\" \/>\n<meta name=\"author\" content=\"Author\" \/>\n<meta name=\"twitter:card\" content=\"summary_large_image\" \/>\n<meta name=\"twitter:label1\" content=\"Escrito por\" \/>\n\t<meta name=\"twitter:data1\" content=\"Author\" \/>\n\t<meta name=\"twitter:label2\" content=\"Tiempo de lectura\" \/>\n\t<meta name=\"twitter:data2\" content=\"8 minutos\" \/>\n<script type=\"application\/ld+json\" class=\"yoast-schema-graph\">{\"@context\":\"https:\/\/schema.org\",\"@graph\":[{\"@type\":\"WebPage\",\"@id\":\"https:\/\/vof-news.eu\/es\/el-pp-encumbra-a-feijoo-con-el-9924-de-los-votos-en-un-congreso-manso-por-la-urgencia-de-echar-a-sanchez\/\",\"url\":\"https:\/\/vof-news.eu\/es\/el-pp-encumbra-a-feijoo-con-el-9924-de-los-votos-en-un-congreso-manso-por-la-urgencia-de-echar-a-sanchez\/\",\"name\":\"El PP encumbra a Feij\u00f3o con el 99,24% de los votos en un congreso manso por la urgencia de echar a S\u00e1nchez - vof-news.eu\",\"isPartOf\":{\"@id\":\"https:\/\/vof-news.eu\/es\/#website\"},\"primaryImageOfPage\":{\"@id\":\"https:\/\/vof-news.eu\/es\/el-pp-encumbra-a-feijoo-con-el-9924-de-los-votos-en-un-congreso-manso-por-la-urgencia-de-echar-a-sanchez\/#primaryimage\"},\"image\":{\"@id\":\"https:\/\/vof-news.eu\/es\/el-pp-encumbra-a-feijoo-con-el-9924-de-los-votos-en-un-congreso-manso-por-la-urgencia-de-echar-a-sanchez\/#primaryimage\"},\"thumbnailUrl\":\"https:\/\/vof-news.eu\/wp-content\/uploads\/2025\/07\/595641d0-274b-42f7-8452-4aa89cb29d98_16-9-discover-aspect-ratio_default_0.jpg\",\"datePublished\":\"2025-07-05T20:17:13+00:00\",\"dateModified\":\"2025-07-05T20:17:52+00:00\",\"author\":{\"@id\":\"https:\/\/vof-news.eu\/es\/#\/schema\/person\/f6a2a4309f0561835797fd8c19b333ed\"},\"description\":\"\u201cEn pol\u00edtica, o das un codazo al de al lado, o das un pu\u00f1etazo al de enfrente\u201d. Con esta elocuente frase explicaba el viernes un presidente auton\u00f3mico del PP la tranquilidad con la que se ha desarrollado el proceso del XXI Congreso Nacional que ha dado a Alberto N\u00fa\u00f1ez Feij\u00f3o su segunda (y \u00faltima) oportunidad para su asalto final a la Moncloa. Sin rivales, sin enmiendas a la ponencia pol\u00edtica y sin batalla por las primarias que Isabel D\u00edaz Ayuso prometi\u00f3 para luego recular, el c\u00f3nclave que se preve\u00eda relajado ha resultado manso.\",\"breadcrumb\":{\"@id\":\"https:\/\/vof-news.eu\/es\/el-pp-encumbra-a-feijoo-con-el-9924-de-los-votos-en-un-congreso-manso-por-la-urgencia-de-echar-a-sanchez\/#breadcrumb\"},\"inLanguage\":\"es\",\"potentialAction\":[{\"@type\":\"ReadAction\",\"target\":[\"https:\/\/vof-news.eu\/es\/el-pp-encumbra-a-feijoo-con-el-9924-de-los-votos-en-un-congreso-manso-por-la-urgencia-de-echar-a-sanchez\/\"]}]},{\"@type\":\"ImageObject\",\"inLanguage\":\"es\",\"@id\":\"https:\/\/vof-news.eu\/es\/el-pp-encumbra-a-feijoo-con-el-9924-de-los-votos-en-un-congreso-manso-por-la-urgencia-de-echar-a-sanchez\/#primaryimage\",\"url\":\"https:\/\/vof-news.eu\/wp-content\/uploads\/2025\/07\/595641d0-274b-42f7-8452-4aa89cb29d98_16-9-discover-aspect-ratio_default_0.jpg\",\"contentUrl\":\"https:\/\/vof-news.eu\/wp-content\/uploads\/2025\/07\/595641d0-274b-42f7-8452-4aa89cb29d98_16-9-discover-aspect-ratio_default_0.jpg\",\"width\":1200,\"height\":675},{\"@type\":\"BreadcrumbList\",\"@id\":\"https:\/\/vof-news.eu\/es\/el-pp-encumbra-a-feijoo-con-el-9924-de-los-votos-en-un-congreso-manso-por-la-urgencia-de-echar-a-sanchez\/#breadcrumb\",\"itemListElement\":[{\"@type\":\"ListItem\",\"position\":1,\"name\":\"Home\",\"item\":\"https:\/\/vof-news.eu\/es\/\"},{\"@type\":\"ListItem\",\"position\":2,\"name\":\"El PP encumbra a Feij\u00f3o con el 99,24% de los votos en un congreso manso por la urgencia de echar a S\u00e1nchez\"}]},{\"@type\":\"WebSite\",\"@id\":\"https:\/\/vof-news.eu\/es\/#website\",\"url\":\"https:\/\/vof-news.eu\/es\/\",\"name\":\"vof-news.eu\",\"description\":\"\",\"potentialAction\":[{\"@type\":\"SearchAction\",\"target\":{\"@type\":\"EntryPoint\",\"urlTemplate\":\"https:\/\/vof-news.eu\/es\/?s={search_term_string}\"},\"query-input\":\"required name=search_term_string\"}],\"inLanguage\":\"es\"},{\"@type\":\"Person\",\"@id\":\"https:\/\/vof-news.eu\/es\/#\/schema\/person\/f6a2a4309f0561835797fd8c19b333ed\",\"name\":\"Author\",\"image\":{\"@type\":\"ImageObject\",\"inLanguage\":\"es\",\"@id\":\"https:\/\/vof-news.eu\/es\/#\/schema\/person\/image\/\",\"url\":\"https:\/\/secure.gravatar.com\/avatar\/b67e614b1b25b3e9c0c239efdd2fde5ab015b5affd6f1c3c85911ca4b384e790?s=96&d=mm&r=g\",\"contentUrl\":\"https:\/\/secure.gravatar.com\/avatar\/b67e614b1b25b3e9c0c239efdd2fde5ab015b5affd6f1c3c85911ca4b384e790?s=96&d=mm&r=g\",\"caption\":\"Author\"},\"sameAs\":[\"http:\/\/vof-news.eu\"],\"url\":\"https:\/\/vof-news.eu\/es\/author\/zwt6qxnjulxbnyg\/\"}]}<\/script>\n<!-- \/ Yoast SEO plugin. -->","yoast_head_json":{"title":"El PP encumbra a Feij\u00f3o con el 99,24% de los votos en un congreso manso por la urgencia de echar a S\u00e1nchez - vof-news.eu","description":"\u201cEn pol\u00edtica, o das un codazo al de al lado, o das un pu\u00f1etazo al de enfrente\u201d. Con esta elocuente frase explicaba el viernes un presidente auton\u00f3mico del PP la tranquilidad con la que se ha desarrollado el proceso del XXI Congreso Nacional que ha dado a Alberto N\u00fa\u00f1ez Feij\u00f3o su segunda (y \u00faltima) oportunidad para su asalto final a la Moncloa. Sin rivales, sin enmiendas a la ponencia pol\u00edtica y sin batalla por las primarias que Isabel D\u00edaz Ayuso prometi\u00f3 para luego recular, el c\u00f3nclave que se preve\u00eda relajado ha resultado manso.","robots":{"index":"noindex","follow":"follow","max-snippet":"max-snippet:-1","max-image-preview":"max-image-preview:large","max-video-preview":"max-video-preview:-1"},"og_locale":"es_ES","og_type":"article","og_title":"El PP encumbra a Feij\u00f3o con el 99,24% de los votos en un congreso manso por la urgencia de echar a S\u00e1nchez - vof-news.eu","og_description":"\u201cEn pol\u00edtica, o das un codazo al de al lado, o das un pu\u00f1etazo al de enfrente\u201d. Con esta elocuente frase explicaba el viernes un presidente auton\u00f3mico del PP la tranquilidad con la que se ha desarrollado el proceso del XXI Congreso Nacional que ha dado a Alberto N\u00fa\u00f1ez Feij\u00f3o su segunda (y \u00faltima) oportunidad para su asalto final a la Moncloa. Sin rivales, sin enmiendas a la ponencia pol\u00edtica y sin batalla por las primarias que Isabel D\u00edaz Ayuso prometi\u00f3 para luego recular, el c\u00f3nclave que se preve\u00eda relajado ha resultado manso.","og_url":"https:\/\/vof-news.eu\/es\/el-pp-encumbra-a-feijoo-con-el-9924-de-los-votos-en-un-congreso-manso-por-la-urgencia-de-echar-a-sanchez\/","og_site_name":"vof-news.eu","article_published_time":"2025-07-05T20:17:13+00:00","article_modified_time":"2025-07-05T20:17:52+00:00","og_image":[{"width":1200,"height":675,"url":"https:\/\/vof-news.eu\/wp-content\/uploads\/2025\/07\/595641d0-274b-42f7-8452-4aa89cb29d98_16-9-discover-aspect-ratio_default_0.jpg","type":"image\/jpeg"}],"author":"Author","twitter_card":"summary_large_image","twitter_misc":{"Escrito por":"Author","Tiempo de lectura":"8 minutos"},"schema":{"@context":"https:\/\/schema.org","@graph":[{"@type":"WebPage","@id":"https:\/\/vof-news.eu\/es\/el-pp-encumbra-a-feijoo-con-el-9924-de-los-votos-en-un-congreso-manso-por-la-urgencia-de-echar-a-sanchez\/","url":"https:\/\/vof-news.eu\/es\/el-pp-encumbra-a-feijoo-con-el-9924-de-los-votos-en-un-congreso-manso-por-la-urgencia-de-echar-a-sanchez\/","name":"El PP encumbra a Feij\u00f3o con el 99,24% de los votos en un congreso manso por la urgencia de echar a S\u00e1nchez - vof-news.eu","isPartOf":{"@id":"https:\/\/vof-news.eu\/es\/#website"},"primaryImageOfPage":{"@id":"https:\/\/vof-news.eu\/es\/el-pp-encumbra-a-feijoo-con-el-9924-de-los-votos-en-un-congreso-manso-por-la-urgencia-de-echar-a-sanchez\/#primaryimage"},"image":{"@id":"https:\/\/vof-news.eu\/es\/el-pp-encumbra-a-feijoo-con-el-9924-de-los-votos-en-un-congreso-manso-por-la-urgencia-de-echar-a-sanchez\/#primaryimage"},"thumbnailUrl":"https:\/\/vof-news.eu\/wp-content\/uploads\/2025\/07\/595641d0-274b-42f7-8452-4aa89cb29d98_16-9-discover-aspect-ratio_default_0.jpg","datePublished":"2025-07-05T20:17:13+00:00","dateModified":"2025-07-05T20:17:52+00:00","author":{"@id":"https:\/\/vof-news.eu\/es\/#\/schema\/person\/f6a2a4309f0561835797fd8c19b333ed"},"description":"\u201cEn pol\u00edtica, o das un codazo al de al lado, o das un pu\u00f1etazo al de enfrente\u201d. Con esta elocuente frase explicaba el viernes un presidente auton\u00f3mico del PP la tranquilidad con la que se ha desarrollado el proceso del XXI Congreso Nacional que ha dado a Alberto N\u00fa\u00f1ez Feij\u00f3o su segunda (y \u00faltima) oportunidad para su asalto final a la Moncloa. Sin rivales, sin enmiendas a la ponencia pol\u00edtica y sin batalla por las primarias que Isabel D\u00edaz Ayuso prometi\u00f3 para luego recular, el c\u00f3nclave que se preve\u00eda relajado ha resultado manso.","breadcrumb":{"@id":"https:\/\/vof-news.eu\/es\/el-pp-encumbra-a-feijoo-con-el-9924-de-los-votos-en-un-congreso-manso-por-la-urgencia-de-echar-a-sanchez\/#breadcrumb"},"inLanguage":"es","potentialAction":[{"@type":"ReadAction","target":["https:\/\/vof-news.eu\/es\/el-pp-encumbra-a-feijoo-con-el-9924-de-los-votos-en-un-congreso-manso-por-la-urgencia-de-echar-a-sanchez\/"]}]},{"@type":"ImageObject","inLanguage":"es","@id":"https:\/\/vof-news.eu\/es\/el-pp-encumbra-a-feijoo-con-el-9924-de-los-votos-en-un-congreso-manso-por-la-urgencia-de-echar-a-sanchez\/#primaryimage","url":"https:\/\/vof-news.eu\/wp-content\/uploads\/2025\/07\/595641d0-274b-42f7-8452-4aa89cb29d98_16-9-discover-aspect-ratio_default_0.jpg","contentUrl":"https:\/\/vof-news.eu\/wp-content\/uploads\/2025\/07\/595641d0-274b-42f7-8452-4aa89cb29d98_16-9-discover-aspect-ratio_default_0.jpg","width":1200,"height":675},{"@type":"BreadcrumbList","@id":"https:\/\/vof-news.eu\/es\/el-pp-encumbra-a-feijoo-con-el-9924-de-los-votos-en-un-congreso-manso-por-la-urgencia-de-echar-a-sanchez\/#breadcrumb","itemListElement":[{"@type":"ListItem","position":1,"name":"Home","item":"https:\/\/vof-news.eu\/es\/"},{"@type":"ListItem","position":2,"name":"El PP encumbra a Feij\u00f3o con el 99,24% de los votos en un congreso manso por la urgencia de echar a S\u00e1nchez"}]},{"@type":"WebSite","@id":"https:\/\/vof-news.eu\/es\/#website","url":"https:\/\/vof-news.eu\/es\/","name":"vof-news.eu","description":"","potentialAction":[{"@type":"SearchAction","target":{"@type":"EntryPoint","urlTemplate":"https:\/\/vof-news.eu\/es\/?s={search_term_string}"},"query-input":"required name=search_term_string"}],"inLanguage":"es"},{"@type":"Person","@id":"https:\/\/vof-news.eu\/es\/#\/schema\/person\/f6a2a4309f0561835797fd8c19b333ed","name":"Author","image":{"@type":"ImageObject","inLanguage":"es","@id":"https:\/\/vof-news.eu\/es\/#\/schema\/person\/image\/","url":"https:\/\/secure.gravatar.com\/avatar\/b67e614b1b25b3e9c0c239efdd2fde5ab015b5affd6f1c3c85911ca4b384e790?s=96&d=mm&r=g","contentUrl":"https:\/\/secure.gravatar.com\/avatar\/b67e614b1b25b3e9c0c239efdd2fde5ab015b5affd6f1c3c85911ca4b384e790?s=96&d=mm&r=g","caption":"Author"},"sameAs":["http:\/\/vof-news.eu"],"url":"https:\/\/vof-news.eu\/es\/author\/zwt6qxnjulxbnyg\/"}]}},"yoast_meta":{"yoast_wpseo_title":"","yoast_wpseo_metadesc":"","yoast_wpseo_canonical":""},"_links":{"self":[{"href":"https:\/\/vof-news.eu\/es\/wp-json\/wp\/v2\/posts\/247887","targetHints":{"allow":["GET"]}}],"collection":[{"href":"https:\/\/vof-news.eu\/es\/wp-json\/wp\/v2\/posts"}],"about":[{"href":"https:\/\/vof-news.eu\/es\/wp-json\/wp\/v2\/types\/post"}],"author":[{"embeddable":true,"href":"https:\/\/vof-news.eu\/es\/wp-json\/wp\/v2\/users\/1"}],"replies":[{"embeddable":true,"href":"https:\/\/vof-news.eu\/es\/wp-json\/wp\/v2\/comments?post=247887"}],"version-history":[{"count":1,"href":"https:\/\/vof-news.eu\/es\/wp-json\/wp\/v2\/posts\/247887\/revisions"}],"predecessor-version":[{"id":247894,"href":"https:\/\/vof-news.eu\/es\/wp-json\/wp\/v2\/posts\/247887\/revisions\/247894"}],"wp:featuredmedia":[{"embeddable":true,"href":"https:\/\/vof-news.eu\/es\/wp-json\/wp\/v2\/media\/247888"}],"wp:attachment":[{"href":"https:\/\/vof-news.eu\/es\/wp-json\/wp\/v2\/media?parent=247887"}],"wp:term":[{"taxonomy":"category","embeddable":true,"href":"https:\/\/vof-news.eu\/es\/wp-json\/wp\/v2\/categories?post=247887"},{"taxonomy":"post_tag","embeddable":true,"href":"https:\/\/vof-news.eu\/es\/wp-json\/wp\/v2\/tags?post=247887"}],"curies":[{"name":"wp","href":"https:\/\/api.w.org\/{rel}","templated":true}]}}