{"id":247845,"date":"2025-07-05T21:17:12","date_gmt":"2025-07-05T18:17:12","guid":{"rendered":"https:\/\/vof-news.eu\/feijoo-pide-la-reeleccion-al-pp-si-no-conseguimos-el-cambio-hemos-fracasado\/"},"modified":"2025-07-05T21:17:40","modified_gmt":"2025-07-05T18:17:40","slug":"feijoo-pide-la-reeleccion-al-pp-si-no-conseguimos-el-cambio-hemos-fracasado","status":"publish","type":"post","link":"https:\/\/vof-news.eu\/es\/feijoo-pide-la-reeleccion-al-pp-si-no-conseguimos-el-cambio-hemos-fracasado\/","title":{"rendered":"Feij\u00f3o pide la reelecci\u00f3n al PP: \u201cSi no conseguimos el cambio, hemos fracasado\u201d"},"content":{"rendered":"<div>\n<p>\n        El l\u00edder del PP y \u00fanico candidato a la reeleci\u00f3n, Alberto N\u00fa\u00f1ez Feij\u00f3o, ha reclamado este s\u00e1bado el apoyo de sus compa\u00f1eros para alcanzar, a la segunda, el poder. \u201cSeguro que vamos a llegar\u201d, ha dicho en su discurso de presentaci\u00f3n. \u201cVoy a llegar y vamos a llegar\u201d, ha remachado. Feij\u00f3o ha prometido a los suyos que no le pasar\u00e1 como en 2023, cuando gan\u00f3 pero no lleg\u00f3. Pero el rumbo ha cambiado. Hoy, <a href=\"https:\/\/www.eldiario.es\/politica\/sanchez-promete-acabar-corrupcion-mantener-gobierno-decepcion-grande-responsabilidad-mayor_1_12441117.html\" rel=\"nofollow\">el PSOE est\u00e1 sumido en el caos<\/a>, y en el PP cunde la calma org\u00e1nica: \u201cHace tres a\u00f1os era el congreso de la crisis del PP, este es de la crisis de Espa\u00f1a\u201d.\n    <\/p>\n<p>\n        \u201cNo hay m\u00e1s que comparar lo que ha pasado esta ma\u00f1anita en la calle Ferraz con lo que est\u00e1 pasando aqu\u00ed\u201d, ha ironizado en el arranque de su largo discurso. Feij\u00f3o ha reclamado el apoyo m\u00e1ximo del PP para lograr \u201cel cambio de GObierno de Espa\u00f1a\u201d porque \u201ces lo que toca\u201d. \u201cSi no conseguimos el cambio hemos fracasado\u201d, ha apuntado. \u201cEsto no acaba hoy, acabar\u00e1 despu\u00e9s del recuento electoral\u201d.\n    <\/p>\n<p>\n        Feij\u00f3o ha reclamado en su intervenci\u00f3n a sus compa\u00f1eros \u201clibertad\u201d para gobernar a su antojo si llega a la Moncloa. \u201cSiempre he sido un presidente libre\u201d, ha sostenido. \u201cPara poder decir la verdad, aunque duela; para cumplir mi programa, nuestro programa; mi palabra, vuestra palabra. Os pido la libertad para cumplir con mi pa\u00eds\u201d, ha sostenido. Feij\u00f3o ha prometido decir \u201cs\u00ed cuando es s\u00ed y no cuando es no\u201d\n    <\/p>\n<p>\n        El l\u00edder del PP ha recurrido al principal referente vivo del partido, Jos\u00e9 Mar\u00eda Aznar, para anunciar que su proyecto de gobierno <a href=\"https:\/\/www.eldiario.es\/politica\/feijoo-copiar-viaje-centro-aznar-avala-pactos-vox_1_12369971.html\" rel=\"nofollow\">ser\u00e1 \u201cde centro reformista\u201d<\/a>. Una idea que no es hoy la m\u00e1s defendidda dentro del partido, cuyas bases y cuadros exigen lo contrario: una ofensiva cultural de derechas. De hecho, una de las mayores ovaciones se la ha llevado la designaci\u00f3n de Cayetana \u00c1lvarez de Toledo como integrante del Comit\u00e9 Ejecutivo Nacional en la cuota directa del propio presidente.\n    <\/p>\n<p>\n        Para acallar las posibles cr\u00edticas de los m\u00e1s duros, Feij\u00f3o ha dicho que quiere ganar \u201cpara garantizar un futuro digno al pa\u00eds\u201d. \u201cNo estoy aqu\u00ed para esperar mi turno\u201d, ha sostenido, para prometer \u201cno desaprovechar la fuerza de las urnas\u201d. Una referencia indirecta al Gobierno de Mariano Rajoy, y a las quejas sobre el papel tibio que tuvo durante su paso por el poder.\n    <\/p>\n<p>\n        \u201cNo pretendo un cambio de siglas en Moncloa, prometo un cambio de ra\u00edz\u201d, ha dicho. \u201cSe trata de hacerlo mejor, mucho mejor\u201d, ha sostenido. Feij\u00f3o ha dicho que har\u00e1 \u201cdos cosas inmenditamente\u201d cuando llegue al Gobierno: \u201cacabar con los atropellos de la pesadilla que estamos viviendo y las reformas necesarias que impidan que pueda volver a causar tanto da\u00f1o a la naci\u00f3n\u201d.\n    <\/p>\n<h2>\u201cSi hago lo que hace \u00e9l, echadme del partido\u201d<\/h2>\n<p>\n        \u201cLos vamos a arrasar\u201d, ha prometido, porque \u201ca mentiras, cesiones, maniobras, propaganda y a enfrentar a los espa\u00f1oles, que ganen ellos. Pero a valores, a convicciones, a proyecto, a servicio y a democracia\u201d.\n    <\/p>\n<p>\n        \u201cNo hay tolerancia, ni compadreo, ni chivatazos, ni vista gorda con quien llega a la pol\u00edtica para servirse\u201d, ha asegurado a meses de que su partido afronte decenas de <a href=\"https:\/\/www.eldiario.es\/politica\/larga-sombra-corrupcion-amenaza-ofensiva-pp-sanchez_1_12402759.html\" rel=\"nofollow\">juicios pendientes por casos de corrupci\u00f3n<\/a>. \u201cNo estoy dispuesto a aplicar a la corrupci\u00f3n la doble moral de ser indulgente con los nuestros y exigente con los otros\u201d, ha planteado en comparaci\u00f3n a Pedro S\u00e1nchez.\n    <\/p>\n<p>\n        \u201cLa perfecci\u00f3n est\u00e1 reservada para el uno\u201d, ha ironizado sobre S\u00e1nchez. \u201cYo no soy ni ser\u00e9 como \u00e9l. Pero adem\u00e1s tampoco quiero un partido que me lo consienta. No me lo consist\u00e1is. Si hago lo que hace \u00e9l, echadme del partido\u201d, ha concluido.\n    <\/p>\n<p>\n        Tras el discurso, los 3.264 compromisarios han comenzado a ejercer su derecho. El resultado se conocer\u00e1 antes del final de la jornada.\n    <\/p>\n<\/div>\n","protected":false},"excerpt":{"rendered":"<p>El l\u00edder del PP y \u00fanico candidato a la reeleci\u00f3n, Alberto N\u00fa\u00f1ez Feij\u00f3o, ha reclamado este s\u00e1bado el apoyo de sus compa\u00f1eros para alcanzar, a la segunda, el poder. \u201cSeguro que vamos a llegar\u201d, ha dicho en su discurso de presentaci\u00f3n. \u201cVoy a llegar y vamos a llegar\u201d, ha remachado. Feij\u00f3o ha prometido a los<\/p>\n","protected":false},"author":1,"featured_media":247846,"comment_status":"open","ping_status":"open","sticky":false,"template":"","format":"standard","meta":{"footnotes":""},"categories":[71],"tags":[],"class_list":["post-247845","post","type-post","status-publish","format-standard","has-post-thumbnail","hentry","category-politics-es"],"acf":[],"yoast_head":"<!-- This site is optimized with the Yoast SEO plugin v22.9 - https:\/\/yoast.com\/wordpress\/plugins\/seo\/ -->\n<title>Feij\u00f3o pide la reelecci\u00f3n al PP: \u201cSi no conseguimos el cambio, hemos fracasado\u201d - vof-news.eu<\/title>\n<meta name=\"description\" content=\"El l\u00edder del PP y \u00fanico candidato a la reeleci\u00f3n, Alberto N\u00fa\u00f1ez Feij\u00f3o, ha reclamado este s\u00e1bado el apoyo de sus compa\u00f1eros para alcanzar, a la segunda, el poder. \u201cSeguro que vamos a llegar\u201d, ha dicho en su discurso de presentaci\u00f3n. \u201cVoy a llegar y vamos a llegar\u201d, ha remachado. Feij\u00f3o ha prometido a los suyos que no le pasar\u00e1 como en 2023, cuando gan\u00f3 pero no lleg\u00f3. Pero el rumbo ha cambiado. Hoy, el PSOE est\u00e1 sumido en el caos, y en el PP cunde la calma org\u00e1nica: \u201cHace tres a\u00f1os era el congreso de la crisis del PP, este es de la crisis de Espa\u00f1a\u201d.\" \/>\n<meta name=\"robots\" content=\"noindex, follow, max-snippet:-1, max-image-preview:large, max-video-preview:-1\" \/>\n<meta property=\"og:locale\" content=\"es_ES\" \/>\n<meta property=\"og:type\" content=\"article\" \/>\n<meta property=\"og:title\" content=\"Feij\u00f3o pide la reelecci\u00f3n al PP: \u201cSi no conseguimos el cambio, hemos fracasado\u201d - vof-news.eu\" \/>\n<meta property=\"og:description\" content=\"El l\u00edder del PP y \u00fanico candidato a la reeleci\u00f3n, Alberto N\u00fa\u00f1ez Feij\u00f3o, ha reclamado este s\u00e1bado el apoyo de sus compa\u00f1eros para alcanzar, a la segunda, el poder. \u201cSeguro que vamos a llegar\u201d, ha dicho en su discurso de presentaci\u00f3n. \u201cVoy a llegar y vamos a llegar\u201d, ha remachado. Feij\u00f3o ha prometido a los suyos que no le pasar\u00e1 como en 2023, cuando gan\u00f3 pero no lleg\u00f3. Pero el rumbo ha cambiado. Hoy, el PSOE est\u00e1 sumido en el caos, y en el PP cunde la calma org\u00e1nica: \u201cHace tres a\u00f1os era el congreso de la crisis del PP, este es de la crisis de Espa\u00f1a\u201d.\" \/>\n<meta property=\"og:url\" content=\"https:\/\/vof-news.eu\/es\/feijoo-pide-la-reeleccion-al-pp-si-no-conseguimos-el-cambio-hemos-fracasado\/\" \/>\n<meta property=\"og:site_name\" content=\"vof-news.eu\" \/>\n<meta property=\"article:published_time\" content=\"2025-07-05T18:17:12+00:00\" \/>\n<meta property=\"article:modified_time\" content=\"2025-07-05T18:17:40+00:00\" \/>\n<meta property=\"og:image\" content=\"https:\/\/vof-news.eu\/wp-content\/uploads\/2025\/07\/de836726-2576-4162-aa19-926cfa9423c8_16-9-discover-aspect-ratio_default_0.jpg\" \/>\n\t<meta property=\"og:image:width\" content=\"1200\" \/>\n\t<meta property=\"og:image:height\" content=\"675\" \/>\n\t<meta property=\"og:image:type\" content=\"image\/jpeg\" \/>\n<meta name=\"author\" content=\"Author\" \/>\n<meta name=\"twitter:card\" content=\"summary_large_image\" \/>\n<meta name=\"twitter:label1\" content=\"Escrito por\" \/>\n\t<meta name=\"twitter:data1\" content=\"Author\" \/>\n\t<meta name=\"twitter:label2\" content=\"Tiempo de lectura\" \/>\n\t<meta name=\"twitter:data2\" content=\"3 minutos\" \/>\n<script type=\"application\/ld+json\" class=\"yoast-schema-graph\">{\"@context\":\"https:\/\/schema.org\",\"@graph\":[{\"@type\":\"WebPage\",\"@id\":\"https:\/\/vof-news.eu\/es\/feijoo-pide-la-reeleccion-al-pp-si-no-conseguimos-el-cambio-hemos-fracasado\/\",\"url\":\"https:\/\/vof-news.eu\/es\/feijoo-pide-la-reeleccion-al-pp-si-no-conseguimos-el-cambio-hemos-fracasado\/\",\"name\":\"Feij\u00f3o pide la reelecci\u00f3n al PP: \u201cSi no conseguimos el cambio, hemos fracasado\u201d - vof-news.eu\",\"isPartOf\":{\"@id\":\"https:\/\/vof-news.eu\/es\/#website\"},\"primaryImageOfPage\":{\"@id\":\"https:\/\/vof-news.eu\/es\/feijoo-pide-la-reeleccion-al-pp-si-no-conseguimos-el-cambio-hemos-fracasado\/#primaryimage\"},\"image\":{\"@id\":\"https:\/\/vof-news.eu\/es\/feijoo-pide-la-reeleccion-al-pp-si-no-conseguimos-el-cambio-hemos-fracasado\/#primaryimage\"},\"thumbnailUrl\":\"https:\/\/vof-news.eu\/wp-content\/uploads\/2025\/07\/de836726-2576-4162-aa19-926cfa9423c8_16-9-discover-aspect-ratio_default_0.jpg\",\"datePublished\":\"2025-07-05T18:17:12+00:00\",\"dateModified\":\"2025-07-05T18:17:40+00:00\",\"author\":{\"@id\":\"https:\/\/vof-news.eu\/es\/#\/schema\/person\/f6a2a4309f0561835797fd8c19b333ed\"},\"description\":\"El l\u00edder del PP y \u00fanico candidato a la reeleci\u00f3n, Alberto N\u00fa\u00f1ez Feij\u00f3o, ha reclamado este s\u00e1bado el apoyo de sus compa\u00f1eros para alcanzar, a la segunda, el poder. \u201cSeguro que vamos a llegar\u201d, ha dicho en su discurso de presentaci\u00f3n. \u201cVoy a llegar y vamos a llegar\u201d, ha remachado. Feij\u00f3o ha prometido a los suyos que no le pasar\u00e1 como en 2023, cuando gan\u00f3 pero no lleg\u00f3. Pero el rumbo ha cambiado. Hoy, el PSOE est\u00e1 sumido en el caos, y en el PP cunde la calma org\u00e1nica: \u201cHace tres a\u00f1os era el congreso de la crisis del PP, este es de la crisis de Espa\u00f1a\u201d.\",\"breadcrumb\":{\"@id\":\"https:\/\/vof-news.eu\/es\/feijoo-pide-la-reeleccion-al-pp-si-no-conseguimos-el-cambio-hemos-fracasado\/#breadcrumb\"},\"inLanguage\":\"es\",\"potentialAction\":[{\"@type\":\"ReadAction\",\"target\":[\"https:\/\/vof-news.eu\/es\/feijoo-pide-la-reeleccion-al-pp-si-no-conseguimos-el-cambio-hemos-fracasado\/\"]}]},{\"@type\":\"ImageObject\",\"inLanguage\":\"es\",\"@id\":\"https:\/\/vof-news.eu\/es\/feijoo-pide-la-reeleccion-al-pp-si-no-conseguimos-el-cambio-hemos-fracasado\/#primaryimage\",\"url\":\"https:\/\/vof-news.eu\/wp-content\/uploads\/2025\/07\/de836726-2576-4162-aa19-926cfa9423c8_16-9-discover-aspect-ratio_default_0.jpg\",\"contentUrl\":\"https:\/\/vof-news.eu\/wp-content\/uploads\/2025\/07\/de836726-2576-4162-aa19-926cfa9423c8_16-9-discover-aspect-ratio_default_0.jpg\",\"width\":1200,\"height\":675},{\"@type\":\"BreadcrumbList\",\"@id\":\"https:\/\/vof-news.eu\/es\/feijoo-pide-la-reeleccion-al-pp-si-no-conseguimos-el-cambio-hemos-fracasado\/#breadcrumb\",\"itemListElement\":[{\"@type\":\"ListItem\",\"position\":1,\"name\":\"Home\",\"item\":\"https:\/\/vof-news.eu\/es\/\"},{\"@type\":\"ListItem\",\"position\":2,\"name\":\"Feij\u00f3o pide la reelecci\u00f3n al PP: \u201cSi no conseguimos el cambio, hemos fracasado\u201d\"}]},{\"@type\":\"WebSite\",\"@id\":\"https:\/\/vof-news.eu\/es\/#website\",\"url\":\"https:\/\/vof-news.eu\/es\/\",\"name\":\"vof-news.eu\",\"description\":\"\",\"potentialAction\":[{\"@type\":\"SearchAction\",\"target\":{\"@type\":\"EntryPoint\",\"urlTemplate\":\"https:\/\/vof-news.eu\/es\/?s={search_term_string}\"},\"query-input\":\"required name=search_term_string\"}],\"inLanguage\":\"es\"},{\"@type\":\"Person\",\"@id\":\"https:\/\/vof-news.eu\/es\/#\/schema\/person\/f6a2a4309f0561835797fd8c19b333ed\",\"name\":\"Author\",\"image\":{\"@type\":\"ImageObject\",\"inLanguage\":\"es\",\"@id\":\"https:\/\/vof-news.eu\/es\/#\/schema\/person\/image\/\",\"url\":\"https:\/\/secure.gravatar.com\/avatar\/b67e614b1b25b3e9c0c239efdd2fde5ab015b5affd6f1c3c85911ca4b384e790?s=96&d=mm&r=g\",\"contentUrl\":\"https:\/\/secure.gravatar.com\/avatar\/b67e614b1b25b3e9c0c239efdd2fde5ab015b5affd6f1c3c85911ca4b384e790?s=96&d=mm&r=g\",\"caption\":\"Author\"},\"sameAs\":[\"http:\/\/vof-news.eu\"],\"url\":\"https:\/\/vof-news.eu\/es\/author\/zwt6qxnjulxbnyg\/\"}]}<\/script>\n<!-- \/ Yoast SEO plugin. -->","yoast_head_json":{"title":"Feij\u00f3o pide la reelecci\u00f3n al PP: \u201cSi no conseguimos el cambio, hemos fracasado\u201d - vof-news.eu","description":"El l\u00edder del PP y \u00fanico candidato a la reeleci\u00f3n, Alberto N\u00fa\u00f1ez Feij\u00f3o, ha reclamado este s\u00e1bado el apoyo de sus compa\u00f1eros para alcanzar, a la segunda, el poder. \u201cSeguro que vamos a llegar\u201d, ha dicho en su discurso de presentaci\u00f3n. \u201cVoy a llegar y vamos a llegar\u201d, ha remachado. Feij\u00f3o ha prometido a los suyos que no le pasar\u00e1 como en 2023, cuando gan\u00f3 pero no lleg\u00f3. Pero el rumbo ha cambiado. Hoy, el PSOE est\u00e1 sumido en el caos, y en el PP cunde la calma org\u00e1nica: \u201cHace tres a\u00f1os era el congreso de la crisis del PP, este es de la crisis de Espa\u00f1a\u201d.","robots":{"index":"noindex","follow":"follow","max-snippet":"max-snippet:-1","max-image-preview":"max-image-preview:large","max-video-preview":"max-video-preview:-1"},"og_locale":"es_ES","og_type":"article","og_title":"Feij\u00f3o pide la reelecci\u00f3n al PP: \u201cSi no conseguimos el cambio, hemos fracasado\u201d - vof-news.eu","og_description":"El l\u00edder del PP y \u00fanico candidato a la reeleci\u00f3n, Alberto N\u00fa\u00f1ez Feij\u00f3o, ha reclamado este s\u00e1bado el apoyo de sus compa\u00f1eros para alcanzar, a la segunda, el poder. \u201cSeguro que vamos a llegar\u201d, ha dicho en su discurso de presentaci\u00f3n. \u201cVoy a llegar y vamos a llegar\u201d, ha remachado. Feij\u00f3o ha prometido a los suyos que no le pasar\u00e1 como en 2023, cuando gan\u00f3 pero no lleg\u00f3. Pero el rumbo ha cambiado. Hoy, el PSOE est\u00e1 sumido en el caos, y en el PP cunde la calma org\u00e1nica: \u201cHace tres a\u00f1os era el congreso de la crisis del PP, este es de la crisis de Espa\u00f1a\u201d.","og_url":"https:\/\/vof-news.eu\/es\/feijoo-pide-la-reeleccion-al-pp-si-no-conseguimos-el-cambio-hemos-fracasado\/","og_site_name":"vof-news.eu","article_published_time":"2025-07-05T18:17:12+00:00","article_modified_time":"2025-07-05T18:17:40+00:00","og_image":[{"width":1200,"height":675,"url":"https:\/\/vof-news.eu\/wp-content\/uploads\/2025\/07\/de836726-2576-4162-aa19-926cfa9423c8_16-9-discover-aspect-ratio_default_0.jpg","type":"image\/jpeg"}],"author":"Author","twitter_card":"summary_large_image","twitter_misc":{"Escrito por":"Author","Tiempo de lectura":"3 minutos"},"schema":{"@context":"https:\/\/schema.org","@graph":[{"@type":"WebPage","@id":"https:\/\/vof-news.eu\/es\/feijoo-pide-la-reeleccion-al-pp-si-no-conseguimos-el-cambio-hemos-fracasado\/","url":"https:\/\/vof-news.eu\/es\/feijoo-pide-la-reeleccion-al-pp-si-no-conseguimos-el-cambio-hemos-fracasado\/","name":"Feij\u00f3o pide la reelecci\u00f3n al PP: \u201cSi no conseguimos el cambio, hemos fracasado\u201d - vof-news.eu","isPartOf":{"@id":"https:\/\/vof-news.eu\/es\/#website"},"primaryImageOfPage":{"@id":"https:\/\/vof-news.eu\/es\/feijoo-pide-la-reeleccion-al-pp-si-no-conseguimos-el-cambio-hemos-fracasado\/#primaryimage"},"image":{"@id":"https:\/\/vof-news.eu\/es\/feijoo-pide-la-reeleccion-al-pp-si-no-conseguimos-el-cambio-hemos-fracasado\/#primaryimage"},"thumbnailUrl":"https:\/\/vof-news.eu\/wp-content\/uploads\/2025\/07\/de836726-2576-4162-aa19-926cfa9423c8_16-9-discover-aspect-ratio_default_0.jpg","datePublished":"2025-07-05T18:17:12+00:00","dateModified":"2025-07-05T18:17:40+00:00","author":{"@id":"https:\/\/vof-news.eu\/es\/#\/schema\/person\/f6a2a4309f0561835797fd8c19b333ed"},"description":"El l\u00edder del PP y \u00fanico candidato a la reeleci\u00f3n, Alberto N\u00fa\u00f1ez Feij\u00f3o, ha reclamado este s\u00e1bado el apoyo de sus compa\u00f1eros para alcanzar, a la segunda, el poder. \u201cSeguro que vamos a llegar\u201d, ha dicho en su discurso de presentaci\u00f3n. \u201cVoy a llegar y vamos a llegar\u201d, ha remachado. Feij\u00f3o ha prometido a los suyos que no le pasar\u00e1 como en 2023, cuando gan\u00f3 pero no lleg\u00f3. Pero el rumbo ha cambiado. Hoy, el PSOE est\u00e1 sumido en el caos, y en el PP cunde la calma org\u00e1nica: \u201cHace tres a\u00f1os era el congreso de la crisis del PP, este es de la crisis de Espa\u00f1a\u201d.","breadcrumb":{"@id":"https:\/\/vof-news.eu\/es\/feijoo-pide-la-reeleccion-al-pp-si-no-conseguimos-el-cambio-hemos-fracasado\/#breadcrumb"},"inLanguage":"es","potentialAction":[{"@type":"ReadAction","target":["https:\/\/vof-news.eu\/es\/feijoo-pide-la-reeleccion-al-pp-si-no-conseguimos-el-cambio-hemos-fracasado\/"]}]},{"@type":"ImageObject","inLanguage":"es","@id":"https:\/\/vof-news.eu\/es\/feijoo-pide-la-reeleccion-al-pp-si-no-conseguimos-el-cambio-hemos-fracasado\/#primaryimage","url":"https:\/\/vof-news.eu\/wp-content\/uploads\/2025\/07\/de836726-2576-4162-aa19-926cfa9423c8_16-9-discover-aspect-ratio_default_0.jpg","contentUrl":"https:\/\/vof-news.eu\/wp-content\/uploads\/2025\/07\/de836726-2576-4162-aa19-926cfa9423c8_16-9-discover-aspect-ratio_default_0.jpg","width":1200,"height":675},{"@type":"BreadcrumbList","@id":"https:\/\/vof-news.eu\/es\/feijoo-pide-la-reeleccion-al-pp-si-no-conseguimos-el-cambio-hemos-fracasado\/#breadcrumb","itemListElement":[{"@type":"ListItem","position":1,"name":"Home","item":"https:\/\/vof-news.eu\/es\/"},{"@type":"ListItem","position":2,"name":"Feij\u00f3o pide la reelecci\u00f3n al PP: \u201cSi no conseguimos el cambio, hemos fracasado\u201d"}]},{"@type":"WebSite","@id":"https:\/\/vof-news.eu\/es\/#website","url":"https:\/\/vof-news.eu\/es\/","name":"vof-news.eu","description":"","potentialAction":[{"@type":"SearchAction","target":{"@type":"EntryPoint","urlTemplate":"https:\/\/vof-news.eu\/es\/?s={search_term_string}"},"query-input":"required name=search_term_string"}],"inLanguage":"es"},{"@type":"Person","@id":"https:\/\/vof-news.eu\/es\/#\/schema\/person\/f6a2a4309f0561835797fd8c19b333ed","name":"Author","image":{"@type":"ImageObject","inLanguage":"es","@id":"https:\/\/vof-news.eu\/es\/#\/schema\/person\/image\/","url":"https:\/\/secure.gravatar.com\/avatar\/b67e614b1b25b3e9c0c239efdd2fde5ab015b5affd6f1c3c85911ca4b384e790?s=96&d=mm&r=g","contentUrl":"https:\/\/secure.gravatar.com\/avatar\/b67e614b1b25b3e9c0c239efdd2fde5ab015b5affd6f1c3c85911ca4b384e790?s=96&d=mm&r=g","caption":"Author"},"sameAs":["http:\/\/vof-news.eu"],"url":"https:\/\/vof-news.eu\/es\/author\/zwt6qxnjulxbnyg\/"}]}},"yoast_meta":{"yoast_wpseo_title":"","yoast_wpseo_metadesc":"","yoast_wpseo_canonical":""},"_links":{"self":[{"href":"https:\/\/vof-news.eu\/es\/wp-json\/wp\/v2\/posts\/247845","targetHints":{"allow":["GET"]}}],"collection":[{"href":"https:\/\/vof-news.eu\/es\/wp-json\/wp\/v2\/posts"}],"about":[{"href":"https:\/\/vof-news.eu\/es\/wp-json\/wp\/v2\/types\/post"}],"author":[{"embeddable":true,"href":"https:\/\/vof-news.eu\/es\/wp-json\/wp\/v2\/users\/1"}],"replies":[{"embeddable":true,"href":"https:\/\/vof-news.eu\/es\/wp-json\/wp\/v2\/comments?post=247845"}],"version-history":[{"count":1,"href":"https:\/\/vof-news.eu\/es\/wp-json\/wp\/v2\/posts\/247845\/revisions"}],"predecessor-version":[{"id":247852,"href":"https:\/\/vof-news.eu\/es\/wp-json\/wp\/v2\/posts\/247845\/revisions\/247852"}],"wp:featuredmedia":[{"embeddable":true,"href":"https:\/\/vof-news.eu\/es\/wp-json\/wp\/v2\/media\/247846"}],"wp:attachment":[{"href":"https:\/\/vof-news.eu\/es\/wp-json\/wp\/v2\/media?parent=247845"}],"wp:term":[{"taxonomy":"category","embeddable":true,"href":"https:\/\/vof-news.eu\/es\/wp-json\/wp\/v2\/categories?post=247845"},{"taxonomy":"post_tag","embeddable":true,"href":"https:\/\/vof-news.eu\/es\/wp-json\/wp\/v2\/tags?post=247845"}],"curies":[{"name":"wp","href":"https:\/\/api.w.org\/{rel}","templated":true}]}}