{"id":247765,"date":"2025-07-05T17:21:07","date_gmt":"2025-07-05T14:21:07","guid":{"rendered":"https:\/\/vof-news.eu\/detenido-el-presunto-autor-intelectual-del-atentado-contra-el-senador-colombiano-miguel-uribe\/"},"modified":"2025-07-05T17:21:22","modified_gmt":"2025-07-05T14:21:22","slug":"detenido-el-presunto-autor-intelectual-del-atentado-contra-el-senador-colombiano-miguel-uribe","status":"publish","type":"post","link":"https:\/\/vof-news.eu\/es\/detenido-el-presunto-autor-intelectual-del-atentado-contra-el-senador-colombiano-miguel-uribe\/","title":{"rendered":"Detenido el presunto autor intelectual del atentado contra el senador colombiano Miguel Uribe"},"content":{"rendered":"<div>\n<p>La Polic\u00eda de Colombia ha anunciado este s\u00e1bado la detenci\u00f3n del presunto autor intelectual del atentado contra Miguel Uribe. El senador y precandidato presidencial <b>convalece en estado grave por los disparos recibidos el 7 de junio<\/b> durante un acto de campa\u00f1a en la localidad de\u00a0Fontib\u00f3n, en Bogot\u00e1.<\/p>\n<p>El individuo ha sido identificado como<b> Elder Jos\u00e9 Arteaga Hern\u00e1ndez<\/b>, alias <i>El Coste\u00f1o<\/i>, detenido tras una operaci\u00f3n efectuada en la localidad de Engativ\u00e1, tambi\u00e9n en Bogot\u00e1, de acuerdo con m\u00faltiples fuentes policiales a medios colombianos.<\/p>\n<p>Hern\u00e1ndez se enfrentar\u00e1 a cargos por <b>\u00abtentativa de homicidio, porte ilegal de armas y uso de menores para la comisi\u00f3n de delitos\u00bb<\/b>, en referencia al joven sicario que ejecut\u00f3 el atentado contra Uribe y que acab\u00f3 detenido nada m\u00e1s efectuar los disparos.<\/p>\n<p>&#8212; Noticia en ampliaci\u00f3n &#8212;<\/p>\n<\/div>\n","protected":false},"excerpt":{"rendered":"<p>La Polic\u00eda de Colombia ha anunciado este s\u00e1bado la detenci\u00f3n del presunto autor intelectual del atentado contra Miguel Uribe. El senador y precandidato presidencial convalece en estado grave por los disparos recibidos el 7 de junio durante un acto de campa\u00f1a en la localidad de\u00a0Fontib\u00f3n, en Bogot\u00e1. El individuo ha sido identificado como Elder Jos\u00e9<\/p>\n","protected":false},"author":1,"featured_media":247766,"comment_status":"open","ping_status":"open","sticky":false,"template":"","format":"standard","meta":{"footnotes":""},"categories":[56],"tags":[],"class_list":["post-247765","post","type-post","status-publish","format-standard","has-post-thumbnail","hentry","category-main-news-es"],"acf":[],"yoast_head":"<!-- This site is optimized with the Yoast SEO plugin v22.9 - https:\/\/yoast.com\/wordpress\/plugins\/seo\/ -->\n<title>Detenido el presunto autor intelectual del atentado contra el senador colombiano Miguel Uribe - vof-news.eu<\/title>\n<meta name=\"description\" content=\"La Polic\u00eda de Colombia ha anunciado este s\u00e1bado la detenci\u00f3n del presunto autor intelectual del atentado contra Miguel Uribe. El senador y precandidato presidencial convalece en estado grave por los disparos recibidos el 7 de junio durante un acto de campa\u00f1a en la localidad de\u00a0Fontib\u00f3n, en Bogot\u00e1.El individuo ha sido identificado como Elder Jos\u00e9 Arteaga Hern\u00e1ndez, alias El Coste\u00f1o, detenido tras una operaci\u00f3n efectuada en la localidad de Engativ\u00e1, tambi\u00e9n en Bogot\u00e1, de acuerdo con m\u00faltiples fuentes policiales a medios colombianos.Hern\u00e1ndez se enfrentar\u00e1 a cargos por &quot;tentativa de homicidio, porte ilegal de armas y uso de menores para la comisi\u00f3n de delitos&quot;, en referencia al joven sicario que ejecut\u00f3 el atentado contra Uribe y que acab\u00f3 detenido nada m\u00e1s efectuar los disparos.\" \/>\n<meta name=\"robots\" content=\"noindex, follow, max-snippet:-1, max-image-preview:large, max-video-preview:-1\" \/>\n<meta property=\"og:locale\" content=\"es_ES\" \/>\n<meta property=\"og:type\" content=\"article\" \/>\n<meta property=\"og:title\" content=\"Detenido el presunto autor intelectual del atentado contra el senador colombiano Miguel Uribe - vof-news.eu\" \/>\n<meta property=\"og:description\" content=\"La Polic\u00eda de Colombia ha anunciado este s\u00e1bado la detenci\u00f3n del presunto autor intelectual del atentado contra Miguel Uribe. El senador y precandidato presidencial convalece en estado grave por los disparos recibidos el 7 de junio durante un acto de campa\u00f1a en la localidad de\u00a0Fontib\u00f3n, en Bogot\u00e1.El individuo ha sido identificado como Elder Jos\u00e9 Arteaga Hern\u00e1ndez, alias El Coste\u00f1o, detenido tras una operaci\u00f3n efectuada en la localidad de Engativ\u00e1, tambi\u00e9n en Bogot\u00e1, de acuerdo con m\u00faltiples fuentes policiales a medios colombianos.Hern\u00e1ndez se enfrentar\u00e1 a cargos por &quot;tentativa de homicidio, porte ilegal de armas y uso de menores para la comisi\u00f3n de delitos&quot;, en referencia al joven sicario que ejecut\u00f3 el atentado contra Uribe y que acab\u00f3 detenido nada m\u00e1s efectuar los disparos.\" \/>\n<meta property=\"og:url\" content=\"https:\/\/vof-news.eu\/es\/detenido-el-presunto-autor-intelectual-del-atentado-contra-el-senador-colombiano-miguel-uribe\/\" \/>\n<meta property=\"og:site_name\" content=\"vof-news.eu\" \/>\n<meta property=\"article:published_time\" content=\"2025-07-05T14:21:07+00:00\" \/>\n<meta property=\"article:modified_time\" content=\"2025-07-05T14:21:22+00:00\" \/>\n<meta property=\"og:image\" content=\"https:\/\/vof-news.eu\/wp-content\/uploads\/2025\/07\/fotografia-de-archivo-del-20-de-junio-de-2024-del-senador-miguel-uribe-en-el-congreso-colombiano-en-bogota.jpeg\" \/>\n\t<meta property=\"og:image:width\" content=\"1200\" \/>\n\t<meta property=\"og:image:height\" content=\"720\" \/>\n\t<meta property=\"og:image:type\" content=\"image\/jpeg\" \/>\n<meta name=\"author\" content=\"Author\" \/>\n<meta name=\"twitter:card\" content=\"summary_large_image\" \/>\n<meta name=\"twitter:label1\" content=\"Escrito por\" \/>\n\t<meta name=\"twitter:data1\" content=\"Author\" \/>\n\t<meta name=\"twitter:label2\" content=\"Tiempo de lectura\" \/>\n\t<meta name=\"twitter:data2\" content=\"1 minuto\" \/>\n<script type=\"application\/ld+json\" class=\"yoast-schema-graph\">{\"@context\":\"https:\/\/schema.org\",\"@graph\":[{\"@type\":\"WebPage\",\"@id\":\"https:\/\/vof-news.eu\/es\/detenido-el-presunto-autor-intelectual-del-atentado-contra-el-senador-colombiano-miguel-uribe\/\",\"url\":\"https:\/\/vof-news.eu\/es\/detenido-el-presunto-autor-intelectual-del-atentado-contra-el-senador-colombiano-miguel-uribe\/\",\"name\":\"Detenido el presunto autor intelectual del atentado contra el senador colombiano Miguel Uribe - vof-news.eu\",\"isPartOf\":{\"@id\":\"https:\/\/vof-news.eu\/es\/#website\"},\"primaryImageOfPage\":{\"@id\":\"https:\/\/vof-news.eu\/es\/detenido-el-presunto-autor-intelectual-del-atentado-contra-el-senador-colombiano-miguel-uribe\/#primaryimage\"},\"image\":{\"@id\":\"https:\/\/vof-news.eu\/es\/detenido-el-presunto-autor-intelectual-del-atentado-contra-el-senador-colombiano-miguel-uribe\/#primaryimage\"},\"thumbnailUrl\":\"https:\/\/vof-news.eu\/wp-content\/uploads\/2025\/07\/fotografia-de-archivo-del-20-de-junio-de-2024-del-senador-miguel-uribe-en-el-congreso-colombiano-en-bogota.jpeg\",\"datePublished\":\"2025-07-05T14:21:07+00:00\",\"dateModified\":\"2025-07-05T14:21:22+00:00\",\"author\":{\"@id\":\"https:\/\/vof-news.eu\/es\/#\/schema\/person\/f6a2a4309f0561835797fd8c19b333ed\"},\"description\":\"La Polic\u00eda de Colombia ha anunciado este s\u00e1bado la detenci\u00f3n del presunto autor intelectual del atentado contra Miguel Uribe. El senador y precandidato presidencial convalece en estado grave por los disparos recibidos el 7 de junio durante un acto de campa\u00f1a en la localidad de\u00a0Fontib\u00f3n, en Bogot\u00e1.El individuo ha sido identificado como Elder Jos\u00e9 Arteaga Hern\u00e1ndez, alias El Coste\u00f1o, detenido tras una operaci\u00f3n efectuada en la localidad de Engativ\u00e1, tambi\u00e9n en Bogot\u00e1, de acuerdo con m\u00faltiples fuentes policiales a medios colombianos.Hern\u00e1ndez se enfrentar\u00e1 a cargos por \\\"tentativa de homicidio, porte ilegal de armas y uso de menores para la comisi\u00f3n de delitos\\\", en referencia al joven sicario que ejecut\u00f3 el atentado contra Uribe y que acab\u00f3 detenido nada m\u00e1s efectuar los disparos.\",\"breadcrumb\":{\"@id\":\"https:\/\/vof-news.eu\/es\/detenido-el-presunto-autor-intelectual-del-atentado-contra-el-senador-colombiano-miguel-uribe\/#breadcrumb\"},\"inLanguage\":\"es\",\"potentialAction\":[{\"@type\":\"ReadAction\",\"target\":[\"https:\/\/vof-news.eu\/es\/detenido-el-presunto-autor-intelectual-del-atentado-contra-el-senador-colombiano-miguel-uribe\/\"]}]},{\"@type\":\"ImageObject\",\"inLanguage\":\"es\",\"@id\":\"https:\/\/vof-news.eu\/es\/detenido-el-presunto-autor-intelectual-del-atentado-contra-el-senador-colombiano-miguel-uribe\/#primaryimage\",\"url\":\"https:\/\/vof-news.eu\/wp-content\/uploads\/2025\/07\/fotografia-de-archivo-del-20-de-junio-de-2024-del-senador-miguel-uribe-en-el-congreso-colombiano-en-bogota.jpeg\",\"contentUrl\":\"https:\/\/vof-news.eu\/wp-content\/uploads\/2025\/07\/fotografia-de-archivo-del-20-de-junio-de-2024-del-senador-miguel-uribe-en-el-congreso-colombiano-en-bogota.jpeg\",\"width\":1200,\"height\":720},{\"@type\":\"BreadcrumbList\",\"@id\":\"https:\/\/vof-news.eu\/es\/detenido-el-presunto-autor-intelectual-del-atentado-contra-el-senador-colombiano-miguel-uribe\/#breadcrumb\",\"itemListElement\":[{\"@type\":\"ListItem\",\"position\":1,\"name\":\"Home\",\"item\":\"https:\/\/vof-news.eu\/es\/\"},{\"@type\":\"ListItem\",\"position\":2,\"name\":\"Detenido el presunto autor intelectual del atentado contra el senador colombiano Miguel Uribe\"}]},{\"@type\":\"WebSite\",\"@id\":\"https:\/\/vof-news.eu\/es\/#website\",\"url\":\"https:\/\/vof-news.eu\/es\/\",\"name\":\"vof-news.eu\",\"description\":\"\",\"potentialAction\":[{\"@type\":\"SearchAction\",\"target\":{\"@type\":\"EntryPoint\",\"urlTemplate\":\"https:\/\/vof-news.eu\/es\/?s={search_term_string}\"},\"query-input\":\"required name=search_term_string\"}],\"inLanguage\":\"es\"},{\"@type\":\"Person\",\"@id\":\"https:\/\/vof-news.eu\/es\/#\/schema\/person\/f6a2a4309f0561835797fd8c19b333ed\",\"name\":\"Author\",\"image\":{\"@type\":\"ImageObject\",\"inLanguage\":\"es\",\"@id\":\"https:\/\/vof-news.eu\/es\/#\/schema\/person\/image\/\",\"url\":\"https:\/\/secure.gravatar.com\/avatar\/b67e614b1b25b3e9c0c239efdd2fde5ab015b5affd6f1c3c85911ca4b384e790?s=96&d=mm&r=g\",\"contentUrl\":\"https:\/\/secure.gravatar.com\/avatar\/b67e614b1b25b3e9c0c239efdd2fde5ab015b5affd6f1c3c85911ca4b384e790?s=96&d=mm&r=g\",\"caption\":\"Author\"},\"sameAs\":[\"http:\/\/vof-news.eu\"],\"url\":\"https:\/\/vof-news.eu\/es\/author\/zwt6qxnjulxbnyg\/\"}]}<\/script>\n<!-- \/ Yoast SEO plugin. -->","yoast_head_json":{"title":"Detenido el presunto autor intelectual del atentado contra el senador colombiano Miguel Uribe - vof-news.eu","description":"La Polic\u00eda de Colombia ha anunciado este s\u00e1bado la detenci\u00f3n del presunto autor intelectual del atentado contra Miguel Uribe. El senador y precandidato presidencial convalece en estado grave por los disparos recibidos el 7 de junio durante un acto de campa\u00f1a en la localidad de\u00a0Fontib\u00f3n, en Bogot\u00e1.El individuo ha sido identificado como Elder Jos\u00e9 Arteaga Hern\u00e1ndez, alias El Coste\u00f1o, detenido tras una operaci\u00f3n efectuada en la localidad de Engativ\u00e1, tambi\u00e9n en Bogot\u00e1, de acuerdo con m\u00faltiples fuentes policiales a medios colombianos.Hern\u00e1ndez se enfrentar\u00e1 a cargos por \"tentativa de homicidio, porte ilegal de armas y uso de menores para la comisi\u00f3n de delitos\", en referencia al joven sicario que ejecut\u00f3 el atentado contra Uribe y que acab\u00f3 detenido nada m\u00e1s efectuar los disparos.","robots":{"index":"noindex","follow":"follow","max-snippet":"max-snippet:-1","max-image-preview":"max-image-preview:large","max-video-preview":"max-video-preview:-1"},"og_locale":"es_ES","og_type":"article","og_title":"Detenido el presunto autor intelectual del atentado contra el senador colombiano Miguel Uribe - vof-news.eu","og_description":"La Polic\u00eda de Colombia ha anunciado este s\u00e1bado la detenci\u00f3n del presunto autor intelectual del atentado contra Miguel Uribe. El senador y precandidato presidencial convalece en estado grave por los disparos recibidos el 7 de junio durante un acto de campa\u00f1a en la localidad de\u00a0Fontib\u00f3n, en Bogot\u00e1.El individuo ha sido identificado como Elder Jos\u00e9 Arteaga Hern\u00e1ndez, alias El Coste\u00f1o, detenido tras una operaci\u00f3n efectuada en la localidad de Engativ\u00e1, tambi\u00e9n en Bogot\u00e1, de acuerdo con m\u00faltiples fuentes policiales a medios colombianos.Hern\u00e1ndez se enfrentar\u00e1 a cargos por \"tentativa de homicidio, porte ilegal de armas y uso de menores para la comisi\u00f3n de delitos\", en referencia al joven sicario que ejecut\u00f3 el atentado contra Uribe y que acab\u00f3 detenido nada m\u00e1s efectuar los disparos.","og_url":"https:\/\/vof-news.eu\/es\/detenido-el-presunto-autor-intelectual-del-atentado-contra-el-senador-colombiano-miguel-uribe\/","og_site_name":"vof-news.eu","article_published_time":"2025-07-05T14:21:07+00:00","article_modified_time":"2025-07-05T14:21:22+00:00","og_image":[{"width":1200,"height":720,"url":"https:\/\/vof-news.eu\/wp-content\/uploads\/2025\/07\/fotografia-de-archivo-del-20-de-junio-de-2024-del-senador-miguel-uribe-en-el-congreso-colombiano-en-bogota.jpeg","type":"image\/jpeg"}],"author":"Author","twitter_card":"summary_large_image","twitter_misc":{"Escrito por":"Author","Tiempo de lectura":"1 minuto"},"schema":{"@context":"https:\/\/schema.org","@graph":[{"@type":"WebPage","@id":"https:\/\/vof-news.eu\/es\/detenido-el-presunto-autor-intelectual-del-atentado-contra-el-senador-colombiano-miguel-uribe\/","url":"https:\/\/vof-news.eu\/es\/detenido-el-presunto-autor-intelectual-del-atentado-contra-el-senador-colombiano-miguel-uribe\/","name":"Detenido el presunto autor intelectual del atentado contra el senador colombiano Miguel Uribe - vof-news.eu","isPartOf":{"@id":"https:\/\/vof-news.eu\/es\/#website"},"primaryImageOfPage":{"@id":"https:\/\/vof-news.eu\/es\/detenido-el-presunto-autor-intelectual-del-atentado-contra-el-senador-colombiano-miguel-uribe\/#primaryimage"},"image":{"@id":"https:\/\/vof-news.eu\/es\/detenido-el-presunto-autor-intelectual-del-atentado-contra-el-senador-colombiano-miguel-uribe\/#primaryimage"},"thumbnailUrl":"https:\/\/vof-news.eu\/wp-content\/uploads\/2025\/07\/fotografia-de-archivo-del-20-de-junio-de-2024-del-senador-miguel-uribe-en-el-congreso-colombiano-en-bogota.jpeg","datePublished":"2025-07-05T14:21:07+00:00","dateModified":"2025-07-05T14:21:22+00:00","author":{"@id":"https:\/\/vof-news.eu\/es\/#\/schema\/person\/f6a2a4309f0561835797fd8c19b333ed"},"description":"La Polic\u00eda de Colombia ha anunciado este s\u00e1bado la detenci\u00f3n del presunto autor intelectual del atentado contra Miguel Uribe. El senador y precandidato presidencial convalece en estado grave por los disparos recibidos el 7 de junio durante un acto de campa\u00f1a en la localidad de\u00a0Fontib\u00f3n, en Bogot\u00e1.El individuo ha sido identificado como Elder Jos\u00e9 Arteaga Hern\u00e1ndez, alias El Coste\u00f1o, detenido tras una operaci\u00f3n efectuada en la localidad de Engativ\u00e1, tambi\u00e9n en Bogot\u00e1, de acuerdo con m\u00faltiples fuentes policiales a medios colombianos.Hern\u00e1ndez se enfrentar\u00e1 a cargos por \"tentativa de homicidio, porte ilegal de armas y uso de menores para la comisi\u00f3n de delitos\", en referencia al joven sicario que ejecut\u00f3 el atentado contra Uribe y que acab\u00f3 detenido nada m\u00e1s efectuar los disparos.","breadcrumb":{"@id":"https:\/\/vof-news.eu\/es\/detenido-el-presunto-autor-intelectual-del-atentado-contra-el-senador-colombiano-miguel-uribe\/#breadcrumb"},"inLanguage":"es","potentialAction":[{"@type":"ReadAction","target":["https:\/\/vof-news.eu\/es\/detenido-el-presunto-autor-intelectual-del-atentado-contra-el-senador-colombiano-miguel-uribe\/"]}]},{"@type":"ImageObject","inLanguage":"es","@id":"https:\/\/vof-news.eu\/es\/detenido-el-presunto-autor-intelectual-del-atentado-contra-el-senador-colombiano-miguel-uribe\/#primaryimage","url":"https:\/\/vof-news.eu\/wp-content\/uploads\/2025\/07\/fotografia-de-archivo-del-20-de-junio-de-2024-del-senador-miguel-uribe-en-el-congreso-colombiano-en-bogota.jpeg","contentUrl":"https:\/\/vof-news.eu\/wp-content\/uploads\/2025\/07\/fotografia-de-archivo-del-20-de-junio-de-2024-del-senador-miguel-uribe-en-el-congreso-colombiano-en-bogota.jpeg","width":1200,"height":720},{"@type":"BreadcrumbList","@id":"https:\/\/vof-news.eu\/es\/detenido-el-presunto-autor-intelectual-del-atentado-contra-el-senador-colombiano-miguel-uribe\/#breadcrumb","itemListElement":[{"@type":"ListItem","position":1,"name":"Home","item":"https:\/\/vof-news.eu\/es\/"},{"@type":"ListItem","position":2,"name":"Detenido el presunto autor intelectual del atentado contra el senador colombiano Miguel Uribe"}]},{"@type":"WebSite","@id":"https:\/\/vof-news.eu\/es\/#website","url":"https:\/\/vof-news.eu\/es\/","name":"vof-news.eu","description":"","potentialAction":[{"@type":"SearchAction","target":{"@type":"EntryPoint","urlTemplate":"https:\/\/vof-news.eu\/es\/?s={search_term_string}"},"query-input":"required name=search_term_string"}],"inLanguage":"es"},{"@type":"Person","@id":"https:\/\/vof-news.eu\/es\/#\/schema\/person\/f6a2a4309f0561835797fd8c19b333ed","name":"Author","image":{"@type":"ImageObject","inLanguage":"es","@id":"https:\/\/vof-news.eu\/es\/#\/schema\/person\/image\/","url":"https:\/\/secure.gravatar.com\/avatar\/b67e614b1b25b3e9c0c239efdd2fde5ab015b5affd6f1c3c85911ca4b384e790?s=96&d=mm&r=g","contentUrl":"https:\/\/secure.gravatar.com\/avatar\/b67e614b1b25b3e9c0c239efdd2fde5ab015b5affd6f1c3c85911ca4b384e790?s=96&d=mm&r=g","caption":"Author"},"sameAs":["http:\/\/vof-news.eu"],"url":"https:\/\/vof-news.eu\/es\/author\/zwt6qxnjulxbnyg\/"}]}},"yoast_meta":{"yoast_wpseo_title":"","yoast_wpseo_metadesc":"","yoast_wpseo_canonical":""},"_links":{"self":[{"href":"https:\/\/vof-news.eu\/es\/wp-json\/wp\/v2\/posts\/247765","targetHints":{"allow":["GET"]}}],"collection":[{"href":"https:\/\/vof-news.eu\/es\/wp-json\/wp\/v2\/posts"}],"about":[{"href":"https:\/\/vof-news.eu\/es\/wp-json\/wp\/v2\/types\/post"}],"author":[{"embeddable":true,"href":"https:\/\/vof-news.eu\/es\/wp-json\/wp\/v2\/users\/1"}],"replies":[{"embeddable":true,"href":"https:\/\/vof-news.eu\/es\/wp-json\/wp\/v2\/comments?post=247765"}],"version-history":[{"count":1,"href":"https:\/\/vof-news.eu\/es\/wp-json\/wp\/v2\/posts\/247765\/revisions"}],"predecessor-version":[{"id":247772,"href":"https:\/\/vof-news.eu\/es\/wp-json\/wp\/v2\/posts\/247765\/revisions\/247772"}],"wp:featuredmedia":[{"embeddable":true,"href":"https:\/\/vof-news.eu\/es\/wp-json\/wp\/v2\/media\/247766"}],"wp:attachment":[{"href":"https:\/\/vof-news.eu\/es\/wp-json\/wp\/v2\/media?parent=247765"}],"wp:term":[{"taxonomy":"category","embeddable":true,"href":"https:\/\/vof-news.eu\/es\/wp-json\/wp\/v2\/categories?post=247765"},{"taxonomy":"post_tag","embeddable":true,"href":"https:\/\/vof-news.eu\/es\/wp-json\/wp\/v2\/tags?post=247765"}],"curies":[{"name":"wp","href":"https:\/\/api.w.org\/{rel}","templated":true}]}}