{"id":247729,"date":"2025-07-05T15:21:09","date_gmt":"2025-07-05T12:21:09","guid":{"rendered":"https:\/\/vof-news.eu\/como-la-ultraderecha-esta-mermando-los-derechos-fundamentales-de-las-personas-lgbtq-en-europa\/"},"modified":"2025-07-05T15:21:36","modified_gmt":"2025-07-05T12:21:36","slug":"como-la-ultraderecha-esta-mermando-los-derechos-fundamentales-de-las-personas-lgbtq-en-europa","status":"publish","type":"post","link":"https:\/\/vof-news.eu\/es\/como-la-ultraderecha-esta-mermando-los-derechos-fundamentales-de-las-personas-lgbtq-en-europa\/","title":{"rendered":"C\u00f3mo la ultraderecha est\u00e1 mermando los derechos fundamentales de las personas LGBTQ+ en Europa"},"content":{"rendered":"<div>\n<p>\u00abHan hecho falta d\u00e9cadas para conseguir las libertades que tenemos hoy, pero todos sabemos que perderlas puede llevar apenas un momento. Por eso siempre debemos estar vigilantes\u00bb. Habla la presidenta de la Comisi\u00f3n Europea (CE), <a href=\"https:\/\/www.huffingtonpost.es\/global\/von-der-leyen-rostro-europa.html\" rel=\"nofollow\">Ursula von der Leyen<\/a>. Es el 27 noviembre 2024 y el Parlamento comunitario est\u00e1 a punto de avalar a su nuevo Ejecutivo. Entonces prometi\u00f3 estar vigilante y ser la guardiana \u00abde nuestros valores y principios\u00bb. \u00abSe los debemos a nuestros luchadores por la libertad\u00bb, enfatiz\u00f3.\u00a0<\/p>\n<p>A la alemana le toca despertar y reconocer la amenaza que tiene en uno de los principales flancos de libertad que existen: el de la libre elecci\u00f3n de con qui\u00e9n estamos y a qui\u00e9n queremos. Porque las cosas, en esa Europa que parec\u00eda tan a salvo de retrocesos y tan <i>gay friendly<\/i>, van a peor. No s\u00f3lo es que haya que seguir <a href=\"https:\/\/www.huffingtonpost.es\/politica\/sanchez-celebra-dia-orgullo-lgtbiq-guino-hito-20nos-con-orgullo-memoria-agradecimiento.html\" rel=\"nofollow\">defiendo<\/a> lo obvio, porque no parece serlo para algunos, sino que hay retrocesos agigantados en los Veintisiete.\u00a0<\/p>\n<p>Las personas de la comunidad LGBTQ+ son cada vez m\u00e1s chivos expiatorios de los pol\u00edticos de extrema derecha (y derecha convencional contagiada de la agenda de los primeros) que impulsan unas apuestas ultraconservadoras, lo que conduce a una creciente violencia. Es lo que denuncia <a href=\"https:\/\/www.ilga-europe.org\/files\/uploads\/2025\/02\/ILGA-Europe-Annual-Review-2025.pdf\" rel=\"nofollow\">el informe anual de\u00a0ILGA-Europa<\/a> (la International Lesbian, Gay, Bisexual, Trans and Intersex Association o Asociaci\u00f3n Internacional de Lesbianas, Gays, Bisexuales, Trans e Intersexuales), que puedes leer completo al final de esta noticia.\u00a0<\/p>\n<p>La represi\u00f3n, afirma el estudio, es perceptible en un n\u00famero creciente de pa\u00edses europeos, especialmente en Europa central y del este, donde las fuerzas de derecha est\u00e1n ganando poder, de Eslovaquia a Hungr\u00eda.\u00a0Los grupos LGBTQ+ est\u00e1n siendo etiquetados como agentes de influencia extranjera, supuestamente financiados con dinero del exterior confines poco patri\u00f3ticos, limitando su capacidad de acci\u00f3n en la sociedad y hasta amenazando la propia existencia de sus ONG, mientras que tambi\u00e9n se les est\u00e1 restringiendo el acceso a la atenci\u00f3n m\u00e9dica, las libertades y la visibilidad. Todo, con la agenda ultra como base.\u00a0<\/p>\n<p>Al estar en la diana de los mensajes y los programas fascistas, neofascistas, antieuropeos, nacionalistas extremos, reaccionarios y ultracat\u00f3licos, se est\u00e1n \u00abalimentando los delitos de odio y normalizando el discurso de odio\u00bb contra la comunidad comunidad, a\u00f1ade el informe, que se\u00f1ala un \u00abaumento sin precedentes\u00bb de la violencia contra las personas LGBTQ+ en 2024 en todo el viejo continente.<\/p>\n<p>Todos tenemos en la cabeza nombres como los de <a href=\"https:\/\/www.huffingtonpost.es\/global\/orban-europeo-estrecha-mano-putin-pone-cuerdas-consenso-sobre-ucrania.html\" rel=\"nofollow\">Viktor Orb\u00e1n <\/a>o <a href=\"https:\/\/www.huffingtonpost.es\/global\/la-eslovaquia-fico-preocupa-europa-imitacion-desobediencia-hungara.html\" rel=\"nofollow\">Robert Fico<\/a>, pero si este estudio asusta es porque enumera muchos m\u00e1s ejemplos preocupantes. En Italia, B\u00e9lgica o Ruman\u00eda, por ejemplo, grupos conservadores de derecha han acusado a la comunidad LGBTQ+ de socavar los valores familiares y desestabilizar la sociedad. Adem\u00e1s, han utilizado discursos discriminatorios durante sus m\u00e1s recientes periodos electorales, a modo de \u00abellos o nosotros\u00bb.\u00a0Esto tambi\u00e9n se utiliza para justificar la introducci\u00f3n de normas, una vez que llegan al poder, que restringen las libertades fundamentales y las llamadas leyes de \u00abpropaganda anti-LGBT\u00bb.<\/p>\n<p>En Finlandia, Alemania, Pa\u00edses Bajos, Noruega y Portugal, las autoridades locales han informado tambi\u00e9n, con datos oficiales, de \u00abun aumento significativo de los delitos motivados por la orientaci\u00f3n sexual percibida, la identidad de g\u00e9nero y\/o la expresi\u00f3n de g\u00e9nero\u00bb, se\u00f1al\u00f3 ILGA-Europe.\u00a0<\/p>\n<p>\u00abExiste una tendencia a instrumentalizar la supuesta protecci\u00f3n de los j\u00f3venes como una forma de sembrar el miedo y la divisi\u00f3n\u00bb declar\u00f3 el eurodiputado italiano Alessandro Zan, del partido de centroizquierda Socialistas y Dem\u00f3cratas, <a href=\"https:\/\/www.europarl.europa.eu\/RegData\/etudes\/BRIE\/2025\/772856\/EPRS_BRI(2025)772856_EN.pdf\" rel=\"nofollow\">durante un evento en el Parlamento comunitario<\/a>, en el que se revisaron estos datos. \u00abLas medidas discriminatorias propuestas en Hungr\u00eda y Eslovaquia y la exitosa resoluci\u00f3n en Italia contra la supuesta ideolog\u00eda de g\u00e9nero pr\u00e1cticamente propagan el odio y la discriminaci\u00f3n por toda Europa. Estas medidas perjudican a ni\u00f1os, familias y trabajadores\u00bb, a\u00f1adi\u00f3.<\/p>\n<p>Chaber, director ejecutivo de ILGA Europe (polaco que sabe bien de estas estrategias en su pa\u00eds <a href=\"https:\/\/www.huffingtonpost.es\/global\/el-ultra-nawrocki-gana-presidenciales-polonia-victoria-ajustada-nervios-varsovia-bruselasbr.html\" rel=\"nofollow\">por parte de Ley y Justicia<\/a>, pa\u00eds que a\u00fan tiene la Presidencia), tambi\u00e9n dijo que los ataques contra las personas LGBTQ+ se est\u00e1n convirtiendo en \u00abel campo de pruebas para leyes que erosionan la democracia misma\u00bb.<\/p>\n<p>\u00abEn toda Europa y Asia Central, los gobiernos est\u00e1n utilizando la ret\u00f3rica anti-LGTBI para justificar restricciones a la libertad de expresi\u00f3n, la sociedad civil y las elecciones justas\u00bb, explic\u00f3 Chaber. \u00abLo que comienza como un ataque a los derechos LGBTI se convierte r\u00e1pidamente en un ataque m\u00e1s amplio a los derechos y libertades de todos los individuos de la sociedad\u00bb, ahonda.<\/p>\n<p>Ana Carla Pereira, directora de igualdad y no discriminaci\u00f3n del departamento de justicia de la Comisi\u00f3n, ha reconocido que \u00abeste es para nosotros un panorama muy preocupante\u00bb y que la CE sigue \u00abcomprometida con la defensa y el avance de los derechos LGTBIQ+\u00bb en todo el bloque.\u00a0Tambi\u00e9n dijo que, en un momento en que la financiaci\u00f3n para las organizaciones de la sociedad civil es cada vez m\u00e1s escasa, la Comisi\u00f3n \u00abquisiera seguir proporcionando esa financiaci\u00f3n\u00bb, pero que depender\u00e1 de los colegisladores y de qu\u00e9 inversiones decidan priorizar en el pr\u00f3ximo presupuesto a largo plazo de la Uni\u00f3n Europea para 2028-2034.<\/p>\n<p>Adem\u00e1s, la organizaci\u00f3n internacional ha publicado este mes de junio <a href=\"https:\/\/www.ilga-europe.org\/report\/eu-enlargement-review-2025\/\" rel=\"nofollow\">un informe espec\u00edfico referido a la ampliaci\u00f3n de la UE<\/a>, a los pa\u00edses que aspiran a formar parte del club comunitario (Albania, Bosnia y Herzegovina, Georgia, Kosovo, Moldavia, Montenegro, Macedonia del Norte, Serbia, Turqu\u00eda y Ucrania) en el que se alerta de c\u00f3mo todas estas amenazas se amplifican en pa\u00edses que a\u00fan est\u00e1n puliendo sus sistemas para cumplir con los criterios de adhesi\u00f3n. Hablan de \u00ablagunas de legislaci\u00f3n, de protecci\u00f3n y de avance de derechos\u00bb en cuanto a la comunidad LGTBIQ+, porque tambi\u00e9n en estos casos se encuentran pol\u00edticos \u00abdivisivos\u00bb que est\u00e1n \u00abintensificando a\u00fan m\u00e1s la desinformaci\u00f3n y la discriminaci\u00f3n\u00bb de sus convecinos.\u00a0<\/p>\n<p>Alertan de que, adem\u00e1s, muchos de estos l\u00edderes est\u00e1n alineado o son verdaderos seguidores fieles de l\u00edderes hom\u00f3fobos como el norteamericano Donald Trump o el ruso Vladimir Putin. No s\u00f3lo es que compartan con ellos el rechazo al colectivo, sino que comparten adem\u00e1s su idea de que es necesario legislar contra \u00e9l. Por eso, reclama\u00a0ILGA que Bruselas est\u00e9 muy pendiente de si incorporan o no mejoras y garant\u00edas en sus legislaciones. Porque no s\u00f3lo vale que mejoren sus cuentas, su deuda, su administraci\u00f3n o sus controles de la corrupci\u00f3n, sino que es necesario que el respeto a las libertades sexuales y emocionales sea un \u00abelemento central\u00bb del debate. El \u00abdesprestigio, el odio o las amenazas a protestas\u00bb no coinciden en nada con los valores fundacionales de la UE.\u00a0<\/p>\n<p>\u00abEste contexto social y pol\u00edtico, sumado a las importantes diferencias en las legislaciones nacionales (por ejemplo, en lo que respecta a las uniones entre personas del mismo sexo y los delitos\/discursos de odio), plantea interrogantes sobre el alcance real en que las personas LGBTI pueden ejercer sus derechos en la UE\u00bb, dice la <a href=\"https:\/\/fra.europa.eu\/en\" rel=\"nofollow\">Agencia de los Derechos Fundamentales de la UE<\/a> en su m\u00e1s reciente encuesta a nivel de la UE sobre el alcance y la naturaleza de la discriminaci\u00f3n, la violencia y el discurso de odio que sufren las personas gays, lesbianas, bisexuales, transg\u00e9nero e intersexuales en los Veintisiete.\u00a0<\/p>\n<p>El sondeo esvel\u00f3 que aproximadamente la mitad de los encuestados ahora se muestran abiertos \u00aba menudo o siempre\u00bb sobre su pertenencia a la comunidad LGTBIQ+ (5 %), pero el 54% de los encuestados a\u00fan evita tomarse de la mano en p\u00fablico con una pareja del mismo sexo (la cifra era de un 61% en el primer sondeo de 2019; hay cambios, pero no suficientes).<\/p>\n<p>En general, el 37 % de los encuestados se sinti\u00f3 discriminado por ser parte de la comunidad LGTBIQ+, aunque la discriminaci\u00f3n en el trabajo o en la b\u00fasqueda de empleo ha disminuido ligeramente en comparaci\u00f3n con 2019 (del 21% al 18% para las mujeres lesbianas, del 20% al 19% para los hombres gais, del 18% al 14% para las mujeres bisexuales, del 18% al 17% para los hombres bisexuales y del 41% al 34% para las personas transg\u00e9nero, aunque para las personas intersexuales se ha mantenido en el 38%).<\/p>\n<p>La proporci\u00f3n de encuestados que denuncian acoso y violencia volvi\u00f3 a aumentar en 2024, indica su informe. La mayor\u00eda sufre acoso (54%), pero apenas el 18% denunci\u00f3 el incidente en cuesti\u00f3n ante alguna organizaci\u00f3n. Las personas trans e intersexuales experimentan mayores niveles de discriminaci\u00f3n, acoso y violencia que los dem\u00e1s subgrupos LGTBIQ+, mientras que las personas intersexuales sufren m\u00e1s discriminaci\u00f3n que cualquier otro grupo, una tendencia que se consolida. La mayor\u00eda de los encuestados intersexuales (72%) sufrieron m\u00faltiples agresiones f\u00edsicas o sexuales por motivos de odio. De igual manera, el 67% de las mujeres trans, el 65% de los hombres trans y el mismo porcentaje de los encuestados no binarios informaron de haber sufrido m\u00faltiples agresiones.<\/p>\n<h3>\u00bfY Espa\u00f1a?<\/h3>\n<p>En el caso de nuestro pa\u00eds, el informe es un abanico de avances y amenazas. Se cita el caso de <a href=\"https:\/\/www.huffingtonpost.es\/politica\/los-polemicos-tuits-nueva-directora-instituto-mujer-stopdeliriotrans.html\" rel=\"nofollow\">Isabel Garc\u00eda<\/a>, que fue directora del Instituto de la Mujer, quien desat\u00f3 la pol\u00e9mica al asistir a un evento organizado por el Profesorado Feminista por la Coeducaci\u00f3n, \u00abquienes se muestran expl\u00edcitamente a favor de derogar la ley LGTBI espa\u00f1ola y de poner fin al apoyo al alumnado trans\u00bb. La reuni\u00f3n incluy\u00f3 \u00abpresentaciones que equiparaban a las personas trans con ped\u00f3filos y criticaban la ideolog\u00eda de g\u00e9nero\u00bb.\u00a0En julio, seis meses despu\u00e9s de su nombramiento, <a href=\"https:\/\/www.huffingtonpost.es\/politica\/el-gobierno-destituira-martes-directora-instituto-mujeres-polemica-puntos-violeta.html\" rel=\"nofollow\">Rodr\u00edguez fue destituida por el Gobierno <\/a>debido a presuntas irregularidades en varias licitaciones p\u00fablicas.<\/p>\n<p>\u00a0Eso fue en febrero, pero en junio, por su parte, se cre\u00f3 una subcomisi\u00f3n en el Congreso de los Diputados para elaborar un Pacto de Estado contra el discurso de odio hacia colectivos vulnerables. De cal y de arena.\u00a0<\/p>\n<p>Se lamentan comentarios hom\u00f3fobos por parte de grupos ultraderechistas, agresiones a parajes gays o a menores trans, insultos y amenazas en redes a personalidades de la comunidad LGTBIQ+ y, sobre todo, el <a href=\"https:\/\/www.huffingtonpost.es\/sociedad\/penas-24nos-prision-asesinos-samuel-luiz.html\" rel=\"nofollow\">proceso por el asesinato de Samuel Luiz<\/a>, con penas de hasta 24 a\u00f1os de prisi\u00f3n. Pero tambi\u00e9n se aplauden medidas como la del Tribunal Supremo de <a href=\"https:\/\/www.huffingtonpost.es\/politica\/se-acabo-excusa-supremo-avala-bandera-lgtbiq-pueda-colgar-edificios-publicos.html\" rel=\"nofollow\">permitir la colocaci\u00f3n de la bandera multicolor en edificios oficiales<\/a>, la batalla legal del Ejecutivo central contra la Comunidad de Madrid, del PP, y sus <a href=\"https:\/\/www.huffingtonpost.es\/politica\/ayuso-recula-modifica-leyes-trans-lgtbi-aprobo-meses.html\" rel=\"nofollow\">normas<\/a>, como la que \u00abreduce significativamente la protecci\u00f3n de las personas LGTBI en la regi\u00f3n\u00bb, o la mirada inclusiva recogida en las negociaciones por el Di\u00e1logo Social.\u00a0<\/p>\n<p>El informe cita varios sondeos que desvelan algunas realidades dolorosas:\u00a0el 36,5% del profesorado de centros educativos ha experimentado LGTBIfobia. En el 53% de los casos, las v\u00edctimas no recibieron apoyo de la direcci\u00f3n, lo que cuadriplic\u00f3 el riesgo de baja laboral, por ejemplo. O que\u00a0el 10 % de las personas LGTBI en Espa\u00f1a ha sufrido violencia f\u00edsica o sexual en los \u00faltimos cinco a\u00f1os. O que\u00a0el 53% de las personas LGBTI declaran haber sufrido acoso debido a su orientaci\u00f3n sexual o g\u00e9nero.<\/p>\n<\/div>\n","protected":false},"excerpt":{"rendered":"<p>\u00abHan hecho falta d\u00e9cadas para conseguir las libertades que tenemos hoy, pero todos sabemos que perderlas puede llevar apenas un momento. Por eso siempre debemos estar vigilantes\u00bb. Habla la presidenta de la Comisi\u00f3n Europea (CE), Ursula von der Leyen. Es el 27 noviembre 2024 y el Parlamento comunitario est\u00e1 a punto de avalar a su<\/p>\n","protected":false},"author":1,"featured_media":247730,"comment_status":"open","ping_status":"open","sticky":false,"template":"","format":"standard","meta":{"footnotes":""},"categories":[56],"tags":[],"class_list":["post-247729","post","type-post","status-publish","format-standard","has-post-thumbnail","hentry","category-main-news-es"],"acf":[],"yoast_head":"<!-- This site is optimized with the Yoast SEO plugin v22.9 - https:\/\/yoast.com\/wordpress\/plugins\/seo\/ -->\n<title>C\u00f3mo la ultraderecha est\u00e1 mermando los derechos fundamentales de las personas LGBTQ+ en Europa - vof-news.eu<\/title>\n<meta name=\"description\" content=\"&quot;Han hecho falta d\u00e9cadas para conseguir las libertades que tenemos hoy, pero todos sabemos que perderlas puede llevar apenas un momento. Por eso siempre debemos estar vigilantes&quot;. Habla la presidenta de la Comisi\u00f3n Europea (CE), Ursula von der Leyen. Es el 27 noviembre 2024 y el Parlamento comunitario est\u00e1 a punto de avalar a su nuevo Ejecutivo. Entonces prometi\u00f3 estar vigilante y ser la guardiana &quot;de nuestros valores y principios&quot;. &quot;Se los debemos a nuestros luchadores por la libertad&quot;, enfatiz\u00f3.\u00a0A la alemana le toca despertar y reconocer la amenaza que tiene en uno de los principales flancos de libertad que existen: el de la libre elecci\u00f3n de con qui\u00e9n estamos y a qui\u00e9n queremos. Porque las cosas, en esa Europa que parec\u00eda tan a salvo de retrocesos y tan gay friendly, van a peor. No s\u00f3lo es que haya que seguir defiendo lo obvio, porque no parece serlo para algunos, sino que hay retrocesos agigantados en los Veintisiete.\u00a0Las personas de la comunidad LGBTQ+ son cada vez m\u00e1s chivos expiatorios de los pol\u00edticos de extrema derecha (y derecha convencional contagiada de la agenda de los primeros) que impulsan unas apuestas ultraconservadoras, lo que conduce a una creciente violencia. Es lo que denuncia el informe anual de\u00a0ILGA-Europa (la International Lesbian, Gay, Bisexual, Trans and Intersex Association o Asociaci\u00f3n Internacional de Lesbianas, Gays, Bisexuales, Trans e Intersexuales), que puedes leer completo al final de esta noticia.\u00a0La represi\u00f3n, afirma el estudio, es perceptible en un n\u00famero creciente de pa\u00edses europeos, especialmente en Europa central y del este, donde las fuerzas de derecha est\u00e1n ganando poder, de Eslovaquia a Hungr\u00eda.\u00a0Los grupos LGBTQ+ est\u00e1n siendo etiquetados como agentes de influencia extranjera, supuestamente financiados con dinero del exterior confines poco patri\u00f3ticos, limitando su capacidad de acci\u00f3n en la sociedad y hasta amenazando la propia existencia de sus ONG, mientras que tambi\u00e9n se les est\u00e1 restringiendo el acceso a la atenci\u00f3n m\u00e9dica, las libertades y la visibilidad. Todo, con la agenda ultra como base.\u00a0Al estar en la diana de los mensajes y los programas fascistas, neofascistas, antieuropeos, nacionalistas extremos, reaccionarios y ultracat\u00f3licos, se est\u00e1n &quot;alimentando los delitos de odio y normalizando el discurso de odio&quot; contra la comunidad comunidad, a\u00f1ade el informe, que se\u00f1ala un &quot;aumento sin precedentes&quot; de la violencia contra las personas LGBTQ+ en 2024 en todo el viejo continente.Todos tenemos en la cabeza nombres como los de Viktor Orb\u00e1n o Robert Fico, pero si este estudio asusta es porque enumera muchos m\u00e1s ejemplos preocupantes. En Italia, B\u00e9lgica o Ruman\u00eda, por ejemplo, grupos conservadores de derecha han acusado a la comunidad LGBTQ+ de socavar los valores familiares y desestabilizar la sociedad. Adem\u00e1s, han utilizado discursos discriminatorios durante sus m\u00e1s recientes periodos electorales, a modo de &quot;ellos o nosotros&quot;.\u00a0Esto tambi\u00e9n se utiliza para justificar la introducci\u00f3n de normas, una vez que llegan al poder, que restringen las libertades fundamentales y las llamadas leyes de &quot;propaganda anti-LGBT&quot;.En Finlandia, Alemania, Pa\u00edses Bajos, Noruega y Portugal, las autoridades locales han informado tambi\u00e9n, con datos oficiales, de &quot;un aumento significativo de los delitos motivados por la orientaci\u00f3n sexual percibida, la identidad de g\u00e9nero y\/o la expresi\u00f3n de g\u00e9nero&quot;, se\u00f1al\u00f3 ILGA-Europe.\u00a0&quot;Existe una tendencia a instrumentalizar la supuesta protecci\u00f3n de los j\u00f3venes como una forma de sembrar el miedo y la divisi\u00f3n&quot; declar\u00f3 el eurodiputado italiano Alessandro Zan, del partido de centroizquierda Socialistas y Dem\u00f3cratas, durante un evento en el Parlamento comunitario, en el que se revisaron estos datos. &quot;Las medidas discriminatorias propuestas en Hungr\u00eda y Eslovaquia y la exitosa resoluci\u00f3n en Italia contra la supuesta ideolog\u00eda de g\u00e9nero pr\u00e1cticamente propagan el odio y la discriminaci\u00f3n por toda Europa. Estas medidas perjudican a ni\u00f1os, familias y trabajadores&quot;, a\u00f1adi\u00f3.\" \/>\n<meta name=\"robots\" content=\"noindex, follow, max-snippet:-1, max-image-preview:large, max-video-preview:-1\" \/>\n<meta property=\"og:locale\" content=\"es_ES\" \/>\n<meta property=\"og:type\" content=\"article\" \/>\n<meta property=\"og:title\" content=\"C\u00f3mo la ultraderecha est\u00e1 mermando los derechos fundamentales de las personas LGBTQ+ en Europa - vof-news.eu\" \/>\n<meta property=\"og:description\" content=\"&quot;Han hecho falta d\u00e9cadas para conseguir las libertades que tenemos hoy, pero todos sabemos que perderlas puede llevar apenas un momento. Por eso siempre debemos estar vigilantes&quot;. Habla la presidenta de la Comisi\u00f3n Europea (CE), Ursula von der Leyen. Es el 27 noviembre 2024 y el Parlamento comunitario est\u00e1 a punto de avalar a su nuevo Ejecutivo. Entonces prometi\u00f3 estar vigilante y ser la guardiana &quot;de nuestros valores y principios&quot;. &quot;Se los debemos a nuestros luchadores por la libertad&quot;, enfatiz\u00f3.\u00a0A la alemana le toca despertar y reconocer la amenaza que tiene en uno de los principales flancos de libertad que existen: el de la libre elecci\u00f3n de con qui\u00e9n estamos y a qui\u00e9n queremos. Porque las cosas, en esa Europa que parec\u00eda tan a salvo de retrocesos y tan gay friendly, van a peor. No s\u00f3lo es que haya que seguir defiendo lo obvio, porque no parece serlo para algunos, sino que hay retrocesos agigantados en los Veintisiete.\u00a0Las personas de la comunidad LGBTQ+ son cada vez m\u00e1s chivos expiatorios de los pol\u00edticos de extrema derecha (y derecha convencional contagiada de la agenda de los primeros) que impulsan unas apuestas ultraconservadoras, lo que conduce a una creciente violencia. Es lo que denuncia el informe anual de\u00a0ILGA-Europa (la International Lesbian, Gay, Bisexual, Trans and Intersex Association o Asociaci\u00f3n Internacional de Lesbianas, Gays, Bisexuales, Trans e Intersexuales), que puedes leer completo al final de esta noticia.\u00a0La represi\u00f3n, afirma el estudio, es perceptible en un n\u00famero creciente de pa\u00edses europeos, especialmente en Europa central y del este, donde las fuerzas de derecha est\u00e1n ganando poder, de Eslovaquia a Hungr\u00eda.\u00a0Los grupos LGBTQ+ est\u00e1n siendo etiquetados como agentes de influencia extranjera, supuestamente financiados con dinero del exterior confines poco patri\u00f3ticos, limitando su capacidad de acci\u00f3n en la sociedad y hasta amenazando la propia existencia de sus ONG, mientras que tambi\u00e9n se les est\u00e1 restringiendo el acceso a la atenci\u00f3n m\u00e9dica, las libertades y la visibilidad. Todo, con la agenda ultra como base.\u00a0Al estar en la diana de los mensajes y los programas fascistas, neofascistas, antieuropeos, nacionalistas extremos, reaccionarios y ultracat\u00f3licos, se est\u00e1n &quot;alimentando los delitos de odio y normalizando el discurso de odio&quot; contra la comunidad comunidad, a\u00f1ade el informe, que se\u00f1ala un &quot;aumento sin precedentes&quot; de la violencia contra las personas LGBTQ+ en 2024 en todo el viejo continente.Todos tenemos en la cabeza nombres como los de Viktor Orb\u00e1n o Robert Fico, pero si este estudio asusta es porque enumera muchos m\u00e1s ejemplos preocupantes. En Italia, B\u00e9lgica o Ruman\u00eda, por ejemplo, grupos conservadores de derecha han acusado a la comunidad LGBTQ+ de socavar los valores familiares y desestabilizar la sociedad. Adem\u00e1s, han utilizado discursos discriminatorios durante sus m\u00e1s recientes periodos electorales, a modo de &quot;ellos o nosotros&quot;.\u00a0Esto tambi\u00e9n se utiliza para justificar la introducci\u00f3n de normas, una vez que llegan al poder, que restringen las libertades fundamentales y las llamadas leyes de &quot;propaganda anti-LGBT&quot;.En Finlandia, Alemania, Pa\u00edses Bajos, Noruega y Portugal, las autoridades locales han informado tambi\u00e9n, con datos oficiales, de &quot;un aumento significativo de los delitos motivados por la orientaci\u00f3n sexual percibida, la identidad de g\u00e9nero y\/o la expresi\u00f3n de g\u00e9nero&quot;, se\u00f1al\u00f3 ILGA-Europe.\u00a0&quot;Existe una tendencia a instrumentalizar la supuesta protecci\u00f3n de los j\u00f3venes como una forma de sembrar el miedo y la divisi\u00f3n&quot; declar\u00f3 el eurodiputado italiano Alessandro Zan, del partido de centroizquierda Socialistas y Dem\u00f3cratas, durante un evento en el Parlamento comunitario, en el que se revisaron estos datos. &quot;Las medidas discriminatorias propuestas en Hungr\u00eda y Eslovaquia y la exitosa resoluci\u00f3n en Italia contra la supuesta ideolog\u00eda de g\u00e9nero pr\u00e1cticamente propagan el odio y la discriminaci\u00f3n por toda Europa. Estas medidas perjudican a ni\u00f1os, familias y trabajadores&quot;, a\u00f1adi\u00f3.\" \/>\n<meta property=\"og:url\" content=\"https:\/\/vof-news.eu\/es\/como-la-ultraderecha-esta-mermando-los-derechos-fundamentales-de-las-personas-lgbtq-en-europa\/\" \/>\n<meta property=\"og:site_name\" content=\"vof-news.eu\" \/>\n<meta property=\"article:published_time\" content=\"2025-07-05T12:21:09+00:00\" \/>\n<meta property=\"article:modified_time\" content=\"2025-07-05T12:21:36+00:00\" \/>\n<meta property=\"og:image\" content=\"https:\/\/vof-news.eu\/wp-content\/uploads\/2025\/07\/un-grupo-de-participantes-cruza-el-puente-elisabeth-durante-el-desfiles-del-orgullo-de-budapest-hungria-el-28-de-junio-de-2025.jpeg\" \/>\n\t<meta property=\"og:image:width\" content=\"1200\" \/>\n\t<meta property=\"og:image:height\" content=\"720\" \/>\n\t<meta property=\"og:image:type\" content=\"image\/jpeg\" \/>\n<meta name=\"author\" content=\"Author\" \/>\n<meta name=\"twitter:card\" content=\"summary_large_image\" \/>\n<meta name=\"twitter:label1\" content=\"Escrito por\" \/>\n\t<meta name=\"twitter:data1\" content=\"Author\" \/>\n\t<meta name=\"twitter:label2\" content=\"Tiempo de lectura\" \/>\n\t<meta name=\"twitter:data2\" content=\"10 minutos\" \/>\n<script type=\"application\/ld+json\" class=\"yoast-schema-graph\">{\"@context\":\"https:\/\/schema.org\",\"@graph\":[{\"@type\":\"WebPage\",\"@id\":\"https:\/\/vof-news.eu\/es\/como-la-ultraderecha-esta-mermando-los-derechos-fundamentales-de-las-personas-lgbtq-en-europa\/\",\"url\":\"https:\/\/vof-news.eu\/es\/como-la-ultraderecha-esta-mermando-los-derechos-fundamentales-de-las-personas-lgbtq-en-europa\/\",\"name\":\"C\u00f3mo la ultraderecha est\u00e1 mermando los derechos fundamentales de las personas LGBTQ+ en Europa - vof-news.eu\",\"isPartOf\":{\"@id\":\"https:\/\/vof-news.eu\/es\/#website\"},\"primaryImageOfPage\":{\"@id\":\"https:\/\/vof-news.eu\/es\/como-la-ultraderecha-esta-mermando-los-derechos-fundamentales-de-las-personas-lgbtq-en-europa\/#primaryimage\"},\"image\":{\"@id\":\"https:\/\/vof-news.eu\/es\/como-la-ultraderecha-esta-mermando-los-derechos-fundamentales-de-las-personas-lgbtq-en-europa\/#primaryimage\"},\"thumbnailUrl\":\"https:\/\/vof-news.eu\/wp-content\/uploads\/2025\/07\/un-grupo-de-participantes-cruza-el-puente-elisabeth-durante-el-desfiles-del-orgullo-de-budapest-hungria-el-28-de-junio-de-2025.jpeg\",\"datePublished\":\"2025-07-05T12:21:09+00:00\",\"dateModified\":\"2025-07-05T12:21:36+00:00\",\"author\":{\"@id\":\"https:\/\/vof-news.eu\/es\/#\/schema\/person\/f6a2a4309f0561835797fd8c19b333ed\"},\"description\":\"\\\"Han hecho falta d\u00e9cadas para conseguir las libertades que tenemos hoy, pero todos sabemos que perderlas puede llevar apenas un momento. Por eso siempre debemos estar vigilantes\\\". Habla la presidenta de la Comisi\u00f3n Europea (CE), Ursula von der Leyen. Es el 27 noviembre 2024 y el Parlamento comunitario est\u00e1 a punto de avalar a su nuevo Ejecutivo. Entonces prometi\u00f3 estar vigilante y ser la guardiana \\\"de nuestros valores y principios\\\". \\\"Se los debemos a nuestros luchadores por la libertad\\\", enfatiz\u00f3.\u00a0A la alemana le toca despertar y reconocer la amenaza que tiene en uno de los principales flancos de libertad que existen: el de la libre elecci\u00f3n de con qui\u00e9n estamos y a qui\u00e9n queremos. Porque las cosas, en esa Europa que parec\u00eda tan a salvo de retrocesos y tan gay friendly, van a peor. No s\u00f3lo es que haya que seguir defiendo lo obvio, porque no parece serlo para algunos, sino que hay retrocesos agigantados en los Veintisiete.\u00a0Las personas de la comunidad LGBTQ+ son cada vez m\u00e1s chivos expiatorios de los pol\u00edticos de extrema derecha (y derecha convencional contagiada de la agenda de los primeros) que impulsan unas apuestas ultraconservadoras, lo que conduce a una creciente violencia. Es lo que denuncia el informe anual de\u00a0ILGA-Europa (la International Lesbian, Gay, Bisexual, Trans and Intersex Association o Asociaci\u00f3n Internacional de Lesbianas, Gays, Bisexuales, Trans e Intersexuales), que puedes leer completo al final de esta noticia.\u00a0La represi\u00f3n, afirma el estudio, es perceptible en un n\u00famero creciente de pa\u00edses europeos, especialmente en Europa central y del este, donde las fuerzas de derecha est\u00e1n ganando poder, de Eslovaquia a Hungr\u00eda.\u00a0Los grupos LGBTQ+ est\u00e1n siendo etiquetados como agentes de influencia extranjera, supuestamente financiados con dinero del exterior confines poco patri\u00f3ticos, limitando su capacidad de acci\u00f3n en la sociedad y hasta amenazando la propia existencia de sus ONG, mientras que tambi\u00e9n se les est\u00e1 restringiendo el acceso a la atenci\u00f3n m\u00e9dica, las libertades y la visibilidad. Todo, con la agenda ultra como base.\u00a0Al estar en la diana de los mensajes y los programas fascistas, neofascistas, antieuropeos, nacionalistas extremos, reaccionarios y ultracat\u00f3licos, se est\u00e1n \\\"alimentando los delitos de odio y normalizando el discurso de odio\\\" contra la comunidad comunidad, a\u00f1ade el informe, que se\u00f1ala un \\\"aumento sin precedentes\\\" de la violencia contra las personas LGBTQ+ en 2024 en todo el viejo continente.Todos tenemos en la cabeza nombres como los de Viktor Orb\u00e1n o Robert Fico, pero si este estudio asusta es porque enumera muchos m\u00e1s ejemplos preocupantes. En Italia, B\u00e9lgica o Ruman\u00eda, por ejemplo, grupos conservadores de derecha han acusado a la comunidad LGBTQ+ de socavar los valores familiares y desestabilizar la sociedad. Adem\u00e1s, han utilizado discursos discriminatorios durante sus m\u00e1s recientes periodos electorales, a modo de \\\"ellos o nosotros\\\".\u00a0Esto tambi\u00e9n se utiliza para justificar la introducci\u00f3n de normas, una vez que llegan al poder, que restringen las libertades fundamentales y las llamadas leyes de \\\"propaganda anti-LGBT\\\".En Finlandia, Alemania, Pa\u00edses Bajos, Noruega y Portugal, las autoridades locales han informado tambi\u00e9n, con datos oficiales, de \\\"un aumento significativo de los delitos motivados por la orientaci\u00f3n sexual percibida, la identidad de g\u00e9nero y\/o la expresi\u00f3n de g\u00e9nero\\\", se\u00f1al\u00f3 ILGA-Europe.\u00a0\\\"Existe una tendencia a instrumentalizar la supuesta protecci\u00f3n de los j\u00f3venes como una forma de sembrar el miedo y la divisi\u00f3n\\\" declar\u00f3 el eurodiputado italiano Alessandro Zan, del partido de centroizquierda Socialistas y Dem\u00f3cratas, durante un evento en el Parlamento comunitario, en el que se revisaron estos datos. \\\"Las medidas discriminatorias propuestas en Hungr\u00eda y Eslovaquia y la exitosa resoluci\u00f3n en Italia contra la supuesta ideolog\u00eda de g\u00e9nero pr\u00e1cticamente propagan el odio y la discriminaci\u00f3n por toda Europa. Estas medidas perjudican a ni\u00f1os, familias y trabajadores\\\", a\u00f1adi\u00f3.\",\"breadcrumb\":{\"@id\":\"https:\/\/vof-news.eu\/es\/como-la-ultraderecha-esta-mermando-los-derechos-fundamentales-de-las-personas-lgbtq-en-europa\/#breadcrumb\"},\"inLanguage\":\"es\",\"potentialAction\":[{\"@type\":\"ReadAction\",\"target\":[\"https:\/\/vof-news.eu\/es\/como-la-ultraderecha-esta-mermando-los-derechos-fundamentales-de-las-personas-lgbtq-en-europa\/\"]}]},{\"@type\":\"ImageObject\",\"inLanguage\":\"es\",\"@id\":\"https:\/\/vof-news.eu\/es\/como-la-ultraderecha-esta-mermando-los-derechos-fundamentales-de-las-personas-lgbtq-en-europa\/#primaryimage\",\"url\":\"https:\/\/vof-news.eu\/wp-content\/uploads\/2025\/07\/un-grupo-de-participantes-cruza-el-puente-elisabeth-durante-el-desfiles-del-orgullo-de-budapest-hungria-el-28-de-junio-de-2025.jpeg\",\"contentUrl\":\"https:\/\/vof-news.eu\/wp-content\/uploads\/2025\/07\/un-grupo-de-participantes-cruza-el-puente-elisabeth-durante-el-desfiles-del-orgullo-de-budapest-hungria-el-28-de-junio-de-2025.jpeg\",\"width\":1200,\"height\":720},{\"@type\":\"BreadcrumbList\",\"@id\":\"https:\/\/vof-news.eu\/es\/como-la-ultraderecha-esta-mermando-los-derechos-fundamentales-de-las-personas-lgbtq-en-europa\/#breadcrumb\",\"itemListElement\":[{\"@type\":\"ListItem\",\"position\":1,\"name\":\"Home\",\"item\":\"https:\/\/vof-news.eu\/es\/\"},{\"@type\":\"ListItem\",\"position\":2,\"name\":\"C\u00f3mo la ultraderecha est\u00e1 mermando los derechos fundamentales de las personas LGBTQ+ en Europa\"}]},{\"@type\":\"WebSite\",\"@id\":\"https:\/\/vof-news.eu\/es\/#website\",\"url\":\"https:\/\/vof-news.eu\/es\/\",\"name\":\"vof-news.eu\",\"description\":\"\",\"potentialAction\":[{\"@type\":\"SearchAction\",\"target\":{\"@type\":\"EntryPoint\",\"urlTemplate\":\"https:\/\/vof-news.eu\/es\/?s={search_term_string}\"},\"query-input\":\"required name=search_term_string\"}],\"inLanguage\":\"es\"},{\"@type\":\"Person\",\"@id\":\"https:\/\/vof-news.eu\/es\/#\/schema\/person\/f6a2a4309f0561835797fd8c19b333ed\",\"name\":\"Author\",\"image\":{\"@type\":\"ImageObject\",\"inLanguage\":\"es\",\"@id\":\"https:\/\/vof-news.eu\/es\/#\/schema\/person\/image\/\",\"url\":\"https:\/\/secure.gravatar.com\/avatar\/b67e614b1b25b3e9c0c239efdd2fde5ab015b5affd6f1c3c85911ca4b384e790?s=96&d=mm&r=g\",\"contentUrl\":\"https:\/\/secure.gravatar.com\/avatar\/b67e614b1b25b3e9c0c239efdd2fde5ab015b5affd6f1c3c85911ca4b384e790?s=96&d=mm&r=g\",\"caption\":\"Author\"},\"sameAs\":[\"http:\/\/vof-news.eu\"],\"url\":\"https:\/\/vof-news.eu\/es\/author\/zwt6qxnjulxbnyg\/\"}]}<\/script>\n<!-- \/ Yoast SEO plugin. -->","yoast_head_json":{"title":"C\u00f3mo la ultraderecha est\u00e1 mermando los derechos fundamentales de las personas LGBTQ+ en Europa - vof-news.eu","description":"\"Han hecho falta d\u00e9cadas para conseguir las libertades que tenemos hoy, pero todos sabemos que perderlas puede llevar apenas un momento. Por eso siempre debemos estar vigilantes\". Habla la presidenta de la Comisi\u00f3n Europea (CE), Ursula von der Leyen. Es el 27 noviembre 2024 y el Parlamento comunitario est\u00e1 a punto de avalar a su nuevo Ejecutivo. Entonces prometi\u00f3 estar vigilante y ser la guardiana \"de nuestros valores y principios\". \"Se los debemos a nuestros luchadores por la libertad\", enfatiz\u00f3.\u00a0A la alemana le toca despertar y reconocer la amenaza que tiene en uno de los principales flancos de libertad que existen: el de la libre elecci\u00f3n de con qui\u00e9n estamos y a qui\u00e9n queremos. Porque las cosas, en esa Europa que parec\u00eda tan a salvo de retrocesos y tan gay friendly, van a peor. No s\u00f3lo es que haya que seguir defiendo lo obvio, porque no parece serlo para algunos, sino que hay retrocesos agigantados en los Veintisiete.\u00a0Las personas de la comunidad LGBTQ+ son cada vez m\u00e1s chivos expiatorios de los pol\u00edticos de extrema derecha (y derecha convencional contagiada de la agenda de los primeros) que impulsan unas apuestas ultraconservadoras, lo que conduce a una creciente violencia. Es lo que denuncia el informe anual de\u00a0ILGA-Europa (la International Lesbian, Gay, Bisexual, Trans and Intersex Association o Asociaci\u00f3n Internacional de Lesbianas, Gays, Bisexuales, Trans e Intersexuales), que puedes leer completo al final de esta noticia.\u00a0La represi\u00f3n, afirma el estudio, es perceptible en un n\u00famero creciente de pa\u00edses europeos, especialmente en Europa central y del este, donde las fuerzas de derecha est\u00e1n ganando poder, de Eslovaquia a Hungr\u00eda.\u00a0Los grupos LGBTQ+ est\u00e1n siendo etiquetados como agentes de influencia extranjera, supuestamente financiados con dinero del exterior confines poco patri\u00f3ticos, limitando su capacidad de acci\u00f3n en la sociedad y hasta amenazando la propia existencia de sus ONG, mientras que tambi\u00e9n se les est\u00e1 restringiendo el acceso a la atenci\u00f3n m\u00e9dica, las libertades y la visibilidad. Todo, con la agenda ultra como base.\u00a0Al estar en la diana de los mensajes y los programas fascistas, neofascistas, antieuropeos, nacionalistas extremos, reaccionarios y ultracat\u00f3licos, se est\u00e1n \"alimentando los delitos de odio y normalizando el discurso de odio\" contra la comunidad comunidad, a\u00f1ade el informe, que se\u00f1ala un \"aumento sin precedentes\" de la violencia contra las personas LGBTQ+ en 2024 en todo el viejo continente.Todos tenemos en la cabeza nombres como los de Viktor Orb\u00e1n o Robert Fico, pero si este estudio asusta es porque enumera muchos m\u00e1s ejemplos preocupantes. En Italia, B\u00e9lgica o Ruman\u00eda, por ejemplo, grupos conservadores de derecha han acusado a la comunidad LGBTQ+ de socavar los valores familiares y desestabilizar la sociedad. Adem\u00e1s, han utilizado discursos discriminatorios durante sus m\u00e1s recientes periodos electorales, a modo de \"ellos o nosotros\".\u00a0Esto tambi\u00e9n se utiliza para justificar la introducci\u00f3n de normas, una vez que llegan al poder, que restringen las libertades fundamentales y las llamadas leyes de \"propaganda anti-LGBT\".En Finlandia, Alemania, Pa\u00edses Bajos, Noruega y Portugal, las autoridades locales han informado tambi\u00e9n, con datos oficiales, de \"un aumento significativo de los delitos motivados por la orientaci\u00f3n sexual percibida, la identidad de g\u00e9nero y\/o la expresi\u00f3n de g\u00e9nero\", se\u00f1al\u00f3 ILGA-Europe.\u00a0\"Existe una tendencia a instrumentalizar la supuesta protecci\u00f3n de los j\u00f3venes como una forma de sembrar el miedo y la divisi\u00f3n\" declar\u00f3 el eurodiputado italiano Alessandro Zan, del partido de centroizquierda Socialistas y Dem\u00f3cratas, durante un evento en el Parlamento comunitario, en el que se revisaron estos datos. \"Las medidas discriminatorias propuestas en Hungr\u00eda y Eslovaquia y la exitosa resoluci\u00f3n en Italia contra la supuesta ideolog\u00eda de g\u00e9nero pr\u00e1cticamente propagan el odio y la discriminaci\u00f3n por toda Europa. Estas medidas perjudican a ni\u00f1os, familias y trabajadores\", a\u00f1adi\u00f3.","robots":{"index":"noindex","follow":"follow","max-snippet":"max-snippet:-1","max-image-preview":"max-image-preview:large","max-video-preview":"max-video-preview:-1"},"og_locale":"es_ES","og_type":"article","og_title":"C\u00f3mo la ultraderecha est\u00e1 mermando los derechos fundamentales de las personas LGBTQ+ en Europa - vof-news.eu","og_description":"\"Han hecho falta d\u00e9cadas para conseguir las libertades que tenemos hoy, pero todos sabemos que perderlas puede llevar apenas un momento. Por eso siempre debemos estar vigilantes\". Habla la presidenta de la Comisi\u00f3n Europea (CE), Ursula von der Leyen. Es el 27 noviembre 2024 y el Parlamento comunitario est\u00e1 a punto de avalar a su nuevo Ejecutivo. Entonces prometi\u00f3 estar vigilante y ser la guardiana \"de nuestros valores y principios\". \"Se los debemos a nuestros luchadores por la libertad\", enfatiz\u00f3.\u00a0A la alemana le toca despertar y reconocer la amenaza que tiene en uno de los principales flancos de libertad que existen: el de la libre elecci\u00f3n de con qui\u00e9n estamos y a qui\u00e9n queremos. Porque las cosas, en esa Europa que parec\u00eda tan a salvo de retrocesos y tan gay friendly, van a peor. No s\u00f3lo es que haya que seguir defiendo lo obvio, porque no parece serlo para algunos, sino que hay retrocesos agigantados en los Veintisiete.\u00a0Las personas de la comunidad LGBTQ+ son cada vez m\u00e1s chivos expiatorios de los pol\u00edticos de extrema derecha (y derecha convencional contagiada de la agenda de los primeros) que impulsan unas apuestas ultraconservadoras, lo que conduce a una creciente violencia. Es lo que denuncia el informe anual de\u00a0ILGA-Europa (la International Lesbian, Gay, Bisexual, Trans and Intersex Association o Asociaci\u00f3n Internacional de Lesbianas, Gays, Bisexuales, Trans e Intersexuales), que puedes leer completo al final de esta noticia.\u00a0La represi\u00f3n, afirma el estudio, es perceptible en un n\u00famero creciente de pa\u00edses europeos, especialmente en Europa central y del este, donde las fuerzas de derecha est\u00e1n ganando poder, de Eslovaquia a Hungr\u00eda.\u00a0Los grupos LGBTQ+ est\u00e1n siendo etiquetados como agentes de influencia extranjera, supuestamente financiados con dinero del exterior confines poco patri\u00f3ticos, limitando su capacidad de acci\u00f3n en la sociedad y hasta amenazando la propia existencia de sus ONG, mientras que tambi\u00e9n se les est\u00e1 restringiendo el acceso a la atenci\u00f3n m\u00e9dica, las libertades y la visibilidad. Todo, con la agenda ultra como base.\u00a0Al estar en la diana de los mensajes y los programas fascistas, neofascistas, antieuropeos, nacionalistas extremos, reaccionarios y ultracat\u00f3licos, se est\u00e1n \"alimentando los delitos de odio y normalizando el discurso de odio\" contra la comunidad comunidad, a\u00f1ade el informe, que se\u00f1ala un \"aumento sin precedentes\" de la violencia contra las personas LGBTQ+ en 2024 en todo el viejo continente.Todos tenemos en la cabeza nombres como los de Viktor Orb\u00e1n o Robert Fico, pero si este estudio asusta es porque enumera muchos m\u00e1s ejemplos preocupantes. En Italia, B\u00e9lgica o Ruman\u00eda, por ejemplo, grupos conservadores de derecha han acusado a la comunidad LGBTQ+ de socavar los valores familiares y desestabilizar la sociedad. Adem\u00e1s, han utilizado discursos discriminatorios durante sus m\u00e1s recientes periodos electorales, a modo de \"ellos o nosotros\".\u00a0Esto tambi\u00e9n se utiliza para justificar la introducci\u00f3n de normas, una vez que llegan al poder, que restringen las libertades fundamentales y las llamadas leyes de \"propaganda anti-LGBT\".En Finlandia, Alemania, Pa\u00edses Bajos, Noruega y Portugal, las autoridades locales han informado tambi\u00e9n, con datos oficiales, de \"un aumento significativo de los delitos motivados por la orientaci\u00f3n sexual percibida, la identidad de g\u00e9nero y\/o la expresi\u00f3n de g\u00e9nero\", se\u00f1al\u00f3 ILGA-Europe.\u00a0\"Existe una tendencia a instrumentalizar la supuesta protecci\u00f3n de los j\u00f3venes como una forma de sembrar el miedo y la divisi\u00f3n\" declar\u00f3 el eurodiputado italiano Alessandro Zan, del partido de centroizquierda Socialistas y Dem\u00f3cratas, durante un evento en el Parlamento comunitario, en el que se revisaron estos datos. \"Las medidas discriminatorias propuestas en Hungr\u00eda y Eslovaquia y la exitosa resoluci\u00f3n en Italia contra la supuesta ideolog\u00eda de g\u00e9nero pr\u00e1cticamente propagan el odio y la discriminaci\u00f3n por toda Europa. Estas medidas perjudican a ni\u00f1os, familias y trabajadores\", a\u00f1adi\u00f3.","og_url":"https:\/\/vof-news.eu\/es\/como-la-ultraderecha-esta-mermando-los-derechos-fundamentales-de-las-personas-lgbtq-en-europa\/","og_site_name":"vof-news.eu","article_published_time":"2025-07-05T12:21:09+00:00","article_modified_time":"2025-07-05T12:21:36+00:00","og_image":[{"width":1200,"height":720,"url":"https:\/\/vof-news.eu\/wp-content\/uploads\/2025\/07\/un-grupo-de-participantes-cruza-el-puente-elisabeth-durante-el-desfiles-del-orgullo-de-budapest-hungria-el-28-de-junio-de-2025.jpeg","type":"image\/jpeg"}],"author":"Author","twitter_card":"summary_large_image","twitter_misc":{"Escrito por":"Author","Tiempo de lectura":"10 minutos"},"schema":{"@context":"https:\/\/schema.org","@graph":[{"@type":"WebPage","@id":"https:\/\/vof-news.eu\/es\/como-la-ultraderecha-esta-mermando-los-derechos-fundamentales-de-las-personas-lgbtq-en-europa\/","url":"https:\/\/vof-news.eu\/es\/como-la-ultraderecha-esta-mermando-los-derechos-fundamentales-de-las-personas-lgbtq-en-europa\/","name":"C\u00f3mo la ultraderecha est\u00e1 mermando los derechos fundamentales de las personas LGBTQ+ en Europa - vof-news.eu","isPartOf":{"@id":"https:\/\/vof-news.eu\/es\/#website"},"primaryImageOfPage":{"@id":"https:\/\/vof-news.eu\/es\/como-la-ultraderecha-esta-mermando-los-derechos-fundamentales-de-las-personas-lgbtq-en-europa\/#primaryimage"},"image":{"@id":"https:\/\/vof-news.eu\/es\/como-la-ultraderecha-esta-mermando-los-derechos-fundamentales-de-las-personas-lgbtq-en-europa\/#primaryimage"},"thumbnailUrl":"https:\/\/vof-news.eu\/wp-content\/uploads\/2025\/07\/un-grupo-de-participantes-cruza-el-puente-elisabeth-durante-el-desfiles-del-orgullo-de-budapest-hungria-el-28-de-junio-de-2025.jpeg","datePublished":"2025-07-05T12:21:09+00:00","dateModified":"2025-07-05T12:21:36+00:00","author":{"@id":"https:\/\/vof-news.eu\/es\/#\/schema\/person\/f6a2a4309f0561835797fd8c19b333ed"},"description":"\"Han hecho falta d\u00e9cadas para conseguir las libertades que tenemos hoy, pero todos sabemos que perderlas puede llevar apenas un momento. Por eso siempre debemos estar vigilantes\". Habla la presidenta de la Comisi\u00f3n Europea (CE), Ursula von der Leyen. Es el 27 noviembre 2024 y el Parlamento comunitario est\u00e1 a punto de avalar a su nuevo Ejecutivo. Entonces prometi\u00f3 estar vigilante y ser la guardiana \"de nuestros valores y principios\". \"Se los debemos a nuestros luchadores por la libertad\", enfatiz\u00f3.\u00a0A la alemana le toca despertar y reconocer la amenaza que tiene en uno de los principales flancos de libertad que existen: el de la libre elecci\u00f3n de con qui\u00e9n estamos y a qui\u00e9n queremos. Porque las cosas, en esa Europa que parec\u00eda tan a salvo de retrocesos y tan gay friendly, van a peor. No s\u00f3lo es que haya que seguir defiendo lo obvio, porque no parece serlo para algunos, sino que hay retrocesos agigantados en los Veintisiete.\u00a0Las personas de la comunidad LGBTQ+ son cada vez m\u00e1s chivos expiatorios de los pol\u00edticos de extrema derecha (y derecha convencional contagiada de la agenda de los primeros) que impulsan unas apuestas ultraconservadoras, lo que conduce a una creciente violencia. Es lo que denuncia el informe anual de\u00a0ILGA-Europa (la International Lesbian, Gay, Bisexual, Trans and Intersex Association o Asociaci\u00f3n Internacional de Lesbianas, Gays, Bisexuales, Trans e Intersexuales), que puedes leer completo al final de esta noticia.\u00a0La represi\u00f3n, afirma el estudio, es perceptible en un n\u00famero creciente de pa\u00edses europeos, especialmente en Europa central y del este, donde las fuerzas de derecha est\u00e1n ganando poder, de Eslovaquia a Hungr\u00eda.\u00a0Los grupos LGBTQ+ est\u00e1n siendo etiquetados como agentes de influencia extranjera, supuestamente financiados con dinero del exterior confines poco patri\u00f3ticos, limitando su capacidad de acci\u00f3n en la sociedad y hasta amenazando la propia existencia de sus ONG, mientras que tambi\u00e9n se les est\u00e1 restringiendo el acceso a la atenci\u00f3n m\u00e9dica, las libertades y la visibilidad. Todo, con la agenda ultra como base.\u00a0Al estar en la diana de los mensajes y los programas fascistas, neofascistas, antieuropeos, nacionalistas extremos, reaccionarios y ultracat\u00f3licos, se est\u00e1n \"alimentando los delitos de odio y normalizando el discurso de odio\" contra la comunidad comunidad, a\u00f1ade el informe, que se\u00f1ala un \"aumento sin precedentes\" de la violencia contra las personas LGBTQ+ en 2024 en todo el viejo continente.Todos tenemos en la cabeza nombres como los de Viktor Orb\u00e1n o Robert Fico, pero si este estudio asusta es porque enumera muchos m\u00e1s ejemplos preocupantes. En Italia, B\u00e9lgica o Ruman\u00eda, por ejemplo, grupos conservadores de derecha han acusado a la comunidad LGBTQ+ de socavar los valores familiares y desestabilizar la sociedad. Adem\u00e1s, han utilizado discursos discriminatorios durante sus m\u00e1s recientes periodos electorales, a modo de \"ellos o nosotros\".\u00a0Esto tambi\u00e9n se utiliza para justificar la introducci\u00f3n de normas, una vez que llegan al poder, que restringen las libertades fundamentales y las llamadas leyes de \"propaganda anti-LGBT\".En Finlandia, Alemania, Pa\u00edses Bajos, Noruega y Portugal, las autoridades locales han informado tambi\u00e9n, con datos oficiales, de \"un aumento significativo de los delitos motivados por la orientaci\u00f3n sexual percibida, la identidad de g\u00e9nero y\/o la expresi\u00f3n de g\u00e9nero\", se\u00f1al\u00f3 ILGA-Europe.\u00a0\"Existe una tendencia a instrumentalizar la supuesta protecci\u00f3n de los j\u00f3venes como una forma de sembrar el miedo y la divisi\u00f3n\" declar\u00f3 el eurodiputado italiano Alessandro Zan, del partido de centroizquierda Socialistas y Dem\u00f3cratas, durante un evento en el Parlamento comunitario, en el que se revisaron estos datos. \"Las medidas discriminatorias propuestas en Hungr\u00eda y Eslovaquia y la exitosa resoluci\u00f3n en Italia contra la supuesta ideolog\u00eda de g\u00e9nero pr\u00e1cticamente propagan el odio y la discriminaci\u00f3n por toda Europa. Estas medidas perjudican a ni\u00f1os, familias y trabajadores\", a\u00f1adi\u00f3.","breadcrumb":{"@id":"https:\/\/vof-news.eu\/es\/como-la-ultraderecha-esta-mermando-los-derechos-fundamentales-de-las-personas-lgbtq-en-europa\/#breadcrumb"},"inLanguage":"es","potentialAction":[{"@type":"ReadAction","target":["https:\/\/vof-news.eu\/es\/como-la-ultraderecha-esta-mermando-los-derechos-fundamentales-de-las-personas-lgbtq-en-europa\/"]}]},{"@type":"ImageObject","inLanguage":"es","@id":"https:\/\/vof-news.eu\/es\/como-la-ultraderecha-esta-mermando-los-derechos-fundamentales-de-las-personas-lgbtq-en-europa\/#primaryimage","url":"https:\/\/vof-news.eu\/wp-content\/uploads\/2025\/07\/un-grupo-de-participantes-cruza-el-puente-elisabeth-durante-el-desfiles-del-orgullo-de-budapest-hungria-el-28-de-junio-de-2025.jpeg","contentUrl":"https:\/\/vof-news.eu\/wp-content\/uploads\/2025\/07\/un-grupo-de-participantes-cruza-el-puente-elisabeth-durante-el-desfiles-del-orgullo-de-budapest-hungria-el-28-de-junio-de-2025.jpeg","width":1200,"height":720},{"@type":"BreadcrumbList","@id":"https:\/\/vof-news.eu\/es\/como-la-ultraderecha-esta-mermando-los-derechos-fundamentales-de-las-personas-lgbtq-en-europa\/#breadcrumb","itemListElement":[{"@type":"ListItem","position":1,"name":"Home","item":"https:\/\/vof-news.eu\/es\/"},{"@type":"ListItem","position":2,"name":"C\u00f3mo la ultraderecha est\u00e1 mermando los derechos fundamentales de las personas LGBTQ+ en Europa"}]},{"@type":"WebSite","@id":"https:\/\/vof-news.eu\/es\/#website","url":"https:\/\/vof-news.eu\/es\/","name":"vof-news.eu","description":"","potentialAction":[{"@type":"SearchAction","target":{"@type":"EntryPoint","urlTemplate":"https:\/\/vof-news.eu\/es\/?s={search_term_string}"},"query-input":"required name=search_term_string"}],"inLanguage":"es"},{"@type":"Person","@id":"https:\/\/vof-news.eu\/es\/#\/schema\/person\/f6a2a4309f0561835797fd8c19b333ed","name":"Author","image":{"@type":"ImageObject","inLanguage":"es","@id":"https:\/\/vof-news.eu\/es\/#\/schema\/person\/image\/","url":"https:\/\/secure.gravatar.com\/avatar\/b67e614b1b25b3e9c0c239efdd2fde5ab015b5affd6f1c3c85911ca4b384e790?s=96&d=mm&r=g","contentUrl":"https:\/\/secure.gravatar.com\/avatar\/b67e614b1b25b3e9c0c239efdd2fde5ab015b5affd6f1c3c85911ca4b384e790?s=96&d=mm&r=g","caption":"Author"},"sameAs":["http:\/\/vof-news.eu"],"url":"https:\/\/vof-news.eu\/es\/author\/zwt6qxnjulxbnyg\/"}]}},"yoast_meta":{"yoast_wpseo_title":"","yoast_wpseo_metadesc":"","yoast_wpseo_canonical":""},"_links":{"self":[{"href":"https:\/\/vof-news.eu\/es\/wp-json\/wp\/v2\/posts\/247729","targetHints":{"allow":["GET"]}}],"collection":[{"href":"https:\/\/vof-news.eu\/es\/wp-json\/wp\/v2\/posts"}],"about":[{"href":"https:\/\/vof-news.eu\/es\/wp-json\/wp\/v2\/types\/post"}],"author":[{"embeddable":true,"href":"https:\/\/vof-news.eu\/es\/wp-json\/wp\/v2\/users\/1"}],"replies":[{"embeddable":true,"href":"https:\/\/vof-news.eu\/es\/wp-json\/wp\/v2\/comments?post=247729"}],"version-history":[{"count":1,"href":"https:\/\/vof-news.eu\/es\/wp-json\/wp\/v2\/posts\/247729\/revisions"}],"predecessor-version":[{"id":247736,"href":"https:\/\/vof-news.eu\/es\/wp-json\/wp\/v2\/posts\/247729\/revisions\/247736"}],"wp:featuredmedia":[{"embeddable":true,"href":"https:\/\/vof-news.eu\/es\/wp-json\/wp\/v2\/media\/247730"}],"wp:attachment":[{"href":"https:\/\/vof-news.eu\/es\/wp-json\/wp\/v2\/media?parent=247729"}],"wp:term":[{"taxonomy":"category","embeddable":true,"href":"https:\/\/vof-news.eu\/es\/wp-json\/wp\/v2\/categories?post=247729"},{"taxonomy":"post_tag","embeddable":true,"href":"https:\/\/vof-news.eu\/es\/wp-json\/wp\/v2\/tags?post=247729"}],"curies":[{"name":"wp","href":"https:\/\/api.w.org\/{rel}","templated":true}]}}