{"id":247634,"date":"2025-07-05T13:17:11","date_gmt":"2025-07-05T10:17:11","guid":{"rendered":"https:\/\/vof-news.eu\/la-nueva-direccion-del-psoe-completa-tras-la-renuncia-de-paco-salazar\/"},"modified":"2025-07-05T13:17:50","modified_gmt":"2025-07-05T10:17:50","slug":"la-nueva-direccion-del-psoe-completa-tras-la-renuncia-de-paco-salazar","status":"publish","type":"post","link":"https:\/\/vof-news.eu\/es\/la-nueva-direccion-del-psoe-completa-tras-la-renuncia-de-paco-salazar\/","title":{"rendered":"La nueva direcci\u00f3n del PSOE completa, tras la renuncia de Paco Salazar"},"content":{"rendered":"<div>\n<p>\n        El Comit\u00e9 Federal del PSOE reunido este s\u00e1bado en la sede estatal del partido de la calle de Ferraz de Madrid ha dado luz verde a la nueva Ejecutiva Federal socialista, remodelada por Pedro S\u00e1nchez a ra\u00edz de la implicaci\u00f3n del exsecretario de Organizaci\u00f3n, Santos Cerd\u00e1n, en un presunto caso de corrupci\u00f3n. En el listado final no figura Paco Salazar, que iba a ser nombrado adjunto a la nueva secretaria de Organizaci\u00f3n, pero que ha renunciado al puesto despu\u00e9s de que elDiario.es publicara de madrugada que varias mujeres lo acusan de \u201ccomportamientos inadecuados\u201d cuando era su jefe.\n    <\/p>\n<p>\n        Secretario General: <strong>Pedro S\u00e1nchez P\u00e9rez Castej\u00f3n <\/strong>\n<\/p>\n<p>\n        Vicesecretaria General: <strong>Mar\u00eda Jes\u00fas Montero Cuadrado <\/strong>\n<\/p>\n<p>\n        Secretaria de Organizaci\u00f3n y Acci\u00f3n Electoral: <strong>Rebeca Torr\u00f3 Soler<\/strong>\n<\/p>\n<p>\n        Secretaria de Igualdad: <strong>Pilar Bernab\u00e9 Garc\u00eda<\/strong>\n<\/p>\n<p>\n        Portavoc\u00eda: <strong>Montse M\u00ednguez <\/strong>\n<\/p>\n<p>\n        Secretaria Adjunta a Organizaci\u00f3n y de Coordinaci\u00f3n Territorial: <strong>Anabel Mateo S\u00e1nchez <\/strong>\n<\/p>\n<p>\n        Secretario Adjunto Organizaci\u00f3n y Transparencia y Acci\u00f3n Democr\u00e1tica: <strong>Borja Cabez\u00f3n <\/strong>\n<\/p>\n<p>\n        Secretar\u00eda de Pol\u00edtica Institucional y Formaci\u00f3n: <strong>Alfonso Rodr\u00edguez G\u00f3mez de Celis<\/strong>\n<\/p>\n<p>\n        Secretar\u00eda de Pol\u00edtica Auton\u00f3mica: <strong>Guillermo Fern\u00e1ndez Vara<\/strong>\n<\/p>\n<p>\n        Secretar\u00eda de Pol\u00edtica Municipal: <strong>Juan Francisco Serrano<\/strong>\n<\/p>\n<p>\n        Secretar\u00eda de Pol\u00edtica Internacional y Cooperaci\u00f3n al Desarrollo: <strong>Hana Jalloul Muro<\/strong>\n<\/p>\n<p>\n        Secretar\u00eda de Medio Rural: <strong>Elisa Garrido Jim\u00e9nez<\/strong>\n<\/p>\n<p>\n        Secretar\u00eda de Estudios y Programas: <strong>Javier Izquierdo Roncero <\/strong>\n<\/p>\n<p>\n        Secretar\u00eda de Vivienda: <strong>Isabel Rodr\u00edguez Garc\u00eda<\/strong>\n<\/p>\n<p>\n        Secretar\u00eda de Transportes y Movilidad Sostenible: <strong>Arcadi Espa\u00f1a<\/strong>\n<\/p>\n<p>\n        Secretar\u00eda de la Uni\u00f3n Europea: <strong>Irache Garc\u00eda<\/strong>\n<\/p>\n<p>\n        Secretar\u00eda de Justicia: <strong>F\u00e9lix Bola\u00f1os<\/strong>\n<\/p>\n<p>\n        Secretar\u00eda de Reforma Constitucional y Nuevos Derechos: <strong>Francisco Lucas Ayala<\/strong>\n<\/p>\n<p>\n        Secretar\u00eda de Industria:<strong> Jordi Hereu <\/strong>\n<\/p>\n<p>\n        Secretaria de Comercio y Consumo: <strong>Nora Abete<\/strong>\n<\/p>\n<p>\n        Secretar\u00eda de Ciencia Innovaci y Universidades: <strong>Elma Saiz<\/strong>\n<\/p>\n<p>\n        Secretar\u00eda de Turismo: <strong>Francisco Javier Ayala<\/strong>.\n    <\/p>\n<p>\n        Secretar\u00eda de Transici\u00f3n Justa: <strong>Marc Pons <\/strong>\n<\/p>\n<p>\n        Secretar\u00eda de Pol\u00edtica Econ\u00f3mica, Transformaci\u00f3n Digital, Emprendimiento e Impacto Social y Portavoz adjunta: <strong>Enma L\u00f3pez <\/strong>\n<\/p>\n<p>\n        Secretar\u00eda de Cultura y Deportes: <strong>Manuela Villa <\/strong>\n<\/p>\n<p>\n        Secretar\u00eda de Pacto de Toledo e Inclusi\u00f3n Social: <strong>Iv\u00e1n Fern\u00e1ndez<\/strong>\n<\/p>\n<p>\n        Secretar\u00eda de Trabajo, Econom\u00eda Social y Trabajo Aut\u00f3nomo: <strong>Alejandro Soler<\/strong>\n<\/p>\n<p>\n        Secretar\u00eda de Educaci\u00f3n y Formaci\u00f3n Profesional: <strong>Ana Mar\u00eda Fern\u00e1ndez Rodr\u00edguez<\/strong>\n<\/p>\n<p>\n        Secretar\u00eda de Memoria Democr\u00e1tica: <strong>Manuel Garc\u00eda Salgado <\/strong>\n<\/p>\n<p>\n        Secretar\u00eda de Pol\u00edticas Sociales Mayores y Movimientos Sociales: <strong>Milagros Tol\u00f3n<\/strong>\n<\/p>\n<p>\n        Secretar\u00eda de Sanidad: <strong>Kilian S\u00e1nchez<\/strong>\n<\/p>\n<p>\n        Secretar\u00eda de Agricultura, Canader\u00eda y Pesca: <strong>Ana Mar\u00eda Romero<\/strong>\n<\/p>\n<p>\n        Secretar\u00eda LGTBI: <strong>V\u00edctor Guti\u00e9rrez<\/strong>\n<\/p>\n<p>\n        Secretar\u00eda de Pol\u00edticas Migratorias y Refugiados: <strong>Luc Andr\u00e9s <\/strong>\n<\/p>\n<p>\n        Secretar\u00eda de Exteriores: <strong>C\u00e9sar Mog\u00f3n<\/strong>\n<\/p>\n<p>\n        Vocales: <strong>\u00d3scar Puente, Pilar Alegr\u00eda, Jorge Gallardo, Clara Mar\u00eda Mart\u00edn, Antonio Hernando Vera, Carmen Gonz\u00e1lez Caballero y Abel Caballero<\/strong>\n<\/p>\n<\/div>\n","protected":false},"excerpt":{"rendered":"<p>El Comit\u00e9 Federal del PSOE reunido este s\u00e1bado en la sede estatal del partido de la calle de Ferraz de Madrid ha dado luz verde a la nueva Ejecutiva Federal socialista, remodelada por Pedro S\u00e1nchez a ra\u00edz de la implicaci\u00f3n del exsecretario de Organizaci\u00f3n, Santos Cerd\u00e1n, en un presunto caso de corrupci\u00f3n. En el listado<\/p>\n","protected":false},"author":1,"featured_media":247635,"comment_status":"open","ping_status":"open","sticky":false,"template":"","format":"standard","meta":{"footnotes":""},"categories":[71],"tags":[],"class_list":["post-247634","post","type-post","status-publish","format-standard","has-post-thumbnail","hentry","category-politics-es"],"acf":[],"yoast_head":"<!-- This site is optimized with the Yoast SEO plugin v22.9 - https:\/\/yoast.com\/wordpress\/plugins\/seo\/ -->\n<title>La nueva direcci\u00f3n del PSOE completa, tras la renuncia de Paco Salazar - vof-news.eu<\/title>\n<meta name=\"description\" content=\"El Comit\u00e9 Federal del PSOE reunido este s\u00e1bado en la sede estatal del partido de la calle de Ferraz de Madrid ha dado luz verde a la nueva Ejecutiva Federal socialista, remodelada por Pedro S\u00e1nchez a ra\u00edz de la implicaci\u00f3n del exsecretario de Organizaci\u00f3n, Santos Cerd\u00e1n, en un presunto caso de corrupci\u00f3n. En el listado final no figura Paco Salazar, que iba a ser nombrado adjunto a la nueva secretaria de Organizaci\u00f3n, pero que ha renunciado al puesto despu\u00e9s de que elDiario.es publicara de madrugada que varias mujeres lo acusan de \u201ccomportamientos inadecuados\u201d cuando era su jefe.\" \/>\n<meta name=\"robots\" content=\"noindex, follow, max-snippet:-1, max-image-preview:large, max-video-preview:-1\" \/>\n<meta property=\"og:locale\" content=\"es_ES\" \/>\n<meta property=\"og:type\" content=\"article\" \/>\n<meta property=\"og:title\" content=\"La nueva direcci\u00f3n del PSOE completa, tras la renuncia de Paco Salazar - vof-news.eu\" \/>\n<meta property=\"og:description\" content=\"El Comit\u00e9 Federal del PSOE reunido este s\u00e1bado en la sede estatal del partido de la calle de Ferraz de Madrid ha dado luz verde a la nueva Ejecutiva Federal socialista, remodelada por Pedro S\u00e1nchez a ra\u00edz de la implicaci\u00f3n del exsecretario de Organizaci\u00f3n, Santos Cerd\u00e1n, en un presunto caso de corrupci\u00f3n. En el listado final no figura Paco Salazar, que iba a ser nombrado adjunto a la nueva secretaria de Organizaci\u00f3n, pero que ha renunciado al puesto despu\u00e9s de que elDiario.es publicara de madrugada que varias mujeres lo acusan de \u201ccomportamientos inadecuados\u201d cuando era su jefe.\" \/>\n<meta property=\"og:url\" content=\"https:\/\/vof-news.eu\/es\/la-nueva-direccion-del-psoe-completa-tras-la-renuncia-de-paco-salazar\/\" \/>\n<meta property=\"og:site_name\" content=\"vof-news.eu\" \/>\n<meta property=\"article:published_time\" content=\"2025-07-05T10:17:11+00:00\" \/>\n<meta property=\"article:modified_time\" content=\"2025-07-05T10:17:50+00:00\" \/>\n<meta property=\"og:image\" content=\"https:\/\/vof-news.eu\/wp-content\/uploads\/2025\/07\/134248cb-d735-4d22-94fe-36da9e12dd4b_16-9-discover-aspect-ratio_default_0.jpg\" \/>\n\t<meta property=\"og:image:width\" content=\"1200\" \/>\n\t<meta property=\"og:image:height\" content=\"675\" \/>\n\t<meta property=\"og:image:type\" content=\"image\/jpeg\" \/>\n<meta name=\"author\" content=\"Author\" \/>\n<meta name=\"twitter:card\" content=\"summary_large_image\" \/>\n<meta name=\"twitter:label1\" content=\"Escrito por\" \/>\n\t<meta name=\"twitter:data1\" content=\"Author\" \/>\n\t<meta name=\"twitter:label2\" content=\"Tiempo de lectura\" \/>\n\t<meta name=\"twitter:data2\" content=\"2 minutos\" \/>\n<script type=\"application\/ld+json\" class=\"yoast-schema-graph\">{\"@context\":\"https:\/\/schema.org\",\"@graph\":[{\"@type\":\"WebPage\",\"@id\":\"https:\/\/vof-news.eu\/es\/la-nueva-direccion-del-psoe-completa-tras-la-renuncia-de-paco-salazar\/\",\"url\":\"https:\/\/vof-news.eu\/es\/la-nueva-direccion-del-psoe-completa-tras-la-renuncia-de-paco-salazar\/\",\"name\":\"La nueva direcci\u00f3n del PSOE completa, tras la renuncia de Paco Salazar - vof-news.eu\",\"isPartOf\":{\"@id\":\"https:\/\/vof-news.eu\/es\/#website\"},\"primaryImageOfPage\":{\"@id\":\"https:\/\/vof-news.eu\/es\/la-nueva-direccion-del-psoe-completa-tras-la-renuncia-de-paco-salazar\/#primaryimage\"},\"image\":{\"@id\":\"https:\/\/vof-news.eu\/es\/la-nueva-direccion-del-psoe-completa-tras-la-renuncia-de-paco-salazar\/#primaryimage\"},\"thumbnailUrl\":\"https:\/\/vof-news.eu\/wp-content\/uploads\/2025\/07\/134248cb-d735-4d22-94fe-36da9e12dd4b_16-9-discover-aspect-ratio_default_0.jpg\",\"datePublished\":\"2025-07-05T10:17:11+00:00\",\"dateModified\":\"2025-07-05T10:17:50+00:00\",\"author\":{\"@id\":\"https:\/\/vof-news.eu\/es\/#\/schema\/person\/f6a2a4309f0561835797fd8c19b333ed\"},\"description\":\"El Comit\u00e9 Federal del PSOE reunido este s\u00e1bado en la sede estatal del partido de la calle de Ferraz de Madrid ha dado luz verde a la nueva Ejecutiva Federal socialista, remodelada por Pedro S\u00e1nchez a ra\u00edz de la implicaci\u00f3n del exsecretario de Organizaci\u00f3n, Santos Cerd\u00e1n, en un presunto caso de corrupci\u00f3n. En el listado final no figura Paco Salazar, que iba a ser nombrado adjunto a la nueva secretaria de Organizaci\u00f3n, pero que ha renunciado al puesto despu\u00e9s de que elDiario.es publicara de madrugada que varias mujeres lo acusan de \u201ccomportamientos inadecuados\u201d cuando era su jefe.\",\"breadcrumb\":{\"@id\":\"https:\/\/vof-news.eu\/es\/la-nueva-direccion-del-psoe-completa-tras-la-renuncia-de-paco-salazar\/#breadcrumb\"},\"inLanguage\":\"es\",\"potentialAction\":[{\"@type\":\"ReadAction\",\"target\":[\"https:\/\/vof-news.eu\/es\/la-nueva-direccion-del-psoe-completa-tras-la-renuncia-de-paco-salazar\/\"]}]},{\"@type\":\"ImageObject\",\"inLanguage\":\"es\",\"@id\":\"https:\/\/vof-news.eu\/es\/la-nueva-direccion-del-psoe-completa-tras-la-renuncia-de-paco-salazar\/#primaryimage\",\"url\":\"https:\/\/vof-news.eu\/wp-content\/uploads\/2025\/07\/134248cb-d735-4d22-94fe-36da9e12dd4b_16-9-discover-aspect-ratio_default_0.jpg\",\"contentUrl\":\"https:\/\/vof-news.eu\/wp-content\/uploads\/2025\/07\/134248cb-d735-4d22-94fe-36da9e12dd4b_16-9-discover-aspect-ratio_default_0.jpg\",\"width\":1200,\"height\":675},{\"@type\":\"BreadcrumbList\",\"@id\":\"https:\/\/vof-news.eu\/es\/la-nueva-direccion-del-psoe-completa-tras-la-renuncia-de-paco-salazar\/#breadcrumb\",\"itemListElement\":[{\"@type\":\"ListItem\",\"position\":1,\"name\":\"Home\",\"item\":\"https:\/\/vof-news.eu\/es\/\"},{\"@type\":\"ListItem\",\"position\":2,\"name\":\"La nueva direcci\u00f3n del PSOE completa, tras la renuncia de Paco Salazar\"}]},{\"@type\":\"WebSite\",\"@id\":\"https:\/\/vof-news.eu\/es\/#website\",\"url\":\"https:\/\/vof-news.eu\/es\/\",\"name\":\"vof-news.eu\",\"description\":\"\",\"potentialAction\":[{\"@type\":\"SearchAction\",\"target\":{\"@type\":\"EntryPoint\",\"urlTemplate\":\"https:\/\/vof-news.eu\/es\/?s={search_term_string}\"},\"query-input\":\"required name=search_term_string\"}],\"inLanguage\":\"es\"},{\"@type\":\"Person\",\"@id\":\"https:\/\/vof-news.eu\/es\/#\/schema\/person\/f6a2a4309f0561835797fd8c19b333ed\",\"name\":\"Author\",\"image\":{\"@type\":\"ImageObject\",\"inLanguage\":\"es\",\"@id\":\"https:\/\/vof-news.eu\/es\/#\/schema\/person\/image\/\",\"url\":\"https:\/\/secure.gravatar.com\/avatar\/b67e614b1b25b3e9c0c239efdd2fde5ab015b5affd6f1c3c85911ca4b384e790?s=96&d=mm&r=g\",\"contentUrl\":\"https:\/\/secure.gravatar.com\/avatar\/b67e614b1b25b3e9c0c239efdd2fde5ab015b5affd6f1c3c85911ca4b384e790?s=96&d=mm&r=g\",\"caption\":\"Author\"},\"sameAs\":[\"http:\/\/vof-news.eu\"],\"url\":\"https:\/\/vof-news.eu\/es\/author\/zwt6qxnjulxbnyg\/\"}]}<\/script>\n<!-- \/ Yoast SEO plugin. -->","yoast_head_json":{"title":"La nueva direcci\u00f3n del PSOE completa, tras la renuncia de Paco Salazar - vof-news.eu","description":"El Comit\u00e9 Federal del PSOE reunido este s\u00e1bado en la sede estatal del partido de la calle de Ferraz de Madrid ha dado luz verde a la nueva Ejecutiva Federal socialista, remodelada por Pedro S\u00e1nchez a ra\u00edz de la implicaci\u00f3n del exsecretario de Organizaci\u00f3n, Santos Cerd\u00e1n, en un presunto caso de corrupci\u00f3n. En el listado final no figura Paco Salazar, que iba a ser nombrado adjunto a la nueva secretaria de Organizaci\u00f3n, pero que ha renunciado al puesto despu\u00e9s de que elDiario.es publicara de madrugada que varias mujeres lo acusan de \u201ccomportamientos inadecuados\u201d cuando era su jefe.","robots":{"index":"noindex","follow":"follow","max-snippet":"max-snippet:-1","max-image-preview":"max-image-preview:large","max-video-preview":"max-video-preview:-1"},"og_locale":"es_ES","og_type":"article","og_title":"La nueva direcci\u00f3n del PSOE completa, tras la renuncia de Paco Salazar - vof-news.eu","og_description":"El Comit\u00e9 Federal del PSOE reunido este s\u00e1bado en la sede estatal del partido de la calle de Ferraz de Madrid ha dado luz verde a la nueva Ejecutiva Federal socialista, remodelada por Pedro S\u00e1nchez a ra\u00edz de la implicaci\u00f3n del exsecretario de Organizaci\u00f3n, Santos Cerd\u00e1n, en un presunto caso de corrupci\u00f3n. En el listado final no figura Paco Salazar, que iba a ser nombrado adjunto a la nueva secretaria de Organizaci\u00f3n, pero que ha renunciado al puesto despu\u00e9s de que elDiario.es publicara de madrugada que varias mujeres lo acusan de \u201ccomportamientos inadecuados\u201d cuando era su jefe.","og_url":"https:\/\/vof-news.eu\/es\/la-nueva-direccion-del-psoe-completa-tras-la-renuncia-de-paco-salazar\/","og_site_name":"vof-news.eu","article_published_time":"2025-07-05T10:17:11+00:00","article_modified_time":"2025-07-05T10:17:50+00:00","og_image":[{"width":1200,"height":675,"url":"https:\/\/vof-news.eu\/wp-content\/uploads\/2025\/07\/134248cb-d735-4d22-94fe-36da9e12dd4b_16-9-discover-aspect-ratio_default_0.jpg","type":"image\/jpeg"}],"author":"Author","twitter_card":"summary_large_image","twitter_misc":{"Escrito por":"Author","Tiempo de lectura":"2 minutos"},"schema":{"@context":"https:\/\/schema.org","@graph":[{"@type":"WebPage","@id":"https:\/\/vof-news.eu\/es\/la-nueva-direccion-del-psoe-completa-tras-la-renuncia-de-paco-salazar\/","url":"https:\/\/vof-news.eu\/es\/la-nueva-direccion-del-psoe-completa-tras-la-renuncia-de-paco-salazar\/","name":"La nueva direcci\u00f3n del PSOE completa, tras la renuncia de Paco Salazar - vof-news.eu","isPartOf":{"@id":"https:\/\/vof-news.eu\/es\/#website"},"primaryImageOfPage":{"@id":"https:\/\/vof-news.eu\/es\/la-nueva-direccion-del-psoe-completa-tras-la-renuncia-de-paco-salazar\/#primaryimage"},"image":{"@id":"https:\/\/vof-news.eu\/es\/la-nueva-direccion-del-psoe-completa-tras-la-renuncia-de-paco-salazar\/#primaryimage"},"thumbnailUrl":"https:\/\/vof-news.eu\/wp-content\/uploads\/2025\/07\/134248cb-d735-4d22-94fe-36da9e12dd4b_16-9-discover-aspect-ratio_default_0.jpg","datePublished":"2025-07-05T10:17:11+00:00","dateModified":"2025-07-05T10:17:50+00:00","author":{"@id":"https:\/\/vof-news.eu\/es\/#\/schema\/person\/f6a2a4309f0561835797fd8c19b333ed"},"description":"El Comit\u00e9 Federal del PSOE reunido este s\u00e1bado en la sede estatal del partido de la calle de Ferraz de Madrid ha dado luz verde a la nueva Ejecutiva Federal socialista, remodelada por Pedro S\u00e1nchez a ra\u00edz de la implicaci\u00f3n del exsecretario de Organizaci\u00f3n, Santos Cerd\u00e1n, en un presunto caso de corrupci\u00f3n. En el listado final no figura Paco Salazar, que iba a ser nombrado adjunto a la nueva secretaria de Organizaci\u00f3n, pero que ha renunciado al puesto despu\u00e9s de que elDiario.es publicara de madrugada que varias mujeres lo acusan de \u201ccomportamientos inadecuados\u201d cuando era su jefe.","breadcrumb":{"@id":"https:\/\/vof-news.eu\/es\/la-nueva-direccion-del-psoe-completa-tras-la-renuncia-de-paco-salazar\/#breadcrumb"},"inLanguage":"es","potentialAction":[{"@type":"ReadAction","target":["https:\/\/vof-news.eu\/es\/la-nueva-direccion-del-psoe-completa-tras-la-renuncia-de-paco-salazar\/"]}]},{"@type":"ImageObject","inLanguage":"es","@id":"https:\/\/vof-news.eu\/es\/la-nueva-direccion-del-psoe-completa-tras-la-renuncia-de-paco-salazar\/#primaryimage","url":"https:\/\/vof-news.eu\/wp-content\/uploads\/2025\/07\/134248cb-d735-4d22-94fe-36da9e12dd4b_16-9-discover-aspect-ratio_default_0.jpg","contentUrl":"https:\/\/vof-news.eu\/wp-content\/uploads\/2025\/07\/134248cb-d735-4d22-94fe-36da9e12dd4b_16-9-discover-aspect-ratio_default_0.jpg","width":1200,"height":675},{"@type":"BreadcrumbList","@id":"https:\/\/vof-news.eu\/es\/la-nueva-direccion-del-psoe-completa-tras-la-renuncia-de-paco-salazar\/#breadcrumb","itemListElement":[{"@type":"ListItem","position":1,"name":"Home","item":"https:\/\/vof-news.eu\/es\/"},{"@type":"ListItem","position":2,"name":"La nueva direcci\u00f3n del PSOE completa, tras la renuncia de Paco Salazar"}]},{"@type":"WebSite","@id":"https:\/\/vof-news.eu\/es\/#website","url":"https:\/\/vof-news.eu\/es\/","name":"vof-news.eu","description":"","potentialAction":[{"@type":"SearchAction","target":{"@type":"EntryPoint","urlTemplate":"https:\/\/vof-news.eu\/es\/?s={search_term_string}"},"query-input":"required name=search_term_string"}],"inLanguage":"es"},{"@type":"Person","@id":"https:\/\/vof-news.eu\/es\/#\/schema\/person\/f6a2a4309f0561835797fd8c19b333ed","name":"Author","image":{"@type":"ImageObject","inLanguage":"es","@id":"https:\/\/vof-news.eu\/es\/#\/schema\/person\/image\/","url":"https:\/\/secure.gravatar.com\/avatar\/b67e614b1b25b3e9c0c239efdd2fde5ab015b5affd6f1c3c85911ca4b384e790?s=96&d=mm&r=g","contentUrl":"https:\/\/secure.gravatar.com\/avatar\/b67e614b1b25b3e9c0c239efdd2fde5ab015b5affd6f1c3c85911ca4b384e790?s=96&d=mm&r=g","caption":"Author"},"sameAs":["http:\/\/vof-news.eu"],"url":"https:\/\/vof-news.eu\/es\/author\/zwt6qxnjulxbnyg\/"}]}},"yoast_meta":{"yoast_wpseo_title":"","yoast_wpseo_metadesc":"","yoast_wpseo_canonical":""},"_links":{"self":[{"href":"https:\/\/vof-news.eu\/es\/wp-json\/wp\/v2\/posts\/247634","targetHints":{"allow":["GET"]}}],"collection":[{"href":"https:\/\/vof-news.eu\/es\/wp-json\/wp\/v2\/posts"}],"about":[{"href":"https:\/\/vof-news.eu\/es\/wp-json\/wp\/v2\/types\/post"}],"author":[{"embeddable":true,"href":"https:\/\/vof-news.eu\/es\/wp-json\/wp\/v2\/users\/1"}],"replies":[{"embeddable":true,"href":"https:\/\/vof-news.eu\/es\/wp-json\/wp\/v2\/comments?post=247634"}],"version-history":[{"count":1,"href":"https:\/\/vof-news.eu\/es\/wp-json\/wp\/v2\/posts\/247634\/revisions"}],"predecessor-version":[{"id":247641,"href":"https:\/\/vof-news.eu\/es\/wp-json\/wp\/v2\/posts\/247634\/revisions\/247641"}],"wp:featuredmedia":[{"embeddable":true,"href":"https:\/\/vof-news.eu\/es\/wp-json\/wp\/v2\/media\/247635"}],"wp:attachment":[{"href":"https:\/\/vof-news.eu\/es\/wp-json\/wp\/v2\/media?parent=247634"}],"wp:term":[{"taxonomy":"category","embeddable":true,"href":"https:\/\/vof-news.eu\/es\/wp-json\/wp\/v2\/categories?post=247634"},{"taxonomy":"post_tag","embeddable":true,"href":"https:\/\/vof-news.eu\/es\/wp-json\/wp\/v2\/tags?post=247634"}],"curies":[{"name":"wp","href":"https:\/\/api.w.org\/{rel}","templated":true}]}}