{"id":247484,"date":"2025-07-05T07:17:10","date_gmt":"2025-07-05T04:17:10","guid":{"rendered":"https:\/\/vof-news.eu\/telefono-direccion-y-matricula-del-coche-la-escalada-de-odio-en-redes-reabre-las-puertas-al-acoso-directo\/"},"modified":"2025-07-05T07:17:41","modified_gmt":"2025-07-05T04:17:41","slug":"telefono-direccion-y-matricula-del-coche-la-escalada-de-odio-en-redes-reabre-las-puertas-al-acoso-directo","status":"publish","type":"post","link":"https:\/\/vof-news.eu\/es\/telefono-direccion-y-matricula-del-coche-la-escalada-de-odio-en-redes-reabre-las-puertas-al-acoso-directo\/","title":{"rendered":"Tel\u00e9fono, direcci\u00f3n y matr\u00edcula del coche: la escalada de odio en redes reabre las puertas al acoso directo"},"content":{"rendered":"<div>\n<blockquote>\n<\/blockquote>\n<p>\n        En &#8216;El club de la lucha&#8217;, el escritor estaounidense Chuck Palahniuk presenta a Tyler Durden y su proyecto &#8216;Mayhem&#8217;. Una revoluci\u00f3n soterrada de la facci\u00f3n invisible y desencantada de la sociedad que amenaza la tranquilidad de la \u00e9lite y la civilizaci\u00f3n consumista. Desde camareros que orinan en las sopas de una fiesta hasta la fabricaci\u00f3n de explosivos caseros. Una rebeli\u00f3n ficticia convertida en objeto de fascinaci\u00f3n en grupos y chats de extrema derecha donde la consigna es impedir que los rivales pol\u00edticos o period\u00edsticos puedan ir \u201ctranquilos\u201d por la calle o estar en sus casas, como sucedi\u00f3 con Pablo Iglesias, Irene Montero y su familia en Galapagar. El \u00faltimo cap\u00edtulo: dos piratas inform\u00e1ticos detenidos por filtrar los n\u00fameros de tel\u00e9fono y datos personales, sobre todo, de pol\u00edticos y periodistas de izquierdas.\n    <\/p>\n<p>\n        \u201cNing\u00fan votante de la izquierda debe poder caminar tranquilo\u201d. Alberto &#8216;Ferrando&#8217; Caliu, agitador de extrema derecha y <a href=\"https:\/\/www.eldiario.es\/rastreador\/difusores-bulos-racistas-cierran-cuentas-redes-sociales-anuncio-investigacion-fiscalia_132_11600049.html\" rel=\"nofollow\">difusor habitual de bulos racistas<\/a>, puso hace poco por escrito <a href=\"https:\/\/x.com\/AlbertoCaliu\/status\/1938667746566226207\" rel=\"nofollow\">en la red social X<\/a> el dogma ambiguamente violento que, desde hace a\u00f1os, intentan legitimar sectores radicales y que no ponen personalmente en pr\u00e1ctica, pero s\u00ed act\u00faa como combustible. Convertir en aceptable o disfrazar de revolucionaria la incitaci\u00f3n al acoso en la calle no solo a pol\u00edticos sino a informadores, en este caso considerados progresistas o de izquierdas.\n    <\/p>\n<p>\n        Ni este ni otros influencers de la &#8216;fachosfera&#8217; m\u00e1s extrema tienen la patente de este formato de invitar a la violencia sin hablar de violencia y, por tanto, sin tener que responsabilizarse de ella. Tampoco el pirata inform\u00e1tico &#8216;Akkaspace&#8217;, considerado responsable de esta \u00faltima filtraci\u00f3n de datos de pol\u00edticos, que s\u00ed ha dado un paso m\u00e1s y ha expuesto datos personales de miembros del Gobierno y periodistas, algunos de los cuales han recibido amenazas en sus m\u00f3viles. Lo ha hecho \u201cpara el pueblo\u201d y contra la \u201ccorrupci\u00f3n del PSOE\u201d, dijo en conversaci\u00f3n <a href=\"https:\/\/www.vozpopuli.com\/sucesos\/vozpopuli-localiza-al-hacker-que-filtra-los-datos-de-ministros-que-me-metan-en-la-celda-de-sanchez.html\" rel=\"nofollow\">con Vozp\u00f3puli<\/a>, medio que le define como un \u201c<a href=\"https:\/\/www.vozpopuli.com\/sucesos\/akkaspace-el-hacker-robin-hood-que-penetra-en-el-gobierno-y-desafia-la-seguridad-del-estado.html\" rel=\"nofollow\">Robin Hood<\/a>\u201d.\n    <\/p>\n<p>\n        La Audiencia Nacional investiga bajo secreto de sumario si, lejos de una acci\u00f3n altruista en defensa de los d\u00e9biles, este y otro joven canario respond\u00edan <a href=\"https:\/\/www.eldiario.es\/tecnologia\/policia-investiga-si-jovenes-detenidos-filtrar-datos-politicos-periodistas-tenian-alguien_1_12429801.html\" rel=\"nofollow\">ante terceras personas<\/a>, o si hay alg\u00fan tipo de negocio de por medio. El objetivo ideol\u00f3gico es expl\u00edcito. Junto a la difusi\u00f3n de datos de expol\u00edticos del PP que ya no est\u00e1n en activo, los piratas inform\u00e1ticos publicaron n\u00fameros de tel\u00e9fono, direcciones y hasta matr\u00edculas de buen parte del Consejo de Ministros, dirigentes y exdirigentes de Podemos y diversos periodistas, entre ellos el director de este peri\u00f3dico, Ignacio Escolar. \u201cUn poco de info de estos pol\u00edticos de mierda, <a href=\"https:\/\/www.eldiario.es\/tecnologia\/ciberataque-ministros-politicos-periodistas-izquierda-pretende-facilitar-acoso-parece-encargo_1_12407393.html\" rel=\"nofollow\">ultraizquierdas y corruptos<\/a>\u201d, escribi\u00f3 el usuario que public\u00f3 los datos.\n    <\/p>\n<p>\n        Ante el juez, antes de quedar en libertad con cautelares, Akkaspace ha dado una versi\u00f3n distinta. Ha asegurado, seg\u00fan fuentes jur\u00eddicas, que un \u201cagente encubierto\u201d le pag\u00f3, pero ha negado haber perpetrado ataques inform\u00e1ticos sino que us\u00f3 una \u201caplicaci\u00f3n\u201d y no tiene conocimientos de inform\u00e1tica. Ni rastro de la lucha en nombre del \u201cpueblo\u201d que le atribu\u00edan algunos medios antes de su arresto.\n    <\/p>\n<p>\n        Los datos fueron publicados en un canal de Telegram con m\u00e1s de 90.000 suscriptores montado en \u201capoyo\u201d al eurodiputado y agitador <a href=\"https:\/\/www.eldiario.es\/temas\/alvise-perez\/\" rel=\"nofollow\">Luis &#8216;Alvise&#8217; P\u00e9rez<\/a>, aunque sin vinculaci\u00f3n real con \u00e9l. El l\u00edder de <a href=\"https:\/\/www.eldiario.es\/temas\/salf-se-acabo-la-fiesta\/\" rel=\"nofollow\">&#8216;Se Acab\u00f3 La Fiesta<\/a>&#8216; sale victorioso cuando se le hace la prueba de paternidad a este tipo de estrategias. Es quien, desde hace a\u00f1os, promueve desde su canal de Telegram y sus cuentas intermitentes de Twitter el hostigamiento \u2013principalmente a pol\u00edticos y periodistas del espectro progresista pero sin cerrarse a otras opciones\u2013 llamando a la colaboraci\u00f3n ciudadana y disfraz\u00e1ndose de Tyler Durden para convertir el acoso en una causa noble.\n    <\/p>\n<h2>\u201cSomos el Club de la Lucha\u201d<\/h2>\n<p>\n        \u201cSegu\u00eds sin entender que somos vuestros camareros, taxistas, polic\u00edas, jardineros y los que hacemos que el sistema funcione. Os vemos\u201d, dijo en una ocasi\u00f3n para desarrollar su campa\u00f1a de acoso contra la futbolista Jenni Hermoso, v\u00edctima de abuso sexual tal y como han declarado los jueces. \u201cSomos el Club de la Lucha contra el sistema corrupto que nos esclaviza y vamos a por vosotros\u201d, dijo en otra ocasi\u00f3n para revelar el itinerario de Pedro S\u00e1nchez y fomentar las protestas contra \u00e9l. \u201cSomos sus vecinos, limpiadoras, contables, jardineros, trabajadores, taxistas&#8230;\u201d dijo en otro mensaje muy similar cuando pidi\u00f3 informaci\u00f3n contra Javier Tebas, presidente de La Liga.\n    <\/p>\n<p>\n        En el caso de Alvise P\u00e9rez, las incitaciones ambiguas al acoso no se han quedado en mensajes inflamados en su canal de Telegram. Durante a\u00f1os ha sido habitual que el agitador publique fotos de pol\u00edticos y periodistas en situaciones personales, a veces con familiares y menores de edad, dando a entender que hacen algo ilegal y, sobre todo, que tiene mil ojos en las calles para perseguir a sus rivales. Lo que Tyler Durden bautiz\u00f3 como &#8216;Monos Espaciales&#8217; en &#8216;El Club de la Lucha&#8217; y que Alvise denomina &#8216;Ardillas&#8217;, apropi\u00e1ndose de la tendencia en Twitter que le reproch\u00f3 haber sexualizado a los animales que protagonizan &#8216;Space Jam&#8217;.\n    <\/p>\n<p>\n        Los paralelismos entre Alvise, sus seguidores y la \u00f3pera prima de Palahniuk terminan ah\u00ed. El agitador, lejos de ser el l\u00edder an\u00f3nimo de un grupo de ciudadanos que buscan la refundaci\u00f3n de la sociedad capitalista, est\u00e1 al frente de un partido pol\u00edtico con tres eurodiputados peleados entre s\u00ed y un c\u00f3digo interno que le permite ejercer un control f\u00e9rreo, investigado adem\u00e1s por financiaci\u00f3n ilegal. Y su hostigamiento a pol\u00edticos y periodistas, lejos de haber minado el poder de las \u00e9lites a las que aspira a unirse, se ha traducido en varias condenas e investigaciones penales contra \u00e9l.\n    <\/p>\n<p>\n        Publicar datos personales o fotos privadas de pol\u00edticos y periodistas no es un ejemplo de lucha contra el poder, han dicho varias veces los jueces, sino una forma de acoso. El propio Alvise acumula decenas de miles de euros en condenas civiles y est\u00e1 imputado en el Tribunal Supremo por difundir un bulo sobre Salvador Illa y por promover el hostigamiento de sus seguidores a la fiscal Susana Gisbert. Tambi\u00e9n <a href=\"https:\/\/www.eldiario.es\/politica\/proteccion-datos-multa-5-000-euros-alvise-difundir-fotos-hija-menor-edad-oscar-puente_1_11860679.html\" rel=\"nofollow\">ha sido sancionado<\/a> por difundir una foto de la hija menor de edad del ministro \u00d3scar Puente dando a entender que no era su hija sino su amante.\n    <\/p>\n<p>\n        La derecha parlamentaria y <a href=\"https:\/\/okdiario.com\/espana\/feijoo-no-sanchez-si-puede-salir-calle-14634253\" rel=\"nofollow\">period\u00edstica<\/a>, tanto el Partido Popular como Vox, celebran desde hace tiempo que Pedro S\u00e1nchez no puede \u201c<a href=\"https:\/\/www.abc.es\/espana\/abascal-normal-sanchez-pueda-salir-calle-tranquilidad-20230709142707-vi.html\" rel=\"nofollow\">salir a la calle con tranquilidad<\/a>\u201d, entusiasmo que comparten con la <a href=\"https:\/\/x.com\/Albertopugilat\/status\/1940342366755598663\" rel=\"nofollow\">extrema derecha<\/a> aunque sin capacidad demostrada, al menos por el momento, de poder llevar a la calle la beligerancia violenta que s\u00ed preconizan en sus redes sociales.\n    <\/p>\n<p>\n        Grupos como N\u00facleo Nacional, que intentaron capitalizar las manifestaciones de miles de personas ante la sede del PSOE en noviembre de 2023, no han concitado la unidad que esperaban entre los grupos de la extrema derecha, y las cabezas visibles de ese espectro ideol\u00f3gico, como Alvise o el l\u00edder de Desokupa ya demostraron su alcance: llevar a la gente a las puertas del Congreso e <a href=\"https:\/\/www.eldiario.es\/politica\/manifestantes-amnistia-concentra-frente-congreso-guiados-alvise-lider-desokupa_1_10665334.html\" rel=\"nofollow\">invitarles a sentarse de espaldas<\/a> mientras tranquilizan a la Polic\u00eda. Pero tambi\u00e9n su capacidad para hostigar a pol\u00edticos y sus familias durante meses sin tener que sufrir consecuencias. Por ejemplo cuando agitadores como Miguel Frontera fomentaron el acoso diario durante meses a Pablo Iglesias, Irene Montero y sus hijos peque\u00f1os frente a su domicilio.\n    <\/p>\n<\/div>\n","protected":false},"excerpt":{"rendered":"<p>En &#8216;El club de la lucha&#8217;, el escritor estaounidense Chuck Palahniuk presenta a Tyler Durden y su proyecto &#8216;Mayhem&#8217;. Una revoluci\u00f3n soterrada de la facci\u00f3n invisible y desencantada de la sociedad que amenaza la tranquilidad de la \u00e9lite y la civilizaci\u00f3n consumista. Desde camareros que orinan en las sopas de una fiesta hasta la fabricaci\u00f3n<\/p>\n","protected":false},"author":1,"featured_media":247485,"comment_status":"open","ping_status":"open","sticky":false,"template":"","format":"standard","meta":{"footnotes":""},"categories":[71],"tags":[],"class_list":["post-247484","post","type-post","status-publish","format-standard","has-post-thumbnail","hentry","category-politics-es"],"acf":[],"yoast_head":"<!-- This site is optimized with the Yoast SEO plugin v22.9 - https:\/\/yoast.com\/wordpress\/plugins\/seo\/ -->\n<title>Tel\u00e9fono, direcci\u00f3n y matr\u00edcula del coche: la escalada de odio en redes reabre las puertas al acoso directo - vof-news.eu<\/title>\n<meta name=\"description\" content=\"En &#039;El club de la lucha&#039;, el escritor estaounidense Chuck Palahniuk presenta a Tyler Durden y su proyecto &#039;Mayhem&#039;. Una revoluci\u00f3n soterrada de la facci\u00f3n invisible y desencantada de la sociedad que amenaza la tranquilidad de la \u00e9lite y la civilizaci\u00f3n consumista. Desde camareros que orinan en las sopas de una fiesta hasta la fabricaci\u00f3n de explosivos caseros. Una rebeli\u00f3n ficticia convertida en objeto de fascinaci\u00f3n en grupos y chats de extrema derecha donde la consigna es impedir que los rivales pol\u00edticos o period\u00edsticos puedan ir \u201ctranquilos\u201d por la calle o estar en sus casas, como sucedi\u00f3 con Pablo Iglesias, Irene Montero y su familia en Galapagar. El \u00faltimo cap\u00edtulo: dos piratas inform\u00e1ticos detenidos por filtrar los n\u00fameros de tel\u00e9fono y datos personales, sobre todo, de pol\u00edticos y periodistas de izquierdas.\" \/>\n<meta name=\"robots\" content=\"noindex, follow, max-snippet:-1, max-image-preview:large, max-video-preview:-1\" \/>\n<meta property=\"og:locale\" content=\"es_ES\" \/>\n<meta property=\"og:type\" content=\"article\" \/>\n<meta property=\"og:title\" content=\"Tel\u00e9fono, direcci\u00f3n y matr\u00edcula del coche: la escalada de odio en redes reabre las puertas al acoso directo - vof-news.eu\" \/>\n<meta property=\"og:description\" content=\"En &#039;El club de la lucha&#039;, el escritor estaounidense Chuck Palahniuk presenta a Tyler Durden y su proyecto &#039;Mayhem&#039;. Una revoluci\u00f3n soterrada de la facci\u00f3n invisible y desencantada de la sociedad que amenaza la tranquilidad de la \u00e9lite y la civilizaci\u00f3n consumista. Desde camareros que orinan en las sopas de una fiesta hasta la fabricaci\u00f3n de explosivos caseros. Una rebeli\u00f3n ficticia convertida en objeto de fascinaci\u00f3n en grupos y chats de extrema derecha donde la consigna es impedir que los rivales pol\u00edticos o period\u00edsticos puedan ir \u201ctranquilos\u201d por la calle o estar en sus casas, como sucedi\u00f3 con Pablo Iglesias, Irene Montero y su familia en Galapagar. El \u00faltimo cap\u00edtulo: dos piratas inform\u00e1ticos detenidos por filtrar los n\u00fameros de tel\u00e9fono y datos personales, sobre todo, de pol\u00edticos y periodistas de izquierdas.\" \/>\n<meta property=\"og:url\" content=\"https:\/\/vof-news.eu\/es\/telefono-direccion-y-matricula-del-coche-la-escalada-de-odio-en-redes-reabre-las-puertas-al-acoso-directo\/\" \/>\n<meta property=\"og:site_name\" content=\"vof-news.eu\" \/>\n<meta property=\"article:published_time\" content=\"2025-07-05T04:17:10+00:00\" \/>\n<meta property=\"article:modified_time\" content=\"2025-07-05T04:17:41+00:00\" \/>\n<meta property=\"og:image\" content=\"https:\/\/vof-news.eu\/wp-content\/uploads\/2025\/07\/0ab0fd31-81e9-439d-b4a8-4490b0ce9f6d_16-9-discover-aspect-ratio_default_0.jpg\" \/>\n\t<meta property=\"og:image:width\" content=\"1200\" \/>\n\t<meta property=\"og:image:height\" content=\"675\" \/>\n\t<meta property=\"og:image:type\" content=\"image\/jpeg\" \/>\n<meta name=\"author\" content=\"Author\" \/>\n<meta name=\"twitter:card\" content=\"summary_large_image\" \/>\n<meta name=\"twitter:label1\" content=\"Escrito por\" \/>\n\t<meta name=\"twitter:data1\" content=\"Author\" \/>\n\t<meta name=\"twitter:label2\" content=\"Tiempo de lectura\" \/>\n\t<meta name=\"twitter:data2\" content=\"6 minutos\" \/>\n<script type=\"application\/ld+json\" class=\"yoast-schema-graph\">{\"@context\":\"https:\/\/schema.org\",\"@graph\":[{\"@type\":\"WebPage\",\"@id\":\"https:\/\/vof-news.eu\/es\/telefono-direccion-y-matricula-del-coche-la-escalada-de-odio-en-redes-reabre-las-puertas-al-acoso-directo\/\",\"url\":\"https:\/\/vof-news.eu\/es\/telefono-direccion-y-matricula-del-coche-la-escalada-de-odio-en-redes-reabre-las-puertas-al-acoso-directo\/\",\"name\":\"Tel\u00e9fono, direcci\u00f3n y matr\u00edcula del coche: la escalada de odio en redes reabre las puertas al acoso directo - vof-news.eu\",\"isPartOf\":{\"@id\":\"https:\/\/vof-news.eu\/es\/#website\"},\"primaryImageOfPage\":{\"@id\":\"https:\/\/vof-news.eu\/es\/telefono-direccion-y-matricula-del-coche-la-escalada-de-odio-en-redes-reabre-las-puertas-al-acoso-directo\/#primaryimage\"},\"image\":{\"@id\":\"https:\/\/vof-news.eu\/es\/telefono-direccion-y-matricula-del-coche-la-escalada-de-odio-en-redes-reabre-las-puertas-al-acoso-directo\/#primaryimage\"},\"thumbnailUrl\":\"https:\/\/vof-news.eu\/wp-content\/uploads\/2025\/07\/0ab0fd31-81e9-439d-b4a8-4490b0ce9f6d_16-9-discover-aspect-ratio_default_0.jpg\",\"datePublished\":\"2025-07-05T04:17:10+00:00\",\"dateModified\":\"2025-07-05T04:17:41+00:00\",\"author\":{\"@id\":\"https:\/\/vof-news.eu\/es\/#\/schema\/person\/f6a2a4309f0561835797fd8c19b333ed\"},\"description\":\"En 'El club de la lucha', el escritor estaounidense Chuck Palahniuk presenta a Tyler Durden y su proyecto 'Mayhem'. Una revoluci\u00f3n soterrada de la facci\u00f3n invisible y desencantada de la sociedad que amenaza la tranquilidad de la \u00e9lite y la civilizaci\u00f3n consumista. Desde camareros que orinan en las sopas de una fiesta hasta la fabricaci\u00f3n de explosivos caseros. Una rebeli\u00f3n ficticia convertida en objeto de fascinaci\u00f3n en grupos y chats de extrema derecha donde la consigna es impedir que los rivales pol\u00edticos o period\u00edsticos puedan ir \u201ctranquilos\u201d por la calle o estar en sus casas, como sucedi\u00f3 con Pablo Iglesias, Irene Montero y su familia en Galapagar. El \u00faltimo cap\u00edtulo: dos piratas inform\u00e1ticos detenidos por filtrar los n\u00fameros de tel\u00e9fono y datos personales, sobre todo, de pol\u00edticos y periodistas de izquierdas.\",\"breadcrumb\":{\"@id\":\"https:\/\/vof-news.eu\/es\/telefono-direccion-y-matricula-del-coche-la-escalada-de-odio-en-redes-reabre-las-puertas-al-acoso-directo\/#breadcrumb\"},\"inLanguage\":\"es\",\"potentialAction\":[{\"@type\":\"ReadAction\",\"target\":[\"https:\/\/vof-news.eu\/es\/telefono-direccion-y-matricula-del-coche-la-escalada-de-odio-en-redes-reabre-las-puertas-al-acoso-directo\/\"]}]},{\"@type\":\"ImageObject\",\"inLanguage\":\"es\",\"@id\":\"https:\/\/vof-news.eu\/es\/telefono-direccion-y-matricula-del-coche-la-escalada-de-odio-en-redes-reabre-las-puertas-al-acoso-directo\/#primaryimage\",\"url\":\"https:\/\/vof-news.eu\/wp-content\/uploads\/2025\/07\/0ab0fd31-81e9-439d-b4a8-4490b0ce9f6d_16-9-discover-aspect-ratio_default_0.jpg\",\"contentUrl\":\"https:\/\/vof-news.eu\/wp-content\/uploads\/2025\/07\/0ab0fd31-81e9-439d-b4a8-4490b0ce9f6d_16-9-discover-aspect-ratio_default_0.jpg\",\"width\":1200,\"height\":675},{\"@type\":\"BreadcrumbList\",\"@id\":\"https:\/\/vof-news.eu\/es\/telefono-direccion-y-matricula-del-coche-la-escalada-de-odio-en-redes-reabre-las-puertas-al-acoso-directo\/#breadcrumb\",\"itemListElement\":[{\"@type\":\"ListItem\",\"position\":1,\"name\":\"Home\",\"item\":\"https:\/\/vof-news.eu\/es\/\"},{\"@type\":\"ListItem\",\"position\":2,\"name\":\"Tel\u00e9fono, direcci\u00f3n y matr\u00edcula del coche: la escalada de odio en redes reabre las puertas al acoso directo\"}]},{\"@type\":\"WebSite\",\"@id\":\"https:\/\/vof-news.eu\/es\/#website\",\"url\":\"https:\/\/vof-news.eu\/es\/\",\"name\":\"vof-news.eu\",\"description\":\"\",\"potentialAction\":[{\"@type\":\"SearchAction\",\"target\":{\"@type\":\"EntryPoint\",\"urlTemplate\":\"https:\/\/vof-news.eu\/es\/?s={search_term_string}\"},\"query-input\":\"required name=search_term_string\"}],\"inLanguage\":\"es\"},{\"@type\":\"Person\",\"@id\":\"https:\/\/vof-news.eu\/es\/#\/schema\/person\/f6a2a4309f0561835797fd8c19b333ed\",\"name\":\"Author\",\"image\":{\"@type\":\"ImageObject\",\"inLanguage\":\"es\",\"@id\":\"https:\/\/vof-news.eu\/es\/#\/schema\/person\/image\/\",\"url\":\"https:\/\/secure.gravatar.com\/avatar\/b67e614b1b25b3e9c0c239efdd2fde5ab015b5affd6f1c3c85911ca4b384e790?s=96&d=mm&r=g\",\"contentUrl\":\"https:\/\/secure.gravatar.com\/avatar\/b67e614b1b25b3e9c0c239efdd2fde5ab015b5affd6f1c3c85911ca4b384e790?s=96&d=mm&r=g\",\"caption\":\"Author\"},\"sameAs\":[\"http:\/\/vof-news.eu\"],\"url\":\"https:\/\/vof-news.eu\/es\/author\/zwt6qxnjulxbnyg\/\"}]}<\/script>\n<!-- \/ Yoast SEO plugin. -->","yoast_head_json":{"title":"Tel\u00e9fono, direcci\u00f3n y matr\u00edcula del coche: la escalada de odio en redes reabre las puertas al acoso directo - vof-news.eu","description":"En 'El club de la lucha', el escritor estaounidense Chuck Palahniuk presenta a Tyler Durden y su proyecto 'Mayhem'. Una revoluci\u00f3n soterrada de la facci\u00f3n invisible y desencantada de la sociedad que amenaza la tranquilidad de la \u00e9lite y la civilizaci\u00f3n consumista. Desde camareros que orinan en las sopas de una fiesta hasta la fabricaci\u00f3n de explosivos caseros. Una rebeli\u00f3n ficticia convertida en objeto de fascinaci\u00f3n en grupos y chats de extrema derecha donde la consigna es impedir que los rivales pol\u00edticos o period\u00edsticos puedan ir \u201ctranquilos\u201d por la calle o estar en sus casas, como sucedi\u00f3 con Pablo Iglesias, Irene Montero y su familia en Galapagar. El \u00faltimo cap\u00edtulo: dos piratas inform\u00e1ticos detenidos por filtrar los n\u00fameros de tel\u00e9fono y datos personales, sobre todo, de pol\u00edticos y periodistas de izquierdas.","robots":{"index":"noindex","follow":"follow","max-snippet":"max-snippet:-1","max-image-preview":"max-image-preview:large","max-video-preview":"max-video-preview:-1"},"og_locale":"es_ES","og_type":"article","og_title":"Tel\u00e9fono, direcci\u00f3n y matr\u00edcula del coche: la escalada de odio en redes reabre las puertas al acoso directo - vof-news.eu","og_description":"En 'El club de la lucha', el escritor estaounidense Chuck Palahniuk presenta a Tyler Durden y su proyecto 'Mayhem'. Una revoluci\u00f3n soterrada de la facci\u00f3n invisible y desencantada de la sociedad que amenaza la tranquilidad de la \u00e9lite y la civilizaci\u00f3n consumista. Desde camareros que orinan en las sopas de una fiesta hasta la fabricaci\u00f3n de explosivos caseros. Una rebeli\u00f3n ficticia convertida en objeto de fascinaci\u00f3n en grupos y chats de extrema derecha donde la consigna es impedir que los rivales pol\u00edticos o period\u00edsticos puedan ir \u201ctranquilos\u201d por la calle o estar en sus casas, como sucedi\u00f3 con Pablo Iglesias, Irene Montero y su familia en Galapagar. El \u00faltimo cap\u00edtulo: dos piratas inform\u00e1ticos detenidos por filtrar los n\u00fameros de tel\u00e9fono y datos personales, sobre todo, de pol\u00edticos y periodistas de izquierdas.","og_url":"https:\/\/vof-news.eu\/es\/telefono-direccion-y-matricula-del-coche-la-escalada-de-odio-en-redes-reabre-las-puertas-al-acoso-directo\/","og_site_name":"vof-news.eu","article_published_time":"2025-07-05T04:17:10+00:00","article_modified_time":"2025-07-05T04:17:41+00:00","og_image":[{"width":1200,"height":675,"url":"https:\/\/vof-news.eu\/wp-content\/uploads\/2025\/07\/0ab0fd31-81e9-439d-b4a8-4490b0ce9f6d_16-9-discover-aspect-ratio_default_0.jpg","type":"image\/jpeg"}],"author":"Author","twitter_card":"summary_large_image","twitter_misc":{"Escrito por":"Author","Tiempo de lectura":"6 minutos"},"schema":{"@context":"https:\/\/schema.org","@graph":[{"@type":"WebPage","@id":"https:\/\/vof-news.eu\/es\/telefono-direccion-y-matricula-del-coche-la-escalada-de-odio-en-redes-reabre-las-puertas-al-acoso-directo\/","url":"https:\/\/vof-news.eu\/es\/telefono-direccion-y-matricula-del-coche-la-escalada-de-odio-en-redes-reabre-las-puertas-al-acoso-directo\/","name":"Tel\u00e9fono, direcci\u00f3n y matr\u00edcula del coche: la escalada de odio en redes reabre las puertas al acoso directo - vof-news.eu","isPartOf":{"@id":"https:\/\/vof-news.eu\/es\/#website"},"primaryImageOfPage":{"@id":"https:\/\/vof-news.eu\/es\/telefono-direccion-y-matricula-del-coche-la-escalada-de-odio-en-redes-reabre-las-puertas-al-acoso-directo\/#primaryimage"},"image":{"@id":"https:\/\/vof-news.eu\/es\/telefono-direccion-y-matricula-del-coche-la-escalada-de-odio-en-redes-reabre-las-puertas-al-acoso-directo\/#primaryimage"},"thumbnailUrl":"https:\/\/vof-news.eu\/wp-content\/uploads\/2025\/07\/0ab0fd31-81e9-439d-b4a8-4490b0ce9f6d_16-9-discover-aspect-ratio_default_0.jpg","datePublished":"2025-07-05T04:17:10+00:00","dateModified":"2025-07-05T04:17:41+00:00","author":{"@id":"https:\/\/vof-news.eu\/es\/#\/schema\/person\/f6a2a4309f0561835797fd8c19b333ed"},"description":"En 'El club de la lucha', el escritor estaounidense Chuck Palahniuk presenta a Tyler Durden y su proyecto 'Mayhem'. Una revoluci\u00f3n soterrada de la facci\u00f3n invisible y desencantada de la sociedad que amenaza la tranquilidad de la \u00e9lite y la civilizaci\u00f3n consumista. Desde camareros que orinan en las sopas de una fiesta hasta la fabricaci\u00f3n de explosivos caseros. Una rebeli\u00f3n ficticia convertida en objeto de fascinaci\u00f3n en grupos y chats de extrema derecha donde la consigna es impedir que los rivales pol\u00edticos o period\u00edsticos puedan ir \u201ctranquilos\u201d por la calle o estar en sus casas, como sucedi\u00f3 con Pablo Iglesias, Irene Montero y su familia en Galapagar. El \u00faltimo cap\u00edtulo: dos piratas inform\u00e1ticos detenidos por filtrar los n\u00fameros de tel\u00e9fono y datos personales, sobre todo, de pol\u00edticos y periodistas de izquierdas.","breadcrumb":{"@id":"https:\/\/vof-news.eu\/es\/telefono-direccion-y-matricula-del-coche-la-escalada-de-odio-en-redes-reabre-las-puertas-al-acoso-directo\/#breadcrumb"},"inLanguage":"es","potentialAction":[{"@type":"ReadAction","target":["https:\/\/vof-news.eu\/es\/telefono-direccion-y-matricula-del-coche-la-escalada-de-odio-en-redes-reabre-las-puertas-al-acoso-directo\/"]}]},{"@type":"ImageObject","inLanguage":"es","@id":"https:\/\/vof-news.eu\/es\/telefono-direccion-y-matricula-del-coche-la-escalada-de-odio-en-redes-reabre-las-puertas-al-acoso-directo\/#primaryimage","url":"https:\/\/vof-news.eu\/wp-content\/uploads\/2025\/07\/0ab0fd31-81e9-439d-b4a8-4490b0ce9f6d_16-9-discover-aspect-ratio_default_0.jpg","contentUrl":"https:\/\/vof-news.eu\/wp-content\/uploads\/2025\/07\/0ab0fd31-81e9-439d-b4a8-4490b0ce9f6d_16-9-discover-aspect-ratio_default_0.jpg","width":1200,"height":675},{"@type":"BreadcrumbList","@id":"https:\/\/vof-news.eu\/es\/telefono-direccion-y-matricula-del-coche-la-escalada-de-odio-en-redes-reabre-las-puertas-al-acoso-directo\/#breadcrumb","itemListElement":[{"@type":"ListItem","position":1,"name":"Home","item":"https:\/\/vof-news.eu\/es\/"},{"@type":"ListItem","position":2,"name":"Tel\u00e9fono, direcci\u00f3n y matr\u00edcula del coche: la escalada de odio en redes reabre las puertas al acoso directo"}]},{"@type":"WebSite","@id":"https:\/\/vof-news.eu\/es\/#website","url":"https:\/\/vof-news.eu\/es\/","name":"vof-news.eu","description":"","potentialAction":[{"@type":"SearchAction","target":{"@type":"EntryPoint","urlTemplate":"https:\/\/vof-news.eu\/es\/?s={search_term_string}"},"query-input":"required name=search_term_string"}],"inLanguage":"es"},{"@type":"Person","@id":"https:\/\/vof-news.eu\/es\/#\/schema\/person\/f6a2a4309f0561835797fd8c19b333ed","name":"Author","image":{"@type":"ImageObject","inLanguage":"es","@id":"https:\/\/vof-news.eu\/es\/#\/schema\/person\/image\/","url":"https:\/\/secure.gravatar.com\/avatar\/b67e614b1b25b3e9c0c239efdd2fde5ab015b5affd6f1c3c85911ca4b384e790?s=96&d=mm&r=g","contentUrl":"https:\/\/secure.gravatar.com\/avatar\/b67e614b1b25b3e9c0c239efdd2fde5ab015b5affd6f1c3c85911ca4b384e790?s=96&d=mm&r=g","caption":"Author"},"sameAs":["http:\/\/vof-news.eu"],"url":"https:\/\/vof-news.eu\/es\/author\/zwt6qxnjulxbnyg\/"}]}},"yoast_meta":{"yoast_wpseo_title":"","yoast_wpseo_metadesc":"","yoast_wpseo_canonical":""},"_links":{"self":[{"href":"https:\/\/vof-news.eu\/es\/wp-json\/wp\/v2\/posts\/247484","targetHints":{"allow":["GET"]}}],"collection":[{"href":"https:\/\/vof-news.eu\/es\/wp-json\/wp\/v2\/posts"}],"about":[{"href":"https:\/\/vof-news.eu\/es\/wp-json\/wp\/v2\/types\/post"}],"author":[{"embeddable":true,"href":"https:\/\/vof-news.eu\/es\/wp-json\/wp\/v2\/users\/1"}],"replies":[{"embeddable":true,"href":"https:\/\/vof-news.eu\/es\/wp-json\/wp\/v2\/comments?post=247484"}],"version-history":[{"count":1,"href":"https:\/\/vof-news.eu\/es\/wp-json\/wp\/v2\/posts\/247484\/revisions"}],"predecessor-version":[{"id":247491,"href":"https:\/\/vof-news.eu\/es\/wp-json\/wp\/v2\/posts\/247484\/revisions\/247491"}],"wp:featuredmedia":[{"embeddable":true,"href":"https:\/\/vof-news.eu\/es\/wp-json\/wp\/v2\/media\/247485"}],"wp:attachment":[{"href":"https:\/\/vof-news.eu\/es\/wp-json\/wp\/v2\/media?parent=247484"}],"wp:term":[{"taxonomy":"category","embeddable":true,"href":"https:\/\/vof-news.eu\/es\/wp-json\/wp\/v2\/categories?post=247484"},{"taxonomy":"post_tag","embeddable":true,"href":"https:\/\/vof-news.eu\/es\/wp-json\/wp\/v2\/tags?post=247484"}],"curies":[{"name":"wp","href":"https:\/\/api.w.org\/{rel}","templated":true}]}}