{"id":247401,"date":"2025-07-05T01:19:07","date_gmt":"2025-07-04T22:19:07","guid":{"rendered":"https:\/\/vof-news.eu\/la-travesia-de-269-dias-de-carvajal-el-vinculo-con-sus-dos-hijos-y-un-vestuario-sin-faro-cuando-el-habla-todos-callan\/"},"modified":"2025-07-05T01:19:45","modified_gmt":"2025-07-04T22:19:45","slug":"la-travesia-de-269-dias-de-carvajal-el-vinculo-con-sus-dos-hijos-y-un-vestuario-sin-faro-cuando-el-habla-todos-callan","status":"publish","type":"post","link":"https:\/\/vof-news.eu\/es\/la-travesia-de-269-dias-de-carvajal-el-vinculo-con-sus-dos-hijos-y-un-vestuario-sin-faro-cuando-el-habla-todos-callan\/","title":{"rendered":"La traves\u00eda de 269 d\u00edas de Carvajal, el \u00abv\u00ednculo\u00bb con sus dos hijos y un vestuario sin \u00abfaro\u00bb: \u00abCuando \u00e9l habla, todos callan\u00bb"},"content":{"rendered":"<div>\n<p>\u00ab<strong>Cuando \u00e9l habla, todos callan<\/strong>\u00bb. <strong>Dani Carvajal<\/strong> regres\u00f3 a una convocatoria del <strong>Real Madrid<\/strong> el pasado martes ante la <strong>Juventus <\/strong>en los octavos de final del <strong>Mundial<\/strong>, <strong>269 d\u00edas<\/strong> despu\u00e9s de la <strong>triple rotura sufrida en su rodilla derecha<\/strong>: ligamento cruzado anterior, colateral externo y tend\u00f3n popl\u00edteo. Una combinaci\u00f3n devastadora. Durante esos meses, el vestuario del conjunto blanco ha sufrido dentro y fuera del campo sin su principal \u00abfaro\u00bb, como le definen, y el lateral ha encontrado en su familia y en su madurez una nueva forma de enfocar el deporte y la vida.<\/p>\n<p>Hoy volver\u00e1 al banquillo, todav\u00eda a la espera de unas semanas para recuperar el tono f\u00edsico y el ritmo competitivo necesario para pelear con <strong>Alexander-Arnold<\/strong>, o con uno de los tres centrales, por un puesto en el once. Pero <strong>Xabi Alonso<\/strong> le quiere cerca del grupo, en el autob\u00fas, en el vestuario, en el hotel&#8230; Por eso, cuando m\u00e1s presi\u00f3n hab\u00eda sobre <strong>Carlo Ancelotti<\/strong> y sobre la plantilla en gran parte de este curso, el italiano y los futbolistas le pidieron a <strong>Carvajal<\/strong>, en pleno proceso de recuperaci\u00f3n, un contundente \u00abven con nosotros\u00bb. Y Dani fue. Estuvo en la concentraci\u00f3n de <strong>Valdebebas <\/strong>antes de los encuentros de Champions contra el <strong>Atl\u00e9tico <\/strong>en el Metropolitano o el <strong>Arsenal <\/strong>en el Bernab\u00e9u, y tambi\u00e9n en La Cartuja para la <strong>final de Copa<\/strong>.<\/p>\n<h2>\u00abHa sido duro sobrevivir sin \u00e9l\u00bb<\/h2>\n<p>En un grupo que ha ido perdiendo referentes durante las \u00faltimos a\u00f1os, como <strong>Sergio Ramos o Casemiro<\/strong>, y en el que los capitanes que han heredado el brazalete han sido m\u00e1s l\u00edderes sobre el c\u00e9sped que en el d\u00eda a d\u00eda, como <strong>Benzema o Modric<\/strong>, Carvajal, y en segundo plano<strong> Lucas V\u00e1zquez<\/strong>, se han hecho con el gobierno de la plantilla. Por eso Ancelotti quiso al madrile\u00f1o de vuelta a los viajes lo antes posible, porque necesitaba una voz cuando la suya no alcanzara la cabeza de sus jugadores. \u00abEn el grupo no hab\u00eda referentes que tuvieran la energ\u00eda de Dani, <strong>ha sido duro sobrevivir sin \u00e9l en el d\u00eda a d\u00eda<\/strong>\u00ab, explicaban en Valdebebas. La temporada no termin\u00f3 bien, pero la presencia de Carvajal sent\u00f3 las bases del futuro a medio plazo: sin Modric, el brazalete ser\u00e1 suyo y el liderazgo ser\u00e1 tambi\u00e9n material.<\/p>\n<p>Por eso <strong>Xabi Alonso <\/strong>no ha dudado en hacerle parte del viaje a Estados Unidos, un peque\u00f1o campamento de verano para el Madrid en esta nueva etapa, aunque la idea del tolosarra es no forzarle en ning\u00fan partido. \u00ab<strong>Es el que da el primer grito y el \u00faltimo<\/strong>. Llevaba mucho tiempo siendo el primer capit\u00e1n aunque no lo fuera\u00bb, cuentan desde la concentraci\u00f3n de los blancos en Palm Beach.<\/p>\n<h2>\u00abNunca he echado tanto de menos a alguien como a mis hijos aqu\u00ed\u00bb<\/h2>\n<p>Carvajal entr\u00f3 en el t\u00fanel el 5 de octubre, en los minutos finales del Real Madrid &#8211; Villarreal y tras una acci\u00f3n fortuita con Yeremi Pino, y comenz\u00f3 a ver la luz del final el 19 de marzo, cinco meses despu\u00e9s, cuando se puso de nuevo unas botas de f\u00fatbol y pis\u00f3 el c\u00e9sped de uno de los campos anexos de Valdebebas, el que est\u00e1 m\u00e1s cerca del que usa el primer equipo. Eso, el recuperar el d\u00eda a d\u00eda con sus compa\u00f1eros, y el <strong>tener m\u00e1s tiempo para estar con su mujer y sus dos hijos<\/strong>, curiosa contradicci\u00f3n, han acelerado los pasos mentales y futbol\u00edsticos de su rehabilitaci\u00f3n y le ha unido m\u00e1s al grupo.<\/p>\n<p>\u00abSi la lesi\u00f3n la hubiese sufrido m\u00e1s joven <strong>me hubiese comido mucho m\u00e1s la cabeza<\/strong>. He tenido una recuperaci\u00f3n m\u00e1s estable marc\u00e1ndome objetivos a corto plazo y he podido disfrutar de mis hijos. Este a\u00f1o <strong>no he viajado<\/strong> y he podido hacer un v\u00ednculo con ellos espectacular, la verdad. Nunca he echado de menos tanto a alguien como a ellos en este viaje al Mundial de clubes\u00bb, reflexionaba con los medios en Miami.<\/p>\n<h2>Pierna fina y sin masa muscular<\/h2>\n<p>El torneo de Estados Unidos ha sido su \u00abdesaf\u00edo\u00bb desde que pas\u00f3 por el quir\u00f3fano en octubre. Ocho meses de distancia para una lesi\u00f3n tan grave de rodilla puede parecer poco, pero <strong>Carvajal quer\u00eda ser uno m\u00e1s en Palm Beach<\/strong>. No quer\u00eda ver el Mundial ni las primeras semanas de convivencia con Alonso desde la enfermer\u00eda de Valdebebas.<\/p>\n<p>La triple rotura le dej\u00f3 la <strong>pierna muy fina<\/strong> y casi sin masa muscular, con las fibras bastante atrofiadas, y de hecho todav\u00eda en las sesiones del equipo blanco en el Mundial se observa cierta diferencia entre sus dos piernas. \u00abLo importante es que la rodilla no ha dado ninguna complicaci\u00f3n, sabiendo que <strong>hasta el a\u00f1o no sueles estar a un nivel \u00f3ptimo<\/strong> de condici\u00f3n y de chispa, pero me encuentro bien\u00bb, a\u00f1adi\u00f3. El \u00abfaro\u00bb del Madrid est\u00e1 de vuelta.<\/p>\n<hr\/>\n<\/div>\n","protected":false},"excerpt":{"rendered":"<p>\u00abCuando \u00e9l habla, todos callan\u00bb. Dani Carvajal regres\u00f3 a una convocatoria del Real Madrid el pasado martes ante la Juventus en los octavos de final del Mundial, 269 d\u00edas despu\u00e9s de la triple rotura sufrida en su rodilla derecha: ligamento cruzado anterior, colateral externo y tend\u00f3n popl\u00edteo. Una combinaci\u00f3n devastadora. Durante esos meses, el vestuario<\/p>\n","protected":false},"author":1,"featured_media":247402,"comment_status":"open","ping_status":"open","sticky":false,"template":"","format":"standard","meta":{"footnotes":""},"categories":[76],"tags":[],"class_list":["post-247401","post","type-post","status-publish","format-standard","has-post-thumbnail","hentry","category-sport-es"],"acf":[],"yoast_head":"<!-- This site is optimized with the Yoast SEO plugin v22.9 - https:\/\/yoast.com\/wordpress\/plugins\/seo\/ -->\n<title>La traves\u00eda de 269 d\u00edas de Carvajal, el &quot;v\u00ednculo&quot; con sus dos hijos y un vestuario sin &quot;faro&quot;: &quot;Cuando \u00e9l habla, todos callan&quot; - vof-news.eu<\/title>\n<meta name=\"description\" content=\"\u00abCuando \u00e9l habla, todos callan\u00bb. Dani Carvajal regres\u00f3 a una convocatoria del Real Madrid el pasado martes ante la Juventus en los octavos de final del Mundial, 269 d\u00edas despu\u00e9s de la triple rotura sufrida en su rodilla derecha: ligamento cruzado anterior, colateral externo y tend\u00f3n popl\u00edteo. Una combinaci\u00f3n devastadora. Durante esos meses, el vestuario del conjunto blanco ha sufrido dentro y fuera del campo sin su principal \u00abfaro\u00bb, como le definen, y el lateral ha encontrado en su familia y en su madurez una nueva forma de enfocar el deporte y la vida.Hoy volver\u00e1 al banquillo, todav\u00eda a la espera de unas semanas para recuperar el tono f\u00edsico y el ritmo competitivo necesario para pelear con Alexander-Arnold, o con uno de los tres centrales, por un puesto en el once. Pero Xabi Alonso le quiere cerca del grupo, en el autob\u00fas, en el vestuario, en el hotel... Por eso, cuando m\u00e1s presi\u00f3n hab\u00eda sobre Carlo Ancelotti y sobre la plantilla en gran parte de este curso, el italiano y los futbolistas le pidieron a Carvajal, en pleno proceso de recuperaci\u00f3n, un contundente \u00abven con nosotros\u00bb. Y Dani fue. Estuvo en la concentraci\u00f3n de Valdebebas antes de los encuentros de Champions contra el Atl\u00e9tico en el Metropolitano o el Arsenal en el Bernab\u00e9u, y tambi\u00e9n en La Cartuja para la final de Copa.&quot;Ha sido duro sobrevivir sin \u00e9l&quot;En un grupo que ha ido perdiendo referentes durante las \u00faltimos a\u00f1os, como Sergio Ramos o Casemiro, y en el que los capitanes que han heredado el brazalete han sido m\u00e1s l\u00edderes sobre el c\u00e9sped que en el d\u00eda a d\u00eda, como Benzema o Modric, Carvajal, y en segundo plano Lucas V\u00e1zquez, se han hecho con el gobierno de la plantilla. Por eso Ancelotti quiso al madrile\u00f1o de vuelta a los viajes lo antes posible, porque necesitaba una voz cuando la suya no alcanzara la cabeza de sus jugadores. \u00abEn el grupo no hab\u00eda referentes que tuvieran la energ\u00eda de Dani, ha sido duro sobrevivir sin \u00e9l en el d\u00eda a d\u00eda&quot;, explicaban en Valdebebas. La temporada no termin\u00f3 bien, pero la presencia de Carvajal sent\u00f3 las bases del futuro a medio plazo: sin Modric, el brazalete ser\u00e1 suyo y el liderazgo ser\u00e1 tambi\u00e9n material.Por eso Xabi Alonso no ha dudado en hacerle parte del viaje a Estados Unidos, un peque\u00f1o campamento de verano para el Madrid en esta nueva etapa, aunque la idea del tolosarra es no forzarle en ning\u00fan partido. \u00abEs el que da el primer grito y el \u00faltimo. Llevaba mucho tiempo siendo el primer capit\u00e1n aunque no lo fuera\u00bb, cuentan desde la concentraci\u00f3n de los blancos en Palm Beach.&quot;Nunca he echado tanto de menos a alguien como a mis hijos aqu\u00ed&quot;Carvajal entr\u00f3 en el t\u00fanel el 5 de octubre, en los minutos finales del Real Madrid - Villarreal y tras una acci\u00f3n fortuita con Yeremi Pino, y comenz\u00f3 a ver la luz del final el 19 de marzo, cinco meses despu\u00e9s, cuando se puso de nuevo unas botas de f\u00fatbol y pis\u00f3 el c\u00e9sped de uno de los campos anexos de Valdebebas, el que est\u00e1 m\u00e1s cerca del que usa el primer equipo. Eso, el recuperar el d\u00eda a d\u00eda con sus compa\u00f1eros, y el tener m\u00e1s tiempo para estar con su mujer y sus dos hijos, curiosa contradicci\u00f3n, han acelerado los pasos mentales y futbol\u00edsticos de su rehabilitaci\u00f3n y le ha unido m\u00e1s al grupo.\u00abSi la lesi\u00f3n la hubiese sufrido m\u00e1s joven me hubiese comido mucho m\u00e1s la cabeza. He tenido una recuperaci\u00f3n m\u00e1s estable marc\u00e1ndome objetivos a corto plazo y he podido disfrutar de mis hijos. Este a\u00f1o no he viajado y he podido hacer un v\u00ednculo con ellos espectacular, la verdad. Nunca he echado de menos tanto a alguien como a ellos en este viaje al Mundial de clubes\u00bb, reflexionaba con los medios en Miami.Pierna fina y sin masa muscularEl torneo de Estados Unidos ha sido su \u00abdesaf\u00edo\u00bb desde que pas\u00f3 por el quir\u00f3fano en octubre. Ocho meses de distancia para una lesi\u00f3n tan grave de rodilla puede parecer poco, pero Carvajal quer\u00eda ser uno m\u00e1s en Palm Beach. No quer\u00eda ver el Mundial ni las primeras semanas de convivencia con Alonso desde la enfermer\u00eda de Valdebebas.La triple rotura le dej\u00f3 la pierna muy fina y casi sin masa muscular, con las fibras bastante atrofiadas, y de hecho todav\u00eda en las sesiones del equipo blanco en el Mundial se observa cierta diferencia entre sus dos piernas. \u00abLo importante es que la rodilla no ha dado ninguna complicaci\u00f3n, sabiendo que hasta el a\u00f1o no sueles estar a un nivel \u00f3ptimo de condici\u00f3n y de chispa, pero me encuentro bien\u00bb, a\u00f1adi\u00f3. El \u00abfaro\u00bb del Madrid est\u00e1 de vuelta.\" \/>\n<meta name=\"robots\" content=\"noindex, follow, max-snippet:-1, max-image-preview:large, max-video-preview:-1\" \/>\n<meta property=\"og:locale\" content=\"es_ES\" \/>\n<meta property=\"og:type\" content=\"article\" \/>\n<meta property=\"og:title\" content=\"La traves\u00eda de 269 d\u00edas de Carvajal, el &quot;v\u00ednculo&quot; con sus dos hijos y un vestuario sin &quot;faro&quot;: &quot;Cuando \u00e9l habla, todos callan&quot; - vof-news.eu\" \/>\n<meta property=\"og:description\" content=\"\u00abCuando \u00e9l habla, todos callan\u00bb. Dani Carvajal regres\u00f3 a una convocatoria del Real Madrid el pasado martes ante la Juventus en los octavos de final del Mundial, 269 d\u00edas despu\u00e9s de la triple rotura sufrida en su rodilla derecha: ligamento cruzado anterior, colateral externo y tend\u00f3n popl\u00edteo. Una combinaci\u00f3n devastadora. Durante esos meses, el vestuario del conjunto blanco ha sufrido dentro y fuera del campo sin su principal \u00abfaro\u00bb, como le definen, y el lateral ha encontrado en su familia y en su madurez una nueva forma de enfocar el deporte y la vida.Hoy volver\u00e1 al banquillo, todav\u00eda a la espera de unas semanas para recuperar el tono f\u00edsico y el ritmo competitivo necesario para pelear con Alexander-Arnold, o con uno de los tres centrales, por un puesto en el once. Pero Xabi Alonso le quiere cerca del grupo, en el autob\u00fas, en el vestuario, en el hotel... Por eso, cuando m\u00e1s presi\u00f3n hab\u00eda sobre Carlo Ancelotti y sobre la plantilla en gran parte de este curso, el italiano y los futbolistas le pidieron a Carvajal, en pleno proceso de recuperaci\u00f3n, un contundente \u00abven con nosotros\u00bb. Y Dani fue. Estuvo en la concentraci\u00f3n de Valdebebas antes de los encuentros de Champions contra el Atl\u00e9tico en el Metropolitano o el Arsenal en el Bernab\u00e9u, y tambi\u00e9n en La Cartuja para la final de Copa.&quot;Ha sido duro sobrevivir sin \u00e9l&quot;En un grupo que ha ido perdiendo referentes durante las \u00faltimos a\u00f1os, como Sergio Ramos o Casemiro, y en el que los capitanes que han heredado el brazalete han sido m\u00e1s l\u00edderes sobre el c\u00e9sped que en el d\u00eda a d\u00eda, como Benzema o Modric, Carvajal, y en segundo plano Lucas V\u00e1zquez, se han hecho con el gobierno de la plantilla. Por eso Ancelotti quiso al madrile\u00f1o de vuelta a los viajes lo antes posible, porque necesitaba una voz cuando la suya no alcanzara la cabeza de sus jugadores. \u00abEn el grupo no hab\u00eda referentes que tuvieran la energ\u00eda de Dani, ha sido duro sobrevivir sin \u00e9l en el d\u00eda a d\u00eda&quot;, explicaban en Valdebebas. La temporada no termin\u00f3 bien, pero la presencia de Carvajal sent\u00f3 las bases del futuro a medio plazo: sin Modric, el brazalete ser\u00e1 suyo y el liderazgo ser\u00e1 tambi\u00e9n material.Por eso Xabi Alonso no ha dudado en hacerle parte del viaje a Estados Unidos, un peque\u00f1o campamento de verano para el Madrid en esta nueva etapa, aunque la idea del tolosarra es no forzarle en ning\u00fan partido. \u00abEs el que da el primer grito y el \u00faltimo. Llevaba mucho tiempo siendo el primer capit\u00e1n aunque no lo fuera\u00bb, cuentan desde la concentraci\u00f3n de los blancos en Palm Beach.&quot;Nunca he echado tanto de menos a alguien como a mis hijos aqu\u00ed&quot;Carvajal entr\u00f3 en el t\u00fanel el 5 de octubre, en los minutos finales del Real Madrid - Villarreal y tras una acci\u00f3n fortuita con Yeremi Pino, y comenz\u00f3 a ver la luz del final el 19 de marzo, cinco meses despu\u00e9s, cuando se puso de nuevo unas botas de f\u00fatbol y pis\u00f3 el c\u00e9sped de uno de los campos anexos de Valdebebas, el que est\u00e1 m\u00e1s cerca del que usa el primer equipo. Eso, el recuperar el d\u00eda a d\u00eda con sus compa\u00f1eros, y el tener m\u00e1s tiempo para estar con su mujer y sus dos hijos, curiosa contradicci\u00f3n, han acelerado los pasos mentales y futbol\u00edsticos de su rehabilitaci\u00f3n y le ha unido m\u00e1s al grupo.\u00abSi la lesi\u00f3n la hubiese sufrido m\u00e1s joven me hubiese comido mucho m\u00e1s la cabeza. He tenido una recuperaci\u00f3n m\u00e1s estable marc\u00e1ndome objetivos a corto plazo y he podido disfrutar de mis hijos. Este a\u00f1o no he viajado y he podido hacer un v\u00ednculo con ellos espectacular, la verdad. Nunca he echado de menos tanto a alguien como a ellos en este viaje al Mundial de clubes\u00bb, reflexionaba con los medios en Miami.Pierna fina y sin masa muscularEl torneo de Estados Unidos ha sido su \u00abdesaf\u00edo\u00bb desde que pas\u00f3 por el quir\u00f3fano en octubre. Ocho meses de distancia para una lesi\u00f3n tan grave de rodilla puede parecer poco, pero Carvajal quer\u00eda ser uno m\u00e1s en Palm Beach. No quer\u00eda ver el Mundial ni las primeras semanas de convivencia con Alonso desde la enfermer\u00eda de Valdebebas.La triple rotura le dej\u00f3 la pierna muy fina y casi sin masa muscular, con las fibras bastante atrofiadas, y de hecho todav\u00eda en las sesiones del equipo blanco en el Mundial se observa cierta diferencia entre sus dos piernas. \u00abLo importante es que la rodilla no ha dado ninguna complicaci\u00f3n, sabiendo que hasta el a\u00f1o no sueles estar a un nivel \u00f3ptimo de condici\u00f3n y de chispa, pero me encuentro bien\u00bb, a\u00f1adi\u00f3. El \u00abfaro\u00bb del Madrid est\u00e1 de vuelta.\" \/>\n<meta property=\"og:url\" content=\"https:\/\/vof-news.eu\/es\/la-travesia-de-269-dias-de-carvajal-el-vinculo-con-sus-dos-hijos-y-un-vestuario-sin-faro-cuando-el-habla-todos-callan\/\" \/>\n<meta property=\"og:site_name\" content=\"vof-news.eu\" \/>\n<meta property=\"article:published_time\" content=\"2025-07-04T22:19:07+00:00\" \/>\n<meta property=\"article:modified_time\" content=\"2025-07-04T22:19:45+00:00\" \/>\n<meta property=\"og:image\" content=\"https:\/\/vof-news.eu\/wp-content\/uploads\/2025\/07\/17516419399443.jpg\" \/>\n\t<meta property=\"og:image:width\" content=\"1366\" \/>\n\t<meta property=\"og:image:height\" content=\"910\" \/>\n\t<meta property=\"og:image:type\" content=\"image\/jpeg\" \/>\n<meta name=\"author\" content=\"Author\" \/>\n<meta name=\"twitter:card\" content=\"summary_large_image\" \/>\n<meta name=\"twitter:label1\" content=\"Escrito por\" \/>\n\t<meta name=\"twitter:data1\" content=\"Author\" \/>\n\t<meta name=\"twitter:label2\" content=\"Tiempo de lectura\" \/>\n\t<meta name=\"twitter:data2\" content=\"4 minutos\" \/>\n<script type=\"application\/ld+json\" class=\"yoast-schema-graph\">{\"@context\":\"https:\/\/schema.org\",\"@graph\":[{\"@type\":\"WebPage\",\"@id\":\"https:\/\/vof-news.eu\/es\/la-travesia-de-269-dias-de-carvajal-el-vinculo-con-sus-dos-hijos-y-un-vestuario-sin-faro-cuando-el-habla-todos-callan\/\",\"url\":\"https:\/\/vof-news.eu\/es\/la-travesia-de-269-dias-de-carvajal-el-vinculo-con-sus-dos-hijos-y-un-vestuario-sin-faro-cuando-el-habla-todos-callan\/\",\"name\":\"La traves\u00eda de 269 d\u00edas de Carvajal, el \\\"v\u00ednculo\\\" con sus dos hijos y un vestuario sin \\\"faro\\\": \\\"Cuando \u00e9l habla, todos callan\\\" - vof-news.eu\",\"isPartOf\":{\"@id\":\"https:\/\/vof-news.eu\/es\/#website\"},\"primaryImageOfPage\":{\"@id\":\"https:\/\/vof-news.eu\/es\/la-travesia-de-269-dias-de-carvajal-el-vinculo-con-sus-dos-hijos-y-un-vestuario-sin-faro-cuando-el-habla-todos-callan\/#primaryimage\"},\"image\":{\"@id\":\"https:\/\/vof-news.eu\/es\/la-travesia-de-269-dias-de-carvajal-el-vinculo-con-sus-dos-hijos-y-un-vestuario-sin-faro-cuando-el-habla-todos-callan\/#primaryimage\"},\"thumbnailUrl\":\"https:\/\/vof-news.eu\/wp-content\/uploads\/2025\/07\/17516419399443.jpg\",\"datePublished\":\"2025-07-04T22:19:07+00:00\",\"dateModified\":\"2025-07-04T22:19:45+00:00\",\"author\":{\"@id\":\"https:\/\/vof-news.eu\/es\/#\/schema\/person\/f6a2a4309f0561835797fd8c19b333ed\"},\"description\":\"\u00abCuando \u00e9l habla, todos callan\u00bb. Dani Carvajal regres\u00f3 a una convocatoria del Real Madrid el pasado martes ante la Juventus en los octavos de final del Mundial, 269 d\u00edas despu\u00e9s de la triple rotura sufrida en su rodilla derecha: ligamento cruzado anterior, colateral externo y tend\u00f3n popl\u00edteo. Una combinaci\u00f3n devastadora. Durante esos meses, el vestuario del conjunto blanco ha sufrido dentro y fuera del campo sin su principal \u00abfaro\u00bb, como le definen, y el lateral ha encontrado en su familia y en su madurez una nueva forma de enfocar el deporte y la vida.Hoy volver\u00e1 al banquillo, todav\u00eda a la espera de unas semanas para recuperar el tono f\u00edsico y el ritmo competitivo necesario para pelear con Alexander-Arnold, o con uno de los tres centrales, por un puesto en el once. Pero Xabi Alonso le quiere cerca del grupo, en el autob\u00fas, en el vestuario, en el hotel... Por eso, cuando m\u00e1s presi\u00f3n hab\u00eda sobre Carlo Ancelotti y sobre la plantilla en gran parte de este curso, el italiano y los futbolistas le pidieron a Carvajal, en pleno proceso de recuperaci\u00f3n, un contundente \u00abven con nosotros\u00bb. Y Dani fue. Estuvo en la concentraci\u00f3n de Valdebebas antes de los encuentros de Champions contra el Atl\u00e9tico en el Metropolitano o el Arsenal en el Bernab\u00e9u, y tambi\u00e9n en La Cartuja para la final de Copa.\\\"Ha sido duro sobrevivir sin \u00e9l\\\"En un grupo que ha ido perdiendo referentes durante las \u00faltimos a\u00f1os, como Sergio Ramos o Casemiro, y en el que los capitanes que han heredado el brazalete han sido m\u00e1s l\u00edderes sobre el c\u00e9sped que en el d\u00eda a d\u00eda, como Benzema o Modric, Carvajal, y en segundo plano Lucas V\u00e1zquez, se han hecho con el gobierno de la plantilla. Por eso Ancelotti quiso al madrile\u00f1o de vuelta a los viajes lo antes posible, porque necesitaba una voz cuando la suya no alcanzara la cabeza de sus jugadores. \u00abEn el grupo no hab\u00eda referentes que tuvieran la energ\u00eda de Dani, ha sido duro sobrevivir sin \u00e9l en el d\u00eda a d\u00eda\\\", explicaban en Valdebebas. La temporada no termin\u00f3 bien, pero la presencia de Carvajal sent\u00f3 las bases del futuro a medio plazo: sin Modric, el brazalete ser\u00e1 suyo y el liderazgo ser\u00e1 tambi\u00e9n material.Por eso Xabi Alonso no ha dudado en hacerle parte del viaje a Estados Unidos, un peque\u00f1o campamento de verano para el Madrid en esta nueva etapa, aunque la idea del tolosarra es no forzarle en ning\u00fan partido. \u00abEs el que da el primer grito y el \u00faltimo. Llevaba mucho tiempo siendo el primer capit\u00e1n aunque no lo fuera\u00bb, cuentan desde la concentraci\u00f3n de los blancos en Palm Beach.\\\"Nunca he echado tanto de menos a alguien como a mis hijos aqu\u00ed\\\"Carvajal entr\u00f3 en el t\u00fanel el 5 de octubre, en los minutos finales del Real Madrid - Villarreal y tras una acci\u00f3n fortuita con Yeremi Pino, y comenz\u00f3 a ver la luz del final el 19 de marzo, cinco meses despu\u00e9s, cuando se puso de nuevo unas botas de f\u00fatbol y pis\u00f3 el c\u00e9sped de uno de los campos anexos de Valdebebas, el que est\u00e1 m\u00e1s cerca del que usa el primer equipo. Eso, el recuperar el d\u00eda a d\u00eda con sus compa\u00f1eros, y el tener m\u00e1s tiempo para estar con su mujer y sus dos hijos, curiosa contradicci\u00f3n, han acelerado los pasos mentales y futbol\u00edsticos de su rehabilitaci\u00f3n y le ha unido m\u00e1s al grupo.\u00abSi la lesi\u00f3n la hubiese sufrido m\u00e1s joven me hubiese comido mucho m\u00e1s la cabeza. He tenido una recuperaci\u00f3n m\u00e1s estable marc\u00e1ndome objetivos a corto plazo y he podido disfrutar de mis hijos. Este a\u00f1o no he viajado y he podido hacer un v\u00ednculo con ellos espectacular, la verdad. Nunca he echado de menos tanto a alguien como a ellos en este viaje al Mundial de clubes\u00bb, reflexionaba con los medios en Miami.Pierna fina y sin masa muscularEl torneo de Estados Unidos ha sido su \u00abdesaf\u00edo\u00bb desde que pas\u00f3 por el quir\u00f3fano en octubre. Ocho meses de distancia para una lesi\u00f3n tan grave de rodilla puede parecer poco, pero Carvajal quer\u00eda ser uno m\u00e1s en Palm Beach. No quer\u00eda ver el Mundial ni las primeras semanas de convivencia con Alonso desde la enfermer\u00eda de Valdebebas.La triple rotura le dej\u00f3 la pierna muy fina y casi sin masa muscular, con las fibras bastante atrofiadas, y de hecho todav\u00eda en las sesiones del equipo blanco en el Mundial se observa cierta diferencia entre sus dos piernas. \u00abLo importante es que la rodilla no ha dado ninguna complicaci\u00f3n, sabiendo que hasta el a\u00f1o no sueles estar a un nivel \u00f3ptimo de condici\u00f3n y de chispa, pero me encuentro bien\u00bb, a\u00f1adi\u00f3. El \u00abfaro\u00bb del Madrid est\u00e1 de vuelta.\",\"breadcrumb\":{\"@id\":\"https:\/\/vof-news.eu\/es\/la-travesia-de-269-dias-de-carvajal-el-vinculo-con-sus-dos-hijos-y-un-vestuario-sin-faro-cuando-el-habla-todos-callan\/#breadcrumb\"},\"inLanguage\":\"es\",\"potentialAction\":[{\"@type\":\"ReadAction\",\"target\":[\"https:\/\/vof-news.eu\/es\/la-travesia-de-269-dias-de-carvajal-el-vinculo-con-sus-dos-hijos-y-un-vestuario-sin-faro-cuando-el-habla-todos-callan\/\"]}]},{\"@type\":\"ImageObject\",\"inLanguage\":\"es\",\"@id\":\"https:\/\/vof-news.eu\/es\/la-travesia-de-269-dias-de-carvajal-el-vinculo-con-sus-dos-hijos-y-un-vestuario-sin-faro-cuando-el-habla-todos-callan\/#primaryimage\",\"url\":\"https:\/\/vof-news.eu\/wp-content\/uploads\/2025\/07\/17516419399443.jpg\",\"contentUrl\":\"https:\/\/vof-news.eu\/wp-content\/uploads\/2025\/07\/17516419399443.jpg\",\"width\":1366,\"height\":910},{\"@type\":\"BreadcrumbList\",\"@id\":\"https:\/\/vof-news.eu\/es\/la-travesia-de-269-dias-de-carvajal-el-vinculo-con-sus-dos-hijos-y-un-vestuario-sin-faro-cuando-el-habla-todos-callan\/#breadcrumb\",\"itemListElement\":[{\"@type\":\"ListItem\",\"position\":1,\"name\":\"Home\",\"item\":\"https:\/\/vof-news.eu\/es\/\"},{\"@type\":\"ListItem\",\"position\":2,\"name\":\"La traves\u00eda de 269 d\u00edas de Carvajal, el &#8220;v\u00ednculo&#8221; con sus dos hijos y un vestuario sin &#8220;faro&#8221;: &#8220;Cuando \u00e9l habla, todos callan&#8221;\"}]},{\"@type\":\"WebSite\",\"@id\":\"https:\/\/vof-news.eu\/es\/#website\",\"url\":\"https:\/\/vof-news.eu\/es\/\",\"name\":\"vof-news.eu\",\"description\":\"\",\"potentialAction\":[{\"@type\":\"SearchAction\",\"target\":{\"@type\":\"EntryPoint\",\"urlTemplate\":\"https:\/\/vof-news.eu\/es\/?s={search_term_string}\"},\"query-input\":\"required name=search_term_string\"}],\"inLanguage\":\"es\"},{\"@type\":\"Person\",\"@id\":\"https:\/\/vof-news.eu\/es\/#\/schema\/person\/f6a2a4309f0561835797fd8c19b333ed\",\"name\":\"Author\",\"image\":{\"@type\":\"ImageObject\",\"inLanguage\":\"es\",\"@id\":\"https:\/\/vof-news.eu\/es\/#\/schema\/person\/image\/\",\"url\":\"https:\/\/secure.gravatar.com\/avatar\/b67e614b1b25b3e9c0c239efdd2fde5ab015b5affd6f1c3c85911ca4b384e790?s=96&d=mm&r=g\",\"contentUrl\":\"https:\/\/secure.gravatar.com\/avatar\/b67e614b1b25b3e9c0c239efdd2fde5ab015b5affd6f1c3c85911ca4b384e790?s=96&d=mm&r=g\",\"caption\":\"Author\"},\"sameAs\":[\"http:\/\/vof-news.eu\"],\"url\":\"https:\/\/vof-news.eu\/es\/author\/zwt6qxnjulxbnyg\/\"}]}<\/script>\n<!-- \/ Yoast SEO plugin. -->","yoast_head_json":{"title":"La traves\u00eda de 269 d\u00edas de Carvajal, el \"v\u00ednculo\" con sus dos hijos y un vestuario sin \"faro\": \"Cuando \u00e9l habla, todos callan\" - vof-news.eu","description":"\u00abCuando \u00e9l habla, todos callan\u00bb. Dani Carvajal regres\u00f3 a una convocatoria del Real Madrid el pasado martes ante la Juventus en los octavos de final del Mundial, 269 d\u00edas despu\u00e9s de la triple rotura sufrida en su rodilla derecha: ligamento cruzado anterior, colateral externo y tend\u00f3n popl\u00edteo. Una combinaci\u00f3n devastadora. Durante esos meses, el vestuario del conjunto blanco ha sufrido dentro y fuera del campo sin su principal \u00abfaro\u00bb, como le definen, y el lateral ha encontrado en su familia y en su madurez una nueva forma de enfocar el deporte y la vida.Hoy volver\u00e1 al banquillo, todav\u00eda a la espera de unas semanas para recuperar el tono f\u00edsico y el ritmo competitivo necesario para pelear con Alexander-Arnold, o con uno de los tres centrales, por un puesto en el once. Pero Xabi Alonso le quiere cerca del grupo, en el autob\u00fas, en el vestuario, en el hotel... Por eso, cuando m\u00e1s presi\u00f3n hab\u00eda sobre Carlo Ancelotti y sobre la plantilla en gran parte de este curso, el italiano y los futbolistas le pidieron a Carvajal, en pleno proceso de recuperaci\u00f3n, un contundente \u00abven con nosotros\u00bb. Y Dani fue. Estuvo en la concentraci\u00f3n de Valdebebas antes de los encuentros de Champions contra el Atl\u00e9tico en el Metropolitano o el Arsenal en el Bernab\u00e9u, y tambi\u00e9n en La Cartuja para la final de Copa.\"Ha sido duro sobrevivir sin \u00e9l\"En un grupo que ha ido perdiendo referentes durante las \u00faltimos a\u00f1os, como Sergio Ramos o Casemiro, y en el que los capitanes que han heredado el brazalete han sido m\u00e1s l\u00edderes sobre el c\u00e9sped que en el d\u00eda a d\u00eda, como Benzema o Modric, Carvajal, y en segundo plano Lucas V\u00e1zquez, se han hecho con el gobierno de la plantilla. Por eso Ancelotti quiso al madrile\u00f1o de vuelta a los viajes lo antes posible, porque necesitaba una voz cuando la suya no alcanzara la cabeza de sus jugadores. \u00abEn el grupo no hab\u00eda referentes que tuvieran la energ\u00eda de Dani, ha sido duro sobrevivir sin \u00e9l en el d\u00eda a d\u00eda\", explicaban en Valdebebas. La temporada no termin\u00f3 bien, pero la presencia de Carvajal sent\u00f3 las bases del futuro a medio plazo: sin Modric, el brazalete ser\u00e1 suyo y el liderazgo ser\u00e1 tambi\u00e9n material.Por eso Xabi Alonso no ha dudado en hacerle parte del viaje a Estados Unidos, un peque\u00f1o campamento de verano para el Madrid en esta nueva etapa, aunque la idea del tolosarra es no forzarle en ning\u00fan partido. \u00abEs el que da el primer grito y el \u00faltimo. Llevaba mucho tiempo siendo el primer capit\u00e1n aunque no lo fuera\u00bb, cuentan desde la concentraci\u00f3n de los blancos en Palm Beach.\"Nunca he echado tanto de menos a alguien como a mis hijos aqu\u00ed\"Carvajal entr\u00f3 en el t\u00fanel el 5 de octubre, en los minutos finales del Real Madrid - Villarreal y tras una acci\u00f3n fortuita con Yeremi Pino, y comenz\u00f3 a ver la luz del final el 19 de marzo, cinco meses despu\u00e9s, cuando se puso de nuevo unas botas de f\u00fatbol y pis\u00f3 el c\u00e9sped de uno de los campos anexos de Valdebebas, el que est\u00e1 m\u00e1s cerca del que usa el primer equipo. Eso, el recuperar el d\u00eda a d\u00eda con sus compa\u00f1eros, y el tener m\u00e1s tiempo para estar con su mujer y sus dos hijos, curiosa contradicci\u00f3n, han acelerado los pasos mentales y futbol\u00edsticos de su rehabilitaci\u00f3n y le ha unido m\u00e1s al grupo.\u00abSi la lesi\u00f3n la hubiese sufrido m\u00e1s joven me hubiese comido mucho m\u00e1s la cabeza. He tenido una recuperaci\u00f3n m\u00e1s estable marc\u00e1ndome objetivos a corto plazo y he podido disfrutar de mis hijos. Este a\u00f1o no he viajado y he podido hacer un v\u00ednculo con ellos espectacular, la verdad. Nunca he echado de menos tanto a alguien como a ellos en este viaje al Mundial de clubes\u00bb, reflexionaba con los medios en Miami.Pierna fina y sin masa muscularEl torneo de Estados Unidos ha sido su \u00abdesaf\u00edo\u00bb desde que pas\u00f3 por el quir\u00f3fano en octubre. Ocho meses de distancia para una lesi\u00f3n tan grave de rodilla puede parecer poco, pero Carvajal quer\u00eda ser uno m\u00e1s en Palm Beach. No quer\u00eda ver el Mundial ni las primeras semanas de convivencia con Alonso desde la enfermer\u00eda de Valdebebas.La triple rotura le dej\u00f3 la pierna muy fina y casi sin masa muscular, con las fibras bastante atrofiadas, y de hecho todav\u00eda en las sesiones del equipo blanco en el Mundial se observa cierta diferencia entre sus dos piernas. \u00abLo importante es que la rodilla no ha dado ninguna complicaci\u00f3n, sabiendo que hasta el a\u00f1o no sueles estar a un nivel \u00f3ptimo de condici\u00f3n y de chispa, pero me encuentro bien\u00bb, a\u00f1adi\u00f3. El \u00abfaro\u00bb del Madrid est\u00e1 de vuelta.","robots":{"index":"noindex","follow":"follow","max-snippet":"max-snippet:-1","max-image-preview":"max-image-preview:large","max-video-preview":"max-video-preview:-1"},"og_locale":"es_ES","og_type":"article","og_title":"La traves\u00eda de 269 d\u00edas de Carvajal, el \"v\u00ednculo\" con sus dos hijos y un vestuario sin \"faro\": \"Cuando \u00e9l habla, todos callan\" - vof-news.eu","og_description":"\u00abCuando \u00e9l habla, todos callan\u00bb. Dani Carvajal regres\u00f3 a una convocatoria del Real Madrid el pasado martes ante la Juventus en los octavos de final del Mundial, 269 d\u00edas despu\u00e9s de la triple rotura sufrida en su rodilla derecha: ligamento cruzado anterior, colateral externo y tend\u00f3n popl\u00edteo. Una combinaci\u00f3n devastadora. Durante esos meses, el vestuario del conjunto blanco ha sufrido dentro y fuera del campo sin su principal \u00abfaro\u00bb, como le definen, y el lateral ha encontrado en su familia y en su madurez una nueva forma de enfocar el deporte y la vida.Hoy volver\u00e1 al banquillo, todav\u00eda a la espera de unas semanas para recuperar el tono f\u00edsico y el ritmo competitivo necesario para pelear con Alexander-Arnold, o con uno de los tres centrales, por un puesto en el once. Pero Xabi Alonso le quiere cerca del grupo, en el autob\u00fas, en el vestuario, en el hotel... Por eso, cuando m\u00e1s presi\u00f3n hab\u00eda sobre Carlo Ancelotti y sobre la plantilla en gran parte de este curso, el italiano y los futbolistas le pidieron a Carvajal, en pleno proceso de recuperaci\u00f3n, un contundente \u00abven con nosotros\u00bb. Y Dani fue. Estuvo en la concentraci\u00f3n de Valdebebas antes de los encuentros de Champions contra el Atl\u00e9tico en el Metropolitano o el Arsenal en el Bernab\u00e9u, y tambi\u00e9n en La Cartuja para la final de Copa.\"Ha sido duro sobrevivir sin \u00e9l\"En un grupo que ha ido perdiendo referentes durante las \u00faltimos a\u00f1os, como Sergio Ramos o Casemiro, y en el que los capitanes que han heredado el brazalete han sido m\u00e1s l\u00edderes sobre el c\u00e9sped que en el d\u00eda a d\u00eda, como Benzema o Modric, Carvajal, y en segundo plano Lucas V\u00e1zquez, se han hecho con el gobierno de la plantilla. Por eso Ancelotti quiso al madrile\u00f1o de vuelta a los viajes lo antes posible, porque necesitaba una voz cuando la suya no alcanzara la cabeza de sus jugadores. \u00abEn el grupo no hab\u00eda referentes que tuvieran la energ\u00eda de Dani, ha sido duro sobrevivir sin \u00e9l en el d\u00eda a d\u00eda\", explicaban en Valdebebas. La temporada no termin\u00f3 bien, pero la presencia de Carvajal sent\u00f3 las bases del futuro a medio plazo: sin Modric, el brazalete ser\u00e1 suyo y el liderazgo ser\u00e1 tambi\u00e9n material.Por eso Xabi Alonso no ha dudado en hacerle parte del viaje a Estados Unidos, un peque\u00f1o campamento de verano para el Madrid en esta nueva etapa, aunque la idea del tolosarra es no forzarle en ning\u00fan partido. \u00abEs el que da el primer grito y el \u00faltimo. Llevaba mucho tiempo siendo el primer capit\u00e1n aunque no lo fuera\u00bb, cuentan desde la concentraci\u00f3n de los blancos en Palm Beach.\"Nunca he echado tanto de menos a alguien como a mis hijos aqu\u00ed\"Carvajal entr\u00f3 en el t\u00fanel el 5 de octubre, en los minutos finales del Real Madrid - Villarreal y tras una acci\u00f3n fortuita con Yeremi Pino, y comenz\u00f3 a ver la luz del final el 19 de marzo, cinco meses despu\u00e9s, cuando se puso de nuevo unas botas de f\u00fatbol y pis\u00f3 el c\u00e9sped de uno de los campos anexos de Valdebebas, el que est\u00e1 m\u00e1s cerca del que usa el primer equipo. Eso, el recuperar el d\u00eda a d\u00eda con sus compa\u00f1eros, y el tener m\u00e1s tiempo para estar con su mujer y sus dos hijos, curiosa contradicci\u00f3n, han acelerado los pasos mentales y futbol\u00edsticos de su rehabilitaci\u00f3n y le ha unido m\u00e1s al grupo.\u00abSi la lesi\u00f3n la hubiese sufrido m\u00e1s joven me hubiese comido mucho m\u00e1s la cabeza. He tenido una recuperaci\u00f3n m\u00e1s estable marc\u00e1ndome objetivos a corto plazo y he podido disfrutar de mis hijos. Este a\u00f1o no he viajado y he podido hacer un v\u00ednculo con ellos espectacular, la verdad. Nunca he echado de menos tanto a alguien como a ellos en este viaje al Mundial de clubes\u00bb, reflexionaba con los medios en Miami.Pierna fina y sin masa muscularEl torneo de Estados Unidos ha sido su \u00abdesaf\u00edo\u00bb desde que pas\u00f3 por el quir\u00f3fano en octubre. Ocho meses de distancia para una lesi\u00f3n tan grave de rodilla puede parecer poco, pero Carvajal quer\u00eda ser uno m\u00e1s en Palm Beach. No quer\u00eda ver el Mundial ni las primeras semanas de convivencia con Alonso desde la enfermer\u00eda de Valdebebas.La triple rotura le dej\u00f3 la pierna muy fina y casi sin masa muscular, con las fibras bastante atrofiadas, y de hecho todav\u00eda en las sesiones del equipo blanco en el Mundial se observa cierta diferencia entre sus dos piernas. \u00abLo importante es que la rodilla no ha dado ninguna complicaci\u00f3n, sabiendo que hasta el a\u00f1o no sueles estar a un nivel \u00f3ptimo de condici\u00f3n y de chispa, pero me encuentro bien\u00bb, a\u00f1adi\u00f3. El \u00abfaro\u00bb del Madrid est\u00e1 de vuelta.","og_url":"https:\/\/vof-news.eu\/es\/la-travesia-de-269-dias-de-carvajal-el-vinculo-con-sus-dos-hijos-y-un-vestuario-sin-faro-cuando-el-habla-todos-callan\/","og_site_name":"vof-news.eu","article_published_time":"2025-07-04T22:19:07+00:00","article_modified_time":"2025-07-04T22:19:45+00:00","og_image":[{"width":1366,"height":910,"url":"https:\/\/vof-news.eu\/wp-content\/uploads\/2025\/07\/17516419399443.jpg","type":"image\/jpeg"}],"author":"Author","twitter_card":"summary_large_image","twitter_misc":{"Escrito por":"Author","Tiempo de lectura":"4 minutos"},"schema":{"@context":"https:\/\/schema.org","@graph":[{"@type":"WebPage","@id":"https:\/\/vof-news.eu\/es\/la-travesia-de-269-dias-de-carvajal-el-vinculo-con-sus-dos-hijos-y-un-vestuario-sin-faro-cuando-el-habla-todos-callan\/","url":"https:\/\/vof-news.eu\/es\/la-travesia-de-269-dias-de-carvajal-el-vinculo-con-sus-dos-hijos-y-un-vestuario-sin-faro-cuando-el-habla-todos-callan\/","name":"La traves\u00eda de 269 d\u00edas de Carvajal, el \"v\u00ednculo\" con sus dos hijos y un vestuario sin \"faro\": \"Cuando \u00e9l habla, todos callan\" - vof-news.eu","isPartOf":{"@id":"https:\/\/vof-news.eu\/es\/#website"},"primaryImageOfPage":{"@id":"https:\/\/vof-news.eu\/es\/la-travesia-de-269-dias-de-carvajal-el-vinculo-con-sus-dos-hijos-y-un-vestuario-sin-faro-cuando-el-habla-todos-callan\/#primaryimage"},"image":{"@id":"https:\/\/vof-news.eu\/es\/la-travesia-de-269-dias-de-carvajal-el-vinculo-con-sus-dos-hijos-y-un-vestuario-sin-faro-cuando-el-habla-todos-callan\/#primaryimage"},"thumbnailUrl":"https:\/\/vof-news.eu\/wp-content\/uploads\/2025\/07\/17516419399443.jpg","datePublished":"2025-07-04T22:19:07+00:00","dateModified":"2025-07-04T22:19:45+00:00","author":{"@id":"https:\/\/vof-news.eu\/es\/#\/schema\/person\/f6a2a4309f0561835797fd8c19b333ed"},"description":"\u00abCuando \u00e9l habla, todos callan\u00bb. Dani Carvajal regres\u00f3 a una convocatoria del Real Madrid el pasado martes ante la Juventus en los octavos de final del Mundial, 269 d\u00edas despu\u00e9s de la triple rotura sufrida en su rodilla derecha: ligamento cruzado anterior, colateral externo y tend\u00f3n popl\u00edteo. Una combinaci\u00f3n devastadora. Durante esos meses, el vestuario del conjunto blanco ha sufrido dentro y fuera del campo sin su principal \u00abfaro\u00bb, como le definen, y el lateral ha encontrado en su familia y en su madurez una nueva forma de enfocar el deporte y la vida.Hoy volver\u00e1 al banquillo, todav\u00eda a la espera de unas semanas para recuperar el tono f\u00edsico y el ritmo competitivo necesario para pelear con Alexander-Arnold, o con uno de los tres centrales, por un puesto en el once. Pero Xabi Alonso le quiere cerca del grupo, en el autob\u00fas, en el vestuario, en el hotel... Por eso, cuando m\u00e1s presi\u00f3n hab\u00eda sobre Carlo Ancelotti y sobre la plantilla en gran parte de este curso, el italiano y los futbolistas le pidieron a Carvajal, en pleno proceso de recuperaci\u00f3n, un contundente \u00abven con nosotros\u00bb. Y Dani fue. Estuvo en la concentraci\u00f3n de Valdebebas antes de los encuentros de Champions contra el Atl\u00e9tico en el Metropolitano o el Arsenal en el Bernab\u00e9u, y tambi\u00e9n en La Cartuja para la final de Copa.\"Ha sido duro sobrevivir sin \u00e9l\"En un grupo que ha ido perdiendo referentes durante las \u00faltimos a\u00f1os, como Sergio Ramos o Casemiro, y en el que los capitanes que han heredado el brazalete han sido m\u00e1s l\u00edderes sobre el c\u00e9sped que en el d\u00eda a d\u00eda, como Benzema o Modric, Carvajal, y en segundo plano Lucas V\u00e1zquez, se han hecho con el gobierno de la plantilla. Por eso Ancelotti quiso al madrile\u00f1o de vuelta a los viajes lo antes posible, porque necesitaba una voz cuando la suya no alcanzara la cabeza de sus jugadores. \u00abEn el grupo no hab\u00eda referentes que tuvieran la energ\u00eda de Dani, ha sido duro sobrevivir sin \u00e9l en el d\u00eda a d\u00eda\", explicaban en Valdebebas. La temporada no termin\u00f3 bien, pero la presencia de Carvajal sent\u00f3 las bases del futuro a medio plazo: sin Modric, el brazalete ser\u00e1 suyo y el liderazgo ser\u00e1 tambi\u00e9n material.Por eso Xabi Alonso no ha dudado en hacerle parte del viaje a Estados Unidos, un peque\u00f1o campamento de verano para el Madrid en esta nueva etapa, aunque la idea del tolosarra es no forzarle en ning\u00fan partido. \u00abEs el que da el primer grito y el \u00faltimo. Llevaba mucho tiempo siendo el primer capit\u00e1n aunque no lo fuera\u00bb, cuentan desde la concentraci\u00f3n de los blancos en Palm Beach.\"Nunca he echado tanto de menos a alguien como a mis hijos aqu\u00ed\"Carvajal entr\u00f3 en el t\u00fanel el 5 de octubre, en los minutos finales del Real Madrid - Villarreal y tras una acci\u00f3n fortuita con Yeremi Pino, y comenz\u00f3 a ver la luz del final el 19 de marzo, cinco meses despu\u00e9s, cuando se puso de nuevo unas botas de f\u00fatbol y pis\u00f3 el c\u00e9sped de uno de los campos anexos de Valdebebas, el que est\u00e1 m\u00e1s cerca del que usa el primer equipo. Eso, el recuperar el d\u00eda a d\u00eda con sus compa\u00f1eros, y el tener m\u00e1s tiempo para estar con su mujer y sus dos hijos, curiosa contradicci\u00f3n, han acelerado los pasos mentales y futbol\u00edsticos de su rehabilitaci\u00f3n y le ha unido m\u00e1s al grupo.\u00abSi la lesi\u00f3n la hubiese sufrido m\u00e1s joven me hubiese comido mucho m\u00e1s la cabeza. He tenido una recuperaci\u00f3n m\u00e1s estable marc\u00e1ndome objetivos a corto plazo y he podido disfrutar de mis hijos. Este a\u00f1o no he viajado y he podido hacer un v\u00ednculo con ellos espectacular, la verdad. Nunca he echado de menos tanto a alguien como a ellos en este viaje al Mundial de clubes\u00bb, reflexionaba con los medios en Miami.Pierna fina y sin masa muscularEl torneo de Estados Unidos ha sido su \u00abdesaf\u00edo\u00bb desde que pas\u00f3 por el quir\u00f3fano en octubre. Ocho meses de distancia para una lesi\u00f3n tan grave de rodilla puede parecer poco, pero Carvajal quer\u00eda ser uno m\u00e1s en Palm Beach. No quer\u00eda ver el Mundial ni las primeras semanas de convivencia con Alonso desde la enfermer\u00eda de Valdebebas.La triple rotura le dej\u00f3 la pierna muy fina y casi sin masa muscular, con las fibras bastante atrofiadas, y de hecho todav\u00eda en las sesiones del equipo blanco en el Mundial se observa cierta diferencia entre sus dos piernas. \u00abLo importante es que la rodilla no ha dado ninguna complicaci\u00f3n, sabiendo que hasta el a\u00f1o no sueles estar a un nivel \u00f3ptimo de condici\u00f3n y de chispa, pero me encuentro bien\u00bb, a\u00f1adi\u00f3. El \u00abfaro\u00bb del Madrid est\u00e1 de vuelta.","breadcrumb":{"@id":"https:\/\/vof-news.eu\/es\/la-travesia-de-269-dias-de-carvajal-el-vinculo-con-sus-dos-hijos-y-un-vestuario-sin-faro-cuando-el-habla-todos-callan\/#breadcrumb"},"inLanguage":"es","potentialAction":[{"@type":"ReadAction","target":["https:\/\/vof-news.eu\/es\/la-travesia-de-269-dias-de-carvajal-el-vinculo-con-sus-dos-hijos-y-un-vestuario-sin-faro-cuando-el-habla-todos-callan\/"]}]},{"@type":"ImageObject","inLanguage":"es","@id":"https:\/\/vof-news.eu\/es\/la-travesia-de-269-dias-de-carvajal-el-vinculo-con-sus-dos-hijos-y-un-vestuario-sin-faro-cuando-el-habla-todos-callan\/#primaryimage","url":"https:\/\/vof-news.eu\/wp-content\/uploads\/2025\/07\/17516419399443.jpg","contentUrl":"https:\/\/vof-news.eu\/wp-content\/uploads\/2025\/07\/17516419399443.jpg","width":1366,"height":910},{"@type":"BreadcrumbList","@id":"https:\/\/vof-news.eu\/es\/la-travesia-de-269-dias-de-carvajal-el-vinculo-con-sus-dos-hijos-y-un-vestuario-sin-faro-cuando-el-habla-todos-callan\/#breadcrumb","itemListElement":[{"@type":"ListItem","position":1,"name":"Home","item":"https:\/\/vof-news.eu\/es\/"},{"@type":"ListItem","position":2,"name":"La traves\u00eda de 269 d\u00edas de Carvajal, el &#8220;v\u00ednculo&#8221; con sus dos hijos y un vestuario sin &#8220;faro&#8221;: &#8220;Cuando \u00e9l habla, todos callan&#8221;"}]},{"@type":"WebSite","@id":"https:\/\/vof-news.eu\/es\/#website","url":"https:\/\/vof-news.eu\/es\/","name":"vof-news.eu","description":"","potentialAction":[{"@type":"SearchAction","target":{"@type":"EntryPoint","urlTemplate":"https:\/\/vof-news.eu\/es\/?s={search_term_string}"},"query-input":"required name=search_term_string"}],"inLanguage":"es"},{"@type":"Person","@id":"https:\/\/vof-news.eu\/es\/#\/schema\/person\/f6a2a4309f0561835797fd8c19b333ed","name":"Author","image":{"@type":"ImageObject","inLanguage":"es","@id":"https:\/\/vof-news.eu\/es\/#\/schema\/person\/image\/","url":"https:\/\/secure.gravatar.com\/avatar\/b67e614b1b25b3e9c0c239efdd2fde5ab015b5affd6f1c3c85911ca4b384e790?s=96&d=mm&r=g","contentUrl":"https:\/\/secure.gravatar.com\/avatar\/b67e614b1b25b3e9c0c239efdd2fde5ab015b5affd6f1c3c85911ca4b384e790?s=96&d=mm&r=g","caption":"Author"},"sameAs":["http:\/\/vof-news.eu"],"url":"https:\/\/vof-news.eu\/es\/author\/zwt6qxnjulxbnyg\/"}]}},"yoast_meta":{"yoast_wpseo_title":"","yoast_wpseo_metadesc":"","yoast_wpseo_canonical":""},"_links":{"self":[{"href":"https:\/\/vof-news.eu\/es\/wp-json\/wp\/v2\/posts\/247401","targetHints":{"allow":["GET"]}}],"collection":[{"href":"https:\/\/vof-news.eu\/es\/wp-json\/wp\/v2\/posts"}],"about":[{"href":"https:\/\/vof-news.eu\/es\/wp-json\/wp\/v2\/types\/post"}],"author":[{"embeddable":true,"href":"https:\/\/vof-news.eu\/es\/wp-json\/wp\/v2\/users\/1"}],"replies":[{"embeddable":true,"href":"https:\/\/vof-news.eu\/es\/wp-json\/wp\/v2\/comments?post=247401"}],"version-history":[{"count":1,"href":"https:\/\/vof-news.eu\/es\/wp-json\/wp\/v2\/posts\/247401\/revisions"}],"predecessor-version":[{"id":247408,"href":"https:\/\/vof-news.eu\/es\/wp-json\/wp\/v2\/posts\/247401\/revisions\/247408"}],"wp:featuredmedia":[{"embeddable":true,"href":"https:\/\/vof-news.eu\/es\/wp-json\/wp\/v2\/media\/247402"}],"wp:attachment":[{"href":"https:\/\/vof-news.eu\/es\/wp-json\/wp\/v2\/media?parent=247401"}],"wp:term":[{"taxonomy":"category","embeddable":true,"href":"https:\/\/vof-news.eu\/es\/wp-json\/wp\/v2\/categories?post=247401"},{"taxonomy":"post_tag","embeddable":true,"href":"https:\/\/vof-news.eu\/es\/wp-json\/wp\/v2\/tags?post=247401"}],"curies":[{"name":"wp","href":"https:\/\/api.w.org\/{rel}","templated":true}]}}