{"id":247351,"date":"2025-07-04T23:17:08","date_gmt":"2025-07-04T20:17:08","guid":{"rendered":"https:\/\/vof-news.eu\/rajoy-defiende-en-el-congreso-del-pp-que-el-actuo-contra-la-corrupcion\/"},"modified":"2025-07-04T23:17:34","modified_gmt":"2025-07-04T20:17:34","slug":"rajoy-defiende-en-el-congreso-del-pp-que-el-actuo-contra-la-corrupcion","status":"publish","type":"post","link":"https:\/\/vof-news.eu\/es\/rajoy-defiende-en-el-congreso-del-pp-que-el-actuo-contra-la-corrupcion\/","title":{"rendered":"Rajoy defiende en el congreso del PP que \u00e9l actu\u00f3 \u201ccontra la corrupci\u00f3n\u201d"},"content":{"rendered":"<div>\n<p>\n        El expresidente del Gobierno Mariano Rajoy ha presumido este viernes durante la inauguraci\u00f3n del XXI Congreso Nacional del Partido Popular de la  lucha \u201ccontra la corrupci\u00f3n\u201d que, ha dicho, llev\u00f3 a cabo durante sus cerca de siete a\u00f1os de mandato. Un mandato que termin\u00f3 antes de lo previsto despu\u00e9s de una moci\u00f3n de censura propiciada por la primera de tres sentencias judiciales que condenaron al PP precisamente por corrupci\u00f3n con \u00e9l mismo como jefe de filas.\n    <\/p>\n<p>\n        Rajoy ha seguido el guion previsto y ha aprovechado su intervenci\u00f3n para arremeter contra el Gobierno de coalici\u00f3n que preside Pedro S\u00e1nchez. \u201cLa situaci\u00f3n pol\u00edtica en Espa\u00f1a hoy es mala, muy mala\u201d, ha sostenido, con su habitual soltura discursiva. \u201cTodos lo saben, incluso los que nos han tra\u00eddo hasta aqu\u00ed. Sobre todo quienes nos han tra\u00eddo hasta aqu\u00ed. No hay m\u00e1s que verles la cara que lucen \u00faltimamente\u201d, ha ironizado sobre el aspecto f\u00edsico del presidente.\n    <\/p>\n<p>\n        \u201cLo que hemos conocido en los \u00faltimos d\u00edas solo es la puntilla de una legislatura que nunca debi\u00f3 arrancar\u201d, ha asegurado un Rajo que ha dicho que \u201cnunca\u201d se hab\u00eda visto en Espa\u00f1a \u201ca una destacada militante socialista arropada por el secretario de Organizaci\u00f3n de su partido, creando un sindicato de intereses con personajes de dudosa condici\u00f3n para organizar campa\u00f1as de desprestigio contra jueces, fiscales y guardias civiles\u201d. \u201cYo por lo menos, no lo hab\u00eda visto\u201d, ha a\u00f1adido. \u201cEsto es algo incre\u00edble. Es alucinante. Es asombroso. No se conocen precedentes de algo as\u00ed ni parecido\u201d, ha zanjado.\n    <\/p>\n<p>\n        Seg\u00fan investiga la Audiencia Nacional, el Gobierno de Rajoy organiz\u00f3 un grupo parapolicial a las \u00f3rdenes de su ministro del Interior, Jorge Fern\u00e1ndez, que fabric\u00f3 pruebas falsas contra rivales pol\u00edticos, <a href=\"https:\/\/www.eldiario.es\/politica\/policia-imputado-reconoce-juez-investigo-pablo-iglesias-partir-montaje-cocaina-miguel-urban_1_12435172.html\" rel=\"nofollow\">como dirigentes de Podemos<\/a> o del independentismo catal\u00e1n. Adem\u00e1s, seg\u00fan la instrucci\u00f3n judicial, el mismo grupo parapolicial intent\u00f3 destruir las pruebas de la hist\u00f3rica corrupci\u00f3n del PP conocida como \u2018caso G\u00fcrtel\u2019 que guardaba el que fuera tesorero de la formaci\u00f3n, Luis B\u00e1rcenas.\n    <\/p>\n<p>\n        Estas operaciones ya han sido <a href=\"https:\/\/www.eldiario.es\/politica\/supremo-confirma-ano-carcel-jefe-policial-brigada-politica-adulterar-caso-pujol_1_12065991.html\" rel=\"nofollow\">juzgadas por el Tribunal Supremo<\/a>. Francisco Mart\u00ednez, el &#8216;n\u00famero dos&#8217; de Interior con Rajoy, espera juicio <a href=\"https:\/\/www.eldiario.es\/politica\/francisco-martinez-detenido-vinculos-hacker-pendiente-juicio-espiar-barcenas_1_12335242.html\" rel=\"nofollow\">por espiar a B\u00e1rcenas<\/a> y ha vuelto a ser detenido en el marco de las investigaciones contra el pirata inform\u00e1tico Alcasec. El exministro Jorge Fern\u00e1ndez se enfrenta a <a href=\"https:\/\/www.eldiario.es\/politica\/rajoy-pp-niegan-guerra-sucia-pese-diez-anos-grabaciones-documentos-sentencia-supremo_1_12106845.htm\" rel=\"nofollow\">una pena de hasta 15 a\u00f1os de c\u00e1rcel<\/a>.\n    <\/p>\n<p>\n        En su opini\u00f3n, la amnist\u00eda que el PSOE pact\u00f3 para la investidura de S\u00e1nchez en 2023 es el origen de todos los males posteriores, aunque la supuesta trama de corrupci\u00f3n que lideraba Santos Cerd\u00e1n comenz\u00f3 a operar con \u00e9l en el Gobierno, a mediados de la d\u00e9cada pasada.\n    <\/p>\n<p>\n        \u201cEso ha sido la gran corrupci\u00f3n\u201d, ha dicho sobre la amnist\u00eda, para avisar: \u201cYo no voy a hablar demasiado sobre este asunto de la corrupci\u00f3n. Ustedes no se lo merecen\u201d. Pero Rajoy ha a\u00f1adido todav\u00eda dos frases m\u00e1s sobre el tema para limpiar su propio pasado.\n    <\/p>\n<p>\n        El expresidente ha hablado de la moci\u00f3n de censura que perdi\u00f3. \u201cAll\u00e1 por el a\u00f1o 2018, me dirig\u00ed a quienes todos sab\u00e9is [en referencia a S\u00e1nchez] y le dije: &#8216;Para dar lecciones hay que estar muy seguro. Si no, lo mejor es callarse. Pues no est\u00e1n ni estaban para dar lecciones\u201d.\n    <\/p>\n<p>\n        \u201cAquella moci\u00f3n fue el primer acto del frankestein y de todo el deterioro institucional y moral que vemos ahora. Se intent\u00f3 enmascarar con una sentencia lo que era lisa y llanamente la historia de una ambici\u00f3n sin l\u00edmites\u201d, ha sostenido. \u201cHab\u00eda que llegar como fuera. Igual que hoy hay que mantenerse como sea\u201d, ha a\u00f1adido.\n    <\/p>\n<p>\n        Rajoy ha concluido su hilo discursivo con una defensa cerrada de su gesti\u00f3n. \u201cCuando nosotros tuvimos problemas, nos juntamos y lo que hicimos fue endurecer las leyes para mejorar la lucha contra el delito. Ahora que hay un agujero negro, se han puesto a endurecer las leyes contra la independencia judicial\u201d, ha sostenido. \u201cEsa es la diferencia, unos actuamos contra la corrupci\u00f3n y otros contra los jueces, contra los fiscales y la Guardia Civil\u201d, ha apuntado, para zanjar: \u201cEsa es la gran diferencia\u201d.\n    <\/p>\n<p>\n        Rajoy tambi\u00e9n ha presumido de que durante su mandato \u201clos trenes funcionaban y llegaban en hora\u201d. Hoy, ha a\u00f1adido, \u201cun viaje en tren es una rifa, puedes quedarte en mitad del camino\u201d. En 2013, durante el primer Gobierno de Rajoy se produjo el accidente de Angrois, cuando un Alvia descarril\u00f3 cuando estaba a punto de llegar a Santiago de Compostela. Murieron 80 personas.\n    <\/p>\n<p>\n        As\u00ed se ha expresado Rajoy durante la jornada inaugural del XXI Congreso Nacional del PP que reelegir\u00e1 como l\u00edder sin ninguna oposici\u00f3n interna a Alberto N\u00fa\u00f1ez Feij\u00f3o. El expresidente ha asegurado que hoy por hoy, \u201clo \u00fanico que est\u00e1 asegurado es que nadie se va a preocupar de ti\u201d en caso de un retraso ferroviario o de un problema en el servicio. \u201cNadie te va a dar una explicaci\u00f3n, nadie te va a dar una soluci\u00f3n. Y por supuesto, nadie te va a dar una disculpa\u201d, ha a\u00f1adido.\n    <\/p>\n<p>\n        Las v\u00edctimas del accidente del Alvia han denunciado desde hace m\u00e1s de una d\u00e9cada el abandono absoluto de la administraci\u00f3n p\u00fablica y denunciaron que \u201chubo una cacer\u00eda del Gobierno al maquinista\u201d. El juicio dict\u00f3 dos a\u00f1os y medio de c\u00e1rcel para el maquinista y el exjefe de seguridad de Adif. La defensa del maquinista ha recurrido.\n    <\/p>\n<p>\n        \u201cEl Partido Popular no solo es la primera fuerza pol\u00edtica de Espa\u00f1a, porque as\u00ed lo dicen los ciudadanos cada vez que tienen la oportunidad de votar. Tambi\u00e9n somos unos de los referentes m\u00e1s s\u00f3lidos del centro derecha en Europa\u201d, ha apuntado. \u201cTenemos una gran historia de la que enorgullecernos. Sobre todo tenemos un brillante presente y un esperanzador futuro\u201d, ha dicho.\n    <\/p>\n<p>\n        Rajoy ha asegurado adem\u00e1s que apoya a Feij\u00f3o en el congreso, un c\u00f3nclave para el que el l\u00edder del PP no tiene rival. Nadie ha planteado tampoco enmiendas importantes a las ponencias.\n    <\/p>\n<\/div>\n","protected":false},"excerpt":{"rendered":"<p>El expresidente del Gobierno Mariano Rajoy ha presumido este viernes durante la inauguraci\u00f3n del XXI Congreso Nacional del Partido Popular de la lucha \u201ccontra la corrupci\u00f3n\u201d que, ha dicho, llev\u00f3 a cabo durante sus cerca de siete a\u00f1os de mandato. Un mandato que termin\u00f3 antes de lo previsto despu\u00e9s de una moci\u00f3n de censura propiciada<\/p>\n","protected":false},"author":1,"featured_media":247352,"comment_status":"open","ping_status":"open","sticky":false,"template":"","format":"standard","meta":{"footnotes":""},"categories":[71],"tags":[],"class_list":["post-247351","post","type-post","status-publish","format-standard","has-post-thumbnail","hentry","category-politics-es"],"acf":[],"yoast_head":"<!-- This site is optimized with the Yoast SEO plugin v22.9 - https:\/\/yoast.com\/wordpress\/plugins\/seo\/ -->\n<title>Rajoy defiende en el congreso del PP que \u00e9l actu\u00f3 \u201ccontra la corrupci\u00f3n\u201d - vof-news.eu<\/title>\n<meta name=\"description\" content=\"El expresidente del Gobierno Mariano Rajoy ha presumido este viernes durante la inauguraci\u00f3n del XXI Congreso Nacional del Partido Popular de la lucha \u201ccontra la corrupci\u00f3n\u201d que, ha dicho, llev\u00f3 a cabo durante sus cerca de siete a\u00f1os de mandato. Un mandato que termin\u00f3 antes de lo previsto despu\u00e9s de una moci\u00f3n de censura propiciada por la primera de tres sentencias judiciales que condenaron al PP precisamente por corrupci\u00f3n con \u00e9l mismo como jefe de filas.\" \/>\n<meta name=\"robots\" content=\"noindex, follow, max-snippet:-1, max-image-preview:large, max-video-preview:-1\" \/>\n<meta property=\"og:locale\" content=\"es_ES\" \/>\n<meta property=\"og:type\" content=\"article\" \/>\n<meta property=\"og:title\" content=\"Rajoy defiende en el congreso del PP que \u00e9l actu\u00f3 \u201ccontra la corrupci\u00f3n\u201d - vof-news.eu\" \/>\n<meta property=\"og:description\" content=\"El expresidente del Gobierno Mariano Rajoy ha presumido este viernes durante la inauguraci\u00f3n del XXI Congreso Nacional del Partido Popular de la lucha \u201ccontra la corrupci\u00f3n\u201d que, ha dicho, llev\u00f3 a cabo durante sus cerca de siete a\u00f1os de mandato. Un mandato que termin\u00f3 antes de lo previsto despu\u00e9s de una moci\u00f3n de censura propiciada por la primera de tres sentencias judiciales que condenaron al PP precisamente por corrupci\u00f3n con \u00e9l mismo como jefe de filas.\" \/>\n<meta property=\"og:url\" content=\"https:\/\/vof-news.eu\/es\/rajoy-defiende-en-el-congreso-del-pp-que-el-actuo-contra-la-corrupcion\/\" \/>\n<meta property=\"og:site_name\" content=\"vof-news.eu\" \/>\n<meta property=\"article:published_time\" content=\"2025-07-04T20:17:08+00:00\" \/>\n<meta property=\"article:modified_time\" content=\"2025-07-04T20:17:34+00:00\" \/>\n<meta property=\"og:image\" content=\"https:\/\/vof-news.eu\/wp-content\/uploads\/2025\/07\/1e863234-7ef8-4b22-a6d2-f2c85a879f28_16-9-discover-aspect-ratio_default_1121132.jpg\" \/>\n\t<meta property=\"og:image:width\" content=\"1200\" \/>\n\t<meta property=\"og:image:height\" content=\"675\" \/>\n\t<meta property=\"og:image:type\" content=\"image\/jpeg\" \/>\n<meta name=\"author\" content=\"Author\" \/>\n<meta name=\"twitter:card\" content=\"summary_large_image\" \/>\n<meta name=\"twitter:label1\" content=\"Escrito por\" \/>\n\t<meta name=\"twitter:data1\" content=\"Author\" \/>\n\t<meta name=\"twitter:label2\" content=\"Tiempo de lectura\" \/>\n\t<meta name=\"twitter:data2\" content=\"5 minutos\" \/>\n<script type=\"application\/ld+json\" class=\"yoast-schema-graph\">{\"@context\":\"https:\/\/schema.org\",\"@graph\":[{\"@type\":\"WebPage\",\"@id\":\"https:\/\/vof-news.eu\/es\/rajoy-defiende-en-el-congreso-del-pp-que-el-actuo-contra-la-corrupcion\/\",\"url\":\"https:\/\/vof-news.eu\/es\/rajoy-defiende-en-el-congreso-del-pp-que-el-actuo-contra-la-corrupcion\/\",\"name\":\"Rajoy defiende en el congreso del PP que \u00e9l actu\u00f3 \u201ccontra la corrupci\u00f3n\u201d - vof-news.eu\",\"isPartOf\":{\"@id\":\"https:\/\/vof-news.eu\/es\/#website\"},\"primaryImageOfPage\":{\"@id\":\"https:\/\/vof-news.eu\/es\/rajoy-defiende-en-el-congreso-del-pp-que-el-actuo-contra-la-corrupcion\/#primaryimage\"},\"image\":{\"@id\":\"https:\/\/vof-news.eu\/es\/rajoy-defiende-en-el-congreso-del-pp-que-el-actuo-contra-la-corrupcion\/#primaryimage\"},\"thumbnailUrl\":\"https:\/\/vof-news.eu\/wp-content\/uploads\/2025\/07\/1e863234-7ef8-4b22-a6d2-f2c85a879f28_16-9-discover-aspect-ratio_default_1121132.jpg\",\"datePublished\":\"2025-07-04T20:17:08+00:00\",\"dateModified\":\"2025-07-04T20:17:34+00:00\",\"author\":{\"@id\":\"https:\/\/vof-news.eu\/es\/#\/schema\/person\/f6a2a4309f0561835797fd8c19b333ed\"},\"description\":\"El expresidente del Gobierno Mariano Rajoy ha presumido este viernes durante la inauguraci\u00f3n del XXI Congreso Nacional del Partido Popular de la lucha \u201ccontra la corrupci\u00f3n\u201d que, ha dicho, llev\u00f3 a cabo durante sus cerca de siete a\u00f1os de mandato. Un mandato que termin\u00f3 antes de lo previsto despu\u00e9s de una moci\u00f3n de censura propiciada por la primera de tres sentencias judiciales que condenaron al PP precisamente por corrupci\u00f3n con \u00e9l mismo como jefe de filas.\",\"breadcrumb\":{\"@id\":\"https:\/\/vof-news.eu\/es\/rajoy-defiende-en-el-congreso-del-pp-que-el-actuo-contra-la-corrupcion\/#breadcrumb\"},\"inLanguage\":\"es\",\"potentialAction\":[{\"@type\":\"ReadAction\",\"target\":[\"https:\/\/vof-news.eu\/es\/rajoy-defiende-en-el-congreso-del-pp-que-el-actuo-contra-la-corrupcion\/\"]}]},{\"@type\":\"ImageObject\",\"inLanguage\":\"es\",\"@id\":\"https:\/\/vof-news.eu\/es\/rajoy-defiende-en-el-congreso-del-pp-que-el-actuo-contra-la-corrupcion\/#primaryimage\",\"url\":\"https:\/\/vof-news.eu\/wp-content\/uploads\/2025\/07\/1e863234-7ef8-4b22-a6d2-f2c85a879f28_16-9-discover-aspect-ratio_default_1121132.jpg\",\"contentUrl\":\"https:\/\/vof-news.eu\/wp-content\/uploads\/2025\/07\/1e863234-7ef8-4b22-a6d2-f2c85a879f28_16-9-discover-aspect-ratio_default_1121132.jpg\",\"width\":1200,\"height\":675},{\"@type\":\"BreadcrumbList\",\"@id\":\"https:\/\/vof-news.eu\/es\/rajoy-defiende-en-el-congreso-del-pp-que-el-actuo-contra-la-corrupcion\/#breadcrumb\",\"itemListElement\":[{\"@type\":\"ListItem\",\"position\":1,\"name\":\"Home\",\"item\":\"https:\/\/vof-news.eu\/es\/\"},{\"@type\":\"ListItem\",\"position\":2,\"name\":\"Rajoy defiende en el congreso del PP que \u00e9l actu\u00f3 \u201ccontra la corrupci\u00f3n\u201d\"}]},{\"@type\":\"WebSite\",\"@id\":\"https:\/\/vof-news.eu\/es\/#website\",\"url\":\"https:\/\/vof-news.eu\/es\/\",\"name\":\"vof-news.eu\",\"description\":\"\",\"potentialAction\":[{\"@type\":\"SearchAction\",\"target\":{\"@type\":\"EntryPoint\",\"urlTemplate\":\"https:\/\/vof-news.eu\/es\/?s={search_term_string}\"},\"query-input\":\"required name=search_term_string\"}],\"inLanguage\":\"es\"},{\"@type\":\"Person\",\"@id\":\"https:\/\/vof-news.eu\/es\/#\/schema\/person\/f6a2a4309f0561835797fd8c19b333ed\",\"name\":\"Author\",\"image\":{\"@type\":\"ImageObject\",\"inLanguage\":\"es\",\"@id\":\"https:\/\/vof-news.eu\/es\/#\/schema\/person\/image\/\",\"url\":\"https:\/\/secure.gravatar.com\/avatar\/b67e614b1b25b3e9c0c239efdd2fde5ab015b5affd6f1c3c85911ca4b384e790?s=96&d=mm&r=g\",\"contentUrl\":\"https:\/\/secure.gravatar.com\/avatar\/b67e614b1b25b3e9c0c239efdd2fde5ab015b5affd6f1c3c85911ca4b384e790?s=96&d=mm&r=g\",\"caption\":\"Author\"},\"sameAs\":[\"http:\/\/vof-news.eu\"],\"url\":\"https:\/\/vof-news.eu\/es\/author\/zwt6qxnjulxbnyg\/\"}]}<\/script>\n<!-- \/ Yoast SEO plugin. -->","yoast_head_json":{"title":"Rajoy defiende en el congreso del PP que \u00e9l actu\u00f3 \u201ccontra la corrupci\u00f3n\u201d - vof-news.eu","description":"El expresidente del Gobierno Mariano Rajoy ha presumido este viernes durante la inauguraci\u00f3n del XXI Congreso Nacional del Partido Popular de la lucha \u201ccontra la corrupci\u00f3n\u201d que, ha dicho, llev\u00f3 a cabo durante sus cerca de siete a\u00f1os de mandato. Un mandato que termin\u00f3 antes de lo previsto despu\u00e9s de una moci\u00f3n de censura propiciada por la primera de tres sentencias judiciales que condenaron al PP precisamente por corrupci\u00f3n con \u00e9l mismo como jefe de filas.","robots":{"index":"noindex","follow":"follow","max-snippet":"max-snippet:-1","max-image-preview":"max-image-preview:large","max-video-preview":"max-video-preview:-1"},"og_locale":"es_ES","og_type":"article","og_title":"Rajoy defiende en el congreso del PP que \u00e9l actu\u00f3 \u201ccontra la corrupci\u00f3n\u201d - vof-news.eu","og_description":"El expresidente del Gobierno Mariano Rajoy ha presumido este viernes durante la inauguraci\u00f3n del XXI Congreso Nacional del Partido Popular de la lucha \u201ccontra la corrupci\u00f3n\u201d que, ha dicho, llev\u00f3 a cabo durante sus cerca de siete a\u00f1os de mandato. Un mandato que termin\u00f3 antes de lo previsto despu\u00e9s de una moci\u00f3n de censura propiciada por la primera de tres sentencias judiciales que condenaron al PP precisamente por corrupci\u00f3n con \u00e9l mismo como jefe de filas.","og_url":"https:\/\/vof-news.eu\/es\/rajoy-defiende-en-el-congreso-del-pp-que-el-actuo-contra-la-corrupcion\/","og_site_name":"vof-news.eu","article_published_time":"2025-07-04T20:17:08+00:00","article_modified_time":"2025-07-04T20:17:34+00:00","og_image":[{"width":1200,"height":675,"url":"https:\/\/vof-news.eu\/wp-content\/uploads\/2025\/07\/1e863234-7ef8-4b22-a6d2-f2c85a879f28_16-9-discover-aspect-ratio_default_1121132.jpg","type":"image\/jpeg"}],"author":"Author","twitter_card":"summary_large_image","twitter_misc":{"Escrito por":"Author","Tiempo de lectura":"5 minutos"},"schema":{"@context":"https:\/\/schema.org","@graph":[{"@type":"WebPage","@id":"https:\/\/vof-news.eu\/es\/rajoy-defiende-en-el-congreso-del-pp-que-el-actuo-contra-la-corrupcion\/","url":"https:\/\/vof-news.eu\/es\/rajoy-defiende-en-el-congreso-del-pp-que-el-actuo-contra-la-corrupcion\/","name":"Rajoy defiende en el congreso del PP que \u00e9l actu\u00f3 \u201ccontra la corrupci\u00f3n\u201d - vof-news.eu","isPartOf":{"@id":"https:\/\/vof-news.eu\/es\/#website"},"primaryImageOfPage":{"@id":"https:\/\/vof-news.eu\/es\/rajoy-defiende-en-el-congreso-del-pp-que-el-actuo-contra-la-corrupcion\/#primaryimage"},"image":{"@id":"https:\/\/vof-news.eu\/es\/rajoy-defiende-en-el-congreso-del-pp-que-el-actuo-contra-la-corrupcion\/#primaryimage"},"thumbnailUrl":"https:\/\/vof-news.eu\/wp-content\/uploads\/2025\/07\/1e863234-7ef8-4b22-a6d2-f2c85a879f28_16-9-discover-aspect-ratio_default_1121132.jpg","datePublished":"2025-07-04T20:17:08+00:00","dateModified":"2025-07-04T20:17:34+00:00","author":{"@id":"https:\/\/vof-news.eu\/es\/#\/schema\/person\/f6a2a4309f0561835797fd8c19b333ed"},"description":"El expresidente del Gobierno Mariano Rajoy ha presumido este viernes durante la inauguraci\u00f3n del XXI Congreso Nacional del Partido Popular de la lucha \u201ccontra la corrupci\u00f3n\u201d que, ha dicho, llev\u00f3 a cabo durante sus cerca de siete a\u00f1os de mandato. Un mandato que termin\u00f3 antes de lo previsto despu\u00e9s de una moci\u00f3n de censura propiciada por la primera de tres sentencias judiciales que condenaron al PP precisamente por corrupci\u00f3n con \u00e9l mismo como jefe de filas.","breadcrumb":{"@id":"https:\/\/vof-news.eu\/es\/rajoy-defiende-en-el-congreso-del-pp-que-el-actuo-contra-la-corrupcion\/#breadcrumb"},"inLanguage":"es","potentialAction":[{"@type":"ReadAction","target":["https:\/\/vof-news.eu\/es\/rajoy-defiende-en-el-congreso-del-pp-que-el-actuo-contra-la-corrupcion\/"]}]},{"@type":"ImageObject","inLanguage":"es","@id":"https:\/\/vof-news.eu\/es\/rajoy-defiende-en-el-congreso-del-pp-que-el-actuo-contra-la-corrupcion\/#primaryimage","url":"https:\/\/vof-news.eu\/wp-content\/uploads\/2025\/07\/1e863234-7ef8-4b22-a6d2-f2c85a879f28_16-9-discover-aspect-ratio_default_1121132.jpg","contentUrl":"https:\/\/vof-news.eu\/wp-content\/uploads\/2025\/07\/1e863234-7ef8-4b22-a6d2-f2c85a879f28_16-9-discover-aspect-ratio_default_1121132.jpg","width":1200,"height":675},{"@type":"BreadcrumbList","@id":"https:\/\/vof-news.eu\/es\/rajoy-defiende-en-el-congreso-del-pp-que-el-actuo-contra-la-corrupcion\/#breadcrumb","itemListElement":[{"@type":"ListItem","position":1,"name":"Home","item":"https:\/\/vof-news.eu\/es\/"},{"@type":"ListItem","position":2,"name":"Rajoy defiende en el congreso del PP que \u00e9l actu\u00f3 \u201ccontra la corrupci\u00f3n\u201d"}]},{"@type":"WebSite","@id":"https:\/\/vof-news.eu\/es\/#website","url":"https:\/\/vof-news.eu\/es\/","name":"vof-news.eu","description":"","potentialAction":[{"@type":"SearchAction","target":{"@type":"EntryPoint","urlTemplate":"https:\/\/vof-news.eu\/es\/?s={search_term_string}"},"query-input":"required name=search_term_string"}],"inLanguage":"es"},{"@type":"Person","@id":"https:\/\/vof-news.eu\/es\/#\/schema\/person\/f6a2a4309f0561835797fd8c19b333ed","name":"Author","image":{"@type":"ImageObject","inLanguage":"es","@id":"https:\/\/vof-news.eu\/es\/#\/schema\/person\/image\/","url":"https:\/\/secure.gravatar.com\/avatar\/b67e614b1b25b3e9c0c239efdd2fde5ab015b5affd6f1c3c85911ca4b384e790?s=96&d=mm&r=g","contentUrl":"https:\/\/secure.gravatar.com\/avatar\/b67e614b1b25b3e9c0c239efdd2fde5ab015b5affd6f1c3c85911ca4b384e790?s=96&d=mm&r=g","caption":"Author"},"sameAs":["http:\/\/vof-news.eu"],"url":"https:\/\/vof-news.eu\/es\/author\/zwt6qxnjulxbnyg\/"}]}},"yoast_meta":{"yoast_wpseo_title":"","yoast_wpseo_metadesc":"","yoast_wpseo_canonical":""},"_links":{"self":[{"href":"https:\/\/vof-news.eu\/es\/wp-json\/wp\/v2\/posts\/247351","targetHints":{"allow":["GET"]}}],"collection":[{"href":"https:\/\/vof-news.eu\/es\/wp-json\/wp\/v2\/posts"}],"about":[{"href":"https:\/\/vof-news.eu\/es\/wp-json\/wp\/v2\/types\/post"}],"author":[{"embeddable":true,"href":"https:\/\/vof-news.eu\/es\/wp-json\/wp\/v2\/users\/1"}],"replies":[{"embeddable":true,"href":"https:\/\/vof-news.eu\/es\/wp-json\/wp\/v2\/comments?post=247351"}],"version-history":[{"count":1,"href":"https:\/\/vof-news.eu\/es\/wp-json\/wp\/v2\/posts\/247351\/revisions"}],"predecessor-version":[{"id":247358,"href":"https:\/\/vof-news.eu\/es\/wp-json\/wp\/v2\/posts\/247351\/revisions\/247358"}],"wp:featuredmedia":[{"embeddable":true,"href":"https:\/\/vof-news.eu\/es\/wp-json\/wp\/v2\/media\/247352"}],"wp:attachment":[{"href":"https:\/\/vof-news.eu\/es\/wp-json\/wp\/v2\/media?parent=247351"}],"wp:term":[{"taxonomy":"category","embeddable":true,"href":"https:\/\/vof-news.eu\/es\/wp-json\/wp\/v2\/categories?post=247351"},{"taxonomy":"post_tag","embeddable":true,"href":"https:\/\/vof-news.eu\/es\/wp-json\/wp\/v2\/tags?post=247351"}],"curies":[{"name":"wp","href":"https:\/\/api.w.org\/{rel}","templated":true}]}}