{"id":247270,"date":"2025-07-04T21:17:53","date_gmt":"2025-07-04T18:17:53","guid":{"rendered":"https:\/\/vof-news.eu\/la-ue-ve-progreso-hacia-un-principio-de-acuerdo-con-trump-para-evitar-una-guerra-comercial\/"},"modified":"2025-07-04T21:18:10","modified_gmt":"2025-07-04T18:18:10","slug":"la-ue-ve-progreso-hacia-un-principio-de-acuerdo-con-trump-para-evitar-una-guerra-comercial","status":"publish","type":"post","link":"https:\/\/vof-news.eu\/es\/la-ue-ve-progreso-hacia-un-principio-de-acuerdo-con-trump-para-evitar-una-guerra-comercial\/","title":{"rendered":"La UE ve \u201cprogreso hacia un principio de acuerdo\u201d con Trump para evitar una guerra comercial"},"content":{"rendered":"<div>\n<p>\n        La UE ve m\u00e1s cerca un principio de acuerdo con Donald Trump que evite que se desate una guerra comercial de consecuencias nefastas para la econom\u00eda de los dos bloques. Las negociaciones se intensificaron esta semana con un viaje del comisario de Comercio, Maros Sefcovic, y t\u00e9cnicos comunitarios a Washington ante la cercan\u00eda de la fecha l\u00edmite del 9 de julio que se dieron el presidente de EEUU y la de la Comisi\u00f3n Europea, Ursula von der Leyen. En esos \u00faltimos contactos, lo que sostienen en Bruselas es que se ha producido \u201cprogreso hacia un principio de acuerdo\u201d.\n    <\/p>\n<p>\n        Sefcovic ha informado a los embajadores de los 27 de la base de ese acuerdo que se est\u00e1 negociando y que, en todo caso, no ser\u00e1 exhaustivo y detallado, como reconoci\u00f3 este jueves Von der Leyen, sino que ser\u00e1 un entendimiento de m\u00ednimos, como el que alcanz\u00f3 Reino Unido hace unas semanas. De hecho, la UE asume que una parte de los aranceles que ya ha activado Trump permanecer\u00e1n, como el 10% universal que tambi\u00e9n acept\u00f3 el Gobierno de Keir Starmer.\n    <\/p>\n<p>\n        \u201cTras debatir el estado de la cuesti\u00f3n con nuestros estados miembros, la Comisi\u00f3n reanudar\u00e1 sus contactos con EEUU sobre el fondo durante el fin de semana\u201d, se\u00f1ala el portavoz de comercio de la Comisi\u00f3n Europea, Olof Gill.\n    <\/p>\n<p>\n        No obstante, en Bruselas tampoco echan las campanas al vuelo y aseguran que, al mismo tiempo que se avanza en las negociaciones, se est\u00e1n preparando \u201cpara la posibilidad de que no haya un acuerdo satisfactorio\u201d. En ese caso, la UE tendr\u00eda que imponer contramedidas en respuesta a los aranceles a cerca del 50% de los productos europeos que impuso Trump y que, en parte, est\u00e1n suspendidos.\n    <\/p>\n<p>\n        \u201cMientras la UE trabaja para conseguir los aranceles m\u00e1s bajos posibles, EEUU sigue dispuesto a imponer algunos aranceles sustanciales en varios sectores, al tiempo que se muestra abierto en algunos otros\u201d, expresan otras fuentes sobre la marcha de las negociaciones. El convencimiento en la UE es que al menos habr\u00e1 un arancel gen\u00e9rico del 10% y la intenci\u00f3n es salvar sectores clave de la econom\u00eda, as\u00ed como a la industria alemana, que es una de las m\u00e1s perjudicadas de la guerra comercial.\n    <\/p>\n<p>\n        La duda que planea en las capitales europeas es si aceptar un acuerdo de m\u00ednimos para evitar que se desate una guerra comercial completa con el principal socio comercial de la UE o si aguantar el pulso y responder a Trump con medidas proporcionales, que es la posici\u00f3n que capitanea el presidente franc\u00e9s, Emmanuel Macron.\n    <\/p>\n<p>\n        Por el momento, el trabajo de la Comisi\u00f3n Europea se centra en \u201calcanzar un principio de acuerdo\u201d, tal y como explic\u00f3 el jueves Von der Leyen, que tach\u00f3 de  \u201cimposible\u201d cerrar un acuerdo \u201cen detalle\u201d para el \u201cingente\u201d volumen de negocio entre la UE y Estados Unidos, que asciende a 1,5 billones. \u201cEso es tambi\u00e9n lo que hizo el Reino Unido\u201d, compar\u00f3 la alemana.\n    <\/p>\n<\/div>\n","protected":false},"excerpt":{"rendered":"<p>La UE ve m\u00e1s cerca un principio de acuerdo con Donald Trump que evite que se desate una guerra comercial de consecuencias nefastas para la econom\u00eda de los dos bloques. Las negociaciones se intensificaron esta semana con un viaje del comisario de Comercio, Maros Sefcovic, y t\u00e9cnicos comunitarios a Washington ante la cercan\u00eda de la<\/p>\n","protected":false},"author":1,"featured_media":247271,"comment_status":"open","ping_status":"open","sticky":false,"template":"","format":"standard","meta":{"footnotes":""},"categories":[61],"tags":[],"class_list":["post-247270","post","type-post","status-publish","format-standard","has-post-thumbnail","hentry","category-business-es"],"acf":[],"yoast_head":"<!-- This site is optimized with the Yoast SEO plugin v22.9 - https:\/\/yoast.com\/wordpress\/plugins\/seo\/ -->\n<title>La UE ve \u201cprogreso hacia un principio de acuerdo\u201d con Trump para evitar una guerra comercial - vof-news.eu<\/title>\n<meta name=\"description\" content=\"La UE ve m\u00e1s cerca un principio de acuerdo con Donald Trump que evite que se desate una guerra comercial de consecuencias nefastas para la econom\u00eda de los dos bloques. Las negociaciones se intensificaron esta semana con un viaje del comisario de Comercio, Maros Sefcovic, y t\u00e9cnicos comunitarios a Washington ante la cercan\u00eda de la fecha l\u00edmite del 9 de julio que se dieron el presidente de EEUU y la de la Comisi\u00f3n Europea, Ursula von der Leyen. En esos \u00faltimos contactos, lo que sostienen en Bruselas es que se ha producido \u201cprogreso hacia un principio de acuerdo\u201d.\" \/>\n<meta name=\"robots\" content=\"noindex, follow, max-snippet:-1, max-image-preview:large, max-video-preview:-1\" \/>\n<meta property=\"og:locale\" content=\"es_ES\" \/>\n<meta property=\"og:type\" content=\"article\" \/>\n<meta property=\"og:title\" content=\"La UE ve \u201cprogreso hacia un principio de acuerdo\u201d con Trump para evitar una guerra comercial - vof-news.eu\" \/>\n<meta property=\"og:description\" content=\"La UE ve m\u00e1s cerca un principio de acuerdo con Donald Trump que evite que se desate una guerra comercial de consecuencias nefastas para la econom\u00eda de los dos bloques. Las negociaciones se intensificaron esta semana con un viaje del comisario de Comercio, Maros Sefcovic, y t\u00e9cnicos comunitarios a Washington ante la cercan\u00eda de la fecha l\u00edmite del 9 de julio que se dieron el presidente de EEUU y la de la Comisi\u00f3n Europea, Ursula von der Leyen. En esos \u00faltimos contactos, lo que sostienen en Bruselas es que se ha producido \u201cprogreso hacia un principio de acuerdo\u201d.\" \/>\n<meta property=\"og:url\" content=\"https:\/\/vof-news.eu\/es\/la-ue-ve-progreso-hacia-un-principio-de-acuerdo-con-trump-para-evitar-una-guerra-comercial\/\" \/>\n<meta property=\"og:site_name\" content=\"vof-news.eu\" \/>\n<meta property=\"article:published_time\" content=\"2025-07-04T18:17:53+00:00\" \/>\n<meta property=\"article:modified_time\" content=\"2025-07-04T18:18:10+00:00\" \/>\n<meta property=\"og:image\" content=\"https:\/\/vof-news.eu\/wp-content\/uploads\/2025\/07\/d89ce94c-e0d7-45b1-a4c0-ecc228dfad99_16-9-discover-aspect-ratio_default_0.jpg\" \/>\n\t<meta property=\"og:image:width\" content=\"1200\" \/>\n\t<meta property=\"og:image:height\" content=\"675\" \/>\n\t<meta property=\"og:image:type\" content=\"image\/jpeg\" \/>\n<meta name=\"author\" content=\"Author\" \/>\n<meta name=\"twitter:card\" content=\"summary_large_image\" \/>\n<meta name=\"twitter:label1\" content=\"Escrito por\" \/>\n\t<meta name=\"twitter:data1\" content=\"Author\" \/>\n\t<meta name=\"twitter:label2\" content=\"Tiempo de lectura\" \/>\n\t<meta name=\"twitter:data2\" content=\"3 minutos\" \/>\n<script type=\"application\/ld+json\" class=\"yoast-schema-graph\">{\"@context\":\"https:\/\/schema.org\",\"@graph\":[{\"@type\":\"WebPage\",\"@id\":\"https:\/\/vof-news.eu\/es\/la-ue-ve-progreso-hacia-un-principio-de-acuerdo-con-trump-para-evitar-una-guerra-comercial\/\",\"url\":\"https:\/\/vof-news.eu\/es\/la-ue-ve-progreso-hacia-un-principio-de-acuerdo-con-trump-para-evitar-una-guerra-comercial\/\",\"name\":\"La UE ve \u201cprogreso hacia un principio de acuerdo\u201d con Trump para evitar una guerra comercial - vof-news.eu\",\"isPartOf\":{\"@id\":\"https:\/\/vof-news.eu\/es\/#website\"},\"primaryImageOfPage\":{\"@id\":\"https:\/\/vof-news.eu\/es\/la-ue-ve-progreso-hacia-un-principio-de-acuerdo-con-trump-para-evitar-una-guerra-comercial\/#primaryimage\"},\"image\":{\"@id\":\"https:\/\/vof-news.eu\/es\/la-ue-ve-progreso-hacia-un-principio-de-acuerdo-con-trump-para-evitar-una-guerra-comercial\/#primaryimage\"},\"thumbnailUrl\":\"https:\/\/vof-news.eu\/wp-content\/uploads\/2025\/07\/d89ce94c-e0d7-45b1-a4c0-ecc228dfad99_16-9-discover-aspect-ratio_default_0.jpg\",\"datePublished\":\"2025-07-04T18:17:53+00:00\",\"dateModified\":\"2025-07-04T18:18:10+00:00\",\"author\":{\"@id\":\"https:\/\/vof-news.eu\/es\/#\/schema\/person\/f6a2a4309f0561835797fd8c19b333ed\"},\"description\":\"La UE ve m\u00e1s cerca un principio de acuerdo con Donald Trump que evite que se desate una guerra comercial de consecuencias nefastas para la econom\u00eda de los dos bloques. Las negociaciones se intensificaron esta semana con un viaje del comisario de Comercio, Maros Sefcovic, y t\u00e9cnicos comunitarios a Washington ante la cercan\u00eda de la fecha l\u00edmite del 9 de julio que se dieron el presidente de EEUU y la de la Comisi\u00f3n Europea, Ursula von der Leyen. En esos \u00faltimos contactos, lo que sostienen en Bruselas es que se ha producido \u201cprogreso hacia un principio de acuerdo\u201d.\",\"breadcrumb\":{\"@id\":\"https:\/\/vof-news.eu\/es\/la-ue-ve-progreso-hacia-un-principio-de-acuerdo-con-trump-para-evitar-una-guerra-comercial\/#breadcrumb\"},\"inLanguage\":\"es\",\"potentialAction\":[{\"@type\":\"ReadAction\",\"target\":[\"https:\/\/vof-news.eu\/es\/la-ue-ve-progreso-hacia-un-principio-de-acuerdo-con-trump-para-evitar-una-guerra-comercial\/\"]}]},{\"@type\":\"ImageObject\",\"inLanguage\":\"es\",\"@id\":\"https:\/\/vof-news.eu\/es\/la-ue-ve-progreso-hacia-un-principio-de-acuerdo-con-trump-para-evitar-una-guerra-comercial\/#primaryimage\",\"url\":\"https:\/\/vof-news.eu\/wp-content\/uploads\/2025\/07\/d89ce94c-e0d7-45b1-a4c0-ecc228dfad99_16-9-discover-aspect-ratio_default_0.jpg\",\"contentUrl\":\"https:\/\/vof-news.eu\/wp-content\/uploads\/2025\/07\/d89ce94c-e0d7-45b1-a4c0-ecc228dfad99_16-9-discover-aspect-ratio_default_0.jpg\",\"width\":1200,\"height\":675},{\"@type\":\"BreadcrumbList\",\"@id\":\"https:\/\/vof-news.eu\/es\/la-ue-ve-progreso-hacia-un-principio-de-acuerdo-con-trump-para-evitar-una-guerra-comercial\/#breadcrumb\",\"itemListElement\":[{\"@type\":\"ListItem\",\"position\":1,\"name\":\"Home\",\"item\":\"https:\/\/vof-news.eu\/es\/\"},{\"@type\":\"ListItem\",\"position\":2,\"name\":\"La UE ve \u201cprogreso hacia un principio de acuerdo\u201d con Trump para evitar una guerra comercial\"}]},{\"@type\":\"WebSite\",\"@id\":\"https:\/\/vof-news.eu\/es\/#website\",\"url\":\"https:\/\/vof-news.eu\/es\/\",\"name\":\"vof-news.eu\",\"description\":\"\",\"potentialAction\":[{\"@type\":\"SearchAction\",\"target\":{\"@type\":\"EntryPoint\",\"urlTemplate\":\"https:\/\/vof-news.eu\/es\/?s={search_term_string}\"},\"query-input\":\"required name=search_term_string\"}],\"inLanguage\":\"es\"},{\"@type\":\"Person\",\"@id\":\"https:\/\/vof-news.eu\/es\/#\/schema\/person\/f6a2a4309f0561835797fd8c19b333ed\",\"name\":\"Author\",\"image\":{\"@type\":\"ImageObject\",\"inLanguage\":\"es\",\"@id\":\"https:\/\/vof-news.eu\/es\/#\/schema\/person\/image\/\",\"url\":\"https:\/\/secure.gravatar.com\/avatar\/b67e614b1b25b3e9c0c239efdd2fde5ab015b5affd6f1c3c85911ca4b384e790?s=96&d=mm&r=g\",\"contentUrl\":\"https:\/\/secure.gravatar.com\/avatar\/b67e614b1b25b3e9c0c239efdd2fde5ab015b5affd6f1c3c85911ca4b384e790?s=96&d=mm&r=g\",\"caption\":\"Author\"},\"sameAs\":[\"http:\/\/vof-news.eu\"],\"url\":\"https:\/\/vof-news.eu\/es\/author\/zwt6qxnjulxbnyg\/\"}]}<\/script>\n<!-- \/ Yoast SEO plugin. -->","yoast_head_json":{"title":"La UE ve \u201cprogreso hacia un principio de acuerdo\u201d con Trump para evitar una guerra comercial - vof-news.eu","description":"La UE ve m\u00e1s cerca un principio de acuerdo con Donald Trump que evite que se desate una guerra comercial de consecuencias nefastas para la econom\u00eda de los dos bloques. Las negociaciones se intensificaron esta semana con un viaje del comisario de Comercio, Maros Sefcovic, y t\u00e9cnicos comunitarios a Washington ante la cercan\u00eda de la fecha l\u00edmite del 9 de julio que se dieron el presidente de EEUU y la de la Comisi\u00f3n Europea, Ursula von der Leyen. En esos \u00faltimos contactos, lo que sostienen en Bruselas es que se ha producido \u201cprogreso hacia un principio de acuerdo\u201d.","robots":{"index":"noindex","follow":"follow","max-snippet":"max-snippet:-1","max-image-preview":"max-image-preview:large","max-video-preview":"max-video-preview:-1"},"og_locale":"es_ES","og_type":"article","og_title":"La UE ve \u201cprogreso hacia un principio de acuerdo\u201d con Trump para evitar una guerra comercial - vof-news.eu","og_description":"La UE ve m\u00e1s cerca un principio de acuerdo con Donald Trump que evite que se desate una guerra comercial de consecuencias nefastas para la econom\u00eda de los dos bloques. Las negociaciones se intensificaron esta semana con un viaje del comisario de Comercio, Maros Sefcovic, y t\u00e9cnicos comunitarios a Washington ante la cercan\u00eda de la fecha l\u00edmite del 9 de julio que se dieron el presidente de EEUU y la de la Comisi\u00f3n Europea, Ursula von der Leyen. En esos \u00faltimos contactos, lo que sostienen en Bruselas es que se ha producido \u201cprogreso hacia un principio de acuerdo\u201d.","og_url":"https:\/\/vof-news.eu\/es\/la-ue-ve-progreso-hacia-un-principio-de-acuerdo-con-trump-para-evitar-una-guerra-comercial\/","og_site_name":"vof-news.eu","article_published_time":"2025-07-04T18:17:53+00:00","article_modified_time":"2025-07-04T18:18:10+00:00","og_image":[{"width":1200,"height":675,"url":"https:\/\/vof-news.eu\/wp-content\/uploads\/2025\/07\/d89ce94c-e0d7-45b1-a4c0-ecc228dfad99_16-9-discover-aspect-ratio_default_0.jpg","type":"image\/jpeg"}],"author":"Author","twitter_card":"summary_large_image","twitter_misc":{"Escrito por":"Author","Tiempo de lectura":"3 minutos"},"schema":{"@context":"https:\/\/schema.org","@graph":[{"@type":"WebPage","@id":"https:\/\/vof-news.eu\/es\/la-ue-ve-progreso-hacia-un-principio-de-acuerdo-con-trump-para-evitar-una-guerra-comercial\/","url":"https:\/\/vof-news.eu\/es\/la-ue-ve-progreso-hacia-un-principio-de-acuerdo-con-trump-para-evitar-una-guerra-comercial\/","name":"La UE ve \u201cprogreso hacia un principio de acuerdo\u201d con Trump para evitar una guerra comercial - vof-news.eu","isPartOf":{"@id":"https:\/\/vof-news.eu\/es\/#website"},"primaryImageOfPage":{"@id":"https:\/\/vof-news.eu\/es\/la-ue-ve-progreso-hacia-un-principio-de-acuerdo-con-trump-para-evitar-una-guerra-comercial\/#primaryimage"},"image":{"@id":"https:\/\/vof-news.eu\/es\/la-ue-ve-progreso-hacia-un-principio-de-acuerdo-con-trump-para-evitar-una-guerra-comercial\/#primaryimage"},"thumbnailUrl":"https:\/\/vof-news.eu\/wp-content\/uploads\/2025\/07\/d89ce94c-e0d7-45b1-a4c0-ecc228dfad99_16-9-discover-aspect-ratio_default_0.jpg","datePublished":"2025-07-04T18:17:53+00:00","dateModified":"2025-07-04T18:18:10+00:00","author":{"@id":"https:\/\/vof-news.eu\/es\/#\/schema\/person\/f6a2a4309f0561835797fd8c19b333ed"},"description":"La UE ve m\u00e1s cerca un principio de acuerdo con Donald Trump que evite que se desate una guerra comercial de consecuencias nefastas para la econom\u00eda de los dos bloques. Las negociaciones se intensificaron esta semana con un viaje del comisario de Comercio, Maros Sefcovic, y t\u00e9cnicos comunitarios a Washington ante la cercan\u00eda de la fecha l\u00edmite del 9 de julio que se dieron el presidente de EEUU y la de la Comisi\u00f3n Europea, Ursula von der Leyen. En esos \u00faltimos contactos, lo que sostienen en Bruselas es que se ha producido \u201cprogreso hacia un principio de acuerdo\u201d.","breadcrumb":{"@id":"https:\/\/vof-news.eu\/es\/la-ue-ve-progreso-hacia-un-principio-de-acuerdo-con-trump-para-evitar-una-guerra-comercial\/#breadcrumb"},"inLanguage":"es","potentialAction":[{"@type":"ReadAction","target":["https:\/\/vof-news.eu\/es\/la-ue-ve-progreso-hacia-un-principio-de-acuerdo-con-trump-para-evitar-una-guerra-comercial\/"]}]},{"@type":"ImageObject","inLanguage":"es","@id":"https:\/\/vof-news.eu\/es\/la-ue-ve-progreso-hacia-un-principio-de-acuerdo-con-trump-para-evitar-una-guerra-comercial\/#primaryimage","url":"https:\/\/vof-news.eu\/wp-content\/uploads\/2025\/07\/d89ce94c-e0d7-45b1-a4c0-ecc228dfad99_16-9-discover-aspect-ratio_default_0.jpg","contentUrl":"https:\/\/vof-news.eu\/wp-content\/uploads\/2025\/07\/d89ce94c-e0d7-45b1-a4c0-ecc228dfad99_16-9-discover-aspect-ratio_default_0.jpg","width":1200,"height":675},{"@type":"BreadcrumbList","@id":"https:\/\/vof-news.eu\/es\/la-ue-ve-progreso-hacia-un-principio-de-acuerdo-con-trump-para-evitar-una-guerra-comercial\/#breadcrumb","itemListElement":[{"@type":"ListItem","position":1,"name":"Home","item":"https:\/\/vof-news.eu\/es\/"},{"@type":"ListItem","position":2,"name":"La UE ve \u201cprogreso hacia un principio de acuerdo\u201d con Trump para evitar una guerra comercial"}]},{"@type":"WebSite","@id":"https:\/\/vof-news.eu\/es\/#website","url":"https:\/\/vof-news.eu\/es\/","name":"vof-news.eu","description":"","potentialAction":[{"@type":"SearchAction","target":{"@type":"EntryPoint","urlTemplate":"https:\/\/vof-news.eu\/es\/?s={search_term_string}"},"query-input":"required name=search_term_string"}],"inLanguage":"es"},{"@type":"Person","@id":"https:\/\/vof-news.eu\/es\/#\/schema\/person\/f6a2a4309f0561835797fd8c19b333ed","name":"Author","image":{"@type":"ImageObject","inLanguage":"es","@id":"https:\/\/vof-news.eu\/es\/#\/schema\/person\/image\/","url":"https:\/\/secure.gravatar.com\/avatar\/b67e614b1b25b3e9c0c239efdd2fde5ab015b5affd6f1c3c85911ca4b384e790?s=96&d=mm&r=g","contentUrl":"https:\/\/secure.gravatar.com\/avatar\/b67e614b1b25b3e9c0c239efdd2fde5ab015b5affd6f1c3c85911ca4b384e790?s=96&d=mm&r=g","caption":"Author"},"sameAs":["http:\/\/vof-news.eu"],"url":"https:\/\/vof-news.eu\/es\/author\/zwt6qxnjulxbnyg\/"}]}},"yoast_meta":{"yoast_wpseo_title":"","yoast_wpseo_metadesc":"","yoast_wpseo_canonical":""},"_links":{"self":[{"href":"https:\/\/vof-news.eu\/es\/wp-json\/wp\/v2\/posts\/247270","targetHints":{"allow":["GET"]}}],"collection":[{"href":"https:\/\/vof-news.eu\/es\/wp-json\/wp\/v2\/posts"}],"about":[{"href":"https:\/\/vof-news.eu\/es\/wp-json\/wp\/v2\/types\/post"}],"author":[{"embeddable":true,"href":"https:\/\/vof-news.eu\/es\/wp-json\/wp\/v2\/users\/1"}],"replies":[{"embeddable":true,"href":"https:\/\/vof-news.eu\/es\/wp-json\/wp\/v2\/comments?post=247270"}],"version-history":[{"count":1,"href":"https:\/\/vof-news.eu\/es\/wp-json\/wp\/v2\/posts\/247270\/revisions"}],"predecessor-version":[{"id":247277,"href":"https:\/\/vof-news.eu\/es\/wp-json\/wp\/v2\/posts\/247270\/revisions\/247277"}],"wp:featuredmedia":[{"embeddable":true,"href":"https:\/\/vof-news.eu\/es\/wp-json\/wp\/v2\/media\/247271"}],"wp:attachment":[{"href":"https:\/\/vof-news.eu\/es\/wp-json\/wp\/v2\/media?parent=247270"}],"wp:term":[{"taxonomy":"category","embeddable":true,"href":"https:\/\/vof-news.eu\/es\/wp-json\/wp\/v2\/categories?post=247270"},{"taxonomy":"post_tag","embeddable":true,"href":"https:\/\/vof-news.eu\/es\/wp-json\/wp\/v2\/tags?post=247270"}],"curies":[{"name":"wp","href":"https:\/\/api.w.org\/{rel}","templated":true}]}}