{"id":247262,"date":"2025-07-04T21:17:12","date_gmt":"2025-07-04T18:17:12","guid":{"rendered":"https:\/\/vof-news.eu\/aznar-encarga-a-feijoo-unir-a-una-mayoria-a-derecha-e-izquierda-frente-a-la-politica-prostituida-de-sanchez\/"},"modified":"2025-07-04T21:17:30","modified_gmt":"2025-07-04T18:17:30","slug":"aznar-encarga-a-feijoo-unir-a-una-mayoria-a-derecha-e-izquierda-frente-a-la-politica-prostituida-de-sanchez","status":"publish","type":"post","link":"https:\/\/vof-news.eu\/es\/aznar-encarga-a-feijoo-unir-a-una-mayoria-a-derecha-e-izquierda-frente-a-la-politica-prostituida-de-sanchez\/","title":{"rendered":"Aznar encarga a Feij\u00f3o unir a \u201cuna mayor\u00eda a derecha e izquierda\u201d frente a la \u201cpol\u00edtica prostituida\u201d de S\u00e1nchez"},"content":{"rendered":"<div>\n<p>\n        \u201cHay que concentrar en nuestras siglas la confianza de una mayor\u00eda nacional ancha a derecha e izquierda para conseguir un objetivo que rebasa estas siglas\u201d. Esta es la ardua tarea que ha encargado este viernes el expresidente del Gobierno, Jos\u00e9 Mar\u00eda Aznar, al actual l\u00edder del PP, Alberto N\u00fa\u00f1ez Feij\u00f3o, en la jornada inaugural del 21 Congreso Nacional del partido que refrendar\u00e1 a este \u00faltimo como su m\u00e1ximo jefe.\n    <\/p>\n<p>\n        Aznar ha contrapuesto ese proyecto a la \u201cpol\u00edtica prostituida\u201d que a su juicio representa el actual jefe del Ejecutivo, Pedro S\u00e1nchez, a quien ha reprochado pr\u00e1cticamente la disoluci\u00f3n de la naci\u00f3n espa\u00f1ola.\n    <\/p>\n<p>\n        \u201cLa naci\u00f3n se disuelve, el Estado se fragmenta sin que parezca que haya l\u00edmites\u201d, ha a\u00f1adido el expresidente, que ha considerado que \u201cEspa\u00f1a est\u00e1 cabeza abajo\u201d. \u201cLa deriva de Espa\u00f1a hoy por hoy es de naufragio\u201d, ha a\u00f1adido Aznar, que ha pedido a Feij\u00f3o que garantice \u201cque la alternancia ser\u00e1 factible\u201d.\n    <\/p>\n<p>\n        \u201cNo se trata de reiniciar el partido, se trata de sentar las bases para refundar la convivencia constitucional en Espa\u00f1a. Se trata de cerrar el paso a la fractura territorial y de cancelar el \u00e9xito democr\u00e1tico de la Transici\u00f3n. En el pr\u00f3ximo envite nos jugaremos la vigencia hist\u00f3rica de la naci\u00f3n, la Constituci\u00f3n, la independencia judicial, la libertad de informaci\u00f3n y el Estado de derecho. Nos jugamos el cr\u00e9dito de Espa\u00f1a en Europa y el mundo. Nos jugamos m\u00e1s un cambio de pa\u00eds que un cambio en el pa\u00eds\u201d, ha zanjado.\n    <\/p>\n<h2>Aznar, a S\u00e1nchez: \u201cNo te extra\u00f1e acabar en la c\u00e1rcel\u201d<\/h2>\n<p>\n        Su discurso, interrumpido en varias ocasiones por los aplausos del plenario, ha estado plagado de ataques al Gobierno de Pedro S\u00e1nchez y a lo que ha denominado \u201cel sanchismo\u201d. Sus cr\u00edticas se han centrado en los pactos con las fuerzas independentistas. \u201cSi negocias Presupuestos en una prisi\u00f3n, te asocias con presidiarios y pactas una amnist\u00eda con delincuentes no te extra\u00f1e acabar en la c\u00e1rcel porque ese es tu ambiente\u201d, ha dicho.\n    <\/p>\n<p>\n        \u201cEn la Espa\u00f1a de S\u00e1nchez los delincuentes escriben la ley y el Gobierno viola el Derecho. Excarcelaban etarras porque estaban haciendo sitio\u201d, ha continuado, de nuevo jaleado por los miembros del PP entre el p\u00fablico. Aznar ha defendido que el \u201ccambio urgente en Espa\u00f1a\u201d significa \u201cque los delincuentes dejen de estar en los despachos legislando y pasen a estar en la c\u00e1rcel\u201d.\n    <\/p>\n<p>\n        Tambi\u00e9n ha argumentado el expresidente que el caso Koldo \u201cno es cosa de tres o cuatro golfos\u201d porque \u201cla golfer\u00eda estructural del sanchismo revasa\u201d. \u201cCada vez m\u00e1s espa\u00f1oles se resisten a que esos feministas tan aficionados a sus sobrinas les tomen por primos\u201d, ha llegado a afirmar, provocando carcajadas entre el p\u00fablico.\n    <\/p>\n<p>\n        Para Aznar, \u201cel escenario de cart\u00f3n piedra montado por la agencia publicitaria que se dice Gobierno se est\u00e1 demoliendo\u201d y todo se debe a que \u201cun socialismo en decadencia se dedic\u00f3 a mentir mucho, a robar mucho y a comprometer el futuro de Espa\u00f1a\u201d. \u201cLa naci\u00f3n se disuelve y el Estado se fragmenta sin que parezca que haya l\u00edmites\u201d, ha a\u00f1adido.\n    <\/p>\n<p>\n        A su juicio, el \u201cbloque de ruptura\u201d que representa el Gobierno progresista est\u00e1 dando sus \u00faltimos coletazos y ha advertido de que \u201cen lo que dure la escapada\u201d el Ejecutivo y sus socios son \u201cm\u00e1s peligrosos que nunca\u201d. Aznar aventura que los socios \u201ctratar\u00e1n de aprovechar los estertores de la legislatura\u201d y se podr\u00e1 ver al Gobierno \u201catribuyendo refer\u00e9ndums de autodeterminaci\u00f3n y conciertos a la carta\u201d porque el Ejecutivo de S\u00e1nchez \u201csubastar\u00eda la unidad de Espa\u00f1a a cambio de poder\u201d.\n    <\/p>\n<h2>El expresidente pide \u201capuntalar los cimientos\u201d del PP<\/h2>\n<p>\n        El consejo que ha lanzado a Feij\u00f3o es el de \u201cre\u00fane y vencer\u00e1s\u201d porque \u201clas circunstancias imponen el \u00fanico programa nacional: una Espa\u00f1a sin muros y que cuente en el mundo\u201d. Tambi\u00e9n ha dicho en clave interna que \u201chay que apuntalar los cimientos\u201d del PP. \u201cHasta que no pongamos orden en nuestra propia casa no dejaremos de ser una an\u00e9cdota irrelevante\u201d.\n    <\/p>\n<p>\n        Pero la \u201ctarea\u201d de Feij\u00f3o \u201ces la reconstrucci\u00f3n del pa\u00eds\u201d con un \u201cproyecto para apelar a una mayor\u00eda social que pueda transformarse en mayor\u00eda electoral\u201d. Cuando haya comicios, seg\u00fan Aznar, \u201cno se tratar\u00e1 solo de ganar unas elecciones, habr\u00e1 que ganar una investidura\u201d y tambi\u00e9n \u201cla mayor\u00eda parlamentaria que permita reformar y dar continuidad a la Espa\u00f1a constitucional\u201d.\n    <\/p>\n<p>\n        \u201cSe trata de unir lo separado, de reconciliar lo enfrentado y de recomponer lo roto, con una visi\u00f3n aut\u00e9nticamente nacional, integradora\u201d, ha a\u00f1adido, reclamando al l\u00edder de su partido \u201cmedidas de protecci\u00f3n constitucional y saneamiento de instituciones muy da\u00f1adas\u201d.\n    <\/p>\n<\/div>\n","protected":false},"excerpt":{"rendered":"<p>\u201cHay que concentrar en nuestras siglas la confianza de una mayor\u00eda nacional ancha a derecha e izquierda para conseguir un objetivo que rebasa estas siglas\u201d. Esta es la ardua tarea que ha encargado este viernes el expresidente del Gobierno, Jos\u00e9 Mar\u00eda Aznar, al actual l\u00edder del PP, Alberto N\u00fa\u00f1ez Feij\u00f3o, en la jornada inaugural del<\/p>\n","protected":false},"author":1,"featured_media":247263,"comment_status":"open","ping_status":"open","sticky":false,"template":"","format":"standard","meta":{"footnotes":""},"categories":[71],"tags":[],"class_list":["post-247262","post","type-post","status-publish","format-standard","has-post-thumbnail","hentry","category-politics-es"],"acf":[],"yoast_head":"<!-- This site is optimized with the Yoast SEO plugin v22.9 - https:\/\/yoast.com\/wordpress\/plugins\/seo\/ -->\n<title>Aznar encarga a Feij\u00f3o unir a \u201cuna mayor\u00eda a derecha e izquierda\u201d frente a la \u201cpol\u00edtica prostituida\u201d de S\u00e1nchez - vof-news.eu<\/title>\n<meta name=\"description\" content=\"\u201cHay que concentrar en nuestras siglas la confianza de una mayor\u00eda nacional ancha a derecha e izquierda para conseguir un objetivo que rebasa estas siglas\u201d. Esta es la ardua tarea que ha encargado este viernes el expresidente del Gobierno, Jos\u00e9 Mar\u00eda Aznar, al actual l\u00edder del PP, Alberto N\u00fa\u00f1ez Feij\u00f3o, en la jornada inaugural del 21 Congreso Nacional del partido que refrendar\u00e1 a este \u00faltimo como su m\u00e1ximo jefe.\" \/>\n<meta name=\"robots\" content=\"noindex, follow, max-snippet:-1, max-image-preview:large, max-video-preview:-1\" \/>\n<meta property=\"og:locale\" content=\"es_ES\" \/>\n<meta property=\"og:type\" content=\"article\" \/>\n<meta property=\"og:title\" content=\"Aznar encarga a Feij\u00f3o unir a \u201cuna mayor\u00eda a derecha e izquierda\u201d frente a la \u201cpol\u00edtica prostituida\u201d de S\u00e1nchez - vof-news.eu\" \/>\n<meta property=\"og:description\" content=\"\u201cHay que concentrar en nuestras siglas la confianza de una mayor\u00eda nacional ancha a derecha e izquierda para conseguir un objetivo que rebasa estas siglas\u201d. Esta es la ardua tarea que ha encargado este viernes el expresidente del Gobierno, Jos\u00e9 Mar\u00eda Aznar, al actual l\u00edder del PP, Alberto N\u00fa\u00f1ez Feij\u00f3o, en la jornada inaugural del 21 Congreso Nacional del partido que refrendar\u00e1 a este \u00faltimo como su m\u00e1ximo jefe.\" \/>\n<meta property=\"og:url\" content=\"https:\/\/vof-news.eu\/es\/aznar-encarga-a-feijoo-unir-a-una-mayoria-a-derecha-e-izquierda-frente-a-la-politica-prostituida-de-sanchez\/\" \/>\n<meta property=\"og:site_name\" content=\"vof-news.eu\" \/>\n<meta property=\"article:published_time\" content=\"2025-07-04T18:17:12+00:00\" \/>\n<meta property=\"article:modified_time\" content=\"2025-07-04T18:17:30+00:00\" \/>\n<meta property=\"og:image\" content=\"https:\/\/vof-news.eu\/wp-content\/uploads\/2025\/07\/2594f6d2-d472-4803-9e97-7e163b16877a_16-9-discover-aspect-ratio_default_1121123.jpg\" \/>\n\t<meta property=\"og:image:width\" content=\"1200\" \/>\n\t<meta property=\"og:image:height\" content=\"675\" \/>\n\t<meta property=\"og:image:type\" content=\"image\/jpeg\" \/>\n<meta name=\"author\" content=\"Author\" \/>\n<meta name=\"twitter:card\" content=\"summary_large_image\" \/>\n<meta name=\"twitter:label1\" content=\"Escrito por\" \/>\n\t<meta name=\"twitter:data1\" content=\"Author\" \/>\n\t<meta name=\"twitter:label2\" content=\"Tiempo de lectura\" \/>\n\t<meta name=\"twitter:data2\" content=\"4 minutos\" \/>\n<script type=\"application\/ld+json\" class=\"yoast-schema-graph\">{\"@context\":\"https:\/\/schema.org\",\"@graph\":[{\"@type\":\"WebPage\",\"@id\":\"https:\/\/vof-news.eu\/es\/aznar-encarga-a-feijoo-unir-a-una-mayoria-a-derecha-e-izquierda-frente-a-la-politica-prostituida-de-sanchez\/\",\"url\":\"https:\/\/vof-news.eu\/es\/aznar-encarga-a-feijoo-unir-a-una-mayoria-a-derecha-e-izquierda-frente-a-la-politica-prostituida-de-sanchez\/\",\"name\":\"Aznar encarga a Feij\u00f3o unir a \u201cuna mayor\u00eda a derecha e izquierda\u201d frente a la \u201cpol\u00edtica prostituida\u201d de S\u00e1nchez - vof-news.eu\",\"isPartOf\":{\"@id\":\"https:\/\/vof-news.eu\/es\/#website\"},\"primaryImageOfPage\":{\"@id\":\"https:\/\/vof-news.eu\/es\/aznar-encarga-a-feijoo-unir-a-una-mayoria-a-derecha-e-izquierda-frente-a-la-politica-prostituida-de-sanchez\/#primaryimage\"},\"image\":{\"@id\":\"https:\/\/vof-news.eu\/es\/aznar-encarga-a-feijoo-unir-a-una-mayoria-a-derecha-e-izquierda-frente-a-la-politica-prostituida-de-sanchez\/#primaryimage\"},\"thumbnailUrl\":\"https:\/\/vof-news.eu\/wp-content\/uploads\/2025\/07\/2594f6d2-d472-4803-9e97-7e163b16877a_16-9-discover-aspect-ratio_default_1121123.jpg\",\"datePublished\":\"2025-07-04T18:17:12+00:00\",\"dateModified\":\"2025-07-04T18:17:30+00:00\",\"author\":{\"@id\":\"https:\/\/vof-news.eu\/es\/#\/schema\/person\/f6a2a4309f0561835797fd8c19b333ed\"},\"description\":\"\u201cHay que concentrar en nuestras siglas la confianza de una mayor\u00eda nacional ancha a derecha e izquierda para conseguir un objetivo que rebasa estas siglas\u201d. Esta es la ardua tarea que ha encargado este viernes el expresidente del Gobierno, Jos\u00e9 Mar\u00eda Aznar, al actual l\u00edder del PP, Alberto N\u00fa\u00f1ez Feij\u00f3o, en la jornada inaugural del 21 Congreso Nacional del partido que refrendar\u00e1 a este \u00faltimo como su m\u00e1ximo jefe.\",\"breadcrumb\":{\"@id\":\"https:\/\/vof-news.eu\/es\/aznar-encarga-a-feijoo-unir-a-una-mayoria-a-derecha-e-izquierda-frente-a-la-politica-prostituida-de-sanchez\/#breadcrumb\"},\"inLanguage\":\"es\",\"potentialAction\":[{\"@type\":\"ReadAction\",\"target\":[\"https:\/\/vof-news.eu\/es\/aznar-encarga-a-feijoo-unir-a-una-mayoria-a-derecha-e-izquierda-frente-a-la-politica-prostituida-de-sanchez\/\"]}]},{\"@type\":\"ImageObject\",\"inLanguage\":\"es\",\"@id\":\"https:\/\/vof-news.eu\/es\/aznar-encarga-a-feijoo-unir-a-una-mayoria-a-derecha-e-izquierda-frente-a-la-politica-prostituida-de-sanchez\/#primaryimage\",\"url\":\"https:\/\/vof-news.eu\/wp-content\/uploads\/2025\/07\/2594f6d2-d472-4803-9e97-7e163b16877a_16-9-discover-aspect-ratio_default_1121123.jpg\",\"contentUrl\":\"https:\/\/vof-news.eu\/wp-content\/uploads\/2025\/07\/2594f6d2-d472-4803-9e97-7e163b16877a_16-9-discover-aspect-ratio_default_1121123.jpg\",\"width\":1200,\"height\":675},{\"@type\":\"BreadcrumbList\",\"@id\":\"https:\/\/vof-news.eu\/es\/aznar-encarga-a-feijoo-unir-a-una-mayoria-a-derecha-e-izquierda-frente-a-la-politica-prostituida-de-sanchez\/#breadcrumb\",\"itemListElement\":[{\"@type\":\"ListItem\",\"position\":1,\"name\":\"Home\",\"item\":\"https:\/\/vof-news.eu\/es\/\"},{\"@type\":\"ListItem\",\"position\":2,\"name\":\"Aznar encarga a Feij\u00f3o unir a \u201cuna mayor\u00eda a derecha e izquierda\u201d frente a la \u201cpol\u00edtica prostituida\u201d de S\u00e1nchez\"}]},{\"@type\":\"WebSite\",\"@id\":\"https:\/\/vof-news.eu\/es\/#website\",\"url\":\"https:\/\/vof-news.eu\/es\/\",\"name\":\"vof-news.eu\",\"description\":\"\",\"potentialAction\":[{\"@type\":\"SearchAction\",\"target\":{\"@type\":\"EntryPoint\",\"urlTemplate\":\"https:\/\/vof-news.eu\/es\/?s={search_term_string}\"},\"query-input\":\"required name=search_term_string\"}],\"inLanguage\":\"es\"},{\"@type\":\"Person\",\"@id\":\"https:\/\/vof-news.eu\/es\/#\/schema\/person\/f6a2a4309f0561835797fd8c19b333ed\",\"name\":\"Author\",\"image\":{\"@type\":\"ImageObject\",\"inLanguage\":\"es\",\"@id\":\"https:\/\/vof-news.eu\/es\/#\/schema\/person\/image\/\",\"url\":\"https:\/\/secure.gravatar.com\/avatar\/b67e614b1b25b3e9c0c239efdd2fde5ab015b5affd6f1c3c85911ca4b384e790?s=96&d=mm&r=g\",\"contentUrl\":\"https:\/\/secure.gravatar.com\/avatar\/b67e614b1b25b3e9c0c239efdd2fde5ab015b5affd6f1c3c85911ca4b384e790?s=96&d=mm&r=g\",\"caption\":\"Author\"},\"sameAs\":[\"http:\/\/vof-news.eu\"],\"url\":\"https:\/\/vof-news.eu\/es\/author\/zwt6qxnjulxbnyg\/\"}]}<\/script>\n<!-- \/ Yoast SEO plugin. -->","yoast_head_json":{"title":"Aznar encarga a Feij\u00f3o unir a \u201cuna mayor\u00eda a derecha e izquierda\u201d frente a la \u201cpol\u00edtica prostituida\u201d de S\u00e1nchez - vof-news.eu","description":"\u201cHay que concentrar en nuestras siglas la confianza de una mayor\u00eda nacional ancha a derecha e izquierda para conseguir un objetivo que rebasa estas siglas\u201d. Esta es la ardua tarea que ha encargado este viernes el expresidente del Gobierno, Jos\u00e9 Mar\u00eda Aznar, al actual l\u00edder del PP, Alberto N\u00fa\u00f1ez Feij\u00f3o, en la jornada inaugural del 21 Congreso Nacional del partido que refrendar\u00e1 a este \u00faltimo como su m\u00e1ximo jefe.","robots":{"index":"noindex","follow":"follow","max-snippet":"max-snippet:-1","max-image-preview":"max-image-preview:large","max-video-preview":"max-video-preview:-1"},"og_locale":"es_ES","og_type":"article","og_title":"Aznar encarga a Feij\u00f3o unir a \u201cuna mayor\u00eda a derecha e izquierda\u201d frente a la \u201cpol\u00edtica prostituida\u201d de S\u00e1nchez - vof-news.eu","og_description":"\u201cHay que concentrar en nuestras siglas la confianza de una mayor\u00eda nacional ancha a derecha e izquierda para conseguir un objetivo que rebasa estas siglas\u201d. Esta es la ardua tarea que ha encargado este viernes el expresidente del Gobierno, Jos\u00e9 Mar\u00eda Aznar, al actual l\u00edder del PP, Alberto N\u00fa\u00f1ez Feij\u00f3o, en la jornada inaugural del 21 Congreso Nacional del partido que refrendar\u00e1 a este \u00faltimo como su m\u00e1ximo jefe.","og_url":"https:\/\/vof-news.eu\/es\/aznar-encarga-a-feijoo-unir-a-una-mayoria-a-derecha-e-izquierda-frente-a-la-politica-prostituida-de-sanchez\/","og_site_name":"vof-news.eu","article_published_time":"2025-07-04T18:17:12+00:00","article_modified_time":"2025-07-04T18:17:30+00:00","og_image":[{"width":1200,"height":675,"url":"https:\/\/vof-news.eu\/wp-content\/uploads\/2025\/07\/2594f6d2-d472-4803-9e97-7e163b16877a_16-9-discover-aspect-ratio_default_1121123.jpg","type":"image\/jpeg"}],"author":"Author","twitter_card":"summary_large_image","twitter_misc":{"Escrito por":"Author","Tiempo de lectura":"4 minutos"},"schema":{"@context":"https:\/\/schema.org","@graph":[{"@type":"WebPage","@id":"https:\/\/vof-news.eu\/es\/aznar-encarga-a-feijoo-unir-a-una-mayoria-a-derecha-e-izquierda-frente-a-la-politica-prostituida-de-sanchez\/","url":"https:\/\/vof-news.eu\/es\/aznar-encarga-a-feijoo-unir-a-una-mayoria-a-derecha-e-izquierda-frente-a-la-politica-prostituida-de-sanchez\/","name":"Aznar encarga a Feij\u00f3o unir a \u201cuna mayor\u00eda a derecha e izquierda\u201d frente a la \u201cpol\u00edtica prostituida\u201d de S\u00e1nchez - vof-news.eu","isPartOf":{"@id":"https:\/\/vof-news.eu\/es\/#website"},"primaryImageOfPage":{"@id":"https:\/\/vof-news.eu\/es\/aznar-encarga-a-feijoo-unir-a-una-mayoria-a-derecha-e-izquierda-frente-a-la-politica-prostituida-de-sanchez\/#primaryimage"},"image":{"@id":"https:\/\/vof-news.eu\/es\/aznar-encarga-a-feijoo-unir-a-una-mayoria-a-derecha-e-izquierda-frente-a-la-politica-prostituida-de-sanchez\/#primaryimage"},"thumbnailUrl":"https:\/\/vof-news.eu\/wp-content\/uploads\/2025\/07\/2594f6d2-d472-4803-9e97-7e163b16877a_16-9-discover-aspect-ratio_default_1121123.jpg","datePublished":"2025-07-04T18:17:12+00:00","dateModified":"2025-07-04T18:17:30+00:00","author":{"@id":"https:\/\/vof-news.eu\/es\/#\/schema\/person\/f6a2a4309f0561835797fd8c19b333ed"},"description":"\u201cHay que concentrar en nuestras siglas la confianza de una mayor\u00eda nacional ancha a derecha e izquierda para conseguir un objetivo que rebasa estas siglas\u201d. Esta es la ardua tarea que ha encargado este viernes el expresidente del Gobierno, Jos\u00e9 Mar\u00eda Aznar, al actual l\u00edder del PP, Alberto N\u00fa\u00f1ez Feij\u00f3o, en la jornada inaugural del 21 Congreso Nacional del partido que refrendar\u00e1 a este \u00faltimo como su m\u00e1ximo jefe.","breadcrumb":{"@id":"https:\/\/vof-news.eu\/es\/aznar-encarga-a-feijoo-unir-a-una-mayoria-a-derecha-e-izquierda-frente-a-la-politica-prostituida-de-sanchez\/#breadcrumb"},"inLanguage":"es","potentialAction":[{"@type":"ReadAction","target":["https:\/\/vof-news.eu\/es\/aznar-encarga-a-feijoo-unir-a-una-mayoria-a-derecha-e-izquierda-frente-a-la-politica-prostituida-de-sanchez\/"]}]},{"@type":"ImageObject","inLanguage":"es","@id":"https:\/\/vof-news.eu\/es\/aznar-encarga-a-feijoo-unir-a-una-mayoria-a-derecha-e-izquierda-frente-a-la-politica-prostituida-de-sanchez\/#primaryimage","url":"https:\/\/vof-news.eu\/wp-content\/uploads\/2025\/07\/2594f6d2-d472-4803-9e97-7e163b16877a_16-9-discover-aspect-ratio_default_1121123.jpg","contentUrl":"https:\/\/vof-news.eu\/wp-content\/uploads\/2025\/07\/2594f6d2-d472-4803-9e97-7e163b16877a_16-9-discover-aspect-ratio_default_1121123.jpg","width":1200,"height":675},{"@type":"BreadcrumbList","@id":"https:\/\/vof-news.eu\/es\/aznar-encarga-a-feijoo-unir-a-una-mayoria-a-derecha-e-izquierda-frente-a-la-politica-prostituida-de-sanchez\/#breadcrumb","itemListElement":[{"@type":"ListItem","position":1,"name":"Home","item":"https:\/\/vof-news.eu\/es\/"},{"@type":"ListItem","position":2,"name":"Aznar encarga a Feij\u00f3o unir a \u201cuna mayor\u00eda a derecha e izquierda\u201d frente a la \u201cpol\u00edtica prostituida\u201d de S\u00e1nchez"}]},{"@type":"WebSite","@id":"https:\/\/vof-news.eu\/es\/#website","url":"https:\/\/vof-news.eu\/es\/","name":"vof-news.eu","description":"","potentialAction":[{"@type":"SearchAction","target":{"@type":"EntryPoint","urlTemplate":"https:\/\/vof-news.eu\/es\/?s={search_term_string}"},"query-input":"required name=search_term_string"}],"inLanguage":"es"},{"@type":"Person","@id":"https:\/\/vof-news.eu\/es\/#\/schema\/person\/f6a2a4309f0561835797fd8c19b333ed","name":"Author","image":{"@type":"ImageObject","inLanguage":"es","@id":"https:\/\/vof-news.eu\/es\/#\/schema\/person\/image\/","url":"https:\/\/secure.gravatar.com\/avatar\/b67e614b1b25b3e9c0c239efdd2fde5ab015b5affd6f1c3c85911ca4b384e790?s=96&d=mm&r=g","contentUrl":"https:\/\/secure.gravatar.com\/avatar\/b67e614b1b25b3e9c0c239efdd2fde5ab015b5affd6f1c3c85911ca4b384e790?s=96&d=mm&r=g","caption":"Author"},"sameAs":["http:\/\/vof-news.eu"],"url":"https:\/\/vof-news.eu\/es\/author\/zwt6qxnjulxbnyg\/"}]}},"yoast_meta":{"yoast_wpseo_title":"","yoast_wpseo_metadesc":"","yoast_wpseo_canonical":""},"_links":{"self":[{"href":"https:\/\/vof-news.eu\/es\/wp-json\/wp\/v2\/posts\/247262","targetHints":{"allow":["GET"]}}],"collection":[{"href":"https:\/\/vof-news.eu\/es\/wp-json\/wp\/v2\/posts"}],"about":[{"href":"https:\/\/vof-news.eu\/es\/wp-json\/wp\/v2\/types\/post"}],"author":[{"embeddable":true,"href":"https:\/\/vof-news.eu\/es\/wp-json\/wp\/v2\/users\/1"}],"replies":[{"embeddable":true,"href":"https:\/\/vof-news.eu\/es\/wp-json\/wp\/v2\/comments?post=247262"}],"version-history":[{"count":1,"href":"https:\/\/vof-news.eu\/es\/wp-json\/wp\/v2\/posts\/247262\/revisions"}],"predecessor-version":[{"id":247269,"href":"https:\/\/vof-news.eu\/es\/wp-json\/wp\/v2\/posts\/247262\/revisions\/247269"}],"wp:featuredmedia":[{"embeddable":true,"href":"https:\/\/vof-news.eu\/es\/wp-json\/wp\/v2\/media\/247263"}],"wp:attachment":[{"href":"https:\/\/vof-news.eu\/es\/wp-json\/wp\/v2\/media?parent=247262"}],"wp:term":[{"taxonomy":"category","embeddable":true,"href":"https:\/\/vof-news.eu\/es\/wp-json\/wp\/v2\/categories?post=247262"},{"taxonomy":"post_tag","embeddable":true,"href":"https:\/\/vof-news.eu\/es\/wp-json\/wp\/v2\/tags?post=247262"}],"curies":[{"name":"wp","href":"https:\/\/api.w.org\/{rel}","templated":true}]}}