{"id":247019,"date":"2025-07-04T15:21:24","date_gmt":"2025-07-04T12:21:24","guid":{"rendered":"https:\/\/vof-news.eu\/donald-trump-planea-acoger-un-combate-de-la-ufc-mma-en-la-casa-blanca\/"},"modified":"2025-07-04T15:21:49","modified_gmt":"2025-07-04T12:21:49","slug":"donald-trump-planea-acoger-un-combate-de-la-ufc-mma-en-la-casa-blanca","status":"publish","type":"post","link":"https:\/\/vof-news.eu\/es\/donald-trump-planea-acoger-un-combate-de-la-ufc-mma-en-la-casa-blanca\/","title":{"rendered":"Donald Trump planea acoger un combate de la UFC (MMA) en la Casa Blanca"},"content":{"rendered":"<div>\n<p>El presidente de los Estados Unidos, Donald Trump, planea organizar una pelea de la UFC en los terrenos de la Casa Blanca como parte de una serie de eventos para conmemorar el 250 aniversario de la independencia del pa\u00eds el pr\u00f3ximo a\u00f1o.<\/p>\n<p>\u00abCada uno de los campos de batalla y sitios hist\u00f3ricos de nuestros parques nacionales van a tener eventos especiales en honor a Am\u00e9rica 250\u00bb, apunt\u00f3 Trump en el evento &#8216;Am\u00e9rica 250&#8217; celebrado en el recinto ferial del estado de Iowa en la v\u00edspera de la festividad del 4 de julio.<\/p>\n<p>En este sentido, el dirigente recalc\u00f3 que se celebrar\u00e1 \u00abun combate de UFC en los terrenos de la Casa Blanca\u00bb. \u00abTenemos muchos terrenos all\u00ed. Una pelea \u00fanica en el campeonato de la UFC, unas 20 o 25.000 personas. Vamos a hacerlo, es parte de las celebraciones de los 250\u00bb, a\u00f1adi\u00f3.<\/p>\n<h3>La portavoz de la Casa Blanca: \u00abEstamos en conversaciones\u00bb<\/h3>\n<p>La secretaria de Prensa de la Casa Blanca, Karoline Leavitt, confirm\u00f3 los planes y a\u00f1adi\u00f3 que el presidente hablaba \u00abmuy en serio\u00bb, mientras que desde la UFC indicaron a la cadena &#8216;CNN&#8217; que no ten\u00edan detalles adicionales para compartir en este momento. \u00abEstamos en conversaciones con la Casa Blanca sobre la organizaci\u00f3n de un evento de UFC en el lugar\u00bb, remarc\u00f3 un directivo.<\/p>\n<p>Trump tiene v\u00ednculos con la organizaci\u00f3n de la UFC y su CEO, Dana White y ha asistido a varios eventos de artes marciales mixtas en el pasado. De hecho, en abril estuvo en Miami y se convirti\u00f3 en el primer presidente del pa\u00eds en ejercicio en asistir a un evento de la UFC, participando tambi\u00e9n en el &#8216;walkout&#8217;, tradicionalmente reservado a los luchadores.<\/p>\n<\/div>\n","protected":false},"excerpt":{"rendered":"<p>El presidente de los Estados Unidos, Donald Trump, planea organizar una pelea de la UFC en los terrenos de la Casa Blanca como parte de una serie de eventos para conmemorar el 250 aniversario de la independencia del pa\u00eds el pr\u00f3ximo a\u00f1o. \u00abCada uno de los campos de batalla y sitios hist\u00f3ricos de nuestros parques<\/p>\n","protected":false},"author":1,"featured_media":247020,"comment_status":"open","ping_status":"open","sticky":false,"template":"","format":"standard","meta":{"footnotes":""},"categories":[56],"tags":[],"class_list":["post-247019","post","type-post","status-publish","format-standard","has-post-thumbnail","hentry","category-main-news-es"],"acf":[],"yoast_head":"<!-- This site is optimized with the Yoast SEO plugin v22.9 - https:\/\/yoast.com\/wordpress\/plugins\/seo\/ -->\n<title>Donald Trump planea acoger un combate de la UFC (MMA) en la Casa Blanca - vof-news.eu<\/title>\n<meta name=\"description\" content=\"El presidente de los Estados Unidos, Donald Trump, planea organizar una pelea de la UFC en los terrenos de la Casa Blanca como parte de una serie de eventos para conmemorar el 250 aniversario de la independencia del pa\u00eds el pr\u00f3ximo a\u00f1o.&quot;Cada uno de los campos de batalla y sitios hist\u00f3ricos de nuestros parques nacionales van a tener eventos especiales en honor a Am\u00e9rica 250&quot;, apunt\u00f3 Trump en el evento &#039;Am\u00e9rica 250&#039; celebrado en el recinto ferial del estado de Iowa en la v\u00edspera de la festividad del 4 de julio.En este sentido, el dirigente recalc\u00f3 que se celebrar\u00e1 &quot;un combate de UFC en los terrenos de la Casa Blanca&quot;. &quot;Tenemos muchos terrenos all\u00ed. Una pelea \u00fanica en el campeonato de la UFC, unas 20 o 25.000 personas. Vamos a hacerlo, es parte de las celebraciones de los 250&quot;, a\u00f1adi\u00f3.La portavoz de la Casa Blanca: &quot;Estamos en conversaciones&quot;La secretaria de Prensa de la Casa Blanca, Karoline Leavitt, confirm\u00f3 los planes y a\u00f1adi\u00f3 que el presidente hablaba &quot;muy en serio&quot;, mientras que desde la UFC indicaron a la cadena &#039;CNN&#039; que no ten\u00edan detalles adicionales para compartir en este momento. &quot;Estamos en conversaciones con la Casa Blanca sobre la organizaci\u00f3n de un evento de UFC en el lugar&quot;, remarc\u00f3 un directivo.\" \/>\n<meta name=\"robots\" content=\"noindex, follow, max-snippet:-1, max-image-preview:large, max-video-preview:-1\" \/>\n<meta property=\"og:locale\" content=\"es_ES\" \/>\n<meta property=\"og:type\" content=\"article\" \/>\n<meta property=\"og:title\" content=\"Donald Trump planea acoger un combate de la UFC (MMA) en la Casa Blanca - vof-news.eu\" \/>\n<meta property=\"og:description\" content=\"El presidente de los Estados Unidos, Donald Trump, planea organizar una pelea de la UFC en los terrenos de la Casa Blanca como parte de una serie de eventos para conmemorar el 250 aniversario de la independencia del pa\u00eds el pr\u00f3ximo a\u00f1o.&quot;Cada uno de los campos de batalla y sitios hist\u00f3ricos de nuestros parques nacionales van a tener eventos especiales en honor a Am\u00e9rica 250&quot;, apunt\u00f3 Trump en el evento &#039;Am\u00e9rica 250&#039; celebrado en el recinto ferial del estado de Iowa en la v\u00edspera de la festividad del 4 de julio.En este sentido, el dirigente recalc\u00f3 que se celebrar\u00e1 &quot;un combate de UFC en los terrenos de la Casa Blanca&quot;. &quot;Tenemos muchos terrenos all\u00ed. Una pelea \u00fanica en el campeonato de la UFC, unas 20 o 25.000 personas. Vamos a hacerlo, es parte de las celebraciones de los 250&quot;, a\u00f1adi\u00f3.La portavoz de la Casa Blanca: &quot;Estamos en conversaciones&quot;La secretaria de Prensa de la Casa Blanca, Karoline Leavitt, confirm\u00f3 los planes y a\u00f1adi\u00f3 que el presidente hablaba &quot;muy en serio&quot;, mientras que desde la UFC indicaron a la cadena &#039;CNN&#039; que no ten\u00edan detalles adicionales para compartir en este momento. &quot;Estamos en conversaciones con la Casa Blanca sobre la organizaci\u00f3n de un evento de UFC en el lugar&quot;, remarc\u00f3 un directivo.\" \/>\n<meta property=\"og:url\" content=\"https:\/\/vof-news.eu\/es\/donald-trump-planea-acoger-un-combate-de-la-ufc-mma-en-la-casa-blanca\/\" \/>\n<meta property=\"og:site_name\" content=\"vof-news.eu\" \/>\n<meta property=\"article:published_time\" content=\"2025-07-04T12:21:24+00:00\" \/>\n<meta property=\"article:modified_time\" content=\"2025-07-04T12:21:49+00:00\" \/>\n<meta property=\"og:image\" content=\"https:\/\/vof-news.eu\/wp-content\/uploads\/2025\/07\/donald-trump-y-elon-musk-en-un-combate-de-ufc-antes-de-su-ruptura-de-amistad.jpeg\" \/>\n\t<meta property=\"og:image:width\" content=\"1200\" \/>\n\t<meta property=\"og:image:height\" content=\"720\" \/>\n\t<meta property=\"og:image:type\" content=\"image\/jpeg\" \/>\n<meta name=\"author\" content=\"Author\" \/>\n<meta name=\"twitter:card\" content=\"summary_large_image\" \/>\n<meta name=\"twitter:label1\" content=\"Escrito por\" \/>\n\t<meta name=\"twitter:data1\" content=\"Author\" \/>\n\t<meta name=\"twitter:label2\" content=\"Tiempo de lectura\" \/>\n\t<meta name=\"twitter:data2\" content=\"1 minuto\" \/>\n<script type=\"application\/ld+json\" class=\"yoast-schema-graph\">{\"@context\":\"https:\/\/schema.org\",\"@graph\":[{\"@type\":\"WebPage\",\"@id\":\"https:\/\/vof-news.eu\/es\/donald-trump-planea-acoger-un-combate-de-la-ufc-mma-en-la-casa-blanca\/\",\"url\":\"https:\/\/vof-news.eu\/es\/donald-trump-planea-acoger-un-combate-de-la-ufc-mma-en-la-casa-blanca\/\",\"name\":\"Donald Trump planea acoger un combate de la UFC (MMA) en la Casa Blanca - vof-news.eu\",\"isPartOf\":{\"@id\":\"https:\/\/vof-news.eu\/es\/#website\"},\"primaryImageOfPage\":{\"@id\":\"https:\/\/vof-news.eu\/es\/donald-trump-planea-acoger-un-combate-de-la-ufc-mma-en-la-casa-blanca\/#primaryimage\"},\"image\":{\"@id\":\"https:\/\/vof-news.eu\/es\/donald-trump-planea-acoger-un-combate-de-la-ufc-mma-en-la-casa-blanca\/#primaryimage\"},\"thumbnailUrl\":\"https:\/\/vof-news.eu\/wp-content\/uploads\/2025\/07\/donald-trump-y-elon-musk-en-un-combate-de-ufc-antes-de-su-ruptura-de-amistad.jpeg\",\"datePublished\":\"2025-07-04T12:21:24+00:00\",\"dateModified\":\"2025-07-04T12:21:49+00:00\",\"author\":{\"@id\":\"https:\/\/vof-news.eu\/es\/#\/schema\/person\/f6a2a4309f0561835797fd8c19b333ed\"},\"description\":\"El presidente de los Estados Unidos, Donald Trump, planea organizar una pelea de la UFC en los terrenos de la Casa Blanca como parte de una serie de eventos para conmemorar el 250 aniversario de la independencia del pa\u00eds el pr\u00f3ximo a\u00f1o.\\\"Cada uno de los campos de batalla y sitios hist\u00f3ricos de nuestros parques nacionales van a tener eventos especiales en honor a Am\u00e9rica 250\\\", apunt\u00f3 Trump en el evento 'Am\u00e9rica 250' celebrado en el recinto ferial del estado de Iowa en la v\u00edspera de la festividad del 4 de julio.En este sentido, el dirigente recalc\u00f3 que se celebrar\u00e1 \\\"un combate de UFC en los terrenos de la Casa Blanca\\\". \\\"Tenemos muchos terrenos all\u00ed. Una pelea \u00fanica en el campeonato de la UFC, unas 20 o 25.000 personas. Vamos a hacerlo, es parte de las celebraciones de los 250\\\", a\u00f1adi\u00f3.La portavoz de la Casa Blanca: \\\"Estamos en conversaciones\\\"La secretaria de Prensa de la Casa Blanca, Karoline Leavitt, confirm\u00f3 los planes y a\u00f1adi\u00f3 que el presidente hablaba \\\"muy en serio\\\", mientras que desde la UFC indicaron a la cadena 'CNN' que no ten\u00edan detalles adicionales para compartir en este momento. \\\"Estamos en conversaciones con la Casa Blanca sobre la organizaci\u00f3n de un evento de UFC en el lugar\\\", remarc\u00f3 un directivo.\",\"breadcrumb\":{\"@id\":\"https:\/\/vof-news.eu\/es\/donald-trump-planea-acoger-un-combate-de-la-ufc-mma-en-la-casa-blanca\/#breadcrumb\"},\"inLanguage\":\"es\",\"potentialAction\":[{\"@type\":\"ReadAction\",\"target\":[\"https:\/\/vof-news.eu\/es\/donald-trump-planea-acoger-un-combate-de-la-ufc-mma-en-la-casa-blanca\/\"]}]},{\"@type\":\"ImageObject\",\"inLanguage\":\"es\",\"@id\":\"https:\/\/vof-news.eu\/es\/donald-trump-planea-acoger-un-combate-de-la-ufc-mma-en-la-casa-blanca\/#primaryimage\",\"url\":\"https:\/\/vof-news.eu\/wp-content\/uploads\/2025\/07\/donald-trump-y-elon-musk-en-un-combate-de-ufc-antes-de-su-ruptura-de-amistad.jpeg\",\"contentUrl\":\"https:\/\/vof-news.eu\/wp-content\/uploads\/2025\/07\/donald-trump-y-elon-musk-en-un-combate-de-ufc-antes-de-su-ruptura-de-amistad.jpeg\",\"width\":1200,\"height\":720},{\"@type\":\"BreadcrumbList\",\"@id\":\"https:\/\/vof-news.eu\/es\/donald-trump-planea-acoger-un-combate-de-la-ufc-mma-en-la-casa-blanca\/#breadcrumb\",\"itemListElement\":[{\"@type\":\"ListItem\",\"position\":1,\"name\":\"Home\",\"item\":\"https:\/\/vof-news.eu\/es\/\"},{\"@type\":\"ListItem\",\"position\":2,\"name\":\"Donald Trump planea acoger un combate de la UFC (MMA) en la Casa Blanca\"}]},{\"@type\":\"WebSite\",\"@id\":\"https:\/\/vof-news.eu\/es\/#website\",\"url\":\"https:\/\/vof-news.eu\/es\/\",\"name\":\"vof-news.eu\",\"description\":\"\",\"potentialAction\":[{\"@type\":\"SearchAction\",\"target\":{\"@type\":\"EntryPoint\",\"urlTemplate\":\"https:\/\/vof-news.eu\/es\/?s={search_term_string}\"},\"query-input\":\"required name=search_term_string\"}],\"inLanguage\":\"es\"},{\"@type\":\"Person\",\"@id\":\"https:\/\/vof-news.eu\/es\/#\/schema\/person\/f6a2a4309f0561835797fd8c19b333ed\",\"name\":\"Author\",\"image\":{\"@type\":\"ImageObject\",\"inLanguage\":\"es\",\"@id\":\"https:\/\/vof-news.eu\/es\/#\/schema\/person\/image\/\",\"url\":\"https:\/\/secure.gravatar.com\/avatar\/b67e614b1b25b3e9c0c239efdd2fde5ab015b5affd6f1c3c85911ca4b384e790?s=96&d=mm&r=g\",\"contentUrl\":\"https:\/\/secure.gravatar.com\/avatar\/b67e614b1b25b3e9c0c239efdd2fde5ab015b5affd6f1c3c85911ca4b384e790?s=96&d=mm&r=g\",\"caption\":\"Author\"},\"sameAs\":[\"http:\/\/vof-news.eu\"],\"url\":\"https:\/\/vof-news.eu\/es\/author\/zwt6qxnjulxbnyg\/\"}]}<\/script>\n<!-- \/ Yoast SEO plugin. -->","yoast_head_json":{"title":"Donald Trump planea acoger un combate de la UFC (MMA) en la Casa Blanca - vof-news.eu","description":"El presidente de los Estados Unidos, Donald Trump, planea organizar una pelea de la UFC en los terrenos de la Casa Blanca como parte de una serie de eventos para conmemorar el 250 aniversario de la independencia del pa\u00eds el pr\u00f3ximo a\u00f1o.\"Cada uno de los campos de batalla y sitios hist\u00f3ricos de nuestros parques nacionales van a tener eventos especiales en honor a Am\u00e9rica 250\", apunt\u00f3 Trump en el evento 'Am\u00e9rica 250' celebrado en el recinto ferial del estado de Iowa en la v\u00edspera de la festividad del 4 de julio.En este sentido, el dirigente recalc\u00f3 que se celebrar\u00e1 \"un combate de UFC en los terrenos de la Casa Blanca\". \"Tenemos muchos terrenos all\u00ed. Una pelea \u00fanica en el campeonato de la UFC, unas 20 o 25.000 personas. Vamos a hacerlo, es parte de las celebraciones de los 250\", a\u00f1adi\u00f3.La portavoz de la Casa Blanca: \"Estamos en conversaciones\"La secretaria de Prensa de la Casa Blanca, Karoline Leavitt, confirm\u00f3 los planes y a\u00f1adi\u00f3 que el presidente hablaba \"muy en serio\", mientras que desde la UFC indicaron a la cadena 'CNN' que no ten\u00edan detalles adicionales para compartir en este momento. \"Estamos en conversaciones con la Casa Blanca sobre la organizaci\u00f3n de un evento de UFC en el lugar\", remarc\u00f3 un directivo.","robots":{"index":"noindex","follow":"follow","max-snippet":"max-snippet:-1","max-image-preview":"max-image-preview:large","max-video-preview":"max-video-preview:-1"},"og_locale":"es_ES","og_type":"article","og_title":"Donald Trump planea acoger un combate de la UFC (MMA) en la Casa Blanca - vof-news.eu","og_description":"El presidente de los Estados Unidos, Donald Trump, planea organizar una pelea de la UFC en los terrenos de la Casa Blanca como parte de una serie de eventos para conmemorar el 250 aniversario de la independencia del pa\u00eds el pr\u00f3ximo a\u00f1o.\"Cada uno de los campos de batalla y sitios hist\u00f3ricos de nuestros parques nacionales van a tener eventos especiales en honor a Am\u00e9rica 250\", apunt\u00f3 Trump en el evento 'Am\u00e9rica 250' celebrado en el recinto ferial del estado de Iowa en la v\u00edspera de la festividad del 4 de julio.En este sentido, el dirigente recalc\u00f3 que se celebrar\u00e1 \"un combate de UFC en los terrenos de la Casa Blanca\". \"Tenemos muchos terrenos all\u00ed. Una pelea \u00fanica en el campeonato de la UFC, unas 20 o 25.000 personas. Vamos a hacerlo, es parte de las celebraciones de los 250\", a\u00f1adi\u00f3.La portavoz de la Casa Blanca: \"Estamos en conversaciones\"La secretaria de Prensa de la Casa Blanca, Karoline Leavitt, confirm\u00f3 los planes y a\u00f1adi\u00f3 que el presidente hablaba \"muy en serio\", mientras que desde la UFC indicaron a la cadena 'CNN' que no ten\u00edan detalles adicionales para compartir en este momento. \"Estamos en conversaciones con la Casa Blanca sobre la organizaci\u00f3n de un evento de UFC en el lugar\", remarc\u00f3 un directivo.","og_url":"https:\/\/vof-news.eu\/es\/donald-trump-planea-acoger-un-combate-de-la-ufc-mma-en-la-casa-blanca\/","og_site_name":"vof-news.eu","article_published_time":"2025-07-04T12:21:24+00:00","article_modified_time":"2025-07-04T12:21:49+00:00","og_image":[{"width":1200,"height":720,"url":"https:\/\/vof-news.eu\/wp-content\/uploads\/2025\/07\/donald-trump-y-elon-musk-en-un-combate-de-ufc-antes-de-su-ruptura-de-amistad.jpeg","type":"image\/jpeg"}],"author":"Author","twitter_card":"summary_large_image","twitter_misc":{"Escrito por":"Author","Tiempo de lectura":"1 minuto"},"schema":{"@context":"https:\/\/schema.org","@graph":[{"@type":"WebPage","@id":"https:\/\/vof-news.eu\/es\/donald-trump-planea-acoger-un-combate-de-la-ufc-mma-en-la-casa-blanca\/","url":"https:\/\/vof-news.eu\/es\/donald-trump-planea-acoger-un-combate-de-la-ufc-mma-en-la-casa-blanca\/","name":"Donald Trump planea acoger un combate de la UFC (MMA) en la Casa Blanca - vof-news.eu","isPartOf":{"@id":"https:\/\/vof-news.eu\/es\/#website"},"primaryImageOfPage":{"@id":"https:\/\/vof-news.eu\/es\/donald-trump-planea-acoger-un-combate-de-la-ufc-mma-en-la-casa-blanca\/#primaryimage"},"image":{"@id":"https:\/\/vof-news.eu\/es\/donald-trump-planea-acoger-un-combate-de-la-ufc-mma-en-la-casa-blanca\/#primaryimage"},"thumbnailUrl":"https:\/\/vof-news.eu\/wp-content\/uploads\/2025\/07\/donald-trump-y-elon-musk-en-un-combate-de-ufc-antes-de-su-ruptura-de-amistad.jpeg","datePublished":"2025-07-04T12:21:24+00:00","dateModified":"2025-07-04T12:21:49+00:00","author":{"@id":"https:\/\/vof-news.eu\/es\/#\/schema\/person\/f6a2a4309f0561835797fd8c19b333ed"},"description":"El presidente de los Estados Unidos, Donald Trump, planea organizar una pelea de la UFC en los terrenos de la Casa Blanca como parte de una serie de eventos para conmemorar el 250 aniversario de la independencia del pa\u00eds el pr\u00f3ximo a\u00f1o.\"Cada uno de los campos de batalla y sitios hist\u00f3ricos de nuestros parques nacionales van a tener eventos especiales en honor a Am\u00e9rica 250\", apunt\u00f3 Trump en el evento 'Am\u00e9rica 250' celebrado en el recinto ferial del estado de Iowa en la v\u00edspera de la festividad del 4 de julio.En este sentido, el dirigente recalc\u00f3 que se celebrar\u00e1 \"un combate de UFC en los terrenos de la Casa Blanca\". \"Tenemos muchos terrenos all\u00ed. Una pelea \u00fanica en el campeonato de la UFC, unas 20 o 25.000 personas. Vamos a hacerlo, es parte de las celebraciones de los 250\", a\u00f1adi\u00f3.La portavoz de la Casa Blanca: \"Estamos en conversaciones\"La secretaria de Prensa de la Casa Blanca, Karoline Leavitt, confirm\u00f3 los planes y a\u00f1adi\u00f3 que el presidente hablaba \"muy en serio\", mientras que desde la UFC indicaron a la cadena 'CNN' que no ten\u00edan detalles adicionales para compartir en este momento. \"Estamos en conversaciones con la Casa Blanca sobre la organizaci\u00f3n de un evento de UFC en el lugar\", remarc\u00f3 un directivo.","breadcrumb":{"@id":"https:\/\/vof-news.eu\/es\/donald-trump-planea-acoger-un-combate-de-la-ufc-mma-en-la-casa-blanca\/#breadcrumb"},"inLanguage":"es","potentialAction":[{"@type":"ReadAction","target":["https:\/\/vof-news.eu\/es\/donald-trump-planea-acoger-un-combate-de-la-ufc-mma-en-la-casa-blanca\/"]}]},{"@type":"ImageObject","inLanguage":"es","@id":"https:\/\/vof-news.eu\/es\/donald-trump-planea-acoger-un-combate-de-la-ufc-mma-en-la-casa-blanca\/#primaryimage","url":"https:\/\/vof-news.eu\/wp-content\/uploads\/2025\/07\/donald-trump-y-elon-musk-en-un-combate-de-ufc-antes-de-su-ruptura-de-amistad.jpeg","contentUrl":"https:\/\/vof-news.eu\/wp-content\/uploads\/2025\/07\/donald-trump-y-elon-musk-en-un-combate-de-ufc-antes-de-su-ruptura-de-amistad.jpeg","width":1200,"height":720},{"@type":"BreadcrumbList","@id":"https:\/\/vof-news.eu\/es\/donald-trump-planea-acoger-un-combate-de-la-ufc-mma-en-la-casa-blanca\/#breadcrumb","itemListElement":[{"@type":"ListItem","position":1,"name":"Home","item":"https:\/\/vof-news.eu\/es\/"},{"@type":"ListItem","position":2,"name":"Donald Trump planea acoger un combate de la UFC (MMA) en la Casa Blanca"}]},{"@type":"WebSite","@id":"https:\/\/vof-news.eu\/es\/#website","url":"https:\/\/vof-news.eu\/es\/","name":"vof-news.eu","description":"","potentialAction":[{"@type":"SearchAction","target":{"@type":"EntryPoint","urlTemplate":"https:\/\/vof-news.eu\/es\/?s={search_term_string}"},"query-input":"required name=search_term_string"}],"inLanguage":"es"},{"@type":"Person","@id":"https:\/\/vof-news.eu\/es\/#\/schema\/person\/f6a2a4309f0561835797fd8c19b333ed","name":"Author","image":{"@type":"ImageObject","inLanguage":"es","@id":"https:\/\/vof-news.eu\/es\/#\/schema\/person\/image\/","url":"https:\/\/secure.gravatar.com\/avatar\/b67e614b1b25b3e9c0c239efdd2fde5ab015b5affd6f1c3c85911ca4b384e790?s=96&d=mm&r=g","contentUrl":"https:\/\/secure.gravatar.com\/avatar\/b67e614b1b25b3e9c0c239efdd2fde5ab015b5affd6f1c3c85911ca4b384e790?s=96&d=mm&r=g","caption":"Author"},"sameAs":["http:\/\/vof-news.eu"],"url":"https:\/\/vof-news.eu\/es\/author\/zwt6qxnjulxbnyg\/"}]}},"yoast_meta":{"yoast_wpseo_title":"","yoast_wpseo_metadesc":"","yoast_wpseo_canonical":""},"_links":{"self":[{"href":"https:\/\/vof-news.eu\/es\/wp-json\/wp\/v2\/posts\/247019","targetHints":{"allow":["GET"]}}],"collection":[{"href":"https:\/\/vof-news.eu\/es\/wp-json\/wp\/v2\/posts"}],"about":[{"href":"https:\/\/vof-news.eu\/es\/wp-json\/wp\/v2\/types\/post"}],"author":[{"embeddable":true,"href":"https:\/\/vof-news.eu\/es\/wp-json\/wp\/v2\/users\/1"}],"replies":[{"embeddable":true,"href":"https:\/\/vof-news.eu\/es\/wp-json\/wp\/v2\/comments?post=247019"}],"version-history":[{"count":1,"href":"https:\/\/vof-news.eu\/es\/wp-json\/wp\/v2\/posts\/247019\/revisions"}],"predecessor-version":[{"id":247026,"href":"https:\/\/vof-news.eu\/es\/wp-json\/wp\/v2\/posts\/247019\/revisions\/247026"}],"wp:featuredmedia":[{"embeddable":true,"href":"https:\/\/vof-news.eu\/es\/wp-json\/wp\/v2\/media\/247020"}],"wp:attachment":[{"href":"https:\/\/vof-news.eu\/es\/wp-json\/wp\/v2\/media?parent=247019"}],"wp:term":[{"taxonomy":"category","embeddable":true,"href":"https:\/\/vof-news.eu\/es\/wp-json\/wp\/v2\/categories?post=247019"},{"taxonomy":"post_tag","embeddable":true,"href":"https:\/\/vof-news.eu\/es\/wp-json\/wp\/v2\/tags?post=247019"}],"curies":[{"name":"wp","href":"https:\/\/api.w.org\/{rel}","templated":true}]}}