{"id":247011,"date":"2025-07-04T15:17:46","date_gmt":"2025-07-04T12:17:46","guid":{"rendered":"https:\/\/vof-news.eu\/vigilancia-aduanera-detiene-a-su-numero-dos-en-catalunya-a-unos-dias-de-su-jubilacion\/"},"modified":"2025-07-04T15:18:12","modified_gmt":"2025-07-04T12:18:12","slug":"vigilancia-aduanera-detiene-a-su-numero-dos-en-catalunya-a-unos-dias-de-su-jubilacion","status":"publish","type":"post","link":"https:\/\/vof-news.eu\/es\/vigilancia-aduanera-detiene-a-su-numero-dos-en-catalunya-a-unos-dias-de-su-jubilacion\/","title":{"rendered":"Vigilancia Aduanera detiene a su n\u00famero dos en Catalunya a unos d\u00edas de su jubilaci\u00f3n"},"content":{"rendered":"<div>\n<p>\n        Un grupo especializado en Madrid del Servicio de Vigilancia Aduanera (SVA), el \u00f3rgano adscrito a la Agencia Estatal de Administraci\u00f3n Tributaria (AEAT) que se encarga de luchar contra el contrabando o el narcotr\u00e1fico, ha detenido al n\u00famero dos de este servicio  en Catalunya, Francisco Javier Mart\u00edn Mi\u00f1ana, seg\u00fan ha podido confirmar elDiario.es\n    <\/p>\n<p>\n        \u201cLo hemos detenido nosotros, pero est\u00e1 bajo secreto de sumario todav\u00eda\u201d, confirm\u00f3 este viernes un portavoz de la AEAT a preguntas sobre este asunto. Fuentes jur\u00eddicas citadas por EFE han especificado que la investigaci\u00f3n se encuentra en un juzgado de Barcelona y est\u00e1 relacionada con el contrabando.\n    <\/p>\n<p>\n        Funcionario de carrera del Cuerpo T\u00e9cnico Superior del Servicio de Vigilancia Aduanera, especialidad de Investigaci\u00f3n y con un nivel A1 en la escala funcionarial, Mart\u00edn Mi\u00f1ana ya ha sido puesto a disposici\u00f3n judicial. Es todav\u00eda hoy el jefe de la Unidad Regional Operativa de Vigilancia Aduanera de la AEAT en Catalunya.\n    <\/p>\n<p>\n        Este mando del SVA enfilaba sus \u00faltimos d\u00edas en este cuerpo. Ten\u00eda previsto jubilarse el pr\u00f3ximo 9 de julio, aseguran fuentes internas del organismo. Est\u00e1 considerado el n\u00famero dos del SVA, solo por detr\u00e1s del Jefe Adjunto de la Dependencia Regional de Aduanas e Impuestos Especiales en Catalunya del \u00c1rea de Vigilancia Aduanera, Carlos Daniel Gavilanes.\n    <\/p>\n<p>\n        El a\u00f1o pasado, Mart\u00edn Mi\u00f1ana fue el encargado de dar cuenta junto a los Mossos d&#8217; Esquadra ante los medios de comunicaci\u00f3n de una importante operaci\u00f3n policial que permiti\u00f3 desmantelar una red que introduc\u00eda en Catalunya grandes cantidades de coca\u00edna procedente de Colombia oculta en bidones llenos de mermelada.\n    <\/p>\n<p>\n        La operaci\u00f3n se sald\u00f3 con la detenci\u00f3n de 40 miembros de la red y la aprehensi\u00f3n de m\u00e1s de 100 kg de coca\u00edna con un valor en el mercado il\u00edcito de cerca de 6 millones de euros, as\u00ed como grandes cantidades de otras drogas, 161.900 euros en efectivo, un lingote de oro y seis armas de fuego.\n    <\/p>\n<p>\n        La detenci\u00f3n de Mi\u00f1ana llega meses despu\u00e9s de que en 2024 tambi\u00e9n fuera enviado a prisi\u00f3n preventiva otro mando del SVA en Catalunya, Manuel Corredoira, un jefe del Cuerpo Superior de Vigilancia Aduanera de Barcelona, por apropiarse de droga que el organismo hab\u00eda decomisado previamente en el Puerto de la capital catalana. El caso de Corredoira, a la espera de juicio, \u201cno tiene nada que ver\u201d con la detenci\u00f3n de Mi\u00f1ana, asegura la AEAT, que declina dar m\u00e1s detalles sobre este asunto.\n    <\/p>\n<h2>Departamento clave<\/h2>\n<p>\n        El SVA es uno de los departamentos m\u00e1s importantes de la AEAT, fundamental en la lucha contra las mafias organizadas, el blanqueo de capitales, el narcotr\u00e1fico y la corrupci\u00f3n.\n    <\/p>\n<p>\n        Este departamento se ha visto envuelto en los \u00faltimos a\u00f1os en algunas pol\u00e9micas: del uso de <a href=\"https:\/\/www.eldiario.es\/economia\/agencia-tributaria-usado-durante-anos-software-obsoleto-escuchas-narcos-defraudadores_1_8602632.html\" rel=\"nofollow\">un software obsoleto para las escuchas a narcos y defraudadores<\/a> a la millonaria compra de su patrullera estrella, el C\u00f3ndor, que <a href=\"https:\/\/www.eldiario.es\/economia\/aduanas-gasta-8-2-millones-patrullera-serios-problemas-navegar-colchoneta-playa_1_8536448.html\" rel=\"nofollow\">ha dado problemas desde su botadura en 2021<\/a> y que estos d\u00edas est\u00e1 inmovilizado en C\u00e1diz por nuevas deficiencias t\u00e9cnicas, lo que ha dejado al SVA <a href=\"https:\/\/www.eldiario.es\/canariasahora\/sociedad\/vigilancia-aduanera-retira-reparaciones-barcos-patrulleros-quedando-operativo-sacre-tenerife_1_12434155.html\" rel=\"nofollow\">con un solo patrullero para combatir el narcotr\u00e1fico en Canarias<\/a>.\n    <\/p>\n<p>\n        El SVA maneja informaci\u00f3n altamente sensible sobre muchas investigaciones de \u00edndole fiscal que acaban en la v\u00eda penal. Entre sus principales responsables desde hace m\u00e1s de 22 a\u00f1os est\u00e1 Manuel Montesinos Diez de la Lastra, subdirector general de Operaciones del departamento de Aduanas e Impuestos Especiales de la Agencia Tributaria desde 2003 y con una especial vinculaci\u00f3n con el PP.\n    <\/p>\n<p>\n        El caso de Montesinos <a href=\"https:\/\/www.eldiario.es\/economia\/cargo-clave-agencia-tributaria-nombrado-montoro-lleva-21-anos-dirigiendo-policia-hacienda_1_10910389.html\" rel=\"nofollow\">es excepcional en la agencia<\/a>. Ha sobrevivido a los cambios en la c\u00fapula del departamento al que pertenece. Ninguno de los cargos de confianza del organismo, dirigido desde 2022 por Soledad Fern\u00e1ndez Doctor, lleva tantos a\u00f1os en el puesto como \u00e9l.\n    <\/p>\n<p>\n        Nieto del exalcalde franquista de Alicante del mismo nombre entre 1946 y 1949, Montesinos es hijo de la fallecida Maribel Diez de la Lastra Barbadillo, una de las fundadoras de la Alianza Popular de Manuel Fraga y diputada del PP desde 1996 hasta 2004. Su t\u00edo, Juan Antonio Montesinos Garc\u00eda, tambi\u00e9n fue fundador y vicepresidente de AP (1979-1984), adem\u00e1s de diputado nacional, entre otros cargos. Y su prima es Macarena Montesinos, diputada del PP por Alicante y secretaria general del Grupo Parlamentario Popular en el Congreso.\n    <\/p>\n<\/div>\n","protected":false},"excerpt":{"rendered":"<p>Un grupo especializado en Madrid del Servicio de Vigilancia Aduanera (SVA), el \u00f3rgano adscrito a la Agencia Estatal de Administraci\u00f3n Tributaria (AEAT) que se encarga de luchar contra el contrabando o el narcotr\u00e1fico, ha detenido al n\u00famero dos de este servicio en Catalunya, Francisco Javier Mart\u00edn Mi\u00f1ana, seg\u00fan ha podido confirmar elDiario.es \u201cLo hemos detenido<\/p>\n","protected":false},"author":1,"featured_media":247012,"comment_status":"open","ping_status":"open","sticky":false,"template":"","format":"standard","meta":{"footnotes":""},"categories":[61],"tags":[],"class_list":["post-247011","post","type-post","status-publish","format-standard","has-post-thumbnail","hentry","category-business-es"],"acf":[],"yoast_head":"<!-- This site is optimized with the Yoast SEO plugin v22.9 - https:\/\/yoast.com\/wordpress\/plugins\/seo\/ -->\n<title>Vigilancia Aduanera detiene a su n\u00famero dos en Catalunya a unos d\u00edas de su jubilaci\u00f3n - vof-news.eu<\/title>\n<meta name=\"description\" content=\"Un grupo especializado en Madrid del Servicio de Vigilancia Aduanera (SVA), el \u00f3rgano adscrito a la Agencia Estatal de Administraci\u00f3n Tributaria (AEAT) que se encarga de luchar contra el contrabando o el narcotr\u00e1fico, ha detenido al n\u00famero dos de este servicio en Catalunya, Francisco Javier Mart\u00edn Mi\u00f1ana, seg\u00fan ha podido confirmar elDiario.es\" \/>\n<meta name=\"robots\" content=\"noindex, follow, max-snippet:-1, max-image-preview:large, max-video-preview:-1\" \/>\n<meta property=\"og:locale\" content=\"es_ES\" \/>\n<meta property=\"og:type\" content=\"article\" \/>\n<meta property=\"og:title\" content=\"Vigilancia Aduanera detiene a su n\u00famero dos en Catalunya a unos d\u00edas de su jubilaci\u00f3n - vof-news.eu\" \/>\n<meta property=\"og:description\" content=\"Un grupo especializado en Madrid del Servicio de Vigilancia Aduanera (SVA), el \u00f3rgano adscrito a la Agencia Estatal de Administraci\u00f3n Tributaria (AEAT) que se encarga de luchar contra el contrabando o el narcotr\u00e1fico, ha detenido al n\u00famero dos de este servicio en Catalunya, Francisco Javier Mart\u00edn Mi\u00f1ana, seg\u00fan ha podido confirmar elDiario.es\" \/>\n<meta property=\"og:url\" content=\"https:\/\/vof-news.eu\/es\/vigilancia-aduanera-detiene-a-su-numero-dos-en-catalunya-a-unos-dias-de-su-jubilacion\/\" \/>\n<meta property=\"og:site_name\" content=\"vof-news.eu\" \/>\n<meta property=\"article:published_time\" content=\"2025-07-04T12:17:46+00:00\" \/>\n<meta property=\"article:modified_time\" content=\"2025-07-04T12:18:12+00:00\" \/>\n<meta property=\"og:image\" content=\"https:\/\/vof-news.eu\/wp-content\/uploads\/2025\/07\/139ecc28-8f6e-42ae-844a-bf3462ac2f14_16-9-discover-aspect-ratio_default_0.jpg\" \/>\n\t<meta property=\"og:image:width\" content=\"1200\" \/>\n\t<meta property=\"og:image:height\" content=\"675\" \/>\n\t<meta property=\"og:image:type\" content=\"image\/jpeg\" \/>\n<meta name=\"author\" content=\"Author\" \/>\n<meta name=\"twitter:card\" content=\"summary_large_image\" \/>\n<meta name=\"twitter:label1\" content=\"Escrito por\" \/>\n\t<meta name=\"twitter:data1\" content=\"Author\" \/>\n\t<meta name=\"twitter:label2\" content=\"Tiempo de lectura\" \/>\n\t<meta name=\"twitter:data2\" content=\"4 minutos\" \/>\n<script type=\"application\/ld+json\" class=\"yoast-schema-graph\">{\"@context\":\"https:\/\/schema.org\",\"@graph\":[{\"@type\":\"WebPage\",\"@id\":\"https:\/\/vof-news.eu\/es\/vigilancia-aduanera-detiene-a-su-numero-dos-en-catalunya-a-unos-dias-de-su-jubilacion\/\",\"url\":\"https:\/\/vof-news.eu\/es\/vigilancia-aduanera-detiene-a-su-numero-dos-en-catalunya-a-unos-dias-de-su-jubilacion\/\",\"name\":\"Vigilancia Aduanera detiene a su n\u00famero dos en Catalunya a unos d\u00edas de su jubilaci\u00f3n - vof-news.eu\",\"isPartOf\":{\"@id\":\"https:\/\/vof-news.eu\/es\/#website\"},\"primaryImageOfPage\":{\"@id\":\"https:\/\/vof-news.eu\/es\/vigilancia-aduanera-detiene-a-su-numero-dos-en-catalunya-a-unos-dias-de-su-jubilacion\/#primaryimage\"},\"image\":{\"@id\":\"https:\/\/vof-news.eu\/es\/vigilancia-aduanera-detiene-a-su-numero-dos-en-catalunya-a-unos-dias-de-su-jubilacion\/#primaryimage\"},\"thumbnailUrl\":\"https:\/\/vof-news.eu\/wp-content\/uploads\/2025\/07\/139ecc28-8f6e-42ae-844a-bf3462ac2f14_16-9-discover-aspect-ratio_default_0.jpg\",\"datePublished\":\"2025-07-04T12:17:46+00:00\",\"dateModified\":\"2025-07-04T12:18:12+00:00\",\"author\":{\"@id\":\"https:\/\/vof-news.eu\/es\/#\/schema\/person\/f6a2a4309f0561835797fd8c19b333ed\"},\"description\":\"Un grupo especializado en Madrid del Servicio de Vigilancia Aduanera (SVA), el \u00f3rgano adscrito a la Agencia Estatal de Administraci\u00f3n Tributaria (AEAT) que se encarga de luchar contra el contrabando o el narcotr\u00e1fico, ha detenido al n\u00famero dos de este servicio en Catalunya, Francisco Javier Mart\u00edn Mi\u00f1ana, seg\u00fan ha podido confirmar elDiario.es\",\"breadcrumb\":{\"@id\":\"https:\/\/vof-news.eu\/es\/vigilancia-aduanera-detiene-a-su-numero-dos-en-catalunya-a-unos-dias-de-su-jubilacion\/#breadcrumb\"},\"inLanguage\":\"es\",\"potentialAction\":[{\"@type\":\"ReadAction\",\"target\":[\"https:\/\/vof-news.eu\/es\/vigilancia-aduanera-detiene-a-su-numero-dos-en-catalunya-a-unos-dias-de-su-jubilacion\/\"]}]},{\"@type\":\"ImageObject\",\"inLanguage\":\"es\",\"@id\":\"https:\/\/vof-news.eu\/es\/vigilancia-aduanera-detiene-a-su-numero-dos-en-catalunya-a-unos-dias-de-su-jubilacion\/#primaryimage\",\"url\":\"https:\/\/vof-news.eu\/wp-content\/uploads\/2025\/07\/139ecc28-8f6e-42ae-844a-bf3462ac2f14_16-9-discover-aspect-ratio_default_0.jpg\",\"contentUrl\":\"https:\/\/vof-news.eu\/wp-content\/uploads\/2025\/07\/139ecc28-8f6e-42ae-844a-bf3462ac2f14_16-9-discover-aspect-ratio_default_0.jpg\",\"width\":1200,\"height\":675},{\"@type\":\"BreadcrumbList\",\"@id\":\"https:\/\/vof-news.eu\/es\/vigilancia-aduanera-detiene-a-su-numero-dos-en-catalunya-a-unos-dias-de-su-jubilacion\/#breadcrumb\",\"itemListElement\":[{\"@type\":\"ListItem\",\"position\":1,\"name\":\"Home\",\"item\":\"https:\/\/vof-news.eu\/es\/\"},{\"@type\":\"ListItem\",\"position\":2,\"name\":\"Vigilancia Aduanera detiene a su n\u00famero dos en Catalunya a unos d\u00edas de su jubilaci\u00f3n\"}]},{\"@type\":\"WebSite\",\"@id\":\"https:\/\/vof-news.eu\/es\/#website\",\"url\":\"https:\/\/vof-news.eu\/es\/\",\"name\":\"vof-news.eu\",\"description\":\"\",\"potentialAction\":[{\"@type\":\"SearchAction\",\"target\":{\"@type\":\"EntryPoint\",\"urlTemplate\":\"https:\/\/vof-news.eu\/es\/?s={search_term_string}\"},\"query-input\":\"required name=search_term_string\"}],\"inLanguage\":\"es\"},{\"@type\":\"Person\",\"@id\":\"https:\/\/vof-news.eu\/es\/#\/schema\/person\/f6a2a4309f0561835797fd8c19b333ed\",\"name\":\"Author\",\"image\":{\"@type\":\"ImageObject\",\"inLanguage\":\"es\",\"@id\":\"https:\/\/vof-news.eu\/es\/#\/schema\/person\/image\/\",\"url\":\"https:\/\/secure.gravatar.com\/avatar\/b67e614b1b25b3e9c0c239efdd2fde5ab015b5affd6f1c3c85911ca4b384e790?s=96&d=mm&r=g\",\"contentUrl\":\"https:\/\/secure.gravatar.com\/avatar\/b67e614b1b25b3e9c0c239efdd2fde5ab015b5affd6f1c3c85911ca4b384e790?s=96&d=mm&r=g\",\"caption\":\"Author\"},\"sameAs\":[\"http:\/\/vof-news.eu\"],\"url\":\"https:\/\/vof-news.eu\/es\/author\/zwt6qxnjulxbnyg\/\"}]}<\/script>\n<!-- \/ Yoast SEO plugin. -->","yoast_head_json":{"title":"Vigilancia Aduanera detiene a su n\u00famero dos en Catalunya a unos d\u00edas de su jubilaci\u00f3n - vof-news.eu","description":"Un grupo especializado en Madrid del Servicio de Vigilancia Aduanera (SVA), el \u00f3rgano adscrito a la Agencia Estatal de Administraci\u00f3n Tributaria (AEAT) que se encarga de luchar contra el contrabando o el narcotr\u00e1fico, ha detenido al n\u00famero dos de este servicio en Catalunya, Francisco Javier Mart\u00edn Mi\u00f1ana, seg\u00fan ha podido confirmar elDiario.es","robots":{"index":"noindex","follow":"follow","max-snippet":"max-snippet:-1","max-image-preview":"max-image-preview:large","max-video-preview":"max-video-preview:-1"},"og_locale":"es_ES","og_type":"article","og_title":"Vigilancia Aduanera detiene a su n\u00famero dos en Catalunya a unos d\u00edas de su jubilaci\u00f3n - vof-news.eu","og_description":"Un grupo especializado en Madrid del Servicio de Vigilancia Aduanera (SVA), el \u00f3rgano adscrito a la Agencia Estatal de Administraci\u00f3n Tributaria (AEAT) que se encarga de luchar contra el contrabando o el narcotr\u00e1fico, ha detenido al n\u00famero dos de este servicio en Catalunya, Francisco Javier Mart\u00edn Mi\u00f1ana, seg\u00fan ha podido confirmar elDiario.es","og_url":"https:\/\/vof-news.eu\/es\/vigilancia-aduanera-detiene-a-su-numero-dos-en-catalunya-a-unos-dias-de-su-jubilacion\/","og_site_name":"vof-news.eu","article_published_time":"2025-07-04T12:17:46+00:00","article_modified_time":"2025-07-04T12:18:12+00:00","og_image":[{"width":1200,"height":675,"url":"https:\/\/vof-news.eu\/wp-content\/uploads\/2025\/07\/139ecc28-8f6e-42ae-844a-bf3462ac2f14_16-9-discover-aspect-ratio_default_0.jpg","type":"image\/jpeg"}],"author":"Author","twitter_card":"summary_large_image","twitter_misc":{"Escrito por":"Author","Tiempo de lectura":"4 minutos"},"schema":{"@context":"https:\/\/schema.org","@graph":[{"@type":"WebPage","@id":"https:\/\/vof-news.eu\/es\/vigilancia-aduanera-detiene-a-su-numero-dos-en-catalunya-a-unos-dias-de-su-jubilacion\/","url":"https:\/\/vof-news.eu\/es\/vigilancia-aduanera-detiene-a-su-numero-dos-en-catalunya-a-unos-dias-de-su-jubilacion\/","name":"Vigilancia Aduanera detiene a su n\u00famero dos en Catalunya a unos d\u00edas de su jubilaci\u00f3n - vof-news.eu","isPartOf":{"@id":"https:\/\/vof-news.eu\/es\/#website"},"primaryImageOfPage":{"@id":"https:\/\/vof-news.eu\/es\/vigilancia-aduanera-detiene-a-su-numero-dos-en-catalunya-a-unos-dias-de-su-jubilacion\/#primaryimage"},"image":{"@id":"https:\/\/vof-news.eu\/es\/vigilancia-aduanera-detiene-a-su-numero-dos-en-catalunya-a-unos-dias-de-su-jubilacion\/#primaryimage"},"thumbnailUrl":"https:\/\/vof-news.eu\/wp-content\/uploads\/2025\/07\/139ecc28-8f6e-42ae-844a-bf3462ac2f14_16-9-discover-aspect-ratio_default_0.jpg","datePublished":"2025-07-04T12:17:46+00:00","dateModified":"2025-07-04T12:18:12+00:00","author":{"@id":"https:\/\/vof-news.eu\/es\/#\/schema\/person\/f6a2a4309f0561835797fd8c19b333ed"},"description":"Un grupo especializado en Madrid del Servicio de Vigilancia Aduanera (SVA), el \u00f3rgano adscrito a la Agencia Estatal de Administraci\u00f3n Tributaria (AEAT) que se encarga de luchar contra el contrabando o el narcotr\u00e1fico, ha detenido al n\u00famero dos de este servicio en Catalunya, Francisco Javier Mart\u00edn Mi\u00f1ana, seg\u00fan ha podido confirmar elDiario.es","breadcrumb":{"@id":"https:\/\/vof-news.eu\/es\/vigilancia-aduanera-detiene-a-su-numero-dos-en-catalunya-a-unos-dias-de-su-jubilacion\/#breadcrumb"},"inLanguage":"es","potentialAction":[{"@type":"ReadAction","target":["https:\/\/vof-news.eu\/es\/vigilancia-aduanera-detiene-a-su-numero-dos-en-catalunya-a-unos-dias-de-su-jubilacion\/"]}]},{"@type":"ImageObject","inLanguage":"es","@id":"https:\/\/vof-news.eu\/es\/vigilancia-aduanera-detiene-a-su-numero-dos-en-catalunya-a-unos-dias-de-su-jubilacion\/#primaryimage","url":"https:\/\/vof-news.eu\/wp-content\/uploads\/2025\/07\/139ecc28-8f6e-42ae-844a-bf3462ac2f14_16-9-discover-aspect-ratio_default_0.jpg","contentUrl":"https:\/\/vof-news.eu\/wp-content\/uploads\/2025\/07\/139ecc28-8f6e-42ae-844a-bf3462ac2f14_16-9-discover-aspect-ratio_default_0.jpg","width":1200,"height":675},{"@type":"BreadcrumbList","@id":"https:\/\/vof-news.eu\/es\/vigilancia-aduanera-detiene-a-su-numero-dos-en-catalunya-a-unos-dias-de-su-jubilacion\/#breadcrumb","itemListElement":[{"@type":"ListItem","position":1,"name":"Home","item":"https:\/\/vof-news.eu\/es\/"},{"@type":"ListItem","position":2,"name":"Vigilancia Aduanera detiene a su n\u00famero dos en Catalunya a unos d\u00edas de su jubilaci\u00f3n"}]},{"@type":"WebSite","@id":"https:\/\/vof-news.eu\/es\/#website","url":"https:\/\/vof-news.eu\/es\/","name":"vof-news.eu","description":"","potentialAction":[{"@type":"SearchAction","target":{"@type":"EntryPoint","urlTemplate":"https:\/\/vof-news.eu\/es\/?s={search_term_string}"},"query-input":"required name=search_term_string"}],"inLanguage":"es"},{"@type":"Person","@id":"https:\/\/vof-news.eu\/es\/#\/schema\/person\/f6a2a4309f0561835797fd8c19b333ed","name":"Author","image":{"@type":"ImageObject","inLanguage":"es","@id":"https:\/\/vof-news.eu\/es\/#\/schema\/person\/image\/","url":"https:\/\/secure.gravatar.com\/avatar\/b67e614b1b25b3e9c0c239efdd2fde5ab015b5affd6f1c3c85911ca4b384e790?s=96&d=mm&r=g","contentUrl":"https:\/\/secure.gravatar.com\/avatar\/b67e614b1b25b3e9c0c239efdd2fde5ab015b5affd6f1c3c85911ca4b384e790?s=96&d=mm&r=g","caption":"Author"},"sameAs":["http:\/\/vof-news.eu"],"url":"https:\/\/vof-news.eu\/es\/author\/zwt6qxnjulxbnyg\/"}]}},"yoast_meta":{"yoast_wpseo_title":"","yoast_wpseo_metadesc":"","yoast_wpseo_canonical":""},"_links":{"self":[{"href":"https:\/\/vof-news.eu\/es\/wp-json\/wp\/v2\/posts\/247011","targetHints":{"allow":["GET"]}}],"collection":[{"href":"https:\/\/vof-news.eu\/es\/wp-json\/wp\/v2\/posts"}],"about":[{"href":"https:\/\/vof-news.eu\/es\/wp-json\/wp\/v2\/types\/post"}],"author":[{"embeddable":true,"href":"https:\/\/vof-news.eu\/es\/wp-json\/wp\/v2\/users\/1"}],"replies":[{"embeddable":true,"href":"https:\/\/vof-news.eu\/es\/wp-json\/wp\/v2\/comments?post=247011"}],"version-history":[{"count":1,"href":"https:\/\/vof-news.eu\/es\/wp-json\/wp\/v2\/posts\/247011\/revisions"}],"predecessor-version":[{"id":247018,"href":"https:\/\/vof-news.eu\/es\/wp-json\/wp\/v2\/posts\/247011\/revisions\/247018"}],"wp:featuredmedia":[{"embeddable":true,"href":"https:\/\/vof-news.eu\/es\/wp-json\/wp\/v2\/media\/247012"}],"wp:attachment":[{"href":"https:\/\/vof-news.eu\/es\/wp-json\/wp\/v2\/media?parent=247011"}],"wp:term":[{"taxonomy":"category","embeddable":true,"href":"https:\/\/vof-news.eu\/es\/wp-json\/wp\/v2\/categories?post=247011"},{"taxonomy":"post_tag","embeddable":true,"href":"https:\/\/vof-news.eu\/es\/wp-json\/wp\/v2\/tags?post=247011"}],"curies":[{"name":"wp","href":"https:\/\/api.w.org\/{rel}","templated":true}]}}