{"id":246933,"date":"2025-07-04T13:17:41","date_gmt":"2025-07-04T10:17:41","guid":{"rendered":"https:\/\/vof-news.eu\/china-impone-aranceles-al-brandy-europeo-en-plena-escalada-comercial\/"},"modified":"2025-07-04T13:17:59","modified_gmt":"2025-07-04T10:17:59","slug":"china-impone-aranceles-al-brandy-europeo-en-plena-escalada-comercial","status":"publish","type":"post","link":"https:\/\/vof-news.eu\/es\/china-impone-aranceles-al-brandy-europeo-en-plena-escalada-comercial\/","title":{"rendered":"China impone aranceles al brandy europeo en plena escalada comercial"},"content":{"rendered":"<div>\n<p>\n        China impondr\u00e1 finalmente aranceles al brandy europeo. Pek\u00edn ha decidido seguir adelante con los grav\u00e1menes, que son una respuesta a los aranceles a los coches el\u00e9ctricos fabricados en el gigante asi\u00e1tico que impuso la UE por las subvenciones p\u00fablicas que generaron una competencia desleal en el mercado comunitario. El Gobierno chino atras\u00f3 la decisi\u00f3n en plena reconexi\u00f3n de las relaciones y en un momento en el que la UE se vio obligada a mirar de nuevo a ese pa\u00eds ante la guerra comercial desatada por Donald Trump.\n    <\/p>\n<p>\n        Pek\u00edn gravar\u00e1 con tasas de entre el 27,7% y el 34,9% el brandy europeo al determinar que \u201cexiste competencia desleal (&#8216;dumping&#8217;) en este producto, que la industria nacional del brandy est\u00e1 amenazada de sufrir un perjuicio sustancial y que existe una relaci\u00f3n causal entre el &#8216;dumping&#8217; y la amenaza de perjuicio sustancial\u201d, seg\u00fan ha informado el Ministerio de Comercio.\n    <\/p>\n<p>\n        La medida afectar\u00e1 especialmente al sector del co\u00f1ac franc\u00e9s, que tiene en China a su segundo importador, por detr\u00e1s de EEUU. No obstante, la puerta queda abierta para que las empresas puedan pactar un precio para el mercado chino y queden al margen de esos grav\u00e1menes. Seg\u00fan la Agencia EFE, 14 compa\u00f1\u00edas han planmteado acogerse a los compromisos de precios, entre ellas Martell, Hennessy o Remy Martin.\n    <\/p>\n<p>\n        La que sigue a la espera de conclusi\u00f3n es la decisi\u00f3n sobre los aranceles a la carne de cerdo europea, que es otra de las represalias anunciadas por China tras los aranceles a los veh\u00edculos el\u00e9ctricos. Esas tasas afectar\u00edan en gran medida al sector porcino espa\u00f1ol.\n    <\/p>\n<p>\n        El movimiento del Gobierno chino coincide con la presencia en Europa del ministro Exteriores, Wang Yi, con motivo del decimotercer di\u00e1logo estrat\u00e9gico entre la UE y China, y a las puertas de la cumbre UE-China que se celebrr\u00e1 en Pek\u00edn a finales de julio. Seg\u00fan public\u00f3 Bloomberg, el Gobierno chino est\u00e1 valorando cancelar la segunda jornada de esa cita de m\u00e1ximo nivel, a la que acudir\u00e1n los presidentes del Consejo Europeo y la Comisi\u00f3n Europea, Ant\u00f3nio Costa y Ursula von der Leyen.\n    <\/p>\n<p>\n        La segunda jornada estaba previsto que se centrara en la parte m\u00e1s econ\u00f3mica y de negocios, mientras que la primera tiene que ver con la relaci\u00f3n estrat\u00e9gica entre las dos potencias. Fuentes comunitarias se limitan a decir que se est\u00e1 \u201cfinalizando el programa\u201d y que se est\u00e1 \u201cdiscutiendo\u201d con la parte china, que es la anfitriona del encuentro.\n    <\/p>\n<p>\n        La relaci\u00f3n se enrarece, por tanto, a medida que se acerca la fecha de la cumbre con un pa\u00eds con el que la UE tiene dificultades para relacionarse dada su triple condici\u00f3n de \u201csocio, competidor y rival sist\u00e9mico\u201d. De hecho, hace unas semanas, Bruselas decidi\u00f3 restringir la contrataci\u00f3n p\u00fablica de servicios sanitarios chinos ante el cierre del mercado en ese pa\u00eds a los productos europeos. En la UE tambi\u00e9n presionan para que China cambie su relaci\u00f3n con Rusia, y deje de apoyar a Vlad\u00edmir Putin en la guerra contra Ucrania.\n    <\/p>\n<\/div>\n","protected":false},"excerpt":{"rendered":"<p>China impondr\u00e1 finalmente aranceles al brandy europeo. Pek\u00edn ha decidido seguir adelante con los grav\u00e1menes, que son una respuesta a los aranceles a los coches el\u00e9ctricos fabricados en el gigante asi\u00e1tico que impuso la UE por las subvenciones p\u00fablicas que generaron una competencia desleal en el mercado comunitario. El Gobierno chino atras\u00f3 la decisi\u00f3n en<\/p>\n","protected":false},"author":1,"featured_media":246934,"comment_status":"open","ping_status":"open","sticky":false,"template":"","format":"standard","meta":{"footnotes":""},"categories":[61],"tags":[],"class_list":["post-246933","post","type-post","status-publish","format-standard","has-post-thumbnail","hentry","category-business-es"],"acf":[],"yoast_head":"<!-- This site is optimized with the Yoast SEO plugin v22.9 - https:\/\/yoast.com\/wordpress\/plugins\/seo\/ -->\n<title>China impone aranceles al brandy europeo en plena escalada comercial - vof-news.eu<\/title>\n<meta name=\"description\" content=\"China impondr\u00e1 finalmente aranceles al brandy europeo. Pek\u00edn ha decidido seguir adelante con los grav\u00e1menes, que son una respuesta a los aranceles a los coches el\u00e9ctricos fabricados en el gigante asi\u00e1tico que impuso la UE por las subvenciones p\u00fablicas que generaron una competencia desleal en el mercado comunitario. El Gobierno chino atras\u00f3 la decisi\u00f3n en plena reconexi\u00f3n de las relaciones y en un momento en el que la UE se vio obligada a mirar de nuevo a ese pa\u00eds ante la guerra comercial desatada por Donald Trump.\" \/>\n<meta name=\"robots\" content=\"noindex, follow, max-snippet:-1, max-image-preview:large, max-video-preview:-1\" \/>\n<meta property=\"og:locale\" content=\"es_ES\" \/>\n<meta property=\"og:type\" content=\"article\" \/>\n<meta property=\"og:title\" content=\"China impone aranceles al brandy europeo en plena escalada comercial - vof-news.eu\" \/>\n<meta property=\"og:description\" content=\"China impondr\u00e1 finalmente aranceles al brandy europeo. Pek\u00edn ha decidido seguir adelante con los grav\u00e1menes, que son una respuesta a los aranceles a los coches el\u00e9ctricos fabricados en el gigante asi\u00e1tico que impuso la UE por las subvenciones p\u00fablicas que generaron una competencia desleal en el mercado comunitario. El Gobierno chino atras\u00f3 la decisi\u00f3n en plena reconexi\u00f3n de las relaciones y en un momento en el que la UE se vio obligada a mirar de nuevo a ese pa\u00eds ante la guerra comercial desatada por Donald Trump.\" \/>\n<meta property=\"og:url\" content=\"https:\/\/vof-news.eu\/es\/china-impone-aranceles-al-brandy-europeo-en-plena-escalada-comercial\/\" \/>\n<meta property=\"og:site_name\" content=\"vof-news.eu\" \/>\n<meta property=\"article:published_time\" content=\"2025-07-04T10:17:41+00:00\" \/>\n<meta property=\"article:modified_time\" content=\"2025-07-04T10:17:59+00:00\" \/>\n<meta property=\"og:image\" content=\"https:\/\/vof-news.eu\/wp-content\/uploads\/2025\/07\/b45c3a92-73f8-4925-b92d-19d0d47a950d_16-9-discover-aspect-ratio_default_0.jpg\" \/>\n\t<meta property=\"og:image:width\" content=\"1200\" \/>\n\t<meta property=\"og:image:height\" content=\"675\" \/>\n\t<meta property=\"og:image:type\" content=\"image\/jpeg\" \/>\n<meta name=\"author\" content=\"Author\" \/>\n<meta name=\"twitter:card\" content=\"summary_large_image\" \/>\n<meta name=\"twitter:label1\" content=\"Escrito por\" \/>\n\t<meta name=\"twitter:data1\" content=\"Author\" \/>\n\t<meta name=\"twitter:label2\" content=\"Tiempo de lectura\" \/>\n\t<meta name=\"twitter:data2\" content=\"3 minutos\" \/>\n<script type=\"application\/ld+json\" class=\"yoast-schema-graph\">{\"@context\":\"https:\/\/schema.org\",\"@graph\":[{\"@type\":\"WebPage\",\"@id\":\"https:\/\/vof-news.eu\/es\/china-impone-aranceles-al-brandy-europeo-en-plena-escalada-comercial\/\",\"url\":\"https:\/\/vof-news.eu\/es\/china-impone-aranceles-al-brandy-europeo-en-plena-escalada-comercial\/\",\"name\":\"China impone aranceles al brandy europeo en plena escalada comercial - vof-news.eu\",\"isPartOf\":{\"@id\":\"https:\/\/vof-news.eu\/es\/#website\"},\"primaryImageOfPage\":{\"@id\":\"https:\/\/vof-news.eu\/es\/china-impone-aranceles-al-brandy-europeo-en-plena-escalada-comercial\/#primaryimage\"},\"image\":{\"@id\":\"https:\/\/vof-news.eu\/es\/china-impone-aranceles-al-brandy-europeo-en-plena-escalada-comercial\/#primaryimage\"},\"thumbnailUrl\":\"https:\/\/vof-news.eu\/wp-content\/uploads\/2025\/07\/b45c3a92-73f8-4925-b92d-19d0d47a950d_16-9-discover-aspect-ratio_default_0.jpg\",\"datePublished\":\"2025-07-04T10:17:41+00:00\",\"dateModified\":\"2025-07-04T10:17:59+00:00\",\"author\":{\"@id\":\"https:\/\/vof-news.eu\/es\/#\/schema\/person\/f6a2a4309f0561835797fd8c19b333ed\"},\"description\":\"China impondr\u00e1 finalmente aranceles al brandy europeo. Pek\u00edn ha decidido seguir adelante con los grav\u00e1menes, que son una respuesta a los aranceles a los coches el\u00e9ctricos fabricados en el gigante asi\u00e1tico que impuso la UE por las subvenciones p\u00fablicas que generaron una competencia desleal en el mercado comunitario. El Gobierno chino atras\u00f3 la decisi\u00f3n en plena reconexi\u00f3n de las relaciones y en un momento en el que la UE se vio obligada a mirar de nuevo a ese pa\u00eds ante la guerra comercial desatada por Donald Trump.\",\"breadcrumb\":{\"@id\":\"https:\/\/vof-news.eu\/es\/china-impone-aranceles-al-brandy-europeo-en-plena-escalada-comercial\/#breadcrumb\"},\"inLanguage\":\"es\",\"potentialAction\":[{\"@type\":\"ReadAction\",\"target\":[\"https:\/\/vof-news.eu\/es\/china-impone-aranceles-al-brandy-europeo-en-plena-escalada-comercial\/\"]}]},{\"@type\":\"ImageObject\",\"inLanguage\":\"es\",\"@id\":\"https:\/\/vof-news.eu\/es\/china-impone-aranceles-al-brandy-europeo-en-plena-escalada-comercial\/#primaryimage\",\"url\":\"https:\/\/vof-news.eu\/wp-content\/uploads\/2025\/07\/b45c3a92-73f8-4925-b92d-19d0d47a950d_16-9-discover-aspect-ratio_default_0.jpg\",\"contentUrl\":\"https:\/\/vof-news.eu\/wp-content\/uploads\/2025\/07\/b45c3a92-73f8-4925-b92d-19d0d47a950d_16-9-discover-aspect-ratio_default_0.jpg\",\"width\":1200,\"height\":675},{\"@type\":\"BreadcrumbList\",\"@id\":\"https:\/\/vof-news.eu\/es\/china-impone-aranceles-al-brandy-europeo-en-plena-escalada-comercial\/#breadcrumb\",\"itemListElement\":[{\"@type\":\"ListItem\",\"position\":1,\"name\":\"Home\",\"item\":\"https:\/\/vof-news.eu\/es\/\"},{\"@type\":\"ListItem\",\"position\":2,\"name\":\"China impone aranceles al brandy europeo en plena escalada comercial\"}]},{\"@type\":\"WebSite\",\"@id\":\"https:\/\/vof-news.eu\/es\/#website\",\"url\":\"https:\/\/vof-news.eu\/es\/\",\"name\":\"vof-news.eu\",\"description\":\"\",\"potentialAction\":[{\"@type\":\"SearchAction\",\"target\":{\"@type\":\"EntryPoint\",\"urlTemplate\":\"https:\/\/vof-news.eu\/es\/?s={search_term_string}\"},\"query-input\":\"required name=search_term_string\"}],\"inLanguage\":\"es\"},{\"@type\":\"Person\",\"@id\":\"https:\/\/vof-news.eu\/es\/#\/schema\/person\/f6a2a4309f0561835797fd8c19b333ed\",\"name\":\"Author\",\"image\":{\"@type\":\"ImageObject\",\"inLanguage\":\"es\",\"@id\":\"https:\/\/vof-news.eu\/es\/#\/schema\/person\/image\/\",\"url\":\"https:\/\/secure.gravatar.com\/avatar\/b67e614b1b25b3e9c0c239efdd2fde5ab015b5affd6f1c3c85911ca4b384e790?s=96&d=mm&r=g\",\"contentUrl\":\"https:\/\/secure.gravatar.com\/avatar\/b67e614b1b25b3e9c0c239efdd2fde5ab015b5affd6f1c3c85911ca4b384e790?s=96&d=mm&r=g\",\"caption\":\"Author\"},\"sameAs\":[\"http:\/\/vof-news.eu\"],\"url\":\"https:\/\/vof-news.eu\/es\/author\/zwt6qxnjulxbnyg\/\"}]}<\/script>\n<!-- \/ Yoast SEO plugin. -->","yoast_head_json":{"title":"China impone aranceles al brandy europeo en plena escalada comercial - vof-news.eu","description":"China impondr\u00e1 finalmente aranceles al brandy europeo. Pek\u00edn ha decidido seguir adelante con los grav\u00e1menes, que son una respuesta a los aranceles a los coches el\u00e9ctricos fabricados en el gigante asi\u00e1tico que impuso la UE por las subvenciones p\u00fablicas que generaron una competencia desleal en el mercado comunitario. El Gobierno chino atras\u00f3 la decisi\u00f3n en plena reconexi\u00f3n de las relaciones y en un momento en el que la UE se vio obligada a mirar de nuevo a ese pa\u00eds ante la guerra comercial desatada por Donald Trump.","robots":{"index":"noindex","follow":"follow","max-snippet":"max-snippet:-1","max-image-preview":"max-image-preview:large","max-video-preview":"max-video-preview:-1"},"og_locale":"es_ES","og_type":"article","og_title":"China impone aranceles al brandy europeo en plena escalada comercial - vof-news.eu","og_description":"China impondr\u00e1 finalmente aranceles al brandy europeo. Pek\u00edn ha decidido seguir adelante con los grav\u00e1menes, que son una respuesta a los aranceles a los coches el\u00e9ctricos fabricados en el gigante asi\u00e1tico que impuso la UE por las subvenciones p\u00fablicas que generaron una competencia desleal en el mercado comunitario. El Gobierno chino atras\u00f3 la decisi\u00f3n en plena reconexi\u00f3n de las relaciones y en un momento en el que la UE se vio obligada a mirar de nuevo a ese pa\u00eds ante la guerra comercial desatada por Donald Trump.","og_url":"https:\/\/vof-news.eu\/es\/china-impone-aranceles-al-brandy-europeo-en-plena-escalada-comercial\/","og_site_name":"vof-news.eu","article_published_time":"2025-07-04T10:17:41+00:00","article_modified_time":"2025-07-04T10:17:59+00:00","og_image":[{"width":1200,"height":675,"url":"https:\/\/vof-news.eu\/wp-content\/uploads\/2025\/07\/b45c3a92-73f8-4925-b92d-19d0d47a950d_16-9-discover-aspect-ratio_default_0.jpg","type":"image\/jpeg"}],"author":"Author","twitter_card":"summary_large_image","twitter_misc":{"Escrito por":"Author","Tiempo de lectura":"3 minutos"},"schema":{"@context":"https:\/\/schema.org","@graph":[{"@type":"WebPage","@id":"https:\/\/vof-news.eu\/es\/china-impone-aranceles-al-brandy-europeo-en-plena-escalada-comercial\/","url":"https:\/\/vof-news.eu\/es\/china-impone-aranceles-al-brandy-europeo-en-plena-escalada-comercial\/","name":"China impone aranceles al brandy europeo en plena escalada comercial - vof-news.eu","isPartOf":{"@id":"https:\/\/vof-news.eu\/es\/#website"},"primaryImageOfPage":{"@id":"https:\/\/vof-news.eu\/es\/china-impone-aranceles-al-brandy-europeo-en-plena-escalada-comercial\/#primaryimage"},"image":{"@id":"https:\/\/vof-news.eu\/es\/china-impone-aranceles-al-brandy-europeo-en-plena-escalada-comercial\/#primaryimage"},"thumbnailUrl":"https:\/\/vof-news.eu\/wp-content\/uploads\/2025\/07\/b45c3a92-73f8-4925-b92d-19d0d47a950d_16-9-discover-aspect-ratio_default_0.jpg","datePublished":"2025-07-04T10:17:41+00:00","dateModified":"2025-07-04T10:17:59+00:00","author":{"@id":"https:\/\/vof-news.eu\/es\/#\/schema\/person\/f6a2a4309f0561835797fd8c19b333ed"},"description":"China impondr\u00e1 finalmente aranceles al brandy europeo. Pek\u00edn ha decidido seguir adelante con los grav\u00e1menes, que son una respuesta a los aranceles a los coches el\u00e9ctricos fabricados en el gigante asi\u00e1tico que impuso la UE por las subvenciones p\u00fablicas que generaron una competencia desleal en el mercado comunitario. El Gobierno chino atras\u00f3 la decisi\u00f3n en plena reconexi\u00f3n de las relaciones y en un momento en el que la UE se vio obligada a mirar de nuevo a ese pa\u00eds ante la guerra comercial desatada por Donald Trump.","breadcrumb":{"@id":"https:\/\/vof-news.eu\/es\/china-impone-aranceles-al-brandy-europeo-en-plena-escalada-comercial\/#breadcrumb"},"inLanguage":"es","potentialAction":[{"@type":"ReadAction","target":["https:\/\/vof-news.eu\/es\/china-impone-aranceles-al-brandy-europeo-en-plena-escalada-comercial\/"]}]},{"@type":"ImageObject","inLanguage":"es","@id":"https:\/\/vof-news.eu\/es\/china-impone-aranceles-al-brandy-europeo-en-plena-escalada-comercial\/#primaryimage","url":"https:\/\/vof-news.eu\/wp-content\/uploads\/2025\/07\/b45c3a92-73f8-4925-b92d-19d0d47a950d_16-9-discover-aspect-ratio_default_0.jpg","contentUrl":"https:\/\/vof-news.eu\/wp-content\/uploads\/2025\/07\/b45c3a92-73f8-4925-b92d-19d0d47a950d_16-9-discover-aspect-ratio_default_0.jpg","width":1200,"height":675},{"@type":"BreadcrumbList","@id":"https:\/\/vof-news.eu\/es\/china-impone-aranceles-al-brandy-europeo-en-plena-escalada-comercial\/#breadcrumb","itemListElement":[{"@type":"ListItem","position":1,"name":"Home","item":"https:\/\/vof-news.eu\/es\/"},{"@type":"ListItem","position":2,"name":"China impone aranceles al brandy europeo en plena escalada comercial"}]},{"@type":"WebSite","@id":"https:\/\/vof-news.eu\/es\/#website","url":"https:\/\/vof-news.eu\/es\/","name":"vof-news.eu","description":"","potentialAction":[{"@type":"SearchAction","target":{"@type":"EntryPoint","urlTemplate":"https:\/\/vof-news.eu\/es\/?s={search_term_string}"},"query-input":"required name=search_term_string"}],"inLanguage":"es"},{"@type":"Person","@id":"https:\/\/vof-news.eu\/es\/#\/schema\/person\/f6a2a4309f0561835797fd8c19b333ed","name":"Author","image":{"@type":"ImageObject","inLanguage":"es","@id":"https:\/\/vof-news.eu\/es\/#\/schema\/person\/image\/","url":"https:\/\/secure.gravatar.com\/avatar\/b67e614b1b25b3e9c0c239efdd2fde5ab015b5affd6f1c3c85911ca4b384e790?s=96&d=mm&r=g","contentUrl":"https:\/\/secure.gravatar.com\/avatar\/b67e614b1b25b3e9c0c239efdd2fde5ab015b5affd6f1c3c85911ca4b384e790?s=96&d=mm&r=g","caption":"Author"},"sameAs":["http:\/\/vof-news.eu"],"url":"https:\/\/vof-news.eu\/es\/author\/zwt6qxnjulxbnyg\/"}]}},"yoast_meta":{"yoast_wpseo_title":"","yoast_wpseo_metadesc":"","yoast_wpseo_canonical":""},"_links":{"self":[{"href":"https:\/\/vof-news.eu\/es\/wp-json\/wp\/v2\/posts\/246933","targetHints":{"allow":["GET"]}}],"collection":[{"href":"https:\/\/vof-news.eu\/es\/wp-json\/wp\/v2\/posts"}],"about":[{"href":"https:\/\/vof-news.eu\/es\/wp-json\/wp\/v2\/types\/post"}],"author":[{"embeddable":true,"href":"https:\/\/vof-news.eu\/es\/wp-json\/wp\/v2\/users\/1"}],"replies":[{"embeddable":true,"href":"https:\/\/vof-news.eu\/es\/wp-json\/wp\/v2\/comments?post=246933"}],"version-history":[{"count":1,"href":"https:\/\/vof-news.eu\/es\/wp-json\/wp\/v2\/posts\/246933\/revisions"}],"predecessor-version":[{"id":246940,"href":"https:\/\/vof-news.eu\/es\/wp-json\/wp\/v2\/posts\/246933\/revisions\/246940"}],"wp:featuredmedia":[{"embeddable":true,"href":"https:\/\/vof-news.eu\/es\/wp-json\/wp\/v2\/media\/246934"}],"wp:attachment":[{"href":"https:\/\/vof-news.eu\/es\/wp-json\/wp\/v2\/media?parent=246933"}],"wp:term":[{"taxonomy":"category","embeddable":true,"href":"https:\/\/vof-news.eu\/es\/wp-json\/wp\/v2\/categories?post=246933"},{"taxonomy":"post_tag","embeddable":true,"href":"https:\/\/vof-news.eu\/es\/wp-json\/wp\/v2\/tags?post=246933"}],"curies":[{"name":"wp","href":"https:\/\/api.w.org\/{rel}","templated":true}]}}