{"id":246925,"date":"2025-07-04T13:17:06","date_gmt":"2025-07-04T10:17:06","guid":{"rendered":"https:\/\/vof-news.eu\/yolanda-diaz-esta-en-las-manos-del-psoe-mantener-la-legislatura\/"},"modified":"2025-07-04T13:17:21","modified_gmt":"2025-07-04T10:17:21","slug":"yolanda-diaz-esta-en-las-manos-del-psoe-mantener-la-legislatura","status":"publish","type":"post","link":"https:\/\/vof-news.eu\/es\/yolanda-diaz-esta-en-las-manos-del-psoe-mantener-la-legislatura\/","title":{"rendered":"Yolanda D\u00edaz: \u201cEst\u00e1 en las manos del PSOE mantener la legislatura\u201d"},"content":{"rendered":"<div>\n<p>\n        \u201cLa preocupaci\u00f3n de Sumar no es el Comit\u00e9 Federal del PSOE sino su inmovilismo\u201d. As\u00ed ha respondido este viernes a los medios la vicepresidenta segunda del Gobierno, Yolanda D\u00edaz, que insiste desde hace varios d\u00edas en que la relaci\u00f3n con su socio de Gobierno est\u00e1 en un mal momento por la falta de reacci\u00f3n que notan ante el estallido por el esc\u00e1ndalo de Santos Cerd\u00e1n. \u201cEst\u00e1 en su mano el mantenimiento de la legislatura\u201d, ha advertido.\n    <\/p>\n<p>\n        Para la ministra de Trabajo, es importante que el Partido Socialista haga gestos urgentes, incluso antes de la comparecencia del presidente del Gobierno, Pedro S\u00e1nchez, en el Congreso, el pr\u00f3ximo 9 de julio. \u201cTolerancia cero contra la corrupci\u00f3n, queremos medidas no solo claras sino urgentes de regeneraci\u00f3n democr\u00e1tica y giro social de la legislatura\u201d, ha dicho en unas declaraciones en Oviedo, despu\u00e9s de reunirse con Las 6 de la Suiza.\n    <\/p>\n<p>\n        \u201cLa reuni\u00f3n fue mal y nos preocupa\u201d, ha dicho sobre la comisi\u00f3n de seguimiento de la coalici\u00f3n que se celebr\u00f3 este mi\u00e9rcoles entre PSOE y Sumar. El encuentro lo pidi\u00f3 la coalici\u00f3n de D\u00edaz ante el estallido del esc\u00e1ndalo del ex n\u00famero tres socialista, que entr\u00f3 en prisi\u00f3n preventiva el pasado lunes ante su presunta vinculaci\u00f3n en una trama por mordidas y ama\u00f1os de contratos de obra p\u00fablica durante la etapa de Jos\u00e9 Luis \u00c1balos en el Ministerio de Transporte.\n    <\/p>\n<p>\n        D\u00edaz considera muy grave el caso y cree que el PSOE tiene que tomar medidas en dos sentidos, tal y como traslad\u00f3 el socio minoritario de la coalici\u00f3n esta semana tras la reuni\u00f3n: regeneraci\u00f3n democr\u00e1tica y activar la agenda social. \u201cEst\u00e1 en su mano el mantenimiento de la legislatura. Le hemos dicho a la ciudadan\u00eda que \u00edbamos a gobernar. Ha pasado un a\u00f1o y tres meses [desde los cinco d\u00edas de reflexi\u00f3n que se dio S\u00e1nchez] y ahora tenemos un caso de corrupci\u00f3n grav\u00edsimo. Lo que nos preocupa es el inmovilismo y la percepci\u00f3n que hay en el PSOE de que esto no es tan grave\u201d, ha avisado.\n    <\/p>\n<p>\n        \u201cNo queremos que gobierne el PP y Vox pero est\u00e1 en la mano del PSOE mantener el Gobierno\u201d, ha insistido D\u00edaz.\n    <\/p>\n<p>\n        En la reuni\u00f3n del mi\u00e9rcoles, Sumar traslad\u00f3 a sus interlocutores socialistas un documento con la bater\u00eda de medidas que ven necesarias para ese \u201creseteo\u201d de la legislatura que defienden. En \u00e9l incluyen, por ejemplo, el impulso de una ley integral contra la corrupci\u00f3n que garantice que tanto los corruptos como los corruptores \u201casumir\u00e1n los costes, directos e indirectos de sus acciones, perjuicios a terceros, costes judiciales y restituci\u00f3n de derechos lesionados\u201d y tambi\u00e9n una \u201cprohibici\u00f3n de 20 a\u00f1os para concurrir a concursos p\u00fablicos de contrataci\u00f3n de empresas condenadas por corrupci\u00f3n o sus directivos, en los \u00faltimos diez a\u00f1os\u201d.\n    <\/p>\n<p>\n        La coalici\u00f3n plurinacional defiende tambi\u00e9n la \u201campliaci\u00f3n de los tipos penales as\u00ed como homogeneizaci\u00f3n de las penas de corrupci\u00f3n establecidas en el C\u00f3digo Penal con otros delitos de la misma gravedad para corruptos y empresas corruptoras\u201d y el \u201cendurecimiento del delito de cohecho o soborno impropio\u201d as\u00ed como de las penas del delito fiscal. Piden asimismo \u201cextender la inhabilitaci\u00f3n para ocupar cargos p\u00fablicos a 30 a\u00f1os para los condenados por corrupci\u00f3n\u201d.\n    <\/p>\n<p>\n        Piden tambi\u00e9n \u201cmedidas de urgencia para evitar la gran revisi\u00f3n de contratos de alquiler y el aumento de los precios que acarrea el fin de los contratos firmados durante la pandemia. \u201dAnte la aguda crisis de vivienda que asola el pa\u00eds y la negaci\u00f3n de las CCAA del PP a topar los precios de los alquileres, es imprescindible prorrogar de forma obligatoria los contratos vigentes al menos tres a\u00f1os m\u00e1s para asegurar que las personas y familias que viven en estas viviendas no se queden en situaci\u00f3n de desamparo e impedir la gran subida de los alquileres que previsiblemente se producir\u00e1\u201c, reclama la coalici\u00f3n, que tambi\u00e9n traslada la necesidad de aprobar la regulaci\u00f3n de los alquileres de temporada que ya est\u00e1 en marcha en el Congreso.\n    <\/p>\n<\/div>\n","protected":false},"excerpt":{"rendered":"<p>\u201cLa preocupaci\u00f3n de Sumar no es el Comit\u00e9 Federal del PSOE sino su inmovilismo\u201d. As\u00ed ha respondido este viernes a los medios la vicepresidenta segunda del Gobierno, Yolanda D\u00edaz, que insiste desde hace varios d\u00edas en que la relaci\u00f3n con su socio de Gobierno est\u00e1 en un mal momento por la falta de reacci\u00f3n que<\/p>\n","protected":false},"author":1,"featured_media":246926,"comment_status":"open","ping_status":"open","sticky":false,"template":"","format":"standard","meta":{"footnotes":""},"categories":[71],"tags":[],"class_list":["post-246925","post","type-post","status-publish","format-standard","has-post-thumbnail","hentry","category-politics-es"],"acf":[],"yoast_head":"<!-- This site is optimized with the Yoast SEO plugin v22.9 - https:\/\/yoast.com\/wordpress\/plugins\/seo\/ -->\n<title>Yolanda D\u00edaz: \u201cEst\u00e1 en las manos del PSOE mantener la legislatura\u201d - vof-news.eu<\/title>\n<meta name=\"description\" content=\"\u201cLa preocupaci\u00f3n de Sumar no es el Comit\u00e9 Federal del PSOE sino su inmovilismo\u201d. As\u00ed ha respondido este viernes a los medios la vicepresidenta segunda del Gobierno, Yolanda D\u00edaz, que insiste desde hace varios d\u00edas en que la relaci\u00f3n con su socio de Gobierno est\u00e1 en un mal momento por la falta de reacci\u00f3n que notan ante el estallido por el esc\u00e1ndalo de Santos Cerd\u00e1n. \u201cEst\u00e1 en su mano el mantenimiento de la legislatura\u201d, ha advertido.\" \/>\n<meta name=\"robots\" content=\"noindex, follow, max-snippet:-1, max-image-preview:large, max-video-preview:-1\" \/>\n<meta property=\"og:locale\" content=\"es_ES\" \/>\n<meta property=\"og:type\" content=\"article\" \/>\n<meta property=\"og:title\" content=\"Yolanda D\u00edaz: \u201cEst\u00e1 en las manos del PSOE mantener la legislatura\u201d - vof-news.eu\" \/>\n<meta property=\"og:description\" content=\"\u201cLa preocupaci\u00f3n de Sumar no es el Comit\u00e9 Federal del PSOE sino su inmovilismo\u201d. As\u00ed ha respondido este viernes a los medios la vicepresidenta segunda del Gobierno, Yolanda D\u00edaz, que insiste desde hace varios d\u00edas en que la relaci\u00f3n con su socio de Gobierno est\u00e1 en un mal momento por la falta de reacci\u00f3n que notan ante el estallido por el esc\u00e1ndalo de Santos Cerd\u00e1n. \u201cEst\u00e1 en su mano el mantenimiento de la legislatura\u201d, ha advertido.\" \/>\n<meta property=\"og:url\" content=\"https:\/\/vof-news.eu\/es\/yolanda-diaz-esta-en-las-manos-del-psoe-mantener-la-legislatura\/\" \/>\n<meta property=\"og:site_name\" content=\"vof-news.eu\" \/>\n<meta property=\"article:published_time\" content=\"2025-07-04T10:17:06+00:00\" \/>\n<meta property=\"article:modified_time\" content=\"2025-07-04T10:17:21+00:00\" \/>\n<meta property=\"og:image\" content=\"https:\/\/vof-news.eu\/wp-content\/uploads\/2025\/07\/7d389f8c-312b-422c-97f0-d51045ca7b21_16-9-discover-aspect-ratio_default_0.jpg\" \/>\n\t<meta property=\"og:image:width\" content=\"1200\" \/>\n\t<meta property=\"og:image:height\" content=\"675\" \/>\n\t<meta property=\"og:image:type\" content=\"image\/jpeg\" \/>\n<meta name=\"author\" content=\"Author\" \/>\n<meta name=\"twitter:card\" content=\"summary_large_image\" \/>\n<meta name=\"twitter:label1\" content=\"Escrito por\" \/>\n\t<meta name=\"twitter:data1\" content=\"Author\" \/>\n\t<meta name=\"twitter:label2\" content=\"Tiempo de lectura\" \/>\n\t<meta name=\"twitter:data2\" content=\"4 minutos\" \/>\n<script type=\"application\/ld+json\" class=\"yoast-schema-graph\">{\"@context\":\"https:\/\/schema.org\",\"@graph\":[{\"@type\":\"WebPage\",\"@id\":\"https:\/\/vof-news.eu\/es\/yolanda-diaz-esta-en-las-manos-del-psoe-mantener-la-legislatura\/\",\"url\":\"https:\/\/vof-news.eu\/es\/yolanda-diaz-esta-en-las-manos-del-psoe-mantener-la-legislatura\/\",\"name\":\"Yolanda D\u00edaz: \u201cEst\u00e1 en las manos del PSOE mantener la legislatura\u201d - vof-news.eu\",\"isPartOf\":{\"@id\":\"https:\/\/vof-news.eu\/es\/#website\"},\"primaryImageOfPage\":{\"@id\":\"https:\/\/vof-news.eu\/es\/yolanda-diaz-esta-en-las-manos-del-psoe-mantener-la-legislatura\/#primaryimage\"},\"image\":{\"@id\":\"https:\/\/vof-news.eu\/es\/yolanda-diaz-esta-en-las-manos-del-psoe-mantener-la-legislatura\/#primaryimage\"},\"thumbnailUrl\":\"https:\/\/vof-news.eu\/wp-content\/uploads\/2025\/07\/7d389f8c-312b-422c-97f0-d51045ca7b21_16-9-discover-aspect-ratio_default_0.jpg\",\"datePublished\":\"2025-07-04T10:17:06+00:00\",\"dateModified\":\"2025-07-04T10:17:21+00:00\",\"author\":{\"@id\":\"https:\/\/vof-news.eu\/es\/#\/schema\/person\/f6a2a4309f0561835797fd8c19b333ed\"},\"description\":\"\u201cLa preocupaci\u00f3n de Sumar no es el Comit\u00e9 Federal del PSOE sino su inmovilismo\u201d. As\u00ed ha respondido este viernes a los medios la vicepresidenta segunda del Gobierno, Yolanda D\u00edaz, que insiste desde hace varios d\u00edas en que la relaci\u00f3n con su socio de Gobierno est\u00e1 en un mal momento por la falta de reacci\u00f3n que notan ante el estallido por el esc\u00e1ndalo de Santos Cerd\u00e1n. \u201cEst\u00e1 en su mano el mantenimiento de la legislatura\u201d, ha advertido.\",\"breadcrumb\":{\"@id\":\"https:\/\/vof-news.eu\/es\/yolanda-diaz-esta-en-las-manos-del-psoe-mantener-la-legislatura\/#breadcrumb\"},\"inLanguage\":\"es\",\"potentialAction\":[{\"@type\":\"ReadAction\",\"target\":[\"https:\/\/vof-news.eu\/es\/yolanda-diaz-esta-en-las-manos-del-psoe-mantener-la-legislatura\/\"]}]},{\"@type\":\"ImageObject\",\"inLanguage\":\"es\",\"@id\":\"https:\/\/vof-news.eu\/es\/yolanda-diaz-esta-en-las-manos-del-psoe-mantener-la-legislatura\/#primaryimage\",\"url\":\"https:\/\/vof-news.eu\/wp-content\/uploads\/2025\/07\/7d389f8c-312b-422c-97f0-d51045ca7b21_16-9-discover-aspect-ratio_default_0.jpg\",\"contentUrl\":\"https:\/\/vof-news.eu\/wp-content\/uploads\/2025\/07\/7d389f8c-312b-422c-97f0-d51045ca7b21_16-9-discover-aspect-ratio_default_0.jpg\",\"width\":1200,\"height\":675},{\"@type\":\"BreadcrumbList\",\"@id\":\"https:\/\/vof-news.eu\/es\/yolanda-diaz-esta-en-las-manos-del-psoe-mantener-la-legislatura\/#breadcrumb\",\"itemListElement\":[{\"@type\":\"ListItem\",\"position\":1,\"name\":\"Home\",\"item\":\"https:\/\/vof-news.eu\/es\/\"},{\"@type\":\"ListItem\",\"position\":2,\"name\":\"Yolanda D\u00edaz: \u201cEst\u00e1 en las manos del PSOE mantener la legislatura\u201d\"}]},{\"@type\":\"WebSite\",\"@id\":\"https:\/\/vof-news.eu\/es\/#website\",\"url\":\"https:\/\/vof-news.eu\/es\/\",\"name\":\"vof-news.eu\",\"description\":\"\",\"potentialAction\":[{\"@type\":\"SearchAction\",\"target\":{\"@type\":\"EntryPoint\",\"urlTemplate\":\"https:\/\/vof-news.eu\/es\/?s={search_term_string}\"},\"query-input\":\"required name=search_term_string\"}],\"inLanguage\":\"es\"},{\"@type\":\"Person\",\"@id\":\"https:\/\/vof-news.eu\/es\/#\/schema\/person\/f6a2a4309f0561835797fd8c19b333ed\",\"name\":\"Author\",\"image\":{\"@type\":\"ImageObject\",\"inLanguage\":\"es\",\"@id\":\"https:\/\/vof-news.eu\/es\/#\/schema\/person\/image\/\",\"url\":\"https:\/\/secure.gravatar.com\/avatar\/b67e614b1b25b3e9c0c239efdd2fde5ab015b5affd6f1c3c85911ca4b384e790?s=96&d=mm&r=g\",\"contentUrl\":\"https:\/\/secure.gravatar.com\/avatar\/b67e614b1b25b3e9c0c239efdd2fde5ab015b5affd6f1c3c85911ca4b384e790?s=96&d=mm&r=g\",\"caption\":\"Author\"},\"sameAs\":[\"http:\/\/vof-news.eu\"],\"url\":\"https:\/\/vof-news.eu\/es\/author\/zwt6qxnjulxbnyg\/\"}]}<\/script>\n<!-- \/ Yoast SEO plugin. -->","yoast_head_json":{"title":"Yolanda D\u00edaz: \u201cEst\u00e1 en las manos del PSOE mantener la legislatura\u201d - vof-news.eu","description":"\u201cLa preocupaci\u00f3n de Sumar no es el Comit\u00e9 Federal del PSOE sino su inmovilismo\u201d. As\u00ed ha respondido este viernes a los medios la vicepresidenta segunda del Gobierno, Yolanda D\u00edaz, que insiste desde hace varios d\u00edas en que la relaci\u00f3n con su socio de Gobierno est\u00e1 en un mal momento por la falta de reacci\u00f3n que notan ante el estallido por el esc\u00e1ndalo de Santos Cerd\u00e1n. \u201cEst\u00e1 en su mano el mantenimiento de la legislatura\u201d, ha advertido.","robots":{"index":"noindex","follow":"follow","max-snippet":"max-snippet:-1","max-image-preview":"max-image-preview:large","max-video-preview":"max-video-preview:-1"},"og_locale":"es_ES","og_type":"article","og_title":"Yolanda D\u00edaz: \u201cEst\u00e1 en las manos del PSOE mantener la legislatura\u201d - vof-news.eu","og_description":"\u201cLa preocupaci\u00f3n de Sumar no es el Comit\u00e9 Federal del PSOE sino su inmovilismo\u201d. As\u00ed ha respondido este viernes a los medios la vicepresidenta segunda del Gobierno, Yolanda D\u00edaz, que insiste desde hace varios d\u00edas en que la relaci\u00f3n con su socio de Gobierno est\u00e1 en un mal momento por la falta de reacci\u00f3n que notan ante el estallido por el esc\u00e1ndalo de Santos Cerd\u00e1n. \u201cEst\u00e1 en su mano el mantenimiento de la legislatura\u201d, ha advertido.","og_url":"https:\/\/vof-news.eu\/es\/yolanda-diaz-esta-en-las-manos-del-psoe-mantener-la-legislatura\/","og_site_name":"vof-news.eu","article_published_time":"2025-07-04T10:17:06+00:00","article_modified_time":"2025-07-04T10:17:21+00:00","og_image":[{"width":1200,"height":675,"url":"https:\/\/vof-news.eu\/wp-content\/uploads\/2025\/07\/7d389f8c-312b-422c-97f0-d51045ca7b21_16-9-discover-aspect-ratio_default_0.jpg","type":"image\/jpeg"}],"author":"Author","twitter_card":"summary_large_image","twitter_misc":{"Escrito por":"Author","Tiempo de lectura":"4 minutos"},"schema":{"@context":"https:\/\/schema.org","@graph":[{"@type":"WebPage","@id":"https:\/\/vof-news.eu\/es\/yolanda-diaz-esta-en-las-manos-del-psoe-mantener-la-legislatura\/","url":"https:\/\/vof-news.eu\/es\/yolanda-diaz-esta-en-las-manos-del-psoe-mantener-la-legislatura\/","name":"Yolanda D\u00edaz: \u201cEst\u00e1 en las manos del PSOE mantener la legislatura\u201d - vof-news.eu","isPartOf":{"@id":"https:\/\/vof-news.eu\/es\/#website"},"primaryImageOfPage":{"@id":"https:\/\/vof-news.eu\/es\/yolanda-diaz-esta-en-las-manos-del-psoe-mantener-la-legislatura\/#primaryimage"},"image":{"@id":"https:\/\/vof-news.eu\/es\/yolanda-diaz-esta-en-las-manos-del-psoe-mantener-la-legislatura\/#primaryimage"},"thumbnailUrl":"https:\/\/vof-news.eu\/wp-content\/uploads\/2025\/07\/7d389f8c-312b-422c-97f0-d51045ca7b21_16-9-discover-aspect-ratio_default_0.jpg","datePublished":"2025-07-04T10:17:06+00:00","dateModified":"2025-07-04T10:17:21+00:00","author":{"@id":"https:\/\/vof-news.eu\/es\/#\/schema\/person\/f6a2a4309f0561835797fd8c19b333ed"},"description":"\u201cLa preocupaci\u00f3n de Sumar no es el Comit\u00e9 Federal del PSOE sino su inmovilismo\u201d. As\u00ed ha respondido este viernes a los medios la vicepresidenta segunda del Gobierno, Yolanda D\u00edaz, que insiste desde hace varios d\u00edas en que la relaci\u00f3n con su socio de Gobierno est\u00e1 en un mal momento por la falta de reacci\u00f3n que notan ante el estallido por el esc\u00e1ndalo de Santos Cerd\u00e1n. \u201cEst\u00e1 en su mano el mantenimiento de la legislatura\u201d, ha advertido.","breadcrumb":{"@id":"https:\/\/vof-news.eu\/es\/yolanda-diaz-esta-en-las-manos-del-psoe-mantener-la-legislatura\/#breadcrumb"},"inLanguage":"es","potentialAction":[{"@type":"ReadAction","target":["https:\/\/vof-news.eu\/es\/yolanda-diaz-esta-en-las-manos-del-psoe-mantener-la-legislatura\/"]}]},{"@type":"ImageObject","inLanguage":"es","@id":"https:\/\/vof-news.eu\/es\/yolanda-diaz-esta-en-las-manos-del-psoe-mantener-la-legislatura\/#primaryimage","url":"https:\/\/vof-news.eu\/wp-content\/uploads\/2025\/07\/7d389f8c-312b-422c-97f0-d51045ca7b21_16-9-discover-aspect-ratio_default_0.jpg","contentUrl":"https:\/\/vof-news.eu\/wp-content\/uploads\/2025\/07\/7d389f8c-312b-422c-97f0-d51045ca7b21_16-9-discover-aspect-ratio_default_0.jpg","width":1200,"height":675},{"@type":"BreadcrumbList","@id":"https:\/\/vof-news.eu\/es\/yolanda-diaz-esta-en-las-manos-del-psoe-mantener-la-legislatura\/#breadcrumb","itemListElement":[{"@type":"ListItem","position":1,"name":"Home","item":"https:\/\/vof-news.eu\/es\/"},{"@type":"ListItem","position":2,"name":"Yolanda D\u00edaz: \u201cEst\u00e1 en las manos del PSOE mantener la legislatura\u201d"}]},{"@type":"WebSite","@id":"https:\/\/vof-news.eu\/es\/#website","url":"https:\/\/vof-news.eu\/es\/","name":"vof-news.eu","description":"","potentialAction":[{"@type":"SearchAction","target":{"@type":"EntryPoint","urlTemplate":"https:\/\/vof-news.eu\/es\/?s={search_term_string}"},"query-input":"required name=search_term_string"}],"inLanguage":"es"},{"@type":"Person","@id":"https:\/\/vof-news.eu\/es\/#\/schema\/person\/f6a2a4309f0561835797fd8c19b333ed","name":"Author","image":{"@type":"ImageObject","inLanguage":"es","@id":"https:\/\/vof-news.eu\/es\/#\/schema\/person\/image\/","url":"https:\/\/secure.gravatar.com\/avatar\/b67e614b1b25b3e9c0c239efdd2fde5ab015b5affd6f1c3c85911ca4b384e790?s=96&d=mm&r=g","contentUrl":"https:\/\/secure.gravatar.com\/avatar\/b67e614b1b25b3e9c0c239efdd2fde5ab015b5affd6f1c3c85911ca4b384e790?s=96&d=mm&r=g","caption":"Author"},"sameAs":["http:\/\/vof-news.eu"],"url":"https:\/\/vof-news.eu\/es\/author\/zwt6qxnjulxbnyg\/"}]}},"yoast_meta":{"yoast_wpseo_title":"","yoast_wpseo_metadesc":"","yoast_wpseo_canonical":""},"_links":{"self":[{"href":"https:\/\/vof-news.eu\/es\/wp-json\/wp\/v2\/posts\/246925","targetHints":{"allow":["GET"]}}],"collection":[{"href":"https:\/\/vof-news.eu\/es\/wp-json\/wp\/v2\/posts"}],"about":[{"href":"https:\/\/vof-news.eu\/es\/wp-json\/wp\/v2\/types\/post"}],"author":[{"embeddable":true,"href":"https:\/\/vof-news.eu\/es\/wp-json\/wp\/v2\/users\/1"}],"replies":[{"embeddable":true,"href":"https:\/\/vof-news.eu\/es\/wp-json\/wp\/v2\/comments?post=246925"}],"version-history":[{"count":1,"href":"https:\/\/vof-news.eu\/es\/wp-json\/wp\/v2\/posts\/246925\/revisions"}],"predecessor-version":[{"id":246932,"href":"https:\/\/vof-news.eu\/es\/wp-json\/wp\/v2\/posts\/246925\/revisions\/246932"}],"wp:featuredmedia":[{"embeddable":true,"href":"https:\/\/vof-news.eu\/es\/wp-json\/wp\/v2\/media\/246926"}],"wp:attachment":[{"href":"https:\/\/vof-news.eu\/es\/wp-json\/wp\/v2\/media?parent=246925"}],"wp:term":[{"taxonomy":"category","embeddable":true,"href":"https:\/\/vof-news.eu\/es\/wp-json\/wp\/v2\/categories?post=246925"},{"taxonomy":"post_tag","embeddable":true,"href":"https:\/\/vof-news.eu\/es\/wp-json\/wp\/v2\/tags?post=246925"}],"curies":[{"name":"wp","href":"https:\/\/api.w.org\/{rel}","templated":true}]}}