{"id":246855,"date":"2025-07-04T11:17:08","date_gmt":"2025-07-04T08:17:08","guid":{"rendered":"https:\/\/vof-news.eu\/sanchez-elige-a-la-valenciana-rebeca-torro-como-secretaria-de-organizacion-del-psoe\/"},"modified":"2025-07-04T11:17:23","modified_gmt":"2025-07-04T08:17:23","slug":"sanchez-elige-a-la-valenciana-rebeca-torro-como-secretaria-de-organizacion-del-psoe","status":"publish","type":"post","link":"https:\/\/vof-news.eu\/es\/sanchez-elige-a-la-valenciana-rebeca-torro-como-secretaria-de-organizacion-del-psoe\/","title":{"rendered":"S\u00e1nchez elige a la valenciana Rebeca Torr\u00f3 como secretaria de Organizaci\u00f3n del PSOE"},"content":{"rendered":"<div>\n<p>\n        Los cambios en el comit\u00e9 federal del PSOE empiezan a tomar forma. La c\u00fapula del principal partido de Gobierno afronta una remodelaci\u00f3n importante este fin de semana en pleno caso Koldo que ha impactado de lleno, con la entrada en prisi\u00f3n de quien fuera secretario de Organizaci\u00f3n hasta hace unas semanas. Releva en el puesto a Cerd\u00e1n, la secretaria de Estado de Industria, Rebeca Torr\u00f3.\n    <\/p>\n<p>\n        En los \u00faltimos d\u00edas hab\u00eda ganado enteros que fuera una mujer la que se hiciera cargo de la secretar\u00eda m\u00e1s importante dentro del organigrama del partido. La elegida ha sido Torr\u00f3, representante del PSPV. Antes de su llegada al Ministerio de Industria, hab\u00eda sido consejera durante los gobiernos de Ximo Puig en la Comunitat Valenciana. Conocedora de la fontaner\u00eda del partido, se le atribuyen adem\u00e1s dotes de comunicadora y conocimiento de la organizaci\u00f3n, si bien estar\u00e1 arropada con varios adjuntos.\n    <\/p>\n<p>\n        Licenciada en Derecho en 2004 por la universidad de Valencia y con un MBA, entre 2011 y 2019 fue portavoz del grupo municipal socialista y, despu\u00e9s,  portavoz en las Cortes Valencianas entre junio y diciembre de 2023, fecha en la que pas\u00f3 a desempe\u00f1ar la secretar\u00eda de Estado de Industria.\n    <\/p>\n<p>\n        Si bien, uno de los cambios es que se va a repartir el poder que ten\u00eda hasta ahora ese puesto en el partido. A Torr\u00f3 le acompa\u00f1ar\u00e1 un equipo de otras tres personas como adjuntos. Ser\u00e1 Anabel Mateos, responsable de la coordinaci\u00f3n territorial. Mateos es diputada por Almer\u00eda y ya estaba previamente en la Ejecutiva como responsable de la Pol\u00edtica Municipal. Por su parte, Francisco Salazar, que se encargar\u00e1 del an\u00e1lisis y la acci\u00f3n electoral; y Borja Cabez\u00f3n, que asume la transparencia y la acci\u00f3n democr\u00e1tica.\n    <\/p>\n<p>\n        Los relevos anunciados se unen las salida de Organizaci\u00f3n de la mano derecha de Cerd\u00e1n en el partido, Juanfran Serrano, que a\u00fan ha dudas sobre si permanecer\u00e1 o no en la estructura con otra responsabilidad Quien s\u00ed sale es el secretario provincial de Le\u00f3n, Javier Cend\u00f3n. Adem\u00e1s, seg\u00fan ha explicado el partido, se pretende cumplir con los estatutos evitando la duplicidad de cargos org\u00e1nicos. Eso afecta a perfiles como el de Esther Pe\u00f1a, que hasta ahora era la portavoz de la formaci\u00f3n y secretaria provincial de Burgos. El puzzle a\u00fan est\u00e1 abierto, seg\u00fan aseguran desde el entorno de S\u00e1nchez y las destituciones no se conocer\u00e1n hasta la ma\u00f1ana del s\u00e1bado.\n    <\/p>\n<\/div>\n","protected":false},"excerpt":{"rendered":"<p>Los cambios en el comit\u00e9 federal del PSOE empiezan a tomar forma. La c\u00fapula del principal partido de Gobierno afronta una remodelaci\u00f3n importante este fin de semana en pleno caso Koldo que ha impactado de lleno, con la entrada en prisi\u00f3n de quien fuera secretario de Organizaci\u00f3n hasta hace unas semanas. Releva en el puesto<\/p>\n","protected":false},"author":1,"featured_media":246856,"comment_status":"open","ping_status":"open","sticky":false,"template":"","format":"standard","meta":{"footnotes":""},"categories":[71],"tags":[],"class_list":["post-246855","post","type-post","status-publish","format-standard","has-post-thumbnail","hentry","category-politics-es"],"acf":[],"yoast_head":"<!-- This site is optimized with the Yoast SEO plugin v22.9 - https:\/\/yoast.com\/wordpress\/plugins\/seo\/ -->\n<title>S\u00e1nchez elige a la valenciana Rebeca Torr\u00f3 como secretaria de Organizaci\u00f3n del PSOE - vof-news.eu<\/title>\n<meta name=\"description\" content=\"Los cambios en el comit\u00e9 federal del PSOE empiezan a tomar forma. La c\u00fapula del principal partido de Gobierno afronta una remodelaci\u00f3n importante este fin de semana en pleno caso Koldo que ha impactado de lleno, con la entrada en prisi\u00f3n de quien fuera secretario de Organizaci\u00f3n hasta hace unas semanas. Releva en el puesto a Cerd\u00e1n, la secretaria de Estado de Industria, Rebeca Torr\u00f3.\" \/>\n<meta name=\"robots\" content=\"noindex, follow, max-snippet:-1, max-image-preview:large, max-video-preview:-1\" \/>\n<meta property=\"og:locale\" content=\"es_ES\" \/>\n<meta property=\"og:type\" content=\"article\" \/>\n<meta property=\"og:title\" content=\"S\u00e1nchez elige a la valenciana Rebeca Torr\u00f3 como secretaria de Organizaci\u00f3n del PSOE - vof-news.eu\" \/>\n<meta property=\"og:description\" content=\"Los cambios en el comit\u00e9 federal del PSOE empiezan a tomar forma. La c\u00fapula del principal partido de Gobierno afronta una remodelaci\u00f3n importante este fin de semana en pleno caso Koldo que ha impactado de lleno, con la entrada en prisi\u00f3n de quien fuera secretario de Organizaci\u00f3n hasta hace unas semanas. Releva en el puesto a Cerd\u00e1n, la secretaria de Estado de Industria, Rebeca Torr\u00f3.\" \/>\n<meta property=\"og:url\" content=\"https:\/\/vof-news.eu\/es\/sanchez-elige-a-la-valenciana-rebeca-torro-como-secretaria-de-organizacion-del-psoe\/\" \/>\n<meta property=\"og:site_name\" content=\"vof-news.eu\" \/>\n<meta property=\"article:published_time\" content=\"2025-07-04T08:17:08+00:00\" \/>\n<meta property=\"article:modified_time\" content=\"2025-07-04T08:17:23+00:00\" \/>\n<meta property=\"og:image\" content=\"https:\/\/vof-news.eu\/wp-content\/uploads\/2025\/07\/c5f84a20-6944-4c41-948b-8777dea3cda6_16-9-discover-aspect-ratio_default_0_x1977y903.jpg\" \/>\n\t<meta property=\"og:image:width\" content=\"1200\" \/>\n\t<meta property=\"og:image:height\" content=\"675\" \/>\n\t<meta property=\"og:image:type\" content=\"image\/jpeg\" \/>\n<meta name=\"author\" content=\"Author\" \/>\n<meta name=\"twitter:card\" content=\"summary_large_image\" \/>\n<meta name=\"twitter:label1\" content=\"Escrito por\" \/>\n\t<meta name=\"twitter:data1\" content=\"Author\" \/>\n\t<meta name=\"twitter:label2\" content=\"Tiempo de lectura\" \/>\n\t<meta name=\"twitter:data2\" content=\"2 minutos\" \/>\n<script type=\"application\/ld+json\" class=\"yoast-schema-graph\">{\"@context\":\"https:\/\/schema.org\",\"@graph\":[{\"@type\":\"WebPage\",\"@id\":\"https:\/\/vof-news.eu\/es\/sanchez-elige-a-la-valenciana-rebeca-torro-como-secretaria-de-organizacion-del-psoe\/\",\"url\":\"https:\/\/vof-news.eu\/es\/sanchez-elige-a-la-valenciana-rebeca-torro-como-secretaria-de-organizacion-del-psoe\/\",\"name\":\"S\u00e1nchez elige a la valenciana Rebeca Torr\u00f3 como secretaria de Organizaci\u00f3n del PSOE - vof-news.eu\",\"isPartOf\":{\"@id\":\"https:\/\/vof-news.eu\/es\/#website\"},\"primaryImageOfPage\":{\"@id\":\"https:\/\/vof-news.eu\/es\/sanchez-elige-a-la-valenciana-rebeca-torro-como-secretaria-de-organizacion-del-psoe\/#primaryimage\"},\"image\":{\"@id\":\"https:\/\/vof-news.eu\/es\/sanchez-elige-a-la-valenciana-rebeca-torro-como-secretaria-de-organizacion-del-psoe\/#primaryimage\"},\"thumbnailUrl\":\"https:\/\/vof-news.eu\/wp-content\/uploads\/2025\/07\/c5f84a20-6944-4c41-948b-8777dea3cda6_16-9-discover-aspect-ratio_default_0_x1977y903.jpg\",\"datePublished\":\"2025-07-04T08:17:08+00:00\",\"dateModified\":\"2025-07-04T08:17:23+00:00\",\"author\":{\"@id\":\"https:\/\/vof-news.eu\/es\/#\/schema\/person\/f6a2a4309f0561835797fd8c19b333ed\"},\"description\":\"Los cambios en el comit\u00e9 federal del PSOE empiezan a tomar forma. La c\u00fapula del principal partido de Gobierno afronta una remodelaci\u00f3n importante este fin de semana en pleno caso Koldo que ha impactado de lleno, con la entrada en prisi\u00f3n de quien fuera secretario de Organizaci\u00f3n hasta hace unas semanas. Releva en el puesto a Cerd\u00e1n, la secretaria de Estado de Industria, Rebeca Torr\u00f3.\",\"breadcrumb\":{\"@id\":\"https:\/\/vof-news.eu\/es\/sanchez-elige-a-la-valenciana-rebeca-torro-como-secretaria-de-organizacion-del-psoe\/#breadcrumb\"},\"inLanguage\":\"es\",\"potentialAction\":[{\"@type\":\"ReadAction\",\"target\":[\"https:\/\/vof-news.eu\/es\/sanchez-elige-a-la-valenciana-rebeca-torro-como-secretaria-de-organizacion-del-psoe\/\"]}]},{\"@type\":\"ImageObject\",\"inLanguage\":\"es\",\"@id\":\"https:\/\/vof-news.eu\/es\/sanchez-elige-a-la-valenciana-rebeca-torro-como-secretaria-de-organizacion-del-psoe\/#primaryimage\",\"url\":\"https:\/\/vof-news.eu\/wp-content\/uploads\/2025\/07\/c5f84a20-6944-4c41-948b-8777dea3cda6_16-9-discover-aspect-ratio_default_0_x1977y903.jpg\",\"contentUrl\":\"https:\/\/vof-news.eu\/wp-content\/uploads\/2025\/07\/c5f84a20-6944-4c41-948b-8777dea3cda6_16-9-discover-aspect-ratio_default_0_x1977y903.jpg\",\"width\":1200,\"height\":675},{\"@type\":\"BreadcrumbList\",\"@id\":\"https:\/\/vof-news.eu\/es\/sanchez-elige-a-la-valenciana-rebeca-torro-como-secretaria-de-organizacion-del-psoe\/#breadcrumb\",\"itemListElement\":[{\"@type\":\"ListItem\",\"position\":1,\"name\":\"Home\",\"item\":\"https:\/\/vof-news.eu\/es\/\"},{\"@type\":\"ListItem\",\"position\":2,\"name\":\"S\u00e1nchez elige a la valenciana Rebeca Torr\u00f3 como secretaria de Organizaci\u00f3n del PSOE\"}]},{\"@type\":\"WebSite\",\"@id\":\"https:\/\/vof-news.eu\/es\/#website\",\"url\":\"https:\/\/vof-news.eu\/es\/\",\"name\":\"vof-news.eu\",\"description\":\"\",\"potentialAction\":[{\"@type\":\"SearchAction\",\"target\":{\"@type\":\"EntryPoint\",\"urlTemplate\":\"https:\/\/vof-news.eu\/es\/?s={search_term_string}\"},\"query-input\":\"required name=search_term_string\"}],\"inLanguage\":\"es\"},{\"@type\":\"Person\",\"@id\":\"https:\/\/vof-news.eu\/es\/#\/schema\/person\/f6a2a4309f0561835797fd8c19b333ed\",\"name\":\"Author\",\"image\":{\"@type\":\"ImageObject\",\"inLanguage\":\"es\",\"@id\":\"https:\/\/vof-news.eu\/es\/#\/schema\/person\/image\/\",\"url\":\"https:\/\/secure.gravatar.com\/avatar\/b67e614b1b25b3e9c0c239efdd2fde5ab015b5affd6f1c3c85911ca4b384e790?s=96&d=mm&r=g\",\"contentUrl\":\"https:\/\/secure.gravatar.com\/avatar\/b67e614b1b25b3e9c0c239efdd2fde5ab015b5affd6f1c3c85911ca4b384e790?s=96&d=mm&r=g\",\"caption\":\"Author\"},\"sameAs\":[\"http:\/\/vof-news.eu\"],\"url\":\"https:\/\/vof-news.eu\/es\/author\/zwt6qxnjulxbnyg\/\"}]}<\/script>\n<!-- \/ Yoast SEO plugin. -->","yoast_head_json":{"title":"S\u00e1nchez elige a la valenciana Rebeca Torr\u00f3 como secretaria de Organizaci\u00f3n del PSOE - vof-news.eu","description":"Los cambios en el comit\u00e9 federal del PSOE empiezan a tomar forma. La c\u00fapula del principal partido de Gobierno afronta una remodelaci\u00f3n importante este fin de semana en pleno caso Koldo que ha impactado de lleno, con la entrada en prisi\u00f3n de quien fuera secretario de Organizaci\u00f3n hasta hace unas semanas. Releva en el puesto a Cerd\u00e1n, la secretaria de Estado de Industria, Rebeca Torr\u00f3.","robots":{"index":"noindex","follow":"follow","max-snippet":"max-snippet:-1","max-image-preview":"max-image-preview:large","max-video-preview":"max-video-preview:-1"},"og_locale":"es_ES","og_type":"article","og_title":"S\u00e1nchez elige a la valenciana Rebeca Torr\u00f3 como secretaria de Organizaci\u00f3n del PSOE - vof-news.eu","og_description":"Los cambios en el comit\u00e9 federal del PSOE empiezan a tomar forma. La c\u00fapula del principal partido de Gobierno afronta una remodelaci\u00f3n importante este fin de semana en pleno caso Koldo que ha impactado de lleno, con la entrada en prisi\u00f3n de quien fuera secretario de Organizaci\u00f3n hasta hace unas semanas. Releva en el puesto a Cerd\u00e1n, la secretaria de Estado de Industria, Rebeca Torr\u00f3.","og_url":"https:\/\/vof-news.eu\/es\/sanchez-elige-a-la-valenciana-rebeca-torro-como-secretaria-de-organizacion-del-psoe\/","og_site_name":"vof-news.eu","article_published_time":"2025-07-04T08:17:08+00:00","article_modified_time":"2025-07-04T08:17:23+00:00","og_image":[{"width":1200,"height":675,"url":"https:\/\/vof-news.eu\/wp-content\/uploads\/2025\/07\/c5f84a20-6944-4c41-948b-8777dea3cda6_16-9-discover-aspect-ratio_default_0_x1977y903.jpg","type":"image\/jpeg"}],"author":"Author","twitter_card":"summary_large_image","twitter_misc":{"Escrito por":"Author","Tiempo de lectura":"2 minutos"},"schema":{"@context":"https:\/\/schema.org","@graph":[{"@type":"WebPage","@id":"https:\/\/vof-news.eu\/es\/sanchez-elige-a-la-valenciana-rebeca-torro-como-secretaria-de-organizacion-del-psoe\/","url":"https:\/\/vof-news.eu\/es\/sanchez-elige-a-la-valenciana-rebeca-torro-como-secretaria-de-organizacion-del-psoe\/","name":"S\u00e1nchez elige a la valenciana Rebeca Torr\u00f3 como secretaria de Organizaci\u00f3n del PSOE - vof-news.eu","isPartOf":{"@id":"https:\/\/vof-news.eu\/es\/#website"},"primaryImageOfPage":{"@id":"https:\/\/vof-news.eu\/es\/sanchez-elige-a-la-valenciana-rebeca-torro-como-secretaria-de-organizacion-del-psoe\/#primaryimage"},"image":{"@id":"https:\/\/vof-news.eu\/es\/sanchez-elige-a-la-valenciana-rebeca-torro-como-secretaria-de-organizacion-del-psoe\/#primaryimage"},"thumbnailUrl":"https:\/\/vof-news.eu\/wp-content\/uploads\/2025\/07\/c5f84a20-6944-4c41-948b-8777dea3cda6_16-9-discover-aspect-ratio_default_0_x1977y903.jpg","datePublished":"2025-07-04T08:17:08+00:00","dateModified":"2025-07-04T08:17:23+00:00","author":{"@id":"https:\/\/vof-news.eu\/es\/#\/schema\/person\/f6a2a4309f0561835797fd8c19b333ed"},"description":"Los cambios en el comit\u00e9 federal del PSOE empiezan a tomar forma. La c\u00fapula del principal partido de Gobierno afronta una remodelaci\u00f3n importante este fin de semana en pleno caso Koldo que ha impactado de lleno, con la entrada en prisi\u00f3n de quien fuera secretario de Organizaci\u00f3n hasta hace unas semanas. Releva en el puesto a Cerd\u00e1n, la secretaria de Estado de Industria, Rebeca Torr\u00f3.","breadcrumb":{"@id":"https:\/\/vof-news.eu\/es\/sanchez-elige-a-la-valenciana-rebeca-torro-como-secretaria-de-organizacion-del-psoe\/#breadcrumb"},"inLanguage":"es","potentialAction":[{"@type":"ReadAction","target":["https:\/\/vof-news.eu\/es\/sanchez-elige-a-la-valenciana-rebeca-torro-como-secretaria-de-organizacion-del-psoe\/"]}]},{"@type":"ImageObject","inLanguage":"es","@id":"https:\/\/vof-news.eu\/es\/sanchez-elige-a-la-valenciana-rebeca-torro-como-secretaria-de-organizacion-del-psoe\/#primaryimage","url":"https:\/\/vof-news.eu\/wp-content\/uploads\/2025\/07\/c5f84a20-6944-4c41-948b-8777dea3cda6_16-9-discover-aspect-ratio_default_0_x1977y903.jpg","contentUrl":"https:\/\/vof-news.eu\/wp-content\/uploads\/2025\/07\/c5f84a20-6944-4c41-948b-8777dea3cda6_16-9-discover-aspect-ratio_default_0_x1977y903.jpg","width":1200,"height":675},{"@type":"BreadcrumbList","@id":"https:\/\/vof-news.eu\/es\/sanchez-elige-a-la-valenciana-rebeca-torro-como-secretaria-de-organizacion-del-psoe\/#breadcrumb","itemListElement":[{"@type":"ListItem","position":1,"name":"Home","item":"https:\/\/vof-news.eu\/es\/"},{"@type":"ListItem","position":2,"name":"S\u00e1nchez elige a la valenciana Rebeca Torr\u00f3 como secretaria de Organizaci\u00f3n del PSOE"}]},{"@type":"WebSite","@id":"https:\/\/vof-news.eu\/es\/#website","url":"https:\/\/vof-news.eu\/es\/","name":"vof-news.eu","description":"","potentialAction":[{"@type":"SearchAction","target":{"@type":"EntryPoint","urlTemplate":"https:\/\/vof-news.eu\/es\/?s={search_term_string}"},"query-input":"required name=search_term_string"}],"inLanguage":"es"},{"@type":"Person","@id":"https:\/\/vof-news.eu\/es\/#\/schema\/person\/f6a2a4309f0561835797fd8c19b333ed","name":"Author","image":{"@type":"ImageObject","inLanguage":"es","@id":"https:\/\/vof-news.eu\/es\/#\/schema\/person\/image\/","url":"https:\/\/secure.gravatar.com\/avatar\/b67e614b1b25b3e9c0c239efdd2fde5ab015b5affd6f1c3c85911ca4b384e790?s=96&d=mm&r=g","contentUrl":"https:\/\/secure.gravatar.com\/avatar\/b67e614b1b25b3e9c0c239efdd2fde5ab015b5affd6f1c3c85911ca4b384e790?s=96&d=mm&r=g","caption":"Author"},"sameAs":["http:\/\/vof-news.eu"],"url":"https:\/\/vof-news.eu\/es\/author\/zwt6qxnjulxbnyg\/"}]}},"yoast_meta":{"yoast_wpseo_title":"","yoast_wpseo_metadesc":"","yoast_wpseo_canonical":""},"_links":{"self":[{"href":"https:\/\/vof-news.eu\/es\/wp-json\/wp\/v2\/posts\/246855","targetHints":{"allow":["GET"]}}],"collection":[{"href":"https:\/\/vof-news.eu\/es\/wp-json\/wp\/v2\/posts"}],"about":[{"href":"https:\/\/vof-news.eu\/es\/wp-json\/wp\/v2\/types\/post"}],"author":[{"embeddable":true,"href":"https:\/\/vof-news.eu\/es\/wp-json\/wp\/v2\/users\/1"}],"replies":[{"embeddable":true,"href":"https:\/\/vof-news.eu\/es\/wp-json\/wp\/v2\/comments?post=246855"}],"version-history":[{"count":1,"href":"https:\/\/vof-news.eu\/es\/wp-json\/wp\/v2\/posts\/246855\/revisions"}],"predecessor-version":[{"id":246862,"href":"https:\/\/vof-news.eu\/es\/wp-json\/wp\/v2\/posts\/246855\/revisions\/246862"}],"wp:featuredmedia":[{"embeddable":true,"href":"https:\/\/vof-news.eu\/es\/wp-json\/wp\/v2\/media\/246856"}],"wp:attachment":[{"href":"https:\/\/vof-news.eu\/es\/wp-json\/wp\/v2\/media?parent=246855"}],"wp:term":[{"taxonomy":"category","embeddable":true,"href":"https:\/\/vof-news.eu\/es\/wp-json\/wp\/v2\/categories?post=246855"},{"taxonomy":"post_tag","embeddable":true,"href":"https:\/\/vof-news.eu\/es\/wp-json\/wp\/v2\/tags?post=246855"}],"curies":[{"name":"wp","href":"https:\/\/api.w.org\/{rel}","templated":true}]}}