{"id":246743,"date":"2025-07-04T07:19:32","date_gmt":"2025-07-04T04:19:32","guid":{"rendered":"https:\/\/vof-news.eu\/consumo-sanciona-a-siete-empresas-por-falsear-las-rebajas-del-black-friday\/"},"modified":"2025-07-04T07:20:00","modified_gmt":"2025-07-04T04:20:00","slug":"consumo-sanciona-a-siete-empresas-por-falsear-las-rebajas-del-black-friday","status":"publish","type":"post","link":"https:\/\/vof-news.eu\/es\/consumo-sanciona-a-siete-empresas-por-falsear-las-rebajas-del-black-friday\/","title":{"rendered":"Consumo sanciona a siete empresas por falsear las rebajas del Black Friday"},"content":{"rendered":"<div>\n<p>\n        Nueva <a href=\"https:\/\/www.eldiario.es\/economia\/consumo-sanciona-operadores-comercio-electronico-falsas-rebajas-durante-black-friday_1_11496002.html\" rel=\"nofollow\">sanci\u00f3n por falsear los descuentos del Black Friday<\/a>. El Ministerio de Derechos Sociales, Consumo y Agenda 2030 ha multado a siete empresas por falsear las rebajas de finales de noviembre. Tres de esas empresas han admitido las pr\u00e1cticas irregulares, seg\u00fan indican fuentes del Ministerio que encabeza Pablo Bustinduy. Sin embargo, no desvela el nombre de las empresas sancionadas.\n    <\/p>\n<p>\n        Las pr\u00e1cticas irregulares son sencillas y corresponden a 2023. Las compa\u00f1\u00edas subieron el precio de diversos productos unos d\u00edas antes del Black Friday y los barajon a su precio original durante ese per\u00edodo de rebajas. Es decir, los descuentos nunca existieron. \u201cEstas pr\u00e1cticas suponen un incumplimiento del art\u00edculo 20 de la Ley de Ordenaci\u00f3n del Comercio Minorista, ya que esta norma estipula que, a la hora de mostrar el descuento de un producto, se debe indicar como precio de referencia el menor precio que haya tenido ese producto en los 30 d\u00edas anteriores al descuento\u201d, indica el Ministerio de Consumo.\n    <\/p>\n<p>\n        De esta forma, \u201clas falsas rebajas\u201d supusieron \u201cun enga\u00f1o directo para las personas consumidoras, ya que incumplen lo que dice la ley en relaci\u00f3n con el porcentaje de oferta aplicado\u201d.\n    <\/p>\n<p>\n        En una <a href=\"https:\/\/www.eldiario.es\/economia\/pablo-bustinduy-hay-grandes-empresas-han-acostumbrado-dictan-reglas-mercado_128_11850473.html\" rel=\"nofollow\">entrevista con elDiario.es, Bustinduy ya adelant\u00f3 que Consumo iba a seguir vigilando los falsos descuentos<\/a>. \u201cHemos emitido una nueva circular informativa advirtiendo de que el Ministerio de Consumo est\u00e1 monitorizando los precios en las grandes plataformas de comercio electr\u00f3nico\u201d, se\u00f1al\u00f3. \u201cEl a\u00f1o pasado impusimos, despu\u00e9s del Black Friday, dos sanciones por pr\u00e1cticas de falsas rebajas generalizadas. Hay plataformas de comercio electr\u00f3nico que suben artificialmente el precio de un producto antes de que vengan las rebajas para, a continuaci\u00f3n, bajarlo al precio original y venderlo como una rebaja. Cualquier plataforma que incurra en estas pr\u00e1cticas ilegales y abusivas va a ser duramente sancionada\u201d.\n    <\/p>\n<h2>Multas de 350.000 euros<\/h2>\n<p>\n        Las sanciones impuestas por Consumo conllevan \u201cinfracciones graves\u201d, lo que deriva en \u201cmultas que se han elevado hasta casi 350.000 euros (en concreto, 348.000 euros) y la prohibici\u00f3n volver a realizar ese mismo tipo de actuaciones.\n    <\/p>\n<p>\n        De las siete empresas sancionadas, tres han admitido haber realizado estas pr\u00e1cticas enga\u00f1osas y han decidido no recurrir, por lo que han abonado las multas en el denominado \u201cpronto pago\u201d. Sin embargo, las cuatro empresas restantes \u201cno han admitido la culpa, lo que ha supuesto que sus sanciones sean m\u00e1s elevadas\u201d, indica el Ministerio.\n    <\/p>\n<p>\n        Adem\u00e1s, la Direcci\u00f3n General de Consumo ha concluido un octavo expediente por la llamada \u201cTerminaci\u00f3n Convencional\u201d, lo que supone la asunci\u00f3n por parte de la empresa de una serie de compromisos encaminados a modificar sus conductas en aras de respetar la normativa vigente.\n    <\/p>\n<p>\n        \u201cPara llevar a cabo estos expedientes sancionadores, la Direcci\u00f3n General de Consumo monitore\u00f3 cientos de precios durante el Black Friday al que se corresponden estas multas, el del a\u00f1o 2023, utilizando la herramienta &#8216;Price redution tool\u201d, explica el Ministerio. \u201cEsta herramienta ha sido desarrollada por la Comisi\u00f3n Europea y permite monitorizar en tiempo real si las ofertas realizadas en \u00e9pocas de elevado consumo cumplen con la normativa sobre indicaci\u00f3n de precios\u201d.\n    <\/p>\n<p>\n        Un an\u00e1lisis que contin\u00faa en marcha, tambi\u00e9n de cara a las rebajas de verano. \u201cActualmente, desde Consumo se mantiene abierta una investigaci\u00f3n sobre posibles falsas rebajas en venta online durante el Black Friday de 2024 que podr\u00eda derivar en la apertura de nuevos expedientes sancionadores\u201d, concluye.\n    <\/p>\n<\/div>\n","protected":false},"excerpt":{"rendered":"<p>Nueva sanci\u00f3n por falsear los descuentos del Black Friday. El Ministerio de Derechos Sociales, Consumo y Agenda 2030 ha multado a siete empresas por falsear las rebajas de finales de noviembre. Tres de esas empresas han admitido las pr\u00e1cticas irregulares, seg\u00fan indican fuentes del Ministerio que encabeza Pablo Bustinduy. Sin embargo, no desvela el nombre<\/p>\n","protected":false},"author":1,"featured_media":246744,"comment_status":"open","ping_status":"open","sticky":false,"template":"","format":"standard","meta":{"footnotes":""},"categories":[61],"tags":[],"class_list":["post-246743","post","type-post","status-publish","format-standard","has-post-thumbnail","hentry","category-business-es"],"acf":[],"yoast_head":"<!-- This site is optimized with the Yoast SEO plugin v22.9 - https:\/\/yoast.com\/wordpress\/plugins\/seo\/ -->\n<title>Consumo sanciona a siete empresas por falsear las rebajas del Black Friday - vof-news.eu<\/title>\n<meta name=\"description\" content=\"Nueva sanci\u00f3n por falsear los descuentos del Black Friday. El Ministerio de Derechos Sociales, Consumo y Agenda 2030 ha multado a siete empresas por falsear las rebajas de finales de noviembre. Tres de esas empresas han admitido las pr\u00e1cticas irregulares, seg\u00fan indican fuentes del Ministerio que encabeza Pablo Bustinduy. Sin embargo, no desvela el nombre de las empresas sancionadas.\" \/>\n<meta name=\"robots\" content=\"noindex, follow, max-snippet:-1, max-image-preview:large, max-video-preview:-1\" \/>\n<meta property=\"og:locale\" content=\"es_ES\" \/>\n<meta property=\"og:type\" content=\"article\" \/>\n<meta property=\"og:title\" content=\"Consumo sanciona a siete empresas por falsear las rebajas del Black Friday - vof-news.eu\" \/>\n<meta property=\"og:description\" content=\"Nueva sanci\u00f3n por falsear los descuentos del Black Friday. El Ministerio de Derechos Sociales, Consumo y Agenda 2030 ha multado a siete empresas por falsear las rebajas de finales de noviembre. Tres de esas empresas han admitido las pr\u00e1cticas irregulares, seg\u00fan indican fuentes del Ministerio que encabeza Pablo Bustinduy. Sin embargo, no desvela el nombre de las empresas sancionadas.\" \/>\n<meta property=\"og:url\" content=\"https:\/\/vof-news.eu\/es\/consumo-sanciona-a-siete-empresas-por-falsear-las-rebajas-del-black-friday\/\" \/>\n<meta property=\"og:site_name\" content=\"vof-news.eu\" \/>\n<meta property=\"article:published_time\" content=\"2025-07-04T04:19:32+00:00\" \/>\n<meta property=\"article:modified_time\" content=\"2025-07-04T04:20:00+00:00\" \/>\n<meta property=\"og:image\" content=\"https:\/\/vof-news.eu\/wp-content\/uploads\/2025\/07\/7a8326e9-129d-4376-bd4f-f6f85c26b2ca_16-9-discover-aspect-ratio_default_0.jpg\" \/>\n\t<meta property=\"og:image:width\" content=\"1200\" \/>\n\t<meta property=\"og:image:height\" content=\"675\" \/>\n\t<meta property=\"og:image:type\" content=\"image\/jpeg\" \/>\n<meta name=\"author\" content=\"Author\" \/>\n<meta name=\"twitter:card\" content=\"summary_large_image\" \/>\n<meta name=\"twitter:label1\" content=\"Escrito por\" \/>\n\t<meta name=\"twitter:data1\" content=\"Author\" \/>\n\t<meta name=\"twitter:label2\" content=\"Tiempo de lectura\" \/>\n\t<meta name=\"twitter:data2\" content=\"3 minutos\" \/>\n<script type=\"application\/ld+json\" class=\"yoast-schema-graph\">{\"@context\":\"https:\/\/schema.org\",\"@graph\":[{\"@type\":\"WebPage\",\"@id\":\"https:\/\/vof-news.eu\/es\/consumo-sanciona-a-siete-empresas-por-falsear-las-rebajas-del-black-friday\/\",\"url\":\"https:\/\/vof-news.eu\/es\/consumo-sanciona-a-siete-empresas-por-falsear-las-rebajas-del-black-friday\/\",\"name\":\"Consumo sanciona a siete empresas por falsear las rebajas del Black Friday - vof-news.eu\",\"isPartOf\":{\"@id\":\"https:\/\/vof-news.eu\/es\/#website\"},\"primaryImageOfPage\":{\"@id\":\"https:\/\/vof-news.eu\/es\/consumo-sanciona-a-siete-empresas-por-falsear-las-rebajas-del-black-friday\/#primaryimage\"},\"image\":{\"@id\":\"https:\/\/vof-news.eu\/es\/consumo-sanciona-a-siete-empresas-por-falsear-las-rebajas-del-black-friday\/#primaryimage\"},\"thumbnailUrl\":\"https:\/\/vof-news.eu\/wp-content\/uploads\/2025\/07\/7a8326e9-129d-4376-bd4f-f6f85c26b2ca_16-9-discover-aspect-ratio_default_0.jpg\",\"datePublished\":\"2025-07-04T04:19:32+00:00\",\"dateModified\":\"2025-07-04T04:20:00+00:00\",\"author\":{\"@id\":\"https:\/\/vof-news.eu\/es\/#\/schema\/person\/f6a2a4309f0561835797fd8c19b333ed\"},\"description\":\"Nueva sanci\u00f3n por falsear los descuentos del Black Friday. El Ministerio de Derechos Sociales, Consumo y Agenda 2030 ha multado a siete empresas por falsear las rebajas de finales de noviembre. Tres de esas empresas han admitido las pr\u00e1cticas irregulares, seg\u00fan indican fuentes del Ministerio que encabeza Pablo Bustinduy. Sin embargo, no desvela el nombre de las empresas sancionadas.\",\"breadcrumb\":{\"@id\":\"https:\/\/vof-news.eu\/es\/consumo-sanciona-a-siete-empresas-por-falsear-las-rebajas-del-black-friday\/#breadcrumb\"},\"inLanguage\":\"es\",\"potentialAction\":[{\"@type\":\"ReadAction\",\"target\":[\"https:\/\/vof-news.eu\/es\/consumo-sanciona-a-siete-empresas-por-falsear-las-rebajas-del-black-friday\/\"]}]},{\"@type\":\"ImageObject\",\"inLanguage\":\"es\",\"@id\":\"https:\/\/vof-news.eu\/es\/consumo-sanciona-a-siete-empresas-por-falsear-las-rebajas-del-black-friday\/#primaryimage\",\"url\":\"https:\/\/vof-news.eu\/wp-content\/uploads\/2025\/07\/7a8326e9-129d-4376-bd4f-f6f85c26b2ca_16-9-discover-aspect-ratio_default_0.jpg\",\"contentUrl\":\"https:\/\/vof-news.eu\/wp-content\/uploads\/2025\/07\/7a8326e9-129d-4376-bd4f-f6f85c26b2ca_16-9-discover-aspect-ratio_default_0.jpg\",\"width\":1200,\"height\":675},{\"@type\":\"BreadcrumbList\",\"@id\":\"https:\/\/vof-news.eu\/es\/consumo-sanciona-a-siete-empresas-por-falsear-las-rebajas-del-black-friday\/#breadcrumb\",\"itemListElement\":[{\"@type\":\"ListItem\",\"position\":1,\"name\":\"Home\",\"item\":\"https:\/\/vof-news.eu\/es\/\"},{\"@type\":\"ListItem\",\"position\":2,\"name\":\"Consumo sanciona a siete empresas por falsear las rebajas del Black Friday\"}]},{\"@type\":\"WebSite\",\"@id\":\"https:\/\/vof-news.eu\/es\/#website\",\"url\":\"https:\/\/vof-news.eu\/es\/\",\"name\":\"vof-news.eu\",\"description\":\"\",\"potentialAction\":[{\"@type\":\"SearchAction\",\"target\":{\"@type\":\"EntryPoint\",\"urlTemplate\":\"https:\/\/vof-news.eu\/es\/?s={search_term_string}\"},\"query-input\":\"required name=search_term_string\"}],\"inLanguage\":\"es\"},{\"@type\":\"Person\",\"@id\":\"https:\/\/vof-news.eu\/es\/#\/schema\/person\/f6a2a4309f0561835797fd8c19b333ed\",\"name\":\"Author\",\"image\":{\"@type\":\"ImageObject\",\"inLanguage\":\"es\",\"@id\":\"https:\/\/vof-news.eu\/es\/#\/schema\/person\/image\/\",\"url\":\"https:\/\/secure.gravatar.com\/avatar\/b67e614b1b25b3e9c0c239efdd2fde5ab015b5affd6f1c3c85911ca4b384e790?s=96&d=mm&r=g\",\"contentUrl\":\"https:\/\/secure.gravatar.com\/avatar\/b67e614b1b25b3e9c0c239efdd2fde5ab015b5affd6f1c3c85911ca4b384e790?s=96&d=mm&r=g\",\"caption\":\"Author\"},\"sameAs\":[\"http:\/\/vof-news.eu\"],\"url\":\"https:\/\/vof-news.eu\/es\/author\/zwt6qxnjulxbnyg\/\"}]}<\/script>\n<!-- \/ Yoast SEO plugin. -->","yoast_head_json":{"title":"Consumo sanciona a siete empresas por falsear las rebajas del Black Friday - vof-news.eu","description":"Nueva sanci\u00f3n por falsear los descuentos del Black Friday. El Ministerio de Derechos Sociales, Consumo y Agenda 2030 ha multado a siete empresas por falsear las rebajas de finales de noviembre. Tres de esas empresas han admitido las pr\u00e1cticas irregulares, seg\u00fan indican fuentes del Ministerio que encabeza Pablo Bustinduy. Sin embargo, no desvela el nombre de las empresas sancionadas.","robots":{"index":"noindex","follow":"follow","max-snippet":"max-snippet:-1","max-image-preview":"max-image-preview:large","max-video-preview":"max-video-preview:-1"},"og_locale":"es_ES","og_type":"article","og_title":"Consumo sanciona a siete empresas por falsear las rebajas del Black Friday - vof-news.eu","og_description":"Nueva sanci\u00f3n por falsear los descuentos del Black Friday. El Ministerio de Derechos Sociales, Consumo y Agenda 2030 ha multado a siete empresas por falsear las rebajas de finales de noviembre. Tres de esas empresas han admitido las pr\u00e1cticas irregulares, seg\u00fan indican fuentes del Ministerio que encabeza Pablo Bustinduy. Sin embargo, no desvela el nombre de las empresas sancionadas.","og_url":"https:\/\/vof-news.eu\/es\/consumo-sanciona-a-siete-empresas-por-falsear-las-rebajas-del-black-friday\/","og_site_name":"vof-news.eu","article_published_time":"2025-07-04T04:19:32+00:00","article_modified_time":"2025-07-04T04:20:00+00:00","og_image":[{"width":1200,"height":675,"url":"https:\/\/vof-news.eu\/wp-content\/uploads\/2025\/07\/7a8326e9-129d-4376-bd4f-f6f85c26b2ca_16-9-discover-aspect-ratio_default_0.jpg","type":"image\/jpeg"}],"author":"Author","twitter_card":"summary_large_image","twitter_misc":{"Escrito por":"Author","Tiempo de lectura":"3 minutos"},"schema":{"@context":"https:\/\/schema.org","@graph":[{"@type":"WebPage","@id":"https:\/\/vof-news.eu\/es\/consumo-sanciona-a-siete-empresas-por-falsear-las-rebajas-del-black-friday\/","url":"https:\/\/vof-news.eu\/es\/consumo-sanciona-a-siete-empresas-por-falsear-las-rebajas-del-black-friday\/","name":"Consumo sanciona a siete empresas por falsear las rebajas del Black Friday - vof-news.eu","isPartOf":{"@id":"https:\/\/vof-news.eu\/es\/#website"},"primaryImageOfPage":{"@id":"https:\/\/vof-news.eu\/es\/consumo-sanciona-a-siete-empresas-por-falsear-las-rebajas-del-black-friday\/#primaryimage"},"image":{"@id":"https:\/\/vof-news.eu\/es\/consumo-sanciona-a-siete-empresas-por-falsear-las-rebajas-del-black-friday\/#primaryimage"},"thumbnailUrl":"https:\/\/vof-news.eu\/wp-content\/uploads\/2025\/07\/7a8326e9-129d-4376-bd4f-f6f85c26b2ca_16-9-discover-aspect-ratio_default_0.jpg","datePublished":"2025-07-04T04:19:32+00:00","dateModified":"2025-07-04T04:20:00+00:00","author":{"@id":"https:\/\/vof-news.eu\/es\/#\/schema\/person\/f6a2a4309f0561835797fd8c19b333ed"},"description":"Nueva sanci\u00f3n por falsear los descuentos del Black Friday. El Ministerio de Derechos Sociales, Consumo y Agenda 2030 ha multado a siete empresas por falsear las rebajas de finales de noviembre. Tres de esas empresas han admitido las pr\u00e1cticas irregulares, seg\u00fan indican fuentes del Ministerio que encabeza Pablo Bustinduy. Sin embargo, no desvela el nombre de las empresas sancionadas.","breadcrumb":{"@id":"https:\/\/vof-news.eu\/es\/consumo-sanciona-a-siete-empresas-por-falsear-las-rebajas-del-black-friday\/#breadcrumb"},"inLanguage":"es","potentialAction":[{"@type":"ReadAction","target":["https:\/\/vof-news.eu\/es\/consumo-sanciona-a-siete-empresas-por-falsear-las-rebajas-del-black-friday\/"]}]},{"@type":"ImageObject","inLanguage":"es","@id":"https:\/\/vof-news.eu\/es\/consumo-sanciona-a-siete-empresas-por-falsear-las-rebajas-del-black-friday\/#primaryimage","url":"https:\/\/vof-news.eu\/wp-content\/uploads\/2025\/07\/7a8326e9-129d-4376-bd4f-f6f85c26b2ca_16-9-discover-aspect-ratio_default_0.jpg","contentUrl":"https:\/\/vof-news.eu\/wp-content\/uploads\/2025\/07\/7a8326e9-129d-4376-bd4f-f6f85c26b2ca_16-9-discover-aspect-ratio_default_0.jpg","width":1200,"height":675},{"@type":"BreadcrumbList","@id":"https:\/\/vof-news.eu\/es\/consumo-sanciona-a-siete-empresas-por-falsear-las-rebajas-del-black-friday\/#breadcrumb","itemListElement":[{"@type":"ListItem","position":1,"name":"Home","item":"https:\/\/vof-news.eu\/es\/"},{"@type":"ListItem","position":2,"name":"Consumo sanciona a siete empresas por falsear las rebajas del Black Friday"}]},{"@type":"WebSite","@id":"https:\/\/vof-news.eu\/es\/#website","url":"https:\/\/vof-news.eu\/es\/","name":"vof-news.eu","description":"","potentialAction":[{"@type":"SearchAction","target":{"@type":"EntryPoint","urlTemplate":"https:\/\/vof-news.eu\/es\/?s={search_term_string}"},"query-input":"required name=search_term_string"}],"inLanguage":"es"},{"@type":"Person","@id":"https:\/\/vof-news.eu\/es\/#\/schema\/person\/f6a2a4309f0561835797fd8c19b333ed","name":"Author","image":{"@type":"ImageObject","inLanguage":"es","@id":"https:\/\/vof-news.eu\/es\/#\/schema\/person\/image\/","url":"https:\/\/secure.gravatar.com\/avatar\/b67e614b1b25b3e9c0c239efdd2fde5ab015b5affd6f1c3c85911ca4b384e790?s=96&d=mm&r=g","contentUrl":"https:\/\/secure.gravatar.com\/avatar\/b67e614b1b25b3e9c0c239efdd2fde5ab015b5affd6f1c3c85911ca4b384e790?s=96&d=mm&r=g","caption":"Author"},"sameAs":["http:\/\/vof-news.eu"],"url":"https:\/\/vof-news.eu\/es\/author\/zwt6qxnjulxbnyg\/"}]}},"yoast_meta":{"yoast_wpseo_title":"","yoast_wpseo_metadesc":"","yoast_wpseo_canonical":""},"_links":{"self":[{"href":"https:\/\/vof-news.eu\/es\/wp-json\/wp\/v2\/posts\/246743","targetHints":{"allow":["GET"]}}],"collection":[{"href":"https:\/\/vof-news.eu\/es\/wp-json\/wp\/v2\/posts"}],"about":[{"href":"https:\/\/vof-news.eu\/es\/wp-json\/wp\/v2\/types\/post"}],"author":[{"embeddable":true,"href":"https:\/\/vof-news.eu\/es\/wp-json\/wp\/v2\/users\/1"}],"replies":[{"embeddable":true,"href":"https:\/\/vof-news.eu\/es\/wp-json\/wp\/v2\/comments?post=246743"}],"version-history":[{"count":1,"href":"https:\/\/vof-news.eu\/es\/wp-json\/wp\/v2\/posts\/246743\/revisions"}],"predecessor-version":[{"id":246750,"href":"https:\/\/vof-news.eu\/es\/wp-json\/wp\/v2\/posts\/246743\/revisions\/246750"}],"wp:featuredmedia":[{"embeddable":true,"href":"https:\/\/vof-news.eu\/es\/wp-json\/wp\/v2\/media\/246744"}],"wp:attachment":[{"href":"https:\/\/vof-news.eu\/es\/wp-json\/wp\/v2\/media?parent=246743"}],"wp:term":[{"taxonomy":"category","embeddable":true,"href":"https:\/\/vof-news.eu\/es\/wp-json\/wp\/v2\/categories?post=246743"},{"taxonomy":"post_tag","embeddable":true,"href":"https:\/\/vof-news.eu\/es\/wp-json\/wp\/v2\/tags?post=246743"}],"curies":[{"name":"wp","href":"https:\/\/api.w.org\/{rel}","templated":true}]}}