{"id":246735,"date":"2025-07-04T07:18:28","date_gmt":"2025-07-04T04:18:28","guid":{"rendered":"https:\/\/vof-news.eu\/el-psoe-prepara-un-cierre-de-filas-con-sanchez-para-el-comite-federal-en-el-que-renovara-a-parte-de-su-cupula\/"},"modified":"2025-07-04T07:18:56","modified_gmt":"2025-07-04T04:18:56","slug":"el-psoe-prepara-un-cierre-de-filas-con-sanchez-para-el-comite-federal-en-el-que-renovara-a-parte-de-su-cupula","status":"publish","type":"post","link":"https:\/\/vof-news.eu\/es\/el-psoe-prepara-un-cierre-de-filas-con-sanchez-para-el-comite-federal-en-el-que-renovara-a-parte-de-su-cupula\/","title":{"rendered":"El PSOE prepara un cierre de filas con S\u00e1nchez para el comit\u00e9 federal en el que renovar\u00e1 a parte de su c\u00fapula"},"content":{"rendered":"<div>\n<p>\n        No ser\u00e1, ni de lejos, una <a href=\"https:\/\/www.eldiario.es\/politica\/enmendar-psoe-santos-reivindicar-gobierno-plan-sanchez-sobrevivir-crisis-cerdan_1_12420929.html\" rel=\"nofollow\">renovaci\u00f3n integral de la c\u00fapula del PSOE<\/a>, pero los cambios que Pedro S\u00e1nchez se dispone a acometer en el comit\u00e9 federal de este s\u00e1bado como respuesta a la crisis desatada por el esc\u00e1ndalo de Santos Cerd\u00e1n ya est\u00e1n en marcha. Este jueves, la vicesecretaria general de los socialistas y vicepresidenta del Gobierno, Mar\u00eda Jes\u00fas Montero, se encarg\u00f3 de contactar personalmente con hasta ocho miembros de la Ejecutiva Federal para comunicarles su salida de la c\u00fapula del partido. Algunos de ellos mantuvieron una estrecha relaci\u00f3n personal y pol\u00edtica con Cerd\u00e1n, como su mano derecha, Juanfran Serrano, o el secretario provincial de Le\u00f3n, Javier Cend\u00f3n. Movimientos que se concretar\u00e1n en una cita que todo el mundo espera que acabe convertida en un cierre de filas en torno al presidente.\n    <\/p>\n<p>\n        Seg\u00fan el equipo de trabajo m\u00e1s cercano a Pedro S\u00e1nchez, las decisiones adoptadas sobre su partido apenas las comparti\u00f3 con Mar\u00eda Jes\u00fas Montero en un encuentro que ambos <a href=\"https:\/\/www.eldiario.es\/politica\/sanchez-improvisa-acto-mujeres-psoe-vispera-comite-federal_1_12436132.html\" rel=\"nofollow\">mantuvieron a\u00fan en Sevilla<\/a> tras la conclusi\u00f3n de la cumbre de la ONU de la que Espa\u00f1a ha sido anfitriona. Los cambios no ser\u00e1n estructurales, aunque s\u00ed afectar\u00e1n a una decena de dirigentes.\n    <\/p>\n<p>\n        Est\u00e1n, por una parte, los de m\u00e1xima confianza de Santos Cerd\u00e1n, en prisi\u00f3n provisional sin fianza desde el pasado lunes por supuestamente ser el cabecilla de una trama corrupta integrada tambi\u00e9n por Jos\u00e9 Luis \u00c1balos y Koldo Garc\u00eda. La n\u00famero dos del partido comunic\u00f3 personalmente este jueves a Juanfran Serrano, mano derecha de Cerd\u00e1n en la Secretar\u00eda de Organizaci\u00f3n, y a Javier Cend\u00f3n, otra persona de la m\u00e1xima confianza del exn\u00famero tres, su salida de la Ejecutiva Federal. Varias fuentes consultadas en la direcci\u00f3n del partido lamentan, de hecho, que Serrano haya esperado a que se le comunique la decisi\u00f3n y no haya dado un paso al lado por iniciativa propia.\n    <\/p>\n<p>\n        Los otros cambios que afectar\u00e1n a la c\u00fapula del partido se presentar\u00e1n bajo el paraguas de la adecuaci\u00f3n de la Ejecutiva a los nuevos estatutos del partido, que establecen que solo un 10% de la direcci\u00f3n pueda ostentar varios cargos org\u00e1nicos. En esa situaci\u00f3n se encuentran perfiles como los de Esther Pe\u00f1a, portavoz del partido y secretaria provincial de Burgos, o Alejandro Soler, secretario general por Elche, entre otros. Aunque a \u00faltima hora de este jueves el resto de nombres implicados en la renovaci\u00f3n no hab\u00edan trascendido.\n    <\/p>\n<p>\n        Seg\u00fan varias fuentes consultadas entre el grupo de personas que han mantenido durante la \u00faltima semana l\u00ednea directa con el presidente, S\u00e1nchez ha querido extremar la cautela a la hora de tomar decisiones de calado en la direcci\u00f3n de su partido para no contribuir a la causa general que, seg\u00fan el PSOE, intenta azuzar la derecha contra cualquier cargo del partido. Porque el discurso que se defender\u00e1 este s\u00e1bado en Ferraz ser\u00e1 el de un partido \u201climpio\u201d afectado por un esc\u00e1ndalo de corrupci\u00f3n sobre el que se han adoptado \u201cdecisiones tajantes, mucho m\u00e1s que cualquier otro partido\u201d, y el de un Gobierno \u201ccon una hoja de ruta intachable\u201d. Y por eso en la mesa de Pedro S\u00e1nchez no est\u00e1 hoy por hoy <a href=\"https:\/\/www.eldiario.es\/politica\/agenda-internacional-protege-sanchez-tormenta-psoe-comparecencia-congreso_1_12411232.html\" rel=\"nofollow\">ni una reestructuraci\u00f3n de su Consejo de Ministros<\/a> ni la renovaci\u00f3n total del partido.\n    <\/p>\n<p>\n        \u201cEso ser\u00eda lo mismo que decir que sentimos verg\u00fcenza de nosotros mismos y que aceptamos que todos estemos salpicados por la duda. Y nada de eso. Nuestro \u00fanico plan es reivindicar la hoja de servicios del PSOE y del Gobierno. Y adoptar las decisiones que sean necesarias para limpiar todo lo que hayan manchado unos pocos\u201d, se\u00f1ala una persona de la direcci\u00f3n que s\u00ed tiene garantizada su continuidad.\n    <\/p>\n<p>\n        Sobre la cita en s\u00ed, en Ferraz rebajan las expectativas sobre las turbulencias del Comit\u00e9 Federal. De hecho, lo previsto es que, m\u00e1s all\u00e1 de algunas cr\u00edticas puntuales de la federaci\u00f3n de Castilla-La Mancha que encabeza Emiliano Garc\u00eda-Page y del malestar que se disponen a mostrar otros cargos tras la imputaci\u00f3n de los dos \u00faltimos secretarios de organizaci\u00f3n y la entrada en prisi\u00f3n de Cerd\u00e1n, la cita se convierta ante todo en un cierre de filas en torno a Pedro S\u00e1nchez.\n    <\/p>\n<p>\n        \u201cEsperamos debate e incluso discursos duros, y no solo de Page. Pero nadie va a poner en duda su liderazgo ni la continuidad del Gobierno. Y ahora es el momento de estar todos a una y de mostrarle a la gente ah\u00ed afuera que estamos en tomar las decisiones necesarias y no en guerras internas. Y en cuidar a un Gobierno cuya alternativa es una derecha echada literalmente al monte\u201d, zanja otro dirigente.\n    <\/p>\n<h2>Un acto con mujeres en la v\u00edspera<\/h2>\n<p>\n        Pero el impacto del esc\u00e1ndalo que protagonizan Santos Cerd\u00e1n y Jos\u00e9 Luis \u00c1balos no solo tiene que ver con la corrupci\u00f3n, sino con el trato hacia las mujeres que, seg\u00fan los audios que aporta la UCO en su informe, dispensaban el propio \u00c1balos y su asesor, Koldo Garc\u00eda. En las \u00faltimas semanas un sinf\u00edn de mujeres que ostentan altos cargos o cargos intermedios en el PSOE han trasladado su malestar en privado y de puertas hacia adentro por la afectaci\u00f3n que tiene para las siglas socialistas y para la propia dignidad de las feministas del PSOE volver a ver a altos cargos de su partido relacionados con la prostituci\u00f3n. Otras, como la exsecretaria de Igualdad Andrea Fern\u00e1ndez llegaron a se\u00f1alarlo en p\u00fablico. Y en ese contexto, el presidente improvis\u00f3 para este viernes un <a href=\"https:\/\/www.eldiario.es\/politica\/sanchez-improvisa-acto-mujeres-psoe-vispera-comite-federal_1_12436132.html\" rel=\"nofollow\">acto exclusivamente con mujeres<\/a> del Partido Socialista.\n    <\/p>\n<p>\n        En la v\u00edspera del Comit\u00e9 Federal en el que S\u00e1nchez anunciar\u00e1 los cambios, el presidente ha organizado un evento para reafirmar su compromiso con la abolici\u00f3n de la prostituci\u00f3n e intentar resarcir al PSOE de las pr\u00e1cticas de su ex secretario de Organizaci\u00f3n. Un gesto, junto con los cambios que se dispone a ejecutar en la c\u00fapula socialista e incluso en sus propios estatutos, con el que pretende mantener unido y en calma a su partido en el momento pol\u00edtico m\u00e1s dif\u00edcil que atraviesa desde su regreso a la secretar\u00eda general.\n    <\/p>\n<\/div>\n","protected":false},"excerpt":{"rendered":"<p>No ser\u00e1, ni de lejos, una renovaci\u00f3n integral de la c\u00fapula del PSOE, pero los cambios que Pedro S\u00e1nchez se dispone a acometer en el comit\u00e9 federal de este s\u00e1bado como respuesta a la crisis desatada por el esc\u00e1ndalo de Santos Cerd\u00e1n ya est\u00e1n en marcha. Este jueves, la vicesecretaria general de los socialistas y<\/p>\n","protected":false},"author":1,"featured_media":246736,"comment_status":"open","ping_status":"open","sticky":false,"template":"","format":"standard","meta":{"footnotes":""},"categories":[71],"tags":[],"class_list":["post-246735","post","type-post","status-publish","format-standard","has-post-thumbnail","hentry","category-politics-es"],"acf":[],"yoast_head":"<!-- This site is optimized with the Yoast SEO plugin v22.9 - https:\/\/yoast.com\/wordpress\/plugins\/seo\/ -->\n<title>El PSOE prepara un cierre de filas con S\u00e1nchez para el comit\u00e9 federal en el que renovar\u00e1 a parte de su c\u00fapula - vof-news.eu<\/title>\n<meta name=\"description\" content=\"No ser\u00e1, ni de lejos, una renovaci\u00f3n integral de la c\u00fapula del PSOE, pero los cambios que Pedro S\u00e1nchez se dispone a acometer en el comit\u00e9 federal de este s\u00e1bado como respuesta a la crisis desatada por el esc\u00e1ndalo de Santos Cerd\u00e1n ya est\u00e1n en marcha. Este jueves, la vicesecretaria general de los socialistas y vicepresidenta del Gobierno, Mar\u00eda Jes\u00fas Montero, se encarg\u00f3 de contactar personalmente con hasta ocho miembros de la Ejecutiva Federal para comunicarles su salida de la c\u00fapula del partido. Algunos de ellos mantuvieron una estrecha relaci\u00f3n personal y pol\u00edtica con Cerd\u00e1n, como su mano derecha, Juanfran Serrano, o el secretario provincial de Le\u00f3n, Javier Cend\u00f3n. Movimientos que se concretar\u00e1n en una cita que todo el mundo espera que acabe convertida en un cierre de filas en torno al presidente.\" \/>\n<meta name=\"robots\" content=\"noindex, follow, max-snippet:-1, max-image-preview:large, max-video-preview:-1\" \/>\n<meta property=\"og:locale\" content=\"es_ES\" \/>\n<meta property=\"og:type\" content=\"article\" \/>\n<meta property=\"og:title\" content=\"El PSOE prepara un cierre de filas con S\u00e1nchez para el comit\u00e9 federal en el que renovar\u00e1 a parte de su c\u00fapula - vof-news.eu\" \/>\n<meta property=\"og:description\" content=\"No ser\u00e1, ni de lejos, una renovaci\u00f3n integral de la c\u00fapula del PSOE, pero los cambios que Pedro S\u00e1nchez se dispone a acometer en el comit\u00e9 federal de este s\u00e1bado como respuesta a la crisis desatada por el esc\u00e1ndalo de Santos Cerd\u00e1n ya est\u00e1n en marcha. Este jueves, la vicesecretaria general de los socialistas y vicepresidenta del Gobierno, Mar\u00eda Jes\u00fas Montero, se encarg\u00f3 de contactar personalmente con hasta ocho miembros de la Ejecutiva Federal para comunicarles su salida de la c\u00fapula del partido. Algunos de ellos mantuvieron una estrecha relaci\u00f3n personal y pol\u00edtica con Cerd\u00e1n, como su mano derecha, Juanfran Serrano, o el secretario provincial de Le\u00f3n, Javier Cend\u00f3n. Movimientos que se concretar\u00e1n en una cita que todo el mundo espera que acabe convertida en un cierre de filas en torno al presidente.\" \/>\n<meta property=\"og:url\" content=\"https:\/\/vof-news.eu\/es\/el-psoe-prepara-un-cierre-de-filas-con-sanchez-para-el-comite-federal-en-el-que-renovara-a-parte-de-su-cupula\/\" \/>\n<meta property=\"og:site_name\" content=\"vof-news.eu\" \/>\n<meta property=\"article:published_time\" content=\"2025-07-04T04:18:28+00:00\" \/>\n<meta property=\"article:modified_time\" content=\"2025-07-04T04:18:56+00:00\" \/>\n<meta property=\"og:image\" content=\"https:\/\/vof-news.eu\/wp-content\/uploads\/2025\/07\/58285158-bcd9-4917-986a-81fb444b3180_16-9-discover-aspect-ratio_default_0.jpg\" \/>\n\t<meta property=\"og:image:width\" content=\"1200\" \/>\n\t<meta property=\"og:image:height\" content=\"675\" \/>\n\t<meta property=\"og:image:type\" content=\"image\/jpeg\" \/>\n<meta name=\"author\" content=\"Author\" \/>\n<meta name=\"twitter:card\" content=\"summary_large_image\" \/>\n<meta name=\"twitter:label1\" content=\"Escrito por\" \/>\n\t<meta name=\"twitter:data1\" content=\"Author\" \/>\n\t<meta name=\"twitter:label2\" content=\"Tiempo de lectura\" \/>\n\t<meta name=\"twitter:data2\" content=\"5 minutos\" \/>\n<script type=\"application\/ld+json\" class=\"yoast-schema-graph\">{\"@context\":\"https:\/\/schema.org\",\"@graph\":[{\"@type\":\"WebPage\",\"@id\":\"https:\/\/vof-news.eu\/es\/el-psoe-prepara-un-cierre-de-filas-con-sanchez-para-el-comite-federal-en-el-que-renovara-a-parte-de-su-cupula\/\",\"url\":\"https:\/\/vof-news.eu\/es\/el-psoe-prepara-un-cierre-de-filas-con-sanchez-para-el-comite-federal-en-el-que-renovara-a-parte-de-su-cupula\/\",\"name\":\"El PSOE prepara un cierre de filas con S\u00e1nchez para el comit\u00e9 federal en el que renovar\u00e1 a parte de su c\u00fapula - vof-news.eu\",\"isPartOf\":{\"@id\":\"https:\/\/vof-news.eu\/es\/#website\"},\"primaryImageOfPage\":{\"@id\":\"https:\/\/vof-news.eu\/es\/el-psoe-prepara-un-cierre-de-filas-con-sanchez-para-el-comite-federal-en-el-que-renovara-a-parte-de-su-cupula\/#primaryimage\"},\"image\":{\"@id\":\"https:\/\/vof-news.eu\/es\/el-psoe-prepara-un-cierre-de-filas-con-sanchez-para-el-comite-federal-en-el-que-renovara-a-parte-de-su-cupula\/#primaryimage\"},\"thumbnailUrl\":\"https:\/\/vof-news.eu\/wp-content\/uploads\/2025\/07\/58285158-bcd9-4917-986a-81fb444b3180_16-9-discover-aspect-ratio_default_0.jpg\",\"datePublished\":\"2025-07-04T04:18:28+00:00\",\"dateModified\":\"2025-07-04T04:18:56+00:00\",\"author\":{\"@id\":\"https:\/\/vof-news.eu\/es\/#\/schema\/person\/f6a2a4309f0561835797fd8c19b333ed\"},\"description\":\"No ser\u00e1, ni de lejos, una renovaci\u00f3n integral de la c\u00fapula del PSOE, pero los cambios que Pedro S\u00e1nchez se dispone a acometer en el comit\u00e9 federal de este s\u00e1bado como respuesta a la crisis desatada por el esc\u00e1ndalo de Santos Cerd\u00e1n ya est\u00e1n en marcha. Este jueves, la vicesecretaria general de los socialistas y vicepresidenta del Gobierno, Mar\u00eda Jes\u00fas Montero, se encarg\u00f3 de contactar personalmente con hasta ocho miembros de la Ejecutiva Federal para comunicarles su salida de la c\u00fapula del partido. Algunos de ellos mantuvieron una estrecha relaci\u00f3n personal y pol\u00edtica con Cerd\u00e1n, como su mano derecha, Juanfran Serrano, o el secretario provincial de Le\u00f3n, Javier Cend\u00f3n. Movimientos que se concretar\u00e1n en una cita que todo el mundo espera que acabe convertida en un cierre de filas en torno al presidente.\",\"breadcrumb\":{\"@id\":\"https:\/\/vof-news.eu\/es\/el-psoe-prepara-un-cierre-de-filas-con-sanchez-para-el-comite-federal-en-el-que-renovara-a-parte-de-su-cupula\/#breadcrumb\"},\"inLanguage\":\"es\",\"potentialAction\":[{\"@type\":\"ReadAction\",\"target\":[\"https:\/\/vof-news.eu\/es\/el-psoe-prepara-un-cierre-de-filas-con-sanchez-para-el-comite-federal-en-el-que-renovara-a-parte-de-su-cupula\/\"]}]},{\"@type\":\"ImageObject\",\"inLanguage\":\"es\",\"@id\":\"https:\/\/vof-news.eu\/es\/el-psoe-prepara-un-cierre-de-filas-con-sanchez-para-el-comite-federal-en-el-que-renovara-a-parte-de-su-cupula\/#primaryimage\",\"url\":\"https:\/\/vof-news.eu\/wp-content\/uploads\/2025\/07\/58285158-bcd9-4917-986a-81fb444b3180_16-9-discover-aspect-ratio_default_0.jpg\",\"contentUrl\":\"https:\/\/vof-news.eu\/wp-content\/uploads\/2025\/07\/58285158-bcd9-4917-986a-81fb444b3180_16-9-discover-aspect-ratio_default_0.jpg\",\"width\":1200,\"height\":675},{\"@type\":\"BreadcrumbList\",\"@id\":\"https:\/\/vof-news.eu\/es\/el-psoe-prepara-un-cierre-de-filas-con-sanchez-para-el-comite-federal-en-el-que-renovara-a-parte-de-su-cupula\/#breadcrumb\",\"itemListElement\":[{\"@type\":\"ListItem\",\"position\":1,\"name\":\"Home\",\"item\":\"https:\/\/vof-news.eu\/es\/\"},{\"@type\":\"ListItem\",\"position\":2,\"name\":\"El PSOE prepara un cierre de filas con S\u00e1nchez para el comit\u00e9 federal en el que renovar\u00e1 a parte de su c\u00fapula\"}]},{\"@type\":\"WebSite\",\"@id\":\"https:\/\/vof-news.eu\/es\/#website\",\"url\":\"https:\/\/vof-news.eu\/es\/\",\"name\":\"vof-news.eu\",\"description\":\"\",\"potentialAction\":[{\"@type\":\"SearchAction\",\"target\":{\"@type\":\"EntryPoint\",\"urlTemplate\":\"https:\/\/vof-news.eu\/es\/?s={search_term_string}\"},\"query-input\":\"required name=search_term_string\"}],\"inLanguage\":\"es\"},{\"@type\":\"Person\",\"@id\":\"https:\/\/vof-news.eu\/es\/#\/schema\/person\/f6a2a4309f0561835797fd8c19b333ed\",\"name\":\"Author\",\"image\":{\"@type\":\"ImageObject\",\"inLanguage\":\"es\",\"@id\":\"https:\/\/vof-news.eu\/es\/#\/schema\/person\/image\/\",\"url\":\"https:\/\/secure.gravatar.com\/avatar\/b67e614b1b25b3e9c0c239efdd2fde5ab015b5affd6f1c3c85911ca4b384e790?s=96&d=mm&r=g\",\"contentUrl\":\"https:\/\/secure.gravatar.com\/avatar\/b67e614b1b25b3e9c0c239efdd2fde5ab015b5affd6f1c3c85911ca4b384e790?s=96&d=mm&r=g\",\"caption\":\"Author\"},\"sameAs\":[\"http:\/\/vof-news.eu\"],\"url\":\"https:\/\/vof-news.eu\/es\/author\/zwt6qxnjulxbnyg\/\"}]}<\/script>\n<!-- \/ Yoast SEO plugin. -->","yoast_head_json":{"title":"El PSOE prepara un cierre de filas con S\u00e1nchez para el comit\u00e9 federal en el que renovar\u00e1 a parte de su c\u00fapula - vof-news.eu","description":"No ser\u00e1, ni de lejos, una renovaci\u00f3n integral de la c\u00fapula del PSOE, pero los cambios que Pedro S\u00e1nchez se dispone a acometer en el comit\u00e9 federal de este s\u00e1bado como respuesta a la crisis desatada por el esc\u00e1ndalo de Santos Cerd\u00e1n ya est\u00e1n en marcha. Este jueves, la vicesecretaria general de los socialistas y vicepresidenta del Gobierno, Mar\u00eda Jes\u00fas Montero, se encarg\u00f3 de contactar personalmente con hasta ocho miembros de la Ejecutiva Federal para comunicarles su salida de la c\u00fapula del partido. Algunos de ellos mantuvieron una estrecha relaci\u00f3n personal y pol\u00edtica con Cerd\u00e1n, como su mano derecha, Juanfran Serrano, o el secretario provincial de Le\u00f3n, Javier Cend\u00f3n. Movimientos que se concretar\u00e1n en una cita que todo el mundo espera que acabe convertida en un cierre de filas en torno al presidente.","robots":{"index":"noindex","follow":"follow","max-snippet":"max-snippet:-1","max-image-preview":"max-image-preview:large","max-video-preview":"max-video-preview:-1"},"og_locale":"es_ES","og_type":"article","og_title":"El PSOE prepara un cierre de filas con S\u00e1nchez para el comit\u00e9 federal en el que renovar\u00e1 a parte de su c\u00fapula - vof-news.eu","og_description":"No ser\u00e1, ni de lejos, una renovaci\u00f3n integral de la c\u00fapula del PSOE, pero los cambios que Pedro S\u00e1nchez se dispone a acometer en el comit\u00e9 federal de este s\u00e1bado como respuesta a la crisis desatada por el esc\u00e1ndalo de Santos Cerd\u00e1n ya est\u00e1n en marcha. Este jueves, la vicesecretaria general de los socialistas y vicepresidenta del Gobierno, Mar\u00eda Jes\u00fas Montero, se encarg\u00f3 de contactar personalmente con hasta ocho miembros de la Ejecutiva Federal para comunicarles su salida de la c\u00fapula del partido. Algunos de ellos mantuvieron una estrecha relaci\u00f3n personal y pol\u00edtica con Cerd\u00e1n, como su mano derecha, Juanfran Serrano, o el secretario provincial de Le\u00f3n, Javier Cend\u00f3n. Movimientos que se concretar\u00e1n en una cita que todo el mundo espera que acabe convertida en un cierre de filas en torno al presidente.","og_url":"https:\/\/vof-news.eu\/es\/el-psoe-prepara-un-cierre-de-filas-con-sanchez-para-el-comite-federal-en-el-que-renovara-a-parte-de-su-cupula\/","og_site_name":"vof-news.eu","article_published_time":"2025-07-04T04:18:28+00:00","article_modified_time":"2025-07-04T04:18:56+00:00","og_image":[{"width":1200,"height":675,"url":"https:\/\/vof-news.eu\/wp-content\/uploads\/2025\/07\/58285158-bcd9-4917-986a-81fb444b3180_16-9-discover-aspect-ratio_default_0.jpg","type":"image\/jpeg"}],"author":"Author","twitter_card":"summary_large_image","twitter_misc":{"Escrito por":"Author","Tiempo de lectura":"5 minutos"},"schema":{"@context":"https:\/\/schema.org","@graph":[{"@type":"WebPage","@id":"https:\/\/vof-news.eu\/es\/el-psoe-prepara-un-cierre-de-filas-con-sanchez-para-el-comite-federal-en-el-que-renovara-a-parte-de-su-cupula\/","url":"https:\/\/vof-news.eu\/es\/el-psoe-prepara-un-cierre-de-filas-con-sanchez-para-el-comite-federal-en-el-que-renovara-a-parte-de-su-cupula\/","name":"El PSOE prepara un cierre de filas con S\u00e1nchez para el comit\u00e9 federal en el que renovar\u00e1 a parte de su c\u00fapula - vof-news.eu","isPartOf":{"@id":"https:\/\/vof-news.eu\/es\/#website"},"primaryImageOfPage":{"@id":"https:\/\/vof-news.eu\/es\/el-psoe-prepara-un-cierre-de-filas-con-sanchez-para-el-comite-federal-en-el-que-renovara-a-parte-de-su-cupula\/#primaryimage"},"image":{"@id":"https:\/\/vof-news.eu\/es\/el-psoe-prepara-un-cierre-de-filas-con-sanchez-para-el-comite-federal-en-el-que-renovara-a-parte-de-su-cupula\/#primaryimage"},"thumbnailUrl":"https:\/\/vof-news.eu\/wp-content\/uploads\/2025\/07\/58285158-bcd9-4917-986a-81fb444b3180_16-9-discover-aspect-ratio_default_0.jpg","datePublished":"2025-07-04T04:18:28+00:00","dateModified":"2025-07-04T04:18:56+00:00","author":{"@id":"https:\/\/vof-news.eu\/es\/#\/schema\/person\/f6a2a4309f0561835797fd8c19b333ed"},"description":"No ser\u00e1, ni de lejos, una renovaci\u00f3n integral de la c\u00fapula del PSOE, pero los cambios que Pedro S\u00e1nchez se dispone a acometer en el comit\u00e9 federal de este s\u00e1bado como respuesta a la crisis desatada por el esc\u00e1ndalo de Santos Cerd\u00e1n ya est\u00e1n en marcha. Este jueves, la vicesecretaria general de los socialistas y vicepresidenta del Gobierno, Mar\u00eda Jes\u00fas Montero, se encarg\u00f3 de contactar personalmente con hasta ocho miembros de la Ejecutiva Federal para comunicarles su salida de la c\u00fapula del partido. Algunos de ellos mantuvieron una estrecha relaci\u00f3n personal y pol\u00edtica con Cerd\u00e1n, como su mano derecha, Juanfran Serrano, o el secretario provincial de Le\u00f3n, Javier Cend\u00f3n. Movimientos que se concretar\u00e1n en una cita que todo el mundo espera que acabe convertida en un cierre de filas en torno al presidente.","breadcrumb":{"@id":"https:\/\/vof-news.eu\/es\/el-psoe-prepara-un-cierre-de-filas-con-sanchez-para-el-comite-federal-en-el-que-renovara-a-parte-de-su-cupula\/#breadcrumb"},"inLanguage":"es","potentialAction":[{"@type":"ReadAction","target":["https:\/\/vof-news.eu\/es\/el-psoe-prepara-un-cierre-de-filas-con-sanchez-para-el-comite-federal-en-el-que-renovara-a-parte-de-su-cupula\/"]}]},{"@type":"ImageObject","inLanguage":"es","@id":"https:\/\/vof-news.eu\/es\/el-psoe-prepara-un-cierre-de-filas-con-sanchez-para-el-comite-federal-en-el-que-renovara-a-parte-de-su-cupula\/#primaryimage","url":"https:\/\/vof-news.eu\/wp-content\/uploads\/2025\/07\/58285158-bcd9-4917-986a-81fb444b3180_16-9-discover-aspect-ratio_default_0.jpg","contentUrl":"https:\/\/vof-news.eu\/wp-content\/uploads\/2025\/07\/58285158-bcd9-4917-986a-81fb444b3180_16-9-discover-aspect-ratio_default_0.jpg","width":1200,"height":675},{"@type":"BreadcrumbList","@id":"https:\/\/vof-news.eu\/es\/el-psoe-prepara-un-cierre-de-filas-con-sanchez-para-el-comite-federal-en-el-que-renovara-a-parte-de-su-cupula\/#breadcrumb","itemListElement":[{"@type":"ListItem","position":1,"name":"Home","item":"https:\/\/vof-news.eu\/es\/"},{"@type":"ListItem","position":2,"name":"El PSOE prepara un cierre de filas con S\u00e1nchez para el comit\u00e9 federal en el que renovar\u00e1 a parte de su c\u00fapula"}]},{"@type":"WebSite","@id":"https:\/\/vof-news.eu\/es\/#website","url":"https:\/\/vof-news.eu\/es\/","name":"vof-news.eu","description":"","potentialAction":[{"@type":"SearchAction","target":{"@type":"EntryPoint","urlTemplate":"https:\/\/vof-news.eu\/es\/?s={search_term_string}"},"query-input":"required name=search_term_string"}],"inLanguage":"es"},{"@type":"Person","@id":"https:\/\/vof-news.eu\/es\/#\/schema\/person\/f6a2a4309f0561835797fd8c19b333ed","name":"Author","image":{"@type":"ImageObject","inLanguage":"es","@id":"https:\/\/vof-news.eu\/es\/#\/schema\/person\/image\/","url":"https:\/\/secure.gravatar.com\/avatar\/b67e614b1b25b3e9c0c239efdd2fde5ab015b5affd6f1c3c85911ca4b384e790?s=96&d=mm&r=g","contentUrl":"https:\/\/secure.gravatar.com\/avatar\/b67e614b1b25b3e9c0c239efdd2fde5ab015b5affd6f1c3c85911ca4b384e790?s=96&d=mm&r=g","caption":"Author"},"sameAs":["http:\/\/vof-news.eu"],"url":"https:\/\/vof-news.eu\/es\/author\/zwt6qxnjulxbnyg\/"}]}},"yoast_meta":{"yoast_wpseo_title":"","yoast_wpseo_metadesc":"","yoast_wpseo_canonical":""},"_links":{"self":[{"href":"https:\/\/vof-news.eu\/es\/wp-json\/wp\/v2\/posts\/246735","targetHints":{"allow":["GET"]}}],"collection":[{"href":"https:\/\/vof-news.eu\/es\/wp-json\/wp\/v2\/posts"}],"about":[{"href":"https:\/\/vof-news.eu\/es\/wp-json\/wp\/v2\/types\/post"}],"author":[{"embeddable":true,"href":"https:\/\/vof-news.eu\/es\/wp-json\/wp\/v2\/users\/1"}],"replies":[{"embeddable":true,"href":"https:\/\/vof-news.eu\/es\/wp-json\/wp\/v2\/comments?post=246735"}],"version-history":[{"count":1,"href":"https:\/\/vof-news.eu\/es\/wp-json\/wp\/v2\/posts\/246735\/revisions"}],"predecessor-version":[{"id":246742,"href":"https:\/\/vof-news.eu\/es\/wp-json\/wp\/v2\/posts\/246735\/revisions\/246742"}],"wp:featuredmedia":[{"embeddable":true,"href":"https:\/\/vof-news.eu\/es\/wp-json\/wp\/v2\/media\/246736"}],"wp:attachment":[{"href":"https:\/\/vof-news.eu\/es\/wp-json\/wp\/v2\/media?parent=246735"}],"wp:term":[{"taxonomy":"category","embeddable":true,"href":"https:\/\/vof-news.eu\/es\/wp-json\/wp\/v2\/categories?post=246735"},{"taxonomy":"post_tag","embeddable":true,"href":"https:\/\/vof-news.eu\/es\/wp-json\/wp\/v2\/tags?post=246735"}],"curies":[{"name":"wp","href":"https:\/\/api.w.org\/{rel}","templated":true}]}}