{"id":246727,"date":"2025-07-04T07:17:08","date_gmt":"2025-07-04T04:17:08","guid":{"rendered":"https:\/\/vof-news.eu\/ester-munoz-la-alumna-aventajada-de-tellado-para-la-lucha-final-contra-sanchez\/"},"modified":"2025-07-04T07:17:48","modified_gmt":"2025-07-04T04:17:48","slug":"ester-munoz-la-alumna-aventajada-de-tellado-para-la-lucha-final-contra-sanchez","status":"publish","type":"post","link":"https:\/\/vof-news.eu\/es\/ester-munoz-la-alumna-aventajada-de-tellado-para-la-lucha-final-contra-sanchez\/","title":{"rendered":"Ester Mu\u00f1oz, la alumna aventajada de Tellado para la lucha final contra S\u00e1nchez"},"content":{"rendered":"<div>\n<p>\n        La nueva portavoz del PP en el Congreso no enga\u00f1a. Es lo que parece. Como dijo ella misma este jueves en una entrevista, Ester Mu\u00f1oz de la Iglesia (Le\u00f3n, 1985) es \u201cclara\u201d. Transparente, m\u00e1s bien. Y lo es porque siempre ha sido as\u00ed: de preparaci\u00f3n concienzuda, directa, con facilidad de palabra y buena memoria para unos discursos muy ideol\u00f3gicos y duros. Muy duros. Ya era as\u00ed antes de entrar en pol\u00edtica profesional. En 2009 recibi\u00f3 un premio de Denaes por su defensa del castellano y contra el uso oficial de las otras lenguas espa\u00f1olas. El presidente de esa fundaci\u00f3n (para defender la naci\u00f3n espa\u00f1ola) se dijo \u201cemocionado\u201d cuando le entreg\u00f3 el galard\u00f3n. Era Santiago Abascal. 16 a\u00f1os despu\u00e9s, Alberto N\u00fa\u00f1ez Feij\u00f3o la ha puesto en primera l\u00ednea de vanguardia para la lucha final contra Pedro S\u00e1nchez.\n    <\/p>\n<p>\n        La r\u00e9plica que dio Mu\u00f1oz en la entrevista de La Sexta es una muestra del estilo que quiere imprimir el l\u00edder del PP <a href=\"https:\/\/www.eldiario.es\/politica\/feijoo-apuesta-ala-dura-pp-ofensiva-final-pedro-sanchez_1_12432300.html\" rel=\"nofollow\">en su asalto final al Palacio de la Moncloa<\/a>. Preguntada por su dureza, replic\u00f3: \u201cYo me defino como clara\u201d. \u201cTellado y yo somos claros frente a un Gobierno rodeado de corrupci\u00f3n y un S\u00e1nchez que ha introducido la corrupci\u00f3n en el Gobierno\u201d, a\u00f1adi\u00f3. Y pas\u00f3 al ataque: \u201cNadie habla de dureza y moderaci\u00f3n [referido a] la izquierda\u201d.\n    <\/p>\n<p>\n        Esa \u201cclaridad\u201d, o como se quiera definir, es marca de la casa. Desde la adolescencia la pol\u00edtica ya bull\u00eda por sus venas. Se afili\u00f3 al PP, y a sus Nuevas Generaciones, en cuanto cumpli\u00f3 los 18 a\u00f1os. Antes no pudo porque sus padres, una m\u00e9dica de familia y un empresario del sur de la provincia de Le\u00f3n, no se lo permitieron. Y ella obedeci\u00f3.\n    <\/p>\n<p>\n        \u201cTodos somos de la misma ideolog\u00eda, pero hay discrepancias. Y profundas\u201d, dijo sobre su familia <a href=\"https:\/\/www.abc.es\/espana\/abci-ester-munoz-psoe-y-pp-solo-buscan-gobernar-y-dejan-lado-valores-200906010300-921380722237_noticia.html\" rel=\"nofollow\">en una entrevista<\/a> precisamente a cuenta del premio que recibi\u00f3 de la fundaci\u00f3n para la Defensa de la Naci\u00f3n Espa\u00f1ola.\n    <\/p>\n<p>\n        En YouTube permanecen los discursos que le permitieron ganar el I Premio Nacional de Oratoria \u2018Gabriel Cisneros\u2019. En el primero, para la preselecci\u00f3n, habl\u00f3 de \u201cinvasi\u00f3n musulmana\u201d en el 711, y de c\u00f3mo el \u201csentimiento nacional arraigado en los pueblos cristianos\u201d llev\u00f3 a \u201cuna de las mayores gestas de la Historia europea y del hombre\u201d, la Reconquista.\n    <\/p>\n<p>\n        En el segundo, ya frente a un jurado compuesto, entre otros hombres, por Eduardo Zaplana, Nicol\u00e1s Redondo (hijo) o Gustavo Bueno, asegur\u00f3 que el idioma \u201cespa\u00f1ol, en su peregrinaje hist\u00f3rico, ha llevado derechos humanos y civiles a muchos hombres en todo el mundo\u201d. \u201cNo podemos tener miedo a hablar en espa\u00f1ol\u201d, areng\u00f3. \u201cLos ni\u00f1os no pueden jugar gritando en espa\u00f1ol, los empresarios no pueden vender en espa\u00f1ol, los m\u00e9dicos solo atender\u00e1n a los pacientes en esa lengua exigida y los condenados solo podr\u00e1n escuchar su pena en una lengua diferente a la que pensaron su delito\u201d, a\u00f1adi\u00f3, para comparar a los nacionalistas no espa\u00f1oles en \u201cideolog\u00edas de tiempos no muy lejanos\u201d por las cu\u00e1les \u201cse cometieron cr\u00edmenes atroces\u201d incluso aunque exist\u00eda \u201cuna Constituci\u00f3n\u201d. Concluy\u00f3 con un alegato: \u201cQuijotes universales, llevemos el espa\u00f1ol por bandera\u201d.\n    <\/p>\n<p>\n        Se llev\u00f3 el premio. Cuando lo recogi\u00f3, dijo que quer\u00eda poner su preparaci\u00f3n al servicio de Espa\u00f1a. \u201cSois la esperanza\u201d, replic\u00f3 Abascal. Tres lustros despu\u00e9s, Feij\u00f3o la ha elegido precisamente para taponar a Vox y evitar tener que asumir un Gobierno de coalici\u00f3n con el l\u00edder ultra de vicepresidente.\n    <\/p>\n<p>\n        En 2009 Ester Mu\u00f1oz sumaba 24 a\u00f1os pero ya ten\u00eda tablas. Se fogue\u00f3 junto a otros aspirantes a pol\u00edticos en debates como los organizados por la Radio Universitaria de Le\u00f3n. Por all\u00ed pasaron varios de los actuales mandatarios de la provincia. Mu\u00f1oz es la que m\u00e1s lejos ha llegado en su carrera.\n    <\/p>\n<p>\n        Licenciada en Derecho entre A Coru\u00f1a y Le\u00f3n, y m\u00e1ster en Derecho internacional en la Universidad de Murcia, Mu\u00f1oz acumul\u00f3 cierto bagaje profesional como abogada y comercial previo a su entrada en pol\u00edtica. Pero no hab\u00eda cumplido los 30 a\u00f1os cuando pis\u00f3 por primera vez la sede nacional del PP, en la madrile\u00f1a calle de G\u00e9nova. Entre 2012 y 2016 estuvo en el gabinete de Carlos Floriano, primero, y de Fernando Mart\u00ednez Ma\u00edllo, cuando ambos dirigieron la organizaci\u00f3n del partido en tiempos de Mariano Rajoy.\n    <\/p>\n<p>\n        En 2016 Mu\u00f1oz integr\u00f3 las listas electorales al Senado por la circunscripci\u00f3n de Le\u00f3n. Estuvo en la C\u00e1mara Alta hasta abril de 2019. Se tuvo que conformar con ir de n\u00famero 2 en las listas que impuso la direcci\u00f3n de Pablo Casado, con quien coincidi\u00f3 en G\u00e9nova. A ambos se le atribuye una mala relaci\u00f3n <a href=\"https:\/\/ileon.eldiario.es\/politica\/silvan-cae-candidatura-pp-senado-pesar-presion-casado-elige-joven-fiel_1_9485274.html\" rel=\"nofollow\">que ella siempre ha intentado desmentir<\/a>. Quienes estaban all\u00ed saben que nunca se llevaron bien.\n    <\/p>\n<h2>Senado, primera prueba estatal<\/h2>\n<p>\n        Mu\u00f1oz despunt\u00f3 r\u00e1pidamente en el Senado con discursos con audiencias poco habituales en la C\u00e1mara Alta. Tambi\u00e9n se llev\u00f3 los primeros grandes titulares, no precisamente positivos, por la pol\u00e9mica que provocaron unas palabras suyas sobre memoria hist\u00f3rica. \u201c15 millones para que ustedes desentierren unos huesos\u201d, le espet\u00f3 a la entonces ministra de Justicia, Dolores Delgado.\n    <\/p>\n<p>\n        Mu\u00f1oz acab\u00f3 pidiendo disculpas y aleg\u00f3 que se refer\u00eda a la exhumaci\u00f3n del dictador Francisco Franco. Dijo \u201chuesos\u201d cuando quer\u00eda decir \u201cmomia\u201d. Entonces explic\u00f3 que hab\u00eda mediado con <a href=\"https:\/\/www.eldiario.es\/sociedad\/santiago-cantera-prior-boicotear-exhumacion-franco-deja-valle-cuelgamuros_1_12151772.html\" rel=\"nofollow\">el pol\u00e9mico prior del Valle de Cuelgamuros<\/a>, Santiago Cantera, para que dejara salir los restos de represaliados enterrados all\u00ed y que eran reclamados por sus familias. En la C\u00e1mara Alta aprendi\u00f3 la tarea parlamentaria. Junto al senador leon\u00e9s Luis Aznar particip\u00f3 en la comisi\u00f3n de investigaci\u00f3n que compr\u00f3 los bulos sobre la falsa financiaci\u00f3n ilegal de Podemos <a href=\"https:\/\/www.eldiario.es\/politica\/senado-iglesias-venezuela_1_1794394.html\" rel=\"nofollow\">para tapar la del PP<\/a>.\n    <\/p>\n<p>\n        Sin cargo en el Senado, en 2019 intent\u00f3 quedarse en el equipo de Jos\u00e9 Luis Mart\u00ednez Almeida en el Ayuntamiento de Madrid, pero finalmente se incorpor\u00f3 como asesora de confianza del presidente de Castilla y Le\u00f3n, Alfonso Fern\u00e1ndez Ma\u00f1ueco. All\u00ed se mantuvo hasta que en el a\u00f1o 2021 fue nombrada Delegada de la Junta de Castilla y Le\u00f3n en su provincia natal.\n    <\/p>\n<h2>Vuelta a Le\u00f3n<\/h2>\n<p>\n        En Le\u00f3n es donde m\u00e1s ha brillado pol\u00edticamente Ester Mu\u00f1oz, coinciden afines y cr\u00edticos. Hasta ahora. El cargo que asumi\u00f3 suele ser de gesti\u00f3n, pero Mu\u00f1oz le dio una p\u00e1tina pol\u00edtica de defensa de las acciones del gobierno de Ma\u00f1ueco <a href=\"https:\/\/ileon.eldiario.es\/politica\/ester-munoz-encabezara-lista-pp-leon-congreso-diputados-23j_1_10286817.html\" rel=\"nofollow\">en un territorio que es bastante hostil<\/a> al PP. Despu\u00e9s estuvo en el equipo de campa\u00f1a de Ma\u00f1ueco en febrero de 2022, cuando el PP estuvo a punto de perder uno de los gobiernos que m\u00e1s a\u00f1os ha controlado.\n    <\/p>\n<p>\n        Ester Mu\u00f1oz ha sido uno de los pocos nombres del PP de Le\u00f3n que se ha acordado de la figura de la asesinada Isabel Carrasco, antecesora suya en dos de sus principales cargos, el de delegada territorial de la Junta en Le\u00f3n y de presidenta provincial. Carrasco fue asesinada en el 2014 en un caso que supuso la condena a tres mujeres por los hechos.\n    <\/p>\n<p>\n        El resto del partido, con car\u00e1cter general, ha corrido un tupido velo sobre la figura de Isabel Carrasco por su controvertida carrera pol\u00edtica y su final.\n    <\/p>\n<p>\n        En oto\u00f1o de 2022 Ester Mu\u00f1oz se hace con la Presidencia del PP de Le\u00f3n tras una crisis abierta en el partido tras la divulgaci\u00f3n de unos audios que pon\u00edan en cuesti\u00f3n el proceso de primarias. <a href=\"https:\/\/ileon.eldiario.es\/politica\/ester-munoz-elegida-presidenta-pp-leon-asume-cargo-reto-listas-ganadoras-2023_1_9746592.html\" rel=\"nofollow\">Mu\u00f1oz lleg\u00f3 con el aval de G\u00e9nova<\/a>, y de Alfonso Fern\u00e1ndez Ma\u00f1ueco, para pacificar el partido, aunque tuvo que sobrevivir a una ins\u00f3lita revuelta tras las elecciones municipales del 2023, en las que su partido recuper\u00f3 buena parte del poder municipal. El propio Miguel Tellado tuvo que ir en persona a Le\u00f3n y amenaz\u00f3 con expulsar a quienes no apoyaran al candidato oficial. Se sali\u00f3 con la suya, pero <a href=\"https:\/\/ileon.eldiario.es\/politica\/ester-munoz-lista-pp-diputacion-ego-nadie-leoneses_1_10371692.html\" rel=\"nofollow\">a costa de no gobernar la instituci\u00f3n<\/a>, que cay\u00f3 para el PSOE.\n    <\/p>\n<p>\n        Mu\u00f1oz ha sido un ariete del PP contra el leonesismo, el movimiento que propugna la salida de Le\u00f3n de la actual autonom\u00eda con Castilla. Tanto en sus funciones como delegada del Gobierno auton\u00f3mico como desde partido. Si algo teme el PP de Castilla y Le\u00f3n, y Alfonso Fern\u00e1ndez Ma\u00f1ueco, es un giro \u2018leonesista\u2019  que propugnaba de una manera suave la anterior direcci\u00f3n provincial. Mu\u00f1oz se ha mantenido firme en la <a href=\"https:\/\/ileon.eldiario.es\/politica\/presidenta-pp-leon-habla-tercer-dia-mocion-leonesista-diputacion-espectaculo-lamentable_1_11488592.html\" rel=\"nofollow\">defensa del actual marco auton\u00f3mico<\/a>.\n    <\/p>\n<h2>2023: regreso a Madrid<\/h2>\n<p>\n        En Le\u00f3n comenz\u00f3 su proyecto vital, pero en 2023 Ester Mu\u00f1oz encabez\u00f3 la candidatura del PP al Congreso por la provincia y recal\u00f3 en la Carrera de San Jer\u00f3nimo como diputada. Ella no lo sab\u00eda, pero ya estaba en un proceso de selecci\u00f3n que inici\u00f3 Tellado.\n    <\/p>\n<p>\n        El gallego se recorri\u00f3 toda Espa\u00f1a como vicesecretario de Organizaci\u00f3n durante los primeros meses de Feij\u00f3o en Madrid. Conoci\u00f3 a Mu\u00f1oz y la apunt\u00f3 en su libreta de futuros fichajes.\n    <\/p>\n<p>\n        Ocurri\u00f3 en 2023. Feij\u00f3o la llam\u00f3 a su despacho, habl\u00f3 con ella y volvi\u00f3 a su cub\u00edculo sin saber qu\u00e9 estaba pasando. Poco despu\u00e9s fue designada vicesecretaria de Educaci\u00f3n y Sanidad sin dejar la presidencia del PP de Le\u00f3n. Sus cr\u00edticos ambicionaron entonces un cambio, pero la falta de acuerdo en el nombre de la sucesi\u00f3n hizo naufragar todos los intentos.\n    <\/p>\n<p>\n        El PP tendr\u00e1 que decidir ahora qu\u00e9 hace con Le\u00f3n, una plaza siempre complicada de gestionar por sus especificidades. De momento, eso s\u00ed, todo son loas y enhorabuenas a Mu\u00f1oz por sus nuevas responsabilidades en Madrid.\n    <\/p>\n<p>\n        Mu\u00f1oz lleg\u00f3 a G\u00e9nova como parte de la renovaci\u00f3n de la c\u00fapula de Feij\u00f3o en 2023 junto a Ana Al\u00f3s y Paloma Marat\u00f3n (que saldr\u00e1n del Comit\u00e9 de Direcci\u00f3n en el congreso del fin de semana) y Noelia N\u00fa\u00f1ez.\n    <\/p>\n<p>\n        De las cuatro es la que m\u00e1s proyecci\u00f3n ha logrado. Su estilo directo, su fama de trabajadora y la calidad de los \u201cpapeles\u201d que prepara para sus jefes, seg\u00fan coinciden diferentes fuentes del PP, han propiciado un arrollador ascenso.\n    <\/p>\n<p>\n        Su prueba de fuego lleg\u00f3 en un debate parlamentario con la entonces vicepresidenta tercera, Teresa Ribera, a cuenta de la tragedia de la DANA de Valencia que provoc\u00f3 228 muertos en octubre de 2024. El discurso que ley\u00f3 pas\u00f3 el control previo de la direcci\u00f3n del grupo, ya entonces en manos de Tellado. Le recomendaron m\u00e1s dureza incluso contra Ribera, quien se jugaba ser designada vicepresidenta de la Comisi\u00f3n Europea. Ella pidi\u00f3 confianza y, seg\u00fan sus compa\u00f1eros, le sali\u00f3 bordado. Le debi\u00f3 gustar mucho porque es hoy todav\u00eda el tuit fijado que tiene en su cuenta.\n    <\/p>\n<p>\n        En el grupo parlamentario sorprendi\u00f3 su solvencia y su rapidez en las r\u00e9plicas. Quienes la conocen en el PP recuerdan que en su \u00e9poca en Le\u00f3n tuvo que presidir varios cecopis ante incendios forestales. \u201cSabe lo de que habla\u201d, apuntan.\n    <\/p>\n<p>\n        En una <a href=\"https:\/\/ileon.eldiario.es\/politica\/ester-munoz-si-leonesismo-trabajar-leon-leonesistas-son-junta-castilla-leon_128_9903500.html\" rel=\"nofollow\">entrevista en 2023 con ILE\u00d3N<\/a>, Mu\u00f1oz respond\u00eda sobre sus aspiraciones pol\u00edticas: \u201c\u00bfCu\u00e1ntas cosas no han pasado en pol\u00edtica en una semana? Como para mirar a medio plazo, pero si es que aqu\u00ed las cosas cambian de repente en 15 d\u00edas, as\u00ed que lo que hay que hacer es trabajar en el hoy y en el ahora, para que cuando lleguen las elecciones nos hayan pillado con el trabajo hecho\u201d.\n    <\/p>\n<p>\n        Lo inesperado ocurri\u00f3 el pasado lunes. Feij\u00f3o la llam\u00f3 a su despacho y le comunic\u00f3 su nueva tarea. Su idea es apostar por la \u201ccontinuidad\u201d y mantener, m\u00e1s o menos, el equipo que hereda de Tellado. \u201cNo hace las cosas a medias, hace las cosas bien\u201d, dicen quienes la conocen. Ese \u201cbien\u201d implica cumplir con la tarea que se le encomienda. Y ahora tiene la misi\u00f3n de taponar cualquier fuga de votos hacia Vox.\n    <\/p>\n<p>\n        16 a\u00f1os despu\u00e9s, Mu\u00f1oz y Abascal volver\u00e1n a compartir debates. El l\u00edder de Vox siempre ha tenido muy buenas relaciones con parte del PP leon\u00e9s, acogi\u00e9ndole incluso en el proceso de fundaci\u00f3n del partido escindido del propio PP. Est\u00e1 por ver si, como dijo entonces el hoy l\u00edder ultra, la leonesa sigue siendo para \u00e9l \u201cuna esperanza\u201d o es una rival por el mismo votante.\n    <\/p>\n<\/div>\n","protected":false},"excerpt":{"rendered":"<p>La nueva portavoz del PP en el Congreso no enga\u00f1a. Es lo que parece. Como dijo ella misma este jueves en una entrevista, Ester Mu\u00f1oz de la Iglesia (Le\u00f3n, 1985) es \u201cclara\u201d. Transparente, m\u00e1s bien. Y lo es porque siempre ha sido as\u00ed: de preparaci\u00f3n concienzuda, directa, con facilidad de palabra y buena memoria para<\/p>\n","protected":false},"author":1,"featured_media":246728,"comment_status":"open","ping_status":"open","sticky":false,"template":"","format":"standard","meta":{"footnotes":""},"categories":[71],"tags":[],"class_list":["post-246727","post","type-post","status-publish","format-standard","has-post-thumbnail","hentry","category-politics-es"],"acf":[],"yoast_head":"<!-- This site is optimized with the Yoast SEO plugin v22.9 - https:\/\/yoast.com\/wordpress\/plugins\/seo\/ -->\n<title>Ester Mu\u00f1oz, la alumna aventajada de Tellado para la lucha final contra S\u00e1nchez - vof-news.eu<\/title>\n<meta name=\"description\" content=\"La nueva portavoz del PP en el Congreso no enga\u00f1a. Es lo que parece. Como dijo ella misma este jueves en una entrevista, Ester Mu\u00f1oz de la Iglesia (Le\u00f3n, 1985) es \u201cclara\u201d. Transparente, m\u00e1s bien. Y lo es porque siempre ha sido as\u00ed: de preparaci\u00f3n concienzuda, directa, con facilidad de palabra y buena memoria para unos discursos muy ideol\u00f3gicos y duros. Muy duros. Ya era as\u00ed antes de entrar en pol\u00edtica profesional. En 2009 recibi\u00f3 un premio de Denaes por su defensa del castellano y contra el uso oficial de las otras lenguas espa\u00f1olas. El presidente de esa fundaci\u00f3n (para defender la naci\u00f3n espa\u00f1ola) se dijo \u201cemocionado\u201d cuando le entreg\u00f3 el galard\u00f3n. Era Santiago Abascal. 16 a\u00f1os despu\u00e9s, Alberto N\u00fa\u00f1ez Feij\u00f3o la ha puesto en primera l\u00ednea de vanguardia para la lucha final contra Pedro S\u00e1nchez.\" \/>\n<meta name=\"robots\" content=\"noindex, follow, max-snippet:-1, max-image-preview:large, max-video-preview:-1\" \/>\n<meta property=\"og:locale\" content=\"es_ES\" \/>\n<meta property=\"og:type\" content=\"article\" \/>\n<meta property=\"og:title\" content=\"Ester Mu\u00f1oz, la alumna aventajada de Tellado para la lucha final contra S\u00e1nchez - vof-news.eu\" \/>\n<meta property=\"og:description\" content=\"La nueva portavoz del PP en el Congreso no enga\u00f1a. Es lo que parece. Como dijo ella misma este jueves en una entrevista, Ester Mu\u00f1oz de la Iglesia (Le\u00f3n, 1985) es \u201cclara\u201d. Transparente, m\u00e1s bien. Y lo es porque siempre ha sido as\u00ed: de preparaci\u00f3n concienzuda, directa, con facilidad de palabra y buena memoria para unos discursos muy ideol\u00f3gicos y duros. Muy duros. Ya era as\u00ed antes de entrar en pol\u00edtica profesional. En 2009 recibi\u00f3 un premio de Denaes por su defensa del castellano y contra el uso oficial de las otras lenguas espa\u00f1olas. El presidente de esa fundaci\u00f3n (para defender la naci\u00f3n espa\u00f1ola) se dijo \u201cemocionado\u201d cuando le entreg\u00f3 el galard\u00f3n. Era Santiago Abascal. 16 a\u00f1os despu\u00e9s, Alberto N\u00fa\u00f1ez Feij\u00f3o la ha puesto en primera l\u00ednea de vanguardia para la lucha final contra Pedro S\u00e1nchez.\" \/>\n<meta property=\"og:url\" content=\"https:\/\/vof-news.eu\/es\/ester-munoz-la-alumna-aventajada-de-tellado-para-la-lucha-final-contra-sanchez\/\" \/>\n<meta property=\"og:site_name\" content=\"vof-news.eu\" \/>\n<meta property=\"article:published_time\" content=\"2025-07-04T04:17:08+00:00\" \/>\n<meta property=\"article:modified_time\" content=\"2025-07-04T04:17:48+00:00\" \/>\n<meta property=\"og:image\" content=\"https:\/\/vof-news.eu\/wp-content\/uploads\/2025\/07\/93ff5a77-451f-4fd2-a510-873b8a425791_16-9-discover-aspect-ratio_default_1121069.jpg\" \/>\n\t<meta property=\"og:image:width\" content=\"1200\" \/>\n\t<meta property=\"og:image:height\" content=\"675\" \/>\n\t<meta property=\"og:image:type\" content=\"image\/jpeg\" \/>\n<meta name=\"author\" content=\"Author\" \/>\n<meta name=\"twitter:card\" content=\"summary_large_image\" \/>\n<meta name=\"twitter:label1\" content=\"Escrito por\" \/>\n\t<meta name=\"twitter:data1\" content=\"Author\" \/>\n\t<meta name=\"twitter:label2\" content=\"Tiempo de lectura\" \/>\n\t<meta name=\"twitter:data2\" content=\"11 minutos\" \/>\n<script type=\"application\/ld+json\" class=\"yoast-schema-graph\">{\"@context\":\"https:\/\/schema.org\",\"@graph\":[{\"@type\":\"WebPage\",\"@id\":\"https:\/\/vof-news.eu\/es\/ester-munoz-la-alumna-aventajada-de-tellado-para-la-lucha-final-contra-sanchez\/\",\"url\":\"https:\/\/vof-news.eu\/es\/ester-munoz-la-alumna-aventajada-de-tellado-para-la-lucha-final-contra-sanchez\/\",\"name\":\"Ester Mu\u00f1oz, la alumna aventajada de Tellado para la lucha final contra S\u00e1nchez - vof-news.eu\",\"isPartOf\":{\"@id\":\"https:\/\/vof-news.eu\/es\/#website\"},\"primaryImageOfPage\":{\"@id\":\"https:\/\/vof-news.eu\/es\/ester-munoz-la-alumna-aventajada-de-tellado-para-la-lucha-final-contra-sanchez\/#primaryimage\"},\"image\":{\"@id\":\"https:\/\/vof-news.eu\/es\/ester-munoz-la-alumna-aventajada-de-tellado-para-la-lucha-final-contra-sanchez\/#primaryimage\"},\"thumbnailUrl\":\"https:\/\/vof-news.eu\/wp-content\/uploads\/2025\/07\/93ff5a77-451f-4fd2-a510-873b8a425791_16-9-discover-aspect-ratio_default_1121069.jpg\",\"datePublished\":\"2025-07-04T04:17:08+00:00\",\"dateModified\":\"2025-07-04T04:17:48+00:00\",\"author\":{\"@id\":\"https:\/\/vof-news.eu\/es\/#\/schema\/person\/f6a2a4309f0561835797fd8c19b333ed\"},\"description\":\"La nueva portavoz del PP en el Congreso no enga\u00f1a. Es lo que parece. Como dijo ella misma este jueves en una entrevista, Ester Mu\u00f1oz de la Iglesia (Le\u00f3n, 1985) es \u201cclara\u201d. Transparente, m\u00e1s bien. Y lo es porque siempre ha sido as\u00ed: de preparaci\u00f3n concienzuda, directa, con facilidad de palabra y buena memoria para unos discursos muy ideol\u00f3gicos y duros. Muy duros. Ya era as\u00ed antes de entrar en pol\u00edtica profesional. En 2009 recibi\u00f3 un premio de Denaes por su defensa del castellano y contra el uso oficial de las otras lenguas espa\u00f1olas. El presidente de esa fundaci\u00f3n (para defender la naci\u00f3n espa\u00f1ola) se dijo \u201cemocionado\u201d cuando le entreg\u00f3 el galard\u00f3n. Era Santiago Abascal. 16 a\u00f1os despu\u00e9s, Alberto N\u00fa\u00f1ez Feij\u00f3o la ha puesto en primera l\u00ednea de vanguardia para la lucha final contra Pedro S\u00e1nchez.\",\"breadcrumb\":{\"@id\":\"https:\/\/vof-news.eu\/es\/ester-munoz-la-alumna-aventajada-de-tellado-para-la-lucha-final-contra-sanchez\/#breadcrumb\"},\"inLanguage\":\"es\",\"potentialAction\":[{\"@type\":\"ReadAction\",\"target\":[\"https:\/\/vof-news.eu\/es\/ester-munoz-la-alumna-aventajada-de-tellado-para-la-lucha-final-contra-sanchez\/\"]}]},{\"@type\":\"ImageObject\",\"inLanguage\":\"es\",\"@id\":\"https:\/\/vof-news.eu\/es\/ester-munoz-la-alumna-aventajada-de-tellado-para-la-lucha-final-contra-sanchez\/#primaryimage\",\"url\":\"https:\/\/vof-news.eu\/wp-content\/uploads\/2025\/07\/93ff5a77-451f-4fd2-a510-873b8a425791_16-9-discover-aspect-ratio_default_1121069.jpg\",\"contentUrl\":\"https:\/\/vof-news.eu\/wp-content\/uploads\/2025\/07\/93ff5a77-451f-4fd2-a510-873b8a425791_16-9-discover-aspect-ratio_default_1121069.jpg\",\"width\":1200,\"height\":675},{\"@type\":\"BreadcrumbList\",\"@id\":\"https:\/\/vof-news.eu\/es\/ester-munoz-la-alumna-aventajada-de-tellado-para-la-lucha-final-contra-sanchez\/#breadcrumb\",\"itemListElement\":[{\"@type\":\"ListItem\",\"position\":1,\"name\":\"Home\",\"item\":\"https:\/\/vof-news.eu\/es\/\"},{\"@type\":\"ListItem\",\"position\":2,\"name\":\"Ester Mu\u00f1oz, la alumna aventajada de Tellado para la lucha final contra S\u00e1nchez\"}]},{\"@type\":\"WebSite\",\"@id\":\"https:\/\/vof-news.eu\/es\/#website\",\"url\":\"https:\/\/vof-news.eu\/es\/\",\"name\":\"vof-news.eu\",\"description\":\"\",\"potentialAction\":[{\"@type\":\"SearchAction\",\"target\":{\"@type\":\"EntryPoint\",\"urlTemplate\":\"https:\/\/vof-news.eu\/es\/?s={search_term_string}\"},\"query-input\":\"required name=search_term_string\"}],\"inLanguage\":\"es\"},{\"@type\":\"Person\",\"@id\":\"https:\/\/vof-news.eu\/es\/#\/schema\/person\/f6a2a4309f0561835797fd8c19b333ed\",\"name\":\"Author\",\"image\":{\"@type\":\"ImageObject\",\"inLanguage\":\"es\",\"@id\":\"https:\/\/vof-news.eu\/es\/#\/schema\/person\/image\/\",\"url\":\"https:\/\/secure.gravatar.com\/avatar\/b67e614b1b25b3e9c0c239efdd2fde5ab015b5affd6f1c3c85911ca4b384e790?s=96&d=mm&r=g\",\"contentUrl\":\"https:\/\/secure.gravatar.com\/avatar\/b67e614b1b25b3e9c0c239efdd2fde5ab015b5affd6f1c3c85911ca4b384e790?s=96&d=mm&r=g\",\"caption\":\"Author\"},\"sameAs\":[\"http:\/\/vof-news.eu\"],\"url\":\"https:\/\/vof-news.eu\/es\/author\/zwt6qxnjulxbnyg\/\"}]}<\/script>\n<!-- \/ Yoast SEO plugin. -->","yoast_head_json":{"title":"Ester Mu\u00f1oz, la alumna aventajada de Tellado para la lucha final contra S\u00e1nchez - vof-news.eu","description":"La nueva portavoz del PP en el Congreso no enga\u00f1a. Es lo que parece. Como dijo ella misma este jueves en una entrevista, Ester Mu\u00f1oz de la Iglesia (Le\u00f3n, 1985) es \u201cclara\u201d. Transparente, m\u00e1s bien. Y lo es porque siempre ha sido as\u00ed: de preparaci\u00f3n concienzuda, directa, con facilidad de palabra y buena memoria para unos discursos muy ideol\u00f3gicos y duros. Muy duros. Ya era as\u00ed antes de entrar en pol\u00edtica profesional. En 2009 recibi\u00f3 un premio de Denaes por su defensa del castellano y contra el uso oficial de las otras lenguas espa\u00f1olas. El presidente de esa fundaci\u00f3n (para defender la naci\u00f3n espa\u00f1ola) se dijo \u201cemocionado\u201d cuando le entreg\u00f3 el galard\u00f3n. Era Santiago Abascal. 16 a\u00f1os despu\u00e9s, Alberto N\u00fa\u00f1ez Feij\u00f3o la ha puesto en primera l\u00ednea de vanguardia para la lucha final contra Pedro S\u00e1nchez.","robots":{"index":"noindex","follow":"follow","max-snippet":"max-snippet:-1","max-image-preview":"max-image-preview:large","max-video-preview":"max-video-preview:-1"},"og_locale":"es_ES","og_type":"article","og_title":"Ester Mu\u00f1oz, la alumna aventajada de Tellado para la lucha final contra S\u00e1nchez - vof-news.eu","og_description":"La nueva portavoz del PP en el Congreso no enga\u00f1a. Es lo que parece. Como dijo ella misma este jueves en una entrevista, Ester Mu\u00f1oz de la Iglesia (Le\u00f3n, 1985) es \u201cclara\u201d. Transparente, m\u00e1s bien. Y lo es porque siempre ha sido as\u00ed: de preparaci\u00f3n concienzuda, directa, con facilidad de palabra y buena memoria para unos discursos muy ideol\u00f3gicos y duros. Muy duros. Ya era as\u00ed antes de entrar en pol\u00edtica profesional. En 2009 recibi\u00f3 un premio de Denaes por su defensa del castellano y contra el uso oficial de las otras lenguas espa\u00f1olas. El presidente de esa fundaci\u00f3n (para defender la naci\u00f3n espa\u00f1ola) se dijo \u201cemocionado\u201d cuando le entreg\u00f3 el galard\u00f3n. Era Santiago Abascal. 16 a\u00f1os despu\u00e9s, Alberto N\u00fa\u00f1ez Feij\u00f3o la ha puesto en primera l\u00ednea de vanguardia para la lucha final contra Pedro S\u00e1nchez.","og_url":"https:\/\/vof-news.eu\/es\/ester-munoz-la-alumna-aventajada-de-tellado-para-la-lucha-final-contra-sanchez\/","og_site_name":"vof-news.eu","article_published_time":"2025-07-04T04:17:08+00:00","article_modified_time":"2025-07-04T04:17:48+00:00","og_image":[{"width":1200,"height":675,"url":"https:\/\/vof-news.eu\/wp-content\/uploads\/2025\/07\/93ff5a77-451f-4fd2-a510-873b8a425791_16-9-discover-aspect-ratio_default_1121069.jpg","type":"image\/jpeg"}],"author":"Author","twitter_card":"summary_large_image","twitter_misc":{"Escrito por":"Author","Tiempo de lectura":"11 minutos"},"schema":{"@context":"https:\/\/schema.org","@graph":[{"@type":"WebPage","@id":"https:\/\/vof-news.eu\/es\/ester-munoz-la-alumna-aventajada-de-tellado-para-la-lucha-final-contra-sanchez\/","url":"https:\/\/vof-news.eu\/es\/ester-munoz-la-alumna-aventajada-de-tellado-para-la-lucha-final-contra-sanchez\/","name":"Ester Mu\u00f1oz, la alumna aventajada de Tellado para la lucha final contra S\u00e1nchez - vof-news.eu","isPartOf":{"@id":"https:\/\/vof-news.eu\/es\/#website"},"primaryImageOfPage":{"@id":"https:\/\/vof-news.eu\/es\/ester-munoz-la-alumna-aventajada-de-tellado-para-la-lucha-final-contra-sanchez\/#primaryimage"},"image":{"@id":"https:\/\/vof-news.eu\/es\/ester-munoz-la-alumna-aventajada-de-tellado-para-la-lucha-final-contra-sanchez\/#primaryimage"},"thumbnailUrl":"https:\/\/vof-news.eu\/wp-content\/uploads\/2025\/07\/93ff5a77-451f-4fd2-a510-873b8a425791_16-9-discover-aspect-ratio_default_1121069.jpg","datePublished":"2025-07-04T04:17:08+00:00","dateModified":"2025-07-04T04:17:48+00:00","author":{"@id":"https:\/\/vof-news.eu\/es\/#\/schema\/person\/f6a2a4309f0561835797fd8c19b333ed"},"description":"La nueva portavoz del PP en el Congreso no enga\u00f1a. Es lo que parece. Como dijo ella misma este jueves en una entrevista, Ester Mu\u00f1oz de la Iglesia (Le\u00f3n, 1985) es \u201cclara\u201d. Transparente, m\u00e1s bien. Y lo es porque siempre ha sido as\u00ed: de preparaci\u00f3n concienzuda, directa, con facilidad de palabra y buena memoria para unos discursos muy ideol\u00f3gicos y duros. Muy duros. Ya era as\u00ed antes de entrar en pol\u00edtica profesional. En 2009 recibi\u00f3 un premio de Denaes por su defensa del castellano y contra el uso oficial de las otras lenguas espa\u00f1olas. El presidente de esa fundaci\u00f3n (para defender la naci\u00f3n espa\u00f1ola) se dijo \u201cemocionado\u201d cuando le entreg\u00f3 el galard\u00f3n. Era Santiago Abascal. 16 a\u00f1os despu\u00e9s, Alberto N\u00fa\u00f1ez Feij\u00f3o la ha puesto en primera l\u00ednea de vanguardia para la lucha final contra Pedro S\u00e1nchez.","breadcrumb":{"@id":"https:\/\/vof-news.eu\/es\/ester-munoz-la-alumna-aventajada-de-tellado-para-la-lucha-final-contra-sanchez\/#breadcrumb"},"inLanguage":"es","potentialAction":[{"@type":"ReadAction","target":["https:\/\/vof-news.eu\/es\/ester-munoz-la-alumna-aventajada-de-tellado-para-la-lucha-final-contra-sanchez\/"]}]},{"@type":"ImageObject","inLanguage":"es","@id":"https:\/\/vof-news.eu\/es\/ester-munoz-la-alumna-aventajada-de-tellado-para-la-lucha-final-contra-sanchez\/#primaryimage","url":"https:\/\/vof-news.eu\/wp-content\/uploads\/2025\/07\/93ff5a77-451f-4fd2-a510-873b8a425791_16-9-discover-aspect-ratio_default_1121069.jpg","contentUrl":"https:\/\/vof-news.eu\/wp-content\/uploads\/2025\/07\/93ff5a77-451f-4fd2-a510-873b8a425791_16-9-discover-aspect-ratio_default_1121069.jpg","width":1200,"height":675},{"@type":"BreadcrumbList","@id":"https:\/\/vof-news.eu\/es\/ester-munoz-la-alumna-aventajada-de-tellado-para-la-lucha-final-contra-sanchez\/#breadcrumb","itemListElement":[{"@type":"ListItem","position":1,"name":"Home","item":"https:\/\/vof-news.eu\/es\/"},{"@type":"ListItem","position":2,"name":"Ester Mu\u00f1oz, la alumna aventajada de Tellado para la lucha final contra S\u00e1nchez"}]},{"@type":"WebSite","@id":"https:\/\/vof-news.eu\/es\/#website","url":"https:\/\/vof-news.eu\/es\/","name":"vof-news.eu","description":"","potentialAction":[{"@type":"SearchAction","target":{"@type":"EntryPoint","urlTemplate":"https:\/\/vof-news.eu\/es\/?s={search_term_string}"},"query-input":"required name=search_term_string"}],"inLanguage":"es"},{"@type":"Person","@id":"https:\/\/vof-news.eu\/es\/#\/schema\/person\/f6a2a4309f0561835797fd8c19b333ed","name":"Author","image":{"@type":"ImageObject","inLanguage":"es","@id":"https:\/\/vof-news.eu\/es\/#\/schema\/person\/image\/","url":"https:\/\/secure.gravatar.com\/avatar\/b67e614b1b25b3e9c0c239efdd2fde5ab015b5affd6f1c3c85911ca4b384e790?s=96&d=mm&r=g","contentUrl":"https:\/\/secure.gravatar.com\/avatar\/b67e614b1b25b3e9c0c239efdd2fde5ab015b5affd6f1c3c85911ca4b384e790?s=96&d=mm&r=g","caption":"Author"},"sameAs":["http:\/\/vof-news.eu"],"url":"https:\/\/vof-news.eu\/es\/author\/zwt6qxnjulxbnyg\/"}]}},"yoast_meta":{"yoast_wpseo_title":"","yoast_wpseo_metadesc":"","yoast_wpseo_canonical":""},"_links":{"self":[{"href":"https:\/\/vof-news.eu\/es\/wp-json\/wp\/v2\/posts\/246727","targetHints":{"allow":["GET"]}}],"collection":[{"href":"https:\/\/vof-news.eu\/es\/wp-json\/wp\/v2\/posts"}],"about":[{"href":"https:\/\/vof-news.eu\/es\/wp-json\/wp\/v2\/types\/post"}],"author":[{"embeddable":true,"href":"https:\/\/vof-news.eu\/es\/wp-json\/wp\/v2\/users\/1"}],"replies":[{"embeddable":true,"href":"https:\/\/vof-news.eu\/es\/wp-json\/wp\/v2\/comments?post=246727"}],"version-history":[{"count":1,"href":"https:\/\/vof-news.eu\/es\/wp-json\/wp\/v2\/posts\/246727\/revisions"}],"predecessor-version":[{"id":246734,"href":"https:\/\/vof-news.eu\/es\/wp-json\/wp\/v2\/posts\/246727\/revisions\/246734"}],"wp:featuredmedia":[{"embeddable":true,"href":"https:\/\/vof-news.eu\/es\/wp-json\/wp\/v2\/media\/246728"}],"wp:attachment":[{"href":"https:\/\/vof-news.eu\/es\/wp-json\/wp\/v2\/media?parent=246727"}],"wp:term":[{"taxonomy":"category","embeddable":true,"href":"https:\/\/vof-news.eu\/es\/wp-json\/wp\/v2\/categories?post=246727"},{"taxonomy":"post_tag","embeddable":true,"href":"https:\/\/vof-news.eu\/es\/wp-json\/wp\/v2\/tags?post=246727"}],"curies":[{"name":"wp","href":"https:\/\/api.w.org\/{rel}","templated":true}]}}