{"id":246661,"date":"2025-07-04T01:22:12","date_gmt":"2025-07-03T22:22:12","guid":{"rendered":"https:\/\/vof-news.eu\/paloma-sanchez-garnica-sea-mas-sutil-o-mas-perversa-toda-la-politica-actual-se-basa-en-los-metodos-de-goebbels\/"},"modified":"2025-07-04T01:23:01","modified_gmt":"2025-07-03T22:23:01","slug":"paloma-sanchez-garnica-sea-mas-sutil-o-mas-perversa-toda-la-politica-actual-se-basa-en-los-metodos-de-goebbels","status":"publish","type":"post","link":"https:\/\/vof-news.eu\/es\/paloma-sanchez-garnica-sea-mas-sutil-o-mas-perversa-toda-la-politica-actual-se-basa-en-los-metodos-de-goebbels\/","title":{"rendered":"Paloma S\u00e1nchez-Garnica: \u00abSea m\u00e1s sutil o m\u00e1s perversa, toda la pol\u00edtica actual se basa en los m\u00e9todos de Goebbels\u00bb"},"content":{"rendered":"<div>\n<p>A finales de septiembre de 1989, la entonces abogada <a href=\"https:\/\/www.elmundo.es\/cultura\/literatura\/2024\/10\/16\/670fbc87e9cf4a87718b458a.html\" rel=\"nofollow\"><strong>Paloma S\u00e1nchez-Garnica<\/strong><\/a> (Madrid, 1962) viajaba con su marido en coche a trav\u00e9s de la Rep\u00fablica Federal Alemana con destino a Berl\u00edn, a donde llegaron tras cruzar la frontera con la comunista Rep\u00fablica Democr\u00e1tica Alemana en cuyo territorio estaba la ciudad. \u00ab<strong>Incluso aislada como estaba, el Berl\u00edn occidental era una ciudad palpitante de vida<\/strong> con gente en la calle y las terrazas, coches lujosos, tiendas a rebosar&#8230;\u00bb, rememora la escritora paseando por las anchas y ordenadas calles de la capital alemana, a donde viaja para recorrer los principales escenarios de su trilog\u00eda berlinesa. \u00abPero todo cambi\u00f3 apenas a una parada de metro, tras cruzar en la estaci\u00f3n de Friedrichstra\u00dfe <strong>una frontera absolutamente asfixiante y bastante inquietante. Me pareci\u00f3 que era como un viaje al pasado<\/strong>\u00ab.<\/p>\n<p>En los estertores del r\u00e9gimen comunista, comparte, \u00abBerl\u00edn oriental parec\u00eda anclada 30 a\u00f1os atr\u00e1s, era una ciudad gris, fr\u00eda, lenta, especialmente monocolor. No hab\u00eda nada en los escaparates, <strong>no \u00e9ramos capaces de gastarnos los cinco mil y pico pesetas que te obligaban a cambiar en marcos de la RDA para darte el visado porque no hab\u00eda productos que comprar<\/strong>\u00ab, apunta a\u00fan asombrada. \u00abDe vuelta en el lado occidental, tocando el Muro justo al lado de la Puerta de Brandenburgo, mi marido dijo una frase que se me qued\u00f3 grabada:<strong> &#8216;Nosotros quiz\u00e1 no, pero este muro lo ver\u00e1n caer nuestros hijos&#8217;<\/strong>\u00ab, recuerda.<\/p>\n<p>Sin embargo, apenas unas semanas despu\u00e9s, el 9 de noviembre de ese crucial 1989, S\u00e1nchez-Garnica ver\u00eda por televisi\u00f3n c\u00f3mo<strong> las dos Berlines se reencontraban tras m\u00e1s de 40 a\u00f1os divididas<\/strong>, casi 30 de ellos separadas por toneladas de hormig\u00f3n y acero. \u00abSi me dices un momento hist\u00f3rico en el que me hubiera encantado vivir,<strong> ser\u00eda esa ciudad aquella noche, con esa explosi\u00f3n de libertad, de alegr\u00eda<\/strong>, esas emociones que sinti\u00f3 tanta gente de un lado y otro, y que nadie se terminaba de creer\u00bb.<\/p>\n<h2>Reconstruyendo la historia<\/h2>\n<p>De esa fascinaci\u00f3n por la capital alemana ha surgido mucha de la inspiraci\u00f3n literaria de la escritora, quien <strong>ha ambientado all\u00ed tres de sus nueve novelas, las cuales Planeta re\u00fane ahora en un estuche<\/strong> que saldr\u00e1 a la venta en oto\u00f1o. Tambi\u00e9n por esas fechas llegar\u00e1 a la gran pantalla -con pel\u00edcula dirigida por Imanol Uribe y protagonizada por \u00c1lex Gonz\u00e1lez y Aura Garrido- la primera, <a href=\"https:\/\/www.elmundo.es\/cultura\/literatura\/2019\/03\/08\/5c815fe121efa08a118b4646.html\" rel=\"nofollow\"><i>La sospecha de Sof\u00eda<\/i><\/a> (2019), que narra una trepidante historia ambientada entre finales de los 60 y principios de los 70 y <strong>contrapone la dictadura germana, en su auge en aquellos a\u00f1os, con la por entonces ya decadente dictadura franquista<\/strong>.<\/p>\n<blockquote>\n<p>\u00abBerl\u00edn condensa lo peor del siglo XX, desde los errores ideol\u00f3gicos del totalitarismo nazi y comunista, hasta la m\u00e1xima crueldad humana\u00bb<\/p>\n<p><span><\/span><\/p><\/blockquote>\n<p>Despu\u00e9s vendr\u00eda <a href=\"https:\/\/www.elmundo.es\/cultura\/literatura\/2021\/10\/17\/616afefbfdddff828f8b45b6.html\" rel=\"nofollow\"><i>Los \u00faltimos d\u00edas de Berl\u00edn<\/i><\/a>, en la que viajaba a la Alemania de 1933 para <strong>comprender c\u00f3mo fue el auge del nazismo, pero que tambi\u00e9n exploraba la vida cotidiana durante el estalinismo <\/strong>como una especie de juego de espejos. Si esa novela le vali\u00f3 ser finalista del <a href=\"https:\/\/www.elmundo.es\/cultura\/literatura\/2024\/10\/15\/670e9716e85ece3b198b45c0.html\" rel=\"nofollow\">Premio Planeta<\/a>, el premio gordo llegar\u00eda el pasado octubre con <a href=\"https:\/\/www.elmundo.es\/la-lectura\/2024\/12\/03\/6747087421efa02a258b4570.html\" rel=\"nofollow\"><i>Victoria<\/i><\/a>, merecedora del galard\u00f3n, en la que a trav\u00e9s de la historia de dos hermanas separadas por el Muro y la ideolog\u00eda S\u00e1nchez-Garnica <strong>explora los claroscuros de los dilemas morales, la crudeza de la lucha por la supervivencia y de paso<\/strong>, desmonta varios t\u00f3picos sobre la bondad de los Aliados, incidiendo en el trato dado a los alemanes en la posguerra y exponiendo los paralelismos entre el nazismo y el macartismo o la segregaci\u00f3n racial.<\/p>\n<p>\u00abUn libro fue llevando al otro. Conocer la RDA me hizo interesarme por c\u00f3mo se lleg\u00f3 al nazismo, e internarme en esta \u00e9poca por c\u00f3mo sobrevivieron tras la guerra los berlineses, <strong>especialmente aquellas mujeres que como broche final vivieron una oleada de violaciones y humillaciones que tuvieron que silenciar y normalizar para salir adelante<\/strong>\u00ab, explica la escritora paseando por puntos emblem\u00e1ticos de la ciudad como <strong>Alexanderplatz<\/strong>, centro neur\u00e1lgico del Berl\u00edn oriental; el <strong>ayuntamiento Sch\u00f6neberg<\/strong>, donde J. F. Kennedy pronunci\u00f3 su m\u00edtico discurso terminado con \u00ab<i>Ich bin ein Berliner<\/i>\u00bb (Soy un berlin\u00e9s); la Iglesia de la Memoria, emblema decimon\u00f3nico del Imperio alem\u00e1n cuyas ruinas nunca se reconstruyeron tras los bombardeos para no caer en el olvido, o el Oberbaumbr\u00fccke, el famoso \u00abpuente de los esp\u00edas\u00bb, que fue durante a\u00f1os una frontera caliente y junto al que queda <strong>el \u00faltimo rastro de Muro, unos kil\u00f3metros convertidos en murales en los a\u00f1os 90 por 117 artistas de 21 pa\u00edses<\/strong> -ah\u00ed es donde est\u00e1 el ic\u00f3nico grafiti denominado <i>Beso Fraternal Socialista<\/i>-.<\/p>\n<h2>La responsabilidad de la memoria<\/h2>\n<p>Todos esos lugares, afirma la escritora, son una huella del pasado que hace de Berl\u00edn \u00abun lugar clave para explicar el siglo XX. <strong>La ciudad condensa todos los errores ideol\u00f3gicos y pol\u00edticos del totalitarismo nazi y comunista, y tambi\u00e9n la m\u00e1xima crueldad humana<\/strong>, pues fue casi completamente devastada por las bombas y a su poblaci\u00f3n superviviente y agonizante se la responsabiliz\u00f3 de todos los males de la guerra\u00bb, reflexiona la autora sin poder evitar una lectura contempor\u00e1nea. \u00abLa memoria que guarda Berl\u00edn es importante para recordar que, como dec\u00eda Primo Levi, no estamos exentos de los males del pasado. <strong>Llevamos varias d\u00e9cadas viviendo en una sociedad muy acomodada, adocenada y aburguesada<\/strong>. Como estamos viendo, seguimos en una Guerra Fr\u00eda que no va m\u00e1s all\u00e1 por la amenaza nuclear, pero no deber\u00eda ser necesario que ocurrieran tragedias como las de Ucrania o Gaza para que no olvidemos que todo horror pasado puede suceder hoy\u00bb, lamenta.<\/p>\n<blockquote>\n<p> \u00abEn Europa llevamos varias d\u00e9cadas adocenados y aburguesados, hemos olvidado que todo horror del pasado puede suceder de nuevo hoy en d\u00eda\u00bb<\/p>\n<p><span><\/span><\/p><\/blockquote>\n<p>M\u00e1xime en un mundo en el que, opina, nos parecemos m\u00e1s a muchas de las cosas malas del siglo XX de lo que creemos. \u00abLa idea de propaganda ideol\u00f3gica que crearon los nazis la vemos hoy en las redes y el mundo digital, en una pol\u00edtica que busca un pensamiento \u00fanico. <strong>Sea m\u00e1s sutil o m\u00e1s perversa, toda la pol\u00edtica actual se basa en los principios y m\u00e9todos de Goebbels<\/strong>\u00ab. Por eso, defiende, \u00ablos ciudadanos tenemos la responsabilidad de no dejarnos llevar por los mensajes facilones, de hacer el esfuerzo de analizar y cribar la informaci\u00f3n, de no ser ovejas. El periodista Edward R. Murrow dijo: <strong>&#8216;un pa\u00eds de ovejas engendra un gobierno de locos&#8217;, y as\u00ed estamos hoy, con l\u00edderes como Trump, Putin o Xi Jinping<\/strong>, que no son sino unos oportunistas imprevisibles\u00bb.<\/p>\n<p>Ese papel de advertencia lo cumple para S\u00e1nchez-Garnica la literatura, que nos vuelve \u00abm\u00e1s cr\u00edticos y menos manipulables. La ciencia dice que el cerebro no distingue entre lo que es real y lo que es ficci\u00f3n, por eso la ficci\u00f3n es una herramienta accesible para comprender al ser humano, sus ideas, motivaciones y actos. <strong>La buena literatura, las grandes novelas, tienen que ser capaces de llegar a todos los lectores y niveles, desde lo m\u00e1s superficial hasta lo m\u00e1s profundo<\/strong>\u00ab, argumenta. \u00abYo no soy analista pol\u00edtica, as\u00ed que no puedo hablar del presente, pero s\u00ed creo que <strong>entender y conocer el pasado, adem\u00e1s de ese modo \u00edntimo que logran las novelas, con personajes y emociones con los que la gente se identifique, es fundamental<\/strong> para entender el mundo en el que vivimos\u00bb. Y para que, con suerte, historias como esas que guarda el Berl\u00edn del siglo XX nunca se repitan.<\/p>\n<hr\/>\n<\/div>\n","protected":false},"excerpt":{"rendered":"<p>A finales de septiembre de 1989, la entonces abogada Paloma S\u00e1nchez-Garnica (Madrid, 1962) viajaba con su marido en coche a trav\u00e9s de la Rep\u00fablica Federal Alemana con destino a Berl\u00edn, a donde llegaron tras cruzar la frontera con la comunista Rep\u00fablica Democr\u00e1tica Alemana en cuyo territorio estaba la ciudad. \u00abIncluso aislada como estaba, el Berl\u00edn<\/p>\n","protected":false},"author":1,"featured_media":246662,"comment_status":"open","ping_status":"open","sticky":false,"template":"","format":"standard","meta":{"footnotes":""},"categories":[66],"tags":[],"class_list":["post-246661","post","type-post","status-publish","format-standard","has-post-thumbnail","hentry","category-culture-es"],"acf":[],"yoast_head":"<!-- This site is optimized with the Yoast SEO plugin v22.9 - https:\/\/yoast.com\/wordpress\/plugins\/seo\/ -->\n<title>Paloma S\u00e1nchez-Garnica: &quot;Sea m\u00e1s sutil o m\u00e1s perversa, toda la pol\u00edtica actual se basa en los m\u00e9todos de Goebbels&quot; - vof-news.eu<\/title>\n<meta name=\"description\" content=\"A finales de septiembre de 1989, la entonces abogada Paloma S\u00e1nchez-Garnica (Madrid, 1962) viajaba con su marido en coche a trav\u00e9s de la Rep\u00fablica Federal Alemana con destino a Berl\u00edn, a donde llegaron tras cruzar la frontera con la comunista Rep\u00fablica Democr\u00e1tica Alemana en cuyo territorio estaba la ciudad. &quot;Incluso aislada como estaba, el Berl\u00edn occidental era una ciudad palpitante de vida con gente en la calle y las terrazas, coches lujosos, tiendas a rebosar...&quot;, rememora la escritora paseando por las anchas y ordenadas calles de la capital alemana, a donde viaja para recorrer los principales escenarios de su trilog\u00eda berlinesa. &quot;Pero todo cambi\u00f3 apenas a una parada de metro, tras cruzar en la estaci\u00f3n de Friedrichstra\u00dfe una frontera absolutamente asfixiante y bastante inquietante. Me pareci\u00f3 que era como un viaje al pasado&quot;.En los estertores del r\u00e9gimen comunista, comparte, &quot;Berl\u00edn oriental parec\u00eda anclada 30 a\u00f1os atr\u00e1s, era una ciudad gris, fr\u00eda, lenta, especialmente monocolor. No hab\u00eda nada en los escaparates, no \u00e9ramos capaces de gastarnos los cinco mil y pico pesetas que te obligaban a cambiar en marcos de la RDA para darte el visado porque no hab\u00eda productos que comprar&quot;, apunta a\u00fan asombrada. &quot;De vuelta en el lado occidental, tocando el Muro justo al lado de la Puerta de Brandenburgo, mi marido dijo una frase que se me qued\u00f3 grabada: &#039;Nosotros quiz\u00e1 no, pero este muro lo ver\u00e1n caer nuestros hijos&#039;&quot;, recuerda.Sin embargo, apenas unas semanas despu\u00e9s, el 9 de noviembre de ese crucial 1989, S\u00e1nchez-Garnica ver\u00eda por televisi\u00f3n c\u00f3mo las dos Berlines se reencontraban tras m\u00e1s de 40 a\u00f1os divididas, casi 30 de ellos separadas por toneladas de hormig\u00f3n y acero. &quot;Si me dices un momento hist\u00f3rico en el que me hubiera encantado vivir, ser\u00eda esa ciudad aquella noche, con esa explosi\u00f3n de libertad, de alegr\u00eda, esas emociones que sinti\u00f3 tanta gente de un lado y otro, y que nadie se terminaba de creer&quot;.Reconstruyendo la historiaDe esa fascinaci\u00f3n por la capital alemana ha surgido mucha de la inspiraci\u00f3n literaria de la escritora, quien ha ambientado all\u00ed tres de sus nueve novelas, las cuales Planeta re\u00fane ahora en un estuche que saldr\u00e1 a la venta en oto\u00f1o. Tambi\u00e9n por esas fechas llegar\u00e1 a la gran pantalla -con pel\u00edcula dirigida por Imanol Uribe y protagonizada por \u00c1lex Gonz\u00e1lez y Aura Garrido- la primera, La sospecha de Sof\u00eda (2019), que narra una trepidante historia ambientada entre finales de los 60 y principios de los 70 y contrapone la dictadura germana, en su auge en aquellos a\u00f1os, con la por entonces ya decadente dictadura franquista.&quot;Berl\u00edn condensa lo peor del siglo XX, desde los errores ideol\u00f3gicos del totalitarismo nazi y comunista, hasta la m\u00e1xima crueldad humana&quot;Despu\u00e9s vendr\u00eda Los \u00faltimos d\u00edas de Berl\u00edn, en la que viajaba a la Alemania de 1933 para comprender c\u00f3mo fue el auge del nazismo, pero que tambi\u00e9n exploraba la vida cotidiana durante el estalinismo como una especie de juego de espejos. Si esa novela le vali\u00f3 ser finalista del Premio Planeta, el premio gordo llegar\u00eda el pasado octubre con Victoria, merecedora del galard\u00f3n, en la que a trav\u00e9s de la historia de dos hermanas separadas por el Muro y la ideolog\u00eda S\u00e1nchez-Garnica explora los claroscuros de los dilemas morales, la crudeza de la lucha por la supervivencia y de paso, desmonta varios t\u00f3picos sobre la bondad de los Aliados, incidiendo en el trato dado a los alemanes en la posguerra y exponiendo los paralelismos entre el nazismo y el macartismo o la segregaci\u00f3n racial.&quot;Un libro fue llevando al otro. Conocer la RDA me hizo interesarme por c\u00f3mo se lleg\u00f3 al nazismo, e internarme en esta \u00e9poca por c\u00f3mo sobrevivieron tras la guerra los berlineses, especialmente aquellas mujeres que como broche final vivieron una oleada de violaciones y humillaciones que tuvieron que silenciar y normalizar para salir adelante&quot;, explica la escritora paseando por puntos emblem\u00e1ticos de la ciudad como Alexanderplatz, centro neur\u00e1lgico del Berl\u00edn oriental; el ayuntamiento Sch\u00f6neberg, donde J. F. Kennedy pronunci\u00f3 su m\u00edtico discurso terminado con &quot;Ich bin ein Berliner&quot; (Soy un berlin\u00e9s); la Iglesia de la Memoria, emblema decimon\u00f3nico del Imperio alem\u00e1n cuyas ruinas nunca se reconstruyeron tras los bombardeos para no caer en el olvido, o el Oberbaumbr\u00fccke, el famoso &quot;puente de los esp\u00edas&quot;, que fue durante a\u00f1os una frontera caliente y junto al que queda el \u00faltimo rastro de Muro, unos kil\u00f3metros convertidos en murales en los a\u00f1os 90 por 117 artistas de 21 pa\u00edses -ah\u00ed es donde est\u00e1 el ic\u00f3nico grafiti denominado Beso Fraternal Socialista-.La responsabilidad de la memoriaTodos esos lugares, afirma la escritora, son una huella del pasado que hace de Berl\u00edn &quot;un lugar clave para explicar el siglo XX. La ciudad condensa todos los errores ideol\u00f3gicos y pol\u00edticos del totalitarismo nazi y comunista, y tambi\u00e9n la m\u00e1xima crueldad humana, pues fue casi completamente devastada por las bombas y a su poblaci\u00f3n superviviente y agonizante se la responsabiliz\u00f3 de todos los males de la guerra&quot;, reflexiona la autora sin poder evitar una lectura contempor\u00e1nea. &quot;La memoria que guarda Berl\u00edn es importante para recordar que, como dec\u00eda Primo Levi, no estamos exentos de los males del pasado. Llevamos varias d\u00e9cadas viviendo en una sociedad muy acomodada, adocenada y aburguesada. Como estamos viendo, seguimos en una Guerra Fr\u00eda que no va m\u00e1s all\u00e1 por la amenaza nuclear, pero no deber\u00eda ser necesario que ocurrieran tragedias como las de Ucrania o Gaza para que no olvidemos que todo horror pasado puede suceder hoy&quot;, lamenta. &quot;En Europa llevamos varias d\u00e9cadas adocenados y aburguesados, hemos olvidado que todo horror del pasado puede suceder de nuevo hoy en d\u00eda&quot;M\u00e1xime en un mundo en el que, opina, nos parecemos m\u00e1s a muchas de las cosas malas del siglo XX de lo que creemos. &quot;La idea de propaganda ideol\u00f3gica que crearon los nazis la vemos hoy en las redes y el mundo digital, en una pol\u00edtica que busca un pensamiento \u00fanico. Sea m\u00e1s sutil o m\u00e1s perversa, toda la pol\u00edtica actual se basa en los principios y m\u00e9todos de Goebbels&quot;. Por eso, defiende, &quot;los ciudadanos tenemos la responsabilidad de no dejarnos llevar por los mensajes facilones, de hacer el esfuerzo de analizar y cribar la informaci\u00f3n, de no ser ovejas. El periodista Edward R. Murrow dijo: &#039;un pa\u00eds de ovejas engendra un gobierno de locos&#039;, y as\u00ed estamos hoy, con l\u00edderes como Trump, Putin o Xi Jinping, que no son sino unos oportunistas imprevisibles&quot;.Ese papel de advertencia lo cumple para S\u00e1nchez-Garnica la literatura, que nos vuelve &quot;m\u00e1s cr\u00edticos y menos manipulables. La ciencia dice que el cerebro no distingue entre lo que es real y lo que es ficci\u00f3n, por eso la ficci\u00f3n es una herramienta accesible para comprender al ser humano, sus ideas, motivaciones y actos. La buena literatura, las grandes novelas, tienen que ser capaces de llegar a todos los lectores y niveles, desde lo m\u00e1s superficial hasta lo m\u00e1s profundo&quot;, argumenta. &quot;Yo no soy analista pol\u00edtica, as\u00ed que no puedo hablar del presente, pero s\u00ed creo que entender y conocer el pasado, adem\u00e1s de ese modo \u00edntimo que logran las novelas, con personajes y emociones con los que la gente se identifique, es fundamental para entender el mundo en el que vivimos&quot;. Y para que, con suerte, historias como esas que guarda el Berl\u00edn del siglo XX nunca se repitan.\" \/>\n<meta name=\"robots\" content=\"noindex, follow, max-snippet:-1, max-image-preview:large, max-video-preview:-1\" \/>\n<meta property=\"og:locale\" content=\"es_ES\" \/>\n<meta property=\"og:type\" content=\"article\" \/>\n<meta property=\"og:title\" content=\"Paloma S\u00e1nchez-Garnica: &quot;Sea m\u00e1s sutil o m\u00e1s perversa, toda la pol\u00edtica actual se basa en los m\u00e9todos de Goebbels&quot; - vof-news.eu\" \/>\n<meta property=\"og:description\" content=\"A finales de septiembre de 1989, la entonces abogada Paloma S\u00e1nchez-Garnica (Madrid, 1962) viajaba con su marido en coche a trav\u00e9s de la Rep\u00fablica Federal Alemana con destino a Berl\u00edn, a donde llegaron tras cruzar la frontera con la comunista Rep\u00fablica Democr\u00e1tica Alemana en cuyo territorio estaba la ciudad. &quot;Incluso aislada como estaba, el Berl\u00edn occidental era una ciudad palpitante de vida con gente en la calle y las terrazas, coches lujosos, tiendas a rebosar...&quot;, rememora la escritora paseando por las anchas y ordenadas calles de la capital alemana, a donde viaja para recorrer los principales escenarios de su trilog\u00eda berlinesa. &quot;Pero todo cambi\u00f3 apenas a una parada de metro, tras cruzar en la estaci\u00f3n de Friedrichstra\u00dfe una frontera absolutamente asfixiante y bastante inquietante. Me pareci\u00f3 que era como un viaje al pasado&quot;.En los estertores del r\u00e9gimen comunista, comparte, &quot;Berl\u00edn oriental parec\u00eda anclada 30 a\u00f1os atr\u00e1s, era una ciudad gris, fr\u00eda, lenta, especialmente monocolor. No hab\u00eda nada en los escaparates, no \u00e9ramos capaces de gastarnos los cinco mil y pico pesetas que te obligaban a cambiar en marcos de la RDA para darte el visado porque no hab\u00eda productos que comprar&quot;, apunta a\u00fan asombrada. &quot;De vuelta en el lado occidental, tocando el Muro justo al lado de la Puerta de Brandenburgo, mi marido dijo una frase que se me qued\u00f3 grabada: &#039;Nosotros quiz\u00e1 no, pero este muro lo ver\u00e1n caer nuestros hijos&#039;&quot;, recuerda.Sin embargo, apenas unas semanas despu\u00e9s, el 9 de noviembre de ese crucial 1989, S\u00e1nchez-Garnica ver\u00eda por televisi\u00f3n c\u00f3mo las dos Berlines se reencontraban tras m\u00e1s de 40 a\u00f1os divididas, casi 30 de ellos separadas por toneladas de hormig\u00f3n y acero. &quot;Si me dices un momento hist\u00f3rico en el que me hubiera encantado vivir, ser\u00eda esa ciudad aquella noche, con esa explosi\u00f3n de libertad, de alegr\u00eda, esas emociones que sinti\u00f3 tanta gente de un lado y otro, y que nadie se terminaba de creer&quot;.Reconstruyendo la historiaDe esa fascinaci\u00f3n por la capital alemana ha surgido mucha de la inspiraci\u00f3n literaria de la escritora, quien ha ambientado all\u00ed tres de sus nueve novelas, las cuales Planeta re\u00fane ahora en un estuche que saldr\u00e1 a la venta en oto\u00f1o. Tambi\u00e9n por esas fechas llegar\u00e1 a la gran pantalla -con pel\u00edcula dirigida por Imanol Uribe y protagonizada por \u00c1lex Gonz\u00e1lez y Aura Garrido- la primera, La sospecha de Sof\u00eda (2019), que narra una trepidante historia ambientada entre finales de los 60 y principios de los 70 y contrapone la dictadura germana, en su auge en aquellos a\u00f1os, con la por entonces ya decadente dictadura franquista.&quot;Berl\u00edn condensa lo peor del siglo XX, desde los errores ideol\u00f3gicos del totalitarismo nazi y comunista, hasta la m\u00e1xima crueldad humana&quot;Despu\u00e9s vendr\u00eda Los \u00faltimos d\u00edas de Berl\u00edn, en la que viajaba a la Alemania de 1933 para comprender c\u00f3mo fue el auge del nazismo, pero que tambi\u00e9n exploraba la vida cotidiana durante el estalinismo como una especie de juego de espejos. Si esa novela le vali\u00f3 ser finalista del Premio Planeta, el premio gordo llegar\u00eda el pasado octubre con Victoria, merecedora del galard\u00f3n, en la que a trav\u00e9s de la historia de dos hermanas separadas por el Muro y la ideolog\u00eda S\u00e1nchez-Garnica explora los claroscuros de los dilemas morales, la crudeza de la lucha por la supervivencia y de paso, desmonta varios t\u00f3picos sobre la bondad de los Aliados, incidiendo en el trato dado a los alemanes en la posguerra y exponiendo los paralelismos entre el nazismo y el macartismo o la segregaci\u00f3n racial.&quot;Un libro fue llevando al otro. Conocer la RDA me hizo interesarme por c\u00f3mo se lleg\u00f3 al nazismo, e internarme en esta \u00e9poca por c\u00f3mo sobrevivieron tras la guerra los berlineses, especialmente aquellas mujeres que como broche final vivieron una oleada de violaciones y humillaciones que tuvieron que silenciar y normalizar para salir adelante&quot;, explica la escritora paseando por puntos emblem\u00e1ticos de la ciudad como Alexanderplatz, centro neur\u00e1lgico del Berl\u00edn oriental; el ayuntamiento Sch\u00f6neberg, donde J. F. Kennedy pronunci\u00f3 su m\u00edtico discurso terminado con &quot;Ich bin ein Berliner&quot; (Soy un berlin\u00e9s); la Iglesia de la Memoria, emblema decimon\u00f3nico del Imperio alem\u00e1n cuyas ruinas nunca se reconstruyeron tras los bombardeos para no caer en el olvido, o el Oberbaumbr\u00fccke, el famoso &quot;puente de los esp\u00edas&quot;, que fue durante a\u00f1os una frontera caliente y junto al que queda el \u00faltimo rastro de Muro, unos kil\u00f3metros convertidos en murales en los a\u00f1os 90 por 117 artistas de 21 pa\u00edses -ah\u00ed es donde est\u00e1 el ic\u00f3nico grafiti denominado Beso Fraternal Socialista-.La responsabilidad de la memoriaTodos esos lugares, afirma la escritora, son una huella del pasado que hace de Berl\u00edn &quot;un lugar clave para explicar el siglo XX. La ciudad condensa todos los errores ideol\u00f3gicos y pol\u00edticos del totalitarismo nazi y comunista, y tambi\u00e9n la m\u00e1xima crueldad humana, pues fue casi completamente devastada por las bombas y a su poblaci\u00f3n superviviente y agonizante se la responsabiliz\u00f3 de todos los males de la guerra&quot;, reflexiona la autora sin poder evitar una lectura contempor\u00e1nea. &quot;La memoria que guarda Berl\u00edn es importante para recordar que, como dec\u00eda Primo Levi, no estamos exentos de los males del pasado. Llevamos varias d\u00e9cadas viviendo en una sociedad muy acomodada, adocenada y aburguesada. Como estamos viendo, seguimos en una Guerra Fr\u00eda que no va m\u00e1s all\u00e1 por la amenaza nuclear, pero no deber\u00eda ser necesario que ocurrieran tragedias como las de Ucrania o Gaza para que no olvidemos que todo horror pasado puede suceder hoy&quot;, lamenta. &quot;En Europa llevamos varias d\u00e9cadas adocenados y aburguesados, hemos olvidado que todo horror del pasado puede suceder de nuevo hoy en d\u00eda&quot;M\u00e1xime en un mundo en el que, opina, nos parecemos m\u00e1s a muchas de las cosas malas del siglo XX de lo que creemos. &quot;La idea de propaganda ideol\u00f3gica que crearon los nazis la vemos hoy en las redes y el mundo digital, en una pol\u00edtica que busca un pensamiento \u00fanico. Sea m\u00e1s sutil o m\u00e1s perversa, toda la pol\u00edtica actual se basa en los principios y m\u00e9todos de Goebbels&quot;. Por eso, defiende, &quot;los ciudadanos tenemos la responsabilidad de no dejarnos llevar por los mensajes facilones, de hacer el esfuerzo de analizar y cribar la informaci\u00f3n, de no ser ovejas. El periodista Edward R. Murrow dijo: &#039;un pa\u00eds de ovejas engendra un gobierno de locos&#039;, y as\u00ed estamos hoy, con l\u00edderes como Trump, Putin o Xi Jinping, que no son sino unos oportunistas imprevisibles&quot;.Ese papel de advertencia lo cumple para S\u00e1nchez-Garnica la literatura, que nos vuelve &quot;m\u00e1s cr\u00edticos y menos manipulables. La ciencia dice que el cerebro no distingue entre lo que es real y lo que es ficci\u00f3n, por eso la ficci\u00f3n es una herramienta accesible para comprender al ser humano, sus ideas, motivaciones y actos. La buena literatura, las grandes novelas, tienen que ser capaces de llegar a todos los lectores y niveles, desde lo m\u00e1s superficial hasta lo m\u00e1s profundo&quot;, argumenta. &quot;Yo no soy analista pol\u00edtica, as\u00ed que no puedo hablar del presente, pero s\u00ed creo que entender y conocer el pasado, adem\u00e1s de ese modo \u00edntimo que logran las novelas, con personajes y emociones con los que la gente se identifique, es fundamental para entender el mundo en el que vivimos&quot;. Y para que, con suerte, historias como esas que guarda el Berl\u00edn del siglo XX nunca se repitan.\" \/>\n<meta property=\"og:url\" content=\"https:\/\/vof-news.eu\/es\/paloma-sanchez-garnica-sea-mas-sutil-o-mas-perversa-toda-la-politica-actual-se-basa-en-los-metodos-de-goebbels\/\" \/>\n<meta property=\"og:site_name\" content=\"vof-news.eu\" \/>\n<meta property=\"article:published_time\" content=\"2025-07-03T22:22:12+00:00\" \/>\n<meta property=\"article:modified_time\" content=\"2025-07-03T22:23:01+00:00\" \/>\n<meta property=\"og:image\" content=\"https:\/\/vof-news.eu\/wp-content\/uploads\/2025\/07\/17515613845915.jpg\" \/>\n\t<meta property=\"og:image:width\" content=\"1366\" \/>\n\t<meta property=\"og:image:height\" content=\"965\" \/>\n\t<meta property=\"og:image:type\" content=\"image\/jpeg\" \/>\n<meta name=\"author\" content=\"Author\" \/>\n<meta name=\"twitter:card\" content=\"summary_large_image\" \/>\n<meta name=\"twitter:label1\" content=\"Escrito por\" \/>\n\t<meta name=\"twitter:data1\" content=\"Author\" \/>\n\t<meta name=\"twitter:label2\" content=\"Tiempo de lectura\" \/>\n\t<meta name=\"twitter:data2\" content=\"7 minutos\" \/>\n<script type=\"application\/ld+json\" class=\"yoast-schema-graph\">{\"@context\":\"https:\/\/schema.org\",\"@graph\":[{\"@type\":\"WebPage\",\"@id\":\"https:\/\/vof-news.eu\/es\/paloma-sanchez-garnica-sea-mas-sutil-o-mas-perversa-toda-la-politica-actual-se-basa-en-los-metodos-de-goebbels\/\",\"url\":\"https:\/\/vof-news.eu\/es\/paloma-sanchez-garnica-sea-mas-sutil-o-mas-perversa-toda-la-politica-actual-se-basa-en-los-metodos-de-goebbels\/\",\"name\":\"Paloma S\u00e1nchez-Garnica: \\\"Sea m\u00e1s sutil o m\u00e1s perversa, toda la pol\u00edtica actual se basa en los m\u00e9todos de Goebbels\\\" - vof-news.eu\",\"isPartOf\":{\"@id\":\"https:\/\/vof-news.eu\/es\/#website\"},\"primaryImageOfPage\":{\"@id\":\"https:\/\/vof-news.eu\/es\/paloma-sanchez-garnica-sea-mas-sutil-o-mas-perversa-toda-la-politica-actual-se-basa-en-los-metodos-de-goebbels\/#primaryimage\"},\"image\":{\"@id\":\"https:\/\/vof-news.eu\/es\/paloma-sanchez-garnica-sea-mas-sutil-o-mas-perversa-toda-la-politica-actual-se-basa-en-los-metodos-de-goebbels\/#primaryimage\"},\"thumbnailUrl\":\"https:\/\/vof-news.eu\/wp-content\/uploads\/2025\/07\/17515613845915.jpg\",\"datePublished\":\"2025-07-03T22:22:12+00:00\",\"dateModified\":\"2025-07-03T22:23:01+00:00\",\"author\":{\"@id\":\"https:\/\/vof-news.eu\/es\/#\/schema\/person\/f6a2a4309f0561835797fd8c19b333ed\"},\"description\":\"A finales de septiembre de 1989, la entonces abogada Paloma S\u00e1nchez-Garnica (Madrid, 1962) viajaba con su marido en coche a trav\u00e9s de la Rep\u00fablica Federal Alemana con destino a Berl\u00edn, a donde llegaron tras cruzar la frontera con la comunista Rep\u00fablica Democr\u00e1tica Alemana en cuyo territorio estaba la ciudad. \\\"Incluso aislada como estaba, el Berl\u00edn occidental era una ciudad palpitante de vida con gente en la calle y las terrazas, coches lujosos, tiendas a rebosar...\\\", rememora la escritora paseando por las anchas y ordenadas calles de la capital alemana, a donde viaja para recorrer los principales escenarios de su trilog\u00eda berlinesa. \\\"Pero todo cambi\u00f3 apenas a una parada de metro, tras cruzar en la estaci\u00f3n de Friedrichstra\u00dfe una frontera absolutamente asfixiante y bastante inquietante. Me pareci\u00f3 que era como un viaje al pasado\\\".En los estertores del r\u00e9gimen comunista, comparte, \\\"Berl\u00edn oriental parec\u00eda anclada 30 a\u00f1os atr\u00e1s, era una ciudad gris, fr\u00eda, lenta, especialmente monocolor. No hab\u00eda nada en los escaparates, no \u00e9ramos capaces de gastarnos los cinco mil y pico pesetas que te obligaban a cambiar en marcos de la RDA para darte el visado porque no hab\u00eda productos que comprar\\\", apunta a\u00fan asombrada. \\\"De vuelta en el lado occidental, tocando el Muro justo al lado de la Puerta de Brandenburgo, mi marido dijo una frase que se me qued\u00f3 grabada: 'Nosotros quiz\u00e1 no, pero este muro lo ver\u00e1n caer nuestros hijos'\\\", recuerda.Sin embargo, apenas unas semanas despu\u00e9s, el 9 de noviembre de ese crucial 1989, S\u00e1nchez-Garnica ver\u00eda por televisi\u00f3n c\u00f3mo las dos Berlines se reencontraban tras m\u00e1s de 40 a\u00f1os divididas, casi 30 de ellos separadas por toneladas de hormig\u00f3n y acero. \\\"Si me dices un momento hist\u00f3rico en el que me hubiera encantado vivir, ser\u00eda esa ciudad aquella noche, con esa explosi\u00f3n de libertad, de alegr\u00eda, esas emociones que sinti\u00f3 tanta gente de un lado y otro, y que nadie se terminaba de creer\\\".Reconstruyendo la historiaDe esa fascinaci\u00f3n por la capital alemana ha surgido mucha de la inspiraci\u00f3n literaria de la escritora, quien ha ambientado all\u00ed tres de sus nueve novelas, las cuales Planeta re\u00fane ahora en un estuche que saldr\u00e1 a la venta en oto\u00f1o. Tambi\u00e9n por esas fechas llegar\u00e1 a la gran pantalla -con pel\u00edcula dirigida por Imanol Uribe y protagonizada por \u00c1lex Gonz\u00e1lez y Aura Garrido- la primera, La sospecha de Sof\u00eda (2019), que narra una trepidante historia ambientada entre finales de los 60 y principios de los 70 y contrapone la dictadura germana, en su auge en aquellos a\u00f1os, con la por entonces ya decadente dictadura franquista.\\\"Berl\u00edn condensa lo peor del siglo XX, desde los errores ideol\u00f3gicos del totalitarismo nazi y comunista, hasta la m\u00e1xima crueldad humana\\\"Despu\u00e9s vendr\u00eda Los \u00faltimos d\u00edas de Berl\u00edn, en la que viajaba a la Alemania de 1933 para comprender c\u00f3mo fue el auge del nazismo, pero que tambi\u00e9n exploraba la vida cotidiana durante el estalinismo como una especie de juego de espejos. Si esa novela le vali\u00f3 ser finalista del Premio Planeta, el premio gordo llegar\u00eda el pasado octubre con Victoria, merecedora del galard\u00f3n, en la que a trav\u00e9s de la historia de dos hermanas separadas por el Muro y la ideolog\u00eda S\u00e1nchez-Garnica explora los claroscuros de los dilemas morales, la crudeza de la lucha por la supervivencia y de paso, desmonta varios t\u00f3picos sobre la bondad de los Aliados, incidiendo en el trato dado a los alemanes en la posguerra y exponiendo los paralelismos entre el nazismo y el macartismo o la segregaci\u00f3n racial.\\\"Un libro fue llevando al otro. Conocer la RDA me hizo interesarme por c\u00f3mo se lleg\u00f3 al nazismo, e internarme en esta \u00e9poca por c\u00f3mo sobrevivieron tras la guerra los berlineses, especialmente aquellas mujeres que como broche final vivieron una oleada de violaciones y humillaciones que tuvieron que silenciar y normalizar para salir adelante\\\", explica la escritora paseando por puntos emblem\u00e1ticos de la ciudad como Alexanderplatz, centro neur\u00e1lgico del Berl\u00edn oriental; el ayuntamiento Sch\u00f6neberg, donde J. F. Kennedy pronunci\u00f3 su m\u00edtico discurso terminado con \\\"Ich bin ein Berliner\\\" (Soy un berlin\u00e9s); la Iglesia de la Memoria, emblema decimon\u00f3nico del Imperio alem\u00e1n cuyas ruinas nunca se reconstruyeron tras los bombardeos para no caer en el olvido, o el Oberbaumbr\u00fccke, el famoso \\\"puente de los esp\u00edas\\\", que fue durante a\u00f1os una frontera caliente y junto al que queda el \u00faltimo rastro de Muro, unos kil\u00f3metros convertidos en murales en los a\u00f1os 90 por 117 artistas de 21 pa\u00edses -ah\u00ed es donde est\u00e1 el ic\u00f3nico grafiti denominado Beso Fraternal Socialista-.La responsabilidad de la memoriaTodos esos lugares, afirma la escritora, son una huella del pasado que hace de Berl\u00edn \\\"un lugar clave para explicar el siglo XX. La ciudad condensa todos los errores ideol\u00f3gicos y pol\u00edticos del totalitarismo nazi y comunista, y tambi\u00e9n la m\u00e1xima crueldad humana, pues fue casi completamente devastada por las bombas y a su poblaci\u00f3n superviviente y agonizante se la responsabiliz\u00f3 de todos los males de la guerra\\\", reflexiona la autora sin poder evitar una lectura contempor\u00e1nea. \\\"La memoria que guarda Berl\u00edn es importante para recordar que, como dec\u00eda Primo Levi, no estamos exentos de los males del pasado. Llevamos varias d\u00e9cadas viviendo en una sociedad muy acomodada, adocenada y aburguesada. Como estamos viendo, seguimos en una Guerra Fr\u00eda que no va m\u00e1s all\u00e1 por la amenaza nuclear, pero no deber\u00eda ser necesario que ocurrieran tragedias como las de Ucrania o Gaza para que no olvidemos que todo horror pasado puede suceder hoy\\\", lamenta. \\\"En Europa llevamos varias d\u00e9cadas adocenados y aburguesados, hemos olvidado que todo horror del pasado puede suceder de nuevo hoy en d\u00eda\\\"M\u00e1xime en un mundo en el que, opina, nos parecemos m\u00e1s a muchas de las cosas malas del siglo XX de lo que creemos. \\\"La idea de propaganda ideol\u00f3gica que crearon los nazis la vemos hoy en las redes y el mundo digital, en una pol\u00edtica que busca un pensamiento \u00fanico. Sea m\u00e1s sutil o m\u00e1s perversa, toda la pol\u00edtica actual se basa en los principios y m\u00e9todos de Goebbels\\\". Por eso, defiende, \\\"los ciudadanos tenemos la responsabilidad de no dejarnos llevar por los mensajes facilones, de hacer el esfuerzo de analizar y cribar la informaci\u00f3n, de no ser ovejas. El periodista Edward R. Murrow dijo: 'un pa\u00eds de ovejas engendra un gobierno de locos', y as\u00ed estamos hoy, con l\u00edderes como Trump, Putin o Xi Jinping, que no son sino unos oportunistas imprevisibles\\\".Ese papel de advertencia lo cumple para S\u00e1nchez-Garnica la literatura, que nos vuelve \\\"m\u00e1s cr\u00edticos y menos manipulables. La ciencia dice que el cerebro no distingue entre lo que es real y lo que es ficci\u00f3n, por eso la ficci\u00f3n es una herramienta accesible para comprender al ser humano, sus ideas, motivaciones y actos. La buena literatura, las grandes novelas, tienen que ser capaces de llegar a todos los lectores y niveles, desde lo m\u00e1s superficial hasta lo m\u00e1s profundo\\\", argumenta. \\\"Yo no soy analista pol\u00edtica, as\u00ed que no puedo hablar del presente, pero s\u00ed creo que entender y conocer el pasado, adem\u00e1s de ese modo \u00edntimo que logran las novelas, con personajes y emociones con los que la gente se identifique, es fundamental para entender el mundo en el que vivimos\\\". Y para que, con suerte, historias como esas que guarda el Berl\u00edn del siglo XX nunca se repitan.\",\"breadcrumb\":{\"@id\":\"https:\/\/vof-news.eu\/es\/paloma-sanchez-garnica-sea-mas-sutil-o-mas-perversa-toda-la-politica-actual-se-basa-en-los-metodos-de-goebbels\/#breadcrumb\"},\"inLanguage\":\"es\",\"potentialAction\":[{\"@type\":\"ReadAction\",\"target\":[\"https:\/\/vof-news.eu\/es\/paloma-sanchez-garnica-sea-mas-sutil-o-mas-perversa-toda-la-politica-actual-se-basa-en-los-metodos-de-goebbels\/\"]}]},{\"@type\":\"ImageObject\",\"inLanguage\":\"es\",\"@id\":\"https:\/\/vof-news.eu\/es\/paloma-sanchez-garnica-sea-mas-sutil-o-mas-perversa-toda-la-politica-actual-se-basa-en-los-metodos-de-goebbels\/#primaryimage\",\"url\":\"https:\/\/vof-news.eu\/wp-content\/uploads\/2025\/07\/17515613845915.jpg\",\"contentUrl\":\"https:\/\/vof-news.eu\/wp-content\/uploads\/2025\/07\/17515613845915.jpg\",\"width\":1366,\"height\":965},{\"@type\":\"BreadcrumbList\",\"@id\":\"https:\/\/vof-news.eu\/es\/paloma-sanchez-garnica-sea-mas-sutil-o-mas-perversa-toda-la-politica-actual-se-basa-en-los-metodos-de-goebbels\/#breadcrumb\",\"itemListElement\":[{\"@type\":\"ListItem\",\"position\":1,\"name\":\"Home\",\"item\":\"https:\/\/vof-news.eu\/es\/\"},{\"@type\":\"ListItem\",\"position\":2,\"name\":\"Paloma S\u00e1nchez-Garnica: &#8220;Sea m\u00e1s sutil o m\u00e1s perversa, toda la pol\u00edtica actual se basa en los m\u00e9todos de Goebbels&#8221;\"}]},{\"@type\":\"WebSite\",\"@id\":\"https:\/\/vof-news.eu\/es\/#website\",\"url\":\"https:\/\/vof-news.eu\/es\/\",\"name\":\"vof-news.eu\",\"description\":\"\",\"potentialAction\":[{\"@type\":\"SearchAction\",\"target\":{\"@type\":\"EntryPoint\",\"urlTemplate\":\"https:\/\/vof-news.eu\/es\/?s={search_term_string}\"},\"query-input\":\"required name=search_term_string\"}],\"inLanguage\":\"es\"},{\"@type\":\"Person\",\"@id\":\"https:\/\/vof-news.eu\/es\/#\/schema\/person\/f6a2a4309f0561835797fd8c19b333ed\",\"name\":\"Author\",\"image\":{\"@type\":\"ImageObject\",\"inLanguage\":\"es\",\"@id\":\"https:\/\/vof-news.eu\/es\/#\/schema\/person\/image\/\",\"url\":\"https:\/\/secure.gravatar.com\/avatar\/b67e614b1b25b3e9c0c239efdd2fde5ab015b5affd6f1c3c85911ca4b384e790?s=96&d=mm&r=g\",\"contentUrl\":\"https:\/\/secure.gravatar.com\/avatar\/b67e614b1b25b3e9c0c239efdd2fde5ab015b5affd6f1c3c85911ca4b384e790?s=96&d=mm&r=g\",\"caption\":\"Author\"},\"sameAs\":[\"http:\/\/vof-news.eu\"],\"url\":\"https:\/\/vof-news.eu\/es\/author\/zwt6qxnjulxbnyg\/\"}]}<\/script>\n<!-- \/ Yoast SEO plugin. -->","yoast_head_json":{"title":"Paloma S\u00e1nchez-Garnica: \"Sea m\u00e1s sutil o m\u00e1s perversa, toda la pol\u00edtica actual se basa en los m\u00e9todos de Goebbels\" - vof-news.eu","description":"A finales de septiembre de 1989, la entonces abogada Paloma S\u00e1nchez-Garnica (Madrid, 1962) viajaba con su marido en coche a trav\u00e9s de la Rep\u00fablica Federal Alemana con destino a Berl\u00edn, a donde llegaron tras cruzar la frontera con la comunista Rep\u00fablica Democr\u00e1tica Alemana en cuyo territorio estaba la ciudad. \"Incluso aislada como estaba, el Berl\u00edn occidental era una ciudad palpitante de vida con gente en la calle y las terrazas, coches lujosos, tiendas a rebosar...\", rememora la escritora paseando por las anchas y ordenadas calles de la capital alemana, a donde viaja para recorrer los principales escenarios de su trilog\u00eda berlinesa. \"Pero todo cambi\u00f3 apenas a una parada de metro, tras cruzar en la estaci\u00f3n de Friedrichstra\u00dfe una frontera absolutamente asfixiante y bastante inquietante. Me pareci\u00f3 que era como un viaje al pasado\".En los estertores del r\u00e9gimen comunista, comparte, \"Berl\u00edn oriental parec\u00eda anclada 30 a\u00f1os atr\u00e1s, era una ciudad gris, fr\u00eda, lenta, especialmente monocolor. No hab\u00eda nada en los escaparates, no \u00e9ramos capaces de gastarnos los cinco mil y pico pesetas que te obligaban a cambiar en marcos de la RDA para darte el visado porque no hab\u00eda productos que comprar\", apunta a\u00fan asombrada. \"De vuelta en el lado occidental, tocando el Muro justo al lado de la Puerta de Brandenburgo, mi marido dijo una frase que se me qued\u00f3 grabada: 'Nosotros quiz\u00e1 no, pero este muro lo ver\u00e1n caer nuestros hijos'\", recuerda.Sin embargo, apenas unas semanas despu\u00e9s, el 9 de noviembre de ese crucial 1989, S\u00e1nchez-Garnica ver\u00eda por televisi\u00f3n c\u00f3mo las dos Berlines se reencontraban tras m\u00e1s de 40 a\u00f1os divididas, casi 30 de ellos separadas por toneladas de hormig\u00f3n y acero. \"Si me dices un momento hist\u00f3rico en el que me hubiera encantado vivir, ser\u00eda esa ciudad aquella noche, con esa explosi\u00f3n de libertad, de alegr\u00eda, esas emociones que sinti\u00f3 tanta gente de un lado y otro, y que nadie se terminaba de creer\".Reconstruyendo la historiaDe esa fascinaci\u00f3n por la capital alemana ha surgido mucha de la inspiraci\u00f3n literaria de la escritora, quien ha ambientado all\u00ed tres de sus nueve novelas, las cuales Planeta re\u00fane ahora en un estuche que saldr\u00e1 a la venta en oto\u00f1o. Tambi\u00e9n por esas fechas llegar\u00e1 a la gran pantalla -con pel\u00edcula dirigida por Imanol Uribe y protagonizada por \u00c1lex Gonz\u00e1lez y Aura Garrido- la primera, La sospecha de Sof\u00eda (2019), que narra una trepidante historia ambientada entre finales de los 60 y principios de los 70 y contrapone la dictadura germana, en su auge en aquellos a\u00f1os, con la por entonces ya decadente dictadura franquista.\"Berl\u00edn condensa lo peor del siglo XX, desde los errores ideol\u00f3gicos del totalitarismo nazi y comunista, hasta la m\u00e1xima crueldad humana\"Despu\u00e9s vendr\u00eda Los \u00faltimos d\u00edas de Berl\u00edn, en la que viajaba a la Alemania de 1933 para comprender c\u00f3mo fue el auge del nazismo, pero que tambi\u00e9n exploraba la vida cotidiana durante el estalinismo como una especie de juego de espejos. Si esa novela le vali\u00f3 ser finalista del Premio Planeta, el premio gordo llegar\u00eda el pasado octubre con Victoria, merecedora del galard\u00f3n, en la que a trav\u00e9s de la historia de dos hermanas separadas por el Muro y la ideolog\u00eda S\u00e1nchez-Garnica explora los claroscuros de los dilemas morales, la crudeza de la lucha por la supervivencia y de paso, desmonta varios t\u00f3picos sobre la bondad de los Aliados, incidiendo en el trato dado a los alemanes en la posguerra y exponiendo los paralelismos entre el nazismo y el macartismo o la segregaci\u00f3n racial.\"Un libro fue llevando al otro. Conocer la RDA me hizo interesarme por c\u00f3mo se lleg\u00f3 al nazismo, e internarme en esta \u00e9poca por c\u00f3mo sobrevivieron tras la guerra los berlineses, especialmente aquellas mujeres que como broche final vivieron una oleada de violaciones y humillaciones que tuvieron que silenciar y normalizar para salir adelante\", explica la escritora paseando por puntos emblem\u00e1ticos de la ciudad como Alexanderplatz, centro neur\u00e1lgico del Berl\u00edn oriental; el ayuntamiento Sch\u00f6neberg, donde J. F. Kennedy pronunci\u00f3 su m\u00edtico discurso terminado con \"Ich bin ein Berliner\" (Soy un berlin\u00e9s); la Iglesia de la Memoria, emblema decimon\u00f3nico del Imperio alem\u00e1n cuyas ruinas nunca se reconstruyeron tras los bombardeos para no caer en el olvido, o el Oberbaumbr\u00fccke, el famoso \"puente de los esp\u00edas\", que fue durante a\u00f1os una frontera caliente y junto al que queda el \u00faltimo rastro de Muro, unos kil\u00f3metros convertidos en murales en los a\u00f1os 90 por 117 artistas de 21 pa\u00edses -ah\u00ed es donde est\u00e1 el ic\u00f3nico grafiti denominado Beso Fraternal Socialista-.La responsabilidad de la memoriaTodos esos lugares, afirma la escritora, son una huella del pasado que hace de Berl\u00edn \"un lugar clave para explicar el siglo XX. La ciudad condensa todos los errores ideol\u00f3gicos y pol\u00edticos del totalitarismo nazi y comunista, y tambi\u00e9n la m\u00e1xima crueldad humana, pues fue casi completamente devastada por las bombas y a su poblaci\u00f3n superviviente y agonizante se la responsabiliz\u00f3 de todos los males de la guerra\", reflexiona la autora sin poder evitar una lectura contempor\u00e1nea. \"La memoria que guarda Berl\u00edn es importante para recordar que, como dec\u00eda Primo Levi, no estamos exentos de los males del pasado. Llevamos varias d\u00e9cadas viviendo en una sociedad muy acomodada, adocenada y aburguesada. Como estamos viendo, seguimos en una Guerra Fr\u00eda que no va m\u00e1s all\u00e1 por la amenaza nuclear, pero no deber\u00eda ser necesario que ocurrieran tragedias como las de Ucrania o Gaza para que no olvidemos que todo horror pasado puede suceder hoy\", lamenta. \"En Europa llevamos varias d\u00e9cadas adocenados y aburguesados, hemos olvidado que todo horror del pasado puede suceder de nuevo hoy en d\u00eda\"M\u00e1xime en un mundo en el que, opina, nos parecemos m\u00e1s a muchas de las cosas malas del siglo XX de lo que creemos. \"La idea de propaganda ideol\u00f3gica que crearon los nazis la vemos hoy en las redes y el mundo digital, en una pol\u00edtica que busca un pensamiento \u00fanico. Sea m\u00e1s sutil o m\u00e1s perversa, toda la pol\u00edtica actual se basa en los principios y m\u00e9todos de Goebbels\". Por eso, defiende, \"los ciudadanos tenemos la responsabilidad de no dejarnos llevar por los mensajes facilones, de hacer el esfuerzo de analizar y cribar la informaci\u00f3n, de no ser ovejas. El periodista Edward R. Murrow dijo: 'un pa\u00eds de ovejas engendra un gobierno de locos', y as\u00ed estamos hoy, con l\u00edderes como Trump, Putin o Xi Jinping, que no son sino unos oportunistas imprevisibles\".Ese papel de advertencia lo cumple para S\u00e1nchez-Garnica la literatura, que nos vuelve \"m\u00e1s cr\u00edticos y menos manipulables. La ciencia dice que el cerebro no distingue entre lo que es real y lo que es ficci\u00f3n, por eso la ficci\u00f3n es una herramienta accesible para comprender al ser humano, sus ideas, motivaciones y actos. La buena literatura, las grandes novelas, tienen que ser capaces de llegar a todos los lectores y niveles, desde lo m\u00e1s superficial hasta lo m\u00e1s profundo\", argumenta. \"Yo no soy analista pol\u00edtica, as\u00ed que no puedo hablar del presente, pero s\u00ed creo que entender y conocer el pasado, adem\u00e1s de ese modo \u00edntimo que logran las novelas, con personajes y emociones con los que la gente se identifique, es fundamental para entender el mundo en el que vivimos\". Y para que, con suerte, historias como esas que guarda el Berl\u00edn del siglo XX nunca se repitan.","robots":{"index":"noindex","follow":"follow","max-snippet":"max-snippet:-1","max-image-preview":"max-image-preview:large","max-video-preview":"max-video-preview:-1"},"og_locale":"es_ES","og_type":"article","og_title":"Paloma S\u00e1nchez-Garnica: \"Sea m\u00e1s sutil o m\u00e1s perversa, toda la pol\u00edtica actual se basa en los m\u00e9todos de Goebbels\" - vof-news.eu","og_description":"A finales de septiembre de 1989, la entonces abogada Paloma S\u00e1nchez-Garnica (Madrid, 1962) viajaba con su marido en coche a trav\u00e9s de la Rep\u00fablica Federal Alemana con destino a Berl\u00edn, a donde llegaron tras cruzar la frontera con la comunista Rep\u00fablica Democr\u00e1tica Alemana en cuyo territorio estaba la ciudad. \"Incluso aislada como estaba, el Berl\u00edn occidental era una ciudad palpitante de vida con gente en la calle y las terrazas, coches lujosos, tiendas a rebosar...\", rememora la escritora paseando por las anchas y ordenadas calles de la capital alemana, a donde viaja para recorrer los principales escenarios de su trilog\u00eda berlinesa. \"Pero todo cambi\u00f3 apenas a una parada de metro, tras cruzar en la estaci\u00f3n de Friedrichstra\u00dfe una frontera absolutamente asfixiante y bastante inquietante. Me pareci\u00f3 que era como un viaje al pasado\".En los estertores del r\u00e9gimen comunista, comparte, \"Berl\u00edn oriental parec\u00eda anclada 30 a\u00f1os atr\u00e1s, era una ciudad gris, fr\u00eda, lenta, especialmente monocolor. No hab\u00eda nada en los escaparates, no \u00e9ramos capaces de gastarnos los cinco mil y pico pesetas que te obligaban a cambiar en marcos de la RDA para darte el visado porque no hab\u00eda productos que comprar\", apunta a\u00fan asombrada. \"De vuelta en el lado occidental, tocando el Muro justo al lado de la Puerta de Brandenburgo, mi marido dijo una frase que se me qued\u00f3 grabada: 'Nosotros quiz\u00e1 no, pero este muro lo ver\u00e1n caer nuestros hijos'\", recuerda.Sin embargo, apenas unas semanas despu\u00e9s, el 9 de noviembre de ese crucial 1989, S\u00e1nchez-Garnica ver\u00eda por televisi\u00f3n c\u00f3mo las dos Berlines se reencontraban tras m\u00e1s de 40 a\u00f1os divididas, casi 30 de ellos separadas por toneladas de hormig\u00f3n y acero. \"Si me dices un momento hist\u00f3rico en el que me hubiera encantado vivir, ser\u00eda esa ciudad aquella noche, con esa explosi\u00f3n de libertad, de alegr\u00eda, esas emociones que sinti\u00f3 tanta gente de un lado y otro, y que nadie se terminaba de creer\".Reconstruyendo la historiaDe esa fascinaci\u00f3n por la capital alemana ha surgido mucha de la inspiraci\u00f3n literaria de la escritora, quien ha ambientado all\u00ed tres de sus nueve novelas, las cuales Planeta re\u00fane ahora en un estuche que saldr\u00e1 a la venta en oto\u00f1o. Tambi\u00e9n por esas fechas llegar\u00e1 a la gran pantalla -con pel\u00edcula dirigida por Imanol Uribe y protagonizada por \u00c1lex Gonz\u00e1lez y Aura Garrido- la primera, La sospecha de Sof\u00eda (2019), que narra una trepidante historia ambientada entre finales de los 60 y principios de los 70 y contrapone la dictadura germana, en su auge en aquellos a\u00f1os, con la por entonces ya decadente dictadura franquista.\"Berl\u00edn condensa lo peor del siglo XX, desde los errores ideol\u00f3gicos del totalitarismo nazi y comunista, hasta la m\u00e1xima crueldad humana\"Despu\u00e9s vendr\u00eda Los \u00faltimos d\u00edas de Berl\u00edn, en la que viajaba a la Alemania de 1933 para comprender c\u00f3mo fue el auge del nazismo, pero que tambi\u00e9n exploraba la vida cotidiana durante el estalinismo como una especie de juego de espejos. Si esa novela le vali\u00f3 ser finalista del Premio Planeta, el premio gordo llegar\u00eda el pasado octubre con Victoria, merecedora del galard\u00f3n, en la que a trav\u00e9s de la historia de dos hermanas separadas por el Muro y la ideolog\u00eda S\u00e1nchez-Garnica explora los claroscuros de los dilemas morales, la crudeza de la lucha por la supervivencia y de paso, desmonta varios t\u00f3picos sobre la bondad de los Aliados, incidiendo en el trato dado a los alemanes en la posguerra y exponiendo los paralelismos entre el nazismo y el macartismo o la segregaci\u00f3n racial.\"Un libro fue llevando al otro. Conocer la RDA me hizo interesarme por c\u00f3mo se lleg\u00f3 al nazismo, e internarme en esta \u00e9poca por c\u00f3mo sobrevivieron tras la guerra los berlineses, especialmente aquellas mujeres que como broche final vivieron una oleada de violaciones y humillaciones que tuvieron que silenciar y normalizar para salir adelante\", explica la escritora paseando por puntos emblem\u00e1ticos de la ciudad como Alexanderplatz, centro neur\u00e1lgico del Berl\u00edn oriental; el ayuntamiento Sch\u00f6neberg, donde J. F. Kennedy pronunci\u00f3 su m\u00edtico discurso terminado con \"Ich bin ein Berliner\" (Soy un berlin\u00e9s); la Iglesia de la Memoria, emblema decimon\u00f3nico del Imperio alem\u00e1n cuyas ruinas nunca se reconstruyeron tras los bombardeos para no caer en el olvido, o el Oberbaumbr\u00fccke, el famoso \"puente de los esp\u00edas\", que fue durante a\u00f1os una frontera caliente y junto al que queda el \u00faltimo rastro de Muro, unos kil\u00f3metros convertidos en murales en los a\u00f1os 90 por 117 artistas de 21 pa\u00edses -ah\u00ed es donde est\u00e1 el ic\u00f3nico grafiti denominado Beso Fraternal Socialista-.La responsabilidad de la memoriaTodos esos lugares, afirma la escritora, son una huella del pasado que hace de Berl\u00edn \"un lugar clave para explicar el siglo XX. La ciudad condensa todos los errores ideol\u00f3gicos y pol\u00edticos del totalitarismo nazi y comunista, y tambi\u00e9n la m\u00e1xima crueldad humana, pues fue casi completamente devastada por las bombas y a su poblaci\u00f3n superviviente y agonizante se la responsabiliz\u00f3 de todos los males de la guerra\", reflexiona la autora sin poder evitar una lectura contempor\u00e1nea. \"La memoria que guarda Berl\u00edn es importante para recordar que, como dec\u00eda Primo Levi, no estamos exentos de los males del pasado. Llevamos varias d\u00e9cadas viviendo en una sociedad muy acomodada, adocenada y aburguesada. Como estamos viendo, seguimos en una Guerra Fr\u00eda que no va m\u00e1s all\u00e1 por la amenaza nuclear, pero no deber\u00eda ser necesario que ocurrieran tragedias como las de Ucrania o Gaza para que no olvidemos que todo horror pasado puede suceder hoy\", lamenta. \"En Europa llevamos varias d\u00e9cadas adocenados y aburguesados, hemos olvidado que todo horror del pasado puede suceder de nuevo hoy en d\u00eda\"M\u00e1xime en un mundo en el que, opina, nos parecemos m\u00e1s a muchas de las cosas malas del siglo XX de lo que creemos. \"La idea de propaganda ideol\u00f3gica que crearon los nazis la vemos hoy en las redes y el mundo digital, en una pol\u00edtica que busca un pensamiento \u00fanico. Sea m\u00e1s sutil o m\u00e1s perversa, toda la pol\u00edtica actual se basa en los principios y m\u00e9todos de Goebbels\". Por eso, defiende, \"los ciudadanos tenemos la responsabilidad de no dejarnos llevar por los mensajes facilones, de hacer el esfuerzo de analizar y cribar la informaci\u00f3n, de no ser ovejas. El periodista Edward R. Murrow dijo: 'un pa\u00eds de ovejas engendra un gobierno de locos', y as\u00ed estamos hoy, con l\u00edderes como Trump, Putin o Xi Jinping, que no son sino unos oportunistas imprevisibles\".Ese papel de advertencia lo cumple para S\u00e1nchez-Garnica la literatura, que nos vuelve \"m\u00e1s cr\u00edticos y menos manipulables. La ciencia dice que el cerebro no distingue entre lo que es real y lo que es ficci\u00f3n, por eso la ficci\u00f3n es una herramienta accesible para comprender al ser humano, sus ideas, motivaciones y actos. La buena literatura, las grandes novelas, tienen que ser capaces de llegar a todos los lectores y niveles, desde lo m\u00e1s superficial hasta lo m\u00e1s profundo\", argumenta. \"Yo no soy analista pol\u00edtica, as\u00ed que no puedo hablar del presente, pero s\u00ed creo que entender y conocer el pasado, adem\u00e1s de ese modo \u00edntimo que logran las novelas, con personajes y emociones con los que la gente se identifique, es fundamental para entender el mundo en el que vivimos\". Y para que, con suerte, historias como esas que guarda el Berl\u00edn del siglo XX nunca se repitan.","og_url":"https:\/\/vof-news.eu\/es\/paloma-sanchez-garnica-sea-mas-sutil-o-mas-perversa-toda-la-politica-actual-se-basa-en-los-metodos-de-goebbels\/","og_site_name":"vof-news.eu","article_published_time":"2025-07-03T22:22:12+00:00","article_modified_time":"2025-07-03T22:23:01+00:00","og_image":[{"width":1366,"height":965,"url":"https:\/\/vof-news.eu\/wp-content\/uploads\/2025\/07\/17515613845915.jpg","type":"image\/jpeg"}],"author":"Author","twitter_card":"summary_large_image","twitter_misc":{"Escrito por":"Author","Tiempo de lectura":"7 minutos"},"schema":{"@context":"https:\/\/schema.org","@graph":[{"@type":"WebPage","@id":"https:\/\/vof-news.eu\/es\/paloma-sanchez-garnica-sea-mas-sutil-o-mas-perversa-toda-la-politica-actual-se-basa-en-los-metodos-de-goebbels\/","url":"https:\/\/vof-news.eu\/es\/paloma-sanchez-garnica-sea-mas-sutil-o-mas-perversa-toda-la-politica-actual-se-basa-en-los-metodos-de-goebbels\/","name":"Paloma S\u00e1nchez-Garnica: \"Sea m\u00e1s sutil o m\u00e1s perversa, toda la pol\u00edtica actual se basa en los m\u00e9todos de Goebbels\" - vof-news.eu","isPartOf":{"@id":"https:\/\/vof-news.eu\/es\/#website"},"primaryImageOfPage":{"@id":"https:\/\/vof-news.eu\/es\/paloma-sanchez-garnica-sea-mas-sutil-o-mas-perversa-toda-la-politica-actual-se-basa-en-los-metodos-de-goebbels\/#primaryimage"},"image":{"@id":"https:\/\/vof-news.eu\/es\/paloma-sanchez-garnica-sea-mas-sutil-o-mas-perversa-toda-la-politica-actual-se-basa-en-los-metodos-de-goebbels\/#primaryimage"},"thumbnailUrl":"https:\/\/vof-news.eu\/wp-content\/uploads\/2025\/07\/17515613845915.jpg","datePublished":"2025-07-03T22:22:12+00:00","dateModified":"2025-07-03T22:23:01+00:00","author":{"@id":"https:\/\/vof-news.eu\/es\/#\/schema\/person\/f6a2a4309f0561835797fd8c19b333ed"},"description":"A finales de septiembre de 1989, la entonces abogada Paloma S\u00e1nchez-Garnica (Madrid, 1962) viajaba con su marido en coche a trav\u00e9s de la Rep\u00fablica Federal Alemana con destino a Berl\u00edn, a donde llegaron tras cruzar la frontera con la comunista Rep\u00fablica Democr\u00e1tica Alemana en cuyo territorio estaba la ciudad. \"Incluso aislada como estaba, el Berl\u00edn occidental era una ciudad palpitante de vida con gente en la calle y las terrazas, coches lujosos, tiendas a rebosar...\", rememora la escritora paseando por las anchas y ordenadas calles de la capital alemana, a donde viaja para recorrer los principales escenarios de su trilog\u00eda berlinesa. \"Pero todo cambi\u00f3 apenas a una parada de metro, tras cruzar en la estaci\u00f3n de Friedrichstra\u00dfe una frontera absolutamente asfixiante y bastante inquietante. Me pareci\u00f3 que era como un viaje al pasado\".En los estertores del r\u00e9gimen comunista, comparte, \"Berl\u00edn oriental parec\u00eda anclada 30 a\u00f1os atr\u00e1s, era una ciudad gris, fr\u00eda, lenta, especialmente monocolor. No hab\u00eda nada en los escaparates, no \u00e9ramos capaces de gastarnos los cinco mil y pico pesetas que te obligaban a cambiar en marcos de la RDA para darte el visado porque no hab\u00eda productos que comprar\", apunta a\u00fan asombrada. \"De vuelta en el lado occidental, tocando el Muro justo al lado de la Puerta de Brandenburgo, mi marido dijo una frase que se me qued\u00f3 grabada: 'Nosotros quiz\u00e1 no, pero este muro lo ver\u00e1n caer nuestros hijos'\", recuerda.Sin embargo, apenas unas semanas despu\u00e9s, el 9 de noviembre de ese crucial 1989, S\u00e1nchez-Garnica ver\u00eda por televisi\u00f3n c\u00f3mo las dos Berlines se reencontraban tras m\u00e1s de 40 a\u00f1os divididas, casi 30 de ellos separadas por toneladas de hormig\u00f3n y acero. \"Si me dices un momento hist\u00f3rico en el que me hubiera encantado vivir, ser\u00eda esa ciudad aquella noche, con esa explosi\u00f3n de libertad, de alegr\u00eda, esas emociones que sinti\u00f3 tanta gente de un lado y otro, y que nadie se terminaba de creer\".Reconstruyendo la historiaDe esa fascinaci\u00f3n por la capital alemana ha surgido mucha de la inspiraci\u00f3n literaria de la escritora, quien ha ambientado all\u00ed tres de sus nueve novelas, las cuales Planeta re\u00fane ahora en un estuche que saldr\u00e1 a la venta en oto\u00f1o. Tambi\u00e9n por esas fechas llegar\u00e1 a la gran pantalla -con pel\u00edcula dirigida por Imanol Uribe y protagonizada por \u00c1lex Gonz\u00e1lez y Aura Garrido- la primera, La sospecha de Sof\u00eda (2019), que narra una trepidante historia ambientada entre finales de los 60 y principios de los 70 y contrapone la dictadura germana, en su auge en aquellos a\u00f1os, con la por entonces ya decadente dictadura franquista.\"Berl\u00edn condensa lo peor del siglo XX, desde los errores ideol\u00f3gicos del totalitarismo nazi y comunista, hasta la m\u00e1xima crueldad humana\"Despu\u00e9s vendr\u00eda Los \u00faltimos d\u00edas de Berl\u00edn, en la que viajaba a la Alemania de 1933 para comprender c\u00f3mo fue el auge del nazismo, pero que tambi\u00e9n exploraba la vida cotidiana durante el estalinismo como una especie de juego de espejos. Si esa novela le vali\u00f3 ser finalista del Premio Planeta, el premio gordo llegar\u00eda el pasado octubre con Victoria, merecedora del galard\u00f3n, en la que a trav\u00e9s de la historia de dos hermanas separadas por el Muro y la ideolog\u00eda S\u00e1nchez-Garnica explora los claroscuros de los dilemas morales, la crudeza de la lucha por la supervivencia y de paso, desmonta varios t\u00f3picos sobre la bondad de los Aliados, incidiendo en el trato dado a los alemanes en la posguerra y exponiendo los paralelismos entre el nazismo y el macartismo o la segregaci\u00f3n racial.\"Un libro fue llevando al otro. Conocer la RDA me hizo interesarme por c\u00f3mo se lleg\u00f3 al nazismo, e internarme en esta \u00e9poca por c\u00f3mo sobrevivieron tras la guerra los berlineses, especialmente aquellas mujeres que como broche final vivieron una oleada de violaciones y humillaciones que tuvieron que silenciar y normalizar para salir adelante\", explica la escritora paseando por puntos emblem\u00e1ticos de la ciudad como Alexanderplatz, centro neur\u00e1lgico del Berl\u00edn oriental; el ayuntamiento Sch\u00f6neberg, donde J. F. Kennedy pronunci\u00f3 su m\u00edtico discurso terminado con \"Ich bin ein Berliner\" (Soy un berlin\u00e9s); la Iglesia de la Memoria, emblema decimon\u00f3nico del Imperio alem\u00e1n cuyas ruinas nunca se reconstruyeron tras los bombardeos para no caer en el olvido, o el Oberbaumbr\u00fccke, el famoso \"puente de los esp\u00edas\", que fue durante a\u00f1os una frontera caliente y junto al que queda el \u00faltimo rastro de Muro, unos kil\u00f3metros convertidos en murales en los a\u00f1os 90 por 117 artistas de 21 pa\u00edses -ah\u00ed es donde est\u00e1 el ic\u00f3nico grafiti denominado Beso Fraternal Socialista-.La responsabilidad de la memoriaTodos esos lugares, afirma la escritora, son una huella del pasado que hace de Berl\u00edn \"un lugar clave para explicar el siglo XX. La ciudad condensa todos los errores ideol\u00f3gicos y pol\u00edticos del totalitarismo nazi y comunista, y tambi\u00e9n la m\u00e1xima crueldad humana, pues fue casi completamente devastada por las bombas y a su poblaci\u00f3n superviviente y agonizante se la responsabiliz\u00f3 de todos los males de la guerra\", reflexiona la autora sin poder evitar una lectura contempor\u00e1nea. \"La memoria que guarda Berl\u00edn es importante para recordar que, como dec\u00eda Primo Levi, no estamos exentos de los males del pasado. Llevamos varias d\u00e9cadas viviendo en una sociedad muy acomodada, adocenada y aburguesada. Como estamos viendo, seguimos en una Guerra Fr\u00eda que no va m\u00e1s all\u00e1 por la amenaza nuclear, pero no deber\u00eda ser necesario que ocurrieran tragedias como las de Ucrania o Gaza para que no olvidemos que todo horror pasado puede suceder hoy\", lamenta. \"En Europa llevamos varias d\u00e9cadas adocenados y aburguesados, hemos olvidado que todo horror del pasado puede suceder de nuevo hoy en d\u00eda\"M\u00e1xime en un mundo en el que, opina, nos parecemos m\u00e1s a muchas de las cosas malas del siglo XX de lo que creemos. \"La idea de propaganda ideol\u00f3gica que crearon los nazis la vemos hoy en las redes y el mundo digital, en una pol\u00edtica que busca un pensamiento \u00fanico. Sea m\u00e1s sutil o m\u00e1s perversa, toda la pol\u00edtica actual se basa en los principios y m\u00e9todos de Goebbels\". Por eso, defiende, \"los ciudadanos tenemos la responsabilidad de no dejarnos llevar por los mensajes facilones, de hacer el esfuerzo de analizar y cribar la informaci\u00f3n, de no ser ovejas. El periodista Edward R. Murrow dijo: 'un pa\u00eds de ovejas engendra un gobierno de locos', y as\u00ed estamos hoy, con l\u00edderes como Trump, Putin o Xi Jinping, que no son sino unos oportunistas imprevisibles\".Ese papel de advertencia lo cumple para S\u00e1nchez-Garnica la literatura, que nos vuelve \"m\u00e1s cr\u00edticos y menos manipulables. La ciencia dice que el cerebro no distingue entre lo que es real y lo que es ficci\u00f3n, por eso la ficci\u00f3n es una herramienta accesible para comprender al ser humano, sus ideas, motivaciones y actos. La buena literatura, las grandes novelas, tienen que ser capaces de llegar a todos los lectores y niveles, desde lo m\u00e1s superficial hasta lo m\u00e1s profundo\", argumenta. \"Yo no soy analista pol\u00edtica, as\u00ed que no puedo hablar del presente, pero s\u00ed creo que entender y conocer el pasado, adem\u00e1s de ese modo \u00edntimo que logran las novelas, con personajes y emociones con los que la gente se identifique, es fundamental para entender el mundo en el que vivimos\". Y para que, con suerte, historias como esas que guarda el Berl\u00edn del siglo XX nunca se repitan.","breadcrumb":{"@id":"https:\/\/vof-news.eu\/es\/paloma-sanchez-garnica-sea-mas-sutil-o-mas-perversa-toda-la-politica-actual-se-basa-en-los-metodos-de-goebbels\/#breadcrumb"},"inLanguage":"es","potentialAction":[{"@type":"ReadAction","target":["https:\/\/vof-news.eu\/es\/paloma-sanchez-garnica-sea-mas-sutil-o-mas-perversa-toda-la-politica-actual-se-basa-en-los-metodos-de-goebbels\/"]}]},{"@type":"ImageObject","inLanguage":"es","@id":"https:\/\/vof-news.eu\/es\/paloma-sanchez-garnica-sea-mas-sutil-o-mas-perversa-toda-la-politica-actual-se-basa-en-los-metodos-de-goebbels\/#primaryimage","url":"https:\/\/vof-news.eu\/wp-content\/uploads\/2025\/07\/17515613845915.jpg","contentUrl":"https:\/\/vof-news.eu\/wp-content\/uploads\/2025\/07\/17515613845915.jpg","width":1366,"height":965},{"@type":"BreadcrumbList","@id":"https:\/\/vof-news.eu\/es\/paloma-sanchez-garnica-sea-mas-sutil-o-mas-perversa-toda-la-politica-actual-se-basa-en-los-metodos-de-goebbels\/#breadcrumb","itemListElement":[{"@type":"ListItem","position":1,"name":"Home","item":"https:\/\/vof-news.eu\/es\/"},{"@type":"ListItem","position":2,"name":"Paloma S\u00e1nchez-Garnica: &#8220;Sea m\u00e1s sutil o m\u00e1s perversa, toda la pol\u00edtica actual se basa en los m\u00e9todos de Goebbels&#8221;"}]},{"@type":"WebSite","@id":"https:\/\/vof-news.eu\/es\/#website","url":"https:\/\/vof-news.eu\/es\/","name":"vof-news.eu","description":"","potentialAction":[{"@type":"SearchAction","target":{"@type":"EntryPoint","urlTemplate":"https:\/\/vof-news.eu\/es\/?s={search_term_string}"},"query-input":"required name=search_term_string"}],"inLanguage":"es"},{"@type":"Person","@id":"https:\/\/vof-news.eu\/es\/#\/schema\/person\/f6a2a4309f0561835797fd8c19b333ed","name":"Author","image":{"@type":"ImageObject","inLanguage":"es","@id":"https:\/\/vof-news.eu\/es\/#\/schema\/person\/image\/","url":"https:\/\/secure.gravatar.com\/avatar\/b67e614b1b25b3e9c0c239efdd2fde5ab015b5affd6f1c3c85911ca4b384e790?s=96&d=mm&r=g","contentUrl":"https:\/\/secure.gravatar.com\/avatar\/b67e614b1b25b3e9c0c239efdd2fde5ab015b5affd6f1c3c85911ca4b384e790?s=96&d=mm&r=g","caption":"Author"},"sameAs":["http:\/\/vof-news.eu"],"url":"https:\/\/vof-news.eu\/es\/author\/zwt6qxnjulxbnyg\/"}]}},"yoast_meta":{"yoast_wpseo_title":"","yoast_wpseo_metadesc":"","yoast_wpseo_canonical":""},"_links":{"self":[{"href":"https:\/\/vof-news.eu\/es\/wp-json\/wp\/v2\/posts\/246661","targetHints":{"allow":["GET"]}}],"collection":[{"href":"https:\/\/vof-news.eu\/es\/wp-json\/wp\/v2\/posts"}],"about":[{"href":"https:\/\/vof-news.eu\/es\/wp-json\/wp\/v2\/types\/post"}],"author":[{"embeddable":true,"href":"https:\/\/vof-news.eu\/es\/wp-json\/wp\/v2\/users\/1"}],"replies":[{"embeddable":true,"href":"https:\/\/vof-news.eu\/es\/wp-json\/wp\/v2\/comments?post=246661"}],"version-history":[{"count":1,"href":"https:\/\/vof-news.eu\/es\/wp-json\/wp\/v2\/posts\/246661\/revisions"}],"predecessor-version":[{"id":246669,"href":"https:\/\/vof-news.eu\/es\/wp-json\/wp\/v2\/posts\/246661\/revisions\/246669"}],"wp:featuredmedia":[{"embeddable":true,"href":"https:\/\/vof-news.eu\/es\/wp-json\/wp\/v2\/media\/246662"}],"wp:attachment":[{"href":"https:\/\/vof-news.eu\/es\/wp-json\/wp\/v2\/media?parent=246661"}],"wp:term":[{"taxonomy":"category","embeddable":true,"href":"https:\/\/vof-news.eu\/es\/wp-json\/wp\/v2\/categories?post=246661"},{"taxonomy":"post_tag","embeddable":true,"href":"https:\/\/vof-news.eu\/es\/wp-json\/wp\/v2\/tags?post=246661"}],"curies":[{"name":"wp","href":"https:\/\/api.w.org\/{rel}","templated":true}]}}