{"id":246561,"date":"2025-07-03T23:17:21","date_gmt":"2025-07-03T20:17:21","guid":{"rendered":"https:\/\/vof-news.eu\/el-gobierno-aprobara-la-nueva-oferta-publica-de-empleo-sin-acuerdo-con-los-sindicatos\/"},"modified":"2025-07-03T23:17:55","modified_gmt":"2025-07-03T20:17:55","slug":"el-gobierno-aprobara-la-nueva-oferta-publica-de-empleo-sin-acuerdo-con-los-sindicatos","status":"publish","type":"post","link":"https:\/\/vof-news.eu\/es\/el-gobierno-aprobara-la-nueva-oferta-publica-de-empleo-sin-acuerdo-con-los-sindicatos\/","title":{"rendered":"El Gobierno aprobar\u00e1 la nueva oferta p\u00fablica de empleo sin acuerdo con los sindicatos"},"content":{"rendered":"<div>\n<p>\n        El Gobierno aprobar\u00e1 \u201cpr\u00f3ximamente\u201d la nueva oferta p\u00fablica de empleo para el a\u00f1o 2025. Y lo har\u00e1 sin acuerdo con los sindicatos, tras una reuni\u00f3n mantenida este jueves entre el Ministerio de Funci\u00f3n P\u00fablica y UGT, CCOO y CSIF en la que, seg\u00fan esta \u00faltima organizaci\u00f3n, el equipo que dirige \u00d3scar L\u00f3pez habr\u00eda puesto sobre la mesa 20.000 nuevas plazas. Una cifra que los tres sindicatos consideran insuficiente y que no despeja la duda de la promoci\u00f3n interna, una reivindicaci\u00f3n habitual de los funcionarios de carrera.\n    <\/p>\n<p>\n        La de este jueves ha sido la cuarta y \u00faltima reuni\u00f3n de la comisi\u00f3n t\u00e9cnica de temporalidad y empleo. Pese a la falta de acuerdo, fuentes del Ministerio \u201cagradecen las aportaciones de los sindicatos que han contribuido a mejorar la oferta p\u00fablica de empleo\u201d y confirman que \u201cse presentar\u00e1 pr\u00f3ximamente al Consejo de Ministros\u201d.\n    <\/p>\n<p>\n        Seg\u00fan los datos que ha trasladado la Central Sindical Independiente y de Funcionarios (CSIF), la oferta que el Ministerio ha puesto sobre la mesa asciende a 20.000 plazas, de las que 4.500 ser\u00edan empleo neto. Son \u201cmenos de la mitad que el a\u00f1o pasado y un 10% de las plazas perdidas en los \u00faltimos 20\u201d, indican en un comunicado en el que denuncian que \u201char\u00edan falta 10 ofertas de empleo p\u00fablico similares para recuperar el empleo perdido\u201d, que estiman en unas 20.640 plazas.\n    <\/p>\n<p>\n        Desde esta organizaci\u00f3n insisten en que esta convocatoria contendr\u00e1 una tasa adicional para el \u00e1mbito de Justicia en Euskadi, fruto del acuerdo de investidura, que consideran \u201cuna discriminaci\u00f3n para el resto de administraciones\u201d que \u201cromper\u00e1 el principio de equidad en el acceso a los servicios que reciben nuestros ciudadanos\u201d. Adem\u00e1s, recuerdan que se mantiene la tasa de reposici\u00f3n y denuncian la \u201clentitud de los procesos selectivos, que ha hecho caducar miles de plazas de 2022\u201d.\n    <\/p>\n<p>\n        Fuentes de UGT lamentan que el Ministerio no haya dado una cifra global, lo que les ha impedido rubricar el acuerdo y desde Comisiones Obreras trasladan que tan solo se ofrecen 16.500 plazas de acceso libre a la Administraci\u00f3n General del Estado, sin n\u00fameros concretos para promoci\u00f3n interna y con un 50% m\u00e1s de bajas respecto a la oferta anterior. Fuentes de este sindicato han se\u00f1alado a Europa Press que las cifras son \u201csoberanamente insuficientes\u201d.\n    <\/p>\n<p>\n        Superar la oferta p\u00fablica anterior supondr\u00eda batir un nuevo r\u00e9cord. En julio de 2024, el Ejecutivo aprob\u00f3 m\u00e1s de 40.000 plazas, una<a href=\"https:\/\/www.eldiario.es\/economia\/gobierno-aprueba-oferta-record-empleo-publico-40-000-plazas-2024_1_11493615.html\" rel=\"nofollow\"> convocatoria \u201chist\u00f3rica\u201d<\/a>, en la que m\u00e1s de 30.000 plazas eran para puestos de la Administraci\u00f3n General del Estado, de las que casi 21.000 eran de acceso libre y m\u00e1s de 10.000 de promoci\u00f3n interna. Entonces, CCOO y CSIF tampoco vieron con buenos ojos la propuesta de Funci\u00f3n P\u00fablica, que s\u00ed cont\u00f3 con el benepl\u00e1cito de UGT.\n    <\/p>\n<p>\n        La reuni\u00f3n de esta tarde se produc\u00eda despu\u00e9s de que UGT y CCOO convocaran una protesta frente al Ministerio de Hacienda para el pr\u00f3ximo martes, ante lo que consideran un \u201cincumplimiento\u201d de la Administraci\u00f3n en asuntos como la jubilaci\u00f3n parcial del personal laboral y la plena implementaci\u00f3n para el funcionario y estatuario, la aplicaci\u00f3n de la jornada laboral de 35 horas o la negociaci\u00f3n pendiente para las <a href=\"https:\/\/www.eldiario.es\/economia\/ugt-ccoo-convocan-protesta-hacienda-pedir-mejoras-salariales-cumplan-compromisos-atender-funcionarios_1_12435361.html\" rel=\"nofollow\">mejoras salariales de 2025<\/a>.\n    <\/p>\n<\/div>\n","protected":false},"excerpt":{"rendered":"<p>El Gobierno aprobar\u00e1 \u201cpr\u00f3ximamente\u201d la nueva oferta p\u00fablica de empleo para el a\u00f1o 2025. Y lo har\u00e1 sin acuerdo con los sindicatos, tras una reuni\u00f3n mantenida este jueves entre el Ministerio de Funci\u00f3n P\u00fablica y UGT, CCOO y CSIF en la que, seg\u00fan esta \u00faltima organizaci\u00f3n, el equipo que dirige \u00d3scar L\u00f3pez habr\u00eda puesto sobre<\/p>\n","protected":false},"author":1,"featured_media":246562,"comment_status":"open","ping_status":"open","sticky":false,"template":"","format":"standard","meta":{"footnotes":""},"categories":[61],"tags":[],"class_list":["post-246561","post","type-post","status-publish","format-standard","has-post-thumbnail","hentry","category-business-es"],"acf":[],"yoast_head":"<!-- This site is optimized with the Yoast SEO plugin v22.9 - https:\/\/yoast.com\/wordpress\/plugins\/seo\/ -->\n<title>El Gobierno aprobar\u00e1 la nueva oferta p\u00fablica de empleo sin acuerdo con los sindicatos - vof-news.eu<\/title>\n<meta name=\"description\" content=\"El Gobierno aprobar\u00e1 \u201cpr\u00f3ximamente\u201d la nueva oferta p\u00fablica de empleo para el a\u00f1o 2025. Y lo har\u00e1 sin acuerdo con los sindicatos, tras una reuni\u00f3n mantenida este jueves entre el Ministerio de Funci\u00f3n P\u00fablica y UGT, CCOO y CSIF en la que, seg\u00fan esta \u00faltima organizaci\u00f3n, el equipo que dirige \u00d3scar L\u00f3pez habr\u00eda puesto sobre la mesa 20.000 nuevas plazas. Una cifra que los tres sindicatos consideran insuficiente y que no despeja la duda de la promoci\u00f3n interna, una reivindicaci\u00f3n habitual de los funcionarios de carrera.\" \/>\n<meta name=\"robots\" content=\"noindex, follow, max-snippet:-1, max-image-preview:large, max-video-preview:-1\" \/>\n<meta property=\"og:locale\" content=\"es_ES\" \/>\n<meta property=\"og:type\" content=\"article\" \/>\n<meta property=\"og:title\" content=\"El Gobierno aprobar\u00e1 la nueva oferta p\u00fablica de empleo sin acuerdo con los sindicatos - vof-news.eu\" \/>\n<meta property=\"og:description\" content=\"El Gobierno aprobar\u00e1 \u201cpr\u00f3ximamente\u201d la nueva oferta p\u00fablica de empleo para el a\u00f1o 2025. Y lo har\u00e1 sin acuerdo con los sindicatos, tras una reuni\u00f3n mantenida este jueves entre el Ministerio de Funci\u00f3n P\u00fablica y UGT, CCOO y CSIF en la que, seg\u00fan esta \u00faltima organizaci\u00f3n, el equipo que dirige \u00d3scar L\u00f3pez habr\u00eda puesto sobre la mesa 20.000 nuevas plazas. Una cifra que los tres sindicatos consideran insuficiente y que no despeja la duda de la promoci\u00f3n interna, una reivindicaci\u00f3n habitual de los funcionarios de carrera.\" \/>\n<meta property=\"og:url\" content=\"https:\/\/vof-news.eu\/es\/el-gobierno-aprobara-la-nueva-oferta-publica-de-empleo-sin-acuerdo-con-los-sindicatos\/\" \/>\n<meta property=\"og:site_name\" content=\"vof-news.eu\" \/>\n<meta property=\"article:published_time\" content=\"2025-07-03T20:17:21+00:00\" \/>\n<meta property=\"article:modified_time\" content=\"2025-07-03T20:17:55+00:00\" \/>\n<meta property=\"og:image\" content=\"https:\/\/vof-news.eu\/wp-content\/uploads\/2025\/07\/eeacc8d3-d190-4c33-98e7-510b06a0fbf1_16-9-discover-aspect-ratio_default_0.jpg\" \/>\n\t<meta property=\"og:image:width\" content=\"1200\" \/>\n\t<meta property=\"og:image:height\" content=\"675\" \/>\n\t<meta property=\"og:image:type\" content=\"image\/jpeg\" \/>\n<meta name=\"author\" content=\"Author\" \/>\n<meta name=\"twitter:card\" content=\"summary_large_image\" \/>\n<meta name=\"twitter:label1\" content=\"Escrito por\" \/>\n\t<meta name=\"twitter:data1\" content=\"Author\" \/>\n\t<meta name=\"twitter:label2\" content=\"Tiempo de lectura\" \/>\n\t<meta name=\"twitter:data2\" content=\"3 minutos\" \/>\n<script type=\"application\/ld+json\" class=\"yoast-schema-graph\">{\"@context\":\"https:\/\/schema.org\",\"@graph\":[{\"@type\":\"WebPage\",\"@id\":\"https:\/\/vof-news.eu\/es\/el-gobierno-aprobara-la-nueva-oferta-publica-de-empleo-sin-acuerdo-con-los-sindicatos\/\",\"url\":\"https:\/\/vof-news.eu\/es\/el-gobierno-aprobara-la-nueva-oferta-publica-de-empleo-sin-acuerdo-con-los-sindicatos\/\",\"name\":\"El Gobierno aprobar\u00e1 la nueva oferta p\u00fablica de empleo sin acuerdo con los sindicatos - vof-news.eu\",\"isPartOf\":{\"@id\":\"https:\/\/vof-news.eu\/es\/#website\"},\"primaryImageOfPage\":{\"@id\":\"https:\/\/vof-news.eu\/es\/el-gobierno-aprobara-la-nueva-oferta-publica-de-empleo-sin-acuerdo-con-los-sindicatos\/#primaryimage\"},\"image\":{\"@id\":\"https:\/\/vof-news.eu\/es\/el-gobierno-aprobara-la-nueva-oferta-publica-de-empleo-sin-acuerdo-con-los-sindicatos\/#primaryimage\"},\"thumbnailUrl\":\"https:\/\/vof-news.eu\/wp-content\/uploads\/2025\/07\/eeacc8d3-d190-4c33-98e7-510b06a0fbf1_16-9-discover-aspect-ratio_default_0.jpg\",\"datePublished\":\"2025-07-03T20:17:21+00:00\",\"dateModified\":\"2025-07-03T20:17:55+00:00\",\"author\":{\"@id\":\"https:\/\/vof-news.eu\/es\/#\/schema\/person\/f6a2a4309f0561835797fd8c19b333ed\"},\"description\":\"El Gobierno aprobar\u00e1 \u201cpr\u00f3ximamente\u201d la nueva oferta p\u00fablica de empleo para el a\u00f1o 2025. Y lo har\u00e1 sin acuerdo con los sindicatos, tras una reuni\u00f3n mantenida este jueves entre el Ministerio de Funci\u00f3n P\u00fablica y UGT, CCOO y CSIF en la que, seg\u00fan esta \u00faltima organizaci\u00f3n, el equipo que dirige \u00d3scar L\u00f3pez habr\u00eda puesto sobre la mesa 20.000 nuevas plazas. Una cifra que los tres sindicatos consideran insuficiente y que no despeja la duda de la promoci\u00f3n interna, una reivindicaci\u00f3n habitual de los funcionarios de carrera.\",\"breadcrumb\":{\"@id\":\"https:\/\/vof-news.eu\/es\/el-gobierno-aprobara-la-nueva-oferta-publica-de-empleo-sin-acuerdo-con-los-sindicatos\/#breadcrumb\"},\"inLanguage\":\"es\",\"potentialAction\":[{\"@type\":\"ReadAction\",\"target\":[\"https:\/\/vof-news.eu\/es\/el-gobierno-aprobara-la-nueva-oferta-publica-de-empleo-sin-acuerdo-con-los-sindicatos\/\"]}]},{\"@type\":\"ImageObject\",\"inLanguage\":\"es\",\"@id\":\"https:\/\/vof-news.eu\/es\/el-gobierno-aprobara-la-nueva-oferta-publica-de-empleo-sin-acuerdo-con-los-sindicatos\/#primaryimage\",\"url\":\"https:\/\/vof-news.eu\/wp-content\/uploads\/2025\/07\/eeacc8d3-d190-4c33-98e7-510b06a0fbf1_16-9-discover-aspect-ratio_default_0.jpg\",\"contentUrl\":\"https:\/\/vof-news.eu\/wp-content\/uploads\/2025\/07\/eeacc8d3-d190-4c33-98e7-510b06a0fbf1_16-9-discover-aspect-ratio_default_0.jpg\",\"width\":1200,\"height\":675},{\"@type\":\"BreadcrumbList\",\"@id\":\"https:\/\/vof-news.eu\/es\/el-gobierno-aprobara-la-nueva-oferta-publica-de-empleo-sin-acuerdo-con-los-sindicatos\/#breadcrumb\",\"itemListElement\":[{\"@type\":\"ListItem\",\"position\":1,\"name\":\"Home\",\"item\":\"https:\/\/vof-news.eu\/es\/\"},{\"@type\":\"ListItem\",\"position\":2,\"name\":\"El Gobierno aprobar\u00e1 la nueva oferta p\u00fablica de empleo sin acuerdo con los sindicatos\"}]},{\"@type\":\"WebSite\",\"@id\":\"https:\/\/vof-news.eu\/es\/#website\",\"url\":\"https:\/\/vof-news.eu\/es\/\",\"name\":\"vof-news.eu\",\"description\":\"\",\"potentialAction\":[{\"@type\":\"SearchAction\",\"target\":{\"@type\":\"EntryPoint\",\"urlTemplate\":\"https:\/\/vof-news.eu\/es\/?s={search_term_string}\"},\"query-input\":\"required name=search_term_string\"}],\"inLanguage\":\"es\"},{\"@type\":\"Person\",\"@id\":\"https:\/\/vof-news.eu\/es\/#\/schema\/person\/f6a2a4309f0561835797fd8c19b333ed\",\"name\":\"Author\",\"image\":{\"@type\":\"ImageObject\",\"inLanguage\":\"es\",\"@id\":\"https:\/\/vof-news.eu\/es\/#\/schema\/person\/image\/\",\"url\":\"https:\/\/secure.gravatar.com\/avatar\/b67e614b1b25b3e9c0c239efdd2fde5ab015b5affd6f1c3c85911ca4b384e790?s=96&d=mm&r=g\",\"contentUrl\":\"https:\/\/secure.gravatar.com\/avatar\/b67e614b1b25b3e9c0c239efdd2fde5ab015b5affd6f1c3c85911ca4b384e790?s=96&d=mm&r=g\",\"caption\":\"Author\"},\"sameAs\":[\"http:\/\/vof-news.eu\"],\"url\":\"https:\/\/vof-news.eu\/es\/author\/zwt6qxnjulxbnyg\/\"}]}<\/script>\n<!-- \/ Yoast SEO plugin. -->","yoast_head_json":{"title":"El Gobierno aprobar\u00e1 la nueva oferta p\u00fablica de empleo sin acuerdo con los sindicatos - vof-news.eu","description":"El Gobierno aprobar\u00e1 \u201cpr\u00f3ximamente\u201d la nueva oferta p\u00fablica de empleo para el a\u00f1o 2025. Y lo har\u00e1 sin acuerdo con los sindicatos, tras una reuni\u00f3n mantenida este jueves entre el Ministerio de Funci\u00f3n P\u00fablica y UGT, CCOO y CSIF en la que, seg\u00fan esta \u00faltima organizaci\u00f3n, el equipo que dirige \u00d3scar L\u00f3pez habr\u00eda puesto sobre la mesa 20.000 nuevas plazas. Una cifra que los tres sindicatos consideran insuficiente y que no despeja la duda de la promoci\u00f3n interna, una reivindicaci\u00f3n habitual de los funcionarios de carrera.","robots":{"index":"noindex","follow":"follow","max-snippet":"max-snippet:-1","max-image-preview":"max-image-preview:large","max-video-preview":"max-video-preview:-1"},"og_locale":"es_ES","og_type":"article","og_title":"El Gobierno aprobar\u00e1 la nueva oferta p\u00fablica de empleo sin acuerdo con los sindicatos - vof-news.eu","og_description":"El Gobierno aprobar\u00e1 \u201cpr\u00f3ximamente\u201d la nueva oferta p\u00fablica de empleo para el a\u00f1o 2025. Y lo har\u00e1 sin acuerdo con los sindicatos, tras una reuni\u00f3n mantenida este jueves entre el Ministerio de Funci\u00f3n P\u00fablica y UGT, CCOO y CSIF en la que, seg\u00fan esta \u00faltima organizaci\u00f3n, el equipo que dirige \u00d3scar L\u00f3pez habr\u00eda puesto sobre la mesa 20.000 nuevas plazas. Una cifra que los tres sindicatos consideran insuficiente y que no despeja la duda de la promoci\u00f3n interna, una reivindicaci\u00f3n habitual de los funcionarios de carrera.","og_url":"https:\/\/vof-news.eu\/es\/el-gobierno-aprobara-la-nueva-oferta-publica-de-empleo-sin-acuerdo-con-los-sindicatos\/","og_site_name":"vof-news.eu","article_published_time":"2025-07-03T20:17:21+00:00","article_modified_time":"2025-07-03T20:17:55+00:00","og_image":[{"width":1200,"height":675,"url":"https:\/\/vof-news.eu\/wp-content\/uploads\/2025\/07\/eeacc8d3-d190-4c33-98e7-510b06a0fbf1_16-9-discover-aspect-ratio_default_0.jpg","type":"image\/jpeg"}],"author":"Author","twitter_card":"summary_large_image","twitter_misc":{"Escrito por":"Author","Tiempo de lectura":"3 minutos"},"schema":{"@context":"https:\/\/schema.org","@graph":[{"@type":"WebPage","@id":"https:\/\/vof-news.eu\/es\/el-gobierno-aprobara-la-nueva-oferta-publica-de-empleo-sin-acuerdo-con-los-sindicatos\/","url":"https:\/\/vof-news.eu\/es\/el-gobierno-aprobara-la-nueva-oferta-publica-de-empleo-sin-acuerdo-con-los-sindicatos\/","name":"El Gobierno aprobar\u00e1 la nueva oferta p\u00fablica de empleo sin acuerdo con los sindicatos - vof-news.eu","isPartOf":{"@id":"https:\/\/vof-news.eu\/es\/#website"},"primaryImageOfPage":{"@id":"https:\/\/vof-news.eu\/es\/el-gobierno-aprobara-la-nueva-oferta-publica-de-empleo-sin-acuerdo-con-los-sindicatos\/#primaryimage"},"image":{"@id":"https:\/\/vof-news.eu\/es\/el-gobierno-aprobara-la-nueva-oferta-publica-de-empleo-sin-acuerdo-con-los-sindicatos\/#primaryimage"},"thumbnailUrl":"https:\/\/vof-news.eu\/wp-content\/uploads\/2025\/07\/eeacc8d3-d190-4c33-98e7-510b06a0fbf1_16-9-discover-aspect-ratio_default_0.jpg","datePublished":"2025-07-03T20:17:21+00:00","dateModified":"2025-07-03T20:17:55+00:00","author":{"@id":"https:\/\/vof-news.eu\/es\/#\/schema\/person\/f6a2a4309f0561835797fd8c19b333ed"},"description":"El Gobierno aprobar\u00e1 \u201cpr\u00f3ximamente\u201d la nueva oferta p\u00fablica de empleo para el a\u00f1o 2025. Y lo har\u00e1 sin acuerdo con los sindicatos, tras una reuni\u00f3n mantenida este jueves entre el Ministerio de Funci\u00f3n P\u00fablica y UGT, CCOO y CSIF en la que, seg\u00fan esta \u00faltima organizaci\u00f3n, el equipo que dirige \u00d3scar L\u00f3pez habr\u00eda puesto sobre la mesa 20.000 nuevas plazas. Una cifra que los tres sindicatos consideran insuficiente y que no despeja la duda de la promoci\u00f3n interna, una reivindicaci\u00f3n habitual de los funcionarios de carrera.","breadcrumb":{"@id":"https:\/\/vof-news.eu\/es\/el-gobierno-aprobara-la-nueva-oferta-publica-de-empleo-sin-acuerdo-con-los-sindicatos\/#breadcrumb"},"inLanguage":"es","potentialAction":[{"@type":"ReadAction","target":["https:\/\/vof-news.eu\/es\/el-gobierno-aprobara-la-nueva-oferta-publica-de-empleo-sin-acuerdo-con-los-sindicatos\/"]}]},{"@type":"ImageObject","inLanguage":"es","@id":"https:\/\/vof-news.eu\/es\/el-gobierno-aprobara-la-nueva-oferta-publica-de-empleo-sin-acuerdo-con-los-sindicatos\/#primaryimage","url":"https:\/\/vof-news.eu\/wp-content\/uploads\/2025\/07\/eeacc8d3-d190-4c33-98e7-510b06a0fbf1_16-9-discover-aspect-ratio_default_0.jpg","contentUrl":"https:\/\/vof-news.eu\/wp-content\/uploads\/2025\/07\/eeacc8d3-d190-4c33-98e7-510b06a0fbf1_16-9-discover-aspect-ratio_default_0.jpg","width":1200,"height":675},{"@type":"BreadcrumbList","@id":"https:\/\/vof-news.eu\/es\/el-gobierno-aprobara-la-nueva-oferta-publica-de-empleo-sin-acuerdo-con-los-sindicatos\/#breadcrumb","itemListElement":[{"@type":"ListItem","position":1,"name":"Home","item":"https:\/\/vof-news.eu\/es\/"},{"@type":"ListItem","position":2,"name":"El Gobierno aprobar\u00e1 la nueva oferta p\u00fablica de empleo sin acuerdo con los sindicatos"}]},{"@type":"WebSite","@id":"https:\/\/vof-news.eu\/es\/#website","url":"https:\/\/vof-news.eu\/es\/","name":"vof-news.eu","description":"","potentialAction":[{"@type":"SearchAction","target":{"@type":"EntryPoint","urlTemplate":"https:\/\/vof-news.eu\/es\/?s={search_term_string}"},"query-input":"required name=search_term_string"}],"inLanguage":"es"},{"@type":"Person","@id":"https:\/\/vof-news.eu\/es\/#\/schema\/person\/f6a2a4309f0561835797fd8c19b333ed","name":"Author","image":{"@type":"ImageObject","inLanguage":"es","@id":"https:\/\/vof-news.eu\/es\/#\/schema\/person\/image\/","url":"https:\/\/secure.gravatar.com\/avatar\/b67e614b1b25b3e9c0c239efdd2fde5ab015b5affd6f1c3c85911ca4b384e790?s=96&d=mm&r=g","contentUrl":"https:\/\/secure.gravatar.com\/avatar\/b67e614b1b25b3e9c0c239efdd2fde5ab015b5affd6f1c3c85911ca4b384e790?s=96&d=mm&r=g","caption":"Author"},"sameAs":["http:\/\/vof-news.eu"],"url":"https:\/\/vof-news.eu\/es\/author\/zwt6qxnjulxbnyg\/"}]}},"yoast_meta":{"yoast_wpseo_title":"","yoast_wpseo_metadesc":"","yoast_wpseo_canonical":""},"_links":{"self":[{"href":"https:\/\/vof-news.eu\/es\/wp-json\/wp\/v2\/posts\/246561","targetHints":{"allow":["GET"]}}],"collection":[{"href":"https:\/\/vof-news.eu\/es\/wp-json\/wp\/v2\/posts"}],"about":[{"href":"https:\/\/vof-news.eu\/es\/wp-json\/wp\/v2\/types\/post"}],"author":[{"embeddable":true,"href":"https:\/\/vof-news.eu\/es\/wp-json\/wp\/v2\/users\/1"}],"replies":[{"embeddable":true,"href":"https:\/\/vof-news.eu\/es\/wp-json\/wp\/v2\/comments?post=246561"}],"version-history":[{"count":1,"href":"https:\/\/vof-news.eu\/es\/wp-json\/wp\/v2\/posts\/246561\/revisions"}],"predecessor-version":[{"id":246568,"href":"https:\/\/vof-news.eu\/es\/wp-json\/wp\/v2\/posts\/246561\/revisions\/246568"}],"wp:featuredmedia":[{"embeddable":true,"href":"https:\/\/vof-news.eu\/es\/wp-json\/wp\/v2\/media\/246562"}],"wp:attachment":[{"href":"https:\/\/vof-news.eu\/es\/wp-json\/wp\/v2\/media?parent=246561"}],"wp:term":[{"taxonomy":"category","embeddable":true,"href":"https:\/\/vof-news.eu\/es\/wp-json\/wp\/v2\/categories?post=246561"},{"taxonomy":"post_tag","embeddable":true,"href":"https:\/\/vof-news.eu\/es\/wp-json\/wp\/v2\/tags?post=246561"}],"curies":[{"name":"wp","href":"https:\/\/api.w.org\/{rel}","templated":true}]}}