{"id":246453,"date":"2025-07-03T21:17:12","date_gmt":"2025-07-03T18:17:12","guid":{"rendered":"https:\/\/vof-news.eu\/tellado-gana-poder-interno-para-electoralizar-el-pp-y-feijoo-saca-a-ana-alos-de-igualdad-para-darselo-a-jaime-de-los-santos\/"},"modified":"2025-07-03T21:17:42","modified_gmt":"2025-07-03T18:17:42","slug":"tellado-gana-poder-interno-para-electoralizar-el-pp-y-feijoo-saca-a-ana-alos-de-igualdad-para-darselo-a-jaime-de-los-santos","status":"publish","type":"post","link":"https:\/\/vof-news.eu\/es\/tellado-gana-poder-interno-para-electoralizar-el-pp-y-feijoo-saca-a-ana-alos-de-igualdad-para-darselo-a-jaime-de-los-santos\/","title":{"rendered":"Tellado gana poder interno para \u201celectoralizar\u201d el PP y Feij\u00f3o saca a Ana Al\u00f3s de Igualdad para d\u00e1rselo a Jaime de los Santos"},"content":{"rendered":"<div>\n<p>\n        El inminente secretario general del PP, Miguel Tellado, acumular\u00e1 m\u00e1s poder del habitual como &#8216;n\u00famero dos&#8217; al subsumir bajo su mando el \u00e1rea de Organizaci\u00f3n, habitualmente desgajada en una vicesecretar\u00eda propia. El objetivo, \u201celectoralizar el partido\u201d, seg\u00fan un comunicado remitido por el PP este jueves por la tarde. \u201cAsumir\u00e1 los departamentos que dirig\u00edan Cuca Gamarra y Carmen F\u00fanez. Un mando \u00fanico en la gesti\u00f3n de los asuntos internos del partido, la relaci\u00f3n con las autonom\u00edas y el dise\u00f1o y planificaci\u00f3n de los procesos electorales\u201d, apunta el texto. A quien no menciona el comunicado es al actual responsable de An\u00e1lisis Electoral, El\u00edas Bendodo.\n    <\/p>\n<p>\n        Tellado ejercer\u00e1 as\u00ed las funciones que antes asum\u00edan Gamarra y F\u00fanez quien, como la hasta ahora secretaria general, se mantendr\u00e1 en el Comit\u00e9 de Direcci\u00f3n como vicesecretaria de Sanidad y Pol\u00edtica Social. La primera de las carteras la hereda de Ester Mu\u00f1oz, quien asciende a portavoz en el Congreso. La segunda se la arrebata a la oscense Ana Al\u00f3s, quien apunta a su salida de la ejecutiva del PP.\n    <\/p>\n<p>\n        La otra cartera que ten\u00eda Al\u00f3s, Igualdad, recae en el diputado Jaime de los Santos, quien entra en el Comit\u00e9 de Direcci\u00f3n como vicesecretario. Adem\u00e1s recoge las competencias en Educaci\u00f3n que tambi\u00e9n depend\u00edan de Mu\u00f1oz.\n    <\/p>\n<p>\n        De los Santos estaba hasta ahora integrado en la Vicesecretar\u00eda de Cultura, que depend\u00eda de Borja S\u00e9mper. En el Congreso ejerc\u00eda como portavoz en la Comisi\u00f3n de Igualdad. En 2013 ocup\u00f3 espacio en los medios tras publicarse unas fotograf\u00edas acompa\u00f1ando de compras a la esposa del entonces presidente, Mariano Rajoy. Era asistente de Elvira Fern\u00e1ndez, <a href=\"https:\/\/www.eldiario.es\/politica\/esposa-rajoy-gozo-durante-anos-medio-asistente-personal-cargo-presupuesto-moncloa_1_11904939.HTML\" rel=\"nofollow\">cargo por el que se embolsaba 60.000 euros brutos al a\u00f1o.<\/a>\n<\/p>\n<\/div>\n","protected":false},"excerpt":{"rendered":"<p>El inminente secretario general del PP, Miguel Tellado, acumular\u00e1 m\u00e1s poder del habitual como &#8216;n\u00famero dos&#8217; al subsumir bajo su mando el \u00e1rea de Organizaci\u00f3n, habitualmente desgajada en una vicesecretar\u00eda propia. El objetivo, \u201celectoralizar el partido\u201d, seg\u00fan un comunicado remitido por el PP este jueves por la tarde. \u201cAsumir\u00e1 los departamentos que dirig\u00edan Cuca Gamarra<\/p>\n","protected":false},"author":1,"featured_media":246454,"comment_status":"open","ping_status":"open","sticky":false,"template":"","format":"standard","meta":{"footnotes":""},"categories":[71],"tags":[],"class_list":["post-246453","post","type-post","status-publish","format-standard","has-post-thumbnail","hentry","category-politics-es"],"acf":[],"yoast_head":"<!-- This site is optimized with the Yoast SEO plugin v22.9 - https:\/\/yoast.com\/wordpress\/plugins\/seo\/ -->\n<title>Tellado gana poder interno para \u201celectoralizar\u201d el PP y Feij\u00f3o saca a Ana Al\u00f3s de Igualdad para d\u00e1rselo a Jaime de los Santos - vof-news.eu<\/title>\n<meta name=\"description\" content=\"El inminente secretario general del PP, Miguel Tellado, acumular\u00e1 m\u00e1s poder del habitual como &#039;n\u00famero dos&#039; al subsumir bajo su mando el \u00e1rea de Organizaci\u00f3n, habitualmente desgajada en una vicesecretar\u00eda propia. El objetivo, \u201celectoralizar el partido\u201d, seg\u00fan un comunicado remitido por el PP este jueves por la tarde. \u201cAsumir\u00e1 los departamentos que dirig\u00edan Cuca Gamarra y Carmen F\u00fanez. Un mando \u00fanico en la gesti\u00f3n de los asuntos internos del partido, la relaci\u00f3n con las autonom\u00edas y el dise\u00f1o y planificaci\u00f3n de los procesos electorales\u201d, apunta el texto. A quien no menciona el comunicado es al actual responsable de An\u00e1lisis Electoral, El\u00edas Bendodo.\" \/>\n<meta name=\"robots\" content=\"noindex, follow, max-snippet:-1, max-image-preview:large, max-video-preview:-1\" \/>\n<meta property=\"og:locale\" content=\"es_ES\" \/>\n<meta property=\"og:type\" content=\"article\" \/>\n<meta property=\"og:title\" content=\"Tellado gana poder interno para \u201celectoralizar\u201d el PP y Feij\u00f3o saca a Ana Al\u00f3s de Igualdad para d\u00e1rselo a Jaime de los Santos - vof-news.eu\" \/>\n<meta property=\"og:description\" content=\"El inminente secretario general del PP, Miguel Tellado, acumular\u00e1 m\u00e1s poder del habitual como &#039;n\u00famero dos&#039; al subsumir bajo su mando el \u00e1rea de Organizaci\u00f3n, habitualmente desgajada en una vicesecretar\u00eda propia. El objetivo, \u201celectoralizar el partido\u201d, seg\u00fan un comunicado remitido por el PP este jueves por la tarde. \u201cAsumir\u00e1 los departamentos que dirig\u00edan Cuca Gamarra y Carmen F\u00fanez. Un mando \u00fanico en la gesti\u00f3n de los asuntos internos del partido, la relaci\u00f3n con las autonom\u00edas y el dise\u00f1o y planificaci\u00f3n de los procesos electorales\u201d, apunta el texto. A quien no menciona el comunicado es al actual responsable de An\u00e1lisis Electoral, El\u00edas Bendodo.\" \/>\n<meta property=\"og:url\" content=\"https:\/\/vof-news.eu\/es\/tellado-gana-poder-interno-para-electoralizar-el-pp-y-feijoo-saca-a-ana-alos-de-igualdad-para-darselo-a-jaime-de-los-santos\/\" \/>\n<meta property=\"og:site_name\" content=\"vof-news.eu\" \/>\n<meta property=\"article:published_time\" content=\"2025-07-03T18:17:12+00:00\" \/>\n<meta property=\"article:modified_time\" content=\"2025-07-03T18:17:42+00:00\" \/>\n<meta property=\"og:image\" content=\"https:\/\/vof-news.eu\/wp-content\/uploads\/2025\/07\/cc48a256-ac3b-4376-b3d6-0098933322aa_16-9-discover-aspect-ratio_default_0_x1951y419.jpg\" \/>\n\t<meta property=\"og:image:width\" content=\"1200\" \/>\n\t<meta property=\"og:image:height\" content=\"675\" \/>\n\t<meta property=\"og:image:type\" content=\"image\/jpeg\" \/>\n<meta name=\"author\" content=\"Author\" \/>\n<meta name=\"twitter:card\" content=\"summary_large_image\" \/>\n<meta name=\"twitter:label1\" content=\"Escrito por\" \/>\n\t<meta name=\"twitter:data1\" content=\"Author\" \/>\n\t<meta name=\"twitter:label2\" content=\"Tiempo de lectura\" \/>\n\t<meta name=\"twitter:data2\" content=\"2 minutos\" \/>\n<script type=\"application\/ld+json\" class=\"yoast-schema-graph\">{\"@context\":\"https:\/\/schema.org\",\"@graph\":[{\"@type\":\"WebPage\",\"@id\":\"https:\/\/vof-news.eu\/es\/tellado-gana-poder-interno-para-electoralizar-el-pp-y-feijoo-saca-a-ana-alos-de-igualdad-para-darselo-a-jaime-de-los-santos\/\",\"url\":\"https:\/\/vof-news.eu\/es\/tellado-gana-poder-interno-para-electoralizar-el-pp-y-feijoo-saca-a-ana-alos-de-igualdad-para-darselo-a-jaime-de-los-santos\/\",\"name\":\"Tellado gana poder interno para \u201celectoralizar\u201d el PP y Feij\u00f3o saca a Ana Al\u00f3s de Igualdad para d\u00e1rselo a Jaime de los Santos - vof-news.eu\",\"isPartOf\":{\"@id\":\"https:\/\/vof-news.eu\/es\/#website\"},\"primaryImageOfPage\":{\"@id\":\"https:\/\/vof-news.eu\/es\/tellado-gana-poder-interno-para-electoralizar-el-pp-y-feijoo-saca-a-ana-alos-de-igualdad-para-darselo-a-jaime-de-los-santos\/#primaryimage\"},\"image\":{\"@id\":\"https:\/\/vof-news.eu\/es\/tellado-gana-poder-interno-para-electoralizar-el-pp-y-feijoo-saca-a-ana-alos-de-igualdad-para-darselo-a-jaime-de-los-santos\/#primaryimage\"},\"thumbnailUrl\":\"https:\/\/vof-news.eu\/wp-content\/uploads\/2025\/07\/cc48a256-ac3b-4376-b3d6-0098933322aa_16-9-discover-aspect-ratio_default_0_x1951y419.jpg\",\"datePublished\":\"2025-07-03T18:17:12+00:00\",\"dateModified\":\"2025-07-03T18:17:42+00:00\",\"author\":{\"@id\":\"https:\/\/vof-news.eu\/es\/#\/schema\/person\/f6a2a4309f0561835797fd8c19b333ed\"},\"description\":\"El inminente secretario general del PP, Miguel Tellado, acumular\u00e1 m\u00e1s poder del habitual como 'n\u00famero dos' al subsumir bajo su mando el \u00e1rea de Organizaci\u00f3n, habitualmente desgajada en una vicesecretar\u00eda propia. El objetivo, \u201celectoralizar el partido\u201d, seg\u00fan un comunicado remitido por el PP este jueves por la tarde. \u201cAsumir\u00e1 los departamentos que dirig\u00edan Cuca Gamarra y Carmen F\u00fanez. Un mando \u00fanico en la gesti\u00f3n de los asuntos internos del partido, la relaci\u00f3n con las autonom\u00edas y el dise\u00f1o y planificaci\u00f3n de los procesos electorales\u201d, apunta el texto. A quien no menciona el comunicado es al actual responsable de An\u00e1lisis Electoral, El\u00edas Bendodo.\",\"breadcrumb\":{\"@id\":\"https:\/\/vof-news.eu\/es\/tellado-gana-poder-interno-para-electoralizar-el-pp-y-feijoo-saca-a-ana-alos-de-igualdad-para-darselo-a-jaime-de-los-santos\/#breadcrumb\"},\"inLanguage\":\"es\",\"potentialAction\":[{\"@type\":\"ReadAction\",\"target\":[\"https:\/\/vof-news.eu\/es\/tellado-gana-poder-interno-para-electoralizar-el-pp-y-feijoo-saca-a-ana-alos-de-igualdad-para-darselo-a-jaime-de-los-santos\/\"]}]},{\"@type\":\"ImageObject\",\"inLanguage\":\"es\",\"@id\":\"https:\/\/vof-news.eu\/es\/tellado-gana-poder-interno-para-electoralizar-el-pp-y-feijoo-saca-a-ana-alos-de-igualdad-para-darselo-a-jaime-de-los-santos\/#primaryimage\",\"url\":\"https:\/\/vof-news.eu\/wp-content\/uploads\/2025\/07\/cc48a256-ac3b-4376-b3d6-0098933322aa_16-9-discover-aspect-ratio_default_0_x1951y419.jpg\",\"contentUrl\":\"https:\/\/vof-news.eu\/wp-content\/uploads\/2025\/07\/cc48a256-ac3b-4376-b3d6-0098933322aa_16-9-discover-aspect-ratio_default_0_x1951y419.jpg\",\"width\":1200,\"height\":675},{\"@type\":\"BreadcrumbList\",\"@id\":\"https:\/\/vof-news.eu\/es\/tellado-gana-poder-interno-para-electoralizar-el-pp-y-feijoo-saca-a-ana-alos-de-igualdad-para-darselo-a-jaime-de-los-santos\/#breadcrumb\",\"itemListElement\":[{\"@type\":\"ListItem\",\"position\":1,\"name\":\"Home\",\"item\":\"https:\/\/vof-news.eu\/es\/\"},{\"@type\":\"ListItem\",\"position\":2,\"name\":\"Tellado gana poder interno para \u201celectoralizar\u201d el PP y Feij\u00f3o saca a Ana Al\u00f3s de Igualdad para d\u00e1rselo a Jaime de los Santos\"}]},{\"@type\":\"WebSite\",\"@id\":\"https:\/\/vof-news.eu\/es\/#website\",\"url\":\"https:\/\/vof-news.eu\/es\/\",\"name\":\"vof-news.eu\",\"description\":\"\",\"potentialAction\":[{\"@type\":\"SearchAction\",\"target\":{\"@type\":\"EntryPoint\",\"urlTemplate\":\"https:\/\/vof-news.eu\/es\/?s={search_term_string}\"},\"query-input\":\"required name=search_term_string\"}],\"inLanguage\":\"es\"},{\"@type\":\"Person\",\"@id\":\"https:\/\/vof-news.eu\/es\/#\/schema\/person\/f6a2a4309f0561835797fd8c19b333ed\",\"name\":\"Author\",\"image\":{\"@type\":\"ImageObject\",\"inLanguage\":\"es\",\"@id\":\"https:\/\/vof-news.eu\/es\/#\/schema\/person\/image\/\",\"url\":\"https:\/\/secure.gravatar.com\/avatar\/b67e614b1b25b3e9c0c239efdd2fde5ab015b5affd6f1c3c85911ca4b384e790?s=96&d=mm&r=g\",\"contentUrl\":\"https:\/\/secure.gravatar.com\/avatar\/b67e614b1b25b3e9c0c239efdd2fde5ab015b5affd6f1c3c85911ca4b384e790?s=96&d=mm&r=g\",\"caption\":\"Author\"},\"sameAs\":[\"http:\/\/vof-news.eu\"],\"url\":\"https:\/\/vof-news.eu\/es\/author\/zwt6qxnjulxbnyg\/\"}]}<\/script>\n<!-- \/ Yoast SEO plugin. -->","yoast_head_json":{"title":"Tellado gana poder interno para \u201celectoralizar\u201d el PP y Feij\u00f3o saca a Ana Al\u00f3s de Igualdad para d\u00e1rselo a Jaime de los Santos - vof-news.eu","description":"El inminente secretario general del PP, Miguel Tellado, acumular\u00e1 m\u00e1s poder del habitual como 'n\u00famero dos' al subsumir bajo su mando el \u00e1rea de Organizaci\u00f3n, habitualmente desgajada en una vicesecretar\u00eda propia. El objetivo, \u201celectoralizar el partido\u201d, seg\u00fan un comunicado remitido por el PP este jueves por la tarde. \u201cAsumir\u00e1 los departamentos que dirig\u00edan Cuca Gamarra y Carmen F\u00fanez. Un mando \u00fanico en la gesti\u00f3n de los asuntos internos del partido, la relaci\u00f3n con las autonom\u00edas y el dise\u00f1o y planificaci\u00f3n de los procesos electorales\u201d, apunta el texto. A quien no menciona el comunicado es al actual responsable de An\u00e1lisis Electoral, El\u00edas Bendodo.","robots":{"index":"noindex","follow":"follow","max-snippet":"max-snippet:-1","max-image-preview":"max-image-preview:large","max-video-preview":"max-video-preview:-1"},"og_locale":"es_ES","og_type":"article","og_title":"Tellado gana poder interno para \u201celectoralizar\u201d el PP y Feij\u00f3o saca a Ana Al\u00f3s de Igualdad para d\u00e1rselo a Jaime de los Santos - vof-news.eu","og_description":"El inminente secretario general del PP, Miguel Tellado, acumular\u00e1 m\u00e1s poder del habitual como 'n\u00famero dos' al subsumir bajo su mando el \u00e1rea de Organizaci\u00f3n, habitualmente desgajada en una vicesecretar\u00eda propia. El objetivo, \u201celectoralizar el partido\u201d, seg\u00fan un comunicado remitido por el PP este jueves por la tarde. \u201cAsumir\u00e1 los departamentos que dirig\u00edan Cuca Gamarra y Carmen F\u00fanez. Un mando \u00fanico en la gesti\u00f3n de los asuntos internos del partido, la relaci\u00f3n con las autonom\u00edas y el dise\u00f1o y planificaci\u00f3n de los procesos electorales\u201d, apunta el texto. A quien no menciona el comunicado es al actual responsable de An\u00e1lisis Electoral, El\u00edas Bendodo.","og_url":"https:\/\/vof-news.eu\/es\/tellado-gana-poder-interno-para-electoralizar-el-pp-y-feijoo-saca-a-ana-alos-de-igualdad-para-darselo-a-jaime-de-los-santos\/","og_site_name":"vof-news.eu","article_published_time":"2025-07-03T18:17:12+00:00","article_modified_time":"2025-07-03T18:17:42+00:00","og_image":[{"width":1200,"height":675,"url":"https:\/\/vof-news.eu\/wp-content\/uploads\/2025\/07\/cc48a256-ac3b-4376-b3d6-0098933322aa_16-9-discover-aspect-ratio_default_0_x1951y419.jpg","type":"image\/jpeg"}],"author":"Author","twitter_card":"summary_large_image","twitter_misc":{"Escrito por":"Author","Tiempo de lectura":"2 minutos"},"schema":{"@context":"https:\/\/schema.org","@graph":[{"@type":"WebPage","@id":"https:\/\/vof-news.eu\/es\/tellado-gana-poder-interno-para-electoralizar-el-pp-y-feijoo-saca-a-ana-alos-de-igualdad-para-darselo-a-jaime-de-los-santos\/","url":"https:\/\/vof-news.eu\/es\/tellado-gana-poder-interno-para-electoralizar-el-pp-y-feijoo-saca-a-ana-alos-de-igualdad-para-darselo-a-jaime-de-los-santos\/","name":"Tellado gana poder interno para \u201celectoralizar\u201d el PP y Feij\u00f3o saca a Ana Al\u00f3s de Igualdad para d\u00e1rselo a Jaime de los Santos - vof-news.eu","isPartOf":{"@id":"https:\/\/vof-news.eu\/es\/#website"},"primaryImageOfPage":{"@id":"https:\/\/vof-news.eu\/es\/tellado-gana-poder-interno-para-electoralizar-el-pp-y-feijoo-saca-a-ana-alos-de-igualdad-para-darselo-a-jaime-de-los-santos\/#primaryimage"},"image":{"@id":"https:\/\/vof-news.eu\/es\/tellado-gana-poder-interno-para-electoralizar-el-pp-y-feijoo-saca-a-ana-alos-de-igualdad-para-darselo-a-jaime-de-los-santos\/#primaryimage"},"thumbnailUrl":"https:\/\/vof-news.eu\/wp-content\/uploads\/2025\/07\/cc48a256-ac3b-4376-b3d6-0098933322aa_16-9-discover-aspect-ratio_default_0_x1951y419.jpg","datePublished":"2025-07-03T18:17:12+00:00","dateModified":"2025-07-03T18:17:42+00:00","author":{"@id":"https:\/\/vof-news.eu\/es\/#\/schema\/person\/f6a2a4309f0561835797fd8c19b333ed"},"description":"El inminente secretario general del PP, Miguel Tellado, acumular\u00e1 m\u00e1s poder del habitual como 'n\u00famero dos' al subsumir bajo su mando el \u00e1rea de Organizaci\u00f3n, habitualmente desgajada en una vicesecretar\u00eda propia. El objetivo, \u201celectoralizar el partido\u201d, seg\u00fan un comunicado remitido por el PP este jueves por la tarde. \u201cAsumir\u00e1 los departamentos que dirig\u00edan Cuca Gamarra y Carmen F\u00fanez. Un mando \u00fanico en la gesti\u00f3n de los asuntos internos del partido, la relaci\u00f3n con las autonom\u00edas y el dise\u00f1o y planificaci\u00f3n de los procesos electorales\u201d, apunta el texto. A quien no menciona el comunicado es al actual responsable de An\u00e1lisis Electoral, El\u00edas Bendodo.","breadcrumb":{"@id":"https:\/\/vof-news.eu\/es\/tellado-gana-poder-interno-para-electoralizar-el-pp-y-feijoo-saca-a-ana-alos-de-igualdad-para-darselo-a-jaime-de-los-santos\/#breadcrumb"},"inLanguage":"es","potentialAction":[{"@type":"ReadAction","target":["https:\/\/vof-news.eu\/es\/tellado-gana-poder-interno-para-electoralizar-el-pp-y-feijoo-saca-a-ana-alos-de-igualdad-para-darselo-a-jaime-de-los-santos\/"]}]},{"@type":"ImageObject","inLanguage":"es","@id":"https:\/\/vof-news.eu\/es\/tellado-gana-poder-interno-para-electoralizar-el-pp-y-feijoo-saca-a-ana-alos-de-igualdad-para-darselo-a-jaime-de-los-santos\/#primaryimage","url":"https:\/\/vof-news.eu\/wp-content\/uploads\/2025\/07\/cc48a256-ac3b-4376-b3d6-0098933322aa_16-9-discover-aspect-ratio_default_0_x1951y419.jpg","contentUrl":"https:\/\/vof-news.eu\/wp-content\/uploads\/2025\/07\/cc48a256-ac3b-4376-b3d6-0098933322aa_16-9-discover-aspect-ratio_default_0_x1951y419.jpg","width":1200,"height":675},{"@type":"BreadcrumbList","@id":"https:\/\/vof-news.eu\/es\/tellado-gana-poder-interno-para-electoralizar-el-pp-y-feijoo-saca-a-ana-alos-de-igualdad-para-darselo-a-jaime-de-los-santos\/#breadcrumb","itemListElement":[{"@type":"ListItem","position":1,"name":"Home","item":"https:\/\/vof-news.eu\/es\/"},{"@type":"ListItem","position":2,"name":"Tellado gana poder interno para \u201celectoralizar\u201d el PP y Feij\u00f3o saca a Ana Al\u00f3s de Igualdad para d\u00e1rselo a Jaime de los Santos"}]},{"@type":"WebSite","@id":"https:\/\/vof-news.eu\/es\/#website","url":"https:\/\/vof-news.eu\/es\/","name":"vof-news.eu","description":"","potentialAction":[{"@type":"SearchAction","target":{"@type":"EntryPoint","urlTemplate":"https:\/\/vof-news.eu\/es\/?s={search_term_string}"},"query-input":"required name=search_term_string"}],"inLanguage":"es"},{"@type":"Person","@id":"https:\/\/vof-news.eu\/es\/#\/schema\/person\/f6a2a4309f0561835797fd8c19b333ed","name":"Author","image":{"@type":"ImageObject","inLanguage":"es","@id":"https:\/\/vof-news.eu\/es\/#\/schema\/person\/image\/","url":"https:\/\/secure.gravatar.com\/avatar\/b67e614b1b25b3e9c0c239efdd2fde5ab015b5affd6f1c3c85911ca4b384e790?s=96&d=mm&r=g","contentUrl":"https:\/\/secure.gravatar.com\/avatar\/b67e614b1b25b3e9c0c239efdd2fde5ab015b5affd6f1c3c85911ca4b384e790?s=96&d=mm&r=g","caption":"Author"},"sameAs":["http:\/\/vof-news.eu"],"url":"https:\/\/vof-news.eu\/es\/author\/zwt6qxnjulxbnyg\/"}]}},"yoast_meta":{"yoast_wpseo_title":"","yoast_wpseo_metadesc":"","yoast_wpseo_canonical":""},"_links":{"self":[{"href":"https:\/\/vof-news.eu\/es\/wp-json\/wp\/v2\/posts\/246453","targetHints":{"allow":["GET"]}}],"collection":[{"href":"https:\/\/vof-news.eu\/es\/wp-json\/wp\/v2\/posts"}],"about":[{"href":"https:\/\/vof-news.eu\/es\/wp-json\/wp\/v2\/types\/post"}],"author":[{"embeddable":true,"href":"https:\/\/vof-news.eu\/es\/wp-json\/wp\/v2\/users\/1"}],"replies":[{"embeddable":true,"href":"https:\/\/vof-news.eu\/es\/wp-json\/wp\/v2\/comments?post=246453"}],"version-history":[{"count":1,"href":"https:\/\/vof-news.eu\/es\/wp-json\/wp\/v2\/posts\/246453\/revisions"}],"predecessor-version":[{"id":246460,"href":"https:\/\/vof-news.eu\/es\/wp-json\/wp\/v2\/posts\/246453\/revisions\/246460"}],"wp:featuredmedia":[{"embeddable":true,"href":"https:\/\/vof-news.eu\/es\/wp-json\/wp\/v2\/media\/246454"}],"wp:attachment":[{"href":"https:\/\/vof-news.eu\/es\/wp-json\/wp\/v2\/media?parent=246453"}],"wp:term":[{"taxonomy":"category","embeddable":true,"href":"https:\/\/vof-news.eu\/es\/wp-json\/wp\/v2\/categories?post=246453"},{"taxonomy":"post_tag","embeddable":true,"href":"https:\/\/vof-news.eu\/es\/wp-json\/wp\/v2\/tags?post=246453"}],"curies":[{"name":"wp","href":"https:\/\/api.w.org\/{rel}","templated":true}]}}