{"id":246309,"date":"2025-07-03T17:17:10","date_gmt":"2025-07-03T14:17:10","guid":{"rendered":"https:\/\/vof-news.eu\/sanchez-improvisa-un-acto-con-mujeres-del-psoe-la-vispera-del-comite-federal\/"},"modified":"2025-07-03T17:17:41","modified_gmt":"2025-07-03T14:17:41","slug":"sanchez-improvisa-un-acto-con-mujeres-del-psoe-la-vispera-del-comite-federal","status":"publish","type":"post","link":"https:\/\/vof-news.eu\/es\/sanchez-improvisa-un-acto-con-mujeres-del-psoe-la-vispera-del-comite-federal\/","title":{"rendered":"S\u00e1nchez improvisa un acto con mujeres del PSOE la v\u00edspera del comit\u00e9 federal"},"content":{"rendered":"<div>\n<p>\n        El voto de las mujeres no es balad\u00ed para el PSOE. 10 puntos de ventaja obtuvo en este sector Pedro S\u00e1nchez sobre Feij\u00f3o en las \u00faltimas elecciones generales, y la preocupaci\u00f3n por mantener la fidelidad es notable tras los audios con los que Espa\u00f1a entera escuch\u00f3 c\u00f3mo el ex secretario de Organizaci\u00f3n <a href=\"https:\/\/www.eldiario.es\/politica\/koldo-garcia-abalos-tienes-ariatna-perfecta_1_12384629.html\" rel=\"nofollow\">Jos\u00e9 Luis \u00c1balos y su asesor Koldo Garc\u00eda se &#8216;repart\u00edan&#8217; mujeres<\/a>.\n    <\/p>\n<p>\n        La n\u00e1usea que ha producido entre las mujeres socialistas la compra de mujeres por parte de quien fue el n\u00famero 3 del partido ha reabierto el debate sobre la abolici\u00f3n de la prostituci\u00f3n que siempre estuvo entre las prioridades del PSOE.\n    <\/p>\n<p>\n        La \u00faltima vez que el PSOE defendi\u00f3 en el Congreso <a href=\"https:\/\/www.eldiario.es\/sociedad\/psoe-queda-congreso-ley-proxenetismo_1_11384345.html\" rel=\"nofollow\">una proposici\u00f3n de ley para prohibir el proxenetismo<\/a> en todas sus formas fue en mayo de 2024, y no obtuvo el apoyo de ning\u00fan grupo parlamentario. Ahora, la ministra de Igualdad, Ana Redondo, anunci\u00f3 hace unos d\u00edas que volver\u00e1 a <a href=\"https:\/\/www.eldiario.es\/sociedad\/igualdad-llevara-septiembre-consejo-ministros-ley-objetivo-abolir-prostitucion_1_12396113.html\" rel=\"nofollow\">llevar en septiembre al Consejo de Ministros una ley con el objetivo de abolir la prostituci\u00f3n<\/a>. \u201cNo hay palabras para describir la situaci\u00f3n que estamos conociendo y esos audios que denigran y deshumanizan a las mujeres en general y nos convierten en objetos de consumo son intolerables y terribles\u201d, dijo entonces Redondo tras los audios entre Koldo y \u00c1balos, antes de recalcar que \u201clo importante es la reacci\u00f3n\u201d.\n    <\/p>\n<p>\n        As\u00ed las cosas, Moncloa ha improvisado un acto en Ferraz para este viernes a las 16.30, en la v\u00edspera del Comit\u00e9 Federal en el que S\u00e1nchez anunciar\u00e1 cambios, para reafirmar su compromiso con la abolici\u00f3n de la prostituci\u00f3n e intentar resarcir al PSOE de las pr\u00e1cticas de su ex secretario de Organizaci\u00f3n.\n    <\/p>\n<p>\n        En otro orden de cosas, hasta ocho miembros de la direcci\u00f3n han recibido ya la noticia de que no seguir\u00e1n en la Ejecutiva federal. Y no todos porque hayan pertenecido al c\u00edrculo de Santos Cerd\u00e1n, el ex secretario de Organizaci\u00f3n ahora en prisi\u00f3n, sino porque la intenci\u00f3n en adelante es cumplir con el mandato estatuario que establece que no m\u00e1s del 10 por ciento de los miembros de la direcci\u00f3n federal tengan otro cargo org\u00e1nico en los territorios.\n    <\/p>\n<\/div>\n","protected":false},"excerpt":{"rendered":"<p>El voto de las mujeres no es balad\u00ed para el PSOE. 10 puntos de ventaja obtuvo en este sector Pedro S\u00e1nchez sobre Feij\u00f3o en las \u00faltimas elecciones generales, y la preocupaci\u00f3n por mantener la fidelidad es notable tras los audios con los que Espa\u00f1a entera escuch\u00f3 c\u00f3mo el ex secretario de Organizaci\u00f3n Jos\u00e9 Luis \u00c1balos<\/p>\n","protected":false},"author":1,"featured_media":246310,"comment_status":"open","ping_status":"open","sticky":false,"template":"","format":"standard","meta":{"footnotes":""},"categories":[71],"tags":[],"class_list":["post-246309","post","type-post","status-publish","format-standard","has-post-thumbnail","hentry","category-politics-es"],"acf":[],"yoast_head":"<!-- This site is optimized with the Yoast SEO plugin v22.9 - https:\/\/yoast.com\/wordpress\/plugins\/seo\/ -->\n<title>S\u00e1nchez improvisa un acto con mujeres del PSOE la v\u00edspera del comit\u00e9 federal - vof-news.eu<\/title>\n<meta name=\"description\" content=\"El voto de las mujeres no es balad\u00ed para el PSOE. 10 puntos de ventaja obtuvo en este sector Pedro S\u00e1nchez sobre Feij\u00f3o en las \u00faltimas elecciones generales, y la preocupaci\u00f3n por mantener la fidelidad es notable tras los audios con los que Espa\u00f1a entera escuch\u00f3 c\u00f3mo el ex secretario de Organizaci\u00f3n Jos\u00e9 Luis \u00c1balos y su asesor Koldo Garc\u00eda se &#039;repart\u00edan&#039; mujeres.\" \/>\n<meta name=\"robots\" content=\"noindex, follow, max-snippet:-1, max-image-preview:large, max-video-preview:-1\" \/>\n<meta property=\"og:locale\" content=\"es_ES\" \/>\n<meta property=\"og:type\" content=\"article\" \/>\n<meta property=\"og:title\" content=\"S\u00e1nchez improvisa un acto con mujeres del PSOE la v\u00edspera del comit\u00e9 federal - vof-news.eu\" \/>\n<meta property=\"og:description\" content=\"El voto de las mujeres no es balad\u00ed para el PSOE. 10 puntos de ventaja obtuvo en este sector Pedro S\u00e1nchez sobre Feij\u00f3o en las \u00faltimas elecciones generales, y la preocupaci\u00f3n por mantener la fidelidad es notable tras los audios con los que Espa\u00f1a entera escuch\u00f3 c\u00f3mo el ex secretario de Organizaci\u00f3n Jos\u00e9 Luis \u00c1balos y su asesor Koldo Garc\u00eda se &#039;repart\u00edan&#039; mujeres.\" \/>\n<meta property=\"og:url\" content=\"https:\/\/vof-news.eu\/es\/sanchez-improvisa-un-acto-con-mujeres-del-psoe-la-vispera-del-comite-federal\/\" \/>\n<meta property=\"og:site_name\" content=\"vof-news.eu\" \/>\n<meta property=\"article:published_time\" content=\"2025-07-03T14:17:10+00:00\" \/>\n<meta property=\"article:modified_time\" content=\"2025-07-03T14:17:41+00:00\" \/>\n<meta property=\"og:image\" content=\"https:\/\/vof-news.eu\/wp-content\/uploads\/2025\/07\/79b53ac1-c2f7-43b2-a381-ec59f5a63a25_16-9-discover-aspect-ratio_default_0.jpg\" \/>\n\t<meta property=\"og:image:width\" content=\"1200\" \/>\n\t<meta property=\"og:image:height\" content=\"675\" \/>\n\t<meta property=\"og:image:type\" content=\"image\/jpeg\" \/>\n<meta name=\"author\" content=\"Author\" \/>\n<meta name=\"twitter:card\" content=\"summary_large_image\" \/>\n<meta name=\"twitter:label1\" content=\"Escrito por\" \/>\n\t<meta name=\"twitter:data1\" content=\"Author\" \/>\n\t<meta name=\"twitter:label2\" content=\"Tiempo de lectura\" \/>\n\t<meta name=\"twitter:data2\" content=\"2 minutos\" \/>\n<script type=\"application\/ld+json\" class=\"yoast-schema-graph\">{\"@context\":\"https:\/\/schema.org\",\"@graph\":[{\"@type\":\"WebPage\",\"@id\":\"https:\/\/vof-news.eu\/es\/sanchez-improvisa-un-acto-con-mujeres-del-psoe-la-vispera-del-comite-federal\/\",\"url\":\"https:\/\/vof-news.eu\/es\/sanchez-improvisa-un-acto-con-mujeres-del-psoe-la-vispera-del-comite-federal\/\",\"name\":\"S\u00e1nchez improvisa un acto con mujeres del PSOE la v\u00edspera del comit\u00e9 federal - vof-news.eu\",\"isPartOf\":{\"@id\":\"https:\/\/vof-news.eu\/es\/#website\"},\"primaryImageOfPage\":{\"@id\":\"https:\/\/vof-news.eu\/es\/sanchez-improvisa-un-acto-con-mujeres-del-psoe-la-vispera-del-comite-federal\/#primaryimage\"},\"image\":{\"@id\":\"https:\/\/vof-news.eu\/es\/sanchez-improvisa-un-acto-con-mujeres-del-psoe-la-vispera-del-comite-federal\/#primaryimage\"},\"thumbnailUrl\":\"https:\/\/vof-news.eu\/wp-content\/uploads\/2025\/07\/79b53ac1-c2f7-43b2-a381-ec59f5a63a25_16-9-discover-aspect-ratio_default_0.jpg\",\"datePublished\":\"2025-07-03T14:17:10+00:00\",\"dateModified\":\"2025-07-03T14:17:41+00:00\",\"author\":{\"@id\":\"https:\/\/vof-news.eu\/es\/#\/schema\/person\/f6a2a4309f0561835797fd8c19b333ed\"},\"description\":\"El voto de las mujeres no es balad\u00ed para el PSOE. 10 puntos de ventaja obtuvo en este sector Pedro S\u00e1nchez sobre Feij\u00f3o en las \u00faltimas elecciones generales, y la preocupaci\u00f3n por mantener la fidelidad es notable tras los audios con los que Espa\u00f1a entera escuch\u00f3 c\u00f3mo el ex secretario de Organizaci\u00f3n Jos\u00e9 Luis \u00c1balos y su asesor Koldo Garc\u00eda se 'repart\u00edan' mujeres.\",\"breadcrumb\":{\"@id\":\"https:\/\/vof-news.eu\/es\/sanchez-improvisa-un-acto-con-mujeres-del-psoe-la-vispera-del-comite-federal\/#breadcrumb\"},\"inLanguage\":\"es\",\"potentialAction\":[{\"@type\":\"ReadAction\",\"target\":[\"https:\/\/vof-news.eu\/es\/sanchez-improvisa-un-acto-con-mujeres-del-psoe-la-vispera-del-comite-federal\/\"]}]},{\"@type\":\"ImageObject\",\"inLanguage\":\"es\",\"@id\":\"https:\/\/vof-news.eu\/es\/sanchez-improvisa-un-acto-con-mujeres-del-psoe-la-vispera-del-comite-federal\/#primaryimage\",\"url\":\"https:\/\/vof-news.eu\/wp-content\/uploads\/2025\/07\/79b53ac1-c2f7-43b2-a381-ec59f5a63a25_16-9-discover-aspect-ratio_default_0.jpg\",\"contentUrl\":\"https:\/\/vof-news.eu\/wp-content\/uploads\/2025\/07\/79b53ac1-c2f7-43b2-a381-ec59f5a63a25_16-9-discover-aspect-ratio_default_0.jpg\",\"width\":1200,\"height\":675},{\"@type\":\"BreadcrumbList\",\"@id\":\"https:\/\/vof-news.eu\/es\/sanchez-improvisa-un-acto-con-mujeres-del-psoe-la-vispera-del-comite-federal\/#breadcrumb\",\"itemListElement\":[{\"@type\":\"ListItem\",\"position\":1,\"name\":\"Home\",\"item\":\"https:\/\/vof-news.eu\/es\/\"},{\"@type\":\"ListItem\",\"position\":2,\"name\":\"S\u00e1nchez improvisa un acto con mujeres del PSOE la v\u00edspera del comit\u00e9 federal\"}]},{\"@type\":\"WebSite\",\"@id\":\"https:\/\/vof-news.eu\/es\/#website\",\"url\":\"https:\/\/vof-news.eu\/es\/\",\"name\":\"vof-news.eu\",\"description\":\"\",\"potentialAction\":[{\"@type\":\"SearchAction\",\"target\":{\"@type\":\"EntryPoint\",\"urlTemplate\":\"https:\/\/vof-news.eu\/es\/?s={search_term_string}\"},\"query-input\":\"required name=search_term_string\"}],\"inLanguage\":\"es\"},{\"@type\":\"Person\",\"@id\":\"https:\/\/vof-news.eu\/es\/#\/schema\/person\/f6a2a4309f0561835797fd8c19b333ed\",\"name\":\"Author\",\"image\":{\"@type\":\"ImageObject\",\"inLanguage\":\"es\",\"@id\":\"https:\/\/vof-news.eu\/es\/#\/schema\/person\/image\/\",\"url\":\"https:\/\/secure.gravatar.com\/avatar\/b67e614b1b25b3e9c0c239efdd2fde5ab015b5affd6f1c3c85911ca4b384e790?s=96&d=mm&r=g\",\"contentUrl\":\"https:\/\/secure.gravatar.com\/avatar\/b67e614b1b25b3e9c0c239efdd2fde5ab015b5affd6f1c3c85911ca4b384e790?s=96&d=mm&r=g\",\"caption\":\"Author\"},\"sameAs\":[\"http:\/\/vof-news.eu\"],\"url\":\"https:\/\/vof-news.eu\/es\/author\/zwt6qxnjulxbnyg\/\"}]}<\/script>\n<!-- \/ Yoast SEO plugin. -->","yoast_head_json":{"title":"S\u00e1nchez improvisa un acto con mujeres del PSOE la v\u00edspera del comit\u00e9 federal - vof-news.eu","description":"El voto de las mujeres no es balad\u00ed para el PSOE. 10 puntos de ventaja obtuvo en este sector Pedro S\u00e1nchez sobre Feij\u00f3o en las \u00faltimas elecciones generales, y la preocupaci\u00f3n por mantener la fidelidad es notable tras los audios con los que Espa\u00f1a entera escuch\u00f3 c\u00f3mo el ex secretario de Organizaci\u00f3n Jos\u00e9 Luis \u00c1balos y su asesor Koldo Garc\u00eda se 'repart\u00edan' mujeres.","robots":{"index":"noindex","follow":"follow","max-snippet":"max-snippet:-1","max-image-preview":"max-image-preview:large","max-video-preview":"max-video-preview:-1"},"og_locale":"es_ES","og_type":"article","og_title":"S\u00e1nchez improvisa un acto con mujeres del PSOE la v\u00edspera del comit\u00e9 federal - vof-news.eu","og_description":"El voto de las mujeres no es balad\u00ed para el PSOE. 10 puntos de ventaja obtuvo en este sector Pedro S\u00e1nchez sobre Feij\u00f3o en las \u00faltimas elecciones generales, y la preocupaci\u00f3n por mantener la fidelidad es notable tras los audios con los que Espa\u00f1a entera escuch\u00f3 c\u00f3mo el ex secretario de Organizaci\u00f3n Jos\u00e9 Luis \u00c1balos y su asesor Koldo Garc\u00eda se 'repart\u00edan' mujeres.","og_url":"https:\/\/vof-news.eu\/es\/sanchez-improvisa-un-acto-con-mujeres-del-psoe-la-vispera-del-comite-federal\/","og_site_name":"vof-news.eu","article_published_time":"2025-07-03T14:17:10+00:00","article_modified_time":"2025-07-03T14:17:41+00:00","og_image":[{"width":1200,"height":675,"url":"https:\/\/vof-news.eu\/wp-content\/uploads\/2025\/07\/79b53ac1-c2f7-43b2-a381-ec59f5a63a25_16-9-discover-aspect-ratio_default_0.jpg","type":"image\/jpeg"}],"author":"Author","twitter_card":"summary_large_image","twitter_misc":{"Escrito por":"Author","Tiempo de lectura":"2 minutos"},"schema":{"@context":"https:\/\/schema.org","@graph":[{"@type":"WebPage","@id":"https:\/\/vof-news.eu\/es\/sanchez-improvisa-un-acto-con-mujeres-del-psoe-la-vispera-del-comite-federal\/","url":"https:\/\/vof-news.eu\/es\/sanchez-improvisa-un-acto-con-mujeres-del-psoe-la-vispera-del-comite-federal\/","name":"S\u00e1nchez improvisa un acto con mujeres del PSOE la v\u00edspera del comit\u00e9 federal - vof-news.eu","isPartOf":{"@id":"https:\/\/vof-news.eu\/es\/#website"},"primaryImageOfPage":{"@id":"https:\/\/vof-news.eu\/es\/sanchez-improvisa-un-acto-con-mujeres-del-psoe-la-vispera-del-comite-federal\/#primaryimage"},"image":{"@id":"https:\/\/vof-news.eu\/es\/sanchez-improvisa-un-acto-con-mujeres-del-psoe-la-vispera-del-comite-federal\/#primaryimage"},"thumbnailUrl":"https:\/\/vof-news.eu\/wp-content\/uploads\/2025\/07\/79b53ac1-c2f7-43b2-a381-ec59f5a63a25_16-9-discover-aspect-ratio_default_0.jpg","datePublished":"2025-07-03T14:17:10+00:00","dateModified":"2025-07-03T14:17:41+00:00","author":{"@id":"https:\/\/vof-news.eu\/es\/#\/schema\/person\/f6a2a4309f0561835797fd8c19b333ed"},"description":"El voto de las mujeres no es balad\u00ed para el PSOE. 10 puntos de ventaja obtuvo en este sector Pedro S\u00e1nchez sobre Feij\u00f3o en las \u00faltimas elecciones generales, y la preocupaci\u00f3n por mantener la fidelidad es notable tras los audios con los que Espa\u00f1a entera escuch\u00f3 c\u00f3mo el ex secretario de Organizaci\u00f3n Jos\u00e9 Luis \u00c1balos y su asesor Koldo Garc\u00eda se 'repart\u00edan' mujeres.","breadcrumb":{"@id":"https:\/\/vof-news.eu\/es\/sanchez-improvisa-un-acto-con-mujeres-del-psoe-la-vispera-del-comite-federal\/#breadcrumb"},"inLanguage":"es","potentialAction":[{"@type":"ReadAction","target":["https:\/\/vof-news.eu\/es\/sanchez-improvisa-un-acto-con-mujeres-del-psoe-la-vispera-del-comite-federal\/"]}]},{"@type":"ImageObject","inLanguage":"es","@id":"https:\/\/vof-news.eu\/es\/sanchez-improvisa-un-acto-con-mujeres-del-psoe-la-vispera-del-comite-federal\/#primaryimage","url":"https:\/\/vof-news.eu\/wp-content\/uploads\/2025\/07\/79b53ac1-c2f7-43b2-a381-ec59f5a63a25_16-9-discover-aspect-ratio_default_0.jpg","contentUrl":"https:\/\/vof-news.eu\/wp-content\/uploads\/2025\/07\/79b53ac1-c2f7-43b2-a381-ec59f5a63a25_16-9-discover-aspect-ratio_default_0.jpg","width":1200,"height":675},{"@type":"BreadcrumbList","@id":"https:\/\/vof-news.eu\/es\/sanchez-improvisa-un-acto-con-mujeres-del-psoe-la-vispera-del-comite-federal\/#breadcrumb","itemListElement":[{"@type":"ListItem","position":1,"name":"Home","item":"https:\/\/vof-news.eu\/es\/"},{"@type":"ListItem","position":2,"name":"S\u00e1nchez improvisa un acto con mujeres del PSOE la v\u00edspera del comit\u00e9 federal"}]},{"@type":"WebSite","@id":"https:\/\/vof-news.eu\/es\/#website","url":"https:\/\/vof-news.eu\/es\/","name":"vof-news.eu","description":"","potentialAction":[{"@type":"SearchAction","target":{"@type":"EntryPoint","urlTemplate":"https:\/\/vof-news.eu\/es\/?s={search_term_string}"},"query-input":"required name=search_term_string"}],"inLanguage":"es"},{"@type":"Person","@id":"https:\/\/vof-news.eu\/es\/#\/schema\/person\/f6a2a4309f0561835797fd8c19b333ed","name":"Author","image":{"@type":"ImageObject","inLanguage":"es","@id":"https:\/\/vof-news.eu\/es\/#\/schema\/person\/image\/","url":"https:\/\/secure.gravatar.com\/avatar\/b67e614b1b25b3e9c0c239efdd2fde5ab015b5affd6f1c3c85911ca4b384e790?s=96&d=mm&r=g","contentUrl":"https:\/\/secure.gravatar.com\/avatar\/b67e614b1b25b3e9c0c239efdd2fde5ab015b5affd6f1c3c85911ca4b384e790?s=96&d=mm&r=g","caption":"Author"},"sameAs":["http:\/\/vof-news.eu"],"url":"https:\/\/vof-news.eu\/es\/author\/zwt6qxnjulxbnyg\/"}]}},"yoast_meta":{"yoast_wpseo_title":"","yoast_wpseo_metadesc":"","yoast_wpseo_canonical":""},"_links":{"self":[{"href":"https:\/\/vof-news.eu\/es\/wp-json\/wp\/v2\/posts\/246309","targetHints":{"allow":["GET"]}}],"collection":[{"href":"https:\/\/vof-news.eu\/es\/wp-json\/wp\/v2\/posts"}],"about":[{"href":"https:\/\/vof-news.eu\/es\/wp-json\/wp\/v2\/types\/post"}],"author":[{"embeddable":true,"href":"https:\/\/vof-news.eu\/es\/wp-json\/wp\/v2\/users\/1"}],"replies":[{"embeddable":true,"href":"https:\/\/vof-news.eu\/es\/wp-json\/wp\/v2\/comments?post=246309"}],"version-history":[{"count":1,"href":"https:\/\/vof-news.eu\/es\/wp-json\/wp\/v2\/posts\/246309\/revisions"}],"predecessor-version":[{"id":246316,"href":"https:\/\/vof-news.eu\/es\/wp-json\/wp\/v2\/posts\/246309\/revisions\/246316"}],"wp:featuredmedia":[{"embeddable":true,"href":"https:\/\/vof-news.eu\/es\/wp-json\/wp\/v2\/media\/246310"}],"wp:attachment":[{"href":"https:\/\/vof-news.eu\/es\/wp-json\/wp\/v2\/media?parent=246309"}],"wp:term":[{"taxonomy":"category","embeddable":true,"href":"https:\/\/vof-news.eu\/es\/wp-json\/wp\/v2\/categories?post=246309"},{"taxonomy":"post_tag","embeddable":true,"href":"https:\/\/vof-news.eu\/es\/wp-json\/wp\/v2\/tags?post=246309"}],"curies":[{"name":"wp","href":"https:\/\/api.w.org\/{rel}","templated":true}]}}