{"id":246264,"date":"2025-07-03T15:21:06","date_gmt":"2025-07-03T12:21:06","guid":{"rendered":"https:\/\/vof-news.eu\/denuncian-a-netanyahu-ante-la-audiencia-nacional-por-crimenes-de-guerra-en-el-asalto-a-la-flotilla-de-la-libertad\/"},"modified":"2025-07-03T15:21:39","modified_gmt":"2025-07-03T12:21:39","slug":"denuncian-a-netanyahu-ante-la-audiencia-nacional-por-crimenes-de-guerra-en-el-asalto-a-la-flotilla-de-la-libertad","status":"publish","type":"post","link":"https:\/\/vof-news.eu\/es\/denuncian-a-netanyahu-ante-la-audiencia-nacional-por-crimenes-de-guerra-en-el-asalto-a-la-flotilla-de-la-libertad\/","title":{"rendered":"Denuncian a Netanyahu ante la Audiencia Nacional por cr\u00edmenes de guerra en el asalto a la Flotilla de la Libertad"},"content":{"rendered":"<div>\n<p>El activista espa\u00f1ol <a href=\"https:\/\/www.huffingtonpost.es\/politica\/sergio-toribio-activista-espanol-flotilla-israel-habia-dejado-claro-iba-poner-empeno-detenernos.html\" rel=\"nofollow\">Sergio Toribio<\/a>, \u00fanico tripulante espa\u00f1ol a bordo del velero humanitario Madleen de la Flotilla de la Libertad a Gaza, presenta este jueves una querella criminal en la Audiencia Nacional contra el primer ministro israel\u00ed, <a href=\"https:\/\/www.huffingtonpost.es\/global\/netanyahu-resurge-atacaran-sacude-en-parte-fracaso-7o.html\" rel=\"nofollow\">Benjam\u00edn Netanyahu<\/a>, y otros altos cargos militares de su pa\u00eds. Esta acci\u00f3n legal incluye una querella particular en su nombre y otra querella popular impulsada por el Comit\u00e9 de Solidaridad con la Causa \u00c1rabe (CSCA). Ambas denuncian <a href=\"https:\/\/www.huffingtonpost.es\/global\/la-guerra-leyes-cuales-son-como-aplican-como-afectan-israel-hamasbr.html\" rel=\"nofollow\">cr\u00edmenes de guerra y de lesa humanidad <\/a>por el <a href=\"https:\/\/www.huffingtonpost.es\/global\/israel-asalta-flotilla-libertad-iba-gaza-secuestra-miembrosgreta-thunberg.html\" rel=\"nofollow\">asalto en aguas internacionales<\/a> a una misi\u00f3n civil que pretend\u00eda romper el bloqueo de la franja.<\/p>\n<p>El abogado y eurodiputado de los Comuns, <a href=\"https:\/\/www.huffingtonpost.es\/politica\/ada-colau-jaume-asens-martina-velarde-viajaran-flotilla-libertad.html\" rel=\"nofollow\">Jaume Asens<\/a>, lidera esta iniciativa, seg\u00fan ha informado su equipo en un comunicado de prensa. \u00abSu compromiso con la causa se ha expresado en m\u00faltiples frentes: fue parte de la delegaci\u00f3n internacional de la Flotilla de la Libertad junto a Ada Colau que intent\u00f3 zarpar desde Turqu\u00eda este abril, en oto\u00f1o de 2024 particip\u00f3 en una delegaci\u00f3n en Cisjordania donde \u00e9l y Colau fueron atacados con gases lacrim\u00f3genos por el ej\u00e9rcito israel\u00ed, y recientemente Asens se uni\u00f3 en solitario a la Marcha Internacional a Gaza desde El Cairo, denunciando el cierre del paso de Rafah\u00bb, se recuerda.<\/p>\n<p>La querella, basada en el principio de <a href=\"https:\/\/www.huffingtonpost.es\/politica\/sumar-quiere-recuperar-justicia-universal-mirada-puesta-crimenes-gazabr.html\" rel=\"nofollow\">jurisdicci\u00f3n universal<\/a>, denuncia la interceptaci\u00f3n violenta del Madleen, barco civil integrado en la Flotilla de la Libertad, que zarp\u00f3 el 1 de junio desde Catania (Italia) con ayuda humanitaria para Gaza. \u00abEl abordaje fue ejecutado por la unidad de \u00e9lite Shayetet 13 de la Armada israel\u00ed, a m\u00e1s de 100 millas de la costa, mediante drones, gases lacrim\u00f3genos y armas no letales\u00bb, se explica. Los 12 tripulantes -entre ellos <a href=\"https:\/\/www.huffingtonpost.es\/global\/greta-thunberg-acusa-israel-realizar-un-acto-ilegal-deportacion-denuncia-el-genocidio-marcha-gaza.html\" rel=\"nofollow\">Greta Thunberg<\/a>, la eurodiputada Rima Hassan y el propio Toribio- \u00abfueron detenidos y deportados, en un claro incumplimiento del Derecho Internacional Humanitario\u00bb, se expone.<\/p>\n<p>La acusaci\u00f3n particular est\u00e1 siendo ejercida por Toribio, como v\u00edctima directa, y la acusaci\u00f3n popular por el CSCA, replicando la estrategia jur\u00eddica que ya se utiliz\u00f3 en el caso del <i><a href=\"https:\/\/www.huffingtonpost.es\/global\/que-flotilla-libertad-iniciativa-activista-trata-romper-cerco-gaza.html\" rel=\"nofollow\">Mavi Marmara<\/a><\/i> en 2010, cuando Israel asesin\u00f3 a diez personas. \u00abEn ambos casos, se denuncia un patr\u00f3n sistem\u00e1tico de represi\u00f3n contra misiones civiles de ayuda a Gaza y un intento de criminalizar la solidaridad internacional\u00bb.<\/p>\n<p>\u00abLa querella no solo busca justicia para un ciudadano espa\u00f1ol detenido ilegalmente, sino tambi\u00e9n defender el derecho de la sociedad civil a ejercer la solidaridad\u00bb, afirma la direcci\u00f3n letrada. La demanda solicita que se cite a declarar a los testigos internacionales y que se emitan \u00f3rdenes internacionales de detenci\u00f3n contra los querellados, incluidos Netanyahu y altos mandos del ej\u00e9rcito israel\u00ed. El mandatario israel\u00ed <a href=\"https:\/\/www.huffingtonpost.es\/global\/que-supone-orden-arresto-haya-netanyahu-gallant-gaza.html\" rel=\"nofollow\">ya tiene a sus espaldas una orden de arresto de la Corte Penal Internacional (CPI)<\/a>, tambi\u00e9n por supuestos cr\u00edmenes de guerra, en la que le acompa\u00f1an su exministro de Defensa, Yoav Gallant, y varios l\u00edderes del partido-milicia palestino Ham\u00e1s.\u00a0<\/p>\n<p>La presentaci\u00f3n de la querella que hoy se conoce \u00abrepresenta un paso firme para acabar con la impunidad de los cr\u00edmenes cometidos contra la ayuda humanitaria y reitera el compromiso de las organizaciones espa\u00f1olas con el respeto al derecho internacional y la dignidad del pueblo palestino\u00bb, indica la nota de prensa.<\/p>\n<p>\u00abDesde el espacio pol\u00edtico de los Comuns se han adoptado diversas iniciativas en defensa del pueblo palestino. Se ha exigido la suspensi\u00f3n del<a href=\"https:\/\/www.huffingtonpost.es\/global\/la-ue-revisara-acuerdo-asociacion-israel-peticion-espana-otros-16-paises.html\" rel=\"nofollow\"> Acuerdo de Asociaci\u00f3n<\/a> entre la Uni\u00f3n Europea e Israel, al considerar que el Estado israel\u00ed incumple de forma sistem\u00e1tica las cl\u00e1usulas sobre derechos humanos del tratado. Adem\u00e1s, han reclamado al Gobierno espa\u00f1ol la imposici\u00f3n de un embargo total de armas a Israel, instando a detener cualquier tipo de exportaci\u00f3n militar directa o indirecta mientras contin\u00fae la ofensiva sobre Gaza\u00bb, concluye.<\/p>\n<\/div>\n","protected":false},"excerpt":{"rendered":"<p>El activista espa\u00f1ol Sergio Toribio, \u00fanico tripulante espa\u00f1ol a bordo del velero humanitario Madleen de la Flotilla de la Libertad a Gaza, presenta este jueves una querella criminal en la Audiencia Nacional contra el primer ministro israel\u00ed, Benjam\u00edn Netanyahu, y otros altos cargos militares de su pa\u00eds. Esta acci\u00f3n legal incluye una querella particular en<\/p>\n","protected":false},"author":1,"featured_media":246265,"comment_status":"open","ping_status":"open","sticky":false,"template":"","format":"standard","meta":{"footnotes":""},"categories":[56],"tags":[],"class_list":["post-246264","post","type-post","status-publish","format-standard","has-post-thumbnail","hentry","category-main-news-es"],"acf":[],"yoast_head":"<!-- This site is optimized with the Yoast SEO plugin v22.9 - https:\/\/yoast.com\/wordpress\/plugins\/seo\/ -->\n<title>Denuncian a Netanyahu ante la Audiencia Nacional por cr\u00edmenes de guerra en el asalto a la Flotilla de la Libertad - vof-news.eu<\/title>\n<meta name=\"description\" content=\"El activista espa\u00f1ol Sergio Toribio, \u00fanico tripulante espa\u00f1ol a bordo del velero humanitario Madleen de la Flotilla de la Libertad a Gaza, presenta este jueves una querella criminal en la Audiencia Nacional contra el primer ministro israel\u00ed, Benjam\u00edn Netanyahu, y otros altos cargos militares de su pa\u00eds. Esta acci\u00f3n legal incluye una querella particular en su nombre y otra querella popular impulsada por el Comit\u00e9 de Solidaridad con la Causa \u00c1rabe (CSCA). Ambas denuncian cr\u00edmenes de guerra y de lesa humanidad por el asalto en aguas internacionales a una misi\u00f3n civil que pretend\u00eda romper el bloqueo de la franja.El abogado y eurodiputado de los Comuns, Jaume Asens, lidera esta iniciativa, seg\u00fan ha informado su equipo en un comunicado de prensa. &quot;Su compromiso con la causa se ha expresado en m\u00faltiples frentes: fue parte de la delegaci\u00f3n internacional de la Flotilla de la Libertad junto a Ada Colau que intent\u00f3 zarpar desde Turqu\u00eda este abril, en oto\u00f1o de 2024 particip\u00f3 en una delegaci\u00f3n en Cisjordania donde \u00e9l y Colau fueron atacados con gases lacrim\u00f3genos por el ej\u00e9rcito israel\u00ed, y recientemente Asens se uni\u00f3 en solitario a la Marcha Internacional a Gaza desde El Cairo, denunciando el cierre del paso de Rafah&quot;, se recuerda.La querella, basada en el principio de jurisdicci\u00f3n universal, denuncia la interceptaci\u00f3n violenta del Madleen, barco civil integrado en la Flotilla de la Libertad, que zarp\u00f3 el 1 de junio desde Catania (Italia) con ayuda humanitaria para Gaza. &quot;El abordaje fue ejecutado por la unidad de \u00e9lite Shayetet 13 de la Armada israel\u00ed, a m\u00e1s de 100 millas de la costa, mediante drones, gases lacrim\u00f3genos y armas no letales&quot;, se explica. Los 12 tripulantes -entre ellos Greta Thunberg, la eurodiputada Rima Hassan y el propio Toribio- &quot;fueron detenidos y deportados, en un claro incumplimiento del Derecho Internacional Humanitario&quot;, se expone.La acusaci\u00f3n particular est\u00e1 siendo ejercida por Toribio, como v\u00edctima directa, y la acusaci\u00f3n popular por el CSCA, replicando la estrategia jur\u00eddica que ya se utiliz\u00f3 en el caso del Mavi Marmara en 2010, cuando Israel asesin\u00f3 a diez personas. &quot;En ambos casos, se denuncia un patr\u00f3n sistem\u00e1tico de represi\u00f3n contra misiones civiles de ayuda a Gaza y un intento de criminalizar la solidaridad internacional&quot;.&quot;La querella no solo busca justicia para un ciudadano espa\u00f1ol detenido ilegalmente, sino tambi\u00e9n defender el derecho de la sociedad civil a ejercer la solidaridad&quot;, afirma la direcci\u00f3n letrada. La demanda solicita que se cite a declarar a los testigos internacionales y que se emitan \u00f3rdenes internacionales de detenci\u00f3n contra los querellados, incluidos Netanyahu y altos mandos del ej\u00e9rcito israel\u00ed. El mandatario israel\u00ed ya tiene a sus espaldas una orden de arresto de la Corte Penal Internacional (CPI), tambi\u00e9n por supuestos cr\u00edmenes de guerra, en la que le acompa\u00f1an su exministro de Defensa, Yoav Gallant, y varios l\u00edderes del partido-milicia palestino Ham\u00e1s.\u00a0La presentaci\u00f3n de la querella que hoy se conoce &quot;representa un paso firme para acabar con la impunidad de los cr\u00edmenes cometidos contra la ayuda humanitaria y reitera el compromiso de las organizaciones espa\u00f1olas con el respeto al derecho internacional y la dignidad del pueblo palestino&quot;, indica la nota de prensa.\" \/>\n<meta name=\"robots\" content=\"noindex, follow, max-snippet:-1, max-image-preview:large, max-video-preview:-1\" \/>\n<meta property=\"og:locale\" content=\"es_ES\" \/>\n<meta property=\"og:type\" content=\"article\" \/>\n<meta property=\"og:title\" content=\"Denuncian a Netanyahu ante la Audiencia Nacional por cr\u00edmenes de guerra en el asalto a la Flotilla de la Libertad - vof-news.eu\" \/>\n<meta property=\"og:description\" content=\"El activista espa\u00f1ol Sergio Toribio, \u00fanico tripulante espa\u00f1ol a bordo del velero humanitario Madleen de la Flotilla de la Libertad a Gaza, presenta este jueves una querella criminal en la Audiencia Nacional contra el primer ministro israel\u00ed, Benjam\u00edn Netanyahu, y otros altos cargos militares de su pa\u00eds. Esta acci\u00f3n legal incluye una querella particular en su nombre y otra querella popular impulsada por el Comit\u00e9 de Solidaridad con la Causa \u00c1rabe (CSCA). Ambas denuncian cr\u00edmenes de guerra y de lesa humanidad por el asalto en aguas internacionales a una misi\u00f3n civil que pretend\u00eda romper el bloqueo de la franja.El abogado y eurodiputado de los Comuns, Jaume Asens, lidera esta iniciativa, seg\u00fan ha informado su equipo en un comunicado de prensa. &quot;Su compromiso con la causa se ha expresado en m\u00faltiples frentes: fue parte de la delegaci\u00f3n internacional de la Flotilla de la Libertad junto a Ada Colau que intent\u00f3 zarpar desde Turqu\u00eda este abril, en oto\u00f1o de 2024 particip\u00f3 en una delegaci\u00f3n en Cisjordania donde \u00e9l y Colau fueron atacados con gases lacrim\u00f3genos por el ej\u00e9rcito israel\u00ed, y recientemente Asens se uni\u00f3 en solitario a la Marcha Internacional a Gaza desde El Cairo, denunciando el cierre del paso de Rafah&quot;, se recuerda.La querella, basada en el principio de jurisdicci\u00f3n universal, denuncia la interceptaci\u00f3n violenta del Madleen, barco civil integrado en la Flotilla de la Libertad, que zarp\u00f3 el 1 de junio desde Catania (Italia) con ayuda humanitaria para Gaza. &quot;El abordaje fue ejecutado por la unidad de \u00e9lite Shayetet 13 de la Armada israel\u00ed, a m\u00e1s de 100 millas de la costa, mediante drones, gases lacrim\u00f3genos y armas no letales&quot;, se explica. Los 12 tripulantes -entre ellos Greta Thunberg, la eurodiputada Rima Hassan y el propio Toribio- &quot;fueron detenidos y deportados, en un claro incumplimiento del Derecho Internacional Humanitario&quot;, se expone.La acusaci\u00f3n particular est\u00e1 siendo ejercida por Toribio, como v\u00edctima directa, y la acusaci\u00f3n popular por el CSCA, replicando la estrategia jur\u00eddica que ya se utiliz\u00f3 en el caso del Mavi Marmara en 2010, cuando Israel asesin\u00f3 a diez personas. &quot;En ambos casos, se denuncia un patr\u00f3n sistem\u00e1tico de represi\u00f3n contra misiones civiles de ayuda a Gaza y un intento de criminalizar la solidaridad internacional&quot;.&quot;La querella no solo busca justicia para un ciudadano espa\u00f1ol detenido ilegalmente, sino tambi\u00e9n defender el derecho de la sociedad civil a ejercer la solidaridad&quot;, afirma la direcci\u00f3n letrada. La demanda solicita que se cite a declarar a los testigos internacionales y que se emitan \u00f3rdenes internacionales de detenci\u00f3n contra los querellados, incluidos Netanyahu y altos mandos del ej\u00e9rcito israel\u00ed. El mandatario israel\u00ed ya tiene a sus espaldas una orden de arresto de la Corte Penal Internacional (CPI), tambi\u00e9n por supuestos cr\u00edmenes de guerra, en la que le acompa\u00f1an su exministro de Defensa, Yoav Gallant, y varios l\u00edderes del partido-milicia palestino Ham\u00e1s.\u00a0La presentaci\u00f3n de la querella que hoy se conoce &quot;representa un paso firme para acabar con la impunidad de los cr\u00edmenes cometidos contra la ayuda humanitaria y reitera el compromiso de las organizaciones espa\u00f1olas con el respeto al derecho internacional y la dignidad del pueblo palestino&quot;, indica la nota de prensa.\" \/>\n<meta property=\"og:url\" content=\"https:\/\/vof-news.eu\/es\/denuncian-a-netanyahu-ante-la-audiencia-nacional-por-crimenes-de-guerra-en-el-asalto-a-la-flotilla-de-la-libertad\/\" \/>\n<meta property=\"og:site_name\" content=\"vof-news.eu\" \/>\n<meta property=\"article:published_time\" content=\"2025-07-03T12:21:06+00:00\" \/>\n<meta property=\"article:modified_time\" content=\"2025-07-03T12:21:39+00:00\" \/>\n<meta property=\"og:image\" content=\"https:\/\/vof-news.eu\/wp-content\/uploads\/2025\/07\/un-manifestante-sostiene-un-cartel-con-una-imagen-del-primer-ministro-israeli-benjamin-netanyahu-como-un-buscado-por-crimenes-de-guerra-el-15-de-junio-de-2025-en-bruselas.jpeg\" \/>\n\t<meta property=\"og:image:width\" content=\"1200\" \/>\n\t<meta property=\"og:image:height\" content=\"720\" \/>\n\t<meta property=\"og:image:type\" content=\"image\/jpeg\" \/>\n<meta name=\"author\" content=\"Author\" \/>\n<meta name=\"twitter:card\" content=\"summary_large_image\" \/>\n<meta name=\"twitter:label1\" content=\"Escrito por\" \/>\n\t<meta name=\"twitter:data1\" content=\"Author\" \/>\n\t<meta name=\"twitter:label2\" content=\"Tiempo de lectura\" \/>\n\t<meta name=\"twitter:data2\" content=\"3 minutos\" \/>\n<script type=\"application\/ld+json\" class=\"yoast-schema-graph\">{\"@context\":\"https:\/\/schema.org\",\"@graph\":[{\"@type\":\"WebPage\",\"@id\":\"https:\/\/vof-news.eu\/es\/denuncian-a-netanyahu-ante-la-audiencia-nacional-por-crimenes-de-guerra-en-el-asalto-a-la-flotilla-de-la-libertad\/\",\"url\":\"https:\/\/vof-news.eu\/es\/denuncian-a-netanyahu-ante-la-audiencia-nacional-por-crimenes-de-guerra-en-el-asalto-a-la-flotilla-de-la-libertad\/\",\"name\":\"Denuncian a Netanyahu ante la Audiencia Nacional por cr\u00edmenes de guerra en el asalto a la Flotilla de la Libertad - vof-news.eu\",\"isPartOf\":{\"@id\":\"https:\/\/vof-news.eu\/es\/#website\"},\"primaryImageOfPage\":{\"@id\":\"https:\/\/vof-news.eu\/es\/denuncian-a-netanyahu-ante-la-audiencia-nacional-por-crimenes-de-guerra-en-el-asalto-a-la-flotilla-de-la-libertad\/#primaryimage\"},\"image\":{\"@id\":\"https:\/\/vof-news.eu\/es\/denuncian-a-netanyahu-ante-la-audiencia-nacional-por-crimenes-de-guerra-en-el-asalto-a-la-flotilla-de-la-libertad\/#primaryimage\"},\"thumbnailUrl\":\"https:\/\/vof-news.eu\/wp-content\/uploads\/2025\/07\/un-manifestante-sostiene-un-cartel-con-una-imagen-del-primer-ministro-israeli-benjamin-netanyahu-como-un-buscado-por-crimenes-de-guerra-el-15-de-junio-de-2025-en-bruselas.jpeg\",\"datePublished\":\"2025-07-03T12:21:06+00:00\",\"dateModified\":\"2025-07-03T12:21:39+00:00\",\"author\":{\"@id\":\"https:\/\/vof-news.eu\/es\/#\/schema\/person\/f6a2a4309f0561835797fd8c19b333ed\"},\"description\":\"El activista espa\u00f1ol Sergio Toribio, \u00fanico tripulante espa\u00f1ol a bordo del velero humanitario Madleen de la Flotilla de la Libertad a Gaza, presenta este jueves una querella criminal en la Audiencia Nacional contra el primer ministro israel\u00ed, Benjam\u00edn Netanyahu, y otros altos cargos militares de su pa\u00eds. Esta acci\u00f3n legal incluye una querella particular en su nombre y otra querella popular impulsada por el Comit\u00e9 de Solidaridad con la Causa \u00c1rabe (CSCA). Ambas denuncian cr\u00edmenes de guerra y de lesa humanidad por el asalto en aguas internacionales a una misi\u00f3n civil que pretend\u00eda romper el bloqueo de la franja.El abogado y eurodiputado de los Comuns, Jaume Asens, lidera esta iniciativa, seg\u00fan ha informado su equipo en un comunicado de prensa. \\\"Su compromiso con la causa se ha expresado en m\u00faltiples frentes: fue parte de la delegaci\u00f3n internacional de la Flotilla de la Libertad junto a Ada Colau que intent\u00f3 zarpar desde Turqu\u00eda este abril, en oto\u00f1o de 2024 particip\u00f3 en una delegaci\u00f3n en Cisjordania donde \u00e9l y Colau fueron atacados con gases lacrim\u00f3genos por el ej\u00e9rcito israel\u00ed, y recientemente Asens se uni\u00f3 en solitario a la Marcha Internacional a Gaza desde El Cairo, denunciando el cierre del paso de Rafah\\\", se recuerda.La querella, basada en el principio de jurisdicci\u00f3n universal, denuncia la interceptaci\u00f3n violenta del Madleen, barco civil integrado en la Flotilla de la Libertad, que zarp\u00f3 el 1 de junio desde Catania (Italia) con ayuda humanitaria para Gaza. \\\"El abordaje fue ejecutado por la unidad de \u00e9lite Shayetet 13 de la Armada israel\u00ed, a m\u00e1s de 100 millas de la costa, mediante drones, gases lacrim\u00f3genos y armas no letales\\\", se explica. Los 12 tripulantes -entre ellos Greta Thunberg, la eurodiputada Rima Hassan y el propio Toribio- \\\"fueron detenidos y deportados, en un claro incumplimiento del Derecho Internacional Humanitario\\\", se expone.La acusaci\u00f3n particular est\u00e1 siendo ejercida por Toribio, como v\u00edctima directa, y la acusaci\u00f3n popular por el CSCA, replicando la estrategia jur\u00eddica que ya se utiliz\u00f3 en el caso del Mavi Marmara en 2010, cuando Israel asesin\u00f3 a diez personas. \\\"En ambos casos, se denuncia un patr\u00f3n sistem\u00e1tico de represi\u00f3n contra misiones civiles de ayuda a Gaza y un intento de criminalizar la solidaridad internacional\\\".\\\"La querella no solo busca justicia para un ciudadano espa\u00f1ol detenido ilegalmente, sino tambi\u00e9n defender el derecho de la sociedad civil a ejercer la solidaridad\\\", afirma la direcci\u00f3n letrada. La demanda solicita que se cite a declarar a los testigos internacionales y que se emitan \u00f3rdenes internacionales de detenci\u00f3n contra los querellados, incluidos Netanyahu y altos mandos del ej\u00e9rcito israel\u00ed. El mandatario israel\u00ed ya tiene a sus espaldas una orden de arresto de la Corte Penal Internacional (CPI), tambi\u00e9n por supuestos cr\u00edmenes de guerra, en la que le acompa\u00f1an su exministro de Defensa, Yoav Gallant, y varios l\u00edderes del partido-milicia palestino Ham\u00e1s.\u00a0La presentaci\u00f3n de la querella que hoy se conoce \\\"representa un paso firme para acabar con la impunidad de los cr\u00edmenes cometidos contra la ayuda humanitaria y reitera el compromiso de las organizaciones espa\u00f1olas con el respeto al derecho internacional y la dignidad del pueblo palestino\\\", indica la nota de prensa.\",\"breadcrumb\":{\"@id\":\"https:\/\/vof-news.eu\/es\/denuncian-a-netanyahu-ante-la-audiencia-nacional-por-crimenes-de-guerra-en-el-asalto-a-la-flotilla-de-la-libertad\/#breadcrumb\"},\"inLanguage\":\"es\",\"potentialAction\":[{\"@type\":\"ReadAction\",\"target\":[\"https:\/\/vof-news.eu\/es\/denuncian-a-netanyahu-ante-la-audiencia-nacional-por-crimenes-de-guerra-en-el-asalto-a-la-flotilla-de-la-libertad\/\"]}]},{\"@type\":\"ImageObject\",\"inLanguage\":\"es\",\"@id\":\"https:\/\/vof-news.eu\/es\/denuncian-a-netanyahu-ante-la-audiencia-nacional-por-crimenes-de-guerra-en-el-asalto-a-la-flotilla-de-la-libertad\/#primaryimage\",\"url\":\"https:\/\/vof-news.eu\/wp-content\/uploads\/2025\/07\/un-manifestante-sostiene-un-cartel-con-una-imagen-del-primer-ministro-israeli-benjamin-netanyahu-como-un-buscado-por-crimenes-de-guerra-el-15-de-junio-de-2025-en-bruselas.jpeg\",\"contentUrl\":\"https:\/\/vof-news.eu\/wp-content\/uploads\/2025\/07\/un-manifestante-sostiene-un-cartel-con-una-imagen-del-primer-ministro-israeli-benjamin-netanyahu-como-un-buscado-por-crimenes-de-guerra-el-15-de-junio-de-2025-en-bruselas.jpeg\",\"width\":1200,\"height\":720},{\"@type\":\"BreadcrumbList\",\"@id\":\"https:\/\/vof-news.eu\/es\/denuncian-a-netanyahu-ante-la-audiencia-nacional-por-crimenes-de-guerra-en-el-asalto-a-la-flotilla-de-la-libertad\/#breadcrumb\",\"itemListElement\":[{\"@type\":\"ListItem\",\"position\":1,\"name\":\"Home\",\"item\":\"https:\/\/vof-news.eu\/es\/\"},{\"@type\":\"ListItem\",\"position\":2,\"name\":\"Denuncian a Netanyahu ante la Audiencia Nacional por cr\u00edmenes de guerra en el asalto a la Flotilla de la Libertad\"}]},{\"@type\":\"WebSite\",\"@id\":\"https:\/\/vof-news.eu\/es\/#website\",\"url\":\"https:\/\/vof-news.eu\/es\/\",\"name\":\"vof-news.eu\",\"description\":\"\",\"potentialAction\":[{\"@type\":\"SearchAction\",\"target\":{\"@type\":\"EntryPoint\",\"urlTemplate\":\"https:\/\/vof-news.eu\/es\/?s={search_term_string}\"},\"query-input\":\"required name=search_term_string\"}],\"inLanguage\":\"es\"},{\"@type\":\"Person\",\"@id\":\"https:\/\/vof-news.eu\/es\/#\/schema\/person\/f6a2a4309f0561835797fd8c19b333ed\",\"name\":\"Author\",\"image\":{\"@type\":\"ImageObject\",\"inLanguage\":\"es\",\"@id\":\"https:\/\/vof-news.eu\/es\/#\/schema\/person\/image\/\",\"url\":\"https:\/\/secure.gravatar.com\/avatar\/b67e614b1b25b3e9c0c239efdd2fde5ab015b5affd6f1c3c85911ca4b384e790?s=96&d=mm&r=g\",\"contentUrl\":\"https:\/\/secure.gravatar.com\/avatar\/b67e614b1b25b3e9c0c239efdd2fde5ab015b5affd6f1c3c85911ca4b384e790?s=96&d=mm&r=g\",\"caption\":\"Author\"},\"sameAs\":[\"http:\/\/vof-news.eu\"],\"url\":\"https:\/\/vof-news.eu\/es\/author\/zwt6qxnjulxbnyg\/\"}]}<\/script>\n<!-- \/ Yoast SEO plugin. -->","yoast_head_json":{"title":"Denuncian a Netanyahu ante la Audiencia Nacional por cr\u00edmenes de guerra en el asalto a la Flotilla de la Libertad - vof-news.eu","description":"El activista espa\u00f1ol Sergio Toribio, \u00fanico tripulante espa\u00f1ol a bordo del velero humanitario Madleen de la Flotilla de la Libertad a Gaza, presenta este jueves una querella criminal en la Audiencia Nacional contra el primer ministro israel\u00ed, Benjam\u00edn Netanyahu, y otros altos cargos militares de su pa\u00eds. Esta acci\u00f3n legal incluye una querella particular en su nombre y otra querella popular impulsada por el Comit\u00e9 de Solidaridad con la Causa \u00c1rabe (CSCA). Ambas denuncian cr\u00edmenes de guerra y de lesa humanidad por el asalto en aguas internacionales a una misi\u00f3n civil que pretend\u00eda romper el bloqueo de la franja.El abogado y eurodiputado de los Comuns, Jaume Asens, lidera esta iniciativa, seg\u00fan ha informado su equipo en un comunicado de prensa. \"Su compromiso con la causa se ha expresado en m\u00faltiples frentes: fue parte de la delegaci\u00f3n internacional de la Flotilla de la Libertad junto a Ada Colau que intent\u00f3 zarpar desde Turqu\u00eda este abril, en oto\u00f1o de 2024 particip\u00f3 en una delegaci\u00f3n en Cisjordania donde \u00e9l y Colau fueron atacados con gases lacrim\u00f3genos por el ej\u00e9rcito israel\u00ed, y recientemente Asens se uni\u00f3 en solitario a la Marcha Internacional a Gaza desde El Cairo, denunciando el cierre del paso de Rafah\", se recuerda.La querella, basada en el principio de jurisdicci\u00f3n universal, denuncia la interceptaci\u00f3n violenta del Madleen, barco civil integrado en la Flotilla de la Libertad, que zarp\u00f3 el 1 de junio desde Catania (Italia) con ayuda humanitaria para Gaza. \"El abordaje fue ejecutado por la unidad de \u00e9lite Shayetet 13 de la Armada israel\u00ed, a m\u00e1s de 100 millas de la costa, mediante drones, gases lacrim\u00f3genos y armas no letales\", se explica. Los 12 tripulantes -entre ellos Greta Thunberg, la eurodiputada Rima Hassan y el propio Toribio- \"fueron detenidos y deportados, en un claro incumplimiento del Derecho Internacional Humanitario\", se expone.La acusaci\u00f3n particular est\u00e1 siendo ejercida por Toribio, como v\u00edctima directa, y la acusaci\u00f3n popular por el CSCA, replicando la estrategia jur\u00eddica que ya se utiliz\u00f3 en el caso del Mavi Marmara en 2010, cuando Israel asesin\u00f3 a diez personas. \"En ambos casos, se denuncia un patr\u00f3n sistem\u00e1tico de represi\u00f3n contra misiones civiles de ayuda a Gaza y un intento de criminalizar la solidaridad internacional\".\"La querella no solo busca justicia para un ciudadano espa\u00f1ol detenido ilegalmente, sino tambi\u00e9n defender el derecho de la sociedad civil a ejercer la solidaridad\", afirma la direcci\u00f3n letrada. La demanda solicita que se cite a declarar a los testigos internacionales y que se emitan \u00f3rdenes internacionales de detenci\u00f3n contra los querellados, incluidos Netanyahu y altos mandos del ej\u00e9rcito israel\u00ed. El mandatario israel\u00ed ya tiene a sus espaldas una orden de arresto de la Corte Penal Internacional (CPI), tambi\u00e9n por supuestos cr\u00edmenes de guerra, en la que le acompa\u00f1an su exministro de Defensa, Yoav Gallant, y varios l\u00edderes del partido-milicia palestino Ham\u00e1s.\u00a0La presentaci\u00f3n de la querella que hoy se conoce \"representa un paso firme para acabar con la impunidad de los cr\u00edmenes cometidos contra la ayuda humanitaria y reitera el compromiso de las organizaciones espa\u00f1olas con el respeto al derecho internacional y la dignidad del pueblo palestino\", indica la nota de prensa.","robots":{"index":"noindex","follow":"follow","max-snippet":"max-snippet:-1","max-image-preview":"max-image-preview:large","max-video-preview":"max-video-preview:-1"},"og_locale":"es_ES","og_type":"article","og_title":"Denuncian a Netanyahu ante la Audiencia Nacional por cr\u00edmenes de guerra en el asalto a la Flotilla de la Libertad - vof-news.eu","og_description":"El activista espa\u00f1ol Sergio Toribio, \u00fanico tripulante espa\u00f1ol a bordo del velero humanitario Madleen de la Flotilla de la Libertad a Gaza, presenta este jueves una querella criminal en la Audiencia Nacional contra el primer ministro israel\u00ed, Benjam\u00edn Netanyahu, y otros altos cargos militares de su pa\u00eds. Esta acci\u00f3n legal incluye una querella particular en su nombre y otra querella popular impulsada por el Comit\u00e9 de Solidaridad con la Causa \u00c1rabe (CSCA). Ambas denuncian cr\u00edmenes de guerra y de lesa humanidad por el asalto en aguas internacionales a una misi\u00f3n civil que pretend\u00eda romper el bloqueo de la franja.El abogado y eurodiputado de los Comuns, Jaume Asens, lidera esta iniciativa, seg\u00fan ha informado su equipo en un comunicado de prensa. \"Su compromiso con la causa se ha expresado en m\u00faltiples frentes: fue parte de la delegaci\u00f3n internacional de la Flotilla de la Libertad junto a Ada Colau que intent\u00f3 zarpar desde Turqu\u00eda este abril, en oto\u00f1o de 2024 particip\u00f3 en una delegaci\u00f3n en Cisjordania donde \u00e9l y Colau fueron atacados con gases lacrim\u00f3genos por el ej\u00e9rcito israel\u00ed, y recientemente Asens se uni\u00f3 en solitario a la Marcha Internacional a Gaza desde El Cairo, denunciando el cierre del paso de Rafah\", se recuerda.La querella, basada en el principio de jurisdicci\u00f3n universal, denuncia la interceptaci\u00f3n violenta del Madleen, barco civil integrado en la Flotilla de la Libertad, que zarp\u00f3 el 1 de junio desde Catania (Italia) con ayuda humanitaria para Gaza. \"El abordaje fue ejecutado por la unidad de \u00e9lite Shayetet 13 de la Armada israel\u00ed, a m\u00e1s de 100 millas de la costa, mediante drones, gases lacrim\u00f3genos y armas no letales\", se explica. Los 12 tripulantes -entre ellos Greta Thunberg, la eurodiputada Rima Hassan y el propio Toribio- \"fueron detenidos y deportados, en un claro incumplimiento del Derecho Internacional Humanitario\", se expone.La acusaci\u00f3n particular est\u00e1 siendo ejercida por Toribio, como v\u00edctima directa, y la acusaci\u00f3n popular por el CSCA, replicando la estrategia jur\u00eddica que ya se utiliz\u00f3 en el caso del Mavi Marmara en 2010, cuando Israel asesin\u00f3 a diez personas. \"En ambos casos, se denuncia un patr\u00f3n sistem\u00e1tico de represi\u00f3n contra misiones civiles de ayuda a Gaza y un intento de criminalizar la solidaridad internacional\".\"La querella no solo busca justicia para un ciudadano espa\u00f1ol detenido ilegalmente, sino tambi\u00e9n defender el derecho de la sociedad civil a ejercer la solidaridad\", afirma la direcci\u00f3n letrada. La demanda solicita que se cite a declarar a los testigos internacionales y que se emitan \u00f3rdenes internacionales de detenci\u00f3n contra los querellados, incluidos Netanyahu y altos mandos del ej\u00e9rcito israel\u00ed. El mandatario israel\u00ed ya tiene a sus espaldas una orden de arresto de la Corte Penal Internacional (CPI), tambi\u00e9n por supuestos cr\u00edmenes de guerra, en la que le acompa\u00f1an su exministro de Defensa, Yoav Gallant, y varios l\u00edderes del partido-milicia palestino Ham\u00e1s.\u00a0La presentaci\u00f3n de la querella que hoy se conoce \"representa un paso firme para acabar con la impunidad de los cr\u00edmenes cometidos contra la ayuda humanitaria y reitera el compromiso de las organizaciones espa\u00f1olas con el respeto al derecho internacional y la dignidad del pueblo palestino\", indica la nota de prensa.","og_url":"https:\/\/vof-news.eu\/es\/denuncian-a-netanyahu-ante-la-audiencia-nacional-por-crimenes-de-guerra-en-el-asalto-a-la-flotilla-de-la-libertad\/","og_site_name":"vof-news.eu","article_published_time":"2025-07-03T12:21:06+00:00","article_modified_time":"2025-07-03T12:21:39+00:00","og_image":[{"width":1200,"height":720,"url":"https:\/\/vof-news.eu\/wp-content\/uploads\/2025\/07\/un-manifestante-sostiene-un-cartel-con-una-imagen-del-primer-ministro-israeli-benjamin-netanyahu-como-un-buscado-por-crimenes-de-guerra-el-15-de-junio-de-2025-en-bruselas.jpeg","type":"image\/jpeg"}],"author":"Author","twitter_card":"summary_large_image","twitter_misc":{"Escrito por":"Author","Tiempo de lectura":"3 minutos"},"schema":{"@context":"https:\/\/schema.org","@graph":[{"@type":"WebPage","@id":"https:\/\/vof-news.eu\/es\/denuncian-a-netanyahu-ante-la-audiencia-nacional-por-crimenes-de-guerra-en-el-asalto-a-la-flotilla-de-la-libertad\/","url":"https:\/\/vof-news.eu\/es\/denuncian-a-netanyahu-ante-la-audiencia-nacional-por-crimenes-de-guerra-en-el-asalto-a-la-flotilla-de-la-libertad\/","name":"Denuncian a Netanyahu ante la Audiencia Nacional por cr\u00edmenes de guerra en el asalto a la Flotilla de la Libertad - vof-news.eu","isPartOf":{"@id":"https:\/\/vof-news.eu\/es\/#website"},"primaryImageOfPage":{"@id":"https:\/\/vof-news.eu\/es\/denuncian-a-netanyahu-ante-la-audiencia-nacional-por-crimenes-de-guerra-en-el-asalto-a-la-flotilla-de-la-libertad\/#primaryimage"},"image":{"@id":"https:\/\/vof-news.eu\/es\/denuncian-a-netanyahu-ante-la-audiencia-nacional-por-crimenes-de-guerra-en-el-asalto-a-la-flotilla-de-la-libertad\/#primaryimage"},"thumbnailUrl":"https:\/\/vof-news.eu\/wp-content\/uploads\/2025\/07\/un-manifestante-sostiene-un-cartel-con-una-imagen-del-primer-ministro-israeli-benjamin-netanyahu-como-un-buscado-por-crimenes-de-guerra-el-15-de-junio-de-2025-en-bruselas.jpeg","datePublished":"2025-07-03T12:21:06+00:00","dateModified":"2025-07-03T12:21:39+00:00","author":{"@id":"https:\/\/vof-news.eu\/es\/#\/schema\/person\/f6a2a4309f0561835797fd8c19b333ed"},"description":"El activista espa\u00f1ol Sergio Toribio, \u00fanico tripulante espa\u00f1ol a bordo del velero humanitario Madleen de la Flotilla de la Libertad a Gaza, presenta este jueves una querella criminal en la Audiencia Nacional contra el primer ministro israel\u00ed, Benjam\u00edn Netanyahu, y otros altos cargos militares de su pa\u00eds. Esta acci\u00f3n legal incluye una querella particular en su nombre y otra querella popular impulsada por el Comit\u00e9 de Solidaridad con la Causa \u00c1rabe (CSCA). Ambas denuncian cr\u00edmenes de guerra y de lesa humanidad por el asalto en aguas internacionales a una misi\u00f3n civil que pretend\u00eda romper el bloqueo de la franja.El abogado y eurodiputado de los Comuns, Jaume Asens, lidera esta iniciativa, seg\u00fan ha informado su equipo en un comunicado de prensa. \"Su compromiso con la causa se ha expresado en m\u00faltiples frentes: fue parte de la delegaci\u00f3n internacional de la Flotilla de la Libertad junto a Ada Colau que intent\u00f3 zarpar desde Turqu\u00eda este abril, en oto\u00f1o de 2024 particip\u00f3 en una delegaci\u00f3n en Cisjordania donde \u00e9l y Colau fueron atacados con gases lacrim\u00f3genos por el ej\u00e9rcito israel\u00ed, y recientemente Asens se uni\u00f3 en solitario a la Marcha Internacional a Gaza desde El Cairo, denunciando el cierre del paso de Rafah\", se recuerda.La querella, basada en el principio de jurisdicci\u00f3n universal, denuncia la interceptaci\u00f3n violenta del Madleen, barco civil integrado en la Flotilla de la Libertad, que zarp\u00f3 el 1 de junio desde Catania (Italia) con ayuda humanitaria para Gaza. \"El abordaje fue ejecutado por la unidad de \u00e9lite Shayetet 13 de la Armada israel\u00ed, a m\u00e1s de 100 millas de la costa, mediante drones, gases lacrim\u00f3genos y armas no letales\", se explica. Los 12 tripulantes -entre ellos Greta Thunberg, la eurodiputada Rima Hassan y el propio Toribio- \"fueron detenidos y deportados, en un claro incumplimiento del Derecho Internacional Humanitario\", se expone.La acusaci\u00f3n particular est\u00e1 siendo ejercida por Toribio, como v\u00edctima directa, y la acusaci\u00f3n popular por el CSCA, replicando la estrategia jur\u00eddica que ya se utiliz\u00f3 en el caso del Mavi Marmara en 2010, cuando Israel asesin\u00f3 a diez personas. \"En ambos casos, se denuncia un patr\u00f3n sistem\u00e1tico de represi\u00f3n contra misiones civiles de ayuda a Gaza y un intento de criminalizar la solidaridad internacional\".\"La querella no solo busca justicia para un ciudadano espa\u00f1ol detenido ilegalmente, sino tambi\u00e9n defender el derecho de la sociedad civil a ejercer la solidaridad\", afirma la direcci\u00f3n letrada. La demanda solicita que se cite a declarar a los testigos internacionales y que se emitan \u00f3rdenes internacionales de detenci\u00f3n contra los querellados, incluidos Netanyahu y altos mandos del ej\u00e9rcito israel\u00ed. El mandatario israel\u00ed ya tiene a sus espaldas una orden de arresto de la Corte Penal Internacional (CPI), tambi\u00e9n por supuestos cr\u00edmenes de guerra, en la que le acompa\u00f1an su exministro de Defensa, Yoav Gallant, y varios l\u00edderes del partido-milicia palestino Ham\u00e1s.\u00a0La presentaci\u00f3n de la querella que hoy se conoce \"representa un paso firme para acabar con la impunidad de los cr\u00edmenes cometidos contra la ayuda humanitaria y reitera el compromiso de las organizaciones espa\u00f1olas con el respeto al derecho internacional y la dignidad del pueblo palestino\", indica la nota de prensa.","breadcrumb":{"@id":"https:\/\/vof-news.eu\/es\/denuncian-a-netanyahu-ante-la-audiencia-nacional-por-crimenes-de-guerra-en-el-asalto-a-la-flotilla-de-la-libertad\/#breadcrumb"},"inLanguage":"es","potentialAction":[{"@type":"ReadAction","target":["https:\/\/vof-news.eu\/es\/denuncian-a-netanyahu-ante-la-audiencia-nacional-por-crimenes-de-guerra-en-el-asalto-a-la-flotilla-de-la-libertad\/"]}]},{"@type":"ImageObject","inLanguage":"es","@id":"https:\/\/vof-news.eu\/es\/denuncian-a-netanyahu-ante-la-audiencia-nacional-por-crimenes-de-guerra-en-el-asalto-a-la-flotilla-de-la-libertad\/#primaryimage","url":"https:\/\/vof-news.eu\/wp-content\/uploads\/2025\/07\/un-manifestante-sostiene-un-cartel-con-una-imagen-del-primer-ministro-israeli-benjamin-netanyahu-como-un-buscado-por-crimenes-de-guerra-el-15-de-junio-de-2025-en-bruselas.jpeg","contentUrl":"https:\/\/vof-news.eu\/wp-content\/uploads\/2025\/07\/un-manifestante-sostiene-un-cartel-con-una-imagen-del-primer-ministro-israeli-benjamin-netanyahu-como-un-buscado-por-crimenes-de-guerra-el-15-de-junio-de-2025-en-bruselas.jpeg","width":1200,"height":720},{"@type":"BreadcrumbList","@id":"https:\/\/vof-news.eu\/es\/denuncian-a-netanyahu-ante-la-audiencia-nacional-por-crimenes-de-guerra-en-el-asalto-a-la-flotilla-de-la-libertad\/#breadcrumb","itemListElement":[{"@type":"ListItem","position":1,"name":"Home","item":"https:\/\/vof-news.eu\/es\/"},{"@type":"ListItem","position":2,"name":"Denuncian a Netanyahu ante la Audiencia Nacional por cr\u00edmenes de guerra en el asalto a la Flotilla de la Libertad"}]},{"@type":"WebSite","@id":"https:\/\/vof-news.eu\/es\/#website","url":"https:\/\/vof-news.eu\/es\/","name":"vof-news.eu","description":"","potentialAction":[{"@type":"SearchAction","target":{"@type":"EntryPoint","urlTemplate":"https:\/\/vof-news.eu\/es\/?s={search_term_string}"},"query-input":"required name=search_term_string"}],"inLanguage":"es"},{"@type":"Person","@id":"https:\/\/vof-news.eu\/es\/#\/schema\/person\/f6a2a4309f0561835797fd8c19b333ed","name":"Author","image":{"@type":"ImageObject","inLanguage":"es","@id":"https:\/\/vof-news.eu\/es\/#\/schema\/person\/image\/","url":"https:\/\/secure.gravatar.com\/avatar\/b67e614b1b25b3e9c0c239efdd2fde5ab015b5affd6f1c3c85911ca4b384e790?s=96&d=mm&r=g","contentUrl":"https:\/\/secure.gravatar.com\/avatar\/b67e614b1b25b3e9c0c239efdd2fde5ab015b5affd6f1c3c85911ca4b384e790?s=96&d=mm&r=g","caption":"Author"},"sameAs":["http:\/\/vof-news.eu"],"url":"https:\/\/vof-news.eu\/es\/author\/zwt6qxnjulxbnyg\/"}]}},"yoast_meta":{"yoast_wpseo_title":"","yoast_wpseo_metadesc":"","yoast_wpseo_canonical":""},"_links":{"self":[{"href":"https:\/\/vof-news.eu\/es\/wp-json\/wp\/v2\/posts\/246264","targetHints":{"allow":["GET"]}}],"collection":[{"href":"https:\/\/vof-news.eu\/es\/wp-json\/wp\/v2\/posts"}],"about":[{"href":"https:\/\/vof-news.eu\/es\/wp-json\/wp\/v2\/types\/post"}],"author":[{"embeddable":true,"href":"https:\/\/vof-news.eu\/es\/wp-json\/wp\/v2\/users\/1"}],"replies":[{"embeddable":true,"href":"https:\/\/vof-news.eu\/es\/wp-json\/wp\/v2\/comments?post=246264"}],"version-history":[{"count":1,"href":"https:\/\/vof-news.eu\/es\/wp-json\/wp\/v2\/posts\/246264\/revisions"}],"predecessor-version":[{"id":246271,"href":"https:\/\/vof-news.eu\/es\/wp-json\/wp\/v2\/posts\/246264\/revisions\/246271"}],"wp:featuredmedia":[{"embeddable":true,"href":"https:\/\/vof-news.eu\/es\/wp-json\/wp\/v2\/media\/246265"}],"wp:attachment":[{"href":"https:\/\/vof-news.eu\/es\/wp-json\/wp\/v2\/media?parent=246264"}],"wp:term":[{"taxonomy":"category","embeddable":true,"href":"https:\/\/vof-news.eu\/es\/wp-json\/wp\/v2\/categories?post=246264"},{"taxonomy":"post_tag","embeddable":true,"href":"https:\/\/vof-news.eu\/es\/wp-json\/wp\/v2\/tags?post=246264"}],"curies":[{"name":"wp","href":"https:\/\/api.w.org\/{rel}","templated":true}]}}