{"id":246256,"date":"2025-07-03T15:19:11","date_gmt":"2025-07-03T12:19:11","guid":{"rendered":"https:\/\/vof-news.eu\/ugt-y-ccoo-convocan-una-protesta-ante-hacienda-para-pedir-mejoras-salariales-y-que-se-cumplan-los-compromisos-sin-atender-con-los-funcionarios\/"},"modified":"2025-07-03T15:19:40","modified_gmt":"2025-07-03T12:19:40","slug":"ugt-y-ccoo-convocan-una-protesta-ante-hacienda-para-pedir-mejoras-salariales-y-que-se-cumplan-los-compromisos-sin-atender-con-los-funcionarios","status":"publish","type":"post","link":"https:\/\/vof-news.eu\/es\/ugt-y-ccoo-convocan-una-protesta-ante-hacienda-para-pedir-mejoras-salariales-y-que-se-cumplan-los-compromisos-sin-atender-con-los-funcionarios\/","title":{"rendered":"UGT y CCOO convocan una protesta ante Hacienda para pedir mejoras salariales y que se cumplan los compromisos \u201csin atender\u201d con los funcionarios"},"content":{"rendered":"<div>\n<p>\n        Los sindicatos UGT y CCOO han convocado una protesta, el pr\u00f3ximo 8 de julio a las 11.30 horas, frente a la sede del Ministerio de Hacienda, ante lo que consideran un \u201cincumplimiento\u201d de la Administraci\u00f3n con los empleados p\u00fablicos. Tras una reuni\u00f3n celebrada este jueves, las organizaciones sindicales han denunciado que est\u00e1n pendientes de una soluci\u00f3n para la <a href=\"https:\/\/www.eldiario.es\/economia\/acuerdo-pensiones-retrasa-jubilacion-parcial-empleados-publicos-han-sacrificado_1_12240541.html\" rel=\"nofollow\">jubilaci\u00f3n parcial del personal laboral,<\/a> que qued\u00f3 en el limbo tras el acuerdo de pensiones, la plena implementaci\u00f3n para el personal funcionario y estaturario, que se aplique la jornada de 35 horas y que culminen los procesos de estabilizaci\u00f3n.\n    <\/p>\n<p>\n        Entre las cuestiones \u201csin atender\u201d, los sindicatos suman otras \u201ctambi\u00e9n significativas\u201d, como la implantaci\u00f3n del modelo de clasificaci\u00f3n profesional conforme al actual Marco Espa\u00f1ol de Cualificaciones Profesionales, desarrollar los planes de igualdad y los protocolos de acoso sexual y por raz\u00f3n de sexo, garantizar la atenci\u00f3n presencial de los servicios p\u00fablicos o la creaci\u00f3n de empleo neto.\n    <\/p>\n<p>\n        La reivindicaci\u00f3n de no perder efectivos se produce a unas horas de una nueva reuni\u00f3n con el Ministerio de Funci\u00f3n P\u00fablica para acordar la Oferta P\u00fablica de Empleo de 2025. La de 2024 fue de r\u00e9cord, con <a href=\"https:\/\/www.eldiario.es\/economia\/gobierno-aprueba-oferta-record-empleo-publico-40-000-plazas-2024_1_11493615.html\" rel=\"nofollow\">m\u00e1s de 40.000 plazas<\/a>. Sin embargo, a\u00fan no se ha eliminado la tasa de reposici\u00f3n, un compromiso del anterior ministro del ramo, Jos\u00e9 Luis Escriv\u00e1.\n    <\/p>\n<p>\n        Respecto a la jubilaci\u00f3n parcial, el actual ministro \u00d3scar L\u00f3pez cerr\u00f3 en diciembre un acuerdo con UGT y CCOO para recuperar este derecho para funcionarios y personal estaturario, perdido con los recortes de Mariano Rajoy. Siete meses despu\u00e9s, el compromiso est\u00e1 atascado en el tr\u00e1mite parlamentario de la Ley de Funci\u00f3n P\u00fablica. Adem\u00e1s, el acuerdo de pensiones dej\u00f3 en el limbo al personal laboral, que ya ten\u00eda este derecho, pero que lo ha visto frenado por el requisito de que los relevistas sean contratados de forma indefinida, lo que requiere un proceso de oposici\u00f3n.\n    <\/p>\n<p>\n        Funci\u00f3n P\u00fablica convocar\u00e1 1.000 plazas extraordinarias para garantizar este derecho al personal de la Administraci\u00f3n General del Estado, como <a href=\"https:\/\/www.eldiario.es\/economia\/gobierno-convocara-1-000-plazas-empleo-publico-garantizar-jubilacion-parcial-personal-laboral_1_12409625.html\" rel=\"nofollow\">avanz\u00f3 elDiario.es<\/a>, pero quedan pendientes los casos de trabajadores y trabajadoras que dependen de otras administraciones, auton\u00f3micas y municipales.\n    <\/p>\n<p>\n        Adem\u00e1s, los sindicatos han reclamado comenzarla negociaci\u00f3n de un nuevo acuerdo marco y \u201cla necesidad de abordar la mejora salarial para el a\u00f1o 2025\u201d. Este martes, el Gobierno aprob\u00f3 la subida del 0,5% con caracter retroactivo desde el 1 de enero de 2024, pendiente desde enero de 2025, cuando se confirm\u00f3 una inflaci\u00f3n acumulada en los \u00faltimos tres a\u00f1os por encima de 8%, que habilitaba este incremento extra. Aunque las organizaciones sindicales han celebrado este paso, consideran que la medida es \u201ctard\u00eda y claramente insuficiente\u201d.\n    <\/p>\n<\/div>\n","protected":false},"excerpt":{"rendered":"<p>Los sindicatos UGT y CCOO han convocado una protesta, el pr\u00f3ximo 8 de julio a las 11.30 horas, frente a la sede del Ministerio de Hacienda, ante lo que consideran un \u201cincumplimiento\u201d de la Administraci\u00f3n con los empleados p\u00fablicos. Tras una reuni\u00f3n celebrada este jueves, las organizaciones sindicales han denunciado que est\u00e1n pendientes de una<\/p>\n","protected":false},"author":1,"featured_media":246257,"comment_status":"open","ping_status":"open","sticky":false,"template":"","format":"standard","meta":{"footnotes":""},"categories":[61],"tags":[],"class_list":["post-246256","post","type-post","status-publish","format-standard","has-post-thumbnail","hentry","category-business-es"],"acf":[],"yoast_head":"<!-- This site is optimized with the Yoast SEO plugin v22.9 - https:\/\/yoast.com\/wordpress\/plugins\/seo\/ -->\n<title>UGT y CCOO convocan una protesta ante Hacienda para pedir mejoras salariales y que se cumplan los compromisos \u201csin atender\u201d con los funcionarios - vof-news.eu<\/title>\n<meta name=\"description\" content=\"Los sindicatos UGT y CCOO han convocado una protesta, el pr\u00f3ximo 8 de julio a las 11.30 horas, frente a la sede del Ministerio de Hacienda, ante lo que consideran un \u201cincumplimiento\u201d de la Administraci\u00f3n con los empleados p\u00fablicos. Tras una reuni\u00f3n celebrada este jueves, las organizaciones sindicales han denunciado que est\u00e1n pendientes de una soluci\u00f3n para la jubilaci\u00f3n parcial del personal laboral, que qued\u00f3 en el limbo tras el acuerdo de pensiones, la plena implementaci\u00f3n para el personal funcionario y estaturario, que se aplique la jornada de 35 horas y que culminen los procesos de estabilizaci\u00f3n.\" \/>\n<meta name=\"robots\" content=\"noindex, follow, max-snippet:-1, max-image-preview:large, max-video-preview:-1\" \/>\n<meta property=\"og:locale\" content=\"es_ES\" \/>\n<meta property=\"og:type\" content=\"article\" \/>\n<meta property=\"og:title\" content=\"UGT y CCOO convocan una protesta ante Hacienda para pedir mejoras salariales y que se cumplan los compromisos \u201csin atender\u201d con los funcionarios - vof-news.eu\" \/>\n<meta property=\"og:description\" content=\"Los sindicatos UGT y CCOO han convocado una protesta, el pr\u00f3ximo 8 de julio a las 11.30 horas, frente a la sede del Ministerio de Hacienda, ante lo que consideran un \u201cincumplimiento\u201d de la Administraci\u00f3n con los empleados p\u00fablicos. Tras una reuni\u00f3n celebrada este jueves, las organizaciones sindicales han denunciado que est\u00e1n pendientes de una soluci\u00f3n para la jubilaci\u00f3n parcial del personal laboral, que qued\u00f3 en el limbo tras el acuerdo de pensiones, la plena implementaci\u00f3n para el personal funcionario y estaturario, que se aplique la jornada de 35 horas y que culminen los procesos de estabilizaci\u00f3n.\" \/>\n<meta property=\"og:url\" content=\"https:\/\/vof-news.eu\/es\/ugt-y-ccoo-convocan-una-protesta-ante-hacienda-para-pedir-mejoras-salariales-y-que-se-cumplan-los-compromisos-sin-atender-con-los-funcionarios\/\" \/>\n<meta property=\"og:site_name\" content=\"vof-news.eu\" \/>\n<meta property=\"article:published_time\" content=\"2025-07-03T12:19:11+00:00\" \/>\n<meta property=\"article:modified_time\" content=\"2025-07-03T12:19:40+00:00\" \/>\n<meta property=\"og:image\" content=\"https:\/\/vof-news.eu\/wp-content\/uploads\/2025\/07\/0cf14e22-b60c-4a2f-8c8f-5e7e1f90af9e_16-9-discover-aspect-ratio_default_0.jpg\" \/>\n\t<meta property=\"og:image:width\" content=\"1200\" \/>\n\t<meta property=\"og:image:height\" content=\"675\" \/>\n\t<meta property=\"og:image:type\" content=\"image\/jpeg\" \/>\n<meta name=\"author\" content=\"Author\" \/>\n<meta name=\"twitter:card\" content=\"summary_large_image\" \/>\n<meta name=\"twitter:label1\" content=\"Escrito por\" \/>\n\t<meta name=\"twitter:data1\" content=\"Author\" \/>\n\t<meta name=\"twitter:label2\" content=\"Tiempo de lectura\" \/>\n\t<meta name=\"twitter:data2\" content=\"2 minutos\" \/>\n<script type=\"application\/ld+json\" class=\"yoast-schema-graph\">{\"@context\":\"https:\/\/schema.org\",\"@graph\":[{\"@type\":\"WebPage\",\"@id\":\"https:\/\/vof-news.eu\/es\/ugt-y-ccoo-convocan-una-protesta-ante-hacienda-para-pedir-mejoras-salariales-y-que-se-cumplan-los-compromisos-sin-atender-con-los-funcionarios\/\",\"url\":\"https:\/\/vof-news.eu\/es\/ugt-y-ccoo-convocan-una-protesta-ante-hacienda-para-pedir-mejoras-salariales-y-que-se-cumplan-los-compromisos-sin-atender-con-los-funcionarios\/\",\"name\":\"UGT y CCOO convocan una protesta ante Hacienda para pedir mejoras salariales y que se cumplan los compromisos \u201csin atender\u201d con los funcionarios - vof-news.eu\",\"isPartOf\":{\"@id\":\"https:\/\/vof-news.eu\/es\/#website\"},\"primaryImageOfPage\":{\"@id\":\"https:\/\/vof-news.eu\/es\/ugt-y-ccoo-convocan-una-protesta-ante-hacienda-para-pedir-mejoras-salariales-y-que-se-cumplan-los-compromisos-sin-atender-con-los-funcionarios\/#primaryimage\"},\"image\":{\"@id\":\"https:\/\/vof-news.eu\/es\/ugt-y-ccoo-convocan-una-protesta-ante-hacienda-para-pedir-mejoras-salariales-y-que-se-cumplan-los-compromisos-sin-atender-con-los-funcionarios\/#primaryimage\"},\"thumbnailUrl\":\"https:\/\/vof-news.eu\/wp-content\/uploads\/2025\/07\/0cf14e22-b60c-4a2f-8c8f-5e7e1f90af9e_16-9-discover-aspect-ratio_default_0.jpg\",\"datePublished\":\"2025-07-03T12:19:11+00:00\",\"dateModified\":\"2025-07-03T12:19:40+00:00\",\"author\":{\"@id\":\"https:\/\/vof-news.eu\/es\/#\/schema\/person\/f6a2a4309f0561835797fd8c19b333ed\"},\"description\":\"Los sindicatos UGT y CCOO han convocado una protesta, el pr\u00f3ximo 8 de julio a las 11.30 horas, frente a la sede del Ministerio de Hacienda, ante lo que consideran un \u201cincumplimiento\u201d de la Administraci\u00f3n con los empleados p\u00fablicos. Tras una reuni\u00f3n celebrada este jueves, las organizaciones sindicales han denunciado que est\u00e1n pendientes de una soluci\u00f3n para la jubilaci\u00f3n parcial del personal laboral, que qued\u00f3 en el limbo tras el acuerdo de pensiones, la plena implementaci\u00f3n para el personal funcionario y estaturario, que se aplique la jornada de 35 horas y que culminen los procesos de estabilizaci\u00f3n.\",\"breadcrumb\":{\"@id\":\"https:\/\/vof-news.eu\/es\/ugt-y-ccoo-convocan-una-protesta-ante-hacienda-para-pedir-mejoras-salariales-y-que-se-cumplan-los-compromisos-sin-atender-con-los-funcionarios\/#breadcrumb\"},\"inLanguage\":\"es\",\"potentialAction\":[{\"@type\":\"ReadAction\",\"target\":[\"https:\/\/vof-news.eu\/es\/ugt-y-ccoo-convocan-una-protesta-ante-hacienda-para-pedir-mejoras-salariales-y-que-se-cumplan-los-compromisos-sin-atender-con-los-funcionarios\/\"]}]},{\"@type\":\"ImageObject\",\"inLanguage\":\"es\",\"@id\":\"https:\/\/vof-news.eu\/es\/ugt-y-ccoo-convocan-una-protesta-ante-hacienda-para-pedir-mejoras-salariales-y-que-se-cumplan-los-compromisos-sin-atender-con-los-funcionarios\/#primaryimage\",\"url\":\"https:\/\/vof-news.eu\/wp-content\/uploads\/2025\/07\/0cf14e22-b60c-4a2f-8c8f-5e7e1f90af9e_16-9-discover-aspect-ratio_default_0.jpg\",\"contentUrl\":\"https:\/\/vof-news.eu\/wp-content\/uploads\/2025\/07\/0cf14e22-b60c-4a2f-8c8f-5e7e1f90af9e_16-9-discover-aspect-ratio_default_0.jpg\",\"width\":1200,\"height\":675},{\"@type\":\"BreadcrumbList\",\"@id\":\"https:\/\/vof-news.eu\/es\/ugt-y-ccoo-convocan-una-protesta-ante-hacienda-para-pedir-mejoras-salariales-y-que-se-cumplan-los-compromisos-sin-atender-con-los-funcionarios\/#breadcrumb\",\"itemListElement\":[{\"@type\":\"ListItem\",\"position\":1,\"name\":\"Home\",\"item\":\"https:\/\/vof-news.eu\/es\/\"},{\"@type\":\"ListItem\",\"position\":2,\"name\":\"UGT y CCOO convocan una protesta ante Hacienda para pedir mejoras salariales y que se cumplan los compromisos \u201csin atender\u201d con los funcionarios\"}]},{\"@type\":\"WebSite\",\"@id\":\"https:\/\/vof-news.eu\/es\/#website\",\"url\":\"https:\/\/vof-news.eu\/es\/\",\"name\":\"vof-news.eu\",\"description\":\"\",\"potentialAction\":[{\"@type\":\"SearchAction\",\"target\":{\"@type\":\"EntryPoint\",\"urlTemplate\":\"https:\/\/vof-news.eu\/es\/?s={search_term_string}\"},\"query-input\":\"required name=search_term_string\"}],\"inLanguage\":\"es\"},{\"@type\":\"Person\",\"@id\":\"https:\/\/vof-news.eu\/es\/#\/schema\/person\/f6a2a4309f0561835797fd8c19b333ed\",\"name\":\"Author\",\"image\":{\"@type\":\"ImageObject\",\"inLanguage\":\"es\",\"@id\":\"https:\/\/vof-news.eu\/es\/#\/schema\/person\/image\/\",\"url\":\"https:\/\/secure.gravatar.com\/avatar\/b67e614b1b25b3e9c0c239efdd2fde5ab015b5affd6f1c3c85911ca4b384e790?s=96&d=mm&r=g\",\"contentUrl\":\"https:\/\/secure.gravatar.com\/avatar\/b67e614b1b25b3e9c0c239efdd2fde5ab015b5affd6f1c3c85911ca4b384e790?s=96&d=mm&r=g\",\"caption\":\"Author\"},\"sameAs\":[\"http:\/\/vof-news.eu\"],\"url\":\"https:\/\/vof-news.eu\/es\/author\/zwt6qxnjulxbnyg\/\"}]}<\/script>\n<!-- \/ Yoast SEO plugin. -->","yoast_head_json":{"title":"UGT y CCOO convocan una protesta ante Hacienda para pedir mejoras salariales y que se cumplan los compromisos \u201csin atender\u201d con los funcionarios - vof-news.eu","description":"Los sindicatos UGT y CCOO han convocado una protesta, el pr\u00f3ximo 8 de julio a las 11.30 horas, frente a la sede del Ministerio de Hacienda, ante lo que consideran un \u201cincumplimiento\u201d de la Administraci\u00f3n con los empleados p\u00fablicos. Tras una reuni\u00f3n celebrada este jueves, las organizaciones sindicales han denunciado que est\u00e1n pendientes de una soluci\u00f3n para la jubilaci\u00f3n parcial del personal laboral, que qued\u00f3 en el limbo tras el acuerdo de pensiones, la plena implementaci\u00f3n para el personal funcionario y estaturario, que se aplique la jornada de 35 horas y que culminen los procesos de estabilizaci\u00f3n.","robots":{"index":"noindex","follow":"follow","max-snippet":"max-snippet:-1","max-image-preview":"max-image-preview:large","max-video-preview":"max-video-preview:-1"},"og_locale":"es_ES","og_type":"article","og_title":"UGT y CCOO convocan una protesta ante Hacienda para pedir mejoras salariales y que se cumplan los compromisos \u201csin atender\u201d con los funcionarios - vof-news.eu","og_description":"Los sindicatos UGT y CCOO han convocado una protesta, el pr\u00f3ximo 8 de julio a las 11.30 horas, frente a la sede del Ministerio de Hacienda, ante lo que consideran un \u201cincumplimiento\u201d de la Administraci\u00f3n con los empleados p\u00fablicos. Tras una reuni\u00f3n celebrada este jueves, las organizaciones sindicales han denunciado que est\u00e1n pendientes de una soluci\u00f3n para la jubilaci\u00f3n parcial del personal laboral, que qued\u00f3 en el limbo tras el acuerdo de pensiones, la plena implementaci\u00f3n para el personal funcionario y estaturario, que se aplique la jornada de 35 horas y que culminen los procesos de estabilizaci\u00f3n.","og_url":"https:\/\/vof-news.eu\/es\/ugt-y-ccoo-convocan-una-protesta-ante-hacienda-para-pedir-mejoras-salariales-y-que-se-cumplan-los-compromisos-sin-atender-con-los-funcionarios\/","og_site_name":"vof-news.eu","article_published_time":"2025-07-03T12:19:11+00:00","article_modified_time":"2025-07-03T12:19:40+00:00","og_image":[{"width":1200,"height":675,"url":"https:\/\/vof-news.eu\/wp-content\/uploads\/2025\/07\/0cf14e22-b60c-4a2f-8c8f-5e7e1f90af9e_16-9-discover-aspect-ratio_default_0.jpg","type":"image\/jpeg"}],"author":"Author","twitter_card":"summary_large_image","twitter_misc":{"Escrito por":"Author","Tiempo de lectura":"2 minutos"},"schema":{"@context":"https:\/\/schema.org","@graph":[{"@type":"WebPage","@id":"https:\/\/vof-news.eu\/es\/ugt-y-ccoo-convocan-una-protesta-ante-hacienda-para-pedir-mejoras-salariales-y-que-se-cumplan-los-compromisos-sin-atender-con-los-funcionarios\/","url":"https:\/\/vof-news.eu\/es\/ugt-y-ccoo-convocan-una-protesta-ante-hacienda-para-pedir-mejoras-salariales-y-que-se-cumplan-los-compromisos-sin-atender-con-los-funcionarios\/","name":"UGT y CCOO convocan una protesta ante Hacienda para pedir mejoras salariales y que se cumplan los compromisos \u201csin atender\u201d con los funcionarios - vof-news.eu","isPartOf":{"@id":"https:\/\/vof-news.eu\/es\/#website"},"primaryImageOfPage":{"@id":"https:\/\/vof-news.eu\/es\/ugt-y-ccoo-convocan-una-protesta-ante-hacienda-para-pedir-mejoras-salariales-y-que-se-cumplan-los-compromisos-sin-atender-con-los-funcionarios\/#primaryimage"},"image":{"@id":"https:\/\/vof-news.eu\/es\/ugt-y-ccoo-convocan-una-protesta-ante-hacienda-para-pedir-mejoras-salariales-y-que-se-cumplan-los-compromisos-sin-atender-con-los-funcionarios\/#primaryimage"},"thumbnailUrl":"https:\/\/vof-news.eu\/wp-content\/uploads\/2025\/07\/0cf14e22-b60c-4a2f-8c8f-5e7e1f90af9e_16-9-discover-aspect-ratio_default_0.jpg","datePublished":"2025-07-03T12:19:11+00:00","dateModified":"2025-07-03T12:19:40+00:00","author":{"@id":"https:\/\/vof-news.eu\/es\/#\/schema\/person\/f6a2a4309f0561835797fd8c19b333ed"},"description":"Los sindicatos UGT y CCOO han convocado una protesta, el pr\u00f3ximo 8 de julio a las 11.30 horas, frente a la sede del Ministerio de Hacienda, ante lo que consideran un \u201cincumplimiento\u201d de la Administraci\u00f3n con los empleados p\u00fablicos. Tras una reuni\u00f3n celebrada este jueves, las organizaciones sindicales han denunciado que est\u00e1n pendientes de una soluci\u00f3n para la jubilaci\u00f3n parcial del personal laboral, que qued\u00f3 en el limbo tras el acuerdo de pensiones, la plena implementaci\u00f3n para el personal funcionario y estaturario, que se aplique la jornada de 35 horas y que culminen los procesos de estabilizaci\u00f3n.","breadcrumb":{"@id":"https:\/\/vof-news.eu\/es\/ugt-y-ccoo-convocan-una-protesta-ante-hacienda-para-pedir-mejoras-salariales-y-que-se-cumplan-los-compromisos-sin-atender-con-los-funcionarios\/#breadcrumb"},"inLanguage":"es","potentialAction":[{"@type":"ReadAction","target":["https:\/\/vof-news.eu\/es\/ugt-y-ccoo-convocan-una-protesta-ante-hacienda-para-pedir-mejoras-salariales-y-que-se-cumplan-los-compromisos-sin-atender-con-los-funcionarios\/"]}]},{"@type":"ImageObject","inLanguage":"es","@id":"https:\/\/vof-news.eu\/es\/ugt-y-ccoo-convocan-una-protesta-ante-hacienda-para-pedir-mejoras-salariales-y-que-se-cumplan-los-compromisos-sin-atender-con-los-funcionarios\/#primaryimage","url":"https:\/\/vof-news.eu\/wp-content\/uploads\/2025\/07\/0cf14e22-b60c-4a2f-8c8f-5e7e1f90af9e_16-9-discover-aspect-ratio_default_0.jpg","contentUrl":"https:\/\/vof-news.eu\/wp-content\/uploads\/2025\/07\/0cf14e22-b60c-4a2f-8c8f-5e7e1f90af9e_16-9-discover-aspect-ratio_default_0.jpg","width":1200,"height":675},{"@type":"BreadcrumbList","@id":"https:\/\/vof-news.eu\/es\/ugt-y-ccoo-convocan-una-protesta-ante-hacienda-para-pedir-mejoras-salariales-y-que-se-cumplan-los-compromisos-sin-atender-con-los-funcionarios\/#breadcrumb","itemListElement":[{"@type":"ListItem","position":1,"name":"Home","item":"https:\/\/vof-news.eu\/es\/"},{"@type":"ListItem","position":2,"name":"UGT y CCOO convocan una protesta ante Hacienda para pedir mejoras salariales y que se cumplan los compromisos \u201csin atender\u201d con los funcionarios"}]},{"@type":"WebSite","@id":"https:\/\/vof-news.eu\/es\/#website","url":"https:\/\/vof-news.eu\/es\/","name":"vof-news.eu","description":"","potentialAction":[{"@type":"SearchAction","target":{"@type":"EntryPoint","urlTemplate":"https:\/\/vof-news.eu\/es\/?s={search_term_string}"},"query-input":"required name=search_term_string"}],"inLanguage":"es"},{"@type":"Person","@id":"https:\/\/vof-news.eu\/es\/#\/schema\/person\/f6a2a4309f0561835797fd8c19b333ed","name":"Author","image":{"@type":"ImageObject","inLanguage":"es","@id":"https:\/\/vof-news.eu\/es\/#\/schema\/person\/image\/","url":"https:\/\/secure.gravatar.com\/avatar\/b67e614b1b25b3e9c0c239efdd2fde5ab015b5affd6f1c3c85911ca4b384e790?s=96&d=mm&r=g","contentUrl":"https:\/\/secure.gravatar.com\/avatar\/b67e614b1b25b3e9c0c239efdd2fde5ab015b5affd6f1c3c85911ca4b384e790?s=96&d=mm&r=g","caption":"Author"},"sameAs":["http:\/\/vof-news.eu"],"url":"https:\/\/vof-news.eu\/es\/author\/zwt6qxnjulxbnyg\/"}]}},"yoast_meta":{"yoast_wpseo_title":"","yoast_wpseo_metadesc":"","yoast_wpseo_canonical":""},"_links":{"self":[{"href":"https:\/\/vof-news.eu\/es\/wp-json\/wp\/v2\/posts\/246256","targetHints":{"allow":["GET"]}}],"collection":[{"href":"https:\/\/vof-news.eu\/es\/wp-json\/wp\/v2\/posts"}],"about":[{"href":"https:\/\/vof-news.eu\/es\/wp-json\/wp\/v2\/types\/post"}],"author":[{"embeddable":true,"href":"https:\/\/vof-news.eu\/es\/wp-json\/wp\/v2\/users\/1"}],"replies":[{"embeddable":true,"href":"https:\/\/vof-news.eu\/es\/wp-json\/wp\/v2\/comments?post=246256"}],"version-history":[{"count":1,"href":"https:\/\/vof-news.eu\/es\/wp-json\/wp\/v2\/posts\/246256\/revisions"}],"predecessor-version":[{"id":246263,"href":"https:\/\/vof-news.eu\/es\/wp-json\/wp\/v2\/posts\/246256\/revisions\/246263"}],"wp:featuredmedia":[{"embeddable":true,"href":"https:\/\/vof-news.eu\/es\/wp-json\/wp\/v2\/media\/246257"}],"wp:attachment":[{"href":"https:\/\/vof-news.eu\/es\/wp-json\/wp\/v2\/media?parent=246256"}],"wp:term":[{"taxonomy":"category","embeddable":true,"href":"https:\/\/vof-news.eu\/es\/wp-json\/wp\/v2\/categories?post=246256"},{"taxonomy":"post_tag","embeddable":true,"href":"https:\/\/vof-news.eu\/es\/wp-json\/wp\/v2\/tags?post=246256"}],"curies":[{"name":"wp","href":"https:\/\/api.w.org\/{rel}","templated":true}]}}