{"id":246248,"date":"2025-07-03T15:18:13","date_gmt":"2025-07-03T12:18:13","guid":{"rendered":"https:\/\/vof-news.eu\/santos-cerdan-pide-salir-de-prision-y-denuncia-una-causa-general-contra-el\/"},"modified":"2025-07-03T15:18:42","modified_gmt":"2025-07-03T12:18:42","slug":"santos-cerdan-pide-salir-de-prision-y-denuncia-una-causa-general-contra-el","status":"publish","type":"post","link":"https:\/\/vof-news.eu\/es\/santos-cerdan-pide-salir-de-prision-y-denuncia-una-causa-general-contra-el\/","title":{"rendered":"Santos Cerd\u00e1n pide salir de prisi\u00f3n y denuncia una \u201ccausa general\u201d contra \u00e9l"},"content":{"rendered":"<div>\n<p>\n        La defensa del ex secretario de Organizaci\u00f3n del PSOE Santos Cerd\u00e1n ha solicitado su excarcelaci\u00f3n en un escrito en el que denuncia la existencia de una \u201ccausa general\u201d contra \u00e9l. \u201cNos encontramos claramente en el supuesto considerado por la jurisprudencia de investigaci\u00f3n prospectiva\u201d, dice el recurso firmado por su abogado Benet Salellas, que sostiene que \u201csiguen sin concretarse claramente\u201d las obras concretas o adjudicaciones en las que Cerd\u00e1n habr\u00eda tenido una participaci\u00f3n delictiva.\n    <\/p>\n<p>\n        El magistrado Leopoldo Puente acord\u00f3 el pasado lunes el <a href=\"https:\/\/www.eldiario.es\/politica\/juez-envia-prision-santos-cerdan-declaracion-supremo_1_12425853.html\" rel=\"nofollow\">ingreso en prisi\u00f3n provisional<\/a> de Cerd\u00e1n, al que atribuye delitos de organizaci\u00f3n criminal, tr\u00e1fico de influencias y cohecho por su supuesta implicaci\u00f3n en la trama de cobro de mordidas a cambio de adjudicaciones de obra p\u00fablica dependientes del Ministerio de Transportes. Su abogado, sin embargo, sostiene que \u201cno existe\u201d material \u201cincriminatorio\u201d como para acordar una medida tan restrictiva de derechos como es la prisi\u00f3n provisional.\n    <\/p>\n<p>\n        El escrito, de 20 p\u00e1ginas, cuestiona que el juez haya \u201cpuesto \u00e9nfasis\u201d en la relaci\u00f3n de Cerd\u00e1n con Servinabar, una peque\u00f1a mercantil navarra administrada por Antxon Alonso, un \u00edntimo amigo suyo, y que result\u00f3 adjudicataria de contratos a pesar de \u201csus m\u00ednimas dimensiones y nula experiencia\u201d. El juez considera \u201cinequ\u00edvoca\u201d la \u201cvinculaci\u00f3n\u201d de Cerd\u00e1n con esa empresa, pero el recurso afirma que \u201cno consta, al menos de la documentaci\u00f3n adjunta y referida en el atestado policial, material incriminatorio suficiente para construir un silogismo l\u00f3gico incriminatorio a partir de las relaciones que puedan existir con Servinabar\u201d.\n    <\/p>\n<p>\n        Los agentes encontraron en casa de Antxon Alonso un documento fechado en 2016 que otorga a Cerd\u00e1n un 45% de la propiedad de esa mercantil. Seg\u00fan el contrato privado de compraventa, firmado por ambos, el ex &#8216;n\u00famero tres&#8217; del PSOE pag\u00f3 6.000 euros por 1.350 participaciones de Servinabar. El recurso recuerda que ese \u201cborrador\u201d no fue elevado a p\u00fablico y que, por tanto, no tiene efecto jur\u00eddico alguno frente a terceros. \u201cSi las partes contratantes lo dejaron sin efecto entre ellas (&#8230;) dif\u00edcilmente puede extraerse conclusi\u00f3n alguna del mismo\u201d, a\u00f1ade el escrito del letrado.\n    <\/p>\n<p>\n        El juez Puente acord\u00f3 el ingreso en prisi\u00f3n de Cerd\u00e1n tras declarar en el Tribunal Supremo, donde s\u00f3lo respondi\u00f3 a las preguntas de su abogado. Cerd\u00e1n se declar\u00f3 inocente dijo que su imputaci\u00f3n responde a su papel de \u201carquitecto\u201d del Gobierno progresista. As\u00ed, neg\u00f3 haber cometido ninguna ilegalidad y rechaz\u00f3 cualquier financiaci\u00f3n irregular del PSOE. El fiscal jefe Anticorrupci\u00f3n, Alejandro Luz\u00f3n, calific\u00f3 sus explicaciones de \u201cpobres\u201d, \u201csesgadas\u201d e incluso \u201cvictimistas\u201d.\n    <\/p>\n<p>\n        El juez argument\u00f3 la prisi\u00f3n por uno de los tres requisitos que recoge la ley, el de peligro de destrucci\u00f3n de pruebas. Seg\u00fan la defensa de Cerd\u00e1n, el auto de Puente \u201cno da cumplimiento\u201d a esos requisitos legales y, por lo tanto, \u201cno han sido respetados los principios constitucionales\u201d.\n    <\/p>\n<p>\n        En su recurso, Benet Salellas denuncia que la \u201cperspectiva\u201d desde la que el Tribunal Supremo est\u00e1 tratando la causa contra su cliente es \u201cnetamente inquisitiva, partidaria de una interpretaci\u00f3n de los hechos en todo momento contraria a la perspectiva del investigado y construida siempre desde la presunci\u00f3n contra reo\u201d.\n    <\/p>\n<p>\n        El escrito tambi\u00e9n pone en cuesti\u00f3n los audios que la Guardia Civil incorpor\u00f3 como indicios a su atestado y que fueron hallados en el registro del domicilio de Koldo Garc\u00eda, que grab\u00f3 conversaciones durante a\u00f1os. \u201cUnos audios realizados y preservados de forma fragmentaria durante a\u00f1os por un posible colaborador policial que acaba como coinvestigado<strong> <\/strong>no son la mejor prueba garantista, objetiva e independiente para utilizar para acordar una prisi\u00f3n provisional en un proceso penal democr\u00e1tico\u201d, dice el recurso.\n    <\/p>\n<\/div>\n","protected":false},"excerpt":{"rendered":"<p>La defensa del ex secretario de Organizaci\u00f3n del PSOE Santos Cerd\u00e1n ha solicitado su excarcelaci\u00f3n en un escrito en el que denuncia la existencia de una \u201ccausa general\u201d contra \u00e9l. \u201cNos encontramos claramente en el supuesto considerado por la jurisprudencia de investigaci\u00f3n prospectiva\u201d, dice el recurso firmado por su abogado Benet Salellas, que sostiene que<\/p>\n","protected":false},"author":1,"featured_media":246249,"comment_status":"open","ping_status":"open","sticky":false,"template":"","format":"standard","meta":{"footnotes":""},"categories":[71],"tags":[],"class_list":["post-246248","post","type-post","status-publish","format-standard","has-post-thumbnail","hentry","category-politics-es"],"acf":[],"yoast_head":"<!-- This site is optimized with the Yoast SEO plugin v22.9 - https:\/\/yoast.com\/wordpress\/plugins\/seo\/ -->\n<title>Santos Cerd\u00e1n pide salir de prisi\u00f3n y denuncia una \u201ccausa general\u201d contra \u00e9l - vof-news.eu<\/title>\n<meta name=\"description\" content=\"La defensa del ex secretario de Organizaci\u00f3n del PSOE Santos Cerd\u00e1n ha solicitado su excarcelaci\u00f3n en un escrito en el que denuncia la existencia de una \u201ccausa general\u201d contra \u00e9l. \u201cNos encontramos claramente en el supuesto considerado por la jurisprudencia de investigaci\u00f3n prospectiva\u201d, dice el recurso firmado por su abogado Benet Salellas, que sostiene que \u201csiguen sin concretarse claramente\u201d las obras concretas o adjudicaciones en las que Cerd\u00e1n habr\u00eda tenido una participaci\u00f3n delictiva.\" \/>\n<meta name=\"robots\" content=\"noindex, follow, max-snippet:-1, max-image-preview:large, max-video-preview:-1\" \/>\n<meta property=\"og:locale\" content=\"es_ES\" \/>\n<meta property=\"og:type\" content=\"article\" \/>\n<meta property=\"og:title\" content=\"Santos Cerd\u00e1n pide salir de prisi\u00f3n y denuncia una \u201ccausa general\u201d contra \u00e9l - vof-news.eu\" \/>\n<meta property=\"og:description\" content=\"La defensa del ex secretario de Organizaci\u00f3n del PSOE Santos Cerd\u00e1n ha solicitado su excarcelaci\u00f3n en un escrito en el que denuncia la existencia de una \u201ccausa general\u201d contra \u00e9l. \u201cNos encontramos claramente en el supuesto considerado por la jurisprudencia de investigaci\u00f3n prospectiva\u201d, dice el recurso firmado por su abogado Benet Salellas, que sostiene que \u201csiguen sin concretarse claramente\u201d las obras concretas o adjudicaciones en las que Cerd\u00e1n habr\u00eda tenido una participaci\u00f3n delictiva.\" \/>\n<meta property=\"og:url\" content=\"https:\/\/vof-news.eu\/es\/santos-cerdan-pide-salir-de-prision-y-denuncia-una-causa-general-contra-el\/\" \/>\n<meta property=\"og:site_name\" content=\"vof-news.eu\" \/>\n<meta property=\"article:published_time\" content=\"2025-07-03T12:18:13+00:00\" \/>\n<meta property=\"article:modified_time\" content=\"2025-07-03T12:18:42+00:00\" \/>\n<meta property=\"og:image\" content=\"https:\/\/vof-news.eu\/wp-content\/uploads\/2025\/07\/b4db4ef7-7378-4285-96f6-30abb62c0195_16-9-discover-aspect-ratio_default_0.jpg\" \/>\n\t<meta property=\"og:image:width\" content=\"1200\" \/>\n\t<meta property=\"og:image:height\" content=\"675\" \/>\n\t<meta property=\"og:image:type\" content=\"image\/jpeg\" \/>\n<meta name=\"author\" content=\"Author\" \/>\n<meta name=\"twitter:card\" content=\"summary_large_image\" \/>\n<meta name=\"twitter:label1\" content=\"Escrito por\" \/>\n\t<meta name=\"twitter:data1\" content=\"Author\" \/>\n\t<meta name=\"twitter:label2\" content=\"Tiempo de lectura\" \/>\n\t<meta name=\"twitter:data2\" content=\"3 minutos\" \/>\n<script type=\"application\/ld+json\" class=\"yoast-schema-graph\">{\"@context\":\"https:\/\/schema.org\",\"@graph\":[{\"@type\":\"WebPage\",\"@id\":\"https:\/\/vof-news.eu\/es\/santos-cerdan-pide-salir-de-prision-y-denuncia-una-causa-general-contra-el\/\",\"url\":\"https:\/\/vof-news.eu\/es\/santos-cerdan-pide-salir-de-prision-y-denuncia-una-causa-general-contra-el\/\",\"name\":\"Santos Cerd\u00e1n pide salir de prisi\u00f3n y denuncia una \u201ccausa general\u201d contra \u00e9l - vof-news.eu\",\"isPartOf\":{\"@id\":\"https:\/\/vof-news.eu\/es\/#website\"},\"primaryImageOfPage\":{\"@id\":\"https:\/\/vof-news.eu\/es\/santos-cerdan-pide-salir-de-prision-y-denuncia-una-causa-general-contra-el\/#primaryimage\"},\"image\":{\"@id\":\"https:\/\/vof-news.eu\/es\/santos-cerdan-pide-salir-de-prision-y-denuncia-una-causa-general-contra-el\/#primaryimage\"},\"thumbnailUrl\":\"https:\/\/vof-news.eu\/wp-content\/uploads\/2025\/07\/b4db4ef7-7378-4285-96f6-30abb62c0195_16-9-discover-aspect-ratio_default_0.jpg\",\"datePublished\":\"2025-07-03T12:18:13+00:00\",\"dateModified\":\"2025-07-03T12:18:42+00:00\",\"author\":{\"@id\":\"https:\/\/vof-news.eu\/es\/#\/schema\/person\/f6a2a4309f0561835797fd8c19b333ed\"},\"description\":\"La defensa del ex secretario de Organizaci\u00f3n del PSOE Santos Cerd\u00e1n ha solicitado su excarcelaci\u00f3n en un escrito en el que denuncia la existencia de una \u201ccausa general\u201d contra \u00e9l. \u201cNos encontramos claramente en el supuesto considerado por la jurisprudencia de investigaci\u00f3n prospectiva\u201d, dice el recurso firmado por su abogado Benet Salellas, que sostiene que \u201csiguen sin concretarse claramente\u201d las obras concretas o adjudicaciones en las que Cerd\u00e1n habr\u00eda tenido una participaci\u00f3n delictiva.\",\"breadcrumb\":{\"@id\":\"https:\/\/vof-news.eu\/es\/santos-cerdan-pide-salir-de-prision-y-denuncia-una-causa-general-contra-el\/#breadcrumb\"},\"inLanguage\":\"es\",\"potentialAction\":[{\"@type\":\"ReadAction\",\"target\":[\"https:\/\/vof-news.eu\/es\/santos-cerdan-pide-salir-de-prision-y-denuncia-una-causa-general-contra-el\/\"]}]},{\"@type\":\"ImageObject\",\"inLanguage\":\"es\",\"@id\":\"https:\/\/vof-news.eu\/es\/santos-cerdan-pide-salir-de-prision-y-denuncia-una-causa-general-contra-el\/#primaryimage\",\"url\":\"https:\/\/vof-news.eu\/wp-content\/uploads\/2025\/07\/b4db4ef7-7378-4285-96f6-30abb62c0195_16-9-discover-aspect-ratio_default_0.jpg\",\"contentUrl\":\"https:\/\/vof-news.eu\/wp-content\/uploads\/2025\/07\/b4db4ef7-7378-4285-96f6-30abb62c0195_16-9-discover-aspect-ratio_default_0.jpg\",\"width\":1200,\"height\":675},{\"@type\":\"BreadcrumbList\",\"@id\":\"https:\/\/vof-news.eu\/es\/santos-cerdan-pide-salir-de-prision-y-denuncia-una-causa-general-contra-el\/#breadcrumb\",\"itemListElement\":[{\"@type\":\"ListItem\",\"position\":1,\"name\":\"Home\",\"item\":\"https:\/\/vof-news.eu\/es\/\"},{\"@type\":\"ListItem\",\"position\":2,\"name\":\"Santos Cerd\u00e1n pide salir de prisi\u00f3n y denuncia una \u201ccausa general\u201d contra \u00e9l\"}]},{\"@type\":\"WebSite\",\"@id\":\"https:\/\/vof-news.eu\/es\/#website\",\"url\":\"https:\/\/vof-news.eu\/es\/\",\"name\":\"vof-news.eu\",\"description\":\"\",\"potentialAction\":[{\"@type\":\"SearchAction\",\"target\":{\"@type\":\"EntryPoint\",\"urlTemplate\":\"https:\/\/vof-news.eu\/es\/?s={search_term_string}\"},\"query-input\":\"required name=search_term_string\"}],\"inLanguage\":\"es\"},{\"@type\":\"Person\",\"@id\":\"https:\/\/vof-news.eu\/es\/#\/schema\/person\/f6a2a4309f0561835797fd8c19b333ed\",\"name\":\"Author\",\"image\":{\"@type\":\"ImageObject\",\"inLanguage\":\"es\",\"@id\":\"https:\/\/vof-news.eu\/es\/#\/schema\/person\/image\/\",\"url\":\"https:\/\/secure.gravatar.com\/avatar\/b67e614b1b25b3e9c0c239efdd2fde5ab015b5affd6f1c3c85911ca4b384e790?s=96&d=mm&r=g\",\"contentUrl\":\"https:\/\/secure.gravatar.com\/avatar\/b67e614b1b25b3e9c0c239efdd2fde5ab015b5affd6f1c3c85911ca4b384e790?s=96&d=mm&r=g\",\"caption\":\"Author\"},\"sameAs\":[\"http:\/\/vof-news.eu\"],\"url\":\"https:\/\/vof-news.eu\/es\/author\/zwt6qxnjulxbnyg\/\"}]}<\/script>\n<!-- \/ Yoast SEO plugin. -->","yoast_head_json":{"title":"Santos Cerd\u00e1n pide salir de prisi\u00f3n y denuncia una \u201ccausa general\u201d contra \u00e9l - vof-news.eu","description":"La defensa del ex secretario de Organizaci\u00f3n del PSOE Santos Cerd\u00e1n ha solicitado su excarcelaci\u00f3n en un escrito en el que denuncia la existencia de una \u201ccausa general\u201d contra \u00e9l. \u201cNos encontramos claramente en el supuesto considerado por la jurisprudencia de investigaci\u00f3n prospectiva\u201d, dice el recurso firmado por su abogado Benet Salellas, que sostiene que \u201csiguen sin concretarse claramente\u201d las obras concretas o adjudicaciones en las que Cerd\u00e1n habr\u00eda tenido una participaci\u00f3n delictiva.","robots":{"index":"noindex","follow":"follow","max-snippet":"max-snippet:-1","max-image-preview":"max-image-preview:large","max-video-preview":"max-video-preview:-1"},"og_locale":"es_ES","og_type":"article","og_title":"Santos Cerd\u00e1n pide salir de prisi\u00f3n y denuncia una \u201ccausa general\u201d contra \u00e9l - vof-news.eu","og_description":"La defensa del ex secretario de Organizaci\u00f3n del PSOE Santos Cerd\u00e1n ha solicitado su excarcelaci\u00f3n en un escrito en el que denuncia la existencia de una \u201ccausa general\u201d contra \u00e9l. \u201cNos encontramos claramente en el supuesto considerado por la jurisprudencia de investigaci\u00f3n prospectiva\u201d, dice el recurso firmado por su abogado Benet Salellas, que sostiene que \u201csiguen sin concretarse claramente\u201d las obras concretas o adjudicaciones en las que Cerd\u00e1n habr\u00eda tenido una participaci\u00f3n delictiva.","og_url":"https:\/\/vof-news.eu\/es\/santos-cerdan-pide-salir-de-prision-y-denuncia-una-causa-general-contra-el\/","og_site_name":"vof-news.eu","article_published_time":"2025-07-03T12:18:13+00:00","article_modified_time":"2025-07-03T12:18:42+00:00","og_image":[{"width":1200,"height":675,"url":"https:\/\/vof-news.eu\/wp-content\/uploads\/2025\/07\/b4db4ef7-7378-4285-96f6-30abb62c0195_16-9-discover-aspect-ratio_default_0.jpg","type":"image\/jpeg"}],"author":"Author","twitter_card":"summary_large_image","twitter_misc":{"Escrito por":"Author","Tiempo de lectura":"3 minutos"},"schema":{"@context":"https:\/\/schema.org","@graph":[{"@type":"WebPage","@id":"https:\/\/vof-news.eu\/es\/santos-cerdan-pide-salir-de-prision-y-denuncia-una-causa-general-contra-el\/","url":"https:\/\/vof-news.eu\/es\/santos-cerdan-pide-salir-de-prision-y-denuncia-una-causa-general-contra-el\/","name":"Santos Cerd\u00e1n pide salir de prisi\u00f3n y denuncia una \u201ccausa general\u201d contra \u00e9l - vof-news.eu","isPartOf":{"@id":"https:\/\/vof-news.eu\/es\/#website"},"primaryImageOfPage":{"@id":"https:\/\/vof-news.eu\/es\/santos-cerdan-pide-salir-de-prision-y-denuncia-una-causa-general-contra-el\/#primaryimage"},"image":{"@id":"https:\/\/vof-news.eu\/es\/santos-cerdan-pide-salir-de-prision-y-denuncia-una-causa-general-contra-el\/#primaryimage"},"thumbnailUrl":"https:\/\/vof-news.eu\/wp-content\/uploads\/2025\/07\/b4db4ef7-7378-4285-96f6-30abb62c0195_16-9-discover-aspect-ratio_default_0.jpg","datePublished":"2025-07-03T12:18:13+00:00","dateModified":"2025-07-03T12:18:42+00:00","author":{"@id":"https:\/\/vof-news.eu\/es\/#\/schema\/person\/f6a2a4309f0561835797fd8c19b333ed"},"description":"La defensa del ex secretario de Organizaci\u00f3n del PSOE Santos Cerd\u00e1n ha solicitado su excarcelaci\u00f3n en un escrito en el que denuncia la existencia de una \u201ccausa general\u201d contra \u00e9l. \u201cNos encontramos claramente en el supuesto considerado por la jurisprudencia de investigaci\u00f3n prospectiva\u201d, dice el recurso firmado por su abogado Benet Salellas, que sostiene que \u201csiguen sin concretarse claramente\u201d las obras concretas o adjudicaciones en las que Cerd\u00e1n habr\u00eda tenido una participaci\u00f3n delictiva.","breadcrumb":{"@id":"https:\/\/vof-news.eu\/es\/santos-cerdan-pide-salir-de-prision-y-denuncia-una-causa-general-contra-el\/#breadcrumb"},"inLanguage":"es","potentialAction":[{"@type":"ReadAction","target":["https:\/\/vof-news.eu\/es\/santos-cerdan-pide-salir-de-prision-y-denuncia-una-causa-general-contra-el\/"]}]},{"@type":"ImageObject","inLanguage":"es","@id":"https:\/\/vof-news.eu\/es\/santos-cerdan-pide-salir-de-prision-y-denuncia-una-causa-general-contra-el\/#primaryimage","url":"https:\/\/vof-news.eu\/wp-content\/uploads\/2025\/07\/b4db4ef7-7378-4285-96f6-30abb62c0195_16-9-discover-aspect-ratio_default_0.jpg","contentUrl":"https:\/\/vof-news.eu\/wp-content\/uploads\/2025\/07\/b4db4ef7-7378-4285-96f6-30abb62c0195_16-9-discover-aspect-ratio_default_0.jpg","width":1200,"height":675},{"@type":"BreadcrumbList","@id":"https:\/\/vof-news.eu\/es\/santos-cerdan-pide-salir-de-prision-y-denuncia-una-causa-general-contra-el\/#breadcrumb","itemListElement":[{"@type":"ListItem","position":1,"name":"Home","item":"https:\/\/vof-news.eu\/es\/"},{"@type":"ListItem","position":2,"name":"Santos Cerd\u00e1n pide salir de prisi\u00f3n y denuncia una \u201ccausa general\u201d contra \u00e9l"}]},{"@type":"WebSite","@id":"https:\/\/vof-news.eu\/es\/#website","url":"https:\/\/vof-news.eu\/es\/","name":"vof-news.eu","description":"","potentialAction":[{"@type":"SearchAction","target":{"@type":"EntryPoint","urlTemplate":"https:\/\/vof-news.eu\/es\/?s={search_term_string}"},"query-input":"required name=search_term_string"}],"inLanguage":"es"},{"@type":"Person","@id":"https:\/\/vof-news.eu\/es\/#\/schema\/person\/f6a2a4309f0561835797fd8c19b333ed","name":"Author","image":{"@type":"ImageObject","inLanguage":"es","@id":"https:\/\/vof-news.eu\/es\/#\/schema\/person\/image\/","url":"https:\/\/secure.gravatar.com\/avatar\/b67e614b1b25b3e9c0c239efdd2fde5ab015b5affd6f1c3c85911ca4b384e790?s=96&d=mm&r=g","contentUrl":"https:\/\/secure.gravatar.com\/avatar\/b67e614b1b25b3e9c0c239efdd2fde5ab015b5affd6f1c3c85911ca4b384e790?s=96&d=mm&r=g","caption":"Author"},"sameAs":["http:\/\/vof-news.eu"],"url":"https:\/\/vof-news.eu\/es\/author\/zwt6qxnjulxbnyg\/"}]}},"yoast_meta":{"yoast_wpseo_title":"","yoast_wpseo_metadesc":"","yoast_wpseo_canonical":""},"_links":{"self":[{"href":"https:\/\/vof-news.eu\/es\/wp-json\/wp\/v2\/posts\/246248","targetHints":{"allow":["GET"]}}],"collection":[{"href":"https:\/\/vof-news.eu\/es\/wp-json\/wp\/v2\/posts"}],"about":[{"href":"https:\/\/vof-news.eu\/es\/wp-json\/wp\/v2\/types\/post"}],"author":[{"embeddable":true,"href":"https:\/\/vof-news.eu\/es\/wp-json\/wp\/v2\/users\/1"}],"replies":[{"embeddable":true,"href":"https:\/\/vof-news.eu\/es\/wp-json\/wp\/v2\/comments?post=246248"}],"version-history":[{"count":1,"href":"https:\/\/vof-news.eu\/es\/wp-json\/wp\/v2\/posts\/246248\/revisions"}],"predecessor-version":[{"id":246255,"href":"https:\/\/vof-news.eu\/es\/wp-json\/wp\/v2\/posts\/246248\/revisions\/246255"}],"wp:featuredmedia":[{"embeddable":true,"href":"https:\/\/vof-news.eu\/es\/wp-json\/wp\/v2\/media\/246249"}],"wp:attachment":[{"href":"https:\/\/vof-news.eu\/es\/wp-json\/wp\/v2\/media?parent=246248"}],"wp:term":[{"taxonomy":"category","embeddable":true,"href":"https:\/\/vof-news.eu\/es\/wp-json\/wp\/v2\/categories?post=246248"},{"taxonomy":"post_tag","embeddable":true,"href":"https:\/\/vof-news.eu\/es\/wp-json\/wp\/v2\/tags?post=246248"}],"curies":[{"name":"wp","href":"https:\/\/api.w.org\/{rel}","templated":true}]}}