{"id":246240,"date":"2025-07-03T15:17:10","date_gmt":"2025-07-03T12:17:10","guid":{"rendered":"https:\/\/vof-news.eu\/maillo-cree-que-sanchez-atendera-las-peticiones-de-sumar-y-hablara-en-el-congreso-en-nombre-de-todo-el-gobierno\/"},"modified":"2025-07-03T15:17:41","modified_gmt":"2025-07-03T12:17:41","slug":"maillo-cree-que-sanchez-atendera-las-peticiones-de-sumar-y-hablara-en-el-congreso-en-nombre-de-todo-el-gobierno","status":"publish","type":"post","link":"https:\/\/vof-news.eu\/es\/maillo-cree-que-sanchez-atendera-las-peticiones-de-sumar-y-hablara-en-el-congreso-en-nombre-de-todo-el-gobierno\/","title":{"rendered":"Ma\u00edllo cree que S\u00e1nchez atender\u00e1 las peticiones de Sumar y hablar\u00e1 en el Congreso \u201cen nombre de todo el Gobierno\u201d"},"content":{"rendered":"<div>\n<p>\n        El coordinador general de Izquierda Unida, Antonio Ma\u00edllo, est\u00e1 convencido de que el presidente del Gobierno, Pedro S\u00e1nchez, hablar\u00e1 el pr\u00f3ximo 9 de julio, en su comparecencia en el Congreso, en nombre de las dos partes de la coalici\u00f3n progresista. Eso ser\u00e1 as\u00ed, ha dicho, porque el presidente incorporar\u00e1 las peticiones que los diferentes partidos de <a href=\"https:\/\/www.eldiario.es\/politica\/sumar-no-ve-avances-reunion-coalicion-gobierno-psoe-no-consciente-gravedad-caso_1_12432240.html\" rel=\"nofollow\">Sumar <\/a>le han trasladado al Partido Socialista para tratar de resolver la \u201cgrave crisis\u201d en la que se encuentra a su juicio el Ejecutivo tras el estallido del esc\u00e1ndalo de Santos Cerd\u00e1n.\n    <\/p>\n<p>\n        \u201cLa crisis es grave, el Gobierno est\u00e1 en una situaci\u00f3n complicada\u201d, ha dicho el l\u00edder de IU en declaraciones a los medios. \u201cPor eso en la comparecencia del pr\u00f3ximo 9 de julio, tiene que haber medidas que todo el mundo sienta que son proporcionales a este momento\u201d, ha dicho despu\u00e9s de la reuni\u00f3n que las formaciones de Sumar <a href=\"https:\/\/www.eldiario.es\/politica\/sumar-no-ve-avances-reunion-coalicion-gobierno-psoe-no-consciente-gravedad-caso_1_12432240.html\" rel=\"nofollow\">mantuvieron este mi\u00e9rcoles con el PSOE <\/a>para medir el estado de salud de la coalici\u00f3n progresista.\n    <\/p>\n<p>\n        El mensaje que sali\u00f3 por parte de Sumar es que el encuentro fue \u201cmal\u201d. El ministro de Cultura, Ernest Urtasun, asegur\u00f3 que el PSOE no es consciente de la \u201cgravedad de la situaci\u00f3n\u201d. Y le inst\u00f3 a salir del \u201cinmovilismo\u201d, a tomar medidas antes de la comparecencia que S\u00e1nchez dar\u00e1 en el Congreso para explicar todo lo relacionado con el caso de corrupci\u00f3n que afecta a su partido y que de momento ha dejado al ex n\u00famero tres socialista Santos Cerd\u00e1n <a href=\"https:\/\/www.eldiario.es\/politica\/santos-cerdan-pide-salir-prision-denuncia-causa-general_1_12435082.html\" rel=\"nofollow\">en prisi\u00f3n preventiva y sin fianza.<\/a>\n<\/p>\n<p>\n        Este jueves, la vicepresidenta segunda, Yolanda D\u00edaz, ha insistido en el mismo mensaje. \u201cAs\u00ed no se puede seguir. Cuando decimos que hay que pegar un giro es que hay que tomar medidas de regeneraci\u00f3n y en lo social. Cuando los dirigentes pol\u00edticos no perciben bien el momento pol\u00edtico en el que se encuentran, corren elevados riesgos. Antes del Comit\u00e9 Federal tienen que dar se\u00f1ales y si no hay un acuerdo previo con Sumar, en la comparecencia va a hablar en nombre del PSOE, no en nombre del Gobierno y de la coalici\u00f3n Sumar\u201d, ha advertido en declaraciones a los medios.\n    <\/p>\n<p>\n        Pero Ma\u00edllo se ha desmarcado ligeramente de ese mensaje, y en un tono m\u00e1s positivo \u2014ha pedido \u201cserenidad\u201d en un momento como el actual\u2014 se ha mostrado convencido de que el presidente s\u00ed atender\u00e1 las peticiones de los partidos de Sumar, aunque ha evitado usar ese nombre para la coalici\u00f3n.\n    <\/p>\n<p>\n        \u201cYo estoy convencido que en la comparecencia del 9 de julio el presidente S\u00e1nchez va a hablar en nombre de todo el Gobierno y por tanto, todas las partes del Gobierno nos vamos a sentir representadas por que se incorporen las peticiones que desde diferentes \u00e1mbitos de responsabilidad estamos abordando\u201d, ha se\u00f1alado el l\u00edder de IU.\n    <\/p>\n<p>\n        \u201cTodas las organizaciones queremos salir adelante con una respuesta que la gente sienta que es leg\u00edtima y reconecta con el Gobierno. Y estoy convencido que en estos d\u00edas, en esa suma de voluntades, se va a llegar a una buena propuesta de comparecencia que recupere la esperanza de quienes est\u00e1n en shock o decepcionados y necesitamos reconectar con ellos\u201d, ha insistido Ma\u00edllo sobre la comparecencia de S\u00e1nchez.\n    <\/p>\n<\/div>\n","protected":false},"excerpt":{"rendered":"<p>El coordinador general de Izquierda Unida, Antonio Ma\u00edllo, est\u00e1 convencido de que el presidente del Gobierno, Pedro S\u00e1nchez, hablar\u00e1 el pr\u00f3ximo 9 de julio, en su comparecencia en el Congreso, en nombre de las dos partes de la coalici\u00f3n progresista. Eso ser\u00e1 as\u00ed, ha dicho, porque el presidente incorporar\u00e1 las peticiones que los diferentes partidos<\/p>\n","protected":false},"author":1,"featured_media":246241,"comment_status":"open","ping_status":"open","sticky":false,"template":"","format":"standard","meta":{"footnotes":""},"categories":[71],"tags":[],"class_list":["post-246240","post","type-post","status-publish","format-standard","has-post-thumbnail","hentry","category-politics-es"],"acf":[],"yoast_head":"<!-- This site is optimized with the Yoast SEO plugin v22.9 - https:\/\/yoast.com\/wordpress\/plugins\/seo\/ -->\n<title>Ma\u00edllo cree que S\u00e1nchez atender\u00e1 las peticiones de Sumar y hablar\u00e1 en el Congreso \u201cen nombre de todo el Gobierno\u201d - vof-news.eu<\/title>\n<meta name=\"description\" content=\"El coordinador general de Izquierda Unida, Antonio Ma\u00edllo, est\u00e1 convencido de que el presidente del Gobierno, Pedro S\u00e1nchez, hablar\u00e1 el pr\u00f3ximo 9 de julio, en su comparecencia en el Congreso, en nombre de las dos partes de la coalici\u00f3n progresista. Eso ser\u00e1 as\u00ed, ha dicho, porque el presidente incorporar\u00e1 las peticiones que los diferentes partidos de Sumar le han trasladado al Partido Socialista para tratar de resolver la \u201cgrave crisis\u201d en la que se encuentra a su juicio el Ejecutivo tras el estallido del esc\u00e1ndalo de Santos Cerd\u00e1n.\" \/>\n<meta name=\"robots\" content=\"noindex, follow, max-snippet:-1, max-image-preview:large, max-video-preview:-1\" \/>\n<meta property=\"og:locale\" content=\"es_ES\" \/>\n<meta property=\"og:type\" content=\"article\" \/>\n<meta property=\"og:title\" content=\"Ma\u00edllo cree que S\u00e1nchez atender\u00e1 las peticiones de Sumar y hablar\u00e1 en el Congreso \u201cen nombre de todo el Gobierno\u201d - vof-news.eu\" \/>\n<meta property=\"og:description\" content=\"El coordinador general de Izquierda Unida, Antonio Ma\u00edllo, est\u00e1 convencido de que el presidente del Gobierno, Pedro S\u00e1nchez, hablar\u00e1 el pr\u00f3ximo 9 de julio, en su comparecencia en el Congreso, en nombre de las dos partes de la coalici\u00f3n progresista. Eso ser\u00e1 as\u00ed, ha dicho, porque el presidente incorporar\u00e1 las peticiones que los diferentes partidos de Sumar le han trasladado al Partido Socialista para tratar de resolver la \u201cgrave crisis\u201d en la que se encuentra a su juicio el Ejecutivo tras el estallido del esc\u00e1ndalo de Santos Cerd\u00e1n.\" \/>\n<meta property=\"og:url\" content=\"https:\/\/vof-news.eu\/es\/maillo-cree-que-sanchez-atendera-las-peticiones-de-sumar-y-hablara-en-el-congreso-en-nombre-de-todo-el-gobierno\/\" \/>\n<meta property=\"og:site_name\" content=\"vof-news.eu\" \/>\n<meta property=\"article:published_time\" content=\"2025-07-03T12:17:10+00:00\" \/>\n<meta property=\"article:modified_time\" content=\"2025-07-03T12:17:41+00:00\" \/>\n<meta property=\"og:image\" content=\"https:\/\/vof-news.eu\/wp-content\/uploads\/2025\/07\/94117d15-d5e9-4525-95e9-5b74d2281eb6_16-9-discover-aspect-ratio_default_0_x1779y508.jpg\" \/>\n\t<meta property=\"og:image:width\" content=\"1200\" \/>\n\t<meta property=\"og:image:height\" content=\"675\" \/>\n\t<meta property=\"og:image:type\" content=\"image\/jpeg\" \/>\n<meta name=\"author\" content=\"Author\" \/>\n<meta name=\"twitter:card\" content=\"summary_large_image\" \/>\n<meta name=\"twitter:label1\" content=\"Escrito por\" \/>\n\t<meta name=\"twitter:data1\" content=\"Author\" \/>\n\t<meta name=\"twitter:label2\" content=\"Tiempo de lectura\" \/>\n\t<meta name=\"twitter:data2\" content=\"3 minutos\" \/>\n<script type=\"application\/ld+json\" class=\"yoast-schema-graph\">{\"@context\":\"https:\/\/schema.org\",\"@graph\":[{\"@type\":\"WebPage\",\"@id\":\"https:\/\/vof-news.eu\/es\/maillo-cree-que-sanchez-atendera-las-peticiones-de-sumar-y-hablara-en-el-congreso-en-nombre-de-todo-el-gobierno\/\",\"url\":\"https:\/\/vof-news.eu\/es\/maillo-cree-que-sanchez-atendera-las-peticiones-de-sumar-y-hablara-en-el-congreso-en-nombre-de-todo-el-gobierno\/\",\"name\":\"Ma\u00edllo cree que S\u00e1nchez atender\u00e1 las peticiones de Sumar y hablar\u00e1 en el Congreso \u201cen nombre de todo el Gobierno\u201d - vof-news.eu\",\"isPartOf\":{\"@id\":\"https:\/\/vof-news.eu\/es\/#website\"},\"primaryImageOfPage\":{\"@id\":\"https:\/\/vof-news.eu\/es\/maillo-cree-que-sanchez-atendera-las-peticiones-de-sumar-y-hablara-en-el-congreso-en-nombre-de-todo-el-gobierno\/#primaryimage\"},\"image\":{\"@id\":\"https:\/\/vof-news.eu\/es\/maillo-cree-que-sanchez-atendera-las-peticiones-de-sumar-y-hablara-en-el-congreso-en-nombre-de-todo-el-gobierno\/#primaryimage\"},\"thumbnailUrl\":\"https:\/\/vof-news.eu\/wp-content\/uploads\/2025\/07\/94117d15-d5e9-4525-95e9-5b74d2281eb6_16-9-discover-aspect-ratio_default_0_x1779y508.jpg\",\"datePublished\":\"2025-07-03T12:17:10+00:00\",\"dateModified\":\"2025-07-03T12:17:41+00:00\",\"author\":{\"@id\":\"https:\/\/vof-news.eu\/es\/#\/schema\/person\/f6a2a4309f0561835797fd8c19b333ed\"},\"description\":\"El coordinador general de Izquierda Unida, Antonio Ma\u00edllo, est\u00e1 convencido de que el presidente del Gobierno, Pedro S\u00e1nchez, hablar\u00e1 el pr\u00f3ximo 9 de julio, en su comparecencia en el Congreso, en nombre de las dos partes de la coalici\u00f3n progresista. Eso ser\u00e1 as\u00ed, ha dicho, porque el presidente incorporar\u00e1 las peticiones que los diferentes partidos de Sumar le han trasladado al Partido Socialista para tratar de resolver la \u201cgrave crisis\u201d en la que se encuentra a su juicio el Ejecutivo tras el estallido del esc\u00e1ndalo de Santos Cerd\u00e1n.\",\"breadcrumb\":{\"@id\":\"https:\/\/vof-news.eu\/es\/maillo-cree-que-sanchez-atendera-las-peticiones-de-sumar-y-hablara-en-el-congreso-en-nombre-de-todo-el-gobierno\/#breadcrumb\"},\"inLanguage\":\"es\",\"potentialAction\":[{\"@type\":\"ReadAction\",\"target\":[\"https:\/\/vof-news.eu\/es\/maillo-cree-que-sanchez-atendera-las-peticiones-de-sumar-y-hablara-en-el-congreso-en-nombre-de-todo-el-gobierno\/\"]}]},{\"@type\":\"ImageObject\",\"inLanguage\":\"es\",\"@id\":\"https:\/\/vof-news.eu\/es\/maillo-cree-que-sanchez-atendera-las-peticiones-de-sumar-y-hablara-en-el-congreso-en-nombre-de-todo-el-gobierno\/#primaryimage\",\"url\":\"https:\/\/vof-news.eu\/wp-content\/uploads\/2025\/07\/94117d15-d5e9-4525-95e9-5b74d2281eb6_16-9-discover-aspect-ratio_default_0_x1779y508.jpg\",\"contentUrl\":\"https:\/\/vof-news.eu\/wp-content\/uploads\/2025\/07\/94117d15-d5e9-4525-95e9-5b74d2281eb6_16-9-discover-aspect-ratio_default_0_x1779y508.jpg\",\"width\":1200,\"height\":675},{\"@type\":\"BreadcrumbList\",\"@id\":\"https:\/\/vof-news.eu\/es\/maillo-cree-que-sanchez-atendera-las-peticiones-de-sumar-y-hablara-en-el-congreso-en-nombre-de-todo-el-gobierno\/#breadcrumb\",\"itemListElement\":[{\"@type\":\"ListItem\",\"position\":1,\"name\":\"Home\",\"item\":\"https:\/\/vof-news.eu\/es\/\"},{\"@type\":\"ListItem\",\"position\":2,\"name\":\"Ma\u00edllo cree que S\u00e1nchez atender\u00e1 las peticiones de Sumar y hablar\u00e1 en el Congreso \u201cen nombre de todo el Gobierno\u201d\"}]},{\"@type\":\"WebSite\",\"@id\":\"https:\/\/vof-news.eu\/es\/#website\",\"url\":\"https:\/\/vof-news.eu\/es\/\",\"name\":\"vof-news.eu\",\"description\":\"\",\"potentialAction\":[{\"@type\":\"SearchAction\",\"target\":{\"@type\":\"EntryPoint\",\"urlTemplate\":\"https:\/\/vof-news.eu\/es\/?s={search_term_string}\"},\"query-input\":\"required name=search_term_string\"}],\"inLanguage\":\"es\"},{\"@type\":\"Person\",\"@id\":\"https:\/\/vof-news.eu\/es\/#\/schema\/person\/f6a2a4309f0561835797fd8c19b333ed\",\"name\":\"Author\",\"image\":{\"@type\":\"ImageObject\",\"inLanguage\":\"es\",\"@id\":\"https:\/\/vof-news.eu\/es\/#\/schema\/person\/image\/\",\"url\":\"https:\/\/secure.gravatar.com\/avatar\/b67e614b1b25b3e9c0c239efdd2fde5ab015b5affd6f1c3c85911ca4b384e790?s=96&d=mm&r=g\",\"contentUrl\":\"https:\/\/secure.gravatar.com\/avatar\/b67e614b1b25b3e9c0c239efdd2fde5ab015b5affd6f1c3c85911ca4b384e790?s=96&d=mm&r=g\",\"caption\":\"Author\"},\"sameAs\":[\"http:\/\/vof-news.eu\"],\"url\":\"https:\/\/vof-news.eu\/es\/author\/zwt6qxnjulxbnyg\/\"}]}<\/script>\n<!-- \/ Yoast SEO plugin. -->","yoast_head_json":{"title":"Ma\u00edllo cree que S\u00e1nchez atender\u00e1 las peticiones de Sumar y hablar\u00e1 en el Congreso \u201cen nombre de todo el Gobierno\u201d - vof-news.eu","description":"El coordinador general de Izquierda Unida, Antonio Ma\u00edllo, est\u00e1 convencido de que el presidente del Gobierno, Pedro S\u00e1nchez, hablar\u00e1 el pr\u00f3ximo 9 de julio, en su comparecencia en el Congreso, en nombre de las dos partes de la coalici\u00f3n progresista. Eso ser\u00e1 as\u00ed, ha dicho, porque el presidente incorporar\u00e1 las peticiones que los diferentes partidos de Sumar le han trasladado al Partido Socialista para tratar de resolver la \u201cgrave crisis\u201d en la que se encuentra a su juicio el Ejecutivo tras el estallido del esc\u00e1ndalo de Santos Cerd\u00e1n.","robots":{"index":"noindex","follow":"follow","max-snippet":"max-snippet:-1","max-image-preview":"max-image-preview:large","max-video-preview":"max-video-preview:-1"},"og_locale":"es_ES","og_type":"article","og_title":"Ma\u00edllo cree que S\u00e1nchez atender\u00e1 las peticiones de Sumar y hablar\u00e1 en el Congreso \u201cen nombre de todo el Gobierno\u201d - vof-news.eu","og_description":"El coordinador general de Izquierda Unida, Antonio Ma\u00edllo, est\u00e1 convencido de que el presidente del Gobierno, Pedro S\u00e1nchez, hablar\u00e1 el pr\u00f3ximo 9 de julio, en su comparecencia en el Congreso, en nombre de las dos partes de la coalici\u00f3n progresista. Eso ser\u00e1 as\u00ed, ha dicho, porque el presidente incorporar\u00e1 las peticiones que los diferentes partidos de Sumar le han trasladado al Partido Socialista para tratar de resolver la \u201cgrave crisis\u201d en la que se encuentra a su juicio el Ejecutivo tras el estallido del esc\u00e1ndalo de Santos Cerd\u00e1n.","og_url":"https:\/\/vof-news.eu\/es\/maillo-cree-que-sanchez-atendera-las-peticiones-de-sumar-y-hablara-en-el-congreso-en-nombre-de-todo-el-gobierno\/","og_site_name":"vof-news.eu","article_published_time":"2025-07-03T12:17:10+00:00","article_modified_time":"2025-07-03T12:17:41+00:00","og_image":[{"width":1200,"height":675,"url":"https:\/\/vof-news.eu\/wp-content\/uploads\/2025\/07\/94117d15-d5e9-4525-95e9-5b74d2281eb6_16-9-discover-aspect-ratio_default_0_x1779y508.jpg","type":"image\/jpeg"}],"author":"Author","twitter_card":"summary_large_image","twitter_misc":{"Escrito por":"Author","Tiempo de lectura":"3 minutos"},"schema":{"@context":"https:\/\/schema.org","@graph":[{"@type":"WebPage","@id":"https:\/\/vof-news.eu\/es\/maillo-cree-que-sanchez-atendera-las-peticiones-de-sumar-y-hablara-en-el-congreso-en-nombre-de-todo-el-gobierno\/","url":"https:\/\/vof-news.eu\/es\/maillo-cree-que-sanchez-atendera-las-peticiones-de-sumar-y-hablara-en-el-congreso-en-nombre-de-todo-el-gobierno\/","name":"Ma\u00edllo cree que S\u00e1nchez atender\u00e1 las peticiones de Sumar y hablar\u00e1 en el Congreso \u201cen nombre de todo el Gobierno\u201d - vof-news.eu","isPartOf":{"@id":"https:\/\/vof-news.eu\/es\/#website"},"primaryImageOfPage":{"@id":"https:\/\/vof-news.eu\/es\/maillo-cree-que-sanchez-atendera-las-peticiones-de-sumar-y-hablara-en-el-congreso-en-nombre-de-todo-el-gobierno\/#primaryimage"},"image":{"@id":"https:\/\/vof-news.eu\/es\/maillo-cree-que-sanchez-atendera-las-peticiones-de-sumar-y-hablara-en-el-congreso-en-nombre-de-todo-el-gobierno\/#primaryimage"},"thumbnailUrl":"https:\/\/vof-news.eu\/wp-content\/uploads\/2025\/07\/94117d15-d5e9-4525-95e9-5b74d2281eb6_16-9-discover-aspect-ratio_default_0_x1779y508.jpg","datePublished":"2025-07-03T12:17:10+00:00","dateModified":"2025-07-03T12:17:41+00:00","author":{"@id":"https:\/\/vof-news.eu\/es\/#\/schema\/person\/f6a2a4309f0561835797fd8c19b333ed"},"description":"El coordinador general de Izquierda Unida, Antonio Ma\u00edllo, est\u00e1 convencido de que el presidente del Gobierno, Pedro S\u00e1nchez, hablar\u00e1 el pr\u00f3ximo 9 de julio, en su comparecencia en el Congreso, en nombre de las dos partes de la coalici\u00f3n progresista. Eso ser\u00e1 as\u00ed, ha dicho, porque el presidente incorporar\u00e1 las peticiones que los diferentes partidos de Sumar le han trasladado al Partido Socialista para tratar de resolver la \u201cgrave crisis\u201d en la que se encuentra a su juicio el Ejecutivo tras el estallido del esc\u00e1ndalo de Santos Cerd\u00e1n.","breadcrumb":{"@id":"https:\/\/vof-news.eu\/es\/maillo-cree-que-sanchez-atendera-las-peticiones-de-sumar-y-hablara-en-el-congreso-en-nombre-de-todo-el-gobierno\/#breadcrumb"},"inLanguage":"es","potentialAction":[{"@type":"ReadAction","target":["https:\/\/vof-news.eu\/es\/maillo-cree-que-sanchez-atendera-las-peticiones-de-sumar-y-hablara-en-el-congreso-en-nombre-de-todo-el-gobierno\/"]}]},{"@type":"ImageObject","inLanguage":"es","@id":"https:\/\/vof-news.eu\/es\/maillo-cree-que-sanchez-atendera-las-peticiones-de-sumar-y-hablara-en-el-congreso-en-nombre-de-todo-el-gobierno\/#primaryimage","url":"https:\/\/vof-news.eu\/wp-content\/uploads\/2025\/07\/94117d15-d5e9-4525-95e9-5b74d2281eb6_16-9-discover-aspect-ratio_default_0_x1779y508.jpg","contentUrl":"https:\/\/vof-news.eu\/wp-content\/uploads\/2025\/07\/94117d15-d5e9-4525-95e9-5b74d2281eb6_16-9-discover-aspect-ratio_default_0_x1779y508.jpg","width":1200,"height":675},{"@type":"BreadcrumbList","@id":"https:\/\/vof-news.eu\/es\/maillo-cree-que-sanchez-atendera-las-peticiones-de-sumar-y-hablara-en-el-congreso-en-nombre-de-todo-el-gobierno\/#breadcrumb","itemListElement":[{"@type":"ListItem","position":1,"name":"Home","item":"https:\/\/vof-news.eu\/es\/"},{"@type":"ListItem","position":2,"name":"Ma\u00edllo cree que S\u00e1nchez atender\u00e1 las peticiones de Sumar y hablar\u00e1 en el Congreso \u201cen nombre de todo el Gobierno\u201d"}]},{"@type":"WebSite","@id":"https:\/\/vof-news.eu\/es\/#website","url":"https:\/\/vof-news.eu\/es\/","name":"vof-news.eu","description":"","potentialAction":[{"@type":"SearchAction","target":{"@type":"EntryPoint","urlTemplate":"https:\/\/vof-news.eu\/es\/?s={search_term_string}"},"query-input":"required name=search_term_string"}],"inLanguage":"es"},{"@type":"Person","@id":"https:\/\/vof-news.eu\/es\/#\/schema\/person\/f6a2a4309f0561835797fd8c19b333ed","name":"Author","image":{"@type":"ImageObject","inLanguage":"es","@id":"https:\/\/vof-news.eu\/es\/#\/schema\/person\/image\/","url":"https:\/\/secure.gravatar.com\/avatar\/b67e614b1b25b3e9c0c239efdd2fde5ab015b5affd6f1c3c85911ca4b384e790?s=96&d=mm&r=g","contentUrl":"https:\/\/secure.gravatar.com\/avatar\/b67e614b1b25b3e9c0c239efdd2fde5ab015b5affd6f1c3c85911ca4b384e790?s=96&d=mm&r=g","caption":"Author"},"sameAs":["http:\/\/vof-news.eu"],"url":"https:\/\/vof-news.eu\/es\/author\/zwt6qxnjulxbnyg\/"}]}},"yoast_meta":{"yoast_wpseo_title":"","yoast_wpseo_metadesc":"","yoast_wpseo_canonical":""},"_links":{"self":[{"href":"https:\/\/vof-news.eu\/es\/wp-json\/wp\/v2\/posts\/246240","targetHints":{"allow":["GET"]}}],"collection":[{"href":"https:\/\/vof-news.eu\/es\/wp-json\/wp\/v2\/posts"}],"about":[{"href":"https:\/\/vof-news.eu\/es\/wp-json\/wp\/v2\/types\/post"}],"author":[{"embeddable":true,"href":"https:\/\/vof-news.eu\/es\/wp-json\/wp\/v2\/users\/1"}],"replies":[{"embeddable":true,"href":"https:\/\/vof-news.eu\/es\/wp-json\/wp\/v2\/comments?post=246240"}],"version-history":[{"count":1,"href":"https:\/\/vof-news.eu\/es\/wp-json\/wp\/v2\/posts\/246240\/revisions"}],"predecessor-version":[{"id":246247,"href":"https:\/\/vof-news.eu\/es\/wp-json\/wp\/v2\/posts\/246240\/revisions\/246247"}],"wp:featuredmedia":[{"embeddable":true,"href":"https:\/\/vof-news.eu\/es\/wp-json\/wp\/v2\/media\/246241"}],"wp:attachment":[{"href":"https:\/\/vof-news.eu\/es\/wp-json\/wp\/v2\/media?parent=246240"}],"wp:term":[{"taxonomy":"category","embeddable":true,"href":"https:\/\/vof-news.eu\/es\/wp-json\/wp\/v2\/categories?post=246240"},{"taxonomy":"post_tag","embeddable":true,"href":"https:\/\/vof-news.eu\/es\/wp-json\/wp\/v2\/tags?post=246240"}],"curies":[{"name":"wp","href":"https:\/\/api.w.org\/{rel}","templated":true}]}}